{"id":6653,"date":"2021-07-12T22:13:59","date_gmt":"2021-07-12T22:13:59","guid":{"rendered":"https:\/\/www.affinite.fr\/index.php\/2021\/07\/12\/vaccination-des-collegiens-et-lyceens-a-la-rentre\/"},"modified":"2021-07-12T22:13:59","modified_gmt":"2021-07-12T22:13:59","slug":"vaccination-des-collegiens-et-lyceens-a-la-rentre","status":"publish","type":"post","link":"http:\/\/www.affinite.fr\/index.php\/2021\/07\/12\/vaccination-des-collegiens-et-lyceens-a-la-rentre\/","title":{"rendered":"vaccination des coll\u00e9giens et lyc\u00e9ens \u00e0 la rentr\u00e9"},"content":{"rendered":"<p> [ad_1]<br \/>\n<br \/><img decoding=\"async\" src=\"https:\/\/img-3.journaldesfemmes.fr\/n_jyhXrcuHet6-gYC85ueSgGqrw=\/1280x\/smart\/5b6b955510e94b35b0201be60a3f6fa8\/ccmcms-jdf\/26233273.jpg\" \/><\/p>\n<p>\n                Nouveau protocole pour la rentr\u00e9e, vaccination des ados dans les coll\u00e8ges et les lyc\u00e9es&#8230; On fait le point sur les annonces concernant les \u00e9coliers de la maternelle au lyc\u00e9e.            <\/p>\n<div>\n<aside class=\"ccmsummary marqueur_module ccmcss_cms_summary ccmcss_cms_summary--right\">\n<p>Sommaire<\/p>\n<\/aside>\n<p style=\"text-align: justify;\"><strong>[Mise \u00e0 jour du 12 juillet \u00e0 21h25]. Emmanuel Macron a annonc\u00e9 de nouvelles mesures pour acc\u00e9l\u00e9rer la vaccination<\/strong> et lutter plus efficacement contre le variant Delta qui augmente consid\u00e9rablement le nombre de contamination en France et dans le monde. <strong>Les tests PCR seront payants d\u00e8s cet automne, la vaccination devient obligatoire pour les soignants <\/strong>et l&rsquo;ensemble des personnes aux contacts des plus fragiles, et <strong>le pass sanitaire est \u00e9tendu<\/strong> : d\u00e8s le 21 juillet dans les lieux de loisirs et de culture, et d\u00e8s le mois d&rsquo;ao\u00fbt dans les caf\u00e9s, restaurants, centres commerciaux, h\u00f4pitaux, maisons de retraite, \u00e9tablissements m\u00e9dicaux-sociaux ainsi que lors des voyages en avion, en train ou en car pour les trajets de longue distance.\u00a0En ce qui concerne les \u00e9l\u00e8ves, Emmanuel Macron a pr\u00e9cis\u00e9 que <strong>des campagnes de vaccination seront d\u00e9ploy\u00e9s dans les \u00e9tablissements scolaires d\u00e8s la rentr\u00e9e de septembre pour les coll\u00e9giens, les lyc\u00e9ens et les \u00e9tudiants<\/strong>. Rappelons qu&rsquo;un nouveau protocole sanitaire sera mis en place pour les \u00e9l\u00e8ves d\u00e8s l&rsquo;\u00e9cole primaire pour la rentr\u00e9e scolaire.\u00a0<\/p>\n<ul>\n<li style=\"text-align: justify;\">Dans son avis du 6\u00a0juillet, le Conseil scientifique rappelle que\u00a0le Comit\u00e9 consultatif national d&rsquo;\u00e9thique a donn\u00e9 un avis favorable mais nuanc\u00e9 \u00e0 la <strong>vaccination des ados<\/strong><em>, \u00ab\u00a0en insistant sur l&rsquo;importance de l&rsquo;explication et du consentement \u00e0 obtenir des adolescents<\/em>\u00ab\u00a0.\u00a0En ce qui concerne les enfants de moins de 12\u00a0ans,\u00a0ce n&rsquo;est \u00ab\u00a0pas \u00e0 l&rsquo;ordre du jour compte tenu de l&rsquo;absence de donn\u00e9es\u00a0\u00bb qui devraient \u00eatre disponibles en septembre, pr\u00e9cise le Conseil scientifique.<\/li>\n<li style=\"text-align: justify;\"><strong>L&rsquo;Education Nationale encourage les professeurs \u00e0 \u00e9voquer la vaccination \u00e0 l&rsquo;\u00e9cole<\/strong>. Afin de pr\u00e9parer l&rsquo;entr\u00e9e en vigueur de la vaccination des adolescents, le minist\u00e8re de l&rsquo;Education nationale a mis au point un <a href=\"https:\/\/eduscol.education.fr\/2792\/vaccination-des-jeunes-de-12-18-ans\" target=\"_blank\" rel=\"noopener noreferrer\">guide r\u00e9serv\u00e9 aux professeurs pour aider les jeunes \u00e0 prendre leur d\u00e9cision<\/a>\u00a0et se forger leur propre opinion sur la vaccination.\u00a0\u00ab\u00a0<em>La d\u00e9marche de se faire vacciner reste un choix personnel, dans le respect de l&rsquo;autorit\u00e9 parentale pour les mineurs. L&rsquo;\u00c9ducation nationale doit toutefois, sans \u00eatre prescriptive, contribuer \u00e0 \u00e9clairer cette d\u00e9cision\u00a0\u00bb<\/em> pr\u00e9cise le minist\u00e8re de l&rsquo;Education.\u00a0\u00ab\u00a0Les enseignants qui le souhaitent sont invit\u00e9s, en cette fin d&rsquo;ann\u00e9e scolaire, \u00e0 animer un d\u00e9bat au sein de leur classe en pr\u00e9sentant les avantages et les inconv\u00e9nients, directs et indirects, de la vaccination en g\u00e9n\u00e9ral, et contre la Covid-19\u00a0en particulier\u00a0\u00bb. Concr\u00e8tement, les professeurs peuvent s&rsquo;appuyer sur 8\u00a0cartes qui correspondent\u00a0\u00e0 un personnage historique ou non, catalogu\u00e9s comme \u00ab\u00a0Sans \u00e9tats d&rsquo;\u00e2me\u00a0\u00bb ou \u00ab\u00a0Avec des \u00e9tats d&rsquo;\u00e2me\u00a0\u00bb: on trouve parmi eux Aristote, un statisticien, une jeune femme non-vaccin\u00e9e, une personne anti-vaccin. Les enseignants\u00a0peuvent reprendre leurs arguments afin de\u00a0souligner leurs forces et leurs faiblesses\u00a0et permettre aux adolescents de d\u00e9velopper leur propre avis. Dans un second document, le minist\u00e8re donne l&rsquo;exemple d&rsquo;un d\u00e9bat si l&rsquo;enseignant d\u00e9cide de s&rsquo;attarder sur le sujet.<\/li>\n<li style=\"text-align: justify;\"><b>L&rsquo;accord des deux parents pour la vaccination des ados.<\/b>\u00a0Depuis\u00a0ce 15\u00a0juin,<strong>\u00a0les adolescents de 12\u00a0\u00e0 18\u00a0ans peuvent se faire vacciner contre la Covid-19<\/strong>, sur la base du volontariat, avec <strong>l&rsquo;accord des deux parents<\/strong>. Il s&rsquo;agira du <a href=\"https:\/\/sante.journaldesfemmes.fr\/fiches-maladies\/2687339-vaccin-pfizer-biontech-cominarty-covid-2-eme-dose-intervalle-effet-secondaire-composition-rappel\/\" title=\"Vaccin Covid de Pfizer\">vaccin Pfizer<\/a> qui sera inject\u00e9 dans des centres de vaccination. Par ailleurs, si un seul des deux parents est pr\u00e9sent lors de la vaccination, celui-ci s&rsquo;engage sur l&rsquo;honneur \u00e0 ce que l&rsquo;autre parent ait donn\u00e9 son autorisation.\u00a0\u00ab\u00a0Toute d\u00e9claration ou information qui s&rsquo;av\u00e9rerait erron\u00e9e ult\u00e9rieurement engage sa seule responsabilit\u00e9\u00a0\u00bb, pr\u00e9cise le document.\u00a0<a href=\"https:\/\/solidarites-sante.gouv.fr\/IMG\/pdf\/fiche_-_autorisation_parentale_vaccin_covid-19.pdf\" target=\"_blank\" rel=\"noopener noreferrer\">T\u00e9l\u00e9charger l&rsquo;autorisation parentale pour la vaccination de 12-18\u00a0ans<\/a>.<\/li>\n<\/ul>\n<ul>\n<li style=\"text-align: justify;\"><strong>Vers la fin du port du masque en classe ?\u00a0<\/strong>Ce\u00a016 juin, Jean Castex a annonc\u00e9 la lev\u00e9e de l&rsquo;obligation du port du masque en ext\u00e9rieur \u00e0 compter du\u00a017 juin. Cette mesure concerne aussi les \u00e9l\u00e8ves dans les cours de r\u00e9cr\u00e9ation, suite \u00e0 un avis favorable de la Haute Autorit\u00e9 de Sant\u00e9.\u00a0<\/li>\n<li style=\"text-align: justify;\"><strong>La\u00a0Soci\u00e9t\u00e9 Fran\u00e7aise de P\u00e9diatrie r\u00e9clame\u00a0la fin du masque en classe \u00e0 l&rsquo;\u00e9cole primaire<\/strong>.\u00a0Dans un <a href=\"https:\/\/www.sfpediatrie.com\/actualites\/communique-sfp-afpa-cnpp-finir-lannee-scolaire-sourire\" target=\"_blank\" rel=\"noopener noreferrer\">communiqu\u00e9 du 17 juin<\/a>, les p\u00e9diatres souhaitent que cette lev\u00e9e de l&rsquo;obligation du port du masque soit aussi valable en int\u00e9rieur \u00e0 l&rsquo;\u00e9cole primaire.\u00a0Les sp\u00e9cialistes estiment qu&rsquo;en raison des fortes chaleurs, le port du masque est devenu p\u00e9nible pour les \u00e9l\u00e8ves et que \u00ab\u00a0terminer l&rsquo;ann\u00e9e scolaire\u00a0\u00ab\u00a0d\u00e9masqu\u00e9s\u00a0\u00bb serait \u00e9galement un message positif et apaisant pour des enfants tr\u00e8s peu concern\u00e9s par les effets directs de la Covid\u00a0mais qui \u00a0ont pourtant subi fortement les effets indirects sur leur sant\u00e9 mentale\u00a0\u00bb, pr\u00e9cise la soci\u00e9t\u00e9 savante.\u00a0<\/li>\n<\/ul>\n<ul>\n<li><strong>Pour l&rsquo;heure, le <a href=\"https:\/\/www.journaldesfemmes.fr\/maman\/guide-des-parents\/2633929-masque-ecole-obligatoire-recreation-classe-rentree\/\" title=\"Masque \u00e0 l'\u00e9cole\">masque \u00e0 l&rsquo;\u00e9cole<\/a> est obligatoire pour les enfants d\u00e8s l&rsquo;\u00e2ge de 6\u00a0ans<\/strong> et pour le personnel de l&rsquo;Education nationale.\u00a0Suite \u00e0 l&rsquo;apparition de <a href=\"https:\/\/sante.journaldesfemmes.fr\/fiches-maladies\/2685453-mutation-covid-variant-france-symptomes-liste-inde-delta-anglais-bresilien-dangereux-vaccin-nouveau\/\" title=\"Variant de la Covid\">variants<\/a>, seuls les<strong> masques \u00ab\u00a0grand public&rsquo; de cat\u00e9gorie 1 <\/strong>sont autoris\u00e9s.\u00a0<\/li>\n<\/ul>\n<h3 style=\"text-align: justify;\">\u00a0<\/h3>\n<ul>\n<li style=\"text-align: justify;\"><strong>Un forfait psy pour les enfants<\/strong>.\u00a0Le forfait psy, avec dix s\u00e9ances pr\u00e9pay\u00e9es pour les enfants \u00e2g\u00e9s de 3\u00a0\u00e0 17\u00a0ans, affect\u00e9s par la crise sanitaire est \u00ab\u00a0op\u00e9rationnel\u00a0\u00bb a pr\u00e9cis\u00e9 Olivier V\u00e9ran. Pour y avoir droit, l&rsquo;enfant doit b\u00e9n\u00e9ficier d&rsquo;une ordonnance avant le 31\u00a0octobre 2021\u00a0et les s\u00e9ances de suivi chez le psy devront ensuite \u00eatre r\u00e9alis\u00e9es avant le 31\u00a0janvier 2022.<\/li>\n<\/ul>\n<p style=\"text-align: justify;\"><strong>Un nouveau <a href=\"https:\/\/www.journaldesfemmes.fr\/maman\/guide-des-parents\/2638931-protocole-sanitaire-ecoles-rentree-septembre-2021\/\" title=\"Protocole sanitaire \u00e0 l'\u00e9cole\">protocole sanitaire \u00e0 l&rsquo;\u00e9cole<\/a> sera propos\u00e9 d\u00e9but juillet<\/strong> afin de prendre de nouvelles mesures adapt\u00e9es pour la rentr\u00e9e scolaire 2021. Cette nouvelle version sera d\u00e9voil\u00e9e mi-juillet, et les d\u00e9cisions seront prises fin ao\u00fbt, a pr\u00e9cis\u00e9 Jean-Michel Blanquer ce 17\u00a0juin sur France Inter. \u00ab\u00a0<em><strong>Le protocole sanitaire sera \u00e9labor\u00e9 au cours des premiers jours de juillet<\/strong>, quand on aura tout le retour d&rsquo;exp\u00e9rience de l&rsquo;ann\u00e9e actuelle, le travail avec les autorit\u00e9s de sant\u00e9, nous sommes tr\u00e8s li\u00e9s avec la Haute autorit\u00e9 de sant\u00e9 publique pour l&rsquo;\u00e9laboration d&rsquo;un tel protocole<\/em>\u00ab\u00a0. Les premi\u00e8res grandes lignes seront d\u00e9voil\u00e9es environ deux mois avant la rentr\u00e9e scolaire.<em>\u00a0\u00ab\u00a0On peut imaginer une rentr\u00e9e non masqu\u00e9e dans les classes, je l&rsquo;esp\u00e8re de tout c\u0153ur, \u00e7a ne veut pas dire que c&rsquo;est certain et m\u00eame en juillet ce ne sera pas d\u00e9fini, c&rsquo;est fin ao\u00fbt qu&rsquo;on d\u00e9cidera de cela\u00a0\u00bb<\/em>, a-t-il ajout\u00e9.<\/p>\n<aside id=\"NL_221235002\" class=\"newsletter_subscription jNlBlock\"><noscript><br \/>\n            <\/noscript><\/p>\n<h3 class=\"newsletter_subscription-title\">Newsletter <\/h3>\n<p><a href=\"\/\/mailing.ccmbg.com\/archive\/last-85\" target=\"_blank\" class=\"a_hover\" rel=\"noopener noreferrer\">Voir un exemple<\/a><\/p>\n<\/aside>\n<p><span style=\"font-size: 1rem;\">Repas \u00e0 un euro, ch\u00e8ques psy, aide \u00e0 l&#8217;emploi&#8230;\u00a0Le gouvernement a mis en place certaines aides pour venir en aide \u00e0 la jeunesse touch\u00e9e par la crise sanitaire.<\/span><\/p>\n<\/p><\/div>\n<p>[ad_2]<br \/>\n<br \/><a href=\"https:\/\/www.journaldesfemmes.fr\/maman\/enfant-et-ado\/1849367-ecole-covid-vaccination-collegiens-et-lyceens-rentree\/\">Source link <\/a><\/p>\n","protected":false},"excerpt":{"rendered":"<p>[ad_1] Nouveau protocole pour la rentr\u00e9e, vaccination des ados dans les coll\u00e8ges et les lyc\u00e9es&#8230; On fait le point sur &hellip; <a href=\"http:\/\/www.affinite.fr\/index.php\/2021\/07\/12\/vaccination-des-collegiens-et-lyceens-a-la-rentre\/\" class=\"more-link\">Plus <span class=\"screen-reader-text\">vaccination des coll\u00e9giens et lyc\u00e9ens \u00e0 la rentr\u00e9<\/span> <span class=\"meta-nav\">&rarr;<\/span><\/a><\/p>\n","protected":false},"author":1,"featured_media":6654,"comment_status":"open","ping_status":"open","sticky":false,"template":"","format":"standard","meta":{"_sitemap_exclude":false,"_sitemap_priority":"","_sitemap_frequency":"","footnotes":""},"categories":[1],"tags":[],"class_list":["post-6653","post","type-post","status-publish","format-standard","has-post-thumbnail","hentry","category-tous"],"_links":{"self":[{"href":"http:\/\/www.affinite.fr\/index.php\/wp-json\/wp\/v2\/posts\/6653"}],"collection":[{"href":"http:\/\/www.affinite.fr\/index.php\/wp-json\/wp\/v2\/posts"}],"about":[{"href":"http:\/\/www.affinite.fr\/index.php\/wp-json\/wp\/v2\/types\/post"}],"author":[{"embeddable":true,"href":"http:\/\/www.affinite.fr\/index.php\/wp-json\/wp\/v2\/users\/1"}],"replies":[{"embeddable":true,"href":"http:\/\/www.affinite.fr\/index.php\/wp-json\/wp\/v2\/comments?post=6653"}],"version-history":[{"count":0,"href":"http:\/\/www.affinite.fr\/index.php\/wp-json\/wp\/v2\/posts\/6653\/revisions"}],"wp:featuredmedia":[{"embeddable":true,"href":"http:\/\/www.affinite.fr\/index.php\/wp-json\/wp\/v2\/media\/6654"}],"wp:attachment":[{"href":"http:\/\/www.affinite.fr\/index.php\/wp-json\/wp\/v2\/media?parent=6653"}],"wp:term":[{"taxonomy":"category","embeddable":true,"href":"http:\/\/www.affinite.fr\/index.php\/wp-json\/wp\/v2\/categories?post=6653"},{"taxonomy":"post_tag","embeddable":true,"href":"http:\/\/www.affinite.fr\/index.php\/wp-json\/wp\/v2\/tags?post=6653"}],"curies":[{"name":"wp","href":"https:\/\/api.w.org\/{rel}","templated":true}]}}