{"id":6605,"date":"2021-07-01T22:03:24","date_gmt":"2021-07-01T22:03:24","guid":{"rendered":"https:\/\/www.affinite.fr\/index.php\/2021\/07\/01\/macron-parle-aux-femmes-crop-top-ivg-conge-paternite\/"},"modified":"2021-07-01T22:03:24","modified_gmt":"2021-07-01T22:03:24","slug":"macron-parle-aux-femmes-crop-top-ivg-conge-paternite","status":"publish","type":"post","link":"http:\/\/www.affinite.fr\/index.php\/2021\/07\/01\/macron-parle-aux-femmes-crop-top-ivg-conge-paternite\/","title":{"rendered":"Macron\u00a0parle aux Femmes\u00a0: Crop-top, IVG, Cong\u00e9 Paternit\u00e9&#8230;"},"content":{"rendered":"<p> [ad_1]<br \/>\n<br \/><img decoding=\"async\" src=\"https:\/\/img-3.journaldesfemmes.fr\/F2YtWHCmStj5E2BmgQmx1yAgGo4=\/1280x\/smart\/4b155ee2284047378c815761340d6585\/ccmcms-jdf\/25937984.jpg\" \/><\/p>\n<p>\n                Crop-top \u00e0 l&rsquo;\u00e9cole, allongement du d\u00e9lai d&rsquo;IVG, Cong\u00e9 paternit\u00e9: Emmanuel Macron a donn\u00e9 son avis (bien tranch\u00e9) sur ces th\u00e9matiques de soci\u00e9t\u00e9 et a \u00e9voqu\u00e9 les droits des femmes aupr\u00e8s de ELLE, \u00e0 l&rsquo;occasion du Forum G\u00e9n\u00e9ration \u00c9galit\u00e9&#8230;            <\/p>\n<div>\n<p>\u00ab\u00a0<em>Je me revendique f\u00e9ministe<\/em>\u00ab\u00a0. <strong><a href=\"https:\/\/www.journaldesfemmes.fr\/people\/emmanuel-macron\/\" title=\"Emmanuel Macron\">Emmanuel Macron<\/a><\/strong>, qui avait \u00e9rig\u00e9 <strong>l&rsquo;\u00e9galit\u00e9 femmes-hommes<\/strong> en grande cause de son quinquennat en 2017, se pose en d\u00e9fenseur des <strong>droits de la gent f\u00e9minine<\/strong> dans une interview exclusive donn\u00e9e \u00e0 <em>ELLE<\/em>, \u00e0 l&rsquo;occasion du Forum G\u00e9n\u00e9ration \u00c9galit\u00e9, qui s&rsquo;est tenu au Carrousel du Louvre, le 29\u00a0juin. Violences faite aux femmes, crop-top \u00e0 l&rsquo;\u00e9cole, <a href=\"https:\/\/www.journaldesfemmes.fr\/maman\/guide-allocations-et-droits\/2071256-conge-paternite-2021-allongement-28-jours-1er-juillet-temoignages\/\" title=\"Cong\u00e9 paternit\u00e9\">cong\u00e9 paternit\u00e9<\/a> ou allongement du d\u00e9lai de l&rsquo;avortement: le pr\u00e9sident de la R\u00e9publique s&rsquo;est exprim\u00e9 sur ces th\u00e9matiques qui cristallisent parfois les tensions et leurs \u00ab\u00a0<em>avanc\u00e9es<\/em>\u00ab\u00a0.<\/p>\n<h2>Violences faites aux femmes : Macron souligne des \u00ab\u00a0avanc\u00e9es\u00a0\u00bb<\/h2>\n<p>Le pr\u00e9sident de la R\u00e9publique a d&rsquo;abord \u00e9voqu\u00e9 le domaine des\u00a0<strong>violences faite aux femmes<\/strong>, sur lesquelles il affirme avoir r\u00e9alis\u00e9 des \u00ab\u00a0<strong><em>avanc\u00e9es<\/em><\/strong>\u00ab\u00a0, bien que certaines mesures, telles que le <strong>bracelet anti-rapprochement<\/strong>, n&rsquo;aient pas encore \u00e9t\u00e9 appliqu\u00e9es de mani\u00e8re optimale. \u00ab\u00a0<em>Avant, le mot &lsquo;<strong>f\u00e9minicide<\/strong>&lsquo; n&rsquo;existait pas dans la sph\u00e8re politique. Jeune fonctionnaire, en pr\u00e9fecture, on me parlait de &lsquo;<strong>violences familiales<\/strong>&lsquo;. C&rsquo;\u00e9tait un continent cach\u00e9. Maintenant qu&rsquo;il est visible, il ne faut pas consid\u00e9rer que le combat est fini. En parler, le d\u00e9noncer et donner aux femmes les moyens d&rsquo;alerter, comme on l&rsquo;a fait dans <strong>les supermarch\u00e9s, les pharmacies, avec des num\u00e9ros d&rsquo;urgence<\/strong>, c&rsquo;est tr\u00e8s important<\/em>\u00ab\u00a0, a-t-il pr\u00e9cis\u00e9.<\/p>\n<h2>Allongement du d\u00e9lai d&rsquo;IVG<\/h2>\n<p>Le chef de l&rsquo;Etat s&rsquo;est \u00e9galement exprim\u00e9 sur la proposition de <strong>l&rsquo;allongement \u00e0 16\u00a0semaines du d\u00e9lai d&rsquo;IVG<\/strong>. Et il a un avis bien tranch\u00e9 sur la question: <em>\u00ab\u00a0Je n&rsquo;y suis pas favorable. Chaque ann\u00e9e, <strong>4000\u00a0\u00e0 5000\u00a0femmes<\/strong> vont \u00e0 l&rsquo;\u00e9tranger pour pouvoir le faire, mais c&rsquo;est avant tout le signe d&rsquo;un <strong>\u00e9chec de notre prise en charge<\/strong><\/em>\u00ab\u00a0.<\/p>\n<h2>Crop-top \u00e0 l&rsquo;\u00e9cole : pour ou contre ?<\/h2>\n<p>Quant \u00e0 la question du <strong>crop-top \u00e0 l&rsquo;\u00e9cole<\/strong>, qui avait fait pol\u00e9mique en d\u00e9but d&rsquo;ann\u00e9e, Emmanuel Macron a \u00e9mis des r\u00e9serves. \u00ab\u00a0<em>\u00c0 l&rsquo;\u00e9cole, je suis plut\u00f4t <strong>&lsquo;tenue d\u00e9cente exig\u00e9e<\/strong>&lsquo;, aussi bien pour les filles que pour les gar\u00e7ons. Tout ce qui vous renvoie \u00e0 une identit\u00e9, une volont\u00e9 de choquer ou d&rsquo;exister n&rsquo;a pas sa place \u00e0 l&rsquo;\u00e9cole. On peut tenir compte de la part de fantaisie d&rsquo;un ado et <strong>tenir bon sur certains principes<\/strong><\/em>\u00ab\u00a0, a affirm\u00e9 le pr\u00e9sident de la R\u00e9publique.\u00a0<\/p>\n<h2>Cong\u00e9 paternit\u00e9 : ce ministre qui a (failli) le poser<\/h2>\n<p>Alors que le cong\u00e9 paternit\u00e9 passe <strong>d\u00e9sormais de 14\u00a0\u00e0 28\u00a0jours<\/strong>, Emmanuel Macron s&rsquo;est f\u00e9licit\u00e9 de cette \u00ab\u00a0<strong><em>avanc\u00e9e soci\u00e9tale majeure<\/em><\/strong>\u00ab\u00a0: \u00ab\u00a0<em>Avoir le<strong> p\u00e8re pr\u00e9sent d\u00e8s la naissance<\/strong>, cela va permettre de poser les bases d&rsquo;une<strong> r\u00e9partition \u00e9quilibr\u00e9e des responsabilit\u00e9s familiales<\/strong> d\u00e8s le d\u00e9part<\/em>\u00ab\u00a0.<br \/>Il a d&rsquo;ailleurs pr\u00e9cis\u00e9 qu&rsquo;il \u00ab\u00a0<em>incitait<\/em>\u00a0\u00bb ses ministres \u00e0 prendre leur <strong>cong\u00e9 paternit\u00e9<\/strong>: \u00ab\u00a0<em>Le ministre de l&rsquo;Int\u00e9rieur <\/em>(G\u00e9rald Darmanin, ndlr)<em> m&rsquo;avait \u00e9crit pour poser son cong\u00e9 paternit\u00e9, mais il a \u00e9t\u00e9 rattrap\u00e9 par l&rsquo;actualit\u00e9, apr\u00e8s un attentat<\/em>\u00ab\u00a0.\u00a0<\/p>\n<h2>Une promotion de d\u00e9fenseure des droits des femmes<\/h2>\n<aside id=\"NL_457855210\" class=\"newsletter_subscription jNlBlock\"><noscript><br \/>\n            <\/noscript><\/p>\n<h3 class=\"newsletter_subscription-title\">Newsletter <\/h3>\n<p><a href=\"\/\/mailing.ccmbg.com\/archive\/last-85\" target=\"_blank\" class=\"a_hover\" rel=\"noopener noreferrer\">Voir un exemple<\/a><\/p>\n<\/aside>\n<p>Enfin, l&rsquo;\u00e9poux de <a href=\"https:\/\/www.journaldesfemmes.fr\/people\/personnalites\/2559562-brigitte-macron\/\" title=\"Brigitte Trogneux\">Brigitte Macron<\/a> a annonc\u00e9 qu&rsquo;il allait cr\u00e9er une<strong> promotion de d\u00e9fenseure des droits des femmes<\/strong>, qui permettra d&rsquo;accueillir \u00ab\u00a0<em>en France une quinzaine de ces combattantes pour soutenir leur engagement, les reconna\u00eetre et les prot\u00e9ger<\/em>\u00ab\u00a0.<\/p>\n<\/p><\/div>\n<p>[ad_2]<br \/>\n<br \/><a href=\"https:\/\/www.journaldesfemmes.fr\/societe\/agir\/2728165-macron-crop-top-delai-ivg-conge-paternite\/\">Source link <\/a><\/p>\n","protected":false},"excerpt":{"rendered":"<p>[ad_1] Crop-top \u00e0 l&rsquo;\u00e9cole, allongement du d\u00e9lai d&rsquo;IVG, Cong\u00e9 paternit\u00e9: Emmanuel Macron a donn\u00e9 son avis (bien tranch\u00e9) sur ces &hellip; <a href=\"http:\/\/www.affinite.fr\/index.php\/2021\/07\/01\/macron-parle-aux-femmes-crop-top-ivg-conge-paternite\/\" class=\"more-link\">Plus <span class=\"screen-reader-text\">Macron\u00a0parle aux Femmes\u00a0: Crop-top, IVG, Cong\u00e9 Paternit\u00e9&#8230;<\/span> <span class=\"meta-nav\">&rarr;<\/span><\/a><\/p>\n","protected":false},"author":1,"featured_media":6606,"comment_status":"open","ping_status":"open","sticky":false,"template":"","format":"standard","meta":{"_sitemap_exclude":false,"_sitemap_priority":"","_sitemap_frequency":"","footnotes":""},"categories":[1],"tags":[],"class_list":["post-6605","post","type-post","status-publish","format-standard","has-post-thumbnail","hentry","category-tous"],"_links":{"self":[{"href":"http:\/\/www.affinite.fr\/index.php\/wp-json\/wp\/v2\/posts\/6605"}],"collection":[{"href":"http:\/\/www.affinite.fr\/index.php\/wp-json\/wp\/v2\/posts"}],"about":[{"href":"http:\/\/www.affinite.fr\/index.php\/wp-json\/wp\/v2\/types\/post"}],"author":[{"embeddable":true,"href":"http:\/\/www.affinite.fr\/index.php\/wp-json\/wp\/v2\/users\/1"}],"replies":[{"embeddable":true,"href":"http:\/\/www.affinite.fr\/index.php\/wp-json\/wp\/v2\/comments?post=6605"}],"version-history":[{"count":0,"href":"http:\/\/www.affinite.fr\/index.php\/wp-json\/wp\/v2\/posts\/6605\/revisions"}],"wp:featuredmedia":[{"embeddable":true,"href":"http:\/\/www.affinite.fr\/index.php\/wp-json\/wp\/v2\/media\/6606"}],"wp:attachment":[{"href":"http:\/\/www.affinite.fr\/index.php\/wp-json\/wp\/v2\/media?parent=6605"}],"wp:term":[{"taxonomy":"category","embeddable":true,"href":"http:\/\/www.affinite.fr\/index.php\/wp-json\/wp\/v2\/categories?post=6605"},{"taxonomy":"post_tag","embeddable":true,"href":"http:\/\/www.affinite.fr\/index.php\/wp-json\/wp\/v2\/tags?post=6605"}],"curies":[{"name":"wp","href":"https:\/\/api.w.org\/{rel}","templated":true}]}}