{"id":6603,"date":"2021-07-01T17:33:23","date_gmt":"2021-07-01T17:33:23","guid":{"rendered":"https:\/\/www.affinite.fr\/index.php\/2021\/07\/01\/quels-sont-les-bienfaits-du-jus-de-celeri-branche\/"},"modified":"2021-07-01T17:33:23","modified_gmt":"2021-07-01T17:33:23","slug":"quels-sont-les-bienfaits-du-jus-de-celeri-branche","status":"publish","type":"post","link":"http:\/\/www.affinite.fr\/index.php\/2021\/07\/01\/quels-sont-les-bienfaits-du-jus-de-celeri-branche\/","title":{"rendered":"Quels sont les bienfaits du jus de c\u00e9leri branche ?"},"content":{"rendered":"<p> [ad_1]<br \/>\n<\/p>\n<div>\n<p>Avez-vous entendu parler du <strong>jus de c\u00e9leri branche<\/strong> ? D\u2019o\u00f9 vient cet engouement sur les r\u00e9seaux sociaux ? Qui est \u00e0 l\u2019origine de ce ph\u00e9nom\u00e8ne ? J\u2019ai test\u00e9 pour vous une cure de 3 mois de jus de c\u00e9leri, je vous explique en vid\u00e9o mon ressenti et ce que j\u2019ai pu observer. J\u2019ai tourn\u00e9 la vid\u00e9o au bout de <strong>30 jours de cure de jus<\/strong>. Aujourd\u2019hui je compl\u00e9terai les d\u00e9tails de l\u2019exp\u00e9rience dans cet article. Il y a des bienfaits que j\u2019ai trouv\u00e9s dans la dur\u00e9e et des explications probablement des effets que j\u2019ai pu ressentir.<\/p>\n<div itemprop=\"video\" itemscope=\"\" itemtype=\"http:\/\/schema.org\/VideoObject\">\n<h2>Video: <span itemprop=\"name\">Quels sont les bienfaits du jus de c\u00e9leri branche ?<\/span><\/h2>\n<p>  <meta itemprop=\"duration\" content=\"T13M38S\"\/><meta itemprop=\"thumbnail\" content=\"bienfait-jus-celeri.jpg\"\/><meta itemprop=\"uploadDate\" content=\"01\/07\/2021\"\/><meta itemprop=\"thumbnailurl\" content=\"https:\/\/cuisine-saine.fr\/wp-content\/uploads\/2021\/07\/bienfait-jus-celeri.jpg\"\/><iframe loading=\"lazy\" width=\"950\" height=\"534\" src=\"https:\/\/www.youtube.com\/embed\/lI1lvIT0u2o\" frameborder=\"0\" allowfullscreen=\"\"><\/iframe><br \/><span itemprop=\"description\">D\u2019o\u00f9 vient cet engoument ? Qui en est \u00e0 l\u2019origine? Comment bien faire le jus de c\u00e9leri et le consommer au bon moment ?<\/span>\n<\/p>\n<\/div>\n<h2>D\u2019o\u00f9 vient l\u2019engouement autour du jus de c\u00e9leri ?<\/h2>\n<p>Vous n\u2019\u00eates sans doute pas pass\u00e9 \u00e0 c\u00f4t\u00e9 du jus de c\u00e9leri, on le voit sur tous les r\u00e9seaux sociaux. Ce qu\u2019on sait moins, c\u2019est d\u2019o\u00f9 vient cette nouvelle passion pour ce l\u00e9gume g\u00e9n\u00e9ralement mal aim\u00e9.<\/p>\n<p>Avez-vous entendu parler du <strong><a href=\"https:\/\/amzn.to\/3xG3hsr\" rel=\"nofollow noopener noreferrer\" target=\"_blank\">bestseller Medical medium<\/a><\/strong> ? Son auteur Anthony William pr\u00e9tend \u00eatre un m\u00e9dium m\u00e9dical, un esprit lui glisse \u00e0 l\u2019oreille des informations sur la sant\u00e9 des personnes qu\u2019ils croisent. Il en a fait un <a href=\"http:\/\/www.affinite.fr\/index.php\/2023\/08\/24\/lart-de-la-glace-transforme-en-business-la-vision-unique-de-fabien-gris\/\">livre<\/a>, m\u00eame plusieurs. Dans le premier, il parle des \u00ab maladies myst\u00e9rieuses \u00bb, celles qu\u2019on ne sait pas soigner, qui laissent les m\u00e9decins perplexes. Il a ses propres explications qui m\u2019ont paru sens\u00e9es. Et comme personne ne sait vraiment nous expliquer ce qui se passe, il propose aussi des solutions, c\u2019est l\u00e0 que \u00e7a devient int\u00e9ressant !<\/p>\n<p>Souffrant moi-m\u00eame d\u2019une \u00ab maladie myst\u00e9rieuse \u00bb qui m\u2019a fait m\u2019int\u00e9resser au <strong>r\u00f4le de l\u2019alimentation sur la sant<\/strong>\u00e9, je ne pouvais que trouver ce livre des plus captivant. C\u2019est vrai qu\u2019un livre de sant\u00e9 \u00e9crit par un medium ce n\u2019est pas banal, mais j\u2019ai test\u00e9 des choses plus farfelues que \u00e7a ! Je sais que probablement vous aussi !<\/p>\n<p>Il propose des solutions principalement alimentaires, ainsi que des compl\u00e9ments alimentaires. <strong>Le jus de c\u00e9leri fait partie de ses \u00ab best of \u00bb<\/strong>, il a m\u00eame \u00e9crit <a href=\"https:\/\/amzn.to\/3qfr67Y\" rel=\"nofollow noopener noreferrer\" target=\"_blank\">un livre exclusivement sur ce sujet<\/a>. Il lui conf\u00e8re de nombreuses vertus, une vraie panac\u00e9e \u00e0 le lire ! Pour lui le c\u00e9leri tient plus de la plante m\u00e9dicinale que du simple l\u00e9gume qui aromatise les bouillons.<\/p>\n<p>Si vous voulez en savoir plus sur son approche et que vous parlez anglais vous pouvez le d\u00e9couvrir <a href=\"https:\/\/www.youtube.com\/channel\/UCUORv_qpgmg8N5plVqlYjXg\" rel=\"nofollow noopener noreferrer\" target=\"_blank\">sur sa chaine Youtube<\/a>. Vous trouvez aussi <a href=\"https:\/\/amzn.to\/3vLfomL\" rel=\"nofollow noopener noreferrer\" target=\"_blank\">facilement ses livres ici<\/a>.<\/p>\n<h2>Quelles sont les propri\u00e9t\u00e9s du jus de c\u00e9leri ?<\/h2>\n<div id=\"attachment_112047\" style=\"width: 1010px\" class=\"wp-caption alignnone\"><noscript><img loading=\"lazy\" decoding=\"async\" aria-describedby=\"caption-attachment-112047\" src=\"https:\/\/cuisine-saine.fr\/wp-content\/uploads\/2021\/06\/bienfaits-jus-celeri-branche.jpg\" alt=\"Quels sont les bienfaits du jus de c\u00e9leri branche ?\" width=\"1000\" height=\"1257\" class=\"size-full wp-image-112047\" srcset=\"https:\/\/cuisine-saine.fr\/wp-content\/uploads\/2021\/06\/bienfaits-jus-celeri-branche.jpg 1000w, https:\/\/cuisine-saine.fr\/wp-content\/uploads\/2021\/06\/bienfaits-jus-celeri-branche-980x1232.jpg 980w, https:\/\/cuisine-saine.fr\/wp-content\/uploads\/2021\/06\/bienfaits-jus-celeri-branche-480x603.jpg 480w\" sizes=\"(min-width: 0px) and (max-width: 480px) 480px, (min-width: 481px) and (max-width: 980px) 980px, (min-width: 981px) 1000px, 100vw\"\/><\/noscript><img loading=\"lazy\" decoding=\"async\" aria-describedby=\"caption-attachment-112047\" src=\"data:image\/svg+xml,%3Csvg%20xmlns=%22http:\/\/www.w3.org\/2000\/svg%22%20viewBox=%220%200%201000%201257%22%3E%3C\/svg%3E\" data-src=\"https:\/\/cuisine-saine.fr\/wp-content\/uploads\/2021\/06\/bienfaits-jus-celeri-branche.jpg\" alt=\"Quels sont les bienfaits du jus de c\u00e9leri branche ?\" width=\"1000\" height=\"1257\" class=\"lazyload size-full wp-image-112047\" data-srcset=\"https:\/\/cuisine-saine.fr\/wp-content\/uploads\/2021\/06\/bienfaits-jus-celeri-branche.jpg 1000w, https:\/\/cuisine-saine.fr\/wp-content\/uploads\/2021\/06\/bienfaits-jus-celeri-branche-980x1232.jpg 980w, https:\/\/cuisine-saine.fr\/wp-content\/uploads\/2021\/06\/bienfaits-jus-celeri-branche-480x603.jpg 480w\" data-sizes=\"(min-width: 0px) and (max-width: 480px) 480px, (min-width: 481px) and (max-width: 980px) 980px, (min-width: 981px) 1000px, 100vw\"\/><\/p>\n<p id=\"caption-attachment-112047\" class=\"wp-caption-text\">Quels sont les bienfaits du jus de c\u00e9leri branche ?<\/p>\n<\/div>\n<p>Ici je vais vous parler des <strong>bienfaits suppos\u00e9s du jus de c\u00e9leri<\/strong> que nous d\u00e9livre Anthony William dans son livre.  Je vous donne ici les grandes lignes, pour plus de d\u00e9tails sur les pourquoi du comment vous pouvez vous r\u00e9f\u00e9rer \u00e0 <a href=\"https:\/\/amzn.to\/3qfr67Y\" rel=\"nofollow noopener noreferrer\" target=\"_blank\">son livre \u00ab le jus de c\u00e9leri \u00bb<\/a>.<\/p>\n<ul>\n<li>B\u00e9n\u00e9fique pour la digestion<\/li>\n<li>R\u00e9active les enzymes digestives affaiblies de l\u2019intestin gr\u00eale<\/li>\n<li>Efficacit\u00e9 renforc\u00e9e des sucs gastriques<\/li>\n<li>Soutien du syst\u00e8me immunitaire<\/li>\n<li>Source d\u2019\u00e9lectrolytes<\/li>\n<li>Redonne vie aux neurotransmetteurs<\/li>\n<li>R\u00e9g\u00e9n\u00e8re le syst\u00e8me endocrinien<\/li>\n<li>R\u00f4le anti oxydant<\/li>\n<li>R\u00f4le d\u00e9toxifiant<\/li>\n<\/ul>\n<p>On trouve de nombreux t\u00e9moignages (surtout en anglais) de personnes qui vantent les m\u00e9rites de cette cure de jus de l\u00e9gumes. Rien n\u2019a \u00e9t\u00e9 \u00e9tudi\u00e9 scientifiquement, en m\u00eame temps il n\u2019y a pas d\u2019argent \u00e0 faire sur les <strong>jus de l\u00e9gumes<\/strong>. Je me suis dit que je ne risquais rien \u00e0 essayer moi aussi, surtout que je consomme d\u00e9j\u00e0 des <a href=\"https:\/\/healthy-market.cuisine-saine.fr\/rayons\/extracteur-jus\/\" rel=\"noopener noreferrer\" target=\"_blank\">jus de l\u00e9gumes \u00e0 l\u2019extracteur de jus<\/a>.<\/p>\n<h2>Quels b\u00e9n\u00e9fices ai-je retir\u00e9 de cette cure ?<\/h2>\n<div id=\"attachment_112048\" style=\"width: 1010px\" class=\"wp-caption alignnone\"><noscript><img loading=\"lazy\" decoding=\"async\" aria-describedby=\"caption-attachment-112048\" src=\"https:\/\/cuisine-saine.fr\/wp-content\/uploads\/2021\/06\/jus-celeri-bralcnhe-01.jpg\" alt=\"Quels b\u00e9n\u00e9fices ai-je retir\u00e9 de cette cure ?\" width=\"1000\" height=\"1270\" class=\"size-full wp-image-112048\" srcset=\"https:\/\/cuisine-saine.fr\/wp-content\/uploads\/2021\/06\/jus-celeri-bralcnhe-01.jpg 1000w, https:\/\/cuisine-saine.fr\/wp-content\/uploads\/2021\/06\/jus-celeri-bralcnhe-01-980x1245.jpg 980w, https:\/\/cuisine-saine.fr\/wp-content\/uploads\/2021\/06\/jus-celeri-bralcnhe-01-480x610.jpg 480w\" sizes=\"(min-width: 0px) and (max-width: 480px) 480px, (min-width: 481px) and (max-width: 980px) 980px, (min-width: 981px) 1000px, 100vw\"\/><\/noscript><img loading=\"lazy\" decoding=\"async\" aria-describedby=\"caption-attachment-112048\" src=\"data:image\/svg+xml,%3Csvg%20xmlns=%22http:\/\/www.w3.org\/2000\/svg%22%20viewBox=%220%200%201000%201270%22%3E%3C\/svg%3E\" data-src=\"https:\/\/cuisine-saine.fr\/wp-content\/uploads\/2021\/06\/jus-celeri-bralcnhe-01.jpg\" alt=\"Quels b\u00e9n\u00e9fices ai-je retir\u00e9 de cette cure ?\" width=\"1000\" height=\"1270\" class=\"lazyload size-full wp-image-112048\" data-srcset=\"https:\/\/cuisine-saine.fr\/wp-content\/uploads\/2021\/06\/jus-celeri-bralcnhe-01.jpg 1000w, https:\/\/cuisine-saine.fr\/wp-content\/uploads\/2021\/06\/jus-celeri-bralcnhe-01-980x1245.jpg 980w, https:\/\/cuisine-saine.fr\/wp-content\/uploads\/2021\/06\/jus-celeri-bralcnhe-01-480x610.jpg 480w\" data-sizes=\"(min-width: 0px) and (max-width: 480px) 480px, (min-width: 481px) and (max-width: 980px) 980px, (min-width: 981px) 1000px, 100vw\"\/><\/p>\n<p id=\"caption-attachment-112048\" class=\"wp-caption-text\">Quels b\u00e9n\u00e9fices ai-je retir\u00e9 de cette cure ?<\/p>\n<\/div>\n<p>\u00c9tant donn\u00e9 que j\u2019ai des <strong>probl\u00e8mes de sant\u00e9 chroniques<\/strong>, je pouvais esp\u00e9rer observer une vraie diff\u00e9rence avant et apr\u00e8s. Il faut mettre en parall\u00e8le tout de m\u00eame le fait que j\u2019ai repris le sport peu de temps avant de commencer la cure de jus de c\u00e9leri branche. Ce qui peut aussi expliquer un mieux-\u00eatre. Je vais ici en dire plus que dans la vid\u00e9o car j\u2019ai un recul de 3 mois maintenant.<\/p>\n<p>J\u2019esp\u00e9rais <strong>beaucoup d\u2019am\u00e9lioration du point de vue digestif, et c\u2019est le cas<\/strong>. Malgr\u00e9 une p\u00e9riode de deux semaines o\u00f9 j\u2019\u00e9tais beaucoup plus ballonn\u00e9 qu\u2019avant, j\u2019ai eu un r\u00e9el mieux apr\u00e8s. Dans son livre, il explique que le jus de c\u00e9leri nettoie les mauvaises bact\u00e9ries et booste les bonnes dans les intestins. Peut-\u00eatre que cette p\u00e9riode de transition \u00e9tait n\u00e9cessaire pour stabiliser le microbiote ? En tout cas je n\u2019ai plus eu aucune crise de c\u00f4lon irritable depuis mars 2021 ! C\u2019est un record. Je peux avoir des crises qui me clouent sur place avec de grosses douleurs. Aujourd\u2019hui tout n\u2019est pas gu\u00e9ri je le sais, si j\u2019appuie sur les intestins j\u2019ai toujours mal, mais ne plus avoir de crises am\u00e9liorent consid\u00e9rablement ma qualit\u00e9 de vie.<\/p>\n<p>J\u2019ai une meilleure clart\u00e9 mentale. Je souffre par moment d\u2019un brouillard mental qui m\u2019emp\u00eache d\u2019\u00eatre aussi efficace que je le souhaite. Il est tout le temps associ\u00e9 \u00e0 de la <strong>fatigue chronique et des maux de t\u00eate<\/strong>. J\u2019ai des crises r\u00e9guli\u00e8rement qui m\u2019imposent le repos. Les crises sont d\u2019autant plus fr\u00e9quentes que je dois g\u00e9rer des pics de stress dans le quotidien. De ce point de vue j\u2019ai vu une nette am\u00e9lioration. <strong>Plus d\u2019\u00e9nergie, des maux de t\u00eate et du brouillard mental moins fr\u00e9quent.<\/strong> Et par voie de cons\u00e9quence, le moral remonte aussi. Apr\u00e8s ce n\u2019est pas parfait, j\u2019ai toujours des moments de baisse de r\u00e9gime, mais beaucoup moins et plus facilement g\u00e9rable.<\/p>\n<p>J\u2019ai constat\u00e9 aussi une <strong>diminution de l\u2019anxi\u00e9t\u00e9<\/strong> pendant la cure. A mon sens, c\u2019est le double effet de se sentir plus dynamique et de faire du sport en parall\u00e8le.<\/p>\n<p>Je parle dans la vid\u00e9o de cet effet assez \u00e9trange de perte de masse grasse sans perte de poids. Alors que je pratique un sport qui n\u2019est pas sp\u00e9cialement r\u00e9put\u00e9 pour \u00e7a (la marche nordique). Les indicateurs de masse grasse sur les machines \u00e0 imp\u00e9dancem\u00e9trie ne sont pas r\u00e9put\u00e9es fiables, je pense qu\u2019il se peut que \u00e7a soit <strong>plut\u00f4t au niveau de la r\u00e9tention d\u2019eau<\/strong> que les choses aient pu changer.<\/p>\n<p>Je m\u2019interroge aussi sur <strong>l\u2019\u00e9quilibre acido basique<\/strong>. Est-ce que cet apport alcalinisant pour l\u2019organisme ne calme pas les inflammations ? D\u2019ailleurs, j\u2019ai constat\u00e9 que le syndrome pr\u00e9menstruel avait nettement r\u00e9gress\u00e9 au bout deux 2 mois de cure de c\u00e9leri.<\/p>\n<p><strong>Sur les douleurs dorsales et articulaires j\u2019ai vu des am\u00e9liorations.<\/strong> Cependant avec le recul je pense que c\u2019est d\u00fb au sport plus qu\u2019\u00e0 la cure, car j\u2019ai d\u00fb arr\u00eater mes sorties sportives pendant 15 jours et les douleurs sont revenues. Pas aussi intense qu\u2019avant, mais elles sont l\u00e0. Pour vous donner un ordre d\u2019id\u00e9e en temps normal que fait 5 sorties de 50 min de marche nordique par semaine.<\/p>\n<p><strong>Vous me direz si vous avez test\u00e9 pour vous et si vous avez vu des changements ?<\/strong><\/p>\n<p>J\u2019y vois des gros points positifs, des choses que <strong>je n\u2019avais pas observ\u00e9es avec d\u2019autres jus de l\u00e9gumes.<\/strong> Depuis je ne prends plus de jus tous les jours, mais entre 2 et 3 fois par semaine, comme un entretien. Le bilan est positif de mon point de vue.<\/p>\n<h2>Comment r\u00e9ussir son jus de c\u00e9leri branche \u00e0 l\u2019extracteur de jus ?<\/h2>\n<div id=\"attachment_112050\" style=\"width: 1010px\" class=\"wp-caption alignnone\"><noscript><img loading=\"lazy\" decoding=\"async\" aria-describedby=\"caption-attachment-112050\" src=\"https:\/\/cuisine-saine.fr\/wp-content\/uploads\/2021\/06\/jus-celeri-branche.jpg\" alt=\"Comment r\u00e9ussir son jus de c\u00e9leri branche \u00e0 l\u2019extracteur de jus ?\" width=\"1000\" height=\"645\" class=\"size-full wp-image-112050\" srcset=\"https:\/\/cuisine-saine.fr\/wp-content\/uploads\/2021\/06\/jus-celeri-branche.jpg 1000w, https:\/\/cuisine-saine.fr\/wp-content\/uploads\/2021\/06\/jus-celeri-branche-980x632.jpg 980w, https:\/\/cuisine-saine.fr\/wp-content\/uploads\/2021\/06\/jus-celeri-branche-480x310.jpg 480w\" sizes=\"(min-width: 0px) and (max-width: 480px) 480px, (min-width: 481px) and (max-width: 980px) 980px, (min-width: 981px) 1000px, 100vw\"\/><\/noscript><img loading=\"lazy\" decoding=\"async\" aria-describedby=\"caption-attachment-112050\" src=\"data:image\/svg+xml,%3Csvg%20xmlns=%22http:\/\/www.w3.org\/2000\/svg%22%20viewBox=%220%200%201000%20645%22%3E%3C\/svg%3E\" data-src=\"https:\/\/cuisine-saine.fr\/wp-content\/uploads\/2021\/06\/jus-celeri-branche.jpg\" alt=\"Comment r\u00e9ussir son jus de c\u00e9leri branche \u00e0 l\u2019extracteur de jus ?\" width=\"1000\" height=\"645\" class=\"lazyload size-full wp-image-112050\" data-srcset=\"https:\/\/cuisine-saine.fr\/wp-content\/uploads\/2021\/06\/jus-celeri-branche.jpg 1000w, https:\/\/cuisine-saine.fr\/wp-content\/uploads\/2021\/06\/jus-celeri-branche-980x632.jpg 980w, https:\/\/cuisine-saine.fr\/wp-content\/uploads\/2021\/06\/jus-celeri-branche-480x310.jpg 480w\" data-sizes=\"(min-width: 0px) and (max-width: 480px) 480px, (min-width: 481px) and (max-width: 980px) 980px, (min-width: 981px) 1000px, 100vw\"\/><\/p>\n<p id=\"caption-attachment-112050\" class=\"wp-caption-text\">Comment r\u00e9ussir son jus de c\u00e9leri branche \u00e0 l\u2019extracteur de jus ?<\/p>\n<\/div>\n<p>Je fais un petit paragraphe sur la r\u00e9ussite du jus car il y a des petites astuces pour bien le r\u00e9ussir. D\u00e9j\u00e0 il ne faut rien lui ajouter pr\u00e9cise Anthony William, ni citron, ni eau\u2026 <strong>100% jus de c\u00e9leri<\/strong> c\u2019est important.<\/p>\n<p>Si vous avez un <a href=\"https:\/\/healthy-market.cuisine-saine.fr\/rayons\/extracteur-jus\/extracteur-de-jus-horizontal\/\" rel=\"noopener noreferrer\" target=\"_blank\">extracteur horizontal<\/a> coupez des tron\u00e7ons de 8 cm de long. Pour <a href=\"https:\/\/healthy-market.cuisine-saine.fr\/rayons\/extracteur-jus\/extracteur-de-jus-vertical\/\" rel=\"noopener noreferrer\" target=\"_blank\">les extracteurs verticaux<\/a> faites des tron\u00e7ons plus petits, de 2 ou 3 cm. La seule difficult\u00e9 sont les tr\u00e8s grandes fibres des branches de c\u00e9leri qui peuvent venir bloquer la sortie de votre extracteur de jus.<\/p>\n<p>Je coupe les <strong>branches de c\u00e9leri en tron\u00e7ons<\/strong>, je les lave, je les passe \u00e0 l\u2019essoreuse \u00e0 salade et ensuite dans l\u2019extracteur. Comme cela, aucun probl\u00e8me. Ensuite passez votre jus dans un sac \u00e0 lait v\u00e9g\u00e9tal et les derni\u00e8res petites fibres sont filtr\u00e9es. <\/p>\n<h2>Quand et comment le consommer ?<\/h2>\n<p>Il conseille de <strong>boire ce jus \u00e0 jeun et d\u2019attendre au mieux 30 minutes<\/strong> avant de consommer quelque chose. Il dit aussi que \u00e7a ne remplace pas le petit d\u00e9jeuner et qu\u2019il faut le prendre apr\u00e8s.<\/p>\n<p>La <strong>bonne dose de jus est de 450 ml<\/strong> ou plus si vous le pouvez. Il vaut mieux commencer doucement avant d\u2019augmenter les doses. J\u2019obtiens cette quantit\u00e9 avec une botte de c\u00e9leri moyenne. Mais suivant la provenance et la fra\u00eecheur, c\u2019est tr\u00e8s variable.<\/p>\n<p>On consomme le jus tout de suite apr\u00e8s l\u2019avoir extrait \u00e0 l\u2019extracteur de jus.<\/p>\n<h2>Quels sont les inconv\u00e9nients du jus de c\u00e9leri ?<\/h2>\n<p>Le principal inconv\u00e9nient est plus d\u2019ordre pratique : je fais les courses une fois par semaine et <strong>trouver 7 bottes de c\u00e9leri branche fra\u00eeche et bio<\/strong> n\u2019est pas toujours \u00e9vident. Je me fournis du coup en bio et non bio. \u00c7a prend pas mal de place dans le panier \u00e0 provision. Je les conserve dans une pi\u00e8ce fra\u00eeche et \u00e7a va, mais je n\u2019aurai pas la place au r\u00e9frig\u00e9rateur.<\/p>\n<p>Il faut avoir <strong>du temps le matin<\/strong> pour pr\u00e9parer et prendre le jus avant le petit d\u00e9jeuner, je suis toujours d\u00e9cal\u00e9e avec le reste de la famille.<\/p>\n<p>Le <strong>go\u00fbt assez fort du c\u00e9leri<\/strong> peut \u00eatre aussi un probl\u00e8me quand on n\u2019est pas habitu\u00e9 <a href=\"https:\/\/cuisine-saine.fr\/recette-crue\/jus-diuretique-extracteur-jus-angel\/\" rel=\"noopener noreferrer\" target=\"_blank\">aux jus verts<\/a>.<\/p>\n<p>Ce ne sont que des d\u00e9tails mineurs par rapport au mieux-\u00eatre que je peux y trouver.<\/p>\n<h3 class=\"conseil\">Le conseil de Karen<\/h3>\n<div class=\"conkar\">\n<p>Avez-vous test\u00e9 la cure de jus de c\u00e9leri ? Racontez-nous en commentaire.<\/p>\n<\/div>\n<div class=\"printfriendly pf-button pf-button-content pf-aligncenter\"><a href=\"#\" rel=\"nofollow\" onclick=\"window.print(); return false;\" title=\"Printer Friendly, PDF &amp; Email\"><noscript><img decoding=\"async\" style=\"border:none;-webkit-box-shadow:none; -moz-box-shadow: none; box-shadow:none; padding:0; margin:0\" src=\"https:\/\/cdn.printfriendly.com\/buttons\/printfriendly-pdf-button-nobg-md.png\" alt=\"Print Friendly, PDF &amp; Email\"\/><\/noscript><img decoding=\"async\" class=\"lazyload\" style=\"border:none;-webkit-box-shadow:none; -moz-box-shadow: none; box-shadow:none; padding:0; margin:0\" src=\"data:image\/svg+xml,%3Csvg%20xmlns=%22http:\/\/www.w3.org\/2000\/svg%22%20viewBox=%220%200%20210%20140%22%3E%3C\/svg%3E\" data-src=\"https:\/\/cdn.printfriendly.com\/buttons\/printfriendly-pdf-button-nobg-md.png\" alt=\"Print Friendly, PDF &amp; Email\"\/><\/a><\/div>\n<\/div>\n<p>[ad_2]<br \/>\n<br \/><a href=\"https:\/\/cuisine-saine.fr\/vie-saine\/bienfaits-jus-celeri\/\">Source link <\/a><\/p>\n","protected":false},"excerpt":{"rendered":"<p>[ad_1] Avez-vous entendu parler du jus de c\u00e9leri branche ? D\u2019o\u00f9 vient cet engouement sur les r\u00e9seaux sociaux ? Qui &hellip; <a href=\"http:\/\/www.affinite.fr\/index.php\/2021\/07\/01\/quels-sont-les-bienfaits-du-jus-de-celeri-branche\/\" class=\"more-link\">Plus <span class=\"screen-reader-text\">Quels sont les bienfaits du jus de c\u00e9leri branche ?<\/span> <span class=\"meta-nav\">&rarr;<\/span><\/a><\/p>\n","protected":false},"author":1,"featured_media":6604,"comment_status":"open","ping_status":"open","sticky":false,"template":"","format":"standard","meta":{"_sitemap_exclude":false,"_sitemap_priority":"","_sitemap_frequency":"","footnotes":""},"categories":[1],"tags":[],"class_list":["post-6603","post","type-post","status-publish","format-standard","has-post-thumbnail","hentry","category-tous"],"_links":{"self":[{"href":"http:\/\/www.affinite.fr\/index.php\/wp-json\/wp\/v2\/posts\/6603"}],"collection":[{"href":"http:\/\/www.affinite.fr\/index.php\/wp-json\/wp\/v2\/posts"}],"about":[{"href":"http:\/\/www.affinite.fr\/index.php\/wp-json\/wp\/v2\/types\/post"}],"author":[{"embeddable":true,"href":"http:\/\/www.affinite.fr\/index.php\/wp-json\/wp\/v2\/users\/1"}],"replies":[{"embeddable":true,"href":"http:\/\/www.affinite.fr\/index.php\/wp-json\/wp\/v2\/comments?post=6603"}],"version-history":[{"count":0,"href":"http:\/\/www.affinite.fr\/index.php\/wp-json\/wp\/v2\/posts\/6603\/revisions"}],"wp:featuredmedia":[{"embeddable":true,"href":"http:\/\/www.affinite.fr\/index.php\/wp-json\/wp\/v2\/media\/6604"}],"wp:attachment":[{"href":"http:\/\/www.affinite.fr\/index.php\/wp-json\/wp\/v2\/media?parent=6603"}],"wp:term":[{"taxonomy":"category","embeddable":true,"href":"http:\/\/www.affinite.fr\/index.php\/wp-json\/wp\/v2\/categories?post=6603"},{"taxonomy":"post_tag","embeddable":true,"href":"http:\/\/www.affinite.fr\/index.php\/wp-json\/wp\/v2\/tags?post=6603"}],"curies":[{"name":"wp","href":"https:\/\/api.w.org\/{rel}","templated":true}]}}