{"id":6591,"date":"2021-06-28T22:00:27","date_gmt":"2021-06-28T22:00:27","guid":{"rendered":"https:\/\/www.affinite.fr\/index.php\/2021\/06\/28\/hospitalisations-en-baisse-derniers-chiffres-2\/"},"modified":"2021-06-28T22:00:27","modified_gmt":"2021-06-28T22:00:27","slug":"hospitalisations-en-baisse-derniers-chiffres-2","status":"publish","type":"post","link":"http:\/\/www.affinite.fr\/index.php\/2021\/06\/28\/hospitalisations-en-baisse-derniers-chiffres-2\/","title":{"rendered":"hospitalisations en baisse, derniers chiffres"},"content":{"rendered":"<p> [ad_1]<br \/>\n<\/p>\n<p>\n                CORONAVIRUS DIRECT &#8211; L&rsquo;\u00e9pid\u00e9mie continue sa d\u00e9crue. Le nombre de personnes hospitalis\u00e9es est en baisse, sous la barre des 9\u00a0000\u00a0patients Covid-19, pour la premi\u00e8re fois depuis octobre 2020. La menace du variant delta persiste malgr\u00e9 tout. Vaccination, pass sanitaire, voyages, tests PCR&#8230; Derniers chiffres et infos.            <\/p>\n<div>\n<aside class=\"ccmsummary marqueur_module ccmcss_cms_summary ccmcss_cms_summary--right\">\n<p>\u00a0Sommaire<\/p>\n<\/aside>\n<p><strong>[Mis\u00a0\u00e0 jour le lundi 28\u00a0juin \u00e0 21h50<\/strong><b>]<\/b>\u00a0La situation sanitaire continue de s&rsquo;am\u00e9liorer. Les indicateurs montrent chaque jour le recul de l&rsquo;\u00e9pid\u00e9mie\u00a0en France : moins\u00a0de 9 000\u00a0personnes sont hospitalis\u00e9es ce lundi (8 846) et seulement 509 cas de contaminations sont enregistr\u00e9s durant ces derni\u00e8res 24 heures. De plus,<strong> pr\u00e8s de 50% des Fran\u00e7ais ont\u00a0re\u00e7u au moins une dose de vaccin anti-Covid, <\/strong>a annonc\u00e9 la Direction g\u00e9n\u00e9rale de la Sant\u00e9 dimanche. Malgr\u00e9 cette situation rassurante, la <strong>diffusion du variant Delta ou \u00ab\u00a0indien\u00a0\u00bb,<\/strong>\u00a0est en expansion en Europe et dans le monde, et inqui\u00e8te le gouvernement. Selon <a href=\"https:\/\/www.santepubliquefrance.fr\/dossiers\/coronavirus-covid-19\/coronavirus-chiffres-cles-et-evolution-de-la-covid-19-en-france-et-dans-le-monde\" target=\"_blank\" rel=\"noopener noreferrer\">le bilan de Sant\u00e9 publique France<\/a> de ce lundi, la barre des 111 000 morts du Covid-19 depuis le d\u00e9but de l&rsquo;\u00e9pid\u00e9mie, est franchie en France (+44 ces derni\u00e8res 24 heures). <strong>Le\u00a0certificat sanitaire, ou \u00ab\u00a0pass sanitaire\u00a0\u00bb europ\u00e9en est entr\u00e9\u00a0en vigueur.<\/strong>\u00a0Il permet notamment de <a href=\"http:\/\/www.affinite.fr\/index.php\/2023\/07\/29\/changer-de-vie-voyager-complement-de-retraite-devenez-vendeur-de-glace-a-litalienne\/\">voyager<\/a> librement dans\u00a0l&rsquo;Union europ\u00e9enne \u00e0 toute\u00a0personne\u00a0vaccin\u00e9e contre le Covid-19, ou pr\u00e9sentant un test n\u00e9gatif, ou encore si elle est immunis\u00e9e apr\u00e8s avoir contract\u00e9 la maladie.sans plus besoin de tests. Quels sont les derniers chiffres de l&rsquo;\u00e9pid\u00e9mie ?\u00a0<span style=\"font-size: 1rem;\">Que disent les\u00a0<\/span><a data-auth=\"NotApplicable\" href=\"https:\/\/sante.journaldesfemmes.fr\/fiches-maladies\/2667643-carte-covid-19-france-departement-direct-monde-europe-vaccination-voyage-monde-pays-couleur\/\" rel=\"noopener noreferrer\" style=\"font-size: 1rem; background-color: rgb(255, 255, 255);\" target=\"_blank\">cartes<\/a><span style=\"font-size: 1rem;\"> de suivi de l&rsquo;\u00e9pid\u00e9mie\u00a0? Quels sont les <\/span><a href=\"https:\/\/sante.journaldesfemmes.fr\/fiches-maladies\/2630075-symptomes-coronavirus-covid-19-mal-gorge-rhume-que-faire-variant-premier-apparition-duree\/\" style=\"font-size: 1rem; background-color: rgb(255, 255, 255);\" target=\"_blank\" rel=\"noopener noreferrer\">sympt\u00f4mes du coronavirus<\/a><span style=\"font-size: 1rem;\"> ? Quand <\/span><a href=\"https:\/\/sante.journaldesfemmes.fr\/fiches-maladies\/2621211-isolement-covid-19-variant-anglais-7-10-jours-cas-contact-duree-declarer-certificat-attestation\/\" style=\"font-size: 1rem; background-color: rgb(255, 255, 255);\" target=\"_blank\" rel=\"noopener noreferrer\">s&rsquo;isoler et combien de temps<\/a><span style=\"font-size: 1rem;\"> ?\u00a0<\/span><a data-auth=\"NotApplicable\" href=\"https:\/\/sante.journaldesfemmes.fr\/fiches-maladies\/2629823-taux-de-reproduction-covid-france-coronavirus-r0-r-effectif-calcul-carte-definition-2021-aujourd-hui\/\" rel=\"noopener noreferrer\" style=\"font-size: 1rem; background-color: rgb(255, 255, 255);\" target=\"_blank\">Quel est le taux de R0\u00a0du virus<\/a><span style=\"font-size: 1rem;\">\u00a0? Quand est-on <\/span><a href=\"https:\/\/sante.journaldesfemmes.fr\/fiches-maladies\/2679521-contagion-covid-19-combien-de-temps-jours-duree-asymptomatique-symptomes-incubation-contagieux\/\" style=\"font-size: 1rem; background-color: rgb(255, 255, 255);\" target=\"_blank\" rel=\"noopener noreferrer\">contagieux<\/a><span style=\"font-size: 1rem;\"> ? Que sait-on des\u00a0<\/span><a href=\"https:\/\/sante.journaldesfemmes.fr\/fiches-maladies\/2620433-vaccin-coronavirus-covid-19-pfizer-moderna-astrazeneca-johnson-janssen-efficacite-commande-nouveau\/\" style=\"font-size: 1rem; background-color: rgb(255, 255, 255);\" target=\"_blank\" rel=\"noopener noreferrer\">vaccins<\/a><span style=\"font-size: 1rem;\">\u00a0? Des\u00a0<\/span><a href=\"https:\/\/sante.journaldesfemmes.fr\/fiches-maladies\/2686947-effet-secondaire-vaccin-covid-pfizer-moderna-astrazeneca-janssen-2-e-dose-duree-france-myocardite\/\" style=\"font-size: 1rem; background-color: rgb(255, 255, 255);\" target=\"_blank\" rel=\"noopener noreferrer\">effets secondaires<\/a><span style=\"font-size: 1rem;\">\u00a0apr\u00e8s la vaccination\u00a0? Chiffres et infos du jour.<\/span><\/p>\n<ul>\n<li><strong>32,2% de la population totale vaccin\u00e9e.\u00a0<\/strong>21\u00a0735\u00a0972\u00a0personnes ont un sch\u00e9ma vaccinal complet (soit 32,2% de la population totale), selon les chiffres du minist\u00e8re de la sant\u00e9 lundi. Et\u00a033\u00a0514\u00a0605\u00a0personnes ont re\u00e7u au moins une injection (soit 49,7% de la population totale).<\/li>\n<li><strong>Espacer les doses d&rsquo;injections d&rsquo;AstraZeneca pour plus d&rsquo;efficacit\u00e9. <\/strong>Selon une \u00e9tude publi\u00e9e ce lundi par l&rsquo;universit\u00e9 d&rsquo;Oxford, un intervalle allant jusqu&rsquo;\u00e0 45\u00a0semaines entre les deux doses du vaccin d&rsquo;AstraZeneca am\u00e9liorait la r\u00e9ponse immunitaire face\u00a0au Covid-19. Les r\u00e9sultats de cette \u00e9tude confirment les premi\u00e8res \u00e9valuations de\u00a0l&rsquo;universit\u00e9 datant de f\u00e9vrier, sur une plus grande efficacit\u00e9 du vaccin\u00a0avec un intervalle de 3\u00a0mois entre les doses (81%), qu&rsquo;apr\u00e8s un intervalle de 6\u00a0semaines (55%). Les chercheurs ont \u00e9galement montr\u00e9 que l&rsquo;injection d&rsquo;une troisi\u00e8me dose plus de\u00a0six mois apr\u00e8s la seconde, entra\u00eene une \u00ab\u00a0augmentation importante\u00a0\u00bb des anticorps et provoque une \u00ab\u00a0forte hausse\u00a0\u00bb de la r\u00e9ponse immunitaire contre le Covid-19, y compris contre les variants.<\/li>\n<li><strong>Vaccination des soignants.<\/strong> Le porte-parole du gouvernement, Gabriel Attal a d\u00e9clar\u00e9\u00a0ce lundi sur Franceinfo, qu\u00a0\u00bbApr\u00e8s l&rsquo;\u00e9t\u00e9, s&rsquo;il n&rsquo;y a pas d&rsquo;augmentation nette de soignants, notamment dans les Ehpad, qui se sont fait vacciner, la question de l&rsquo;obligation pourra se poser\u00a0\u00bb, reprenant l&rsquo;avertissement\u00a0du ministre de la sant\u00e9 Olivier V\u00e9ran fin de semaine derni\u00e8re sur ce m\u00eame sujet.\u00a0<\/li>\n<li><strong>Variant delta en Haute-Savoie.<\/strong>\u00a0Ce dimanche 27 juin, la pr\u00e9fecture de la Haute-Savoie a rapport\u00e9 plusieurs cas de variant delta dans la commune de Ballaison, entre Annemasse et Thonon-les-Bains. Il s&rsquo;agirait de 4 membres d&rsquo;une m\u00eame famille.\u00a0Deux op\u00e9rations de d\u00e9pistage et de vaccination lundi et mardi sur la commune de Ballaison.\u00a0<\/li>\n<li><strong>Vers la fin de la gratuit\u00e9 des tests PCR ? <\/strong>Interrog\u00e9 sur France Info sur la proposition de l&rsquo;Acad\u00e9mie de m\u00e9decin d&rsquo;arr\u00eater de rembourser int\u00e9gralement certains tests PCR, le porte-parole du gouvernement Gabriel Attal a r\u00e9pondu que \u00ab\u00a0<em>c&rsquo;\u00e9tait une question qui se posera[it] autour de la rentr\u00e9<\/em>e\u00a0\u00bb.\u00a0Le 23\u00a0juin, <a href=\"https:\/\/www.academie-medecine.fr\/pour-vaincre-la-covid-19-une-bonne-vaccination-vaut-mieux-que-des-tests-a-repetition\/\" target=\"_blank\" rel=\"noopener noreferrer\">l&rsquo;Acad\u00e9mie nationale de m\u00e9decine<\/a>\u00a0recommandait de \u00ab\u00a0<em>suspendre le remboursement des tests (&#8230;) pratiqu\u00e9s pour convenances personnelles (obtention d&rsquo;un pass sanitaire, voyages internationaux, participation \u00e0 des \u00e9v\u00e9nements collectifs) chez les personnes non vaccin\u00e9es, afin d&rsquo;\u00e9lever rapidement le niveau national de couverture vaccinale au cours de l&rsquo;\u00e9t\u00e9<\/em>\u00ab\u00a0.<\/li>\n<li><strong>Pr\u00e8s de 50% des Fran\u00e7ais ont\u00a0re\u00e7u au moins une dose.<\/strong>\u00a0Selon la Direction g\u00e9n\u00e9rale de la sant\u00e9, 33\u00a0310\u00a0964\u00a0personnes avaient re\u00e7u au moins une injection samedi soir. Cela repr\u00e9sente 49,4\u00a0% de la population fran\u00e7aise.\u00a0Par ailleurs, 21\u00a0104\u00a0892\u00a0personnes \u00e9taient totalement vaccin\u00e9es \u00e0 cette date, soit 31,3\u00a0% de la population totale.<\/li>\n<li><strong>2 premiers cas de variant Delta dans le Gers<\/strong><strong>.<\/strong>\u00a0L&rsquo;Agence r\u00e9gionale de Sant\u00e9 d&rsquo;Occitanie a annonc\u00e9 que deux premiers cas de contamination au variant Delta avaient \u00e9t\u00e9 d\u00e9tect\u00e9s dans le Gers. Les deux malades sont d\u00e9c\u00e9d\u00e9s. L&rsquo;ARS\u00a0a annonc\u00e9 un \u00ab\u00a0<em>plan d&rsquo;action imm\u00e9diat<\/em>\u00a0\u00bb pour\u00a0\u00ab\u00a0<em>\u00e9viter une reprise \u00e9pid\u00e9mique<\/em>\u00a0\u00bb dans ce d\u00e9partement. Dans le m\u00eame temps, le d\u00e9partement voisin des Landes conna\u00eet une pouss\u00e9e de contaminations au variant delta, a rappel\u00e9 l&rsquo;agence.\u00a0<\/li>\n<\/ul>\n<p><a id=\"chiffres-covid-france-gouvernement\" name=\"chiffres-covid-france-gouvernement\" style=\"font-size: 1.125rem; background-color: rgb(255, 255, 255);\">Quels sont les chiffres de l&rsquo;\u00e9pid\u00e9mie de Covid en France ?<\/a><br \/>Les chiffres de l&rsquo;\u00e9pid\u00e9mie de Covid-19 en France sont publi\u00e9s quotidiennement par le site <a href=\"http:\/\/www.gouvernement.fr\/info-coronavirus\/carte-et-donnees\" target=\"_blank\" rel=\"noopener noreferrer\">Carte-et-donn\u00e9es<\/a> du gouvernement et par <a href=\"https:\/\/www.santepubliquefrance.fr\/dossiers\/coronavirus-covid-19\/coronavirus-chiffres-cles-et-evolution-de-la-covid-19-en-france-et-dans-le-monde\" target=\"_blank\" rel=\"noopener noreferrer\">Sant\u00e9 Publique France<\/a>.<\/p>\n<p><a id=\"covid-france-chiffre-du-jour-bilan\" name=\"covid-france-chiffre-du-jour-bilan\" style=\"font-size: 1.125rem; background-color: rgb(255, 255, 255);\" target=\"_blank\" rel=\"noopener noreferrer\">Quels sont les chiffres du jour ?<\/a><\/p>\n<section>\n<table border=\"1\" cellpadding=\"1\" cellspacing=\"1\" style=\"width:100%;\">\n<thead>\n<tr>\n<th scope=\"col\" style=\"width: 205px; text-align: center;\">\u00a0<\/th>\n<th scope=\"col\" style=\"width: 205px; text-align: center;\">Nombre de cas de Covid<\/th>\n<th scope=\"col\" style=\"width: 229px; text-align: center;\">Nombre de morts du Covid<\/th>\n<th scope=\"col\" style=\"width: 244px; text-align: center;\">Nombre de personnes en soins critiques<\/th>\n<th scope=\"col\" style=\"width: 119px; text-align: center;\">R0 (19 juin)<\/th>\n<\/tr>\n<\/thead>\n<tbody>\n<tr>\n<td style=\"width: 205px;\"><strong>Au 28 juin 2021<\/strong><\/td>\n<td style=\"width: 205px; text-align: center;\"><span style=\"font-size: 1rem;\">5\u00a0770 530<\/span><\/td>\n<td style=\"width: 229px; text-align: center;\">111 041 (84 585 \u00e0 l&rsquo;h\u00f4pital)<\/td>\n<td style=\"width: 244px; text-align: center;\">1304<\/td>\n<td style=\"width: 119px; text-align: center;\">0,5<\/td>\n<\/tr>\n<\/tbody>\n<\/table>\n<table border=\"1\" cellpadding=\"1\" cellspacing=\"1\" style=\"width:100%;\">\n<thead>\n<tr>\n<th scope=\"col\" style=\"width: 205px; text-align: center;\">Nombre de cas de Covid (27 juin)<\/th>\n<th scope=\"col\" style=\"width: 229px; text-align: center;\"><a id=\"cas-covid-24-heures\" name=\"cas-covid-24-heures\">Evolution sur 24 heures<\/a><\/th>\n<th scope=\"col\" style=\"width: 244px; text-align: center;\">Nombre moyen de nouveaux cas confirm\u00e9s quotidiens (24 juin)<\/th>\n<th scope=\"col\" style=\"width: 244px; text-align: center;\">Taux d&rsquo;incidence (25 juin)<\/th>\n<th scope=\"col\" style=\"width: 197px; text-align: center;\">Evolution du taux d&rsquo;incidence sur 7 jrs<\/th>\n<\/tr>\n<tr>\n<td style=\"width: 205px; text-align: center;\"><span style=\"font-size: 1rem;\">5\u00a0770 530<\/span><\/td>\n<td style=\"width: 229px; text-align: center;\">+509<\/td>\n<td style=\"width: 244px; text-align: center;\">1734<\/td>\n<td style=\"width: 244px; text-align: center;\">18,7\/100 000 habitants<\/td>\n<td style=\"width: 197px; text-align: center;\">-26,3%<\/td>\n<\/tr>\n<\/thead>\n<\/table>\n<p>La diminution du nombre de d\u00e9clarations de nouvelles hospitalisations et d&rsquo;admissions en services de soins critiques, constat\u00e9e depuis la semaine 15 (12-18 avril), se poursuit. Voici les chiffres \u00e0 jour selon\u00a0le <a href=\"https:\/\/www.gouvernement.fr\/info-coronavirus\/carte-et-donnees\" target=\"_blank\" rel=\"noopener noreferrer\">site du\u00a0gouvernement<\/a>\u00a0et\u00a0<a href=\"https:\/\/dashboard.covid19.data.gouv.fr\/vue-d-ensemble?location=FRA\" target=\"_blank\" rel=\"noopener noreferrer\">Data-gouv.fr<\/a>.\u00a0<\/p>\n<table border=\"1\" cellpadding=\"1\" cellspacing=\"1\" style=\"width:100%;\">\n<thead>\n<tr>\n<th scope=\"col\" style=\"width: 205px; text-align: center;\">\u00a0<\/th>\n<th scope=\"col\" style=\"width: 205px; text-align: center;\">Nombre de patients Covid hospitalis\u00e9s\u00a0<\/th>\n<th scope=\"col\" style=\"width: 229px; text-align: center;\">Nombre moyen de nouvelles hospitalisations quotidiennes<\/th>\n<th scope=\"col\" style=\"width: 244px; text-align: center;\">Nombre de patients Covid en soins critiques<\/th>\n<th scope=\"col\" style=\"width: 244px; text-align: center;\">Nombre moyen de nouvelles entr\u00e9es en soins critiques quotidiennes<\/th>\n<\/tr>\n<tr>\n<td style=\"width: 205px; text-align: center;\"><strong>Au 28 juin<\/strong><\/td>\n<td style=\"width: 205px; text-align: center;\">8 986<\/td>\n<td style=\"width: 229px; text-align: center;\">134 (-29,1% en 7 jours)<\/td>\n<td style=\"width: 244px; text-align: center;\">1345<\/td>\n<td style=\"width: 244px; text-align: center;\">32 (-23,8% en 7 jours)<\/td>\n<\/tr>\n<\/thead>\n<\/table>\n<h3><u>Nombre de personnes actuellement hospitalis\u00e9es par r\u00e9gion au 28\u00a0juin<\/u><u>\u00a02021 (source : gouvernement.fr)<\/u><\/h3>\n<table align=\"center\" border=\"1\" cellpadding=\"1\" cellspacing=\"1\" style=\"width:100%;\">\n<thead>\n<tr>\n<th scope=\"col\" style=\"width: 260px;\">R\u00e9gion<\/th>\n<th scope=\"col\" style=\"width: 283px;\">Nombre de personnes actuellement hospitalis\u00e9es<\/th>\n<th scope=\"col\" style=\"width: 220px;\">Evolution en 7 jours<\/th>\n<\/tr>\n<\/thead>\n<tbody>\n<tr>\n<td style=\"width: 260px;\"><strong>Auvergne-Rh\u00f4ne-Alpes<\/strong><\/td>\n<td style=\"width: 283px;\">849<\/td>\n<td style=\"width: 220px;\">-17,7 %<\/td>\n<\/tr>\n<tr>\n<td style=\"width: 260px;\"><strong>Hauts-de-France<\/strong><\/td>\n<td style=\"width: 283px;\">1 256<\/td>\n<td style=\"width: 220px;\">-12,1 %<\/td>\n<\/tr>\n<tr>\n<td style=\"width: 260px;\"><strong>Provence-Alpes-C\u00f4te d&rsquo;Azur<\/strong><\/td>\n<td style=\"width: 283px;\">868<\/td>\n<td style=\"width: 220px;\">-13,7 %<\/td>\n<\/tr>\n<tr>\n<td style=\"width: 260px;\"><strong>Grand Est<\/strong><\/td>\n<td style=\"width: 283px;\">686<\/td>\n<td style=\"width: 220px;\">-16,4 %<\/td>\n<\/tr>\n<tr>\n<td style=\"width: 260px;\"><strong>Occitanie<\/strong><\/td>\n<td style=\"width: 283px;\">506<\/td>\n<td style=\"width: 220px;\">-12,5 %<\/td>\n<\/tr>\n<tr>\n<td style=\"width: 260px;\"><strong><a href=\"http:\/\/www.affinite.fr\/index.php\/2024\/11\/21\/construire-votre-maison-en-normandie\/\">Normandie<\/a><\/strong><\/td>\n<td style=\"width: 283px;\">586<\/td>\n<td style=\"width: 220px;\">-16,9 %<\/td>\n<\/tr>\n<tr>\n<td style=\"width: 260px;\"><strong>Nouvelle-Aquitaine<\/strong><\/td>\n<td style=\"width: 283px;\">440<\/td>\n<td style=\"width: 220px;\">-14,1 %<\/td>\n<\/tr>\n<tr>\n<td style=\"width: 260px;\"><strong>Centre-Val de Loire<\/strong><\/td>\n<td style=\"width: 283px;\">276<\/td>\n<td style=\"width: 220px;\">-20,5 %<\/td>\n<\/tr>\n<tr>\n<td style=\"width: 260px;\"><strong>Bourgogne-Franche-Comt\u00e9<\/strong><\/td>\n<td style=\"width: 283px;\">388<\/td>\n<td style=\"width: 220px;\">-12,4 %\u00a0<\/td>\n<\/tr>\n<tr>\n<td style=\"width: 260px;\"><strong>Bretagne<\/strong><\/td>\n<td style=\"width: 283px;\">332<\/td>\n<td style=\"width: 220px;\">-6,5 %<\/td>\n<\/tr>\n<tr>\n<td style=\"width: 260px;\"><strong>Corse<\/strong><\/td>\n<td style=\"width: 283px;\">27<\/td>\n<td style=\"width: 220px;\">-12,9<b>\u00a0<\/b>%<\/td>\n<\/tr>\n<tr>\n<td style=\"width: 260px;\"><strong>Pays de la Loire<\/strong><\/td>\n<td style=\"width: 283px;\">191<\/td>\n<td style=\"width: 220px;\">-25,4 %<\/td>\n<\/tr>\n<tr>\n<td style=\"width: 260px;\"><strong>\u00cele-de-France<\/strong><\/td>\n<td style=\"width: 283px;\">2 060<\/td>\n<td style=\"width: 220px;\">-16,9 %<\/td>\n<\/tr>\n<tr>\n<td style=\"width: 260px;\"><strong>Guadeloupe<\/strong><\/td>\n<td style=\"width: 283px;\">93<\/td>\n<td style=\"width: 220px;\">-5,1 %\u00a0<\/td>\n<\/tr>\n<tr>\n<td style=\"width: 260px;\"><strong>Martinique<\/strong><\/td>\n<td style=\"width: 283px;\">15<\/td>\n<td style=\"width: 220px;\">-16,7 %<\/td>\n<\/tr>\n<tr>\n<td style=\"width: 260px;\"><strong>Guyane<\/strong><\/td>\n<td style=\"width: 283px;\">124<\/td>\n<td style=\"width: 220px;\">+0 %<\/td>\n<\/tr>\n<tr>\n<td style=\"width: 260px;\"><strong>La R\u00e9union<\/strong><\/td>\n<td style=\"width: 283px;\">148<\/td>\n<td style=\"width: 220px;\">+0 %<\/td>\n<\/tr>\n<tr>\n<td style=\"width: 260px;\"><strong>Mayotte<\/strong><\/td>\n<td style=\"width: 283px;\">1<\/td>\n<td style=\"width: 220px;\">-75 %<\/td>\n<\/tr>\n<\/tbody>\n<\/table>\n<\/section>\n<p>La mortalit\u00e9 li\u00e9e \u00e0 la COVID-19 a faibli. <strong>111 041\u00a0d\u00e9c\u00e8s sont recens\u00e9s au 28 juin\u00a0<\/strong>dont 84 585\u00a0\u00e0 l&rsquo;h\u00f4pital\u00a0(+44 au cours des 24\u00a0derni\u00e8res heures), selon les chiffres de <a href=\"https:\/\/www.santepubliquefrance.fr\/dossiers\/coronavirus-covid-19\/coronavirus-chiffres-cles-et-evolution-de-la-covid-19-en-france-et-dans-le-monde\" target=\"_blank\" rel=\"noopener noreferrer\">Sant\u00e9 Publique France<\/a>. Ce chiffre ne comprend pas les d\u00e9c\u00e8s \u00e0 domicile.\u00a0<\/p>\n<p>\u25ba Le nombre de d\u00e9c\u00e8s toutes causes et tous \u00e2ges confondus est revenu dans les marges de fluctuation habituelles depuis la semaine 20 (17\u00a0mai). Les <strong>d\u00e9c\u00e8s de patients COVID-19\u00a0hospitalis\u00e9s<\/strong> \u00e9taient toujours en diminution en semaine 24 (14-20 juin) <strong>(-16%)<\/strong> et ceux survenus dans les \u00e9tablissements sociaux et m\u00e9dico-sociaux (ESMS) restaient \u00e0 un niveau tr\u00e8s faible, informe Sant\u00e9 Publique France dans son <a href=\"https:\/\/www.santepubliquefrance.fr\/maladies-et-traumatismes\/maladies-et-infections-respiratoires\/infection-a-coronavirus\/documents\/bulletin-national\/covid-19-point-epidemiologique-du-24-juin-2021\" target=\"_blank\" rel=\"noopener noreferrer\">point hebdomadaire du 24 juin<\/a>.<\/p>\n<ul>\n<li>L&rsquo;\u00e2ge m\u00e9dian au d\u00e9c\u00e8s est de 85\u00a0ans<\/li>\n<li>93% des personnes d\u00e9c\u00e9d\u00e9es du Covid \u00e0 l&rsquo;h\u00f4pital avaient 65\u00a0ans et plus.<\/li>\n<li>Les hommes repr\u00e9sentent 55% de ces d\u00e9c\u00e8s.<\/li>\n<\/ul>\n<div style=\"text-align:center\">\n<figure class=\"image\" style=\"display:inline-block\"><a class=\"fancy\" href=\"https:\/\/img-3.journaldesfemmes.fr\/KZPX_J01CKRb8F6m001zWKzAREs=\/1080x\/smart\/a050f65c10a245828b87a878c783d32e\/ccmcms-jdf\/25752947.jpg\"><img decoding=\"async\" alt=\"courbe-covid-deces-morts-france\" src=\"https:\/\/img-3.journaldesfemmes.fr\/KZPX_J01CKRb8F6m001zWKzAREs=\/1080x\/smart\/a050f65c10a245828b87a878c783d32e\/ccmcms-jdf\/25752947.jpg\"\/><\/a><figcaption data-credit=\"Sant\u00e9 Publique France\"><small>\u00a9\u00a0Sant\u00e9 Publique France<\/small><\/figcaption><\/figure>\n<\/div>\n<p><a id=\"covid-19-france-evolution-courbe\" name=\"covid-19-france-evolution-courbe\" style=\"font-size: 1.125rem; background-color: rgb(255, 255, 255); font-family: Raleway, sans-serif;\" target=\"_blank\" rel=\"noopener noreferrer\">Courbe : comment \u00e9volue\u00a0l&rsquo;\u00e9pid\u00e9mie en France ?<\/a><\/p>\n<p>Sant\u00e9 Publique France confirme le 24 juin que\u00a0l&rsquo;ensemble des indicateurs \u00e9pid\u00e9miologiques a continu\u00e9 de diminuer au niveau national en semaine 24 du 14 au 20 juin. Une forte <strong>diminution de la circulation du SARS-CoV-2\u00a0\u00e9tait observ\u00e9e dans toutes les classes d&rsquo;\u00e2ge<\/strong> et dans l&rsquo;ensemble des r\u00e9gions m\u00e9tropolitaines. L&rsquo;agence souligne quand m\u00eame l&rsquo;<strong>augmentation \u00ab\u00a0importante\u00a0\u00bb de la d\u00e9tection du variant Delta<\/strong> parmi les cas diagnostiqu\u00e9s mais avec une forte h\u00e9t\u00e9rog\u00e9n\u00e9it\u00e9 d\u00e9partementale.\u00a0<\/p>\n<div style=\"text-align:center\">\n<figure class=\"image\" style=\"display:inline-block\"><a class=\"fancy\" href=\"https:\/\/img-3.journaldesfemmes.fr\/oCH1kfy03Vx4mO1pIiKARmhxfzk=\/1080x\/smart\/78e53d2a89c5470cafa746beb8747bd7\/ccmcms-jdf\/25753079.jpg\"><img decoding=\"async\" alt=\"courbe-covid-nombre-de-cas-france\" src=\"https:\/\/img-3.journaldesfemmes.fr\/oCH1kfy03Vx4mO1pIiKARmhxfzk=\/1080x\/smart\/78e53d2a89c5470cafa746beb8747bd7\/ccmcms-jdf\/25753079.jpg\"\/><\/a><figcaption data-credit=\"Sant\u00e9 Publique France\"><small>\u00a9\u00a0Sant\u00e9 Publique France<\/small><\/figcaption><\/figure>\n<\/div>\n<p><strong>Pour rappel, la France a connu trois \u00ab\u00a0vagues\u00a0\u00bb \u00e9pid\u00e9miques depuis janvier 2020 :\u00a0<\/strong><\/p>\n<p>\u2192 Une premi\u00e8re vague marqu\u00e9e par un\u00a0<strong>pic \u00e9pid\u00e9mique<\/strong>\u00a0au cours de la\u00a0<strong>semaine du 6\u00a0au 12\u00a0avril 2020<\/strong>, soit 15\u00a0jours\u00a0apr\u00e8s la mise en \u0153uvre du premier\u00a0confinement de la population (le 17\u00a0mars 2020).<\/p>\n<p>\u2192 Une deuxi\u00e8me vague marqu\u00e9e par un\u00a0<strong>pic au cours de la semaine du<\/strong>\u00a0<strong>16\u00a0au 20\u00a0novembre 2020,\u00a0<\/strong>trois semaines apr\u00e8s le deuxi\u00e8me confinement (29 octobre 2020).<\/p>\n<p>\u2192 Une troisi\u00e8me vague dont le <strong>pic \u00e9pid\u00e9mique a \u00e9t\u00e9 estim\u00e9 \u00e0 la mi-avril 2021.<\/strong>\u00a0<\/p>\n<p>\u00c0 ce jour, la France compte cinq variants\u00a0qualifi\u00e9s de pr\u00e9occupants (VOC) en raison de leur transmissibilit\u00e9 augment\u00e9e et\/ou d&rsquo;un risque d&rsquo;\u00e9chappement \u00e0 la r\u00e9ponse immunitaire. Trois d&rsquo;entre eux, les variants Alpha\u00a0(ayant \u00e9merg\u00e9 au <strong>Royaume-Uni),<\/strong>\u00a0Beta\u00a0(ayant \u00e9merg\u00e9 en<strong> Afrique du Sud<\/strong>) et Gamma (ayant \u00e9merg\u00e9 au<strong> Br\u00e9sil)<\/strong>, circulent en France depuis le d\u00e9but de l&rsquo;ann\u00e9e 2021. Le quatri\u00e8me VOC (20I\/484K ou 20I\/484Q selon le type de mutation), ayant \u00e9merg\u00e9 au Royaume-Uni d\u00e9but 2021, \u00e9tait peu d\u00e9tect\u00e9 en France jusqu&rsquo;\u00e0 la mi-mars, mais les donn\u00e9es de s\u00e9quen\u00e7age montrent une transmission communautaire dans plusieurs r\u00e9gions. Le variant Delta, initialement d\u00e9tect\u00e9<strong> en Inde<\/strong> en d\u00e9cembre 2020, a \u00e9t\u00e9 class\u00e9 VOC le 11\u00a0mai par l&rsquo;OMS et le 12\u00a0mai 2021\u00a0par l&rsquo;analyse de risque conjointe CNR\/SpFrance.\u00a0<\/p>\n<div class=\"ccminsert\">\n<aside class=\"app_widget_fo app_widget_fo--call\">\n<ul>\n<li>\n                <a href=\"https:\/\/sante.journaldesfemmes.fr\/fiches-maladies\/2667643-carte-covid-19-france-departement-direct-monde-europe-vaccination-voyage-monde-pays-couleur\/\" class=\"jGTMWidgetGAEventClick\" data-gtmwidgetgaeventaction=\"clickWidgetCall\" data-gtmwidgetgaeventlabel=\"CARTE COVID\u00a0: France, Europe, r\u00e9gion, couleur, incidence, voyage\"><\/p>\n<figure><picture><source media=\"(max-width: 480px)\" srcset=\"https:\/\/img-3.journaldesfemmes.fr\/wOkEzZ7tjZ_CsofdOft-nv2eQN8=\/160x105\/smart\/2491cb3db62c4791bcf74c65f7828d13\/ccmcms-jdf\/25850871.png\" width=\"160\" height=\"105\"><img decoding=\"async\" src=\"https:\/\/img-3.journaldesfemmes.fr\/5BvnXWFyhHBaiwysCST6xftBxrQ=\/200x132\/smart\/2491cb3db62c4791bcf74c65f7828d13\/ccmcms-jdf\/25850871.png\" alt=\"\" width=\"200\" height=\"132\" loading=\"lazy\"\/><\/source><\/picture><figcaption>\n<h3>CARTE COVID\u00a0: France, Europe, r\u00e9gion, couleur, incidence, voyage<\/h3>\n<p>CARTE CORONAVIRUS &#8211; Les cartes confirment la baisse de circulation du Covid-19\u00a0en France, en Europe et dans le monde.\u00a0Incidence par r\u00e9gion, ville, d\u00e9partement, zone rouge, par couleur des pays pour voyager.. Les derni\u00e8res images en direct.<\/p>\n<\/figcaption><\/figure>\n<p><\/a>\n            <\/li>\n<\/ul>\n<\/aside>\n<\/div>\n<p>Le Premier ministre a annonc\u00e9 le 16 juin\u00a0la lev\u00e9e du<strong>\u00a0couvre-feu dimanche\u00a020\u00a0juin<\/strong> (dernier couvre-feu samedi soir) <strong>ainsi que<\/strong><strong>\u00a0l&rsquo;obligation du port du masque en ext\u00e9rieur <\/strong>sauf <em>\u00ab\u00a0quand on se regroupe, qu&rsquo;on se trouve dans un march\u00e9, dans une file d&rsquo;attente ou encore dans la tribune d&rsquo;un stade\u00a0\u00bb.<\/em> Le port du masque reste obligatoire dans les lieux clos. Il est aussi<strong>\u00a0lev\u00e9\u00a0dans les cours d&rsquo;\u00e9cole jeudi 17\u00a0juin<\/strong>, mais pas dans les classes.<\/p>\n<p>Une r\u00e9ouverture de la France en 4\u00a0\u00e9tapes\u00a0: Emmanuel Macron a d\u00e9voil\u00e9 son plan de r\u00e9ouverture de la France \u00e0 la presse quotidienne r\u00e9gionale et au Parisien\u00a0le 28 avril.\u00a0<\/p>\n<table border=\"1\" cellpadding=\"1\" cellspacing=\"1\" style=\"width:100%;\">\n<thead>\n<tr>\n<th scope=\"col\" style=\"width: 102px; text-align: center;\">DATES CLES<\/th>\n<th scope=\"col\" style=\"width: 892px; text-align: center;\">NOUVELLES MESURES<\/th>\n<\/tr>\n<\/thead>\n<tbody>\n<tr>\n<td style=\"width: 102px;\"><strong>17 juin<\/strong><\/td>\n<td style=\"width: 892px;\">\n<p>Le port du masque n&rsquo;est plus obligatoire en ext\u00e9rieur sauf dans les situations de regroupements de personnes, et notamment\u00a0:<\/p>\n<ul>\n<li>Lieux rassemblant un grand nombre de personnes<\/li>\n<li>Files d&rsquo;attente<\/li>\n<li>March\u00e9s<\/li>\n<li>Tribunes de stades<\/li>\n<\/ul>\n<p>Le port du masque reste obligatoire dans les lieux clos, comme les bureaux, les commerces, les transports en commun, les mus\u00e9es, les salles de spectacles, les cin\u00e9mas et les salles de restaurants au cours des d\u00e9placements.<\/p>\n<\/td>\n<\/tr>\n<tr>\n<td style=\"width: 102px;\"><strong>20 juin<\/strong><\/td>\n<td style=\"width: 892px;\">\n<p><strong>fin du couvre-feu\u00a0<\/strong>(initialement pr\u00e9vu le 30), donc fin de l&rsquo;attestation de d\u00e9placement<\/p>\n<\/td>\n<\/tr>\n<tr>\n<td style=\"width: 102px;\"><a id=\"reouverture-30-juin\" name=\"reouverture-30-juin\"><strong>30 juin<\/strong><\/a><\/td>\n<td style=\"width: 892px;\">\n<p>Fin des limites de jauge dans les lieux recevant du public (selon la situation sanitaire locale).<\/p>\n<p>Reprise des concerts debout (jauge de 75% et pr\u00e9sentation du pass sanitaire) et des festivals de plein air o\u00f9 le public se tient debout\u00a0avec une jauge de 4m<sup>2<\/sup>\u00a0par festivalier et le pass sanitaire sera exig\u00e9 au-del\u00e0 de 1\u00a0000\u00a0personnes.<\/p>\n<p>Possibilit\u00e9 de participer \u00e0 un \u00e9v\u00e9nement rassemblant plus de 1\u00a0000\u00a0personnes en ext\u00e9rieur et en int\u00e9rieur avec le pass sanitaire.<\/p>\n<p>Reprise des comp\u00e9titions sportives de plein air pour les pratiquants amateurs\u00a0dans la limite de 2\u00a0500\u00a0personnes (pass sanitaire\u00a0exig\u00e9 au-del\u00e0 de 1\u00a0000\u00a0personnes)<\/p>\n<\/td>\n<\/tr>\n<tr>\n<td style=\"width: 102px;\"><strong>9 juillet<\/strong><\/td>\n<td style=\"width: 892px;\"><strong>R\u00e9ouverture des discoth\u00e8ques <\/strong>(jauge de 75% en int\u00e9rieur et pass sanitaire)<\/td>\n<\/tr>\n<\/tbody>\n<\/table>\n<p>La vaccination contre la Covid-19\u00a0se poursuit en France avec les vaccins Pfizer-BioNTech,\u00a0Moderna,\u00a0AstraZeneca et Janssen (chez les m\u00e9decins g\u00e9n\u00e9ralistes,\u00a0au travail et en pharmacie). Au 28\u00a0juin,<strong>\u00a021\u00a0735\u00a0972\u00a0Fran\u00e7ais ont un sch\u00e9ma vaccinal complet.<\/strong> La prise de<strong> rendez-vous<\/strong> est possible sur les sites Internet <strong>Doctolib, Maiia et KelDoc<\/strong> et peut aussi se faire en contactant par t\u00e9l\u00e9phone le <strong>centre de vaccination<\/strong> le plus proche de chez soi (liste disponible sur\u00a0<a href=\"https:\/\/www.sante.fr\/centres-vaccination-covid.html\" target=\"_blank\" rel=\"noopener noreferrer\">Sante.fr<\/a>).\u00a0En cas de difficult\u00e9, le num\u00e9ro vert national\u00a0:<strong> 0\u00a0800\u00a0009\u00a0110<\/strong>,\u00a0permet d&rsquo;\u00eatre redirig\u00e9 vers le standard t\u00e9l\u00e9phonique d&rsquo;un centre ou d&rsquo;obtenir un accompagnement \u00e0 la prise de rendez-vous.<\/p>\n<div style=\"text-align:center\">\n<figure class=\"image\" style=\"display:inline-block\"><a class=\"fancy\" href=\"https:\/\/img-3.journaldesfemmes.fr\/2ujcVh6oGjeQpIKMmF6HEQQkaQA=\/1080x\/smart\/f34a0010252f416f83a7f6e7fa593ee4\/ccmcms-jdf\/25824982.png\"><img decoding=\"async\" alt=\"Nombre quotidien de personnes compl\u00e8tement vaccin\u00e9es\" src=\"https:\/\/img-3.journaldesfemmes.fr\/BXGQMr4y41DuNvgS34bNgdGsEMo=\/600x\/smart\/f34a0010252f416f83a7f6e7fa593ee4\/ccmcms-jdf\/25824982.png\"\/><\/a><figcaption data-credit=\"Gouvernement.fr\" data-legend=\"Nombre quotidien de personnes compl\u00e8tement vaccin\u00e9es\">Nombre quotidien de personnes compl\u00e8tement vaccin\u00e9es <small>\u00a9\u00a0Gouvernement.fr<\/small><\/figcaption><\/figure>\n<\/div>\n<aside id=\"NL_2116119310\" class=\"newsletter_subscription jNlBlock\"><noscript><br \/>\n            <\/noscript><\/p>\n<h3 class=\"newsletter_subscription-title\">Newsletter <\/h3>\n<p><a href=\"\/\/mailing.ccmbg.com\/archive\/last-85\" target=\"_blank\" class=\"a_hover\" rel=\"noopener noreferrer\">Voir un exemple<\/a><\/p>\n<\/aside>\n<p>Les<strong> Europ\u00e9ens vaccin\u00e9s<\/strong> contre le Covid-19\u00a0peuvent entrer en France sans test PCR<strong> depuis le 9\u00a0juin. <\/strong>Une\u00a0preuve de test n\u00e9gatif (PCR ou antig\u00e9nique) sera toujours exig\u00e9e pour les voyageurs en provenance du Royaume-Uni et des Etats-Unis. A partir du 9\u00a0juin \u00e9galement, les flux de voyageurs entre la France et les <strong>pays \u00e9trangers <\/strong>seront rouverts selon des modalit\u00e9s de chaque\u00a0pays\u00a0et de la vaccination.<\/p>\n<section>\n<p>Le d\u00e9pistage du Covid-19 est r\u00e9alis\u00e9 en France par <strong>RT-PCT<\/strong> et par tests <strong>antig\u00e9niques<\/strong>. Depuis le 11 f\u00e9vrier, les <strong>tests salivaires<\/strong> sont d\u00e9ploy\u00e9s dans les\u00a0\u00e9tablissements scolaires et peuvent \u00eatre utilis\u00e9s en premi\u00e8re intention pour d\u00e9pister la Covid-19, conform\u00e9ment aux recommandations de la <a href=\"https:\/\/www.has-sante.fr\/jcms\/p_3237053\/fr\/tests-rt-pcr-salivaires-la-has-etend-leur-utilisation-et-definit-les-modalites-pratiques-de-realisation\" target=\"_blank\" rel=\"noopener noreferrer\">HAS<\/a>. Depuis le 12 avril, des <strong>autotests <\/strong>Covid sont aussi disponibles en vente libre dans les pharmacies fran\u00e7aises (non rembours\u00e9) et peuvent \u00eatre utilis\u00e9s dans les \u00e9coles. <em>\u00ab\u00a0Il reste d\u00e9terminant que chaque personne pr\u00e9sentant des sympt\u00f4mes \u00e9vocateurs de COVID-19\u00a0s&rsquo;isole imm\u00e9diatement et r\u00e9alise un test diagnostique dans les plus brefs d\u00e9lais\u00a0\u00bb<\/em> rappelle Sant\u00e9 Publique France dans ses bulletins hebdomadaires.<\/p>\n<div class=\"ccminsert\">\n<aside class=\"app_widget_fo app_widget_fo--call\">\n<ul>\n<li>\n                <a href=\"https:\/\/sante.journaldesfemmes.fr\/fiches-maladies\/2623965-coronavirus-test-covid-pcr-salivaire-antigenique-pharmacie-sans-rdv-resultats-ou-faire-serologique\/\" class=\"jGTMWidgetGAEventClick\" data-gtmwidgetgaeventaction=\"clickWidgetCall\" data-gtmwidgetgaeventlabel=\"Test Covid-19\u00a0: PCR, salivaire, antig\u00e9nique, o\u00f9 le faire\u00a0?\"><\/p>\n<figure><picture><source media=\"(max-width: 480px)\" srcset=\"https:\/\/img-3.journaldesfemmes.fr\/YCOCFDcpMnz_8GFBP8WmZ4cAYhA=\/160x105\/smart\/b13d1f4facdd4bcba8fdf4e07d9e1adb\/ccmcms-jdf\/25229315.jpg\" width=\"160\" height=\"105\"><img decoding=\"async\" src=\"https:\/\/img-3.journaldesfemmes.fr\/3RuKuaK-wwmp_FmKo2K2ocijwDI=\/200x132\/smart\/b13d1f4facdd4bcba8fdf4e07d9e1adb\/ccmcms-jdf\/25229315.jpg\" alt=\"\" width=\"200\" height=\"132\" loading=\"lazy\"\/><\/source><\/picture><figcaption>\n<h3>Test Covid-19\u00a0: PCR, salivaire, antig\u00e9nique, o\u00f9 le faire\u00a0?<\/h3>\n<p>PCR, antig\u00e9nique, salivaire, autotest&#8230; Plusieurs tests de d\u00e9pistage de la Covid-19\u00a0sont disponibles en France. Le plus fiable est le test PCR nasal. Des tests s\u00e9rologiques TROD vont aussi se d\u00e9ployer en centre de vaccination. Test n\u00e9gatif pour le pass sanitaire, pour savoir si on a eu le Covid, test en pharmacie, au laboratoire, d\u00e9lai de r\u00e9sultats&#8230; Guide.<\/p>\n<\/figcaption><\/figure>\n<p><\/a>\n            <\/li>\n<\/ul>\n<\/aside>\n<\/div>\n<p>Si au d\u00e9but, on ne parlait que de <strong>fi\u00e8vre<\/strong>, toux s\u00e8che, rhume, \u00e9tat grippal et de fatigue, les sympt\u00f4mes de l&rsquo;infection par le coronavirus ont \u00e9volu\u00e9. On sait d\u00e9sormais que le virus peut avoir des <strong>effets sur la peau<\/strong> (urticaire, l\u00e9sions inflammatoires sur les orteils), la sph\u00e8re digestive (vomissements, diarrh\u00e9es&#8230;), <strong>l&rsquo;odorat<\/strong>, le <strong>go\u00fbt <\/strong>et m\u00eame le cerveau.<em> <\/em><\/p>\n<p>\u2192<strong> Chaque personne pr\u00e9sentant des sympt\u00f4mes \u00e9vocateurs de COVID-19 doit s&rsquo;isoler imm\u00e9diatement et r\u00e9aliser un test diagnostique<\/strong> dans les plus brefs d\u00e9lais (sans avoir d&rsquo;ordonnance).<\/p>\n<p>\u2192<strong> <\/strong><strong>Appeler le\u00a015\u00a0en cas de\u00a0difficult\u00e9s respiratoires\u00a0: \u00ab\u00a0<\/strong><em>Si la toux et la\u00a0fi\u00e8vre s&rsquo;accompagnent d&rsquo;une g\u00eane respiratoire qui devient permanente avec souffle court, difficult\u00e9 \u00e0 inspirer et \u00e0 expirer, d&rsquo;une aggravation importante de la toux, cela peut signifier une \u00e9volution de la maladie sous la forme d&rsquo;une pneumopathie. Il s&rsquo;agit alors d&rsquo;une urgence respiratoire potentielle et comme dans tous les cas d&rsquo;urgence, il faut alors appeler le 15\u00a0qui prendra les meilleures dispositions pour r\u00e9pondre \u00e0 la situation\u00a0\u00bb, <\/em>pr\u00e9vient le Dr\u00a0Patrick Aub\u00e9, m\u00e9decin g\u00e9n\u00e9raliste. \u00a0<\/p>\n<div class=\"ccminsert\">\n<aside class=\"app_widget_fo app_widget_fo--list app_widget_fo--list-2-col\">\n<ul>\n<li>\n<h3>\n                    <a href=\"https:\/\/sante.journaldesfemmes.fr\/fiches-maladies\/2696267-covid-long-c-est-quoi-symptomes-contagieux-fatigue-prise-en-charge-france-traitement-vaccination\/\" class=\"jGTMWidgetGAEventClick\" data-gtmwidgetgaeventaction=\"clickWidgetListOnTwoColumns\" data-gtmwidgetgaeventlabel=\"Covid long\u00a0: sympt\u00f4mes, vaccination, contagieux ou pas\u00a0?\"><br \/>\n                        Covid long\u00a0: sympt\u00f4mes, vaccination, contagieux ou pas\u00a0?<br \/>\n                    <\/a><br \/>\n                <\/h3>\n<\/li>\n<li>\n<h3>\n                    <a href=\"https:\/\/sante.journaldesfemmes.fr\/fiches-sante-du-quotidien\/2627657-perte-odorat-anosmie-symptome-covid-19-duree-definition-cause-traitement-reeducation\/\" class=\"jGTMWidgetGAEventClick\" data-gtmwidgetgaeventaction=\"clickWidgetListOnTwoColumns\" data-gtmwidgetgaeventlabel=\"Perte de l'odorat\u00a0(anosmie)\u00a0: sympt\u00f4mes du Covid, dur\u00e9e, r\u00e9\u00e9ducation\"><br \/>\n                        Perte de l&rsquo;odorat\u00a0(anosmie)\u00a0: sympt\u00f4mes du Covid, dur\u00e9e, r\u00e9\u00e9ducation<br \/>\n                    <\/a><br \/>\n                <\/h3>\n<\/li>\n<li>\n<h3>\n                    <a href=\"https:\/\/sante.journaldesfemmes.fr\/fiches-maladies\/2625903-porteur-sain-covid-19-coronavirus-asymptomatique-definition-duree-isolement-anticorps-isolement-test\/\" class=\"jGTMWidgetGAEventClick\" data-gtmwidgetgaeventaction=\"clickWidgetListOnTwoColumns\" data-gtmwidgetgaeventlabel=\"Porteur sain Covid\u00a0(asymptomatique)\u00a0: d\u00e9finition, test, isolement\"><br \/>\n                        Porteur sain Covid\u00a0(asymptomatique)\u00a0: d\u00e9finition, test, isolement<br \/>\n                    <\/a><br \/>\n                <\/h3>\n<\/li>\n<li>\n<h3>\n                    <a href=\"https:\/\/sante.journaldesfemmes.fr\/fiches-maladies\/2665621-angine-ou-covid-19-symptomes-signes-fievre-mal-gorge-test-difference-contagion\/\" class=\"jGTMWidgetGAEventClick\" data-gtmwidgetgaeventaction=\"clickWidgetListOnTwoColumns\" data-gtmwidgetgaeventlabel=\"Angine ou Covid-19\u00a0: sympt\u00f4mes, diff\u00e9rences, test, contagion\"><br \/>\n                        Angine ou Covid-19\u00a0: sympt\u00f4mes, diff\u00e9rences, test, contagion<br \/>\n                    <\/a><br \/>\n                <\/h3>\n<\/li>\n<li>\n<h3>\n                    <a href=\"https:\/\/sante.journaldesfemmes.fr\/fiches-maladies\/2701631-probleme-maladie-foie-covid-atteinte-cancer-complication-sequelles-symptomes-risque-vaccination\/\" class=\"jGTMWidgetGAEventClick\" data-gtmwidgetgaeventaction=\"clickWidgetListOnTwoColumns\" data-gtmwidgetgaeventlabel=\"Probl\u00e8me au foie et Covid\u00a0: risques, s\u00e9quelles, vaccination\"><br \/>\n                        Probl\u00e8me au foie et Covid\u00a0: risques, s\u00e9quelles, vaccination<br \/>\n                    <\/a><br \/>\n                <\/h3>\n<\/li>\n<li>\n<h3>\n                    <a href=\"https:\/\/sante.journaldesfemmes.fr\/fiches-maladies\/2701633-fievre-covid-duree-obligatoire-que-faire-que-prendre-combien-temperature\/\" class=\"jGTMWidgetGAEventClick\" data-gtmwidgetgaeventaction=\"clickWidgetListOnTwoColumns\" data-gtmwidgetgaeventlabel=\"Fi\u00e8vre et Covid\u00a0: dur\u00e9e, temp\u00e9rature, est-ce obligatoire\u00a0?\"><br \/>\n                        Fi\u00e8vre et Covid\u00a0: dur\u00e9e, temp\u00e9rature, est-ce obligatoire\u00a0?<br \/>\n                    <\/a><br \/>\n                <\/h3>\n<\/li>\n<li>\n<h3>\n                    <a href=\"https:\/\/sante.journaldesfemmes.fr\/fiches-maladies\/2661241-rhume-ou-covid-19-symptomes-tableau-differences-ecole-que-faire-comment-savoir-travail\/\" class=\"jGTMWidgetGAEventClick\" data-gtmwidgetgaeventaction=\"clickWidgetListOnTwoColumns\" data-gtmwidgetgaeventlabel=\"Rhume ou Covid-19\u00a0: sympt\u00f4mes, tableau, \u00e9cole, que faire\u00a0?\"><br \/>\n                        Rhume ou Covid-19\u00a0: sympt\u00f4mes, tableau, \u00e9cole, que faire\u00a0?<br \/>\n                    <\/a><br \/>\n                <\/h3>\n<\/li>\n<li>\n<h3>\n                    <a href=\"https:\/\/sante.journaldesfemmes.fr\/fiches-maladies\/2626825-covid-ou-allergie-pollen-coronavirus-asthme-symptomes-toux-yeux-traitement\/\" class=\"jGTMWidgetGAEventClick\" data-gtmwidgetgaeventaction=\"clickWidgetListOnTwoColumns\" data-gtmwidgetgaeventlabel=\"Covid ou allergie au pollen\u00a0: sympt\u00f4mes, diff\u00e9rences, traitements\"><br \/>\n                        Covid ou allergie au pollen\u00a0: sympt\u00f4mes, diff\u00e9rences, traitements<br \/>\n                    <\/a><br \/>\n                <\/h3>\n<\/li>\n<li>\n<h3>\n                    <a href=\"https:\/\/sante.journaldesfemmes.fr\/fiches-maladies\/2676955-covid-19-ou-gastro-enterite-difference-symptomes-fievre-diarrhee-que-faire-complications\/\" class=\"jGTMWidgetGAEventClick\" data-gtmwidgetgaeventaction=\"clickWidgetListOnTwoColumns\" data-gtmwidgetgaeventlabel=\"Covid\u00a0ou gastro-ent\u00e9rite\u00a0: sympt\u00f4mes, quelles diff\u00e9rences\u00a0?\"><br \/>\n                        Covid\u00a0ou gastro-ent\u00e9rite\u00a0: sympt\u00f4mes, quelles diff\u00e9rences\u00a0?<br \/>\n                    <\/a><br \/>\n                <\/h3>\n<\/li>\n<li>\n<h3>\n                    <a href=\"https:\/\/sante.journaldesfemmes.fr\/fiches-sante-du-quotidien\/2627543-perte-gout-agueusie-covid-19-def-duree-cause-partielle-traitement-soigner\/\" class=\"jGTMWidgetGAEventClick\" data-gtmwidgetgaeventaction=\"clickWidgetListOnTwoColumns\" data-gtmwidgetgaeventlabel=\"Perte du go\u00fbt (agueusie)\u00a0: dur\u00e9e, Covid, comment soigner\u00a0?\"><br \/>\n                        Perte du go\u00fbt (agueusie)\u00a0: dur\u00e9e, Covid, comment soigner\u00a0?<br \/>\n                    <\/a><br \/>\n                <\/h3>\n<\/li>\n<\/ul>\n<\/aside>\n<\/div>\n<table border=\"1\" cellpadding=\"1\" cellspacing=\"1\" style=\"width:100%;\">\n<thead>\n<tr>\n<th scope=\"col\" style=\"text-align: center;\"><a id=\"date-cle-epidemie-covid-france-confinement\" name=\"date-cle-epidemie-covid-france-confinement\"><strong>DATES CL\u00c9S DE L&rsquo;\u00c9PID\u00c9MIE EN FRANCE<\/strong><\/a><\/th>\n<\/tr>\n<\/thead>\n<tbody>\n<tr>\n<td>\n<p><u><strong>2019<\/strong><\/u><\/p>\n<ul>\n<li><strong>31\u00a0d\u00e9cembre 2019,<\/strong> l&rsquo;Organisation mondiale de la Sant\u00e9 en Chine est inform\u00e9e de plusieurs cas de pneumonies dans la ville de Wuhan. 44\u00a0personnes sont infect\u00e9es entre cette date et le 3\u00a0janvier 2020.<\/li>\n<\/ul>\n<p><u><strong>2020<\/strong><\/u><\/p>\n<ul>\n<li><strong>7\u00a0janvier 2020, <\/strong>les autorit\u00e9s chinoises identifient un \u00ab\u00a0nouveau type de coronavirus\u00a0\u00bb.<\/li>\n<li><strong>13\u00a0janvier, <\/strong>un cas import\u00e9 est recens\u00e9 en Tha\u00eflande.<\/li>\n<li><strong>15\u00a0janvier<\/strong>, le virus cause\u00a0la mort d&rsquo;<strong>une premi\u00e8re\u00a0personne \u00e0 Wuhan<\/strong>, un homme de 69\u00a0ans.\u00a0<\/li>\n<li><strong>23\u00a0janvier,<\/strong> trois villes chinoises dont Wuhan sont plac\u00e9es en quarantaine.<\/li>\n<li><strong>25\u00a0janvier, trois personnes\u00a0contamin\u00e9es sont recens\u00e9es en France<\/strong>, deux \u00e0 Paris et une Bordeaux. Ce sont les premiers cas enregistr\u00e9s sur le continent europ\u00e9en.<\/li>\n<li><strong>30\u00a0janvier, <\/strong>l&rsquo;Organisation mondiale de la Sant\u00e9 <strong>d\u00e9cr\u00e8te\u00a0l&rsquo;<a href=\"https:\/\/sante.journaldesfemmes.fr\/fiches-maladies\/2608035-urgence-de-sante-publique-de-portee-internationale-definition-oms-coronavirus\/\" target=\"_blank\" rel=\"noopener noreferrer\">urgence de sant\u00e9 mondiale<\/a><\/strong>.\u00a0Cette mesure n&rsquo;avait \u00e9t\u00e9 d\u00e9cr\u00e9t\u00e9e que 5\u00a0fois depuis sa cr\u00e9ation (pour Ebola (deux fois), la grippe H1N1, Zika et la poliomy\u00e9lite).\u00a0<\/li>\n<li><strong>23\u00a0f\u00e9vrier, <\/strong>la France d\u00e9clenche le <a href=\"https:\/\/sante.journaldesfemmes.fr\/fiches-maladies\/2622449-plan-orsan-reb-definition-signification-qui-declenche-coronavirus-definition-duree\/\" target=\"_blank\" rel=\"noopener noreferrer\">plan ORSAN<\/a>, un dispositif exceptionnel d&rsquo;organisation des soins.<\/li>\n<li><strong>28\u00a0f\u00e9vrier,<\/strong> la France passe en stade 2\u00a0de l&rsquo;\u00e9pid\u00e9mie.<\/li>\n<li><strong>11\u00a0mars, <\/strong>l&rsquo;OMS classifie de <strong>pand\u00e9mie <\/strong>la diffusion de la maladie \u00e0 coronavirus Covid-19\u00a0dans le monde.<\/li>\n<li><strong>12\u00a0mars<\/strong>, le pr\u00e9sident de la R\u00e9publique Emmanuel Macron annonce la fermeture nationale des cr\u00e8ches et \u00e9tablissements scolaires de France \u00e0 compter du 16\u00a0mars et \u00ab\u00a0jusqu&rsquo;\u00e0 nouvel ordre\u00a0\u00bb.<\/li>\n<li><strong>14\u00a0mars<\/strong>, la France passe au <a href=\"https:\/\/sante.journaldesfemmes.fr\/fiches-maladies\/2625289-coronavirus-covid-19-stade-1-2-3-4-duree-mesure-france-signification-quand\/\" target=\"_blank\" rel=\"noopener noreferrer\"><strong>stade 3 <\/strong><\/a>de l&rsquo;\u00e9pid\u00e9mie.<\/li>\n<li><strong>16\u00a0mars\u00a0:\u00a0la France met en place un premier\u00a0confinement interdisant les d\u00e9placements.<\/strong><\/li>\n<li><strong>26\u00a0mars<\/strong>, un premier cas jeune meurt en France, une adolescente de 16\u00a0ans, en Ile-de-France originaire de Morsang-sur-Orge.<\/li>\n<li><strong>27\u00a0mars,<\/strong> le confinement de la population fran\u00e7aise est renouvel\u00e9 jusqu&rsquo;au 15\u00a0avril.<\/li>\n<li><strong>13\u00a0avril,<\/strong> Emmanuel Macron annonce le prolongement du confinement jusqu&rsquo;au 11\u00a0mai.<\/li>\n<li><strong>11\u00a0mai, la France commence son d\u00e9confinement.<\/strong><\/li>\n<li><strong>20\u00a0juillet,<\/strong>\u00a0le <strong>port du masque est rendu obligatoire <\/strong>dans les lieux publics clos en France.<\/li>\n<li><strong>17 octobre,<\/strong>\u00a0un <strong>couvre-feu <\/strong>est instaur\u00e9 dans 9 territoires fran\u00e7ais (Paris-Ile-de-France, Rouen, Grenoble, Lille, Lyon, Aix-Marseille, Montpellier, Saint-Etienne, Toulouse).<\/li>\n<li><strong>29 octobre<\/strong>\u00a0:<strong> un deuxi\u00e8me confinement est instaur\u00e9 en France.<\/strong><\/li>\n<li><strong>28 novembre : <\/strong>r\u00e9ouverture des commerces non essentiels un mois avant les f\u00eates de fin d&rsquo;ann\u00e9e.<\/li>\n<li><strong>15 d\u00e9cembre : d\u00e9confinement <\/strong>avec\u00a0couvre-feu de 20 heures \u00e0 6 heures du matin.<\/li>\n<li><strong>24 d\u00e9cembre<\/strong> <strong>: autorisation du vaccin Pfizer-BioNTech en France.<\/strong><\/li>\n<li><strong>27 d\u00e9cembre :<\/strong> d\u00e9but de la vaccination en France avec le vaccin Pfizer BioNTech.<\/li>\n<\/ul>\n<p><u><strong>2021<\/strong><\/u><\/p>\n<ul>\n<li><strong>8 janvier 2021<\/strong> <strong>:\u00a0autorisation du vaccin Moderna en France.<\/strong><\/li>\n<li><strong>31 janvier\u00a0<\/strong>: fermeture des fronti\u00e8res de la France\u00a0aux pays ext\u00e9rieurs \u00e0 l&rsquo;Union europ\u00e9enne<\/li>\n<li><strong>2 f\u00e9vrier<\/strong>\u00a0<strong>:\u00a0autorisation du vaccin AstraZeneca en France<\/strong>.<\/li>\n<li><strong>11 f\u00e9vrier : <\/strong>d\u00e9ploiement des tests salivaires dans les \u00e9tablissements scolaires.<\/li>\n<li><strong>12 mars :\u00a0autorisation du\u00a0vaccin\u00a0Johnson&amp;Johnson.<\/strong><\/li>\n<li><strong>16 mars <\/strong>: autorisation des autotests en France.<\/li>\n<li><strong>19 mars :<\/strong> confinement de 16 d\u00e9partements pour une dur\u00e9e de 4 semaines. Le couvre-feu repasse \u00e0 19 heures dans toute la France au lieu de 18 heures.<\/li>\n<li><strong>25 mars<\/strong> :\u00a0confinement de 3 nouveaux d\u00e9partements pour une dur\u00e9e de 4\u00a0semaines.<\/li>\n<li><strong>3 avril\u00a0: la France met en place son troisi\u00e8me confinement,<\/strong>\u00a0les \u00e9coles ferment pour trois semaines, les d\u00e9placements sont limit\u00e9s \u00e0 10 km.<\/li>\n<li><strong>12 avril :<\/strong> ouverture de la vaccination\u00a0\u00e0 tous les Fran\u00e7ais \u00e2g\u00e9s de\u00a055\u00a0ans ou plus.<\/li>\n<li><strong>3 mai : premi\u00e8re \u00e9tape du d\u00e9confinement <\/strong>avec la<strong>\u00a0<\/strong>fin de l&rsquo;attestation de d\u00e9placement et de la limitation des d\u00e9placements \u00e0 10 km. Le couvre-feu est en vigueur de 19h \u00e0 6h.<\/li>\n<li><strong>10 mai <\/strong>: ouverture de la vaccination aux plus de 50 ans.<\/li>\n<li><strong>19 mai :<\/strong>\u00a0deuxi\u00e8me \u00e9tape du d\u00e9confinement avec la r\u00e9ouverture des lieux essentiels ferm\u00e9s (terrasses des bars et restaurants, mus\u00e9es, cin\u00e9mas, th\u00e9\u00e2tres, commerces&#8230;) et couvre-feu de 21 h \u00e0 6 h.\u00a0<\/li>\n<li><strong>31 mai :<\/strong> ouverture de la vaccination \u00e0 toutes les personnes majeures, sans aucune condition.\u00a0<\/li>\n<li><strong>9 juin : <\/strong>troisi\u00e8me \u00e9tape du d\u00e9confinement avec la r\u00e9ouverture de plusieurs lieux (piscines, salles de sport, restaurants, bars, parcs d&rsquo;attractions&#8230;), la mise en place d&rsquo;un couvre-feu de 23h \u00e0 6h et du pass sanitaire national.\u00a0<\/li>\n<li><strong>17 juin <\/strong>: fin de l&rsquo;obligation de porter le masque en ext\u00e9rieur.<\/li>\n<li><strong>20 juin :<\/strong> fin du couvre-feu.<\/li>\n<\/ul>\n<\/td>\n<\/tr>\n<\/tbody>\n<\/table>\n<p><em>Cet article est mis \u00e0 jour quotidiennement par <a href=\"https:\/\/www.journaldesfemmes.fr\/account\/ablaize-11409696\" target=\"_blank\" rel=\"noopener noreferrer\">Aur\u00e9lie Blaize<\/a>, <a href=\"https:\/\/www.journaldesfemmes.fr\/account\/anaisthiebaux-10573564\" target=\"_blank\" rel=\"noopener noreferrer\">Ana\u00efs Thi\u00e9baux<\/a> et <a href=\"https:\/\/www.journaldesfemmes.fr\/account\/samanthapages-11598093\" target=\"_blank\" rel=\"noopener noreferrer\">Samantha Pag\u00e8s<\/a>.\u00a0<\/em><\/p>\n<\/section>\n<\/div>\n<p>[ad_2]<br \/>\n<br \/><a href=\"https:\/\/sante.journaldesfemmes.fr\/fiches-maladies\/2605417-covid-19-france-chiffres-nombre-cas-deces-direct-bilan-du-jour-vaccination-variant-delta\/\">Source link <\/a><\/p>\n","protected":false},"excerpt":{"rendered":"<p>[ad_1] CORONAVIRUS DIRECT &#8211; L&rsquo;\u00e9pid\u00e9mie continue sa d\u00e9crue. Le nombre de personnes hospitalis\u00e9es est en baisse, sous la barre des &hellip; <a href=\"http:\/\/www.affinite.fr\/index.php\/2021\/06\/28\/hospitalisations-en-baisse-derniers-chiffres-2\/\" class=\"more-link\">Plus <span class=\"screen-reader-text\">hospitalisations en baisse, derniers chiffres<\/span> <span class=\"meta-nav\">&rarr;<\/span><\/a><\/p>\n","protected":false},"author":1,"featured_media":6592,"comment_status":"open","ping_status":"open","sticky":false,"template":"","format":"standard","meta":{"_sitemap_exclude":false,"_sitemap_priority":"","_sitemap_frequency":"","footnotes":""},"categories":[1],"tags":[],"class_list":["post-6591","post","type-post","status-publish","format-standard","has-post-thumbnail","hentry","category-tous"],"_links":{"self":[{"href":"http:\/\/www.affinite.fr\/index.php\/wp-json\/wp\/v2\/posts\/6591"}],"collection":[{"href":"http:\/\/www.affinite.fr\/index.php\/wp-json\/wp\/v2\/posts"}],"about":[{"href":"http:\/\/www.affinite.fr\/index.php\/wp-json\/wp\/v2\/types\/post"}],"author":[{"embeddable":true,"href":"http:\/\/www.affinite.fr\/index.php\/wp-json\/wp\/v2\/users\/1"}],"replies":[{"embeddable":true,"href":"http:\/\/www.affinite.fr\/index.php\/wp-json\/wp\/v2\/comments?post=6591"}],"version-history":[{"count":0,"href":"http:\/\/www.affinite.fr\/index.php\/wp-json\/wp\/v2\/posts\/6591\/revisions"}],"wp:featuredmedia":[{"embeddable":true,"href":"http:\/\/www.affinite.fr\/index.php\/wp-json\/wp\/v2\/media\/6592"}],"wp:attachment":[{"href":"http:\/\/www.affinite.fr\/index.php\/wp-json\/wp\/v2\/media?parent=6591"}],"wp:term":[{"taxonomy":"category","embeddable":true,"href":"http:\/\/www.affinite.fr\/index.php\/wp-json\/wp\/v2\/categories?post=6591"},{"taxonomy":"post_tag","embeddable":true,"href":"http:\/\/www.affinite.fr\/index.php\/wp-json\/wp\/v2\/tags?post=6591"}],"curies":[{"name":"wp","href":"https:\/\/api.w.org\/{rel}","templated":true}]}}