{"id":6575,"date":"2021-06-24T21:55:22","date_gmt":"2021-06-24T21:55:22","guid":{"rendered":"https:\/\/www.affinite.fr\/index.php\/2021\/06\/24\/le-variant-delta-progresse-derniers-chiffres\/"},"modified":"2021-06-24T21:55:22","modified_gmt":"2021-06-24T21:55:22","slug":"le-variant-delta-progresse-derniers-chiffres","status":"publish","type":"post","link":"http:\/\/www.affinite.fr\/index.php\/2021\/06\/24\/le-variant-delta-progresse-derniers-chiffres\/","title":{"rendered":"le variant Delta progresse, derniers chiffres"},"content":{"rendered":"<p> [ad_1]<br \/>\n<\/p>\n<p>\n                CORONAVIRUS DIRECT &#8211; Le nombre de patients hospitalis\u00e9s pour Covid-19\u00a0en France continue de d\u00e9cro\u00eetre, alors que le variant Delta se diffuse en France, notamment dans les Landes, et d\u00e9sormais dans le Bas-Rhin. Il repr\u00e9sente 9\u00a0\u00e0 10% des cas dans toute la France. \u00ab\u00a0Nous devons tous \u00eatre vigilants\u00a0\u00bb a pr\u00e9venu Emmanuel Macron jeudi. Chiffres et infos en direct.            <\/p>\n<div>\n<aside class=\"ccmsummary marqueur_module ccmcss_cms_summary ccmcss_cms_summary--right\">\n<p>\u00a0Sommaire<\/p>\n<\/aside>\n<p><strong>[Mis\u00a0\u00e0 jour le jeudi 24\u00a0juin \u00e0 21h58<\/strong><b>]<\/b>\u00a0Si les <strong>chiffres <\/strong>de l&rsquo;\u00e9pid\u00e9mie de Covid sont toujours <strong>au vert en France<\/strong>, l<strong>&lsquo;inqui\u00e9tude <\/strong>se confirme sur la <strong>diffusion du variant Delta <\/strong>pr\u00e9sent dans 75 pays d&rsquo;Europe (majoritaire en Angleterre o\u00f9 il repr\u00e9sente 90% des cas de Covid) et apparu initialement en Inde en octobre 2020.\u00a0Il\u00a0<em>\u00ab\u00a0repr\u00e9sente<strong> 9\u00a0\u00e0 10% des contaminations en France<\/strong>\u00ab\u00a0<\/em>, a annonc\u00e9 Gabriel Attal, le porte-parole du gouvernement \u00e0 l&rsquo;issue du Conseil des ministres et du Conseil de d\u00e9fense mercredi. Il repr\u00e9senterait<strong> 12 \u00e0 13% des nouveaux cas de Covid dans la r\u00e9gion Ile-de-France <\/strong>mais c&rsquo;est dans les <strong>Landes <\/strong>que la situation inqui\u00e8te le plus. Selon\u00a0l&rsquo;<a href=\"https:\/\/www.nouvelle-aquitaine.ars.sante.fr\/communique-de-presse-covid-19-la-necessite-de-se-faire-vacciner-rapidement-pour-eviter-la\" target=\"_blank\" rel=\"noopener noreferrer\">ARS Nouvelle-Aquitaine<\/a>, le variant Delta y\u00a0repr\u00e9sente <strong>30% des cas positifs<\/strong>.<strong>\u00a0\u00ab\u00a0<em>Nous devons tous \u00eatre vigilants parce que le variant Delta arrive<\/em>\u00ab\u00a0,<\/strong> a <strong>pr\u00e9venu\u00a0Emmanuel Macron <\/strong>jeudi lors d&rsquo;une r\u00e9union avec les\u00a0chefs d&rsquo;\u00c9tat de l&rsquo;Union europ\u00e9enne et le secr\u00e9taire g\u00e9n\u00e9ral des Nations unies \u00e0 Bruxelles <em>\u00ab\u00a0On le voit qui<strong> touche les personnes qui ne sont pas vaccin\u00e9es ou qui n&rsquo;ont qu&rsquo;une seule dose<\/strong>, ce qui nous impose d&rsquo;\u00eatre encore plus rapide dans cette campagne de vaccination<\/em>.\u00a0\u00bb Quels sont les derniers chiffres de l&rsquo;\u00e9pid\u00e9mie ?\u00a0<span style=\"font-size: 1rem;\">Que disent les\u00a0<\/span><a data-auth=\"NotApplicable\" href=\"https:\/\/sante.journaldesfemmes.fr\/fiches-maladies\/2667643-carte-covid-19-france-departement-direct-monde-europe-temps-reel-vaccination-voyage-monde-pays\/\" rel=\"noopener noreferrer\" style=\"font-size: 1rem; background-color: rgb(255, 255, 255);\" target=\"_blank\">cartes<\/a><span style=\"font-size: 1rem;\"> de suivi de l&rsquo;\u00e9pid\u00e9mie\u00a0? Quels sont les <\/span><a href=\"https:\/\/sante.journaldesfemmes.fr\/fiches-maladies\/2630075-symptomes-coronavirus-covid-19-mal-gorge-rhume-que-faire-variant-premier-apparition-duree\/\" style=\"font-size: 1rem; background-color: rgb(255, 255, 255);\" target=\"_blank\" rel=\"noopener noreferrer\">sympt\u00f4mes du coronavirus<\/a><span style=\"font-size: 1rem;\"> ? Quand <\/span><a href=\"https:\/\/sante.journaldesfemmes.fr\/fiches-maladies\/2621211-isolement-covid-19-variant-anglais-7-10-jours-cas-contact-duree-declarer-certificat-attestation\/\" style=\"font-size: 1rem; background-color: rgb(255, 255, 255);\" target=\"_blank\" rel=\"noopener noreferrer\">s&rsquo;isoler et combien de temps<\/a><span style=\"font-size: 1rem;\"> ?\u00a0<\/span><a data-auth=\"NotApplicable\" href=\"https:\/\/sante.journaldesfemmes.fr\/fiches-maladies\/2629823-taux-de-reproduction-covid-france-coronavirus-r0-r-effectif-calcul-carte-definition-juin-2021\/\" rel=\"noopener noreferrer\" style=\"font-size: 1rem; background-color: rgb(255, 255, 255);\" target=\"_blank\">Quel est le taux de R0\u00a0du virus<\/a><span style=\"font-size: 1rem;\">\u00a0? Quand est-on <\/span><a href=\"https:\/\/sante.journaldesfemmes.fr\/fiches-maladies\/2679521-contagion-covid-19-combien-de-temps-jours-duree-asymptomatique-symptomes-incubation-contagieux\/\" style=\"font-size: 1rem; background-color: rgb(255, 255, 255);\" target=\"_blank\" rel=\"noopener noreferrer\">contagieux<\/a><span style=\"font-size: 1rem;\"> ? Que sait-on des\u00a0<\/span><a href=\"https:\/\/sante.journaldesfemmes.fr\/fiches-maladies\/2620433-vaccin-coronavirus-covid-19-pfizer-moderna-astrazeneca-johnson-janssen-efficacite-guillain-barre-myocardite\/\" style=\"font-size: 1rem; background-color: rgb(255, 255, 255);\" target=\"_blank\" rel=\"noopener noreferrer\">vaccins<\/a><span style=\"font-size: 1rem;\">\u00a0? Des\u00a0<\/span><a href=\"https:\/\/sante.journaldesfemmes.fr\/fiches-maladies\/2686947-effet-secondaire-vaccin-covid-pfizer-moderna-astrazeneca-janssen-2-e-dose-duree-france-myocardite\/\" style=\"font-size: 1rem; background-color: rgb(255, 255, 255);\" target=\"_blank\" rel=\"noopener noreferrer\">effets secondaires<\/a><span style=\"font-size: 1rem;\">\u00a0apr\u00e8s la vaccination\u00a0? Chiffres et infos du jour.<\/span><\/p>\n<ul>\n<li><strong>Eviter une 4e vague.<\/strong> Invit\u00e9 sur <em>LCI<\/em> ce jeudi soir,\u00a0Bruno Lina, virologue et membre du conseil scientifique indique qu&rsquo;une \u00ab\u00a0<em>quatri\u00e8me vague n&rsquo;est pas forc\u00e9ment inexorable et sa temporalit\u00e9 peut \u00eatre d\u00e9cal\u00e9e\u00a0\u00bb, <\/em>\u00e0 condition d&rsquo;acc\u00e9l\u00e9rer\u00a0la campagne de vaccination pour<em>\u00a0\u00ab\u00a0avoir cette immunit\u00e9 qui va s&rsquo;installer et on freinera la circulation du virus<\/em>\u00a0\u00bb explique t-il, avant de conclure que \u00ab\u00a0<em>Cette pand\u00e9mie sera termin\u00e9e quand tout le monde aura des anticorps contre ce virus<\/em>.\u00a0\u00bb Le virologue pr\u00e9cise que \u00ab\u00a0<em>Les personnes qui sont vaccin\u00e9es avec deux doses ont une protection (contre le variant Delta) qui est quasi \u00e9quivalente avec les autres virus\u00a0\u00bb.\u00a0\u00ab\u00a0En revanche, avec une seule dose, on est un petit peu moins bien prot\u00e9g<\/em>\u00e9\u00a0\u00bb a t-il soulign\u00e9.<\/li>\n<li><strong>20 millions de personnes vaccin\u00e9es<\/strong>. 20 124 046\u00a0de personnes ont un sch\u00e9ma vaccinal complet. Au total, 32\u00a0913 322\u00a0personnes ont re\u00e7u au moins une injection (soit 48,8% de la population totale et 62,2% de la population majeure).\u00a0La journ\u00e9e de jeudi marque \u00e9galement le cap des 50\u00a0millions d&rsquo;injections r\u00e9alis\u00e9es depuis le d\u00e9but de la campagne de vaccination.<\/li>\n<li><strong>Le nombre de primo-vaccin\u00e9s baisse.<\/strong> Alors que la France r\u00e9alise en moyenne 700 000 injections de vaccin chaque jour, le nombre de premi\u00e8re injection d\u00e9cro\u00eet, avec une moyenne\u00a0de 200 000 personnes primo-vaccin\u00e9es quotidiens cette semaine, contre 400 000 par jour d\u00e9but juin. Cette d\u00e9c\u00e9l\u00e9ration de la vaccination a \u00e9t\u00e9 d\u00e9plor\u00e9e par le Premier ministre jeudi, alors que le variant Delta progresse en France.<\/li>\n<li><strong>Transmission du variant Delta chez les jeunes. <\/strong>Selon\u00a0Sylvie Quelet, responsable au sein de l&rsquo;Agence r\u00e9gionale de sant\u00e9 (ARS) de Nouvelle-Aquitaine sur\u00a0<em>franceinfo<\/em>,\u00a0\u00ab\u00a0<em>Les d\u00e9pistages montrent que les jeunes de moins de 15\u00a0ans sont tr\u00e8s touch\u00e9s<\/em> (par le variant Delta). <em>Ces jeunes ont souvent des formes asymptomatiques, ils ont souvent beaucoup de contacts, donc \u00e7a diffuse tout doucement dans la population\u00a0\u00bb, <\/em>a t-elle pr\u00e9venu.<\/li>\n<li><strong>Port du masque aux Festivals d&rsquo;Avignon.<\/strong> Le port du masque sera obligatoire\u00a0dans toute la ville fortifi\u00e9e lors des\u00a0Festivals In et Off d&rsquo;Avignon,\u00a0du 5\u00a0au 31\u00a0juillet. En revanche, aucune jauge n&rsquo;est impos\u00e9e, les salles pourront accueillir 100% du public \u00ab\u00a0dans le respect de la distanciation sociale et des gestes barri\u00e8res\u00a0\u00bb, selon le protocole sanitaire d\u00e9voil\u00e9 ce jeudi, et un\u00a0pass sanitaire (preuve de vaccination, test PCR n\u00e9gatif de moins de 48h ou test positif de plus de 15\u00a0jours et moins de 6\u00a0mois) sera n\u00e9cessaire aux\u00a01.000\u00a0personnes qui acc\u00e8deront\u00a0\u00e0 la Cour d&rsquo;honneur du Palais des Papes.<\/li>\n<li><strong>Le variant Delta progresse\u00a0dans le Bas-Rhin. <\/strong>12 cas positifs au\u00a0variant Delta ont \u00e9t\u00e9 identifi\u00e9s dans une entreprise de Dettwiller pr\u00e8s de Saverne, dans le Bas-Rhin, selon une information des <em>Derni\u00e8res Nouvelles d&rsquo;Alsace<\/em>. Une op\u00e9ration de tra\u00e7age est en cours pour d\u00e9terminer le nombre de cas contacts. Le Bas-Rhin a \u00e9t\u00e9 plac\u00e9 sous surveillance mercredi, suite \u00e0 l&rsquo;augmentation des cas de variant Delta : 60 cas, contre 35\u00a0la semaine derni\u00e8re.<\/li>\n<li><strong>Troubles neurologiques possibles. <\/strong>Selon une \u00e9tude n\u00e9erlandaise publi\u00e9e dans la revue am\u00e9ricaine <em>mSphere<\/em> sp\u00e9cialis\u00e9e en microbiologie, l&rsquo;infection des neurones par le SARS-CoV-2 \u00ab\u00a0c<em>onduit rarement \u00e0 une enc\u00e9phalite s\u00e9v\u00e8re<\/em>\u00ab\u00a0, pr\u00e9cise Debby van Riel, chercheuse en virologie \u00e0 l&rsquo;h\u00f4pital Erasmus MC, \u00e0 Rotterdam, \u00ab\u00a0<em>mais\u00a0le fait que le SARS-CoV-2\u00a0puisse \u00e9ventuellement p\u00e9n\u00e9trer dans le cerveau via le nerf olfactif et infecter localement les cellules, ce qui entra\u00eene \u00e0 son tour une r\u00e9ponse inflammatoire, peut certainement contribuer \u00e0 des troubles neurologiques<\/em>\u00ab\u00a0, indique t-elle dans le communiqu\u00e9. A travers le monde, plusieurs malades du Covid-19 ayant d\u00e9velopp\u00e9 des troubles neurologiques et psychiatriques, tels que des probl\u00e8mes de m\u00e9moire, de maux de t\u00eate, de psychoses rares et d&rsquo;enc\u00e9phalites (inflammation du tissu c\u00e9r\u00e9bral)\u00a0dans les six mois suivant l&rsquo;infection, ont \u00e9t\u00e9 signal\u00e9.<\/li>\n<li><strong>Vaccination des soignants.<\/strong> Lors de son d\u00e9placement dans les Landes, jeudi, le Premier ministre Jean Castex a indiqu\u00e9 qu&rsquo;il \u00e9tait<em> \u00ab\u00a0imp\u00e9ratif\u00a0\u00bb <\/em>de<em>\u00a0\u00ab\u00a0faire progresser\u00a0\u00bb<\/em> la vaccination des soignants, suite \u00e0 la survenue d&rsquo;un cluster dans un Ehpad des Landes. <em>\u00ab\u00a0Qui peut comprendre que le virus entre dans un EHPAD, l\u00e0 o\u00f9 il y a les personnes les plus fragiles, par l&rsquo;interm\u00e9diaire de ceux dont c&rsquo;est la mission est de les accompagner, de les prot\u00e9ger. Il y a eu des progr\u00e8s, mais ce n&rsquo;est pas suffisant\u00a0\u00bb,<\/em> a-t-il d\u00e9clar\u00e9.\u00a0<\/li>\n<li><strong>Situation \u00ab\u00a0difficile\u00a0\u00bb dans les Landes. <\/strong>En d\u00e9placement jeudi dans les Landes, Jean Castex a d\u00e9clar\u00e9 que <em>\u00ab\u00a0la situation dans les Landes est difficile, mais pas catastrophique. On a observ\u00e9 une reprise de l&rsquo;\u00e9pid\u00e9mie qui d\u00e9passe le seuil de 50\u00a0cas pour 100\u00a0000\u00a0habitants et on a identifi\u00e9 en nombre limit\u00e9, mais suffisant, la pr\u00e9sence de ce variant delta. Il ne faudrait pas que cette situation pr\u00e9figure le d\u00e9veloppement de ce variant\u00a0\u00bb <\/em>sur le territoire fran\u00e7ais.<\/li>\n<li><strong>27% des op\u00e9rations d\u00e9programm\u00e9es non reprogramm\u00e9es. <\/strong>Selon une enqu\u00eate de l&rsquo;<a href=\"https:\/\/www.quechoisir.org\/actualite-operations-medicales-deprogrammees-infographie-les-retards-se-sont-accumules-n92566\/\" target=\"_blank\" rel=\"noopener noreferrer\">UFC Que Choisir,<\/a> 27% des op\u00e9rations d\u00e9programm\u00e9es entre mars 2020 et mars 2021 n&rsquo;ont pas \u00e9t\u00e9 reprogramm\u00e9es. 90% des op\u00e9rations ont \u00e9t\u00e9 d\u00e9programm\u00e9es par le chirurgien, 10% par le patient. Le principal motif invoqu\u00e9 pour l&rsquo;annulation de l&rsquo;intervention \u00e9tait les consignes officielles.\u00a0Les deux autres raisons avanc\u00e9es avaient aussi trait \u00e0 l&rsquo;\u00e9pid\u00e9mie\u00a0: soit les <strong>soins pr\u00e9vus \u00e9taient jug\u00e9s non prioritaires <\/strong>et pouvaient attendre une accalmie, soit le <strong>m\u00e9decin \u00e9tait mobilis\u00e9 dans la lutte contre l&rsquo;\u00e9pid\u00e9mie <\/strong>et ne pouvait se consacrer aux soins courants.<\/li>\n<li><strong>Appel \u00e0 la vaccination en Aquitaine contre le variant Delta. <\/strong>Dans un <a href=\"https:\/\/www.nouvelle-aquitaine.ars.sante.fr\/communique-de-presse-covid-19-la-necessite-de-se-faire-vacciner-rapidement-pour-eviter-la\" target=\"_blank\" rel=\"noopener noreferrer\">communiqu\u00e9<\/a> du 23 juin, l&rsquo;ARS de Nouvelle-Aquitaine s&rsquo;inqui\u00e8te des 30% de cas positifs au variant Delta dans les Landes, 20% au niveau de la r\u00e9gion et<em><strong> <\/strong>\u00ab\u00a0invite fortement toute la population, les<strong> jeunes<\/strong> mais \u00e9galement <strong>les plus fragiles (+ de 50\u00a0ans et personnes \u00e0 risque),<\/strong> \u00e0 se faire vacciner le plus rapidement possible. Des cr\u00e9neaux sont disponibles dans les centres de vaccination\u00a0\u00bb.<\/em> \u00ab\u00a0<em>La vaccination se montre efficace\u00a0avec\u00a0une r\u00e9duction du risque de forme grave de 70% apr\u00e8s une injection et de<strong> plus de 90% apr\u00e8s deux injections<\/strong>\u00ab\u00a0<\/em> indique l&rsquo;agence.<em>\u00a0<\/em>Parall\u00e8lement, l&rsquo;ARS annonce jeudi 24 juin, le d\u00e9ploiement d&rsquo;autotests et de tests salivaires dans les \u00e9coles.<\/li>\n<\/ul>\n<ul>\n<li><strong>10 pays passent en zone verte. <\/strong>Selon le <a href=\"https:\/\/www.legifrance.gouv.fr\/jorf\/id\/JORFTEXT000043694700\" target=\"_blank\" rel=\"noopener noreferrer\">Journal Officiel<\/a>, 10 pays passent en zone verte et sont donc accessible pour <a href=\"http:\/\/www.affinite.fr\/index.php\/2023\/07\/29\/changer-de-vie-voyager-complement-de-retraite-devenez-vendeur-de-glace-a-litalienne\/\">voyager<\/a> sans motif imp\u00e9rieux ni d&rsquo;auto-isolement\u00a0:\u00a0l&rsquo;Albanie, l&rsquo;Arabie saoudite, la Bosnie, Hongkong, le Kosovo, la Mac\u00e9doine du Nord, le Mont\u00e9n\u00e9gro, la Serbie, Ta\u00efwan et\u00a0Vanuatu.<\/li>\n<li><strong>Pr\u00e9vision sur le variant Delta.<\/strong>\u00a0Le variant Delta, d\u00e9tect\u00e9 initialement en Inde, repr\u00e9sentera 70% des nouvelles infections dans l&rsquo;Union Europ\u00e9enne\u00a0d&rsquo;ici d\u00e9but ao\u00fbt, et 90% d&rsquo;ici fin ao\u00fbt, a estim\u00e9 mercredi le Centre Europ\u00e9en de pr\u00e9vention et de contr\u00f4le des maladies (ECDC) selon ses mod\u00e9lisations.<\/li>\n<\/ul>\n<p><a id=\"chiffres-covid-france-gouvernement\" name=\"chiffres-covid-france-gouvernement\" style=\"font-size: 1.125rem; background-color: rgb(255, 255, 255);\">Quels sont les chiffres de l&rsquo;\u00e9pid\u00e9mie de Covid en France ?<\/a><br \/>Les chiffres de l&rsquo;\u00e9pid\u00e9mie de Covid-19 en France sont publi\u00e9s quotidiennement par le site <a href=\"http:\/\/www.gouvernement.fr\/info-coronavirus\/carte-et-donnees\" target=\"_blank\" rel=\"noopener noreferrer\">Carte-et-donn\u00e9es<\/a> du gouvernement et par <a href=\"https:\/\/www.santepubliquefrance.fr\/dossiers\/coronavirus-covid-19\/coronavirus-chiffres-cles-et-evolution-de-la-covid-19-en-france-et-dans-le-monde\" target=\"_blank\" rel=\"noopener noreferrer\">Sant\u00e9 Publique France<\/a>.<\/p>\n<p><a id=\"covid-france-chiffre-du-jour-bilan\" name=\"covid-france-chiffre-du-jour-bilan\" style=\"font-size: 1.125rem; background-color: rgb(255, 255, 255);\" target=\"_blank\" rel=\"noopener noreferrer\">Quels sont les chiffres du jour ?<\/a><\/p>\n<section>\n<table border=\"1\" cellpadding=\"1\" cellspacing=\"1\" style=\"width:100%;\">\n<thead>\n<tr>\n<th scope=\"col\" style=\"width: 205px; text-align: center;\">\u00a0<\/th>\n<th scope=\"col\" style=\"width: 205px; text-align: center;\">Nombre de cas de Covid<\/th>\n<th scope=\"col\" style=\"width: 229px; text-align: center;\">Nombre de morts du Covid<\/th>\n<th scope=\"col\" style=\"width: 244px; text-align: center;\">Nombre de personnes en soins critiques<\/th>\n<th scope=\"col\" style=\"width: 119px; text-align: center;\">R0<\/th>\n<\/tr>\n<\/thead>\n<tbody>\n<tr>\n<td style=\"width: 205px;\"><strong>Au 24 juin 2021<\/strong><\/td>\n<td style=\"width: 205px; text-align: center;\"><span style=\"font-size: 1rem;\">5\u00a0764 329<\/span><\/td>\n<td style=\"width: 229px; text-align: center;\">110\u00a0935 (84 479 \u00e0 l&rsquo;h\u00f4pital)<\/td>\n<td style=\"width: 244px; text-align: center;\">1439<\/td>\n<td style=\"width: 119px; text-align: center;\">0,5<\/td>\n<\/tr>\n<\/tbody>\n<\/table>\n<table border=\"1\" cellpadding=\"1\" cellspacing=\"1\" style=\"width:100%;\">\n<thead>\n<tr>\n<th scope=\"col\" style=\"width: 205px; text-align: center;\">Nombre de cas de Covid (24 juin)<\/th>\n<th scope=\"col\" style=\"width: 229px; text-align: center;\"><a id=\"cas-covid-24-heures\" name=\"cas-covid-24-heures\">Evolution sur 24 heures<\/a><\/th>\n<th scope=\"col\" style=\"width: 244px; text-align: center;\">Nombre moyen de nouveaux cas confirm\u00e9s quotidiens (20 juin)<\/th>\n<th scope=\"col\" style=\"width: 244px; text-align: center;\">Taux d&rsquo;incidence (21 juin)<\/th>\n<th scope=\"col\" style=\"width: 197px; text-align: center;\">Evolution du taux d&rsquo;incidence sur 7 jrs<\/th>\n<\/tr>\n<tr>\n<td style=\"width: 205px; text-align: center;\"><span style=\"font-size: 1rem;\">5\u00a0764 329<\/span><\/td>\n<td style=\"width: 229px; text-align: center;\">+2007<\/td>\n<td style=\"width: 244px; text-align: center;\">1\u00a0585<\/td>\n<td style=\"width: 244px; text-align: center;\">22,2\/100 000 habitants<\/td>\n<td style=\"width: 197px; text-align: center;\">-37,1%<\/td>\n<\/tr>\n<\/thead>\n<\/table>\n<p>La diminution du nombre de d\u00e9clarations de nouvelles hospitalisations et d&rsquo;admissions en services de soins critiques, constat\u00e9e depuis la semaine 15 (12-18 avril), se poursuit. Voici les chiffres \u00e0 jour selon\u00a0le <a href=\"https:\/\/www.gouvernement.fr\/info-coronavirus\/carte-et-donnees\" target=\"_blank\" rel=\"noopener noreferrer\">site du\u00a0gouvernement<\/a>\u00a0et\u00a0<a href=\"https:\/\/dashboard.covid19.data.gouv.fr\/vue-d-ensemble?location=FRA\" target=\"_blank\" rel=\"noopener noreferrer\">Data-gouv.fr<\/a>.\u00a0<\/p>\n<table border=\"1\" cellpadding=\"1\" cellspacing=\"1\" style=\"width:100%;\">\n<thead>\n<tr>\n<th scope=\"col\" style=\"width: 205px; text-align: center;\">\u00a0<\/th>\n<th scope=\"col\" style=\"width: 205px; text-align: center;\">Nombre de patients Covid hospitalis\u00e9s\u00a0<\/th>\n<th scope=\"col\" style=\"width: 229px; text-align: center;\">Nombre moyen de nouvelles hospitalisations quotidiennes<\/th>\n<th scope=\"col\" style=\"width: 244px; text-align: center;\">Nombre de patients Covid en soins critiques<\/th>\n<th scope=\"col\" style=\"width: 244px; text-align: center;\">Nombre moyen de nouvelles entr\u00e9es en soins critiques quotidiennes<\/th>\n<\/tr>\n<tr>\n<td style=\"width: 205px; text-align: center;\"><strong>Au 24 juin<\/strong><\/td>\n<td style=\"width: 205px; text-align: center;\">9 392<\/td>\n<td style=\"width: 229px; text-align: center;\">147 (-38,5% en 7 jours)<\/td>\n<td style=\"width: 244px; text-align: center;\">1439<\/td>\n<td style=\"width: 244px; text-align: center;\">37 (-28,9% en 7 jours)<\/td>\n<\/tr>\n<\/thead>\n<\/table>\n<h3><u>Nombre de personnes actuellement hospitalis\u00e9es par r\u00e9gion au 24\u00a0juin<\/u><u>\u00a02021 (source : gouvernement.fr)<\/u><\/h3>\n<table align=\"center\" border=\"1\" cellpadding=\"1\" cellspacing=\"1\" style=\"width:100%;\">\n<thead>\n<tr>\n<th scope=\"col\" style=\"width: 260px;\">R\u00e9gion<\/th>\n<th scope=\"col\" style=\"width: 283px;\">Nombre de personnes actuellement hospitalis\u00e9es<\/th>\n<th scope=\"col\" style=\"width: 220px;\">Evolution en 7 jours<\/th>\n<\/tr>\n<\/thead>\n<tbody>\n<tr>\n<td style=\"width: 260px;\"><strong>Auvergne-Rh\u00f4ne-Alpes<\/strong><\/td>\n<td style=\"width: 283px;\">931<\/td>\n<td style=\"width: 220px;\">-21,5 %<\/td>\n<\/tr>\n<tr>\n<td style=\"width: 260px;\"><strong>Hauts-de-France<\/strong><\/td>\n<td style=\"width: 283px;\">1 298<\/td>\n<td style=\"width: 220px;\">-15,1 %<\/td>\n<\/tr>\n<tr>\n<td style=\"width: 260px;\"><strong>Provence-Alpes-C\u00f4te d&rsquo;Azur<\/strong><\/td>\n<td style=\"width: 283px;\">912<\/td>\n<td style=\"width: 220px;\">-14 %<\/td>\n<\/tr>\n<tr>\n<td style=\"width: 260px;\"><strong>Grand Est<\/strong><\/td>\n<td style=\"width: 283px;\">762<\/td>\n<td style=\"width: 220px;\">-15,1 %<\/td>\n<\/tr>\n<tr>\n<td style=\"width: 260px;\"><strong>Occitanie<\/strong><\/td>\n<td style=\"width: 283px;\">540<\/td>\n<td style=\"width: 220px;\">-11 %<\/td>\n<\/tr>\n<tr>\n<td style=\"width: 260px;\"><strong><a href=\"http:\/\/www.affinite.fr\/index.php\/2024\/11\/21\/construire-votre-maison-en-normandie\/\">Normandie<\/a><\/strong><\/td>\n<td style=\"width: 283px;\">640<\/td>\n<td style=\"width: 220px;\">-15 %<\/td>\n<\/tr>\n<tr>\n<td style=\"width: 260px;\"><strong>Nouvelle-Aquitaine<\/strong><\/td>\n<td style=\"width: 283px;\">471<\/td>\n<td style=\"width: 220px;\">-14,4 %<\/td>\n<\/tr>\n<tr>\n<td style=\"width: 260px;\"><strong>Centre-Val de Loire<\/strong><\/td>\n<td style=\"width: 283px;\">289<\/td>\n<td style=\"width: 220px;\">-22,9 %<\/td>\n<\/tr>\n<tr>\n<td style=\"width: 260px;\"><strong>Bourgogne-Franche-Comt\u00e9<\/strong><\/td>\n<td style=\"width: 283px;\">409<\/td>\n<td style=\"width: 220px;\">-11,5 %\u00a0<\/td>\n<\/tr>\n<tr>\n<td style=\"width: 260px;\"><strong>Bretagne<\/strong><\/td>\n<td style=\"width: 283px;\">343<\/td>\n<td style=\"width: 220px;\">-8,5 %<\/td>\n<\/tr>\n<tr>\n<td style=\"width: 260px;\"><strong>Corse<\/strong><\/td>\n<td style=\"width: 283px;\">27<\/td>\n<td style=\"width: 220px;\">-10<b>\u00a0<\/b>%<\/td>\n<\/tr>\n<tr>\n<td style=\"width: 260px;\"><strong>Pays de la Loire<\/strong><\/td>\n<td style=\"width: 283px;\">210<\/td>\n<td style=\"width: 220px;\">-25,8 %<\/td>\n<\/tr>\n<tr>\n<td style=\"width: 260px;\"><strong>\u00cele-de-France<\/strong><\/td>\n<td style=\"width: 283px;\">2 192<\/td>\n<td style=\"width: 220px;\">-15,9 %<\/td>\n<\/tr>\n<tr>\n<td style=\"width: 260px;\"><strong>Guadeloupe<\/strong><\/td>\n<td style=\"width: 283px;\">92<\/td>\n<td style=\"width: 220px;\">-8 %\u00a0<\/td>\n<\/tr>\n<tr>\n<td style=\"width: 260px;\"><strong>Martinique<\/strong><\/td>\n<td style=\"width: 283px;\">16<\/td>\n<td style=\"width: 220px;\">-36 %<\/td>\n<\/tr>\n<tr>\n<td style=\"width: 260px;\"><strong>Guyane<\/strong><\/td>\n<td style=\"width: 283px;\">118<\/td>\n<td style=\"width: 220px;\">+2,6 %<\/td>\n<\/tr>\n<tr>\n<td style=\"width: 260px;\"><strong>La R\u00e9union<\/strong><\/td>\n<td style=\"width: 283px;\">141<\/td>\n<td style=\"width: 220px;\">-7,8 %<\/td>\n<\/tr>\n<tr>\n<td style=\"width: 260px;\"><strong>Mayotte<\/strong><\/td>\n<td style=\"width: 283px;\">1<\/td>\n<td style=\"width: 220px;\">-80 %<\/td>\n<\/tr>\n<\/tbody>\n<\/table>\n<\/section>\n<p>La mortalit\u00e9 li\u00e9e \u00e0 la COVID-19 a faibli. <strong>110 935 d\u00e9c\u00e8s sont recens\u00e9s au 24\u00a0juin\u00a0<\/strong>dont 84\u00a0479 \u00e0 l&rsquo;h\u00f4pital\u00a0(+45 au cours des 24\u00a0derni\u00e8res heures), selon les chiffres de <a href=\"https:\/\/www.santepubliquefrance.fr\/dossiers\/coronavirus-covid-19\/coronavirus-chiffres-cles-et-evolution-de-la-covid-19-en-france-et-dans-le-monde\" target=\"_blank\" rel=\"noopener noreferrer\">Sant\u00e9 Publique France<\/a>. Ce chiffre ne comprend pas les d\u00e9c\u00e8s \u00e0 domicile.\u00a0<\/p>\n<p>\u25ba Le nombre de d\u00e9c\u00e8s toutes causes et tous \u00e2ges confondus \u00e9tait dans les marges de fluctuation habituelle en semaines 20\u00a0et 21\u00a0apr\u00e8s pr\u00e8s de huit mois d&rsquo;exc\u00e8s de mortalit\u00e9 \u00e0 l&rsquo;\u00e9chelle nationale. Les <strong>d\u00e9c\u00e8s de patients COVID-19\u00a0hospitalis\u00e9s<\/strong> \u00e9taient toujours en diminution en semaine 23\u00a0(<strong>-35%<\/strong>) et ceux survenus dans les \u00e9tablissements sociaux et m\u00e9dico-sociaux (ESMS) restaient \u00e0 un niveau tr\u00e8s faible.\u00a0Les <strong>plus forts taux de d\u00e9c\u00e8s<\/strong> actuellement par r\u00e9gion rapport\u00e9s \u00e0 la population \u00e9taient observ\u00e9s dans les <strong>Hauts-de-France<\/strong> (0,8\/100\u00a0000), en <strong>\u00cele-de-France<\/strong> (0,7) et dans le <strong>Grand Est<\/strong> (0,7).<\/p>\n<ul>\n<li>L&rsquo;\u00e2ge m\u00e9dian au d\u00e9c\u00e8s est de 85\u00a0ans<\/li>\n<li>93% des personnes d\u00e9c\u00e9d\u00e9es du Covid \u00e0 l&rsquo;h\u00f4pital avaient 65\u00a0ans et plus.<\/li>\n<li>Les hommes repr\u00e9sentent 55% de ces d\u00e9c\u00e8s.<\/li>\n<\/ul>\n<div style=\"text-align:center\">\n<figure class=\"image\" style=\"display:inline-block\"><a class=\"fancy\" href=\"https:\/\/img-3.journaldesfemmes.fr\/4STPoyyfc6MF4WYTaKqeEoputxk=\/1080x\/smart\/8eb81a1f2ffb4e5390a86be982236855\/ccmcms-jdf\/25563185.jpg\"><img decoding=\"async\" alt=\"courbe-covid-deces-morts-france\" src=\"https:\/\/img-3.journaldesfemmes.fr\/4STPoyyfc6MF4WYTaKqeEoputxk=\/1080x\/smart\/8eb81a1f2ffb4e5390a86be982236855\/ccmcms-jdf\/25563185.jpg\"\/><\/a><figcaption data-credit=\"Sant\u00e9 Publique France\"><small>\u00a9\u00a0Sant\u00e9 Publique France<\/small><\/figcaption><\/figure>\n<\/div>\n<p><a id=\"covid-19-france-evolution-courbe\" name=\"covid-19-france-evolution-courbe\" style=\"font-size: 1.125rem; background-color: rgb(255, 255, 255); font-family: Raleway, sans-serif;\" target=\"_blank\" rel=\"noopener noreferrer\">Courbe : comment \u00e9volue\u00a0l&rsquo;\u00e9pid\u00e9mie en France ?<\/a><\/p>\n<p><strong><em>\u00ab\u00a0La situation sanitaire s&rsquo;am\u00e9liore plus vite que nous l&rsquo;avions esp\u00e9r\u00e9\u00a0\u00bb\u00a0<\/em><\/strong>a annonc\u00e9 Jean Castex le 16 juin \u00e0 la sortie du Conseil des ministres. Le niveau de circulation virale est similaire \u00e0 celui d&rsquo;ao\u00fbt 2020\u00a0avec environ 5000\u00a0nouveaux pas jour de Covid. Cette<strong> am\u00e9lioration <\/strong><em><strong>\u00ab\u00a0concerne l&rsquo;ensemble du territoire<\/strong> m\u00e9tropolitaine<\/em>\u00ab\u00a0. La\u00a0<strong>pression sur le syst\u00e8me hospitalier a <\/strong><em><strong>\u00ab\u00a0enfin fortement baiss\u00e9<\/strong>\u00ab\u00a0. <\/em><\/p>\n<div style=\"text-align:center\">\n<figure class=\"image\" style=\"display:inline-block\"><a class=\"fancy\" href=\"https:\/\/img-3.journaldesfemmes.fr\/fK1YrHQXlhZWjF8xu73BoA7f8lc=\/1080x\/smart\/2c1c1c045c284ac5bad8c97a0fc95027\/ccmcms-jdf\/25563177.jpg\" target=\"_blank\" rel=\"noopener noreferrer\"><img decoding=\"async\" alt=\"courbe-covid-nombre-de-cas-france\" src=\"https:\/\/img-3.journaldesfemmes.fr\/fK1YrHQXlhZWjF8xu73BoA7f8lc=\/1080x\/smart\/2c1c1c045c284ac5bad8c97a0fc95027\/ccmcms-jdf\/25563177.jpg\"\/><\/a><figcaption data-credit=\"Sant\u00e9 Publique France\"><small>\u00a9\u00a0Sant\u00e9 Publique France<\/small><\/figcaption><\/figure>\n<\/div>\n<p><strong>En semaine 23 (7-13 juin) selon Sant\u00e9 Publique France :<\/strong><\/p>\n<ul>\n<li>Diminution de la circulation du SARS-CoV-2\u00a0dans toutes les r\u00e9gions.<\/li>\n<li>Diminution des taux d&rsquo;incidence, d&rsquo;hospitalisations et d&rsquo;admissions en soins critiques<\/li>\n<li>Mortalit\u00e9 toutes causes \u00e0 nouveau dans les valeurs attendues au niveau national<\/li>\n<li>M\u00e9tropole\u00a0: forte diminution de la circulation virale dans l&rsquo;ensemble des r\u00e9gions<\/li>\n<li>Outre-mer\u00a0: taux d&rsquo;incidence restant \u00e9lev\u00e9 en Guyane et \u00e0 La R\u00e9union<\/li>\n<li>Le variant Alpha est toujours majoritaire.<\/li>\n<li>Il y a une \u00e9mergence du variant Delta\u00a0\u00a0avec plusieurs foyers de transmission communautaire document\u00e9s.<\/li>\n<\/ul>\n<p><strong>Pour rappel, la France a connu trois \u00ab\u00a0vagues\u00a0\u00bb \u00e9pid\u00e9miques depuis janvier 2020 :\u00a0<\/strong><\/p>\n<p>\u2192 Une premi\u00e8re vague marqu\u00e9e par un\u00a0<strong>pic \u00e9pid\u00e9mique<\/strong>\u00a0au cours de la\u00a0<strong>semaine du 6\u00a0au 12\u00a0avril 2020<\/strong>, soit 15\u00a0jours\u00a0apr\u00e8s la mise en \u0153uvre du premier\u00a0confinement de la population (le 17\u00a0mars 2020).<\/p>\n<p>\u2192 Une deuxi\u00e8me vague marqu\u00e9e par un\u00a0<strong>pic au cours de la semaine du<\/strong>\u00a0<strong>16\u00a0au 20\u00a0novembre 2020,\u00a0<\/strong>trois semaines apr\u00e8s le deuxi\u00e8me confinement (29 octobre 2020).<\/p>\n<p>\u2192 Une troisi\u00e8me vague dont le <strong>pic \u00e9pid\u00e9mique a \u00e9t\u00e9 estim\u00e9 \u00e0 la mi-avril 2021.<\/strong>\u00a0<\/p>\n<p>\u00c0 ce jour, la France compte cinq variants\u00a0qualifi\u00e9s de pr\u00e9occupants (VOC) en raison de leur transmissibilit\u00e9 augment\u00e9e et\/ou d&rsquo;un risque d&rsquo;\u00e9chappement \u00e0 la r\u00e9ponse immunitaire. Trois d&rsquo;entre eux, les variants Alpha\u00a0(ayant \u00e9merg\u00e9 au <strong>Royaume-Uni),<\/strong>\u00a0Beta\u00a0(ayant \u00e9merg\u00e9 en<strong> Afrique du Sud<\/strong>) et Gamma (ayant \u00e9merg\u00e9 au<strong> Br\u00e9sil)<\/strong>, circulent en France depuis le d\u00e9but de l&rsquo;ann\u00e9e 2021. Le quatri\u00e8me VOC (20I\/484K ou 20I\/484Q selon le type de mutation), ayant \u00e9merg\u00e9 au Royaume-Uni d\u00e9but 2021, \u00e9tait peu d\u00e9tect\u00e9 en France jusqu&rsquo;\u00e0 la mi-mars, mais les donn\u00e9es de s\u00e9quen\u00e7age montrent une transmission communautaire dans plusieurs r\u00e9gions. Le variant Delta, initialement d\u00e9tect\u00e9<strong> en Inde<\/strong> en d\u00e9cembre 2020, a \u00e9t\u00e9 class\u00e9 VOC le 11\u00a0mai par l&rsquo;OMS et le 12\u00a0mai 2021\u00a0par l&rsquo;analyse de risque conjointe CNR\/SpFrance.\u00a0<\/p>\n<div class=\"ccminsert\">\n<aside class=\"app_widget_fo app_widget_fo--call\">\n<ul>\n<li>\n                <a href=\"https:\/\/sante.journaldesfemmes.fr\/fiches-maladies\/2667643-carte-covid-19-france-departement-direct-monde-europe-temps-reel-vaccination-voyage-monde-pays\/\" class=\"jGTMWidgetGAEventClick\" data-gtmwidgetgaeventaction=\"clickWidgetCall\" data-gtmwidgetgaeventlabel=\"CARTE COVID\u00a0: France, r\u00e9gion, taux d'incidence, voyage, pays\"><\/p>\n<figure><picture><source media=\"(max-width: 480px)\" srcset=\"https:\/\/img-3.journaldesfemmes.fr\/xofKHfiz9RrBlpH_OPHov9QGOfI=\/160x105\/smart\/44cedec0f6bb4c3babdd2fb7b30500ae\/ccmcms-jdf\/25697665.png\" width=\"160\" height=\"105\"><img decoding=\"async\" src=\"https:\/\/img-3.journaldesfemmes.fr\/VxkBGAndwwR3ml5Av1Bm2hsgSv0=\/200x132\/smart\/44cedec0f6bb4c3babdd2fb7b30500ae\/ccmcms-jdf\/25697665.png\" alt=\"\" width=\"200\" height=\"132\" loading=\"lazy\"\/><\/source><\/picture><figcaption>\n<h3>CARTE COVID\u00a0: France, r\u00e9gion, taux d&rsquo;incidence, voyage, pays<\/h3>\n<p>CARTE CORONAVIRUS &#8211; Les cartes confirment la baisse de circulation du Covid-19\u00a0en France.\u00a0Le\u00a0taux d&rsquo;incidence national est sous la barre des 30\u00a0cas pour 100\u00a0000\u00a0habitants\u00a0: au 17\u00a0juin, il est de 27,3. Incidence par ville, d\u00e9partement, r\u00e9gion, zone rouge, cartes du monde, pays d&rsquo;Europe, pour voyager&#8230; Les derni\u00e8res images en direct.<\/p>\n<\/figcaption><\/figure>\n<p><\/a>\n            <\/li>\n<\/ul>\n<\/aside>\n<\/div>\n<p>Le Premier ministre a annonc\u00e9 le 16 juin\u00a0la lev\u00e9e du<strong>\u00a0couvre-feu dimanche\u00a020\u00a0juin<\/strong> (dernier couvre-feu samedi soir) <strong>ainsi que<\/strong><strong>\u00a0l&rsquo;obligation du port du masque en ext\u00e9rieur <\/strong>sauf <em>\u00ab\u00a0quand on se regroupe, qu&rsquo;on se trouve dans un march\u00e9, dans une file d&rsquo;attente ou encore dans la tribune d&rsquo;un stade\u00a0\u00bb.<\/em> Le port du masque reste obligatoire dans les lieux clos. Il est aussi<strong>\u00a0lev\u00e9\u00a0dans les cours d&rsquo;\u00e9cole jeudi 17\u00a0juin<\/strong>, mais pas dans les classes.<\/p>\n<p>Une r\u00e9ouverture de la France en 4\u00a0\u00e9tapes\u00a0: Emmanuel Macron a d\u00e9voil\u00e9 son plan de r\u00e9ouverture de la France \u00e0 la presse quotidienne r\u00e9gionale et au Parisien\u00a0le 28 avril.\u00a0<\/p>\n<table border=\"1\" cellpadding=\"1\" cellspacing=\"1\" style=\"width:100%;\">\n<thead>\n<tr>\n<th scope=\"col\" style=\"width: 102px; text-align: center;\">DATES CLES<\/th>\n<th scope=\"col\" style=\"width: 892px; text-align: center;\">NOUVELLES MESURES<\/th>\n<\/tr>\n<\/thead>\n<tbody>\n<tr>\n<td style=\"width: 102px;\"><strong>17 juin<\/strong><\/td>\n<td style=\"width: 892px;\">\n<p>Le port du masque n&rsquo;est plus obligatoire en ext\u00e9rieur sauf dans les situations de regroupements de personnes, et notamment\u00a0:<\/p>\n<ul>\n<li>Lieux rassemblant un grand nombre de personnes<\/li>\n<li>Files d&rsquo;attente<\/li>\n<li>March\u00e9s<\/li>\n<li>Tribunes de stades<\/li>\n<\/ul>\n<p>Le port du masque reste obligatoire dans les lieux clos, comme les bureaux, les commerces, les transports en commun, les mus\u00e9es, les salles de spectacles, les cin\u00e9mas et les salles de restaurants au cours des d\u00e9placements.<\/p>\n<\/td>\n<\/tr>\n<tr>\n<td style=\"width: 102px;\"><strong>20 juin<\/strong><\/td>\n<td style=\"width: 892px;\">\n<p><strong>fin du couvre-feu avanc\u00e9e au 20 juin <\/strong>(initialement pr\u00e9vu le 30), donc fin de l&rsquo;attestation de d\u00e9placement<\/p>\n<\/td>\n<\/tr>\n<tr>\n<td style=\"width: 102px;\"><a id=\"reouverture-30-juin\" name=\"reouverture-30-juin\"><strong>30 juin<\/strong><\/a><\/td>\n<td style=\"width: 892px;\">\n<p>Fin des limites de jauge dans les lieux recevant du public (selon la situation sanitaire locale).<\/p>\n<p>Reprise des concerts debout (jauge de 75% et pr\u00e9sentation du pass sanitaire) et des festivals de plein air o\u00f9 le public se tient debout\u00a0avec une jauge de 4m<sup>2<\/sup>\u00a0par festivalier et le pass sanitaire sera exig\u00e9 au-del\u00e0 de 1\u00a0000\u00a0personnes.<\/p>\n<p>Possibilit\u00e9 de participer \u00e0 un \u00e9v\u00e9nement rassemblant plus de 1\u00a0000\u00a0personnes en ext\u00e9rieur et en int\u00e9rieur avec le pass sanitaire.<\/p>\n<p>Reprise des comp\u00e9titions sportives de plein air pour les pratiquants amateurs\u00a0dans la limite de 2\u00a0500\u00a0personnes (pass sanitaire\u00a0exig\u00e9 au-del\u00e0 de 1\u00a0000\u00a0personnes)<\/p>\n<\/td>\n<\/tr>\n<tr>\n<td style=\"width: 102px;\"><strong>9 juillet<\/strong><\/td>\n<td style=\"width: 892px;\"><strong>R\u00e9ouverture des discoth\u00e8ques <\/strong>(jauge de 75% en int\u00e9rieur et pass sanitaire)<\/td>\n<\/tr>\n<\/tbody>\n<\/table>\n<p>La vaccination contre la Covid-19\u00a0se poursuit en France avec les vaccins Pfizer-BioNTech,\u00a0Moderna,\u00a0AstraZeneca et Janssen (chez les m\u00e9decins g\u00e9n\u00e9ralistes,\u00a0au travail et en pharmacie). Au 23 juin,<strong> 19 677 506 Fran\u00e7ais ont un sch\u00e9ma vaccinal complet.<\/strong> La prise de<strong> rendez-vous<\/strong> est possible sur les sites Internet <strong>Doctolib, Maiia et KelDoc<\/strong> et peut aussi se faire en contactant par t\u00e9l\u00e9phone le <strong>centre de vaccination<\/strong> le plus proche de chez soi (liste disponible sur\u00a0<a href=\"https:\/\/www.sante.fr\/centres-vaccination-covid.html\" target=\"_blank\" rel=\"noopener noreferrer\">Sante.fr<\/a>).\u00a0En cas de difficult\u00e9, le num\u00e9ro vert national\u00a0:<strong> 0\u00a0800\u00a0009\u00a0110<\/strong>,\u00a0permet d&rsquo;\u00eatre redirig\u00e9 vers le standard t\u00e9l\u00e9phonique d&rsquo;un centre ou d&rsquo;obtenir un accompagnement \u00e0 la prise de rendez-vous.<\/p>\n<div style=\"text-align:center\">\n<figure class=\"image\" style=\"display:inline-block\"><a class=\"fancy\" href=\"https:\/\/img-3.journaldesfemmes.fr\/8_UH7RDO1KxImZKLibQOVG0JIjE=\/1080x\/smart\/93ebf0e241274fb789fbefec9c6a65e9\/ccmcms-jdf\/25726008.jpg\"><img decoding=\"async\" alt=\"Nombre quotidien de personnes compl\u00e8tement vaccin\u00e9es\" src=\"https:\/\/img-3.journaldesfemmes.fr\/k-QyB-TcdEuc8cN8cRCrTO85iRk=\/600x\/smart\/93ebf0e241274fb789fbefec9c6a65e9\/ccmcms-jdf\/25726008.jpg\"\/><\/a><figcaption data-credit=\"Gouvernement.fr\" data-legend=\"Nombre quotidien de personnes compl\u00e8tement vaccin\u00e9es\">Nombre quotidien de personnes compl\u00e8tement vaccin\u00e9es <small>\u00a9\u00a0Gouvernement.fr<\/small><\/figcaption><\/figure>\n<\/div>\n<aside id=\"NL_2116119310\" class=\"newsletter_subscription jNlBlock\"><noscript><br \/>\n            <\/noscript><\/p>\n<h3 class=\"newsletter_subscription-title\">Newsletter <\/h3>\n<p><a href=\"\/\/mailing.ccmbg.com\/archive\/last-85\" target=\"_blank\" class=\"a_hover\" rel=\"noopener noreferrer\">Voir un exemple<\/a><\/p>\n<\/aside>\n<p>Les<strong> Europ\u00e9ens vaccin\u00e9s<\/strong> contre le Covid-19\u00a0peuvent entrer en France sans test PCR<strong> depuis le 9\u00a0juin. <\/strong>Une\u00a0preuve de test n\u00e9gatif (PCR ou antig\u00e9nique) sera toujours exig\u00e9e pour les voyageurs en provenance du Royaume-Uni et des Etats-Unis. A partir du 9\u00a0juin \u00e9galement, les flux de voyageurs entre la France et les <strong>pays \u00e9trangers <\/strong>seront rouverts selon des modalit\u00e9s de chaque\u00a0pays\u00a0et de la vaccination.<\/p>\n<section>\n<p>Le d\u00e9pistage du Covid-19 est r\u00e9alis\u00e9 en France par <strong>RT-PCT<\/strong> et par tests <strong>antig\u00e9niques<\/strong>. Depuis le 11 f\u00e9vrier, les <strong>tests salivaires<\/strong> sont d\u00e9ploy\u00e9s dans les\u00a0\u00e9tablissements scolaires et peuvent \u00eatre utilis\u00e9s en premi\u00e8re intention pour d\u00e9pister la Covid-19, conform\u00e9ment aux recommandations de la <a href=\"https:\/\/www.has-sante.fr\/jcms\/p_3237053\/fr\/tests-rt-pcr-salivaires-la-has-etend-leur-utilisation-et-definit-les-modalites-pratiques-de-realisation\" target=\"_blank\" rel=\"noopener noreferrer\">HAS<\/a>. Depuis le 12 avril, des <strong>autotests <\/strong>Covid sont aussi disponibles en vente libre dans les pharmacies fran\u00e7aises (non rembours\u00e9) et peuvent \u00eatre utilis\u00e9s dans les \u00e9coles. <em>\u00ab\u00a0Il reste d\u00e9terminant que chaque personne pr\u00e9sentant des sympt\u00f4mes \u00e9vocateurs de COVID-19\u00a0s&rsquo;isole imm\u00e9diatement et r\u00e9alise un test diagnostique dans les plus brefs d\u00e9lais\u00a0\u00bb<\/em> rappelle Sant\u00e9 Publique France dans ses bulletins hebdomadaires.<\/p>\n<div class=\"ccminsert\">\n<aside class=\"app_widget_fo app_widget_fo--call\">\n<ul>\n<li>\n                <a href=\"https:\/\/sante.journaldesfemmes.fr\/fiches-maladies\/2623965-coronavirus-test-covid-pcr-salivaire-antigenique-pharmacie-sans-rdv-resultats-ou-faire-serologique\/\" class=\"jGTMWidgetGAEventClick\" data-gtmwidgetgaeventaction=\"clickWidgetCall\" data-gtmwidgetgaeventlabel=\"Test Covid-19\u00a0: PCR, salivaire, antig\u00e9nique, o\u00f9 le faire\u00a0?\"><\/p>\n<figure><picture><source media=\"(max-width: 480px)\" srcset=\"https:\/\/img-3.journaldesfemmes.fr\/YCOCFDcpMnz_8GFBP8WmZ4cAYhA=\/160x105\/smart\/b13d1f4facdd4bcba8fdf4e07d9e1adb\/ccmcms-jdf\/25229315.jpg\" width=\"160\" height=\"105\"><img decoding=\"async\" src=\"https:\/\/img-3.journaldesfemmes.fr\/3RuKuaK-wwmp_FmKo2K2ocijwDI=\/200x132\/smart\/b13d1f4facdd4bcba8fdf4e07d9e1adb\/ccmcms-jdf\/25229315.jpg\" alt=\"\" width=\"200\" height=\"132\" loading=\"lazy\"\/><\/source><\/picture><figcaption>\n<h3>Test Covid-19\u00a0: PCR, salivaire, antig\u00e9nique, o\u00f9 le faire\u00a0?<\/h3>\n<p>PCR, antig\u00e9nique, salivaire, autotest&#8230; Plusieurs tests de d\u00e9pistage de la Covid-19\u00a0sont disponibles en France. Le plus fiable est le test PCR nasal. Des tests s\u00e9rologiques TROD vont aussi se d\u00e9ployer en centre de vaccination. Test n\u00e9gatif pour le pass sanitaire, pour savoir si on a eu le Covid, test en pharmacie, au laboratoire, d\u00e9lai de r\u00e9sultats&#8230; Guide.<\/p>\n<\/figcaption><\/figure>\n<p><\/a>\n            <\/li>\n<\/ul>\n<\/aside>\n<\/div>\n<p>Si au d\u00e9but, on ne parlait que de <strong>fi\u00e8vre<\/strong>, toux s\u00e8che, rhume, \u00e9tat grippal et de fatigue, les sympt\u00f4mes de l&rsquo;infection par le coronavirus ont \u00e9volu\u00e9. On sait d\u00e9sormais que le virus peut avoir des <strong>effets sur la peau<\/strong> (urticaire, l\u00e9sions inflammatoires sur les orteils), la sph\u00e8re digestive (vomissements, diarrh\u00e9es&#8230;), <strong>l&rsquo;odorat<\/strong>, le <strong>go\u00fbt <\/strong>et m\u00eame le cerveau.<em> <\/em><\/p>\n<p>\u2192<strong> Chaque personne pr\u00e9sentant des sympt\u00f4mes \u00e9vocateurs de COVID-19 doit s&rsquo;isoler imm\u00e9diatement et r\u00e9aliser un test diagnostique<\/strong> dans les plus brefs d\u00e9lais (sans avoir d&rsquo;ordonnance).<\/p>\n<p>\u2192<strong> <\/strong><strong>Appeler le\u00a015\u00a0en cas de\u00a0difficult\u00e9s respiratoires\u00a0: \u00ab\u00a0<\/strong><em>Si la toux et la\u00a0fi\u00e8vre s&rsquo;accompagnent d&rsquo;une g\u00eane respiratoire qui devient permanente avec souffle court, difficult\u00e9 \u00e0 inspirer et \u00e0 expirer, d&rsquo;une aggravation importante de la toux, cela peut signifier une \u00e9volution de la maladie sous la forme d&rsquo;une pneumopathie. Il s&rsquo;agit alors d&rsquo;une urgence respiratoire potentielle et comme dans tous les cas d&rsquo;urgence, il faut alors appeler le 15\u00a0qui prendra les meilleures dispositions pour r\u00e9pondre \u00e0 la situation\u00a0\u00bb, <\/em>pr\u00e9vient le Dr\u00a0Patrick Aub\u00e9, m\u00e9decin g\u00e9n\u00e9raliste. \u00a0<\/p>\n<div class=\"ccminsert\">\n<aside class=\"app_widget_fo app_widget_fo--list app_widget_fo--list-2-col\">\n<ul>\n<li>\n<h3>\n                    <a href=\"https:\/\/sante.journaldesfemmes.fr\/fiches-sante-du-quotidien\/2627657-perte-odorat-anosmie-symptome-covid-19-duree-definition-cause-traitement-reeducation\/\" class=\"jGTMWidgetGAEventClick\" data-gtmwidgetgaeventaction=\"clickWidgetListOnTwoColumns\" data-gtmwidgetgaeventlabel=\"Perte de l'odorat\u00a0(anosmie)\u00a0: sympt\u00f4mes du Covid, dur\u00e9e, r\u00e9\u00e9ducation\"><br \/>\n                        Perte de l&rsquo;odorat\u00a0(anosmie)\u00a0: sympt\u00f4mes du Covid, dur\u00e9e, r\u00e9\u00e9ducation<br \/>\n                    <\/a><br \/>\n                <\/h3>\n<\/li>\n<li>\n<h3>\n                    <a href=\"https:\/\/sante.journaldesfemmes.fr\/fiches-maladies\/2696267-covid-long-c-est-quoi-symptomes-contagieux-fatigue-prise-en-charge-france-traitement-pourcentage-vaccin\/\" class=\"jGTMWidgetGAEventClick\" data-gtmwidgetgaeventaction=\"clickWidgetListOnTwoColumns\" data-gtmwidgetgaeventlabel=\"Covid long\u00a0: vaccin, traitement, sympt\u00f4mes, contagieux ou pas\u00a0?\"><br \/>\n                        Covid long\u00a0: vaccin, traitement, sympt\u00f4mes, contagieux ou pas\u00a0?<br \/>\n                    <\/a><br \/>\n                <\/h3>\n<\/li>\n<li>\n<h3>\n                    <a href=\"https:\/\/sante.journaldesfemmes.fr\/fiches-maladies\/2625903-porteur-sain-covid-19-coronavirus-asymptomatique-definition-duree-isolement-anticorps-isolement-test\/\" class=\"jGTMWidgetGAEventClick\" data-gtmwidgetgaeventaction=\"clickWidgetListOnTwoColumns\" data-gtmwidgetgaeventlabel=\"Porteur sain Covid\u00a0(asymptomatique)\u00a0: d\u00e9finition, test, isolement\"><br \/>\n                        Porteur sain Covid\u00a0(asymptomatique)\u00a0: d\u00e9finition, test, isolement<br \/>\n                    <\/a><br \/>\n                <\/h3>\n<\/li>\n<li>\n<h3>\n                    <a href=\"https:\/\/sante.journaldesfemmes.fr\/fiches-maladies\/2665621-angine-ou-covid-19-symptomes-signes-fievre-mal-gorge-test-difference-contagion\/\" class=\"jGTMWidgetGAEventClick\" data-gtmwidgetgaeventaction=\"clickWidgetListOnTwoColumns\" data-gtmwidgetgaeventlabel=\"Angine ou Covid-19\u00a0: sympt\u00f4mes, diff\u00e9rences, test, contagion\"><br \/>\n                        Angine ou Covid-19\u00a0: sympt\u00f4mes, diff\u00e9rences, test, contagion<br \/>\n                    <\/a><br \/>\n                <\/h3>\n<\/li>\n<li>\n<h3>\n                    <a href=\"https:\/\/sante.journaldesfemmes.fr\/fiches-maladies\/2701631-probleme-maladie-foie-covid-atteinte-cancer-complication-sequelles-symptomes-risque-vaccination\/\" class=\"jGTMWidgetGAEventClick\" data-gtmwidgetgaeventaction=\"clickWidgetListOnTwoColumns\" data-gtmwidgetgaeventlabel=\"Probl\u00e8me au foie et Covid\u00a0: risques, s\u00e9quelles, vaccination\"><br \/>\n                        Probl\u00e8me au foie et Covid\u00a0: risques, s\u00e9quelles, vaccination<br \/>\n                    <\/a><br \/>\n                <\/h3>\n<\/li>\n<li>\n<h3>\n                    <a href=\"https:\/\/sante.journaldesfemmes.fr\/fiches-maladies\/2701633-fievre-covid-duree-obligatoire-que-faire-que-prendre-combien-temperature\/\" class=\"jGTMWidgetGAEventClick\" data-gtmwidgetgaeventaction=\"clickWidgetListOnTwoColumns\" data-gtmwidgetgaeventlabel=\"Fi\u00e8vre et Covid\u00a0: dur\u00e9e, temp\u00e9rature, est-ce obligatoire\u00a0?\"><br \/>\n                        Fi\u00e8vre et Covid\u00a0: dur\u00e9e, temp\u00e9rature, est-ce obligatoire\u00a0?<br \/>\n                    <\/a><br \/>\n                <\/h3>\n<\/li>\n<li>\n<h3>\n                    <a href=\"https:\/\/sante.journaldesfemmes.fr\/fiches-maladies\/2661241-rhume-ou-covid-19-symptomes-tableau-differences-ecole-que-faire-comment-savoir-travail\/\" class=\"jGTMWidgetGAEventClick\" data-gtmwidgetgaeventaction=\"clickWidgetListOnTwoColumns\" data-gtmwidgetgaeventlabel=\"Rhume ou Covid-19\u00a0: sympt\u00f4mes, tableau, \u00e9cole, que faire\u00a0?\"><br \/>\n                        Rhume ou Covid-19\u00a0: sympt\u00f4mes, tableau, \u00e9cole, que faire\u00a0?<br \/>\n                    <\/a><br \/>\n                <\/h3>\n<\/li>\n<li>\n<h3>\n                    <a href=\"https:\/\/sante.journaldesfemmes.fr\/fiches-maladies\/2626825-covid-ou-allergie-pollen-coronavirus-asthme-symptomes-toux-yeux-traitement\/\" class=\"jGTMWidgetGAEventClick\" data-gtmwidgetgaeventaction=\"clickWidgetListOnTwoColumns\" data-gtmwidgetgaeventlabel=\"Covid ou allergie au pollen\u00a0: sympt\u00f4mes, diff\u00e9rences, traitements\"><br \/>\n                        Covid ou allergie au pollen\u00a0: sympt\u00f4mes, diff\u00e9rences, traitements<br \/>\n                    <\/a><br \/>\n                <\/h3>\n<\/li>\n<li>\n<h3>\n                    <a href=\"https:\/\/sante.journaldesfemmes.fr\/fiches-maladies\/2676955-covid-19-ou-gastro-enterite-difference-symptomes-fievre-diarrhee-que-faire-complications\/\" class=\"jGTMWidgetGAEventClick\" data-gtmwidgetgaeventaction=\"clickWidgetListOnTwoColumns\" data-gtmwidgetgaeventlabel=\"Covid\u00a0ou gastro-ent\u00e9rite\u00a0: sympt\u00f4mes, quelles diff\u00e9rences\u00a0?\"><br \/>\n                        Covid\u00a0ou gastro-ent\u00e9rite\u00a0: sympt\u00f4mes, quelles diff\u00e9rences\u00a0?<br \/>\n                    <\/a><br \/>\n                <\/h3>\n<\/li>\n<li>\n<h3>\n                    <a href=\"https:\/\/sante.journaldesfemmes.fr\/fiches-sante-du-quotidien\/2627543-perte-gout-agueusie-covid-19-def-duree-cause-partielle-traitement-soigner\/\" class=\"jGTMWidgetGAEventClick\" data-gtmwidgetgaeventaction=\"clickWidgetListOnTwoColumns\" data-gtmwidgetgaeventlabel=\"Perte du go\u00fbt (agueusie)\u00a0: dur\u00e9e, Covid, comment soigner\u00a0?\"><br \/>\n                        Perte du go\u00fbt (agueusie)\u00a0: dur\u00e9e, Covid, comment soigner\u00a0?<br \/>\n                    <\/a><br \/>\n                <\/h3>\n<\/li>\n<\/ul>\n<\/aside>\n<\/div>\n<table border=\"1\" cellpadding=\"1\" cellspacing=\"1\" style=\"width:100%;\">\n<thead>\n<tr>\n<th scope=\"col\" style=\"text-align: center;\"><a id=\"date-cle-epidemie-covid-france-confinement\" name=\"date-cle-epidemie-covid-france-confinement\"><strong>DATES CL\u00c9S DE L&rsquo;\u00c9PID\u00c9MIE EN FRANCE<\/strong><\/a><\/th>\n<\/tr>\n<\/thead>\n<tbody>\n<tr>\n<td>\n<p><u><strong>2019<\/strong><\/u><\/p>\n<ul>\n<li><strong>31\u00a0d\u00e9cembre 2019,<\/strong> l&rsquo;Organisation mondiale de la Sant\u00e9 en Chine est inform\u00e9e de plusieurs cas de pneumonies dans la ville de Wuhan. 44\u00a0personnes sont infect\u00e9es entre cette date et le 3\u00a0janvier 2020.<\/li>\n<\/ul>\n<p><u><strong>2020<\/strong><\/u><\/p>\n<ul>\n<li><strong>7\u00a0janvier 2020, <\/strong>les autorit\u00e9s chinoises identifient un \u00ab\u00a0nouveau type de coronavirus\u00a0\u00bb.<\/li>\n<li><strong>13\u00a0janvier, <\/strong>un cas import\u00e9 est recens\u00e9 en Tha\u00eflande.<\/li>\n<li><strong>15\u00a0janvier<\/strong>, le virus cause\u00a0la mort d&rsquo;<strong>une premi\u00e8re\u00a0personne \u00e0 Wuhan<\/strong>, un homme de 69\u00a0ans.\u00a0<\/li>\n<li><strong>23\u00a0janvier,<\/strong> trois villes chinoises dont Wuhan sont plac\u00e9es en quarantaine.<\/li>\n<li><strong>25\u00a0janvier, trois personnes\u00a0contamin\u00e9es sont recens\u00e9es en France<\/strong>, deux \u00e0 Paris et une Bordeaux. Ce sont les premiers cas enregistr\u00e9s sur le continent europ\u00e9en.<\/li>\n<li><strong>30\u00a0janvier, <\/strong>l&rsquo;Organisation mondiale de la Sant\u00e9 <strong>d\u00e9cr\u00e8te\u00a0l&rsquo;<a href=\"https:\/\/sante.journaldesfemmes.fr\/fiches-maladies\/2608035-urgence-de-sante-publique-de-portee-internationale-definition-oms-coronavirus\/\" target=\"_blank\" rel=\"noopener noreferrer\">urgence de sant\u00e9 mondiale<\/a><\/strong>.\u00a0Cette mesure n&rsquo;avait \u00e9t\u00e9 d\u00e9cr\u00e9t\u00e9e que 5\u00a0fois depuis sa cr\u00e9ation (pour Ebola (deux fois), la grippe H1N1, Zika et la poliomy\u00e9lite).\u00a0<\/li>\n<li><strong>23\u00a0f\u00e9vrier, <\/strong>la France d\u00e9clenche le <a href=\"https:\/\/sante.journaldesfemmes.fr\/fiches-maladies\/2622449-plan-orsan-reb-definition-signification-qui-declenche-coronavirus-definition-duree\/\" target=\"_blank\" rel=\"noopener noreferrer\">plan ORSAN<\/a>, un dispositif exceptionnel d&rsquo;organisation des soins.<\/li>\n<li><strong>28\u00a0f\u00e9vrier,<\/strong> la France passe en stade 2\u00a0de l&rsquo;\u00e9pid\u00e9mie.<\/li>\n<li><strong>11\u00a0mars, <\/strong>l&rsquo;OMS classifie de <strong>pand\u00e9mie <\/strong>la diffusion de la maladie \u00e0 coronavirus Covid-19\u00a0dans le monde.<\/li>\n<li><strong>12\u00a0mars<\/strong>, le pr\u00e9sident de la R\u00e9publique Emmanuel Macron annonce la fermeture nationale des cr\u00e8ches et \u00e9tablissements scolaires de France \u00e0 compter du 16\u00a0mars et \u00ab\u00a0jusqu&rsquo;\u00e0 nouvel ordre\u00a0\u00bb.<\/li>\n<li><strong>14\u00a0mars<\/strong>, la France passe au <a href=\"https:\/\/sante.journaldesfemmes.fr\/fiches-maladies\/2625289-coronavirus-covid-19-stade-1-2-3-4-duree-mesure-france-signification-quand\/\" target=\"_blank\" rel=\"noopener noreferrer\"><strong>stade 3 <\/strong><\/a>de l&rsquo;\u00e9pid\u00e9mie.<\/li>\n<li><strong>16\u00a0mars\u00a0:\u00a0la France met en place un premier\u00a0confinement interdisant les d\u00e9placements.<\/strong><\/li>\n<li><strong>26\u00a0mars<\/strong>, un premier cas jeune meurt en France, une adolescente de 16\u00a0ans, en Ile-de-France originaire de Morsang-sur-Orge.<\/li>\n<li><strong>27\u00a0mars,<\/strong> le confinement de la population fran\u00e7aise est renouvel\u00e9 jusqu&rsquo;au 15\u00a0avril.<\/li>\n<li><strong>13\u00a0avril,<\/strong> Emmanuel Macron annonce le prolongement du confinement jusqu&rsquo;au 11\u00a0mai.<\/li>\n<li><strong>11\u00a0mai, la France commence son d\u00e9confinement.<\/strong><\/li>\n<li><strong>20\u00a0juillet,<\/strong>\u00a0le <strong>port du masque est rendu obligatoire <\/strong>dans les lieux publics clos en France.<\/li>\n<li><strong>17 octobre,<\/strong>\u00a0un <strong>couvre-feu <\/strong>est instaur\u00e9 dans 9 territoires fran\u00e7ais (Paris-Ile-de-France, Rouen, Grenoble, Lille, Lyon, Aix-Marseille, Montpellier, Saint-Etienne, Toulouse).<\/li>\n<li><strong>29 octobre<\/strong>\u00a0:<strong> un deuxi\u00e8me confinement est instaur\u00e9 en France.<\/strong><\/li>\n<li><strong>28 novembre : <\/strong>r\u00e9ouverture des commerces non essentiels un mois avant les f\u00eates de fin d&rsquo;ann\u00e9e.<\/li>\n<li><strong>15 d\u00e9cembre : d\u00e9confinement <\/strong>avec\u00a0couvre-feu de 20 heures \u00e0 6 heures du matin.<\/li>\n<li><strong>24 d\u00e9cembre<\/strong> <strong>: autorisation du vaccin Pfizer-BioNTech en France.<\/strong><\/li>\n<li><strong>27 d\u00e9cembre :<\/strong> d\u00e9but de la vaccination en France avec le vaccin Pfizer BioNTech.<\/li>\n<\/ul>\n<p><u><strong>2021<\/strong><\/u><\/p>\n<ul>\n<li><strong>8 janvier 2021<\/strong> <strong>:\u00a0autorisation du vaccin Moderna en France.<\/strong><\/li>\n<li><strong>31 janvier\u00a0<\/strong>: fermeture des fronti\u00e8res de la France\u00a0aux pays ext\u00e9rieurs \u00e0 l&rsquo;Union europ\u00e9enne<\/li>\n<li><strong>2 f\u00e9vrier<\/strong>\u00a0<strong>:\u00a0autorisation du vaccin AstraZeneca en France<\/strong>.<\/li>\n<li><strong>11 f\u00e9vrier : <\/strong>d\u00e9ploiement des tests salivaires dans les \u00e9tablissements scolaires.<\/li>\n<li><strong>12 mars :\u00a0autorisation du\u00a0vaccin\u00a0Johnson&amp;Johnson.<\/strong><\/li>\n<li><strong>16 mars <\/strong>: autorisation des autotests en France.<\/li>\n<li><strong>19 mars :<\/strong> confinement de 16 d\u00e9partements pour une dur\u00e9e de 4 semaines. Le couvre-feu repasse \u00e0 19 heures dans toute la France au lieu de 18 heures.<\/li>\n<li><strong>25 mars<\/strong> :\u00a0confinement de 3 nouveaux d\u00e9partements pour une dur\u00e9e de 4\u00a0semaines.<\/li>\n<li><strong>3 avril\u00a0: la France met en place son troisi\u00e8me confinement,<\/strong>\u00a0les \u00e9coles ferment pour trois semaines, les d\u00e9placements sont limit\u00e9s \u00e0 10 km.<\/li>\n<li><strong>12 avril :<\/strong> ouverture de la vaccination\u00a0\u00e0 tous les Fran\u00e7ais \u00e2g\u00e9s de\u00a055\u00a0ans ou plus.<\/li>\n<li><strong>3 mai : premi\u00e8re \u00e9tape du d\u00e9confinement <\/strong>avec la<strong>\u00a0<\/strong>fin de l&rsquo;attestation de d\u00e9placement et de la limitation des d\u00e9placements \u00e0 10 km. Le couvre-feu est en vigueur de 19h \u00e0 6h.<\/li>\n<li><strong>10 mai <\/strong>: ouverture de la vaccination aux plus de 50 ans.<\/li>\n<li><strong>19 mai :<\/strong>\u00a0deuxi\u00e8me \u00e9tape du d\u00e9confinement avec la r\u00e9ouverture des lieux essentiels ferm\u00e9s (terrasses des bars et restaurants, mus\u00e9es, cin\u00e9mas, th\u00e9\u00e2tres, commerces&#8230;) et couvre-feu de 21 h \u00e0 6 h.\u00a0<\/li>\n<li><strong>31 mai :<\/strong> ouverture de la vaccination \u00e0 toutes les personnes majeures, sans aucune condition.\u00a0<\/li>\n<li><strong>9 juin : <\/strong>troisi\u00e8me \u00e9tape du d\u00e9confinement avec la r\u00e9ouverture de plusieurs lieux (piscines, salles de sport, restaurants, bars, parcs d&rsquo;attractions&#8230;), la mise en place d&rsquo;un couvre-feu de 23h \u00e0 6h et du pass sanitaire national.\u00a0<\/li>\n<li><strong>17 juin <\/strong>: fin de l&rsquo;obligation de porter le masque en ext\u00e9rieur.<\/li>\n<li><strong>20 juin :<\/strong> fin du couvre-feu.<\/li>\n<\/ul>\n<\/td>\n<\/tr>\n<\/tbody>\n<\/table>\n<p><em>Cet article est mis \u00e0 jour quotidiennement par <a href=\"https:\/\/www.journaldesfemmes.fr\/account\/ablaize-11409696\" target=\"_blank\" rel=\"noopener noreferrer\">Aur\u00e9lie Blaize<\/a>, <a href=\"https:\/\/www.journaldesfemmes.fr\/account\/anaisthiebaux-10573564\" target=\"_blank\" rel=\"noopener noreferrer\">Ana\u00efs Thi\u00e9baux<\/a> et <a href=\"https:\/\/www.journaldesfemmes.fr\/account\/samanthapages-11598093\" target=\"_blank\" rel=\"noopener noreferrer\">Samantha Pag\u00e8s<\/a>.\u00a0<\/em><\/p>\n<\/section>\n<\/div>\n<p>[ad_2]<br \/>\n<br \/><a href=\"https:\/\/sante.journaldesfemmes.fr\/fiches-maladies\/2605417-covid-19-france-chiffres-nombre-nouveaux-cas-deces-direct-vaccination-variant-delta-landes-bas-rhin\/\">Source link <\/a><\/p>\n","protected":false},"excerpt":{"rendered":"<p>[ad_1] CORONAVIRUS DIRECT &#8211; Le nombre de patients hospitalis\u00e9s pour Covid-19\u00a0en France continue de d\u00e9cro\u00eetre, alors que le variant Delta &hellip; <a href=\"http:\/\/www.affinite.fr\/index.php\/2021\/06\/24\/le-variant-delta-progresse-derniers-chiffres\/\" class=\"more-link\">Plus <span class=\"screen-reader-text\">le variant Delta progresse, derniers chiffres<\/span> <span class=\"meta-nav\">&rarr;<\/span><\/a><\/p>\n","protected":false},"author":1,"featured_media":6576,"comment_status":"open","ping_status":"open","sticky":false,"template":"","format":"standard","meta":{"_sitemap_exclude":false,"_sitemap_priority":"","_sitemap_frequency":"","footnotes":""},"categories":[1],"tags":[],"class_list":["post-6575","post","type-post","status-publish","format-standard","has-post-thumbnail","hentry","category-tous"],"_links":{"self":[{"href":"http:\/\/www.affinite.fr\/index.php\/wp-json\/wp\/v2\/posts\/6575"}],"collection":[{"href":"http:\/\/www.affinite.fr\/index.php\/wp-json\/wp\/v2\/posts"}],"about":[{"href":"http:\/\/www.affinite.fr\/index.php\/wp-json\/wp\/v2\/types\/post"}],"author":[{"embeddable":true,"href":"http:\/\/www.affinite.fr\/index.php\/wp-json\/wp\/v2\/users\/1"}],"replies":[{"embeddable":true,"href":"http:\/\/www.affinite.fr\/index.php\/wp-json\/wp\/v2\/comments?post=6575"}],"version-history":[{"count":0,"href":"http:\/\/www.affinite.fr\/index.php\/wp-json\/wp\/v2\/posts\/6575\/revisions"}],"wp:featuredmedia":[{"embeddable":true,"href":"http:\/\/www.affinite.fr\/index.php\/wp-json\/wp\/v2\/media\/6576"}],"wp:attachment":[{"href":"http:\/\/www.affinite.fr\/index.php\/wp-json\/wp\/v2\/media?parent=6575"}],"wp:term":[{"taxonomy":"category","embeddable":true,"href":"http:\/\/www.affinite.fr\/index.php\/wp-json\/wp\/v2\/categories?post=6575"},{"taxonomy":"post_tag","embeddable":true,"href":"http:\/\/www.affinite.fr\/index.php\/wp-json\/wp\/v2\/tags?post=6575"}],"curies":[{"name":"wp","href":"https:\/\/api.w.org\/{rel}","templated":true}]}}