{"id":6569,"date":"2021-06-23T21:54:23","date_gmt":"2021-06-23T21:54:23","guid":{"rendered":"https:\/\/www.affinite.fr\/index.php\/2021\/06\/23\/variant-delta-dans-les-landes-derniers-chiffres\/"},"modified":"2021-06-23T21:54:23","modified_gmt":"2021-06-23T21:54:23","slug":"variant-delta-dans-les-landes-derniers-chiffres","status":"publish","type":"post","link":"http:\/\/www.affinite.fr\/index.php\/2021\/06\/23\/variant-delta-dans-les-landes-derniers-chiffres\/","title":{"rendered":"variant Delta dans les Landes, derniers chiffres"},"content":{"rendered":"<p> [ad_1]<br \/>\n<\/p>\n<p>\n                CORONAVIRUS DIRECT &#8211; Le nombre de patients hospitalis\u00e9s pour Covid-19\u00a0est pass\u00e9 sous le seuil des 10\u00a0000, dont 1509\u00a0en soins critiques. Ces \u00ab\u00a0bons\u00a0\u00bb r\u00e9sultats sont n\u00e9anmoins sous la menace du variant Delta qui repr\u00e9sente pr\u00e8s de 10% des cas en France, et pourrait repr\u00e9senter 90% des cas en Europe fin ao\u00fbt. La vaccination des soignants pourrait devenir obligatoire pr\u00e9vient Olivier V\u00e9ran. Derniers chiffres et infos.            <\/p>\n<div>\n<aside class=\"ccmsummary marqueur_module ccmcss_cms_summary ccmcss_cms_summary--right\">\n<p>\u00a0Sommaire<\/p>\n<\/aside>\n<p><strong>[Mis\u00a0\u00e0 jour le mercredi 23 juin \u00e0 20h50<\/strong><b>]<\/b>\u00a0Le nombre de patients hospitalis\u00e9s pour Covid-19 est pass\u00e9 ce mercredi sous la barre des 10 000 en France (9\u00a0771), dont 1\u00a0509\u00a0personnes en soins critiques. 33\u00a0d\u00e9c\u00e8s sont enregistr\u00e9s ces derni\u00e8res 24\u00a0heures. Le taux de positivit\u00e9 a chut\u00e9\u00a0\u00e0 0,9% en une semaine, un chiffre\u00a0in\u00e9dit depuis le d\u00e9but de l&rsquo;\u00e9pid\u00e9mie. Toutefois, <strong>le variant Delta inqui\u00e8te le gouvernement<\/strong>. Il\u00a0<em>\u00ab\u00a0repr\u00e9sente 9\u00a0\u00e0 10% des contaminations en France\u00a0\u00bb<\/em>, a annonc\u00e9 Gabriel Attal, le porte-parole du gouvernement \u00e0 l&rsquo;issue du conseil des ministres et du conseil de d\u00e9fense ce mercredi. Le Premier ministre et le ministre de la Sant\u00e9 se rendront dans les Landes jeudi. o\u00f9\u00a0\u00ab\u00a0<em>Ce variant indien repr\u00e9sente pr\u00e8s de 70\u00a0% des contaminations<\/em>\u00ab\u00a0, a-t-il soulign\u00e9.\u00a0Gabriel Attal a aussi annonc\u00e9 le d\u00e9ploiement d&rsquo;autotests dans les centres de loisirs et les colonies de vacances. Depuis ce lundi 21\u00a0juin, <strong>des tests TROD <\/strong>(tests de s\u00e9rologie rapides) sont automatiquement r\u00e9alis\u00e9s avant chaque injection en centre de vaccination, afin d&rsquo;\u00e9viter la survaccination chez des patients qui auraient d\u00e9j\u00e0 contract\u00e9 la maladie. En revanche,\u00a0la Haute autorit\u00e9 de Sant\u00e9 pr\u00e9conise une nouvelle strat\u00e9gie pour renforcer le freinage de la propagation des variants\u00a0: la vaccination de tous les cas contacts apr\u00e8s l&rsquo;apparition d&rsquo;un variant. Le\u00a0<strong>port du masque en ext\u00e9rieur <\/strong>(et\u00a0dans les cours d&rsquo;\u00e9cole) n&rsquo;est plus obligatoire, le couvre-feu est lev\u00e9,\u00a0les concerts debout pourront reprendre\u00a0le 30\u00a0juin et la<strong>\u00a0r\u00e9ouverture des discoth\u00e8ques<\/strong>\u00a0est pr\u00e9vue pour le 9\u00a0juillet. <span style=\"font-size: 1rem;\">Que disent les\u00a0<\/span><a data-auth=\"NotApplicable\" href=\"https:\/\/sante.journaldesfemmes.fr\/fiches-maladies\/2667643-carte-covid-19-france-departement-direct-monde-europe-temps-reel-vaccination-voyage-monde-pays\/\" rel=\"noopener noreferrer\" style=\"font-size: 1rem; background-color: rgb(255, 255, 255);\" target=\"_blank\">cartes<\/a><span style=\"font-size: 1rem;\"> de suivi de l&rsquo;\u00e9pid\u00e9mie\u00a0? Quels sont les <\/span><a href=\"https:\/\/sante.journaldesfemmes.fr\/fiches-maladies\/2630075-symptomes-coronavirus-covid-19-mal-gorge-rhume-que-faire-variant-premier-apparition-duree\/\" style=\"font-size: 1rem; background-color: rgb(255, 255, 255);\" target=\"_blank\" rel=\"noopener noreferrer\">sympt\u00f4mes du coronavirus<\/a><span style=\"font-size: 1rem;\"> ? Quand <\/span><a href=\"https:\/\/sante.journaldesfemmes.fr\/fiches-maladies\/2621211-isolement-covid-19-variant-anglais-7-10-jours-cas-contact-duree-declarer-certificat-attestation\/\" style=\"font-size: 1rem; background-color: rgb(255, 255, 255);\" target=\"_blank\" rel=\"noopener noreferrer\">s&rsquo;isoler et combien de temps<\/a><span style=\"font-size: 1rem;\"> ?\u00a0<\/span><a data-auth=\"NotApplicable\" href=\"https:\/\/sante.journaldesfemmes.fr\/fiches-maladies\/2629823-taux-de-reproduction-covid-france-coronavirus-r0-r-effectif-calcul-carte-definition-juin-2021\/\" rel=\"noopener noreferrer\" style=\"font-size: 1rem; background-color: rgb(255, 255, 255);\" target=\"_blank\">Quel est le taux de R0\u00a0du virus<\/a><span style=\"font-size: 1rem;\">\u00a0? Quand est-on <\/span><a href=\"https:\/\/sante.journaldesfemmes.fr\/fiches-maladies\/2679521-contagion-covid-19-combien-de-temps-jours-duree-asymptomatique-symptomes-incubation-contagieux\/\" style=\"font-size: 1rem; background-color: rgb(255, 255, 255);\" target=\"_blank\" rel=\"noopener noreferrer\">contagieux<\/a><span style=\"font-size: 1rem;\"> ? Que sait-on des\u00a0<\/span><a href=\"https:\/\/sante.journaldesfemmes.fr\/fiches-maladies\/2620433-vaccin-coronavirus-covid-19-pfizer-moderna-astrazeneca-johnson-janssen-efficacite-different-arn\/\" style=\"font-size: 1rem; background-color: rgb(255, 255, 255);\" target=\"_blank\" rel=\"noopener noreferrer\">vaccins<\/a><span style=\"font-size: 1rem;\">\u00a0? Des\u00a0<\/span><a href=\"https:\/\/sante.journaldesfemmes.fr\/fiches-maladies\/2686947-effet-secondaire-vaccin-covid-pfizer-moderna-astrazeneca-janssen-2-e-dose-duree-france-myocardite\/\" style=\"font-size: 1rem; background-color: rgb(255, 255, 255);\" target=\"_blank\" rel=\"noopener noreferrer\">effets secondaires<\/a><span style=\"font-size: 1rem;\">\u00a0apr\u00e8s la vaccination\u00a0? Chiffres et infos du jour.<\/span><\/p>\n<div class=\"ccminsert\">\n<aside class=\"app_widget_fo app_widget_fo--call\">\n<ul>\n<li>\n                <a href=\"https:\/\/sante.journaldesfemmes.fr\/fiches-maladies\/2651345-fin-port-masque-obligatoire-exterieur-rue-paris-devant-ecole-cour-recre-interieur-decret-affiche\/\" class=\"jGTMWidgetGAEventClick\" data-gtmwidgetgaeventaction=\"clickWidgetCall\" data-gtmwidgetgaeventlabel=\"Fin du masque obligatoire\u00a0: ext\u00e9rieur, rue, int\u00e9rieur, \u00e9cole\"><\/p>\n<figure><picture><source media=\"(max-width: 480px)\" srcset=\"https:\/\/img-3.journaldesfemmes.fr\/D7Oh-apchlif0Vdi3YTTHCXFNY0=\/160x105\/smart\/539b750840084800a58f9088d517d39f\/ccmcms-jdf\/25640478.jpg\" width=\"160\" height=\"105\"><img decoding=\"async\" src=\"https:\/\/img-3.journaldesfemmes.fr\/GAC3Ky3VARYgOAbpeBGFLlYYvno=\/200x132\/smart\/539b750840084800a58f9088d517d39f\/ccmcms-jdf\/25640478.jpg\" alt=\"\" width=\"200\" height=\"132\" loading=\"lazy\"\/><\/source><\/picture><figcaption>\n<h3>Fin du masque obligatoire\u00a0: ext\u00e9rieur, rue, int\u00e9rieur, \u00e9cole<\/h3>\n<p>En France, le port du masque n&rsquo;est plus obligatoire en ext\u00e9rieur (dans la rue) depuis le 17\u00a0juin, sauf pour quelques exceptions, mais aussi dans la cour de r\u00e9cr\u00e9ation. L&rsquo;est-il devant les \u00e9coles\u00a0? O\u00f9 reste-il obligatoire \u00e0 Paris\u00a0? Dans les transports\u00a0?  Liste des lieux o\u00f9 il faut le porter, affiche, d\u00e9cret, amende, \u00e2ge&#8230;<\/p>\n<\/figcaption><\/figure>\n<p><\/a>\n            <\/li>\n<\/ul>\n<\/aside>\n<\/div>\n<ul>\n<li><strong>Vaccination obligatoire des soignants ?\u00a0<\/strong>Olivier V\u00e9ran, ministre de la sant\u00e9, a indiqu\u00e9 mercredi lors d&rsquo;une allocution au S\u00e9nat, \u00a0souhaiter \u00ab\u00a0<em>qu&rsquo;au cours de l&rsquo;\u00e9t\u00e9 nous fassions fortement grandir la couverture vaccinale de nos soignants, sans quoi, je le redis, vraisemblablement en septembre, je pourrais \u00eatre amen\u00e9 \u00e0 proposer une vaccination obligatoire<\/em>\u00ab\u00a0.<\/li>\n<li><strong>19 millions de personnes vaccin\u00e9es<\/strong>. 19\u00a0677\u00a0506\u00a0de personnes ont un sch\u00e9ma vaccinal complet. Au total, 32\u00a0677\u00a0781\u00a0personnes ont re\u00e7u au moins une injection (soit 48,8% de la population totale et 62,2% de la population majeure).<\/li>\n<li><strong>Pr\u00e9vision sur le variant Delta.<\/strong>\u00a0Le variant Delta, d\u00e9tect\u00e9 initialement en Inde, repr\u00e9sentera 70% des nouvelles infections dans l&rsquo;Union Europ\u00e9enne\u00a0d&rsquo;ici d\u00e9but ao\u00fbt, et 90% d&rsquo;ici fin ao\u00fbt, a estim\u00e9 mercredi le Centre Europ\u00e9en de pr\u00e9vention et de contr\u00f4le des maladies (ECDC) selon ses mod\u00e9lisations.<\/li>\n<li><strong>Soir\u00e9e test en discoth\u00e8que samedi soir \u00e0 Paris.<\/strong> Une soir\u00e9e exp\u00e9rimentale devrait avoir lieu ce samedi dans deux\u00a0discoth\u00e8ques parisienne (le Cabaret sauvage\u00a0et la Machine du Moulin Rouge), avec 2200\u00a0volontaires franciliens \u00e2g\u00e9s de 18\u00a0\u00e0 49\u00a0ans compl\u00e8tement vaccin\u00e9s\u00a0depuis au moins 14\u00a0jours\u00a0et sans comorbidit\u00e9s. Cette exp\u00e9rience\u00a0doit\u00a0\u00e9valuer le risque de transmission chez des personnes non masqu\u00e9s mais vaccin\u00e9s.\u00a0Pilot\u00e9e par l&rsquo;agence de recherche ANRS\/Maladies infectieuses \u00e9mergentes avec l&rsquo;AP-HP (Assistance publique-H\u00f4pitaux de Paris), les r\u00e9sultats de ce test, baptis\u00e9\u00a0\u00ab\u00a0Reviens la nuit\u00a0\u00bb, devraient \u00eatre connus fin juillet. Cette soir\u00e9e ne remet pas en question leur r\u00e9ouverture\u00a0annonc\u00e9e pour le 9 juillet.\u00a0<\/li>\n<li><strong>Liste rouge des pays.<\/strong>\u00a0La Russie, la Namibie et les Seychelles rejoignent la liste des pays en rouge qui sont particuli\u00e8rement \u00e0 risque de variant, a annonc\u00e9 ce mercredi le porte-parole du gouvernement Gabriel Attal.\u00a0Les Fran\u00e7ais qui veulent s&rsquo;y rendre doivent justifier d&rsquo;un motif imp\u00e9rieux\u00a0et une quarantaine est impos\u00e9e au retour en France. La liste rouge comporte actuellement 21 pays dont l&rsquo;Inde, le Br\u00e9sil, l&rsquo;Argentine, le Chili, l&rsquo;Afrique du Sud, le Costa Rica, l&rsquo;Uruguay, la Colombie&#8230;\u00a0<\/li>\n<li><strong>Menace du variant Delta. <\/strong>A l&rsquo;issue du Conseil des ministres,\u00a0le porte-parole du gouvernement Gabriel Attal s&rsquo;est exprim\u00e9 sur la progression du variant delta en France, o\u00f9 il repr\u00e9sente entre 9 et 10% des nouveaux cas, et ce taux atteint 70% dans les Landes\u00a0\u00ab\u00a0<em><strong>On sait qu&rsquo;il est plus contagieux que le variant anglais.<\/strong> (&#8230;) Cela peut aller tr\u00e8s vite, c&rsquo;est pour ca qu&rsquo;en France on a mis en place un calendrier progressif de lev\u00e9e des restrictions. Cela demande une vigilance individuelle et collective<\/em>\u00ab\u00a0, estime-t-il. Et d&rsquo;\u00e9voquer une potentielle reprise \u00e9pid\u00e9mique. En Inde, une variante du variant inqui\u00e8te : il s&rsquo;agit du\u00a0<b data-original-fontsize=\"20px\" data-original-lineheight=\"30px\">\u00ab\u00a0Delta plus\u00a0\u00bb, d\u00e9tect\u00e9<\/b>\u00a0<strong>chez 16\u00a0cas dans l&rsquo;\u00c9tat de Maharashtra<\/strong>. Selon le minist\u00e8re indien de la Sant\u00e9, il pr\u00e9sente une transmissibilit\u00e9 accrue.<\/li>\n<li><b data-original-fontsize=\"20px\" data-original-lineheight=\"30px\">Vaccin des ados : la pr\u00e9sence\u00a0d&rsquo;un parent n&rsquo;est pas obligatoire. <\/b>Contrairement \u00e0 ce qui avait \u00e9t\u00e9 indique, la pr\u00e9sence d&rsquo;un parent lorsqu&rsquo;un ado se fait vacciner n&rsquo;est pas obligatoire, mais seulement recommand\u00e9e, assure Ameli.\u00a0En revanche, l&rsquo;autorisation parentale doit \u00eatre \u00ab\u00a0sign\u00e9e par les deux parents\u00a0\u00bb.\u00a0<\/li>\n<li><strong>300\u00a0000 nouveaux cr\u00e9neaux de vaccination. <\/strong>Ce mardi 22 juin, le gouvernement a annonc\u00e9 que 300 000 nouveaux cr\u00e9neaux de vaccination allaient \u00eatre disponibles dans les trois prochains jours. Ils sont r\u00e9serv\u00e9s aux premi\u00e8res injections.\u00a0Le but : inciter les Fran\u00e7ais \u00e0 se faire vacciner avant les vacances d&rsquo;\u00e9t\u00e9.\u00a0<\/li>\n<li><strong><a href=\"http:\/\/www.affinite.fr\/index.php\/2023\/07\/29\/changer-de-vie-voyager-complement-de-retraite-devenez-vendeur-de-glace-a-litalienne\/\">Voyager<\/a> en Outre-mer.<\/strong>\u00a0Air France a annonc\u00e9 pr\u00e9voir jusqu&rsquo;\u00e0 21\u00a0vols par semaine en juillet et en ao\u00fbt, \u00e0\u00a0destination de Fort-de-France (Martinique), Pointe-\u00e0-Pitre (Guadeloupe) et Saint-Denis-de-La-R\u00e9union depuis les a\u00e9roports d&rsquo;Orly et de Roissy-Charles de Gaulle.\u00a0<\/li>\n<li><strong>Pass sanitaire pour le Tour de France. <\/strong>Le pass sanitaire sera obligatoire \u00e0 certains endroits du Tour de France, \u00e0 partir de 11 ans :\u00a0lors de la pr\u00e9sentation des \u00e9quipes du Tour jeudi apr\u00e8s-midi \u00e0 Brest,\u00a0dans les zones\u00a0de\u00a0d\u00e9part\u00a0des quatre \u00e9tapes bretonnes, devant le podium et autour de la ligne, aux arriv\u00e9es dans les derni\u00e8res centaines de m\u00e8tres. \u00ab\u00a0<em>La jauge prendra en compte la configuration des sites<\/em>\u00ab\u00a0, a pr\u00e9cis\u00e9 \u00e0 l&rsquo;AFP Pierre-Yves Thouault, directeur-adjoint du Tour.\u00a0<\/li>\n<li><strong style=\"font-size: 1rem;\">D\u00e9clarer le r\u00e9sultat de son autotest. <\/strong><span style=\"font-size: 1rem;\">Le gouvernement a lanc\u00e9 lundi la plateforme monautotest.gouv.fr afin de permettre\u00a0aux personnes r\u00e9alisant des autotests de d\u00e9pistage du Covid-19\u00a0de renseigner leur r\u00e9sultat. Seuls les r\u00e9sultats des tests PCR ou antig\u00e9niques \u00e9taient enregistr\u00e9s jusqu&rsquo;\u00e0 pr\u00e9sent.\u00a0La prise en compte des r\u00e9sultats des autotests permettra de produire un d\u00e9compte du nombre de cas d\u00e9tect\u00e9s plus proche de la r\u00e9alit\u00e9.\u00a0<\/span><\/li>\n<li><strong>Protocole sanitaire dans les discoth\u00e8ques.<\/strong>\u00a0Les discoth\u00e8ques pourront rouvrir \u00e0 partir du 9\u00a0juillet, mais avec <a href=\"https:\/\/www.gouvernement.fr\/les-protocoles-sanitaires-de-reouverture-des-discotheques-et-concerts-en-plein-air\">un protocole sanitaire<\/a>\u00a0:\u00a0<\/li>\n<\/ul>\n<p>&#8211;\u00a0<strong>la pr\u00e9sentation d&rsquo;un pass sanitaire<\/strong> sera n\u00e9cessaire pour entrer dans l&rsquo;\u00e9tablissement\u00a0: chacun, avec un certificat de vaccination ou un test PCR n\u00e9gatif r\u00e9cent pourra ainsi entrer en discoth\u00e8que.<\/p>\n<p>&#8211; compte tenu de ce pass sanitaire, <strong>le port du masque ne sera que recommand\u00e9<\/strong> et non obligatoire ;<\/p>\n<p>&#8211; <strong>une jauge a \u00e9t\u00e9 fix\u00e9e \u00e0 75%<\/strong> pour les discoth\u00e8ques <strong>en int\u00e9rieur<\/strong> et \u00e0 100% en ext\u00e9rieur ;<\/p>\n<p>&#8211; <strong>le t\u00e9l\u00e9chargement et l&rsquo;activation de TousAntiCovid Signal<\/strong>, le cahier de rappel num\u00e9rique, seront obligatoires.<\/p>\n<ul>\n<li><strong>Protocole sanitaire pour les concerts et festivals.<\/strong>\u00a0Les concerts avec un public debout pourront reprendre \u00e0 partir du vendredi 30\u00a0juin, a annonc\u00e9 Roselyne Bachelot, la ministre de la Culture. N\u00e9anmoins, avec un protocole sanitaire :\u00a0<\/li>\n<\/ul>\n<p>&#8211;\u00a0une jauge de 75\u00a0% s&rsquo;appliquera en int\u00e9rieur, tandis qu&rsquo;en ext\u00e9rieur elle sera de 100\u00a0% ;\u00a0<\/p>\n<p>&#8211; un pass sanitaire sera exig\u00e9 \u00e0 compter de 1\u00a0000\u00a0spectateurs, qu&rsquo;il s&rsquo;agisse du plein air ou des concerts en salle ;<\/p>\n<p>&#8211; le port du masque sera obligatoire quand le nombre de spectateurs est inf\u00e9rieur \u00e0 1\u00a0000, pour les \u00e9v\u00e9nements sans pass sanitaire obligatoire ;<\/p>\n<p>&#8211; pour les \u00e9v\u00e9nements o\u00f9 le pass sanitaire sera en vigueur, au-dessus de 1\u00a0000\u00a0personnes, le port du masque ne sera pas obligatoire mais restera recommand\u00e9.<\/p>\n<p><a id=\"chiffres-covid-france-gouvernement\" name=\"chiffres-covid-france-gouvernement\" style=\"font-size: 1.125rem; background-color: rgb(255, 255, 255);\">Quels sont les chiffres de l&rsquo;\u00e9pid\u00e9mie de Covid en France ?<\/a><br \/>Les chiffres de l&rsquo;\u00e9pid\u00e9mie de Covid-19 en France sont publi\u00e9s quotidiennement par le site <a href=\"http:\/\/www.gouvernement.fr\/info-coronavirus\/carte-et-donnees\" target=\"_blank\" rel=\"noopener noreferrer\">Carte-et-donn\u00e9es<\/a> du gouvernement et par <a href=\"https:\/\/www.santepubliquefrance.fr\/dossiers\/coronavirus-covid-19\/coronavirus-chiffres-cles-et-evolution-de-la-covid-19-en-france-et-dans-le-monde\" target=\"_blank\" rel=\"noopener noreferrer\">Sant\u00e9 Publique France<\/a>.<\/p>\n<p><a id=\"covid-france-chiffre-du-jour-bilan\" name=\"covid-france-chiffre-du-jour-bilan\" style=\"font-size: 1.125rem; background-color: rgb(255, 255, 255);\" target=\"_blank\" rel=\"noopener noreferrer\">Quels sont les chiffres du jour ?<\/a><\/p>\n<section>\n<p><strong style=\"font-size: 1rem;\">Au mercredi 23<\/strong>\u00a0<strong style=\"font-size: 1rem;\">juin 2021, en France :<\/strong><\/p>\n<p><span style=\"font-size: 1rem;\">\u2022 5 762 322 personnes ont \u00e9t\u00e9 contamin\u00e9es par le coronavirus\u00a0<\/span><strong style=\"font-size: 1rem;\">(+2<\/strong><strong>\u00a0320\u00a0<\/strong><strong style=\"font-size: 1rem;\">cas<\/strong><strong>\u00a0<\/strong><strong style=\"font-size: 1rem;\">en 24\u00a0heures)\u00a0\u00a0<\/strong><\/p>\n<p>\u2022 110 891 personnes sont d\u00e9c\u00e9d\u00e9es en France\u00a0<strong>(+33 en 24\u00a0heures),<\/strong><strong>\u00a0<\/strong>dont 84 435 \u00e0 l&rsquo;h\u00f4pital\u00a0<\/p>\n<p>\u2022<strong>\u00a01 509 patients Covid-19\u00a0sont en soins critiques <\/strong>(soit en r\u00e9animation, soins intensifs et surveillance continue) (-20,1% en 7j, donn\u00e9e arr\u00eat\u00e9e au 22\u00a0juin).<\/p>\n<p>\u2022 9 771 patients Covid-19\u00a0sont hospitalis\u00e9s (-15,5% en 7j, donn\u00e9e arr\u00eat\u00e9e au 22\u00a0juin).<\/p>\n<p>\u2022 le R0 du virus (taux de reproduction) est de 0.5, en baisse (-6,8% en 7j, donn\u00e9e arr\u00eat\u00e9e au 19\u00a0juin).<\/p>\n<p>\u2022 le taux de positivit\u00e9 des tests est de 0,9%, (-36,8% en 7j, donn\u00e9e arr\u00eat\u00e9e au 19\u00a0juin).<\/p>\n<p>Au mercredi 23\u00a0juin\u00a02021,\u00a0un total de<strong>\u00a0<span style=\"font-size: 1rem;\">5\u00a0762 322\u00a0<\/span>cas\u00a0confirm\u00e9s\u00a0<\/strong>de coronavirus est rapport\u00e9 depuis le d\u00e9but de la pand\u00e9mie. Au 19\u00a0juin, le taux d&rsquo;incidence du virus est de 24,1\/100 000 habitants, <strong>en baisse\u00a0de 40,8%<\/strong> sur les 7 derniers jours.<\/p>\n<p>\u25ba\u00a0Au niveau national, Sant\u00e9 Publique France indique que 26\u00a0832\u00a0nouveaux cas ont \u00e9t\u00e9 confirm\u00e9s en semaine 23 (7-13 juin), soit environ <strong>3\u00a0800\u00a0cas en moyenne chaque jour.<\/strong> Le<strong> taux d&rsquo;incidence<\/strong> \u00e9tait en forte diminution, \u00e0 40\/100\u00a0000\u00a0habitants (<strong>-41%<\/strong> par rapport \u00e0 S22). Cette forte diminution \u00e9tait observ\u00e9e dans toutes les classes d&rsquo;\u00e2ge. Les taux de d\u00e9pistage et de positivit\u00e9 diminuaient (respectivement \u00e0 2\u00a0784\/100\u00a0000\u00a0habitants, soit -7% par rapport \u00e0 S22, et 1,4%, soit -0,9\u00a0point par rapport \u00e0 S22).<\/p>\n<blockquote>\n<p style=\"text-align: right;\">Les niveaux \u00e0 l&rsquo;h\u00f4pital comparables \u00e0 ceux de mai 2020.<\/p>\n<\/blockquote>\n<p>Mercredi 23\u00a0juin,<strong>\u00a02 320\u00a0<\/strong><strong>nouvelles personnes <\/strong>ont\u00a0re\u00e7u un test positif au Covid-19\u00a0par rapport \u00e0 la veille.\u00a0Au niveau national,\u00a0environ 3800\u00a0cas de Covid ont \u00e9t\u00e9 recens\u00e9s en moyenne chaque jour sur la semaine du 7 au 13 juin (contre plus de 6000 la semaine d&rsquo;avant).<\/p>\n<p>La diminution du nombre de d\u00e9clarations de nouvelles hospitalisations et d&rsquo;admissions en services de soins critiques, constat\u00e9e depuis la semaine 15 (12-18 avril), s&rsquo;est poursuivie en semaine 23 du 7 au 13 juin\u00a0(-28% et -26% par rapport \u00e0 la semaine 22, respectivement). Le nombre de patients COVID-19\u00a0en cours d&rsquo;hospitalisation est\u00a0toujours en diminution au 15\u00a0juin.\u00a0Au 22\u00a0juin :<\/p>\n<ul>\n<li>-40,9% de nouvelles hospitalisations covid en 7 jours,\u00a0selon les <a href=\"https:\/\/www.gouvernement.fr\/info-coronavirus\/carte-et-donnees\" target=\"_blank\" rel=\"noopener noreferrer\">chiffres du gouvernement<\/a>.<\/li>\n<li>-39,1% de nouvelles entr\u00e9es en soins critiques quotidiennes en 7 jours.<\/li>\n<li>9 771 patients Covid-19\u00a0hospitalis\u00e9s\u00a0selon <a href=\"https:\/\/dashboard.covid19.data.gouv.fr\/vue-d-ensemble?location=FRA\" target=\"_blank\" rel=\"noopener noreferrer\">data-gouv<\/a>\u00a0au 23\u00a0juin<\/li>\n<li><strong>1 509 patients Covid\u00a0en r\u00e9animation<\/strong> au 23\u00a0juin<strong>.<\/strong><\/li>\n<\/ul>\n<h3><u>Nombre de personnes actuellement hospitalis\u00e9es par r\u00e9gion au 22\u00a0juin<\/u><u>\u00a02021 (source : gouvernement.fr)<\/u><\/h3>\n<table align=\"center\" border=\"1\" cellpadding=\"1\" cellspacing=\"1\" style=\"width:100%;\">\n<thead>\n<tr>\n<th scope=\"col\" style=\"width: 260px;\">R\u00e9gion<\/th>\n<th scope=\"col\" style=\"width: 283px;\">Nombre de personnes actuellement hospitalis\u00e9es<\/th>\n<th scope=\"col\" style=\"width: 220px;\">Evolution en 7 jours<\/th>\n<\/tr>\n<\/thead>\n<tbody>\n<tr>\n<td style=\"width: 260px;\"><strong>Auvergne-Rh\u00f4ne-Alpes<\/strong><\/td>\n<td style=\"width: 283px;\">1 001<\/td>\n<td style=\"width: 220px;\">-24,1 %<\/td>\n<\/tr>\n<tr>\n<td style=\"width: 260px;\"><strong>Hauts-de-France<\/strong><\/td>\n<td style=\"width: 283px;\">1 383<\/td>\n<td style=\"width: 220px;\">-13,2 %<\/td>\n<\/tr>\n<tr>\n<td style=\"width: 260px;\"><strong>Provence-Alpes-C\u00f4te d&rsquo;Azur<\/strong><\/td>\n<td style=\"width: 283px;\">976<\/td>\n<td style=\"width: 220px;\">-12,4 %<\/td>\n<\/tr>\n<tr>\n<td style=\"width: 260px;\"><strong>Grand Est<\/strong><\/td>\n<td style=\"width: 283px;\">806<\/td>\n<td style=\"width: 220px;\">-13,9 %<\/td>\n<\/tr>\n<tr>\n<td style=\"width: 260px;\"><strong>Occitanie<\/strong><\/td>\n<td style=\"width: 283px;\">567<\/td>\n<td style=\"width: 220px;\">-11 %<\/td>\n<\/tr>\n<tr>\n<td style=\"width: 260px;\"><strong><a href=\"http:\/\/www.affinite.fr\/index.php\/2024\/11\/21\/construire-votre-maison-en-normandie\/\">Normandie<\/a><\/strong><\/td>\n<td style=\"width: 283px;\">683<\/td>\n<td style=\"width: 220px;\">-14,1 %<\/td>\n<\/tr>\n<tr>\n<td style=\"width: 260px;\"><strong>Nouvelle-Aquitaine<\/strong><\/td>\n<td style=\"width: 283px;\">503<\/td>\n<td style=\"width: 220px;\">-10,5 %<\/td>\n<\/tr>\n<tr>\n<td style=\"width: 260px;\"><strong>Centre-Val de Loire<\/strong><\/td>\n<td style=\"width: 283px;\">330<\/td>\n<td style=\"width: 220px;\">-13,8 %<\/td>\n<\/tr>\n<tr>\n<td style=\"width: 260px;\"><strong>Bourgogne-Franche-Comt\u00e9<\/strong><\/td>\n<td style=\"width: 283px;\">435<\/td>\n<td style=\"width: 220px;\">-14,2 %\u00a0<\/td>\n<\/tr>\n<tr>\n<td style=\"width: 260px;\"><strong>Bretagne<\/strong><\/td>\n<td style=\"width: 283px;\">352<\/td>\n<td style=\"width: 220px;\">-9,5 %<\/td>\n<\/tr>\n<tr>\n<td style=\"width: 260px;\"><strong>Corse<\/strong><\/td>\n<td style=\"width: 283px;\">30<\/td>\n<td style=\"width: 220px;\">-3,2<b>\u00a0<\/b>%<\/td>\n<\/tr>\n<tr>\n<td style=\"width: 260px;\"><strong>Pays de la Loire<\/strong><\/td>\n<td style=\"width: 283px;\">238<\/td>\n<td style=\"width: 220px;\">-22,2 %<\/td>\n<\/tr>\n<tr>\n<td style=\"width: 260px;\"><strong>\u00cele-de-France<\/strong><\/td>\n<td style=\"width: 283px;\">2 364<\/td>\n<td style=\"width: 220px;\">-18,7 %<\/td>\n<\/tr>\n<tr>\n<td style=\"width: 260px;\"><strong>Guadeloupe<\/strong><\/td>\n<td style=\"width: 283px;\">97<\/td>\n<td style=\"width: 220px;\">-12,6 %\u00a0<\/td>\n<\/tr>\n<tr>\n<td style=\"width: 260px;\"><strong>Martinique<\/strong><\/td>\n<td style=\"width: 283px;\">17<\/td>\n<td style=\"width: 220px;\">-34,6 %<\/td>\n<\/tr>\n<tr>\n<td style=\"width: 260px;\"><strong>Guyane<\/strong><\/td>\n<td style=\"width: 283px;\">121<\/td>\n<td style=\"width: 220px;\">+4,3 %<\/td>\n<\/tr>\n<tr>\n<td style=\"width: 260px;\"><strong>La R\u00e9union<\/strong><\/td>\n<td style=\"width: 283px;\">140<\/td>\n<td style=\"width: 220px;\">-11,9 %<\/td>\n<\/tr>\n<tr>\n<td style=\"width: 260px;\"><strong>Mayotte<\/strong><\/td>\n<td style=\"width: 283px;\">3<\/td>\n<td style=\"width: 220px;\">-25 %<\/td>\n<\/tr>\n<\/tbody>\n<\/table>\n<\/section>\n<p>La mortalit\u00e9 li\u00e9e \u00e0 la COVID-19 a faibli. <strong>110 891 d\u00e9c\u00e8s sont recens\u00e9s au 22\u00a0juin\u00a0<\/strong>dont 84\u00a0435 \u00e0 l&rsquo;h\u00f4pital\u00a0(+33 au cours des 24\u00a0derni\u00e8res heures), selon les chiffres de <a href=\"https:\/\/www.santepubliquefrance.fr\/dossiers\/coronavirus-covid-19\/coronavirus-chiffres-cles-et-evolution-de-la-covid-19-en-france-et-dans-le-monde\" target=\"_blank\" rel=\"noopener noreferrer\">Sant\u00e9 Publique France<\/a>. Ce chiffre ne comprend pas les d\u00e9c\u00e8s \u00e0 domicile.\u00a0<\/p>\n<p>\u25ba Le nombre de d\u00e9c\u00e8s toutes causes et tous \u00e2ges confondus \u00e9tait dans les marges de fluctuation habituelle en semaines 20\u00a0et 21\u00a0apr\u00e8s pr\u00e8s de huit mois d&rsquo;exc\u00e8s de mortalit\u00e9 \u00e0 l&rsquo;\u00e9chelle nationale. Les <strong>d\u00e9c\u00e8s de patients COVID-19\u00a0hospitalis\u00e9s<\/strong> \u00e9taient toujours en diminution en semaine 23\u00a0(<strong>-35%<\/strong>) et ceux survenus dans les \u00e9tablissements sociaux et m\u00e9dico-sociaux (ESMS) restaient \u00e0 un niveau tr\u00e8s faible.\u00a0Les <strong>plus forts taux de d\u00e9c\u00e8s<\/strong> actuellement par r\u00e9gion rapport\u00e9s \u00e0 la population \u00e9taient observ\u00e9s dans les <strong>Hauts-de-France<\/strong> (0,8\/100\u00a0000), en <strong>\u00cele-de-France<\/strong> (0,7) et dans le <strong>Grand Est<\/strong> (0,7).<\/p>\n<ul>\n<li>L&rsquo;\u00e2ge m\u00e9dian au d\u00e9c\u00e8s est de 85\u00a0ans<\/li>\n<li>93% des personnes d\u00e9c\u00e9d\u00e9es du Covid \u00e0 l&rsquo;h\u00f4pital avaient 65\u00a0ans et plus.<\/li>\n<li>Les hommes repr\u00e9sentent 55% de ces d\u00e9c\u00e8s.<\/li>\n<\/ul>\n<div style=\"text-align:center\">\n<figure class=\"image\" style=\"display:inline-block\"><a class=\"fancy\" href=\"https:\/\/img-3.journaldesfemmes.fr\/4STPoyyfc6MF4WYTaKqeEoputxk=\/1080x\/smart\/8eb81a1f2ffb4e5390a86be982236855\/ccmcms-jdf\/25563185.jpg\"><img decoding=\"async\" alt=\"courbe-covid-deces-morts-france\" src=\"https:\/\/img-3.journaldesfemmes.fr\/4STPoyyfc6MF4WYTaKqeEoputxk=\/1080x\/smart\/8eb81a1f2ffb4e5390a86be982236855\/ccmcms-jdf\/25563185.jpg\"\/><\/a><figcaption data-credit=\"Sant\u00e9 Publique France\"><small>\u00a9\u00a0Sant\u00e9 Publique France<\/small><\/figcaption><\/figure>\n<\/div>\n<p><a id=\"covid-19-france-evolution-courbe\" name=\"covid-19-france-evolution-courbe\" style=\"font-size: 1.125rem; background-color: rgb(255, 255, 255); font-family: Raleway, sans-serif;\" target=\"_blank\" rel=\"noopener noreferrer\">Courbe : comment \u00e9volue\u00a0l&rsquo;\u00e9pid\u00e9mie en France ?<\/a><\/p>\n<p><strong><em>\u00ab\u00a0La situation sanitaire s&rsquo;am\u00e9liore plus vite que nous l&rsquo;avions esp\u00e9r\u00e9\u00a0\u00bb\u00a0<\/em><\/strong>a annonc\u00e9 Jean Castex le 16 juin \u00e0 la sortie du Conseil des ministres. Le niveau de circulation virale est similaire \u00e0 celui d&rsquo;ao\u00fbt 2020\u00a0avec environ 5000\u00a0nouveaux pas jour de Covid. Cette<strong> am\u00e9lioration <\/strong><em><strong>\u00ab\u00a0concerne l&rsquo;ensemble du territoire<\/strong> m\u00e9tropolitaine<\/em>\u00ab\u00a0. La\u00a0<strong>pression sur le syst\u00e8me hospitalier a <\/strong><em><strong>\u00ab\u00a0enfin fortement baiss\u00e9<\/strong>\u00ab\u00a0. <\/em><\/p>\n<p><strong>En semaine 23 (7-13 juin) selon Sant\u00e9 Publique France :<\/strong><\/p>\n<ul>\n<li>Diminution de la circulation du SARS-CoV-2\u00a0dans toutes les r\u00e9gions.<\/li>\n<li>Diminution des taux d&rsquo;incidence, d&rsquo;hospitalisations et d&rsquo;admissions en soins critiques<\/li>\n<li>Mortalit\u00e9 toutes causes \u00e0 nouveau dans les valeurs attendues au niveau national<\/li>\n<li>M\u00e9tropole\u00a0: forte diminution de la circulation virale dans l&rsquo;ensemble des r\u00e9gions<\/li>\n<li>Outre-mer\u00a0: taux d&rsquo;incidence restant \u00e9lev\u00e9 en Guyane et \u00e0 La R\u00e9union<\/li>\n<li>Le variant Alpha est toujours majoritaire.<\/li>\n<li>Il y a une \u00e9mergence du variant Delta\u00a0\u00a0avec plusieurs foyers de transmission communautaire document\u00e9s.<\/li>\n<\/ul>\n<p><strong>Pour rappel, la France a connu trois \u00ab\u00a0vagues\u00a0\u00bb \u00e9pid\u00e9miques depuis janvier 2020 :\u00a0<\/strong><\/p>\n<p>\u2192 Une premi\u00e8re vague marqu\u00e9e par un\u00a0<strong>pic \u00e9pid\u00e9mique<\/strong>\u00a0au cours de la\u00a0<strong>semaine du 6\u00a0au 12\u00a0avril 2020<\/strong>, soit 15\u00a0jours\u00a0apr\u00e8s la mise en \u0153uvre du premier\u00a0confinement de la population (le 17\u00a0mars 2020).<\/p>\n<p>\u2192 Une deuxi\u00e8me vague marqu\u00e9e par un\u00a0<strong>pic au cours de la semaine du<\/strong>\u00a0<strong>16\u00a0au 20\u00a0novembre 2020,\u00a0<\/strong>trois semaines apr\u00e8s le deuxi\u00e8me confinement (29 octobre 2020).<\/p>\n<p>\u2192 Une troisi\u00e8me vague dont le <strong>pic \u00e9pid\u00e9mique a \u00e9t\u00e9 estim\u00e9 \u00e0 la mi-avril 2021.<\/strong>\u00a0<\/p>\n<div style=\"text-align:center\">\n<figure class=\"image\" style=\"display:inline-block\"><a class=\"fancy\" href=\"https:\/\/img-3.journaldesfemmes.fr\/fK1YrHQXlhZWjF8xu73BoA7f8lc=\/1080x\/smart\/2c1c1c045c284ac5bad8c97a0fc95027\/ccmcms-jdf\/25563177.jpg\"><img decoding=\"async\" alt=\"courbe-covid-nombre-de-cas-france\" src=\"https:\/\/img-3.journaldesfemmes.fr\/fK1YrHQXlhZWjF8xu73BoA7f8lc=\/1080x\/smart\/2c1c1c045c284ac5bad8c97a0fc95027\/ccmcms-jdf\/25563177.jpg\"\/><\/a><figcaption data-credit=\"Sant\u00e9 Publique France\"><small>\u00a9\u00a0Sant\u00e9 Publique France<\/small><\/figcaption><\/figure>\n<\/div>\n<div style=\"text-align:center\">\n<figure class=\"image\" style=\"display:inline-block\"><a class=\"fancy\" href=\"https:\/\/img-3.journaldesfemmes.fr\/rCymmcP30sHYZlzBVEl3qWJbZXU=\/1080x\/smart\/dc73cb86532a4408b8766ba36820cb9f\/ccmcms-jdf\/25599516.png\"><img decoding=\"async\" alt=\"Courbe du nombre de personnes actuellement en soins critiques\" src=\"https:\/\/img-3.journaldesfemmes.fr\/-VtDYrhre-it9TzW9RJn9w5puZU=\/600x\/smart\/dc73cb86532a4408b8766ba36820cb9f\/ccmcms-jdf\/25599516.png\"\/><\/a><figcaption data-credit=\"Gouvernement.fr\" data-legend=\"Courbe du nombre de personnes actuellement en soins critiques, au 19 juin 2021\">Courbe du nombre de personnes actuellement en soins critiques, au 19 juin 2021 <small>\u00a9\u00a0Gouvernement.fr<\/small><\/figcaption><\/figure>\n<\/div>\n<p>\u00c0 ce jour, la France compte cinq variants\u00a0qualifi\u00e9s de pr\u00e9occupants (VOC) en raison de leur transmissibilit\u00e9 augment\u00e9e et\/ou d&rsquo;un risque d&rsquo;\u00e9chappement \u00e0 la r\u00e9ponse immunitaire. Trois d&rsquo;entre eux, les variants 20I\/501Y.V1\u00a0(ayant \u00e9merg\u00e9 au <strong>Royaume-Uni),<\/strong> 20H\/501Y.V2\u00a0(ayant \u00e9merg\u00e9 en<strong> Afrique du Sud<\/strong>) et 20J\/501Y.V3\u00a0(ayant \u00e9merg\u00e9 au<strong> Br\u00e9sil)<\/strong>, circulent en France depuis le d\u00e9but de l&rsquo;ann\u00e9e 2021. Le quatri\u00e8me VOC (20I\/484K ou 20I\/484Q selon le type de mutation), ayant \u00e9merg\u00e9 au Royaume-Uni d\u00e9but 2021, \u00e9tait peu d\u00e9tect\u00e9 en France jusqu&rsquo;\u00e0 la mi-mars, mais les donn\u00e9es de s\u00e9quen\u00e7age montrent une transmission communautaire dans plusieurs r\u00e9gions. Le lignage 20A\/452R (ou B.1.617), initialement d\u00e9tect\u00e9<strong> en Inde<\/strong> en d\u00e9cembre 2020, a \u00e9t\u00e9 class\u00e9 VOC le 11\u00a0mai par l&rsquo;OMS et le 12\u00a0mai 2021\u00a0par l&rsquo;analyse de risque conjointe CNR\/SpFrance.\u00a0<\/p>\n<div class=\"ccminsert\">\n<aside class=\"app_widget_fo app_widget_fo--call\">\n<ul>\n<li>\n                <a href=\"https:\/\/sante.journaldesfemmes.fr\/fiches-maladies\/2667643-carte-covid-19-france-departement-direct-monde-europe-temps-reel-vaccination-voyage-monde-pays\/\" class=\"jGTMWidgetGAEventClick\" data-gtmwidgetgaeventaction=\"clickWidgetCall\" data-gtmwidgetgaeventlabel=\"CARTE COVID\u00a0: France, r\u00e9gion, taux d'incidence, voyage, pays\"><\/p>\n<figure><picture><source media=\"(max-width: 480px)\" srcset=\"https:\/\/img-3.journaldesfemmes.fr\/xofKHfiz9RrBlpH_OPHov9QGOfI=\/160x105\/smart\/44cedec0f6bb4c3babdd2fb7b30500ae\/ccmcms-jdf\/25697665.png\" width=\"160\" height=\"105\"><img decoding=\"async\" src=\"https:\/\/img-3.journaldesfemmes.fr\/VxkBGAndwwR3ml5Av1Bm2hsgSv0=\/200x132\/smart\/44cedec0f6bb4c3babdd2fb7b30500ae\/ccmcms-jdf\/25697665.png\" alt=\"\" width=\"200\" height=\"132\" loading=\"lazy\"\/><\/source><\/picture><figcaption>\n<h3>CARTE COVID\u00a0: France, r\u00e9gion, taux d&rsquo;incidence, voyage, pays<\/h3>\n<p>CARTE CORONAVIRUS &#8211; Les cartes confirment la baisse de circulation du Covid-19\u00a0en France.\u00a0Le\u00a0taux d&rsquo;incidence national est sous la barre des 30\u00a0cas pour 100\u00a0000\u00a0habitants\u00a0: au 17\u00a0juin, il est de 27,3. Incidence par ville, d\u00e9partement, r\u00e9gion, zone rouge, cartes du monde, pays d&rsquo;Europe, pour voyager&#8230; Les derni\u00e8res images en direct.<\/p>\n<\/figcaption><\/figure>\n<p><\/a>\n            <\/li>\n<\/ul>\n<\/aside>\n<\/div>\n<p>Le Premier ministre a annonc\u00e9 le 16 juin\u00a0la lev\u00e9e du<strong>\u00a0couvre-feu dimanche\u00a020\u00a0juin<\/strong> (dernier couvre-feu samedi soir) <strong>ainsi que<\/strong><strong>\u00a0l&rsquo;obligation du port du masque en ext\u00e9rieur <\/strong>sauf <em>\u00ab\u00a0quand on se regroupe, qu&rsquo;on se trouve dans un march\u00e9, dans une file d&rsquo;attente ou encore dans la tribune d&rsquo;un stade\u00a0\u00bb.<\/em> Le port du masque reste obligatoire dans les lieux clos. Il est aussi<strong>\u00a0lev\u00e9\u00a0dans les cours d&rsquo;\u00e9cole jeudi 17\u00a0juin<\/strong>, mais pas dans les classes.<\/p>\n<p>Une r\u00e9ouverture de la France en 4\u00a0\u00e9tapes\u00a0: Emmanuel Macron a d\u00e9voil\u00e9 son plan de r\u00e9ouverture de la France \u00e0 la presse quotidienne r\u00e9gionale et au Parisien\u00a0le 28 avril.\u00a0<\/p>\n<table border=\"1\" cellpadding=\"1\" cellspacing=\"1\" style=\"width:100%;\">\n<thead>\n<tr>\n<th scope=\"col\" style=\"width: 102px; text-align: center;\">DATES CLES<\/th>\n<th scope=\"col\" style=\"width: 892px; text-align: center;\">NOUVELLES MESURES<\/th>\n<\/tr>\n<\/thead>\n<tbody>\n<tr>\n<td style=\"width: 102px;\"><strong>17 juin<\/strong><\/td>\n<td style=\"width: 892px;\">\n<p>Le port du masque n&rsquo;est plus obligatoire en ext\u00e9rieur sauf dans les situations de regroupements de personnes, et notamment\u00a0:<\/p>\n<ul>\n<li>Lieux rassemblant un grand nombre de personnes<\/li>\n<li>Files d&rsquo;attente<\/li>\n<li>March\u00e9s<\/li>\n<li>Tribunes de stades<\/li>\n<\/ul>\n<p>Le port du masque reste obligatoire dans les lieux clos, comme les bureaux, les commerces, les transports en commun, les mus\u00e9es, les salles de spectacles, les cin\u00e9mas et les salles de restaurants au cours des d\u00e9placements.<\/p>\n<\/td>\n<\/tr>\n<tr>\n<td style=\"width: 102px;\"><a id=\"reouverture-covid-30-juin\" name=\"reouverture-covid-30-juin\"><strong>20 juin<\/strong><\/a><\/td>\n<td style=\"width: 892px;\">\n<p><strong>fin du couvre-feu avanc\u00e9e au 20 juin <\/strong>(initialement pr\u00e9vu le 30), donc fin de l&rsquo;attestation de d\u00e9placement<\/p>\n<\/td>\n<\/tr>\n<tr>\n<td style=\"width: 102px;\"><strong>30 juin<\/strong><\/td>\n<td style=\"width: 892px;\">\n<p>Fin des limites de jauge dans les lieux recevant du public (selon la situation sanitaire locale).<\/p>\n<p>Reprise des concerts debout (jauge de 75% et pr\u00e9sentation du pass sanitaire) et des festivals de plein air o\u00f9 le public se tient debout\u00a0avec une jauge de 4m<sup>2<\/sup>\u00a0par festivalier et le pass sanitaire sera exig\u00e9 au-del\u00e0 de 1\u00a0000\u00a0personnes.<\/p>\n<p>Possibilit\u00e9 de participer \u00e0 un \u00e9v\u00e9nement rassemblant plus de 1\u00a0000\u00a0personnes en ext\u00e9rieur et en int\u00e9rieur avec le pass sanitaire.<\/p>\n<p>Reprise des comp\u00e9titions sportives de plein air pour les pratiquants amateurs\u00a0dans la limite de 2\u00a0500\u00a0personnes (pass sanitaire\u00a0exig\u00e9 au-del\u00e0 de 1\u00a0000\u00a0personnes)<\/p>\n<\/td>\n<\/tr>\n<tr>\n<td style=\"width: 102px;\"><strong>9 juillet<\/strong><\/td>\n<td style=\"width: 892px;\"><strong>R\u00e9ouverture des discoth\u00e8ques <\/strong>(jauge de 75% en int\u00e9rieur et pass sanitaire)<\/td>\n<\/tr>\n<\/tbody>\n<\/table>\n<p>La vaccination contre la Covid-19\u00a0se poursuit en France avec les vaccins Pfizer-BioNTech,\u00a0Moderna,\u00a0AstraZeneca et Janssen (chez les m\u00e9decins g\u00e9n\u00e9ralistes,\u00a0au travail et en pharmacie). La prise de<strong> rendez-vous<\/strong> est possible sur les sites Internet <strong>Doctolib, Maiia et KelDoc<\/strong> et peut aussi se faire en contactant par t\u00e9l\u00e9phone le <strong>centre de vaccination<\/strong> le plus proche de chez soi (liste disponible sur\u00a0<a href=\"https:\/\/www.sante.fr\/centres-vaccination-covid.html\" target=\"_blank\" rel=\"noopener noreferrer\">Sante.fr<\/a>).\u00a0En cas de difficult\u00e9, le num\u00e9ro vert national\u00a0:<strong> 0\u00a0800\u00a0009\u00a0110<\/strong>,\u00a0permet d&rsquo;\u00eatre redirig\u00e9 vers le standard t\u00e9l\u00e9phonique d&rsquo;un centre ou d&rsquo;obtenir un accompagnement \u00e0 la prise de rendez-vous.<\/p>\n<aside id=\"NL_2116119310\" class=\"newsletter_subscription jNlBlock\"><noscript><br \/>\n            <\/noscript><\/p>\n<h3 class=\"newsletter_subscription-title\">Newsletter <\/h3>\n<p><a href=\"\/\/mailing.ccmbg.com\/archive\/last-85\" target=\"_blank\" class=\"a_hover\" rel=\"noopener noreferrer\">Voir un exemple<\/a><\/p>\n<\/aside>\n<p>Les<strong> Europ\u00e9ens vaccin\u00e9s<\/strong> contre le Covid-19\u00a0peuvent entrer en France sans test PCR<strong> depuis le 9\u00a0juin. <\/strong>Une\u00a0preuve de test n\u00e9gatif (PCR ou antig\u00e9nique) sera toujours exig\u00e9e pour les voyageurs en provenance du Royaume-Uni et des Etats-Unis. A partir du 9\u00a0juin \u00e9galement, les flux de voyageurs entre la France et les <strong>pays \u00e9trangers <\/strong>seront rouverts selon des modalit\u00e9s de chaque\u00a0pays\u00a0et de la vaccination.<\/p>\n<section>\n<p>Le d\u00e9pistage du Covid-19 est r\u00e9alis\u00e9 en France par <strong>RT-PCT<\/strong> et par tests <strong>antig\u00e9niques<\/strong>. Depuis le 11 f\u00e9vrier, les <strong>tests salivaires<\/strong> sont d\u00e9ploy\u00e9s dans les\u00a0\u00e9tablissements scolaires et peuvent \u00eatre utilis\u00e9s en premi\u00e8re intention pour d\u00e9pister la Covid-19, conform\u00e9ment aux recommandations de la <a href=\"https:\/\/www.has-sante.fr\/jcms\/p_3237053\/fr\/tests-rt-pcr-salivaires-la-has-etend-leur-utilisation-et-definit-les-modalites-pratiques-de-realisation\" target=\"_blank\" rel=\"noopener noreferrer\">HAS<\/a>. Depuis le 12 avril, des <strong>autotests <\/strong>Covid sont aussi disponibles en vente libre dans les pharmacies fran\u00e7aises (non rembours\u00e9) et peuvent \u00eatre utilis\u00e9s dans les \u00e9coles. <em>\u00ab\u00a0Il reste d\u00e9terminant que chaque personne pr\u00e9sentant des sympt\u00f4mes \u00e9vocateurs de COVID-19\u00a0s&rsquo;isole imm\u00e9diatement et r\u00e9alise un test diagnostique dans les plus brefs d\u00e9lais\u00a0\u00bb<\/em> rappelle Sant\u00e9 Publique France dans ses bulletins hebdomadaires.<\/p>\n<div class=\"ccminsert\">\n<aside class=\"app_widget_fo app_widget_fo--call\">\n<ul>\n<li>\n                <a href=\"https:\/\/sante.journaldesfemmes.fr\/fiches-maladies\/2623965-coronavirus-test-covid-pcr-salivaire-antigenique-pharmacie-sans-rdv-resultats-ou-faire-serologique\/\" class=\"jGTMWidgetGAEventClick\" data-gtmwidgetgaeventaction=\"clickWidgetCall\" data-gtmwidgetgaeventlabel=\"Test Covid-19\u00a0: PCR, salivaire, antig\u00e9nique, o\u00f9 le faire\u00a0?\"><\/p>\n<figure><picture><source media=\"(max-width: 480px)\" srcset=\"https:\/\/img-3.journaldesfemmes.fr\/YCOCFDcpMnz_8GFBP8WmZ4cAYhA=\/160x105\/smart\/b13d1f4facdd4bcba8fdf4e07d9e1adb\/ccmcms-jdf\/25229315.jpg\" width=\"160\" height=\"105\"><img decoding=\"async\" src=\"https:\/\/img-3.journaldesfemmes.fr\/3RuKuaK-wwmp_FmKo2K2ocijwDI=\/200x132\/smart\/b13d1f4facdd4bcba8fdf4e07d9e1adb\/ccmcms-jdf\/25229315.jpg\" alt=\"\" width=\"200\" height=\"132\" loading=\"lazy\"\/><\/source><\/picture><figcaption>\n<h3>Test Covid-19\u00a0: PCR, salivaire, antig\u00e9nique, o\u00f9 le faire\u00a0?<\/h3>\n<p>PCR, antig\u00e9nique, salivaire, autotest&#8230; Plusieurs tests de d\u00e9pistage de la Covid-19\u00a0sont disponibles en France. Le plus fiable est le test PCR nasal. Des tests s\u00e9rologiques TROD vont aussi se d\u00e9ployer en centre de vaccination. Test n\u00e9gatif pour le pass sanitaire, pour savoir si on a eu le Covid, test en pharmacie, au laboratoire, d\u00e9lai de r\u00e9sultats&#8230; Guide.<\/p>\n<\/figcaption><\/figure>\n<p><\/a>\n            <\/li>\n<\/ul>\n<\/aside>\n<\/div>\n<p>Si au d\u00e9but, on ne parlait que de <strong>fi\u00e8vre<\/strong>, toux s\u00e8che, rhume, \u00e9tat grippal et de fatigue, les sympt\u00f4mes de l&rsquo;infection par le coronavirus ont \u00e9volu\u00e9. On sait d\u00e9sormais que le virus peut avoir des <strong>effets sur la peau<\/strong> (urticaire, l\u00e9sions inflammatoires sur les orteils), la sph\u00e8re digestive (vomissements, diarrh\u00e9es&#8230;), <strong>l&rsquo;odorat<\/strong>, le <strong>go\u00fbt <\/strong>et m\u00eame le cerveau.<em> <\/em><\/p>\n<p>\u2192<strong> Chaque personne pr\u00e9sentant des sympt\u00f4mes \u00e9vocateurs de COVID-19 doit s&rsquo;isoler imm\u00e9diatement et r\u00e9aliser un test diagnostique<\/strong> dans les plus brefs d\u00e9lais (sans avoir d&rsquo;ordonnance).<\/p>\n<p>\u2192<strong> <\/strong><strong>Appeler le\u00a015\u00a0en cas de\u00a0difficult\u00e9s respiratoires\u00a0: \u00ab\u00a0<\/strong><em>Si la toux et la\u00a0fi\u00e8vre s&rsquo;accompagnent d&rsquo;une g\u00eane respiratoire qui devient permanente avec souffle court, difficult\u00e9 \u00e0 inspirer et \u00e0 expirer, d&rsquo;une aggravation importante de la toux, cela peut signifier une \u00e9volution de la maladie sous la forme d&rsquo;une pneumopathie. Il s&rsquo;agit alors d&rsquo;une urgence respiratoire potentielle et comme dans tous les cas d&rsquo;urgence, il faut alors appeler le 15\u00a0qui prendra les meilleures dispositions pour r\u00e9pondre \u00e0 la situation\u00a0\u00bb, <\/em>pr\u00e9vient le Dr\u00a0Patrick Aub\u00e9, m\u00e9decin g\u00e9n\u00e9raliste. \u00a0<\/p>\n<div class=\"ccminsert\">\n<aside class=\"app_widget_fo app_widget_fo--list app_widget_fo--list-2-col\">\n<ul>\n<li>\n<h3>\n                    <a href=\"https:\/\/sante.journaldesfemmes.fr\/fiches-sante-du-quotidien\/2627657-perte-odorat-anosmie-symptome-covid-19-duree-definition-cause-traitement-reeducation\/\" class=\"jGTMWidgetGAEventClick\" data-gtmwidgetgaeventaction=\"clickWidgetListOnTwoColumns\" data-gtmwidgetgaeventlabel=\"Perte de l'odorat\u00a0(anosmie)\u00a0: sympt\u00f4mes du Covid, dur\u00e9e, r\u00e9\u00e9ducation\"><br \/>\n                        Perte de l&rsquo;odorat\u00a0(anosmie)\u00a0: sympt\u00f4mes du Covid, dur\u00e9e, r\u00e9\u00e9ducation<br \/>\n                    <\/a><br \/>\n                <\/h3>\n<\/li>\n<li>\n<h3>\n                    <a href=\"https:\/\/sante.journaldesfemmes.fr\/fiches-maladies\/2696267-covid-long-c-est-quoi-symptomes-contagieux-fatigue-prise-en-charge-france-traitement-pourcentage-vaccin\/\" class=\"jGTMWidgetGAEventClick\" data-gtmwidgetgaeventaction=\"clickWidgetListOnTwoColumns\" data-gtmwidgetgaeventlabel=\"Covid long\u00a0: vaccin, traitement, sympt\u00f4mes, contagieux ou pas\u00a0?\"><br \/>\n                        Covid long\u00a0: vaccin, traitement, sympt\u00f4mes, contagieux ou pas\u00a0?<br \/>\n                    <\/a><br \/>\n                <\/h3>\n<\/li>\n<li>\n<h3>\n                    <a href=\"https:\/\/sante.journaldesfemmes.fr\/fiches-maladies\/2625903-porteur-sain-covid-19-coronavirus-asymptomatique-definition-duree-isolement-anticorps-isolement-test\/\" class=\"jGTMWidgetGAEventClick\" data-gtmwidgetgaeventaction=\"clickWidgetListOnTwoColumns\" data-gtmwidgetgaeventlabel=\"Porteur sain Covid\u00a0(asymptomatique)\u00a0: d\u00e9finition, test, isolement\"><br \/>\n                        Porteur sain Covid\u00a0(asymptomatique)\u00a0: d\u00e9finition, test, isolement<br \/>\n                    <\/a><br \/>\n                <\/h3>\n<\/li>\n<li>\n<h3>\n                    <a href=\"https:\/\/sante.journaldesfemmes.fr\/fiches-maladies\/2665621-angine-ou-covid-19-symptomes-signes-fievre-mal-gorge-test-difference-contagion\/\" class=\"jGTMWidgetGAEventClick\" data-gtmwidgetgaeventaction=\"clickWidgetListOnTwoColumns\" data-gtmwidgetgaeventlabel=\"Angine ou Covid-19\u00a0: sympt\u00f4mes, diff\u00e9rences, test, contagion\"><br \/>\n                        Angine ou Covid-19\u00a0: sympt\u00f4mes, diff\u00e9rences, test, contagion<br \/>\n                    <\/a><br \/>\n                <\/h3>\n<\/li>\n<li>\n<h3>\n                    <a href=\"https:\/\/sante.journaldesfemmes.fr\/fiches-maladies\/2701631-probleme-maladie-foie-covid-atteinte-cancer-complication-sequelles-symptomes-risque-vaccination\/\" class=\"jGTMWidgetGAEventClick\" data-gtmwidgetgaeventaction=\"clickWidgetListOnTwoColumns\" data-gtmwidgetgaeventlabel=\"Probl\u00e8me au foie et Covid\u00a0: risques, s\u00e9quelles, vaccination\"><br \/>\n                        Probl\u00e8me au foie et Covid\u00a0: risques, s\u00e9quelles, vaccination<br \/>\n                    <\/a><br \/>\n                <\/h3>\n<\/li>\n<li>\n<h3>\n                    <a href=\"https:\/\/sante.journaldesfemmes.fr\/fiches-maladies\/2701633-fievre-covid-duree-obligatoire-que-faire-que-prendre-combien-temperature\/\" class=\"jGTMWidgetGAEventClick\" data-gtmwidgetgaeventaction=\"clickWidgetListOnTwoColumns\" data-gtmwidgetgaeventlabel=\"Fi\u00e8vre et Covid\u00a0: dur\u00e9e, temp\u00e9rature, est-ce obligatoire\u00a0?\"><br \/>\n                        Fi\u00e8vre et Covid\u00a0: dur\u00e9e, temp\u00e9rature, est-ce obligatoire\u00a0?<br \/>\n                    <\/a><br \/>\n                <\/h3>\n<\/li>\n<li>\n<h3>\n                    <a href=\"https:\/\/sante.journaldesfemmes.fr\/fiches-maladies\/2661241-rhume-ou-covid-19-symptomes-tableau-differences-ecole-que-faire-comment-savoir-travail\/\" class=\"jGTMWidgetGAEventClick\" data-gtmwidgetgaeventaction=\"clickWidgetListOnTwoColumns\" data-gtmwidgetgaeventlabel=\"Rhume ou Covid-19\u00a0: sympt\u00f4mes, tableau, \u00e9cole, que faire\u00a0?\"><br \/>\n                        Rhume ou Covid-19\u00a0: sympt\u00f4mes, tableau, \u00e9cole, que faire\u00a0?<br \/>\n                    <\/a><br \/>\n                <\/h3>\n<\/li>\n<li>\n<h3>\n                    <a href=\"https:\/\/sante.journaldesfemmes.fr\/fiches-maladies\/2626825-covid-ou-allergie-pollen-coronavirus-asthme-symptomes-toux-yeux-traitement\/\" class=\"jGTMWidgetGAEventClick\" data-gtmwidgetgaeventaction=\"clickWidgetListOnTwoColumns\" data-gtmwidgetgaeventlabel=\"Covid ou allergie au pollen\u00a0: sympt\u00f4mes, diff\u00e9rences, traitements\"><br \/>\n                        Covid ou allergie au pollen\u00a0: sympt\u00f4mes, diff\u00e9rences, traitements<br \/>\n                    <\/a><br \/>\n                <\/h3>\n<\/li>\n<li>\n<h3>\n                    <a href=\"https:\/\/sante.journaldesfemmes.fr\/fiches-maladies\/2676955-covid-19-ou-gastro-enterite-difference-symptomes-fievre-diarrhee-que-faire-complications\/\" class=\"jGTMWidgetGAEventClick\" data-gtmwidgetgaeventaction=\"clickWidgetListOnTwoColumns\" data-gtmwidgetgaeventlabel=\"Covid\u00a0ou gastro-ent\u00e9rite\u00a0: sympt\u00f4mes, quelles diff\u00e9rences\u00a0?\"><br \/>\n                        Covid\u00a0ou gastro-ent\u00e9rite\u00a0: sympt\u00f4mes, quelles diff\u00e9rences\u00a0?<br \/>\n                    <\/a><br \/>\n                <\/h3>\n<\/li>\n<li>\n<h3>\n                    <a href=\"https:\/\/sante.journaldesfemmes.fr\/fiches-sante-du-quotidien\/2627543-perte-gout-agueusie-covid-19-def-duree-cause-partielle-traitement-soigner\/\" class=\"jGTMWidgetGAEventClick\" data-gtmwidgetgaeventaction=\"clickWidgetListOnTwoColumns\" data-gtmwidgetgaeventlabel=\"Perte du go\u00fbt (agueusie)\u00a0: dur\u00e9e, Covid, comment soigner\u00a0?\"><br \/>\n                        Perte du go\u00fbt (agueusie)\u00a0: dur\u00e9e, Covid, comment soigner\u00a0?<br \/>\n                    <\/a><br \/>\n                <\/h3>\n<\/li>\n<\/ul>\n<\/aside>\n<\/div>\n<table border=\"1\" cellpadding=\"1\" cellspacing=\"1\" style=\"width:100%;\">\n<thead>\n<tr>\n<th scope=\"col\" style=\"text-align: center;\"><a id=\"date-cle-epidemie-covid-france-confinement\" name=\"date-cle-epidemie-covid-france-confinement\"><strong>DATES CL\u00c9S DE L&rsquo;\u00c9PID\u00c9MIE EN FRANCE<\/strong><\/a><\/th>\n<\/tr>\n<\/thead>\n<tbody>\n<tr>\n<td>\n<p><u><strong>2019<\/strong><\/u><\/p>\n<ul>\n<li><strong>31\u00a0d\u00e9cembre 2019,<\/strong> l&rsquo;Organisation mondiale de la Sant\u00e9 en Chine est inform\u00e9e de plusieurs cas de pneumonies dans la ville de Wuhan. 44\u00a0personnes sont infect\u00e9es entre cette date et le 3\u00a0janvier 2020.<\/li>\n<\/ul>\n<p><u><strong>2020<\/strong><\/u><\/p>\n<ul>\n<li><strong>7\u00a0janvier 2020, <\/strong>les autorit\u00e9s chinoises identifient un \u00ab\u00a0nouveau type de coronavirus\u00a0\u00bb.<\/li>\n<li><strong>13\u00a0janvier, <\/strong>un cas import\u00e9 est recens\u00e9 en Tha\u00eflande.<\/li>\n<li><strong>15\u00a0janvier<\/strong>, le virus cause\u00a0la mort d&rsquo;<strong>une premi\u00e8re\u00a0personne \u00e0 Wuhan<\/strong>, un homme de 69\u00a0ans.\u00a0<\/li>\n<li><strong>23\u00a0janvier,<\/strong> trois villes chinoises dont Wuhan sont plac\u00e9es en quarantaine.<\/li>\n<li><strong>25\u00a0janvier, trois personnes\u00a0contamin\u00e9es sont recens\u00e9es en France<\/strong>, deux \u00e0 Paris et une Bordeaux. Ce sont les premiers cas enregistr\u00e9s sur le continent europ\u00e9en.<\/li>\n<li><strong>30\u00a0janvier, <\/strong>l&rsquo;Organisation mondiale de la Sant\u00e9 <strong>d\u00e9cr\u00e8te\u00a0l&rsquo;<a href=\"https:\/\/sante.journaldesfemmes.fr\/fiches-maladies\/2608035-urgence-de-sante-publique-de-portee-internationale-definition-oms-coronavirus\/\" target=\"_blank\" rel=\"noopener noreferrer\">urgence de sant\u00e9 mondiale<\/a><\/strong>.\u00a0Cette mesure n&rsquo;avait \u00e9t\u00e9 d\u00e9cr\u00e9t\u00e9e que 5\u00a0fois depuis sa cr\u00e9ation (pour Ebola (deux fois), la grippe H1N1, Zika et la poliomy\u00e9lite).\u00a0<\/li>\n<li><strong>23\u00a0f\u00e9vrier, <\/strong>la France d\u00e9clenche le <a href=\"https:\/\/sante.journaldesfemmes.fr\/fiches-maladies\/2622449-plan-orsan-reb-definition-signification-qui-declenche-coronavirus-definition-duree\/\" target=\"_blank\" rel=\"noopener noreferrer\">plan ORSAN<\/a>, un dispositif exceptionnel d&rsquo;organisation des soins.<\/li>\n<li><strong>28\u00a0f\u00e9vrier,<\/strong> la France passe en stade 2\u00a0de l&rsquo;\u00e9pid\u00e9mie.<\/li>\n<li><strong>11\u00a0mars, <\/strong>l&rsquo;OMS classifie de <strong>pand\u00e9mie <\/strong>la diffusion de la maladie \u00e0 coronavirus Covid-19\u00a0dans le monde.<\/li>\n<li><strong>12\u00a0mars<\/strong>, le pr\u00e9sident de la R\u00e9publique Emmanuel Macron annonce la fermeture nationale des cr\u00e8ches et \u00e9tablissements scolaires de France \u00e0 compter du 16\u00a0mars et \u00ab\u00a0jusqu&rsquo;\u00e0 nouvel ordre\u00a0\u00bb.<\/li>\n<li><strong>14\u00a0mars<\/strong>, la France passe au <a href=\"https:\/\/sante.journaldesfemmes.fr\/fiches-maladies\/2625289-coronavirus-covid-19-stade-1-2-3-4-duree-mesure-france-signification-quand\/\" target=\"_blank\" rel=\"noopener noreferrer\"><strong>stade 3 <\/strong><\/a>de l&rsquo;\u00e9pid\u00e9mie.<\/li>\n<li><strong>16\u00a0mars\u00a0:\u00a0la France met en place un premier\u00a0confinement interdisant les d\u00e9placements.<\/strong><\/li>\n<li><strong>26\u00a0mars<\/strong>, un premier cas jeune meurt en France, une adolescente de 16\u00a0ans, en Ile-de-France originaire de Morsang-sur-Orge.<\/li>\n<li><strong>27\u00a0mars,<\/strong> le confinement de la population fran\u00e7aise est renouvel\u00e9 jusqu&rsquo;au 15\u00a0avril.<\/li>\n<li><strong>13\u00a0avril,<\/strong> Emmanuel Macron annonce le prolongement du confinement jusqu&rsquo;au 11\u00a0mai.<\/li>\n<li><strong>11\u00a0mai, la France commence son d\u00e9confinement.<\/strong><\/li>\n<li><strong>20\u00a0juillet,<\/strong>\u00a0le <strong>port du masque est rendu obligatoire <\/strong>dans les lieux publics clos en France.<\/li>\n<li><strong>17 octobre,<\/strong>\u00a0un <strong>couvre-feu <\/strong>est instaur\u00e9 dans 9 territoires fran\u00e7ais (Paris-Ile-de-France, Rouen, Grenoble, Lille, Lyon, Aix-Marseille, Montpellier, Saint-Etienne, Toulouse).<\/li>\n<li><strong>29 octobre<\/strong>\u00a0:<strong> un deuxi\u00e8me confinement est instaur\u00e9 en France.<\/strong><\/li>\n<li><strong>28 novembre : <\/strong>r\u00e9ouverture des commerces non essentiels un mois avant les f\u00eates de fin d&rsquo;ann\u00e9e.<\/li>\n<li><strong>15 d\u00e9cembre : d\u00e9confinement <\/strong>avec\u00a0couvre-feu de 20 heures \u00e0 6 heures du matin.<\/li>\n<li><strong>24 d\u00e9cembre<\/strong> <strong>: autorisation du vaccin Pfizer-BioNTech en France.<\/strong><\/li>\n<li><strong>27 d\u00e9cembre :<\/strong> d\u00e9but de la vaccination en France avec le vaccin Pfizer BioNTech.<\/li>\n<\/ul>\n<p><u><strong>2021<\/strong><\/u><\/p>\n<ul>\n<li><strong>8 janvier 2021<\/strong> <strong>:\u00a0autorisation du vaccin Moderna en France.<\/strong><\/li>\n<li><strong>31 janvier\u00a0<\/strong>: fermeture des fronti\u00e8res de la France\u00a0aux pays ext\u00e9rieurs \u00e0 l&rsquo;Union europ\u00e9enne<\/li>\n<li><strong>2 f\u00e9vrier<\/strong>\u00a0<strong>:\u00a0autorisation du vaccin AstraZeneca en France<\/strong>.<\/li>\n<li><strong>11 f\u00e9vrier : <\/strong>d\u00e9ploiement des tests salivaires dans les \u00e9tablissements scolaires.<\/li>\n<li><strong>12 mars :\u00a0autorisation du\u00a0vaccin\u00a0Johnson&amp;Johnson.<\/strong><\/li>\n<li><strong>16 mars <\/strong>: autorisation des autotests en France.<\/li>\n<li><strong>19 mars :<\/strong> confinement de 16 d\u00e9partements pour une dur\u00e9e de 4 semaines. Le couvre-feu repasse \u00e0 19 heures dans toute la France au lieu de 18 heures.<\/li>\n<li><strong>25 mars<\/strong> :\u00a0confinement de 3 nouveaux d\u00e9partements pour une dur\u00e9e de 4\u00a0semaines.<\/li>\n<li><strong>3 avril\u00a0: la France met en place son troisi\u00e8me confinement,<\/strong>\u00a0les \u00e9coles ferment pour trois semaines, les d\u00e9placements sont limit\u00e9s \u00e0 10 km.<\/li>\n<li><strong>12 avril :<\/strong> ouverture de la vaccination\u00a0\u00e0 tous les Fran\u00e7ais \u00e2g\u00e9s de\u00a055\u00a0ans ou plus.<\/li>\n<li><strong>3 mai : premi\u00e8re \u00e9tape du d\u00e9confinement <\/strong>avec la<strong>\u00a0<\/strong>fin de l&rsquo;attestation de d\u00e9placement et de la limitation des d\u00e9placements \u00e0 10 km. Le couvre-feu est en vigueur de 19h \u00e0 6h.<\/li>\n<li><strong>10 mai <\/strong>: ouverture de la vaccination aux plus de 50 ans.<\/li>\n<li><strong>19 mai :<\/strong>\u00a0deuxi\u00e8me \u00e9tape du d\u00e9confinement avec la r\u00e9ouverture des lieux essentiels ferm\u00e9s (terrasses des bars et restaurants, mus\u00e9es, cin\u00e9mas, th\u00e9\u00e2tres, commerces&#8230;) et couvre-feu de 21 h \u00e0 6 h.\u00a0<\/li>\n<li><strong>31 mai :<\/strong> ouverture de la vaccination \u00e0 toutes les personnes majeures, sans aucune condition.\u00a0<\/li>\n<li><strong>9 juin : <\/strong>troisi\u00e8me \u00e9tape du d\u00e9confinement avec la r\u00e9ouverture de plusieurs lieux (piscines, salles de sport, restaurants, bars, parcs d&rsquo;attractions&#8230;), la mise en place d&rsquo;un couvre-feu de 23h \u00e0 6h et du pass sanitaire national.\u00a0<\/li>\n<li><strong>17 juin <\/strong>: fin de l&rsquo;obligation de porter le masque en ext\u00e9rieur.<\/li>\n<li><strong>20 juin :<\/strong> fin du couvre-feu.<\/li>\n<\/ul>\n<\/td>\n<\/tr>\n<\/tbody>\n<\/table>\n<p><em>Cet article est mis \u00e0 jour quotidiennement par <a href=\"https:\/\/www.journaldesfemmes.fr\/account\/ablaize-11409696\" target=\"_blank\" rel=\"noopener noreferrer\">Aur\u00e9lie Blaize<\/a>, <a href=\"https:\/\/www.journaldesfemmes.fr\/account\/anaisthiebaux-10573564\" target=\"_blank\" rel=\"noopener noreferrer\">Ana\u00efs Thi\u00e9baux<\/a> et <a href=\"https:\/\/www.journaldesfemmes.fr\/account\/samanthapages-11598093\" target=\"_blank\" rel=\"noopener noreferrer\">Samantha Pag\u00e8s<\/a>.\u00a0<\/em><\/p>\n<\/section>\n<\/div>\n<p>[ad_2]<br \/>\n<br \/><a href=\"https:\/\/sante.journaldesfemmes.fr\/fiches-maladies\/2605417-covid-19-france-chiffres-nombre-nouveaux-cas-deces-mort-direct-vaccination-variant-delta-bilan-landes\/\">Source link <\/a><\/p>\n","protected":false},"excerpt":{"rendered":"<p>[ad_1] CORONAVIRUS DIRECT &#8211; Le nombre de patients hospitalis\u00e9s pour Covid-19\u00a0est pass\u00e9 sous le seuil des 10\u00a0000, dont 1509\u00a0en soins &hellip; <a href=\"http:\/\/www.affinite.fr\/index.php\/2021\/06\/23\/variant-delta-dans-les-landes-derniers-chiffres\/\" class=\"more-link\">Plus <span class=\"screen-reader-text\">variant Delta dans les Landes, derniers chiffres<\/span> <span class=\"meta-nav\">&rarr;<\/span><\/a><\/p>\n","protected":false},"author":1,"featured_media":6570,"comment_status":"open","ping_status":"open","sticky":false,"template":"","format":"standard","meta":{"_sitemap_exclude":false,"_sitemap_priority":"","_sitemap_frequency":"","footnotes":""},"categories":[1],"tags":[],"class_list":["post-6569","post","type-post","status-publish","format-standard","has-post-thumbnail","hentry","category-tous"],"_links":{"self":[{"href":"http:\/\/www.affinite.fr\/index.php\/wp-json\/wp\/v2\/posts\/6569"}],"collection":[{"href":"http:\/\/www.affinite.fr\/index.php\/wp-json\/wp\/v2\/posts"}],"about":[{"href":"http:\/\/www.affinite.fr\/index.php\/wp-json\/wp\/v2\/types\/post"}],"author":[{"embeddable":true,"href":"http:\/\/www.affinite.fr\/index.php\/wp-json\/wp\/v2\/users\/1"}],"replies":[{"embeddable":true,"href":"http:\/\/www.affinite.fr\/index.php\/wp-json\/wp\/v2\/comments?post=6569"}],"version-history":[{"count":0,"href":"http:\/\/www.affinite.fr\/index.php\/wp-json\/wp\/v2\/posts\/6569\/revisions"}],"wp:featuredmedia":[{"embeddable":true,"href":"http:\/\/www.affinite.fr\/index.php\/wp-json\/wp\/v2\/media\/6570"}],"wp:attachment":[{"href":"http:\/\/www.affinite.fr\/index.php\/wp-json\/wp\/v2\/media?parent=6569"}],"wp:term":[{"taxonomy":"category","embeddable":true,"href":"http:\/\/www.affinite.fr\/index.php\/wp-json\/wp\/v2\/categories?post=6569"},{"taxonomy":"post_tag","embeddable":true,"href":"http:\/\/www.affinite.fr\/index.php\/wp-json\/wp\/v2\/tags?post=6569"}],"curies":[{"name":"wp","href":"https:\/\/api.w.org\/{rel}","templated":true}]}}