{"id":6567,"date":"2021-06-23T15:32:23","date_gmt":"2021-06-23T15:32:23","guid":{"rendered":"https:\/\/www.affinite.fr\/index.php\/2021\/06\/23\/a-vincennes-un-immeuble-transforme-en-maison-familiale\/"},"modified":"2021-06-23T15:32:23","modified_gmt":"2021-06-23T15:32:23","slug":"a-vincennes-un-immeuble-transforme-en-maison-familiale","status":"publish","type":"post","link":"http:\/\/www.affinite.fr\/index.php\/2021\/06\/23\/a-vincennes-un-immeuble-transforme-en-maison-familiale\/","title":{"rendered":"A Vincennes, un immeuble transform\u00e9 en maison familiale"},"content":{"rendered":"<p> [ad_1]<br \/>\n<br \/><img decoding=\"async\" src=\"https:\/\/maison1.advcdn.net\/images\/medias\/000\/055\/000055025\/200.jpg\" \/><\/p>\n<div itemprop=\"articleBody\">\n<p>\n  <strong>Une nouvelle affectation<\/strong>\n<\/p>\n<p>\n  Cet <strong>ancien immeuble accueillait 4 logements<\/strong> distribu\u00e9s sur 2 niveaux et reli\u00e9s par un escalier central. Au sous-sol, des caves individuelles pour tous les habitants. Les 8 fen\u00eatres de la fa\u00e7ade d\u2019origine \u00e9taient r\u00e9parties de fa\u00e7on sym\u00e9trique et \u00e9quitable pour les locataires. Tandis qu\u2019\u00e0 l\u2019arri\u00e8re un appentis et un garage occupaient le terrain, sans offrir le loisir d\u2019un espace jardin. <strong>D\u00e9sormais, les \u00e9l\u00e9gantes persiennes rajout\u00e9es signent l\u2019ext\u00e9rieur du b\u00e2timent,<\/strong> dont l\u2019int\u00e9rieur a \u00e9t\u00e9 enti\u00e8rement restructur\u00e9 pour accueillir une seule famille.\u00a0\n<\/p>\n<p>\n  <strong>Un espace ext\u00e9rieur redessin\u00e9<\/strong>\n<\/p>\n<p>\n  Lors de la r\u00e9novation, <strong>la surface au sol totale de 400 m\u00b2 n\u2019a pas r\u00e9ellement \u00e9volu\u00e9<\/strong> puisque celle du garage d\u00e9moli a servi \u00e0 construire <strong>une extension en forme de L.<\/strong> La fa\u00e7ade aveugle a \u00e9t\u00e9 perc\u00e9e de <strong>4 nouvelles ouvertures,<\/strong> pratiqu\u00e9es dans l\u2019alignement des fen\u00eatres existantes, tandis que la <strong>toiture sur\u00e9lev\u00e9e<\/strong>, pour dessiner un \u00e9tage suppl\u00e9mentaire, a \u00e9t\u00e9 agr\u00e9ment\u00e9e de <strong>4 nouvelles fen\u00eatres ench\u00e2ss\u00e9es dans le toit \u00e0 La Mansart.<\/strong> En harmonie avec l\u2019alignement sym\u00e9trique des fen\u00eatres d\u2019origine de la fa\u00e7ade principale, la porte d\u2019entr\u00e9e existante a \u00e9t\u00e9 conserv\u00e9e. Aujourd\u2019hui, <strong>le jardin en contrebas, auquel on acc\u00e8de de la maison par l\u2019extension<\/strong> et la terrasse, s\u00e9par\u00e9e de la parcelle v\u00e9g\u00e9talis\u00e9e par quelques marches, est connect\u00e9 \u00e0 l\u2019habitation. Et la sortie sur la rue adjacente, c\u00f4t\u00e9 jardin, a \u00e9t\u00e9 recompos\u00e9e avec la cr\u00e9ation d\u2019un portail aux dimensions \u00e9largies.\n<\/p>\n<p>\n  <strong>Un int\u00e9rieur restructur\u00e9<\/strong>\n<\/p>\n<p>\n  Dans le couloir aveugle, <strong>l\u2019architecte Camille Hermand a ouvert deux baies vitr\u00e9es<\/strong> qui donnent sur la salle \u00e0 manger et le petit salon. Et la porte qui ouvrait sur l\u2019ext\u00e9rieur permet d\u00e9sormais l\u2019acc\u00e8s \u00e0 l\u2019extension. Au rez-de-chauss\u00e9e, <strong>la cuisine a \u00e9t\u00e9 am\u00e9nag\u00e9e dans le volume de plusieurs petites pi\u00e8ces d\u00e9cloisonn\u00e9es.<\/strong> A sa suite, la salle \u00e0 manger, deux salons et une grande biblioth\u00e8que compl\u00e8tent ce niveau \u00e0 la configuration tr\u00e8s ouverte. A l\u2019\u00e9tage, un code couleur noir relie les espaces, tandis qu\u2019au troisi\u00e8me niveau les teintes douces et le blanc dominent. Tandis que les caves d\u2019origine ont \u00e9t\u00e9 transform\u00e9es en atelier, buanderie et salle de gym.\n<\/p>\n<p>\n  <strong>Contact\u00a0:<\/strong> <a href=\"http:\/\/www.camillearchitectures.com\/\">www.camillearchitectures.com<\/a>\n<\/p>\n<\/p><\/div>\n<p><script async defer crossorigin=\"anonymous\" src=\"https:\/\/connect.facebook.net\/fr_FR\/sdk.js#xfbml=1&#038;version=v6.0&#038;appId=252025098257546&#038;autoLogAppEvents=1\"><\/script><br \/>\n<br \/>[ad_2]<br \/>\n<br \/><a href=\"http:\/\/feedproxy.google.com\/~r\/maison-actus\/~3\/nfUtCKuIB4k\/\">Source link <\/a><\/p>\n","protected":false},"excerpt":{"rendered":"<p>[ad_1] Une nouvelle affectation Cet ancien immeuble accueillait 4 logements distribu\u00e9s sur 2 niveaux et reli\u00e9s par un escalier central. &hellip; <a href=\"http:\/\/www.affinite.fr\/index.php\/2021\/06\/23\/a-vincennes-un-immeuble-transforme-en-maison-familiale\/\" class=\"more-link\">Plus <span class=\"screen-reader-text\">A Vincennes, un immeuble transform\u00e9 en maison familiale<\/span> <span class=\"meta-nav\">&rarr;<\/span><\/a><\/p>\n","protected":false},"author":1,"featured_media":6568,"comment_status":"open","ping_status":"open","sticky":false,"template":"","format":"standard","meta":{"_sitemap_exclude":false,"_sitemap_priority":"","_sitemap_frequency":"","footnotes":""},"categories":[1],"tags":[],"class_list":["post-6567","post","type-post","status-publish","format-standard","has-post-thumbnail","hentry","category-tous"],"_links":{"self":[{"href":"http:\/\/www.affinite.fr\/index.php\/wp-json\/wp\/v2\/posts\/6567"}],"collection":[{"href":"http:\/\/www.affinite.fr\/index.php\/wp-json\/wp\/v2\/posts"}],"about":[{"href":"http:\/\/www.affinite.fr\/index.php\/wp-json\/wp\/v2\/types\/post"}],"author":[{"embeddable":true,"href":"http:\/\/www.affinite.fr\/index.php\/wp-json\/wp\/v2\/users\/1"}],"replies":[{"embeddable":true,"href":"http:\/\/www.affinite.fr\/index.php\/wp-json\/wp\/v2\/comments?post=6567"}],"version-history":[{"count":0,"href":"http:\/\/www.affinite.fr\/index.php\/wp-json\/wp\/v2\/posts\/6567\/revisions"}],"wp:featuredmedia":[{"embeddable":true,"href":"http:\/\/www.affinite.fr\/index.php\/wp-json\/wp\/v2\/media\/6568"}],"wp:attachment":[{"href":"http:\/\/www.affinite.fr\/index.php\/wp-json\/wp\/v2\/media?parent=6567"}],"wp:term":[{"taxonomy":"category","embeddable":true,"href":"http:\/\/www.affinite.fr\/index.php\/wp-json\/wp\/v2\/categories?post=6567"},{"taxonomy":"post_tag","embeddable":true,"href":"http:\/\/www.affinite.fr\/index.php\/wp-json\/wp\/v2\/tags?post=6567"}],"curies":[{"name":"wp","href":"https:\/\/api.w.org\/{rel}","templated":true}]}}