{"id":6543,"date":"2021-06-17T21:48:03","date_gmt":"2021-06-17T21:48:03","guid":{"rendered":"https:\/\/www.affinite.fr\/index.php\/2021\/06\/17\/derniers-chiffres-de-lepidemie-au-17-juin\/"},"modified":"2021-06-17T21:48:03","modified_gmt":"2021-06-17T21:48:03","slug":"derniers-chiffres-de-lepidemie-au-17-juin","status":"publish","type":"post","link":"http:\/\/www.affinite.fr\/index.php\/2021\/06\/17\/derniers-chiffres-de-lepidemie-au-17-juin\/","title":{"rendered":"derniers chiffres de l&rsquo;\u00e9pid\u00e9mie au 17\u00a0juin"},"content":{"rendered":"<p> [ad_1]<br \/>\n<\/p>\n<p>\n                CORONAVIRUS DIRECT &#8211; L&rsquo;\u00e9pid\u00e9mie est en forte r\u00e9gression en France. 2\u00a0786\u00a0nouveaux cas de contaminations ont \u00e9t\u00e9 enregistr\u00e9s durant ces derni\u00e8res 24\u00a0heures. Les concerts dans les bars et restaurants seront autoris\u00e9s le soir de la f\u00eate de la musique, a annonc\u00e9 Roselyne Bachelot. Derni\u00e8res d\u00e9cisions et derniers chiffres par r\u00e9gion.            <\/p>\n<div>\n<aside class=\"ccmsummary marqueur_module ccmcss_cms_summary ccmcss_cms_summary--right\">\n<p>\u00a0Sommaire<\/p>\n<\/aside>\n<p><strong>[Mis\u00a0\u00e0 jour le jeudi 17\u00a0juin \u00e0 21h38<\/strong><b>]<\/b>\u00a0Ce jeudi a marqu\u00e9 la <strong>fin du port du masque obligatoire\u00a0en ext\u00e9rieur <\/strong>(et\u00a0dans les cours d&rsquo;\u00e9cole) face \u00e0 une \u00e9pid\u00e9mie de Covid-19 en forte d\u00e9crue\u00a0en France,\u00a0\u00ab\u00a0<strong><em>plus vite que nous l&rsquo;avions esp\u00e9r\u00e9\u00a0\u00bb <\/em><\/strong>s&rsquo;est r\u00e9joui\u00a0le Premier ministre le 16 juin avant d&rsquo;annoncer aussi\u00a0la<strong> lev\u00e9e du couvre-feu<\/strong> dimanche prochain. Invit\u00e9 de BFM-TV jeudi, le ministre de la Sant\u00e9 Olivier V\u00e9ran a annonc\u00e9 la<strong> r\u00e9ouverture des discoth\u00e8ques<\/strong> en juillet. Par ailleurs, ce jeudi, le parc <strong>Disneyland Paris rouvre ses portes<\/strong> apr\u00e8s 15 mois de fermeture. Lors d&rsquo;une visite au salon Vivatech \u00e0 Paris mercredi, le Pr\u00e9sident de la R\u00e9publique a soulign\u00e9 les <em>\u00ab\u00a0bons\u00a0\u00bb<\/em> r\u00e9sultats de la France \u00ab\u00a0<em>parce qu&rsquo;on a collectivement \u00e9t\u00e9 disciplin\u00e9,<strong> mais rien n&rsquo;est gagn\u00e9<\/strong>, donc<strong> j&rsquo;invite les Fran\u00e7ais \u00e0 continuer \u00e0 se faire vacciner,<\/strong> c&rsquo;est le seul moyen de combattre durablement cette \u00e9pid\u00e9mie<\/em>\u00ab\u00a0. Jeudi 17\u00a0juin, <strong>2 786\u00a0nouveaux cas positifs<\/strong> ont \u00e9t\u00e9 enregistr\u00e9s ainsi que 56 d\u00e9c\u00e8s. Le <strong>couvre-feu \u00e0 23 heures est en vigueur jusqu&rsquo;au 20 juin, 6 heures du matin<\/strong>.\u00a0<span style=\"font-size: 1rem;\">Que disent les\u00a0<\/span><a data-auth=\"NotApplicable\" href=\"https:\/\/sante.journaldesfemmes.fr\/fiches-maladies\/2667643-carte-covid-19-france-departement-direct-monde-europe-temps-reel-region-incidence-vaccination\/\" rel=\"noopener noreferrer\" style=\"font-size: 1rem; background-color: rgb(255, 255, 255);\" target=\"_blank\">cartes<\/a><span style=\"font-size: 1rem;\"> de suivi de l&rsquo;\u00e9pid\u00e9mie\u00a0? Quels sont les <\/span><a href=\"https:\/\/sante.journaldesfemmes.fr\/fiches-maladies\/2630075-symptomes-coronavirus-covid-19-mal-gorge-rhume-que-faire-variant-premier-apparition-duree\/\" style=\"font-size: 1rem; background-color: rgb(255, 255, 255);\" target=\"_blank\" rel=\"noopener noreferrer\">sympt\u00f4mes du coronavirus<\/a><span style=\"font-size: 1rem;\"> ? Quand <\/span><a href=\"https:\/\/sante.journaldesfemmes.fr\/fiches-maladies\/2621211-isolement-covid-19-variant-anglais-7-10-jours-cas-contact-duree-declarer-certificat-attestation\/\" style=\"font-size: 1rem; background-color: rgb(255, 255, 255);\" target=\"_blank\" rel=\"noopener noreferrer\">s&rsquo;isoler et combien de temps<\/a><span style=\"font-size: 1rem;\"> ?\u00a0<\/span><a data-auth=\"NotApplicable\" href=\"https:\/\/sante.journaldesfemmes.fr\/fiches-maladies\/2629823-taux-de-reproduction-covid-france-coronavirus-r0-r-effectif-calcul-carte-definition-juin-2021\/\" rel=\"noopener noreferrer\" style=\"font-size: 1rem; background-color: rgb(255, 255, 255);\" target=\"_blank\">Quel est le taux de R0\u00a0du virus<\/a><span style=\"font-size: 1rem;\">\u00a0? Quand est-on <\/span><a href=\"https:\/\/sante.journaldesfemmes.fr\/fiches-maladies\/2679521-contagion-covid-19-combien-de-temps-jours-duree-asymptomatique-symptomes-incubation-contagieux\/\" style=\"font-size: 1rem; background-color: rgb(255, 255, 255);\" target=\"_blank\" rel=\"noopener noreferrer\">contagieux<\/a><span style=\"font-size: 1rem;\"> ? Que sait-on des\u00a0<\/span><a href=\"https:\/\/sante.journaldesfemmes.fr\/fiches-maladies\/2620433-vaccin-coronavirus-covid-19-pfizer-moderna-astrazeneca-johnson-janssen-meilleur-risque-grossesse\/\" style=\"font-size: 1rem; background-color: rgb(255, 255, 255);\" target=\"_blank\" rel=\"noopener noreferrer\">vaccins<\/a><span style=\"font-size: 1rem;\">\u00a0? Des\u00a0<\/span><a href=\"https:\/\/sante.journaldesfemmes.fr\/fiches-maladies\/2686947-effet-secondaire-vaccin-covid-pfizer-moderna-astrazeneca-2-e-dose-combien-temps-apres-france-myocardite\/\" style=\"font-size: 1rem; background-color: rgb(255, 255, 255);\" target=\"_blank\" rel=\"noopener noreferrer\">effets secondaires<\/a><span style=\"font-size: 1rem;\">\u00a0apr\u00e8s la vaccination\u00a0? Chiffres et infos du jour.<\/span><\/p>\n<ul>\n<li><strong>Lev\u00e9 du plan Blanc dans les\u00a0h\u00f4pitaux de l&rsquo;AP-HP. <\/strong>L&rsquo;Assistance publique-H\u00f4pitaux de Paris (AP-HP)\u00a0a lev\u00e9 jeudi son <em>\u00ab\u00a0<a href=\"https:\/\/sante.journaldesfemmes.fr\/fiches-maladies\/2624681-plan-blanc-hopital-ile-de-france-paris-aphp-definition-covid-niveau-1-2-elargi\/\" target=\"_blank\" rel=\"noopener noreferrer\">plan blanc\u00a0\u00bb,<\/a> \u00ab\u00a0au regard de l&rsquo;\u00e9volution favorable des tendances que nous connaissons depuis plusieurs semaines<\/em>\u00ab\u00a0, a indiqu\u00e9 la direction\u00a0du\u00a0groupement hospitalier de France. 2 608 personnes sont actuellement hospitalis\u00e9es en Ile-de-France, dont 532 en soins critiques, soit une baisse respective de 18,6% et de 17,1% en 7 jours.<\/li>\n<li><strong>Vaccination en Ehpad.<\/strong> Selon les\u00a0donn\u00e9es publi\u00e9es jeudi par Sant\u00e9 publique France,\u00a081,1% des r\u00e9sidents d&rsquo;Ehpad sont compl\u00e8tement vaccin\u00e9s contre le Covid-19, et seulement 41,9% des professionnels de sant\u00e9 travaillant dans ces \u00e9tablissements le sont.<\/li>\n<li><strong>Plus de 17 millions de vaccin\u00e9s.<\/strong>\u00a017\u00a0363\u00a0854\u00a0personnes ont un sch\u00e9ma vaccinal complet, annonce le minist\u00e8re de la sant\u00e9 jeudi.\u00a031\u00a0393\u00a0190\u00a0personnes ont re\u00e7u au moins une injection (soit 46,9\u00a0% de la population totale et 59,8\u00a0% de la population majeure), et 15\u00a0476\u00a0448\u00a0personnes ont re\u00e7u deux injections (soit 23,1\u00a0% de la population totale et 29,5\u00a0% de la population majeure).<\/li>\n<li><strong>F\u00eate de la musique.\u00a0<\/strong>Les concerts\u00a0pourront finalement \u00eatre organis\u00e9s\u00a0dans les bars et restaurants\u00a0le soir de la f\u00eate de la musique, le 21\u00a0juin, a annonc\u00e9 Roselyne Bachelot, ministre de la Culture, sur <em>FranceInfo<\/em> jeudi. \u00ab\u00a0<em>Nous avons toujours dit que c&rsquo;\u00e9tait un syst\u00e8me \u00e9volutif avec un chemin de lib\u00e9ration qui pouvait \u00eatre acc\u00e9l\u00e9r\u00e9<\/em>\u00ab\u00a0, a pr\u00e9cis\u00e9 la ministre pour expliquer le contre-ordre.<\/li>\n<li><strong>Tests PCR r\u00e9alis\u00e9s \u00e0 l&rsquo;\u00e9tranger rembours\u00e9 \u00e0 certaines conditions.<\/strong>\u00a0Le gouvernement a annonc\u00e9 que les tests r\u00e9alis\u00e9s \u00e0 l&rsquo;\u00e9tranger par les Fran\u00e7ais de retour de vacances, ne seront pas pris en charge par l&rsquo;Assurance Maladie. Toutefois, \u00ab\u00a0<em>les tests de d\u00e9pistage \u00e0 caract\u00e8re administratif (obligatoires pour entrer sur le territoire de certains \u00c9tats membres de l&rsquo;UE\/EEE ou en Suisse), et les tests \u00e0 caract\u00e8re m\u00e9dical (pr\u00e9sence de sympt\u00f4mes) sont pris en charge par l&rsquo;assurance maladie fran\u00e7aise lorsqu&rsquo;on doit r\u00e9aliser un test imm\u00e9diatement n\u00e9cessaire<\/em>\u00ab\u00a0, pr\u00e9cise l&rsquo;<a href=\"https:\/\/www.ameli.fr\/paris\/assure\/actualites\/covid-19-quelle-prise-en-charge-des-tests-de-depistage-realises-letranger\" target=\"_blank\" rel=\"noopener noreferrer\">Assurance maladie<\/a> sur son site internet. \u00ab\u00a0<em>Il convient alors de pr\u00e9senter sa carte europ\u00e9enne d&rsquo;Assurance Maladie (CEAM) au moment de la r\u00e9alisation du test<\/em>\u00ab\u00a0. Hors de l&rsquo;UE\/EEE et Suisse, \u00ab\u00a0<em>Seuls les tests \u00e0 caract\u00e8re m\u00e9dical, urgent et inopin\u00e9 seront pris en charge \u00e0 hauteur de 27\u00a0% du montant de la d\u00e9pense dans la limite maximale d&rsquo;un montant de 35\u00a0euros\u00a0\u00bb<\/em>. Pour rappel, seuls la France, le\u00a0Danemark, la Norv\u00e8ge, le Mont\u00e9n\u00e9gro, et la r\u00e9gion de la Bavi\u00e8re en Allemagne pratiquent le d\u00e9pistage gratuitement.\u00a0<\/li>\n<li><strong>Les Canadiens peuvent venir en France. <\/strong>Les voyageurs en provenance du Canada et des Etats-Unis sont d\u00e9sormais class\u00e9s en vert par la France et peuvent donc y venir plus facilement sans quarantaine ni motif imp\u00e9rieux m\u00eame s&rsquo;ils ne sont pas vaccin\u00e9s. La Turquie sort du rouge et\u00a0l&rsquo;Afghanistan y entre, selon un arr\u00eat\u00e9 publi\u00e9 jeudi au Journal officiel.<\/li>\n<li><strong>R\u00e9ouverture de Disneyland<\/strong>. Apr\u00e8s 8 mois de fermeture, Disneyland Paris rouvre ses portes jeudi 17 juin.<\/li>\n<li><strong>R\u00e9ouverture des discoth\u00e8ques en juillet. <\/strong>Invit\u00e9 sur BFM-TV jeudi 17 juin, le ministre de la Sant\u00e9 a annonc\u00e9 la r\u00e9ouverture des discoth\u00e8ques\u00a0en juillet<em> \u00ab\u00a0avec des conditions sp\u00e9cifiques\u00a0\u00bb.<\/em> Elles sont ferm\u00e9es depuis 15 mois.<\/li>\n<li><strong>Masques \u00e0 l&rsquo;\u00e9cole.\u00a0<\/strong>L&rsquo;obligation du port du masque\u00a0dans les\u00a0cours de r\u00e9cr\u00e9ation pour les \u00e9l\u00e8ves de plus de 6\u00a0ans, est lev\u00e9e ce\u00a0jeudi 17\u00a0juin, conform\u00e9ment \u00e0 l&rsquo;avis du Haut Conseil de la Sant\u00e9 Publique, mais pas dans les classes, a pr\u00e9cis\u00e9 Matignon mercredi soir.<\/li>\n<li><strong>Protocole scolaire pour la rentr\u00e9e.\u00a0<\/strong>Invit\u00e9 jeudi matin sur <a href=\"https:\/\/twitter.com\/franceinter\/status\/1405412431883653122\" target=\"_blank\" rel=\"noopener noreferrer\">France Inter<\/a>, le ministre de l&rsquo;\u00c9ducation nationale Jean-Michel Blanquer a indiqu\u00e9 que\u00a0le\u00a0protocole sanitaire pour la rentr\u00e9e de septembre 2021 serait \u00e9labor\u00e9<em> \u00ab\u00a0au cours des premiers jours de juillet, quand on aura tout le retour d&rsquo;exp\u00e9rience de l&rsquo;ann\u00e9e actuelle\u00a0\u00bb.\u00a0<\/em>\u00ab\u00a0<em>On rendra publique dans la premi\u00e8re semaine de juillet cette nouvelle donne, avec beaucoup d&rsquo;\u00e9l\u00e9ments qui ressembleront (au protocole actuel, NDLR) par exemple sur les gestes barri\u00e8res. On peut imaginer une rentr\u00e9e non masqu\u00e9e dans les classes, je l&rsquo;esp\u00e8re de tout c\u0153ur, \u00e7a ne veut pas dire que c&rsquo;est certain et m\u00eame en juillet ce ne sera pas d\u00e9fini, c&rsquo;est fin ao\u00fbt qu&rsquo;on d\u00e9cidera de cela\u00a0\u00bb, <\/em>a-t-il ajout\u00e9.<\/li>\n<li><strong>Vaccination obligatoire des soignants. <\/strong>Sur BFM-TV jeudi, le ministre de la Sant\u00e9 a indiqu\u00e9 la vaccination pourrait devenir obligatoire pour les soignants\u00a0des Ehpad <em>\u00ab\u00a0d&rsquo;ici la fin de l&rsquo;\u00e9t\u00e9, si \u00e7a ne devait pas s&rsquo;am\u00e9liorer\u00a0\u00bb<\/em> avant d&rsquo;arguer ;<em> \u00ab\u00a0On ne prendra pas le risque \u00e0 la rentr\u00e9e d&rsquo;exposer des personnes fragiles et \u00e2g\u00e9es du fait que les soignants ne se font pas vacciner.\u00a0\u00bb<\/em><\/li>\n<li><strong>Pr\u00e8s de 17 millions de vaccin\u00e9s.\u00a0<\/strong>16\u00a0953\u00a0092\u00a0de personnes ont un sch\u00e9ma vaccinal complet.\u00a031\u00a0083\u00a0259\u00a0personnes ont re\u00e7u au moins une injection (soit 46,4\u00a0% de la population totale et 59,2\u00a0% de la population majeure) et 15\u00a0108\u00a0806\u00a0personnes ont re\u00e7u deux injections (soit 22,6\u00a0% de la population totale et 28,8\u00a0% de la population majeure), selon les chiffres du minist\u00e8re de la sant\u00e9.<\/li>\n<li><strong>Le \u00ab\u00a0forfait psy\u00a0\u00bb est op\u00e9rationnel. <\/strong>Le forfait qui permet le remboursement de dix s\u00e9ances chez un psychologue pour les enfants et adolescents de 3\u00a0\u00e0 17\u00a0ans \u00ab\u00a0souffrant de troubles psychiques l\u00e9gers \u00e0 mod\u00e9r\u00e9s\u00a0\u00bb, li\u00e9s \u00e0\u00a0la crise sanitaire, est \u00ab\u00a0op\u00e9rationnel\u00a0\u00bb, a indiqu\u00e9 mercredi le minist\u00e8re de la Sant\u00e9. Les parents du jeune\u00a0doivent s&rsquo;adresser\u00a0\u00e0 un m\u00e9decin qui leur recommande une prise en charge par un psychologue. Les parents peuvent alors choisir un psychologue participant sur le site <a href=\"https:\/\/www.psyenfantado.sante.gouv.fr\/\" target=\"_blank\" rel=\"noopener noreferrer\">www.psyenfantado.sante.gouv.fr<\/a> et contacter le psychologue choisi.<\/li>\n<li><strong>Enqu\u00eate sur \u00ab\u00a0l&rsquo;int\u00e9grit\u00e9 des travaux scientifiques\u00a0\u00bb \u200bde\u00a0Didier Raoult.\u00a0<\/strong>L&rsquo;Universit\u00e9 d&rsquo;Aix-Marseille a lanc\u00e9 une enqu\u00eate interne sur \u00ab\u00a0l&rsquo;int\u00e9grit\u00e9 des travaux scientifiques\u00a0\u00bb\u00a0publi\u00e9s par le professeur Didier Raoult et ses \u00e9quipes sur le traitement\u00a0du Covid-19 avec l&rsquo;hydroxychloroquine, selon une information de l&rsquo;AFP mardi.<\/li>\n<\/ul>\n<p><a id=\"chiffres-covid-france-gouvernement\" name=\"chiffres-covid-france-gouvernement\" style=\"font-size: 1.125rem; background-color: rgb(255, 255, 255);\">Quels sont les chiffres de l&rsquo;\u00e9pid\u00e9mie de Covid en France ?<\/a><br \/>Les chiffres de l&rsquo;\u00e9pid\u00e9mie de Covid-19 en France sont publi\u00e9s quotidiennement par le site <a href=\"http:\/\/www.gouvernement.fr\/info-coronavirus\/carte-et-donnees\" target=\"_blank\" rel=\"noopener noreferrer\">Carte-et-donn\u00e9es<\/a> du gouvernement et par <a href=\"https:\/\/www.santepubliquefrance.fr\/dossiers\/coronavirus-covid-19\/coronavirus-chiffres-cles-et-evolution-de-la-covid-19-en-france-et-dans-le-monde\" target=\"_blank\" rel=\"noopener noreferrer\">Sant\u00e9 Publique France<\/a>.<\/p>\n<p><a id=\"covid-france-chiffre-du-jour-bilan\" name=\"covid-france-chiffre-du-jour-bilan\" style=\"font-size: 1.125rem; background-color: rgb(255, 255, 255);\" target=\"_blank\" rel=\"noopener noreferrer\">Quels sont les chiffres du jour ?<\/a><\/p>\n<section>\n<p><strong style=\"font-size: 1rem;\">Au jeudi 17\u00a0juin 2021, en France :<\/strong><\/p>\n<p><span style=\"font-size: 1rem;\">\u2022 5 750 433\u00a0personnes ont \u00e9t\u00e9 contamin\u00e9es par le coronavirus\u00a0<\/span><strong style=\"font-size: 1rem;\">(+2 786<\/strong><strong style=\"font-size: 1rem;\"><strong>\u00a0<\/strong>cas<\/strong><strong>\u00a0<\/strong><strong style=\"font-size: 1rem;\">en 24\u00a0heures)\u00a0\u00a0<\/strong><\/p>\n<p>\u2022 110 663 personnes sont d\u00e9c\u00e9d\u00e9es en France\u00a0<strong>(+56 en 24\u00a0heures),<\/strong><strong>\u00a0<\/strong>dont 84 225 \u00e0 l&rsquo;h\u00f4pital\u00a0<\/p>\n<p>\u2022<strong>\u00a01 799 patients Covid-19\u00a0sont en soins critiques <\/strong>(soit en r\u00e9animation, soins intensifs et surveillance continue) (-19,5 % en 7j, donn\u00e9e arr\u00eat\u00e9e au 16\u00a0juin).<\/p>\n<p>\u2022 11 114 patients Covid-19\u00a0\u00e9taient\u00a0hospitalis\u00e9s (-14,8\u00a0% en 7j, donn\u00e9e arr\u00eat\u00e9e au 16 juin).<\/p>\n<p>\u2022 le R0 du virus (taux de reproduction) est de 0.7, en baisse (-9,2% en 7j, donn\u00e9e arr\u00eat\u00e9e au 5 juin).<\/p>\n<p>\u2022 le taux de positivit\u00e9 des tests est de 1,4%, (-36,6 % en 7j, donn\u00e9e arr\u00eat\u00e9e au 13\u00a0juin).<\/p>\n<p>Au jeudi 17\u00a0juin\u00a02021,\u00a0un total de<strong>\u00a0<span style=\"font-size: 1rem;\">5 750 433<\/span><strong>\u00a0<\/strong>cas\u00a0confirm\u00e9s\u00a0<\/strong>de coronavirus est rapport\u00e9 depuis le d\u00e9but de la pand\u00e9mie. Au 13\u00a0juin, le taux d&rsquo;incidence du virus est de 40\/100 000 habitants, <strong>en baisse de 41,3%<\/strong> sur les 7 derniers jours.<\/p>\n<p>\u25ba\u00a0Au niveau national, Sant\u00e9 Publique France indique que 45\u00a0547\u00a0nouveaux cas ont \u00e9t\u00e9 confirm\u00e9s en semaine 22 (31 mai-6 juin), soit <strong>environ 6\u00a0500\u00a0cas en moyenne chaque jour.<\/strong> Le<strong> taux d&rsquo;incidence \u00e9tait en forte diminution <\/strong>par rapport \u00e0 celui de la semaine 21\u00a0(corrig\u00e9 pour l&rsquo;effet du lundi 24\u00a0mai f\u00e9ri\u00e9) \u00e0 68\/100\u00a0000\u00a0habitants (-38%), cette diminution \u00e9tant observ\u00e9e<strong> dans toutes les classes d&rsquo;\u00e2ge<\/strong>. Le<strong> taux de d\u00e9pistage diminuait <\/strong>(2\u00a0988\/100\u00a0000\u00a0habitants, -15% par rapport au taux corrig\u00e9 de S21). Le<strong> taux de positivit\u00e9 \u00e9tait toujours en diminution <\/strong>\u00e0 2,3%, soit -0,8\u00a0point par rapport \u00e0 S21.<\/p>\n<blockquote>\n<p style=\"text-align: right;\">Les niveaux \u00e0 l&rsquo;h\u00f4pital comparables \u00e0 ceux de mai 2020.<\/p>\n<\/blockquote>\n<p>Jeudi 17\u00a0juin,<strong> 2 786 nouvelles personnes <\/strong>ont\u00a0re\u00e7u un test positif au Covid-19\u00a0par rapport \u00e0 la veille.\u00a0Au niveau national, 45\u00a0547\u00a0nouveaux cas ont \u00e9t\u00e9 confirm\u00e9s en semaine 22\u00a0(31\u00a0mai-6\u00a0juin), soit environ 6\u00a0500\u00a0cas en moyenne chaque jour.<\/p>\n<p>La diminution du nombre de d\u00e9clarations de nouvelles hospitalisations et d&rsquo;admissions en services de soins critiques, observ\u00e9e depuis la semaine 15 (12-18 avril), s&rsquo;est poursuivie en semaine 22 (31 mai-6 juin) (-12% et -22% par rapport \u00e0 S21, respectivement) m\u00eame si les effectifs \u00e9taient encore \u00e9lev\u00e9s. Au 16\u00a0juin :<\/p>\n<ul>\n<li>-29,3% de nouvelles hospitalisations covid en 7 jours,\u00a0selon les <a href=\"https:\/\/www.gouvernement.fr\/info-coronavirus\/carte-et-donnees\" target=\"_blank\" rel=\"noopener noreferrer\">chiffres du gouvernement<\/a>.<\/li>\n<li>-34,1% de nouvelles entr\u00e9es en soins critiques quotidiennes en 7 jours.<\/li>\n<li>11 114 patients Covid-19\u00a0hospitalis\u00e9s\u00a0selon <a href=\"https:\/\/dashboard.covid19.data.gouv.fr\/vue-d-ensemble?location=FRA\" target=\"_blank\" rel=\"noopener noreferrer\">data-gouv<\/a>\u00a0au 17\u00a0juin<\/li>\n<li><strong>1 799 patients Covid\u00a0en r\u00e9animation<\/strong> au 17\u00a0juin<strong>.<\/strong><\/li>\n<\/ul>\n<h3><u>Nombre de personnes actuellement hospitalis\u00e9es par r\u00e9gion au 16\u00a0juin<\/u><u>\u00a02021 (source : gouvernement.fr)<\/u><\/h3>\n<table align=\"center\" border=\"1\" cellpadding=\"1\" cellspacing=\"1\" style=\"width:100%;\">\n<thead>\n<tr>\n<th scope=\"col\" style=\"width: 260px;\">R\u00e9gion<\/th>\n<th scope=\"col\" style=\"width: 283px;\">Nombre de personnes actuellement hospitalis\u00e9es<\/th>\n<th scope=\"col\" style=\"width: 220px;\">Evolution en 7 jours<\/th>\n<\/tr>\n<\/thead>\n<tbody>\n<tr>\n<td style=\"width: 260px;\"><strong>Auvergne-Rh\u00f4ne-Alpes<\/strong><\/td>\n<td style=\"width: 283px;\">1 284<\/td>\n<td style=\"width: 220px;\">-14,8 %<\/td>\n<\/tr>\n<tr>\n<td style=\"width: 260px;\"><strong>Hauts-de-France<\/strong><\/td>\n<td style=\"width: 283px;\">1 561<\/td>\n<td style=\"width: 220px;\">-14,1 %<\/td>\n<\/tr>\n<tr>\n<td style=\"width: 260px;\"><strong>Provence-Alpes-C\u00f4te d&rsquo;Azur<\/strong><\/td>\n<td style=\"width: 283px;\">1 086<\/td>\n<td style=\"width: 220px;\">-13,6 %<\/td>\n<\/tr>\n<tr>\n<td style=\"width: 260px;\"><strong>Grand Est<\/strong><\/td>\n<td style=\"width: 283px;\">914<\/td>\n<td style=\"width: 220px;\">-14,4 %<\/td>\n<\/tr>\n<tr>\n<td style=\"width: 260px;\"><strong>Occitanie<\/strong><\/td>\n<td style=\"width: 283px;\">630<\/td>\n<td style=\"width: 220px;\">-10,9 %<\/td>\n<\/tr>\n<tr>\n<td style=\"width: 260px;\"><strong><a href=\"http:\/\/www.affinite.fr\/index.php\/2024\/11\/21\/construire-votre-maison-en-normandie\/\">Normandie<\/a><\/strong><\/td>\n<td style=\"width: 283px;\">779<\/td>\n<td style=\"width: 220px;\">-10,3 %<\/td>\n<\/tr>\n<tr>\n<td style=\"width: 260px;\"><strong>Nouvelle-Aquitaine<\/strong><\/td>\n<td style=\"width: 283px;\">555<\/td>\n<td style=\"width: 220px;\">-15,7 %<\/td>\n<\/tr>\n<tr>\n<td style=\"width: 260px;\"><strong>Centre-Val de Loire<\/strong><\/td>\n<td style=\"width: 283px;\">378<\/td>\n<td style=\"width: 220px;\">-18 %<\/td>\n<\/tr>\n<tr>\n<td style=\"width: 260px;\"><strong>Bourgogne-Franche-Comt\u00e9<\/strong><\/td>\n<td style=\"width: 283px;\">486<\/td>\n<td style=\"width: 220px;\">-14,3 %\u00a0<\/td>\n<\/tr>\n<tr>\n<td style=\"width: 260px;\"><strong>Bretagne<\/strong><\/td>\n<td style=\"width: 283px;\">384<\/td>\n<td style=\"width: 220px;\">-12,3 %<\/td>\n<\/tr>\n<tr>\n<td style=\"width: 260px;\"><strong>Corse<\/strong><\/td>\n<td style=\"width: 283px;\">31<\/td>\n<td style=\"width: 220px;\"><strong>+3,3 <\/strong>%<\/td>\n<\/tr>\n<tr>\n<td style=\"width: 260px;\"><strong>Pays de la Loire<\/strong><\/td>\n<td style=\"width: 283px;\">293<\/td>\n<td style=\"width: 220px;\">-17 %<\/td>\n<\/tr>\n<tr>\n<td style=\"width: 260px;\"><strong>\u00cele-de-France<\/strong><\/td>\n<td style=\"width: 283px;\">2 727<\/td>\n<td style=\"width: 220px;\">-18,3 %<\/td>\n<\/tr>\n<tr>\n<td style=\"width: 260px;\"><strong>Guadeloupe<\/strong><\/td>\n<td style=\"width: 283px;\">105<\/td>\n<td style=\"width: 220px;\">-19,9<b>\u00a0<\/b>%\u00a0<\/td>\n<\/tr>\n<tr>\n<td style=\"width: 260px;\"><strong>Martinique<\/strong><\/td>\n<td style=\"width: 283px;\">25<\/td>\n<td style=\"width: 220px;\">-21,9 %<\/td>\n<\/tr>\n<tr>\n<td style=\"width: 260px;\"><strong>Guyane<\/strong><\/td>\n<td style=\"width: 283px;\">122<\/td>\n<td style=\"width: 220px;\"><strong>+8<\/strong> %<\/td>\n<\/tr>\n<tr>\n<td style=\"width: 260px;\"><strong>La R\u00e9union<\/strong><\/td>\n<td style=\"width: 283px;\">155<\/td>\n<td style=\"width: 220px;\">-9,9<strong>\u00a0<\/strong>%<\/td>\n<\/tr>\n<tr>\n<td style=\"width: 260px;\"><strong>Mayotte<\/strong><\/td>\n<td style=\"width: 283px;\">4<\/td>\n<td style=\"width: 220px;\">-50<b>\u00a0<\/b>%<\/td>\n<\/tr>\n<\/tbody>\n<\/table>\n<\/section>\n<p>La mortalit\u00e9 li\u00e9e \u00e0 la COVID-19 est toujours \u00e9lev\u00e9e. 110 663 d\u00e9c\u00e8s sont recens\u00e9s au 17\u00a0juin\u00a0dont 84 225 \u00e0 l&rsquo;h\u00f4pital\u00a0(+56 au cours des 24\u00a0derni\u00e8res heures), selon les chiffres de <a href=\"https:\/\/www.santepubliquefrance.fr\/dossiers\/coronavirus-covid-19\/coronavirus-chiffres-cles-et-evolution-de-la-covid-19-en-france-et-dans-le-monde\" target=\"_blank\" rel=\"noopener noreferrer\">Sant\u00e9 Publique France<\/a>. Ce chiffre ne comprend pas les d\u00e9c\u00e8s \u00e0 domicile.\u00a0<\/p>\n<p>\u25ba Le nombre de d\u00e9c\u00e8s toutes causes et tous \u00e2ges confondus \u00e9tait dans les marges de fluctuation habituelle en semaines 20\u00a0et 21\u00a0apr\u00e8s pr\u00e8s de huit mois d&rsquo;exc\u00e8s de mortalit\u00e9 \u00e0 l&rsquo;\u00e9chelle nationale. Les <strong>d\u00e9c\u00e8s de patients COVID-19\u00a0hospitalis\u00e9s <\/strong>diminuaient toujours en semaine 22<strong>\u00a0(-23%) <\/strong>et restaient \u00e0 un <strong>niveau tr\u00e8s faible dans les \u00e9tablissements sociaux et m\u00e9dico-sociaux (ESMS),<\/strong> rapporte Sant\u00e9 Publique France le 10 juin. Les taux d&rsquo;hospitalisations et d&rsquo;admissions en soins critiques resten<strong>t \u00e9lev\u00e9s en \u00cele-de-France, Hauts-de-France et Bourgogne-Franche Comt\u00e9.<\/strong><\/p>\n<ul>\n<li>L&rsquo;\u00e2ge m\u00e9dian au d\u00e9c\u00e8s est de 85\u00a0ans<\/li>\n<li>93% des personnes d\u00e9c\u00e9d\u00e9es du Covid \u00e0 l&rsquo;h\u00f4pital avaient 65\u00a0ans et plus.<\/li>\n<li>Les hommes repr\u00e9sentent 55% de ces d\u00e9c\u00e8s.<\/li>\n<\/ul>\n<div style=\"text-align:center\">\n<figure class=\"image\" style=\"display:inline-block\"><a class=\"fancy\" href=\"https:\/\/img-3.journaldesfemmes.fr\/bfYbCGGru1i-wW_V7LyQM18qZWY=\/1080x\/smart\/e2c3e02ef71e4a5d9b6d7a770509c5ee\/ccmcms-jdf\/25397578.jpg\"><img decoding=\"async\" alt=\"courbe-covid-deces-morts-france\" src=\"https:\/\/img-3.journaldesfemmes.fr\/bfYbCGGru1i-wW_V7LyQM18qZWY=\/1080x\/smart\/e2c3e02ef71e4a5d9b6d7a770509c5ee\/ccmcms-jdf\/25397578.jpg\"\/><\/a><figcaption data-credit=\"Sant\u00e9 Publique France\"><small>\u00a9\u00a0Sant\u00e9 Publique France<\/small><\/figcaption><\/figure>\n<\/div>\n<p><a id=\"covid-19-france-evolution-courbe\" name=\"covid-19-france-evolution-courbe\" style=\"font-size: 1.125rem; background-color: rgb(255, 255, 255); font-family: Raleway, sans-serif;\" target=\"_blank\" rel=\"noopener noreferrer\">Courbe : comment \u00e9volue\u00a0l&rsquo;\u00e9pid\u00e9mie en France ?<\/a><\/p>\n<p><strong><em>\u00ab\u00a0La situation sanitaire s&rsquo;am\u00e9liore plus vite que nous l&rsquo;avions esp\u00e9r\u00e9\u00a0\u00bb\u00a0<\/em><\/strong>a annonc\u00e9 Jean Castex le 16 juin \u00e0 la sortie du Conseil des ministres. Le niveau de circulation virale est similaire \u00e0 celui d&rsquo;ao\u00fbt 2020\u00a0avec environ 5000\u00a0nouveaux pas jour de Covid. Cette<strong> am\u00e9lioration <\/strong><em><strong>\u00ab\u00a0concerne l&rsquo;ensemble du territoire<\/strong> m\u00e9tropolitaine<\/em>\u00ab\u00a0. La\u00a0<strong>pression sur le syst\u00e8me hospitalier a <\/strong><em><strong>\u00ab\u00a0enfin fortement baiss\u00e9<\/strong>\u00ab\u00a0. <\/em><\/p>\n<p>Pour rappel, la France a connu trois \u00ab\u00a0vagues\u00a0\u00bb \u00e9pid\u00e9miques depuis janvier 2020 :\u00a0<\/p>\n<p>\u2192 Une premi\u00e8re vague marqu\u00e9e par un\u00a0<strong>pic \u00e9pid\u00e9mique<\/strong>\u00a0au cours de la\u00a0<strong>semaine du 6\u00a0au 12\u00a0avril 2020<\/strong>, soit 15\u00a0jours\u00a0apr\u00e8s la mise en \u0153uvre du premier\u00a0confinement de la population (le 17\u00a0mars 2020).<\/p>\n<p>\u2192 Une deuxi\u00e8me vague marqu\u00e9e par un\u00a0<strong>pic au cours de la semaine du<\/strong>\u00a0<strong>16\u00a0au 20\u00a0novembre 2020,\u00a0<\/strong>trois semaines apr\u00e8s le deuxi\u00e8me confinement (29 octobre 2020).<\/p>\n<p>\u2192 Une troisi\u00e8me vague dont le <strong>pic \u00e9pid\u00e9mique a \u00e9t\u00e9 estim\u00e9 \u00e0 la mi-avril 2021.<\/strong>\u00a0<\/p>\n<div style=\"text-align:center\">\n<figure class=\"image\" style=\"display:inline-block\"><a class=\"fancy\" href=\"https:\/\/img-3.journaldesfemmes.fr\/GvWbbLfQdZYLimkDgKluTPEmu1c=\/1080x\/smart\/1eff2ef4de004a4a87cb001da8893359\/ccmcms-jdf\/25397481.jpg\"><img decoding=\"async\" alt=\"courbe-covid-nombre-de-cas-france\" src=\"https:\/\/img-3.journaldesfemmes.fr\/GvWbbLfQdZYLimkDgKluTPEmu1c=\/1080x\/smart\/1eff2ef4de004a4a87cb001da8893359\/ccmcms-jdf\/25397481.jpg\"\/><\/a><figcaption data-credit=\"Sant\u00e9 Publique France\"><small>\u00a9\u00a0Sant\u00e9 Publique France<\/small><\/figcaption><\/figure>\n<\/div>\n<div style=\"text-align:center\">\n<figure class=\"image\" style=\"display:inline-block\"><a class=\"fancy\" href=\"https:\/\/img-3.journaldesfemmes.fr\/1lfGUILI4IEPJZ-mLFrSeFIFvkw=\/1080x\/smart\/f84f3e8436d046bea10a158585031a94\/ccmcms-jdf\/25554734.png\"><img decoding=\"async\" alt=\"Courbe du nombre de personnes actuellement en soins critiques\" src=\"https:\/\/img-3.journaldesfemmes.fr\/vJ1ZtUiH0-3JQYoeSl5EdelsZh4=\/600x\/smart\/f84f3e8436d046bea10a158585031a94\/ccmcms-jdf\/25554734.png\"\/><\/a><figcaption data-credit=\"Gouvernement.fr\" data-legend=\"Courbe du nombre de personnes actuellement en soins critiques, au 16 juin 2021\">Courbe du nombre de personnes actuellement en soins critiques, au 16 juin 2021 <small>\u00a9\u00a0Gouvernement.fr<\/small><\/figcaption><\/figure>\n<\/div>\n<p>\u00c0 ce jour, la France compte cinq variants\u00a0qualifi\u00e9s de pr\u00e9occupants (VOC) en raison de leur transmissibilit\u00e9 augment\u00e9e et\/ou d&rsquo;un risque d&rsquo;\u00e9chappement \u00e0 la r\u00e9ponse immunitaire. Trois d&rsquo;entre eux, les variants 20I\/501Y.V1\u00a0(ayant \u00e9merg\u00e9 au <strong>Royaume-Uni),<\/strong> 20H\/501Y.V2\u00a0(ayant \u00e9merg\u00e9 en<strong> Afrique du Sud<\/strong>) et 20J\/501Y.V3\u00a0(ayant \u00e9merg\u00e9 au<strong> Br\u00e9sil)<\/strong>, circulent en France depuis le d\u00e9but de l&rsquo;ann\u00e9e 2021. Le quatri\u00e8me VOC (20I\/484K ou 20I\/484Q selon le type de mutation), ayant \u00e9merg\u00e9 au Royaume-Uni d\u00e9but 2021, \u00e9tait peu d\u00e9tect\u00e9 en France jusqu&rsquo;\u00e0 la mi-mars, mais les donn\u00e9es de s\u00e9quen\u00e7age montrent une transmission communautaire dans plusieurs r\u00e9gions. Le lignage 20A\/452R (ou B.1.617), initialement d\u00e9tect\u00e9<strong> en Inde<\/strong> en d\u00e9cembre 2020, a \u00e9t\u00e9 class\u00e9 VOC le 11\u00a0mai par l&rsquo;OMS et le 12\u00a0mai 2021\u00a0par l&rsquo;analyse de risque conjointe CNR\/SpFrance.\u00a0<\/p>\n<p>\u25ba <strong>En semaine 22 (31 mai-6 juin),<\/strong> parmi les tests positifs cribl\u00e9s, <strong>74,6% correspondaient \u00e0 une suspicion de variant 20I\/501Y.V1\u00a0(Alpha-anglais) <\/strong>et 6,3% de variant 20H\/501Y.V2\u00a0(Beta-Afrique du Sud) ou 20J\/501Y.V3\u00a0(Gamma-Br\u00e9sil). La proportion du variant 20I\/501Y.V1\u00a0(Alpha) \u00e9tait<strong> sup\u00e9rieure \u00e0 80% dans 35\u00a0d\u00e9partements,<\/strong> et sup\u00e9rieure \u00e0 90% dans 14\u00a0d&rsquo;entre eux. La proportion de suspicions de variant 20H\/501Y.V2\u00a0(Beta) ou 20J\/501Y.V3\u00a0(Gamma) \u00e9tait comprise entre 10% et 20% dans deux d\u00e9partements m\u00e9tropolitains. Concernant le<strong> variant indien, <\/strong>malgr\u00e9 une <strong>augmentation <\/strong>r\u00e9cente de la d\u00e9tection du variant VOC 21A\/478K (B.1.617.2, Delta, ayant \u00e9merg\u00e9 en Inde) dans les pr\u00e9l\u00e8vements s\u00e9quenc\u00e9s<strong> (+31\u00a0cas <\/strong>sur la semaine du 31\u00a0mai au 6\u00a0juin),<strong><em> \u00ab\u00a0aucun \u00e9l\u00e9ment n&rsquo;indique \u00e0 ce jour une circulation importante de ce lignage sur le territoire\u00a0\u00bb<\/em><\/strong> indique Sant\u00e9 Publique France. <em>\u00ab\u00a0Cependant, l&rsquo;apparition de <strong>clusters <\/strong>avec transmission autochtone de ce variant indique qu&rsquo;une telle<strong> transmission a commenc\u00e9 en France <\/strong>et doit conduire \u00e0 la plus grande vigilance, compte-tenu de son lien avec un possible \u00e9chappement vaccinal et des donn\u00e9es en faveur d&rsquo;une augmentation de sa transmissibilit\u00e9 par rapport aux variants de r\u00e9f\u00e9rence et au variant 20I\/501Y.V1\u00a0(Alpha).\u00a0\u00bb<\/em><\/p>\n<div class=\"ccminsert\">\n<aside class=\"app_widget_fo app_widget_fo--call\">\n<ul>\n<li>\n                <a href=\"https:\/\/sante.journaldesfemmes.fr\/fiches-maladies\/2667643-carte-covid-19-france-departement-direct-monde-europe-temps-reel-region-incidence-vaccination\/\" class=\"jGTMWidgetGAEventClick\" data-gtmwidgetgaeventaction=\"clickWidgetCall\" data-gtmwidgetgaeventlabel=\"CARTE COVID\u00a0: vaccination, d\u00e9partement, France, Europe, Monde\"><\/p>\n<figure><picture><source media=\"(max-width: 480px)\" srcset=\"https:\/\/img-3.journaldesfemmes.fr\/K95mj3dJW8-2u_wkTpWS5dMToLk=\/160x105\/smart\/ef444c5d5fa94fa9b9e3a74095bde7f5\/ccmcms-jdf\/25468621.png\" width=\"160\" height=\"105\"><img decoding=\"async\" src=\"https:\/\/img-3.journaldesfemmes.fr\/HO0212UOMfVfgUw2bm4tEykJ7Sk=\/200x132\/smart\/ef444c5d5fa94fa9b9e3a74095bde7f5\/ccmcms-jdf\/25468621.png\" alt=\"\" width=\"200\" height=\"132\" loading=\"lazy\"\/><\/source><\/picture><figcaption>\n<h3>CARTE COVID\u00a0: vaccination, d\u00e9partement, France, Europe, Monde<\/h3>\n<p>CARTE CORONAVIRUS &#8211; L&rsquo;\u00e9pid\u00e9mie de Covid continue de baisser en France et les cartes illustrent cette tendance. En parall\u00e8le, la vaccination s&rsquo;acc\u00e9l\u00e8re. Incidence par ville, d\u00e9partement, r\u00e9gion, zone rouge, cartes du monde, d&rsquo;Europe&#8230; Les derni\u00e8res images en direct.<\/p>\n<\/figcaption><\/figure>\n<p><\/a>\n            <\/li>\n<\/ul>\n<\/aside>\n<\/div>\n<p>Le Premier ministre a annonc\u00e9 le 16 juin\u00a0la lev\u00e9e du<strong>\u00a0couvre-feu dimanche\u00a020\u00a0juin<\/strong> (dernier couvre-feu samedi soir) <strong>ainsi que<\/strong><strong>\u00a0l&rsquo;obligation du port du masque en ext\u00e9rieur <\/strong>sauf <em>\u00ab\u00a0quand on se regroupe, qu&rsquo;on se trouve dans un march\u00e9, dans une file d&rsquo;attente ou encore dans la tribune d&rsquo;un stade\u00a0\u00bb.<\/em> Le port du masque reste obligatoire dans les lieux clos. Il est aussi<strong>\u00a0lev\u00e9\u00a0dans les cours d&rsquo;\u00e9cole jeudi 17\u00a0juin<\/strong>, mais pas dans les classes.<\/p>\n<p>Une r\u00e9ouverture de la France en 4\u00a0\u00e9tapes\u00a0: Emmanuel Macron a d\u00e9voil\u00e9 son plan de r\u00e9ouverture de la France \u00e0 la presse quotidienne r\u00e9gionale et au Parisien\u00a0le 28 avril.\u00a0<\/p>\n<table border=\"1\" cellpadding=\"1\" cellspacing=\"1\" style=\"width:100%;\">\n<thead>\n<tr>\n<th scope=\"col\" style=\"width: 102px; text-align: center;\">DATES CLES<\/th>\n<th scope=\"col\" style=\"width: 892px; text-align: center;\">NOUVELLES MESURES<\/th>\n<\/tr>\n<\/thead>\n<tbody>\n<tr>\n<td style=\"width: 102px;\"><strong>9 juin<\/strong><\/td>\n<td style=\"width: 892px;\">\n<p><strong>couvre-feu \u00e0 23\u00a0heures <\/strong><\/p>\n<p>la jauge dans les commerces, les march\u00e9s couverts est ramen\u00e9e \u00e0 4m\u00b2 par client\u00a0;<\/p>\n<p>les <strong>terrasses <\/strong>ext\u00e9rieures peuvent accueillir\u00a0100\u00a0%\u00a0de leur capacit\u00e9 avec une<strong> limite de 6\u00a0personnes par table<\/strong>\u00a0;<\/p>\n<p>les <strong>caf\u00e9s et restaurants<\/strong> peuvent accueillir leurs clients <strong>en int\u00e9rieur avec une jauge de\u00a050\u00a0%<\/strong>\u00a0avec une limite de 6\u00a0personnes par table.<\/p>\n<p>les <strong>mus\u00e9es <\/strong>peuvent accueillir leurs visiteurs avec une jauge de 4m\u00b2 par visiteur\u00a0;<\/p>\n<p>les <strong>cin\u00e9mas<\/strong>, les <strong>th\u00e9\u00e2tres <\/strong>les salles de spectacle, les chapiteaux avec une limitation de\u00a065\u00a0%\u00a0de l&rsquo;effectif, jusqu&rsquo;\u00e0 5\u00a0000\u00a0personnes par salle (le pass sanitaire est exig\u00e9 au-del\u00e0 de 1\u00a0000\u00a0personnes)\u00a0;<\/p>\n<p>les <strong>biblioth\u00e8ques <\/strong>ram\u00e8nent leur jauge \u00e0 4m\u00b2 par visiteur et maintiennent 1\u00a0si\u00e8ge sur deux en configuration assise\u00a0;<\/p>\n<p>les<strong> festivals de plein air assis <\/strong>peuvent se d\u00e9rouler avec une jauge de\u00a065\u00a0%\u00a0jusqu&rsquo;\u00e0 5\u00a0000\u00a0personnes (le pass sanitaire sera exig\u00e9 au-del\u00e0 de 1\u00a0000\u00a0personnes)\u00a0;<\/p>\n<p>les<strong> parcs zoologiques <\/strong>en plein air avec une limitation de\u00a065\u00a0%\u00a0de l&rsquo;effectif\u00a0;<\/p>\n<p>Assouplissement du t\u00e9l\u00e9travail<\/p>\n<p>Les <strong>\u00e9tablissements thermaux rouvrent\u00a0<\/strong>avec une limitation de\u00a0100\u00a0%\u00a0de leur capacit\u00e9.<\/p>\n<p>Les<strong> salons et les foires <\/strong>peuvent \u00e0 nouveau se tenir et accueillir leurs visiteurs dans la limite de\u00a050\u00a0%\u00a0de l&rsquo;effectif, jusqu&rsquo;\u00e0 5\u00a0000\u00a0personnes (le pass sanitaire est exig\u00e9 au-del\u00e0 de 1\u00a0000\u00a0personnes).<\/p>\n<p>Les<strong> lieux de culte et les c\u00e9r\u00e9monies (mariages ou pacs)\u00a0<\/strong>: 1\u00a0emplacement sur 2. Les c\u00e9r\u00e9monies fun\u00e9raires dans les cimeti\u00e8res peuvent se tenir avec une limitation de 75\u00a0personnes.<\/p>\n<p>Les<strong> rassemblements de plus de 10\u00a0personnes restent interdits<\/strong>, sauf visites guid\u00e9es.<\/p>\n<p>L&rsquo;enseignement sup\u00e9rieur se poursuit avec\u00a050\u00a0%\u00a0de l&rsquo;effectif en pr\u00e9sentiel jusqu&rsquo;en septembre.<\/p>\n<p>Les \u00e9coles de danse peuvent reprendre leurs enseignements pour les majeurs non prioritaires (sans contact) avec une jauge de\u00a035\u00a0%\u00a0par classe.<\/p>\n<p><strong>R\u00e9ouverture des salles de sport (et piscines) avec une jauge de 50%,<\/strong> \u00e9largissement aux sports de contact en plein air (25 personnes max) et sans contact en int\u00e9rieur.<\/p>\n<\/td>\n<\/tr>\n<tr>\n<td style=\"width: 102px;\"><a id=\"reouverture-covid-30-juin\" name=\"reouverture-covid-30-juin\"><strong>30 juin<\/strong><\/a><\/td>\n<td style=\"width: 892px;\">\n<p><strong>fin du couvre-feu avanc\u00e9e au 20 juin.<\/strong><\/p>\n<p>possibilit\u00e9 de participer aux \u00e9v\u00e8nements de plus de 1000\u00a0personnes en ext\u00e9rieur et en int\u00e9rieur\u00a0(avec pass sanitaire)<\/p>\n<p>fin des limites de jauge selon la situation sanitaire locale.<\/p>\n<p><strong>R\u00e9ouverture des discoth\u00e8ques en juillet. <\/strong>Invit\u00e9 sur BFM-TV jeudi 17\u00a0juin, le ministre de la Sant\u00e9 a annonc\u00e9 la r\u00e9ouverture des discoth\u00e8ques\u00a0en juillet<em> \u00ab\u00a0avec des conditions sp\u00e9cifiques\u00a0\u00bb.<\/em> Elles sont ferm\u00e9es depuis 15\u00a0mois.<\/p>\n<\/td>\n<\/tr>\n<\/tbody>\n<\/table>\n<p><strong>\u00c0 partir du 9 juin,<\/strong> les mesures de restriction de d\u00e9placement en journ\u00e9e sont lev\u00e9es et l&rsquo;attestation de d\u00e9placement<strong> n&rsquo;est plus n\u00e9cessaire entre 6h et 23h.\u00a0<\/strong>L&rsquo;attestation de d\u00e9placement est par contre<strong> obligatoire pour tous les d\u00e9placements entre 23h et 6h <\/strong>sur l&rsquo;ensemble du territoire m\u00e9tropolitain.<\/p>\n<p>&gt; <a href=\"https:\/\/www.interieur.gouv.fr\/Actualites\/L-actu-du-Ministere\/Attestations-de-deplacement\" target=\"_blank\" rel=\"noopener noreferrer\">T\u00e9l\u00e9charger\/Remplir l&rsquo;attestation\u00a0<\/a><\/p>\n<p><strong>&gt;\u00a0Je peux\u00a0me d\u00e9placer entre 23h00\u00a0et 06h00\u00a0pour l&rsquo;une des raisons suivantes\u00a0:<\/strong><\/p>\n<ul>\n<li><label for=\"checkbox-curfew-travail\"><strong>Activit\u00e9 professionnelle, enseignement et <a href=\"http:\/\/www.affinite.fr\/index.php\/2022\/11\/09\/formation-de-glacier-apprenez-le-metier-de-glacier-et-changez-votre-vie\/\">formation<\/a>, mission d&rsquo;int\u00e9r\u00eat g\u00e9n\u00e9ral<\/strong><\/label><\/li>\n<\/ul>\n<p><label for=\"checkbox-curfew-travail\">&#8211; D\u00e9placements entre le domicile et le lieu de travail ou d&rsquo;enseignement ou de formation.<br \/>&#8211; D\u00e9placements professionnels ne pouvant \u00eatre diff\u00e9r\u00e9s, livraisons.<br \/>&#8211; D\u00e9placements li\u00e9s \u00e0 des missions d&rsquo;int\u00e9r\u00eat g\u00e9n\u00e9ral sur demande de l&rsquo;autorit\u00e9 administrative.<\/label><\/p>\n<ul>\n<li><label for=\"checkbox-curfew-sante\"><strong>Sant\u00e9 (consultation et soins)<\/strong><\/label><\/li>\n<\/ul>\n<p><label for=\"checkbox-curfew-sante\">&#8211; D\u00e9placements pour des consultations, examens, actes de pr\u00e9vention (dont vaccination) et soins ne pouvant \u00eatre assur\u00e9s \u00e0 distance ou pour l&rsquo;achat de produits de sant\u00e9.<\/label><\/p>\n<ul>\n<li><label for=\"checkbox-curfew-famille\"><strong>Motif familial imp\u00e9rieux, assistance aux personnes vuln\u00e9rables, garde d&rsquo;enfants, situation de handicap<\/strong><\/label><\/li>\n<\/ul>\n<p><label for=\"checkbox-curfew-famille\">&#8211; D\u00e9placements pour motif familial imp\u00e9rieux, pour l&rsquo;assistance aux personnes vuln\u00e9rables ou pr\u00e9caires ou pour la garde d&rsquo;enfants.<br \/>&#8211; D\u00e9placements des personnes en situation de handicap et de leur accompagnant.\u202f<\/label><\/p>\n<ul>\n<li><label for=\"checkbox-curfew-convocation_demarches\"><strong>Convocation judiciaire ou administrative, d\u00e9marches ne pouvant \u00eatre men\u00e9es \u00e0 distance<\/strong><\/label><\/li>\n<\/ul>\n<p><label for=\"checkbox-curfew-convocation_demarches\">&#8211; D\u00e9placements pour r\u00e9pondre \u00e0 une convocation judiciaire ou administrative ou pour se rendre chez un professionnel du droit pour un acte ou une d\u00e9marche qui ne peut \u00eatre r\u00e9alis\u00e9 \u00e0 distance.<\/label><\/p>\n<ul>\n<li><label for=\"checkbox-curfew-transit\"><strong>D\u00e9placements li\u00e9s \u00e0 des transferts ou transits depuis des gares ou a\u00e9roports dans le cadre de d\u00e9placements de longue distance<\/strong><\/label><\/li>\n<li><label for=\"checkbox-curfew-animaux\"><strong>Animaux de compagnie<\/strong><\/label><\/li>\n<\/ul>\n<p><label for=\"checkbox-curfew-animaux\">&#8211; D\u00e9placements brefs pour les besoins des animaux de compagnie (dans un rayon de 1\u00a0kilom\u00e8tre autour du domicile).<\/label><\/p>\n<p>La vaccination contre la Covid-19\u00a0se poursuit en France avec les vaccins Pfizer-BioNTech,\u00a0Moderna,\u00a0AstraZeneca et Janssen (chez les m\u00e9decins g\u00e9n\u00e9ralistes,\u00a0au travail et en pharmacie). La prise de<strong> rendez-vous<\/strong> est possible sur les sites Internet <strong>Doctolib, Maiia et KelDoc<\/strong> et peut aussi se faire en contactant par t\u00e9l\u00e9phone le <strong>centre de vaccination<\/strong> le plus proche de chez soi (liste disponible sur\u00a0<a href=\"https:\/\/www.sante.fr\/centres-vaccination-covid.html\" target=\"_blank\" rel=\"noopener noreferrer\">Sante.fr<\/a>).\u00a0En cas de difficult\u00e9, le num\u00e9ro vert national\u00a0:<strong> 0\u00a0800\u00a0009\u00a0110<\/strong>,\u00a0permet d&rsquo;\u00eatre redirig\u00e9 vers le standard t\u00e9l\u00e9phonique d&rsquo;un centre ou d&rsquo;obtenir un accompagnement \u00e0 la prise de rendez-vous.<\/p>\n<aside id=\"NL_2116119310\" class=\"newsletter_subscription jNlBlock\"><noscript><br \/>\n            <\/noscript><\/p>\n<h3 class=\"newsletter_subscription-title\">Newsletter <\/h3>\n<p><a href=\"\/\/mailing.ccmbg.com\/archive\/last-85\" target=\"_blank\" class=\"a_hover\" rel=\"noopener noreferrer\">Voir un exemple<\/a><\/p>\n<\/aside>\n<p>Les<strong> Europ\u00e9ens vaccin\u00e9s<\/strong> contre le Covid-19\u00a0peuvent entrer en France sans test PCR<strong> depuis le 9\u00a0juin. <\/strong>Une\u00a0preuve de test n\u00e9gatif (PCR ou antig\u00e9nique) sera toujours exig\u00e9e pour les voyageurs en provenance du Royaume-Uni et des Etats-Unis. A partir du 9\u00a0juin \u00e9galement, les flux de voyageurs entre la France et les <strong>pays \u00e9trangers <\/strong>seront rouverts selon des modalit\u00e9s de chaque\u00a0pays\u00a0et de la vaccination.<\/p>\n<div class=\"ccminsert\">\n<aside class=\"app_widget_fo app_widget_fo--call\">\n<ul>\n<li>\n                <a href=\"https:\/\/sante.journaldesfemmes.fr\/fiches-maladies\/2608487-voyage-covid-19-france-europe-etranger-maroc-turquie-corse-italie-liste-pays-verts-condition\/\" class=\"jGTMWidgetGAEventClick\" data-gtmwidgetgaeventaction=\"clickWidgetCall\" data-gtmwidgetgaeventlabel=\"Voyage et Covid\u00a0: liste des pays verts, Europe, Corse, Espagne\"><\/p>\n<figure><picture><source media=\"(max-width: 480px)\" srcset=\"https:\/\/img-3.journaldesfemmes.fr\/JXGvkcATBL_n5RdO0eEpcWWdRtU=\/160x105\/smart\/a4218c9ae30543eda8b249f2a053af26\/ccmcms-jdf\/25519514.jpg\" width=\"160\" height=\"105\"><img decoding=\"async\" src=\"https:\/\/img-3.journaldesfemmes.fr\/i93W4TlmTe-Q9_-6w8c_XbmrXSc=\/200x132\/smart\/a4218c9ae30543eda8b249f2a053af26\/ccmcms-jdf\/25519514.jpg\" alt=\"\" width=\"200\" height=\"132\" loading=\"lazy\"\/><\/source><\/picture><figcaption>\n<h3>Voyage et Covid\u00a0: liste des pays verts, Europe, Corse, Espagne<\/h3>\n<p>VOYAGE COVID &#8211; Vous \u00eates peut-\u00eatre en train d&rsquo;organiser vos vacances d&rsquo;\u00e9t\u00e9\u00a0? Les voyages au sein de la France sont possibles, sans restriction pour la m\u00e9tropole et avec le pass sanitaire pour la Corse et l&rsquo;Outre-mer. Pour l&rsquo;\u00e9tranger, la couleur des pays (vert, orange, rouge) donne lieu \u00e0 des conditions. Peut-on aller en Belgique, Maroc, Angleterre, Espagne, Italie, Turquie\u00a0? Carte et modalit\u00e9s par pays.<\/p>\n<\/figcaption><\/figure>\n<p><\/a>\n            <\/li>\n<\/ul>\n<\/aside>\n<\/div>\n<section>\n<p>Le d\u00e9pistage du Covid-19 est r\u00e9alis\u00e9 en France par <strong>RT-PCT<\/strong> et par tests <strong>antig\u00e9niques<\/strong>. Depuis le 11 f\u00e9vrier, les <strong>tests salivaires<\/strong> sont d\u00e9ploy\u00e9s dans les\u00a0\u00e9tablissements scolaires et peuvent \u00eatre utilis\u00e9s en premi\u00e8re intention pour d\u00e9pister la Covid-19, conform\u00e9ment aux recommandations de la <a href=\"https:\/\/www.has-sante.fr\/jcms\/p_3237053\/fr\/tests-rt-pcr-salivaires-la-has-etend-leur-utilisation-et-definit-les-modalites-pratiques-de-realisation\" target=\"_blank\" rel=\"noopener noreferrer\">HAS<\/a>. Depuis le 12 avril, des <strong>autotests <\/strong>Covid sont aussi disponibles en vente libre dans les pharmacies fran\u00e7aises (non rembours\u00e9) et peuvent \u00eatre utilis\u00e9s dans les \u00e9coles. <em>\u00ab\u00a0Il reste d\u00e9terminant que chaque personne pr\u00e9sentant des sympt\u00f4mes \u00e9vocateurs de COVID-19\u00a0s&rsquo;isole imm\u00e9diatement et r\u00e9alise un test diagnostique dans les plus brefs d\u00e9lais\u00a0\u00bb<\/em> rappelle Sant\u00e9 Publique France dans ses bulletins hebdomadaires.<\/p>\n<div class=\"ccminsert\">\n<aside class=\"app_widget_fo app_widget_fo--call\">\n<ul>\n<li>\n                <a href=\"https:\/\/sante.journaldesfemmes.fr\/fiches-maladies\/2623965-coronavirus-test-covid-pcr-salivaire-antigenique-pharmacie-sans-rdv-resultats-ou-faire-serologique\/\" class=\"jGTMWidgetGAEventClick\" data-gtmwidgetgaeventaction=\"clickWidgetCall\" data-gtmwidgetgaeventlabel=\"Test Covid-19\u00a0: PCR, salivaire, antig\u00e9nique, o\u00f9 le faire\u00a0?\"><\/p>\n<figure><picture><source media=\"(max-width: 480px)\" srcset=\"https:\/\/img-3.journaldesfemmes.fr\/YCOCFDcpMnz_8GFBP8WmZ4cAYhA=\/160x105\/smart\/b13d1f4facdd4bcba8fdf4e07d9e1adb\/ccmcms-jdf\/25229315.jpg\" width=\"160\" height=\"105\"><img decoding=\"async\" src=\"https:\/\/img-3.journaldesfemmes.fr\/3RuKuaK-wwmp_FmKo2K2ocijwDI=\/200x132\/smart\/b13d1f4facdd4bcba8fdf4e07d9e1adb\/ccmcms-jdf\/25229315.jpg\" alt=\"\" width=\"200\" height=\"132\" loading=\"lazy\"\/><\/source><\/picture><figcaption>\n<h3>Test Covid-19\u00a0: PCR, salivaire, antig\u00e9nique, o\u00f9 le faire\u00a0?<\/h3>\n<p>PCR, antig\u00e9nique, salivaire, autotest&#8230; Plusieurs tests de d\u00e9pistage de la Covid-19\u00a0sont disponibles en France. Le plus fiable est le test PCR nasal. Des tests s\u00e9rologiques TROD vont aussi se d\u00e9ployer en centre de vaccination. Test n\u00e9gatif pour le pass sanitaire, pour savoir si on a eu le Covid, test en pharmacie, au laboratoire, d\u00e9lai de r\u00e9sultats&#8230; Guide.<\/p>\n<\/figcaption><\/figure>\n<p><\/a>\n            <\/li>\n<\/ul>\n<\/aside>\n<\/div>\n<p>Si au d\u00e9but, on ne parlait que de <strong>fi\u00e8vre<\/strong>, toux s\u00e8che, rhume, \u00e9tat grippal et de fatigue, les sympt\u00f4mes de l&rsquo;infection par le coronavirus ont \u00e9volu\u00e9. On sait d\u00e9sormais que le virus peut avoir des <strong>effets sur la peau<\/strong> (urticaire, l\u00e9sions inflammatoires sur les orteils), la sph\u00e8re digestive (vomissements, diarrh\u00e9es&#8230;), <strong>l&rsquo;odorat<\/strong>, le <strong>go\u00fbt <\/strong>et m\u00eame le cerveau.<em> <\/em><\/p>\n<p>\u2192<strong> Chaque personne pr\u00e9sentant des sympt\u00f4mes \u00e9vocateurs de COVID-19 doit s&rsquo;isoler imm\u00e9diatement et r\u00e9aliser un test diagnostique<\/strong> dans les plus brefs d\u00e9lais (sans avoir d&rsquo;ordonnance).<\/p>\n<p>\u2192<strong> <\/strong><strong>Appeler le\u00a015\u00a0en cas de\u00a0difficult\u00e9s respiratoires\u00a0: \u00ab\u00a0<\/strong><em>Si la toux et la\u00a0fi\u00e8vre s&rsquo;accompagnent d&rsquo;une g\u00eane respiratoire qui devient permanente avec souffle court, difficult\u00e9 \u00e0 inspirer et \u00e0 expirer, d&rsquo;une aggravation importante de la toux, cela peut signifier une \u00e9volution de la maladie sous la forme d&rsquo;une pneumopathie. Il s&rsquo;agit alors d&rsquo;une urgence respiratoire potentielle et comme dans tous les cas d&rsquo;urgence, il faut alors appeler le 15\u00a0qui prendra les meilleures dispositions pour r\u00e9pondre \u00e0 la situation\u00a0\u00bb, <\/em>pr\u00e9vient le Dr\u00a0Patrick Aub\u00e9, m\u00e9decin g\u00e9n\u00e9raliste. \u00a0<\/p>\n<div class=\"ccminsert\">\n<aside class=\"app_widget_fo app_widget_fo--list app_widget_fo--list-2-col\">\n<ul>\n<li>\n<h3>\n                    <a href=\"https:\/\/sante.journaldesfemmes.fr\/fiches-sante-du-quotidien\/2627657-perte-odorat-anosmie-symptome-covid-19-duree-definition-cause-traitement-reeducation\/\" class=\"jGTMWidgetGAEventClick\" data-gtmwidgetgaeventaction=\"clickWidgetListOnTwoColumns\" data-gtmwidgetgaeventlabel=\"Perte de l'odorat\u00a0(anosmie)\u00a0: sympt\u00f4mes du Covid, dur\u00e9e, r\u00e9\u00e9ducation\"><br \/>\n                        Perte de l&rsquo;odorat\u00a0(anosmie)\u00a0: sympt\u00f4mes du Covid, dur\u00e9e, r\u00e9\u00e9ducation<br \/>\n                    <\/a><br \/>\n                <\/h3>\n<\/li>\n<li>\n<h3>\n                    <a href=\"https:\/\/sante.journaldesfemmes.fr\/fiches-maladies\/2696267-covid-long-c-est-quoi-symptomes-contagieux-fatigue-prise-en-charge-france-traitement-pourcentage-vaccin\/\" class=\"jGTMWidgetGAEventClick\" data-gtmwidgetgaeventaction=\"clickWidgetListOnTwoColumns\" data-gtmwidgetgaeventlabel=\"Covid long\u00a0: vaccin, traitement, sympt\u00f4mes, contagieux ou pas\u00a0?\"><br \/>\n                        Covid long\u00a0: vaccin, traitement, sympt\u00f4mes, contagieux ou pas\u00a0?<br \/>\n                    <\/a><br \/>\n                <\/h3>\n<\/li>\n<li>\n<h3>\n                    <a href=\"https:\/\/sante.journaldesfemmes.fr\/fiches-maladies\/2625903-porteur-sain-covid-19-coronavirus-asymptomatique-definition-duree-isolement-anticorps-isolement-test\/\" class=\"jGTMWidgetGAEventClick\" data-gtmwidgetgaeventaction=\"clickWidgetListOnTwoColumns\" data-gtmwidgetgaeventlabel=\"Porteur sain Covid\u00a0(asymptomatique)\u00a0: d\u00e9finition, test, isolement\"><br \/>\n                        Porteur sain Covid\u00a0(asymptomatique)\u00a0: d\u00e9finition, test, isolement<br \/>\n                    <\/a><br \/>\n                <\/h3>\n<\/li>\n<li>\n<h3>\n                    <a href=\"https:\/\/sante.journaldesfemmes.fr\/fiches-maladies\/2665621-angine-ou-covid-19-symptomes-signes-fievre-mal-gorge-test-difference-contagion\/\" class=\"jGTMWidgetGAEventClick\" data-gtmwidgetgaeventaction=\"clickWidgetListOnTwoColumns\" data-gtmwidgetgaeventlabel=\"Angine ou Covid-19\u00a0: sympt\u00f4mes, diff\u00e9rences, test, contagion\"><br \/>\n                        Angine ou Covid-19\u00a0: sympt\u00f4mes, diff\u00e9rences, test, contagion<br \/>\n                    <\/a><br \/>\n                <\/h3>\n<\/li>\n<li>\n<h3>\n                    <a href=\"https:\/\/sante.journaldesfemmes.fr\/fiches-maladies\/2701631-probleme-maladie-foie-covid-atteinte-cancer-complication-sequelles-symptomes-risque-vaccination\/\" class=\"jGTMWidgetGAEventClick\" data-gtmwidgetgaeventaction=\"clickWidgetListOnTwoColumns\" data-gtmwidgetgaeventlabel=\"Probl\u00e8me au foie et Covid\u00a0: risques, s\u00e9quelles, vaccination\"><br \/>\n                        Probl\u00e8me au foie et Covid\u00a0: risques, s\u00e9quelles, vaccination<br \/>\n                    <\/a><br \/>\n                <\/h3>\n<\/li>\n<li>\n<h3>\n                    <a href=\"https:\/\/sante.journaldesfemmes.fr\/fiches-maladies\/2701633-fievre-covid-duree-obligatoire-que-faire-que-prendre-combien-temperature\/\" class=\"jGTMWidgetGAEventClick\" data-gtmwidgetgaeventaction=\"clickWidgetListOnTwoColumns\" data-gtmwidgetgaeventlabel=\"Fi\u00e8vre et Covid\u00a0: dur\u00e9e, temp\u00e9rature, est-ce obligatoire\u00a0?\"><br \/>\n                        Fi\u00e8vre et Covid\u00a0: dur\u00e9e, temp\u00e9rature, est-ce obligatoire\u00a0?<br \/>\n                    <\/a><br \/>\n                <\/h3>\n<\/li>\n<li>\n<h3>\n                    <a href=\"https:\/\/sante.journaldesfemmes.fr\/fiches-maladies\/2661241-rhume-ou-covid-19-symptomes-tableau-differences-ecole-que-faire-comment-savoir-travail\/\" class=\"jGTMWidgetGAEventClick\" data-gtmwidgetgaeventaction=\"clickWidgetListOnTwoColumns\" data-gtmwidgetgaeventlabel=\"Rhume ou Covid-19\u00a0: sympt\u00f4mes, tableau, \u00e9cole, que faire\u00a0?\"><br \/>\n                        Rhume ou Covid-19\u00a0: sympt\u00f4mes, tableau, \u00e9cole, que faire\u00a0?<br \/>\n                    <\/a><br \/>\n                <\/h3>\n<\/li>\n<li>\n<h3>\n                    <a href=\"https:\/\/sante.journaldesfemmes.fr\/fiches-maladies\/2626825-covid-ou-allergie-pollen-coronavirus-asthme-symptomes-toux-yeux-traitement\/\" class=\"jGTMWidgetGAEventClick\" data-gtmwidgetgaeventaction=\"clickWidgetListOnTwoColumns\" data-gtmwidgetgaeventlabel=\"Covid ou allergie au pollen\u00a0: sympt\u00f4mes, diff\u00e9rences, traitements\"><br \/>\n                        Covid ou allergie au pollen\u00a0: sympt\u00f4mes, diff\u00e9rences, traitements<br \/>\n                    <\/a><br \/>\n                <\/h3>\n<\/li>\n<li>\n<h3>\n                    <a href=\"https:\/\/sante.journaldesfemmes.fr\/fiches-maladies\/2676955-covid-19-ou-gastro-enterite-difference-symptomes-fievre-diarrhee-que-faire-complications\/\" class=\"jGTMWidgetGAEventClick\" data-gtmwidgetgaeventaction=\"clickWidgetListOnTwoColumns\" data-gtmwidgetgaeventlabel=\"Covid\u00a0ou gastro-ent\u00e9rite\u00a0: sympt\u00f4mes, quelles diff\u00e9rences\u00a0?\"><br \/>\n                        Covid\u00a0ou gastro-ent\u00e9rite\u00a0: sympt\u00f4mes, quelles diff\u00e9rences\u00a0?<br \/>\n                    <\/a><br \/>\n                <\/h3>\n<\/li>\n<li>\n<h3>\n                    <a href=\"https:\/\/sante.journaldesfemmes.fr\/fiches-sante-du-quotidien\/2627543-perte-gout-agueusie-covid-19-def-duree-cause-partielle-traitement-soigner\/\" class=\"jGTMWidgetGAEventClick\" data-gtmwidgetgaeventaction=\"clickWidgetListOnTwoColumns\" data-gtmwidgetgaeventlabel=\"Perte du go\u00fbt (agueusie)\u00a0: dur\u00e9e, Covid, comment soigner\u00a0?\"><br \/>\n                        Perte du go\u00fbt (agueusie)\u00a0: dur\u00e9e, Covid, comment soigner\u00a0?<br \/>\n                    <\/a><br \/>\n                <\/h3>\n<\/li>\n<\/ul>\n<\/aside>\n<\/div>\n<table border=\"1\" cellpadding=\"1\" cellspacing=\"1\" style=\"width:100%;\">\n<thead>\n<tr>\n<th scope=\"col\" style=\"text-align: center;\"><a id=\"date-cle-epidemie-covid-france-confinement\" name=\"date-cle-epidemie-covid-france-confinement\"><strong>DATES CL\u00c9S DE L&rsquo;\u00c9PID\u00c9MIE EN FRANCE<\/strong><\/a><\/th>\n<\/tr>\n<\/thead>\n<tbody>\n<tr>\n<td>\n<p><u><strong>2019<\/strong><\/u><\/p>\n<ul>\n<li><strong>31\u00a0d\u00e9cembre 2019,<\/strong> l&rsquo;Organisation mondiale de la Sant\u00e9 en Chine est inform\u00e9e de plusieurs cas de pneumonies dans la ville de Wuhan. 44\u00a0personnes sont infect\u00e9es entre cette date et le 3\u00a0janvier 2020.<\/li>\n<\/ul>\n<p><u><strong>2020<\/strong><\/u><\/p>\n<ul>\n<li><strong>7\u00a0janvier 2020, <\/strong>les autorit\u00e9s chinoises identifient un \u00ab\u00a0nouveau type de coronavirus\u00a0\u00bb.<\/li>\n<li><strong>13\u00a0janvier, <\/strong>un cas import\u00e9 est recens\u00e9 en Tha\u00eflande.<\/li>\n<li><strong>15\u00a0janvier<\/strong>, le virus cause\u00a0la mort d&rsquo;<strong>une premi\u00e8re\u00a0personne \u00e0 Wuhan<\/strong>, un homme de 69\u00a0ans.\u00a0<\/li>\n<li><strong>23\u00a0janvier,<\/strong> trois villes chinoises dont Wuhan sont plac\u00e9es en quarantaine.<\/li>\n<li><strong>25\u00a0janvier, trois personnes\u00a0contamin\u00e9es sont recens\u00e9es en France<\/strong>, deux \u00e0 Paris et une Bordeaux. Ce sont les premiers cas enregistr\u00e9s sur le continent europ\u00e9en.<\/li>\n<li><strong>30\u00a0janvier, <\/strong>l&rsquo;Organisation mondiale de la Sant\u00e9 <strong>d\u00e9cr\u00e8te\u00a0l&rsquo;<a href=\"https:\/\/sante.journaldesfemmes.fr\/fiches-maladies\/2608035-urgence-de-sante-publique-de-portee-internationale-definition-oms-coronavirus\/\" target=\"_blank\" rel=\"noopener noreferrer\">urgence de sant\u00e9 mondiale<\/a><\/strong>.\u00a0Cette mesure n&rsquo;avait \u00e9t\u00e9 d\u00e9cr\u00e9t\u00e9e que 5\u00a0fois depuis sa cr\u00e9ation (pour Ebola (deux fois), la grippe H1N1, Zika et la poliomy\u00e9lite).\u00a0<\/li>\n<li><strong>23\u00a0f\u00e9vrier, <\/strong>la France d\u00e9clenche le <a href=\"https:\/\/sante.journaldesfemmes.fr\/fiches-maladies\/2622449-plan-orsan-reb-definition-signification-qui-declenche-coronavirus-definition-duree\/\" target=\"_blank\" rel=\"noopener noreferrer\">plan ORSAN<\/a>, un dispositif exceptionnel d&rsquo;organisation des soins.<\/li>\n<li><strong>28\u00a0f\u00e9vrier,<\/strong> la France passe en stade 2\u00a0de l&rsquo;\u00e9pid\u00e9mie.<\/li>\n<li><strong>11\u00a0mars, <\/strong>l&rsquo;OMS classifie de <strong>pand\u00e9mie <\/strong>la diffusion de la maladie \u00e0 coronavirus Covid-19\u00a0dans le monde.<\/li>\n<li><strong>12\u00a0mars<\/strong>, le pr\u00e9sident de la R\u00e9publique Emmanuel Macron annonce la fermeture nationale des cr\u00e8ches et \u00e9tablissements scolaires de France \u00e0 compter du 16\u00a0mars et \u00ab\u00a0jusqu&rsquo;\u00e0 nouvel ordre\u00a0\u00bb.<\/li>\n<li><strong>14\u00a0mars<\/strong>, la France passe au <a href=\"https:\/\/sante.journaldesfemmes.fr\/fiches-maladies\/2625289-coronavirus-covid-19-stade-1-2-3-4-duree-mesure-france-signification-quand\/\" target=\"_blank\" rel=\"noopener noreferrer\"><strong>stade 3 <\/strong><\/a>de l&rsquo;\u00e9pid\u00e9mie.<\/li>\n<li><strong>16\u00a0mars\u00a0:\u00a0la France met en place un premier\u00a0confinement interdisant les d\u00e9placements.<\/strong><\/li>\n<li><strong>26\u00a0mars<\/strong>, un premier cas jeune meurt en France, une adolescente de 16\u00a0ans, en Ile-de-France originaire de Morsang-sur-Orge.<\/li>\n<li><strong>27\u00a0mars,<\/strong> le confinement de la population fran\u00e7aise est renouvel\u00e9 jusqu&rsquo;au 15\u00a0avril.<\/li>\n<li><strong>13\u00a0avril,<\/strong> Emmanuel Macron annonce le prolongement du confinement jusqu&rsquo;au 11\u00a0mai.<\/li>\n<li><strong>11\u00a0mai, la France commence son d\u00e9confinement.<\/strong><\/li>\n<li><strong>20\u00a0juillet,<\/strong>\u00a0le <strong>port du masque est rendu obligatoire <\/strong>dans les lieux publics clos en France.<\/li>\n<li><strong>17 octobre,<\/strong>\u00a0un <strong>couvre-feu <\/strong>est instaur\u00e9 dans 9 territoires fran\u00e7ais (Paris-Ile-de-France, Rouen, Grenoble, Lille, Lyon, Aix-Marseille, Montpellier, Saint-Etienne, Toulouse).<\/li>\n<li><strong>29 octobre<\/strong>\u00a0:<strong> un deuxi\u00e8me confinement est instaur\u00e9 en France.<\/strong><\/li>\n<li><strong>28 novembre : <\/strong>r\u00e9ouverture des commerces non essentiels un mois avant les f\u00eates de fin d&rsquo;ann\u00e9e.<\/li>\n<li><strong>15 d\u00e9cembre : d\u00e9confinement <\/strong>avec\u00a0couvre-feu de 20 heures \u00e0 6 heures du matin.<\/li>\n<li><strong>24 d\u00e9cembre<\/strong> <strong>: autorisation du vaccin Pfizer-BioNTech en France.<\/strong><\/li>\n<li><strong>27 d\u00e9cembre :<\/strong> d\u00e9but de la vaccination en France avec le vaccin Pfizer BioNTech.<\/li>\n<\/ul>\n<p><u><strong>2021<\/strong><\/u><\/p>\n<ul>\n<li><strong>8 janvier 2021<\/strong> <strong>:\u00a0autorisation du vaccin Moderna en France.<\/strong><\/li>\n<li><strong>31 janvier\u00a0<\/strong>: fermeture des fronti\u00e8res de la France\u00a0aux pays ext\u00e9rieurs \u00e0 l&rsquo;Union europ\u00e9enne<\/li>\n<li><strong>2 f\u00e9vrier<\/strong>\u00a0<strong>:\u00a0autorisation du vaccin AstraZeneca en France<\/strong>.<\/li>\n<li><strong>11 f\u00e9vrier : <\/strong>d\u00e9ploiement des tests salivaires dans les \u00e9tablissements scolaires.<\/li>\n<li><strong>12 mars :\u00a0autorisation du\u00a0vaccin\u00a0Johnson&amp;Johnson.<\/strong><\/li>\n<li><strong>16 mars <\/strong>: autorisation des autotests en France.<\/li>\n<li><strong>19 mars :<\/strong> confinement de 16 d\u00e9partements pour une dur\u00e9e de 4 semaines. Le couvre-feu repasse \u00e0 19 heures dans toute la France au lieu de 18 heures.<\/li>\n<li><strong>25 mars<\/strong> :\u00a0confinement de 3 nouveaux d\u00e9partements pour une dur\u00e9e de 4\u00a0semaines.<\/li>\n<li><strong>3 avril\u00a0: la France met en place son troisi\u00e8me confinement,<\/strong>\u00a0les \u00e9coles ferment pour trois semaines, les d\u00e9placements sont limit\u00e9s \u00e0 10 km.<\/li>\n<li><strong>12 avril :<\/strong> ouverture de la vaccination\u00a0\u00e0 tous les Fran\u00e7ais \u00e2g\u00e9s de\u00a055\u00a0ans ou plus.<\/li>\n<li><strong>3 mai : premi\u00e8re \u00e9tape du d\u00e9confinement <\/strong>avec la<strong>\u00a0<\/strong>fin de l&rsquo;attestation de d\u00e9placement et de la limitation des d\u00e9placements \u00e0 10 km. Le couvre-feu est en vigueur de 19h \u00e0 6h.<\/li>\n<li><strong>10 mai <\/strong>: ouverture de la vaccination aux plus de 50 ans.<\/li>\n<li><strong>19 mai :<\/strong>\u00a0deuxi\u00e8me \u00e9tape du d\u00e9confinement avec la r\u00e9ouverture des lieux essentiels ferm\u00e9s (terrasses des bars et restaurants, mus\u00e9es, cin\u00e9mas, th\u00e9\u00e2tres, commerces&#8230;) et couvre-feu de 21 h \u00e0 6 h.\u00a0<\/li>\n<li><strong>31 mai :<\/strong> ouverture de la vaccination \u00e0 toutes les personnes majeures, sans aucune condition.\u00a0<\/li>\n<li><strong>9 juin : <\/strong>troisi\u00e8me \u00e9tape du d\u00e9confinement avec la r\u00e9ouverture de plusieurs lieux (piscines, salles de sport, restaurants, bars, parcs d&rsquo;attractions&#8230;), la mise en place d&rsquo;un couvre-feu de 23h \u00e0 6h et du pass sanitaire national.\u00a0<\/li>\n<li><strong>17 juin <\/strong>: fin de l&rsquo;obligation de porter le masque en ext\u00e9rieur.<\/li>\n<li><strong>20 juin :<\/strong> fin du couvre-feu.<\/li>\n<\/ul>\n<\/td>\n<\/tr>\n<\/tbody>\n<\/table>\n<p><em>Cet article est mis \u00e0 jour quotidiennement par <a href=\"https:\/\/www.journaldesfemmes.fr\/account\/ablaize-11409696\" target=\"_blank\" rel=\"noopener noreferrer\">Aur\u00e9lie Blaize<\/a>, <a href=\"https:\/\/www.journaldesfemmes.fr\/account\/anaisthiebaux-10573564\" target=\"_blank\" rel=\"noopener noreferrer\">Ana\u00efs Thi\u00e9baux<\/a> et <a href=\"https:\/\/www.journaldesfemmes.fr\/account\/samanthapages-11598093\" target=\"_blank\" rel=\"noopener noreferrer\">Samantha Pag\u00e8s<\/a>.\u00a0<\/em><\/p>\n<\/section>\n<\/div>\n<p><script async src=\"http:\/\/platform.twitter.com\/widgets.js\" charset=\"utf-8\"><\/script><br \/>\n<br \/>[ad_2]<br \/>\n<br \/><a href=\"https:\/\/sante.journaldesfemmes.fr\/fiches-maladies\/2605417-covid-19-france-chiffres-nombre-cas-deces-mort-direct-bilan-du-jour-reanimation-vaccin-actualites\/\">Source link <\/a><\/p>\n","protected":false},"excerpt":{"rendered":"<p>[ad_1] CORONAVIRUS DIRECT &#8211; L&rsquo;\u00e9pid\u00e9mie est en forte r\u00e9gression en France. 2\u00a0786\u00a0nouveaux cas de contaminations ont \u00e9t\u00e9 enregistr\u00e9s durant ces &hellip; <a href=\"http:\/\/www.affinite.fr\/index.php\/2021\/06\/17\/derniers-chiffres-de-lepidemie-au-17-juin\/\" class=\"more-link\">Plus <span class=\"screen-reader-text\">derniers chiffres de l&rsquo;\u00e9pid\u00e9mie au 17\u00a0juin<\/span> <span class=\"meta-nav\">&rarr;<\/span><\/a><\/p>\n","protected":false},"author":1,"featured_media":6544,"comment_status":"open","ping_status":"open","sticky":false,"template":"","format":"standard","meta":{"_sitemap_exclude":false,"_sitemap_priority":"","_sitemap_frequency":"","footnotes":""},"categories":[1],"tags":[],"class_list":["post-6543","post","type-post","status-publish","format-standard","has-post-thumbnail","hentry","category-tous"],"_links":{"self":[{"href":"http:\/\/www.affinite.fr\/index.php\/wp-json\/wp\/v2\/posts\/6543"}],"collection":[{"href":"http:\/\/www.affinite.fr\/index.php\/wp-json\/wp\/v2\/posts"}],"about":[{"href":"http:\/\/www.affinite.fr\/index.php\/wp-json\/wp\/v2\/types\/post"}],"author":[{"embeddable":true,"href":"http:\/\/www.affinite.fr\/index.php\/wp-json\/wp\/v2\/users\/1"}],"replies":[{"embeddable":true,"href":"http:\/\/www.affinite.fr\/index.php\/wp-json\/wp\/v2\/comments?post=6543"}],"version-history":[{"count":0,"href":"http:\/\/www.affinite.fr\/index.php\/wp-json\/wp\/v2\/posts\/6543\/revisions"}],"wp:featuredmedia":[{"embeddable":true,"href":"http:\/\/www.affinite.fr\/index.php\/wp-json\/wp\/v2\/media\/6544"}],"wp:attachment":[{"href":"http:\/\/www.affinite.fr\/index.php\/wp-json\/wp\/v2\/media?parent=6543"}],"wp:term":[{"taxonomy":"category","embeddable":true,"href":"http:\/\/www.affinite.fr\/index.php\/wp-json\/wp\/v2\/categories?post=6543"},{"taxonomy":"post_tag","embeddable":true,"href":"http:\/\/www.affinite.fr\/index.php\/wp-json\/wp\/v2\/tags?post=6543"}],"curies":[{"name":"wp","href":"https:\/\/api.w.org\/{rel}","templated":true}]}}