{"id":6527,"date":"2021-06-15T05:15:44","date_gmt":"2021-06-15T05:15:44","guid":{"rendered":"https:\/\/www.affinite.fr\/index.php\/2021\/06\/15\/nice-cream-a-la-fraise-coulis-coco\/"},"modified":"2021-06-15T05:15:44","modified_gmt":"2021-06-15T05:15:44","slug":"nice-cream-a-la-fraise-coulis-coco","status":"publish","type":"post","link":"http:\/\/www.affinite.fr\/index.php\/2021\/06\/15\/nice-cream-a-la-fraise-coulis-coco\/","title":{"rendered":"Nice cream \u00e0 la fraise, coulis coco"},"content":{"rendered":"<p> [ad_1]<br \/>\n<\/p>\n<div id=\"post-40406\">&#13;<\/p>\n<div class=\"post-header-inner\">\n<div class=\"post-header-title\">\n<div class=\"post-meta single-post-meta\">\n\t\t\t\t<span class=\"time\"><time class=\"post-published updated\" datetime=\"2021-06-14T14:15:00+02:00\">Publi\u00e9 le <b>14 juin 2021<\/b><\/time><\/span><br \/>\n\t\t\t<a href=\"https:\/\/www.chefnini.com\/nice-cream-a-la-fraise-coulis-coco\/#comments\" title=\"Laisser un commentaire sur &quot;Nice cream \u00e0 la fraise, coulis coco&quot;\" class=\"comments\"><i class=\"fa fa-comments-o\"\/> 1<\/a><\/div>\n<\/p><\/div>\n<\/p><\/div>\n<p>&#13;<\/p>\n<div class=\"entry-content clearfix single-post-content\">\n<p><img itemprop=\"image\" class=\"aligncenter size-full wp-image-40422\" data-src=\"https:\/\/static.chefnini.com\/wp-content\/uploads\/2021\/06\/nice-cream-fraise3.jpg\" alt=\"\" width=\"500\" height=\"750\" srcset=\"https:\/\/static.chefnini.com\/wp-content\/uploads\/2021\/06\/nice-cream-fraise3.jpg 500w, https:\/\/static.chefnini.com\/wp-content\/uploads\/2021\/06\/nice-cream-fraise3-200x300.jpg 200w\" sizes=\"(max-width: 500px) 100vw, 500px\"\/><\/p>\n<p itemprop=\"description\">La nice cream, c\u2019est une <a href=\"http:\/\/www.affinite.fr\/index.php\/2022\/10\/22\/la-creme-glacee-la-nouvelle-culture-commerciale\/\">glace<\/a> vegan \u00e0 base de banane bien m\u00fbre qui va donner \u00e0 la fois une consistance onctueuse et apporter le sucre n\u00e9cessaire. Pas besoin d\u2019avoir de <a href=\"https:\/\/www.chefnini.com\/test-comparatif-turbine-sorbetiere\/\">sorbeti\u00e8re ou de turbine<\/a>, avec les <a href=\"http:\/\/www.affinite.fr\/index.php\/2023\/07\/29\/valoriser-ses-invendus-une-demarche-ecologique-et-rentable-pour-les-marchands-de-fruits\/\">fruits<\/a> surgel\u00e9s et un bon mixeur on obtient une glace savoureuse. On peut pr\u00e9parer des nice cream \u00e0 tous les parfums.<\/p>\n<p>Bon \u00e0 savoir : Si vous poss\u00e9dez un <a href=\"https:\/\/www.chefnini.com\/test-extracteur-ezichef\/\">extracteur<\/a> qui permet de faire des sorbets, c\u2019est le moment de le sortir pour pr\u00e9parer cette recette. C\u2019est encore plus simple !<\/p>\n<p><strong>Info : Je serai en cong\u00e9s \u00e0 partir du 17 juin. Je serai de retour le 06 juillet. On se retrouvera \u00e0 ce moment-l\u00e0 avec une nouvelle recette !<\/strong><\/p>\n<p><img itemprop=\"image\" class=\"aligncenter size-full wp-image-40423\" data-src=\"https:\/\/static.chefnini.com\/wp-content\/uploads\/2021\/06\/nice-cream-fraise4.jpg\" alt=\"\" width=\"500\" height=\"750\" srcset=\"https:\/\/static.chefnini.com\/wp-content\/uploads\/2021\/06\/nice-cream-fraise4.jpg 500w, https:\/\/static.chefnini.com\/wp-content\/uploads\/2021\/06\/nice-cream-fraise4-200x300.jpg 200w\" sizes=\"(max-width: 500px) 100vw, 500px\"\/><\/p>\n<p><img itemprop=\"image\" class=\"aligncenter size-full wp-image-40421\" data-src=\"https:\/\/static.chefnini.com\/wp-content\/uploads\/2021\/06\/nice-cream-fraise2.jpg\" alt=\"\" width=\"500\" height=\"750\" srcset=\"https:\/\/static.chefnini.com\/wp-content\/uploads\/2021\/06\/nice-cream-fraise2.jpg 500w, https:\/\/static.chefnini.com\/wp-content\/uploads\/2021\/06\/nice-cream-fraise2-200x300.jpg 200w\" sizes=\"(max-width: 500px) 100vw, 500px\"\/><\/p>\n<p><img itemprop=\"image\" class=\"aligncenter size-full wp-image-40424\" data-src=\"https:\/\/static.chefnini.com\/wp-content\/uploads\/2021\/06\/nice-cream-fraise5.jpg\" alt=\"\" width=\"500\" height=\"750\" srcset=\"https:\/\/static.chefnini.com\/wp-content\/uploads\/2021\/06\/nice-cream-fraise5.jpg 500w, https:\/\/static.chefnini.com\/wp-content\/uploads\/2021\/06\/nice-cream-fraise5-200x300.jpg 200w\" sizes=\"(max-width: 500px) 100vw, 500px\"\/><\/p>\n<h3 itemprop=\"recipeYield\">Pour 4 personnes :<\/h3>\n<ul>\n<li itemprop=\"ingredients\">250 g de fraises (poids \u00e9queut\u00e9s)<\/li>\n<li itemprop=\"ingredients\">400 g de bananes bien m\u00fbres (poids \u00e9pluch\u00e9s)<\/li>\n<\/ul>\n<h3>Topping :<\/h3>\n<ul>\n<li itemprop=\"ingredients\">8 carr\u00e9s de <a href=\"http:\/\/www.affinite.fr\/index.php\/2025\/02\/27\/le-chocolat-et-le-materiel-indispensable-pour-reussir-vos-creations-gourmandes\/\">chocolat<\/a> noir<\/li>\n<li itemprop=\"ingredients\">12 fraises<\/li>\n<li itemprop=\"ingredients\">Quelque copeaux de noix de <a href=\"http:\/\/www.affinite.fr\/index.php\/2022\/11\/09\/formation-de-glacier-apprenez-le-metier-de-glacier-et-changez-votre-vie\/\">coco<\/a><\/li>\n<li itemprop=\"ingredients\">20 cl de cr\u00e8me de coco<\/li>\n<li itemprop=\"ingredients\">2 cuill\u00e8res \u00e0 soupe de sucre glace<\/li>\n<\/ul>\n<div itemprop=\"recipeInstructions\">\n<p><img itemprop=\"image\" class=\"aligncenter size-full wp-image-40426\" data-src=\"https:\/\/static.chefnini.com\/wp-content\/uploads\/2021\/06\/nice-cream-fraise7.jpg\" alt=\"\" width=\"730\" height=\"487\" srcset=\"https:\/\/static.chefnini.com\/wp-content\/uploads\/2021\/06\/nice-cream-fraise7.jpg 730w, https:\/\/static.chefnini.com\/wp-content\/uploads\/2021\/06\/nice-cream-fraise7-300x200.jpg 300w, https:\/\/static.chefnini.com\/wp-content\/uploads\/2021\/06\/nice-cream-fraise7-450x300.jpg 450w\" sizes=\"(max-width: 730px) 100vw, 730px\"\/><\/p>\n<p>1- Coupez les fruits en petits morceaux (en rondelles pour la banane et en deux ou quatre pour les fraises) et placez-les \u00e0 plat sur une plaque recouverte de papier sulfuris\u00e9. Placez au cong\u00e9lateur pour 4 \u00e0 6 heures.<\/p>\n<p>2- Placez les fruits congel\u00e9s dans un blender et mixez. M\u00e9langez r\u00e9guli\u00e8rement avec un spatule pour aider le mixeur. Si votre mixeur manque de puissance, vous pouvez attendre quelques minutes que le fruits deviennent plus mous et ajouter un peu d\u2019eau pour aider.<\/p>\n<p>3- Remettez au cong\u00e9lateur 30 minutes.<\/p>\n<p>4- Pendant ce temps, concassez les carr\u00e9s de chocolat, coupez les fraises en deux et m\u00e9langez la cr\u00e8me de coco avec le sucre glace.<\/p>\n<p>5- Servez la glace dans des bols, ajoutez le chocolat, les copeaux de noix de coco, les fraises et arrosez d\u2019un peu de coulis de coco.<\/p>\n<p><img itemprop=\"image\" class=\"aligncenter size-full wp-image-40425\" data-src=\"https:\/\/static.chefnini.com\/wp-content\/uploads\/2021\/06\/nice-cream-fraise6.jpg\" alt=\"\" width=\"500\" height=\"750\" srcset=\"https:\/\/static.chefnini.com\/wp-content\/uploads\/2021\/06\/nice-cream-fraise6.jpg 500w, https:\/\/static.chefnini.com\/wp-content\/uploads\/2021\/06\/nice-cream-fraise6-200x300.jpg 200w\" sizes=\"(max-width: 500px) 100vw, 500px\"\/><\/p>\n<\/div>\n<p> <!-- recipeInstructions --> \t\t\t\t\t\t\t\t\t<\/div>\n<p>&#13;<\/p>\n<p>\t\t&#13;\n\t\t\t\t\t\t\t\t\t\t<\/p><\/div>\n<p>[ad_2]<br \/>\n<br \/><a href=\"https:\/\/www.chefnini.com\/nice-cream-a-la-fraise-coulis-coco\/\">Source link <\/a><\/p>\n","protected":false},"excerpt":{"rendered":"<p>[ad_1] &#13; Publi\u00e9 le 14 juin 2021 1 &#13; La nice cream, c\u2019est une glace vegan \u00e0 base de banane &hellip; <a href=\"http:\/\/www.affinite.fr\/index.php\/2021\/06\/15\/nice-cream-a-la-fraise-coulis-coco\/\" class=\"more-link\">Plus <span class=\"screen-reader-text\">Nice cream \u00e0 la fraise, coulis coco<\/span> <span class=\"meta-nav\">&rarr;<\/span><\/a><\/p>\n","protected":false},"author":1,"featured_media":6528,"comment_status":"open","ping_status":"open","sticky":false,"template":"","format":"standard","meta":{"_sitemap_exclude":false,"_sitemap_priority":"","_sitemap_frequency":"","footnotes":""},"categories":[1],"tags":[],"class_list":["post-6527","post","type-post","status-publish","format-standard","has-post-thumbnail","hentry","category-tous"],"_links":{"self":[{"href":"http:\/\/www.affinite.fr\/index.php\/wp-json\/wp\/v2\/posts\/6527"}],"collection":[{"href":"http:\/\/www.affinite.fr\/index.php\/wp-json\/wp\/v2\/posts"}],"about":[{"href":"http:\/\/www.affinite.fr\/index.php\/wp-json\/wp\/v2\/types\/post"}],"author":[{"embeddable":true,"href":"http:\/\/www.affinite.fr\/index.php\/wp-json\/wp\/v2\/users\/1"}],"replies":[{"embeddable":true,"href":"http:\/\/www.affinite.fr\/index.php\/wp-json\/wp\/v2\/comments?post=6527"}],"version-history":[{"count":0,"href":"http:\/\/www.affinite.fr\/index.php\/wp-json\/wp\/v2\/posts\/6527\/revisions"}],"wp:featuredmedia":[{"embeddable":true,"href":"http:\/\/www.affinite.fr\/index.php\/wp-json\/wp\/v2\/media\/6528"}],"wp:attachment":[{"href":"http:\/\/www.affinite.fr\/index.php\/wp-json\/wp\/v2\/media?parent=6527"}],"wp:term":[{"taxonomy":"category","embeddable":true,"href":"http:\/\/www.affinite.fr\/index.php\/wp-json\/wp\/v2\/categories?post=6527"},{"taxonomy":"post_tag","embeddable":true,"href":"http:\/\/www.affinite.fr\/index.php\/wp-json\/wp\/v2\/tags?post=6527"}],"curies":[{"name":"wp","href":"https:\/\/api.w.org\/{rel}","templated":true}]}}