{"id":6515,"date":"2021-06-11T21:41:27","date_gmt":"2021-06-11T21:41:27","guid":{"rendered":"https:\/\/www.affinite.fr\/index.php\/2021\/06\/11\/rama-x-nu-dans-les-alpes-le-roi-de-thailande-choque-les-allemands\/"},"modified":"2021-06-11T21:41:27","modified_gmt":"2021-06-11T21:41:27","slug":"rama-x-nu-dans-les-alpes-le-roi-de-thailande-choque-les-allemands","status":"publish","type":"post","link":"http:\/\/www.affinite.fr\/index.php\/2021\/06\/11\/rama-x-nu-dans-les-alpes-le-roi-de-thailande-choque-les-allemands\/","title":{"rendered":"Rama X nu dans les Alpes, le roi de Tha\u00eflande choque les Allemands"},"content":{"rendered":"<p> [ad_1]<br \/>\n<br \/><img decoding=\"async\" src=\"https:\/\/img-3.journaldesfemmes.fr\/InxeB9zDSKIh7W4chLLr5uNKObE=\/1280x\/smart\/2a1f279fe9b84be6baff6dbdd1d70b3d\/ccmcms-jdf\/25398356.jpg\" \/><\/p>\n<p>\n                Le roi de Tha\u00eflande Rama X a \u00e9lu domicile depuis quelques ann\u00e9es dans les Alpes bavaroises. Bien que son excentricit\u00e9 soit connue de tous ses voisins, certaines de ses habitudes d\u00e9routantes commencent \u00e0 troubler les Germains&#8230;            <\/p>\n<div>\n<p>Depuis 2007,\u00a0<strong>Maha Vajiralongkorn<\/strong>, de son nom de r\u00e8gne <strong>Rama X<\/strong> depuis qu&rsquo;il a acc\u00e9d\u00e9 au tr\u00f4ne de Tha\u00eflande en 2016, <strong>passe les trois-quarts de son temps en Allemagne<\/strong>.\u00a0Et plus pr\u00e9cis\u00e9ment dans un gigantesque h\u00f4tel de Bavi\u00e8re <strong>dont il loue plusieurs \u00e9tages \u00e0 l&rsquo;ann\u00e9e.<\/strong>\u00a0Il s&rsquo;est\u00a0\u00e9galement offert\u00a0une demeure \u00e0 12\u00a0millions d&rsquo;euros dans la r\u00e9gion. <em><strong>Paris Match<\/strong><\/em>, qui signe un portrait de l&rsquo;excentrique souverain, d\u00e9voile\u00a0certaines de <strong>ses \u00e9tranges pratiques et la g\u00eane occasionn\u00e9e <\/strong>pour ses voisins allemands.<\/p>\n<h2>Nu au milieu de ses gardes du corps<\/h2>\n<p>Certains riverains racontent dans <em>Paris Match<\/em> avoir vu <strong>Rama X enti\u00e8rement nu au milieu de ses gardes du corps<\/strong>.\u00a0<\/p>\n<p>Selon le dissident Pavin Chachavalpongpun, le monarque\u00a0peut chez nos voisins d&rsquo;outre-Rhin \u00eatre enti\u00e8rement lui-m\u00eame, m\u00eame si cela inclut de<strong>\u00a0se balader dans le plus simple appareil\u00a0dans les montagnes<\/strong>.\u00a0<\/p>\n<p>Soit, Sa Majest\u00e9 aime se retrouver en tenue d&rsquo;Adam, <strong>plus encore que le naturisme royal<\/strong>, ce qui g\u00e8ne surtout le voisinage de celui qui est surnomm\u00e9 le \u00ab\u00a0<em>Mad King<\/em>\u00ab\u00a0, <strong>c&rsquo;est le harem qu&rsquo;il s&rsquo;est constitu\u00e9 et qui r\u00e9side \u00e0 l&rsquo;ann\u00e9e dans l&rsquo;h\u00f4tel\u00a0Sonnenbichl<\/strong>.\u00a0<\/p>\n<h2>Un harem de na\u00efades \u00e0 disposition<\/h2>\n<p>Compar\u00e9 \u00e0 une secte par certains, <strong>ce harem est compos\u00e9 de 20\u00a0jeunes femmes qui auraient int\u00e9gr\u00e9 le Sp\u00e9cial Air Service (SAS) une arm\u00e9e \u00ab\u00a0<em>cr\u00e9\u00e9e pour son bon plaisir<\/em>\u00ab\u00a0, <\/strong>d\u00e9crit Paris Match.<\/p>\n<p>Il existe cependant de forts soup\u00e7ons sur le fait que ces femmes soient <strong>drogu\u00e9es et forc\u00e9es \u00e0 rester sur place<\/strong>.<\/p>\n<aside id=\"NL_338724243\" class=\"newsletter_subscription jNlBlock\"><noscript><br \/>\n            <\/noscript><\/p>\n<h3 class=\"newsletter_subscription-title\">Newsletter <\/h3>\n<p><a href=\"\/\/mailing.ccmbg.com\/archive\/last-85\" target=\"_blank\" class=\"a_hover\" rel=\"noopener noreferrer\">Voir un exemple<\/a><\/p>\n<\/aside>\n<p>Le souverain tha\u00eflandais se rendrait \u00e9galement en Bavi\u00e8re\u00a0car <strong>son fils Dipangkorn<\/strong>, <strong>atteint d&rsquo;<a href=\"https:\/\/sante.journaldesfemmes.fr\/fiches-maladies\/2062705-autisme-trouble-du-spectre-autistique-tsa-definition-signes-causes-test-scolarisation-association-france\/\" title=\"Autiste\">autisme<\/a> et de troubles du comportement<\/strong>, y recevrait les traitements les plus adapt\u00e9s, au sein de la Villa Medica.<\/p>\n<\/p><\/div>\n<p>[ad_2]<br \/>\n<br \/><a href=\"https:\/\/www.journaldesfemmes.fr\/societe\/actu\/2722783-roi-thailande-rama-x-nu-alpes-allemagne-harem\/\">Source link <\/a><\/p>\n","protected":false},"excerpt":{"rendered":"<p>[ad_1] Le roi de Tha\u00eflande Rama X a \u00e9lu domicile depuis quelques ann\u00e9es dans les Alpes bavaroises. Bien que son &hellip; <a href=\"http:\/\/www.affinite.fr\/index.php\/2021\/06\/11\/rama-x-nu-dans-les-alpes-le-roi-de-thailande-choque-les-allemands\/\" class=\"more-link\">Plus <span class=\"screen-reader-text\">Rama X nu dans les Alpes, le roi de Tha\u00eflande choque les Allemands<\/span> <span class=\"meta-nav\">&rarr;<\/span><\/a><\/p>\n","protected":false},"author":1,"featured_media":6516,"comment_status":"open","ping_status":"open","sticky":false,"template":"","format":"standard","meta":{"_sitemap_exclude":false,"_sitemap_priority":"","_sitemap_frequency":"","footnotes":""},"categories":[1],"tags":[],"class_list":["post-6515","post","type-post","status-publish","format-standard","has-post-thumbnail","hentry","category-tous"],"_links":{"self":[{"href":"http:\/\/www.affinite.fr\/index.php\/wp-json\/wp\/v2\/posts\/6515"}],"collection":[{"href":"http:\/\/www.affinite.fr\/index.php\/wp-json\/wp\/v2\/posts"}],"about":[{"href":"http:\/\/www.affinite.fr\/index.php\/wp-json\/wp\/v2\/types\/post"}],"author":[{"embeddable":true,"href":"http:\/\/www.affinite.fr\/index.php\/wp-json\/wp\/v2\/users\/1"}],"replies":[{"embeddable":true,"href":"http:\/\/www.affinite.fr\/index.php\/wp-json\/wp\/v2\/comments?post=6515"}],"version-history":[{"count":0,"href":"http:\/\/www.affinite.fr\/index.php\/wp-json\/wp\/v2\/posts\/6515\/revisions"}],"wp:featuredmedia":[{"embeddable":true,"href":"http:\/\/www.affinite.fr\/index.php\/wp-json\/wp\/v2\/media\/6516"}],"wp:attachment":[{"href":"http:\/\/www.affinite.fr\/index.php\/wp-json\/wp\/v2\/media?parent=6515"}],"wp:term":[{"taxonomy":"category","embeddable":true,"href":"http:\/\/www.affinite.fr\/index.php\/wp-json\/wp\/v2\/categories?post=6515"},{"taxonomy":"post_tag","embeddable":true,"href":"http:\/\/www.affinite.fr\/index.php\/wp-json\/wp\/v2\/tags?post=6515"}],"curies":[{"name":"wp","href":"https:\/\/api.w.org\/{rel}","templated":true}]}}