{"id":6513,"date":"2021-06-11T14:10:28","date_gmt":"2021-06-11T14:10:28","guid":{"rendered":"https:\/\/www.affinite.fr\/index.php\/2021\/06\/11\/et-si-vous-partiez-en-vacances-gastronomiques-en-france\/"},"modified":"2021-06-11T14:10:28","modified_gmt":"2021-06-11T14:10:28","slug":"et-si-vous-partiez-en-vacances-gastronomiques-en-france","status":"publish","type":"post","link":"http:\/\/www.affinite.fr\/index.php\/2021\/06\/11\/et-si-vous-partiez-en-vacances-gastronomiques-en-france\/","title":{"rendered":"Et si vous partiez en vacances gastronomiques en France ?"},"content":{"rendered":"<p> [ad_1]<br \/>\n<\/p>\n<div>\n<p>Cette ann\u00e9e le choix de vacances a \u00e9t\u00e9 quel peu perturb\u00e9. Beaucoup d\u2019entre nous ont choisi de partir visiter nos merveilleux petits coins de France. \u00c7a fait un peu Jean-Pierre Pernaut, mais il a raison nous avons un pays magnifique avec des paysages tr\u00e8s vari\u00e9s et des <strong>sp\u00e9cialit\u00e9s gastronomiques dans chaque r\u00e9gion<\/strong>. Il n\u2019y a pas tant de pays que \u00e7a o\u00f9 les habitants ont le choix de partir \u00e0 la montagne ou \u00e0 la mer sans quitter les fronti\u00e8res.<\/p>\n<h2>Pourquoi partir en vacances gastronomiques \u00e0 la d\u00e9couverte de nos terroirs ?<\/h2>\n<p>Quand on vit en ville, on peut finir par \u00eatre d\u00e9connect\u00e9 de la r\u00e9alit\u00e9. Nous avons \u00e9t\u00e9 surpris de nous rendre compte qu\u2019un de nos amis n\u2019avait jamais vu un plant de pomme de terre \u00e0 45 ans pass\u00e9s ! Donc oui la d\u00e9connexion du vivant peut \u00eatre bien r\u00e9elle.<\/p>\n<div id=\"attachment_111939\" style=\"width: 2890px\" class=\"wp-caption alignnone\"><noscript><img loading=\"lazy\" decoding=\"async\" aria-describedby=\"caption-attachment-111939\" src=\"https:\/\/cuisine-saine.fr\/wp-content\/uploads\/2021\/06\/elisa-michelet-raNKGlQDT_o-unsplash1-scaled.jpg\" alt=\"Pourquoi partir en vacances gastronomiques \u00e0 la d\u00e9couverte de nos terroirs ?\" width=\"2880\" height=\"1920\" itemprop=\"image\"\/><\/noscript><img loading=\"lazy\" decoding=\"async\" class=\"lazyload\" aria-describedby=\"caption-attachment-111939\" src=\"data:image\/svg+xml,%3Csvg%20xmlns=%22http:\/\/www.w3.org\/2000\/svg%22%20viewBox=%220%200%202880%201920%22%3E%3C\/svg%3E\" data-src=\"https:\/\/cuisine-saine.fr\/wp-content\/uploads\/2021\/06\/elisa-michelet-raNKGlQDT_o-unsplash1-scaled.jpg\" alt=\"Pourquoi partir en vacances gastronomiques \u00e0 la d\u00e9couverte de nos terroirs ?\" width=\"2880\" height=\"1920\" itemprop=\"image\"\/><\/p>\n<p id=\"caption-attachment-111939\" class=\"wp-caption-text\">Pourquoi partir en vacances gastronomiques \u00e0 la d\u00e9couverte de nos terroirs ?<\/p>\n<\/div>\n<p>Depuis que mini bio est n\u00e9, il nous voit faire le potager tous les ans. Nous allons visiter des fermes, voir comment est fabriqu\u00e9 le fromage, le cidre\u2026 Maintenant qu\u2019il a presque 8 ans, il nous aide et les week-ends <a href=\"http:\/\/www.affinite.fr\/index.php\/2023\/10\/29\/les-bienfaits-des-legumineuses-pour-fertiliser-votre-potager-de-maniere-naturelle\/\">jardinage<\/a> l\u2019enchante ! Il tr\u00e9pigne m\u00eame quand le printemps arrive. Pour nous, la mission est accomplie, nous lui avons donn\u00e9 <strong>le go\u00fbt du vrai et des produits frais !<\/strong> Comme quoi il n\u2019y a pas que les jeux vid\u00e9os (les parents me comprendront h\u00e9h\u00e9). Vous avez sans doute remarqu\u00e9 que quand un enfant fait pousser lui-m\u00eame des l\u00e9gumes, ils ne rechignent plus du tout \u00e0 les manger ! Essayez donc, c\u2019est magique !<\/p>\n<h2>Comment cultiver le go\u00fbt des bonnes choses ?<\/h2>\n<p>Si j\u2019ai un petit conseil \u00e0 vous donner, \u00e7a serait de commencer t\u00f4t avec vos enfants, plus on commence <strong>la culture du go\u00fbt t\u00f4t<\/strong>, plus c\u2019est facile et plus ils en demanderont. Par exemple, <a href=\"https:\/\/www.valleedelagastronomie.com\/gastronomie\/huile-d-olive-bio\" rel=\"_blank\">d\u00e9couvrez l\u2019huile d\u2019olive bio<\/a>, la fabrication du fromage\u2026 Je vous conseille une <a href=\"https:\/\/cuisine-saine.fr\/escapade-gourmande\/escapade-gourmande-dans-le-jura-au-pays-du-comte\/\" rel=\"noopener noreferrer\" target=\"_blank\">visite dans les caves d\u2019affinage du comt\u00e9<\/a> c\u2019est vraiment fascinant. L\u2019ann\u00e9e derni\u00e8re nous avons visit\u00e9 un mus\u00e9e du Calvados et mini bio en parle encore ! Planquez vos pommiers les amis !<\/p>\n<div id=\"attachment_111938\" style=\"width: 2890px\" class=\"wp-caption alignnone\"><noscript><img loading=\"lazy\" decoding=\"async\" aria-describedby=\"caption-attachment-111938\" src=\"https:\/\/cuisine-saine.fr\/wp-content\/uploads\/2021\/06\/john-cameron-WCyjPJBzSAU-unsplash-scaled.jpg\" alt=\"Cultiver le gout de la gastronomie\" width=\"2880\" height=\"2160\" class=\"size-full wp-image-111938\" srcset=\"https:\/\/cuisine-saine.fr\/wp-content\/uploads\/2021\/06\/john-cameron-WCyjPJBzSAU-unsplash-scaled.jpg 2880w, https:\/\/cuisine-saine.fr\/wp-content\/uploads\/2021\/06\/john-cameron-WCyjPJBzSAU-unsplash-1280x960.jpg 1280w, https:\/\/cuisine-saine.fr\/wp-content\/uploads\/2021\/06\/john-cameron-WCyjPJBzSAU-unsplash-980x735.jpg 980w, https:\/\/cuisine-saine.fr\/wp-content\/uploads\/2021\/06\/john-cameron-WCyjPJBzSAU-unsplash-480x360.jpg 480w\" sizes=\"(min-width: 0px) and (max-width: 480px) 480px, (min-width: 481px) and (max-width: 980px) 980px, (min-width: 981px) and (max-width: 1280px) 1280px, (min-width: 1281px) 2880px, 100vw\"\/><\/noscript><img loading=\"lazy\" decoding=\"async\" aria-describedby=\"caption-attachment-111938\" src=\"data:image\/svg+xml,%3Csvg%20xmlns=%22http:\/\/www.w3.org\/2000\/svg%22%20viewBox=%220%200%202880%202160%22%3E%3C\/svg%3E\" data-src=\"https:\/\/cuisine-saine.fr\/wp-content\/uploads\/2021\/06\/john-cameron-WCyjPJBzSAU-unsplash-scaled.jpg\" alt=\"Cultiver le gout de la gastronomie\" width=\"2880\" height=\"2160\" class=\"lazyload size-full wp-image-111938\" data-srcset=\"https:\/\/cuisine-saine.fr\/wp-content\/uploads\/2021\/06\/john-cameron-WCyjPJBzSAU-unsplash-scaled.jpg 2880w, https:\/\/cuisine-saine.fr\/wp-content\/uploads\/2021\/06\/john-cameron-WCyjPJBzSAU-unsplash-1280x960.jpg 1280w, https:\/\/cuisine-saine.fr\/wp-content\/uploads\/2021\/06\/john-cameron-WCyjPJBzSAU-unsplash-980x735.jpg 980w, https:\/\/cuisine-saine.fr\/wp-content\/uploads\/2021\/06\/john-cameron-WCyjPJBzSAU-unsplash-480x360.jpg 480w\" data-sizes=\"(min-width: 0px) and (max-width: 480px) 480px, (min-width: 481px) and (max-width: 980px) 980px, (min-width: 981px) and (max-width: 1280px) 1280px, (min-width: 1281px) 2880px, 100vw\"\/><\/p>\n<p id=\"caption-attachment-111938\" class=\"wp-caption-text\">Cultiver le gout de la gastronomie<\/p>\n<\/div>\n<p>Ce qui est merveilleux en France, c\u2019est que partout o\u00f9 vous partez il y a des sp\u00e9cialit\u00e9s \u00e0 d\u00e9couvrir. Nous pouvons tr\u00e8s bien <strong>allier vacances gastronomiques, plages, randonn\u00e9es<\/strong>\u2026 Nous avons la chance de tout avoir \u00e0 port\u00e9e de main.<\/p>\n<div class=\"conkar\" style=\"margin-top:20px\">\n<p>Et vous, \u00eates-vous aussi un amoureux de la France et de ses petits coins bucoliques ? O\u00f9 partez-vous cette ann\u00e9e ? Un petit conseil \u00e0 nous donner pour \u00e9moustiller nos papilles cet \u00e9t\u00e9 ?<\/p>\n<\/div>\n<div class=\"printfriendly pf-button pf-button-content pf-aligncenter\"><a href=\"#\" rel=\"nofollow\" onclick=\"window.print(); return false;\" title=\"Printer Friendly, PDF &amp; Email\"><noscript><img decoding=\"async\" style=\"border:none;-webkit-box-shadow:none; -moz-box-shadow: none; box-shadow:none; padding:0; margin:0\" src=\"https:\/\/cdn.printfriendly.com\/buttons\/printfriendly-pdf-button-nobg-md.png\" alt=\"Print Friendly, PDF &amp; Email\"\/><\/noscript><img decoding=\"async\" class=\"lazyload\" style=\"border:none;-webkit-box-shadow:none; -moz-box-shadow: none; box-shadow:none; padding:0; margin:0\" src=\"data:image\/svg+xml,%3Csvg%20xmlns=%22http:\/\/www.w3.org\/2000\/svg%22%20viewBox=%220%200%20210%20140%22%3E%3C\/svg%3E\" data-src=\"https:\/\/cdn.printfriendly.com\/buttons\/printfriendly-pdf-button-nobg-md.png\" alt=\"Print Friendly, PDF &amp; Email\"\/><\/a><\/div>\n<\/div>\n<p>[ad_2]<br \/>\n<br \/><a href=\"https:\/\/cuisine-saine.fr\/vie-saine\/vacances-gastronomiques-france\/\">Source link <\/a><\/p>\n","protected":false},"excerpt":{"rendered":"<p>[ad_1] Cette ann\u00e9e le choix de vacances a \u00e9t\u00e9 quel peu perturb\u00e9. Beaucoup d\u2019entre nous ont choisi de partir visiter &hellip; <a href=\"http:\/\/www.affinite.fr\/index.php\/2021\/06\/11\/et-si-vous-partiez-en-vacances-gastronomiques-en-france\/\" class=\"more-link\">Plus <span class=\"screen-reader-text\">Et si vous partiez en vacances gastronomiques en France ?<\/span> <span class=\"meta-nav\">&rarr;<\/span><\/a><\/p>\n","protected":false},"author":1,"featured_media":6514,"comment_status":"open","ping_status":"open","sticky":false,"template":"","format":"standard","meta":{"_sitemap_exclude":false,"_sitemap_priority":"","_sitemap_frequency":"","footnotes":""},"categories":[1],"tags":[],"class_list":["post-6513","post","type-post","status-publish","format-standard","has-post-thumbnail","hentry","category-tous"],"_links":{"self":[{"href":"http:\/\/www.affinite.fr\/index.php\/wp-json\/wp\/v2\/posts\/6513"}],"collection":[{"href":"http:\/\/www.affinite.fr\/index.php\/wp-json\/wp\/v2\/posts"}],"about":[{"href":"http:\/\/www.affinite.fr\/index.php\/wp-json\/wp\/v2\/types\/post"}],"author":[{"embeddable":true,"href":"http:\/\/www.affinite.fr\/index.php\/wp-json\/wp\/v2\/users\/1"}],"replies":[{"embeddable":true,"href":"http:\/\/www.affinite.fr\/index.php\/wp-json\/wp\/v2\/comments?post=6513"}],"version-history":[{"count":0,"href":"http:\/\/www.affinite.fr\/index.php\/wp-json\/wp\/v2\/posts\/6513\/revisions"}],"wp:featuredmedia":[{"embeddable":true,"href":"http:\/\/www.affinite.fr\/index.php\/wp-json\/wp\/v2\/media\/6514"}],"wp:attachment":[{"href":"http:\/\/www.affinite.fr\/index.php\/wp-json\/wp\/v2\/media?parent=6513"}],"wp:term":[{"taxonomy":"category","embeddable":true,"href":"http:\/\/www.affinite.fr\/index.php\/wp-json\/wp\/v2\/categories?post=6513"},{"taxonomy":"post_tag","embeddable":true,"href":"http:\/\/www.affinite.fr\/index.php\/wp-json\/wp\/v2\/tags?post=6513"}],"curies":[{"name":"wp","href":"https:\/\/api.w.org\/{rel}","templated":true}]}}