{"id":650,"date":"2020-03-15T07:55:13","date_gmt":"2020-03-15T07:55:13","guid":{"rendered":"https:\/\/www.affinite.fr\/index.php\/2020\/03\/15\/des-vitres-eclatantes-sans-laisser-de-traces-ni-gouttes-deau\/"},"modified":"2020-03-15T07:55:13","modified_gmt":"2020-03-15T07:55:13","slug":"des-vitres-eclatantes-sans-laisser-de-traces-ni-gouttes-deau","status":"publish","type":"post","link":"http:\/\/www.affinite.fr\/index.php\/2020\/03\/15\/des-vitres-eclatantes-sans-laisser-de-traces-ni-gouttes-deau\/","title":{"rendered":"Des vitres \u00e9clatantes sans laisser de traces, ni gouttes d\u2019eau"},"content":{"rendered":"<p> [ad_1]<br \/>\n<br \/><img decoding=\"async\" src=\"https:\/\/maison3.advcdn.net\/images\/medias\/000\/054\/000054275\/200.jpg\" \/><\/p>\n<div itemprop=\"articleBody\">\n<p>\n  Cet aspirateur \u00e0 vitres permet de <strong>laver les vitres, carrelages, miroirs ou les surfaces vitr\u00e9es des cabines de douche,<\/strong> puis d\u2019\u00e9liminer facilement l&rsquo;exc\u00e9dent d&rsquo;eau. Il est utilisable \u00e0 360 degr\u00e9s : m\u00eame en position inclin\u00e9e, \u00e0 l\u2019horizontale ou au-dessus de la t\u00eate. Son syst\u00e8me de mise en veille automatique garantit une utilisation longue dur\u00e9e sans interruption : lors du contact avec la vitre, l&rsquo;aspirateur \u00e0 vitres bascule automatiquement du mode \u00e9conomie d&rsquo;\u00e9nergie en puissance d&rsquo;aspiration maximale et offre une autonomie de fonctionnement longue dur\u00e9e de 35 minutes, ce qui permet de nettoyer plus de 100 m\u00b2 de surface vitr\u00e9e.\n<\/p>\n<p>\n  <strong>Laver les vitres devient un jeu d&rsquo;enfant :<\/strong> en un seul geste, tout brille ! Gr\u00e2ce au syst\u00e8me Click-System, l&rsquo;aspirateur \u00e0 vitres tr\u00e8s pratique est aussi tr\u00e8s flexible gr\u00e2ce \u00e0 un <strong>manche t\u00e9lescopique de 110 \u00e0 190 cm<\/strong> en acier avec articulation livr\u00e9 s\u00e9par\u00e9ment. Il devient un v\u00e9ritable alli\u00e9 pour atteindre les surfaces difficilement accessibles comme les hautes fen\u00eatres, les v\u00e9randas ou encore les Velux \u2013 facilement et sans avoir \u00e0 monter sur un escabeau. Avec la buse de nettoyage \u00e9troite (17\u00a0cm) disponible s\u00e9par\u00e9ment, l&rsquo;aspirateur \u00e0 vitres Dry &amp; Clean est imm\u00e9diatement op\u00e9rationnel pour nettoyer les vitres de petite largeur ou les croisillons de fen\u00eatres \u00e0 petits carreaux, pour une maison \u00e9clatante de propret\u00e9 ! Et de surcro\u00eet un produit authentique fabriqu\u00e9 en Europe\u00a0!\n<\/p>\n<p>\n  <strong style=\"text-decoration: underline\">Pour de plus amples informations<\/strong>\u00a0: <a href=\"http:\/\/www.leifheit.fr\/\">www.leifheit.fr<\/a>\n<\/p>\n<\/p><\/div>\n<p><script async defer crossorigin=\"anonymous\" src=\"https:\/\/connect.facebook.net\/fr_FR\/sdk.js#xfbml=1&#038;version=v6.0&#038;appId=252025098257546&#038;autoLogAppEvents=1\"><\/script><br \/>\n<br \/>[ad_2]<br \/>\n<br \/><a href=\"http:\/\/feedproxy.google.com\/~r\/maison-actus\/~3\/-SsnRXdGSQU\/\">Source link <\/a><\/p>\n","protected":false},"excerpt":{"rendered":"<p>[ad_1] Cet aspirateur \u00e0 vitres permet de laver les vitres, carrelages, miroirs ou les surfaces vitr\u00e9es des cabines de douche, &hellip; <a href=\"http:\/\/www.affinite.fr\/index.php\/2020\/03\/15\/des-vitres-eclatantes-sans-laisser-de-traces-ni-gouttes-deau\/\" class=\"more-link\">Plus <span class=\"screen-reader-text\">Des vitres \u00e9clatantes sans laisser de traces, ni gouttes d\u2019eau<\/span> <span class=\"meta-nav\">&rarr;<\/span><\/a><\/p>\n","protected":false},"author":1,"featured_media":651,"comment_status":"open","ping_status":"open","sticky":false,"template":"","format":"standard","meta":{"_sitemap_exclude":false,"_sitemap_priority":"","_sitemap_frequency":"","footnotes":""},"categories":[1],"tags":[],"class_list":["post-650","post","type-post","status-publish","format-standard","has-post-thumbnail","hentry","category-tous"],"_links":{"self":[{"href":"http:\/\/www.affinite.fr\/index.php\/wp-json\/wp\/v2\/posts\/650"}],"collection":[{"href":"http:\/\/www.affinite.fr\/index.php\/wp-json\/wp\/v2\/posts"}],"about":[{"href":"http:\/\/www.affinite.fr\/index.php\/wp-json\/wp\/v2\/types\/post"}],"author":[{"embeddable":true,"href":"http:\/\/www.affinite.fr\/index.php\/wp-json\/wp\/v2\/users\/1"}],"replies":[{"embeddable":true,"href":"http:\/\/www.affinite.fr\/index.php\/wp-json\/wp\/v2\/comments?post=650"}],"version-history":[{"count":0,"href":"http:\/\/www.affinite.fr\/index.php\/wp-json\/wp\/v2\/posts\/650\/revisions"}],"wp:featuredmedia":[{"embeddable":true,"href":"http:\/\/www.affinite.fr\/index.php\/wp-json\/wp\/v2\/media\/651"}],"wp:attachment":[{"href":"http:\/\/www.affinite.fr\/index.php\/wp-json\/wp\/v2\/media?parent=650"}],"wp:term":[{"taxonomy":"category","embeddable":true,"href":"http:\/\/www.affinite.fr\/index.php\/wp-json\/wp\/v2\/categories?post=650"},{"taxonomy":"post_tag","embeddable":true,"href":"http:\/\/www.affinite.fr\/index.php\/wp-json\/wp\/v2\/tags?post=650"}],"curies":[{"name":"wp","href":"https:\/\/api.w.org\/{rel}","templated":true}]}}