{"id":6497,"date":"2021-06-07T21:37:26","date_gmt":"2021-06-07T21:37:26","guid":{"rendered":"https:\/\/www.affinite.fr\/index.php\/2021\/06\/07\/situation-sous-controle-dans-les-landes-bilan\/"},"modified":"2021-06-07T21:37:26","modified_gmt":"2021-06-07T21:37:26","slug":"situation-sous-controle-dans-les-landes-bilan","status":"publish","type":"post","link":"http:\/\/www.affinite.fr\/index.php\/2021\/06\/07\/situation-sous-controle-dans-les-landes-bilan\/","title":{"rendered":"\u00ab\u00a0situation sous contr\u00f4le\u00a0\u00bb dans les Landes, bilan"},"content":{"rendered":"<p> [ad_1]<br \/>\n<\/p>\n<p>\n                CORONAVIRUS DIRECT &#8211; A deux jours d&rsquo;une nouvelle phase de d\u00e9confinement, la France confirme sa d\u00e9crue, y compris dans les Landes ou la \u00ab\u00a0situation est sous contr\u00f4le\u00a0\u00bb apr\u00e8s la d\u00e9tection de 31\u00a0cas du variant Delta. Moins de 2500\u00a0patients sont en soins critiques en France. Actus et chiffres du jour.            <\/p>\n<div>\n<aside class=\"ccmsummary marqueur_module ccmcss_cms_summary ccmcss_cms_summary--right\">\n<p>\u00a0Sommaire<\/p>\n<\/aside>\n<p><strong>[Mis\u00a0\u00e0 jour le lundi 7 juin \u00e0 20h09<\/strong><b>]<\/b>\u00a0La baisse de l&rsquo;\u00e9pid\u00e9mie se poursuit en France. <strong>Moins de 2500 patients se trouvent en services de soins critiques (2472)<\/strong>, et le taux d&rsquo;incidence est \u00e0 72 cas pour 100 000 habitants, un niveau qui n&rsquo;avait pas \u00e9t\u00e9 atteint depuis le 2 septembre.\u00a0La situation reste malgr\u00e9 tout h\u00e9t\u00e9rog\u00e8ne : le d\u00e9partement des Landes reste sous surveillance, mais la \u00ab\u00a0situation est sous contr\u00f4le\u00a0\u00bb a indiqu\u00e9 lundi\u00a0la pr\u00e9f\u00e8te C\u00e9cile Bigot-Dekeyzer, apr\u00e8s la d\u00e9tection de 31 cas du variant Delta.\u00a0Au total, <strong>110\u00a0091 d\u00e9c\u00e8s<\/strong> sont recens\u00e9s au 7\u00a0juin\u00a0dont 83\u00a0665 \u00e0 l&rsquo;h\u00f4pital\u00a0(+66 au cours des 24\u00a0derni\u00e8res heures), selon les chiffres de <a href=\"https:\/\/www.santepubliquefrance.fr\/dossiers\/coronavirus-covid-19\/coronavirus-chiffres-cles-et-evolution-de-la-covid-19-en-france-et-dans-le-monde\" target=\"_blank\" rel=\"noopener noreferrer\">Sant\u00e9 Publique France<\/a>. <strong>Pr\u00e8s de 14 millions de fran\u00e7ais ont un sch\u00e9ma vaccinal complet<\/strong>. <strong>Les adolescents de 12 \u00e0 18 ans<\/strong> vont pouvoir \u00eatre vaccin\u00e9s \u00e0 partir <strong>du 15 juin.<\/strong> Parall\u00e8lement aux assouplissements des restrictions le 9 juin, <strong>le\u00a0certificat sanitaire num\u00e9rique (Pass sanitaire) sera n\u00e9cessaire d\u00e8s mercredi\u00a0en France <\/strong>pour acc\u00e9der aux grands rassemblements, et pour <a href=\"http:\/\/www.affinite.fr\/index.php\/2023\/07\/29\/changer-de-vie-voyager-complement-de-retraite-devenez-vendeur-de-glace-a-litalienne\/\">voyager<\/a>\u00a0dans les 27 pays de l&rsquo;Union europ\u00e9enne\u00a0\u00e0 partir du 1er juillet. <span style=\"font-size: 1rem;\">Que disent les\u00a0<\/span><a data-auth=\"NotApplicable\" href=\"https:\/\/sante.journaldesfemmes.fr\/fiches-maladies\/2667643-carte-covid-19-france-departement-direct-monde-europe-temps-reel-region-zone-orange-incidence\/\" rel=\"noopener noreferrer\" style=\"font-size: 1rem; background-color: rgb(255, 255, 255);\" target=\"_blank\">cartes<\/a><span style=\"font-size: 1rem;\"> de suivi de l&rsquo;\u00e9pid\u00e9mie\u00a0? Quels sont les <\/span><a href=\"https:\/\/sante.journaldesfemmes.fr\/fiches-maladies\/2630075-symptomes-coronavirus-covid-19-mal-gorge-rhume-que-faire-variant-premier-apparition-duree-courbature\/\" style=\"font-size: 1rem; background-color: rgb(255, 255, 255);\" target=\"_blank\" rel=\"noopener noreferrer\">sympt\u00f4mes du coronavirus<\/a><span style=\"font-size: 1rem;\"> ? Quand <\/span><a href=\"https:\/\/sante.journaldesfemmes.fr\/fiches-maladies\/2621211-isolement-covid-19-variant-anglais-7-10-jours-cas-contact-duree-declarer-certificat-attestation\/\" style=\"font-size: 1rem; background-color: rgb(255, 255, 255);\" target=\"_blank\" rel=\"noopener noreferrer\">s&rsquo;isoler et combien de temps<\/a><span style=\"font-size: 1rem;\"> ?\u00a0<\/span><a data-auth=\"NotApplicable\" href=\"https:\/\/sante.journaldesfemmes.fr\/fiches-maladies\/2629823-taux-de-reproduction-covid-france-coronavirus-r0-r-effectif-calcul-carte-definition-juin-2021\/\" rel=\"noopener noreferrer\" style=\"font-size: 1rem; background-color: rgb(255, 255, 255);\" target=\"_blank\">Quel est le taux de R0\u00a0du virus<\/a><span style=\"font-size: 1rem;\">\u00a0? Quand est-on <\/span><a href=\"https:\/\/sante.journaldesfemmes.fr\/fiches-maladies\/2679521-contagion-covid-19-combien-de-temps-jours-duree-asymptomatique-symptomes-incubation-contagieux\/\" style=\"font-size: 1rem; background-color: rgb(255, 255, 255);\" target=\"_blank\" rel=\"noopener noreferrer\">contagieux<\/a><span style=\"font-size: 1rem;\"> ? Que sait-on des\u00a0<\/span><a href=\"https:\/\/sante.journaldesfemmes.fr\/fiches-maladies\/2620433-vaccin-coronavirus-covid-19-pfizer-moderna-astrazeneca-johnson-janssen-efficacite-type-commande\/\" style=\"font-size: 1rem; background-color: rgb(255, 255, 255);\" target=\"_blank\" rel=\"noopener noreferrer\">vaccins<\/a><span style=\"font-size: 1rem;\">\u00a0? Des\u00a0<\/span><a href=\"https:\/\/sante.journaldesfemmes.fr\/fiches-maladies\/2686947-effet-secondaire-vaccin-covid-pfizer-moderna-astrazeneca-2-eme-injection-combien-temps-apres-france\/\" style=\"font-size: 1rem; background-color: rgb(255, 255, 255);\" target=\"_blank\" rel=\"noopener noreferrer\">effets secondaires<\/a><span style=\"font-size: 1rem;\">\u00a0apr\u00e8s la vaccination\u00a0? Chiffres et infos du jour.<\/span><\/p>\n<ul>\n<li><strong>Pr\u00e8s de 14 millions de vaccin\u00e9s.\u00a0<\/strong>Selon le minist\u00e8re de la Sant\u00e9 lundi, 13 997 549\u00a0de personnes sont \u00e0 ce jour consid\u00e9r\u00e9es comme ayant un sch\u00e9ma vaccinal complet.\u00a0Dans le d\u00e9tail : 28 271 153\u00a0personnes ont re\u00e7u au moins une injection de vaccin (soit 42,2% de la population totale et 53,8% de la population majeure).<\/li>\n<li><strong>Les Landes en vigilance.\u00a0<\/strong>La situation sanitaire dans les Landes, apr\u00e8s la d\u00e9tection de 31 cas av\u00e9r\u00e9s de contamination au variant Delta\u00a0\u00ab\u00a0n&rsquo;est pas particuli\u00e8rement inqui\u00e9tante\u00a0\u00bb mais \u00ab\u00a0m\u00e9rite notre\u00a0vigilance\u00a0\u00bb, a indiqu\u00e9 lundi la pr\u00e9f\u00e8te de la r\u00e9gion, C\u00e9cile Bigot-Dekeyzer\u00a0lors d&rsquo;un point presse.\u00a0\u00ab\u00a0La situation est sous contr\u00f4le\u00a0\u00bb, a t-elle pr\u00e9cis\u00e9.\u00a0\u00ab\u00a0Le taux d&rsquo;incidence a augment\u00e9 sensiblement au cours des derni\u00e8res semaines, mais reste mod\u00e9r\u00e9 puisqu&rsquo;il se situe entre 80\u00a0et 100\u00a0cas (pour 100.000\u00a0habitants)\u00a0\u00bb. La\u00a0seconde\u00a0phase de d\u00e9confinement pr\u00e9vue mercredi n&rsquo;est \u00ab\u00a0pas remise en question\u00a0\u00bb. Parmi les 31 cas,\u00a0\u00ab\u00a0les personnes touch\u00e9es sont jeunes, seulement 5\u00a0ont plus de 50\u00a0ans dont une a plus de 75\u00a0ans\u00a0\u00bb, a pr\u00e9cis\u00e9\u00a0Didier Couteaud d\u00e9l\u00e9gu\u00e9 d\u00e9partemental de l&rsquo;ARS pour les Landes. La majorit\u00e9\u00a0\u00e9tait non vaccin\u00e9es, except\u00e9e une personne se trouvant \u00ab\u00a0dans un sch\u00e9ma vaccinal complet\u00a0\u00bb mais qui avait re\u00e7u sa deuxi\u00e8me\u00a0dose deux jours avant le test, a-t-il soulign\u00e9. Deux autres avaient re\u00e7u une premi\u00e8re dose.\u00a0La trentaine de cas concerne 15\u00a0foyers.<\/li>\n<li><strong>Les terrasses \u00e9ph\u00e9m\u00e8res \u00e0 Paris reviendront chaque ann\u00e9e.\u00a0<\/strong>Les terrasses \u00e9ph\u00e9m\u00e8res de la capitale install\u00e9es sur des places de stationnement situ\u00e9es devant la fa\u00e7ade de l&rsquo;\u00e9tablissement ou sur des placettes, et terre-pleins, qui ont fait leur apparition\u00a0pendant la crise du Covid, vont pouvoir \u00eatre r\u00e9install\u00e9es\u00a0chaque ann\u00e9e du 1er avril au 31\u00a0octobre, a annonc\u00e9 lundi la mairie de Paris, qui exon\u00e8re les \u00e9tablissements de redevance jusqu&rsquo;au 30\u00a0septembre.\u00a0Elles devront n\u00e9anmoins\u00a0toujours ferm\u00e9es\u00a022h, et \u00eatre\u00a0d\u00e9mont\u00e9es le 1er novembre.<\/li>\n<li><strong>Moderna demande son autorisation pour les ados.\u00a0<\/strong>Moderna a annonc\u00e9 lundi avoir d\u00e9pos\u00e9 des demandes d&rsquo;autorisation pour son vaccin contre le Covid-19\u00a0chez les adolescents dans l&rsquo;Union europ\u00e9enne et au Canada. Moderna a pr\u00e9sent\u00e9 fin mai, ses r\u00e9sultats d&rsquo;essais cliniques montrant son efficacit\u00e9 sur plus de 3 700\u00a0participants \u00e2g\u00e9s de 12\u00a0\u00e0 17\u00a0ans aux Etats-Unis.<\/li>\n<li><strong>L&rsquo;Espagne rouvre\u00a0ses fronti\u00e8res aux Fran\u00e7ais vaccin\u00e9s.\u00a0<\/strong>Les fronti\u00e8res espagnoles s&rsquo;ouvrent \u00e0 toutes les personnes vaccin\u00e9es du monde entier, y compris la France. Les Europ\u00e9ens non vaccin\u00e9s, qui devaient pr\u00e9senter un test PCR n\u00e9gatif\u00a0de moins de 72h, peuvent d\u00e9sormais pr\u00e9senter un test antig\u00e9nique.<\/li>\n<li><strong>R\u00e9ouverture des fronti\u00e8res au Maroc.\u00a0<\/strong>Le pays a annonc\u00e9 rouvrir ses fronti\u00e8res maritimes et a\u00e9riennes avec une cinquantaine de pays, dont la France, \u00e0 partir du 15 juin.\u00a0<\/li>\n<li><strong>Voyages France\/Etats-Unis.<\/strong>\u00a0L&rsquo;Europe demande \u00ab\u00a0la r\u00e9ciprocit\u00e9\u00a0\u00bb aux Etats-Unis concernant l&rsquo;accueil des touristes europ\u00e9ens,\u00a0notamment pour les mesures de\u00a0quarantaine,\u00a0a indiqu\u00e9 sur RTL le commissaire europ\u00e9en charg\u00e9 du March\u00e9 int\u00e9rieur, Thierry Breton.<\/li>\n<li><strong>Des masques FFP2\u00a0dangereux.<\/strong> Dans\u00a0<a data-click-value=\"content::link-in-content::article::https:\/\/ansm.sante.fr\/informations-de-securite\/action-de-securite-de-sante-publique-france-masques-ffp2-particle-filtering-half-mask-labellises-biomass-graphene-shandong-shengquan-new-materials\" href=\"https:\/\/ansm.sante.fr\/informations-de-securite\/action-de-securite-de-sante-publique-france-masques-ffp2-particle-filtering-half-mask-labellises-biomass-graphene-shandong-shengquan-new-materials\" rel=\"noopener noreferrer\" target=\"_blank\">une note d&rsquo;information publi\u00e9e le 25\u00a0mai<\/a>\u00a0\u00a0mise \u00e0 jour lundi 31\u00a0mai, Sant\u00e9 publique France demande de ne plus utiliser les masques FFP2\u00a0\u00ab\u00a0Biomass Graph\u00e8ne\u00a0\u00bb \u00e0\u00a0cause d&rsquo;un\u00a0<em>\u00ab\u00a0\u00e9ventuel risque li\u00e9 \u00e0 la pr\u00e9sence de graph\u00e8ne dans ces masques\u00a0\u00bb.<\/em>\u00a0Ces masques ont entre autres \u00e9t\u00e9\u00a0distribu\u00e9s aux \u00e9tablissements de sant\u00e9 et m\u00e9dico-sociaux.<\/li>\n<li><strong>Masque obligatoire jusque fin juin.<\/strong> Invit\u00e9 sur BFMTV, le ministre de la Sant\u00e9 Olivier V\u00e9ran est revenu sur l&rsquo;obligation du port du masque.\u00a0\u00ab\u00a0<em>Ce qui est s\u00fbr, c&rsquo;est que jusqu&rsquo;\u00e0 la fin du mois de juin, on ne se pose pas la question de rel\u00e2cher, au niveau national, le port du masque en ext\u00e9rieur<\/em>\u00ab\u00a0, a d&rsquo;abord pr\u00e9venu le ministre.\u00a0\u00ab\u00a0<em>Mais ce qui est s\u00fbr aussi, c&rsquo;est qu&rsquo;on ne demandera pas aux Fran\u00e7ais de porter le masque \u00e0 l&rsquo;ext\u00e9rieur un jour de plus que ce qui sera n\u00e9cessaire<\/em>\u00ab\u00a0, a-t-il\u00a0assur\u00e9 par la suite.<\/li>\n<\/ul>\n<section>\u00a0<\/section>\n<ul>\n<li><b data-original-fontsize=\"20px\" data-original-lineheight=\"30px\">31 cas du variant Delta dans les Landes. <\/b>Apr\u00e8s le signalement de deux cas de contamination au variant Delta &#8211; anciennement appel\u00e9 variant indien &#8211; du SARS-CoV-2, dans les Landes, ce sont 29\u00a0personnes suppl\u00e9mentaires qui ont \u00e9t\u00e9 contamin\u00e9es par le variant dans le d\u00e9partement, ont indiqu\u00e9 l&rsquo;ARS et la pr\u00e9fecture via un communiqu\u00e9 transmis \u00e0 l&rsquo;AFP. \u00c0 ces cas av\u00e9r\u00e9s, une vingtaine d&rsquo;autres cas tr\u00e8s probables, mais non confirm\u00e9s par s\u00e9quen\u00e7age,\u00a0pourraient s&rsquo;ajouter.\u00a0<\/li>\n<li><b data-original-fontsize=\"20px\" data-original-lineheight=\"30px\">Le vaccin Moderna disponible\u00a0en pharmacie.<\/b>\u00a0Le vaccin \u00e0 ARN messager Moderna a \u00e9t\u00e9 achemin\u00e9 dans les pharmacies et peut d\u00e9sormais \u00eatre administr\u00e9. \u00c0 ce jour, la livraison en officine est limit\u00e9e \u00e0 deux flacons de 10 doses maximum par semaine.\u00a0<\/li>\n<\/ul>\n<p><a id=\"chiffres-covid-france-gouvernement\" name=\"chiffres-covid-france-gouvernement\" style=\"font-size: 1.125rem; background-color: rgb(255, 255, 255);\">Quels sont les chiffres de l&rsquo;\u00e9pid\u00e9mie de Covid en France ?<\/a><br \/>Les chiffres de l&rsquo;\u00e9pid\u00e9mie de Covid-19 en France sont publi\u00e9s quotidiennement par le site <a href=\"http:\/\/www.gouvernement.fr\/info-coronavirus\/carte-et-donnees\" target=\"_blank\" rel=\"noopener noreferrer\">Carte-et-donn\u00e9es<\/a> du gouvernement et par <a href=\"https:\/\/www.santepubliquefrance.fr\/dossiers\/coronavirus-covid-19\/coronavirus-chiffres-cles-et-evolution-de-la-covid-19-en-france-et-dans-le-monde\" target=\"_blank\" rel=\"noopener noreferrer\">Sant\u00e9 Publique France<\/a>.<\/p>\n<p><a id=\"covid-france-chiffre-du-jour-bilan\" name=\"covid-france-chiffre-du-jour-bilan\" style=\"font-size: 1.125rem; background-color: rgb(255, 255, 255);\" target=\"_blank\" rel=\"noopener noreferrer\">Quels sont les chiffres du jour ?<\/a><\/p>\n<section>\n<p><strong style=\"font-size: 1rem;\">Au lundi 7\u00a0juin 2021, en France :<\/strong><\/p>\n<p><span style=\"font-size: 1rem;\">\u2022 5 713 917\u00a0personnes ont \u00e9t\u00e9 contamin\u00e9es par le coronavirus\u00a0<\/span><strong style=\"font-size: 1rem;\">(+1 164<\/strong><strong style=\"font-size: 1rem;\"><strong>\u00a0<\/strong>cas<\/strong><strong>\u00a0<\/strong><strong style=\"font-size: 1rem;\">en 24\u00a0heures)\u00a0\u00a0<\/strong><\/p>\n<p>\u2022 110 091 personnes sont d\u00e9c\u00e9d\u00e9es en France\u00a0<strong>(+66 en 24\u00a0heures),<\/strong><strong>\u00a0<\/strong>dont 83 665 \u00e0 l&rsquo;h\u00f4pital\u00a0<\/p>\n<p>\u2022<strong>\u00a02 472\u00a0patients Covid-19\u00a0sont en soins critiques <\/strong>(soit en r\u00e9animation, soins intensifs et surveillance continue) (-15,6 % en 7j) au 6\u00a0juin.<\/p>\n<p>\u2022 14 323 patients Covid-19\u00a0\u00e9taient\u00a0hospitalis\u00e9s (-13,4 % en 7j) au 6\u00a0juin.<\/p>\n<p>\u2022 le R0 du virus (taux de reproduction) est de 0.8, en baisse (-0,5% en 7j),\u00a0(donn\u00e9e arr\u00eat\u00e9e au 29\u00a0mai).<\/p>\n<p>\u2022 le taux de positivit\u00e9 des tests est de 2,6%, (-21,1 % en 7j), (donn\u00e9e arr\u00eat\u00e9e au 3\u00a0juin).<\/p>\n<p>Au 7\u00a0juin\u00a02021,\u00a0un total de<strong>\u00a0<span style=\"font-size: 1rem;\">5 713 917<\/span><strong>\u00a0<\/strong>cas\u00a0confirm\u00e9s\u00a0<\/strong>de coronavirus est rapport\u00e9 depuis le d\u00e9but de la pand\u00e9mie. Au 3 juin, le taux d&rsquo;incidence du virus est de 78,2\/100 000 habitants, <strong>en baisse de 19,4%<\/strong> sur les 7 derniers jours.\u00a0Le taux d&rsquo;incidence a\u00a0diminu\u00e9\u00a0dans toutes les classes d&rsquo;\u00e2ge.\u00a0Le taux de positivit\u00e9 est en diminution pour la cinqui\u00e8me semaine cons\u00e9cutive (3,1%, soit -0,4\u00a0point en semaine 21 (24-30 mai) par rapport \u00e0 la semaine 20).<\/p>\n<blockquote>\n<p style=\"text-align: right;\">Les niveaux \u00e0 l&rsquo;h\u00f4pital comparables \u00e0 ceux de mai 2020.<\/p>\n<\/blockquote>\n<p>Lundi 7\u00a0juin,<strong>\u00a01 164<\/strong><strong>\u00a0nouvelles personnes <\/strong>ont\u00a0re\u00e7u un test positif au Covid-19\u00a0par rapport \u00e0 la veille.\u00a0Au niveau national, 61\u00a0159\u00a0nouveaux cas ont \u00e9t\u00e9 confirm\u00e9s en semaine 21 (24-30 mai), soit<strong> environ 8\u00a0700\u00a0cas en moyenne chaque jour.<\/strong><\/p>\n<p>La diminution du nombre de nouvelles hospitalisations de patients COVID-19\u00a0et de nouvelles admissions en services de soins critiques, observ\u00e9e depuis la semaine 16, s&rsquo;est poursuivie en semaine 21\u00a0(-29% et -24% par rapport \u00e0 S20, respectivement). Si le nombre de patients COVID-19\u00a0en cours d&rsquo;hospitalisation reste encore \u00e9lev\u00e9, les<strong> niveaux atteints sont comparables \u00e0 ceux de mai 2020\u00a0<\/strong>lors de la phase descendante de la premi\u00e8re vague \u00e9pid\u00e9mique.\u00a0<strong>Lundi 7\u00a0juin, 2 472 personnes sont hospitalis\u00e9es en r\u00e9animation.<\/strong>\u00a0Le nombre moyen de <strong>nouvelles entr\u00e9es en soins critiques quotidiennes<\/strong> est de 99 personnes en baisse de -20,2% sur les 7\u00a0derniers jours (donn\u00e9e au 6\u00a0juin).\u00a0Au 7\u00a0juin, 14\u00a0323 patients Covid-19\u00a0\u00e9taient\u00a0hospitalis\u00e9s. Le nombre moyen de<b> nouvelles hospitalisations quotidiennes <\/b>est de 415 personnes, en baisse de -11,9% sur les 7\u00a0derniers jours (donn\u00e9e au 6\u00a0juin).<\/p>\n<h3><u>Nombre de personnes actuellement hospitalis\u00e9es par r\u00e9gion au 6\u00a0juin<\/u><u>\u00a02021 (source : gouvernement.fr)<\/u><\/h3>\n<table align=\"center\" border=\"1\" cellpadding=\"1\" cellspacing=\"1\" style=\"width:100%;\">\n<thead>\n<tr>\n<th scope=\"col\" style=\"width: 260px;\">R\u00e9gion<\/th>\n<th scope=\"col\" style=\"width: 283px;\">Nombre de personnes actuellement hospitalis\u00e9es<\/th>\n<th scope=\"col\" style=\"width: 220px;\">Evolution en 7 jours<\/th>\n<\/tr>\n<\/thead>\n<tbody>\n<tr>\n<td style=\"width: 260px;\"><strong>Auvergne-Rh\u00f4ne-Alpes<\/strong><\/td>\n<td style=\"width: 283px;\">1 622<\/td>\n<td style=\"width: 220px;\">-10,7 %<\/td>\n<\/tr>\n<tr>\n<td style=\"width: 260px;\"><strong>Hauts-de-France<\/strong><\/td>\n<td style=\"width: 283px;\">1 921<\/td>\n<td style=\"width: 220px;\">-13,1 %<\/td>\n<\/tr>\n<tr>\n<td style=\"width: 260px;\"><strong>Provence-Alpes-C\u00f4te d&rsquo;Azur<\/strong><\/td>\n<td style=\"width: 283px;\">1 337<\/td>\n<td style=\"width: 220px;\">-14,9 %<\/td>\n<\/tr>\n<tr>\n<td style=\"width: 260px;\"><strong>Grand Est<\/strong><\/td>\n<td style=\"width: 283px;\">1 119<\/td>\n<td style=\"width: 220px;\">-16,1 %<\/td>\n<\/tr>\n<tr>\n<td style=\"width: 260px;\"><strong>Occitanie<\/strong><\/td>\n<td style=\"width: 283px;\">763<\/td>\n<td style=\"width: 220px;\">-12,2 %<\/td>\n<\/tr>\n<tr>\n<td style=\"width: 260px;\"><strong><a href=\"http:\/\/www.affinite.fr\/index.php\/2024\/11\/21\/construire-votre-maison-en-normandie\/\">Normandie<\/a><\/strong><\/td>\n<td style=\"width: 283px;\">896<\/td>\n<td style=\"width: 220px;\">-14,8 %<\/td>\n<\/tr>\n<tr>\n<td style=\"width: 260px;\"><strong>Nouvelle-Aquitaine<\/strong><\/td>\n<td style=\"width: 283px;\">715<\/td>\n<td style=\"width: 220px;\">-8,8 %<\/td>\n<\/tr>\n<tr>\n<td style=\"width: 260px;\"><strong>Centre-Val de Loire<\/strong><\/td>\n<td style=\"width: 283px;\">482<\/td>\n<td style=\"width: 220px;\">-16,9 %<\/td>\n<\/tr>\n<tr>\n<td style=\"width: 260px;\"><strong>Bourgogne-Franche-Comt\u00e9<\/strong><\/td>\n<td style=\"width: 283px;\">593<\/td>\n<td style=\"width: 220px;\">-11,2 %\u00a0<\/td>\n<\/tr>\n<tr>\n<td style=\"width: 260px;\"><strong>Bretagne<\/strong><\/td>\n<td style=\"width: 283px;\">459<\/td>\n<td style=\"width: 220px;\">-12,2 %<\/td>\n<\/tr>\n<tr>\n<td style=\"width: 260px;\"><strong>Corse<\/strong><\/td>\n<td style=\"width: 283px;\">34<\/td>\n<td style=\"width: 220px;\">-15 %<\/td>\n<\/tr>\n<tr>\n<td style=\"width: 260px;\"><strong>Pays de la Loire<\/strong><\/td>\n<td style=\"width: 283px;\">392<\/td>\n<td style=\"width: 220px;\">-18,2 %<\/td>\n<\/tr>\n<tr>\n<td style=\"width: 260px;\"><strong>\u00cele-de-France<\/strong><\/td>\n<td style=\"width: 283px;\">3 737<\/td>\n<td style=\"width: 220px;\">-15,4 %<\/td>\n<\/tr>\n<tr>\n<td style=\"width: 260px;\"><strong>Guadeloupe<\/strong><\/td>\n<td style=\"width: 283px;\">129<\/td>\n<td style=\"width: 220px;\"><strong>+17,3\u00a0<\/strong>%\u00a0<\/td>\n<\/tr>\n<tr>\n<td style=\"width: 260px;\"><strong>Martinique<\/strong><\/td>\n<td style=\"width: 283px;\">33<\/td>\n<td style=\"width: 220px;\">-28,3 %<\/td>\n<\/tr>\n<tr>\n<td style=\"width: 260px;\"><strong>Guyane<\/strong><\/td>\n<td style=\"width: 283px;\">109<\/td>\n<td style=\"width: 220px;\"><strong>+3,8\u00a0%<\/strong><\/td>\n<\/tr>\n<tr>\n<td style=\"width: 260px;\"><strong>La R\u00e9union<\/strong><\/td>\n<td style=\"width: 283px;\">176<\/td>\n<td style=\"width: 220px;\"><strong>+9,3<\/strong>\u00a0%<\/td>\n<\/tr>\n<tr>\n<td style=\"width: 260px;\"><strong>Mayotte<\/strong><\/td>\n<td style=\"width: 283px;\">8<\/td>\n<td style=\"width: 220px;\"><strong>+33,3\u00a0<\/strong>%<\/td>\n<\/tr>\n<\/tbody>\n<\/table>\n<div style=\"text-align:center\">\n<figure class=\"image\" style=\"display:inline-block\"><a class=\"fancy\" href=\"https:\/\/img-3.journaldesfemmes.fr\/jNDIMi1h9oT5hHXD1Zg9sMQwhyQ=\/1080x\/smart\/a2158093397e4cf69eee265b0954755e\/ccmcms-jdf\/25311676.png\"><img decoding=\"async\" alt=\"Courbe du nombre de personnes actuellement en soins critiques\" src=\"https:\/\/img-3.journaldesfemmes.fr\/H1-5AXsPvMxhcDQtnZjchwiwvL8=\/600x\/smart\/a2158093397e4cf69eee265b0954755e\/ccmcms-jdf\/25311676.png\"\/><\/a><figcaption data-credit=\"Gouvernement.fr\" data-legend=\"Courbe du nombre de personnes actuellement en soins critiques, au 6 juin 2021\">Courbe du nombre de personnes actuellement en soins critiques, au 6 juin 2021 <small>\u00a9\u00a0Gouvernement.fr<\/small><\/figcaption><\/figure>\n<\/div>\n<\/section>\n<p>La mortalit\u00e9 li\u00e9e \u00e0 la COVID-19 est toujours \u00e9lev\u00e9e. 110\u00a0091 d\u00e9c\u00e8s sont recens\u00e9s au 7\u00a0juin\u00a0dont 83\u00a0665 \u00e0 l&rsquo;h\u00f4pital\u00a0(+66 au cours des 24\u00a0derni\u00e8res heures), selon les chiffres de <a href=\"https:\/\/www.santepubliquefrance.fr\/dossiers\/coronavirus-covid-19\/coronavirus-chiffres-cles-et-evolution-de-la-covid-19-en-france-et-dans-le-monde\" target=\"_blank\" rel=\"noopener noreferrer\">Sant\u00e9 Publique France<\/a>. Ce chiffre ne comprend pas les d\u00e9c\u00e8s \u00e0 domicile.\u00a0Au niveau national, le nombre hebdomadaire de d\u00e9c\u00e8s \u00e9tait en diminution en semaine 21 (24-30 mai), avec 797\u00a0d\u00e9c\u00e8s, contre 964\u00a0en S20\u00a0(-17%). Le nombre de d\u00e9c\u00e8s au cours d&rsquo;une hospitalisation \u00e9tait en diminution (770\u00a0en S21\u00a0contre 931\u00a0en S20).\u00a0En semaine 21, le <strong>plus fort taux de d\u00e9c\u00e8s par r\u00e9gion rapport\u00e9 \u00e0 la population \u00e9tait observ\u00e9 en Guadeloupe <\/strong>(2,5\/100\u00a0000\u00a0habitants). Les autres r\u00e9gions pr\u00e9sentaient des taux de d\u00e9c\u00e8s inf\u00e9rieurs \u00e0 2\/100\u00a0000\u00a0habitants (Figure 17). En France m\u00e9tropolitaine, les plus forts taux de d\u00e9c\u00e8s \u00e9taient observ\u00e9s dans les <strong>Hauts-de-France (1,9) et en \u00cele-de-France<\/strong> (1,6).<\/p>\n<ul>\n<li>L&rsquo;\u00e2ge m\u00e9dian au d\u00e9c\u00e8s est de 85\u00a0ans<\/li>\n<li>93% des personnes d\u00e9c\u00e9d\u00e9es du Covid \u00e0 l&rsquo;h\u00f4pital avaient 65\u00a0ans et plus.<\/li>\n<li>Les hommes repr\u00e9sentent 55% de ces d\u00e9c\u00e8s.<\/li>\n<\/ul>\n<div style=\"text-align:center\">\n<figure class=\"image\" style=\"display:inline-block\"><a class=\"fancy\" href=\"https:\/\/img-3.journaldesfemmes.fr\/t8OpjRDPXC2izSB0p8OkW_ywsuU=\/1080x\/smart\/869f3986a0ad49d69fad5f7482b8fb03\/ccmcms-jdf\/25230491.jpg\"><img decoding=\"async\" alt=\"courbe-covid-deces-morts-france\" src=\"https:\/\/img-3.journaldesfemmes.fr\/t8OpjRDPXC2izSB0p8OkW_ywsuU=\/1080x\/smart\/869f3986a0ad49d69fad5f7482b8fb03\/ccmcms-jdf\/25230491.jpg\"\/><\/a><figcaption data-credit=\"Sant\u00e9 Publique France\"><small>\u00a9\u00a0Sant\u00e9 Publique France<\/small><\/figcaption><\/figure>\n<\/div>\n<p><a id=\"covid-19-france-evolution-courbe\" name=\"covid-19-france-evolution-courbe\" style=\"font-size: 1.125rem; background-color: rgb(255, 255, 255); font-family: Raleway, sans-serif;\" target=\"_blank\" rel=\"noopener noreferrer\">Courbe : comment \u00e9volue\u00a0l&rsquo;\u00e9pid\u00e9mie en France ?<\/a><\/p>\n<p>L&rsquo;\u00e9pid\u00e9mie de Covid baisse toujours en France. Dans son dernier point \u00e9pid\u00e9miologique, Sant\u00e9 Publique France confirme l&rsquo;am\u00e9lioration des indicateurs \u00e9pid\u00e9miologiques sur la semaine 21 (24-30 mai) :<\/p>\n<ul>\n<li>Diminution des taux d&rsquo;incidence, d&rsquo;hospitalisations et d&rsquo;admissions en soins critiques<\/li>\n<li>Nombre de patients en soins critiques encore \u00e9lev\u00e9<\/li>\n<li>Mortalit\u00e9 toutes causes semblant revenir vers des valeurs attendues<\/li>\n<li>M\u00e9tropole\u00a0: \u00cele-de-France et Hauts-de-France demeurant les plus touch\u00e9es<\/li>\n<li>Outre-mer\u00a0: indicateurs restant \u00e9lev\u00e9s en Guyane<\/li>\n<li>Variants pr\u00e9occupants (VOC)\u00a0: variant 20I\/501Y.V1\u00a0(Alpha) ou \u00ab\u00a0anglais\u00a0\u00bb toujours majoritaire en m\u00e9tropole.<\/li>\n<\/ul>\n<p>Pour rappel, la France a connu trois \u00ab\u00a0vagues\u00a0\u00bb \u00e9pid\u00e9miques depuis janvier 2020 :\u00a0<\/p>\n<p>\u2192 Une premi\u00e8re vague marqu\u00e9e par un\u00a0<strong>pic \u00e9pid\u00e9mique<\/strong>\u00a0au cours de la\u00a0<strong>semaine du 6\u00a0au 12\u00a0avril 2020<\/strong>, soit 15\u00a0jours\u00a0apr\u00e8s la mise en \u0153uvre du premier\u00a0confinement de la population (le 17\u00a0mars 2020).<\/p>\n<p>\u2192 Une deuxi\u00e8me vague marqu\u00e9e par un\u00a0<strong>pic au cours de la semaine du<\/strong>\u00a0<strong>16\u00a0au 20\u00a0novembre 2020,\u00a0<\/strong>trois semaines apr\u00e8s le deuxi\u00e8me confinement (29 octobre 2020).<\/p>\n<p>\u2192 Une troisi\u00e8me vague dont le <strong>pic \u00e9pid\u00e9mique a \u00e9t\u00e9 estim\u00e9 \u00e0 la mi-avril 2021.<\/strong>\u00a0<\/p>\n<div style=\"text-align:center\">\n<figure class=\"image\" style=\"display:inline-block\"><a class=\"fancy\" href=\"https:\/\/img-3.journaldesfemmes.fr\/iq0q_9gnxDPiJmdW2Ku5kefKpP0=\/1080x\/smart\/3c0885dbd34e49bbbd2afec91891bee3\/ccmcms-jdf\/25230407.jpg\"><img decoding=\"async\" alt=\"courbe-covid-nombre-de-cas-france\" src=\"https:\/\/img-3.journaldesfemmes.fr\/iq0q_9gnxDPiJmdW2Ku5kefKpP0=\/1080x\/smart\/3c0885dbd34e49bbbd2afec91891bee3\/ccmcms-jdf\/25230407.jpg\"\/><\/a><figcaption data-credit=\"Sant\u00e9 Publique France\"><small>\u00a9\u00a0Sant\u00e9 Publique France<\/small><\/figcaption><\/figure>\n<\/div>\n<p>\u00c0 ce jour, la France compte cinq variants\u00a0qualifi\u00e9s de pr\u00e9occupants (VOC) en raison de leur transmissibilit\u00e9 augment\u00e9e et\/ou d&rsquo;un risque d&rsquo;\u00e9chappement \u00e0 la r\u00e9ponse immunitaire. Trois d&rsquo;entre eux, les variants 20I\/501Y.V1\u00a0(ayant \u00e9merg\u00e9 au <strong>Royaume-Uni),<\/strong> 20H\/501Y.V2\u00a0(ayant \u00e9merg\u00e9 en<strong> Afrique du Sud<\/strong>) et 20J\/501Y.V3\u00a0(ayant \u00e9merg\u00e9 au<strong> Br\u00e9sil)<\/strong>, circulent en France depuis le d\u00e9but de l&rsquo;ann\u00e9e 2021. Le quatri\u00e8me VOC (20I\/484K ou 20I\/484Q selon le type de mutation), ayant \u00e9merg\u00e9 au Royaume-Uni d\u00e9but 2021, \u00e9tait peu d\u00e9tect\u00e9 en France jusqu&rsquo;\u00e0 la mi-mars, mais les donn\u00e9es de s\u00e9quen\u00e7age montrent une transmission communautaire dans plusieurs r\u00e9gions. Le lignage 20A\/452R (ou B.1.617), initialement d\u00e9tect\u00e9<strong> en Inde<\/strong> en d\u00e9cembre 2020, a \u00e9t\u00e9 class\u00e9 VOC le 11\u00a0mai par l&rsquo;OMS et le 12\u00a0mai 2021\u00a0par l&rsquo;analyse de risque conjointe CNR\/SpFrance.\u00a0Au niveau national en semaine 21 (24-30\u00a0mai), parmi les tests positifs cribl\u00e9s dont les r\u00e9sultats \u00e9taient disponibles dans SI-DEP, <strong>77,4% correspondaient \u00e0 une suspicion de variant anglais<\/strong>\u00a0(toujours pr\u00e9dominant en France) et 5,8% de variants sud-africain ou br\u00e9silien<strong>. 80 cas de variants indiens<\/strong> ont \u00e9t\u00e9 confirm\u00e9s sur le territoire. Le 31 mai, l&rsquo;Organisation mondiale de la sant\u00e9 (OMS) a indiqu\u00e9 vouloir <strong>simplifier les noms scientifiques donn\u00e9s aux variants, par des noms de lettres grecques<\/strong>. Ainsi, le variant B.1.1.7, identifi\u00e9 en premier au Royaume-Uni, est\u00a0baptis\u00e9 <strong>Alpha<\/strong>; le B.1.351, identifi\u00e9 pour la premi\u00e8re fois en Afrique du Sud, devient <strong>Beta<\/strong>,\u00a0le variant P.1, d\u00e9tect\u00e9 au Br\u00e9sil, s&rsquo;appelle <strong>Gamma<\/strong>, le\u00a0variant B.1.617, apparu en\u00a0Inde et sa mutation B.1.617.2\u00a0devient <strong>Delta<\/strong>, et B.1.617.1\u00a0devient <strong>Kappa<\/strong>, des noms plus \u00ab\u00a0faciles \u00e0 prononcer et \u00e0 retenir\u00a0\u00bb, \u00e9vitant aussi d&rsquo;utiliser\u00a0des appellations \u00ab\u00a0stigmatisantes et discriminatoires\u00a0\u00bb faisant r\u00e9f\u00e9rence au lieu o\u00f9 les premiers cas de variant ont \u00e9t\u00e9 d\u00e9tect\u00e9s, a expliqu\u00e9 l&rsquo;OMS\u00a0dans un communiqu\u00e9.<\/p>\n<p>Depuis le 19\u00a0mai,\u00a0le couvre-feu est d\u00e9cal\u00e9 \u00e0 21 heures. Il faut donc une attestation (et donc un motif valable) si on souhaite se d\u00e9placer entre 21 heures et 6 heures du matin.\u00a0Le 9 juin, il sera d\u00e9cal\u00e9 \u00e0 23 heures. Le 30 juin, il n&rsquo;y aura normalement plus de couvre-feu.\u00a0<\/p>\n<div style=\"text-align:center\">\n<figure class=\"image\" style=\"display:inline-block\"><a class=\"fancy\" href=\"https:\/\/img-3.journaldesfemmes.fr\/0TqvK6UsZln3l860txvZSRjHD08=\/1080x\/smart\/a709a8a6b4d04d868d754c9935b30387\/ccmcms-jdf\/24351698.jpg\"><img decoding=\"async\" alt=\"couvre-feu france\" src=\"https:\/\/img-3.journaldesfemmes.fr\/XoO2WUbO-APe0W57_JFl-LtrKlA=\/600x\/smart\/a709a8a6b4d04d868d754c9935b30387\/ccmcms-jdf\/24351698.jpg\"\/><\/a><figcaption data-credit=\"Gouvernement.fr\" data-legend=\"Les \u00e9tapes du couvre-feu.\">Les \u00e9tapes du couvre-feu. <small>\u00a9\u00a0Gouvernement.fr<\/small><\/figcaption><\/figure>\n<\/div>\n<p>Une r\u00e9ouverture de la France en 4\u00a0\u00e9tapes\u00a0: Emmanuel Macron a d\u00e9voil\u00e9 son plan de r\u00e9ouverture de la France \u00e0 la presse quotidienne r\u00e9gionale et au Parisien\u00a0le 28 avril. Vendredi 30 avril, le porte-parole du gouvernement, Gabriel Attal a pr\u00e9venu sur BFM-TV que <strong><em>\u00ab\u00a0si dans un d\u00e9partement la situation est d\u00e9grad\u00e9e, il faut pouvoir freiner le passage d&rsquo;une \u00e9tape\u00a0\u00bb.<\/em><\/strong><\/p>\n<table border=\"1\" cellpadding=\"1\" cellspacing=\"1\" style=\"width:100%;\">\n<thead>\n<tr>\n<th scope=\"col\" style=\"width: 102px; text-align: center;\">DATES CLES<\/th>\n<th scope=\"col\" style=\"width: 892px; text-align: center;\">NOUVELLES MESURES<\/th>\n<\/tr>\n<\/thead>\n<tbody>\n<tr>\n<td style=\"width: 102px;\"><b>19 mai<\/b><\/td>\n<td style=\"width: 892px;\">\n<p><strong>couvre-feu d\u00e9cal\u00e9 \u00e0 21h<\/strong>\u00a0;<\/p>\n<p><strong>terrasses\u00a0<\/strong>: 50% de la capacit\u00e9, tables de 6\u00a0personnes maximum ;<\/p>\n<p><strong>commerces, march\u00e9s couverts<\/strong>\u00a0: 8\u00a0m\u00b2 par client ;<\/p>\n<p><strong>mus\u00e9es\u00a0<\/strong>: 8\u00a0m\u00b2 par visiteur ;<\/p>\n<p><strong>cin\u00e9mas, salles des f\u00eates, chapiteaux<\/strong>\u00a0: 35% de l&rsquo;effectif, jusqu&rsquo;\u00e0 800\u00a0personnes par salle ;<\/p>\n<p><strong>t\u00e9l\u00e9travail\u00a0<\/strong>maintenu ;<\/p>\n<p><strong>rassemblements de plus de 10\u00a0personnes<\/strong>\u00a0interdits dans l&rsquo;espace public, sauf visites guid\u00e9es ;<\/p>\n<p><strong>biblioth\u00e8ques<\/strong>\u00a0: 1\u00a0si\u00e8ge sur deux ;<\/p>\n<p><strong>parcs zoologiques en plein air<\/strong>\u00a0: 50% de l&rsquo;effectif ;<\/p>\n<p><strong>lieux de culte, mariages ou pacs (c\u00e9r\u00e9monies)<\/strong>\u00a0: 1\u00a0emplacement sur 3, en quinconce entre chaque rang\u00e9e ;<\/p>\n<p><strong>c\u00e9r\u00e9monies fun\u00e9raires<\/strong>\u00a0: 50\u00a0personnes ;<\/p>\n<p><strong>enseignement sup\u00e9rieur\u00a0<\/strong>: 50% de l&rsquo;effectif ;<\/p>\n<p><strong>casinos<\/strong>\u00a0: 35% de l&rsquo;effectif ;<\/p>\n<p><strong>danse\u00a0<\/strong>: reprise pour les mineurs ;<\/p>\n<p><strong>activit\u00e9s sportives de plein air<\/strong>\u00a0: 10\u00a0personnes, uniquement sans contact ;<\/p>\n<p><strong>comp\u00e9titions sportives de plein air<\/strong>\u00a0: pour les pratiquants amateurs 50\u00a0personnes, uniquement sans contact ;<\/p>\n<p><strong>\u00e9tablissements sportifs ext\u00e9rieurs (stades) ou couverts (piscines)<\/strong>\u00a0:<\/p>\n<p>pour les spectateurs\u00a0: 35% de l&rsquo;effectif, jusqu&rsquo;\u00e0 1\u00a0000\u00a0personnes (assises, pas debout) ;<\/p>\n<p>pour les pratiquants\u00a0: publics prioritaires comme les scolaires ;<\/p>\n<p><strong>thermalisme\u00a0<\/strong>: 50% de l&rsquo;effectif ;<\/p>\n<p><strong>reprise des<\/strong>\u00a0<strong>festivals de plein air assis<\/strong>\u00a0: jauge de 35% jusqu&rsquo;\u00e0 1\u00a0000\u00a0personnes.<\/p>\n<\/td>\n<\/tr>\n<tr>\n<td style=\"width: 102px;\"><a id=\"reouverture-9-juin-covid\" name=\"reouverture-9-juin-covid\"><strong>9 juin<\/strong><\/a><\/td>\n<td style=\"width: 892px;\">\n<p><strong>couvre-feu \u00e0 23\u00a0heures <\/strong><\/p>\n<p>la jauge dans les commerces, les march\u00e9s couverts est ramen\u00e9e \u00e0 4m\u00b2 par client\u00a0;<\/p>\n<p>les <strong>terrasses <\/strong>ext\u00e9rieures peuvent accueillir\u00a0100\u00a0%\u00a0de leur capacit\u00e9 avec une<strong> limite de 6\u00a0personnes par table<\/strong>\u00a0;<\/p>\n<p>les <strong>caf\u00e9s et restaurants<\/strong> peuvent accueillir leurs clients <strong>en int\u00e9rieur avec une jauge de\u00a050\u00a0%<\/strong>\u00a0avec une limite de 6\u00a0personnes par table.<\/p>\n<p>les <strong>mus\u00e9es <\/strong>peuvent accueillir leurs visiteurs avec une jauge de 4m\u00b2 par visiteur\u00a0;<\/p>\n<p>les <strong>cin\u00e9mas<\/strong>, les <strong>th\u00e9\u00e2tres <\/strong>les salles de spectacle, les chapiteaux avec une limitation de\u00a065\u00a0%\u00a0de l&rsquo;effectif, jusqu&rsquo;\u00e0 5\u00a0000\u00a0personnes par salle (le pass sanitaire est exig\u00e9 au-del\u00e0 de 1\u00a0000\u00a0personnes)\u00a0;<\/p>\n<p>les <strong>biblioth\u00e8ques <\/strong>ram\u00e8nent leur jauge \u00e0 4m\u00b2 par visiteur et maintiennent 1\u00a0si\u00e8ge sur deux en configuration assise\u00a0;<\/p>\n<p>les<strong> festivals de plein air assis <\/strong>peuvent se d\u00e9rouler avec une jauge de\u00a065\u00a0%\u00a0jusqu&rsquo;\u00e0 5\u00a0000\u00a0personnes (le pass sanitaire sera exig\u00e9 au-del\u00e0 de 1\u00a0000\u00a0personnes)\u00a0;<\/p>\n<p>les<strong> parcs zoologiques <\/strong>en plein air avec une limitation de\u00a065\u00a0%\u00a0de l&rsquo;effectif\u00a0;<\/p>\n<p>Assouplissement du t\u00e9l\u00e9travail<\/p>\n<p>Les <strong>\u00e9tablissements thermaux rouvrent\u00a0<\/strong>avec une limitation de\u00a0100\u00a0%\u00a0de leur capacit\u00e9.<\/p>\n<p>Les<strong> salons et les foires <\/strong>peuvent \u00e0 nouveau se tenir et accueillir leurs visiteurs dans la limite de\u00a050\u00a0%\u00a0de l&rsquo;effectif, jusqu&rsquo;\u00e0 5\u00a0000\u00a0personnes (le pass sanitaire est exig\u00e9 au-del\u00e0 de 1\u00a0000\u00a0personnes).<\/p>\n<p>Les<strong> lieux de culte et les c\u00e9r\u00e9monies (mariages ou pacs)\u00a0<\/strong>: 1\u00a0emplacement sur 2. Les c\u00e9r\u00e9monies fun\u00e9raires dans les cimeti\u00e8res peuvent se tenir avec une limitation de 75\u00a0personnes.<\/p>\n<p>Les<strong> rassemblements de plus de 10\u00a0personnes restent interdits<\/strong>, sauf visites guid\u00e9es.<\/p>\n<p>L&rsquo;enseignement sup\u00e9rieur se poursuit avec\u00a050\u00a0%\u00a0de l&rsquo;effectif en pr\u00e9sentiel jusqu&rsquo;en septembre.<\/p>\n<p>Les \u00e9coles de danse peuvent reprendre leurs enseignements pour les majeurs non prioritaires (sans contact) avec une jauge de\u00a035\u00a0%\u00a0par classe.<\/p>\n<p><strong>R\u00e9ouverture des salles de sport avec une jauge de 50%,<\/strong> \u00e9largissement aux sports de contact en plein air (25 personnes max) et sans contact en int\u00e9rieur.<\/p>\n<\/td>\n<\/tr>\n<tr>\n<td style=\"width: 102px;\"><strong>30 juin<\/strong><\/td>\n<td style=\"width: 892px;\">\n<p><strong>fin du couvre-feu<\/strong><\/p>\n<p>possibilit\u00e9 de participer aux \u00e9v\u00e8nements de plus de 1000\u00a0personnes en ext\u00e9rieur et en int\u00e9rieur\u00a0(avec pass sanitaire)<\/p>\n<p>fin des limites de jauge selon la situation sanitaire locale.<\/p>\n<\/td>\n<\/tr>\n<\/tbody>\n<\/table>\n<p><strong>\u00c0 partir du mercredi 19 mai,<\/strong> les mesures de restriction de d\u00e9placement en journ\u00e9e sont lev\u00e9es et l&rsquo;attestation de d\u00e9placement<strong> n&rsquo;est plus n\u00e9cessaire entre 6h et 21h.\u00a0<\/strong>L&rsquo;attestation de d\u00e9placement est par contre<strong> obligatoire pour tous les d\u00e9placements entre 21h et 6h <\/strong>sur l&rsquo;ensemble du territoire m\u00e9tropolitain.<\/p>\n<p>&gt; <a href=\"https:\/\/www.interieur.gouv.fr\/Actualites\/L-actu-du-Ministere\/Attestations-de-deplacement\" target=\"_blank\" rel=\"noopener noreferrer\">T\u00e9l\u00e9charger\/Remplir l&rsquo;attestation<\/a>\u00a0<\/p>\n<p><strong>&gt;\u00a0Je peux\u00a0me d\u00e9placer entre 21h00\u00a0et 06h00\u00a0pour l&rsquo;une des raisons suivantes\u00a0:<\/strong><\/p>\n<ul>\n<li><label for=\"checkbox-curfew-travail\"><strong>Activit\u00e9 professionnelle, enseignement et <a href=\"http:\/\/www.affinite.fr\/index.php\/2022\/11\/09\/formation-de-glacier-apprenez-le-metier-de-glacier-et-changez-votre-vie\/\">formation<\/a>, mission d&rsquo;int\u00e9r\u00eat g\u00e9n\u00e9ral<\/strong><\/label><\/li>\n<\/ul>\n<p><label for=\"checkbox-curfew-travail\">&#8211; D\u00e9placements entre le domicile et le lieu de travail ou d&rsquo;enseignement ou de formation.<br \/>&#8211; D\u00e9placements professionnels ne pouvant \u00eatre diff\u00e9r\u00e9s, livraisons.<br \/>&#8211; D\u00e9placements li\u00e9s \u00e0 des missions d&rsquo;int\u00e9r\u00eat g\u00e9n\u00e9ral sur demande de l&rsquo;autorit\u00e9 administrative.<\/label><\/p>\n<ul>\n<li><label for=\"checkbox-curfew-sante\"><strong>Sant\u00e9 (consultation et soins)<\/strong><\/label><\/li>\n<\/ul>\n<p><label for=\"checkbox-curfew-sante\">&#8211; D\u00e9placements pour des consultations, examens, actes de pr\u00e9vention (dont vaccination) et soins ne pouvant \u00eatre assur\u00e9s \u00e0 distance ou pour l&rsquo;achat de produits de sant\u00e9.<\/label><\/p>\n<ul>\n<li><label for=\"checkbox-curfew-famille\"><strong>Motif familial imp\u00e9rieux, assistance aux personnes vuln\u00e9rables, garde d&rsquo;enfants, situation de handicap<\/strong><\/label><\/li>\n<\/ul>\n<p><label for=\"checkbox-curfew-famille\">&#8211; D\u00e9placements pour motif familial imp\u00e9rieux, pour l&rsquo;assistance aux personnes vuln\u00e9rables ou pr\u00e9caires ou pour la garde d&rsquo;enfants.<br \/>&#8211; D\u00e9placements des personnes en situation de handicap et de leur accompagnant.\u202f<\/label><\/p>\n<ul>\n<li><label for=\"checkbox-curfew-convocation_demarches\"><strong>Convocation judiciaire ou administrative, d\u00e9marches ne pouvant \u00eatre men\u00e9es \u00e0 distance<\/strong><\/label><\/li>\n<\/ul>\n<p><label for=\"checkbox-curfew-convocation_demarches\">&#8211; D\u00e9placements pour r\u00e9pondre \u00e0 une convocation judiciaire ou administrative ou pour se rendre chez un professionnel du droit pour un acte ou une d\u00e9marche qui ne peut \u00eatre r\u00e9alis\u00e9 \u00e0 distance.<\/label><\/p>\n<ul>\n<li><label for=\"checkbox-curfew-transit\"><strong>D\u00e9placements li\u00e9s \u00e0 des transferts ou transits depuis des gares ou a\u00e9roports dans le cadre de d\u00e9placements de longue distance<\/strong><\/label><\/li>\n<li><label for=\"checkbox-curfew-animaux\"><strong>Animaux de compagnie<\/strong><\/label><\/li>\n<\/ul>\n<p><label for=\"checkbox-curfew-animaux\">&#8211; D\u00e9placements brefs pour les besoins des animaux de compagnie (dans un rayon de 1\u00a0kilom\u00e8tre autour du domicile).<\/label><\/p>\n<p>La vaccination contre la Covid-19\u00a0se poursuit en France avec les vaccins Pfizer-BioNTech,\u00a0Moderna,\u00a0AstraZeneca et Janssen (chez les m\u00e9decins g\u00e9n\u00e9ralistes,\u00a0au travail et en pharmacie). La prise de<strong> rendez-vous<\/strong> est possible sur les sites Internet <strong>Doctolib, Maiia et KelDoc<\/strong> et peut aussi se faire en contactant par t\u00e9l\u00e9phone le <strong>centre de vaccination<\/strong> le plus proche de chez soi (liste disponible sur\u00a0<a href=\"https:\/\/www.sante.fr\/centres-vaccination-covid.html\" target=\"_blank\" rel=\"noopener noreferrer\">Sante.fr<\/a>).\u00a0En cas de difficult\u00e9, le num\u00e9ro vert national\u00a0:<strong> 0\u00a0800\u00a0009\u00a0110<\/strong>,\u00a0permet d&rsquo;\u00eatre redirig\u00e9 vers le standard t\u00e9l\u00e9phonique d&rsquo;un centre ou d&rsquo;obtenir un accompagnement \u00e0 la prise de rendez-vous.<\/p>\n<aside id=\"NL_1065954272\" class=\"newsletter_subscription jNlBlock\"><noscript><br \/>\n            <\/noscript><\/p>\n<h3 class=\"newsletter_subscription-title\">Newsletter <\/h3>\n<p><a href=\"\/\/mailing.ccmbg.com\/archive\/last-85\" target=\"_blank\" class=\"a_hover\" rel=\"noopener noreferrer\">Voir un exemple<\/a><\/p>\n<\/aside>\n<p>Les<strong> Europ\u00e9ens vaccin\u00e9s<\/strong> contre le Covid-19\u00a0pourront entrer en France sans test PCR<strong> \u00e0 partir du 9\u00a0juin. <\/strong>Une\u00a0preuve de test n\u00e9gatif (PCR ou antig\u00e9nique) sera toujours exig\u00e9e pour les voyageurs en provenance du Royaume-Uni et des Etats-Unis. A partir du 9\u00a0juin \u00e9galement, les flux de voyageurs entre la France et les <strong>pays \u00e9trangers <\/strong>seront rouverts selon des modalit\u00e9s de chaque\u00a0pays\u00a0et de la vaccination.<\/p>\n<div class=\"ccminsert\">\n<aside class=\"app_widget_fo app_widget_fo--call\">\n<ul>\n<li>\n                <a href=\"https:\/\/sante.journaldesfemmes.fr\/fiches-maladies\/2608487-voyage-covid-19-france-aller-italie-pass-sanitaire-liste-pays-vert-orange-rouge-angleterre-israel-grece\/\" class=\"jGTMWidgetGAEventClick\" data-gtmwidgetgaeventaction=\"clickWidgetCall\" data-gtmwidgetgaeventlabel=\"Voyage et Covid\u00a0: aller en Italie, Maroc, pays vert, orange, rouge\"><\/p>\n<figure><picture><source media=\"(max-width: 480px)\" srcset=\"https:\/\/img-3.journaldesfemmes.fr\/t2ZnPPkwzWfjCKtUKUMHV_FP_jM=\/160x105\/smart\/b682ae3bf53c409fbcf5a6893ea9cfc3\/ccmcms-jdf\/25231688.jpg\" width=\"160\" height=\"105\"><img decoding=\"async\" src=\"https:\/\/img-3.journaldesfemmes.fr\/o-ARmArrYLZ9_APtm0HrBD479kQ=\/200x132\/smart\/b682ae3bf53c409fbcf5a6893ea9cfc3\/ccmcms-jdf\/25231688.jpg\" alt=\"\" width=\"200\" height=\"132\" loading=\"lazy\"\/><\/source><\/picture><figcaption>\n<h3>Voyage et Covid\u00a0: aller en Italie, Maroc, pays vert, orange, rouge<\/h3>\n<p>A l&rsquo;approche des vacances d&rsquo;\u00e9t\u00e9, les voyages au sein de la France sont possibles, sans restriction. A l&rsquo;\u00e9tranger, dont l&rsquo;Europe, il y a des nouvelles r\u00e8gles (test, quarantaine). A partir du 9\u00a0juin, il y aura un code couleur pour entrer en France. Quelle est la liste des pays en vert, orange et rouge\u00a0? Peut-on aller au Maroc, Espagne, Italie, Corse, Alg\u00e9rie\u00a0? Guide en vigueur.<\/p>\n<\/figcaption><\/figure>\n<p><\/a>\n            <\/li>\n<\/ul>\n<\/aside>\n<\/div>\n<section>\n<p>Le d\u00e9pistage du Covid-19 est r\u00e9alis\u00e9 en France par <strong>RT-PCT<\/strong> et par tests <strong>antig\u00e9niques<\/strong>. Depuis le 11 f\u00e9vrier, les <strong>tests salivaires<\/strong> sont d\u00e9ploy\u00e9s dans les\u00a0\u00e9tablissements scolaires et peuvent \u00eatre utilis\u00e9s en premi\u00e8re intention pour d\u00e9pister la Covid-19, conform\u00e9ment aux recommandations de la <a href=\"https:\/\/www.has-sante.fr\/jcms\/p_3237053\/fr\/tests-rt-pcr-salivaires-la-has-etend-leur-utilisation-et-definit-les-modalites-pratiques-de-realisation\" target=\"_blank\" rel=\"noopener noreferrer\">HAS<\/a>. Depuis le 12 avril, des <strong>autotests <\/strong>Covid sont aussi disponibles en vente libre dans les pharmacies fran\u00e7aises (non rembours\u00e9) et peuvent \u00eatre utilis\u00e9s dans les \u00e9coles. <em>\u00ab\u00a0Il reste d\u00e9terminant que chaque personne pr\u00e9sentant des sympt\u00f4mes \u00e9vocateurs de COVID-19\u00a0s&rsquo;isole imm\u00e9diatement et r\u00e9alise un test diagnostique dans les plus brefs d\u00e9lais\u00a0\u00bb<\/em> rappelle Sant\u00e9 Publique France dans ses bulletins hebdomadaires.<\/p>\n<p>Si au d\u00e9but, on ne parlait que de <strong>fi\u00e8vre<\/strong>, toux s\u00e8che, rhume, \u00e9tat grippal et de fatigue, les sympt\u00f4mes de l&rsquo;infection par le coronavirus ont \u00e9volu\u00e9. On sait d\u00e9sormais que le virus peut avoir des <strong>effets sur la peau<\/strong> (urticaire, l\u00e9sions inflammatoires sur les orteils), la sph\u00e8re digestive (vomissements, diarrh\u00e9es&#8230;), <strong>l&rsquo;odorat<\/strong>, le <strong>go\u00fbt <\/strong>et m\u00eame le cerveau.<em> <\/em><\/p>\n<p>\u2192<strong> Chaque personne pr\u00e9sentant des sympt\u00f4mes \u00e9vocateurs de COVID-19 doit s&rsquo;isoler imm\u00e9diatement et r\u00e9aliser un test diagnostique<\/strong> dans les plus brefs d\u00e9lais (sans avoir d&rsquo;ordonnance).<\/p>\n<p>\u2192<strong> <\/strong><strong>Appeler le\u00a015\u00a0en cas de\u00a0difficult\u00e9s respiratoires\u00a0: \u00ab\u00a0<\/strong><em>Si la toux et la\u00a0fi\u00e8vre s&rsquo;accompagnent d&rsquo;une g\u00eane respiratoire qui devient permanente avec souffle court, difficult\u00e9 \u00e0 inspirer et \u00e0 expirer, d&rsquo;une aggravation importante de la toux, cela peut signifier une \u00e9volution de la maladie sous la forme d&rsquo;une pneumopathie. Il s&rsquo;agit alors d&rsquo;une urgence respiratoire potentielle et comme dans tous les cas d&rsquo;urgence, il faut alors appeler le 15\u00a0qui prendra les meilleures dispositions pour r\u00e9pondre \u00e0 la situation\u00a0\u00bb, <\/em>pr\u00e9vient le Dr\u00a0Patrick Aub\u00e9, m\u00e9decin g\u00e9n\u00e9raliste. \u00a0<\/p>\n<div class=\"ccminsert\">\n<aside class=\"app_widget_fo app_widget_fo--list app_widget_fo--list-2-col\">\n<ul>\n<li>\n<h3>\n                    <a href=\"https:\/\/sante.journaldesfemmes.fr\/fiches-maladies\/2696267-covid-long-c-est-quoi-symptomes-contagieux-fatigue-prise-en-charge-france-traitement-pourcentage-vaccin\/\" class=\"jGTMWidgetGAEventClick\" data-gtmwidgetgaeventaction=\"clickWidgetListOnTwoColumns\" data-gtmwidgetgaeventlabel=\"Covid long\u00a0: vaccin, traitement, sympt\u00f4mes, contagieux ou pas\u00a0?\"><br \/>\n                        Covid long\u00a0: vaccin, traitement, sympt\u00f4mes, contagieux ou pas\u00a0?<br \/>\n                    <\/a><br \/>\n                <\/h3>\n<\/li>\n<li>\n<h3>\n                    <a href=\"https:\/\/sante.journaldesfemmes.fr\/fiches-maladies\/2625903-porteur-sain-covid-19-coronavirus-asymptomatique-definition-duree-isolement-anticorps-isolement-test\/\" class=\"jGTMWidgetGAEventClick\" data-gtmwidgetgaeventaction=\"clickWidgetListOnTwoColumns\" data-gtmwidgetgaeventlabel=\"Porteur sain Covid\u00a0(asymptomatique)\u00a0: d\u00e9finition, test, isolement\"><br \/>\n                        Porteur sain Covid\u00a0(asymptomatique)\u00a0: d\u00e9finition, test, isolement<br \/>\n                    <\/a><br \/>\n                <\/h3>\n<\/li>\n<li>\n<h3>\n                    <a href=\"https:\/\/sante.journaldesfemmes.fr\/fiches-maladies\/2665621-angine-ou-covid-19-symptomes-signes-fievre-mal-gorge-test-difference-contagion\/\" class=\"jGTMWidgetGAEventClick\" data-gtmwidgetgaeventaction=\"clickWidgetListOnTwoColumns\" data-gtmwidgetgaeventlabel=\"Angine ou Covid-19\u00a0: sympt\u00f4mes, diff\u00e9rences, test, contagion\"><br \/>\n                        Angine ou Covid-19\u00a0: sympt\u00f4mes, diff\u00e9rences, test, contagion<br \/>\n                    <\/a><br \/>\n                <\/h3>\n<\/li>\n<li>\n<h3>\n                    <a href=\"https:\/\/sante.journaldesfemmes.fr\/fiches-maladies\/2701631-probleme-maladie-foie-covid-atteinte-cancer-complication-sequelles-symptomes-risque-vaccination\/\" class=\"jGTMWidgetGAEventClick\" data-gtmwidgetgaeventaction=\"clickWidgetListOnTwoColumns\" data-gtmwidgetgaeventlabel=\"Probl\u00e8me au foie et Covid\u00a0: risques, s\u00e9quelles, vaccination\"><br \/>\n                        Probl\u00e8me au foie et Covid\u00a0: risques, s\u00e9quelles, vaccination<br \/>\n                    <\/a><br \/>\n                <\/h3>\n<\/li>\n<li>\n<h3>\n                    <a href=\"https:\/\/sante.journaldesfemmes.fr\/fiches-maladies\/2701633-fievre-covid-duree-obligatoire-que-faire-que-prendre-combien-temperature\/\" class=\"jGTMWidgetGAEventClick\" data-gtmwidgetgaeventaction=\"clickWidgetListOnTwoColumns\" data-gtmwidgetgaeventlabel=\"Fi\u00e8vre et Covid\u00a0: dur\u00e9e, temp\u00e9rature, est-ce obligatoire\u00a0?\"><br \/>\n                        Fi\u00e8vre et Covid\u00a0: dur\u00e9e, temp\u00e9rature, est-ce obligatoire\u00a0?<br \/>\n                    <\/a><br \/>\n                <\/h3>\n<\/li>\n<li>\n<h3>\n                    <a href=\"https:\/\/sante.journaldesfemmes.fr\/fiches-maladies\/2661241-rhume-ou-covid-19-symptomes-tableau-differences-ecole-que-faire-comment-savoir-travail\/\" class=\"jGTMWidgetGAEventClick\" data-gtmwidgetgaeventaction=\"clickWidgetListOnTwoColumns\" data-gtmwidgetgaeventlabel=\"Rhume ou Covid-19\u00a0: sympt\u00f4mes, tableau, \u00e9cole, que faire\u00a0?\"><br \/>\n                        Rhume ou Covid-19\u00a0: sympt\u00f4mes, tableau, \u00e9cole, que faire\u00a0?<br \/>\n                    <\/a><br \/>\n                <\/h3>\n<\/li>\n<li>\n<h3>\n                    <a href=\"https:\/\/sante.journaldesfemmes.fr\/fiches-maladies\/2626825-covid-ou-allergie-pollen-coronavirus-asthme-symptomes-toux-yeux-traitement\/\" class=\"jGTMWidgetGAEventClick\" data-gtmwidgetgaeventaction=\"clickWidgetListOnTwoColumns\" data-gtmwidgetgaeventlabel=\"Covid ou allergie au pollen\u00a0: sympt\u00f4mes, diff\u00e9rences, traitements\"><br \/>\n                        Covid ou allergie au pollen\u00a0: sympt\u00f4mes, diff\u00e9rences, traitements<br \/>\n                    <\/a><br \/>\n                <\/h3>\n<\/li>\n<li>\n<h3>\n                    <a href=\"https:\/\/sante.journaldesfemmes.fr\/fiches-maladies\/2676955-covid-19-ou-gastro-enterite-difference-symptomes-fievre-diarrhee-que-faire-complications\/\" class=\"jGTMWidgetGAEventClick\" data-gtmwidgetgaeventaction=\"clickWidgetListOnTwoColumns\" data-gtmwidgetgaeventlabel=\"Covid\u00a0ou gastro-ent\u00e9rite\u00a0: sympt\u00f4mes, quelles diff\u00e9rences\u00a0?\"><br \/>\n                        Covid\u00a0ou gastro-ent\u00e9rite\u00a0: sympt\u00f4mes, quelles diff\u00e9rences\u00a0?<br \/>\n                    <\/a><br \/>\n                <\/h3>\n<\/li>\n<li>\n<h3>\n                    <a href=\"https:\/\/sante.journaldesfemmes.fr\/fiches-sante-du-quotidien\/2627543-perte-gout-agueusie-covid-19-def-duree-cause-partielle-traitement-soigner\/\" class=\"jGTMWidgetGAEventClick\" data-gtmwidgetgaeventaction=\"clickWidgetListOnTwoColumns\" data-gtmwidgetgaeventlabel=\"Perte du go\u00fbt (agueusie)\u00a0: dur\u00e9e, Covid, comment soigner\u00a0?\"><br \/>\n                        Perte du go\u00fbt (agueusie)\u00a0: dur\u00e9e, Covid, comment soigner\u00a0?<br \/>\n                    <\/a><br \/>\n                <\/h3>\n<\/li>\n<li>\n<h3>\n                    <a href=\"https:\/\/sante.journaldesfemmes.fr\/fiches-maladies\/2683439-symptomes-covid-19-coronavirus-boutons-visage-corps-dermatologiques-peau-bras-pieds-engelure\/\" class=\"jGTMWidgetGAEventClick\" data-gtmwidgetgaeventaction=\"clickWidgetListOnTwoColumns\" data-gtmwidgetgaeventlabel=\"Sympt\u00f4mes Covid sur la peau\u00a0: engelures, boutons, quand consulter\u00a0?\"><br \/>\n                        Sympt\u00f4mes Covid sur la peau\u00a0: engelures, boutons, quand consulter\u00a0?<br \/>\n                    <\/a><br \/>\n                <\/h3>\n<\/li>\n<\/ul>\n<\/aside>\n<\/div>\n<table border=\"1\" cellpadding=\"1\" cellspacing=\"1\" style=\"width:100%;\">\n<thead>\n<tr>\n<th scope=\"col\" style=\"text-align: center;\"><a id=\"date-cle-epidemie-covid-france-confinement\" name=\"date-cle-epidemie-covid-france-confinement\"><strong>DATES CL\u00c9S DE L&rsquo;\u00c9PID\u00c9MIE EN FRANCE<\/strong><\/a><\/th>\n<\/tr>\n<\/thead>\n<tbody>\n<tr>\n<td>\n<p><u><strong>2019<\/strong><\/u><\/p>\n<ul>\n<li><strong>31\u00a0d\u00e9cembre 2019,<\/strong> l&rsquo;Organisation mondiale de la Sant\u00e9 en Chine est inform\u00e9e de plusieurs cas de pneumonies dans la ville de Wuhan. 44\u00a0personnes sont infect\u00e9es entre cette date et le 3\u00a0janvier 2020.<\/li>\n<\/ul>\n<p><u><strong>2020<\/strong><\/u><\/p>\n<ul>\n<li><strong>7\u00a0janvier 2020, <\/strong>les autorit\u00e9s chinoises identifient un \u00ab\u00a0nouveau type de coronavirus\u00a0\u00bb.<\/li>\n<li><strong>13\u00a0janvier, <\/strong>un cas import\u00e9 est recens\u00e9 en Tha\u00eflande.<\/li>\n<li><strong>15\u00a0janvier<\/strong>, le virus cause\u00a0la mort d&rsquo;<strong>une premi\u00e8re\u00a0personne \u00e0 Wuhan<\/strong>, un homme de 69\u00a0ans.\u00a0<\/li>\n<li><strong>23\u00a0janvier,<\/strong> trois villes chinoises dont Wuhan sont plac\u00e9es en quarantaine.<\/li>\n<li><strong>25\u00a0janvier, trois personnes\u00a0contamin\u00e9es sont recens\u00e9es en France<\/strong>, deux \u00e0 Paris et une Bordeaux. Ce sont les premiers cas enregistr\u00e9s sur le continent europ\u00e9en.<\/li>\n<li><strong>30\u00a0janvier, <\/strong>l&rsquo;Organisation mondiale de la Sant\u00e9 <strong>d\u00e9cr\u00e8te\u00a0l&rsquo;<a href=\"https:\/\/sante.journaldesfemmes.fr\/fiches-maladies\/2608035-urgence-de-sante-publique-de-portee-internationale-definition-oms-coronavirus\/\" target=\"_blank\" rel=\"noopener noreferrer\">urgence de sant\u00e9 mondiale<\/a><\/strong>.\u00a0Cette mesure n&rsquo;avait \u00e9t\u00e9 d\u00e9cr\u00e9t\u00e9e que 5\u00a0fois depuis sa cr\u00e9ation (pour Ebola (deux fois), la grippe H1N1, Zika et la poliomy\u00e9lite).\u00a0<\/li>\n<li><strong>23\u00a0f\u00e9vrier, <\/strong>la France d\u00e9clenche le <a href=\"https:\/\/sante.journaldesfemmes.fr\/fiches-maladies\/2622449-plan-orsan-reb-definition-signification-qui-declenche-coronavirus-definition-duree\/\" target=\"_blank\" rel=\"noopener noreferrer\">plan ORSAN<\/a>, un dispositif exceptionnel d&rsquo;organisation des soins.<\/li>\n<li><strong>28\u00a0f\u00e9vrier,<\/strong> la France passe en stade 2\u00a0de l&rsquo;\u00e9pid\u00e9mie.<\/li>\n<li><strong>11\u00a0mars, <\/strong>l&rsquo;OMS classifie de <strong>pand\u00e9mie <\/strong>la diffusion de la maladie \u00e0 coronavirus Covid-19\u00a0dans le monde.<\/li>\n<li><strong>12\u00a0mars<\/strong>, le pr\u00e9sident de la R\u00e9publique Emmanuel Macron annonce la fermeture nationale des cr\u00e8ches et \u00e9tablissements scolaires de France \u00e0 compter du 16\u00a0mars et \u00ab\u00a0jusqu&rsquo;\u00e0 nouvel ordre\u00a0\u00bb.<\/li>\n<li><strong>14\u00a0mars<\/strong>, la France passe au <a href=\"https:\/\/sante.journaldesfemmes.fr\/fiches-maladies\/2625289-coronavirus-covid-19-stade-1-2-3-4-duree-mesure-france-signification-quand\/\" target=\"_blank\" rel=\"noopener noreferrer\"><strong>stade 3 <\/strong><\/a>de l&rsquo;\u00e9pid\u00e9mie.<\/li>\n<li><strong>16\u00a0mars\u00a0:\u00a0la France met en place un premier\u00a0confinement interdisant les d\u00e9placements.<\/strong><\/li>\n<li><strong>26\u00a0mars<\/strong>, un premier cas jeune meurt en France, une adolescente de 16\u00a0ans, en Ile-de-France originaire de Morsang-sur-Orge.<\/li>\n<li><strong>27\u00a0mars,<\/strong> le confinement de la population fran\u00e7aise est renouvel\u00e9 jusqu&rsquo;au 15\u00a0avril.<\/li>\n<li><strong>13\u00a0avril,<\/strong> Emmanuel Macron annonce le prolongement du confinement jusqu&rsquo;au 11\u00a0mai.<\/li>\n<li><strong>11\u00a0mai, la France commence son d\u00e9confinement.<\/strong><\/li>\n<li><strong>20\u00a0juillet,<\/strong>\u00a0le <strong>port du masque est rendu obligatoire <\/strong>dans les lieux publics clos en France.<\/li>\n<li><strong>17 octobre,<\/strong>\u00a0un <strong>couvre-feu <\/strong>est instaur\u00e9 dans 9 territoires fran\u00e7ais (Paris-Ile-de-France, Rouen, Grenoble, Lille, Lyon, Aix-Marseille, Montpellier, Saint-Etienne, Toulouse).<\/li>\n<li><strong>29 octobre<\/strong>\u00a0:<strong> un deuxi\u00e8me confinement est instaur\u00e9 en France.<\/strong><\/li>\n<li><strong>28 novembre : <\/strong>r\u00e9ouverture des commerces non essentiels un mois avant les f\u00eates de fin d&rsquo;ann\u00e9e.<\/li>\n<li><strong>15 d\u00e9cembre : d\u00e9confinement <\/strong>avec\u00a0couvre-feu de 20 heures \u00e0 6 heures du matin.<\/li>\n<li><strong>24 d\u00e9cembre<\/strong> <strong>: autorisation du vaccin Pfizer-BioNTech en France.<\/strong><\/li>\n<li><strong>27 d\u00e9cembre :<\/strong> d\u00e9but de la vaccination en France avec le vaccin Pfizer BioNTech.<\/li>\n<\/ul>\n<p><u><strong>2021<\/strong><\/u><\/p>\n<ul>\n<li><strong>8 janvier 2021<\/strong> <strong>:\u00a0autorisation du vaccin Moderna en France.<\/strong><\/li>\n<li><strong>31 janvier\u00a0<\/strong>: fermeture des fronti\u00e8res de la France\u00a0aux pays ext\u00e9rieurs \u00e0 l&rsquo;Union europ\u00e9enne<\/li>\n<li><strong>2 f\u00e9vrier<\/strong>\u00a0<strong>:\u00a0autorisation du vaccin AstraZeneca en France<\/strong>.<\/li>\n<li><strong>11 f\u00e9vrier : <\/strong>d\u00e9ploiement des tests salivaires dans les \u00e9tablissements scolaires.<\/li>\n<li><strong>12 mars :\u00a0autorisation du\u00a0vaccin\u00a0Johnson&amp;Johnson.<\/strong><\/li>\n<li><strong>16 mars <\/strong>: autorisation des autotests en France.<\/li>\n<li><strong>19 mars :<\/strong> confinement de 16 d\u00e9partements pour une dur\u00e9e de 4 semaines. Le couvre-feu repasse \u00e0 19 heures dans toute la France au lieu de 18 heures.<\/li>\n<li><strong>25 mars<\/strong> :\u00a0confinement de 3 nouveaux d\u00e9partements pour une dur\u00e9e de 4\u00a0semaines.<\/li>\n<li><strong>3 avril\u00a0: la France met en place son troisi\u00e8me confinement,<\/strong>\u00a0les \u00e9coles ferment pour trois semaines, les d\u00e9placements sont limit\u00e9s \u00e0 10 km.<\/li>\n<li><strong>12 avril :<\/strong> ouverture de la vaccination\u00a0\u00e0 tous les Fran\u00e7ais \u00e2g\u00e9s de\u00a055\u00a0ans ou plus.<\/li>\n<li><strong>3 mai : premi\u00e8re \u00e9tape du d\u00e9confinement <\/strong>avec la<strong>\u00a0<\/strong>fin de l&rsquo;attestation de d\u00e9placement et de la limitation des d\u00e9placements \u00e0 10 km. Le couvre-feu est en vigueur de 19h \u00e0 6h.<\/li>\n<li><strong>10 mai <\/strong>: ouverture de la vaccination aux plus de 50 ans.<\/li>\n<li><strong>19 mai :<\/strong>\u00a0deuxi\u00e8me \u00e9tape du d\u00e9confinement avec la r\u00e9ouverture des lieux essentiels ferm\u00e9s (terrasses des bars et restaurants, mus\u00e9es, cin\u00e9mas, th\u00e9\u00e2tres, commerces&#8230;) et couvre-feu de 21 h \u00e0 6 h.\u00a0<\/li>\n<li><strong>31 mai :<\/strong> ouverture de la vaccination \u00e0 toutes les personnes majeures, sans aucune condition.\u00a0<\/li>\n<\/ul>\n<\/td>\n<\/tr>\n<\/tbody>\n<\/table>\n<p><em>Cet article est mis \u00e0 jour quotidiennement par <a href=\"https:\/\/www.journaldesfemmes.fr\/account\/ablaize-11409696\" target=\"_blank\" rel=\"noopener noreferrer\">Aur\u00e9lie Blaize<\/a>, <a href=\"https:\/\/www.journaldesfemmes.fr\/account\/anaisthiebaux-10573564\" target=\"_blank\" rel=\"noopener noreferrer\">Ana\u00efs Thi\u00e9baux<\/a> et <a href=\"https:\/\/www.journaldesfemmes.fr\/account\/samanthapages-11598093\" target=\"_blank\" rel=\"noopener noreferrer\">Samantha Pag\u00e8s<\/a>.\u00a0<\/em><\/p>\n<\/section>\n<\/div>\n<p>[ad_2]<br \/>\n<br \/><a href=\"https:\/\/sante.journaldesfemmes.fr\/fiches-maladies\/2605417-covid-19-france-chiffres-nombre-cas-mort-direct-bilan-du-jour-vaccin-landes\/\">Source link <\/a><\/p>\n","protected":false},"excerpt":{"rendered":"<p>[ad_1] CORONAVIRUS DIRECT &#8211; A deux jours d&rsquo;une nouvelle phase de d\u00e9confinement, la France confirme sa d\u00e9crue, y compris dans &hellip; <a href=\"http:\/\/www.affinite.fr\/index.php\/2021\/06\/07\/situation-sous-controle-dans-les-landes-bilan\/\" class=\"more-link\">Plus <span class=\"screen-reader-text\">\u00ab\u00a0situation sous contr\u00f4le\u00a0\u00bb dans les Landes, bilan<\/span> <span class=\"meta-nav\">&rarr;<\/span><\/a><\/p>\n","protected":false},"author":1,"featured_media":6498,"comment_status":"open","ping_status":"open","sticky":false,"template":"","format":"standard","meta":{"_sitemap_exclude":false,"_sitemap_priority":"","_sitemap_frequency":"","footnotes":""},"categories":[1],"tags":[],"class_list":["post-6497","post","type-post","status-publish","format-standard","has-post-thumbnail","hentry","category-tous"],"_links":{"self":[{"href":"http:\/\/www.affinite.fr\/index.php\/wp-json\/wp\/v2\/posts\/6497"}],"collection":[{"href":"http:\/\/www.affinite.fr\/index.php\/wp-json\/wp\/v2\/posts"}],"about":[{"href":"http:\/\/www.affinite.fr\/index.php\/wp-json\/wp\/v2\/types\/post"}],"author":[{"embeddable":true,"href":"http:\/\/www.affinite.fr\/index.php\/wp-json\/wp\/v2\/users\/1"}],"replies":[{"embeddable":true,"href":"http:\/\/www.affinite.fr\/index.php\/wp-json\/wp\/v2\/comments?post=6497"}],"version-history":[{"count":0,"href":"http:\/\/www.affinite.fr\/index.php\/wp-json\/wp\/v2\/posts\/6497\/revisions"}],"wp:featuredmedia":[{"embeddable":true,"href":"http:\/\/www.affinite.fr\/index.php\/wp-json\/wp\/v2\/media\/6498"}],"wp:attachment":[{"href":"http:\/\/www.affinite.fr\/index.php\/wp-json\/wp\/v2\/media?parent=6497"}],"wp:term":[{"taxonomy":"category","embeddable":true,"href":"http:\/\/www.affinite.fr\/index.php\/wp-json\/wp\/v2\/categories?post=6497"},{"taxonomy":"post_tag","embeddable":true,"href":"http:\/\/www.affinite.fr\/index.php\/wp-json\/wp\/v2\/tags?post=6497"}],"curies":[{"name":"wp","href":"https:\/\/api.w.org\/{rel}","templated":true}]}}