{"id":6477,"date":"2021-06-03T15:23:23","date_gmt":"2021-06-03T15:23:23","guid":{"rendered":"https:\/\/www.affinite.fr\/index.php\/2021\/06\/03\/festival-des-jardins-a-la-villa-rothschild-a-cannes\/"},"modified":"2021-06-03T15:23:23","modified_gmt":"2021-06-03T15:23:23","slug":"festival-des-jardins-a-la-villa-rothschild-a-cannes","status":"publish","type":"post","link":"http:\/\/www.affinite.fr\/index.php\/2021\/06\/03\/festival-des-jardins-a-la-villa-rothschild-a-cannes\/","title":{"rendered":"Festival des jardins \u00e0 la Villa Rothschild \u00e0 Cannes"},"content":{"rendered":"<p> [ad_1]<br \/>\n<br \/><img decoding=\"async\" src=\"https:\/\/maison3.advcdn.net\/images\/medias\/000\/055\/000055015\/200.jpg\" \/><\/p>\n<div itemprop=\"articleBody\">\n<p>\n  <strong>Folie Folia<\/strong> de <strong>Livia Kolb et Virginie Alexe<\/strong> ont imagin\u00e9 l&rsquo;espace comme un tableau grandeur nature install\u00e9 \u00e0 la mani\u00e8re d&rsquo;un collage pos\u00e9 sur une grande feuille de papier. Teint\u00e9 de <strong>bleu<\/strong>, en rappel au <strong>bleu Klein<\/strong> et ses <strong>anthropom\u00e9tries<\/strong>, les empreintes ne sont pas celle des visiteurs mais des <strong>v\u00e9g\u00e9taux<\/strong> pr\u00e9sents dans le jardin au travers d&rsquo;un proc\u00e9d\u00e9 photographique bien connu et fort appr\u00e9ci\u00e9 en ce moment par les artistes: le <strong>cyanotype.<\/strong>\n<\/p>\n<p>\n  <strong>Partenaire : P\u00e9pini\u00e8re Sainte Marguerite<\/strong>\n<\/p>\n<p>\n  Des <strong>toiles bleues<\/strong> horizontales d\u00e9cor\u00e9es par la technique du <strong>photogramme<\/strong> <strong>d&rsquo;herbier<\/strong>, r\u00e9v\u00e9l\u00e9e par <strong>Anna Atkins<\/strong> la pionni\u00e8re en la mati\u00e8re accueillent le visiteur dans un monde enchant\u00e9. On entre dans le <strong>jardin<\/strong> par une porte <strong>voil\u00e9e de blanc<\/strong> laissant d\u00e9couvir des portiques d\u00e9cor\u00e9s de <strong>feuillages blancs<\/strong>, des bandes horizontales sur un long ch\u00e2ssis ou un passage voil\u00e9 <strong>aux formes ondulantes<\/strong>. Des <strong>fleurs de la passion bleues<\/strong> grimpent le long des poteaux, pr\u00eates \u00e0 recouvrir les toiles. A d\u00e9couvrir vite avant la fin du festival&#8230;.\n<\/p>\n<p>\n  A quelques m\u00e8tres de l\u00e0, le jardin <strong>Complantation\/contemplation<\/strong> de <strong>Catherien Baas et Christophe Tardy<\/strong> est cr\u00e9\u00e9 pour une d\u00e9ambulation dans un lieu clos d&rsquo;arbres \u00e0 <strong>fleurs bleues<\/strong>, soulign\u00e9 par un quadrillage de <strong>cordes<\/strong> <strong>bleues<\/strong> servant de guide aux <strong>v\u00e9g\u00e9taux<\/strong> pour s&rsquo;enrouler et s&rsquo;y accrocher, feuillages qui auraient pu recouvrir la globalit\u00e9 de l&rsquo;espace si le temps de pr\u00e9sentation eut \u00e9t\u00e9 plus long..\n<\/p>\n<p>\n  Le projet est construit autour d&rsquo;une <strong>vari\u00e9t\u00e9 v\u00e9g\u00e9tale<\/strong>, allant du <strong>jardin nourricier aux plantes ornementales<\/strong> et magiques. L&rsquo;imbrication des plantes tisse un voile protecteur, un espace intime o\u00f9 le public est appel\u00e9 \u00e0 s&rsquo;asseoir sur des scumptures-si\u00e8ges propices \u00e0 la contemplation.\u00a0\n<\/p>\n<p>\n  <strong>Jardin d&rsquo;artistes<\/strong>, il donne \u00e0 voir et \u00e0 penser des propositions <strong>graphiques et botaniques<\/strong> ou la nature est une oeuvre d&rsquo;art en soi.\n<\/p>\n<p>\n  <strong>Les partenaires : P\u00e9pini\u00e8re Landy \u00e0 St Paul en Jarez, P\u00e9pini\u00e8re Pastorino \u00e0 Cagnes sur mer, P\u00e9pini\u00e8re Ste Marguerite, INRAP.<\/strong>\n<\/p>\n<p>\n  <strong><a href=\"#alpesmaritime\">#alpesmaritime\u00a0<\/a> Face book\u00a0 et insta : <a href=\"http:\/\/departement06\">departement06<\/a><\/strong>\n<\/p>\n<p>\n  <a href=\"http:\/\/festivaldesjardins.departement06.fr\">festivaldesjardins.departement06.fr<\/a>\n<\/p>\n<\/p><\/div>\n<p><script async defer crossorigin=\"anonymous\" src=\"https:\/\/connect.facebook.net\/fr_FR\/sdk.js#xfbml=1&#038;version=v6.0&#038;appId=252025098257546&#038;autoLogAppEvents=1\"><\/script><br \/>\n<br \/>[ad_2]<br \/>\n<br \/><a href=\"http:\/\/feedproxy.google.com\/~r\/maison-actus\/~3\/EBZecH5aY28\/\">Source link <\/a><\/p>\n","protected":false},"excerpt":{"rendered":"<p>[ad_1] Folie Folia de Livia Kolb et Virginie Alexe ont imagin\u00e9 l&rsquo;espace comme un tableau grandeur nature install\u00e9 \u00e0 la &hellip; <a href=\"http:\/\/www.affinite.fr\/index.php\/2021\/06\/03\/festival-des-jardins-a-la-villa-rothschild-a-cannes\/\" class=\"more-link\">Plus <span class=\"screen-reader-text\">Festival des jardins \u00e0 la Villa Rothschild \u00e0 Cannes<\/span> <span class=\"meta-nav\">&rarr;<\/span><\/a><\/p>\n","protected":false},"author":1,"featured_media":6478,"comment_status":"open","ping_status":"open","sticky":false,"template":"","format":"standard","meta":{"_sitemap_exclude":false,"_sitemap_priority":"","_sitemap_frequency":"","footnotes":""},"categories":[1],"tags":[],"class_list":["post-6477","post","type-post","status-publish","format-standard","has-post-thumbnail","hentry","category-tous"],"_links":{"self":[{"href":"http:\/\/www.affinite.fr\/index.php\/wp-json\/wp\/v2\/posts\/6477"}],"collection":[{"href":"http:\/\/www.affinite.fr\/index.php\/wp-json\/wp\/v2\/posts"}],"about":[{"href":"http:\/\/www.affinite.fr\/index.php\/wp-json\/wp\/v2\/types\/post"}],"author":[{"embeddable":true,"href":"http:\/\/www.affinite.fr\/index.php\/wp-json\/wp\/v2\/users\/1"}],"replies":[{"embeddable":true,"href":"http:\/\/www.affinite.fr\/index.php\/wp-json\/wp\/v2\/comments?post=6477"}],"version-history":[{"count":0,"href":"http:\/\/www.affinite.fr\/index.php\/wp-json\/wp\/v2\/posts\/6477\/revisions"}],"wp:featuredmedia":[{"embeddable":true,"href":"http:\/\/www.affinite.fr\/index.php\/wp-json\/wp\/v2\/media\/6478"}],"wp:attachment":[{"href":"http:\/\/www.affinite.fr\/index.php\/wp-json\/wp\/v2\/media?parent=6477"}],"wp:term":[{"taxonomy":"category","embeddable":true,"href":"http:\/\/www.affinite.fr\/index.php\/wp-json\/wp\/v2\/categories?post=6477"},{"taxonomy":"post_tag","embeddable":true,"href":"http:\/\/www.affinite.fr\/index.php\/wp-json\/wp\/v2\/tags?post=6477"}],"curies":[{"name":"wp","href":"https:\/\/api.w.org\/{rel}","templated":true}]}}