{"id":6475,"date":"2021-06-03T15:09:25","date_gmt":"2021-06-03T15:09:25","guid":{"rendered":"https:\/\/www.affinite.fr\/index.php\/2021\/06\/03\/bande-annonce-la-pat-patrouille-le-film-adapte-de-la-serie-animee-se-devoile-actus-cine\/"},"modified":"2021-06-03T15:09:25","modified_gmt":"2021-06-03T15:09:25","slug":"bande-annonce-la-pat-patrouille-le-film-adapte-de-la-serie-animee-se-devoile-actus-cine","status":"publish","type":"post","link":"http:\/\/www.affinite.fr\/index.php\/2021\/06\/03\/bande-annonce-la-pat-patrouille-le-film-adapte-de-la-serie-animee-se-devoile-actus-cine\/","title":{"rendered":"Bande-annonce La Pat\u2019 Patrouille : le film adapt\u00e9 de la s\u00e9rie anim\u00e9e se d\u00e9voile ! &#8211; Actus Cin\u00e9"},"content":{"rendered":"<p> [ad_1]<br \/>\n<\/p>\n<p>La Pat\u2019 Patrouille d\u00e9barque au cin\u00e9ma ! La bande-annonce du long-m\u00e9trage adapt\u00e9 de la c\u00e9l\u00e8bre s\u00e9rie d&rsquo;animation vient d&rsquo;\u00eatre d\u00e9voil\u00e9e. Le film sort dans nos salles le 25 ao\u00fbt.<\/p>\n<div id=\"article-content\">\n<figure class=\"article-figure article-main-figure\"><img loading=\"lazy\" decoding=\"async\" class=\"article-figure-img\" width=\"654\" height=\"368\" src=\"https:\/\/fr.web.img5.acsta.net\/r_654_368\/newsv7\/21\/06\/03\/11\/53\/3622123.jpg\"\/><\/figure>\n<p><iframe loading=\"lazy\" src=\"http:\/\/www.allocine.fr\/about:blank\" data-src=\"https:\/\/www.youtube.com\/embed\/3ES5kSS14Uk\" width=\"480\" height=\"270\"><\/iframe><\/p>\n<p>Chase, Ruben, Marcus, Stella et leurs amis d\u00e9barquent au cin\u00e9ma pour la premi\u00e8re fois ! Adapt\u00e9 de la c\u00e9l\u00e8bre s\u00e9rie anim\u00e9e cr\u00e9\u00e9e en 2013 par Keith Chapman, <a title=\"La Pat\u2019 Patrouille Le film (U.S.A.,Canada) - 2021 (Animation,Famille,Aventure,Com\u00e9die)\" href=\"http:\/\/www.allocine.fr\/film\/fichefilm_gen_cfilm=282238.html\">La Pat&rsquo; Patrouille, Le film <\/a>est la premi\u00e8re grande aventure des chiens sauveteurs sur grand \u00e9cran.<\/p>\n<p>Dans ce film mis en sc\u00e8ne par <a title=\"Cal Brunker (U.S.A.) (Sc\u00e9nariste,R\u00e9alisateur,Coproducteur d\u00e9l\u00e9gu\u00e9)\" href=\"http:\/\/www.allocine.fr\/personne\/fichepersonne_gen_cpersonne=447317.html\">Cal Brunker<\/a>, \u00e0 qui l&rsquo;on doit<a title=\"Les Z\u00e9vad\u00e9s de l'espace (U.S.A.,Canada) - 2013 (Animation,Com\u00e9die,Science fiction,Aventure)\" href=\"http:\/\/www.allocine.fr\/film\/fichefilm_gen_cfilm=176841.html\"> Les Z\u00e9vad\u00e9s de l&rsquo;espace<\/a> et <a title=\"Op\u00e9ration casse-noisette 2 (U.S.A.) - 2017 (Animation,Famille)\" href=\"http:\/\/www.allocine.fr\/film\/fichefilm_gen_cfilm=226733.html\">Op\u00e9ration Casse-noisette 2<\/a>, le jeune Ryder et ses amis les chiens intr\u00e9pides vont tenter d&rsquo;arr\u00eater leur plus grand rival : Monsieur Hellinger, devenu maire d&rsquo;Aventureville.<\/p>\n<p>Tandis que l&rsquo;un de nos h\u00e9ros se voit confront\u00e9 \u00e0 son pass\u00e9, l\u2019\u00e9quipe va trouver une nouvelle alli\u00e9e : Liberty, une teckel fut\u00e9e et pleine d&rsquo;\u00e9nergie. \u00c9quip\u00e9e de gadgets in\u00e9dits et de nouveaux \u00e9quipements, la Pat\u2019 Patrouille va voler au secours des citoyens d\u2019Aventureville.<\/p>\n<p><a title=\"Iain Armitage (U.S.A.) (Acteur)\" href=\"http:\/\/www.allocine.fr\/personne\/fichepersonne_gen_cpersonne=766983.html\">Iain Armitage<\/a>\u00a0(<a title=\"Young Sheldon (U.S.A.) (Com\u00e9die)\" href=\"http:\/\/www.allocine.fr\/series\/ficheserie_gen_cserie=21210.html\">Young Sheldon<\/a>), <a title=\"Marsai Martin (U.S.A.) (Acteur,Producteur,Sur une id\u00e9e de)\" href=\"http:\/\/www.allocine.fr\/personne\/fichepersonne_gen_cpersonne=692896.html\">Marsai Martin<\/a>, <a title=\"Ron Pardo (Ind\u00e9fini) (Acteur)\" href=\"http:\/\/www.allocine.fr\/personne\/fichepersonne_gen_cpersonne=79299.html\">Ron Pardo<\/a>, <a title=\"Yara Shahidi (U.S.A.) (Acteur)\" href=\"http:\/\/www.allocine.fr\/personne\/fichepersonne_gen_cpersonne=214694.html\">Yara Shahidi<\/a>,<a title=\"Randall Park (U.S.A.) (Acteur,Producteur,Sur une id\u00e9e de)\" href=\"http:\/\/www.allocine.fr\/personne\/fichepersonne_gen_cpersonne=134594.html\"> Randall Park<\/a>, <a title=\"Kim Kardashian (U.S.A.) (Acteur,Producteur)\" href=\"http:\/\/www.allocine.fr\/personne\/fichepersonne_gen_cpersonne=212918.html\">Kim Kardashian<\/a>, <a title=\"Dax Shepard (U.S.A.) (Acteur,R\u00e9alisateur,Producteur d\u00e9l\u00e9gu\u00e9)\" href=\"http:\/\/www.allocine.fr\/personne\/fichepersonne_gen_cpersonne=93635.html\">Dax Shepard<\/a>,\u00a0<a title=\"Tyler Perry (U.S.A.) (Sc\u00e9nariste,R\u00e9alisateur,Acteur)\" href=\"http:\/\/www.allocine.fr\/personne\/fichepersonne_gen_cpersonne=101407.html\">Tyler Perry<\/a> et\u00a0<a title=\"Jimmy Kimmel (U.S.A.) (Acteur,Producteur d\u00e9l\u00e9gu\u00e9,Cr\u00e9ateur)\" href=\"http:\/\/www.allocine.fr\/personne\/fichepersonne_gen_cpersonne=138939.html\">Jimmy Kimmel<\/a> pr\u00eatent leur voix aux personnages anim\u00e9s de ce long-m\u00e9trage, dans la version originale.\u00a0<\/p>\n<p>En France c&rsquo;est la jeune Valentina, gagnante de l&rsquo;Eurovision Junior et membre de Kids United Nouvelle G\u00e9n\u00e9ration qui doublera la nouvelle venue Liberty, tandis que le pr\u00e9sentateur Joan Faggianelli pr\u00eate sa voix au journaliste d&rsquo;Aventureville Franky Fouinepartout.<\/p>\n<div>Diffus\u00e9e dans 170 pays et en 30 langues,\u00a0<a title=\"Paw Patrol, la Pat'Patrouille (U.S.A.) (Animation,Famille,Aventure)\" href=\"http:\/\/www.allocine.fr\/series\/ficheserie_gen_cserie=18821.html\">Pat&rsquo;Patrouille<\/a> est un v\u00e9ritable ph\u00e9nom\u00e8ne et figure dans le top 10 des programmes les plus populaires sur Netflix. L&rsquo;arriv\u00e9e au cin\u00e9ma le 25 ao\u00fbt prochain de la bande de gentils chiens est donc un \u00e9v\u00e9nement pour les petits spectateurs et leurs parents&#8230; <\/p>\n<p>Et n&rsquo;oubliez pas : aucune mission n&rsquo;est trop dure car la Pat&rsquo; Patrouille assure !<\/p>\n<\/div><\/div>\n<p>[ad_2]<br \/>\n<br \/><a href=\"http:\/\/rss.allocine.fr\/~r\/ac\/actualites\/~3\/Hg-RxhoVBNg\/fichearticle_gen_carticle=18700015.html\">Source link <\/a><\/p>\n","protected":false},"excerpt":{"rendered":"<p>[ad_1] La Pat\u2019 Patrouille d\u00e9barque au cin\u00e9ma ! La bande-annonce du long-m\u00e9trage adapt\u00e9 de la c\u00e9l\u00e8bre s\u00e9rie d&rsquo;animation vient d&rsquo;\u00eatre &hellip; <a href=\"http:\/\/www.affinite.fr\/index.php\/2021\/06\/03\/bande-annonce-la-pat-patrouille-le-film-adapte-de-la-serie-animee-se-devoile-actus-cine\/\" class=\"more-link\">Plus <span class=\"screen-reader-text\">Bande-annonce La Pat\u2019 Patrouille : le film adapt\u00e9 de la s\u00e9rie anim\u00e9e se d\u00e9voile ! &#8211; Actus Cin\u00e9<\/span> <span class=\"meta-nav\">&rarr;<\/span><\/a><\/p>\n","protected":false},"author":1,"featured_media":6476,"comment_status":"open","ping_status":"open","sticky":false,"template":"","format":"standard","meta":{"_sitemap_exclude":false,"_sitemap_priority":"","_sitemap_frequency":"","footnotes":""},"categories":[1],"tags":[],"class_list":["post-6475","post","type-post","status-publish","format-standard","has-post-thumbnail","hentry","category-tous"],"_links":{"self":[{"href":"http:\/\/www.affinite.fr\/index.php\/wp-json\/wp\/v2\/posts\/6475"}],"collection":[{"href":"http:\/\/www.affinite.fr\/index.php\/wp-json\/wp\/v2\/posts"}],"about":[{"href":"http:\/\/www.affinite.fr\/index.php\/wp-json\/wp\/v2\/types\/post"}],"author":[{"embeddable":true,"href":"http:\/\/www.affinite.fr\/index.php\/wp-json\/wp\/v2\/users\/1"}],"replies":[{"embeddable":true,"href":"http:\/\/www.affinite.fr\/index.php\/wp-json\/wp\/v2\/comments?post=6475"}],"version-history":[{"count":0,"href":"http:\/\/www.affinite.fr\/index.php\/wp-json\/wp\/v2\/posts\/6475\/revisions"}],"wp:featuredmedia":[{"embeddable":true,"href":"http:\/\/www.affinite.fr\/index.php\/wp-json\/wp\/v2\/media\/6476"}],"wp:attachment":[{"href":"http:\/\/www.affinite.fr\/index.php\/wp-json\/wp\/v2\/media?parent=6475"}],"wp:term":[{"taxonomy":"category","embeddable":true,"href":"http:\/\/www.affinite.fr\/index.php\/wp-json\/wp\/v2\/categories?post=6475"},{"taxonomy":"post_tag","embeddable":true,"href":"http:\/\/www.affinite.fr\/index.php\/wp-json\/wp\/v2\/tags?post=6475"}],"curies":[{"name":"wp","href":"https:\/\/api.w.org\/{rel}","templated":true}]}}