{"id":647,"date":"2020-03-15T07:13:18","date_gmt":"2020-03-15T07:13:18","guid":{"rendered":"https:\/\/www.affinite.fr\/index.php\/2020\/03\/15\/coronavirus-fermeture-de-tous-les-cinemas-francais-actus-cine\/"},"modified":"2020-03-15T07:13:18","modified_gmt":"2020-03-15T07:13:18","slug":"coronavirus-fermeture-de-tous-les-cinemas-francais-actus-cine","status":"publish","type":"post","link":"http:\/\/www.affinite.fr\/index.php\/2020\/03\/15\/coronavirus-fermeture-de-tous-les-cinemas-francais-actus-cine\/","title":{"rendered":"Coronavirus : fermeture de tous les cin\u00e9mas fran\u00e7ais &#8211; Actus Cin\u00e9"},"content":{"rendered":"<p> [ad_1]<br \/>\n<\/p>\n<div id=\"article-container\">\n<p class=\"article-lead\">Le Premier ministre Edouard Philippe vient d&rsquo;annoncer la fermeture jusqu&rsquo;\u00e0 nouvel ordre des \u00ab\u00a0lieux recevant du public non indispensables \u00e0 la vie du pays\u00a0\u00bb. Cette d\u00e9cision concerne aussi les salles de cin\u00e9ma.<\/p>\n<div id=\"article-content\">\n<figure class=\"article-figure article-main-figure\"><img loading=\"lazy\" decoding=\"async\" class=\"article-figure-img\" width=\"640\" height=\"360\" src=\"http:\/\/fr.web.img6.acsta.net\/r_640_360\/newsv7\/20\/03\/14\/20\/04\/3216654.jpg\"\/><figcaption class=\"article-figcaption-copy\">FNCF<\/figcaption><\/figure>\n<p>Apr\u00e8s l&rsquo;interdiction des rassemblements de plus de 100 personnes, les mesures du gouvernement pour faire face \u00e0 l&rsquo;\u00e9pid\u00e9mie de coronavirus se durcissent. Si certaines salles de cin\u00e9ma esp\u00e9raient pouvoir ouvrir leurs portes \u00e0 quelques spectateurs ce week-end tout en respectant les consignes, cela ne pourra plus \u00eatre le cas d\u00e8s ce samedi 14 mars minuit. Le Premier ministre Edouard Philippe vient en effet d&rsquo;annoncer la fermeture<i> \u00ab\u00a0des lieux recevant du public non indispensables \u00e0 la vie du pays\u00a0\u00bb<\/i>\u00a0et cette d\u00e9cision concerne aussi les salles de cin\u00e9ma.\u00a0<\/p>\n<p><a class=\"cms-see-also\" data-title=\"\u00c0 lire aussi\" href=\"http:\/\/www.allocine.fr\/article\/fichearticle_gen_carticle=18688150.html\">Coronavirus et cin\u00e9ma : annulations, reports, fermetures&#8230; Quel impact sur l&rsquo;industrie du film et des s\u00e9ries ?<\/a>\n<\/p>\n<p class=\"p1\"><span class=\"s1\">Certains territoires avaient d\u00e9j\u00e0 fait le choix de fermer des cin\u00e9mas, \u00e0 l\u2019image des cinq \u00e9tablissements d\u2019Est Ensemble, dont le M\u00e9li\u00e8s de Montreuil. La Cin\u00e9math\u00e8que de Paris et le Forum des Images avaient r\u00e9cemment annonc\u00e9 la fermeture de leurs portes. La d\u00e9cision du gouvernement intervient alors que de nombreux distributeurs, fran\u00e7ais et internationaux, ont choisi de d\u00e9caler la sortie de leurs films. Retrouvez la liste des films repouss\u00e9s sur <a href=\"http:\/\/www.allocine.fr\/article\/fichearticle_gen_carticle=18688424.html\">cette page<\/a>.<\/span><\/p>\n<\/p><\/div>\n<\/p><\/div>\n<p>[ad_2]<br \/>\n<br \/><a href=\"http:\/\/rss.allocine.fr\/~r\/ac\/actualites\/~3\/WUFe0gbFYSA\/fichearticle_gen_carticle=18688467.html\">Source link <\/a><\/p>\n","protected":false},"excerpt":{"rendered":"<p>[ad_1] Le Premier ministre Edouard Philippe vient d&rsquo;annoncer la fermeture jusqu&rsquo;\u00e0 nouvel ordre des \u00ab\u00a0lieux recevant du public non indispensables &hellip; <a href=\"http:\/\/www.affinite.fr\/index.php\/2020\/03\/15\/coronavirus-fermeture-de-tous-les-cinemas-francais-actus-cine\/\" class=\"more-link\">Plus <span class=\"screen-reader-text\">Coronavirus : fermeture de tous les cin\u00e9mas fran\u00e7ais &#8211; Actus Cin\u00e9<\/span> <span class=\"meta-nav\">&rarr;<\/span><\/a><\/p>\n","protected":false},"author":1,"featured_media":648,"comment_status":"open","ping_status":"open","sticky":false,"template":"","format":"standard","meta":{"_sitemap_exclude":false,"_sitemap_priority":"","_sitemap_frequency":"","footnotes":""},"categories":[1],"tags":[],"class_list":["post-647","post","type-post","status-publish","format-standard","has-post-thumbnail","hentry","category-tous"],"_links":{"self":[{"href":"http:\/\/www.affinite.fr\/index.php\/wp-json\/wp\/v2\/posts\/647"}],"collection":[{"href":"http:\/\/www.affinite.fr\/index.php\/wp-json\/wp\/v2\/posts"}],"about":[{"href":"http:\/\/www.affinite.fr\/index.php\/wp-json\/wp\/v2\/types\/post"}],"author":[{"embeddable":true,"href":"http:\/\/www.affinite.fr\/index.php\/wp-json\/wp\/v2\/users\/1"}],"replies":[{"embeddable":true,"href":"http:\/\/www.affinite.fr\/index.php\/wp-json\/wp\/v2\/comments?post=647"}],"version-history":[{"count":0,"href":"http:\/\/www.affinite.fr\/index.php\/wp-json\/wp\/v2\/posts\/647\/revisions"}],"wp:featuredmedia":[{"embeddable":true,"href":"http:\/\/www.affinite.fr\/index.php\/wp-json\/wp\/v2\/media\/648"}],"wp:attachment":[{"href":"http:\/\/www.affinite.fr\/index.php\/wp-json\/wp\/v2\/media?parent=647"}],"wp:term":[{"taxonomy":"category","embeddable":true,"href":"http:\/\/www.affinite.fr\/index.php\/wp-json\/wp\/v2\/categories?post=647"},{"taxonomy":"post_tag","embeddable":true,"href":"http:\/\/www.affinite.fr\/index.php\/wp-json\/wp\/v2\/tags?post=647"}],"curies":[{"name":"wp","href":"https:\/\/api.w.org\/{rel}","templated":true}]}}