{"id":6467,"date":"2021-06-01T21:30:31","date_gmt":"2021-06-01T21:30:31","guid":{"rendered":"https:\/\/www.affinite.fr\/index.php\/2021\/06\/01\/je-revais-dentrer-a-sciences-po\/"},"modified":"2021-06-01T21:30:31","modified_gmt":"2021-06-01T21:30:31","slug":"je-revais-dentrer-a-sciences-po","status":"publish","type":"post","link":"http:\/\/www.affinite.fr\/index.php\/2021\/06\/01\/je-revais-dentrer-a-sciences-po\/","title":{"rendered":"\u00ab\u00a0Je r\u00eavais d&rsquo;entrer \u00e0 Sciences Po\u00a0\u00bb"},"content":{"rendered":"<p> [ad_1]<br \/>\n<br \/><img decoding=\"async\" src=\"https:\/\/img-3.journaldesfemmes.fr\/1RccQw7cr45gHXV7PeBdTjTNpoM=\/1280x\/smart\/a38a07e853d044498acd4a216f1f299a\/ccmcms-jdf\/25159754.jpg\" \/><\/p>\n<p>\n                Dans \u00ab\u00a0Les H\u00e9riti\u00e8res\u00a0\u00bb, diffus\u00e9 sur Arte le 4\u00a0juin et d\u00e9j\u00e0 disponible sur arte.tv, D\u00e9borah Fran\u00e7ois incarne une CPE attentive qui tente d&rsquo;aider une \u00e9l\u00e8ve de banlieue \u00e0 int\u00e9grer le prestigieux lyc\u00e9e Henri IV. Confidences de l&rsquo;actrice, qui aspirait \u00e0 faire de longues \u00e9tudes&#8230;            <\/p>\n<div>\n<p><strong>D\u00e9borah Fran\u00e7ois\u00a0<\/strong>incarne une CPE de coll\u00e8ge bouleversante, impliqu\u00e9e et attentive dans <strong><em><a href=\"https:\/\/www.journaldesfemmes.fr\/loisirs\/tv\/les-heritieres\/\" title=\"Les H\u00e9riti\u00e8res\">Les H\u00e9riti\u00e8res<\/a><\/em><\/strong>, r\u00e9alis\u00e9 par Nolwenn Lemesle et \u00e9crit par les sc\u00e9naristes Laure-Elisabeth Bourdaud et Johanna Goldschmidt. Un film, <strong>diffus\u00e9 le 4 juin \u00e0 20h55\u00a0sur Arte et d\u00e9sormais disponible sur Arte.Tv,<\/strong> dans lequel son personnage aide celui de Sanou, une \u00e9l\u00e8ve habitant la Seine-Saint-Denis, \u00e0 s&rsquo;adapter dans le prestigieux lyc\u00e9e Henri IV. Dans une certaine mesure, D\u00e9borah Fran\u00e7ois s&rsquo;identifie \u00e0 cette situation ardue, puisqu&rsquo;elle a commenc\u00e9 \u00e0 17 ans dans le cin\u00e9ma, venant d&rsquo;un monde compl\u00e8tement diff\u00e9rent.\u00a0La com\u00e9dienne nous raconte son adolescence, ses d\u00e9buts difficiles dans le 7e art, sa notori\u00e9t\u00e9 pr\u00e9coce&#8230;<\/p>\n<p><strong>Comment vous \u00eates-vous lanc\u00e9e dans l&rsquo;aventure <em>Les H\u00e9riti\u00e8res<\/em>\u00a0?<\/strong><br \/><strong>D\u00e9borah Fran\u00e7ois :<\/strong> La r\u00e9alisatrice m&rsquo;a appel\u00e9e et tout s&rsquo;est fait tr\u00e8s rapidement. Deux jours apr\u00e8s, je rencontrais la CPE qui a inspir\u00e9 le film. Les choses ont \u00e9t\u00e9 assez naturelles avec Nolwenn (Lemesle, la r\u00e9alisatrice, ndlr). J&rsquo;ai aim\u00e9 sa d\u00e9marche de s&rsquo;entourer majoritairement de femmes pour ce projet. Des sc\u00e9naristes, des actrices\u2026 Je n&rsquo;avais jamais lu de sc\u00e9nario qui pr\u00e9sentait ce th\u00e8me de cette fa\u00e7on.<br \/>Je suis tr\u00e8s contente que <em>Les H\u00e9riti\u00e8res <\/em>soit diffus\u00e9 \u00e0 la t\u00e9l\u00e9vision, sur Arte et Arte.Tv, car j&rsquo;imagine que l&rsquo;on pourra toucher plus de gens, des personnes qui ne se d\u00e9placent pas forc\u00e9ment au cin\u00e9ma pour voir ce genre de film. C&rsquo;est plus facile d&rsquo;\u00eatre curieux sur ces sujets lorsque l&rsquo;on est chez soi.\u00a0<\/p>\n<p><strong>Vous avez rencontr\u00e9 la CPE qui a inspir\u00e9 le film, comment vous a-t-elle aid\u00e9e \u00e0 pr\u00e9parer votre r\u00f4le\u00a0?<\/strong><br \/><strong>D\u00e9borah Fran\u00e7ois\u00a0:\u00a0<\/strong>J&rsquo;avais des questions sur son rapport aux \u00e9l\u00e8ves, comment elle leur parlait\u2026 C&rsquo;est difficile d&rsquo;\u00eatre CPE et cela peut l&rsquo;\u00eatre encore plus lorsque l&rsquo;on est dans un lyc\u00e9e o\u00f9 les situations familiales ne sont pas \u00e9videntes. C&rsquo;est un contexte particulier, il y a beaucoup d&rsquo;\u00e9l\u00e8ves \u00e0 g\u00e9rer \u00e0 la fois. L&rsquo; \u00e9quilibre n&rsquo;est pas \u00e9vident \u00e0 maintenir entre cette volont\u00e9 d&rsquo;aider les \u00e9l\u00e8ves et ce devoir de garder son r\u00f4le de CPE. Il faut qu&rsquo;elle soit respect\u00e9e, elle est assez jeune, ce qui peut \u00e0 la fois la servir et la desservir.\u00a0<\/p>\n<p><strong>A quel point votre personnage ressemble-t-il \u00e0 la v\u00e9ritable CPE\u00a0?<\/strong><br \/><strong>D\u00e9borah Fran\u00e7ois\u00a0:\u00a0<\/strong>J&rsquo;ai l&rsquo;impression que mon personnage est assez proche de la r\u00e9elle CPE\u2026 mais qu&rsquo;elle est encore plus rock dans la vraie vie (rires)!\u00a0<\/p>\n<p><strong>Vous avez jou\u00e9 au c\u00f4t\u00e9 de l&rsquo;actrice Tracy Gotoas, qui est une v\u00e9ritable r\u00e9v\u00e9lation dans le personnage de Sanou&#8230;<\/strong><br \/><strong>D\u00e9borah Fran\u00e7ois\u00a0:\u00a0<\/strong>Elle a une \u00e9nergie dingue, rien ne lui fait peur. J&rsquo;ai beaucoup aim\u00e9 la fa\u00e7on dont elle a jou\u00e9 Sanou. Il y a \u00e0 la fois ce respect de l\u00e0 d&rsquo;o\u00f9 elle vient et cette envie de se battre pour \u00eatre accept\u00e9e dans un nouveau milieu. C&rsquo;est un exercice assez difficile, quelque chose que j&rsquo;ai pu rapprocher de mon exp\u00e9rience lorsque je suis devenue com\u00e9dienne assez jeune, vers 17-18\u00a0ans. Le d\u00e9calage entre son milieu familial et le milieu professionnel vers lequel l&rsquo;on tend, plus le temps passe, plus il peut \u00eatre compliqu\u00e9 \u00e0 g\u00e9rer.<\/p>\n<blockquote>\n<p><em>\u00ab\u00a0J&rsquo;\u00e9tais complex\u00e9e \u00e0 mes\u00a0d\u00e9buts\u00a0\u00bb<\/em><\/p>\n<\/blockquote>\n<p><strong>Vous avez commenc\u00e9 le cin\u00e9ma \u00e0 17\u00a0ans. Comment avez-vous v\u00e9cu ce plongeon dans le \u00ab\u00a0grand bain\u00a0\u00bb et cette notori\u00e9t\u00e9 si pr\u00e9coce\u00a0?\u00a0<\/strong><br \/><strong>D\u00e9borah Fran\u00e7ois\u00a0:\u00a0<\/strong>Cela n&rsquo;a pas \u00e9t\u00e9 \u00e9vident, d\u00e9j\u00e0, \u00e0 l&rsquo;instar du personnage de Sanou, j&rsquo;avais de longs trajets et allers-retours \u00e0 faire. Moi, ce n&rsquo;\u00e9tait pas en RER, mais en Thalys (rires). Je ne viens pas du tout d&rsquo;une famille ax\u00e9e sur le cin\u00e9ma. Contrairement \u00e0 beaucoup de gens que j&rsquo;ai pu rencontrer dans le m\u00e9tier, chez moi, on ne passait pas Godard le soir (rires). Je n&rsquo;\u00e9tais pas pr\u00e9par\u00e9e, je n&rsquo;avais aucune notion du cin\u00e9ma classique\u2026 du cin\u00e9ma tout court!\u00a0J&rsquo;ai d\u00fb <a href=\"http:\/\/www.affinite.fr\/index.php\/2022\/11\/09\/formation-de-glacier-apprenez-le-metier-de-glacier-et-changez-votre-vie\/\">apprendre<\/a> toute cette culture sur le tas. Et cela peut \u00eatre impressionnant.<\/p>\n<p><strong>Vous avez commenc\u00e9 dans un film des fr\u00e8res Dardenne\u2026<\/strong><br \/><strong>D\u00e9borah Fran\u00e7ois\u00a0:\u00a0<\/strong>Oui\u00a0! A Cannes, j&rsquo;ai \u00e9t\u00e9 confront\u00e9e \u00e0 certaines questions de journalistes telles que: \u00ab\u00a0Y a-t-il un c\u00f4t\u00e9 Bu\u00f1uel dans le film?\u00a0\u00bb (rires). Je n&rsquo;avais que 17\u00a0ans, je suis rest\u00e9e pantoise\u2026 Ce n&rsquo;\u00e9tait pas tr\u00e8s indulgent de leur part. Au d\u00e9but, cela m&rsquo;a complex\u00e9e. J&rsquo;ai mis pas mal de temps, ne serait-ce qu&rsquo;\u00e0 \u00e9voquer d&rsquo;o\u00f9 je venais, \u00e0 dire: \u00ab\u00a0Je ne viens pas de ce milieu, donc je peux vous parler du film, du personnage, des \u00e9motions\u2026 Mais je ne ma\u00eetrise pas les \u00e9motions\u00a0\u00bb.<\/p>\n<p><b>Ressentiez-vous un d\u00e9calage entre vos proches et les personnes que vous c\u00f4toyiez\u00a0au cin\u00e9ma, au d\u00e9but de votre carri\u00e8re\u00a0?<\/b><br \/><strong>D\u00e9borah Fran\u00e7ois\u00a0:\u00a0<\/strong>Il y avait effectivement un grand d\u00e9calage entre mes amis qui se pr\u00e9paraient pour l&rsquo;universit\u00e9, et moi, qui suivait un chemin diff\u00e9rent. Peu \u00e0 peu, on se fait des amis l\u00e0 o\u00f9 on va et pas forc\u00e9ment d&rsquo;o\u00f9 l&rsquo;on vient, puisqu&rsquo;on a souvent de moins en moins de choses \u00e0 partager. Je me suis \u00e9loign\u00e9e petit \u00e0 petit des bases que j&rsquo;avais pour en apprendre de nouvelles. Mais c&rsquo;est un saut dans le vide, cela fait peur.\u00a0<\/p>\n<blockquote>\n<p><em>\u00ab\u00a0Je pensais faire\u00a0de grandes \u00e9tudes\u00a0\u00bb<\/em><\/p>\n<\/blockquote>\n<p><strong>Quelles ont \u00e9t\u00e9 vos tribulations adolescentes\u00a0?<\/strong><br \/><strong>D\u00e9borah Fran\u00e7ois\u00a0:\u00a0<\/strong>J&rsquo;ai \u00e9t\u00e9 cueillie en pleine adolescence, j&rsquo;\u00e9tais plut\u00f4t assez calme. Un peu comme Sanou, j&rsquo;\u00e9tais tr\u00e8s bonne \u00e0 l&rsquo;\u00e9cole, je pensais que je ferais de grandes \u00e9tudes. Mon r\u00eave \u00e9tait d&rsquo;entrer \u00e0 Sciences Po Paris\u2026 Mais cela me paraissait assez inaccessible, surtout sur le plan financier, car je viens de Li\u00e8ges et monter \u00e0 Paris, c&rsquo;est cher\u2026<\/p>\n<p><strong>Et le cin\u00e9ma est arriv\u00e9\u2026<\/strong><br \/><strong>D\u00e9borah Fran\u00e7ois\u00a0:\u00a0<\/strong>Cela a toujours \u00e9t\u00e9 ma passion, j&rsquo;avais toujours envie d&rsquo;en faire mon m\u00e9tier, mais je ne pensais pas non plus que cela serait quelque chose auquel je pourrais acc\u00e9der. Peut-\u00eatre un peu comme l&rsquo;\u00e9l\u00e8ve d&rsquo;un lyc\u00e9e de banlieue qui n&rsquo;imagine pas qu&rsquo;il ou elle puisse acc\u00e9der \u00e0 une Pr\u00e9pa \u00e0 Louis Legrand ou Henri IV.\u00a0<\/p>\n<p><strong>Que pensez-vous de l&rsquo;\u00e9galit\u00e9 des chances en France\u00a0?<\/strong><br \/><strong>D\u00e9borah Fran\u00e7ois\u00a0:\u00a0<\/strong>Notre syst\u00e8me de bourses n&rsquo;est d\u00e9j\u00e0 pas le plus \u00e9volu\u00e9. Il y a plusieurs ann\u00e9es, j&rsquo;avais fait un film avec Emmanuelle Bercot, qui s&rsquo;appelait <em>Mes Ch\u00e8res \u00c9tudes,<\/em> et cela m&rsquo;avait appris \u00e0 quel point les \u00e9tudiants sont dans la mis\u00e8re. Ceux qui doivent travailler pour payer leurs \u00e9tudes ont trois fois plus de chances en France de rater leurs \u00e9tudes\u2026 Les bourses ne les aident pas assez pour qu&rsquo;ils puissent manger, se consacrer \u00e0 leurs \u00e9tudes, se loger\u2026 Nous avons encore beaucoup de progr\u00e8s \u00e0 faire dans ce domaine.<\/p>\n<aside id=\"NL_1949533359\" class=\"newsletter_subscription jNlBlock\"><noscript><br \/>\n            <\/noscript><\/p>\n<h3 class=\"newsletter_subscription-title\">Newsletter <\/h3>\n<p><a href=\"\/\/mailing.ccmbg.com\/archive\/last-85\" target=\"_blank\" class=\"a_hover\" rel=\"noopener noreferrer\">Voir un exemple<\/a><\/p>\n<\/aside>\n<p><strong>Ne manquez pas\u00a0<em data-insertor-excluded=\"1\">Les H\u00e9riti\u00e8res<\/em>, une fiction r\u00e9alis\u00e9e par Nolwenn Lemesle et \u00e9crite par les sc\u00e9naristes Laure-Elisabeth Bourdaud et Johanna Goldschmidt,\u00a0sur Arte, le 4\u00a0juin \u00e0 20h55\u00a0et d\u00e9sormais disponible sur arte.tv, jusqu&rsquo;au 1er septembre<\/strong><\/p>\n<\/p><\/div>\n<p>[ad_2]<br \/>\n<br \/><a href=\"https:\/\/www.journaldesfemmes.fr\/loisirs\/tv\/2720225-deborah-francois-les-heritieres-arte-film\/\">Source link <\/a><\/p>\n","protected":false},"excerpt":{"rendered":"<p>[ad_1] Dans \u00ab\u00a0Les H\u00e9riti\u00e8res\u00a0\u00bb, diffus\u00e9 sur Arte le 4\u00a0juin et d\u00e9j\u00e0 disponible sur arte.tv, D\u00e9borah Fran\u00e7ois incarne une CPE attentive &hellip; <a href=\"http:\/\/www.affinite.fr\/index.php\/2021\/06\/01\/je-revais-dentrer-a-sciences-po\/\" class=\"more-link\">Plus <span class=\"screen-reader-text\">\u00ab\u00a0Je r\u00eavais d&rsquo;entrer \u00e0 Sciences Po\u00a0\u00bb<\/span> <span class=\"meta-nav\">&rarr;<\/span><\/a><\/p>\n","protected":false},"author":1,"featured_media":6468,"comment_status":"open","ping_status":"open","sticky":false,"template":"","format":"standard","meta":{"_sitemap_exclude":false,"_sitemap_priority":"","_sitemap_frequency":"","footnotes":""},"categories":[1],"tags":[],"class_list":["post-6467","post","type-post","status-publish","format-standard","has-post-thumbnail","hentry","category-tous"],"_links":{"self":[{"href":"http:\/\/www.affinite.fr\/index.php\/wp-json\/wp\/v2\/posts\/6467"}],"collection":[{"href":"http:\/\/www.affinite.fr\/index.php\/wp-json\/wp\/v2\/posts"}],"about":[{"href":"http:\/\/www.affinite.fr\/index.php\/wp-json\/wp\/v2\/types\/post"}],"author":[{"embeddable":true,"href":"http:\/\/www.affinite.fr\/index.php\/wp-json\/wp\/v2\/users\/1"}],"replies":[{"embeddable":true,"href":"http:\/\/www.affinite.fr\/index.php\/wp-json\/wp\/v2\/comments?post=6467"}],"version-history":[{"count":0,"href":"http:\/\/www.affinite.fr\/index.php\/wp-json\/wp\/v2\/posts\/6467\/revisions"}],"wp:featuredmedia":[{"embeddable":true,"href":"http:\/\/www.affinite.fr\/index.php\/wp-json\/wp\/v2\/media\/6468"}],"wp:attachment":[{"href":"http:\/\/www.affinite.fr\/index.php\/wp-json\/wp\/v2\/media?parent=6467"}],"wp:term":[{"taxonomy":"category","embeddable":true,"href":"http:\/\/www.affinite.fr\/index.php\/wp-json\/wp\/v2\/categories?post=6467"},{"taxonomy":"post_tag","embeddable":true,"href":"http:\/\/www.affinite.fr\/index.php\/wp-json\/wp\/v2\/tags?post=6467"}],"curies":[{"name":"wp","href":"https:\/\/api.w.org\/{rel}","templated":true}]}}