{"id":6457,"date":"2021-05-30T21:28:23","date_gmt":"2021-05-30T21:28:23","guid":{"rendered":"https:\/\/www.affinite.fr\/index.php\/2021\/05\/30\/moins-de-3000-malades-en-soins-critiques\/"},"modified":"2021-05-30T21:28:23","modified_gmt":"2021-05-30T21:28:23","slug":"moins-de-3000-malades-en-soins-critiques","status":"publish","type":"post","link":"http:\/\/www.affinite.fr\/index.php\/2021\/05\/30\/moins-de-3000-malades-en-soins-critiques\/","title":{"rendered":"moins de 3000\u00a0malades en soins critiques"},"content":{"rendered":"<p> [ad_1]<br \/>\n<\/p>\n<p>\n                CORONAVIRUS DIRECT &#8211; Le nombre de patients pris en charge en soins critiques est pass\u00e9 sous la barre symbolique des 3000\u00a0ce dimanche (2\u00a0993), signe de l&rsquo;am\u00e9lioration de la situation sanitaire en France. 8\u00a0541\u00a0nouveaux cas positifs ont \u00e9t\u00e9 comptabilis\u00e9s ces derni\u00e8res 24\u00a0heures. Derniers chiffres et infos.            <\/p>\n<div>\n<aside class=\"ccmsummary marqueur_module ccmcss_cms_summary ccmcss_cms_summary--right\">\n<p>\u00a0Sommaire<\/p>\n<\/aside>\n<p><strong>[Mis\u00a0\u00e0 jour le dimanche 30 mai \u00e0 22h05<\/strong><b>]<\/b>\u00a0Les derniers\u00a0<strong>chiffres<\/strong> de l&rsquo;\u00e9pid\u00e9mie de Covid en France sont toujours\u00a0en baisse\u00a0et confirment le fl\u00e9chissement de la troisi\u00e8me vague de Covid-19.\u00a0Le nombre de patients pris en charge en soins critiques est pass\u00e9 sous la barre symbolique des 3000\u00a0ce dimanche (2\u00a0993). Selon le bilan de <a href=\"https:\/\/www.santepubliquefrance.fr\/dossiers\/coronavirus-covid-19\/coronavirus-chiffres-cles-et-evolution-de-la-covid-19-en-france-et-dans-le-monde\" target=\"_blank\" rel=\"noopener noreferrer\">Sant\u00e9 Publique France<\/a>\u00a0du 30\u00a0mai, <strong>109 431\u00a0personnes sont mortes<\/strong> des suites du Covid-19 depuis le d\u00e9but de l&rsquo;\u00e9pid\u00e9mie (+44\u00a0par rapport \u00e0 samedi).\u00a0Ces derni\u00e8res 24 heures, <strong>8\u00a0541\u00a0nouveaux cas positifs<\/strong> ont \u00e9t\u00e9 comptabilis\u00e9s. Le nombre de\u00a0Fran\u00e7ais ayant re\u00e7u moins une dose de vaccin a d\u00e9pass\u00e9 les 25\u00a0millions ce week-end.\u00a0\u00c0\u00a0partir du lundi 31\u00a0mai, l&rsquo;ensemble de la population majeure de France sera \u00e9ligible sans conditions \u00e0 la vaccination contre le covid. <span style=\"font-size: 1rem;\">Que disent les\u00a0<\/span><a data-auth=\"NotApplicable\" href=\"https:\/\/sante.journaldesfemmes.fr\/fiches-maladies\/2667643-carte-covid-19-france-departement-monde-europe-temps-reel-region-epidemie-incidence-test-zone-rouge\/\" rel=\"noopener noreferrer\" style=\"font-size: 1rem; background-color: rgb(255, 255, 255);\" target=\"_blank\">cartes<\/a><span style=\"font-size: 1rem;\"> de suivi de l&rsquo;\u00e9pid\u00e9mie\u00a0? Quels sont les <\/span><a href=\"https:\/\/sante.journaldesfemmes.fr\/fiches-maladies\/2630075-symptomes-coronavirus-covid-19-mal-gorge-rhume-que-faire-variant-premier-apparition-duree-courbature\/\" style=\"font-size: 1rem; background-color: rgb(255, 255, 255);\" target=\"_blank\" rel=\"noopener noreferrer\">sympt\u00f4mes du coronavirus<\/a><span style=\"font-size: 1rem;\"> ? Quand <\/span><a href=\"https:\/\/sante.journaldesfemmes.fr\/fiches-maladies\/2621211-isolement-covid-19-variant-anglais-7-10-jours-cas-contact-duree-declarer-certificat-attestation\/\" style=\"font-size: 1rem; background-color: rgb(255, 255, 255);\" target=\"_blank\" rel=\"noopener noreferrer\">s&rsquo;isoler et combien de temps<\/a><span style=\"font-size: 1rem;\"> ?\u00a0<\/span><a data-auth=\"NotApplicable\" href=\"https:\/\/sante.journaldesfemmes.fr\/fiches-maladies\/2629823-taux-de-reproduction-covid-france-coronavirus-r0-r-effectif-calcul-carte-definition-mai-2021\/\" rel=\"noopener noreferrer\" style=\"font-size: 1rem; background-color: rgb(255, 255, 255);\" target=\"_blank\">Quel est le taux de R0\u00a0du virus<\/a><span style=\"font-size: 1rem;\">\u00a0? Quand est-on <\/span><a href=\"https:\/\/sante.journaldesfemmes.fr\/fiches-maladies\/2679521-contagion-covid-19-combien-de-temps-jours-duree-asymptomatique-symptomes-incubation-contagieux\/\" style=\"font-size: 1rem; background-color: rgb(255, 255, 255);\" target=\"_blank\" rel=\"noopener noreferrer\">contagieux<\/a><span style=\"font-size: 1rem;\"> ? Que sait-on des\u00a0<\/span><a href=\"https:\/\/sante.journaldesfemmes.fr\/fiches-maladies\/2620433-vaccin-coronavirus-covid-19-pfizer-moderna-astrazeneca-johnson-janssen-risque-different-comparatif-attestation-ameli-sep\/\" style=\"font-size: 1rem; background-color: rgb(255, 255, 255);\" target=\"_blank\" rel=\"noopener noreferrer\">vaccins<\/a><span style=\"font-size: 1rem;\">\u00a0? Des\u00a0<\/span><a href=\"https:\/\/sante.journaldesfemmes.fr\/fiches-maladies\/2686947-effet-secondaire-vaccin-covid-france-pfizer-moderna-astrazeneca-johnson-deuxieme-injection-liste\/\" style=\"font-size: 1rem; background-color: rgb(255, 255, 255);\" target=\"_blank\" rel=\"noopener noreferrer\">effets secondaires<\/a><span style=\"font-size: 1rem;\">\u00a0apr\u00e8s la vaccination\u00a0? Chiffres et infos du jour.<\/span><\/p>\n<ul>\n<li><strong>Vaccination pour tous en France d\u00e8s lundi.<\/strong> \u00c0\u00a0partir du 31\u00a0mai, l&rsquo;ensemble de la population majeure de France devient\u00a0\u00e9ligible \u00e0 la vaccination contre le covid. En particulier, les personnes \u00e2g\u00e9es de 18\u00a0\u00e0 49\u00a0ans, derni\u00e8re classe d&rsquo;\u00e2ge \u00e0 ne pas b\u00e9n\u00e9ficier de la vaccination sans conditions, peuvent d\u00e9sormais se faire administrer le s\u00e9rum.\u00a0<\/li>\n<li><strong>Bilan de vaccination en France. <\/strong>Le nombre de\u00a0Fran\u00e7ais ayant re\u00e7u moins une dose de vaccin a d\u00e9pass\u00e9 les 25\u00a0millions dimanche. Au total, pr\u00e8s de 11\u00a0millions de personnes ont \u00e9t\u00e9 totalement vaccin\u00e9es contre le Covid-19.<\/li>\n<li>\u00ab\u00a0<strong><em>Les quinze jours \u00e0 venir sont cruciaux<\/em>\u00ab\u00a0. <\/strong>Interrog\u00e9 par <a href=\"https:\/\/www.lejdd.fr\/Societe\/Sante\/lepidemiologiste-arnaud-fontanet-sur-la-vaccination-nous-pouvons-passer-un-ete-tranquille-4048363\" target=\"_blank\" rel=\"noopener noreferrer\">le JDD<\/a>, le professeur Arnaud Fontanet,\u00a0membre du conseil scientifique et \u00e9pid\u00e9miologiste \u00e0 l&rsquo;Institut Pasteur et au Cnam, a appel\u00e9 \u00e0 la prudence, assurant que \u00ab\u00a0<em>les quinze jours \u00e0 venir (\u00e9taient) cruciaux<\/em>\u00ab\u00a0. Il a soulign\u00e9 l&rsquo;importance de ne pas baisser la garde face au virus afin de\u00a0passer un\u00a0\u00e9t\u00e9 \u00ab\u00a0<em>tranquille<\/em>\u00ab\u00a0. \u00ab\u00a0<em>Il suffirait que des variants encore plus contagieux entrent dans le jeu pour qu&rsquo;on connaisse de nouvelles tensions dans les h\u00f4pitaux. Ce ne serait pas forc\u00e9ment une quatri\u00e8me vague, mais le risque de devoir fermer des \u00e9tablissements scolaires resurgirait<\/em>\u00ab\u00a0, a-t-il pr\u00e9venu.<\/li>\n<li><strong>Un retour au travail sous surveillance. <\/strong>\u00ab\u00a0<em>Le retour au travail physiquement devra \u00eatre suivi de tr\u00e8s pr\u00e8s. Les managers devront \u00eatre tr\u00e8s attentifs \u00e0 ces salari\u00e9s sur le retour apr\u00e8s ces mois tr\u00e8s difficiles<\/em>\u00ab\u00a0,\u00a0a soulign\u00e9\u00a0la ministre du Travail Elisabeth Borne sur l&rsquo;antenne de <a href=\"https:\/\/www.franceinter.fr\/emissions\/questions-politiques\/questions-politiques-30-mai-2021\" target=\"_blank\" rel=\"noopener noreferrer\">France inter<\/a> et Franceinfo dimanche<i>. \u00ab\u00a0A partir du 9 juin, on assouplit les r\u00e8gles sur le t\u00e9l\u00e9travail en entreprise\u00a0\u00bb,<\/i>\u00a0a ajout\u00e9 Elisabeth Borne qui n&rsquo;est pas en faveur de la suppression totale du t\u00e9l\u00e9travail et d&rsquo;un retour aux usages d&rsquo;avant crise \u00e0 l&rsquo;identique. Pour rappel, le 9 juin est la date \u00e0 laquelle\u00a0la r\u00e8gle du 100% t\u00e9l\u00e9travail va \u00eatre lev\u00e9e en France.<\/li>\n<li><strong style=\"font-size: 1rem;\">Premier concert-test en France. <\/strong><span style=\"font-size: 1rem;\">Le premier \u00e9v\u00e8nement visant \u00e0 mesurer les risques de contamination pendant un concert a eu lieu samedi en fin d&rsquo;apr\u00e8s-midi. \u00c0 cette occasion, le groupe Indochine s&rsquo;est produit sur la sc\u00e8ne de\u00a0l&rsquo;AccorHotels Arena, le palais omnisports de Paris-Bercy devant 5000 spectateurs.<\/span><\/li>\n<li><b data-original-fontsize=\"20px\" data-original-lineheight=\"30px\">Un cas de variant indien dans le Nord.\u00a0<\/b>Un cas de contamination au\u00a0variant indien a \u00e9t\u00e9 d\u00e9couvert\u00a0dans le Hainaut\u00a0dans les Hauts-de-France, rapporte <a href=\"https:\/\/www.bfmtv.com\/grand-lille\/covid-19-un-cas-de-variant-indien-detecte-dans-le-nord-un-autre-suspecte_AN-202105280469.html\" target=\"_blank\" rel=\"noopener noreferrer\">BFMTV<\/a>. Un autre cas est suspect\u00e9.\u00a0<\/li>\n<\/ul>\n<section>\u00a0<\/section>\n<section>\u00a0<\/section>\n<p>Les chiffres de l&rsquo;\u00e9pid\u00e9mie de Covid-19 en France sont publi\u00e9s quotidiennement par le site <a href=\"http:\/\/www.gouvernement.fr\/info-coronavirus\/carte-et-donnees\" target=\"_blank\" rel=\"noopener noreferrer\">Carte-et-donn\u00e9es<\/a> du gouvernement et par <a href=\"https:\/\/www.santepubliquefrance.fr\/dossiers\/coronavirus-covid-19\/coronavirus-chiffres-cles-et-evolution-de-la-covid-19-en-france-et-dans-le-monde\" target=\"_blank\" rel=\"noopener noreferrer\">Sant\u00e9 Publique France<\/a>.<\/p>\n<p><a id=\"covid-france-chiffre-du-jour-bilan\" name=\"covid-france-chiffre-du-jour-bilan\" style=\"font-size: 1.125rem; background-color: rgb(255, 255, 255);\" target=\"_blank\" rel=\"noopener noreferrer\">Quels sont les chiffres du jour ?<\/a><\/p>\n<section>\n<p><strong style=\"font-size: 1rem;\">Au dimanche 30 mai, en France :<\/strong><\/p>\n<p><span style=\"font-size: 1rem;\">\u2022 5 666\u00a0113\u00a0personnes ont \u00e9t\u00e9 contamin\u00e9es par le coronavirus\u00a0<\/span><strong style=\"font-size: 1rem;\">(+8 541<\/strong><strong style=\"font-size: 1rem;\"><strong>\u00a0<\/strong>cas<\/strong><strong>\u00a0<\/strong><strong style=\"font-size: 1rem;\">en 24\u00a0heures)\u00a0\u00a0<\/strong><\/p>\n<p>\u2022 109 431\u00a0personnes sont d\u00e9c\u00e9d\u00e9es en France\u00a0<strong>(+44\u00a0en 24\u00a0heures),<\/strong><strong>\u00a0<\/strong>dont 83\u00a0019\u00a0\u00e0 l&rsquo;h\u00f4pital\u00a0<\/p>\n<p>\u2022<strong>\u00a02993\u00a0patients Covid-19\u00a0sont en soins critiques <\/strong>(soit en r\u00e9animation, soins intensifs et surveillance continue) (-14,85\u00a0% en 7j)\u00a0<\/p>\n<p>\u2022 16\u00a0775\u00a0patients Covid-19\u00a0\u00e9taient\u00a0hospitalis\u00e9s (-14,93 % en 7j)\u00a0<\/p>\n<p>\u2022 le R0 du virus (taux de reproduction) est de 0.88, en hausse (+10,72% en 7j),\u00a0(donn\u00e9e arr\u00eat\u00e9e au 22\u00a0mai).<\/p>\n<p>\u2022 le taux de positivit\u00e9 des tests est de 3,34%, (-16,7 % en 7j), (donn\u00e9e arr\u00eat\u00e9e au 25\u00a0mai).<\/p>\n<p>Au 30\u00a0mai 2021,\u00a0un total de<strong>\u00a0<span style=\"font-size: 1rem;\">5\u00a0666\u00a0113<\/span><strong>\u00a0<\/strong>cas\u00a0confirm\u00e9s\u00a0<\/strong>de coronavirus est rapport\u00e9 depuis le d\u00e9but de la pand\u00e9mie. Au 24\u00a0mai, le taux d&rsquo;incidence du virus est de 101,27\/100 000 habitants, en forte baisse de 18,06% sur les 7 derniers jours.<\/p>\n<p>DImanche 30\u00a0mai,<strong>\u00a08 541<\/strong><strong>\u00a0nouvelles personnes <\/strong>ont\u00a0re\u00e7u un test positif au Covid-19\u00a0par rapport \u00e0 la veille.\u00a0<\/p>\n<p>La diminution du nombre de nouvelles hospitalisations de patients COVID-19\u00a0et de nouvelles admissions en services de soins critiques, se poursuit m\u00eame si l&rsquo;impact de cette r\u00e9duction des nouvelles admissions sur le nombre de personnes en cours d&rsquo;hospitalisation reste encore limit\u00e9.\u00a0<strong>Dimanche 30 mai, 2 993\u00a0personnes sont hospitalis\u00e9es en r\u00e9animation.<\/strong>\u00a0Le nombre moyen de <strong>nouvelles entr\u00e9es en soins critiques quotidiennes<\/strong> est de 124\u00a0personnes en baisse de -24,39% sur les 7\u00a0derniers jours.\u00a0Au 30\u00a0mai, 16\u00a0775\u00a0patients Covid-19\u00a0\u00e9taient\u00a0hospitalis\u00e9s. Le nombre moyen de<b> nouvelles hospitalisations quotidiennes <\/b>est de 471\u00a0personnes, en baisse de -29,91% sur les 7\u00a0derniers jours.<\/p>\n<h3 style=\"text-align: center;\"><u>Nombre de personnes actuellement hospitalis\u00e9es par r\u00e9gion au 30\u00a0<\/u><u>mai 2021 (source : gouvernement.fr)<\/u><\/h3>\n<table align=\"center\" border=\"1\" cellpadding=\"1\" cellspacing=\"1\" style=\"width:100%;\">\n<thead>\n<tr>\n<th scope=\"col\" style=\"width: 260px;\">R\u00e9gion<\/th>\n<th scope=\"col\" style=\"width: 283px;\">Nombre de personnes actuellement hospitalis\u00e9es<\/th>\n<th scope=\"col\" style=\"width: 220px;\">Evolution en 7 jours<\/th>\n<\/tr>\n<\/thead>\n<tbody>\n<tr>\n<td style=\"width: 260px;\"><strong>Auvergne-Rh\u00f4ne-Alpes<\/strong><\/td>\n<td style=\"width: 283px;\">1 816<\/td>\n<td style=\"width: 220px;\">-19,15 %<\/td>\n<\/tr>\n<tr>\n<td style=\"width: 260px;\"><strong>Hauts-de-France<\/strong><\/td>\n<td style=\"width: 283px;\">2 211<\/td>\n<td style=\"width: 220px;\">-11,67 %<\/td>\n<\/tr>\n<tr>\n<td style=\"width: 260px;\"><strong>Provence-Alpes-C\u00f4te d&rsquo;Azur<\/strong><\/td>\n<td style=\"width: 283px;\">1 572<\/td>\n<td style=\"width: 220px;\">-14,84 %<\/td>\n<\/tr>\n<tr>\n<td style=\"width: 260px;\"><strong>Grand Est<\/strong><\/td>\n<td style=\"width: 283px;\">1 334<\/td>\n<td style=\"width: 220px;\">-14,87 %<\/td>\n<\/tr>\n<tr>\n<td style=\"width: 260px;\"><strong>Occitanie<\/strong><\/td>\n<td style=\"width: 283px;\">869<\/td>\n<td style=\"width: 220px;\">-19,01 %<\/td>\n<\/tr>\n<tr>\n<td style=\"width: 260px;\"><strong><a href=\"http:\/\/www.affinite.fr\/index.php\/2024\/11\/21\/construire-votre-maison-en-normandie\/\">Normandie<\/a><\/strong><\/td>\n<td style=\"width: 283px;\">1 052<\/td>\n<td style=\"width: 220px;\">-5,9 %<\/td>\n<\/tr>\n<tr>\n<td style=\"width: 260px;\"><strong>Nouvelle-Aquitaine<\/strong><\/td>\n<td style=\"width: 283px;\">784<\/td>\n<td style=\"width: 220px;\">-19,18 %<\/td>\n<\/tr>\n<tr>\n<td style=\"width: 260px;\"><strong>Centre-Val de Loire<\/strong><\/td>\n<td style=\"width: 283px;\">580<\/td>\n<td style=\"width: 220px;\">-19,67 %<\/td>\n<\/tr>\n<tr>\n<td style=\"width: 260px;\"><strong>Bourgogne-Franche-Comt\u00e9<\/strong><\/td>\n<td style=\"width: 283px;\">668<\/td>\n<td style=\"width: 220px;\">-15,34 %\u00a0<\/td>\n<\/tr>\n<tr>\n<td style=\"width: 260px;\"><strong>Bretagne<\/strong><\/td>\n<td style=\"width: 283px;\">523<\/td>\n<td style=\"width: 220px;\">-11,95 %<\/td>\n<\/tr>\n<tr>\n<td style=\"width: 260px;\"><strong>Corse<\/strong><\/td>\n<td style=\"width: 283px;\">40<\/td>\n<td style=\"width: 220px;\">-16,67 %<\/td>\n<\/tr>\n<tr>\n<td style=\"width: 260px;\"><strong>Pays de la Loire<\/strong><\/td>\n<td style=\"width: 283px;\">479<\/td>\n<td style=\"width: 220px;\">-10,3 %<\/td>\n<\/tr>\n<tr>\n<td style=\"width: 260px;\"><strong>\u00cele-de-France<\/strong><\/td>\n<td style=\"width: 283px;\">4 419<\/td>\n<td style=\"width: 220px;\">-15,59 %<\/td>\n<\/tr>\n<tr>\n<td style=\"width: 260px;\"><strong>Guadeloupe<\/strong><\/td>\n<td style=\"width: 283px;\">110<\/td>\n<td style=\"width: 220px;\">-17,29 %\u00a0<\/td>\n<\/tr>\n<tr>\n<td style=\"width: 260px;\"><strong>Martinique<\/strong><\/td>\n<td style=\"width: 283px;\">46<\/td>\n<td style=\"width: 220px;\">-30,3 %<\/td>\n<\/tr>\n<tr>\n<td style=\"width: 260px;\"><strong>Guyane<\/strong><\/td>\n<td style=\"width: 283px;\">105<\/td>\n<td style=\"width: 220px;\">-6,25<strong> %<\/strong><\/td>\n<\/tr>\n<tr>\n<td style=\"width: 260px;\"><strong>La R\u00e9union<\/strong><\/td>\n<td style=\"width: 283px;\">161<\/td>\n<td style=\"width: 220px;\"><strong>+4,55 <\/strong>%<\/td>\n<\/tr>\n<tr>\n<td style=\"width: 260px;\"><strong>Mayotte<\/strong><\/td>\n<td style=\"width: 283px;\">6<\/td>\n<td style=\"width: 220px;\">-40 %<\/td>\n<\/tr>\n<\/tbody>\n<\/table>\n<div style=\"text-align:center\">\n<figure class=\"image\" style=\"display:inline-block\"><a class=\"fancy\" href=\"https:\/\/img-3.journaldesfemmes.fr\/5evp4emy544VyPEWIxj_gPnnkbE=\/1080x\/smart\/df63b980077247db84345698e9df90d4\/ccmcms-jdf\/25038265.jpg\"><img decoding=\"async\" alt=\"courbe-covid-france-reanimation\" src=\"https:\/\/img-3.journaldesfemmes.fr\/5evp4emy544VyPEWIxj_gPnnkbE=\/1080x\/smart\/df63b980077247db84345698e9df90d4\/ccmcms-jdf\/25038265.jpg\"\/><\/a><figcaption data-credit=\"Sant\u00e9 Publique France\"><small>\u00a9\u00a0Sant\u00e9 Publique France<\/small><\/figcaption><\/figure>\n<\/div>\n<\/section>\n<p>La mortalit\u00e9 li\u00e9e \u00e0 la COVID-19 est toujours \u00e9lev\u00e9e. 109 431\u00a0d\u00e9c\u00e8s sont recens\u00e9s au 30\u00a0mai\u00a0dont 83\u00a0019\u00a0\u00e0 l&rsquo;h\u00f4pital\u00a0(+44\u00a0au cours des 24\u00a0derni\u00e8res heures), selon les chiffres de <a href=\"https:\/\/www.santepubliquefrance.fr\/dossiers\/coronavirus-covid-19\/coronavirus-chiffres-cles-et-evolution-de-la-covid-19-en-france-et-dans-le-monde\" target=\"_blank\" rel=\"noopener noreferrer\">Sant\u00e9 Publique France<\/a>. Ce chiffre ne comprend pas les d\u00e9c\u00e8s \u00e0 domicile.<\/p>\n<ul>\n<li>L&rsquo;\u00e2ge m\u00e9dian au d\u00e9c\u00e8s est de 85\u00a0ans<\/li>\n<li>93% des personnes d\u00e9c\u00e9d\u00e9es du Covid \u00e0 l&rsquo;h\u00f4pital avaient 65\u00a0ans et plus.<\/li>\n<li>Les hommes repr\u00e9sentent 55% de ces d\u00e9c\u00e8s.<\/li>\n<\/ul>\n<div style=\"text-align:center\">\n<figure class=\"image\" style=\"display:inline-block\"><a class=\"fancy\" href=\"https:\/\/img-3.journaldesfemmes.fr\/5KYtc_uZhIF7Jfg2N-x0iWVDnmQ=\/1080x\/smart\/6c6b8aefbf5941efb854f7e3af71d8b1\/ccmcms-jdf\/25038290.jpg\"><img decoding=\"async\" alt=\"courbe-covid-deces-morts-france\" src=\"https:\/\/img-3.journaldesfemmes.fr\/5KYtc_uZhIF7Jfg2N-x0iWVDnmQ=\/1080x\/smart\/6c6b8aefbf5941efb854f7e3af71d8b1\/ccmcms-jdf\/25038290.jpg\"\/><\/a><figcaption data-credit=\"Sant\u00e9 Publique France\"><small>\u00a9\u00a0Sant\u00e9 Publique France<\/small><\/figcaption><\/figure>\n<\/div>\n<p><a id=\"covid-19-france-evolution-courbe\" name=\"covid-19-france-evolution-courbe\" style=\"font-size: 1.125rem; background-color: rgb(255, 255, 255); font-family: Raleway, sans-serif;\" target=\"_blank\" rel=\"noopener noreferrer\">Courbe : comment \u00e9volue\u00a0l&rsquo;\u00e9pid\u00e9mie en France ?<\/a><\/p>\n<p>L&rsquo;\u00e9pid\u00e9mie de Covid baisse toujours en France. Dans son dernier point \u00e9pid\u00e9miologique, Sant\u00e9 Publique France confirme l&rsquo;am\u00e9lioration des indicateurs \u00e9pid\u00e9miologiques sur la semaine 20 (17-23 mai) :<\/p>\n<ul>\n<li>Diminution des taux d&rsquo;incidence, d&rsquo;hospitalisations et d&rsquo;admissions en soins critiques.<\/li>\n<li>Nombre \u00e9lev\u00e9 de patients en soins critiques.<\/li>\n<li>Mortalit\u00e9 li\u00e9e \u00e0 la COVID-19\u00a0\u00e9lev\u00e9e.<\/li>\n<li>M\u00e9tropole\u00a0: <strong>\u00cele-de-France et Hauts-de-France demeurant les plus touch\u00e9es<\/strong>.<\/li>\n<li>Outre-mer\u00a0: indicateurs restant \u00e9lev\u00e9s en Guyane.<\/li>\n<\/ul>\n<p>Pour rappel, la France a connu trois \u00ab\u00a0vagues\u00a0\u00bb \u00e9pid\u00e9miques depuis janvier 2020 :\u00a0<\/p>\n<p>\u2192 Une premi\u00e8re vague marqu\u00e9e par un\u00a0<strong>pic \u00e9pid\u00e9mique<\/strong>\u00a0au cours de la\u00a0<strong>semaine du 6\u00a0au 12\u00a0avril 2020<\/strong>, soit 15\u00a0jours\u00a0apr\u00e8s la mise en \u0153uvre du premier\u00a0confinement de la population (le 17\u00a0mars 2020).<\/p>\n<p>\u2192 Une deuxi\u00e8me vague marqu\u00e9e par un\u00a0<strong>pic au cours de la semaine du<\/strong>\u00a0<strong>16\u00a0au 20\u00a0novembre 2020,\u00a0<\/strong>trois semaines apr\u00e8s le deuxi\u00e8me confinement (29 octobre 2020).<\/p>\n<p>\u2192 Une troisi\u00e8me vague dont le <strong>pic \u00e9pid\u00e9mique a \u00e9t\u00e9 estim\u00e9 \u00e0 la mi-avril 2021.<\/strong>\u00a0<\/p>\n<div style=\"text-align:center\">\n<figure class=\"image\" style=\"display:inline-block\"><a class=\"fancy\" href=\"https:\/\/img-3.journaldesfemmes.fr\/5oenio_6bkBJzN2OazBonGfBPxQ=\/1080x\/smart\/1ce46e10300e4f8fb1b5fcef5b1a9632\/ccmcms-jdf\/25038301.jpg\"><img decoding=\"async\" alt=\"courbe-covid-nombre-de-cas-france\" src=\"https:\/\/img-3.journaldesfemmes.fr\/5oenio_6bkBJzN2OazBonGfBPxQ=\/1080x\/smart\/1ce46e10300e4f8fb1b5fcef5b1a9632\/ccmcms-jdf\/25038301.jpg\"\/><\/a><figcaption data-credit=\"Sant\u00e9 Publique France\"><small>\u00a9\u00a0Sant\u00e9 Publique France<\/small><\/figcaption><\/figure>\n<\/div>\n<p>\u00c0 ce jour, la France compte cinq variants\u00a0qualifi\u00e9s de pr\u00e9occupants (VOC) en raison de leur transmissibilit\u00e9 augment\u00e9e et\/ou d&rsquo;un risque d&rsquo;\u00e9chappement \u00e0 la r\u00e9ponse immunitaire. Trois d&rsquo;entre eux, les variants 20I\/501Y.V1\u00a0(ayant \u00e9merg\u00e9 au <strong>Royaume-Uni),<\/strong> 20H\/501Y.V2\u00a0(ayant \u00e9merg\u00e9 en<strong> Afrique du Sud<\/strong>) et 20J\/501Y.V3\u00a0(ayant \u00e9merg\u00e9 au<strong> Br\u00e9sil)<\/strong>, circulent en France depuis le d\u00e9but de l&rsquo;ann\u00e9e 2021. Le quatri\u00e8me VOC (20I\/484K ou 20I\/484Q selon le type de mutation), ayant \u00e9merg\u00e9 au Royaume-Uni d\u00e9but 2021, \u00e9tait peu d\u00e9tect\u00e9 en France jusqu&rsquo;\u00e0 la mi-mars, mais les donn\u00e9es de s\u00e9quen\u00e7age montrent une transmission communautaire dans plusieurs r\u00e9gions. Le lignage 20A\/452R (ou B.1.617), initialement d\u00e9tect\u00e9<strong> en Inde<\/strong> en d\u00e9cembre 2020, a \u00e9t\u00e9 class\u00e9 VOC le 11\u00a0mai par l&rsquo;OMS et le 12\u00a0mai 2021\u00a0par l&rsquo;analyse de risque conjointe CNR\/SpFrance.\u00a0Au niveau national en semaine 20 (17-23 mai), parmi les tests positifs cribl\u00e9s dont les r\u00e9sultats \u00e9taient disponibles dans SI-DEP, <strong>77,6% correspondaient \u00e0 une suspicion de variant anglais<\/strong>\u00a0(toujours pr\u00e9dominant en France) et 5,9% de variants sud-africain ou br\u00e9silien<strong>. 80 cas de variants indiens<\/strong> ont \u00e9t\u00e9 confirm\u00e9s sur le territoire.<\/p>\n<p>Depuis le 19\u00a0mai,\u00a0le couvre-feu est d\u00e9cal\u00e9 \u00e0 21 heures. Il faut donc une attestation (et donc un motif valable) si on souhaite se d\u00e9placer entre 21 heures et 6 heures du matin.\u00a0Le 9 juin, il sera d\u00e9cal\u00e9 \u00e0 23 heures. Le 30 juin, il n&rsquo;y aura normalement plus de couvre-feu.\u00a0<\/p>\n<div style=\"text-align:center\">\n<figure class=\"image\" style=\"display:inline-block\"><a class=\"fancy\" href=\"https:\/\/img-3.journaldesfemmes.fr\/0TqvK6UsZln3l860txvZSRjHD08=\/1080x\/smart\/a709a8a6b4d04d868d754c9935b30387\/ccmcms-jdf\/24351698.jpg\"><img decoding=\"async\" alt=\"couvre-feu france\" src=\"https:\/\/img-3.journaldesfemmes.fr\/XoO2WUbO-APe0W57_JFl-LtrKlA=\/600x\/smart\/a709a8a6b4d04d868d754c9935b30387\/ccmcms-jdf\/24351698.jpg\"\/><\/a><figcaption data-credit=\"Gouvernement.fr\" data-legend=\"Les \u00e9tapes du couvre-feu.\">Les \u00e9tapes du couvre-feu. <small>\u00a9\u00a0Gouvernement.fr<\/small><\/figcaption><\/figure>\n<\/div>\n<p>Une r\u00e9ouverture de la France en 4\u00a0\u00e9tapes\u00a0: Emmanuel Macron a d\u00e9voil\u00e9 son plan de r\u00e9ouverture de la France \u00e0 la presse quotidienne r\u00e9gionale et au Parisien\u00a0le 28 avril. Vendredi 30 avril, le porte-parole du gouvernement, Gabriel Attal a pr\u00e9venu sur BFM-TV que <strong><em>\u00ab\u00a0si dans un d\u00e9partement la situation est d\u00e9grad\u00e9e, il faut pouvoir freiner le passage d&rsquo;une \u00e9tape\u00a0\u00bb.<\/em><\/strong><\/p>\n<table border=\"1\" cellpadding=\"1\" cellspacing=\"1\" style=\"width:100%;\">\n<thead>\n<tr>\n<th scope=\"col\" style=\"width: 102px; text-align: center;\">DATES CLES<\/th>\n<th scope=\"col\" style=\"width: 892px; text-align: center;\">NOUVELLES MESURES<\/th>\n<\/tr>\n<\/thead>\n<tbody>\n<tr>\n<td style=\"width: 102px;\"><b>19 mai<\/b><\/td>\n<td style=\"width: 892px;\">\n<p><strong>couvre-feu d\u00e9cal\u00e9 \u00e0 21h<\/strong>\u00a0;<\/p>\n<p><strong>terrasses\u00a0<\/strong>: 50% de la capacit\u00e9, tables de 6\u00a0personnes maximum ;<\/p>\n<p><strong>commerces, march\u00e9s couverts<\/strong>\u00a0: 8\u00a0m\u00b2 par client ;<\/p>\n<p><strong>mus\u00e9es\u00a0<\/strong>: 8\u00a0m\u00b2 par visiteur ;<\/p>\n<p><strong>cin\u00e9mas, salles des f\u00eates, chapiteaux<\/strong>\u00a0: 35% de l&rsquo;effectif, jusqu&rsquo;\u00e0 800\u00a0personnes par salle ;<\/p>\n<p><strong>t\u00e9l\u00e9travail\u00a0<\/strong>maintenu ;<\/p>\n<p><strong>rassemblements de plus de 10\u00a0personnes<\/strong>\u00a0interdits dans l&rsquo;espace public, sauf visites guid\u00e9es ;<\/p>\n<p><strong>biblioth\u00e8ques<\/strong>\u00a0: 1\u00a0si\u00e8ge sur deux ;<\/p>\n<p><strong>parcs zoologiques en plein air<\/strong>\u00a0: 50% de l&rsquo;effectif ;<\/p>\n<p><strong>lieux de culte, mariages ou pacs (c\u00e9r\u00e9monies)<\/strong>\u00a0: 1\u00a0emplacement sur 3, en quinconce entre chaque rang\u00e9e ;<\/p>\n<p><strong>c\u00e9r\u00e9monies fun\u00e9raires<\/strong>\u00a0: 50\u00a0personnes ;<\/p>\n<p><strong>enseignement sup\u00e9rieur\u00a0<\/strong>: 50% de l&rsquo;effectif ;<\/p>\n<p><strong>casinos<\/strong>\u00a0: 35% de l&rsquo;effectif ;<\/p>\n<p><strong>danse\u00a0<\/strong>: reprise pour les mineurs ;<\/p>\n<p><strong>activit\u00e9s sportives de plein air<\/strong>\u00a0: 10\u00a0personnes, uniquement sans contact ;<\/p>\n<p><strong>comp\u00e9titions sportives de plein air<\/strong>\u00a0: pour les pratiquants amateurs 50\u00a0personnes, uniquement sans contact ;<\/p>\n<p><strong>\u00e9tablissements sportifs ext\u00e9rieurs (stades) ou couverts (piscines)<\/strong>\u00a0:<\/p>\n<p>pour les spectateurs\u00a0: 35% de l&rsquo;effectif, jusqu&rsquo;\u00e0 1\u00a0000\u00a0personnes (assises, pas debout) ;<\/p>\n<p>pour les pratiquants\u00a0: publics prioritaires comme les scolaires ;<\/p>\n<p><strong>thermalisme\u00a0<\/strong>: 50% de l&rsquo;effectif ;<\/p>\n<p><strong>reprise des<\/strong>\u00a0<strong>festivals de plein air assis<\/strong>\u00a0: jauge de 35% jusqu&rsquo;\u00e0 1\u00a0000\u00a0personnes.<\/p>\n<\/td>\n<\/tr>\n<tr>\n<td style=\"width: 102px;\"><strong>9 juin<\/strong><\/td>\n<td style=\"width: 892px;\">\n<p><strong>couvre-feu \u00e0 23\u00a0heures <\/strong><\/p>\n<p>r\u00e9ouverture avec jauge et protocole des caf\u00e9s et restaurants (6\u00a0personnes par table)<\/p>\n<p>possibilit\u00e9 d&rsquo;accueillir jusqu&rsquo;\u00e0 5000\u00a0personnes dans les lieux de culture et les \u00e9tablissements sportifs (avec pass sanitaire)<\/p>\n<p>Assouplissement du t\u00e9l\u00e9travail<\/p>\n<p>R\u00e9ouverture des salons et foires (jusqu&rsquo;\u00e0 5000\u00a0personnes)<\/p>\n<p><strong>R\u00e9ouverture des salles de sport,<\/strong> \u00e9largissement aux sports de contact en plein air et sans contact en int\u00e9rieur.<\/p>\n<\/td>\n<\/tr>\n<tr>\n<td style=\"width: 102px;\"><strong>30 juin<\/strong><\/td>\n<td style=\"width: 892px;\">\n<p><strong>fin du couvre-feu<\/strong><\/p>\n<p>possibilit\u00e9 de participer aux \u00e9v\u00e8nements de plus de 1000\u00a0personnes en ext\u00e9rieur et en int\u00e9rieur\u00a0(avec pass sanitaire)<\/p>\n<p>fin des limites de jauge selon la situation sanitaire locale.<\/p>\n<\/td>\n<\/tr>\n<\/tbody>\n<\/table>\n<p><strong>\u00c0 partir du mercredi 19 mai,<\/strong> les mesures de restriction de d\u00e9placement en journ\u00e9e sont lev\u00e9es et l&rsquo;attestation de d\u00e9placement<strong> n&rsquo;est plus n\u00e9cessaire entre 6h et 21h.\u00a0<\/strong>L&rsquo;attestation de d\u00e9placement est par contre<strong> obligatoire pour tous les d\u00e9placements entre 21h et 6h <\/strong>sur l&rsquo;ensemble du territoire m\u00e9tropolitain.<\/p>\n<p>&gt; <a href=\"https:\/\/www.interieur.gouv.fr\/Actualites\/L-actu-du-Ministere\/Attestations-de-deplacement\" target=\"_blank\" rel=\"noopener noreferrer\">T\u00e9l\u00e9charger\/Remplir l&rsquo;attestation<\/a>\u00a0<\/p>\n<p><strong>&gt;\u00a0Je peux\u00a0me d\u00e9placer entre 21h00\u00a0et 06h00\u00a0pour l&rsquo;une des raisons suivantes\u00a0:<\/strong><\/p>\n<ul>\n<li><label for=\"checkbox-curfew-travail\"><strong>Activit\u00e9 professionnelle, enseignement et <a href=\"http:\/\/www.affinite.fr\/index.php\/2022\/11\/09\/formation-de-glacier-apprenez-le-metier-de-glacier-et-changez-votre-vie\/\">formation<\/a>, mission d&rsquo;int\u00e9r\u00eat g\u00e9n\u00e9ral<\/strong><\/label><\/li>\n<\/ul>\n<p><label for=\"checkbox-curfew-travail\">&#8211; D\u00e9placements entre le domicile et le lieu de travail ou d&rsquo;enseignement ou de formation.<br \/>&#8211; D\u00e9placements professionnels ne pouvant \u00eatre diff\u00e9r\u00e9s, livraisons.<br \/>&#8211; D\u00e9placements li\u00e9s \u00e0 des missions d&rsquo;int\u00e9r\u00eat g\u00e9n\u00e9ral sur demande de l&rsquo;autorit\u00e9 administrative.<\/label><\/p>\n<ul>\n<li><label for=\"checkbox-curfew-sante\"><strong>Sant\u00e9 (consultation et soins)<\/strong><\/label><\/li>\n<\/ul>\n<p><label for=\"checkbox-curfew-sante\">&#8211; D\u00e9placements pour des consultations, examens, actes de pr\u00e9vention (dont vaccination) et soins ne pouvant \u00eatre assur\u00e9s \u00e0 distance ou pour l&rsquo;achat de produits de sant\u00e9.<\/label><\/p>\n<ul>\n<li><label for=\"checkbox-curfew-famille\"><strong>Motif familial imp\u00e9rieux, assistance aux personnes vuln\u00e9rables, garde d&rsquo;enfants, situation de handicap<\/strong><\/label><\/li>\n<\/ul>\n<p><label for=\"checkbox-curfew-famille\">&#8211; D\u00e9placements pour motif familial imp\u00e9rieux, pour l&rsquo;assistance aux personnes vuln\u00e9rables ou pr\u00e9caires ou pour la garde d&rsquo;enfants.<br \/>&#8211; D\u00e9placements des personnes en situation de handicap et de leur accompagnant.\u202f<\/label><\/p>\n<ul>\n<li><label for=\"checkbox-curfew-convocation_demarches\"><strong>Convocation judiciaire ou administrative, d\u00e9marches ne pouvant \u00eatre men\u00e9es \u00e0 distance<\/strong><\/label><\/li>\n<\/ul>\n<p><label for=\"checkbox-curfew-convocation_demarches\">&#8211; D\u00e9placements pour r\u00e9pondre \u00e0 une convocation judiciaire ou administrative ou pour se rendre chez un professionnel du droit pour un acte ou une d\u00e9marche qui ne peut \u00eatre r\u00e9alis\u00e9 \u00e0 distance.<\/label><\/p>\n<ul>\n<li><label for=\"checkbox-curfew-transit\"><strong>D\u00e9placements li\u00e9s \u00e0 des transferts ou transits depuis des gares ou a\u00e9roports dans le cadre de d\u00e9placements de longue distance<\/strong><\/label><\/li>\n<li><label for=\"checkbox-curfew-animaux\"><strong>Animaux de compagnie<\/strong><\/label><\/li>\n<\/ul>\n<p><label for=\"checkbox-curfew-animaux\">&#8211; D\u00e9placements brefs pour les besoins des animaux de compagnie (dans un rayon de 1\u00a0kilom\u00e8tre autour du domicile).<\/label><\/p>\n<p>La vaccination contre la Covid-19\u00a0se poursuit en France avec les vaccins Pfizer-BioNTech,\u00a0Moderna,\u00a0AstraZeneca et Janssen (chez les m\u00e9decins g\u00e9n\u00e9ralistes,\u00a0au travail et en pharmacie). La prise de<strong> rendez-vous<\/strong> est ouverte<b> <\/b>sur les sites Internet <strong>Doctolib, Maiia et KelDoc<\/strong> et peut aussi se faire en contactant par t\u00e9l\u00e9phone le <strong>centre de vaccination<\/strong> le plus proche de chez soi (liste disponible sur\u00a0<a href=\"https:\/\/www.sante.fr\/centres-vaccination-covid.html\" target=\"_blank\" rel=\"noopener noreferrer\">Sante.fr<\/a>).\u00a0En cas de difficult\u00e9, le num\u00e9ro vert national\u00a0:<strong> 0\u00a0800\u00a0009\u00a0110<\/strong>,\u00a0permet d&rsquo;\u00eatre redirig\u00e9 vers le standard t\u00e9l\u00e9phonique d&rsquo;un centre ou d&rsquo;obtenir un accompagnement \u00e0 la prise de rendez-vous.<\/p>\n<aside id=\"NL_1621873140\" class=\"newsletter_subscription jNlBlock\"><noscript><br \/>\n            <\/noscript><\/p>\n<h3 class=\"newsletter_subscription-title\">Newsletter <\/h3>\n<p><a href=\"\/\/mailing.ccmbg.com\/archive\/last-85\" target=\"_blank\" class=\"a_hover\" rel=\"noopener noreferrer\">Voir un exemple<\/a><\/p>\n<\/aside>\n<p>Toute entr\u00e9e en France et toute sortie \u00e0 destination ou en provenance d&rsquo;un pays ext\u00e9rieur \u00e0 l&rsquo;espace europ\u00e9en (Union europ\u00e9enne, Andorre, Islande, Liechtenstein, Monaco, Norv\u00e8ge, Saint-Marin, Saint-Si\u00e8ge et Suisse) et autre que l&rsquo;Australie, la Cor\u00e9e du Sud, Isra\u00ebl, le Japon, la Nouvelle-Z\u00e9lande, le Royaume-Uni et Singapour, est strictement encadr\u00e9e (test obligatoire&#8230;). Tous les d\u00e9placements depuis l&rsquo;\u00e9tranger vers la France et de France vers l&rsquo;\u00e9tranger restent strictement d\u00e9conseill\u00e9s.<\/p>\n<p><a id=\"coronavirus-france-carte-temps-reel-direct\" name=\"coronavirus-france-carte-temps-reel-direct\" style=\"font-size: 1.125rem; background-color: rgb(255, 255, 255);\" target=\"_blank\" rel=\"noopener noreferrer\">Carte de l&rsquo;\u00e9pid\u00e9mie en temps r\u00e9el<\/a><iframe loading=\"lazy\" height=\"1000\" src=\"https:\/\/mapthenews.maps.arcgis.com\/apps\/opsdashboard\/index.html#\/bae8aaa7a0b14261b4621c31db410c44\" style=\"border: 0px\" width=\"600\"><\/iframe><\/p>\n<section>\n<blockquote>\n<p style=\"text-align: right;\">\u00a0<\/p>\n<\/blockquote>\n<p>Le d\u00e9pistage du Covid-19 est r\u00e9alis\u00e9 en France par <strong>RT-PCT<\/strong> et par tests <strong>antig\u00e9niques<\/strong>. Depuis le 11 f\u00e9vrier, les <strong>tests salivaires<\/strong> sont d\u00e9ploy\u00e9s dans les\u00a0\u00e9tablissements scolaires et peuvent \u00eatre utilis\u00e9s en premi\u00e8re intention pour d\u00e9pister la Covid-19, conform\u00e9ment aux recommandations de la <a href=\"https:\/\/www.has-sante.fr\/jcms\/p_3237053\/fr\/tests-rt-pcr-salivaires-la-has-etend-leur-utilisation-et-definit-les-modalites-pratiques-de-realisation\" target=\"_blank\" rel=\"noopener noreferrer\">HAS<\/a>. Depuis le 12 avril, des <strong>autotests <\/strong>Covid sont aussi disponibles en vente libre dans les pharmacies fran\u00e7aises (non rembours\u00e9) et peuvent \u00eatre utilis\u00e9s dans les \u00e9coles. Le taux de positivit\u00e9 \u00e0 l\u00e9g\u00e8rement diminu\u00e9\u00a0(-13,6% en 7j) et est\u00a0\u00e0 <strong>3,54%<\/strong>.\u00a0<em>\u00ab\u00a0Il reste d\u00e9terminant que chaque personne pr\u00e9sentant des sympt\u00f4mes \u00e9vocateurs de COVID-19\u00a0s&rsquo;isole imm\u00e9diatement et r\u00e9alise un test diagnostique dans les plus brefs d\u00e9lais\u00a0\u00bb<\/em> rappelle Sant\u00e9 Publique France dans ses bulletins hebdomadaires.<\/p>\n<p>Si au d\u00e9but, on ne parlait que de <strong>fi\u00e8vre<\/strong>, toux s\u00e8che, rhume, \u00e9tat grippal et de fatigue, les sympt\u00f4mes de l&rsquo;infection par le coronavirus ont \u00e9volu\u00e9. On sait d\u00e9sormais que le virus peut avoir des <strong>effets sur la peau<\/strong> (urticaire, l\u00e9sions inflammatoires sur les orteils), la sph\u00e8re digestive (vomissements, diarrh\u00e9es&#8230;), <strong>l&rsquo;odorat<\/strong>, le <strong>go\u00fbt <\/strong>et m\u00eame le cerveau.<em> <\/em><\/p>\n<p>\u2192<strong> Chaque personne pr\u00e9sentant des sympt\u00f4mes \u00e9vocateurs de COVID-19 doit s&rsquo;isoler imm\u00e9diatement et r\u00e9aliser un test diagnostique<\/strong> dans les plus brefs d\u00e9lais (sans avoir d&rsquo;ordonnance).<\/p>\n<p>\u2192<strong> <\/strong><strong>Appeler le\u00a015\u00a0en cas de\u00a0difficult\u00e9s respiratoires\u00a0: \u00ab\u00a0<\/strong><em>Si la toux et la\u00a0fi\u00e8vre s&rsquo;accompagnent d&rsquo;une g\u00eane respiratoire qui devient permanente avec souffle court, difficult\u00e9 \u00e0 inspirer et \u00e0 expirer, d&rsquo;une aggravation importante de la toux, cela peut signifier une \u00e9volution de la maladie sous la forme d&rsquo;une pneumopathie. Il s&rsquo;agit alors d&rsquo;une urgence respiratoire potentielle et comme dans tous les cas d&rsquo;urgence, il faut alors appeler le 15\u00a0qui prendra les meilleures dispositions pour r\u00e9pondre \u00e0 la situation\u00a0\u00bb, <\/em>pr\u00e9vient le Dr\u00a0Patrick Aub\u00e9, m\u00e9decin g\u00e9n\u00e9raliste. \u00a0<\/p>\n<div class=\"ccminsert\">\n<aside class=\"app_widget_fo app_widget_fo--list app_widget_fo--list-2-col\">\n<ul>\n<li>\n<h3>\n                    <a href=\"https:\/\/sante.journaldesfemmes.fr\/fiches-maladies\/2696267-covid-long-c-est-quoi-symptomes-contagieux-fatigue-prise-en-charge-france-traitement-pourcentage-vaccin\/\" class=\"jGTMWidgetGAEventClick\" data-gtmwidgetgaeventaction=\"clickWidgetListOnTwoColumns\" data-gtmwidgetgaeventlabel=\"Covid long\u00a0: vaccin, traitement, sympt\u00f4mes, contagieux ou pas\u00a0?\"><br \/>\n                        Covid long\u00a0: vaccin, traitement, sympt\u00f4mes, contagieux ou pas\u00a0?<br \/>\n                    <\/a><br \/>\n                <\/h3>\n<\/li>\n<li>\n<h3>\n                    <a href=\"https:\/\/sante.journaldesfemmes.fr\/fiches-maladies\/2625903-porteur-sain-covid-19-coronavirus-asymptomatique-definition-duree-isolement-anticorps-isolement-test\/\" class=\"jGTMWidgetGAEventClick\" data-gtmwidgetgaeventaction=\"clickWidgetListOnTwoColumns\" data-gtmwidgetgaeventlabel=\"Porteur sain Covid\u00a0(asymptomatique)\u00a0: d\u00e9finition, test, isolement\"><br \/>\n                        Porteur sain Covid\u00a0(asymptomatique)\u00a0: d\u00e9finition, test, isolement<br \/>\n                    <\/a><br \/>\n                <\/h3>\n<\/li>\n<li>\n<h3>\n                    <a href=\"https:\/\/sante.journaldesfemmes.fr\/fiches-maladies\/2665621-angine-ou-covid-19-symptomes-signes-fievre-mal-gorge-test-difference-contagion\/\" class=\"jGTMWidgetGAEventClick\" data-gtmwidgetgaeventaction=\"clickWidgetListOnTwoColumns\" data-gtmwidgetgaeventlabel=\"Angine ou Covid-19\u00a0: sympt\u00f4mes, diff\u00e9rences, test, contagion\"><br \/>\n                        Angine ou Covid-19\u00a0: sympt\u00f4mes, diff\u00e9rences, test, contagion<br \/>\n                    <\/a><br \/>\n                <\/h3>\n<\/li>\n<li>\n<h3>\n                    <a href=\"https:\/\/sante.journaldesfemmes.fr\/fiches-maladies\/2701631-probleme-maladie-foie-covid-atteinte-cancer-complication-sequelles-symptomes-risque-vaccination\/\" class=\"jGTMWidgetGAEventClick\" data-gtmwidgetgaeventaction=\"clickWidgetListOnTwoColumns\" data-gtmwidgetgaeventlabel=\"Probl\u00e8me au foie et Covid\u00a0: risques, s\u00e9quelles, vaccination\"><br \/>\n                        Probl\u00e8me au foie et Covid\u00a0: risques, s\u00e9quelles, vaccination<br \/>\n                    <\/a><br \/>\n                <\/h3>\n<\/li>\n<li>\n<h3>\n                    <a href=\"https:\/\/sante.journaldesfemmes.fr\/fiches-maladies\/2701633-fievre-covid-duree-obligatoire-que-faire-que-prendre-combien-temperature\/\" class=\"jGTMWidgetGAEventClick\" data-gtmwidgetgaeventaction=\"clickWidgetListOnTwoColumns\" data-gtmwidgetgaeventlabel=\"Fi\u00e8vre et Covid\u00a0: dur\u00e9e, temp\u00e9rature, est-ce obligatoire\u00a0?\"><br \/>\n                        Fi\u00e8vre et Covid\u00a0: dur\u00e9e, temp\u00e9rature, est-ce obligatoire\u00a0?<br \/>\n                    <\/a><br \/>\n                <\/h3>\n<\/li>\n<li>\n<h3>\n                    <a href=\"https:\/\/sante.journaldesfemmes.fr\/fiches-maladies\/2661241-rhume-ou-covid-19-symptomes-tableau-differences-ecole-que-faire-comment-savoir-travail\/\" class=\"jGTMWidgetGAEventClick\" data-gtmwidgetgaeventaction=\"clickWidgetListOnTwoColumns\" data-gtmwidgetgaeventlabel=\"Rhume ou Covid-19\u00a0: sympt\u00f4mes, tableau, \u00e9cole, que faire\u00a0?\"><br \/>\n                        Rhume ou Covid-19\u00a0: sympt\u00f4mes, tableau, \u00e9cole, que faire\u00a0?<br \/>\n                    <\/a><br \/>\n                <\/h3>\n<\/li>\n<li>\n<h3>\n                    <a href=\"https:\/\/sante.journaldesfemmes.fr\/fiches-maladies\/2626825-covid-ou-allergie-pollen-coronavirus-asthme-symptomes-toux-yeux-traitement\/\" class=\"jGTMWidgetGAEventClick\" data-gtmwidgetgaeventaction=\"clickWidgetListOnTwoColumns\" data-gtmwidgetgaeventlabel=\"Covid ou allergie au pollen\u00a0: sympt\u00f4mes, diff\u00e9rences, traitements\"><br \/>\n                        Covid ou allergie au pollen\u00a0: sympt\u00f4mes, diff\u00e9rences, traitements<br \/>\n                    <\/a><br \/>\n                <\/h3>\n<\/li>\n<li>\n<h3>\n                    <a href=\"https:\/\/sante.journaldesfemmes.fr\/fiches-maladies\/2676955-covid-19-ou-gastro-enterite-difference-symptomes-fievre-diarrhee-que-faire-complications\/\" class=\"jGTMWidgetGAEventClick\" data-gtmwidgetgaeventaction=\"clickWidgetListOnTwoColumns\" data-gtmwidgetgaeventlabel=\"Covid\u00a0ou gastro-ent\u00e9rite\u00a0: sympt\u00f4mes, quelles diff\u00e9rences\u00a0?\"><br \/>\n                        Covid\u00a0ou gastro-ent\u00e9rite\u00a0: sympt\u00f4mes, quelles diff\u00e9rences\u00a0?<br \/>\n                    <\/a><br \/>\n                <\/h3>\n<\/li>\n<li>\n<h3>\n                    <a href=\"https:\/\/sante.journaldesfemmes.fr\/fiches-sante-du-quotidien\/2627543-perte-gout-agueusie-covid-19-def-duree-cause-partielle-traitement-soigner\/\" class=\"jGTMWidgetGAEventClick\" data-gtmwidgetgaeventaction=\"clickWidgetListOnTwoColumns\" data-gtmwidgetgaeventlabel=\"Perte du go\u00fbt (agueusie)\u00a0: dur\u00e9e, Covid, comment soigner\u00a0?\"><br \/>\n                        Perte du go\u00fbt (agueusie)\u00a0: dur\u00e9e, Covid, comment soigner\u00a0?<br \/>\n                    <\/a><br \/>\n                <\/h3>\n<\/li>\n<li>\n<h3>\n                    <a href=\"https:\/\/sante.journaldesfemmes.fr\/fiches-maladies\/2683439-symptomes-covid-19-coronavirus-boutons-visage-corps-dermatologiques-peau-bras-pieds-engelure\/\" class=\"jGTMWidgetGAEventClick\" data-gtmwidgetgaeventaction=\"clickWidgetListOnTwoColumns\" data-gtmwidgetgaeventlabel=\"Sympt\u00f4mes Covid sur la peau\u00a0: engelures, boutons, quand consulter\u00a0?\"><br \/>\n                        Sympt\u00f4mes Covid sur la peau\u00a0: engelures, boutons, quand consulter\u00a0?<br \/>\n                    <\/a><br \/>\n                <\/h3>\n<\/li>\n<\/ul>\n<\/aside>\n<\/div>\n<table border=\"1\" cellpadding=\"1\" cellspacing=\"1\" style=\"width:100%;\">\n<thead>\n<tr>\n<th scope=\"col\" style=\"text-align: center;\"><a id=\"date-cle-epidemie-covid-france-confinement\" name=\"date-cle-epidemie-covid-france-confinement\"><strong>DATES CL\u00c9S DE L&rsquo;\u00c9PID\u00c9MIE EN FRANCE<\/strong><\/a><\/th>\n<\/tr>\n<\/thead>\n<tbody>\n<tr>\n<td>\n<p><u><strong>2019<\/strong><\/u><\/p>\n<ul>\n<li><strong>31\u00a0d\u00e9cembre 2019,<\/strong> l&rsquo;Organisation mondiale de la Sant\u00e9 en Chine est inform\u00e9e de plusieurs cas de pneumonies dans la ville de Wuhan. 44\u00a0personnes sont infect\u00e9es entre cette date et le 3\u00a0janvier 2020.<\/li>\n<\/ul>\n<p><u><strong>2020<\/strong><\/u><\/p>\n<ul>\n<li><strong>7\u00a0janvier 2020, <\/strong>les autorit\u00e9s chinoises identifient un \u00ab\u00a0nouveau type de coronavirus\u00a0\u00bb.<\/li>\n<li><strong>13\u00a0janvier, <\/strong>un cas import\u00e9 est recens\u00e9 en Tha\u00eflande.<\/li>\n<li><strong>15\u00a0janvier<\/strong>, le virus cause\u00a0la mort d&rsquo;<strong>une premi\u00e8re\u00a0personne \u00e0 Wuhan<\/strong>, un homme de 69\u00a0ans.\u00a0<\/li>\n<li><strong>23\u00a0janvier,<\/strong> trois villes chinoises dont Wuhan sont plac\u00e9es en quarantaine.<\/li>\n<li><strong>25\u00a0janvier, trois personnes\u00a0contamin\u00e9es sont recens\u00e9es en France<\/strong>, deux \u00e0 Paris et une Bordeaux. Ce sont les premiers cas enregistr\u00e9s sur le continent europ\u00e9en.<\/li>\n<li><strong>30\u00a0janvier, <\/strong>l&rsquo;Organisation mondiale de la Sant\u00e9 <strong>d\u00e9cr\u00e8te\u00a0l&rsquo;<a href=\"https:\/\/sante.journaldesfemmes.fr\/fiches-maladies\/2608035-urgence-de-sante-publique-de-portee-internationale-definition-oms-coronavirus\/\" target=\"_blank\" rel=\"noopener noreferrer\">urgence de sant\u00e9 mondiale<\/a><\/strong>.\u00a0Cette mesure n&rsquo;avait \u00e9t\u00e9 d\u00e9cr\u00e9t\u00e9e que 5\u00a0fois depuis sa cr\u00e9ation (pour Ebola (deux fois), la grippe H1N1, Zika et la poliomy\u00e9lite).\u00a0<\/li>\n<li><strong>23\u00a0f\u00e9vrier, <\/strong>la France d\u00e9clenche le <a href=\"https:\/\/sante.journaldesfemmes.fr\/fiches-maladies\/2622449-plan-orsan-reb-definition-signification-qui-declenche-coronavirus-definition-duree\/\" target=\"_blank\" rel=\"noopener noreferrer\">plan ORSAN<\/a>, un dispositif exceptionnel d&rsquo;organisation des soins.<\/li>\n<li><strong>28\u00a0f\u00e9vrier,<\/strong> la France passe en stade 2\u00a0de l&rsquo;\u00e9pid\u00e9mie.<\/li>\n<li><strong>11\u00a0mars, <\/strong>l&rsquo;OMS classifie de <strong>pand\u00e9mie <\/strong>la diffusion de la maladie \u00e0 coronavirus Covid-19\u00a0dans le monde.<\/li>\n<li><strong>12\u00a0mars<\/strong>, le pr\u00e9sident de la R\u00e9publique Emmanuel Macron annonce la fermeture nationale des cr\u00e8ches et \u00e9tablissements scolaires de France \u00e0 compter du 16\u00a0mars et \u00ab\u00a0jusqu&rsquo;\u00e0 nouvel ordre\u00a0\u00bb.<\/li>\n<li><strong>14\u00a0mars<\/strong>, la France passe au <a href=\"https:\/\/sante.journaldesfemmes.fr\/fiches-maladies\/2625289-coronavirus-covid-19-stade-1-2-3-4-duree-mesure-france-signification-quand\/\" target=\"_blank\" rel=\"noopener noreferrer\"><strong>stade 3 <\/strong><\/a>de l&rsquo;\u00e9pid\u00e9mie.<\/li>\n<li><strong>16\u00a0mars\u00a0:\u00a0la France met en place un premier\u00a0confinement interdisant les d\u00e9placements.<\/strong><\/li>\n<li><strong>26\u00a0mars<\/strong>, un premier cas jeune meurt en France, une adolescente de 16\u00a0ans, en Ile-de-France originaire de Morsang-sur-Orge.<\/li>\n<li><strong>27\u00a0mars,<\/strong> le confinement de la population fran\u00e7aise est renouvel\u00e9 jusqu&rsquo;au 15\u00a0avril.<\/li>\n<li><strong>13\u00a0avril,<\/strong> Emmanuel Macron annonce le prolongement du confinement jusqu&rsquo;au 11\u00a0mai.<\/li>\n<li><strong>11\u00a0mai, la France commence son d\u00e9confinement.<\/strong><\/li>\n<li><strong>20\u00a0juillet,<\/strong>\u00a0le <strong>port du masque est rendu obligatoire <\/strong>dans les lieux publics clos en France.<\/li>\n<li><strong>17 octobre,<\/strong>\u00a0un <strong>couvre-feu <\/strong>est instaur\u00e9 dans 9 territoires fran\u00e7ais (Paris-Ile-de-France, Rouen, Grenoble, Lille, Lyon, Aix-Marseille, Montpellier, Saint-Etienne, Toulouse).<\/li>\n<li><strong>29 octobre<\/strong>\u00a0:<strong> un deuxi\u00e8me confinement est instaur\u00e9 en France.<\/strong><\/li>\n<li><strong>28 novembre : <\/strong>r\u00e9ouverture des commerces non essentiels un mois avant les f\u00eates de fin d&rsquo;ann\u00e9e.<\/li>\n<li><strong>15 d\u00e9cembre : d\u00e9confinement <\/strong>avec\u00a0couvre-feu de 20 heures \u00e0 6 heures du matin.<\/li>\n<li><strong>24 d\u00e9cembre<\/strong> <strong>: autorisation du vaccin Pfizer-BioNTech en France.<\/strong><\/li>\n<li><strong>27 d\u00e9cembre :<\/strong> d\u00e9but de la vaccination en France avec le vaccin Pfizer BioNTech.<\/li>\n<\/ul>\n<p><u><strong>2021<\/strong><\/u><\/p>\n<ul>\n<li><strong>8 janvier 2021<\/strong> <strong>:\u00a0autorisation du vaccin Moderna en France.<\/strong><\/li>\n<li><strong>31 janvier\u00a0<\/strong>: fermeture des fronti\u00e8res de la France\u00a0aux pays ext\u00e9rieurs \u00e0 l&rsquo;Union europ\u00e9enne<\/li>\n<li><strong>2 f\u00e9vrier<\/strong>\u00a0<strong>:\u00a0autorisation du vaccin AstraZeneca en France<\/strong>.<\/li>\n<li><strong>11 f\u00e9vrier : <\/strong>d\u00e9ploiement des tests salivaires dans les \u00e9tablissements scolaires.<\/li>\n<li><strong>12 mars :\u00a0autorisation du\u00a0vaccin\u00a0Johnson&amp;Johnson.<\/strong><\/li>\n<li><strong>16 mars <\/strong>: autorisation des autotests en France.<\/li>\n<li><strong>19 mars :<\/strong> confinement de 16 d\u00e9partements pour une dur\u00e9e de 4 semaines. Le couvre-feu repasse \u00e0 19 heures dans toute la France au lieu de 18 heures.<\/li>\n<li><strong>25 mars<\/strong> :\u00a0confinement de 3 nouveaux d\u00e9partements pour une dur\u00e9e de 4\u00a0semaines.<\/li>\n<li><strong>3 avril\u00a0: la France met en place son troisi\u00e8me confinement,<\/strong>\u00a0les \u00e9coles ferment pour trois semaines, les d\u00e9placements sont limit\u00e9s \u00e0 10 km.<\/li>\n<li><strong>12 avril :<\/strong> ouverture de la vaccination\u00a0\u00e0 tous les Fran\u00e7ais \u00e2g\u00e9s de\u00a055\u00a0ans ou plus.<\/li>\n<li><strong>3 mai : premi\u00e8re \u00e9tape du d\u00e9confinement <\/strong>avec la<strong>\u00a0<\/strong>fin de l&rsquo;attestation de d\u00e9placement et de la limitation des d\u00e9placements \u00e0 10 km. Le couvre-feu est en vigueur de 19h \u00e0 6h.<\/li>\n<li><strong>10 mai <\/strong>: ouverture de la vaccination aux plus de 50 ans.<\/li>\n<li><strong>19 mai :<\/strong>\u00a0deuxi\u00e8me \u00e9tape du d\u00e9confinement avec la r\u00e9ouverture des lieux essentiels ferm\u00e9s (terrasses des bars et restaurants, mus\u00e9es, cin\u00e9mas, th\u00e9\u00e2tres, commerces&#8230;) et couvre-feu de 21 h \u00e0 6 h.\u00a0<\/li>\n<li><strong>31 mai :<\/strong> ouverture de la vaccination \u00e0 toutes les personnes majeures, sans aucune condition.\u00a0<\/li>\n<\/ul>\n<\/td>\n<\/tr>\n<\/tbody>\n<\/table>\n<p><em>Cet article est mis \u00e0 jour quotidiennement par <a href=\"https:\/\/www.journaldesfemmes.fr\/account\/ablaize-11409696\" target=\"_blank\" rel=\"noopener noreferrer\">Aur\u00e9lie Blaize<\/a>, <a href=\"https:\/\/www.journaldesfemmes.fr\/account\/anaisthiebaux-10573564\" target=\"_blank\" rel=\"noopener noreferrer\">Ana\u00efs Thi\u00e9baux<\/a> et <a href=\"https:\/\/www.journaldesfemmes.fr\/account\/samanthapages-11598093\" target=\"_blank\" rel=\"noopener noreferrer\">Samantha Pag\u00e8s<\/a>.\u00a0<\/em><\/p>\n<\/section>\n<\/div>\n<p>[ad_2]<br \/>\n<br \/><a href=\"https:\/\/sante.journaldesfemmes.fr\/fiches-maladies\/2605417-covid-19-france-chiffres-nombre-cas-mort-deces-direct-bilan-du-jour-actualite-variant-30-mai\/\">Source link <\/a><\/p>\n","protected":false},"excerpt":{"rendered":"<p>[ad_1] CORONAVIRUS DIRECT &#8211; Le nombre de patients pris en charge en soins critiques est pass\u00e9 sous la barre symbolique &hellip; <a href=\"http:\/\/www.affinite.fr\/index.php\/2021\/05\/30\/moins-de-3000-malades-en-soins-critiques\/\" class=\"more-link\">Plus <span class=\"screen-reader-text\">moins de 3000\u00a0malades en soins critiques<\/span> <span class=\"meta-nav\">&rarr;<\/span><\/a><\/p>\n","protected":false},"author":1,"featured_media":6458,"comment_status":"open","ping_status":"open","sticky":false,"template":"","format":"standard","meta":{"_sitemap_exclude":false,"_sitemap_priority":"","_sitemap_frequency":"","footnotes":""},"categories":[1],"tags":[],"class_list":["post-6457","post","type-post","status-publish","format-standard","has-post-thumbnail","hentry","category-tous"],"_links":{"self":[{"href":"http:\/\/www.affinite.fr\/index.php\/wp-json\/wp\/v2\/posts\/6457"}],"collection":[{"href":"http:\/\/www.affinite.fr\/index.php\/wp-json\/wp\/v2\/posts"}],"about":[{"href":"http:\/\/www.affinite.fr\/index.php\/wp-json\/wp\/v2\/types\/post"}],"author":[{"embeddable":true,"href":"http:\/\/www.affinite.fr\/index.php\/wp-json\/wp\/v2\/users\/1"}],"replies":[{"embeddable":true,"href":"http:\/\/www.affinite.fr\/index.php\/wp-json\/wp\/v2\/comments?post=6457"}],"version-history":[{"count":0,"href":"http:\/\/www.affinite.fr\/index.php\/wp-json\/wp\/v2\/posts\/6457\/revisions"}],"wp:featuredmedia":[{"embeddable":true,"href":"http:\/\/www.affinite.fr\/index.php\/wp-json\/wp\/v2\/media\/6458"}],"wp:attachment":[{"href":"http:\/\/www.affinite.fr\/index.php\/wp-json\/wp\/v2\/media?parent=6457"}],"wp:term":[{"taxonomy":"category","embeddable":true,"href":"http:\/\/www.affinite.fr\/index.php\/wp-json\/wp\/v2\/categories?post=6457"},{"taxonomy":"post_tag","embeddable":true,"href":"http:\/\/www.affinite.fr\/index.php\/wp-json\/wp\/v2\/tags?post=6457"}],"curies":[{"name":"wp","href":"https:\/\/api.w.org\/{rel}","templated":true}]}}