{"id":645,"date":"2020-03-14T13:22:57","date_gmt":"2020-03-14T13:22:57","guid":{"rendered":"https:\/\/www.affinite.fr\/index.php\/2020\/03\/14\/elon-musk-assure-que-ses-satellites-starlink-ne-perturberont-plus-les-observations-du-ciel\/"},"modified":"2020-03-14T13:22:57","modified_gmt":"2020-03-14T13:22:57","slug":"elon-musk-assure-que-ses-satellites-starlink-ne-perturberont-plus-les-observations-du-ciel","status":"publish","type":"post","link":"http:\/\/www.affinite.fr\/index.php\/2020\/03\/14\/elon-musk-assure-que-ses-satellites-starlink-ne-perturberont-plus-les-observations-du-ciel\/","title":{"rendered":"Elon Musk assure que ses satellites Starlink ne perturberont plus les observations du ciel"},"content":{"rendered":"<p> [ad_1]<br \/>\n<br \/>L\u2019homme d\u2019affaires affirme que la luminosit\u00e9 de ses satellites s&rsquo;att\u00e9nue une fois qu&rsquo;ils sont en orbite. Ils ne menaceraient ainsi pas les d\u00e9couvertes astronomiques.  <\/p>\n<p> <img decoding=\"async\" src=\"https:\/\/img.bfmtv.com\/c\/150\/100\/e44\/5d78944ba4badac2a4e6fd3bc2702.jpg\" \/><br \/>\n<br \/>[ad_2]<br \/>\n<br \/><a href=\"https:\/\/www.01net.com\/actualites\/elon-musk-assure-que-ses-satellites-starlink-ne-perturberont-plus-les-observations-du-ciel-1873036.html\">Source link <\/a><\/p>\n","protected":false},"excerpt":{"rendered":"<p>[ad_1] L\u2019homme d\u2019affaires affirme que la luminosit\u00e9 de ses satellites s&rsquo;att\u00e9nue une fois qu&rsquo;ils sont en orbite. Ils ne menaceraient &hellip; <a href=\"http:\/\/www.affinite.fr\/index.php\/2020\/03\/14\/elon-musk-assure-que-ses-satellites-starlink-ne-perturberont-plus-les-observations-du-ciel\/\" class=\"more-link\">Plus <span class=\"screen-reader-text\">Elon Musk assure que ses satellites Starlink ne perturberont plus les observations du ciel<\/span> <span class=\"meta-nav\">&rarr;<\/span><\/a><\/p>\n","protected":false},"author":1,"featured_media":646,"comment_status":"open","ping_status":"open","sticky":false,"template":"","format":"standard","meta":{"_sitemap_exclude":false,"_sitemap_priority":"","_sitemap_frequency":"","footnotes":""},"categories":[1],"tags":[],"class_list":["post-645","post","type-post","status-publish","format-standard","has-post-thumbnail","hentry","category-tous"],"_links":{"self":[{"href":"http:\/\/www.affinite.fr\/index.php\/wp-json\/wp\/v2\/posts\/645"}],"collection":[{"href":"http:\/\/www.affinite.fr\/index.php\/wp-json\/wp\/v2\/posts"}],"about":[{"href":"http:\/\/www.affinite.fr\/index.php\/wp-json\/wp\/v2\/types\/post"}],"author":[{"embeddable":true,"href":"http:\/\/www.affinite.fr\/index.php\/wp-json\/wp\/v2\/users\/1"}],"replies":[{"embeddable":true,"href":"http:\/\/www.affinite.fr\/index.php\/wp-json\/wp\/v2\/comments?post=645"}],"version-history":[{"count":0,"href":"http:\/\/www.affinite.fr\/index.php\/wp-json\/wp\/v2\/posts\/645\/revisions"}],"wp:featuredmedia":[{"embeddable":true,"href":"http:\/\/www.affinite.fr\/index.php\/wp-json\/wp\/v2\/media\/646"}],"wp:attachment":[{"href":"http:\/\/www.affinite.fr\/index.php\/wp-json\/wp\/v2\/media?parent=645"}],"wp:term":[{"taxonomy":"category","embeddable":true,"href":"http:\/\/www.affinite.fr\/index.php\/wp-json\/wp\/v2\/categories?post=645"},{"taxonomy":"post_tag","embeddable":true,"href":"http:\/\/www.affinite.fr\/index.php\/wp-json\/wp\/v2\/tags?post=645"}],"curies":[{"name":"wp","href":"https:\/\/api.w.org\/{rel}","templated":true}]}}