{"id":6443,"date":"2021-05-27T03:06:24","date_gmt":"2021-05-27T03:06:24","guid":{"rendered":"https:\/\/www.affinite.fr\/index.php\/2021\/05\/27\/nina-sur-france-2-pourquoi-lepidemie-de-covid-nest-elle-pas-abordee-dans-la-saison-6-news-series-a-la-tv\/"},"modified":"2021-05-27T03:06:24","modified_gmt":"2021-05-27T03:06:24","slug":"nina-sur-france-2-pourquoi-lepidemie-de-covid-nest-elle-pas-abordee-dans-la-saison-6-news-series-a-la-tv","status":"publish","type":"post","link":"http:\/\/www.affinite.fr\/index.php\/2021\/05\/27\/nina-sur-france-2-pourquoi-lepidemie-de-covid-nest-elle-pas-abordee-dans-la-saison-6-news-series-a-la-tv\/","title":{"rendered":"Nina sur France 2 : pourquoi l&rsquo;\u00e9pid\u00e9mie de Covid n&rsquo;est-elle pas abord\u00e9e dans la saison 6 ? &#8211; News S\u00e9ries \u00e0 la TV"},"content":{"rendered":"<p> [ad_1]<br \/>\n<br \/><img decoding=\"async\" src=\"http:\/\/fr.web.img1.acsta.net\/newsv7\/21\/05\/26\/17\/17\/3852457.jpg\" \/><\/p>\n<p>\u00ab\u00a0Nina\u00a0\u00bb revient ce soir sur France 2 pour une ultime saison riche en rebondissements. Mais contrairement \u00e0 \u00ab\u00a0Grey&rsquo;s Anatomy\u00a0\u00bb ou \u00ab\u00a0The Resident\u00a0\u00bb, la s\u00e9rie m\u00e9dicale avec Annelise Hesme ne traite pas de l&rsquo;\u00e9pid\u00e9mie de Covid-19. On vous explique pourquoi.<\/p>\n<div id=\"article-content\">\n<figure class=\"player player-auto-play js-player\" data-model=\"{&quot;context&quot;:&quot;newspage_news&quot;,&quot;launch&quot;:&quot;auto-play&quot;,&quot;followScroll&quot;:true,&quot;editorialContent&quot;:&quot;18699814-nina_sur_france_2_pourquoi_l_epidemie_de_covid_n_est_elle_pas_abordee_dans_la_saison_6&quot;,&quot;endScreen&quot;:true,&quot;disableAutoPause&quot;:true,&quot;player_position&quot;:&quot;playertop&quot;,&quot;videos&quot;:[{&quot;id&quot;:19592342,&quot;sources&quot;:{&quot;medium&quot;:&quot;\/\/fr.vid.web.acsta.net\/nmedia\/33\/21\/05\/19\/16\/19592342_sd_013.mp4&quot;,&quot;high&quot;:&quot;\/\/fr.vid.web.acsta.net\/nmedia\/33\/21\/05\/19\/16\/19592342_hd_013.mp4&quot;},&quot;image&quot;:&quot;\/videothumbnails\/21\/05\/19\/16\/49\/4342515.jpg&quot;,&quot;title&quot;:&quot;Nina - saison 6 Bande-annonce VF&quot;,&quot;trackingIdentifier&quot;:&quot;19592342-nina_saison_6_bande_annonce_vf&quot;,&quot;embedUrl&quot;:&quot;ACraHRACr0cHM6Ly9wbGF5ZXIuYWxsb2NpbmUuZnIvMTk1OTIzNDIuaHRtbA==&quot;,&quot;id_type&quot;:31003,&quot;file_type&quot;:&quot;trailer&quot;,&quot;description&quot;:&quot;&lt;strong&gt;Nina - saison 6&lt;\/strong&gt; Bande-annonce VF&quot;,&quot;duration&quot;:46,&quot;view_count&quot;:578,&quot;added_at&quot;:{&quot;date&quot;:&quot;2021-05-19 16:47:00.000000&quot;,&quot;timezone_type&quot;:3,&quot;timezone&quot;:&quot;Europe\/Paris&quot;},&quot;metas&quot;:{&quot;genre_main_series&quot;:[{&quot;name&quot;:&quot;Drame&quot;,&quot;id&quot;:&quot;13008&quot;},{&quot;name&quot;:&quot;Mu00e9dical&quot;,&quot;id&quot;:&quot;13030&quot;}],&quot;id_main_season&quot;:35863,&quot;id_main_series&quot;:16863,&quot;image_main_series&quot;:&quot;\/pictures\/20\/11\/24\/17\/29\/4497225.jpg&quot;,&quot;localized_file_type&quot;:&quot;trailer&quot;,&quot;main_season_number&quot;:6,&quot;main_season_rating&quot;:3.125,&quot;main_season_user_note_count&quot;:2,&quot;main_series_rating&quot;:2.9001255,&quot;name_main_season&quot;:&quot;Nina - Saison 6&quot;,&quot;name_main_series&quot;:&quot;Nina&quot;,&quot;release_status_series&quot;:&quot;En cours&quot;,&quot;trans_file_type&quot;:&quot;Bande-annonce&quot;},&quot;relatedEntityType&quot;:&quot;series&quot;,&quot;relatedEntityTrackingIdentifier&quot;:&quot;16863-nina&quot;,&quot;relatedEntityTitle&quot;:&quot;Nina&quot;,&quot;relatedEntityId&quot;:16863,&quot;relatedEntityUrl&quot;:&quot;ACraHRACr0cHM6Ly93d3cuYWxsb2NpbmUuZnIvc2VyaWVzL2ZpY2hlc2VyaWVfZ2VuX2NzZXJpZT0xNjg2My5odG1s&quot;,&quot;mediaUrl&quot;:&quot;ACraHRACr0cHM6Ly93d3cuYWxsb2NpbmUuZnIvdmlkZW8vcGxheWVyX2dlbl9jbWVkaWE9MTk1OTIzNDImY3NlcmllPTE2ODYzLmh0bWw=&quot;}],&quot;disablePreroll&quot;:false,&quot;disablePostroll&quot;:false}\" data-thumb=\"https:\/\/fr.web.img6.acsta.net\/r_640_360\/videothumbnails\/21\/05\/19\/16\/49\/4342515.jpg\">\n<\/figure>\n<p>Apr\u00e8s un peu plus de six ans de bons et loyaux services sur France 2,\u00a0<a title=\"Nina (France) (Drame,M\u00e9dical)\" href=\"http:\/\/www.allocine.fr\/series\/ficheserie_gen_cserie=16863.html\">Nina<\/a> s&rsquo;appr\u00eate \u00e0 raccrocher d\u00e9finitivement la blouse. La s\u00e9rie emmen\u00e9e par <a title=\"Annelise Hesme (France) (Acteur,Sc\u00e9nariste)\" href=\"http:\/\/www.allocine.fr\/personne\/fichepersonne_gen_cpersonne=54868.html\">Annelise Hesme<\/a>, <a title=\"Thomas Jouannet (France,Suisse) (Acteur,Producteur ex\u00e9cutif)\" href=\"http:\/\/www.allocine.fr\/personne\/fichepersonne_gen_cpersonne=82454.html\">Thomas Jouannet<\/a>, et\u00a0<a title=\"Gr\u00e9goire Bonnet (France) (Acteur)\" href=\"http:\/\/www.allocine.fr\/personne\/fichepersonne_gen_cpersonne=25206.html\">Gr\u00e9goire Bonnet<\/a> revient en effet ce soir \u00e0 21h05 pour une sixi\u00e8me et ultime saison.<\/p>\n<p>Une derni\u00e8re fourn\u00e9e plus courte que les pr\u00e9c\u00e9dentes, qui va confronter notre infirmi\u00e8re pr\u00e9f\u00e9r\u00e9e \u00e0 plusieurs combats, dont la fermeture imminente de l&rsquo;h\u00f4pital Madeleine-Br\u00e8s et la maladie d&rsquo;un \u00eatre cher. Mais qui ne traitera pas de l&rsquo;\u00e9pid\u00e9mie de Covid-19, contrairement aux s\u00e9ries m\u00e9dicales am\u00e9ricaines actuelles, telles que <a title=\"Grey's Anatomy (U.S.A.) (Drame,M\u00e9dical)\" href=\"http:\/\/www.allocine.fr\/series\/ficheserie_gen_cserie=274.html\">Grey&rsquo;s Anatomy<\/a>, <a title=\"The Resident (U.S.A.) (Drame,M\u00e9dical)\" href=\"http:\/\/www.allocine.fr\/series\/ficheserie_gen_cserie=19475.html\">The Resident<\/a>, ou <a title=\"Good Doctor (U.S.A.) (Drame,M\u00e9dical)\" href=\"http:\/\/www.allocine.fr\/series\/ficheserie_gen_cserie=18045.html\">Good Doctor<\/a>, qui cette saison ont toutes abord\u00e9 outre-Atlantique la pand\u00e9mie qui \u00e9branle la plan\u00e8te depuis maintenant plus d&rsquo;un an.<\/p>\n<p>Et cette absence de r\u00e9f\u00e9rence au coronavirus au sein des intrigues de Nina s&rsquo;explique d&rsquo;une mani\u00e8re tr\u00e8s simple : les six \u00e9pisodes qui constituent cette ultime saison ont \u00e9t\u00e9 tourn\u00e9s \u00e0 l&rsquo;automne 2019, soit plusieurs mois avant le d\u00e9but de l&rsquo;\u00e9pid\u00e9mie de Covid. La saison 6 est donc rest\u00e9e un an et demi dans les placards de France 2, pour une raison que l&rsquo;on ignore, et para\u00eet ainsi en d\u00e9calage avec l&rsquo;actualit\u00e9, alors que ce n&rsquo;est pas voulu.<\/p>\n<p><i>\u00ab\u00a0On l&rsquo;a tourn\u00e9e il y a un an et demi et l&rsquo;on n&rsquo;a donc pas pu int\u00e9grer le Covid aux histoires\u00a0\u00bb<\/i>, explique Annelise Hesme dans une interview accord\u00e9e \u00e0 T\u00e9l\u00e9 Star. <i>\u00ab\u00a0Je suppose que sinon cela aurait \u00e9t\u00e9 in\u00e9vitable. Mais \u00e0 l&rsquo;\u00e9poque, on ne s&rsquo;attendait pas \u00e0 ce que cette horreur nous tombe sur la t\u00eate\u00a0\u00bb<\/i>.<\/p>\n<p>Malgr\u00e9 tout, pour la star de la s\u00e9rie, Nina reste tout de m\u00eame en phase avec les probl\u00e9matiques du monde hospitalier : <i>\u00ab\u00a0Je pense que les th\u00e9matiques qu&rsquo;elles soul\u00e8ve, telles que le harc\u00e8lement sexuel ou le manque d&rsquo;argent \u00e0 l&rsquo;h\u00f4pital, collent bien avec ce qui se passe actuellement. Les soignantes avec qui l&rsquo;on a con\u00e7u cette s\u00e9rie nous ont d&rsquo;ailleurs alert\u00e9s depuis le d\u00e9but sur le manque de consid\u00e9ration qu&rsquo;on leur t\u00e9moignait et leur envie d&rsquo;exercer leur profession dans de meilleures conditions\u00a0\u00bb<\/i>.<\/p>\n<p>Et m\u00eame si le peu d&rsquo;\u00e9pisodes donne l&rsquo;impression que quelques intrigues ont \u00e9t\u00e9 exp\u00e9di\u00e9es, cette saison 6 devrait ravir les fans de la premi\u00e8re heure car elle offre une jolie conclusion aux aventures de Nina Auber et de ses coll\u00e8gues de l&rsquo;h\u00f4pital Madeleine-Br\u00e8s.<\/p>\n<\/p><\/div>\n<p>[ad_2]<br \/>\n<br \/><a href=\"http:\/\/rss.allocine.fr\/~r\/ac\/actualites\/~3\/7A8ztki4yWc\/fichearticle_gen_carticle=18699814.html\">Source link <\/a><\/p>\n","protected":false},"excerpt":{"rendered":"<p>[ad_1] \u00ab\u00a0Nina\u00a0\u00bb revient ce soir sur France 2 pour une ultime saison riche en rebondissements. Mais contrairement \u00e0 \u00ab\u00a0Grey&rsquo;s Anatomy\u00a0\u00bb &hellip; <a href=\"http:\/\/www.affinite.fr\/index.php\/2021\/05\/27\/nina-sur-france-2-pourquoi-lepidemie-de-covid-nest-elle-pas-abordee-dans-la-saison-6-news-series-a-la-tv\/\" class=\"more-link\">Plus <span class=\"screen-reader-text\">Nina sur France 2 : pourquoi l&rsquo;\u00e9pid\u00e9mie de Covid n&rsquo;est-elle pas abord\u00e9e dans la saison 6 ? &#8211; News S\u00e9ries \u00e0 la TV<\/span> <span class=\"meta-nav\">&rarr;<\/span><\/a><\/p>\n","protected":false},"author":1,"featured_media":6444,"comment_status":"open","ping_status":"open","sticky":false,"template":"","format":"standard","meta":{"_sitemap_exclude":false,"_sitemap_priority":"","_sitemap_frequency":"","footnotes":""},"categories":[1],"tags":[],"class_list":["post-6443","post","type-post","status-publish","format-standard","has-post-thumbnail","hentry","category-tous"],"_links":{"self":[{"href":"http:\/\/www.affinite.fr\/index.php\/wp-json\/wp\/v2\/posts\/6443"}],"collection":[{"href":"http:\/\/www.affinite.fr\/index.php\/wp-json\/wp\/v2\/posts"}],"about":[{"href":"http:\/\/www.affinite.fr\/index.php\/wp-json\/wp\/v2\/types\/post"}],"author":[{"embeddable":true,"href":"http:\/\/www.affinite.fr\/index.php\/wp-json\/wp\/v2\/users\/1"}],"replies":[{"embeddable":true,"href":"http:\/\/www.affinite.fr\/index.php\/wp-json\/wp\/v2\/comments?post=6443"}],"version-history":[{"count":0,"href":"http:\/\/www.affinite.fr\/index.php\/wp-json\/wp\/v2\/posts\/6443\/revisions"}],"wp:featuredmedia":[{"embeddable":true,"href":"http:\/\/www.affinite.fr\/index.php\/wp-json\/wp\/v2\/media\/6444"}],"wp:attachment":[{"href":"http:\/\/www.affinite.fr\/index.php\/wp-json\/wp\/v2\/media?parent=6443"}],"wp:term":[{"taxonomy":"category","embeddable":true,"href":"http:\/\/www.affinite.fr\/index.php\/wp-json\/wp\/v2\/categories?post=6443"},{"taxonomy":"post_tag","embeddable":true,"href":"http:\/\/www.affinite.fr\/index.php\/wp-json\/wp\/v2\/tags?post=6443"}],"curies":[{"name":"wp","href":"https:\/\/api.w.org\/{rel}","templated":true}]}}