{"id":6433,"date":"2021-05-24T15:05:26","date_gmt":"2021-05-24T15:05:26","guid":{"rendered":"https:\/\/www.affinite.fr\/index.php\/2021\/05\/24\/bande-annonce-eternals-le-film-marvel-de-loscarisee-chloe-zhao-avec-angelina-jolie-et-salma-hayek-actus-cine\/"},"modified":"2021-05-24T15:05:26","modified_gmt":"2021-05-24T15:05:26","slug":"bande-annonce-eternals-le-film-marvel-de-loscarisee-chloe-zhao-avec-angelina-jolie-et-salma-hayek-actus-cine","status":"publish","type":"post","link":"http:\/\/www.affinite.fr\/index.php\/2021\/05\/24\/bande-annonce-eternals-le-film-marvel-de-loscarisee-chloe-zhao-avec-angelina-jolie-et-salma-hayek-actus-cine\/","title":{"rendered":"Bande-annonce Eternals, le film Marvel de l&rsquo;oscaris\u00e9e Chlo\u00e9 Zhao avec Angelina Jolie et Salma Hayek &#8211; Actus Cin\u00e9"},"content":{"rendered":"<p> [ad_1]<br \/>\n<\/p>\n<p>D\u00e9couvrez un premier trailer envo\u00fbtant pour le film Marvel Les Eternels, port\u00e9 par Angelina Jolie, Richard Madden, Salma Hayek et Kit Harington.<\/p>\n<div id=\"article-content\">\n<figure class=\"player player-auto-play js-player\" data-model=\"{&quot;context&quot;:&quot;newspage_news&quot;,&quot;launch&quot;:&quot;auto-play&quot;,&quot;followScroll&quot;:true,&quot;editorialContent&quot;:&quot;18699743-bande_annonce_eternals_le_film_marvel_de_l_oscarisee_chloe_zhao_avec_angelina_jolie_et_salma_hayek&quot;,&quot;endScreen&quot;:true,&quot;disableAutoPause&quot;:true,&quot;player_position&quot;:&quot;playertop&quot;,&quot;videos&quot;:[{&quot;id&quot;:19592404,&quot;sources&quot;:{&quot;medium&quot;:&quot;\/\/fr.vid.web.acsta.net\/nmedia\/33\/21\/05\/24\/15\/19592404_sd_013.mp4&quot;,&quot;high&quot;:&quot;\/\/fr.vid.web.acsta.net\/nmedia\/33\/21\/05\/24\/15\/19592404_hd_013.mp4&quot;},&quot;image&quot;:&quot;\/videothumbnails\/21\/05\/24\/15\/18\/0728768.jpg&quot;,&quot;title&quot;:&quot;&quot;,&quot;trackingIdentifier&quot;:&quot;19592404-n_a&quot;,&quot;embedUrl&quot;:&quot;ACraHRACr0cHM6Ly9wbGF5ZXIuYWxsb2NpbmUuZnIvMTk1OTI0MDQuaHRtbA==&quot;,&quot;id_type&quot;:31003,&quot;file_type&quot;:&quot;trailer&quot;,&quot;description&quot;:&quot;&quot;,&quot;duration&quot;:0,&quot;view_count&quot;:null,&quot;added_at&quot;:{&quot;date&quot;:&quot;2021-05-24 15:16:00.000000&quot;,&quot;timezone_type&quot;:3,&quot;timezone&quot;:&quot;Europe\/Paris&quot;},&quot;metas&quot;:{&quot;genre_main_movie&quot;:[{&quot;name&quot;:&quot;Science fiction&quot;,&quot;id&quot;:&quot;13021&quot;},{&quot;name&quot;:&quot;Fantastique&quot;,&quot;id&quot;:&quot;13012&quot;},{&quot;name&quot;:&quot;Action&quot;,&quot;id&quot;:&quot;13025&quot;}],&quot;id_main_movie&quot;:136316,&quot;image_main_movie&quot;:&quot;\/pictures\/19\/07\/22\/12\/41\/1985226.jpg&quot;,&quot;localized_file_type&quot;:&quot;trailer&quot;,&quot;main_movie_type&quot;:4002,&quot;name_main_movie&quot;:&quot;Les Eternels&quot;,&quot;nb_days_release_main_movie&quot;:162,&quot;release_date_main_movie&quot;:{&quot;date&quot;:&quot;2021-11-03 00:00:00.000000&quot;,&quot;timezone_type&quot;:3,&quot;timezone&quot;:&quot;Europe\/Paris&quot;},&quot;release_status_movie&quot;:&quot;Sortie en salle&quot;,&quot;trans_file_type&quot;:&quot;Bande-annonce&quot;},&quot;relatedEntityDistributor&quot;:&quot;The Walt Disney Company France&quot;,&quot;relatedEntityDistributorId&quot;:24110,&quot;relatedEntityType&quot;:&quot;movie&quot;,&quot;relatedEntityTrackingIdentifier&quot;:&quot;136316-les_eternels&quot;,&quot;relatedEntityTitle&quot;:&quot;Les Eternels&quot;,&quot;relatedEntityId&quot;:136316,&quot;genres&quot;:[{&quot;id&quot;:&quot;13021&quot;,&quot;name&quot;:&quot;Science fiction&quot;},{&quot;id&quot;:&quot;13012&quot;,&quot;name&quot;:&quot;Fantastique&quot;},{&quot;id&quot;:&quot;13025&quot;,&quot;name&quot;:&quot;Action&quot;}],&quot;relatedEntityUrl&quot;:&quot;ACraHRACr0cHM6Ly93d3cuYWxsb2NpbmUuZnIvZmlsbS9maWNoZWZpbG1fZ2VuX2NmaWxtPTEzNjMxNi5odG1s&quot;,&quot;mediaUrl&quot;:&quot;ACraHRACr0cHM6Ly93d3cuYWxsb2NpbmUuZnIvdmlkZW8vcGxheWVyX2dlbl9jbWVkaWE9MTk1OTI0MDQmY2ZpbG09MTM2MzE2Lmh0bWw=&quot;}],&quot;disablePreroll&quot;:false,&quot;disablePostroll&quot;:false}\" data-thumb=\"https:\/\/fr.web.img6.acsta.net\/r_640_360\/videothumbnails\/21\/05\/24\/15\/18\/0728768.jpg\">\n<\/figure>\n<p>Apr\u00e8s un teaser d&rsquo;une quinzaine de secondes d\u00e9voil\u00e9 au d\u00e9but du mois de mai,\u00a0<a title=\"Les Eternels (U.S.A.) - 2021 (Science fiction,Fantastique,Action)\" href=\"http:\/\/www.allocine.fr\/film\/fichefilm_gen_cfilm=136316.html\">Les Eternels<\/a> d\u00e9voile cette fois une vraie bande-annonce tr\u00e8s intrigante !<\/p>\n<p>Apr\u00e8s avoir triomph\u00e9 aux Oscars avec <a title=\"Nomadland (U.S.A.) - 2020 (Drame)\" href=\"http:\/\/www.allocine.fr\/film\/fichefilm_gen_cfilm=271687.html\">Nomadland<\/a>, raflant les statuettes de meilleur film et meilleure r\u00e9alisation,\u00a0<a title=\"Chlo\u00e9 Zhao (Chine) (Sc\u00e9nariste,R\u00e9alisateur,Producteur)\" href=\"http:\/\/www.allocine.fr\/personne\/fichepersonne_gen_cpersonne=714671.html\">Chlo\u00e9 Zhao<\/a> transforme l&rsquo;essai en dirigeant ce film pour l&rsquo;\u00e9curie Marvel.<\/p>\n<p>Ces premi\u00e8res images sont en tout cas tr\u00e8s myst\u00e9rieuses, nimb\u00e9es d&rsquo;une atmosph\u00e8re contemplative, dans le pur style de la cin\u00e9aste.<\/p>\n<p>Quand ce peuple du d\u00e9sert aper\u00e7oit le vaisseau spatial au d\u00e9but du film, on a presque l&rsquo;impression que l&rsquo;ambiance de\u00a0<a title=\"The Rider (U.S.A.) - 2017 (Drame)\" href=\"http:\/\/www.allocine.fr\/film\/fichefilm_gen_cfilm=255624.html\">The Rider<\/a> et\u00a0Nomadland s&rsquo;invite chez Marvel. Pass\u00e9 ce moment un peu d\u00e9concertant, on fait connaissance avec les diff\u00e9rents personnages.<\/p>\n<p><a title=\"Richard Madden (Grande-Bretagne) (Acteur)\" href=\"http:\/\/www.allocine.fr\/personne\/fichepersonne_gen_cpersonne=405376.html\">Richard Madden<\/a>, <a title=\"Salma Hayek (Mexique,U.S.A.) (Acteur,Producteur d\u00e9l\u00e9gu\u00e9,Producteur)\" href=\"http:\/\/www.allocine.fr\/personne\/fichepersonne_gen_cpersonne=8758.html\">Salma Hayek<\/a>, <a title=\"Angelina Jolie (U.S.A.) (Acteur,Producteur,R\u00e9alisateur)\" href=\"http:\/\/www.allocine.fr\/personne\/fichepersonne_gen_cpersonne=27613.html\">Angelina Jolie<\/a>, <a title=\"Kit Harington (Grande-Bretagne) (Acteur,Producteur d\u00e9l\u00e9gu\u00e9)\" href=\"http:\/\/www.allocine.fr\/personne\/fichepersonne_gen_cpersonne=405374.html\">Kit Harington<\/a>,\u00a0<a title=\"Gemma Chan (Grande-Bretagne) (Acteur,Sc\u00e9nariste)\" href=\"http:\/\/www.allocine.fr\/personne\/fichepersonne_gen_cpersonne=416661.html\">Gemma Chan<\/a> et\u00a0<a title=\"Barry Keoghan (Irlande) (Acteur)\" href=\"http:\/\/www.allocine.fr\/personne\/fichepersonne_gen_cpersonne=646346.html\">Barry Keoghan<\/a> seront les h\u00e9ros de ce long-m\u00e9trage pr\u00e9vu pour le 3 novembre prochain. Ils incarnent respectivement Ikaris, Ajak, Thena, Black Knight, Sesi et Druig.<\/p>\n<p>Appartenant \u00e0 une ancienne race d&rsquo;\u00eatres humains, les Eternels, qui peuvent manipuler l&rsquo;\u00e9nergie cosmique, ont \u00e9t\u00e9 cr\u00e9\u00e9s par les C\u00e9lestes afin de prot\u00e9ger la Terre.<\/p>\n<p>Suite aux \u00e9v\u00e9nements d\u2019<a title=\"Avengers: Endgame (U.S.A.) - 2019 (Action,Fantastique,Aventure)\" href=\"http:\/\/www.allocine.fr\/film\/fichefilm_gen_cfilm=232669.html\">Avengers Endgame<\/a>, une trag\u00e9die inattendue les oblige \u00e0 sortir de l\u2019ombre pour se r\u00e9unir contre le plus ancien ennemi de l\u2019Humanit\u00e9, les D\u00e9viants.<\/p>\n<div class=\"article-figure-holder\">\n<figure class=\"article-figure mceNonEditable\"><img loading=\"lazy\" decoding=\"async\" class=\"article-figure-img\" src=\"data:image\/gif;base64,R0lGODlhAgABAPAAAAAAAAAAACH5BAEAAAAAIf8LSW1hZ2VNYWdpY2sNZ2FtbWE9MC40NTQ1NQAsAAAAAAIAAQAAAgIECgA7\" data-src=\"https:\/\/fr.web.img3.acsta.net\/newsv7\/21\/05\/24\/16\/14\/5555279.png\" width=\"640\" height=\"320\"\/><span class=\"article-figcaption-copy\">Marvel<\/span><figcaption class=\"article-figcaption\">\n            L&rsquo;\u00e9quipe des Eternels<br \/>\n        <\/figcaption><\/figure>\n<\/div>\n<p>Comme on peut le voir dans le trailer, Les Eternels\u00a0a davantage \u00e9t\u00e9 tourn\u00e9 en d\u00e9cors naturels que la majorit\u00e9 des blockbusters de la Maison des Id\u00e9es. Une bonne chose quand on conna\u00eet la propension du studio \u00e0 utiliser les fonds verts.<\/p>\n<p>S&rsquo;il s&rsquo;annonce diff\u00e9rent des autres longs-m\u00e9trages estampill\u00e9s Marvel, Les Eternels ne manquera pas d&rsquo;apporter une touche d&rsquo;humour propre au MCU, comme on peut le constater \u00e0 la fin de la bande-annonce.<\/p>\n<p>En attendant ce long-m\u00e9trage, qui sortira le 3 novembre, les fans de super-h\u00e9ros pourront d\u00e9couvrir\u00a0<a title=\"Black Widow (U.S.A.) - 2021 (Action,Espionnage,Aventure)\" href=\"http:\/\/www.allocine.fr\/film\/fichefilm_gen_cfilm=230783.html\">Black Widow<\/a> le 7 juillet et\u00a0<a title=\"Shang-Chi et la L\u00e9gende des Dix Anneaux (U.S.A.) - 2021 (Action,Fantastique)\" href=\"http:\/\/www.allocine.fr\/film\/fichefilm_gen_cfilm=270144.html\">Shang Chi<\/a> le 1er septembre.<\/p>\n<\/p><\/div>\n<p>[ad_2]<br \/>\n<br \/><a href=\"http:\/\/rss.allocine.fr\/~r\/ac\/actualites\/~3\/o9QGlIutvws\/fichearticle_gen_carticle=18699743.html\">Source link <\/a><\/p>\n","protected":false},"excerpt":{"rendered":"<p>[ad_1] D\u00e9couvrez un premier trailer envo\u00fbtant pour le film Marvel Les Eternels, port\u00e9 par Angelina Jolie, Richard Madden, Salma Hayek &hellip; <a href=\"http:\/\/www.affinite.fr\/index.php\/2021\/05\/24\/bande-annonce-eternals-le-film-marvel-de-loscarisee-chloe-zhao-avec-angelina-jolie-et-salma-hayek-actus-cine\/\" class=\"more-link\">Plus <span class=\"screen-reader-text\">Bande-annonce Eternals, le film Marvel de l&rsquo;oscaris\u00e9e Chlo\u00e9 Zhao avec Angelina Jolie et Salma Hayek &#8211; Actus Cin\u00e9<\/span> <span class=\"meta-nav\">&rarr;<\/span><\/a><\/p>\n","protected":false},"author":1,"featured_media":6434,"comment_status":"open","ping_status":"open","sticky":false,"template":"","format":"standard","meta":{"_sitemap_exclude":false,"_sitemap_priority":"","_sitemap_frequency":"","footnotes":""},"categories":[1],"tags":[],"class_list":["post-6433","post","type-post","status-publish","format-standard","has-post-thumbnail","hentry","category-tous"],"_links":{"self":[{"href":"http:\/\/www.affinite.fr\/index.php\/wp-json\/wp\/v2\/posts\/6433"}],"collection":[{"href":"http:\/\/www.affinite.fr\/index.php\/wp-json\/wp\/v2\/posts"}],"about":[{"href":"http:\/\/www.affinite.fr\/index.php\/wp-json\/wp\/v2\/types\/post"}],"author":[{"embeddable":true,"href":"http:\/\/www.affinite.fr\/index.php\/wp-json\/wp\/v2\/users\/1"}],"replies":[{"embeddable":true,"href":"http:\/\/www.affinite.fr\/index.php\/wp-json\/wp\/v2\/comments?post=6433"}],"version-history":[{"count":0,"href":"http:\/\/www.affinite.fr\/index.php\/wp-json\/wp\/v2\/posts\/6433\/revisions"}],"wp:featuredmedia":[{"embeddable":true,"href":"http:\/\/www.affinite.fr\/index.php\/wp-json\/wp\/v2\/media\/6434"}],"wp:attachment":[{"href":"http:\/\/www.affinite.fr\/index.php\/wp-json\/wp\/v2\/media?parent=6433"}],"wp:term":[{"taxonomy":"category","embeddable":true,"href":"http:\/\/www.affinite.fr\/index.php\/wp-json\/wp\/v2\/categories?post=6433"},{"taxonomy":"post_tag","embeddable":true,"href":"http:\/\/www.affinite.fr\/index.php\/wp-json\/wp\/v2\/tags?post=6433"}],"curies":[{"name":"wp","href":"https:\/\/api.w.org\/{rel}","templated":true}]}}