{"id":6432,"date":"2021-05-23T21:21:29","date_gmt":"2021-05-23T21:21:29","guid":{"rendered":"https:\/\/www.affinite.fr\/index.php\/2021\/05\/23\/les-indicateurs-encore-en-baisse-a-lhopital\/"},"modified":"2021-05-23T21:21:29","modified_gmt":"2021-05-23T21:21:29","slug":"les-indicateurs-encore-en-baisse-a-lhopital","status":"publish","type":"post","link":"http:\/\/www.affinite.fr\/index.php\/2021\/05\/23\/les-indicateurs-encore-en-baisse-a-lhopital\/","title":{"rendered":"les indicateurs encore en baisse \u00e0 l&rsquo;h\u00f4pital"},"content":{"rendered":"<p> [ad_1]<br \/>\n<\/p>\n<p>\n                CORONAVIRUS DIRECT &#8211; La d\u00e9croissance de la troisi\u00e8me vague \u00e9pid\u00e9mique se confirme encore \u00e9galement dans les services de soins critiques qui accueillent 3\u00a0515\u00a0patients. Concernant la vaccination, 22\u202f921\u202f263\u00a0personnes ont re\u00e7u une premi\u00e8re injection depuis le d\u00e9but de la campagne vaccinale alors que le gouvernement vise 30\u00a0millions de premi\u00e8res injections \u00e0 la mi-juin.            <\/p>\n<div>\n<aside class=\"ccmsummary marqueur_module ccmcss_cms_summary ccmcss_cms_summary--right\">\n<p>\u00a0Sommaire<\/p>\n<\/aside>\n<p><strong>[Mis\u00a0\u00e0 jour le dimanche 23<\/strong>\u00a0<strong>mai \u00e0 21h49<\/strong><b>]<\/b>\u00a0<strong>La situation \u00e9pid\u00e9miologique s&rsquo;am\u00e9liore encore\u00a0ce dimanche<\/strong> alors que le nombre d&rsquo;hospitalisations est pass\u00e9, samedi 22 mai, sous la barre des 20 000, une premi\u00e8re depuis le mois d&rsquo;octobre 2020. L&rsquo;\u00e9pid\u00e9mie de Covid-19\u00a0poursuit sa d\u00e9crue y compris dans les services de soins critiques qui accueillent actuellement\u00a03 515\u00a0patients. Ce chiffre s&rsquo;\u00e9tait maintenu aux alentours de 6 000\u00a0lors de la deuxi\u00e8me quinzaine d&rsquo;avril, soit le pic de la troisi\u00e8me vague, avant de chuter nettement depuis d\u00e9but mai. Sant\u00e9 Publique France avait tout de m\u00eame pr\u00e9venu dans son point \u00e9pid\u00e9miologique du 22 mai\u00a0: <em>\u00ab\u00a0En raison du jeudi de l&rsquo;ascension, les indicateurs \u00e9pid\u00e9miologiques\u00a0sont \u00e0 interpr\u00e9ter avec prudence, compte tenu de la moindre activit\u00e9 des lieux de pr\u00e9l\u00e8vement, par comparaison avec une semaine sans jour f\u00e9ri\u00e9. Certaines baisses (en particulier le taux d&rsquo;incidence) sont donc \u00e0 consid\u00e9rer avec pr\u00e9caution.\u00a0\u00bb\u00a0<\/em>A date,\u00a022.933.520\u00a0personnes ont re\u00e7u une premi\u00e8re dose du vaccin. La vaccination sera d&rsquo;ailleurs\u00a0<strong>ouverte, partout, et\u00a0\u00e0 tous<\/strong> les Fran\u00e7ais de plus de 18\u00a0ans \u00e0 compter du<strong>\u00a0lundi 31\u00a0mai prochain<\/strong>, et \u00e0 de nouvelles professions\u00a0d\u00e8s le 24 mai (comme les professionnels de la petite enfance et de la protection de l&rsquo;enfance, quel que soit leur \u00e2ge), a annonc\u00e9 Jean Castex\u00a0le 20 mai. Dans l<a href=\"https:\/\/modelisation-covid19.pasteur.fr\/realtime-analysis\/loosening-control-measures\/\" target=\"_blank\" rel=\"noopener noreferrer\">es sc\u00e9narios de lev\u00e9e\u00a0de\u00a0mesures de freinage<\/a>\u00a0de l&rsquo;Institut Pasteur mis \u00e0 jour\u00a0samedi 22 mai, les scientifiques assurent que si\u00a0le rythme actuel de d\u00e9crue des infections et hospitalisations se poursuit de cette mani\u00e8re jusqu&rsquo;au 9\u00a0juin et que le rythme de vaccination se maintient \u00e9galement ou augmente, il ne faudra pas s&rsquo;attendre\u00a0<em>\u00ab\u00a0\u00e0 observer cet \u00e9t\u00e9 de reprise importante de l&rsquo;\u00e9pid\u00e9mie li\u00e9e au variant anglais sous les conditions de contr\u00f4le qui avaient \u00e9t\u00e9 mises en \u0153uvre durant l&rsquo;\u00e9t\u00e9 2020\u00a0\u00bb.<\/em>\u00a0<span style=\"font-size: 1rem;\">Que disent les\u00a0<\/span><a data-auth=\"NotApplicable\" href=\"https:\/\/sante.journaldesfemmes.fr\/fiches-maladies\/2667643-carte-covid-19-france-departement-monde-europe-temps-reel-region-epidemie-incidence-test\/\" rel=\"noopener noreferrer\" style=\"font-size: 1rem; background-color: rgb(255, 255, 255);\" target=\"_blank\">cartes<\/a><span style=\"font-size: 1rem;\"> de suivi de l&rsquo;\u00e9pid\u00e9mie\u00a0? Quels sont les <\/span><a href=\"https:\/\/sante.journaldesfemmes.fr\/fiches-maladies\/2630075-symptomes-coronavirus-covid-19-mal-gorge-rhume-que-faire-variant-premier-apparition-duree-courbature\/\" style=\"font-size: 1rem; background-color: rgb(255, 255, 255);\" target=\"_blank\" rel=\"noopener noreferrer\">sympt\u00f4mes du coronavirus<\/a><span style=\"font-size: 1rem;\"> ? Quand <\/span><a href=\"https:\/\/sante.journaldesfemmes.fr\/fiches-maladies\/2621211-isolement-covid-19-variant-anglais-7-10-jours-cas-contact-duree-declarer-certificat-attestation\/\" style=\"font-size: 1rem; background-color: rgb(255, 255, 255);\" target=\"_blank\" rel=\"noopener noreferrer\">s&rsquo;isoler et combien de temps<\/a><span style=\"font-size: 1rem;\"> ?\u00a0<\/span><a data-auth=\"NotApplicable\" href=\"https:\/\/sante.journaldesfemmes.fr\/fiches-maladies\/2629823-taux-de-reproduction-covid-france-coronavirus-r0-r-effectif-calcul-carte-definition-mai-2021\/\" rel=\"noopener noreferrer\" style=\"font-size: 1rem; background-color: rgb(255, 255, 255);\" target=\"_blank\">Quel est le taux de R0\u00a0du virus<\/a><span style=\"font-size: 1rem;\">\u00a0? Quand est-on <\/span><a href=\"https:\/\/sante.journaldesfemmes.fr\/fiches-maladies\/2679521-contagion-covid-19-combien-de-temps-jours-duree-asymptomatique-symptomes-incubation-contagieux\/\" style=\"font-size: 1rem; background-color: rgb(255, 255, 255);\" target=\"_blank\" rel=\"noopener noreferrer\">contagieux<\/a><span style=\"font-size: 1rem;\"> ? Que sait-on des\u00a0<\/span><a href=\"https:\/\/sante.journaldesfemmes.fr\/fiches-maladies\/2620433-vaccin-coronavirus-covid-19-pfizer-moderna-astrazeneca-johnson-janssen-vaccidrive-bordeaux\/\" style=\"font-size: 1rem; background-color: rgb(255, 255, 255);\" target=\"_blank\" rel=\"noopener noreferrer\">vaccins<\/a><span style=\"font-size: 1rem;\">\u00a0? Des\u00a0<\/span><a href=\"https:\/\/sante.journaldesfemmes.fr\/fiches-maladies\/2686947-effet-secondaire-vaccin-covid-france-pfizer-moderna-astrazeneca-johnson-deuxieme-injection-liste\/\" style=\"font-size: 1rem; background-color: rgb(255, 255, 255);\" target=\"_blank\" rel=\"noopener noreferrer\">effets secondaires<\/a><span style=\"font-size: 1rem;\">\u00a0apr\u00e8s la vaccination\u00a0? Chiffres et infos du jour.<\/span><\/p>\n<ul>\n<li><strong>La France r\u00e9fl\u00e9chit \u00e0 des mesures plus strictes avec le Royaume-Uni.<\/strong>\u00a0Lors de l&rsquo;\u00e9mission \u00ab\u00a0Le Grand Jury\u00a0\u00bb, Jean-Yves le Drian, ministre des Affaires \u00e9trang\u00e8res, a expliqu\u00e9 que la France r\u00e9fl\u00e9chissait \u00e0 \u00e9tablir des mesures plus restrictives pour les voyageurs en provenance du Royaume-Uni en raison de la circulation du variant indien.\u00a0<\/li>\n<li><strong>Une liste des pays sans restrictions pour l&rsquo;entr\u00e9e dans l&rsquo;UE\u00a0fix\u00e9e le 9 juin.<\/strong> Les Etats membres de l&rsquo;UE\u00a0doivent \u00e9tablir d&rsquo;ici au 9 juin la liste des pays extra-europ\u00e9ens dont les ressortissants pourront entrer librement dans l&rsquo;espace europ\u00e9en, a d\u00e9clar\u00e9 Jean-Yves le Drian dans l&rsquo;\u00e9mission \u00ab\u00a0Le Grand Jury\u00a0\u00bb RTL-Le Figaro-LCI.\u00a0Cette cat\u00e9gorie \u00ab\u00a0vert\u00a0\u00bb permettra aux pays ext\u00e9rieur \u00e0 l&rsquo;UE de <a href=\"http:\/\/www.affinite.fr\/index.php\/2023\/07\/29\/changer-de-vie-voyager-complement-de-retraite-devenez-vendeur-de-glace-a-litalienne\/\">voyager<\/a> en Europe <em>\u00ab\u00a0sans aucune difficult\u00e9 sauf des contr\u00f4les sanitaires minimum\u00a0\u00bb.<\/em>\u00a0Une liste orange pourra recenser les pays dont les ressortissants devront avoir fait un \u00ab\u00a0vaccin reconnu\u00a0\u00bb par l&rsquo;UE.\u00a0Enfin, une liste rouge aura <em>\u00ab\u00a0des contraintes extr\u00eamement fermes\u00a0\u00bb<\/em>.\u00a0<\/li>\n<li><strong>Moderna va demander l&rsquo;autorisation de son vaccin pour certains mineurs\u00a0en Europe. <\/strong>La soci\u00e9t\u00e9 am\u00e9ricaine de biotechnologie Moderna va demander, d\u00e9but juin, l&rsquo;autorisation de mise sur le march\u00e9 dans l&rsquo;Union europ\u00e9enne\u00a0de son vaccin pour les 12-17\u00a0ans.\u00a0<em>\u00ab\u00a0L&rsquo;id\u00e9al serait de les prot\u00e9ger avant la fin du mois d&rsquo;ao\u00fbt.\u00a0Si on ne vaccine par massivement, le risque d&rsquo;une quatri\u00e8me vague ne peut \u00eatre \u00e9cart\u00e9\u00a0\u00bb<\/em>, a expliqu\u00e9 le patron de Moderna St\u00e9phnane Bancel au <a href=\"https:\/\/www.lejdd.fr\/Societe\/le-pdg-de-moderna-il-faut-vacciner-avec-une-3e-dose-toutes-les-personnes-a-risque-des-la-fin-de-lete-4046870\" target=\"_blank\" rel=\"noopener noreferrer\">Journal du Dimanche<\/a>.\u00a0Aujourd&rsquo;hui seul le vaccin Pfizer est autoris\u00e9 pour les 16-18\u00a0ans en Europe.\u00a0Pfizer a d\u00e9j\u00e0 obtenu l&rsquo;autorisation de mise sur le march\u00e9 de son vaccin pour les 12-17\u00a0ans aux Etats-Unis.\u00a0<\/li>\n<li><strong>Un plan d&rsquo;accompagnement pour les discoth\u00e8ques en pr\u00e9paration.\u00a0<\/strong>Invit\u00e9 de <a href=\"https:\/\/www.franceinter.fr\/economie\/le-gouvernement-envisage-une-reprise-au-premier-trimestre-2022-au-meme-niveau-qu-avant-la-crise\" target=\"_blank\" rel=\"noopener noreferrer\">France Inter <\/a>samedi matin, le ministre charg\u00e9 des PME,\u00a0Alain Griset, a assur\u00e9 qu&rsquo;un plan d&rsquo;accompagnement sp\u00e9cifique aux discoth\u00e8ques \u00e9tait en cours afin d&rsquo;aider les \u00e9tablissements ferm\u00e9s depuis l&rsquo;\u00e9t\u00e9 dernier, notamment sur le plan financier <em>\u00ab\u00a0mais cela peut aussi \u00eatre de l&rsquo;am\u00e9nagement int\u00e9rieur, de la restructuration, il y a diff\u00e9rents sujets sur la table\u00a0\u00bb<\/em>, a indiqu\u00e9 Alain Griset.\u00a0Il a \u00e9galement d\u00e9clar\u00e9 qu&rsquo;une date de r\u00e9ouverture sera communiqu\u00e9 aux alentours du 15 juin aux patrons des boites de nuit.\u00a0Le Conseil d&rsquo;Etat avait jug\u00e9 n\u00e9cessaire\u00a0la fermeture des discoth\u00e8ques encore au del\u00e0 du 30\u00a0juin.<\/li>\n<li><strong>5000 doses en urgence apr\u00e8s la <a href=\"http:\/\/www.affinite.fr\/index.php\/2022\/11\/09\/formation-de-glacier-apprenez-le-metier-de-glacier-et-changez-votre-vie\/\">formation<\/a> d&rsquo;un Cluster \u00e0 Bordeaux.\u00a0<\/strong>Un\u00a0cluster\u00a0avait \u00e9t\u00e9 confirm\u00e9 par l&rsquo;ARS Nouvelle-Aquitaine\u00a0vendredi dans le\u00a0quartier Port-Maritime Bacalan, \u00e0 Bordeaux o\u00f9 plus de 40 personnes ont \u00e9t\u00e9 test\u00e9es positives \u00e0 un variant \u00ab\u00a0d\u00e9j\u00e0 connu mais tr\u00e8s rare jusqu&rsquo;\u00e0 pr\u00e9sent\u00a0\u00bb appel\u00e9 VOC\u00a020l\/484Q.\u00a0Face \u00e0 cette situation d&rsquo;urgence, l&rsquo;ARS a appel\u00e9 toutes les personnes majeures vivant dans ce quartier et dans les quartiers limitrophes \u00e0 se faire vacciner dans condition. Un centre de vaccination a \u00e9t\u00e9 ouvert et 5000 doses doivent arriver la semaine prochaine pour commencer les vaccinations, a appris l&rsquo;AFP\u00a0aupr\u00e8s de l&rsquo;ARS samedi.\u00a0<\/li>\n<li><strong>Pas de reprise importante de l&rsquo;\u00e9pid\u00e9mie cet \u00e9t\u00e9, d&rsquo;apr\u00e8s l&rsquo;Institut Pasteur.<\/strong>\u00a0L&rsquo;Institut Paster a mis \u00e0 jour <a href=\"https:\/\/modelisation-covid19.pasteur.fr\/realtime-analysis\/loosening-control-measures\/\" target=\"_blank\" rel=\"noopener noreferrer\">ses sc\u00e9narios de lev\u00e9e\u00a0de\u00a0mesures de freinage<\/a> ce samedi. <em>\u00ab\u00a0<q>Nous construisons des sc\u00e9narios d\u00e9crivant l&rsquo;\u00e9volution possible de l&rsquo;\u00e9pid\u00e9mie jusqu&rsquo;\u00e0 l&rsquo;\u00e9t\u00e9 en consid\u00e9rant diff\u00e9rentes hypoth\u00e8ses sur l&rsquo;intensit\u00e9 de transmission virale dans les semaines qui viennent et sur le rythme de vaccination\u00a0\u00bb<\/q><\/em>\u200b, explique l&rsquo;Institut Pasteur. Si\u00a0le rythme actuel de d\u00e9crue des infections et hospitalisations se poursuit de cette mani\u00e8re jusqu&rsquo;au 9\u00a0juin et que le rythme de vaccination se maintient \u00e9galement ou augmente, les chercheurs ne s&rsquo;attendent pas <em>\u00ab\u00a0\u00e0 observer cet \u00e9t\u00e9 de reprise importante de l&rsquo;\u00e9pid\u00e9mie li\u00e9e au variant anglais sous les conditions de contr\u00f4le qui avaient \u00e9t\u00e9 mises en \u0153uvre durant l&rsquo;\u00e9t\u00e9 2020\u00a0\u00bb.<\/em><\/li>\n<li><strong>L&rsquo;ing\u00e9nieur \u00e0 l&rsquo;origine de \u00ab\u00a0Vite ma dose\u00a0\u00bb re\u00e7oit l&rsquo;ordre national du M\u00e9rite.<\/strong> Guillaume Rozier, l&rsquo;ing\u00e9nieur de 25 ans qui a cr\u00e9\u00e9 des services anti-Covid gratuits sur internet, a \u00e9t\u00e9 fait chevalier de l&rsquo;ordre national du M\u00e9rite \u00e0 <em>\u00ab\u00a0titre exceptionnel\u00a0\u00bb,<\/em> selon un d\u00e9cret paru samedi au Journal Officiel.\u00a0Il est notamment \u00e0 l&rsquo;origine du site \u00ab\u00a0Vite ma dose\u00a0\u00bb qui permet de trouver des rendez-vous de vaccination.\u00a0<\/li>\n<li><strong>Plus de tests pour les transfrontaliers se rendant en Allemagne. <\/strong>A partir de dimanche \u00e0 minuit, l&rsquo;Allemagne l\u00e8vera l&rsquo;obligation de test anti-covid pour les transfrontaliers arrivant de France, a annonc\u00e9 le secr\u00e9taire d&rsquo;Etat fran\u00e7ais aux Affaires europ\u00e9ennes, Cl\u00e9ment Beaune.\u00a0Cette lev\u00e9e des restrictions fait suite \u00e0 la d\u00e9cision, vendredi, de l&rsquo;Allemagne de retirer la France des \u00ab\u00a0zones \u00e0 haut risque\u00a0\u00bb en raison de l&rsquo;am\u00e9lioration de la situation \u00e9pid\u00e9miologique dans l&rsquo;hexagone.\u00a0Les Fran\u00e7ais vivant \u00e0 la fronti\u00e8re devaient jusqu&rsquo;\u00e0 pr\u00e9sent effectuer un test de d\u00e9pistage toutes les 48\u00a0heures.\u00a0Cette obligation avait \u00e9t\u00e9 lev\u00e9e le 13\u00a0mai pour ceux circulant entre la Moselle et l&rsquo;Etat r\u00e9gional de la Sarre.\u00a0<\/li>\n<li><strong>La mortalit\u00e9 est stable depuis la mi-mars<\/strong>.\u00a0Selon les chiffres de l&rsquo;Insee publi\u00e9s vendredi, le nombre moyen de d\u00e9c\u00e8s constat\u00e9s chaque jour en France (toutes causes confondues)\u00a0est stable depuis la mi-mars.\u00a0\u00ab\u00a0Le nombre moyen de d\u00e9c\u00e8s enregistr\u00e9s quotidiennement, qui avait un peu augment\u00e9 en janvier 2021, a diminu\u00e9 ensuite jusqu&rsquo;\u00e0 la mi-mars pour se stabiliser sur un plateau depuis\u00a0\u00bb, indique l&rsquo;institut national des \u00e9tudes statistiques. Entre le 1er janvier et le 10\u00a0mai 2021, un total de 255\u00a0519\u00a0d\u00e9c\u00e8s ont \u00e9t\u00e9 enregistr\u00e9s en France, soit 9% de plus que pour la m\u00eame p\u00e9riode de 2019, avant la pand\u00e9mie de\u00a0Covid, mais avec une grippe saisonni\u00e8re virulente, et stable par rapport \u00e0 2020, ann\u00e9e\u00a0de la pand\u00e9mie.<\/li>\n<li><strong>La vaccination r\u00e9duit de 87% le risque de formes graves de Covid-19<\/strong>\u00a0chez les plus de 75\u00a0ans, d\u00e8s sept jours apr\u00e8s l&rsquo;injection de la seconde dose, selon la premi\u00e8re \u00e9tude en vie r\u00e9elle en France r\u00e9alis\u00e9e par Epi-Phare avec l&rsquo;Assurance maladie et l&rsquo;Agence du m\u00e9dicament. Cette \u00e9tude d\u00e9montre\u00a0que <em>\u00ab\u00a0les personnes vaccin\u00e9es de plus de 75\u00a0ans ont neuf fois moins de risque d&rsquo;\u00eatre hospitalis\u00e9es pour Covid que les personnes du m\u00eame \u00e2ge non vaccin\u00e9es<\/em>\u00ab\u00a0, souligne\u00a0le professeur Mahmoud Zureik, directeur de l&rsquo;institut.<\/li>\n<\/ul>\n<p>Les chiffres de l&rsquo;\u00e9pid\u00e9mie de Covid-19 en France sont publi\u00e9s quotidiennement par le site <a href=\"http:\/\/www.gouvernement.fr\/info-coronavirus\/carte-et-donnees\" target=\"_blank\" rel=\"noopener noreferrer\">Carte-et-donn\u00e9es<\/a> du gouvernement et par <a href=\"https:\/\/www.santepubliquefrance.fr\/dossiers\/coronavirus-covid-19\/coronavirus-chiffres-cles-et-evolution-de-la-covid-19-en-france-et-dans-le-monde\" target=\"_blank\" rel=\"noopener noreferrer\">Sant\u00e9 Publique France<\/a>.<\/p>\n<p><a id=\"covid-france-chiffre-du-jour-bilan\" name=\"covid-france-chiffre-du-jour-bilan\" style=\"font-size: 1.125rem; background-color: rgb(255, 255, 255);\" target=\"_blank\" rel=\"noopener noreferrer\">Quels sont les chiffres du jour ?<\/a><\/p>\n<section>\n<p><strong style=\"font-size: 1rem;\">Au dimanche 23\u00a0mai, en France :<\/strong><\/p>\n<p><span style=\"font-size: 1rem;\">\u2022 5 603 666\u00a0personnes ont \u00e9t\u00e9 contamin\u00e9es par le coronavirus\u00a0<\/span><strong style=\"font-size: 1rem;\">(+9<\/strong>\u00a0<strong>704<\/strong><strong style=\"font-size: 1rem;\"><strong> <\/strong>cas<\/strong><strong>\u00a0<\/strong><strong style=\"font-size: 1rem;\">en 24\u00a0heures)<\/strong><\/p>\n<p>\u2022 108 625 personnes sont d\u00e9c\u00e9d\u00e9es en France\u00a0<strong>(+70 en 24\u00a0heures),<\/strong><strong>\u00a0<\/strong>dont 82 263 \u00e0 l&rsquo;h\u00f4pital.<\/p>\n<p>\u2022<strong>\u00a03 515 patients Covid-19\u00a0sont en soins critiques <\/strong>(soit en r\u00e9animation, soins intensifs et surveillance continue) (-17,39\u00a0% en 7j).<\/p>\n<p>\u2022 19 720 patients Covid-19\u00a0\u00e9taient\u00a0hospitalis\u00e9s (-14,12\u00a0% en 7j).<\/p>\n<p>\u2022 le R0 du virus (taux de reproduction) est de 0.78, stable.<\/p>\n<p>\u2022 le taux de positivit\u00e9 des tests est de 3,83%, (-5,08\u00a0% en 7j).<\/p>\n<p>Au 23\u00a0mai 2021,\u00a0un total de<strong>\u00a0<span style=\"font-size: 1rem;\">5\u00a0603\u00a0666<\/span>\u00a0cas\u00a0confirm\u00e9s\u00a0<\/strong>de coronavirus est rapport\u00e9 depuis le d\u00e9but de la pand\u00e9mie. Au 20\u00a0mai, le taux d&rsquo;incidence du virus est de 133,73\/100 000 habitants, en hausse de 6,03% sur les 7 derniers jours.<\/p>\n<p>Dimanche 23\u00a0mai,<strong>\u00a0<\/strong><strong style=\"font-size: 1rem;\">9<\/strong>\u00a0<strong>704 nouvelles personnes <\/strong>ont\u00a0re\u00e7u un test positif au Covid-19\u00a0par rapport \u00e0 la veille.\u00a0<\/p>\n<p><strong>Dimanche 23\u00a0mai, 3\u00a0515 personnes sont hospitalis\u00e9es en r\u00e9animation <\/strong>tandis qu&rsquo;on en comptabilisait 3\u00a0544<strong>\u00a0<\/strong>\u00a0samedi 22\u00a0mai<strong>.<\/strong>\u00a0Le nombre moyen de <strong>nouvelles entr\u00e9es en soins critiques quotidiennes<\/strong> est de 164\u00a0personnes en baisse de -11,35% sur les 7\u00a0derniers jours.\u00a0Au 23\u00a0mai, 19\u00a0720\u00a0patients Covid-19\u00a0\u00e9taient\u00a0hospitalis\u00e9s. Le nombre moyen de<b> nouvelles hospitalisations quotidiennes <\/b>est de 672\u00a0personnes, en baisse de -17,14% sur les 7\u00a0derniers jours.\u00a0<em>\u00ab\u00a0La<strong> diminution des nouvelles hospitalisations<\/strong> de patients COVID-19\u00a0et du nombre de nouvelles admissions en services de soins critiques, s&rsquo;est<strong> accentu\u00e9e ces deux derni\u00e8res semaines <\/strong>refl\u00e9tant ainsi la baisse de l&rsquo;incidence en population, confirme Sant\u00e9 Publique France le 20 mai. L&rsquo;impact de cette r\u00e9duction des nouvelles admissions sur le nombre de personnes en cours d&rsquo;hospitalisation est plus mod\u00e9r\u00e9e, le niveau de <strong>pression sur le syst\u00e8me de soins hospitalier demeure tr\u00e8s fort<\/strong>.\u00a0\u00bb<\/em><\/p>\n<h3 style=\"text-align: center;\"><u>Nombre de personnes actuellement hospitalis\u00e9es par r\u00e9gion au 23\u00a0<\/u><u>mai 2021 (source : gouvernement.fr)<\/u><\/h3>\n<table align=\"center\" border=\"1\" cellpadding=\"1\" cellspacing=\"1\" style=\"width:100%;\">\n<thead>\n<tr>\n<th scope=\"col\" style=\"width: 260px;\">R\u00e9gion<\/th>\n<th scope=\"col\" style=\"width: 283px;\">Nombre de personnes actuellement hospitalis\u00e9es<\/th>\n<th scope=\"col\" style=\"width: 220px;\">Evolution en 7 jours<\/th>\n<\/tr>\n<\/thead>\n<tbody>\n<tr>\n<td style=\"width: 260px;\"><strong>Auvergne-Rh\u00f4ne-Alpes<\/strong><\/td>\n<td style=\"width: 283px;\">2\u00a0246<\/td>\n<td style=\"width: 220px;\">-17,88 %<\/td>\n<\/tr>\n<tr>\n<td style=\"width: 260px;\"><strong>Hauts-de-France<\/strong><\/td>\n<td style=\"width: 283px;\">2\u00a0503<\/td>\n<td style=\"width: 220px;\">-11,15 %<\/td>\n<\/tr>\n<tr>\n<td style=\"width: 260px;\"><strong>Provence-Alpes-C\u00f4te d&rsquo;Azur<\/strong><\/td>\n<td style=\"width: 283px;\">1\u00a0846<\/td>\n<td style=\"width: 220px;\">-12,35 %<\/td>\n<\/tr>\n<tr>\n<td style=\"width: 260px;\"><strong>Grand Est<\/strong><\/td>\n<td style=\"width: 283px;\">1 567<\/td>\n<td style=\"width: 220px;\">-14,93 %<\/td>\n<\/tr>\n<tr>\n<td style=\"width: 260px;\"><strong>Occitanie<\/strong><\/td>\n<td style=\"width: 283px;\">1 073<\/td>\n<td style=\"width: 220px;\">-19,69 %<\/td>\n<\/tr>\n<tr>\n<td style=\"width: 260px;\"><strong><a href=\"http:\/\/www.affinite.fr\/index.php\/2024\/11\/21\/construire-votre-maison-en-normandie\/\">Normandie<\/a><\/strong><\/td>\n<td style=\"width: 283px;\">1 118<\/td>\n<td style=\"width: 220px;\">-12,31 %<\/td>\n<\/tr>\n<tr>\n<td style=\"width: 260px;\"><strong>Nouvelle-Aquitaine<\/strong><\/td>\n<td style=\"width: 283px;\">970<\/td>\n<td style=\"width: 220px;\">-14,61 %<\/td>\n<\/tr>\n<tr>\n<td style=\"width: 260px;\"><strong>Centre-Val de Loire<\/strong><\/td>\n<td style=\"width: 283px;\">722<\/td>\n<td style=\"width: 220px;\">-18,6 %<\/td>\n<\/tr>\n<tr>\n<td style=\"width: 260px;\"><strong>Bourgogne-Franche-Comt\u00e9<\/strong><\/td>\n<td style=\"width: 283px;\">789<\/td>\n<td style=\"width: 220px;\">-16,51 %\u00a0<\/td>\n<\/tr>\n<tr>\n<td style=\"width: 260px;\"><strong>Bretagne<\/strong><\/td>\n<td style=\"width: 283px;\">597<\/td>\n<td style=\"width: 220px;\">-12,39\u00a0%<\/td>\n<\/tr>\n<tr>\n<td style=\"width: 260px;\"><strong>Corse<\/strong><\/td>\n<td style=\"width: 283px;\">48<\/td>\n<td style=\"width: 220px;\">-9,43 %<\/td>\n<\/tr>\n<tr>\n<td style=\"width: 260px;\"><strong>Pays de la Loire<\/strong><\/td>\n<td style=\"width: 283px;\">534<\/td>\n<td style=\"width: 220px;\">-18,97 %<\/td>\n<\/tr>\n<tr>\n<td style=\"width: 260px;\"><strong>\u00cele-de-France<\/strong><\/td>\n<td style=\"width: 283px;\">5\u00a0235<\/td>\n<td style=\"width: 220px;\">-13\u00a0%<\/td>\n<\/tr>\n<tr>\n<td style=\"width: 260px;\"><strong>Guadeloupe<\/strong><\/td>\n<td style=\"width: 283px;\">133<\/td>\n<td style=\"width: 220px;\">-7,64 %\u00a0<\/td>\n<\/tr>\n<tr>\n<td style=\"width: 260px;\"><strong>Martinique<\/strong><\/td>\n<td style=\"width: 283px;\">66<\/td>\n<td style=\"width: 220px;\">-2,94\u00a0%<\/td>\n<\/tr>\n<tr>\n<td style=\"width: 260px;\"><strong>Guyane<\/strong><\/td>\n<td style=\"width: 283px;\">112<\/td>\n<td style=\"width: 220px;\"><strong>+23,08 %<\/strong><\/td>\n<\/tr>\n<tr>\n<td style=\"width: 260px;\"><strong>La R\u00e9union<\/strong><\/td>\n<td style=\"width: 283px;\">154<\/td>\n<td style=\"width: 220px;\">-6,1 %<\/td>\n<\/tr>\n<tr>\n<td style=\"width: 260px;\"><strong>Mayotte<\/strong><\/td>\n<td style=\"width: 283px;\">10<\/td>\n<td style=\"width: 220px;\">-0 %<\/td>\n<\/tr>\n<\/tbody>\n<\/table>\n<div style=\"text-align:center\">\n<figure class=\"image\" style=\"display:inline-block\"><a class=\"fancy\" href=\"https:\/\/img-3.journaldesfemmes.fr\/QxgoIRLr7Hl5h7Q4iHiUCKD_lag=\/1080x\/smart\/09241571bf974afe974726f434d4c593\/ccmcms-jdf\/24847065.jpg\"><img decoding=\"async\" alt=\"courbe-covid-france-reanimation\" src=\"https:\/\/img-3.journaldesfemmes.fr\/QxgoIRLr7Hl5h7Q4iHiUCKD_lag=\/1080x\/smart\/09241571bf974afe974726f434d4c593\/ccmcms-jdf\/24847065.jpg\"\/><\/a><figcaption data-credit=\"Sant\u00e9 Publique France\" data-legend=\"Nombre hebdomadaire de nouvelles admissions de patients COVID-19 en services de soins critiques, selon la date de d\u00e9claration, depuis le 23 mars 2020, France (donn\u00e9es au 16 mai 2021)\">Nombre hebdomadaire de nouvelles admissions de patients COVID-19 en services de soins critiques, selon la date de d\u00e9claration, depuis le 23 mars 2020, France (donn\u00e9es au 16 mai 2021) <small>\u00a9\u00a0Sant\u00e9 Publique France<\/small><\/figcaption><\/figure>\n<\/div>\n<\/section>\n<p>La mortalit\u00e9 li\u00e9e \u00e0 la COVID-19 est toujours \u00e9lev\u00e9e. 108\u00a0625 d\u00e9c\u00e8s sont recens\u00e9s au 23\u00a0mai\u00a0dont 82\u00a0263\u00a0\u00e0 l&rsquo;h\u00f4pital\u00a0(+70\u00a0au cours des 24\u00a0derni\u00e8res heures), selon les chiffres de <a href=\"https:\/\/www.santepubliquefrance.fr\/dossiers\/coronavirus-covid-19\/coronavirus-chiffres-cles-et-evolution-de-la-covid-19-en-france-et-dans-le-monde\" target=\"_blank\" rel=\"noopener noreferrer\">Sant\u00e9 Publique France<\/a>. Ce chiffre ne comprend pas les d\u00e9c\u00e8s \u00e0 domicile.<\/p>\n<ul>\n<li>L&rsquo;\u00e2ge m\u00e9dian au d\u00e9c\u00e8s est de 85\u00a0ans<\/li>\n<li>93% des personnes d\u00e9c\u00e9d\u00e9es du Covid \u00e0 l&rsquo;h\u00f4pital avaient 65\u00a0ans et plus.<\/li>\n<li>Les hommes repr\u00e9sentent 55% de ces d\u00e9c\u00e8s.<\/li>\n<\/ul>\n<div style=\"text-align:center\">\n<figure class=\"image\" style=\"display:inline-block\"><a class=\"fancy\" href=\"https:\/\/img-3.journaldesfemmes.fr\/ufutuS7vyaecFncxXB8UL9Kw-jA=\/1080x\/smart\/fdc11e14d04844c3addf52b847c87ddb\/ccmcms-jdf\/24847115.jpg\"><img decoding=\"async\" alt=\"courbe-covid-deces-morts-france\" src=\"https:\/\/img-3.journaldesfemmes.fr\/ufutuS7vyaecFncxXB8UL9Kw-jA=\/1080x\/smart\/fdc11e14d04844c3addf52b847c87ddb\/ccmcms-jdf\/24847115.jpg\"\/><\/a><figcaption data-credit=\"Sant\u00e9 Publique France\" data-legend=\"Nombre hebdomadaire de nouveaux d\u00e9c\u00e8s de patients COVID-19 selon la date de d\u00e9claration, depuis le 23 mars 2020, France (donn\u00e9es au 16 mai 2021) \u00a9\u00a0Sant\u00e9 publique France\">Nombre hebdomadaire de nouveaux d\u00e9c\u00e8s de patients COVID-19 selon la date de d\u00e9claration, depuis le 23 mars 2020, France (donn\u00e9es au 16 mai 2021) \u00a9\u00a0Sant\u00e9 publique France <small>\u00a9\u00a0Sant\u00e9 Publique France<\/small><\/figcaption><\/figure>\n<\/div>\n<p><a id=\"covid-19-france-evolution-courbe\" name=\"covid-19-france-evolution-courbe\" style=\"font-size: 1.125rem; background-color: rgb(255, 255, 255); font-family: Raleway, sans-serif;\" target=\"_blank\" rel=\"noopener noreferrer\">Courbe : comment \u00e9volue\u00a0l&rsquo;\u00e9pid\u00e9mie en France ?<\/a><\/p>\n<p>L&rsquo;\u00e9pid\u00e9mie de Covid baisse toujours en France. Dans son dernier point \u00e9pid\u00e9miologique, Sant\u00e9 Publique France confirme la diminution du taux d&rsquo;incidence et\u00a0une \u00ab\u00a0nette\u00a0\u00bb diminution des nouvelles hospitalisations et des admissions en soins critiques depuis deux semaines. Les\u00a0indicateurs les plus \u00e9lev\u00e9s sont en \u00cele-de-France et Hauts-de-France.<\/p>\n<p>Pour rappel, la France a connu trois \u00ab\u00a0vagues\u00a0\u00bb \u00e9pid\u00e9miques depuis janvier 2020 :\u00a0<\/p>\n<p>\u2192 Une premi\u00e8re vague marqu\u00e9e par un\u00a0<strong>pic \u00e9pid\u00e9mique<\/strong>\u00a0au cours de la\u00a0<strong>semaine du 6\u00a0au 12\u00a0avril 2020<\/strong>, soit 15\u00a0jours\u00a0apr\u00e8s la mise en \u0153uvre du premier\u00a0confinement de la population (le 17\u00a0mars 2020).<\/p>\n<p>\u2192 Une deuxi\u00e8me vague marqu\u00e9e par un\u00a0<strong>pic au cours de la semaine du<\/strong>\u00a0<strong>16\u00a0au 20\u00a0novembre 2020,\u00a0<\/strong>trois semaines apr\u00e8s le deuxi\u00e8me confinement (29 octobre 2020).<\/p>\n<p>\u2192 Une troisi\u00e8me vague dont le <strong>pic \u00e9pid\u00e9mique a \u00e9t\u00e9 estim\u00e9 \u00e0 la mi-avril 2021.<\/strong>\u00a0<\/p>\n<div style=\"text-align:center\">\n<figure class=\"image\" style=\"display:inline-block\"><a class=\"fancy\" href=\"https:\/\/img-3.journaldesfemmes.fr\/Id6nJvH0MKV2SgdRXzK8tieH7jw=\/1080x\/smart\/a61b6dab982942a9bf25baf6b43a44df\/ccmcms-jdf\/24847140.jpg\"><img decoding=\"async\" alt=\"courbe-covid-nombre-de-cas-france\" src=\"https:\/\/img-3.journaldesfemmes.fr\/Id6nJvH0MKV2SgdRXzK8tieH7jw=\/1080x\/smart\/a61b6dab982942a9bf25baf6b43a44df\/ccmcms-jdf\/24847140.jpg\"\/><\/a><figcaption data-credit=\"Sant\u00e9 Publique France\" data-legend=\"Nombre incident de cas confirm\u00e9s de COVID-19 par semaine (date de pr\u00e9l\u00e8vement) rapport\u00e9s \u00e0 Sant\u00e9 publique France du 11 mai 2020 au 16 mai 2021, France (donn\u00e9es au 19 mai 2021)\">Nombre incident de cas confirm\u00e9s de COVID-19 par semaine (date de pr\u00e9l\u00e8vement) rapport\u00e9s \u00e0 Sant\u00e9 publique France du 11 mai 2020 au 16 mai 2021, France (donn\u00e9es au 19 mai 2021) <small>\u00a9\u00a0Sant\u00e9 Publique France<\/small><\/figcaption><\/figure>\n<\/div>\n<p>Depuis le 19\u00a0mai,\u00a0le couvre-feu est d\u00e9cal\u00e9 \u00e0 21 heures. Il faut donc une attestation (et donc un motif valable) si on souhaite se d\u00e9placer entre 21 heures et 6 heures du matin.\u00a0Le 9 juin, il sera d\u00e9cal\u00e9 \u00e0 23 heures. Le 30 juin, il n&rsquo;y aura normalement plus de couvre-feu.\u00a0<\/p>\n<div style=\"text-align:center\">\n<figure class=\"image\" style=\"display:inline-block\"><a class=\"fancy\" href=\"https:\/\/img-3.journaldesfemmes.fr\/0TqvK6UsZln3l860txvZSRjHD08=\/1080x\/smart\/a709a8a6b4d04d868d754c9935b30387\/ccmcms-jdf\/24351698.jpg\"><img decoding=\"async\" alt=\"couvre-feu france\" src=\"https:\/\/img-3.journaldesfemmes.fr\/XoO2WUbO-APe0W57_JFl-LtrKlA=\/600x\/smart\/a709a8a6b4d04d868d754c9935b30387\/ccmcms-jdf\/24351698.jpg\"\/><\/a><figcaption data-credit=\"Gouvernement.fr\" data-legend=\"Les \u00e9tapes du couvre-feu.\">Les \u00e9tapes du couvre-feu. <small>\u00a9\u00a0Gouvernement.fr<\/small><\/figcaption><\/figure>\n<\/div>\n<p>Une r\u00e9ouverture de la France en 4\u00a0\u00e9tapes\u00a0: Emmanuel Macron a d\u00e9voil\u00e9 son plan de r\u00e9ouverture de la France \u00e0 la presse quotidienne r\u00e9gionale et au Parisien\u00a0le 28 avril. Vendredi 30 avril, le porte-parole du gouvernement, Gabriel Attal a pr\u00e9venu sur BFM-TV que <strong><em>\u00ab\u00a0si dans un d\u00e9partement la situation est d\u00e9grad\u00e9e, il faut pouvoir freiner le passage d&rsquo;une \u00e9tape\u00a0\u00bb.<\/em><\/strong><\/p>\n<table border=\"1\" cellpadding=\"1\" cellspacing=\"1\" style=\"width:100%;\">\n<thead>\n<tr>\n<th scope=\"col\" style=\"width: 102px; text-align: center;\">DATES CLES<\/th>\n<th scope=\"col\" style=\"width: 892px; text-align: center;\">NOUVELLES MESURES<\/th>\n<\/tr>\n<\/thead>\n<tbody>\n<tr>\n<td style=\"width: 102px;\"><a name=\"19-mai-covid-reouverture-france\"><strong>19 mai<\/strong><\/a><\/td>\n<td style=\"width: 892px;\">\n<p><strong>couvre-feu d\u00e9cal\u00e9 \u00e0 21h<\/strong>\u00a0;<\/p>\n<p><strong>terrasses\u00a0<\/strong>: 50% de la capacit\u00e9, tables de 6\u00a0personnes maximum ;<\/p>\n<p><strong>commerces, march\u00e9s couverts<\/strong>\u00a0: 8\u00a0m\u00b2 par client ;<\/p>\n<p><strong>mus\u00e9es\u00a0<\/strong>: 8\u00a0m\u00b2 par visiteur ;<\/p>\n<p><strong>cin\u00e9mas, salles des f\u00eates, chapiteaux<\/strong>\u00a0: 35% de l&rsquo;effectif, jusqu&rsquo;\u00e0 800\u00a0personnes par salle ;<\/p>\n<p><strong>t\u00e9l\u00e9travail\u00a0<\/strong>maintenu ;<\/p>\n<p><strong>rassemblements de plus de 10\u00a0personnes<\/strong>\u00a0interdits dans l&rsquo;espace public, sauf visites guid\u00e9es ;<\/p>\n<p><strong>biblioth\u00e8ques<\/strong>\u00a0: 1\u00a0si\u00e8ge sur deux ;<\/p>\n<p><strong>parcs zoologiques en plein air<\/strong>\u00a0: 50% de l&rsquo;effectif ;<\/p>\n<p><strong>lieux de culte, mariages ou pacs (c\u00e9r\u00e9monies)<\/strong>\u00a0: 1\u00a0emplacement sur 3, en quinconce entre chaque rang\u00e9e ;<\/p>\n<p><strong>c\u00e9r\u00e9monies fun\u00e9raires<\/strong>\u00a0: 50\u00a0personnes ;<\/p>\n<p><strong>enseignement sup\u00e9rieur\u00a0<\/strong>: 50% de l&rsquo;effectif ;<\/p>\n<p><strong>casinos<\/strong>\u00a0: 35% de l&rsquo;effectif ;<\/p>\n<p><strong>danse\u00a0<\/strong>: reprise pour les mineurs ;<\/p>\n<p><strong>activit\u00e9s sportives de plein air<\/strong>\u00a0: 10\u00a0personnes, uniquement sans contact ;<\/p>\n<p><strong>comp\u00e9titions sportives de plein air<\/strong>\u00a0: pour les pratiquants amateurs 50\u00a0personnes, uniquement sans contact ;<\/p>\n<p><strong>\u00e9tablissements sportifs ext\u00e9rieurs (stades) ou couverts (piscines)<\/strong>\u00a0:<\/p>\n<p>pour les spectateurs\u00a0: 35% de l&rsquo;effectif, jusqu&rsquo;\u00e0 1\u00a0000\u00a0personnes (assises, pas debout) ;<\/p>\n<p>pour les pratiquants\u00a0: publics prioritaires comme les scolaires ;<\/p>\n<p><strong>thermalisme\u00a0<\/strong>: 50% de l&rsquo;effectif ;<\/p>\n<p><strong>reprise des<\/strong>\u00a0<strong>festivals de plein air assis<\/strong>\u00a0: jauge de 35% jusqu&rsquo;\u00e0 1\u00a0000\u00a0personnes.<\/p>\n<\/td>\n<\/tr>\n<tr>\n<td style=\"width: 102px;\"><strong>9 juin<\/strong><\/td>\n<td style=\"width: 892px;\">\n<p><strong>couvre-feu \u00e0 23\u00a0heures <\/strong><\/p>\n<p>r\u00e9ouverture avec jauge et protocole des caf\u00e9s et restaurants (6\u00a0personnes par table)<\/p>\n<p>possibilit\u00e9 d&rsquo;accueillir jusqu&rsquo;\u00e0 5000\u00a0personnes dans les lieux de culture et les \u00e9tablissements sportifs (avec pass sanitaire)<\/p>\n<p>Assouplissement du t\u00e9l\u00e9travail<\/p>\n<p>R\u00e9ouverture des salons et foires (jusqu&rsquo;\u00e0 5000\u00a0personnes)<\/p>\n<p><strong>R\u00e9ouverture des salles de sport,<\/strong> \u00e9largissement aux sports de contact en plein air et sans contact en int\u00e9rieur.<\/p>\n<\/td>\n<\/tr>\n<tr>\n<td style=\"width: 102px;\"><strong>30 juin<\/strong><\/td>\n<td style=\"width: 892px;\">\n<p><strong>fin du couvre-feu<\/strong><\/p>\n<p>possibilit\u00e9 de participer aux \u00e9v\u00e8nements de plus de 1000\u00a0personnes en ext\u00e9rieur et en int\u00e9rieur\u00a0(avec pass sanitaire)<\/p>\n<p>fin des limites de jauge selon la situation sanitaire locale.<\/p>\n<\/td>\n<\/tr>\n<\/tbody>\n<\/table>\n<p><strong>\u00c0 partir du mercredi 19 mai,<\/strong> les mesures de restriction de d\u00e9placement en journ\u00e9e sont lev\u00e9es et l&rsquo;attestation de d\u00e9placement<strong> n&rsquo;est plus n\u00e9cessaire entre 6h et 21h.\u00a0<\/strong>L&rsquo;attestation de d\u00e9placement est par contre<strong> obligatoire pour tous les d\u00e9placements entre 21h et 6h <\/strong>sur l&rsquo;ensemble du territoire m\u00e9tropolitain.<\/p>\n<p>&gt; <a href=\"https:\/\/www.interieur.gouv.fr\/Actualites\/L-actu-du-Ministere\/Attestations-de-deplacement\" target=\"_blank\" rel=\"noopener noreferrer\">T\u00e9l\u00e9charger\/Remplir l&rsquo;attestation<\/a>\u00a0<\/p>\n<p><strong>&gt;\u00a0Je peux\u00a0me d\u00e9placer entre 21h00\u00a0et 06h00\u00a0pour l&rsquo;une des raisons suivantes\u00a0:<\/strong><\/p>\n<ul>\n<li><label for=\"checkbox-curfew-travail\"><strong>Activit\u00e9 professionnelle, enseignement et formation, mission d&rsquo;int\u00e9r\u00eat g\u00e9n\u00e9ral<\/strong><\/label><\/li>\n<\/ul>\n<p><label for=\"checkbox-curfew-travail\">&#8211; D\u00e9placements entre le domicile et le lieu de travail ou d&rsquo;enseignement ou de formation.<br \/>&#8211; D\u00e9placements professionnels ne pouvant \u00eatre diff\u00e9r\u00e9s, livraisons.<br \/>&#8211; D\u00e9placements li\u00e9s \u00e0 des missions d&rsquo;int\u00e9r\u00eat g\u00e9n\u00e9ral sur demande de l&rsquo;autorit\u00e9 administrative.<\/label><\/p>\n<ul>\n<li><label for=\"checkbox-curfew-sante\"><strong>Sant\u00e9 (consultation et soins)<\/strong><\/label><\/li>\n<\/ul>\n<p><label for=\"checkbox-curfew-sante\">&#8211; D\u00e9placements pour des consultations, examens, actes de pr\u00e9vention (dont vaccination) et soins ne pouvant \u00eatre assur\u00e9s \u00e0 distance ou pour l&rsquo;achat de produits de sant\u00e9.<\/label><\/p>\n<ul>\n<li><label for=\"checkbox-curfew-famille\"><strong>Motif familial imp\u00e9rieux, assistance aux personnes vuln\u00e9rables, garde d&rsquo;enfants, situation de handicap<\/strong><\/label><\/li>\n<\/ul>\n<p><label for=\"checkbox-curfew-famille\">&#8211; D\u00e9placements pour motif familial imp\u00e9rieux, pour l&rsquo;assistance aux personnes vuln\u00e9rables ou pr\u00e9caires ou pour la garde d&rsquo;enfants.<br \/>&#8211; D\u00e9placements des personnes en situation de handicap et de leur accompagnant.\u202f<\/label><\/p>\n<ul>\n<li><label for=\"checkbox-curfew-convocation_demarches\"><strong>Convocation judiciaire ou administrative, d\u00e9marches ne pouvant \u00eatre men\u00e9es \u00e0 distance<\/strong><\/label><\/li>\n<\/ul>\n<p><label for=\"checkbox-curfew-convocation_demarches\">&#8211; D\u00e9placements pour r\u00e9pondre \u00e0 une convocation judiciaire ou administrative ou pour se rendre chez un professionnel du droit pour un acte ou une d\u00e9marche qui ne peut \u00eatre r\u00e9alis\u00e9 \u00e0 distance.<\/label><\/p>\n<ul>\n<li><label for=\"checkbox-curfew-transit\"><strong>D\u00e9placements li\u00e9s \u00e0 des transferts ou transits depuis des gares ou a\u00e9roports dans le cadre de d\u00e9placements de longue distance<\/strong><\/label><\/li>\n<li><label for=\"checkbox-curfew-animaux\"><strong>Animaux de compagnie<\/strong><\/label><\/li>\n<\/ul>\n<p><label for=\"checkbox-curfew-animaux\">&#8211; D\u00e9placements brefs pour les besoins des animaux de compagnie (dans un rayon de 1\u00a0kilom\u00e8tre autour du domicile).<\/label><\/p>\n<p>La vaccination contre la Covid-19\u00a0se poursuit en France avec les vaccins Pfizer-BioNTech,\u00a0Moderna,\u00a0AstraZeneca et Janssen (chez les m\u00e9decins g\u00e9n\u00e9ralistes,\u00a0au travail et en pharmacie). La prise de<strong> rendez-vous<\/strong> est ouverte<b> <\/b>sur les sites Internet <strong>Doctolib, Maiia et KelDoc<\/strong> et peut aussi se faire en contactant par t\u00e9l\u00e9phone le <strong>centre de vaccination<\/strong> le plus proche de chez soi (liste disponible sur\u00a0<a href=\"https:\/\/www.sante.fr\/centres-vaccination-covid.html\" target=\"_blank\" rel=\"noopener noreferrer\">Sante.fr<\/a>).\u00a0En cas de difficult\u00e9, le num\u00e9ro vert national\u00a0:<strong> 0\u00a0800\u00a0009\u00a0110<\/strong>,\u00a0permet d&rsquo;\u00eatre redirig\u00e9 vers le standard t\u00e9l\u00e9phonique d&rsquo;un centre ou d&rsquo;obtenir un accompagnement \u00e0 la prise de rendez-vous.<\/p>\n<aside id=\"NL_1108322598\" class=\"newsletter_subscription jNlBlock\"><noscript><br \/>\n            <\/noscript><\/p>\n<h3 class=\"newsletter_subscription-title\">Newsletter <\/h3>\n<p><a href=\"\/\/mailing.ccmbg.com\/archive\/last-85\" target=\"_blank\" class=\"a_hover\" rel=\"noopener noreferrer\">Voir un exemple<\/a><\/p>\n<\/aside>\n<p>Toute entr\u00e9e en France et toute sortie \u00e0 destination ou en provenance d&rsquo;un pays ext\u00e9rieur \u00e0 l&rsquo;espace europ\u00e9en (Union europ\u00e9enne, Andorre, Islande, Liechtenstein, Monaco, Norv\u00e8ge, Saint-Marin, Saint-Si\u00e8ge et Suisse) et autre que l&rsquo;Australie, la Cor\u00e9e du Sud, Isra\u00ebl, le Japon, la Nouvelle-Z\u00e9lande, le Royaume-Uni et Singapour, est strictement encadr\u00e9e (test obligatoire&#8230;). Tous les d\u00e9placements depuis l&rsquo;\u00e9tranger vers la France et de France vers l&rsquo;\u00e9tranger restent strictement d\u00e9conseill\u00e9s.<\/p>\n<p><a id=\"coronavirus-france-carte-temps-reel-direct\" name=\"coronavirus-france-carte-temps-reel-direct\" style=\"font-size: 1.125rem; background-color: rgb(255, 255, 255);\" target=\"_blank\" rel=\"noopener noreferrer\">Carte de l&rsquo;\u00e9pid\u00e9mie en temps r\u00e9el<\/a><iframe loading=\"lazy\" height=\"1000\" src=\"https:\/\/mapthenews.maps.arcgis.com\/apps\/opsdashboard\/index.html#\/bae8aaa7a0b14261b4621c31db410c44\" style=\"border: 0px\" width=\"600\"><\/iframe><\/p>\n<section>\n<blockquote>\n<p style=\"text-align: right;\">\u00a0<\/p>\n<\/blockquote>\n<p>Le d\u00e9pistage du Covid-19 est r\u00e9alis\u00e9 en France par <strong>RT-PCT<\/strong> et par tests <strong>antig\u00e9niques<\/strong>. Depuis le 11 f\u00e9vrier, les <strong>tests salivaires<\/strong> sont d\u00e9ploy\u00e9s dans les\u00a0\u00e9tablissements scolaires et peuvent \u00eatre utilis\u00e9s en premi\u00e8re intention pour d\u00e9pister la Covid-19, conform\u00e9ment aux recommandations de la <a href=\"https:\/\/www.has-sante.fr\/jcms\/p_3237053\/fr\/tests-rt-pcr-salivaires-la-has-etend-leur-utilisation-et-definit-les-modalites-pratiques-de-realisation\" target=\"_blank\" rel=\"noopener noreferrer\">HAS<\/a>. Depuis le 12 avril, des <strong>autotests <\/strong>Covid sont aussi disponibles en vente libre dans les pharmacies fran\u00e7aises (non rembours\u00e9) et peuvent \u00eatre utilis\u00e9s dans les \u00e9coles. Le taux de positivit\u00e9 \u00e0 l\u00e9g\u00e8rement diminu\u00e9\u00a0(-5,08% en 7j) et est\u00a0\u00e0 <strong>3,83%<\/strong>.\u00a0<em>\u00ab\u00a0Il reste d\u00e9terminant que chaque personne pr\u00e9sentant des sympt\u00f4mes \u00e9vocateurs de COVID-19\u00a0s&rsquo;isole imm\u00e9diatement et r\u00e9alise un test diagnostique dans les plus brefs d\u00e9lais\u00a0\u00bb<\/em> rappelle Sant\u00e9 Publique France dans ses bulletins hebdomadaires.<\/p>\n<p>Si au d\u00e9but, on ne parlait que de <strong>fi\u00e8vre<\/strong>, toux s\u00e8che, rhume, \u00e9tat grippal et de fatigue, les sympt\u00f4mes de l&rsquo;infection par le coronavirus ont \u00e9volu\u00e9. On sait d\u00e9sormais que le virus peut avoir des <strong>effets sur la peau<\/strong> (urticaire, l\u00e9sions inflammatoires sur les orteils), la sph\u00e8re digestive (vomissements, diarrh\u00e9es&#8230;), <strong>l&rsquo;odorat<\/strong>, le <strong>go\u00fbt <\/strong>et m\u00eame le cerveau.<em> <\/em><\/p>\n<p>\u2192<strong> Chaque personne pr\u00e9sentant des sympt\u00f4mes \u00e9vocateurs de COVID-19 doit s&rsquo;isoler imm\u00e9diatement et r\u00e9aliser un test diagnostique<\/strong> dans les plus brefs d\u00e9lais (sans avoir d&rsquo;ordonnance).<\/p>\n<p>\u2192<strong> <\/strong><strong>Appeler le\u00a015\u00a0en cas de\u00a0difficult\u00e9s respiratoires\u00a0: \u00ab\u00a0<\/strong><em>Si la toux et la\u00a0fi\u00e8vre s&rsquo;accompagnent d&rsquo;une g\u00eane respiratoire qui devient permanente avec souffle court, difficult\u00e9 \u00e0 inspirer et \u00e0 expirer, d&rsquo;une aggravation importante de la toux, cela peut signifier une \u00e9volution de la maladie sous la forme d&rsquo;une pneumopathie. Il s&rsquo;agit alors d&rsquo;une urgence respiratoire potentielle et comme dans tous les cas d&rsquo;urgence, il faut alors appeler le 15\u00a0qui prendra les meilleures dispositions pour r\u00e9pondre \u00e0 la situation\u00a0\u00bb, <\/em>pr\u00e9vient le Dr\u00a0Patrick Aub\u00e9, m\u00e9decin g\u00e9n\u00e9raliste. \u00a0<\/p>\n<div class=\"ccminsert\">\n<aside class=\"app_widget_fo app_widget_fo--list app_widget_fo--list-2-col\">\n<ul>\n<li>\n<h3>\n                    <a href=\"https:\/\/sante.journaldesfemmes.fr\/fiches-maladies\/2696267-covid-long-c-est-quoi-symptomes-contagieux-fatigue-prise-en-charge-france-traitement-pourcentage-vaccin\/\" class=\"jGTMWidgetGAEventClick\" data-gtmwidgetgaeventaction=\"clickWidgetListOnTwoColumns\" data-gtmwidgetgaeventlabel=\"Covid long\u00a0: vaccin, traitement, sympt\u00f4mes, contagieux ou pas\u00a0?\"><br \/>\n                        Covid long\u00a0: vaccin, traitement, sympt\u00f4mes, contagieux ou pas\u00a0?<br \/>\n                    <\/a><br \/>\n                <\/h3>\n<\/li>\n<li>\n<h3>\n                    <a href=\"https:\/\/sante.journaldesfemmes.fr\/fiches-maladies\/2625903-porteur-sain-covid-19-coronavirus-asymptomatique-definition-duree-isolement-anticorps-isolement-test\/\" class=\"jGTMWidgetGAEventClick\" data-gtmwidgetgaeventaction=\"clickWidgetListOnTwoColumns\" data-gtmwidgetgaeventlabel=\"Porteur sain Covid\u00a0(asymptomatique)\u00a0: d\u00e9finition, test, isolement\"><br \/>\n                        Porteur sain Covid\u00a0(asymptomatique)\u00a0: d\u00e9finition, test, isolement<br \/>\n                    <\/a><br \/>\n                <\/h3>\n<\/li>\n<li>\n<h3>\n                    <a href=\"https:\/\/sante.journaldesfemmes.fr\/fiches-maladies\/2665621-angine-ou-covid-19-symptomes-signes-fievre-mal-gorge-test-difference-contagion\/\" class=\"jGTMWidgetGAEventClick\" data-gtmwidgetgaeventaction=\"clickWidgetListOnTwoColumns\" data-gtmwidgetgaeventlabel=\"Angine ou Covid-19\u00a0: sympt\u00f4mes, diff\u00e9rences, test, contagion\"><br \/>\n                        Angine ou Covid-19\u00a0: sympt\u00f4mes, diff\u00e9rences, test, contagion<br \/>\n                    <\/a><br \/>\n                <\/h3>\n<\/li>\n<li>\n<h3>\n                    <a href=\"https:\/\/sante.journaldesfemmes.fr\/fiches-maladies\/2701631-probleme-maladie-foie-covid-atteinte-cancer-complication-sequelles-symptomes-risque-vaccination\/\" class=\"jGTMWidgetGAEventClick\" data-gtmwidgetgaeventaction=\"clickWidgetListOnTwoColumns\" data-gtmwidgetgaeventlabel=\"Probl\u00e8me au foie et Covid\u00a0: risques, s\u00e9quelles, vaccination\"><br \/>\n                        Probl\u00e8me au foie et Covid\u00a0: risques, s\u00e9quelles, vaccination<br \/>\n                    <\/a><br \/>\n                <\/h3>\n<\/li>\n<li>\n<h3>\n                    <a href=\"https:\/\/sante.journaldesfemmes.fr\/fiches-maladies\/2701633-fievre-covid-duree-obligatoire-que-faire-que-prendre-combien-temperature\/\" class=\"jGTMWidgetGAEventClick\" data-gtmwidgetgaeventaction=\"clickWidgetListOnTwoColumns\" data-gtmwidgetgaeventlabel=\"Fi\u00e8vre et Covid\u00a0: dur\u00e9e, temp\u00e9rature, est-ce obligatoire\u00a0?\"><br \/>\n                        Fi\u00e8vre et Covid\u00a0: dur\u00e9e, temp\u00e9rature, est-ce obligatoire\u00a0?<br \/>\n                    <\/a><br \/>\n                <\/h3>\n<\/li>\n<li>\n<h3>\n                    <a href=\"https:\/\/sante.journaldesfemmes.fr\/fiches-maladies\/2661241-rhume-ou-covid-19-symptomes-tableau-differences-ecole-que-faire-comment-savoir-travail\/\" class=\"jGTMWidgetGAEventClick\" data-gtmwidgetgaeventaction=\"clickWidgetListOnTwoColumns\" data-gtmwidgetgaeventlabel=\"Rhume ou Covid-19\u00a0: sympt\u00f4mes, tableau, \u00e9cole, que faire\u00a0?\"><br \/>\n                        Rhume ou Covid-19\u00a0: sympt\u00f4mes, tableau, \u00e9cole, que faire\u00a0?<br \/>\n                    <\/a><br \/>\n                <\/h3>\n<\/li>\n<li>\n<h3>\n                    <a href=\"https:\/\/sante.journaldesfemmes.fr\/fiches-maladies\/2626825-covid-ou-allergie-pollen-coronavirus-asthme-symptomes-toux-yeux-traitement\/\" class=\"jGTMWidgetGAEventClick\" data-gtmwidgetgaeventaction=\"clickWidgetListOnTwoColumns\" data-gtmwidgetgaeventlabel=\"Covid ou allergie au pollen\u00a0: sympt\u00f4mes, diff\u00e9rences, traitements\"><br \/>\n                        Covid ou allergie au pollen\u00a0: sympt\u00f4mes, diff\u00e9rences, traitements<br \/>\n                    <\/a><br \/>\n                <\/h3>\n<\/li>\n<li>\n<h3>\n                    <a href=\"https:\/\/sante.journaldesfemmes.fr\/fiches-maladies\/2676955-covid-19-ou-gastro-enterite-difference-symptomes-fievre-diarrhee-que-faire-complications\/\" class=\"jGTMWidgetGAEventClick\" data-gtmwidgetgaeventaction=\"clickWidgetListOnTwoColumns\" data-gtmwidgetgaeventlabel=\"Covid\u00a0ou gastro-ent\u00e9rite\u00a0: sympt\u00f4mes, quelles diff\u00e9rences\u00a0?\"><br \/>\n                        Covid\u00a0ou gastro-ent\u00e9rite\u00a0: sympt\u00f4mes, quelles diff\u00e9rences\u00a0?<br \/>\n                    <\/a><br \/>\n                <\/h3>\n<\/li>\n<li>\n<h3>\n                    <a href=\"https:\/\/sante.journaldesfemmes.fr\/fiches-sante-du-quotidien\/2627543-perte-gout-agueusie-covid-19-def-duree-cause-partielle-traitement-soigner\/\" class=\"jGTMWidgetGAEventClick\" data-gtmwidgetgaeventaction=\"clickWidgetListOnTwoColumns\" data-gtmwidgetgaeventlabel=\"Perte du go\u00fbt (agueusie)\u00a0: dur\u00e9e, Covid, comment soigner\u00a0?\"><br \/>\n                        Perte du go\u00fbt (agueusie)\u00a0: dur\u00e9e, Covid, comment soigner\u00a0?<br \/>\n                    <\/a><br \/>\n                <\/h3>\n<\/li>\n<li>\n<h3>\n                    <a href=\"https:\/\/sante.journaldesfemmes.fr\/fiches-maladies\/2683439-symptomes-covid-19-coronavirus-boutons-visage-corps-dermatologiques-peau-bras-pieds-engelure\/\" class=\"jGTMWidgetGAEventClick\" data-gtmwidgetgaeventaction=\"clickWidgetListOnTwoColumns\" data-gtmwidgetgaeventlabel=\"Sympt\u00f4mes Covid sur la peau\u00a0: engelures, boutons, quand consulter\u00a0?\"><br \/>\n                        Sympt\u00f4mes Covid sur la peau\u00a0: engelures, boutons, quand consulter\u00a0?<br \/>\n                    <\/a><br \/>\n                <\/h3>\n<\/li>\n<\/ul>\n<\/aside>\n<\/div>\n<table border=\"1\" cellpadding=\"1\" cellspacing=\"1\" style=\"width:100%;\">\n<thead>\n<tr>\n<th scope=\"col\" style=\"text-align: center;\"><a id=\"date-cle-epidemie-covid-france-confinement\" name=\"date-cle-epidemie-covid-france-confinement\"><strong>DATES CL\u00c9S DE L&rsquo;\u00c9PID\u00c9MIE EN FRANCE<\/strong><\/a><\/th>\n<\/tr>\n<\/thead>\n<tbody>\n<tr>\n<td>\n<p><u><strong>2019<\/strong><\/u><\/p>\n<ul>\n<li><strong>31\u00a0d\u00e9cembre 2019,<\/strong> l&rsquo;Organisation mondiale de la Sant\u00e9 en Chine est inform\u00e9e de plusieurs cas de pneumonies dans la ville de Wuhan. 44\u00a0personnes sont infect\u00e9es entre cette date et le 3\u00a0janvier 2020.<\/li>\n<\/ul>\n<p><u><strong>2020<\/strong><\/u><\/p>\n<ul>\n<li><strong>7\u00a0janvier 2020, <\/strong>les autorit\u00e9s chinoises identifient un \u00ab\u00a0nouveau type de coronavirus\u00a0\u00bb.<\/li>\n<li><strong>13\u00a0janvier, <\/strong>un cas import\u00e9 est recens\u00e9 en Tha\u00eflande.<\/li>\n<li><strong>15\u00a0janvier<\/strong>, le virus cause\u00a0la mort d&rsquo;<strong>une premi\u00e8re\u00a0personne \u00e0 Wuhan<\/strong>, un homme de 69\u00a0ans.\u00a0<\/li>\n<li><strong>23\u00a0janvier,<\/strong> trois villes chinoises dont Wuhan sont plac\u00e9es en quarantaine.<\/li>\n<li><strong>25\u00a0janvier, trois personnes\u00a0contamin\u00e9es sont recens\u00e9es en France<\/strong>, deux \u00e0 Paris et une Bordeaux. Ce sont les premiers cas enregistr\u00e9s sur le continent europ\u00e9en.<\/li>\n<li><strong>30\u00a0janvier, <\/strong>l&rsquo;Organisation mondiale de la Sant\u00e9 <strong>d\u00e9cr\u00e8te\u00a0l&rsquo;<a href=\"https:\/\/sante.journaldesfemmes.fr\/fiches-maladies\/2608035-urgence-de-sante-publique-de-portee-internationale-definition-oms-coronavirus\/\" target=\"_blank\" rel=\"noopener noreferrer\">urgence de sant\u00e9 mondiale<\/a><\/strong>.\u00a0Cette mesure n&rsquo;avait \u00e9t\u00e9 d\u00e9cr\u00e9t\u00e9e que 5\u00a0fois depuis sa cr\u00e9ation (pour Ebola (deux fois), la grippe H1N1, Zika et la poliomy\u00e9lite).\u00a0<\/li>\n<li><strong>23\u00a0f\u00e9vrier, <\/strong>la France d\u00e9clenche le <a href=\"https:\/\/sante.journaldesfemmes.fr\/fiches-maladies\/2622449-plan-orsan-reb-definition-signification-qui-declenche-coronavirus-definition-duree\/\" target=\"_blank\" rel=\"noopener noreferrer\">plan ORSAN<\/a>, un dispositif exceptionnel d&rsquo;organisation des soins.<\/li>\n<li><strong>28\u00a0f\u00e9vrier,<\/strong> la France passe en stade 2\u00a0de l&rsquo;\u00e9pid\u00e9mie.<\/li>\n<li><strong>11\u00a0mars, <\/strong>l&rsquo;OMS classifie de <strong>pand\u00e9mie <\/strong>la diffusion de la maladie \u00e0 coronavirus Covid-19\u00a0dans le monde.<\/li>\n<li><strong>12\u00a0mars<\/strong>, le pr\u00e9sident de la R\u00e9publique Emmanuel Macron annonce la fermeture nationale des cr\u00e8ches et \u00e9tablissements scolaires de France \u00e0 compter du 16\u00a0mars et \u00ab\u00a0jusqu&rsquo;\u00e0 nouvel ordre\u00a0\u00bb.<\/li>\n<li><strong>14\u00a0mars<\/strong>, la France passe au <a href=\"https:\/\/sante.journaldesfemmes.fr\/fiches-maladies\/2625289-coronavirus-covid-19-stade-1-2-3-4-duree-mesure-france-signification-quand\/\" target=\"_blank\" rel=\"noopener noreferrer\"><strong>stade 3 <\/strong><\/a>de l&rsquo;\u00e9pid\u00e9mie.<\/li>\n<li><strong>16\u00a0mars\u00a0:\u00a0la France met en place un premier\u00a0confinement interdisant les d\u00e9placements.<\/strong><\/li>\n<li><strong>26\u00a0mars<\/strong>, un premier cas jeune meurt en France, une adolescente de 16\u00a0ans, en Ile-de-France originaire de Morsang-sur-Orge.<\/li>\n<li><strong>27\u00a0mars,<\/strong> le confinement de la population fran\u00e7aise est renouvel\u00e9 jusqu&rsquo;au 15\u00a0avril.<\/li>\n<li><strong>13\u00a0avril,<\/strong> Emmanuel Macron annonce le prolongement du confinement jusqu&rsquo;au 11\u00a0mai.<\/li>\n<li><strong>11\u00a0mai, la France commence son d\u00e9confinement.<\/strong><\/li>\n<li><strong>20\u00a0juillet,<\/strong>\u00a0le <strong>port du masque est rendu obligatoire <\/strong>dans les lieux publics clos en France.<\/li>\n<li><strong>17 octobre,<\/strong>\u00a0un <strong>couvre-feu <\/strong>est instaur\u00e9 dans 9 territoires fran\u00e7ais (Paris-Ile-de-France, Rouen, Grenoble, Lille, Lyon, Aix-Marseille, Montpellier, Saint-Etienne, Toulouse).<\/li>\n<li><strong>29 octobre<\/strong>\u00a0:<strong> un deuxi\u00e8me confinement est instaur\u00e9 en France.<\/strong><\/li>\n<li><strong>28 novembre : <\/strong>r\u00e9ouverture des commerces non essentiels un mois avant les f\u00eates de fin d&rsquo;ann\u00e9e.<\/li>\n<li><strong>15 d\u00e9cembre : d\u00e9confinement <\/strong>avec\u00a0couvre-feu de 20 heures \u00e0 6 heures du matin.<\/li>\n<li><strong>24 d\u00e9cembre<\/strong> <strong>: autorisation du vaccin Pfizer-BioNTech en France.<\/strong><\/li>\n<li><strong>27 d\u00e9cembre :<\/strong> d\u00e9but de la vaccination en France avec le vaccin Pfizer BioNTech.<\/li>\n<\/ul>\n<p><u><strong>2021<\/strong><\/u><\/p>\n<ul>\n<li><strong>8 janvier 2021<\/strong> <strong>:\u00a0autorisation du vaccin Moderna en France.<\/strong><\/li>\n<li><strong>31 janvier\u00a0<\/strong>: fermeture des fronti\u00e8res de la France\u00a0aux pays ext\u00e9rieurs \u00e0 l&rsquo;Union europ\u00e9enne<\/li>\n<li><strong>2 f\u00e9vrier<\/strong>\u00a0<strong>:\u00a0autorisation du vaccin AstraZeneca en France<\/strong>.<\/li>\n<li><strong>11 f\u00e9vrier : <\/strong>d\u00e9ploiement des tests salivaires dans les \u00e9tablissements scolaires.<\/li>\n<li><strong>12 mars :\u00a0autorisation du\u00a0vaccin\u00a0Johnson&amp;Johnson.<\/strong><\/li>\n<li><strong>16 mars <\/strong>: autorisation des autotests en France.<\/li>\n<li><strong>19 mars :<\/strong> confinement de 16 d\u00e9partements pour une dur\u00e9e de 4 semaines. Le couvre-feu repasse \u00e0 19 heures dans toute la France au lieu de 18 heures.<\/li>\n<li><strong>25 mars<\/strong> :\u00a0confinement de 3 nouveaux d\u00e9partements pour une dur\u00e9e de 4\u00a0semaines.<\/li>\n<li><strong>3 avril\u00a0: la France met en place son troisi\u00e8me confinement,<\/strong>\u00a0les \u00e9coles ferment pour trois semaines, les d\u00e9placements sont limit\u00e9s \u00e0 10 km.<\/li>\n<li><strong>12 avril :<\/strong> ouverture de la vaccination\u00a0\u00e0 tous les Fran\u00e7ais \u00e2g\u00e9s de\u00a055\u00a0ans ou plus.<\/li>\n<li><strong>3 mai : premi\u00e8re \u00e9tape du d\u00e9confinement <\/strong>avec la<strong>\u00a0<\/strong>fin de l&rsquo;attestation de d\u00e9placement et de la limitation des d\u00e9placements \u00e0 10 km. Le couvre-feu est en vigueur de 19h \u00e0 6h.<\/li>\n<li><strong>10 mai <\/strong>: ouverture de la vaccination aux plus de 50 ans.<\/li>\n<li><strong>19 mai :<\/strong>\u00a0deuxi\u00e8me \u00e9tape du d\u00e9confinement avec la r\u00e9ouverture des lieux essentiels ferm\u00e9s (terrasses des bars et restaurants, mus\u00e9es, cin\u00e9mas, th\u00e9\u00e2tres, commerces&#8230;) et couvre-feu de 21 h \u00e0 6 h.\u00a0<\/li>\n<li><strong>31 mai :<\/strong> ouverture de la vaccination \u00e0 toutes les personnes majeures, sans aucune condition.\u00a0<\/li>\n<\/ul>\n<\/td>\n<\/tr>\n<\/tbody>\n<\/table>\n<p><em>Cet article est mis \u00e0 jour quotidiennement par <a href=\"https:\/\/www.journaldesfemmes.fr\/account\/ablaize-11409696\" target=\"_blank\" rel=\"noopener noreferrer\">Aur\u00e9lie Blaize<\/a>, <a href=\"https:\/\/www.journaldesfemmes.fr\/account\/anaisthiebaux-10573564\" target=\"_blank\" rel=\"noopener noreferrer\">Ana\u00efs Thi\u00e9baux<\/a> et <a href=\"https:\/\/www.journaldesfemmes.fr\/account\/samanthapages-11598093\" target=\"_blank\" rel=\"noopener noreferrer\">Samantha Pag\u00e8s<\/a>.\u00a0<\/em><\/p>\n<\/section>\n<\/div>\n<p>[ad_2]<br \/>\n<br \/><a href=\"https:\/\/sante.journaldesfemmes.fr\/fiches-maladies\/2605417-covid-19-france-chiffres-nombre-cas-mort-direct-bilan-hospitalisations-incidence-vaccin\/\">Source link <\/a><\/p>\n","protected":false},"excerpt":{"rendered":"<p>[ad_1] CORONAVIRUS DIRECT &#8211; La d\u00e9croissance de la troisi\u00e8me vague \u00e9pid\u00e9mique se confirme encore \u00e9galement dans les services de soins &hellip; <a href=\"http:\/\/www.affinite.fr\/index.php\/2021\/05\/23\/les-indicateurs-encore-en-baisse-a-lhopital\/\" class=\"more-link\">Plus <span class=\"screen-reader-text\">les indicateurs encore en baisse \u00e0 l&rsquo;h\u00f4pital<\/span> <span class=\"meta-nav\">&rarr;<\/span><\/a><\/p>\n","protected":false},"author":1,"featured_media":6429,"comment_status":"open","ping_status":"open","sticky":false,"template":"","format":"standard","meta":{"_sitemap_exclude":false,"_sitemap_priority":"","_sitemap_frequency":"","footnotes":""},"categories":[1],"tags":[],"class_list":["post-6432","post","type-post","status-publish","format-standard","has-post-thumbnail","hentry","category-tous"],"_links":{"self":[{"href":"http:\/\/www.affinite.fr\/index.php\/wp-json\/wp\/v2\/posts\/6432"}],"collection":[{"href":"http:\/\/www.affinite.fr\/index.php\/wp-json\/wp\/v2\/posts"}],"about":[{"href":"http:\/\/www.affinite.fr\/index.php\/wp-json\/wp\/v2\/types\/post"}],"author":[{"embeddable":true,"href":"http:\/\/www.affinite.fr\/index.php\/wp-json\/wp\/v2\/users\/1"}],"replies":[{"embeddable":true,"href":"http:\/\/www.affinite.fr\/index.php\/wp-json\/wp\/v2\/comments?post=6432"}],"version-history":[{"count":0,"href":"http:\/\/www.affinite.fr\/index.php\/wp-json\/wp\/v2\/posts\/6432\/revisions"}],"wp:featuredmedia":[{"embeddable":true,"href":"http:\/\/www.affinite.fr\/index.php\/wp-json\/wp\/v2\/media\/6429"}],"wp:attachment":[{"href":"http:\/\/www.affinite.fr\/index.php\/wp-json\/wp\/v2\/media?parent=6432"}],"wp:term":[{"taxonomy":"category","embeddable":true,"href":"http:\/\/www.affinite.fr\/index.php\/wp-json\/wp\/v2\/categories?post=6432"},{"taxonomy":"post_tag","embeddable":true,"href":"http:\/\/www.affinite.fr\/index.php\/wp-json\/wp\/v2\/tags?post=6432"}],"curies":[{"name":"wp","href":"https:\/\/api.w.org\/{rel}","templated":true}]}}