{"id":6420,"date":"2021-05-20T21:18:26","date_gmt":"2021-05-20T21:18:26","guid":{"rendered":"https:\/\/www.affinite.fr\/index.php\/2021\/05\/20\/nombre-de-cas-reevalue-a-la-baisse-chiffres\/"},"modified":"2021-05-20T21:18:26","modified_gmt":"2021-05-20T21:18:26","slug":"nombre-de-cas-reevalue-a-la-baisse-chiffres","status":"publish","type":"post","link":"http:\/\/www.affinite.fr\/index.php\/2021\/05\/20\/nombre-de-cas-reevalue-a-la-baisse-chiffres\/","title":{"rendered":"nombre de cas r\u00e9\u00e9valu\u00e9 \u00e0 la baisse, chiffres"},"content":{"rendered":"<p> [ad_1]<br \/>\n<\/p>\n<p>\n                CORONAVIRUS DIRECT &#8211; La pression hospitali\u00e8re baisse pas \u00e0 pas. Le nombre de contaminations a \u00e9t\u00e9 sur\u00e9valu\u00e9 ces derni\u00e8res semaines, en cons\u00e9quence, pr\u00e8s de 350\u00a0000\u00a0cas ont \u00e9t\u00e9 d\u00e9compt\u00e9s ce jeudi soir. Ouverture de la vaccination \u00e0 tous les Fran\u00e7ais de plus de 18\u00a0ans d\u00e8s le 31\u00a0mai, derniers chiffres et infos en direct.            <\/p>\n<div>\n<aside class=\"ccmsummary marqueur_module ccmcss_cms_summary ccmcss_cms_summary--right\">\n<p>\u00a0Sommaire<\/p>\n<\/aside>\n<p><strong>[Mis\u00a0\u00e0 jour le jeudi 20<\/strong>\u00a0<strong>mai \u00e0 20h35<\/strong><b>]<\/b>\u00a0L&rsquo;<strong>\u00e9pid\u00e9mie de Covid-19\u00a0continue sa d\u00e9crue, <\/strong>tandis que la vaccination s&rsquo;acc\u00e9l\u00e8re avec une nouvelle\u00a0\u00e9tape pour le calendrier vaccinal\u00a0: la vaccination est ouverte \u00e0 tous les Fran\u00e7ais de plus de 18\u00a0ans d\u00e8s <strong>le lundi 31\u00a0mai prochain<\/strong>, et aux professions prioritaires d\u00e8s le 24 mai, a annonc\u00e9 Jean Castex\u00a0sur son compte Twitter. Depuis mercredi, les terrasses, commerces, mus\u00e9es, cin\u00e9mas, th\u00e9\u00e2tres, zoos, sont rouverts, et le\u00a0couvre-feu est d\u00e9cal\u00e9 \u00e0\u00a021 heures. La France reprend vie.\u00a0<em>\u00ab\u00a0Les efforts des Fran\u00e7ais ont pay\u00e9, <\/em>a d\u00e9clar\u00e9 le ministre de la Sant\u00e9 <a href=\"https:\/\/twitter.com\/olivierveran\/status\/1395080561748807684\" target=\"_blank\" rel=\"noopener noreferrer\">Olivier V\u00e9ran<\/a> sur LCI jeudi matin. <em><strong>Le virus circule mais recule,<\/strong> et bient\u00f4t les soins programm\u00e9s pourront reprendre dans nos h\u00f4pitaux. C&rsquo;est le bon moment pour profiter de la r\u00e9ouverture progressive, tout en restant encore tr\u00e8s vigilants.\u00a0\u00bb<\/em>\u00a0Gestes barri\u00e8res, contacts sociaux limit\u00e9s et d\u00e9placement sur attestation entre 21 heures et 6 heures du matin sont toujours en vigueur. Jeudi 20 mai,\u00a0<strong>20 750\u00a0personnes atteintes de la Covid-19 sont hospitalis\u00e9es en France <\/strong>(-22,3% en 7 jours), dont 3 769 en soins intensifs. Le nombre de contaminations a \u00e9t\u00e9 r\u00e9\u00e9valu\u00e9 \u00e0 la baisse : 348 846 cas ont \u00e9t\u00e9 d\u00e9compt\u00e9s ce jeudi. Au total plus de 5,5 millions de personnes ont \u00e9t\u00e9 contamin\u00e9es en France. 22 062 474\u00a0personnes ont re\u00e7u <strong>au moins une injection<\/strong> d&rsquo;un vaccin Covid soit <strong>32,9\u00a0%<\/strong> de la population totale de la France.\u00a0\u00ab\u00a0<em>Si \u00e7a (la situation sanitaire) continue \u00e0 s&rsquo;am\u00e9liorer, probablement que, \u00e0 l&rsquo;\u00e9t\u00e9 (&#8230;) on consid\u00e9rera que c&rsquo;est raisonnable et responsable de dire qu&rsquo;on peut retirer son masque en ext\u00e9rieur\u00a0\u00bb,<\/em> a indiqu\u00e9 le porte-parole du gouvernement Gabriel Attal sur <em>BFMTV<\/em> mercredi. Mais pas avant, a pr\u00e9cis\u00e9 Emmanuel Macron jeudi lors d&rsquo;un d\u00e9placement \u00e0 Blois :<em> \u00ab\u00a0Il\u00a0faut rester prudent parce qu&rsquo;il y a encore du virus qui tourne. (&#8230;) <strong>Jusqu&rsquo;\u00e0 la fin du mois de juin, il faut garder le masque<\/strong>\u00a0et apr\u00e8s on verra.\u00a0\u00bb<\/em>\u00a0La mise en place du<strong> pass sanitaire pour l&rsquo;Europe <\/strong>enti\u00e8re est pr\u00e9vue le<strong> 26\u00a0juin,<\/strong> a annonc\u00e9 le secr\u00e9taire d&rsquo;\u00c9tat charg\u00e9 du Tourisme, Jean-Baptiste Lemoyne. <span style=\"font-size: 1rem;\">Que disent les\u00a0<\/span><a data-auth=\"NotApplicable\" href=\"https:\/\/sante.journaldesfemmes.fr\/fiches-maladies\/2667643-carte-covid-19-france-departement-monde-europe-temps-reel-region-epidemie-incidence-test\/\" rel=\"noopener noreferrer\" style=\"font-size: 1rem; background-color: rgb(255, 255, 255);\" target=\"_blank\">cartes<\/a><span style=\"font-size: 1rem;\"> de suivi de l&rsquo;\u00e9pid\u00e9mie\u00a0? Quels sont les <\/span><a href=\"https:\/\/sante.journaldesfemmes.fr\/fiches-maladies\/2630075-symptomes-coronavirus-covid-19-mal-gorge-rhume-que-faire-variant-premier-apparition-duree\/\" style=\"font-size: 1rem; background-color: rgb(255, 255, 255);\" target=\"_blank\" rel=\"noopener noreferrer\">sympt\u00f4mes du coronavirus<\/a><span style=\"font-size: 1rem;\"> ? Quand <\/span><a href=\"https:\/\/sante.journaldesfemmes.fr\/fiches-maladies\/2621211-isolement-covid-19-variant-anglais-7-10-jours-cas-contact-duree-declarer-certificat-attestation\/\" style=\"font-size: 1rem; background-color: rgb(255, 255, 255);\" target=\"_blank\" rel=\"noopener noreferrer\">s&rsquo;isoler et combien de temps<\/a><span style=\"font-size: 1rem;\"> ?\u00a0<\/span><a data-auth=\"NotApplicable\" href=\"https:\/\/sante.journaldesfemmes.fr\/fiches-maladies\/2629823-taux-de-reproduction-covid-france-coronavirus-r0-r-effectif-calcul-carte-definition-mai-2021\/\" rel=\"noopener noreferrer\" style=\"font-size: 1rem; background-color: rgb(255, 255, 255);\" target=\"_blank\">Quel est le taux de R0\u00a0du virus<\/a><span style=\"font-size: 1rem;\">\u00a0? Quand est-on <\/span><a href=\"https:\/\/sante.journaldesfemmes.fr\/fiches-maladies\/2679521-contagion-covid-19-combien-de-temps-jours-duree-asymptomatique-symptomes-incubation-contagieux\/\" style=\"font-size: 1rem; background-color: rgb(255, 255, 255);\" target=\"_blank\" rel=\"noopener noreferrer\">contagieux<\/a><span style=\"font-size: 1rem;\"> ? Que sait-on des\u00a0<\/span><a href=\"https:\/\/sante.journaldesfemmes.fr\/fiches-maladies\/2620433-vaccin-coronavirus-covid-19-pfizer-moderna-astrazeneca-johnson-janssen-different-3-eme-dose\/\" style=\"font-size: 1rem; background-color: rgb(255, 255, 255);\" target=\"_blank\" rel=\"noopener noreferrer\">vaccins<\/a><span style=\"font-size: 1rem;\">\u00a0? Des\u00a0<\/span><a href=\"https:\/\/sante.journaldesfemmes.fr\/fiches-maladies\/2686947-effet-secondaire-vaccin-covid-france-pfizer-moderna-astrazeneca-deuxieme-dose-liste\/\" style=\"font-size: 1rem; background-color: rgb(255, 255, 255);\" target=\"_blank\" rel=\"noopener noreferrer\">effets secondaires<\/a><span style=\"font-size: 1rem;\">\u00a0apr\u00e8s la vaccination\u00a0? Chiffres et infos du jour.<\/span><\/p>\n<ul>\n<li><strong>Record de vaccination.\u00a0<\/strong>672.339\u00a0injections ont \u00e9t\u00e9 r\u00e9alis\u00e9es en France jeudi, un record depuis le d\u00e9but de la vaccination, dont 506 958\u00a0premi\u00e8res doses.<\/li>\n<li><strong>Accord sur le pass sanitaire europ\u00e9en.<\/strong>\u00a0Les eurod\u00e9put\u00e9s et les 27 Etats membres\u00a0sont parvenus \u00e0 un\u00a0accord jeudi sur le certificat sanitaire europ\u00e9en destin\u00e9 \u00e0 faciliter les voyages dans l&rsquo;UE, \u00e0 partir de\u00a0la fin juin. Ce certificat attestera\u00a0d&rsquo;une vaccination contre le Covid-19, d&rsquo;un test n\u00e9gatif, ou d&rsquo;une immunit\u00e9 apr\u00e8s une infection. Le compromis trouv\u00e9 entre les eurod\u00e9put\u00e9s et les Etats membres devra \u00eatre vot\u00e9 par le Parlement.<\/li>\n<li><strong>Ouverture de la Tour Eiffel le 16 juillet.<\/strong>\u00a0La tour Eiffel\u00a0rouvrira le 16\u00a0juillet au public avec une jauge de 25% dans ses ascenseurs. La capacit\u00e9 d&rsquo;accueil sera\u00a0de 10 000\u00a0visiteurs par jour,\u00a0contre 25 000\u00a0avant la crise, a annonc\u00e9 \u00e0 l&rsquo;AFP la Sete (Soci\u00e9t\u00e9 d&rsquo;exploitation de la tour Eiffel).\u00a0La billetterie rouvrira le 1er juin.<\/li>\n<li><strong>Vaccination des professions prioritaires le 24 mai. <\/strong>Les professions \u00ab\u00a0prioritaires\u00a0\u00bb, publiques ou priv\u00e9es, list\u00e9es par le gouvernement, seront \u00e9ligibles \u00e0 la vaccination d\u00e8s lundi\u00a024 mai, sans limite d&rsquo;\u00e2ge, a annonc\u00e9 jeudi le Premier ministre Jean Castex.\u00a0Parmi ces professions figurent les enseignants et \u00ab\u00a0agents au contact des \u00e9l\u00e8ves\u00a0\u00bb, les professionnels de la petite enfance, les assistants familiaux, les professionnels de la protection judiciaire de la jeunesse, de la protection de l&rsquo;enfance, de l&rsquo;h\u00e9bergement d&rsquo;urgence, les conducteurs de bus, les personnels de bord de ferry, les facteurs et livreurs, les conducteurs routiers, les chauffeurs de taxi, les contr\u00f4leurs de transports publics, les salari\u00e9s et chefs d&rsquo;entreprise des commerces d&rsquo;alimentation, les\u00a0buralistes, les personnels d&rsquo;h\u00f4tels, de caf\u00e9s et restaurants, les agents de nettoyage, les policiers nationaux et municipaux, les gendarmes, les agents de s\u00e9curit\u00e9, les surveillants p\u00e9nitentiaires, les militaires en op\u00e9ration sentinelle,\u00a0les douaniers de la branche surveillance, les professionnels des services fun\u00e9raires, les personnels des abattoirs, les agents de l&rsquo;inspection du travail, les salari\u00e9s de l&rsquo;\u00e9v\u00e8nementiel ainsi que les salari\u00e9s des salles de sport.<\/li>\n<li><strong>Ouverture de la vaccination pour tous\u00a0le 31 mai. <\/strong>L&rsquo;ouverture de la vaccination pour tous les adultes de plus de 18 ans a \u00e9t\u00e9 avanc\u00e9e au 31 mai au lieu du 15 juin, a annonc\u00e9 ce jeudi 20 mai Jean Castex sur son compte Twitter.\u00a0Tous les Fran\u00e7ais de plus de 18\u00a0ans sans comorbidit\u00e9 pourront donc se faire vacciner d\u00e8s le lundi 31\u00a0mai, sans devoir attendre les doses restantes des centres de vaccination.<\/li>\n<\/ul>\n<ul>\n<li><strong>Le masque jusqu&rsquo;au mois de juin.\u00a0<\/strong>Emmanuel Macron a indiqu\u00e9 jeudi lors d&rsquo;un d\u00e9placement \u00e0 Blois\u00a0:<em> \u00ab\u00a0Il\u00a0faut rester prudent parce qu&rsquo;il y a encore du virus qui tourne. (&#8230;) <strong>Jusqu&rsquo;\u00e0 la fin du mois de juin, il faut garder le masque<\/strong>\u00a0et apr\u00e8s on verra.\u00a0\u00bb\u00a0\u00ab\u00a0Si on se rel\u00e2chait trop vite on conna\u00eet le ph\u00e9nom\u00e8ne, il y a encore beaucoup trop de nos concitoyens qui ne sont pas vaccin\u00e9s, on risquerait \u00e0 nouveau de retourner avec des h\u00f4pitaux o\u00f9 il y a trop de cas\u00a0\u00bb <\/em>a-t-il pr\u00e9venu.<\/li>\n<li><strong>Appel \u00e0 la \u00ab\u00a0discipline collective\u00a0\u00bb.\u00a0<\/strong>En d\u00e9placement \u00e0 Blois\u00a0jeudi, le Premier ministre Jean Castex a appel\u00e9 les Fran\u00e7ais \u00e0 faire preuve de \u00ab\u00a0discipline collective\u00a0\u00bb apr\u00e8s avoir vu les images de terrasses bond\u00e9es le jour de la r\u00e9ouverture, mercredi :<em> \u00ab\u00a0Hier c&rsquo;\u00e9tait la r\u00e9ouverture, on comprend qu&rsquo;il y a eu un engouement mais j&rsquo;appelle tout le monde, c&rsquo;est notre int\u00e9r\u00eat commun, \u00e0 respecter les r\u00e8gles,<\/em> a-t-il d\u00e9clar\u00e9.<em>\u00a0C&rsquo;est notre int\u00e9r\u00eat collectif (&#8230;). Les gens aiment rester en terrasse, bien entendu. Personne ne veut qu&rsquo;on les <a href=\"http:\/\/www.affinite.fr\/index.php\/2022\/10\/22\/la-creme-glacee-la-nouvelle-culture-commerciale\/\">ferme<\/a>, ce n&rsquo;est pas l&rsquo;objectif.\u00a0\u00bb<\/em><\/li>\n<li><strong>Plus de 85 millions de tests Covid r\u00e9alis\u00e9s.\u00a0<\/strong>Selon la Dress, 16,7\u00a0millions de tests antig\u00e9niques et 68,8\u00a0millions de tests RT-PCR dont 67,4\u00a0millions naso-pharyng\u00e9s, 1\u00a0287\u00a0000\u00a0salivaires et 140\u00a0000\u00a0en milieux divers ont \u00e9t\u00e9 effectu\u00e9s entre le 1er mars 2020 et le 16 mai 2021 soit un total d\u00e9passant les 85.5 millions de tests.\u00a0<\/li>\n<li><strong>Non respect du couvre-feu dans plusieurs villes de France. <\/strong>Le couvre-feu a \u00e9t\u00e9 prolong\u00e9 \u00e0 21 heures le 19 mai mais dans plusieurs villes de France, la police a d\u00fb intervenir pour disperser des habitants pr\u00e9sents dans les rues apr\u00e8s cette heure et leur demander de rentrer chez eux<\/li>\n<\/ul>\n<ul>\n<li><strong>Nouveau contrat sign\u00e9 avec Pfizer. <\/strong>La <a href=\"https:\/\/twitter.com\/UEFrance\/status\/1395304750585978880\" target=\"_blank\" rel=\"noopener noreferrer\">Commission europ\u00e9enne<\/a>\u00a0a annonc\u00e9 jeudi la signature d&rsquo;un nouveau contrat europ\u00e9en avec Pfizer pour la livraison d&rsquo;1.8 milliard de doses jusqu&rsquo;en 2023.<\/li>\n<li><strong>32% de Fran\u00e7ais ont re\u00e7u une dose de vaccin Covid. <\/strong>Selon le <a href=\"https:\/\/solidarites-sante.gouv.fr\/actualites\/presse\/communiques-de-presse\/article\/vaccination-contre-la-covid-en-france-au-19-mai-2021-pres-de-31-000-000\" target=\"_blank\" rel=\"noopener noreferrer\">communiqu\u00e9<\/a> de presse du minist\u00e8re de la Sant\u00e9, au 19 mai,\u00a021\u00a0555\u00a0516\u00a0personnes ont re\u00e7u au moins une injection d&rsquo;un vaccin Covid en France (soit 32,2\u00a0% de la population totale et 41\u00a0% de la population majeure) et 9\u00a0260\u00a0992\u00a0personnes ont re\u00e7u deux injections (soit 13,8\u00a0% de la population totale et 17,6\u00a0% de la population majeure).<\/li>\n<li><strong>Assouplissement des mesures pour les voyages entre les Outre-mer et la France. <\/strong>Le gouvernement a d\u00e9cid\u00e9 mercredi d&rsquo;all\u00e9ger le <a href=\"https:\/\/outre-mer.gouv.fr\/evolution-du-dispositif-des-motifs-imperieux-et-de-quarantaine-pour-les-deplacements-entre-les-outre\" target=\"_blank\" rel=\"noopener noreferrer\">dispositif des motifs imp\u00e9rieux<\/a> justifiant les d\u00e9placements, ainsi que les mesures de quarantaine qui s&rsquo;imposent aux voyageurs souhaitant <a href=\"http:\/\/www.affinite.fr\/index.php\/2023\/07\/29\/changer-de-vie-voyager-complement-de-retraite-devenez-vendeur-de-glace-a-litalienne\/\">voyager<\/a>\u00a0entre la m\u00e9tropole et les Outre-mer, sauf pour la Guyane o\u00f9 le nombre de contaminations augmente. L&rsquo;obligation de pr\u00e9senter un test PCR n\u00e9gatif de moins de 72\u00a0heures reste en vigueur pour toutes les destinations.<\/li>\n<\/ul>\n<p>Les chiffres de l&rsquo;\u00e9pid\u00e9mie de Covid-19 en France sont publi\u00e9s quotidiennement par le site <a href=\"http:\/\/www.gouvernement.fr\/info-coronavirus\/carte-et-donnees\" target=\"_blank\" rel=\"noopener noreferrer\">Carte-et-donn\u00e9es<\/a> du gouvernement et par <a href=\"https:\/\/www.santepubliquefrance.fr\/dossiers\/coronavirus-covid-19\/coronavirus-chiffres-cles-et-evolution-de-la-covid-19-en-france-et-dans-le-monde\" target=\"_blank\" rel=\"noopener noreferrer\">Sant\u00e9 Publique France<\/a>.<\/p>\n<p><a id=\"covid-france-chiffre-du-jour-bilan\" name=\"covid-france-chiffre-du-jour-bilan\" style=\"font-size: 1.125rem; background-color: rgb(255, 255, 255);\" target=\"_blank\" rel=\"noopener noreferrer\">Quels sont les chiffres du jour ?<\/a><\/p>\n<section>\n<p><strong style=\"font-size: 1rem;\">Au jeudi 20\u00a0mai, en France :<\/strong><\/p>\n<p><span style=\"font-size: 1rem;\">\u2022 5 568 551\u00a0personnes ont \u00e9t\u00e9 contamin\u00e9es par le coronavirus\u00a0<\/span><strong style=\"font-size: 1rem;\">(-348 846<\/strong><strong>\u00a0<\/strong><strong style=\"font-size: 1rem;\">en 24\u00a0heures)<\/strong><\/p>\n<p>\u2022 108 314 personnes sont d\u00e9c\u00e9d\u00e9es en France\u00a0<strong>(+133 en 24\u00a0heures),<\/strong><strong>\u00a0<\/strong>dont 81 966 \u00e0 l&rsquo;h\u00f4pital.<\/p>\n<p>\u2022<strong>\u00a03 769 patients Covid-19\u00a0sont en soins critiques <\/strong>(soit en r\u00e9animation, soins intensifs et surveillance continue).<\/p>\n<p>\u2022 20 750\u00a0patients Covid-19\u00a0\u00e9taient\u00a0hospitalis\u00e9s.<\/p>\n<p>\u2022 le R0 du virus (taux de reproduction) est de 0.78, en l\u00e9g\u00e8re hausse.<\/p>\n<p>\u2022 le taux de positivit\u00e9 des tests est de 4%, en baisse.<\/p>\n<p>Au 20 mai 2021,\u00a0un total de<strong>\u00a05 568 551\u00a0<\/strong><strong>cas\u00a0confirm\u00e9s\u00a0<\/strong>de coronavirus est rapport\u00e9 depuis le d\u00e9but de la pand\u00e9mie. Au 17\u00a0mai, le taux d&rsquo;incidence du virus est de 124,89\/100 000 habitants, en baisse de 19,3% sur les 7 derniers jours.<\/p>\n<p>Jeudi\u00a020\u00a0mai,<strong>\u00a0348 846<\/strong><strong>\u00a0personnes<\/strong>\u00a0ont \u00e9t\u00e9 d\u00e9compt\u00e9es du nombre de cas ayant re\u00e7u un test positif au Covid-19\u00a0par rapport \u00e0 la veille.\u00a0<\/p>\n<p><strong>Jeudi 20\u00a0mai, 3 769 personnes sont\u00a0hospitalis\u00e9es\u00a0en\u00a0r\u00e9animation (-93 au cours des derni\u00e8res 24\u00a0heures).<\/strong>\u00a0Le nombre moyen de nouvelles entr\u00e9es en soins critiques quotidiennes est de 173 personnes en baisse de -18,8% sur les 7 derniers jours. Au 20\u00a0mai, 20 750\u00a0patients Covid-19\u00a0\u00e9taient\u00a0hospitalis\u00e9s.\u00a0Le nombre moyen de<strong> nouvelles hospitalisations quotidiennes est de 717 personnes<\/strong>, en baisse de -22,3% sur les 7 derniers jours.<\/p>\n<h3 style=\"text-align: center;\"><u>Nombre de personnes actuellement hospitalis\u00e9es par r\u00e9gion au 19<\/u>\u00a0<u>mai 2021 (source : gouvernement.fr)<\/u><\/h3>\n<table align=\"center\" border=\"1\" cellpadding=\"1\" cellspacing=\"1\" style=\"width:100%;\">\n<thead>\n<tr>\n<th scope=\"col\" style=\"width: 260px;\">R\u00e9gion<\/th>\n<th scope=\"col\" style=\"width: 283px;\">Nombre de personnes actuellement hospitalis\u00e9es<\/th>\n<th scope=\"col\" style=\"width: 220px;\">Evolution en 7 jours<\/th>\n<\/tr>\n<\/thead>\n<tbody>\n<tr>\n<td style=\"width: 260px;\"><strong>Auvergne-Rh\u00f4ne-Alpes<\/strong><\/td>\n<td style=\"width: 283px;\">2 401<\/td>\n<td style=\"width: 220px;\">-25,96 %<\/td>\n<\/tr>\n<tr>\n<td style=\"width: 260px;\"><strong>Hauts-de-France<\/strong><\/td>\n<td style=\"width: 283px;\">2 570<\/td>\n<td style=\"width: 220px;\">-7,77 %<\/td>\n<\/tr>\n<tr>\n<td style=\"width: 260px;\"><strong>Provence-Alpes-C\u00f4te d&rsquo;Azur<\/strong><\/td>\n<td style=\"width: 283px;\">1 954<\/td>\n<td style=\"width: 220px;\">-25 %<\/td>\n<\/tr>\n<tr>\n<td style=\"width: 260px;\"><strong>Grand Est<\/strong><\/td>\n<td style=\"width: 283px;\">1 699<\/td>\n<td style=\"width: 220px;\">-27,78 %<\/td>\n<\/tr>\n<tr>\n<td style=\"width: 260px;\"><strong>Occitanie<\/strong><\/td>\n<td style=\"width: 283px;\">1 148<\/td>\n<td style=\"width: 220px;\">-32,69 %<\/td>\n<\/tr>\n<tr>\n<td style=\"width: 260px;\"><strong><a href=\"http:\/\/www.affinite.fr\/index.php\/2024\/11\/21\/construire-votre-maison-en-normandie\/\">Normandie<\/a><\/strong><\/td>\n<td style=\"width: 283px;\">1 150<\/td>\n<td style=\"width: 220px;\">-16,67 %<\/td>\n<\/tr>\n<tr>\n<td style=\"width: 260px;\"><strong>Nouvelle-Aquitaine<\/strong><\/td>\n<td style=\"width: 283px;\">1 035<\/td>\n<td style=\"width: 220px;\">-26,09 %<\/td>\n<\/tr>\n<tr>\n<td style=\"width: 260px;\"><strong>Centre-Val de Loire<\/strong><\/td>\n<td style=\"width: 283px;\">781<\/td>\n<td style=\"width: 220px;\">-20 %<\/td>\n<\/tr>\n<tr>\n<td style=\"width: 260px;\"><strong>Bourgogne-Franche-Comt\u00e9<\/strong><\/td>\n<td style=\"width: 283px;\">826<\/td>\n<td style=\"width: 220px;\">-35,56 %\u00a0<\/td>\n<\/tr>\n<tr>\n<td style=\"width: 260px;\"><strong>Bretagne<\/strong><\/td>\n<td style=\"width: 283px;\">615<\/td>\n<td style=\"width: 220px;\">-42,31 %<\/td>\n<\/tr>\n<tr>\n<td style=\"width: 260px;\"><strong>Corse<\/strong><\/td>\n<td style=\"width: 283px;\">47<\/td>\n<td style=\"width: 220px;\">-100 %<\/td>\n<\/tr>\n<tr>\n<td style=\"width: 260px;\"><strong>Pays de la Loire<\/strong><\/td>\n<td style=\"width: 283px;\">583<\/td>\n<td style=\"width: 220px;\">-22,86 %<\/td>\n<\/tr>\n<tr>\n<td style=\"width: 260px;\"><strong>\u00cele-de-France<\/strong><\/td>\n<td style=\"width: 283px;\">5 463<\/td>\n<td style=\"width: 220px;\">-22,36 %<\/td>\n<\/tr>\n<tr>\n<td style=\"width: 260px;\"><strong>Guadeloupe<\/strong><\/td>\n<td style=\"width: 283px;\">128<\/td>\n<td style=\"width: 220px;\">-11,11 %\u00a0<\/td>\n<\/tr>\n<tr>\n<td style=\"width: 260px;\"><strong>Martinique<\/strong><\/td>\n<td style=\"width: 283px;\">66<\/td>\n<td style=\"width: 220px;\">0 %<\/td>\n<\/tr>\n<tr>\n<td style=\"width: 260px;\"><strong>Guyane<\/strong><\/td>\n<td style=\"width: 283px;\">103<\/td>\n<td style=\"width: 220px;\"><strong>+50 %<\/strong><\/td>\n<\/tr>\n<tr>\n<td style=\"width: 260px;\"><strong>La R\u00e9union<\/strong><\/td>\n<td style=\"width: 283px;\">170<\/td>\n<td style=\"width: 220px;\"><strong>+8,33<\/strong> %<\/td>\n<\/tr>\n<tr>\n<td style=\"width: 260px;\"><strong>Mayotte<\/strong><\/td>\n<td style=\"width: 283px;\">11<\/td>\n<td style=\"width: 220px;\">-100 %<\/td>\n<\/tr>\n<\/tbody>\n<\/table>\n<div style=\"text-align:center\">\n<figure class=\"image\" style=\"display:inline-block\"><a class=\"fancy\" href=\"https:\/\/img-3.journaldesfemmes.fr\/MwBZqC_6QcxfhpPCf3gDKE-VIDE=\/1080x\/smart\/0249c137a6594bea82eaeba3468b00aa\/ccmcms-jdf\/24660044.png\" target=\"_blank\" rel=\"noopener noreferrer\"><img decoding=\"async\" alt=\"courbe-covid-france-reanimation\" src=\"https:\/\/img-3.journaldesfemmes.fr\/MwBZqC_6QcxfhpPCf3gDKE-VIDE=\/1080x\/smart\/0249c137a6594bea82eaeba3468b00aa\/ccmcms-jdf\/24660044.png\"\/><\/a><figcaption data-credit=\"Sant\u00e9 Publique France\" data-legend=\"Nombre de patients COVID-19 en services de soins critiques, par date de d\u00e9claration, depuis le 23 mars 2020, France (donn\u00e9es au 11 mai 2021) \">Nombre de patients COVID-19\u00a0en services de soins critiques, par date de d\u00e9claration, depuis le 23\u00a0mars 2020, France (donn\u00e9es au 11\u00a0mai 2021) <small>\u00a9\u00a0Sant\u00e9 Publique France<\/small><\/figcaption><\/figure>\n<\/div>\n<\/section>\n<p>108 314 d\u00e9c\u00e8s sont recens\u00e9s au 20\u00a0mai\u00a0dont 81\u00a0966 \u00e0 l&rsquo;h\u00f4pital\u00a0(+133 au cours des 24\u00a0derni\u00e8res heures), selon les chiffres de Sant\u00e9 Publique France. Ce chiffre ne comprend pas les d\u00e9c\u00e8s \u00e0 domicile.<\/p>\n<ul>\n<li>L&rsquo;\u00e2ge m\u00e9dian au d\u00e9c\u00e8s est de 85\u00a0ans<\/li>\n<li>93% des personnes d\u00e9c\u00e9d\u00e9es du Covid \u00e0 l&rsquo;h\u00f4pital avaient 65\u00a0ans et plus.<\/li>\n<li>Les hommes repr\u00e9sentent 55% de ces d\u00e9c\u00e8s.<\/li>\n<\/ul>\n<div style=\"text-align:center\">\n<figure class=\"image\" style=\"display:inline-block\"><a class=\"fancy\" href=\"https:\/\/img-3.journaldesfemmes.fr\/_0262h8VVG9LfcVVua3GgYlg3mY=\/1080x\/smart\/fd24a4244be34a3891c32077632a1501\/ccmcms-jdf\/24660128.png\" target=\"_blank\" rel=\"noopener noreferrer\"><img decoding=\"async\" alt=\"courbe-covid-deces-morts-france\" src=\"https:\/\/img-3.journaldesfemmes.fr\/_0262h8VVG9LfcVVua3GgYlg3mY=\/1080x\/smart\/fd24a4244be34a3891c32077632a1501\/ccmcms-jdf\/24660128.png\"\/><\/a><figcaption data-credit=\"Sant\u00e9 Publique France\" data-legend=\"Nombre hebdomadaire de nouveaux d\u00e9c\u00e8s de patients COVID-19 selon la date de d\u00e9claration, depuis le 23 mars 2020, France (donn\u00e9es au 9 mai 2021) \u00a9\u00a0Sant\u00e9 publique France\">Nombre hebdomadaire de nouveaux d\u00e9c\u00e8s de patients COVID-19\u00a0selon la date de d\u00e9claration, depuis le 23\u00a0mars 2020, France (donn\u00e9es au 9\u00a0mai 2021) \u00a9\u00a0Sant\u00e9 publique France <small>\u00a9\u00a0Sant\u00e9 Publique France<\/small><\/figcaption><\/figure>\n<\/div>\n<p><a id=\"covid-19-france-evolution-courbe\" name=\"covid-19-france-evolution-courbe\" style=\"font-size: 1.125rem; background-color: rgb(255, 255, 255); font-family: Raleway, sans-serif;\" target=\"_blank\" rel=\"noopener noreferrer\">Courbe : comment \u00e9volue\u00a0l&rsquo;\u00e9pid\u00e9mie en France ?<\/a><\/p>\n<p>L&rsquo;\u00e9pid\u00e9mie de Covid est en baisse en France que ce soit sur le taux d&rsquo;incidence ou le taux de nouvelles hospitalisations. Pour rappel, la France a connu trois \u00ab\u00a0vagues\u00a0\u00bb \u00e9pid\u00e9miques depuis janvier 2020 :\u00a0<\/p>\n<p>\u2192 Une premi\u00e8re vague marqu\u00e9e par un\u00a0<strong>pic \u00e9pid\u00e9mique<\/strong>\u00a0au cours de la\u00a0<strong>semaine du 6\u00a0au 12\u00a0avril 2020<\/strong>, soit 15\u00a0jours\u00a0apr\u00e8s la mise en \u0153uvre du premier\u00a0confinement de la population (le 17\u00a0mars 2020).<\/p>\n<p>\u2192 Une deuxi\u00e8me vague marqu\u00e9e par un\u00a0<strong>pic au cours de la semaine du<\/strong>\u00a0<strong>16\u00a0au 20\u00a0novembre 2020,\u00a0<\/strong>trois semaines apr\u00e8s le deuxi\u00e8me confinement (29 octobre 2020).<\/p>\n<p>\u2192 Une troisi\u00e8me vague dont le <strong>pic \u00e9pid\u00e9mique a \u00e9t\u00e9 estim\u00e9 \u00e0 la mi-avril 2021.<\/strong>\u00a0<\/p>\n<div style=\"text-align:center\">\n<figure class=\"image\" style=\"display:inline-block\"><a class=\"fancy\" href=\"https:\/\/img-3.journaldesfemmes.fr\/hfo8SIkoCV8n_ICeI6_3HSfvzsA=\/1080x\/smart\/937b688fd2494f81b52bbf7955197e58\/ccmcms-jdf\/24659658.png\" target=\"_blank\" rel=\"noopener noreferrer\"><img decoding=\"async\" alt=\"courbe-covid-nombre-de-cas-france\" src=\"https:\/\/img-3.journaldesfemmes.fr\/hfo8SIkoCV8n_ICeI6_3HSfvzsA=\/1080x\/smart\/937b688fd2494f81b52bbf7955197e58\/ccmcms-jdf\/24659658.png\"\/><\/a><figcaption data-credit=\"Sant\u00e9 Publique France\" data-legend=\"Nombre incident de cas confirm\u00e9s de COVID-19 par semaine (date de pr\u00e9l\u00e8vement) rapport\u00e9s \u00e0 Sant\u00e9 publique France du 11 mai 2020 au 02 mai 2021, France (donn\u00e9es au 05 mai 2021) \">Nombre incident de cas confirm\u00e9s de COVID-19\u00a0par semaine (date de pr\u00e9l\u00e8vement) rapport\u00e9s \u00e0 Sant\u00e9 publique France du 11\u00a0mai 2020\u00a0au 02\u00a0mai 2021, France (donn\u00e9es au 12\u00a0mai 2021) <small>\u00a9\u00a0Sant\u00e9 Publique France<\/small><\/figcaption><\/figure>\n<\/div>\n<p>Depuis le 19\u00a0mai,\u00a0le couvre-feu est d\u00e9cal\u00e9 \u00e0 21 heures. Il faut donc une attestation (et donc un motif valable) si on souhaite se d\u00e9placer entre 21 heures et 6 heures du matin.\u00a0Le 9 juin, il sera d\u00e9cal\u00e9 \u00e0 23 heures. Le 30 juin, il n&rsquo;y aura normalement plus de couvre-feu.\u00a0<\/p>\n<div style=\"text-align:center\">\n<figure class=\"image\" style=\"display:inline-block\"><a class=\"fancy\" href=\"https:\/\/img-3.journaldesfemmes.fr\/0TqvK6UsZln3l860txvZSRjHD08=\/1080x\/smart\/a709a8a6b4d04d868d754c9935b30387\/ccmcms-jdf\/24351698.jpg\"><img decoding=\"async\" alt=\"couvre-feu france\" src=\"https:\/\/img-3.journaldesfemmes.fr\/XoO2WUbO-APe0W57_JFl-LtrKlA=\/600x\/smart\/a709a8a6b4d04d868d754c9935b30387\/ccmcms-jdf\/24351698.jpg\"\/><\/a><figcaption data-credit=\"Gouvernement.fr\" data-legend=\"Les \u00e9tapes du couvre-feu.\">Les \u00e9tapes du couvre-feu. <small>\u00a9\u00a0Gouvernement.fr<\/small><\/figcaption><\/figure>\n<\/div>\n<p>Une r\u00e9ouverture de la France en 4\u00a0\u00e9tapes\u00a0: Emmanuel Macron a d\u00e9voil\u00e9 son plan de r\u00e9ouverture de la France \u00e0 la presse quotidienne r\u00e9gionale et au Parisien\u00a0le 28 avril. Vendredi 30 avril, le porte-parole du gouvernement, Gabriel Attal a pr\u00e9venu sur BFM-TV que <strong><em>\u00ab\u00a0si dans un d\u00e9partement la situation est d\u00e9grad\u00e9e, il faut pouvoir freiner le passage d&rsquo;une \u00e9tape\u00a0\u00bb.<\/em><\/strong><\/p>\n<table border=\"1\" cellpadding=\"1\" cellspacing=\"1\" style=\"width:100%;\">\n<thead>\n<tr>\n<th scope=\"col\" style=\"width: 102px; text-align: center;\">DATES CLES<\/th>\n<th scope=\"col\" style=\"width: 892px; text-align: center;\">NOUVELLES MESURES<\/th>\n<\/tr>\n<\/thead>\n<tbody>\n<tr>\n<td style=\"width: 102px;\"><a name=\"19-mai-covid-reouverture-france\"><strong>19 mai<\/strong><\/a><\/td>\n<td style=\"width: 892px;\">\n<p><strong>couvre-feu d\u00e9cal\u00e9 \u00e0 21h<\/strong>\u00a0;<\/p>\n<p><strong>terrasses\u00a0<\/strong>: 50% de la capacit\u00e9, tables de 6\u00a0personnes maximum ;<\/p>\n<p><strong>commerces, march\u00e9s couverts<\/strong>\u00a0: 8\u00a0m\u00b2 par client ;<\/p>\n<p><strong>mus\u00e9es\u00a0<\/strong>: 8\u00a0m\u00b2 par visiteur ;<\/p>\n<p><strong>cin\u00e9mas, salles des f\u00eates, chapiteaux<\/strong>\u00a0: 35% de l&rsquo;effectif, jusqu&rsquo;\u00e0 800\u00a0personnes par salle ;<\/p>\n<p><strong>t\u00e9l\u00e9travail\u00a0<\/strong>maintenu ;<\/p>\n<p><strong>rassemblements de plus de 10\u00a0personnes<\/strong>\u00a0interdits dans l&rsquo;espace public, sauf visites guid\u00e9es ;<\/p>\n<p><strong>biblioth\u00e8ques<\/strong>\u00a0: 1\u00a0si\u00e8ge sur deux ;<\/p>\n<p><strong>parcs zoologiques en plein air<\/strong>\u00a0: 50% de l&rsquo;effectif ;<\/p>\n<p><strong>lieux de culte, mariages ou pacs (c\u00e9r\u00e9monies)<\/strong>\u00a0: 1\u00a0emplacement sur 3, en quinconce entre chaque rang\u00e9e ;<\/p>\n<p><strong>c\u00e9r\u00e9monies fun\u00e9raires<\/strong>\u00a0: 50\u00a0personnes ;<\/p>\n<p><strong>enseignement sup\u00e9rieur\u00a0<\/strong>: 50% de l&rsquo;effectif ;<\/p>\n<p><strong>casinos<\/strong>\u00a0: 35% de l&rsquo;effectif ;<\/p>\n<p><strong>danse\u00a0<\/strong>: reprise pour les mineurs ;<\/p>\n<p><strong>activit\u00e9s sportives de plein air<\/strong>\u00a0: 10\u00a0personnes, uniquement sans contact ;<\/p>\n<p><strong>comp\u00e9titions sportives de plein air<\/strong>\u00a0: pour les pratiquants amateurs 50\u00a0personnes, uniquement sans contact ;<\/p>\n<p><strong>\u00e9tablissements sportifs ext\u00e9rieurs (stades) ou couverts (piscines)<\/strong>\u00a0:<\/p>\n<p>pour les spectateurs\u00a0: 35% de l&rsquo;effectif, jusqu&rsquo;\u00e0 1\u00a0000\u00a0personnes (assises, pas debout) ;<\/p>\n<p>pour les pratiquants\u00a0: publics prioritaires comme les scolaires ;<\/p>\n<p><strong>thermalisme\u00a0<\/strong>: 50% de l&rsquo;effectif ;<\/p>\n<p><strong>reprise des<\/strong>\u00a0<strong>festivals de plein air assis<\/strong>\u00a0: jauge de 35% jusqu&rsquo;\u00e0 1\u00a0000\u00a0personnes.<\/p>\n<\/td>\n<\/tr>\n<tr>\n<td style=\"width: 102px;\"><strong>9 juin<\/strong><\/td>\n<td style=\"width: 892px;\">\n<p><strong>couvre-feu \u00e0 23\u00a0heures <\/strong><\/p>\n<p>r\u00e9ouverture avec jauge et protocole des caf\u00e9s et restaurants (6\u00a0personnes par table)<\/p>\n<p>possibilit\u00e9 d&rsquo;accueillir jusqu&rsquo;\u00e0 5000\u00a0personnes dans les lieux de culture et les \u00e9tablissements sportifs (avec pass sanitaire)<\/p>\n<p>Assouplissement du t\u00e9l\u00e9travail<\/p>\n<p>R\u00e9ouverture des salons et foires (jusqu&rsquo;\u00e0 5000\u00a0personnes)<\/p>\n<p><strong>R\u00e9ouverture des salles de sport,<\/strong> \u00e9largissement aux sports de contact en plein air et sans contact en int\u00e9rieur.<\/p>\n<\/td>\n<\/tr>\n<tr>\n<td style=\"width: 102px;\"><strong>30 juin<\/strong><\/td>\n<td style=\"width: 892px;\">\n<p><strong>fin du couvre-feu<\/strong><\/p>\n<p>possibilit\u00e9 de participer aux \u00e9v\u00e8nements de plus de 1000\u00a0personnes en ext\u00e9rieur et en int\u00e9rieur\u00a0(avec pass sanitaire)<\/p>\n<p>fin des limites de jauge selon la situation sanitaire locale.<\/p>\n<\/td>\n<\/tr>\n<\/tbody>\n<\/table>\n<p><strong>\u00c0 partir du mercredi 19 mai,<\/strong> les mesures de restriction de d\u00e9placement en journ\u00e9e sont lev\u00e9es et l&rsquo;attestation de d\u00e9placement<strong> n&rsquo;est plus n\u00e9cessaire entre 6h et 21h.\u00a0<\/strong>L&rsquo;attestation de d\u00e9placement est par contre<strong> obligatoire pour tous les d\u00e9placements entre 21h et 6h <\/strong>sur l&rsquo;ensemble du territoire m\u00e9tropolitain.<\/p>\n<p>&gt; <a href=\"https:\/\/www.interieur.gouv.fr\/Actualites\/L-actu-du-Ministere\/Attestations-de-deplacement\" target=\"_blank\" rel=\"noopener noreferrer\">T\u00e9l\u00e9charger\/Remplir l&rsquo;attestation<\/a>\u00a0<\/p>\n<p><strong>&gt;\u00a0Je peux\u00a0me d\u00e9placer entre 21h00\u00a0et 06h00\u00a0pour l&rsquo;une des raisons suivantes\u00a0:<\/strong><\/p>\n<ul>\n<li><label for=\"checkbox-curfew-travail\"><strong>Activit\u00e9 professionnelle, enseignement et <a href=\"http:\/\/www.affinite.fr\/index.php\/2022\/11\/09\/formation-de-glacier-apprenez-le-metier-de-glacier-et-changez-votre-vie\/\">formation<\/a>, mission d&rsquo;int\u00e9r\u00eat g\u00e9n\u00e9ral<\/strong><\/label><\/li>\n<\/ul>\n<p><label for=\"checkbox-curfew-travail\">&#8211; D\u00e9placements entre le domicile et le lieu de travail ou d&rsquo;enseignement ou de formation.<br \/>&#8211; D\u00e9placements professionnels ne pouvant \u00eatre diff\u00e9r\u00e9s, livraisons.<br \/>&#8211; D\u00e9placements li\u00e9s \u00e0 des missions d&rsquo;int\u00e9r\u00eat g\u00e9n\u00e9ral sur demande de l&rsquo;autorit\u00e9 administrative.<\/label><\/p>\n<ul>\n<li><label for=\"checkbox-curfew-sante\"><strong>Sant\u00e9 (consultation et soins)<\/strong><\/label><\/li>\n<\/ul>\n<p><label for=\"checkbox-curfew-sante\">&#8211; D\u00e9placements pour des consultations, examens, actes de pr\u00e9vention (dont vaccination) et soins ne pouvant \u00eatre assur\u00e9s \u00e0 distance ou pour l&rsquo;achat de produits de sant\u00e9.<\/label><\/p>\n<ul>\n<li><label for=\"checkbox-curfew-famille\"><strong>Motif familial imp\u00e9rieux, assistance aux personnes vuln\u00e9rables, garde d&rsquo;enfants, situation de handicap<\/strong><\/label><\/li>\n<\/ul>\n<p><label for=\"checkbox-curfew-famille\">&#8211; D\u00e9placements pour motif familial imp\u00e9rieux, pour l&rsquo;assistance aux personnes vuln\u00e9rables ou pr\u00e9caires ou pour la garde d&rsquo;enfants.<br \/>&#8211; D\u00e9placements des personnes en situation de handicap et de leur accompagnant.\u202f<\/label><\/p>\n<ul>\n<li><label for=\"checkbox-curfew-convocation_demarches\"><strong>Convocation judiciaire ou administrative, d\u00e9marches ne pouvant \u00eatre men\u00e9es \u00e0 distance<\/strong><\/label><\/li>\n<\/ul>\n<p><label for=\"checkbox-curfew-convocation_demarches\">&#8211; D\u00e9placements pour r\u00e9pondre \u00e0 une convocation judiciaire ou administrative ou pour se rendre chez un professionnel du droit pour un acte ou une d\u00e9marche qui ne peut \u00eatre r\u00e9alis\u00e9 \u00e0 distance.<\/label><\/p>\n<ul>\n<li><label for=\"checkbox-curfew-transit\"><strong>D\u00e9placements li\u00e9s \u00e0 des transferts ou transits depuis des gares ou a\u00e9roports dans le cadre de d\u00e9placements de longue distance<\/strong><\/label><\/li>\n<li><label for=\"checkbox-curfew-animaux\"><strong>Animaux de compagnie<\/strong><\/label><\/li>\n<\/ul>\n<p><label for=\"checkbox-curfew-animaux\">&#8211; D\u00e9placements brefs pour les besoins des animaux de compagnie (dans un rayon de 1\u00a0kilom\u00e8tre autour du domicile).<\/label><\/p>\n<p>La vaccination contre la Covid-19\u00a0se poursuit en France avec les vaccins Pfizer-BioNTech,\u00a0Moderna,\u00a0AstraZeneca et Janssen (chez les m\u00e9decins g\u00e9n\u00e9ralistes,\u00a0au travail et en pharmacie). La prise de<strong> rendez-vous<\/strong> est ouverte<b> <\/b>sur les sites Internet <strong>Doctolib, Maiia et KelDoc<\/strong> et peut aussi se faire en contactant par t\u00e9l\u00e9phone le <strong>centre de vaccination<\/strong> le plus proche de chez soi (liste disponible sur\u00a0<a href=\"https:\/\/www.sante.fr\/centres-vaccination-covid.html\" target=\"_blank\" rel=\"noopener noreferrer\">Sante.fr<\/a>).\u00a0En cas de difficult\u00e9, le num\u00e9ro vert national\u00a0:<strong> 0\u00a0800\u00a0009\u00a0110<\/strong>,\u00a0permet d&rsquo;\u00eatre redirig\u00e9 vers le standard t\u00e9l\u00e9phonique d&rsquo;un centre ou d&rsquo;obtenir un accompagnement \u00e0 la prise de rendez-vous.<\/p>\n<aside id=\"NL_1108322598\" class=\"newsletter_subscription jNlBlock\"><noscript><br \/>\n            <\/noscript><\/p>\n<h3 class=\"newsletter_subscription-title\">Newsletter <\/h3>\n<p><a href=\"\/\/mailing.ccmbg.com\/archive\/last-85\" target=\"_blank\" class=\"a_hover\" rel=\"noopener noreferrer\">Voir un exemple<\/a><\/p>\n<\/aside>\n<p>Toute entr\u00e9e en France et toute sortie \u00e0 destination ou en provenance d&rsquo;un pays ext\u00e9rieur \u00e0 l&rsquo;espace europ\u00e9en (Union europ\u00e9enne, Andorre, Islande, Liechtenstein, Monaco, Norv\u00e8ge, Saint-Marin, Saint-Si\u00e8ge et Suisse) et autre que l&rsquo;Australie, la Cor\u00e9e du Sud, Isra\u00ebl, le Japon, la Nouvelle-Z\u00e9lande, le Royaume-Uni et Singapour, est strictement encadr\u00e9e (test obligatoire&#8230;). Tous les d\u00e9placements depuis l&rsquo;\u00e9tranger vers la France et de France vers l&rsquo;\u00e9tranger restent strictement d\u00e9conseill\u00e9s.<\/p>\n<p><a id=\"coronavirus-france-carte-temps-reel-direct\" name=\"coronavirus-france-carte-temps-reel-direct\" style=\"font-size: 1.125rem; background-color: rgb(255, 255, 255);\" target=\"_blank\" rel=\"noopener noreferrer\">Carte de l&rsquo;\u00e9pid\u00e9mie en temps r\u00e9el<\/a><iframe loading=\"lazy\" height=\"1000\" src=\"https:\/\/mapthenews.maps.arcgis.com\/apps\/opsdashboard\/index.html#\/bae8aaa7a0b14261b4621c31db410c44\" style=\"border: 0px\" width=\"600\"><\/iframe><\/p>\n<section>\n<blockquote>\n<p style=\"text-align: right;\">\u00a0<\/p>\n<\/blockquote>\n<p>Le d\u00e9pistage du Covid-19 est r\u00e9alis\u00e9 en France par <strong>RT-PCT<\/strong> et par tests <strong>antig\u00e9niques<\/strong>. Depuis le 11 f\u00e9vrier, les <strong>tests salivaires<\/strong> sont d\u00e9ploy\u00e9s dans les\u00a0\u00e9tablissements scolaires et peuvent \u00eatre utilis\u00e9s en premi\u00e8re intention pour d\u00e9pister la Covid-19, conform\u00e9ment aux recommandations de la <a href=\"https:\/\/www.has-sante.fr\/jcms\/p_3237053\/fr\/tests-rt-pcr-salivaires-la-has-etend-leur-utilisation-et-definit-les-modalites-pratiques-de-realisation\" target=\"_blank\" rel=\"noopener noreferrer\">HAS<\/a>. Depuis le 12 avril, des <strong>autotests <\/strong>Covid sont aussi disponibles en vente libre dans les pharmacies fran\u00e7aises (non rembours\u00e9) et peuvent \u00eatre utilis\u00e9s dans les \u00e9coles. Le taux de positivit\u00e9 est stable \u00e0 <strong>4,5%<\/strong>.\u00a0<em>\u00ab\u00a0Il reste d\u00e9terminant que chaque personne pr\u00e9sentant des sympt\u00f4mes \u00e9vocateurs de COVID-19\u00a0s&rsquo;isole imm\u00e9diatement et r\u00e9alise un test diagnostique dans les plus brefs d\u00e9lais\u00a0\u00bb<\/em> rappelle Sant\u00e9 Publique France dans ses bulletins hebdomadaires.<\/p>\n<p>Si au d\u00e9but, on ne parlait que de <strong>fi\u00e8vre<\/strong>, toux s\u00e8che, rhume, \u00e9tat grippal et de fatigue, les sympt\u00f4mes de l&rsquo;infection par le coronavirus ont \u00e9volu\u00e9. On sait d\u00e9sormais que le virus peut avoir des <strong>effets sur la peau<\/strong> (urticaire, l\u00e9sions inflammatoires sur les orteils), la sph\u00e8re digestive (vomissements, diarrh\u00e9es&#8230;), <strong>l&rsquo;odorat<\/strong>, le <strong>go\u00fbt <\/strong>et m\u00eame le cerveau.<em> <\/em><\/p>\n<p>\u2192<strong> Chaque personne pr\u00e9sentant des sympt\u00f4mes \u00e9vocateurs de COVID-19 doit s&rsquo;isoler imm\u00e9diatement et r\u00e9aliser un test diagnostique<\/strong> dans les plus brefs d\u00e9lais (sans avoir d&rsquo;ordonnance).<\/p>\n<p>\u2192<strong> <\/strong><strong>Appeler le\u00a015\u00a0en cas de\u00a0difficult\u00e9s respiratoires\u00a0: \u00ab\u00a0<\/strong><em>Si la toux et la\u00a0fi\u00e8vre s&rsquo;accompagnent d&rsquo;une g\u00eane respiratoire qui devient permanente avec souffle court, difficult\u00e9 \u00e0 inspirer et \u00e0 expirer, d&rsquo;une aggravation importante de la toux, cela peut signifier une \u00e9volution de la maladie sous la forme d&rsquo;une pneumopathie. Il s&rsquo;agit alors d&rsquo;une urgence respiratoire potentielle et comme dans tous les cas d&rsquo;urgence, il faut alors appeler le 15\u00a0qui prendra les meilleures dispositions pour r\u00e9pondre \u00e0 la situation\u00a0\u00bb, <\/em>pr\u00e9vient le Dr\u00a0Patrick Aub\u00e9, m\u00e9decin g\u00e9n\u00e9raliste. \u00a0<\/p>\n<div class=\"ccminsert\">\n<aside class=\"app_widget_fo app_widget_fo--list app_widget_fo--list-2-col\">\n<ul>\n<li>\n<h3>\n                    <a href=\"https:\/\/sante.journaldesfemmes.fr\/fiches-maladies\/2696267-covid-long-c-est-quoi-symptomes-contagieux-fatigue-prise-en-charge-france-traitement-pourcentage\/\" class=\"jGTMWidgetGAEventClick\" data-gtmwidgetgaeventaction=\"clickWidgetListOnTwoColumns\" data-gtmwidgetgaeventlabel=\"Covid long\u00a0: sympt\u00f4mes, traitement, c'est quoi\u00a0?\"><br \/>\n                        Covid long\u00a0: sympt\u00f4mes, traitement, c&rsquo;est quoi\u00a0?<br \/>\n                    <\/a><br \/>\n                <\/h3>\n<\/li>\n<li>\n<h3>\n                    <a href=\"https:\/\/sante.journaldesfemmes.fr\/fiches-maladies\/2665621-angine-ou-covid-19-symptomes-signes-fievre-mal-gorge-test-difference-contagion\/\" class=\"jGTMWidgetGAEventClick\" data-gtmwidgetgaeventaction=\"clickWidgetListOnTwoColumns\" data-gtmwidgetgaeventlabel=\"Angine ou Covid-19\u00a0: sympt\u00f4mes, diff\u00e9rences, test, contagion\"><br \/>\n                        Angine ou Covid-19\u00a0: sympt\u00f4mes, diff\u00e9rences, test, contagion<br \/>\n                    <\/a><br \/>\n                <\/h3>\n<\/li>\n<li>\n<h3>\n                    <a href=\"https:\/\/sante.journaldesfemmes.fr\/fiches-maladies\/2701631-probleme-maladie-foie-covid-atteinte-cancer-complication-sequelles-symptomes-risque-vaccination\/\" class=\"jGTMWidgetGAEventClick\" data-gtmwidgetgaeventaction=\"clickWidgetListOnTwoColumns\" data-gtmwidgetgaeventlabel=\"Probl\u00e8me au foie et Covid\u00a0: risques, s\u00e9quelles, vaccination\"><br \/>\n                        Probl\u00e8me au foie et Covid\u00a0: risques, s\u00e9quelles, vaccination<br \/>\n                    <\/a><br \/>\n                <\/h3>\n<\/li>\n<li>\n<h3>\n                    <a href=\"https:\/\/sante.journaldesfemmes.fr\/fiches-maladies\/2701633-fievre-covid-duree-obligatoire-que-faire-que-prendre-combien-temperature\/\" class=\"jGTMWidgetGAEventClick\" data-gtmwidgetgaeventaction=\"clickWidgetListOnTwoColumns\" data-gtmwidgetgaeventlabel=\"Fi\u00e8vre et Covid\u00a0: dur\u00e9e, temp\u00e9rature, est-ce obligatoire\u00a0?\"><br \/>\n                        Fi\u00e8vre et Covid\u00a0: dur\u00e9e, temp\u00e9rature, est-ce obligatoire\u00a0?<br \/>\n                    <\/a><br \/>\n                <\/h3>\n<\/li>\n<li>\n<h3>\n                    <a href=\"https:\/\/sante.journaldesfemmes.fr\/fiches-maladies\/2661241-rhume-ou-covid-19-symptomes-tableau-differences-ecole-que-faire-comment-savoir-travail\/\" class=\"jGTMWidgetGAEventClick\" data-gtmwidgetgaeventaction=\"clickWidgetListOnTwoColumns\" data-gtmwidgetgaeventlabel=\"Rhume ou Covid-19\u00a0: sympt\u00f4mes, tableau, \u00e9cole, que faire\u00a0?\"><br \/>\n                        Rhume ou Covid-19\u00a0: sympt\u00f4mes, tableau, \u00e9cole, que faire\u00a0?<br \/>\n                    <\/a><br \/>\n                <\/h3>\n<\/li>\n<li>\n<h3>\n                    <a href=\"https:\/\/sante.journaldesfemmes.fr\/fiches-maladies\/2626825-covid-ou-allergie-pollen-coronavirus-asthme-symptomes-toux-yeux-traitement\/\" class=\"jGTMWidgetGAEventClick\" data-gtmwidgetgaeventaction=\"clickWidgetListOnTwoColumns\" data-gtmwidgetgaeventlabel=\"Covid ou allergie au pollen\u00a0: sympt\u00f4mes, diff\u00e9rences, traitements\"><br \/>\n                        Covid ou allergie au pollen\u00a0: sympt\u00f4mes, diff\u00e9rences, traitements<br \/>\n                    <\/a><br \/>\n                <\/h3>\n<\/li>\n<li>\n<h3>\n                    <a href=\"https:\/\/sante.journaldesfemmes.fr\/fiches-maladies\/2676955-covid-19-ou-gastro-enterite-difference-symptomes-fievre-diarrhee-que-faire-complications\/\" class=\"jGTMWidgetGAEventClick\" data-gtmwidgetgaeventaction=\"clickWidgetListOnTwoColumns\" data-gtmwidgetgaeventlabel=\"Covid\u00a0ou gastro-ent\u00e9rite\u00a0: sympt\u00f4mes, quelles diff\u00e9rences\u00a0?\"><br \/>\n                        Covid\u00a0ou gastro-ent\u00e9rite\u00a0: sympt\u00f4mes, quelles diff\u00e9rences\u00a0?<br \/>\n                    <\/a><br \/>\n                <\/h3>\n<\/li>\n<li>\n<h3>\n                    <a href=\"https:\/\/sante.journaldesfemmes.fr\/fiches-sante-du-quotidien\/2627543-perte-gout-agueusie-covid-19-def-duree-cause-partielle-traitement-soigner\/\" class=\"jGTMWidgetGAEventClick\" data-gtmwidgetgaeventaction=\"clickWidgetListOnTwoColumns\" data-gtmwidgetgaeventlabel=\"Perte du go\u00fbt (agueusie)\u00a0: dur\u00e9e, Covid, comment soigner\u00a0?\"><br \/>\n                        Perte du go\u00fbt (agueusie)\u00a0: dur\u00e9e, Covid, comment soigner\u00a0?<br \/>\n                    <\/a><br \/>\n                <\/h3>\n<\/li>\n<li>\n<h3>\n                    <a href=\"https:\/\/sante.journaldesfemmes.fr\/fiches-maladies\/2683439-symptomes-covid-19-coronavirus-boutons-visage-corps-dermatologiques-peau-bras-pieds-engelure\/\" class=\"jGTMWidgetGAEventClick\" data-gtmwidgetgaeventaction=\"clickWidgetListOnTwoColumns\" data-gtmwidgetgaeventlabel=\"Sympt\u00f4mes Covid sur la peau\u00a0: engelures, boutons, quand consulter\u00a0?\"><br \/>\n                        Sympt\u00f4mes Covid sur la peau\u00a0: engelures, boutons, quand consulter\u00a0?<br \/>\n                    <\/a><br \/>\n                <\/h3>\n<\/li>\n<li>\n<h3>\n                    <a href=\"https:\/\/sante.journaldesfemmes.fr\/fiches-maladies\/2630069-coronavirus-covid-19-cerveau-symptomes-sequelles-odorat-effet-lesion-attaque\/\" class=\"jGTMWidgetGAEventClick\" data-gtmwidgetgaeventaction=\"clickWidgetListOnTwoColumns\" data-gtmwidgetgaeventlabel=\"Coronavirus\u00a0et cerveau\u00a0: effets, quels sympt\u00f4mes\u00a0?\"><br \/>\n                        Coronavirus\u00a0et cerveau\u00a0: effets, quels sympt\u00f4mes\u00a0?<br \/>\n                    <\/a><br \/>\n                <\/h3>\n<\/li>\n<\/ul>\n<\/aside>\n<\/div>\n<table border=\"1\" cellpadding=\"1\" cellspacing=\"1\" style=\"width:100%;\">\n<thead>\n<tr>\n<th scope=\"col\" style=\"text-align: center;\"><a id=\"date-cle-epidemie-covid-france-confinement\" name=\"date-cle-epidemie-covid-france-confinement\"><strong>DATES CL\u00c9S DE L&rsquo;\u00c9PID\u00c9MIE EN FRANCE<\/strong><\/a><\/th>\n<\/tr>\n<\/thead>\n<tbody>\n<tr>\n<td>\n<p><u><strong>2019<\/strong><\/u><\/p>\n<ul>\n<li><strong>31\u00a0d\u00e9cembre 2019,<\/strong> l&rsquo;Organisation mondiale de la Sant\u00e9 en Chine est inform\u00e9e de plusieurs cas de pneumonies dans la ville de Wuhan. 44\u00a0personnes sont infect\u00e9es entre cette date et le 3\u00a0janvier 2020.<\/li>\n<\/ul>\n<p><u><strong>2020<\/strong><\/u><\/p>\n<ul>\n<li><strong>7\u00a0janvier 2020, <\/strong>les autorit\u00e9s chinoises identifient un \u00ab\u00a0nouveau type de coronavirus\u00a0\u00bb.<\/li>\n<li><strong>13\u00a0janvier, <\/strong>un cas import\u00e9 est recens\u00e9 en Tha\u00eflande.<\/li>\n<li><strong>15\u00a0janvier<\/strong>, le virus cause\u00a0la mort d&rsquo;<strong>une premi\u00e8re\u00a0personne \u00e0 Wuhan<\/strong>, un homme de 69\u00a0ans.\u00a0<\/li>\n<li><strong>23\u00a0janvier,<\/strong> trois villes chinoises dont Wuhan sont plac\u00e9es en quarantaine.<\/li>\n<li><strong>25\u00a0janvier, trois personnes\u00a0contamin\u00e9es sont recens\u00e9es en France<\/strong>, deux \u00e0 Paris et une Bordeaux. Ce sont les premiers cas enregistr\u00e9s sur le continent europ\u00e9en.<\/li>\n<li><strong>30\u00a0janvier, <\/strong>l&rsquo;Organisation mondiale de la Sant\u00e9 <strong>d\u00e9cr\u00e8te\u00a0l&rsquo;<a href=\"https:\/\/sante.journaldesfemmes.fr\/fiches-maladies\/2608035-urgence-de-sante-publique-de-portee-internationale-definition-oms-coronavirus\/\" target=\"_blank\" rel=\"noopener noreferrer\">urgence de sant\u00e9 mondiale<\/a><\/strong>.\u00a0Cette mesure n&rsquo;avait \u00e9t\u00e9 d\u00e9cr\u00e9t\u00e9e que 5\u00a0fois depuis sa cr\u00e9ation (pour Ebola (deux fois), la grippe H1N1, Zika et la poliomy\u00e9lite).\u00a0<\/li>\n<li><strong>23\u00a0f\u00e9vrier, <\/strong>la France d\u00e9clenche le <a href=\"https:\/\/sante.journaldesfemmes.fr\/fiches-maladies\/2622449-plan-orsan-reb-definition-signification-qui-declenche-coronavirus-definition-duree\/\" target=\"_blank\" rel=\"noopener noreferrer\">plan ORSAN<\/a>, un dispositif exceptionnel d&rsquo;organisation des soins.<\/li>\n<li><strong>28\u00a0f\u00e9vrier,<\/strong> la France passe en stade 2\u00a0de l&rsquo;\u00e9pid\u00e9mie.<\/li>\n<li><strong>11\u00a0mars, <\/strong>l&rsquo;OMS classifie de <strong>pand\u00e9mie <\/strong>la diffusion de la maladie \u00e0 coronavirus Covid-19\u00a0dans le monde.<\/li>\n<li><strong>12\u00a0mars<\/strong>, le pr\u00e9sident de la R\u00e9publique Emmanuel Macron annonce la fermeture nationale des cr\u00e8ches et \u00e9tablissements scolaires de France \u00e0 compter du 16\u00a0mars et \u00ab\u00a0jusqu&rsquo;\u00e0 nouvel ordre\u00a0\u00bb.<\/li>\n<li><strong>14\u00a0mars<\/strong>, la France passe au <a href=\"https:\/\/sante.journaldesfemmes.fr\/fiches-maladies\/2625289-coronavirus-covid-19-stade-1-2-3-4-duree-mesure-france-signification-quand\/\" target=\"_blank\" rel=\"noopener noreferrer\"><strong>stade 3 <\/strong><\/a>de l&rsquo;\u00e9pid\u00e9mie.<\/li>\n<li><strong>16\u00a0mars\u00a0:\u00a0la France met en place un premier\u00a0confinement interdisant les d\u00e9placements.<\/strong><\/li>\n<li><strong>26\u00a0mars<\/strong>, un premier cas jeune meurt en France, une adolescente de 16\u00a0ans, en Ile-de-France originaire de Morsang-sur-Orge.<\/li>\n<li><strong>27\u00a0mars,<\/strong> le confinement de la population fran\u00e7aise est renouvel\u00e9 jusqu&rsquo;au 15\u00a0avril.<\/li>\n<li><strong>13\u00a0avril,<\/strong> Emmanuel Macron annonce le prolongement du confinement jusqu&rsquo;au 11\u00a0mai.<\/li>\n<li><strong>11\u00a0mai, la France commence son d\u00e9confinement.<\/strong><\/li>\n<li><strong>20\u00a0juillet,<\/strong>\u00a0le <strong>port du masque est rendu obligatoire <\/strong>dans les lieux publics clos en France.<\/li>\n<li><strong>17 octobre,<\/strong>\u00a0un <strong>couvre-feu <\/strong>est instaur\u00e9 dans 9 territoires fran\u00e7ais (Paris-Ile-de-France, Rouen, Grenoble, Lille, Lyon, Aix-Marseille, Montpellier, Saint-Etienne, Toulouse).<\/li>\n<li><strong>29 octobre<\/strong>\u00a0:<strong> un deuxi\u00e8me confinement est instaur\u00e9 en France.<\/strong><\/li>\n<li><strong>28 novembre : <\/strong>r\u00e9ouverture des commerces non essentiels un mois avant les f\u00eates de fin d&rsquo;ann\u00e9e.<\/li>\n<li><strong>15 d\u00e9cembre : d\u00e9confinement <\/strong>avec\u00a0couvre-feu de 20 heures \u00e0 6 heures du matin.<\/li>\n<li><strong>24 d\u00e9cembre<\/strong> <strong>: autorisation du vaccin Pfizer-BioNTech en France.<\/strong><\/li>\n<li><strong>27 d\u00e9cembre :<\/strong> d\u00e9but de la vaccination en France avec le vaccin Pfizer BioNTech.<\/li>\n<\/ul>\n<p><u><strong>2021<\/strong><\/u><\/p>\n<ul>\n<li><strong>8 janvier 2021<\/strong> <strong>:\u00a0autorisation du vaccin Moderna en France.<\/strong><\/li>\n<li><strong>31 janvier\u00a0<\/strong>: fermeture des fronti\u00e8res de la France\u00a0aux pays ext\u00e9rieurs \u00e0 l&rsquo;Union europ\u00e9enne<\/li>\n<li><strong>2 f\u00e9vrier<\/strong>\u00a0<strong>:\u00a0autorisation du vaccin AstraZeneca en France<\/strong>.<\/li>\n<li><strong>11 f\u00e9vrier : <\/strong>d\u00e9ploiement des tests salivaires dans les \u00e9tablissements scolaires.<\/li>\n<li><strong>12 mars :\u00a0autorisation du\u00a0vaccin\u00a0Johnson&amp;Johnson.<\/strong><\/li>\n<li><strong>16 mars <\/strong>: autorisation des autotests en France.<\/li>\n<li><strong>19 mars :<\/strong> confinement de 16 d\u00e9partements pour une dur\u00e9e de 4 semaines. Le couvre-feu repasse \u00e0 19 heures dans toute la France au lieu de 18 heures.<\/li>\n<li><strong>25 mars<\/strong> :\u00a0confinement de 3 nouveaux d\u00e9partements pour une dur\u00e9e de 4\u00a0semaines.<\/li>\n<li><strong>3 avril\u00a0: la France met en place son troisi\u00e8me confinement,<\/strong>\u00a0les \u00e9coles ferment pour trois semaines, les d\u00e9placements sont limit\u00e9s \u00e0 10 km.<\/li>\n<li><strong>12 avril :<\/strong> ouverture de la vaccination\u00a0\u00e0 tous les Fran\u00e7ais \u00e2g\u00e9s de\u00a055\u00a0ans ou plus.<\/li>\n<li><strong>3 mai : premi\u00e8re \u00e9tape du d\u00e9confinement <\/strong>avec la<strong>\u00a0<\/strong>fin de l&rsquo;attestation de d\u00e9placement et de la limitation des d\u00e9placements \u00e0 10 km. Le couvre-feu est en vigueur de 19h \u00e0 6h.<\/li>\n<li><strong>10 mai <\/strong>: ouverture de la vaccination aux plus de 50 ans.<\/li>\n<li><strong>19 mai :<\/strong>\u00a0deuxi\u00e8me \u00e9tape du d\u00e9confinement avec la r\u00e9ouverture des lieux essentiels ferm\u00e9s (terrasses des bars et restaurants, mus\u00e9es, cin\u00e9mas, th\u00e9\u00e2tres, commerces&#8230;) et couvre-feu de 21 h \u00e0 6 h.\u00a0<\/li>\n<\/ul>\n<\/td>\n<\/tr>\n<\/tbody>\n<\/table>\n<p><em>Cet article est mis \u00e0 jour quotidiennement par <a href=\"https:\/\/www.journaldesfemmes.fr\/account\/ablaize-11409696\" target=\"_blank\" rel=\"noopener noreferrer\">Aur\u00e9lie Blaize<\/a>, <a href=\"https:\/\/www.journaldesfemmes.fr\/account\/anaisthiebaux-10573564\" target=\"_blank\" rel=\"noopener noreferrer\">Ana\u00efs Thi\u00e9baux<\/a> et <a href=\"https:\/\/www.journaldesfemmes.fr\/account\/samanthapages-11598093\" target=\"_blank\" rel=\"noopener noreferrer\">Samantha Pag\u00e8s<\/a>.\u00a0<\/em><\/p>\n<\/section>\n<\/div>\n<p><script async src=\"http:\/\/platform.twitter.com\/widgets.js\" charset=\"utf-8\"><\/script><br \/>\n<br \/>[ad_2]<br \/>\n<br \/><a href=\"https:\/\/sante.journaldesfemmes.fr\/fiches-maladies\/2605417-covid-19-france-chiffres-nombre-cas-mort-direct-bilan-du-jour-reanimation-vaccin\/\">Source link <\/a><\/p>\n","protected":false},"excerpt":{"rendered":"<p>[ad_1] CORONAVIRUS DIRECT &#8211; La pression hospitali\u00e8re baisse pas \u00e0 pas. Le nombre de contaminations a \u00e9t\u00e9 sur\u00e9valu\u00e9 ces derni\u00e8res &hellip; <a href=\"http:\/\/www.affinite.fr\/index.php\/2021\/05\/20\/nombre-de-cas-reevalue-a-la-baisse-chiffres\/\" class=\"more-link\">Plus <span class=\"screen-reader-text\">nombre de cas r\u00e9\u00e9valu\u00e9 \u00e0 la baisse, chiffres<\/span> <span class=\"meta-nav\">&rarr;<\/span><\/a><\/p>\n","protected":false},"author":1,"featured_media":6421,"comment_status":"open","ping_status":"open","sticky":false,"template":"","format":"standard","meta":{"_sitemap_exclude":false,"_sitemap_priority":"","_sitemap_frequency":"","footnotes":""},"categories":[1],"tags":[],"class_list":["post-6420","post","type-post","status-publish","format-standard","has-post-thumbnail","hentry","category-tous"],"_links":{"self":[{"href":"http:\/\/www.affinite.fr\/index.php\/wp-json\/wp\/v2\/posts\/6420"}],"collection":[{"href":"http:\/\/www.affinite.fr\/index.php\/wp-json\/wp\/v2\/posts"}],"about":[{"href":"http:\/\/www.affinite.fr\/index.php\/wp-json\/wp\/v2\/types\/post"}],"author":[{"embeddable":true,"href":"http:\/\/www.affinite.fr\/index.php\/wp-json\/wp\/v2\/users\/1"}],"replies":[{"embeddable":true,"href":"http:\/\/www.affinite.fr\/index.php\/wp-json\/wp\/v2\/comments?post=6420"}],"version-history":[{"count":0,"href":"http:\/\/www.affinite.fr\/index.php\/wp-json\/wp\/v2\/posts\/6420\/revisions"}],"wp:featuredmedia":[{"embeddable":true,"href":"http:\/\/www.affinite.fr\/index.php\/wp-json\/wp\/v2\/media\/6421"}],"wp:attachment":[{"href":"http:\/\/www.affinite.fr\/index.php\/wp-json\/wp\/v2\/media?parent=6420"}],"wp:term":[{"taxonomy":"category","embeddable":true,"href":"http:\/\/www.affinite.fr\/index.php\/wp-json\/wp\/v2\/categories?post=6420"},{"taxonomy":"post_tag","embeddable":true,"href":"http:\/\/www.affinite.fr\/index.php\/wp-json\/wp\/v2\/tags?post=6420"}],"curies":[{"name":"wp","href":"https:\/\/api.w.org\/{rel}","templated":true}]}}