{"id":6394,"date":"2021-05-16T21:14:29","date_gmt":"2021-05-16T21:14:29","guid":{"rendered":"https:\/\/www.affinite.fr\/index.php\/2021\/05\/16\/covid-monde-levolution-de-lepidemie\/"},"modified":"2021-05-16T21:14:29","modified_gmt":"2021-05-16T21:14:29","slug":"covid-monde-levolution-de-lepidemie","status":"publish","type":"post","link":"http:\/\/www.affinite.fr\/index.php\/2021\/05\/16\/covid-monde-levolution-de-lepidemie\/","title":{"rendered":"Covid Monde\u00a0: l&rsquo;\u00e9volution de l&rsquo;\u00e9pid\u00e9mie"},"content":{"rendered":"<p> [ad_1]<br \/>\n<\/p>\n<p>\n                CORONAVIRUS MONDE &#8211; Le Royaume-Uni va\u00a0ouvrir\u00a0la vaccination aux plus de 35\u00a0ans d\u00e8s la semaine prochaine. Au Br\u00e9sil cependant, la vaccination n&rsquo;avance pas suffisamment vite pour la circulation du virus s&rsquo;infl\u00e9chisse v\u00e9ritablement.\u00a0Chiffres vaccination des pays, restrictions, d\u00e9confinement, nombre de d\u00e9c\u00e8s, classement&#8230;  Infos en direct et chiffres du jour.            <\/p>\n<div>\n<aside class=\"ccmsummary marqueur_module ccmcss_cms_summary ccmcss_cms_summary--right\">\n<p>au Sommaire<\/p>\n<\/aside>\n<p><b>[Mise \u00e0 jour du dimanche 16 mai\u00a0<\/b><b>2021\u00a0\u00e0 21h29]<\/b>\u00a0L<strong>e Royaume-Uni va\u00a0ouvrir\u00a0la vaccination aux plus de 35\u00a0ans d\u00e8s la semaine prochaine, a annonc\u00e9<\/strong>\u00a0le ministre britannique de la Sant\u00e9 britannique Matt Hancock sur l&rsquo;antenne de la <a href=\"https:\/\/www.bbc.co.uk\/news\/live\/uk-57133372\" target=\"_blank\" rel=\"noopener noreferrer\">BBC<\/a>.\u00a0Quant \u00e0 l&rsquo;Inde, elle a franchi la barre des 270\u00a0000\u00a0d\u00e9c\u00e8s (270\u00a0284) li\u00e9s au\u00a0Covid-19\u00a0selon les <a href=\"https:\/\/www.mohfw.gov.in\/\" target=\"_blank\" rel=\"noopener noreferrer\">donn\u00e9es<\/a> du minist\u00e8re de la Sant\u00e9 Indien. Apr\u00e8s le Royaume-Uni, le Portugal va autoriser\u00a0l&rsquo;entr\u00e9e sur son territoire de touristes en provenance de la plupart des pays europ\u00e9ens. Selon l&rsquo;universit\u00e9 Johns Hopkins,\u00a0<strong>162\u00a0673\u00a0113\u00a0contaminations\u00a0et\u00a03\u00a0372\u00a0347\u00a0morts<\/strong> ont \u00e9t\u00e9 enregistr\u00e9s au 16\u00a0mai.\u00a0<span style=\"font-size: 1rem;\">Chiffres, tableau, courbes d&rsquo;\u00e9volution de l&rsquo;\u00e9pid\u00e9mie, de la vaccination et point de situation en direct.\u00a0<\/span><\/p>\n<ul>\n<li><strong>Le Royaume-Uni ouvre la vaccination aux plus de 35\u00a0ans.<\/strong>\u00a0\u00ab\u00a0<em>La semaine prochaine, nous allons ouvrir la vaccination aux plus de 35\u00a0ans dans tout le pays<\/em>\u00ab\u00a0, a indiqu\u00e9 le ministre britannique de la Sant\u00e9 britannique Matt Hancock sur l&rsquo;antenne de la <a href=\"https:\/\/www.bbc.co.uk\/news\/live\/uk-57133372\" target=\"_blank\" rel=\"noopener noreferrer\">BBC<\/a>.<\/li>\n<li><strong>Plus de 270\u00a0000\u00a0d\u00e9c\u00e8s en Inde.<\/strong> Le pays\u00a0a franchi la barre des 270\u00a0000\u00a0d\u00e9c\u00e8s (270\u00a0284) li\u00e9s au\u00a0Covid-19 selon les <a href=\"https:\/\/www.mohfw.gov.in\/\" target=\"_blank\" rel=\"noopener noreferrer\">donn\u00e9es<\/a> du minist\u00e8re de la Sant\u00e9 Indien. 4077\u00a0personnes sont d\u00e9c\u00e9d\u00e9es au cours des derni\u00e8res 24\u00a0heures.<\/li>\n<li><strong>Le Portugal ouvre ses portes au touristes\u00a0europ\u00e9ens d\u00e8s lundi.\u00a0<\/strong>Apr\u00e8s le Royaume-Uni, le Portugal va autoriser\u00a0l&rsquo;entr\u00e9e sur son territoire de touristes en provenance de la plupart des pays europ\u00e9ens. Ainsi, les personnes en provenance des pays de l&rsquo;Union europ\u00e9enne ayant une incidence du coronavirus \u00ab\u00a0<em>inf\u00e9rieure \u00e0 500\u00a0cas pour 100.000\u00a0habitants<\/em>\u00a0\u00bb pourront effectuer \u00ab\u00a0<em>tous types de voyage vers le Portugal, y compris les voyages non essentiels<\/em>\u00ab\u00a0, a pr\u00e9cis\u00e9 le gouvernement dans un communiqu\u00e9. Toutefois, les passagers de plus de deux ans doivent toutefois pr\u00e9senter\u00a0un test PCR n\u00e9gatif de moins de 72\u00a0heures avant d&#8217;embarquer.<\/li>\n<li><strong>L&rsquo;Argentine franchit les 70\u00a0000\u00a0morts.<\/strong> Selon les autorit\u00e9s de sant\u00e9 argentines, 400\u00a0personnes sont d\u00e9c\u00e9d\u00e9es au cours des derni\u00e8res 24\u00a0heures, portant le bilan global \u00e0 70.253 morts. \u00a0\u00a0\u00a0<\/li>\n<li><strong>Des milliers de f\u00eatards \u00e0 Barcelone. <\/strong>Le premier week-end suivant la lev\u00e9e des restrictions en Espagne a \u00e9t\u00e9 marqu\u00e9\u00a0par une intervention de la police \u00e0 Barcelone.\u00a0Les forces de l&rsquo;ordres sont en effet intervenues pour disperser les milliers de personnes venues boire un verre dans le centre de la capitale de Catalogne, comme le montrent <a href=\"https:\/\/www.youtube.com\/watch?v=rzYpU0BHtOQ\" target=\"_blank\" rel=\"noopener noreferrer\">des vid\u00e9os<\/a> publi\u00e9es en ligne. \u00ab\u00a0<em>Sur la promenade Lluis Companys, il y avait environ 1.000\u00a0personnes qui ont \u00e9t\u00e9 expuls\u00e9es avec l&rsquo;aide de la police r\u00e9gionale. \u00c0 la plage, nous avons \u00e9vacu\u00e9 environ 2.000\u00a0\u00e0 2.500\u00a0personnes, dont certains ne respectaient pas les restrictions de distance ou les r\u00e8gles sanitaires<\/em>\u00ab\u00a0, a indiqu\u00e9 le major Ricardo Salas, de la garde de la ville de Barcelone \u00e0 l&rsquo;agence\u00a0Reuters.<\/li>\n<li><strong>La vaccination au ralenti au Br\u00e9sil.<\/strong> Quelque 35\u00a0millions de Br\u00e9siliens ont re\u00e7u au moins une dose de vaccin anti-covid. Cela repr\u00e9sente\u00a016\u00a0% de la population de ce pays o\u00f9 pr\u00e8s de 435\u00a0000\u00a0d\u00e9c\u00e8s li\u00e9s au\u00a0Covid-19\u00a0ont \u00e9t\u00e9 comptabilis\u00e9s. Un ratio insuffisant pour le moment pour v\u00e9ritablement infl\u00e9chir les contaminations.<\/li>\n<li><strong>Des fake news\u00a0sur la vaccination aux Etats-Unis.\u00a0<\/strong>De fausses informations selon lesquelles la vaccination contre le Covid-19\u00a0pourrait\u00a0rendre st\u00e9rile circulent outre-Atlantique. Elles se r\u00e9pandent notamment sur les r\u00e9seaux sociaux comme Facebook et\u00a0dissuadent certains Am\u00e9ricains de recevoir leur injection. Selon le m\u00e9dia <a data-original-fontsize=\"20px\" data-original-lineheight=\"30px\" href=\"https:\/\/www.vice.com\/en\/article\/88nnwg\/anti-maskers-ready-to-start-maskingto-protect-themselves-from-the-vaccinated\" target=\"_blank\" rel=\"noopener noreferrer\">Vice<\/a>, des anti-vaccins recommandent m\u00eame aux Am\u00e9ricains de continuer \u00e0 porter le masque &#8211; malgr\u00e9 la lev\u00e9e de cette obligation aux Etats-Unis-\u00a0pour se prot\u00e9ger des personnes vaccin\u00e9es et ne pas\u00a0souffrir d&rsquo;infertilit\u00e9 notamment.\u00a0<\/li>\n<\/ul>\n<p><a id=\"coronavirus-monde-nombre-de-cas-chiffres-covid-19\" name=\"coronavirus-monde-nombre-de-cas-chiffres-covid-19\" style=\"font-size: 1.125rem; background-color: rgb(255, 255, 255);\" target=\"_blank\" rel=\"noopener noreferrer\">Combien de cas de Covid-19\u00a0dans le monde\u00a0?\u00a0<\/a><span style=\"font-size: 1rem;\">\u00a0 \u00a0<\/span><\/p>\n<p>Le<span style=\"font-size: 1rem;\">\u00a0nombre de cas de coronavirus \u00e9tait stable dans le monde entre la semaine 16 et la semaine 17 (26 avril au 2<\/span>\u00a0mai).\u00a0<span style=\"font-size: 1rem;\">Au 16\u00a0mai\u00a02021, <\/span><strong style=\"font-size: 1rem;\">plus\u00a0de 162<\/strong>\u00a0<strong style=\"font-size: 1rem;\">millions\u00a0de personnes <\/strong><span style=\"font-size: 1rem;\">ont \u00e9t\u00e9 test\u00e9es positives au virus selon les comptages de l&rsquo;<\/span><a href=\"https:\/\/gisanddata.maps.arcgis.com\/apps\/opsdashboard\/index.html#\/bda7594740fd40299423467b48e9ecf6\" style=\"font-size: 1rem; background-color: rgb(255, 255, 255);\" target=\"_blank\" rel=\"noopener noreferrer\">Universit\u00e9 Johns Hopkins<\/a><strong style=\"font-size: 1rem;\">\u00a0<\/strong><strong style=\"font-size: 1rem;\">(<\/strong><strong>162\u00a0673\u00a0113)<\/strong><strong style=\"font-size: 1rem;\">.<\/strong><span style=\"font-size: 1rem;\">\u00a0Selon les chiffres du\u00a0<\/span><a href=\"https:\/\/www.ecdc.europa.eu\/en\/geographical-distribution-2019-ncov-cases\" style=\"font-size: 1rem; background-color: rgb(255, 255, 255);\" target=\"_blank\" rel=\"noopener noreferrer\">Centre europ\u00e9en de pr\u00e9vention et de contr\u00f4le des maladies<\/a><span style=\"font-size: 1rem;\">,\u00a0<\/span><strong style=\"font-size: 1rem;\">153\u00a0220\u00a0576\u00a0<\/strong><span style=\"font-size: 1rem;\">cas ont \u00e9t\u00e9 confirm\u00e9s entre le 31 d\u00e9cembre 2019\u00a0et le 2 mai 2021.\u00a0Ces chiffres varient\u00a0selon les d\u00e9finitions de cas appliqu\u00e9es dans chaque pays et leurs strat\u00e9gies de d\u00e9pistage.\u00a0\u00a0<\/span><\/p>\n<h3 style=\"text-align: center;\"><a id=\"tableau-classement-covid-cas-pays-plus-touches-monde-pourcentage\" name=\"tableau-classement-covid-cas-pays-plus-touches-monde-pourcentage\">Tableau des\u00a010\u00a0pays recensant le plus grand nombre de cas de Covid-19\u00a0dans le monde au 16\u00a0mai\u00a02021<\/a>\u00a0(Sources\u00a0: Universit\u00e9 Johns Hopkins)<\/h3>\n<table border=\"1\" cellpadding=\"1\" cellspacing=\"1\">\n<thead>\n<tr>\n<th scope=\"col\" style=\"width: 181px;\">\n<p>Pays<\/p>\n<\/th>\n<th scope=\"col\" style=\"width: 273px;\">\n<p>Nombre de cas confirm\u00e9s<\/p>\n<\/th>\n<th scope=\"col\" style=\"width: 254px;\">\n<p>Nombre total d&rsquo;habitants (en millions)<\/p>\n<\/th>\n<th scope=\"col\" style=\"width: 290px;\">\n<p>Pourcentage de la population infect\u00e9e<\/p>\n<\/th>\n<\/tr>\n<tr>\n<td style=\"width: 181px;\">\n<p><strong>Etats-Unis <\/strong><\/p>\n<\/td>\n<td style=\"width: 273px;\">32 935 667<\/td>\n<td style=\"width: 254px;\">\n<p>328,2<\/p>\n<\/td>\n<td style=\"width: 290px;\">\n<p>10,04%<\/p>\n<\/td>\n<\/tr>\n<tr>\n<td style=\"width: 181px;\"><strong>Inde<\/strong><\/td>\n<td style=\"width: 273px;\">24 684 077<\/td>\n<td style=\"width: 254px;\">1\u00a0353<\/td>\n<td style=\"width: 290px;\">\n<p>1,82%<\/p>\n<\/td>\n<\/tr>\n<tr>\n<td style=\"width: 181px;\">\n<p><b>Br\u00e9sil<\/b><\/p>\n<\/td>\n<td style=\"width: 273px;\">15 586 534<\/td>\n<td style=\"width: 254px;\">\n<p>209,5<\/p>\n<\/td>\n<td style=\"width: 290px;\">\n<p>7,44%<\/p>\n<\/td>\n<\/tr>\n<tr>\n<td style=\"width: 181px;\">\n<p><strong>France<\/strong><\/p>\n<\/td>\n<td style=\"width: 273px;\"><strong>5 939 019<\/strong><\/td>\n<td style=\"width: 254px;\"><strong>66,9<\/strong><\/td>\n<td style=\"width: 290px;\"><strong>8,88%<\/strong><\/td>\n<\/tr>\n<tr>\n<td style=\"width: 181px;\"><b>Turquie<\/b><\/td>\n<td style=\"width: 273px;\">5 117 374<\/td>\n<td style=\"width: 254px;\">84,3<\/td>\n<td style=\"width: 290px;\">6,07%<\/td>\n<\/tr>\n<tr>\n<td style=\"width: 181px;\"><b>Russie<\/b><\/td>\n<td style=\"width: 273px;\">4\u00a0883 734<\/td>\n<td style=\"width: 254px;\">144,5<\/td>\n<td style=\"width: 290px;\">3,38%<\/td>\n<\/tr>\n<tr>\n<td style=\"width: 181px;\"><strong>Royaume-Uni<\/strong><\/td>\n<td style=\"width: 273px;\">4\u00a0466 589<\/td>\n<td style=\"width: 254px;\">66,65<\/td>\n<td style=\"width: 290px;\">6,70%<\/td>\n<\/tr>\n<tr>\n<td style=\"width: 181px;\"><span style=\"font-weight: 600;\">Italie<\/span><\/td>\n<td style=\"width: 273px;\">4\u00a0159 122<\/td>\n<td style=\"width: 254px;\">60,3<\/td>\n<td style=\"width: 290px;\">6,89%<\/td>\n<\/tr>\n<tr>\n<td style=\"width: 181px;\"><span style=\"font-weight: 600;\">Espagne<\/span><\/td>\n<td style=\"width: 273px;\">3 604 799<\/td>\n<td style=\"width: 254px;\">47<\/td>\n<td style=\"width: 290px;\">\n<p>7,67%<\/p>\n<\/td>\n<\/tr>\n<tr>\n<td style=\"width: 181px;\">\n<p><strong>Allemagne<\/strong><\/p>\n<\/td>\n<td style=\"width: 273px;\">3 602 882<\/td>\n<td style=\"width: 254px;\">\n<p>83,1<\/p>\n<\/td>\n<td style=\"width: 290px;\">\n<p>4,34%<\/p>\n<\/td>\n<\/tr>\n<\/thead>\n<\/table>\n<p>&gt; <strong><a href=\"https:\/\/gisanddata.maps.arcgis.com\/apps\/opsdashboard\/index.html#\/bda7594740fd40299423467b48e9ecf6\" target=\"_blank\" rel=\"noopener noreferrer\">Voir le nombre de cas des autres pays<\/a><\/strong><\/p>\n<p>L&rsquo;\u00e9pid\u00e9mie de coronavirus continue de faire des morts. Le 16\u00a0mai, plus de 3,3\u00a0millions de d\u00e9c\u00e8s sont d\u00e9plor\u00e9s,\u00a0selon les comptages de l&rsquo;<a href=\"https:\/\/gisanddata.maps.arcgis.com\/apps\/opsdashboard\/index.htm\" target=\"_blank\" rel=\"noopener noreferrer\">Universit\u00e9 Johns Hopkins<\/a>\u00a0<strong>(3\u00a0372\u00a0347)<\/strong>\u00a0et du\u00a0<a href=\"https:\/\/www.ecdc.europa.eu\/en\/geographical-distribution-2019-ncov-cases\" target=\"_blank\" rel=\"noopener noreferrer\">Centre europ\u00e9en de pr\u00e9vention et de contr\u00f4le des maladies<\/a>\u00a0<strong>3\u00a0209\u00a0416\u00a0<\/strong>entre le 31 d\u00e9cembre 2019 et le 2 mai).\u00a0<\/p>\n<h3 style=\"text-align: center;\"><a id=\"tableau-pays-covid-classement-monde-plus-touches-mort-par-habitant\" name=\"tableau-pays-covid-classement-monde-plus-touches-mort-par-habitant\">Tableau des 10\u00a0pays recensant le plus grand nombre de d\u00e9c\u00e8s par Covid-19\u00a0dans le monde au 16\u00a0mai\u00a02021\u00a0<\/a>(Source\u00a0: Johns Hopkins Universit\u00e9)<\/h3>\n<table border=\"1\" cellpadding=\"1\" cellspacing=\"1\">\n<thead>\n<tr>\n<th scope=\"col\" style=\"width: 126px;\">\n<p style=\"text-align: center;\">Pays<\/p>\n<\/th>\n<th scope=\"col\" style=\"width: 282px;\">\n<p style=\"text-align: center;\">Nombre de d\u00e9c\u00e8s<\/p>\n<\/th>\n<th scope=\"col\" style=\"width: 588px;\">\n<p style=\"text-align: center;\">Pourcentage de la population d\u00e9c\u00e9d\u00e9e<\/p>\n<\/th>\n<\/tr>\n<tr>\n<td style=\"width: 126px;\">\n<p><strong>Etats-Unis<\/strong><\/p>\n<\/td>\n<td style=\"width: 282px;\">585 940<\/td>\n<td style=\"width: 588px;\">\n<p>0.18%<\/p>\n<\/td>\n<\/tr>\n<tr>\n<td style=\"width: 126px;\">\n<p><strong>Br\u00e9sil<\/strong><\/p>\n<\/td>\n<td style=\"width: 282px;\">434 715<\/td>\n<td style=\"width: 588px;\">\n<p>0.21%<\/p>\n<\/td>\n<\/tr>\n<tr>\n<td style=\"width: 126px;\">\n<p><span style=\"font-weight: 600;\">Inde<\/span><\/p>\n<\/td>\n<td style=\"width: 282px;\">270\u00a0284<\/td>\n<td style=\"width: 588px;\">0.02%<\/td>\n<\/tr>\n<tr>\n<td style=\"width: 126px;\">\n<p><span style=\"font-weight: 600;\">Mexique<\/span><\/p>\n<\/td>\n<td style=\"width: 282px;\">219\u00a0323<\/td>\n<td style=\"width: 588px;\">\n<p>0.17%<\/p>\n<\/td>\n<\/tr>\n<tr>\n<td style=\"width: 126px;\"><strong>Royaume-Uni<\/strong><\/td>\n<td style=\"width: 282px;\">127 941<\/td>\n<td style=\"width: 588px;\">\n<p>0.19%<\/p>\n<\/td>\n<\/tr>\n<tr>\n<td style=\"width: 126px;\">\n<p><strong>Italie<\/strong><\/p>\n<\/td>\n<td style=\"width: 282px;\">124 156<\/td>\n<td style=\"width: 588px;\">\n<p>0.21%<\/p>\n<\/td>\n<\/tr>\n<tr>\n<td style=\"width: 126px;\"><b>Russie<\/b><\/td>\n<td style=\"width: 282px;\">113 927<\/td>\n<td style=\"width: 588px;\">\n<p>0.08%<\/p>\n<\/td>\n<\/tr>\n<tr>\n<td style=\"width: 126px;\">\n<p><b>France<\/b><\/p>\n<\/td>\n<td style=\"width: 282px;\"><strong>107<\/strong>\u00a0<strong>777<\/strong><\/td>\n<td style=\"width: 588px;\"><strong>0.16%<\/strong><\/td>\n<\/tr>\n<tr>\n<td style=\"width: 126px;\"><strong>Allemagne<\/strong><\/td>\n<td style=\"width: 282px;\">86\u00a0116<\/td>\n<td style=\"width: 588px;\">0.10%<\/td>\n<\/tr>\n<tr>\n<td style=\"width: 126px;\"><strong>Espagne<\/strong><\/td>\n<td style=\"width: 282px;\">79 339<\/td>\n<td style=\"width: 588px;\">\n<p>0.17%<\/p>\n<\/td>\n<\/tr>\n<\/thead>\n<\/table>\n<p>&gt; <strong><a href=\"https:\/\/gisanddata.maps.arcgis.com\/apps\/opsdashboard\/index.html#\/bda7594740fd40299423467b48e9ecf6\" target=\"_blank\" rel=\"noopener noreferrer\">Voir le nombre de d\u00e9c\u00e8s\u00a0des autres pays<\/a><\/strong><\/p>\n<section>\n<p>Apr\u00e8s l&rsquo;apparition du virus en Chine en d\u00e9cembre 2019, l&rsquo;Europe est rapidement devenue l&rsquo;\u00e9picentre de l&rsquo;\u00e9pid\u00e9mie obligeant plusieurs pays \u00e0 confiner les populations d\u00e8s le mois de mars. Puis le virus s&rsquo;est propag\u00e9 aux\u00a0Etats-Unis, en Am\u00e9rique du Sud et en\u00a0Inde.<\/p>\n<p><strong>En semaine 17\u00a0(26 avril au 2<\/strong>\u00a0<strong>mai)\u00a0:<\/strong><\/p>\n<ul>\n<li>Sant\u00e9 Publique France rapporte\u00a0<strong>5,7\u00a0millions de nouveaux cas ont \u00e9t\u00e9 signal\u00e9s, soit une situation stable par rapport \u00e0 la semaine pr\u00e9c\u00e9dente <\/strong>et une<strong> hausse de 6% des d\u00e9c\u00e8s.<\/strong><\/li>\n<li><strong>Les pays signalant les plus grands nombres de nouveaux cas <\/strong>\u00e9taient la Turquie avec 257\u00a0992\u00a0nouveaux cas,\u00a0la France avec<br \/>150\u00a0275\u00a0nouveaux cas et l&rsquo;Allemagne avec\u00a0129\u00a0404\u00a0cas.<\/li>\n<li>Les <strong>pays ayant signal\u00e9 le plus grand nombre de nouveaux cas<\/strong>\u00a0<strong>en Europe<\/strong>\u00a0\u00e9taient la Turquie avec 378\u00a0771\u00a0nouveaux cas, la France avec 202\u00a0396\u00a0nouveaux cas et l&rsquo;Allemagne.<\/li>\n<li>En Europe, les <strong>pays rapportant les plus grands nombres de d\u00e9c\u00e8s<\/strong> \u00e9taient la Pologne, qui a enregistr\u00e9 2\u00a0653\u00a0nouveaux d\u00e9c\u00e8s (-22%), la Russie avec 2\u00a0630\u00a0nouveaux d\u00e9c\u00e8s (-1%) et la Turquie avec 2\u00a0493\u00a0nouveaux d\u00e9c\u00e8s (+4%).<\/li>\n<\/ul>\n<h3 style=\"text-align: center;\"><a id=\"courbe-evolution-coronavirus-monde\" name=\"courbe-evolution-coronavirus-monde\">Courbe d&rsquo;\u00e9volution des nouveaux cas journaliers de Covid-19\u00a0dans le monde jusqu&rsquo;au 12\u00a0mai 2021<\/a>\u00a0<\/h3>\n<div style=\"text-align:center\">\n<figure class=\"image\" style=\"display:inline-block\"><a class=\"fancy\" href=\"https:\/\/img-3.journaldesfemmes.fr\/whXNjErgs1jWmzRhX6EOTzcShcs=\/1080x\/smart\/7193cd76b78144f18ad67485e091d9e8\/ccmcms-jdf\/24612115.png\"><img decoding=\"async\" alt=\"courbe-covid-evolution-cas-monde\" src=\"https:\/\/img-3.journaldesfemmes.fr\/whXNjErgs1jWmzRhX6EOTzcShcs=\/1080x\/smart\/7193cd76b78144f18ad67485e091d9e8\/ccmcms-jdf\/24612115.png\"\/><\/a><figcaption data-credit=\"Universit\u00e9 Johns Hopkins\" data-legend=\"Courbe d'\u00e9volution des nouveaux cas journaliers de Covid-19 dans le monde jusqu'au 12 mai 2021 \">Courbe d&rsquo;\u00e9volution des nouveaux cas journaliers de Covid-19 dans le monde jusqu&rsquo;au 12 mai 2021 <small>\u00a9\u00a0Universit\u00e9 Johns Hopkins<\/small><\/figcaption><\/figure>\n<\/div>\n<p><span style=\"font-size: 1rem;\">Le gouvernement espagnol a d\u00e9cr\u00e9t\u00e9, pour l&rsquo;ensemble du territoire national \u00e0 l&rsquo;exception des Canaries, un <\/span><strong style=\"font-size: 1rem;\">\u00e9tat d&rsquo;alerte sanitaire jusqu&rsquo;au 9\u00a0mai 2021.\u00a0<\/strong><\/p>\n<table border=\"1\" cellpadding=\"1\" cellspacing=\"1\" style=\"width:100%;\">\n<thead>\n<tr>\n<th scope=\"col\" style=\"text-align: center; width: 131px;\">\u00a0<\/th>\n<th scope=\"col\" style=\"text-align: center; width: 225px;\">Nombre de cas de Covid-19 en Espagne<\/th>\n<th scope=\"col\" style=\"text-align: center; width: 158px;\">Rang dans le monde<\/th>\n<th scope=\"col\" style=\"text-align: center; width: 232px;\">Nombre de d\u00e9c\u00e8s en Espagne<\/th>\n<th scope=\"col\" style=\"text-align: center; width: 240px;\">Rang dans le monde<\/th>\n<\/tr>\n<\/thead>\n<tbody>\n<tr>\n<td style=\"text-align: center; width: 131px;\">16\/05\/2021<\/td>\n<td style=\"text-align: center; width: 225px;\">3\u00a0604\u00a0799<\/td>\n<td style=\"text-align: center; width: 158px;\">9<\/td>\n<td style=\"width: 232px; text-align: center;\">79\u00a0339<\/td>\n<td style=\"text-align: center; width: 240px;\">10<\/td>\n<\/tr>\n<\/tbody>\n<\/table>\n<p><strong>Pour <a href=\"http:\/\/www.affinite.fr\/index.php\/2023\/07\/29\/changer-de-vie-voyager-complement-de-retraite-devenez-vendeur-de-glace-a-litalienne\/\">voyager<\/a> en Espagne\u00a0: <\/strong><\/p>\n<\/section>\n<p>Un test PCR effectu\u00e9 moins de 72h avant l&rsquo;arriv\u00e9e et dont le r\u00e9sultat doit \u00eatre n\u00e9gatif, est exig\u00e9 \u00e0 l&rsquo;entr\u00e9e du territoire espagnol par voie a\u00e9rienne (a\u00e9roports) ou maritime (ports). Cette obligation est \u00e9tendue aux voyageurs entrant par la route, depuis la France, \u00e0 compter du 30\u00a0mars. Ne sont pas concern\u00e9s par cette mesure\u00a0: les enfants \u00e2g\u00e9s de moins de six ans, les voyageurs en correspondance a\u00e9rienne, et, s&rsquo;agissant de l&rsquo;arriv\u00e9e par la route, les professionnels du transport routier entrant en Espagne dans le cadre de leur activit\u00e9, les travailleurs transfrontaliers et les r\u00e9sidents de la zone frontali\u00e8re pour des d\u00e9placements ne d\u00e9passant pas un rayon de 30\u00a0km de leur lieu de r\u00e9sidence.<\/p>\n<p>Cette obligation de pr\u00e9sentation d&rsquo;un test PCR n\u00e9gatif s&rsquo;applique aux voyageurs, quels que soient leur nationalit\u00e9 et le motif de leur entr\u00e9e en Espagne, venant d&rsquo;un pays class\u00e9 \u00a0\u00bb \u00e0 risque \u00ab\u00a0, c&rsquo;est-\u00e0-dire enregistrant un taux d&rsquo;incidence \u00e9gal ou sup\u00e9rieur \u00e0 150\u00a0cas pour 100\u00a0000\u00a0habitants. Les voyageurs en provenance de France sont donc concern\u00e9s par cette obligation.<\/p>\n<p>Une p\u00e9nalit\u00e9 financi\u00e8re dissuasive est pr\u00e9vue en cas de non pr\u00e9sentation d&rsquo;un test PCR n\u00e9gatif \u00e0 l&rsquo;arriv\u00e9e. Le document pr\u00e9sentant le r\u00e9sultat du test PCR doit \u00eatre r\u00e9dig\u00e9 en espagnol, en fran\u00e7ais, en allemand ou en anglais. Les tests salivaires dont le pr\u00e9l\u00e8vement n&rsquo;a pas \u00e9t\u00e9 effectu\u00e9 en laboratoire, mais \u00e0 domicile, n&rsquo;autorisent pas le voyage.<\/p>\n<p>Aucune mise en quarantaine \u00e0 l&rsquo;entr\u00e9e sur le territoire espagnol n&rsquo;est en vigueur.<\/p>\n<p>L&rsquo;ensemble du territoire espagnol est <strong>soumis aux r\u00e8gles de la \u00a0\u00bb nouvelle normalit\u00e9 \u00ab\u00a0, qui pr\u00e9voient notamment\u00a0:<\/strong><\/p>\n<ul>\n<li>le port du masque obligatoire pour toute personne de plus de 6\u00a0ans, dans les espaces publics ou dans les lieux recevant du public, y compris les h\u00f4tels et les commerces, lorsqu&rsquo;une distance d&rsquo;un m\u00e8tre cinquante ne peut \u00eatre respect\u00e9e entre deux personnes ;<\/li>\n<li>le port du masque obligatoire dans les v\u00e9hicules, si les passagers ne r\u00e9sident pas dans le m\u00eame foyer ;<\/li>\n<li>le respect des gestes barri\u00e8res ;<\/li>\n<li>la tenue de registres de passagers par les op\u00e9rateurs de transports, conserv\u00e9s pendant quatre semaines.<\/li>\n<\/ul>\n<p>La situation \u00e9voluant rapidement, il est recommand\u00e9 de s&rsquo;informer r\u00e9guli\u00e8rement des dispositions prises par les autorit\u00e9s nationales et locales et de s&rsquo;y conformer strictement, sous peine de fortes amendes, en consultant le site du minist\u00e8re espagnol de la sant\u00e9 (en espagnol).<\/p>\n<p><strong>Couvre-feu de 23h \u00e0 6h,<\/strong> que les communaut\u00e9s autonomes peuvent avancer ou retarder d&rsquo;une heure, \u00e0 l&rsquo;exception des motifs suivants\u00a0:<br \/>acquisition de m\u00e9dicaments, produits sanitaires et autres biens de premi\u00e8re n\u00e9cessit\u00e9.<\/p>\n<p style=\"text-align: center;\"><strong>Courbe d&rsquo;\u00e9volution des cas Covid en Espagne au 10\u00a0mai 2021<\/strong><\/p>\n<div style=\"text-align:center\">\n<figure class=\"image\" style=\"display:inline-block\"><a class=\"fancy\" href=\"https:\/\/img-3.journaldesfemmes.fr\/bAioCy0SedE4m-ExrT-2-XPD04Q=\/1080x\/smart\/31bfa6e4bcfb442ea47fecb4724af9c1\/ccmcms-jdf\/24612498.png\"><img decoding=\"async\" alt=\"courbe-covid-espagne\" src=\"https:\/\/img-3.journaldesfemmes.fr\/BtxsaRNtRE6Zz_TXSQ5-4HyVWF0=\/450x\/smart\/31bfa6e4bcfb442ea47fecb4724af9c1\/ccmcms-jdf\/24612498.png\"\/><\/a><figcaption data-credit=\"Universit\u00e9 Johns Hopkins\" data-legend=\"Courbe d'\u00e9volution des cas Covid en Espagne au 10 mai 2021\">Courbe d&rsquo;\u00e9volution des cas Covid en Espagne au 10 mai 2021 <small>\u00a9\u00a0Universit\u00e9 Johns Hopkins<\/small><\/figcaption><\/figure>\n<\/div>\n<p>La grande majorit\u00e9 des r\u00e9gions italiennes sont d\u00e9sormais class\u00e9es au niveau \u00ab\u00a0orange\u00a0\u00bb ou \u00ab\u00a0rouge\u00a0\u00bb, risque \u00e9lev\u00e9. En effet, l&rsquo;Italie a d\u00e9cid\u00e9 de reconfiner les zones \u00ab\u00a0rouges\u00a0\u00bb avec les \u00e9coles et commerces non-essentiels ferm\u00e9s et d&rsquo;appliquer de nouvelles mesures plus strictes aux r\u00e9gions \u00ab\u00a0oranges\u00a0\u00bb.\u00a0<\/p>\n<table border=\"1\" cellpadding=\"1\" cellspacing=\"1\" style=\"width:100%;\">\n<thead>\n<tr>\n<th scope=\"col\" style=\"width: 122px;\">\u00a0<\/th>\n<th scope=\"col\" style=\"width: 223px;\">Nombre de cas de Covid-19\u00a0en Italie<\/th>\n<th scope=\"col\" style=\"width: 235px;\">Rang dans le monde<\/th>\n<th scope=\"col\" style=\"width: 141px;\">Nombre de d\u00e9c\u00e8s en Italie<\/th>\n<th scope=\"col\" style=\"width: 266px;\">Rang dans le monde<\/th>\n<\/tr>\n<tr>\n<td style=\"width: 122px;\">16\/05\/2021<\/td>\n<td style=\"text-align: center; width: 223px;\">4\u00a0159\u00a0122<\/td>\n<td style=\"width: 235px; text-align: center;\">8<\/td>\n<td style=\"width: 141px; text-align: center;\">124\u00a0156<\/td>\n<td style=\"width: 266px; text-align: center;\">6<\/td>\n<\/tr>\n<\/thead>\n<\/table>\n<p>Le d\u00e9cret-loi (DPCM) en vigueur du 26\u00a0avril au 31\u00a0juillet 2021\u00a0<strong>maintient les r\u00e9gions italiennes en quatre cat\u00e9gories<\/strong> selon le risque de transmission du virus\u00a0:<\/p>\n<ul>\n<li><strong>Zone rouge pour un risque maximal\u00a0<\/strong>: Sardaigne.<\/li>\n<li><strong>Zone orange pour un risque \u00e9lev\u00e9\u00a0<\/strong>: Basilicate, Calabre, Sicile, Pouilles, Val d&rsquo;Aoste.<\/li>\n<li><strong>Zone jaune pour un risque mod\u00e9r\u00e9\u00a0<\/strong>: Abruzzes, Campanie, \u00c9milie-Romagne, Frioul-V\u00e9n\u00e9tie Julienne, Latium, Ligurie, Lombardie, Marches, Molise, Pi\u00e9mont, Toscane, Ombrie, V\u00e9n\u00e9tie, Provinces de Trente et de Bolzano.<\/li>\n<li><strong>Zone blanche pour un risque r\u00e9duit<\/strong>\u00a0: Aucune r\u00e9gion.<\/li>\n<\/ul>\n<p>Le placement d&rsquo;une r\u00e9gion dans l&rsquo;une de ces quatre cat\u00e9gories est d\u00e9cid\u00e9 par le ministre de la sant\u00e9, en tenant compte de nombreux indicateurs. Chaque r\u00e9gion peut renforcer les mesures restrictives (au niveau des provinces voire des communes). La situation sanitaire est donc r\u00e9\u00e9valu\u00e9e r\u00e9guli\u00e8rement ainsi que le classement des r\u00e9gions. Par cons\u00e9quent les voyageurs sont invit\u00e9s \u00e0 v\u00e9rifier leur statut avant tout d\u00e9placement sur la carte et la FAQ du Gouvernement italien ainsi que les sites des r\u00e9gions.<\/p>\n<p>Au niveau national, des mesures communes s&rsquo;appliquent dans les 3\u00a0zones (rouge, orange ou jaune)\u00a0:<\/p>\n<ul>\n<li>Un couvre-feu de 22h00\u00a0\u00e0 5h00\u00a0du matin (sauf pour des raisons professionnelles, de sant\u00e9 ou de n\u00e9cessit\u00e9) ; une attestation (disponible sur le site du minist\u00e8re de l&rsquo;Int\u00e9rieur) devient n\u00e9cessaire pour toute sortie pendant les horaires du couvre-feu ;<\/li>\n<li>L&rsquo;obligation de porter un masque en permanence\u00a0: dans les lieux ferm\u00e9s accessibles au public, mais aussi dans les lieux ferm\u00e9s autres que les domiciles priv\u00e9s, et \u00e0 l&rsquo;ext\u00e9rieur ;<\/li>\n<li>L&rsquo;interdiction des rassemblements et des festivit\u00e9s en int\u00e9rieur ou en ext\u00e9rieur, \u00e0 l&rsquo;exception de celles li\u00e9es \u00e0 des c\u00e9r\u00e9monies civiles ou religieuses.<\/li>\n<\/ul>\n<p>En compl\u00e9ment, des mesures variables sont pr\u00e9vues selon la couleur des r\u00e9gions\u00a0:<\/p>\n<p><strong>Zone jaune<\/strong>\u00a0:<\/p>\n<ul>\n<li>D\u00e9placements autoris\u00e9s au sein de la r\u00e9gion, ainsi qu&rsquo;entre r\u00e9gions jaunes ;<\/li>\n<li>Visites aux proches autoris\u00e9es, dans la limite de 4\u00a0adultes ext\u00e9rieurs au foyer ;<\/li>\n<li>Tous les commerces ouverts dans le respect des r\u00e8gles de distanciation ;<\/li>\n<li>Bars et restaurants ouverts le midi et le soir mais seulement en ext\u00e9rieur (et \u00e0 l&rsquo;int\u00e9rieur apr\u00e8s le 1er juin et jusqu&rsquo;\u00e0 18h) ;<\/li>\n<li>Cin\u00e9mas, salles de concert, th\u00e9\u00e2tres et clubs ouverts au public dans le respect des r\u00e8gles de distanciation et sur r\u00e9servation de places assises. Ces lieux ne pourront pas accueillir plus de 1\u00a0000\u00a0spectateurs en ext\u00e9rieur et 500\u00a0en int\u00e9rieur et sont limit\u00e9s \u00e0 50% de leur capacit\u00e9 habituelle.<\/li>\n<li>Activit\u00e9s sportives, m\u00eame en \u00e9quipe et de contact, autoris\u00e9es en ext\u00e9rieur. A partir du 1er juin, les stades rouvriront aux \u00e9v\u00e9nements et aux comp\u00e9titions ainsi qu&rsquo;au public dans la double-limite de 25% de la capacit\u00e9 habituelle et de 1\u00a0000\u00a0spectateurs en ext\u00e9rieur et 500\u00a0en int\u00e9rieur.<\/li>\n<li>Piscines et salles de sport ouvertes respectivement le 15\u00a0mai et le 1er juin ;<\/li>\n<li>A partir du 15\u00a0juin, possibilit\u00e9 d&rsquo;organiser des foires ;<\/li>\n<li>A partir du 1er juillet, possibilit\u00e9 d&rsquo;organiser des congr\u00e8s ou des conventions ; r\u00e9ouverture des centres thermaux et parcs d&rsquo;attraction.<\/li>\n<\/ul>\n<p><strong>Zones orange<\/strong>\u00a0:<\/p>\n<ul>\n<li>D\u00e9placements interdits \u00e0 partir de, vers et \u00e0 l&rsquo;int\u00e9rieur de ces r\u00e9gions, et entre les communes ; except\u00e9 si vous \u00eates muni d&rsquo;un justificatif de motif imp\u00e9rieux ou d&rsquo;un \u00a0\u00bb certificat vert \u00a0\u00bb (voir plus bas) ;<\/li>\n<li>Visites aux proches autoris\u00e9es, dans la limite de 2\u00a0adultes ext\u00e9rieurs au foyer ;<\/li>\n<li>Les commerces pourront ouvrir dans le respect des r\u00e8gles de distanciation, mais les centres commerciaux seront ferm\u00e9s les week-end et jours f\u00e9ri\u00e9s ;<\/li>\n<li>Les services de restauration (bars, pubs, restaurants, glaciers,\u2026) seront uniquement ouverts pour la vente \u00e0 emporter.<\/li>\n<\/ul>\n<p><strong>Zones rouges\u00a0<\/strong>:<\/p>\n<ul>\n<li>Seuls les commerces alimentaires ou de premi\u00e8re n\u00e9cessit\u00e9 seront ouverts et les activit\u00e9s de service aux personnes assur\u00e9e ;<\/li>\n<li>D\u00e9placements interdits \u00e0 partir de, vers et \u00e0 l&rsquo;int\u00e9rieur de ces r\u00e9gions ; except\u00e9 si vous \u00eates muni d&rsquo;un justificatif de motif imp\u00e9rieux ou d&rsquo;un \u00a0\u00bb certificat vert \u00a0\u00bb (voir plus bas) ;<\/li>\n<li>Les services de restauration (bars, pubs, restaurants, glaciers,\u2026) seront uniquement ouverts pour la vente \u00e0 emporter.<\/li>\n<\/ul>\n<p style=\"text-align: center;\"><strong>Courbe d&rsquo;\u00e9volution des cas en Italie au 10\u00a0mai 2021<\/strong><\/p>\n<div style=\"text-align:center\">\n<figure class=\"image\" style=\"display:inline-block\"><a class=\"fancy\" href=\"https:\/\/img-3.journaldesfemmes.fr\/Ahocfg5K_gdpmJQs-b0qupHpWiU=\/1080x\/smart\/9b384af920f547b3840981c921c4cbe5\/ccmcms-jdf\/24612548.png\"><img decoding=\"async\" alt=\"courbe-covid-italie\" src=\"https:\/\/img-3.journaldesfemmes.fr\/V-edUnTjxKd-tmLM-K3FfskuyFs=\/450x\/smart\/9b384af920f547b3840981c921c4cbe5\/ccmcms-jdf\/24612548.png\"\/><\/a><figcaption data-credit=\"Universit\u00e9 Johns Hopkins\" data-legend=\"Courbe d'\u00e9volution des cas Covid en Italie au 10 mai 2021\">Courbe d&rsquo;\u00e9volution des cas Covid en Italie au 10 mai 2021 <small>\u00a9\u00a0Universit\u00e9 Johns Hopkins<\/small><\/figcaption><\/figure>\n<\/div>\n<table border=\"1\" cellpadding=\"1\" cellspacing=\"1\" style=\"width:100%;\">\n<thead>\n<tr>\n<th scope=\"col\" style=\"width: 113px;\">\u00a0<\/th>\n<th scope=\"col\" style=\"width: 237px;\">Nombre de cas de Covid-19\u00a0en Allemagne<\/th>\n<th scope=\"col\" style=\"width: 129px;\">Rang dans le monde<\/th>\n<th scope=\"col\" style=\"width: 261px;\">Nombre de d\u00e9c\u00e8s en Allemagne<\/th>\n<th scope=\"col\" style=\"width: 240px;\">Rang dans le monde<\/th>\n<\/tr>\n<tr>\n<td style=\"width: 113px;\">16\/05\/2021<\/td>\n<td style=\"text-align: center; width: 237px;\">3\u00a0602\u00a0882<\/td>\n<td style=\"width: 129px; text-align: center;\">10<\/td>\n<td style=\"text-align: center; width: 261px;\">\n<p>86\u00a0116<\/p>\n<\/td>\n<td style=\"width: 240px; text-align: center;\">9<\/td>\n<\/tr>\n<\/thead>\n<\/table>\n<p>Pour rappel, il convient de respecter les mesures de distanciation physique et l&rsquo;obligation du port du masque dans les transports en commun (masque chirurgical\/masque FFP2\u00a0en Bavi\u00e8re, masque FFP2\u00a0\u00e0 Berlin), les commerces (masque chirurgical\/masque FFP2\u00a0en Bavi\u00e8re, masque FFP2\u00a0\u00e0 Berlin) et dans certaines rues et quartiers.<\/p>\n<p><strong>Sont interdits sur tout le territoire<\/strong>\u00a0:<\/p>\n<ul>\n<li>Les rassemblements de plus de 1\u00a0foyer plus une autre personne maximum ;<\/li>\n<li>Les nuit\u00e9es touristiques (les d\u00e9placements priv\u00e9s non imp\u00e9rieux sont fortement d\u00e9conseill\u00e9s, y compris pour rendre visite \u00e0 la famille)\u00a0<\/li>\n<li>Les d\u00e9placements et sorties hors du domicile entre 22\u00a0heures et 5\u00a0heures.<\/li>\n<\/ul>\n<p><strong>Sont ferm\u00e9s sur tout le territoire f\u00e9d\u00e9ral<\/strong>\u00a0:<\/p>\n<ul>\n<li>Les lieux de spectacles, de loisirs, de sports, de restauration et d&rsquo;h\u00e9bergement, de soins corporels ;<\/li>\n<li>Au-del\u00e0 d&rsquo;un taux d&rsquo;incidence de 150, les commerces non essentiels. En dessous d&rsquo;un taux d&rsquo;incidence de 150, possibilit\u00e9 de se rendre dans les commerces non essentiels, sur rendez-vous, muni d&rsquo;un masque FFP2\u00a0et d&rsquo;un test COVID n\u00e9gatif r\u00e9alis\u00e9 dans la journ\u00e9e ;<\/li>\n<li>Par exception, les coiffeurs restent ouverts, sur rendez-vous, muni d&rsquo;un masque FFP2\u00a0et d&rsquo;un test COVID n\u00e9gatif r\u00e9alis\u00e9 dans la journ\u00e9e.<\/li>\n<\/ul>\n<p><span style=\"font-size: 1rem;\">La France \u00e9tant class\u00e9e en zone \u00e0 incidence \u00e9lev\u00e9e depuis le 28\u00a0mars par les autorit\u00e9s f\u00e9d\u00e9rales allemandes, tout voyageur y ayant s\u00e9journ\u00e9 durant les 10\u00a0derniers jours, quelle que soit sa nationalit\u00e9 ou son lieu de r\u00e9sidence habituel, doit se conformer aux mesures mises en place par les autorit\u00e9s allemandes. La liste des zones concern\u00e9es est \u00e9volutive. Il convient de consulter tr\u00e8s r\u00e9guli\u00e8rement le site du Robert Koch Institut (information disponible en allemand et en anglais).<\/span><\/p>\n<p style=\"text-align: center;\"><strong>Evolution des cas de Covid-19\u00a0en Allemagne, par jour au 10<\/strong>\u00a0<strong>mai\u00a02021.<\/strong><\/p>\n<div style=\"text-align:center\">\n<figure class=\"image\" style=\"display:inline-block\"><a class=\"fancy\" href=\"https:\/\/img-3.journaldesfemmes.fr\/PrmDzBcuPHLsK5aA7HnwkBCGd2Y=\/1080x\/smart\/a24faf56f7014d7ab2cab14999ae65bf\/ccmcms-jdf\/24612576.png\"><img decoding=\"async\" alt=\"courbe-covid-allemagne\" src=\"https:\/\/img-3.journaldesfemmes.fr\/dwkkiGGBwik1Bb2a6uiOFKzvYLo=\/450x\/smart\/a24faf56f7014d7ab2cab14999ae65bf\/ccmcms-jdf\/24612576.png\"\/><\/a><figcaption data-credit=\"Universit\u00e9 Johns Hopkins\" data-legend=\"Courbe d'\u00e9volution des cas de Covid-19 en Allemagne jusqu'au 10 mai\u00a0\">Courbe d&rsquo;\u00e9volution des cas de Covid-19 en Allemagne jusqu&rsquo;au 10 mai\u00a0 <small>\u00a9\u00a0Universit\u00e9 Johns Hopkins<\/small><\/figcaption><\/figure>\n<\/div>\n<p>Les \u00c9tats-Unis sont le<b>\u00a0pays le plus lourdement affect\u00e9 au monde\u00a0<\/b>par la pand\u00e9mie de coronavirus en chiffres absolus. Le pr\u00e9sident des Etats-Unis, <strong>Joe Biden, fait de la lutte contre la Covid-19\u00a0une priorit\u00e9<\/strong>.\u00a0Il a\u00a0annonc\u00e9 que les voyageurs arrivant en avion devraient \u00eatre en mesure de pr\u00e9senter un<strong> test n\u00e9gatif au virus<\/strong> et devront\u00a0effectuer une <strong>quarantaine<\/strong>.\u00a0<\/p>\n<table border=\"1\" cellpadding=\"1\" cellspacing=\"1\" style=\"width:100%;\">\n<thead>\n<tr>\n<th scope=\"col\" style=\"width: 120px;\">\u00a0<\/th>\n<th scope=\"col\" style=\"width: 237px;\">Nombre de cas de Covid-19 aux <a href=\"http:\/\/www.affinite.fr\/index.php\/2021\/10\/06\/camion-de-glace-style-usa-made-in-france\/\">USA<\/a><\/th>\n<th scope=\"col\" style=\"width: 184px;\">Rang dans le monde<\/th>\n<th scope=\"col\" style=\"width: 208px;\">Nombre de d\u00e9c\u00e8s aux USA<\/th>\n<th scope=\"col\" style=\"width: 238px;\">Rang dans le monde<\/th>\n<\/tr>\n<tr>\n<td style=\"width: 120px;\">16\/05\/2021<\/td>\n<td style=\"text-align: center; width: 237px;\">32\u00a0935\u00a0667<\/td>\n<td style=\"width: 184px; text-align: center;\">1<\/td>\n<td style=\"width: 208px; text-align: center;\">585\u00a0940<\/td>\n<td style=\"width: 238px; text-align: center;\">1<\/td>\n<\/tr>\n<\/thead>\n<\/table>\n<p><strong>A compter du 26\u00a0janvier 2021<\/strong>, les passagers \u00e2g\u00e9s de 2\u00a0ans ou plus voyageant \u00e0 destination des \u00c9tats-Unis, \u00e0 partir de tout pays \u00e9tranger dont la France, doivent pr\u00e9senter lors de leur embarquement le r\u00e9sultat d&rsquo;un test de d\u00e9pistage virologique r\u00e9alis\u00e9 dans les trois jours calendaires pr\u00e9c\u00e9dant le vol ne concluant pas \u00e0 une contamination par la COVID-19. Ces mesures s&rsquo;appliquent m\u00eame en cas de simple transit sur le territoire am\u00e9ricain.<\/p>\n<p style=\"text-align: center;\"><strong>Courbe d&rsquo;\u00e9volution des cas de Covid\u00a0aux Etats-Unis au 10<\/strong>\u00a0<strong>mai 2021<\/strong><\/p>\n<div style=\"text-align:center\">\n<figure class=\"image\" style=\"display:inline-block\"><a class=\"fancy\" href=\"https:\/\/img-3.journaldesfemmes.fr\/OnSojgMqhKHDl3OvnTQR96nHrBo=\/1080x\/smart\/05e8c2baa6074c5c831a89a8d0895c28\/ccmcms-jdf\/24612584.png\"><img decoding=\"async\" alt=\"courbe-covid-etats-unis\" src=\"https:\/\/img-3.journaldesfemmes.fr\/VFX-Nrg50edgO3TFgIM_aFvXo5k=\/450x\/smart\/05e8c2baa6074c5c831a89a8d0895c28\/ccmcms-jdf\/24612584.png\"\/><\/a><figcaption data-credit=\"Universit\u00e9 Johns Hopkins\" data-legend=\"Courbe d'\u00e9volution des cas journaliers de Covid-19 aux Etats-Unis\">Courbe d&rsquo;\u00e9volution des cas journaliers de Covid-19 aux Etats-Unis <small>\u00a9\u00a0Universit\u00e9 Johns Hopkins<\/small><\/figcaption><\/figure>\n<\/div>\n<p>En Angleterre, la\u00a0r\u00e9ouverture des pubs, restaurants et magasins non-essentiels a eu lieu le 12\u00a0avril.<\/p>\n<table border=\"1\" cellpadding=\"1\" cellspacing=\"1\" style=\"width:100%;\">\n<thead>\n<tr>\n<th scope=\"col\" style=\"width: 119px;\">\u00a0<\/th>\n<th scope=\"col\" style=\"width: 241px;\">Nombre de cas de Covid-19\u00a0au Royaume-Uni<\/th>\n<th scope=\"col\" style=\"width: 153px;\">Rang dans le monde<\/th>\n<th scope=\"col\" style=\"width: 225px;\">Nombre de d\u00e9c\u00e8s au Royaume-Uni<\/th>\n<th scope=\"col\" style=\"width: 241px;\">Rang dans le monde<\/th>\n<\/tr>\n<tr>\n<td style=\"width: 119px;\">16\/05\/2021<\/td>\n<td style=\"width: 241px; text-align: center;\">4\u00a0466\u00a0589<\/td>\n<td style=\"width: 153px; text-align: center;\">6<\/td>\n<td style=\"width: 225px; text-align: center;\">127\u00a0941<\/td>\n<td style=\"width: 241px; text-align: center;\">5<\/td>\n<\/tr>\n<\/thead>\n<\/table>\n<p><span id=\"cke_bm_60963C\" style=\"display: none;\">\u00a0<\/span><strong>Voyage France-Angleterre :\u00a0<\/strong>La pr\u00e9sentation d&rsquo;un test n\u00e9gatif de moins de 72\u00a0heures est obligatoire pour entrer en Angleterre et en \u00c9cosse depuis la France.\u00a0\u00a0Il peut s&rsquo;agir d&rsquo;un test PCR ou d&rsquo;un test antig\u00e9nique, \u00e0 condition de respecter un seuil de sp\u00e9cificit\u00e9 de 97% et de sensibilit\u00e9 de 80%. Suite aux d\u00e9cisions des autorit\u00e9s fran\u00e7aises, il n&rsquo;est plus n\u00e9cessaire de justifier d&rsquo;un motif imp\u00e9rieux pour entrer en France depuis le Royaume-Uni. Les autorit\u00e9s britanniques mettent \u00e0 jour\u00a0<a href=\"https:\/\/www.gov.uk\/government\/publications\/list-of-private-providers-of-coronavirus-testing\/list-of-private-providers-of-coronavirus-testing\" rel=\"external noopener noreferrer\" target=\"_blank\" title=\"en anglais - lien externe\">une liste des centres<\/a>\u00a0en mesure de pratiquer les tests Covid 19.<\/p>\n<p>Selon l&rsquo;<a href=\"https:\/\/www.ecdc.europa.eu\/en\/geographical-distribution-2019-ncov-cases\" target=\"_blank\" rel=\"noopener noreferrer\">ECDC<\/a>, l&rsquo;Europe totalise<strong> 50\u00a0722\u00a0884\u00a0cas de Covid-19<\/strong>\u00a0du 31\u00a0d\u00e9cembre 2019 jusqu&rsquo;au 25\u00a0avril 2021 et\u00a0<strong>1\u00a0074\u00a0175 morts.<\/strong><\/p>\n<p><strong>Sur la semaine du 26 avril au 2<\/strong>\u00a0<strong>mai : <\/strong><\/p>\n<p>\u2192 La r\u00e9gion Europe :\u00a0plus de 1,1\u00a0million de nouveaux cas et plus de 22\u00a0000\u00a0d\u00e9c\u00e8s ont \u00e9t\u00e9 signal\u00e9s.\u00a0Les nombres de nouveaux cas et de d\u00e9c\u00e8s sont en baisse respectivement pour les quatri\u00e8me et troisi\u00e8me semaines cons\u00e9cutives.<\/p>\n<p>\u2192 \u00a0Les pays ayant signal\u00e9 les plus grands nombres de nouveaux cas \u00e9taient la Turquie avec 257\u00a0992\u00a0nouveaux cas, la France avec 150\u00a0275\u00a0nouveaux cas\u00a0et l&rsquo;Allemagne avec 129\u00a0404\u00a0nouveaux cas.\u00a0<\/p>\n<div style=\"text-align:center\">\n<figure class=\"image\" style=\"display:inline-block\"><a class=\"fancy\" href=\"https:\/\/img-3.journaldesfemmes.fr\/Wo6GRFokvSgwz9uCm4A_4UO6g3w=\/1080x\/smart\/cc738e1d543c47bbb3386dafe89fb63e\/ccmcms-jdf\/24474991.png\"><img decoding=\"async\" alt=\"carte-covid-europe-cas\" src=\"https:\/\/img-3.journaldesfemmes.fr\/Wo6GRFokvSgwz9uCm4A_4UO6g3w=\/1080x\/smart\/cc738e1d543c47bbb3386dafe89fb63e\/ccmcms-jdf\/24474991.png\"\/><\/a><figcaption data-credit=\"Ecdc.europa.eu\" data-legend=\"Carte de l'\u00e9pid\u00e9mie de Covid-19\u00a0en Europe sur les cas cumul\u00e9s en semaine 16 et 17 de 2021\">Carte de l&rsquo;\u00e9pid\u00e9mie de Covid-19\u00a0en Europe sur les cas cumul\u00e9s en semaine 16 et 17 de 2021 <small>\u00a9\u00a0Ecdc.europa.eu<\/small><\/figcaption><\/figure>\n<\/div>\n<div style=\"text-align:center\">\n<figure class=\"image\" style=\"display:inline-block\"><a class=\"fancy\" href=\"https:\/\/img-3.journaldesfemmes.fr\/ZoiUuPPP2-psIiHqzsO64GyLEhU=\/1080x\/smart\/bc9a08aa71ae4afc8037a808d7438944\/ccmcms-jdf\/24475021.png\"><img decoding=\"async\" alt=\"carte-covid-monde\" src=\"https:\/\/img-3.journaldesfemmes.fr\/ZoiUuPPP2-psIiHqzsO64GyLEhU=\/1080x\/smart\/bc9a08aa71ae4afc8037a808d7438944\/ccmcms-jdf\/24475021.png\"\/><\/a><figcaption data-credit=\"Ecdc.europa.eu\" data-legend=\"R\u00e9partition g\u00e9ographique du nombre cumulatif de cas de COVID-19\u00a0signal\u00e9s pour 100\u00a0000\u00a0habitants, dans le monde, sur les 14\u00a0derniers jours, pour les semaines 16-17 (26 avril au 3\u00a0mai) \">R\u00e9partition g\u00e9ographique du nombre cumulatif de cas de COVID-19\u00a0signal\u00e9s pour 100\u00a0000\u00a0habitants, dans le monde, sur les 14\u00a0derniers jours, pour les semaines 16-17 (26 avril au 3\u00a0mai) <small>\u00a9\u00a0Ecdc.europa.eu<\/small><\/figcaption><\/figure>\n<\/div>\n<aside id=\"NL_1933683115\" class=\"newsletter_subscription jNlBlock\"><noscript><br \/>\n            <\/noscript><\/p>\n<h3 class=\"newsletter_subscription-title\">Newsletter <\/h3>\n<p><a href=\"\/\/mailing.ccmbg.com\/archive\/last-85\" target=\"_blank\" class=\"a_hover\" rel=\"noopener noreferrer\">Voir un exemple<\/a><\/p>\n<\/aside>\n<p>Depuis le 24 janvier, <strong>tout d\u00e9placement international &#8211; depuis l&rsquo;\u00e9tranger vers la France et de France vers l&rsquo;\u00e9tranger &#8211; est totalement et strictement d\u00e9conseill\u00e9 jusqu&rsquo;\u00e0 nouvel ordre.<\/strong>\u00a0En application du\u00a0<a href=\"https:\/\/www.legifrance.gouv.fr\/jorf\/id\/JORFTEXT000043039948\" rel=\"external noopener noreferrer\" target=\"_blank\" title=\"lien externe\">d\u00e9cret n\u00b0\u00a02021-57\u00a0du 23\u00a0janvier 2021<\/a>, tout voyageur de 11\u00a0ans ou plus souhaitant venir en France en provenance d&rsquo;un pays de l&rsquo;espace europ\u00e9en (Union europ\u00e9enne, Andorre, Islande, Liechtenstein, Monaco, Norv\u00e8ge, Saint-Marin, Saint-Si\u00e8ge et Suisse) a l&rsquo;obligation de pr\u00e9senter le r\u00e9sultat d&rsquo;un examen biologique de d\u00e9pistage virologique (RT-PCR) ne concluant pas \u00e0 une contamination par le COVID-19\u00a0r\u00e9alis\u00e9 72\u00a0heures avant le d\u00e9part. Cependant, cette mesure ne s&rsquo;applique ni aux frontaliers ni aux voyageurs arrivant par voie terrestre (par la route et par le train).<\/p>\n<table border=\"1\" cellpadding=\"1\" cellspacing=\"1\" style=\"width:100%;\">\n<thead>\n<tr>\n<th scope=\"col\">DATES CLES DE L&rsquo;EPIDEMIE DE COVID-19 DANS LE MONDE<\/th>\n<\/tr>\n<\/thead>\n<tbody>\n<tr>\n<td>\n<ul>\n<li><strong>31\u00a0d\u00e9cembre 2019,<\/strong> l&rsquo;Organisation mondiale de la Sant\u00e9 en Chine est inform\u00e9e de plusieurs cas de pneumonies dans la ville de Wuhan. 44\u00a0personnes sont infect\u00e9es entre cette date et le 3\u00a0janvier 2020.<\/li>\n<li><strong>7\u00a0janvier 2020, <\/strong>les autorit\u00e9s chinoises identifient un \u00ab\u00a0nouveau type de coronavirus\u00a0\u00bb.<\/li>\n<li><strong>13\u00a0janvier, <\/strong>un cas import\u00e9 est recens\u00e9 en Tha\u00eflande.<\/li>\n<li><strong>15\u00a0janvier<\/strong>, le virus cause\u00a0la mort d&rsquo;<strong>une premi\u00e8re\u00a0personne \u00e0 Wuhan<\/strong>, un homme de 69\u00a0ans.\u00a0<\/li>\n<li><strong>23\u00a0janvier,<\/strong> trois villes chinoises dont Wuhan sont plac\u00e9es en quarantaine.<\/li>\n<li><strong>25\u00a0janvier, trois personnes\u00a0contamin\u00e9es sont recens\u00e9es en France<\/strong>, deux \u00e0 Paris et une Bordeaux. Ce sont les premiers cas enregistr\u00e9s sur le continent europ\u00e9en.<\/li>\n<li><strong>30\u00a0janvier, <\/strong>l&rsquo;Organisation mondiale de la Sant\u00e9 <strong>d\u00e9cr\u00e8te\u00a0l&rsquo;<a href=\"https:\/\/sante.journaldesfemmes.fr\/fiches-maladies\/2608035-urgence-de-sante-publique-de-portee-internationale-definition-oms-coronavirus\/\" target=\"_blank\" rel=\"noopener noreferrer\">urgence de sant\u00e9 mondiale<\/a><\/strong>.\u00a0Cette mesure n&rsquo;avait \u00e9t\u00e9 d\u00e9cr\u00e9t\u00e9e que 5\u00a0fois depuis sa cr\u00e9ation (pour Ebola (deux fois), la grippe H1N1, Zika et la poliomy\u00e9lite).\u00a0<\/li>\n<li><strong>11\u00a0mars, <\/strong>l&rsquo;OMS classifie de <strong>pand\u00e9mie <\/strong>la diffusion de la maladie \u00e0 coronavirus Covid-19\u00a0dans le monde.<\/li>\n<li><strong>13\u00a0mars<\/strong>, l&rsquo;OMS d\u00e9signe d\u00e9sormais l&rsquo;Europe comme \u00e9picentre.<\/li>\n<li><strong>16\u00a0mars, <\/strong>l&rsquo;Europe <a href=\"http:\/\/www.affinite.fr\/index.php\/2022\/10\/22\/la-creme-glacee-la-nouvelle-culture-commerciale\/\">ferme<\/a> ses fronti\u00e8res ainsi que celles de l&rsquo;espace Schengen. La France met en place un dispositif de confinement interdisant les d\u00e9placements.<\/li>\n<li><strong>2\u00a0avril,<\/strong>\u00a0le <strong>million de cas<\/strong> de coronavirus dans le monde est d\u00e9pass\u00e9, et plus de 51.000\u00a0morts, selon le d\u00e9compte de l&rsquo;h\u00f4pital am\u00e9ricain de r\u00e9f\u00e9rence Johns-Hopkins.<\/li>\n<li><strong>28\u00a0juin,<\/strong> le cap des<strong> 10\u00a0millions de cas <\/strong>de coronavirus est franchi\u00a0dans le monde, et les\u00a0<strong>500\u00a0000\u00a0d\u00e9c\u00e8s <\/strong>ont \u00e9t\u00e9 atteints dans la nuit du 28\u00a0au 29\u00a0juin 2020, selon les chiffres de l&rsquo;h\u00f4pital am\u00e9ricain de r\u00e9f\u00e9rence Johns-Hopkins.<\/li>\n<li><strong>Au 1er octobre<\/strong>, le <strong>cap du million de morts<\/strong> du Covid-19\u00a0dans le monde est franchi.<\/li>\n<li><strong>27\u00a0janvier 2021,<\/strong> plus de <strong>100 millions <\/strong>de personnes ont \u00e9t\u00e9 infect\u00e9es par le nouveau coronavirus dans le monde.\u00a0<\/li>\n<li><strong>28 janvier 2021 :<\/strong> record de d\u00e9c\u00e8s en 24 heures avec 18 000 personnes d\u00e9c\u00e9d\u00e9es du Covid-19.<\/li>\n<li><strong>19 f\u00e9vrier 2021 : <\/strong>le cap des 110\u00a0millions de cas depuis le d\u00e9but de l&rsquo;\u00e9pid\u00e9mie est d\u00e9pass\u00e9 dans le monde.<\/li>\n<\/ul>\n<\/td>\n<\/tr>\n<\/tbody>\n<\/table>\n<\/div>\n<p>[ad_2]<br \/>\n<br \/><a href=\"https:\/\/sante.journaldesfemmes.fr\/fiches-maladies\/2657799-covid-monde-mort-classement-bilan-pays-evolution-direct-inde-nombre-deces-statistiques-combien\/\">Source link <\/a><\/p>\n","protected":false},"excerpt":{"rendered":"<p>[ad_1] CORONAVIRUS MONDE &#8211; Le Royaume-Uni va\u00a0ouvrir\u00a0la vaccination aux plus de 35\u00a0ans d\u00e8s la semaine prochaine. Au Br\u00e9sil cependant, la &hellip; <a href=\"http:\/\/www.affinite.fr\/index.php\/2021\/05\/16\/covid-monde-levolution-de-lepidemie\/\" class=\"more-link\">Plus <span class=\"screen-reader-text\">Covid Monde\u00a0: l&rsquo;\u00e9volution de l&rsquo;\u00e9pid\u00e9mie<\/span> <span class=\"meta-nav\">&rarr;<\/span><\/a><\/p>\n","protected":false},"author":1,"featured_media":6395,"comment_status":"open","ping_status":"open","sticky":false,"template":"","format":"standard","meta":{"_sitemap_exclude":false,"_sitemap_priority":"","_sitemap_frequency":"","footnotes":""},"categories":[1],"tags":[],"class_list":["post-6394","post","type-post","status-publish","format-standard","has-post-thumbnail","hentry","category-tous"],"_links":{"self":[{"href":"http:\/\/www.affinite.fr\/index.php\/wp-json\/wp\/v2\/posts\/6394"}],"collection":[{"href":"http:\/\/www.affinite.fr\/index.php\/wp-json\/wp\/v2\/posts"}],"about":[{"href":"http:\/\/www.affinite.fr\/index.php\/wp-json\/wp\/v2\/types\/post"}],"author":[{"embeddable":true,"href":"http:\/\/www.affinite.fr\/index.php\/wp-json\/wp\/v2\/users\/1"}],"replies":[{"embeddable":true,"href":"http:\/\/www.affinite.fr\/index.php\/wp-json\/wp\/v2\/comments?post=6394"}],"version-history":[{"count":0,"href":"http:\/\/www.affinite.fr\/index.php\/wp-json\/wp\/v2\/posts\/6394\/revisions"}],"wp:featuredmedia":[{"embeddable":true,"href":"http:\/\/www.affinite.fr\/index.php\/wp-json\/wp\/v2\/media\/6395"}],"wp:attachment":[{"href":"http:\/\/www.affinite.fr\/index.php\/wp-json\/wp\/v2\/media?parent=6394"}],"wp:term":[{"taxonomy":"category","embeddable":true,"href":"http:\/\/www.affinite.fr\/index.php\/wp-json\/wp\/v2\/categories?post=6394"},{"taxonomy":"post_tag","embeddable":true,"href":"http:\/\/www.affinite.fr\/index.php\/wp-json\/wp\/v2\/tags?post=6394"}],"curies":[{"name":"wp","href":"https:\/\/api.w.org\/{rel}","templated":true}]}}