{"id":6386,"date":"2021-05-15T21:13:27","date_gmt":"2021-05-15T21:13:27","guid":{"rendered":"https:\/\/www.affinite.fr\/index.php\/2021\/05\/15\/covid-france-les-derniers-chiffres-3\/"},"modified":"2021-05-15T21:13:27","modified_gmt":"2021-05-15T21:13:27","slug":"covid-france-les-derniers-chiffres-3","status":"publish","type":"post","link":"http:\/\/www.affinite.fr\/index.php\/2021\/05\/15\/covid-france-les-derniers-chiffres-3\/","title":{"rendered":"Covid France\u00a0: les derniers chiffres"},"content":{"rendered":"<p> [ad_1]<br \/>\n<\/p>\n<p>\n                CORONAVIRUS DIRECT &#8211; La d\u00e9crue de l&rsquo;\u00e9pid\u00e9mie se poursuit. Pendant ce temps, la vaccination s&rsquo;acc\u00e9l\u00e8re et le nombre de personnes ayant re\u00e7u au moins une dose de vaccin anti-covid ce samedi soir a d\u00e9pass\u00e9 les vingt millions. Derniers chiffres et infos du jour.            <\/p>\n<div>\n<aside class=\"ccmsummary marqueur_module ccmcss_cms_summary ccmcss_cms_summary--right\">\n<p>\u00a0Sommaire<\/p>\n<\/aside>\n<p><strong>[Mis\u00a0\u00e0 jour le samedi 15<\/strong>\u00a0<strong>mai \u00e0 21h29<\/strong><b>]<\/b>\u00a0La pression hospitali\u00e8re li\u00e9e \u00e0 l&rsquo;\u00e9pid\u00e9mie de Covid-19 diminue encore ce samedi :\u00a022\u00a0950\u00a0personnes sont hospitalis\u00e9es, dont 4 271\u00a0en soins intensifs. <strong>15 685\u00a0nouvelles contaminations <\/strong>ont \u00e9t\u00e9 comptabilis\u00e9es ces derni\u00e8res<strong style=\"font-size: 1rem;\">\u00a024\u00a0heures.<\/strong><strong style=\"font-size: 1rem;\">\u00a0<\/strong>La situation sanitaire s&rsquo;est d\u00e9grad\u00e9e en\u00a0<strong>Guyane. Le territoire est reconfin\u00e9\u00a0pour 30\u00a0jours <\/strong>car son taux d&rsquo;incidence est le plus fort de France et\u00a0a fortement augment\u00e9 en une semaine. <strong>L&rsquo;objectif des 20\u00a0millions de primo-vaccin\u00e9s a \u00e9t\u00e9\u00a0atteint le\u00a015\u00a0mai<\/strong>, comme pr\u00e9vu par le gouvernement. <span style=\"font-size: 1rem;\">Que disent les\u00a0<\/span><a data-auth=\"NotApplicable\" href=\"https:\/\/sante.journaldesfemmes.fr\/fiches-maladies\/2667643-carte-covid-19-france-departement-plus-touches-zone-rouge-europe-temps-reel-region-monde-europe\/\" rel=\"noopener noreferrer\" style=\"font-size: 1rem; background-color: rgb(255, 255, 255);\" target=\"_blank\">cartes<\/a><span style=\"font-size: 1rem;\"> de suivi de l&rsquo;\u00e9pid\u00e9mie\u00a0? Quels sont les <\/span><a href=\"https:\/\/sante.journaldesfemmes.fr\/fiches-maladies\/2630075-symptomes-coronavirus-covid-19-mal-gorge-rhume-que-faire-variant-premier-apparition-duree\/\" style=\"font-size: 1rem; background-color: rgb(255, 255, 255);\" target=\"_blank\" rel=\"noopener noreferrer\">sympt\u00f4mes du coronavirus<\/a><span style=\"font-size: 1rem;\"> ? Quand <\/span><a href=\"https:\/\/sante.journaldesfemmes.fr\/fiches-maladies\/2621211-isolement-covid-19-variant-anglais-7-10-jours-cas-contact-duree-declarer-certificat-attestation\/\" style=\"font-size: 1rem; background-color: rgb(255, 255, 255);\" target=\"_blank\" rel=\"noopener noreferrer\">s&rsquo;isoler et combien de temps<\/a><span style=\"font-size: 1rem;\"> ?\u00a0<\/span><a data-auth=\"NotApplicable\" href=\"https:\/\/sante.journaldesfemmes.fr\/fiches-maladies\/2629823-taux-de-reproduction-covid-france-coronavirus-r0-r-effectif-calcul-carte-definition-mai-2021\/\" rel=\"noopener noreferrer\" style=\"font-size: 1rem; background-color: rgb(255, 255, 255);\" target=\"_blank\">Quel est le taux de R0\u00a0du virus<\/a><span style=\"font-size: 1rem;\">\u00a0? Quand est-on <\/span><a href=\"https:\/\/sante.journaldesfemmes.fr\/fiches-maladies\/2679521-contagion-covid-19-combien-de-temps-jours-duree-asymptomatique-symptomes-incubation-contagieux\/\" style=\"font-size: 1rem; background-color: rgb(255, 255, 255);\" target=\"_blank\" rel=\"noopener noreferrer\">contagieux<\/a><span style=\"font-size: 1rem;\"> ? Que sait-on des\u00a0<\/span><a href=\"https:\/\/sante.journaldesfemmes.fr\/fiches-maladies\/2620433-vaccin-coronavirus-covid-19-pfizer-moderna-astrazeneca-johnson-janssen-france-meilleur-choisir\/\" style=\"font-size: 1rem; background-color: rgb(255, 255, 255);\" target=\"_blank\" rel=\"noopener noreferrer\">vaccins<\/a><span style=\"font-size: 1rem;\">\u00a0? Des\u00a0<\/span><a href=\"https:\/\/sante.journaldesfemmes.fr\/fiches-maladies\/2686947-effet-secondaire-vaccin-covid-france-pfizer-moderna-astrazeneca-combien-de-temps-deuxieme-dose\/\" style=\"font-size: 1rem; background-color: rgb(255, 255, 255);\" target=\"_blank\" rel=\"noopener noreferrer\">effets secondaires<\/a><span style=\"font-size: 1rem;\">\u00a0apr\u00e8s la vaccination\u00a0? Chiffres et infos du jour.<\/span><\/p>\n<ul>\n<li><strong>20 millions de primo-vaccin\u00e9s.<\/strong>\u00a0La France a franchi samedi la\u00a0barre symbolique\u00a0des 20\u00a0millions de personnes ayant re\u00e7u au moins une dose de vaccin contre le\u00a0Covid-19. L&rsquo;objectif fix\u00e9 par le gouvernement a donc \u00e9t\u00e9 atteint, signe que la vaccination s&rsquo;acc\u00e9l\u00e8re un peu plus en France, \u00e0 quelques jours de la r\u00e9ouverture des commerces pr\u00e9vue le 19 mai.\u00a0<\/li>\n<li><b data-original-fontsize=\"20px\" data-original-lineheight=\"30px\">Plus de 480\u00a0000\u00a0injections ces derni\u00e8res 24\u00a0heures.\u00a0<\/b>Le 15\u00a0mai 2021, plus de 28\u00a0800\u00a0000\u00a0injections ont \u00e9t\u00e9 r\u00e9alis\u00e9es, dont 480 000 ces derni\u00e8res 24 heures. Le nombre de primo-vaccin\u00e9s atteint 20\u00a0086\u00a0792 (soit 30\u00a0% de la population totale et 38,2\u00a0% de la population de plus de 18 ans) et 8\u00a0805\u00a0345\u00a0personnes sont compl\u00e8tement vaccin\u00e9es (soit 13,1\u00a0% de la population totale et 16,8\u00a0% de la population majeure).<\/li>\n<li><strong>Quatre nouveaux pays concern\u00e9s par la quarantaine de dix jours obligatoire \u00e0 l&rsquo;arriv\u00e9e en France.<\/strong>\u00a0Selon l&rsquo;<a href=\"https:\/\/twitter.com\/afpfr\/status\/1393153624394637315\" target=\"_blank\" rel=\"noopener noreferrer\">AFP<\/a>,\u00a0\u00e0\u00a0partir de dimanche, les passagers en provenance du\u00a0Bahre\u00efn, de la Colombie, du\u00a0Costa Rica, et de l&rsquo;Uruguay devront respecter une quarantaine de 10\u00a0jours \u00e0 leur arriv\u00e9e en France. Ces 5\u00a0pays s&rsquo;ajoutent \u00e0 la liste des 11\u00a0pays qui\u00a0doivent d\u00e9j\u00e0 la respecter en arrivant\u00a0: la liste est disponible sur le <a href=\"https:\/\/www.gouvernement.fr\/quarantaine-de-10-jours-pour-entrer-en-france-les-pays-concernes\" target=\"_blank\" rel=\"noopener noreferrer\">site<\/a> du gouvernement.<\/li>\n<li><strong>25 800 primo-vaccin\u00e9s\u00a0\u00e0 Disneyland. <\/strong>Le vaccinodrome de Disneyland, en Seine-et-Marne,\u00a0tourne \u00e0 plein r\u00e9gime. Selon <a href=\"https:\/\/www.leparisien.fr\/seine-et-marne-77\/nous-navons-jete-aucune-dose-le-vaccinodrome-de-disneyland-paris-tourne-a-plein-regime-15-05-2021-VWQO3VLPIREUPMVAS7OCJPV4NE.php\" target=\"_blank\" rel=\"noopener noreferrer\">le Parisien,<\/a>\u00a0plus de 25800\u00a0personnes y ont re\u00e7u une dose de Pfizer-BioNTech, depuis son ouverture le 24\u00a0avril.<\/li>\n<li><strong>Vaccination \u00e0 Nice. <\/strong>La\u00a0Ville de Nice acc\u00e9l\u00e8re la vaccination en ouvrant\u00a0de nouveaux cr\u00e9neaux de vaccination en journ\u00e9e, de 8h30\u00a0\u00e0 17h : au Gymnase Sam Joubij, lundi ; au Palais Nika\u00efa, mardi ;\u00a0au Forum Nice Nord jeudi. Toutes les personnes de 18\u00a0ans et plus peuvent s&rsquo;y\u00a0rendre sans rendez-vous, munies d&rsquo;une pi\u00e8ce d&rsquo;identit\u00e9 et de la carte vitale.\u00a0<\/li>\n<li><strong>Taux d&rsquo;incidence en baisse en Ile-de-France.<\/strong>\u00a0Tous les d\u00e9partements d&rsquo;\u00cele-de-France sont d\u00e9sormais pass\u00e9s sous un taux d&rsquo;incidence de 300 cas pour 100 000 habitants. Le taux de positivit\u00e9 est \u00e9galement en baisse depuis le d\u00e9but de la semaine.<\/li>\n<li><strong>Moderna en pharmacie et chez les m\u00e9decins<\/strong>.\u00a0Le ministre de la Sant\u00e9, Olivier V\u00e9ran a\u00a0confirm\u00e9 vendredi sur Twitter, que les m\u00e9decins de ville et les pharmaciens pourront commander des vaccins Moderna d\u00e8s la semaine prochaine. Les\u00a0premi\u00e8res injections seront possibles en officine \u00e0 compter du\u00a028\u00a0mai. Les soignants lib\u00e9raux pourront \u00e9galement commander des doses du vaccin d\u00e8s lundi 17 mai.<\/li>\n<li><strong>Fin de la quarantaine pour les touristes fran\u00e7ais en Italie. <\/strong>L&rsquo;Italie a annonc\u00e9 vendredi mettre fin \u00e0 la \u00ab\u00a0quarantaine\u00a0\u00bb de cinq jours, pour les touristes europ\u00e9ens \u00e0 partir de dimanche.<\/li>\n<li><strong>La Guyane reconfin\u00e9e.\u00a0<\/strong>C&rsquo;est le d\u00e9partement qui a le taux d&rsquo;incidence le plus fort de France\u00a0: 345,7\u00a0sur la semaine glissante du 4\u00a0au 10\u00a0mai, alors que le taux d&rsquo;incidence national est de 174,9\u00a0pour 100\u00a0000\u00a0hab. Ainsi, le d\u00e9partement est confin\u00e9 \u00e0 partir du 14\u00a0au 30\u00a0mai pendant 17\u00a0jours, a annonc\u00e9 la pr\u00e9fecture de Guyane sur <a href=\"https:\/\/twitter.com\/Prefet973\/status\/1392621769895333888\" target=\"_blank\" rel=\"noopener noreferrer\">Twitter.<\/a><\/li>\n<\/ul>\n<p><a id=\"coronavirus-france-bilan-jour-aujourd-hui-derniers-chiffres\" name=\"coronavirus-france-bilan-jour-aujourd-hui-derniers-chiffres\" style=\"font-size: 1.125rem; background-color: rgb(255, 255, 255);\" target=\"_blank\" rel=\"noopener noreferrer\">Bilan du jour\u00a0: les derniers chiffres de l&rsquo;\u00e9pid\u00e9mie en France<\/a><\/p>\n<section>\n<p><strong style=\"font-size: 1rem;\">Selon les derniers chiffres publi\u00e9s par <a href=\"https:\/\/www.gouvernement.fr\/info-coronavirus\/carte-et-donnees\" target=\"_blank\" rel=\"noopener noreferrer\">le gouvernement<\/a>,\u00a0au samedi\u00a015\u00a0mai, en France :<\/strong><\/p>\n<p><span style=\"font-size: 1rem;\">\u2022 5 863\u00a0839\u00a0personnes ont \u00e9t\u00e9 contamin\u00e9es par le coronavirus\u00a0<\/span><strong style=\"font-size: 1rem;\">(+15 685<\/strong><strong>\u00a0<\/strong><strong style=\"font-size: 1rem;\">en 24\u00a0heures)<\/strong><\/p>\n<p>\u2022 107 564\u00a0personnes sont d\u00e9c\u00e9d\u00e9es en France\u00a0<strong>(+112\u00a0en 24\u00a0heures),<\/strong><strong>\u00a0<\/strong>dont 81 257\u00a0\u00e0 l&rsquo;h\u00f4pital.<\/p>\n<p>\u2022<strong>\u00a04 271\u00a0patients Covid-19\u00a0sont en soins critiques <\/strong>(soit en r\u00e9animation, soins intensifs et surveillance continue)\u00a0(-90 en 24\u00a0heures).\u00a0<\/p>\n<p>\u2022 22 950 patients Covid-19\u00a0\u00e9taient\u00a0hospitalis\u00e9s (-456\u00a0en 24\u00a0heures).<\/p>\n<\/section>\n<p>Depuis le 3 mai, les contraintes de d\u00e9placement en journ\u00e9e \u00e0 plus de 10\u00a0km de son domicile et l&rsquo;obligation de pr\u00e9senter une attestation de d\u00e9placement en journ\u00e9e sont lev\u00e9es. Le couvre-feu reste \u00e0 19 heures. Le 19\u00a0mai, le couvre-feu sera d\u00e9cal\u00e9 \u00e0 21 heures. Le 9 juin, il sera d\u00e9cal\u00e9 \u00e0 23 heures. Le 30 juin, il n&rsquo;y aura normalement plus de couvre-feu.\u00a0<\/p>\n<div style=\"text-align:center\">\n<figure class=\"image\" style=\"display:inline-block\"><a class=\"fancy\" href=\"https:\/\/img-3.journaldesfemmes.fr\/0TqvK6UsZln3l860txvZSRjHD08=\/1080x\/smart\/a709a8a6b4d04d868d754c9935b30387\/ccmcms-jdf\/24351698.jpg\"><img decoding=\"async\" alt=\"couvre-feu france\" src=\"https:\/\/img-3.journaldesfemmes.fr\/XoO2WUbO-APe0W57_JFl-LtrKlA=\/600x\/smart\/a709a8a6b4d04d868d754c9935b30387\/ccmcms-jdf\/24351698.jpg\"\/><\/a><figcaption data-credit=\"Gouvernement.fr\" data-legend=\"Les \u00e9tapes du couvre-feu.\">Les \u00e9tapes du couvre-feu. <small>\u00a9\u00a0Gouvernement.fr<\/small><\/figcaption><\/figure>\n<\/div>\n<p>Une r\u00e9ouverture de la France en 4\u00a0\u00e9tapes\u00a0: Emmanuel Macron a d\u00e9voil\u00e9 son plan de r\u00e9ouverture de la France \u00e0 la presse quotidienne r\u00e9gionale et au Parisien\u00a0le 28 avril. Vendredi 30 avril, le porte-parole du gouvernement, Gabriel Attal a cependant indiqu\u00e9 sur BFM-TV que <strong><em>\u00ab\u00a0si dans un d\u00e9partement la situation est d\u00e9grad\u00e9e, il faut pouvoir freiner le passage d&rsquo;une \u00e9tape\u00a0\u00bb.<\/em><\/strong><\/p>\n<table border=\"1\" cellpadding=\"1\" cellspacing=\"1\" style=\"width:100%;\">\n<thead>\n<tr>\n<th scope=\"col\" style=\"width: 102px; text-align: center;\">DATES CLES<\/th>\n<th scope=\"col\" style=\"width: 892px; text-align: center;\">NOUVELLES MESURES<\/th>\n<\/tr>\n<\/thead>\n<tbody>\n<tr>\n<td style=\"width: 102px;\"><strong>3 mai<\/strong><\/td>\n<td style=\"width: 892px;\">\n<p>couvre-feu \u00e0 19\u00a0heures<\/p>\n<p>r\u00e9ouverture des coll\u00e8ges en demi-jauge pour les 4e et les 3e ainsi que des lyc\u00e9es<\/p>\n<p>lev\u00e9e des restrictions pour les d\u00e9placements entre r\u00e9gions<\/p>\n<p>fin de l&rsquo;attestation de d\u00e9placement en journ\u00e9e<\/p>\n<\/td>\n<\/tr>\n<tr>\n<td style=\"width: 102px;\"><strong>19 mai<\/strong><\/td>\n<td style=\"width: 892px;\">\n<p><strong>couvre-feu d\u00e9cal\u00e9 \u00e0 21\u00a0heures<\/strong><\/p>\n<p>r\u00e9ouverture conditionn\u00e9e \u00e0 des jauges et protocoles des commerces, mus\u00e9es, monuments, <strong>cin\u00e9mas<\/strong>, <strong>th\u00e9\u00e2tre<\/strong>, salle avec public assis (800\u00a0en int\u00e9rieur-1000\u00a0en ext\u00e9rieur)<\/p>\n<p>r\u00e9ouverture des activit\u00e9s sportives de plein air et dans les lieux couverts avec protocole<\/p>\n<p><strong>r\u00e9ouverture des terrasses <\/strong>avec 6\u00a0personnes au maximum par table<\/p>\n<p>rassemblement de plus de 10\u00a0personnes interdits<\/p>\n<p>r\u00e9ouverture avec jauge et protocole des \u00e9tablissements sportifs de plein air et couverts pour les spectateurs (800\u00a0en int\u00e9rieur-1000\u00a0en ext\u00e9rieur).<\/p>\n<\/td>\n<\/tr>\n<tr>\n<td style=\"width: 102px;\"><strong>9 juin<\/strong><\/td>\n<td style=\"width: 892px;\">\n<p><strong>couvre-feu \u00e0 23\u00a0heures <\/strong><\/p>\n<p>r\u00e9ouverture avec jauge et protocole des caf\u00e9s et restaurants (6\u00a0personnes par table)<\/p>\n<p>possibilit\u00e9 d&rsquo;accueillir jusqu&rsquo;\u00e0 5000\u00a0personnes dans les lieux de culture et les \u00e9tablissements sportifs (avec pass sanitaire)<\/p>\n<p>Assouplissement du t\u00e9l\u00e9travail<\/p>\n<p>R\u00e9ouverture des salons et foires (jusqu&rsquo;\u00e0 5000\u00a0personnes)<\/p>\n<p><strong>R\u00e9ouverture des salles de sport,<\/strong> \u00e9largissement aux sports de contact en plein air et sans contact en int\u00e9rieur.<\/p>\n<\/td>\n<\/tr>\n<tr>\n<td style=\"width: 102px;\"><strong>30 juin<\/strong><\/td>\n<td style=\"width: 892px;\">\n<p><strong>fin du couvre-feu<\/strong><\/p>\n<p>possibilit\u00e9 de participer aux \u00e9v\u00e8nements de plus de 1000\u00a0personnes en ext\u00e9rieur et en int\u00e9rieur\u00a0(avec pass sanitaire)<\/p>\n<p>fin des limites de jauge selon la situation sanitaire locale.<\/p>\n<\/td>\n<\/tr>\n<\/tbody>\n<\/table>\n<p><strong>\u25ba D\u00e9tails du protocole de r\u00e9ouverture. <\/strong>Dans un entretien exclusif au\u00a0<a href=\"https:\/\/www.leparisien.fr\/societe\/exclusif-deconfinement-pass-sanitaire-jauges-reouvertures-le-plan-detaille-du-gouvernement-10-05-2021-2BUDUA6IHBA2RJ3A74LCTSSK7M.php\" rel=\"nofollow noopener noreferrer\" target=\"_blank\"><em>Parisien<\/em><\/a><i>,<\/i>\u00a0le Premier ministre Jean Castex a d\u00e9voil\u00e9 les d\u00e9tails des protocoles de r\u00e9ouverture en France. D\u00e8s le 19\u00a0mai\u00a0:<\/p>\n<p>\u2192\u00a0<strong>Les terrasses des restaurants, bars ou\u00a0caf\u00e9s <\/strong>pourront ouvrir \u00e0 50% de leur capacit\u00e9 d&rsquo;accueil, avec des tabl\u00e9es de 6\u00a0personnes maximum, obligatoirement assises.\u00a0L&rsquo;int\u00e9rieur des \u00e9tablissements reste ferm\u00e9.<\/p>\n<p>\u2192 <strong>H\u00f4tels\u00a0: <\/strong>r\u00e9ouverture totale de la terrasse, en places assises uniquement, pour tous les clients. Le restaurant int\u00e9rieur pourra rouvrir pour les clients des \u00e9tablissements h\u00f4teliers, ou en cas de vacances \u00ab\u00a0all inclusive\u00a0\u00bb.<\/p>\n<p>\u2192 <strong>Commerces.<\/strong> Tous les magasins peuvent rouvrir. Ceux de moins de 8m\u00b2 ne peuvent recevoir qu&rsquo;un seul client, les autres doivent faire en sorte de r\u00e9server 8m\u00b2 pour chaque personne.<\/p>\n<p>\u2192 <strong>March\u00e9s.\u00a0<\/strong>Le nombre de clients doit \u00eatre limit\u00e9 \u00e0 8\u00a0m\u00b2 pour chacun d&rsquo;entre eux dans les march\u00e9s ouverts, et 4m\u00b2 par personne en ext\u00e9rieur.<\/p>\n<p>\u2192 <strong>Mus\u00e9es, expositions, monuments culturels.<\/strong> R\u00e9ouverture avec une<b data-original-fontsize=\"20px\" data-original-lineheight=\"28px\">\u00a0<\/b>jauge de 8m\u00b2 par personne et un protocole sanitaire adapt\u00e9 \u00e0 respecter.<\/p>\n<p>\u2192 <strong>Cin\u00e9mas, th\u00e9\u00e2tres, salles de spectacle ou de concert assis.<\/strong>\u00a0Chaque salle ne peut pas recevoir plus de 35\u00a0% de sa capacit\u00e9 d&rsquo;accueil maximale, avec un plafond \u00e0 800\u00a0spectateurs.<\/p>\n<p>\u2192 <strong>Salles des f\u00eates, polyvalentes, chapiteaux.<\/strong> Chaque \u00e9tablissement ne peut pas recevoir plus de 35\u00a0% de sa capacit\u00e9 d&rsquo;accueil maximale et chaque salle est plafonn\u00e9e \u00e0 800\u00a0spectateurs.<\/p>\n<p>\u2192 <strong>Biblioth\u00e8ques.<\/strong>\u00a0Maintien de la jauge de 8m\u00b2 par personne et il faut laisser un si\u00e8ge sur deux vide en configuration assise.<\/p>\n<p>\u2192<strong> C\u00e9r\u00e9monies fun\u00e9raires en ext\u00e9rieur<\/strong>\u00a0sont limit\u00e9es \u00e0 50\u00a0personnes.<\/p>\n<p><strong>\u00c0 partir du lundi 3\u00a0mai,<\/strong> les mesures de restriction de d\u00e9placement en journ\u00e9e sont lev\u00e9es et l&rsquo;attestation de d\u00e9placement<strong> n&rsquo;est plus n\u00e9cessaire entre 6h et 19h.\u00a0<\/strong>L&rsquo;attestation de d\u00e9placement est par contre<strong> obligatoire pour tous les d\u00e9placements entre 19h et 6h <\/strong>sur l&rsquo;ensemble du territoire m\u00e9tropolitain.<\/p>\n<p>&gt; <a href=\"https:\/\/www.interieur.gouv.fr\/Actualites\/L-actu-du-Ministere\/Attestations-de-deplacement\" target=\"_blank\" rel=\"noopener noreferrer\">T\u00e9l\u00e9charger\/Remplir l&rsquo;attestation<\/a>\u00a0<\/p>\n<p><strong>&gt;\u00a0Je peux\u00a0me d\u00e9placer entre 19h00\u00a0et 06h00\u00a0pour l&rsquo;une des raisons suivantes\u00a0:<\/strong><\/p>\n<ul>\n<li><label for=\"checkbox-curfew-travail\"><strong>Activit\u00e9 professionnelle, enseignement et <a href=\"http:\/\/www.affinite.fr\/index.php\/2022\/11\/09\/formation-de-glacier-apprenez-le-metier-de-glacier-et-changez-votre-vie\/\">formation<\/a>, mission d&rsquo;int\u00e9r\u00eat g\u00e9n\u00e9ral<\/strong><\/label><\/li>\n<\/ul>\n<p><label for=\"checkbox-curfew-travail\">&#8211; D\u00e9placements entre le domicile et le lieu de travail ou d&rsquo;enseignement ou de formation.<br \/>&#8211; D\u00e9placements professionnels ne pouvant \u00eatre diff\u00e9r\u00e9s, livraisons.<br \/>&#8211; D\u00e9placements li\u00e9s \u00e0 des missions d&rsquo;int\u00e9r\u00eat g\u00e9n\u00e9ral sur demande de l&rsquo;autorit\u00e9 administrative.<\/label><\/p>\n<ul>\n<li><label for=\"checkbox-curfew-sante\"><strong>Sant\u00e9 (consultation et soins)<\/strong><\/label><\/li>\n<\/ul>\n<p><label for=\"checkbox-curfew-sante\">&#8211; D\u00e9placements pour des consultations, examens, actes de pr\u00e9vention (dont vaccination) et soins ne pouvant \u00eatre assur\u00e9s \u00e0 distance ou pour l&rsquo;achat de produits de sant\u00e9.<\/label><\/p>\n<ul>\n<li><label for=\"checkbox-curfew-famille\"><strong>Motif familial imp\u00e9rieux, assistance aux personnes vuln\u00e9rables, garde d&rsquo;enfants, situation de handicap<\/strong><\/label><\/li>\n<\/ul>\n<p><label for=\"checkbox-curfew-famille\">&#8211; D\u00e9placements pour motif familial imp\u00e9rieux, pour l&rsquo;assistance aux personnes vuln\u00e9rables ou pr\u00e9caires ou pour la garde d&rsquo;enfants.<br \/>&#8211; D\u00e9placements des personnes en situation de handicap et de leur accompagnant.\u202f<\/label><\/p>\n<ul>\n<li><label for=\"checkbox-curfew-convocation_demarches\"><strong>Convocation judiciaire ou administrative, d\u00e9marches ne pouvant \u00eatre men\u00e9es \u00e0 distance<\/strong><\/label><\/li>\n<\/ul>\n<p><label for=\"checkbox-curfew-convocation_demarches\">&#8211; D\u00e9placements pour r\u00e9pondre \u00e0 une convocation judiciaire ou administrative ou pour se rendre chez un professionnel du droit pour un acte ou une d\u00e9marche qui ne peut \u00eatre r\u00e9alis\u00e9 \u00e0 distance.<\/label><\/p>\n<ul>\n<li><label for=\"checkbox-curfew-transit\"><strong>D\u00e9placements li\u00e9s \u00e0 des transferts ou transits depuis des gares ou a\u00e9roports dans le cadre de d\u00e9placements de longue distance<\/strong><\/label><\/li>\n<li><label for=\"checkbox-curfew-animaux\"><strong>Animaux de compagnie<\/strong><\/label><\/li>\n<\/ul>\n<p><label for=\"checkbox-curfew-animaux\">&#8211; D\u00e9placements brefs pour les besoins des animaux de compagnie (dans un rayon de 1\u00a0kilom\u00e8tre autour du domicile).<\/label><\/p>\n<p>Tous les d\u00e9partements sont repass\u00e9s sous le seuil d&rsquo;alerte fix\u00e9 par le gouvernement \u00e0 400 cas de Covid pour 100 000 habitants.\u00a0<\/p>\n<div style=\"text-align:center\">\n<figure class=\"image\" style=\"display:inline-block\"><a class=\"fancy\" href=\"https:\/\/img-3.journaldesfemmes.fr\/agmHKBKNhY_GmKk4G6NWUgTP7Sk=\/1080x\/smart\/1b08dbfb006246c6803c02345da61c86\/ccmcms-jdf\/24659395.png\"><img decoding=\"async\" alt=\"taux-incidence-covid-france-courbe\" src=\"https:\/\/img-3.journaldesfemmes.fr\/agmHKBKNhY_GmKk4G6NWUgTP7Sk=\/1080x\/smart\/1b08dbfb006246c6803c02345da61c86\/ccmcms-jdf\/24659395.png\"\/><\/a><figcaption data-credit=\"GEODES\" data-legend=\"Taux d'incidence en France du 30 avril au 6 mai (semaine glissante) \">Taux d&rsquo;incidence en France du 4 au 10 mai (semaine glissante) <small>\u00a9\u00a0GEODES<\/small><\/figcaption><\/figure>\n<\/div>\n<blockquote>\n<p><iframe loading=\"lazy\" height=\"600\" src=\"https:\/\/geodes.santepubliquefrance.fr\/?view=map2&amp;indics=sp_ti_tp_7j.tx_pe_gliss&amp;serie=2021-02-15-2021-02-21&amp;lang=fr&amp;iframe=1\" width=\"600\"><\/iframe><\/p>\n<\/blockquote>\n<p>Selon le <a href=\"https:\/\/www.santepubliquefrance.fr\/maladies-et-traumatismes\/maladies-et-infections-respiratoires\/infection-a-coronavirus\/documents\/bulletin-national\/covid-19-point-epidemiologique-du-13-mai-2021\" target=\"_blank\" rel=\"noopener noreferrer\">dernier point \u00e9pid\u00e9miologique hebdomadaire\u00a0de Sant\u00e9 Publique France<\/a> publi\u00e9 le 13\u00a0mai, en\u00a0semaine 18\u00a0(3 au 9 mai), l&rsquo;<strong>am\u00e9lioration de l&rsquo;ensemble des indicateurs \u00e9pid\u00e9miologiques s&rsquo;est poursuivie<\/strong>, mais la circulation du virus reste toujours soutenue sur :\u00a0<\/p>\n<ul>\n<li>Le ralentissement de la circulation virale se confirme avec des R-effectifs significativement inf\u00e9rieurs \u00e0 1\u00a0en m\u00e9tropole pour la quatri\u00e8me\u00a0semaine cons\u00e9cutive.<\/li>\n<li>Diminution du taux d&rsquo;incidence pour la quatri\u00e8me semaine cons\u00e9cutive dans toutes les classes d&rsquo;\u00e2ge\u00a0except\u00e9 chez les 0-14\u00a0ans pour lesquels ce taux \u00e9tait stable (-1%). La diminution la plus marqu\u00e9e \u00e9tait chez les 75\u00a0ans et plus (-31%) suivis par les 65-74\u00a0ans (-29%), les 45-64\u00a0ans (-23%) et les 15-44\u00a0ans (-18%).<\/li>\n<li>Diminution des nouvelles hospitalisations et des admissions en soins critiques (-12% et -14%)<\/li>\n<li>Mortalit\u00e9 li\u00e9e \u00e0 la COVID-19\u00a0toujours \u00e9lev\u00e9e mais en baisse : -17% en semaine 18\u00a0par rapport \u00e0 la semaine pr\u00e9c\u00e9dente.\u00a0<\/li>\n<li>M\u00e9tropole\u00a0: r\u00e9gions \u00cele-de-France, Provence-Alpes-C\u00f4te d&rsquo;Azur et Hauts-de-France les plus touch\u00e9es<\/li>\n<li>Outre-Mer\u00a0: augmentation du taux d&rsquo;incidence \u00e0 en Guyane \u00e0 Saint Martin et \u00e0 la R\u00e9union.<\/li>\n<\/ul>\n<h3 style=\"text-align: center;\">\u00a0<\/h3>\n<div style=\"text-align:center\">\n<figure class=\"image\" style=\"display:inline-block\"><a class=\"fancy\" href=\"https:\/\/img-3.journaldesfemmes.fr\/vR5byFCWaex2yK9WKan5GvMaz40=\/1080x\/smart\/2a73662b854b485b8540081544665348\/ccmcms-jdf\/24659528.png\"><img decoding=\"async\" alt=\"courbe-evolution-incidence-covid\" src=\"https:\/\/img-3.journaldesfemmes.fr\/vR5byFCWaex2yK9WKan5GvMaz40=\/1080x\/smart\/2a73662b854b485b8540081544665348\/ccmcms-jdf\/24659528.png\"\/><\/a><figcaption data-credit=\"Sant\u00e9 Publique France\" data-legend=\". \u00c9volution des taux d\u2019incidence et de d\u00e9pistage par semaine, avec ou sans correction pour l\u2019effet des jours f\u00e9ri\u00e9s, depuis la semaine 23-2020, France (donn\u00e9es au 05 mai 2021)\">\u00c9volution des taux d\u2019incidence et de d\u00e9pistage par semaine, avec ou sans correction pour l\u2019effet des jours f\u00e9ri\u00e9s, depuis la semaine 23-2020, France (donn\u00e9es au 12 mai 2021) <small>\u00a9\u00a0Sant\u00e9 Publique France<\/small><\/figcaption><\/figure>\n<\/div>\n<p>\u2192 Le\u00a0<strong>pic \u00e9pid\u00e9mique<\/strong>\u00a0de la premi\u00e8re vague a \u00e9t\u00e9 observ\u00e9 la\u00a0<strong>semaine du 6\u00a0au 12\u00a0avril 2020<\/strong>, soit 15\u00a0jours\u00a0apr\u00e8s la mise en \u0153uvre des mesures de confinement de la population g\u00e9n\u00e9rale, le 17\u00a0mars 2020.<\/p>\n<p>\u2192 Le <strong>pic de la deuxi\u00e8me vague <\/strong>a eu lieu\u00a0du <strong>16\u00a0au 20\u00a0novembre,\u00a0<\/strong>trois semaines apr\u00e8s le deuxi\u00e8me confinement.<\/p>\n<p>\u2192 Le \u00ab\u00a0<em><strong>pic de la troisi\u00e8me vague semble derni\u00e8re nous \u00ab\u00a0<\/strong><\/em>\u00a0a indiqu\u00e9 le Premier ministre Jean Castex, le 22 avril.\u00a0<\/p>\n<p>Au 15\u00a0mai 2021,\u00a0un total de<strong>\u00a05 863\u00a0839\u00a0<\/strong><strong>cas\u00a0confirm\u00e9s\u00a0<\/strong>de coronavirus est rapport\u00e9 depuis le d\u00e9but de la pand\u00e9mie.\u00a0Au niveau national, en semaine 18 (3\u00a0au 9\u00a0mai), 2\u00a0291\u00a0303\u00a0personnes ont \u00e9t\u00e9 test\u00e9es pour le SARS-CoV-2\u00a0(vs 2\u00a0046\u00a0472\u00a0en semaine 17) et <strong>123\u00a0183\u00a0nouveaux cas confirm\u00e9s ont \u00e9t\u00e9 rapport\u00e9s.<\/strong> Le <strong>taux d&rsquo;incidence<\/strong> corrig\u00e9 des cas confirm\u00e9s (nombre de nouveaux cas rapport\u00e9 \u00e0 la population) \u00e9tait<br \/>de 197\u00a0pour 100\u00a0000\u00a0habitants en semaine 18, en diminution par rapport au taux corrig\u00e9 de la semaine pr\u00e9c\u00e9dente (241\u00a0cas\/100\u00a0000\u00a0habitants en S17, soit -18%). Le <strong>taux de d\u00e9pistage corrig\u00e9<\/strong> \u00e9tait de 3\u00a0659\u00a0pour 100\u00a0000\u00a0habitants en semaine 18, <strong>en augmentation de 12%\u00a0<\/strong>par rapport au taux corrig\u00e9 de semaine 17.<\/p>\n<div style=\"text-align:center\">\n<figure class=\"image\" style=\"display:inline-block\"><a class=\"fancy\" href=\"https:\/\/img-3.journaldesfemmes.fr\/hfo8SIkoCV8n_ICeI6_3HSfvzsA=\/1080x\/smart\/937b688fd2494f81b52bbf7955197e58\/ccmcms-jdf\/24659658.png\"><img decoding=\"async\" alt=\"courbe-covid-nombre-de-cas-france\" src=\"https:\/\/img-3.journaldesfemmes.fr\/hfo8SIkoCV8n_ICeI6_3HSfvzsA=\/1080x\/smart\/937b688fd2494f81b52bbf7955197e58\/ccmcms-jdf\/24659658.png\"\/><\/a><figcaption data-credit=\"Sant\u00e9 Publique France\" data-legend=\"Nombre incident de cas confirm\u00e9s de COVID-19 par semaine (date de pr\u00e9l\u00e8vement) rapport\u00e9s \u00e0 Sant\u00e9 publique France du 11 mai 2020 au 02 mai 2021, France (donn\u00e9es au 05 mai 2021) \">Nombre incident de cas confirm\u00e9s de COVID-19 par semaine (date de pr\u00e9l\u00e8vement) rapport\u00e9s \u00e0 Sant\u00e9 publique France du 11 mai 2020 au 02 mai 2021, France (donn\u00e9es au 12 mai 2021) <small>\u00a9\u00a0Sant\u00e9 Publique France<\/small><\/figcaption><\/figure>\n<\/div>\n<p>Samedi 15 mai,<strong>\u00a015 685\u00a0<\/strong><strong>nouvelles personnes<\/strong>\u00a0ont re\u00e7u un test positif au Covid-19 par rapport \u00e0 la veille. Au niveau national, en semaine 18\u00a0(3 au 9\u00a0mai)\u00a0119\u00a0761\u00a0nouveaux cas ont \u00e9t\u00e9 rapport\u00e9s.\u00a0Le taux de positivit\u00e9 \u00e9tait en diminution (5,4% vs 7,4% en S17.)<\/p>\n<div style=\"text-align:center\">\n<figure class=\"image\" style=\"display:inline-block\"><a class=\"fancy\" href=\"https:\/\/img-3.journaldesfemmes.fr\/lJ0DjOGIzyJyMCgfzQ5OF96OJVs=\/1080x\/smart\/1b39ba94ccf54d74a4c49387b1910a9d\/ccmcms-jdf\/24659959.png\"><img decoding=\"async\" alt=\"courbe-covid-france-incidence\" src=\"https:\/\/img-3.journaldesfemmes.fr\/lJ0DjOGIzyJyMCgfzQ5OF96OJVs=\/1080x\/smart\/1b39ba94ccf54d74a4c49387b1910a9d\/ccmcms-jdf\/24659959.png\"\/><\/a><figcaption data-credit=\"Sant\u00e9 Publique France\" data-legend=\"Taux d'incidence - quotidien - tous \u00e2ges jusqu'au 3 mai 2021\">Taux d&rsquo;incidence &#8211; quotidien &#8211; tous \u00e2ges jusqu&rsquo;au 10 mai 2021 <small>\u00a9\u00a0Sant\u00e9 Publique France<\/small><\/figcaption><\/figure>\n<\/div>\n<p><strong>Samedi 15 mai, 4 271\u00a0personnes sont\u00a0hospitalis\u00e9es\u00a0en\u00a0r\u00e9animation (-90 au cours des derni\u00e8res 24 heures).<\/strong>\u00a0Le taux hebdomadaire de nouvelles hospitalisations a diminu\u00e9 en semaine 18\u00a0(3 au 9\u00a0mai), pour la quatri\u00e8me\u00a0semaine cons\u00e9cutive -12% mais le nombre de patients COVID-19\u00a0hospitalis\u00e9s s&rsquo;est maintenu \u00e0 un niveau \u00e9lev\u00e9. Le taux d&rsquo;admissions en services de soins critiques diminuait \u00e9galement (-14%), le nombre de personnes hospitalis\u00e9es dans ces services restant n\u00e9anmoins \u00e9lev\u00e9.<\/p>\n<div style=\"text-align:center\">\n<figure class=\"image\" style=\"display:inline-block\"><a class=\"fancy\" href=\"https:\/\/img-3.journaldesfemmes.fr\/MwBZqC_6QcxfhpPCf3gDKE-VIDE=\/1080x\/smart\/0249c137a6594bea82eaeba3468b00aa\/ccmcms-jdf\/24660044.png\"><img decoding=\"async\" alt=\"courbe-covid-france-reanimation\" src=\"https:\/\/img-3.journaldesfemmes.fr\/MwBZqC_6QcxfhpPCf3gDKE-VIDE=\/1080x\/smart\/0249c137a6594bea82eaeba3468b00aa\/ccmcms-jdf\/24660044.png\"\/><\/a><figcaption data-credit=\"Sant\u00e9 Publique France\" data-legend=\"Nombre de patients COVID-19 en services de soins critiques, par date de d\u00e9claration, depuis le 23 mars 2020, France (donn\u00e9es au 11 mai 2021) \">Nombre de patients COVID-19 en services de soins critiques, par date de d\u00e9claration, depuis le 23 mars 2020, France (donn\u00e9es au 11 mai 2021) <small>\u00a9\u00a0Sant\u00e9 Publique France<\/small><\/figcaption><\/figure>\n<\/div>\n<p>Selon les <a href=\"https:\/\/www.gouvernement.fr\/info-coronavirus\/carte-et-donnees\" target=\"_blank\" rel=\"noopener noreferrer\">chiffres communiqu\u00e9s par le gouvernement<\/a>, consolid\u00e9s avec l&rsquo;Agence Sant\u00e9 Publique France et\u00a0les ARS (Agences r\u00e9gionales de Sant\u00e9), voici l&rsquo;\u00e9volution des hospitalisations (dont la r\u00e9animation) et des d\u00e9c\u00e8s\u00a0en France par r\u00e9gion.<\/p>\n<div style=\"text-align:center\">\n<figure class=\"image\" style=\"display:inline-block\"><a class=\"fancy\" href=\"https:\/\/img-3.journaldesfemmes.fr\/Vz3QzJAas8es9FVTCEyN3HE14YQ=\/1080x\/smart\/e696be4417c44a759180ceffbfc0bc80\/ccmcms-jdf\/24660087.png\"><img decoding=\"async\" alt=\"courbe-covid-france-reanimation-par-age\" src=\"https:\/\/img-3.journaldesfemmes.fr\/Vz3QzJAas8es9FVTCEyN3HE14YQ=\/1080x\/smart\/e696be4417c44a759180ceffbfc0bc80\/ccmcms-jdf\/24660087.png\"\/><\/a><figcaption data-credit=\"Sant\u00e9 Publique France\" data-legend=\"Taux d\u2019admissions hebdomadaires de patients COVID-19 en services de soins critiques par classe d\u2019\u00e2ge selon la date d\u2019admission, depuis le 02 mars 2020, France (donn\u00e9es au 11 mai 2021)\">Taux d\u2019admissions hebdomadaires de patients COVID-19 en services de soins critiques par classe d\u2019\u00e2ge selon la date d\u2019admission, depuis le 02 mars 2020, France (donn\u00e9es au 11 mai 2021) <small>\u00a9\u00a0Sant\u00e9 Publique France<\/small><\/figcaption><\/figure>\n<\/div>\n<h3 style=\"text-align: center;\"><a id=\"cas-covid-19-tableau-par-region\" name=\"cas-covid-19-tableau-par-region\">Evolution des hospitalisations (dont en r\u00e9animation) et d\u00e9c\u00e8s \u00e0 l&rsquo;h\u00f4pital du Covid-19\u00a0par r\u00e9gion au 14\u00a0mai<\/a><\/h3>\n<table border=\"1\" cellpadding=\"1\" cellspacing=\"1\" style=\"width:100%;\">\n<thead>\n<tr>\n<th scope=\"col\" style=\"width: 199px;\">R\u00e9gions<\/th>\n<th scope=\"col\" style=\"width: 162px; text-align: center;\">Hospitalisations en cours<\/th>\n<th scope=\"col\" style=\"width: 143px; text-align: center;\">Evolution des nouveaux patients sur les\u00a0 derni\u00e8res 24\u00a0H<\/th>\n<th scope=\"col\" style=\"width: 149px; text-align: center;\">R\u00e9animation Soins intensif<\/th>\n<th scope=\"col\" style=\"width: 155px; text-align: center;\">Evolution des nouveaux patients sur les\u00a0 derni\u00e8res 24\u00a0H<\/th>\n<th scope=\"col\" style=\"width: 220px; text-align: center;\">D\u00e9c\u00e8s<\/th>\n<\/tr>\n<tr>\n<td style=\"width: 199px;\"><b>\u00cele-de-France<\/b><\/td>\n<td style=\"width: 162px;\">6 074<\/td>\n<td style=\"width: 143px;\">-10<\/td>\n<td style=\"width: 149px;\">1 314<\/td>\n<td style=\"width: 155px;\">-17<\/td>\n<td style=\"width: 220px;\">19 665<\/td>\n<\/tr>\n<tr>\n<td style=\"width: 199px;\"><strong>Grand Est<\/strong><\/td>\n<td style=\"width: 162px;\">1 909<\/td>\n<td style=\"width: 143px;\">+16<\/td>\n<td style=\"width: 149px;\">356<\/td>\n<td style=\"width: 155px;\">NC<\/td>\n<td style=\"width: 220px;\">9 925<\/td>\n<\/tr>\n<tr>\n<td style=\"width: 199px;\"><strong>Auvergne-Rh\u00f4ne-Alpes<\/strong><\/td>\n<td style=\"width: 162px;\">2 809<\/td>\n<td style=\"width: 143px;\">+23<\/td>\n<td style=\"width: 149px;\">483<\/td>\n<td style=\"width: 155px;\">+11<\/td>\n<td style=\"width: 220px;\">11 287<\/td>\n<\/tr>\n<tr>\n<td style=\"width: 199px;\"><strong>Hauts-de-France<\/strong><\/td>\n<td style=\"width: 162px;\">2 866<\/td>\n<td style=\"width: 143px;\">+35<\/td>\n<td style=\"width: 149px;\">540<\/td>\n<td style=\"width: 155px;\">+3<\/td>\n<td style=\"width: 220px;\">8 754<\/td>\n<\/tr>\n<tr>\n<td style=\"width: 199px;\"><strong>Bourgogne-Franche-Comt\u00e9<\/strong><\/td>\n<td style=\"width: 162px;\">985<\/td>\n<td style=\"width: 143px;\">+12<\/td>\n<td style=\"width: 149px;\">\n<p>155<\/p>\n<\/td>\n<td style=\"width: 155px;\">NC<\/td>\n<td style=\"width: 220px;\">4 665<\/td>\n<\/tr>\n<tr>\n<td style=\"width: 199px;\"><strong>Provence-Alpes-C\u00f4te d&rsquo;Azur<\/strong><\/td>\n<td style=\"width: 162px;\">2 157<\/td>\n<td style=\"width: 143px;\">+33<\/td>\n<td style=\"width: 149px;\">375<\/td>\n<td style=\"width: 155px;\">+13<\/td>\n<td style=\"width: 220px;\">7 774<\/td>\n<\/tr>\n<tr>\n<td style=\"width: 199px;\"><strong>Occitanie<\/strong><\/td>\n<td style=\"width: 162px;\">1 379<\/td>\n<td style=\"width: 143px;\">+15<\/td>\n<td style=\"width: 149px;\">264<\/td>\n<td style=\"width: 155px;\">+6<\/td>\n<td style=\"width: 220px;\">4 376<\/td>\n<\/tr>\n<tr>\n<td style=\"width: 199px;\"><strong>Bretagne<\/strong><\/td>\n<td style=\"width: 162px;\">692<\/td>\n<td style=\"width: 143px;\">+3<\/td>\n<td style=\"width: 149px;\">84<\/td>\n<td style=\"width: 155px;\">+1<\/td>\n<td style=\"width: 220px;\">1 582<\/td>\n<\/tr>\n<tr>\n<td style=\"width: 199px;\"><strong>Nouvelle-Aquitaine<\/strong><\/td>\n<td style=\"width: 162px;\">1 160<\/td>\n<td style=\"width: 143px;\">-1<\/td>\n<td style=\"width: 149px;\">219<\/td>\n<td style=\"width: 155px;\">+1<\/td>\n<td style=\"width: 220px;\">3 669<\/td>\n<\/tr>\n<tr>\n<td style=\"width: 199px;\"><strong><a href=\"http:\/\/www.affinite.fr\/index.php\/2024\/11\/21\/construire-votre-maison-en-normandie\/\">Normandie<\/a><\/strong><\/td>\n<td style=\"width: 162px;\">1 272<\/td>\n<td style=\"width: 143px;\">\n<p>-4<\/p>\n<\/td>\n<td style=\"width: 149px;\">186<\/td>\n<td style=\"width: 155px;\">-6<\/td>\n<td style=\"width: 220px;\">3 185<\/td>\n<\/tr>\n<tr>\n<td style=\"width: 199px;\"><strong>Centre Val-de-Loire<\/strong><\/td>\n<td style=\"width: 162px;\">900<\/td>\n<td style=\"width: 143px;\">+2<\/td>\n<td style=\"width: 149px;\">158<\/td>\n<td style=\"width: 155px;\">+2<\/td>\n<td style=\"width: 220px;\">2 642<\/td>\n<\/tr>\n<tr>\n<td style=\"width: 199px;\"><strong>Pays de la Loire<\/strong><\/td>\n<td style=\"width: 162px;\">674<\/td>\n<td style=\"width: 143px;\">-9<\/td>\n<td style=\"width: 149px;\">106<\/td>\n<td style=\"width: 155px;\">+2<\/td>\n<td style=\"width: 220px;\">2 620<\/td>\n<\/tr>\n<tr>\n<td style=\"width: 199px;\"><strong>Corse<\/strong><\/td>\n<td style=\"width: 162px;\">55<\/td>\n<td style=\"width: 143px;\">-1<\/td>\n<td style=\"width: 149px;\">7<\/td>\n<td style=\"width: 155px;\">NC<\/td>\n<td style=\"width: 220px;\">202<\/td>\n<\/tr>\n<tr>\n<td style=\"width: 199px;\"><strong>Martinique<\/strong><\/td>\n<td style=\"width: 162px;\">68<\/td>\n<td style=\"width: 143px;\">-1<\/td>\n<td style=\"width: 149px;\">12<\/td>\n<td style=\"width: 155px;\">+1<\/td>\n<td style=\"width: 220px;\">91<\/td>\n<\/tr>\n<tr>\n<td style=\"width: 199px;\"><strong>Guadeloupe<\/strong><\/td>\n<td style=\"width: 162px;\">150<\/td>\n<td style=\"width: 143px;\">-6<\/td>\n<td style=\"width: 149px;\">31<\/td>\n<td style=\"width: 155px;\">-2<\/td>\n<td style=\"width: 220px;\">266<\/td>\n<\/tr>\n<tr>\n<td style=\"width: 199px;\"><strong>La R\u00e9union<\/strong><\/td>\n<td style=\"width: 162px;\">168<\/td>\n<td style=\"width: 143px;\">+6<\/td>\n<td style=\"width: 149px;\">31<\/td>\n<td style=\"width: 155px;\">-2<\/td>\n<td style=\"width: 220px;\">182<\/td>\n<\/tr>\n<tr>\n<td style=\"width: 199px;\"><strong>Guyane<\/strong><\/td>\n<td style=\"width: 162px;\">77<\/td>\n<td style=\"width: 143px;\">+2<\/td>\n<td style=\"width: 149px;\">\n<p>25<\/p>\n<\/td>\n<td style=\"width: 155px;\">NC<\/td>\n<td style=\"width: 220px;\">103<\/td>\n<\/tr>\n<tr>\n<td style=\"width: 199px;\"><strong>Mayotte<\/strong><\/td>\n<td style=\"width: 162px;\">11<\/td>\n<td style=\"width: 143px;\">NC<\/td>\n<td style=\"width: 149px;\">6<\/td>\n<td style=\"width: 155px;\">\n<p>NC<\/p>\n<\/td>\n<td style=\"width: 220px;\">128<\/td>\n<\/tr>\n<tr>\n<td style=\"width: 199px;\"><strong>TOTAL<\/strong><\/td>\n<td style=\"width: 162px;\"><b>23 406<\/b><\/td>\n<td style=\"width: 143px;\">+115<\/td>\n<td style=\"width: 149px;\"><b>4 352<\/b><\/td>\n<td style=\"width: 155px;\">+13<\/td>\n<td style=\"width: 220px;\">\n<p><b>81 116<\/b><\/p>\n<\/td>\n<\/tr>\n<\/thead>\n<\/table>\n<aside id=\"NL_1621873140\" class=\"newsletter_subscription jNlBlock\"><noscript><br \/>\n            <\/noscript><\/p>\n<h3 class=\"newsletter_subscription-title\">Newsletter <\/h3>\n<p><a href=\"\/\/mailing.ccmbg.com\/archive\/last-85\" target=\"_blank\" class=\"a_hover\" rel=\"noopener noreferrer\">Voir un exemple<\/a><\/p>\n<\/aside>\n<p><strong>107 564\u00a0d\u00e9c\u00e8s sont recens\u00e9s au 15\u00a0mai\u00a0<\/strong>dont 81 257\u00a0\u00e0 l&rsquo;h\u00f4pital\u00a0(+112\u00a0au cours des 24 derni\u00e8res heures), selon les chiffres du gouvernement. Ce chiffre ne comprend pas les d\u00e9c\u00e8s \u00e0 domicile.<\/p>\n<ul>\n<li>L&rsquo;\u00e2ge m\u00e9dian au d\u00e9c\u00e8s est de 85\u00a0ans<\/li>\n<li>93% des personnes d\u00e9c\u00e9d\u00e9es du Covid \u00e0 l&rsquo;h\u00f4pital avaient 65\u00a0ans et plus.<\/li>\n<li>Les hommes repr\u00e9sentent 55% de ces d\u00e9c\u00e8s.<\/li>\n<\/ul>\n<div style=\"text-align:center\">\n<figure class=\"image\" style=\"display:inline-block\"><a class=\"fancy\" href=\"https:\/\/img-3.journaldesfemmes.fr\/_0262h8VVG9LfcVVua3GgYlg3mY=\/1080x\/smart\/fd24a4244be34a3891c32077632a1501\/ccmcms-jdf\/24660128.png\"><img decoding=\"async\" alt=\"courbe-covid-deces-morts-france\" src=\"https:\/\/img-3.journaldesfemmes.fr\/_0262h8VVG9LfcVVua3GgYlg3mY=\/1080x\/smart\/fd24a4244be34a3891c32077632a1501\/ccmcms-jdf\/24660128.png\"\/><\/a><figcaption data-credit=\"Sant\u00e9 Publique France\" data-legend=\"Nombre hebdomadaire de nouveaux d\u00e9c\u00e8s de patients COVID-19 selon la date de d\u00e9claration, depuis le 23 mars 2020, France (donn\u00e9es au 9 mai 2021) \u00a9\u00a0Sant\u00e9 publique France\">Nombre hebdomadaire de nouveaux d\u00e9c\u00e8s de patients COVID-19 selon la date de d\u00e9claration, depuis le 23 mars 2020, France (donn\u00e9es au 9 mai 2021) \u00a9\u00a0Sant\u00e9 publique France <small>\u00a9\u00a0Sant\u00e9 Publique France<\/small><\/figcaption><\/figure>\n<\/div>\n<p><iframe loading=\"lazy\" height=\"1000\" src=\"https:\/\/mapthenews.maps.arcgis.com\/apps\/opsdashboard\/index.html#\/bae8aaa7a0b14261b4621c31db410c44\" style=\"border: 0px\" width=\"600\"><\/iframe><\/p>\n<section>\n<blockquote>\n<p style=\"text-align: right;\">\u00a0<\/p>\n<\/blockquote>\n<p>Le ralentissement de la circulation virale se confirme avec des R-effectifs significativement inf\u00e9rieurs \u00e0 1\u00a0en m\u00e9tropole pour la quatri\u00e8me semaine cons\u00e9cutive, indique Sant\u00e9 Publique France le 13 mai. Au 13\u00a0mai, le R0 est \u00e0 <strong>0.74.<\/strong>\u00a0Les taux de reproduction du virus appel\u00e9s \u00ab\u00a0R-effectifs\u00a0\u00bb ou \u00ab\u00a0Reff\u00a0\u00bb\u00a0permettent de d\u00e9crire la dynamique de l&rsquo;\u00e9pid\u00e9mie\u00a0: lorsque le Reff est significativement sup\u00e9rieur \u00e0 1, ceci signifie que l&rsquo;\u00e9pid\u00e9mie est en progression car un malade contamine plus d&rsquo;une autre personne, lorsqu&rsquo;il est \u00e9gal \u00e0 1,<strong> l&rsquo;\u00e9pid\u00e9mie se stabilise<\/strong>, lorsqu&rsquo;il est significativement inf\u00e9rieur \u00e0 1, l&rsquo;\u00e9pid\u00e9mie r\u00e9gresse.\u00a0<\/p>\n<p>Le d\u00e9pistage du Covid-19 est r\u00e9alis\u00e9 en France par RT-PCT et par tests antig\u00e9niques. Depuis le 11 f\u00e9vrier, les tests salivaires sont d\u00e9ploy\u00e9s dans les\u00a0\u00e9tablissements scolaires et peuvent \u00eatre utilis\u00e9s en premi\u00e8re intention pour d\u00e9pister la Covid-19, conform\u00e9ment aux recommandations de la <a href=\"https:\/\/www.has-sante.fr\/jcms\/p_3237053\/fr\/tests-rt-pcr-salivaires-la-has-etend-leur-utilisation-et-definit-les-modalites-pratiques-de-realisation\" target=\"_blank\" rel=\"noopener noreferrer\">HAS<\/a>. Depuis le 12 avril, des autotests Covid sont aussi disponibles en vente libre dans les pharmacies fran\u00e7aises (non rembours\u00e9) et peuvent \u00eatre utilis\u00e9s dans les \u00e9coles. En semaine 18\u00a0(3 au 10 mai), le <strong>taux de positivit\u00e9 \u00e9tait inf\u00e9rieur \u00e0 10% dans tous les d\u00e9partements en semaine 18<\/strong>\u00a0: les taux les plus \u00e9lev\u00e9s \u00e9taient observ\u00e9s dans les d\u00e9partements de la Seine-Saint-Denis (9,2%), du Val-d&rsquo;Oise (8,7%),de l&rsquo;Essonne et de la Seine-et-Marne (8,1%), de l&rsquo;Oise (7,8%) et de la Haute-Loire (7,6%). Il est \u00e0 <strong>5,05<\/strong>% au 10\u00a0mai.\u00a0<em>\u00ab\u00a0Il reste d\u00e9terminant que chaque personne pr\u00e9sentant des sympt\u00f4mes \u00e9vocateurs de COVID-19\u00a0s&rsquo;isole imm\u00e9diatement et r\u00e9alise un test diagnostique dans les plus brefs d\u00e9lais\u00a0\u00bb<\/em> rappelle Sant\u00e9 Publique France dans ses bulletins hebdomadaires.<\/p>\n<div class=\"ccminsert\">\n<aside class=\"app_widget_fo app_widget_fo--gallery\">\n<ul>\n<li>\n                    <a href=\"https:\/\/sante.journaldesfemmes.fr\/fiches-maladies\/2668959-test-antigenique-covid-19-definition-fiabilite-c-est-quoi-ou-le-faire-pharmacie-prix-difference-pcr-positif\/\" class=\"jGTMWidgetGAEventClick\" data-gtmwidgetgaeventaction=\"clickWidgetGalleryList\" data-gtmwidgetgaeventlabel=\"Test antig\u00e9nique Covid\u00a0: fiabilit\u00e9, en pharmacie, ou PCR\u00a0?\"><\/p>\n<figure><picture><source media=\"(max-width: 480px)\" srcset=\"https:\/\/img-3.journaldesfemmes.fr\/ra_lhhsFCEXPL8y-K9ohmtwJKXg=\/210x140\/smart\/9a0dd689e32a41b59ef9ecc602480a2a\/ccmcms-jdf\/24192591.jpg\" width=\"210\" height=\"140\"><img loading=\"lazy\" decoding=\"async\" src=\"https:\/\/img-3.journaldesfemmes.fr\/MqQOd0J8z9vfpceyQEnonKq1XnE=\/225x150\/smart\/9a0dd689e32a41b59ef9ecc602480a2a\/ccmcms-jdf\/24192591.jpg\" alt=\"\" width=\"225\" height=\"150\"\/><\/source><\/picture><figcaption>\n<h3>Test antig\u00e9nique Covid\u00a0: fiabilit\u00e9, en pharmacie, ou PCR\u00a0?<\/h3>\n<\/figcaption><\/figure>\n<p><\/a>\n                <\/li>\n<li>\n                    <a href=\"https:\/\/sante.journaldesfemmes.fr\/fiches-maladies\/2691901-test-covid-enfant-symptomes-pcr-antigenique-salivaire-age-ecole-positif-negatif-isolement-autotest\/\" class=\"jGTMWidgetGAEventClick\" data-gtmwidgetgaeventaction=\"clickWidgetGalleryList\" data-gtmwidgetgaeventlabel=\"Test Covid enfant\u00a0: d\u00e9roul\u00e9 par PCR, antig\u00e9nique, salivaire, autotest, \u00e0 l'\u00e9cole, r\u00e9sultats...\"><\/p>\n<figure><picture><source media=\"(max-width: 480px)\" srcset=\"https:\/\/img-3.journaldesfemmes.fr\/v_vXfTJnErOegV3jRns0fzIWess=\/210x140\/smart\/8aedd738357e42628fa4c2638fc6f3d4\/ccmcms-jdf\/24189528.jpg\" width=\"210\" height=\"140\"><img loading=\"lazy\" decoding=\"async\" src=\"https:\/\/img-3.journaldesfemmes.fr\/4ohN6czKDBAvJcg4CGX5mOFHick=\/225x150\/smart\/8aedd738357e42628fa4c2638fc6f3d4\/ccmcms-jdf\/24189528.jpg\" alt=\"\" width=\"225\" height=\"150\"\/><\/source><\/picture><figcaption>\n<h3>Test Covid enfant\u00a0: d\u00e9roul\u00e9 par PCR, antig\u00e9nique, salivaire, autotest, \u00e0 l&rsquo;\u00e9cole, r\u00e9sultats&#8230;<\/h3>\n<\/figcaption><\/figure>\n<p><\/a>\n                <\/li>\n<li>\n                    <a href=\"https:\/\/sante.journaldesfemmes.fr\/fiches-maladies\/2703769-autotest-covid-france-nasal-principe-resultat-pharmacie-prix-fiabilite-achat-ecole-mode-emploi-age\/\" class=\"jGTMWidgetGAEventClick\" data-gtmwidgetgaeventaction=\"clickWidgetGalleryList\" data-gtmwidgetgaeventlabel=\"Autotest Covid\u00a0: pharmacie, prix, fiabilit\u00e9, mode d'emploi\"><\/p>\n<figure><picture><source media=\"(max-width: 480px)\" srcset=\"https:\/\/img-3.journaldesfemmes.fr\/yXwFCHX73C7E0PptnVW36lMR-bw=\/210x140\/smart\/530959f8e64e4b6a814954927ec1c015\/ccmcms-jdf\/24080206.jpg\" width=\"210\" height=\"140\"><img loading=\"lazy\" decoding=\"async\" src=\"https:\/\/img-3.journaldesfemmes.fr\/_wuP69sRRJG637fwOWiIyDtcNGM=\/225x150\/smart\/530959f8e64e4b6a814954927ec1c015\/ccmcms-jdf\/24080206.jpg\" alt=\"\" width=\"225\" height=\"150\"\/><\/source><\/picture><figcaption>\n<h3>Autotest Covid\u00a0: pharmacie, prix, fiabilit\u00e9, mode d&#8217;emploi<\/h3>\n<\/figcaption><\/figure>\n<p><\/a>\n                <\/li>\n<\/ul>\n<\/aside>\n<\/div>\n<p>Si au d\u00e9but, on ne parlait que de <strong>fi\u00e8vre<\/strong>, toux s\u00e8che, rhume, \u00e9tat grippal et de fatigue, les sympt\u00f4mes de l&rsquo;infection par le coronavirus ont \u00e9volu\u00e9. On sait d\u00e9sormais que le virus peut avoir des <strong>effets sur la peau<\/strong> (urticaire, l\u00e9sions inflammatoires sur les orteils), la sph\u00e8re digestive (vomissements, diarrh\u00e9es&#8230;), <strong>l&rsquo;odorat<\/strong>, le <strong>go\u00fbt <\/strong>et m\u00eame le cerveau.<em> <\/em><\/p>\n<p>\u2192<strong> Chaque personne pr\u00e9sentant des sympt\u00f4mes \u00e9vocateurs de COVID-19 doit s&rsquo;isoler imm\u00e9diatement et r\u00e9aliser un test diagnostique<\/strong> dans les plus brefs d\u00e9lais (sans avoir d&rsquo;ordonnance).<\/p>\n<p>\u2192<strong> <\/strong><strong>Appeler le\u00a015\u00a0en cas de\u00a0difficult\u00e9s respiratoires\u00a0: \u00ab\u00a0<\/strong><em>Si la toux et la\u00a0fi\u00e8vre s&rsquo;accompagnent d&rsquo;une g\u00eane respiratoire qui devient permanente avec souffle court, difficult\u00e9 \u00e0 inspirer et \u00e0 expirer, d&rsquo;une aggravation importante de la toux, cela peut signifier une \u00e9volution de la maladie sous la forme d&rsquo;une pneumopathie. Il s&rsquo;agit alors d&rsquo;une urgence respiratoire potentielle et comme dans tous les cas d&rsquo;urgence, il faut alors appeler le 15\u00a0qui prendra les meilleures dispositions pour r\u00e9pondre \u00e0 la situation\u00a0\u00bb, <\/em>pr\u00e9vient le Dr\u00a0Patrick Aub\u00e9, m\u00e9decin g\u00e9n\u00e9raliste. \u00a0<\/p>\n<div class=\"ccminsert\">\n<aside class=\"app_widget_fo app_widget_fo--list app_widget_fo--list-2-col\">\n<ul>\n<li>\n<h3>\n                    <a href=\"https:\/\/sante.journaldesfemmes.fr\/fiches-maladies\/2696267-covid-long-c-est-quoi-symptomes-contagieux-fatigue-prise-en-charge-france-traitement-pourcentage\/\" class=\"jGTMWidgetGAEventClick\" data-gtmwidgetgaeventaction=\"clickWidgetListOnTwoColumns\" data-gtmwidgetgaeventlabel=\"Covid long\u00a0: sympt\u00f4mes, traitement, c'est quoi\u00a0?\"><br \/>\n                        Covid long\u00a0: sympt\u00f4mes, traitement, c&rsquo;est quoi\u00a0?<br \/>\n                    <\/a><br \/>\n                <\/h3>\n<\/li>\n<li>\n<h3>\n                    <a href=\"https:\/\/sante.journaldesfemmes.fr\/fiches-maladies\/2665621-angine-ou-covid-19-symptomes-signes-fievre-mal-gorge-test-difference-contagion\/\" class=\"jGTMWidgetGAEventClick\" data-gtmwidgetgaeventaction=\"clickWidgetListOnTwoColumns\" data-gtmwidgetgaeventlabel=\"Angine ou Covid-19\u00a0: sympt\u00f4mes, diff\u00e9rences, test, contagion\"><br \/>\n                        Angine ou Covid-19\u00a0: sympt\u00f4mes, diff\u00e9rences, test, contagion<br \/>\n                    <\/a><br \/>\n                <\/h3>\n<\/li>\n<li>\n<h3>\n                    <a href=\"https:\/\/sante.journaldesfemmes.fr\/fiches-maladies\/2701631-probleme-maladie-foie-covid-atteinte-cancer-complication-sequelles-symptomes-risque-vaccination\/\" class=\"jGTMWidgetGAEventClick\" data-gtmwidgetgaeventaction=\"clickWidgetListOnTwoColumns\" data-gtmwidgetgaeventlabel=\"Probl\u00e8me au foie et Covid\u00a0: risques, s\u00e9quelles, vaccination\"><br \/>\n                        Probl\u00e8me au foie et Covid\u00a0: risques, s\u00e9quelles, vaccination<br \/>\n                    <\/a><br \/>\n                <\/h3>\n<\/li>\n<li>\n<h3>\n                    <a href=\"https:\/\/sante.journaldesfemmes.fr\/fiches-maladies\/2701633-fievre-covid-duree-obligatoire-que-faire-que-prendre-combien-temperature\/\" class=\"jGTMWidgetGAEventClick\" data-gtmwidgetgaeventaction=\"clickWidgetListOnTwoColumns\" data-gtmwidgetgaeventlabel=\"Fi\u00e8vre et Covid\u00a0: dur\u00e9e, temp\u00e9rature, est-ce obligatoire\u00a0?\"><br \/>\n                        Fi\u00e8vre et Covid\u00a0: dur\u00e9e, temp\u00e9rature, est-ce obligatoire\u00a0?<br \/>\n                    <\/a><br \/>\n                <\/h3>\n<\/li>\n<li>\n<h3>\n                    <a href=\"https:\/\/sante.journaldesfemmes.fr\/fiches-maladies\/2661241-rhume-ou-covid-19-symptomes-tableau-differences-ecole-que-faire-comment-savoir-travail\/\" class=\"jGTMWidgetGAEventClick\" data-gtmwidgetgaeventaction=\"clickWidgetListOnTwoColumns\" data-gtmwidgetgaeventlabel=\"Rhume ou Covid-19\u00a0: sympt\u00f4mes, tableau, \u00e9cole, que faire\u00a0?\"><br \/>\n                        Rhume ou Covid-19\u00a0: sympt\u00f4mes, tableau, \u00e9cole, que faire\u00a0?<br \/>\n                    <\/a><br \/>\n                <\/h3>\n<\/li>\n<li>\n<h3>\n                    <a href=\"https:\/\/sante.journaldesfemmes.fr\/fiches-maladies\/2626825-covid-ou-allergie-pollen-coronavirus-asthme-symptomes-toux-yeux-traitement\/\" class=\"jGTMWidgetGAEventClick\" data-gtmwidgetgaeventaction=\"clickWidgetListOnTwoColumns\" data-gtmwidgetgaeventlabel=\"Covid ou allergie au pollen\u00a0: sympt\u00f4mes, diff\u00e9rences, traitements\"><br \/>\n                        Covid ou allergie au pollen\u00a0: sympt\u00f4mes, diff\u00e9rences, traitements<br \/>\n                    <\/a><br \/>\n                <\/h3>\n<\/li>\n<li>\n<h3>\n                    <a href=\"https:\/\/sante.journaldesfemmes.fr\/fiches-maladies\/2676955-covid-19-ou-gastro-enterite-difference-symptomes-fievre-diarrhee-que-faire-complications\/\" class=\"jGTMWidgetGAEventClick\" data-gtmwidgetgaeventaction=\"clickWidgetListOnTwoColumns\" data-gtmwidgetgaeventlabel=\"Covid\u00a0ou gastro-ent\u00e9rite\u00a0: sympt\u00f4mes, quelles diff\u00e9rences\u00a0?\"><br \/>\n                        Covid\u00a0ou gastro-ent\u00e9rite\u00a0: sympt\u00f4mes, quelles diff\u00e9rences\u00a0?<br \/>\n                    <\/a><br \/>\n                <\/h3>\n<\/li>\n<li>\n<h3>\n                    <a href=\"https:\/\/sante.journaldesfemmes.fr\/fiches-sante-du-quotidien\/2627543-perte-gout-agueusie-covid-19-def-duree-cause-partielle-traitement-soigner\/\" class=\"jGTMWidgetGAEventClick\" data-gtmwidgetgaeventaction=\"clickWidgetListOnTwoColumns\" data-gtmwidgetgaeventlabel=\"Perte du go\u00fbt (agueusie)\u00a0: dur\u00e9e, Covid, comment soigner\u00a0?\"><br \/>\n                        Perte du go\u00fbt (agueusie)\u00a0: dur\u00e9e, Covid, comment soigner\u00a0?<br \/>\n                    <\/a><br \/>\n                <\/h3>\n<\/li>\n<li>\n<h3>\n                    <a href=\"https:\/\/sante.journaldesfemmes.fr\/fiches-maladies\/2683439-symptomes-covid-19-coronavirus-boutons-visage-corps-dermatologiques-peau-bras-pieds-engelure\/\" class=\"jGTMWidgetGAEventClick\" data-gtmwidgetgaeventaction=\"clickWidgetListOnTwoColumns\" data-gtmwidgetgaeventlabel=\"Sympt\u00f4mes Covid sur la peau\u00a0: engelures, boutons, quand consulter\u00a0?\"><br \/>\n                        Sympt\u00f4mes Covid sur la peau\u00a0: engelures, boutons, quand consulter\u00a0?<br \/>\n                    <\/a><br \/>\n                <\/h3>\n<\/li>\n<li>\n<h3>\n                    <a href=\"https:\/\/sante.journaldesfemmes.fr\/fiches-maladies\/2630069-coronavirus-covid-19-cerveau-symptomes-sequelles-odorat-effet-lesion-attaque\/\" class=\"jGTMWidgetGAEventClick\" data-gtmwidgetgaeventaction=\"clickWidgetListOnTwoColumns\" data-gtmwidgetgaeventlabel=\"Coronavirus\u00a0et cerveau\u00a0: effets, quels sympt\u00f4mes\u00a0?\"><br \/>\n                        Coronavirus\u00a0et cerveau\u00a0: effets, quels sympt\u00f4mes\u00a0?<br \/>\n                    <\/a><br \/>\n                <\/h3>\n<\/li>\n<\/ul>\n<\/aside>\n<\/div>\n<p>La vaccination contre la Covid-19 se poursuit en France avec les vaccins Pfizer-BioNTech,\u00a0Moderna,\u00a0AstraZeneca et Janssen (chez les m\u00e9decins g\u00e9n\u00e9ralistes,\u00a0au travail et en pharmacie). La prise de<strong> rendez-vous<\/strong> est ouverte<b> <\/b>sur les sites Internet <strong>Doctolib, Maiia et KelDoc<\/strong> et peut aussi se faire en contactant par t\u00e9l\u00e9phone le <strong>centre de vaccination<\/strong> le plus proche de chez soi (liste disponible sur\u00a0<a href=\"https:\/\/www.sante.fr\/centres-vaccination-covid.html\" target=\"_blank\" rel=\"noopener noreferrer\">Sante.fr<\/a>).\u00a0En cas de difficult\u00e9, le num\u00e9ro vert national :<strong> 0\u00a0800\u00a0009\u00a0110<\/strong>,\u00a0permet d&rsquo;\u00eatre redirig\u00e9 vers le standard t\u00e9l\u00e9phonique d&rsquo;un centre ou d&rsquo;obtenir un accompagnement \u00e0 la prise de rendez-vous.<\/p>\n<div class=\"ccminsert\">\n<aside class=\"app_widget_fo app_widget_fo--call\">\n<ul>\n<li>\n                <a href=\"https:\/\/sante.journaldesfemmes.fr\/fiches-maladies\/2620433-vaccin-coronavirus-covid-19-pfizer-moderna-astrazeneca-johnson-janssen-france-meilleur-choisir\/\" class=\"jGTMWidgetGAEventClick\" data-gtmwidgetgaeventaction=\"clickWidgetCall\" data-gtmwidgetgaeventlabel=\"Vaccin Covid-19\u00a0: Pfizer, Moderna, AstraZeneca, Janssen...\"><\/p>\n<figure><picture><source media=\"(max-width: 480px)\" srcset=\"https:\/\/img-3.journaldesfemmes.fr\/wcy5kiVG0-ko8pdz3nfmiZkCjTY=\/160x105\/smart\/bbf488a5c7bb4cd1a571881e27859ceb\/ccmcms-jdf\/24660519.jpg\" width=\"160\" height=\"105\"><img loading=\"lazy\" decoding=\"async\" src=\"https:\/\/img-3.journaldesfemmes.fr\/dScWxuKSU4swodY0DMDyRx1t8uI=\/200x132\/smart\/bbf488a5c7bb4cd1a571881e27859ceb\/ccmcms-jdf\/24660519.jpg\" alt=\"\" width=\"200\" height=\"132\"\/><\/source><\/picture><figcaption>\n<h3>Vaccin Covid-19\u00a0: Pfizer, Moderna, AstraZeneca, Janssen&#8230;<\/h3>\n<p>En Europe, quatre vaccins Covid-19\u00a0sont autoris\u00e9s\u00a0: Comirnaty de Pfizer-BioNTech, celui de Moderna, le Vaxzeria d&rsquo;AstraZeneca et Janssen de Johnson&amp;Johnson. Efficacit\u00e9, sur les variants, ARN, quel vaccin choisir, diff\u00e9rent type, contre-indications, effets secondaires, d\u00e9lais entre les doses&#8230; Derni\u00e8res infos en direct.<\/p>\n<\/figcaption><\/figure>\n<p><\/a>\n            <\/li>\n<\/ul>\n<\/aside>\n<\/div>\n<p>Tous les d\u00e9placements depuis l&rsquo;\u00e9tranger vers la France et de France vers l&rsquo;\u00e9tranger, m\u00eame lorsqu&rsquo;ils sont autoris\u00e9s, restent totalement et strictement d\u00e9conseill\u00e9s jusqu&rsquo;\u00e0 nouvel ordre. A <strong>l&rsquo;int\u00e9rieur de l&rsquo;espace europ\u00e9en, les fronti\u00e8res ne sont pas ferm\u00e9es <\/strong>mais chaque pays a mis en place ses restrictions (test obligatoire, quarantaine \u00e0 l&rsquo;arriv\u00e9e&#8230;). Les<strong> fronti\u00e8res ext\u00e9rieures \u00e0 l&rsquo;espace europ\u00e9en restent ferm\u00e9es<\/strong> et tout d\u00e9placement international est totalement et strictement d\u00e9conseill\u00e9 jusqu&rsquo;\u00e0 nouvel ordre. La sortie du territoire fran\u00e7ais est soumise au r\u00e9gime des motifs imp\u00e9rieux, \u00e0 l&rsquo;exception des voyages \u00e0 destination de l&rsquo;Australie, la Cor\u00e9e du Sud, Isra\u00ebl, le Japon, la Nouvelle-Z\u00e9lande, le Royaume-Uni et Singapour.<\/p>\n<p>\u2192<strong> Tout voyageur de 11 ans ou plus souhaitant venir en France\u00a0en provenance d&rsquo;un pays de l&rsquo;espace europ\u00e9en<\/strong>\u00a0(Union europ\u00e9enne, Andorre, Islande, Liechtenstein, Monaco, Norv\u00e8ge, Saint-Marin, Saint-Si\u00e8ge et Suisse) a l&rsquo;obligation de pr\u00e9senter le r\u00e9sultat d&rsquo;un examen biologique de d\u00e9pistage virologique (RT-PCR) ne concluant pas \u00e0 une contamination par le Covid-19\u00a0r\u00e9alis\u00e9 72\u00a0heures avant le d\u00e9part.\u00a0<\/p>\n<table border=\"1\" cellpadding=\"1\" cellspacing=\"1\" style=\"width:100%;\">\n<thead>\n<tr>\n<th scope=\"col\" style=\"text-align: center;\"><strong>DATES CL\u00c9S DE L&rsquo;\u00c9PID\u00c9MIE EN FRANCE<\/strong><\/th>\n<\/tr>\n<\/thead>\n<tbody>\n<tr>\n<td>\n<ul>\n<li><strong>31\u00a0d\u00e9cembre 2019,<\/strong> l&rsquo;Organisation mondiale de la Sant\u00e9 en Chine est inform\u00e9e de plusieurs cas de pneumonies dans la ville de Wuhan. 44\u00a0personnes sont infect\u00e9es entre cette date et le 3\u00a0janvier 2020.<\/li>\n<li><strong>7\u00a0janvier 2020, <\/strong>les autorit\u00e9s chinoises identifient un \u00ab\u00a0nouveau type de coronavirus\u00a0\u00bb.<\/li>\n<li><strong>13\u00a0janvier, <\/strong>un cas import\u00e9 est recens\u00e9 en Tha\u00eflande.<\/li>\n<li><strong>15\u00a0janvier<\/strong>, le virus cause\u00a0la mort d&rsquo;<strong>une premi\u00e8re\u00a0personne \u00e0 Wuhan<\/strong>, un homme de 69\u00a0ans.\u00a0<\/li>\n<li><strong>23\u00a0janvier,<\/strong> trois villes chinoises dont Wuhan sont plac\u00e9es en quarantaine.<\/li>\n<li><strong>25\u00a0janvier, trois personnes\u00a0contamin\u00e9es sont recens\u00e9es en France<\/strong>, deux \u00e0 Paris et une Bordeaux. Ce sont les premiers cas enregistr\u00e9s sur le continent europ\u00e9en.<\/li>\n<li><strong>30\u00a0janvier, <\/strong>l&rsquo;Organisation mondiale de la Sant\u00e9 <strong>d\u00e9cr\u00e8te\u00a0l&rsquo;<a href=\"https:\/\/sante.journaldesfemmes.fr\/fiches-maladies\/2608035-urgence-de-sante-publique-de-portee-internationale-definition-oms-coronavirus\/\" target=\"_blank\" rel=\"noopener noreferrer\">urgence de sant\u00e9 mondiale<\/a><\/strong>.\u00a0Cette mesure n&rsquo;avait \u00e9t\u00e9 d\u00e9cr\u00e9t\u00e9e que 5\u00a0fois depuis sa cr\u00e9ation (pour Ebola (deux fois), la grippe H1N1, Zika et la poliomy\u00e9lite).\u00a0<\/li>\n<li><strong>23\u00a0f\u00e9vrier, <\/strong>la France d\u00e9clenche le <a href=\"https:\/\/sante.journaldesfemmes.fr\/fiches-maladies\/2622449-plan-orsan-reb-definition-signification-qui-declenche-coronavirus-definition-duree\/\" target=\"_blank\" rel=\"noopener noreferrer\">plan ORSAN<\/a>, un dispositif exceptionnel d&rsquo;organisation des soins.<\/li>\n<li><strong>28\u00a0f\u00e9vrier,<\/strong> la France passe en stade 2\u00a0de l&rsquo;\u00e9pid\u00e9mie.<\/li>\n<li><strong>11\u00a0mars, <\/strong>l&rsquo;OMS classifie de <strong>pand\u00e9mie <\/strong>la diffusion de la maladie \u00e0 coronavirus Covid-19\u00a0dans le monde.<\/li>\n<li><strong>12\u00a0mars<\/strong>, le pr\u00e9sident de la R\u00e9publique Emmanuel Macron annonce la fermeture nationale des cr\u00e8ches et \u00e9tablissements scolaires de France \u00e0 compter du 16\u00a0mars et \u00ab\u00a0jusqu&rsquo;\u00e0 nouvel ordre\u00a0\u00bb.<\/li>\n<li><strong>14\u00a0mars<\/strong>, la France passe au <a href=\"https:\/\/sante.journaldesfemmes.fr\/fiches-maladies\/2625289-coronavirus-covid-19-stade-1-2-3-4-duree-mesure-france-signification-quand\/\" target=\"_blank\" rel=\"noopener noreferrer\"><strong>stade 3 <\/strong><\/a>de l&rsquo;\u00e9pid\u00e9mie.<\/li>\n<li><strong>16\u00a0mars\u00a0:<\/strong>\u00a0la France met en place un dispositif de confinement interdisant les d\u00e9placements.<\/li>\n<li><strong>18\u00a0mars<\/strong> le premier transfert de patients Covid-19\u00a0en France est r\u00e9alis\u00e9\u00a0gr\u00e2ce \u00e0 l&rsquo;Arm\u00e9e, par voie terrestre et a\u00e9rienne.\u00a0<\/li>\n<li><strong>26\u00a0mars<\/strong>, un premier cas jeune meurt en France, une adolescente de 16\u00a0ans, en Ile-de-France originaire de Morsang-sur-Orge.<\/li>\n<li><strong>27\u00a0mars,<\/strong> le confinement de la population fran\u00e7aise est renouvel\u00e9 jusqu&rsquo;au 15\u00a0avril.<\/li>\n<li><strong>13\u00a0avril,<\/strong> Emmanuel Macron annonce le prolongement du confinement jusqu&rsquo;au 11\u00a0mai.<\/li>\n<li><strong>11\u00a0mai, <\/strong>la France commence son d\u00e9confinement.<\/li>\n<li><strong>15\u00a0juin<\/strong>, toute la France passe en zone verte, sauf Mayotte et la Guyane. \u00c0\u00a0Paris, les restaurants et bars peuvent rouvrir compl\u00e8tement.<\/li>\n<li><strong>22\u00a0juin, <\/strong>les \u00e9coles sont de nouveaux obligatoires en France pour tous les \u00e9l\u00e8ves. Les cin\u00e9mas, salles de jeux, casinos rouvrent. Les sports collectifs peuvent \u00eatre autoris\u00e9s tout en respectant certaines conditions sanitaires.<\/li>\n<li><strong>10\u00a0juillet<\/strong>, la <strong>France <\/strong>a franchi la barre des 30\u00a0000\u00a0morts. Dans la nuit du 10\u00a0au 11\u00a0juillet \u00e0 minuit, l&rsquo;\u00e9tat d&rsquo;urgence sanitaire prend fin en France.<\/li>\n<li><strong>\u00a020\u00a0juillet,<\/strong>\u00a0le <strong>port du masque est obligatoire <\/strong>dans les lieux publics clos en France.<\/li>\n<li><strong>8 octobre, <\/strong>le<strong> plan blanc est r\u00e9activ\u00e9 <\/strong>dans les h\u00f4pitaux d&rsquo;Ile-de-France.<\/li>\n<li><strong>17 octobre \u00e0 0h01<\/strong>, la France repasse en \u00e9tat d&rsquo;urgence sanitaire et un <strong>couvre-feu <\/strong>est instaur\u00e9 dans 9 territoires\u00a0(Paris-Ile-de-France, Rouen, Grenoble, Lille, Lyon, Aix-Marseille, Montpellier, Saint-Etienne, Toulouse).<\/li>\n<li><strong>24 octobre \u00e0 0h01 :<\/strong> extension des mesures de couvre-feu \u00e0 38 nouveaux d\u00e9partements fran\u00e7ais.<\/li>\n<li><strong>29 octobre \u00e0 0h01<\/strong> : reconfinement national pour 4 semaines, jusqu&rsquo;au 1er d\u00e9cembre au minimum.<\/li>\n<li><strong>28 novembre : <\/strong>premi\u00e8re \u00e9tape d&rsquo;all\u00e8gement du confinement avec la r\u00e9ouverture des commerces non essentiels.<\/li>\n<li><strong>15 d\u00e9cembre : <\/strong>seconde \u00e9tape\u00a0d&rsquo;all\u00e8gement du confinement avec le passage \u00e0 un couvre-feu de 20 heures \u00e0 6 heures du matin.<\/li>\n<li><strong>31 d\u00e9cembre<\/strong> : couvre-feu impos\u00e9 le soir du 31 d\u00e9cembre, de 20 heures \u00e0 6 heures du matin.<\/li>\n<li><strong>21 d\u00e9cembre<\/strong> : autorisation du vaccin Pfizer en Europe.<\/li>\n<li><strong>24 d\u00e9cembre<\/strong> : autorisation du vaccin Pfizer BioNTech en France.<\/li>\n<li><strong>27 d\u00e9cembre :<\/strong> d\u00e9but de la vaccination en France et dans l&rsquo;Union europ\u00e9enne avec le vaccin Pfizer BioNTech.<\/li>\n<li><strong>8 janvier 2021<\/strong> :\u00a0autorisation du vaccin Moderna en France.<\/li>\n<li><strong>24 janvier 2021<\/strong> : un test PCR n\u00e9gatif est obligatoire pour rentrer en France par avion pour les voyageurs venant d&rsquo;un pays europ\u00e9en (sauf pour les travailleurs transfrontaliers et le transport terrestre).<\/li>\n<li><strong>31 janvier 2021<\/strong> : fermeture des fronti\u00e8res en France aux pays ext\u00e9rieurs \u00e0 l&rsquo;Union europ\u00e9enne<\/li>\n<li><strong>2 f\u00e9vrier 2021<\/strong> :\u00a0autorisation du vaccin de l&rsquo;Universit\u00e9 d&rsquo;Oxford et AstraZeneca en France, uniquement pour les personnes \u00e2g\u00e9es de moins de 65\u00a0ans.<\/li>\n<li><strong>11 f\u00e9vrier : <\/strong>d\u00e9ploiement des tests salivaires dans les \u00e9tablissements scolaires.<\/li>\n<li><strong>12 mars :\u00a0<\/strong>autorisation du\u00a0vaccin\u00a0Johnson&amp;Johnson,\u00a0\u00e0 injection unique, le 4e vaccin \u00e0 \u00eatre autoris\u00e9 en France.<\/li>\n<li><strong>16 mars <\/strong>: autorisation des autotests en France.<\/li>\n<li><strong>19 mars :<\/strong> confinement de 16 d\u00e9partements pour une dur\u00e9e de 4 semaines. Le couvre-feu repasse \u00e0 19 heures dans toute la France au lieu de 18 heures.<\/li>\n<li><strong>25 mars<\/strong> :\u00a0confinement de 3 nouveaux d\u00e9partements pour une dur\u00e9e de 4\u00a0semaines.<\/li>\n<li><strong>3 avril\u00a0 : <\/strong>la France m\u00e9tropolitaine est reconfin\u00e9e 7 jours\/7, les \u00e9coles ferment pour trois semaines, et les vacances scolaires sont uniformis\u00e9es\u00a0pour toutes les zones.<\/li>\n<li><strong>8 avril :<\/strong> 10 millions de Fran\u00e7ais ont re\u00e7u une dose de vaccin Covid.<\/li>\n<li><strong>12 avril<\/strong> : vente des autotests en pharmacie.<\/li>\n<li><strong>12 avril :<\/strong> ouverture de la vaccination\u00a0\u00e0 tous les Fran\u00e7ais \u00e2g\u00e9s de\u00a0<strong>55\u00a0ans ou plus<\/strong>,<\/li>\n<li><strong>15\u00a0avril\u00a0:<\/strong>\u00a0la France<strong> <\/strong>a franchi la barre des <strong>100\u00a0000\u00a0morts.<\/strong><\/li>\n<li><strong>3 mai : <\/strong>fin de l&rsquo;attestation de d\u00e9placement et de la limitation des d\u00e9placements \u00e0 10 km.<\/li>\n<li><strong>10 mai <\/strong>: ouverture de la vaccination aux plus de 50 ans.<\/li>\n<\/ul>\n<\/td>\n<\/tr>\n<\/tbody>\n<\/table>\n<p><em>Cet article est mis \u00e0 jour quotidiennement par <a href=\"https:\/\/www.journaldesfemmes.fr\/account\/ablaize-11409696\" target=\"_blank\" rel=\"noopener noreferrer\">Aur\u00e9lie Blaize<\/a>, <a href=\"https:\/\/www.journaldesfemmes.fr\/account\/anaisthiebaux-10573564\" target=\"_blank\" rel=\"noopener noreferrer\">Ana\u00efs Thi\u00e9baux<\/a> et <a href=\"https:\/\/www.journaldesfemmes.fr\/account\/samanthapages-11598093\" target=\"_blank\" rel=\"noopener noreferrer\">Samantha Pag\u00e8s<\/a>.\u00a0<\/em><\/p>\n<\/section>\n<\/div>\n<p><script async src=\"http:\/\/platform.twitter.com\/widgets.js\" charset=\"utf-8\"><\/script><br \/>\n<br \/>[ad_2]<br \/>\n<br \/><a href=\"https:\/\/sante.journaldesfemmes.fr\/fiches-maladies\/2605417-covid-19-france-chiffres-nombre-cas-deces-morts-vaccin-direct-bilan-du-jour-evolution-15-mai\/\">Source link <\/a><\/p>\n","protected":false},"excerpt":{"rendered":"<p>[ad_1] CORONAVIRUS DIRECT &#8211; La d\u00e9crue de l&rsquo;\u00e9pid\u00e9mie se poursuit. Pendant ce temps, la vaccination s&rsquo;acc\u00e9l\u00e8re et le nombre de &hellip; <a href=\"http:\/\/www.affinite.fr\/index.php\/2021\/05\/15\/covid-france-les-derniers-chiffres-3\/\" class=\"more-link\">Plus <span class=\"screen-reader-text\">Covid France\u00a0: les derniers chiffres<\/span> <span class=\"meta-nav\">&rarr;<\/span><\/a><\/p>\n","protected":false},"author":1,"featured_media":6387,"comment_status":"open","ping_status":"open","sticky":false,"template":"","format":"standard","meta":{"_sitemap_exclude":false,"_sitemap_priority":"","_sitemap_frequency":"","footnotes":""},"categories":[1],"tags":[],"class_list":["post-6386","post","type-post","status-publish","format-standard","has-post-thumbnail","hentry","category-tous"],"_links":{"self":[{"href":"http:\/\/www.affinite.fr\/index.php\/wp-json\/wp\/v2\/posts\/6386"}],"collection":[{"href":"http:\/\/www.affinite.fr\/index.php\/wp-json\/wp\/v2\/posts"}],"about":[{"href":"http:\/\/www.affinite.fr\/index.php\/wp-json\/wp\/v2\/types\/post"}],"author":[{"embeddable":true,"href":"http:\/\/www.affinite.fr\/index.php\/wp-json\/wp\/v2\/users\/1"}],"replies":[{"embeddable":true,"href":"http:\/\/www.affinite.fr\/index.php\/wp-json\/wp\/v2\/comments?post=6386"}],"version-history":[{"count":0,"href":"http:\/\/www.affinite.fr\/index.php\/wp-json\/wp\/v2\/posts\/6386\/revisions"}],"wp:featuredmedia":[{"embeddable":true,"href":"http:\/\/www.affinite.fr\/index.php\/wp-json\/wp\/v2\/media\/6387"}],"wp:attachment":[{"href":"http:\/\/www.affinite.fr\/index.php\/wp-json\/wp\/v2\/media?parent=6386"}],"wp:term":[{"taxonomy":"category","embeddable":true,"href":"http:\/\/www.affinite.fr\/index.php\/wp-json\/wp\/v2\/categories?post=6386"},{"taxonomy":"post_tag","embeddable":true,"href":"http:\/\/www.affinite.fr\/index.php\/wp-json\/wp\/v2\/tags?post=6386"}],"curies":[{"name":"wp","href":"https:\/\/api.w.org\/{rel}","templated":true}]}}