{"id":6382,"date":"2021-05-14T15:15:38","date_gmt":"2021-05-14T15:15:38","guid":{"rendered":"https:\/\/www.affinite.fr\/index.php\/2021\/05\/14\/la-dentelle-dalencon-dentelle-de-reine-mise-en-poesie\/"},"modified":"2021-05-14T15:15:38","modified_gmt":"2021-05-14T15:15:38","slug":"la-dentelle-dalencon-dentelle-de-reine-mise-en-poesie","status":"publish","type":"post","link":"http:\/\/www.affinite.fr\/index.php\/2021\/05\/14\/la-dentelle-dalencon-dentelle-de-reine-mise-en-poesie\/","title":{"rendered":"La dentelle d\u2019Alen\u00e7on, dentelle de reine mise en po\u00e9sie"},"content":{"rendered":"<p> [ad_1]<br \/>\n<br \/><img decoding=\"async\" src=\"https:\/\/maison1.advcdn.net\/images\/medias\/000\/054\/000054980\/200.jpg\" \/><\/p>\n<div itemprop=\"articleBody\">\n<p>\n  <strong>Le point d\u2019Alen\u00e7on<\/strong> est une technique rare et raffin\u00e9e de production de <strong>dentelle \u00e0 l\u2019aiguille<\/strong> n\u00e9e \u00e0 <strong>Alen\u00e7on<\/strong> dans l\u2019Orne au <strong>XVIIe si\u00e8cle.<\/strong> Menac\u00e9e de disparition au milieu du XX\u00e8me si\u00e8cle, sa perp\u00e9tuation est assur\u00e9e aujourd\u2019hui par <strong>l\u2019Atelier national du point d\u2019Alen\u00e7on,<\/strong> cr\u00e9\u00e9 par l\u2019\u00c9tat en 1976 et rattach\u00e9 \u00e0 l\u2019administration du <strong>Mobilier national<\/strong>.\n<\/p>\n<p>\n  <strong>L\u2019Association la Dentelle au Point d\u2019Alen\u00e7on, l&rsquo;ADPA<\/strong> existe depuis 50 ans et veille soigneusement \u00e0 la renomm\u00e9e de ce savoir-faire ancestral, class\u00e9\u00a0<strong>r\u00e9cemment Patrimoine Culturel immat\u00e9riel de l\u2019UNESCO<\/strong>. Elle accompagne ce patrimoine d\u2019exception transmis par <strong>l\u2019Ecole dentelli\u00e8re<\/strong> et met en lumi\u00e8re le merveilleux travail des <strong>dentelli\u00e8res<\/strong>.\u00a0Chef d\u2019oeuvre en p\u00e9ril, l\u2019Association\u00a0 \u00ab<strong>\u00a0ADPA\u00a0<\/strong>\u00bb\u00a0a toujours eu le souhait d\u2019impliquer la population au destin de sa <strong>dentelle<\/strong>.<br \/><strong>\u00a0\u00bb Dentelle d\u2019Alen\u00e7on, Un jardin orn\u00e9\u00a0\u00bb<\/strong>,\u00a0 bel ouvrage \u00e0 la couverture cartonn\u00e9e, magnifiquement illustr\u00e9 de photos de <strong>dentelles<\/strong> est consacr\u00e9 aux th\u00e8mes floraux et \u00e0 la po\u00e9sie. Chaque page pr\u00e9sente un motif floral ou v\u00e9g\u00e9tal le reliant \u00e0 un po\u00e8me.\n<\/p>\n<p>\n  Ainsi le texte de <strong>Baudelaire\u00a0<\/strong> \u00ab<strong>\u00a0Un h\u00e9misph\u00e8re dans une chevelure<\/strong>\u00a0\u00bb po\u00e8me en prose, issu du recueil <strong>Le Spleen de Paris,<\/strong>\u00a0 accompagne le th\u00e8me du mouchoir. <strong>Baudelaire,<\/strong> dont le premier \u00e9diteur de l\u2019ouvrage Les Fleurs du Mal \u00e9tait son ami <strong>Auguste Poulet-Malassis,<\/strong> n\u00e9 \u00e0 Alen\u00e7on.\n<\/p>\n<p>\n  ou\u00a0 Le panier illustrant le po\u00e8me Le verger\u00a0 de <strong>R\u00e9my de Gourmont<\/strong> : \u00ab\u00a0Simone allons au verger &#8211; Avec un panier d\u2019osier &#8211; Nous dirons \u00e0 nos pommiers &#8211; En entrant dans le verger &#8211; Voici la saison des pommes &#8211; Allons au verger &#8211; Simone, Allons au verger\u00a0\u00bb.<\/p>\n<p>\n  <strong>R\u00e9my de Gourmont<\/strong> page 82 &#8211;\u00a0 <span style=\"caret-color: rgb(77, 81, 86); color: rgb(77, 81, 86); font-family: arial, sans-serif; font-size: 14px; font-style: normal; font-variant-caps: normal; font-weight: normal; letter-spacing: normal; orphans: auto; text-align: left; text-indent: 0px; text-transform: none; white-space: normal; widows: auto; word-spacing: 0px; -webkit-text-size-adjust: auto; -webkit-text-stroke-width: 0px; background-color: rgb(255, 255, 255); text-decoration: none; display: inline !important; float: none;\">\u00e9crivain fran\u00e7ais, \u00e0 la fois romancier, journaliste et critique d&rsquo;art<\/span> n\u00e9 <span style=\"caret-color: rgb(77, 81, 86); color: rgb(77, 81, 86); font-family: arial, sans-serif; font-size: 14px; font-style: normal; font-variant-caps: normal; font-weight: normal; letter-spacing: normal; orphans: auto; text-align: left; text-indent: 0px; text-transform: none; white-space: normal; widows: auto; word-spacing: 0px; -webkit-text-size-adjust: auto; -webkit-text-stroke-width: 0px; background-color: rgb(255, 255, 255); text-decoration: none; display: inline !important; float: none;\">Bazoches-au-Houlme<\/span> pr\u00e8s d\u2019Argentan dans l\u2019Orne.\n<\/p>\n<p>\n  Pour en savoir plus, sur cette dentelle d\u2019exception, <strong>l\u2019ADPA<\/strong>\u00a0a fait paraitre un livret sous la plume po\u00e9tique de <strong>Sonia Brault<\/strong> pour en retracer l\u2019histoire \u00ab<strong>\u00a0Au fil du r\u00e9seau\u00a0<\/strong>\u00bb 50 ans de la vie de l\u2019association, rend\u00a0 hommage \u00e0 toutes celles et ceux qui ont crois\u00e9 le chemin du <strong>Point d\u2019Alen\u00e7on<\/strong> et l\u2019ont sauv\u00e9 de la disparition, ainsi que la part active de cette association de passionn\u00e9es.<\/p>\n<p>\n  Recueil de dentelles et po\u00e8mes \u00ab\u00a0<strong>Dentelle d\u2019Alen\u00e7on Un jardin orn\u00e9\u00a0\u00bb\u00a0<\/strong>est \u00e9dit\u00e9 par <strong>l\u2019Association La Dentelle au Point d\u2019Alen\u00e7on\u00a0 l\u2019ADPA<\/strong> &#8211; 25 rue Dem\u00e9es 61000 Alen\u00e7on &#8211; Prix 30 \u20ac<br \/>Le trouver : Libraire Le Passage \u00e0 Alen\u00e7on\u00a0 &#8211; \u00e0 commander sur\u00a0<a href=\"https:\/\/www.librairielepassage.com\/\">https:\/\/www.librairielepassage.com\/<\/a><br \/>Le livret : <strong>Au fil du r\u00e9seau<\/strong> ou petite histoire de l\u2019Association de la dentelle au point d\u2019Alen\u00e7on &#8211; <a href=\"http:\/\/www.affinite.fr\/index.php\/2023\/08\/24\/lart-de-la-glace-transforme-en-business-la-vision-unique-de-fabien-gris\/\">Auteur<\/a> : Sonia Brault prix : 12 \u20ac <a href=\"http:\/\/associationdentellealencon@gmail.com\">associationdentellealencon@gmail.com<\/a><br \/>Design graphique : <a href=\"http:\/\/www.lilium.fr\/contact@lilium.fr\">http:\/\/www.lilium.fr\/contact@lilium.fr<\/a><br \/>Mus\u00e9e des Beaux Arts et de la Dentelle <a href=\"http:\/\/museedentelle.cu-alencon.fr\/\">http:\/\/museedentelle.cu-alencon.fr\/<\/a>\n<\/p>\n<\/p><\/div>\n<p><script async defer crossorigin=\"anonymous\" src=\"https:\/\/connect.facebook.net\/fr_FR\/sdk.js#xfbml=1&#038;version=v6.0&#038;appId=252025098257546&#038;autoLogAppEvents=1\"><\/script><br \/>\n<br \/>[ad_2]<br \/>\n<br \/><a href=\"http:\/\/feedproxy.google.com\/~r\/maison-actus\/~3\/JshwPfBbaHk\/\">Source link <\/a><\/p>\n","protected":false},"excerpt":{"rendered":"<p>[ad_1] Le point d\u2019Alen\u00e7on est une technique rare et raffin\u00e9e de production de dentelle \u00e0 l\u2019aiguille n\u00e9e \u00e0 Alen\u00e7on dans &hellip; <a href=\"http:\/\/www.affinite.fr\/index.php\/2021\/05\/14\/la-dentelle-dalencon-dentelle-de-reine-mise-en-poesie\/\" class=\"more-link\">Plus <span class=\"screen-reader-text\">La dentelle d\u2019Alen\u00e7on, dentelle de reine mise en po\u00e9sie<\/span> <span class=\"meta-nav\">&rarr;<\/span><\/a><\/p>\n","protected":false},"author":1,"featured_media":6383,"comment_status":"open","ping_status":"open","sticky":false,"template":"","format":"standard","meta":{"_sitemap_exclude":false,"_sitemap_priority":"","_sitemap_frequency":"","footnotes":""},"categories":[1],"tags":[],"class_list":["post-6382","post","type-post","status-publish","format-standard","has-post-thumbnail","hentry","category-tous"],"_links":{"self":[{"href":"http:\/\/www.affinite.fr\/index.php\/wp-json\/wp\/v2\/posts\/6382"}],"collection":[{"href":"http:\/\/www.affinite.fr\/index.php\/wp-json\/wp\/v2\/posts"}],"about":[{"href":"http:\/\/www.affinite.fr\/index.php\/wp-json\/wp\/v2\/types\/post"}],"author":[{"embeddable":true,"href":"http:\/\/www.affinite.fr\/index.php\/wp-json\/wp\/v2\/users\/1"}],"replies":[{"embeddable":true,"href":"http:\/\/www.affinite.fr\/index.php\/wp-json\/wp\/v2\/comments?post=6382"}],"version-history":[{"count":0,"href":"http:\/\/www.affinite.fr\/index.php\/wp-json\/wp\/v2\/posts\/6382\/revisions"}],"wp:featuredmedia":[{"embeddable":true,"href":"http:\/\/www.affinite.fr\/index.php\/wp-json\/wp\/v2\/media\/6383"}],"wp:attachment":[{"href":"http:\/\/www.affinite.fr\/index.php\/wp-json\/wp\/v2\/media?parent=6382"}],"wp:term":[{"taxonomy":"category","embeddable":true,"href":"http:\/\/www.affinite.fr\/index.php\/wp-json\/wp\/v2\/categories?post=6382"},{"taxonomy":"post_tag","embeddable":true,"href":"http:\/\/www.affinite.fr\/index.php\/wp-json\/wp\/v2\/tags?post=6382"}],"curies":[{"name":"wp","href":"https:\/\/api.w.org\/{rel}","templated":true}]}}