{"id":6366,"date":"2021-05-11T21:09:37","date_gmt":"2021-05-11T21:09:37","guid":{"rendered":"https:\/\/www.affinite.fr\/index.php\/2021\/05\/11\/lassemblee-a-vote-contre-cest-quoi-quand\/"},"modified":"2021-05-11T21:09:37","modified_gmt":"2021-05-11T21:09:37","slug":"lassemblee-a-vote-contre-cest-quoi-quand","status":"publish","type":"post","link":"http:\/\/www.affinite.fr\/index.php\/2021\/05\/11\/lassemblee-a-vote-contre-cest-quoi-quand\/","title":{"rendered":"l&rsquo;Assembl\u00e9e a vot\u00e9 contre, c&rsquo;est quoi, quand\u00a0?"},"content":{"rendered":"<p> [ad_1]<br \/>\n<\/p>\n<p>\n                Un pass sanitaire (ou certificat num\u00e9rique) pourrait \u00eatre mis en place le 9\u00a0juin en France pour acc\u00e9der \u00e0 certains lieux publics (stade, festival, foire, salon). Pour le moment, l&rsquo;Assembl\u00e9e a vot\u00e9 contre. Qu&rsquo;est-ce que c&rsquo;est\u00a0? Comment l&rsquo;obtenir\u00a0? Sera-t-il obligatoire au restaurant\u00a0? Dans une salle de sport\u00a0? Liste des lieux et infos \u00e0 date.            <\/p>\n<div>\n<aside class=\"ccmsummary marqueur_module ccmcss_cms_summary ccmcss_cms_summary--right\">\n<p>Sommaire<\/p>\n<\/aside>\n<p><strong>[Mis \u00e0 jour le mardi 11 mai \u00e0 21h04] Coup de th\u00e9\u00e2tre. <\/strong>Contre toute attente, l&rsquo;Assembl\u00e9e Nationale a vot\u00e9 contre l&rsquo;article de loi comportant la mise en place du pass sanitaire (108 voix contre, 103\u00a0pour).\u00a0En cause : le flou du texte. Le gouvernement peut encore demander une seconde d\u00e9lib\u00e9ration. Ce lundi 10\u00a0mai, elle s&rsquo;\u00e9tait pourtant montr\u00e9e favorable \u00e0 la cr\u00e9ation de ce certificat sanitaire europ\u00e9en, conform\u00e9ment \u00e0<span style=\"font-size: 1rem;\">\u00a0<\/span><a href=\"https:\/\/solidarites-sante.gouv.fr\/IMG\/pdf\/avis_conseil_scientifique_3_mai_2021.pdf\" style=\"font-size: 1rem; background-color: rgb(255, 255, 255);\" target=\"_blank\" rel=\"noopener noreferrer\">l&rsquo;avis favorable du 3\u00a0mai<\/a><span style=\"font-size: 1rem;\">\u00a0du Conseil scientifique.\u00a0Le<\/span><strong style=\"font-size: 1rem;\"> texte devra dans tous les cas\u00a0passer devant le S\u00e9nat le 18\u00a0mai <\/strong><span style=\"font-size: 1rem;\">prochain avant d&rsquo;\u00eatre <\/span><strong style=\"font-size: 1rem;\">d\u00e9finitivement adopt\u00e9 en France<\/strong><span style=\"font-size: 1rem;\">.\u00a0Sur ce pass sanitaire pourra figurer\u00a0: le certificat de test n\u00e9gatif, le certificat de r\u00e9tablissement de la\u00a0Covid-19\u00a0et le<\/span><strong style=\"font-size: 1rem;\">\u00a0certificat de vaccination<\/strong><span style=\"font-size: 1rem;\">\u00a0contre la Covid-19. En attendant sa mise en place, depuis le\u00a03 mai, <\/span><strong style=\"font-size: 1rem;\">toutes les personnes vaccin\u00e9es contre la Covid-19 disposent apr\u00e8s l&rsquo;injection, d&rsquo;une attestation de vaccination<\/strong><span style=\"font-size: 1rem;\">\u00a0dite<\/span><em style=\"font-size: 1rem;\">\u00a0\u00ab\u00a0certifi\u00e9e\u00a0\u00bb<\/em><span style=\"font-size: 1rem;\">\u00a0au format papier, d\u00e9livr\u00e9e par le professionnel de sant\u00e9 habilit\u00e9 \u00e0 la vaccination.\u00a0Elle peut \u00eatre stock\u00e9e dans l&rsquo;application\u00a0<\/span><strong style=\"font-size: 1rem;\">TousAntiCovidCarnet<\/strong><span style=\"font-size: 1rem;\">\u00a0sous format num\u00e9rique, pour <\/span><strong style=\"font-size: 1rem;\"><a href=\"http:\/\/www.affinite.fr\/index.php\/2023\/07\/29\/changer-de-vie-voyager-complement-de-retraite-devenez-vendeur-de-glace-a-litalienne\/\">voyager<\/a>\u00a0<\/strong><span style=\"font-size: 1rem;\">par exemple. Une phase de tests a d\u00e9but\u00e9 ce 10 mai, a annonc\u00e9\u00a0la Commission europ\u00e9enne. <\/span><strong style=\"font-size: 1rem;\">Cette phase pilote<\/strong><span style=\"font-size: 1rem;\">, s&rsquo;\u00e9chelonnant sur deux semaines, concerne au total 18\u00a0pays de l&rsquo;UE ainsi que\u00a0l&rsquo;Islande, a indiqu\u00e9 un porte-parole de l&rsquo;ex\u00e9cutif europ\u00e9en, Johannes Bahrke. Cela permettra de voir si ce pass sanitaire est techniquement op\u00e9rationnel\u00a0au mois de juin, avant la saison estivale.\u00a0<\/span><strong style=\"font-size: 1rem;\">Concr\u00e8tement, c&rsquo;est quoi le pass sanitaire ?<\/strong><span style=\"font-size: 1rem;\"> Sera-t-il <strong>obligatoire <\/strong>en France\u00a0? Pour aller au restaurant\u00a0?\u00a0Dans un mus\u00e9e\u00a0? Pour voyager dans un autre\u00a0pays\u00a0? Quand sera-t-il mis en place\u00a0? Ce que l&rsquo;on sait \u00e0 date.<\/span><\/p>\n<p>Ce que l&rsquo;on appelle \u00ab\u00a0pass sanitaire\u00a0\u00bb en France correspondrait au \u00ab\u00a0certificat vert num\u00e9rique\u00a0\u00bb\u00a0ou \u00ab\u00a0certificat europ\u00e9en Covid-19\u00a0\u00bb propos\u00e9 par la Commission europ\u00e9enne en mars 2021. Les modalit\u00e9s pr\u00e9cises de ce nouveau pass n&rsquo;ont pas encore \u00e9t\u00e9 valid\u00e9es\u00a0au niveau europ\u00e9en. N\u00e9anmoins, il\u00a0consisterait en <strong>un espace\u00a0personnel<\/strong>, accessible depuis son smartphone ou en version papier,\u00a0qui pourrait r\u00e9pertorier certaines informations comme :<\/p>\n<ul>\n<li>un QR code<\/li>\n<li>l&rsquo;Etat de r\u00e9sidence<\/li>\n<li>les tests PCR n\u00e9gatifs r\u00e9cents<\/li>\n<li>les attestations de non sympt\u00f4mes<\/li>\n<li>les certificats de vaccination de son titulaire.\u00a0<\/li>\n<\/ul>\n<p>Il existera \u00e9galement <strong>une version papier<\/strong> qui mentionnera :<\/p>\n<ul>\n<li>votre nom<\/li>\n<li>votre date de naissance<\/li>\n<li>le num\u00e9ro de votre passeport certifi\u00e9 avec le QR code<\/li>\n<li>le fait\u00a0que vous ayez \u00e9t\u00e9 vaccin\u00e9 ou non,<\/li>\n<li>le type de vaccin et si vous avez \u00e9t\u00e9 porteur de la maladie<\/li>\n<li>\u00ab\u00a0pour ceux qui n&rsquo;auront eu ni le vaccin, ni la maladie et pour lesquels on demandera un test PCR, on trouvera l&rsquo;\u00e9tat de votre test PCR\u00a0\u00bb, a pr\u00e9cis\u00e9 le commissaire europ\u00e9en.\u00a0<\/li>\n<\/ul>\n<p>Contrairement au <a href=\"https:\/\/sante.journaldesfemmes.fr\/fiches-maladies\/2688851-passeport-vaccinal-covid-france-definition-voyager-obligatoire-france-sondage-maroc-grece\/\" title=\"Passeport vaccinal\">passeport vaccinal<\/a> qui ne fait mention que des doses de vaccin administr\u00e9es, le pass sanitaire\u00a0<strong>ne d\u00e9savantagera pas<\/strong> les personnes ne souhaitant pas se faire vacciner contre la Covid-19. \u00ab\u00a0<em>La vaccination ne peut pas \u00eatre le s\u00e9same unique de r\u00e9ouverture des activit\u00e9s sinon on cr\u00e9e une soci\u00e9t\u00e9 \u00e0 deux vitesses, tr\u00e8s injuste<\/em>\u00ab\u00a0, a pr\u00e9cis\u00e9 le secr\u00e9taire d&rsquo;\u00c9tat aux Affaires europ\u00e9ennes Cl\u00e9ment Beaune le 28 f\u00e9vrier dans l&rsquo;\u00e9mission \u00ab\u00a0<em>Questions politiques<\/em>\u00a0\u00bb sur France Inter.\u00a0\u00ab\u00a0<em>L&rsquo;id\u00e9e est de pouvoir rouvrir ces activit\u00e9s en s\u00e9curit\u00e9 et donc de pouvoir tracer, \u00e0 l&rsquo;aide de ces applications<\/em>\u00ab\u00a0, a indiqu\u00e9 le ministre d\u00e9l\u00e9gu\u00e9 charg\u00e9 des Transports. Jean-Baptiste Djebbari, le 26 f\u00e9vrier sur LCI.\u00a0<\/p>\n<h2\/>\n<p><strong>En France, <\/strong>le pass sanitaire comprend\u00a0<strong>3\u00a0types de certificats\u00a0:<\/strong><\/p>\n<ul>\n<li>le certificat de test virologique n\u00e9gatif (<a href=\"https:\/\/sante.journaldesfemmes.fr\/fiches-maladies\/2635621-test-pcr-covid-sans-ordonnance-prix-signification-fiabilite-resultats-coronavirus-covid-quand-faire-criblage\/\" title=\"Test PCR\">test RT-PCR<\/a> et test antig\u00e9nique) (depuis le 19\u00a0avril, chaque Fran\u00e7ais a\u00a0acc\u00e8s \u00e0 ses certificats de tests RT-PCR et antig\u00e9niques n\u00e9gatifs et positifs, remis en main propre pour les versions papier par les personnels de sant\u00e9 ainsi que les laboratoires, ou disponibles en num\u00e9rique sur la plateforme d\u00e9di\u00e9e sidep.gouv.fr),<\/li>\n<li>le certificat de r\u00e9tablissement de la Covid-19<\/li>\n<li>et l&rsquo;attestation de vaccination (depuis lundi 3\u00a0mai, <strong>toute personne vaccin\u00e9e contre la Covid-19, se voit\u00a0remettre en main propre, apr\u00e8s son injection, une attestation de vaccination<\/strong>\u00a0dite<em>\u00a0\u00ab\u00a0certifi\u00e9e\u00a0\u00bb<\/em>\u00a0au format papier, par le professionnel de sant\u00e9 habilit\u00e9 \u00e0 la vaccination).<\/li>\n<\/ul>\n<p>Ces certificats peuvent \u00eatre\u00a0int\u00e9gr\u00e9s au format num\u00e9rique <strong>dans la fonctionnalit\u00e9 <a href=\"https:\/\/sante.journaldesfemmes.fr\/fiches-maladies\/2630463-tous-anti-covid-application-covid-19-telecharger-attestation-carnet-certificat-vaccination\/\" title=\"Tous Anti Covid\">TousAntiCovid<\/a> Carnet<\/strong>\u00a0de l&rsquo;application TousAntiCovid, d\u00e9voil\u00e9e le 19\u00a0avril.\u00a0Ces documents seront\u00a0\u00e9galement <u><strong>toujours disponibles au format PDF et papier<\/strong><\/u>. <em>\u00ab\u00a0La solution fran\u00e7aise r\u00e9pond \u00e0 trois objectifs\u00a0:\u00a0<strong>proposer un service simple et gratuit pour tous, assurer la s\u00e9curit\u00e9 des donn\u00e9es sanitaires trait\u00e9es et garantir un acc\u00e8s \u00e9galitaire<\/strong>\u00a0avec la possibilit\u00e9 d&rsquo;obtenir son certificat en version papier comme en num\u00e9rique\u00a0\u00bb <\/em>expliquait le minist\u00e8re de la Sant\u00e9 dans un <a href=\"https:\/\/solidarites-sante.gouv.fr\/actualites\/presse\/communiques-de-presse\/article\/des-certificats-de-tests-et-des-attestations-de-vaccination-pour-securiser-les\" target=\"_blank\" rel=\"noopener noreferrer\">communiqu\u00e9<\/a> de presse du 19 avril. <em>\u00ab\u00a0L&rsquo;objectif du pass sanitaire est de<strong> pouvoir ouvrir certains \u00e9v\u00e8nements<\/strong>\u00a0\u00bb <\/em>explique le Conseil Scientifique le 3 mai tout en soulignant que <em>\u00ab\u00a0son utilisation favorise une <strong>r\u00e9duction des risques<\/strong> sans que l&rsquo;on puisse consid\u00e9rer sur un plan scientifique que le risque deviendrait\u00a0quasi-nul\u00a0\u00bb<\/em>. Par exemple, les personnes disposant d&rsquo;un test virologique (RT-PCR ou antig\u00e9nique) n\u00e9gatif effectu\u00e9 dans un d\u00e9lai de moins de 48h\u00a0pourraient quand m\u00eame \u00eatre contagieuses au moment de l&rsquo;\u00e9v\u00e9nement. Du coup<em> <strong>\u00ab\u00a0l&rsquo;utilisation du pass sanitaire ne permet pas de se dispenser du port du masque<\/strong> ni de renoncer \u00e0 exiger une ventilation suffisante des lieux clos\u00a0\u00bb<\/em> pr\u00e9viennent ces scientifiques.\u00a0<\/p>\n<p><em>\u00ab\u00a0L<\/em><em style=\"font-size: 1rem;\">e pass sanitaire ne sera<strong> jamais un droit d&rsquo;acc\u00e8s qui diff\u00e9rencie les Fran\u00e7ais. <\/strong>Il ne saurait \u00eatre obligatoire pour acc\u00e9der aux lieux de la vie de tous les jours comme les restaurants, th\u00e9\u00e2tres et cin\u00e9mas, ou pour aller chez des amis\u00a0\u00bb <\/em>\u00a0avait rassur\u00e9\u00a0Emmanuel Macron lors d&rsquo;un entretien \u00e0 la presse r\u00e9gionale quotidienne jeudi 29\u00a0avril. En revanche le gouvernement fran\u00e7ais souhaite valider son recours<strong> lors de grands rassemblements<\/strong>.\u00a0\u00ab\u00a0<em>Dans des lieux o\u00f9 se brassent les foules, comme les stades, festivals, foires ou expositions, il serait absurde de ne pas l&rsquo;utiliser<\/em>\u00a0\u00bb d\u00e9taillait\u00a0Emmanuel Macron le 29 avril. Les d\u00e9put\u00e9s de la commission des Lois ont donn\u00e9<strong> mardi 4\u00a0mai\u00a0<\/strong>un premier feu vert \u00e0 cet amendement pr\u00e9voyant de \u00ab\u00a0subordonner\u00a0\u00bb, le moment venu, l&rsquo;acc\u00e8s aux \u00e9tablissements, lieux ou \u00e9v\u00e8nements <strong>r\u00e9unissant plus de 1000\u00a0personnes<\/strong> \u00e0 la pr\u00e9sentation du r\u00e9sultat d&rsquo;un examen de d\u00e9pistage virologique n\u00e9gatif au Covid-19, d&rsquo;un justificatif de vaccination ou attestant du r\u00e9tablissement de la personne \u00e0 la suite d&rsquo;une contamination.\u00a0Pour le ministre de la Sant\u00e9 Olivier V\u00e9ran, un tel dispositif vise \u00e0 <strong>\u00e9viter l&rsquo;apparition de \u00ab\u00a0<em>cluster ou supercluster<\/em>\u00a0\u00bb <\/strong>et \u00ab\u00a0<em>correspond \u00e0 une d\u00e9marche qu&rsquo;on voit \u00e9merger dans de nombreux pays<\/em>\u00ab\u00a0.\u00a0Pour faciliter les contr\u00f4les,\u00a0l&rsquo;ex\u00e9cutif a annonc\u00e9 qu&rsquo;il allait<em>\u00a0\u00ab\u00a0mettre en place une application de lecture\u00a0\u00bb<\/em>\u00a0de ce pass dans les prochaines semaines, avec un\u00a0syst\u00e8me de couleur (rouge ou vert), ne laissant pas appara\u00eetre le motif du certificat, vaccin ou test PCR.\u00a0<\/p>\n<p><strong>Concr\u00e8tement, avec un pass sanitaire, il sera ainsi possible de :<\/strong><\/p>\n<ul>\n<li>Acc\u00e9der \u00e0 des \u00e9tablissements sportifs de plein air ou couverts<strong> (d\u00e8s le 9 juin)<\/strong><\/li>\n<li>Entrer dans un salon, une exposition\u00a0ou une foire jusqu&rsquo;\u00e0 5 000 personnes\u00a0<strong>(d\u00e8s le 9\u00a0juin)<\/strong><\/li>\n<li>Se rendre en France pour les touristes \u00e9trangers\u00a0<strong>(d\u00e8s le 9\u00a0juin)<\/strong><\/li>\n<li>Participer \u00e0 un \u00e9v\u00e9nement de plus de 1\u00a0000\u00a0personnes en ext\u00e9rieur ou en int\u00e9rieur comme des concerts ou des festivals.\u00a0<strong>(d\u00e8s le 30 juin)<\/strong><\/li>\n<\/ul>\n<p><strong>&gt;&gt; <\/strong>En revanche, <strong>l&rsquo;acc\u00e8s aux salles de sport, aux\u00a0mus\u00e9es, cin\u00e9mas, th\u00e9\u00e2tres ou aux\u00a0monuments culturels<\/strong> ne devrait pas \u00eatre conditionn\u00e9\u00a0par un pass sanitaire.\u00a0<\/p>\n<p>Pour le moment, selon le calendrier de d\u00e9confinement d\u00e9voil\u00e9 le 29 avril 2021\u00a0par Emmanuel Macron, <strong>l&rsquo;acc\u00e8s aux bars et restaurants ne devrait pas \u00eatre conditionn\u00e9 \u00e0 la pr\u00e9sentation du pass sanitaire. <\/strong>L&rsquo;acc\u00e8s aux terrasses ou aux salles int\u00e9rieures des restaurants serait donc libre.\u00a0\u00ab\u00a0<em><strong>Le pass sanitaire ne sera jamais un droit d&rsquo;acc\u00e8s qui diff\u00e9rencie les Fran\u00e7ais.<\/strong> Il ne saurait \u00eatre obligatoire pour acc\u00e9der aux lieux de la vie de tous les jours comme les restaurants, th\u00e9\u00e2tres et cin\u00e9mas, ou pour aller chez des amis<\/em>\u00ab\u00a0, pr\u00e9cise Emmanuel Macron, dans\u00a0un entretien\u00a0accord\u00e9 \u00e0 la presse quotidienne r\u00e9gionale le 29 avril 2021. Olivier V\u00e9ran a confirm\u00e9 le 4 mai qu&rsquo;\u00e9tait \u00ab\u00a0<em>exclu\u00a0de fait tout usage d&rsquo;un pass sanitaire <strong>pour les activit\u00e9s de la vie courante<\/strong><\/em><strong>\u00ab\u00a0.\u00a0<\/strong><\/p>\n<table align=\"center\" border=\"1\" cellpadding=\"1\" cellspacing=\"1\" style=\"width:80%;\">\n<thead>\n<tr>\n<th scope=\"row\">LIEUX<\/th>\n<th scope=\"col\">PASS\u00a0SANITAIRE EXIG<strong>\u00c9<\/strong>\u00a0?<\/th>\n<\/tr>\n<\/thead>\n<tbody>\n<tr>\n<th scope=\"row\">Restaurant<\/th>\n<td>Non<\/td>\n<\/tr>\n<tr>\n<th scope=\"row\">Bar<\/th>\n<td>Non<\/td>\n<\/tr>\n<tr>\n<th scope=\"row\">Salle de sport<\/th>\n<td>Non\u00a0<\/td>\n<\/tr>\n<tr>\n<th scope=\"row\">Cin\u00e9ma\/Th\u00e9\u00e2tre<\/th>\n<td>Oui si +\u00a0de 1 000 personnes\u00a0<\/td>\n<\/tr>\n<tr>\n<th scope=\"row\">Concert<\/th>\n<td>Oui si +\u00a0de 1 000 personnes<\/td>\n<\/tr>\n<tr>\n<th scope=\"row\">Festival<\/th>\n<td>Oui si + de 1\u00a0000\u00a0personnes<\/td>\n<\/tr>\n<tr>\n<th scope=\"row\">Mus\u00e9e<\/th>\n<td>Non\u00a0<\/td>\n<\/tr>\n<tr>\n<th scope=\"row\">Stade, match&#8230;<\/th>\n<td>Oui si + de 1 000\u00a0personnes<\/td>\n<\/tr>\n<tr>\n<th scope=\"row\">Monument culturel<\/th>\n<td>Non\u00a0<\/td>\n<\/tr>\n<tr>\n<th scope=\"row\">Salon, foire&#8230;<\/th>\n<td>Oui si + de 5 000 (\u00e0 partir du 9 juin), puis + de 1 000 (\u00e0 partir du 30 juin)<\/td>\n<\/tr>\n<\/tbody>\n<\/table>\n<p>A ce stade, les dirigeants europ\u00e9ens ne comptent pas rendre ce pass obligatoire, mais ils envisagent <strong>d&rsquo;inciter la population \u00e0 y recourir<\/strong>. Certains lieux publics pourraient exiger la pr\u00e9sentation de ce pass sanitaire. \u00ab\u00a0<em>Nous allons demander \u00e0 ce que les gens s&rsquo;enregistrent pour faciliter le syst\u00e8me d&rsquo;alerte, si quelqu&rsquo;un vient assister \u00e0 un \u00e9v\u00e9nement, qu&rsquo;il puisse \u00eatre enregistr\u00e9 avec un code, afin qu&rsquo;on retrouve beaucoup plus facilement ses <a href=\"https:\/\/sante.journaldesfemmes.fr\/fiches-maladies\/2661027-cas-contact-covid-19-definition-test-obligatoire-meme-foyer-enfant-travail-que-faire-procedure-duree\/\" title=\"Cas contact\">cas contacts<\/a>. Ce qu&rsquo;on fait avec <strong>TousAntiCovid<\/strong>, on le fera de mani\u00e8re plus efficace<\/em>\u00a0\u00bb a d\u00e9taill\u00e9 le pr\u00e9sident le 25\u00a0f\u00e9vrier \u00e0 l&rsquo;Elys\u00e9e, apr\u00e8s une visioconf\u00e9rence avec les Vingt-Sept. Emmanuel Macron a tenu \u00e0 rappeler que <strong>la vaccination n&rsquo;est et ne sera pas obligatoire en France<\/strong>, et assure repousser fermement\u00a0la mise en place d&rsquo;un passeport vaccinal dans le pays, bien que l&rsquo;Acad\u00e9mie de m\u00e9decine s&rsquo;est prononc\u00e9e en faveur le 30 avril.\u00a0<\/p>\n<p>Pour le moment, aucune date officielle n&rsquo;a \u00e9t\u00e9 avanc\u00e9e quant au lancement de ce pass sanitaire mais<strong><em> \u00ab\u00a0la possible mise en place de ce pass sanitaire pourrait se faire d\u00e9but juin 2021\u00a0\u00bb <\/em><\/strong>indique le Conseil scientifique du Covid dans un avis du 3 mai, se basant sur le calendrier des r\u00e9ouvertures pr\u00e9vu par le gouvernement (voir ci-dessous).\u00a0<\/p>\n<div style=\"text-align:center\">\n<figure class=\"image\" style=\"display:inline-block\"><a class=\"fancy\" href=\"https:\/\/img-3.journaldesfemmes.fr\/bHsHjF0pgRclpfj4GfxQSSQB52k=\/1080x\/smart\/8edd8251363d48889d9905ad7a894aa2\/ccmcms-jdf\/24418574.jpg\"><img decoding=\"async\" alt=\"PASS SANITAIRE DATE FRANCE\" src=\"https:\/\/img-3.journaldesfemmes.fr\/OV4msclsdLJBLnVFHrg88y10DDg=\/600x\/smart\/8edd8251363d48889d9905ad7a894aa2\/ccmcms-jdf\/24418574.jpg\"\/><\/a><figcaption data-credit=\"Twitter-Emmanuel Macron\" data-legend=\"Pr\u00e9sentation de l'agenda des r\u00e9ouvertures sur le compte Twitter d'Emmanuel Macron, mentionnant le pass sanitaire.\">Pr\u00e9sentation de l&rsquo;agenda des r\u00e9ouvertures sur le compte Twitter d&rsquo;Emmanuel Macron, mentionnant le pass sanitaire. <small>\u00a9\u00a0Twitter-Emmanuel Macron<\/small><\/figcaption><\/figure>\n<\/div>\n<div style=\"text-align:center\">\n<figure class=\"image\" style=\"display:inline-block\"><a class=\"fancy\" href=\"https:\/\/img-3.journaldesfemmes.fr\/_hYOOy1YfJ4S_xHTgBt6qacLTWQ=\/1080x\/smart\/968bc3a418e14ac2ad827c2852f96ffa\/ccmcms-jdf\/24418615.jpg\"><img decoding=\"async\" alt=\"PASS SANITAIRE DATE JUIN FRANCE\" src=\"https:\/\/img-3.journaldesfemmes.fr\/Z6h3NkZbZAa52nDfWyQxOklL9TU=\/600x\/smart\/968bc3a418e14ac2ad827c2852f96ffa\/ccmcms-jdf\/24418615.jpg\"\/><\/a><figcaption data-credit=\"Twitter-Emmanuel Macron\" data-legend=\"R\u00e9ouvertures pr\u00e9vues le 30 juin en France, dont certaines avec pass sanitaire.\">R\u00e9ouvertures pr\u00e9vues le 30 juin en France, dont certaines avec pass sanitaire. <small>\u00a9\u00a0Twitter-Emmanuel Macron<\/small><\/figcaption><\/figure>\n<\/div>\n<table align=\"right\" border=\"1\" cellpadding=\"1\" cellspacing=\"1\" style=\"width:40%;\">\n<tbody>\n<tr>\n<td>\n<p><strong>17\u00a0mars 2021\u00a0:<\/strong> pr\u00e9sentation de la proposition l\u00e9gislative du Digital Green Pass ou \u00ab\u00a0Certificat vert num\u00e9rique\u00a0\u00bb par la Commission europ\u00e9enne.<\/p>\n<p><strong>25\u00a0mars\u00a0: <\/strong>soumission du Digital Green Pass au Sommet\u00a0des Vingt-Sept.<\/p>\n<p><strong>Avril\/mai\u00a0: <\/strong>r\u00e9union de concertation des ministres fran\u00e7ais au sujet de la mise en place d&rsquo;un pass sanitaire en France.<\/p>\n<p><strong>19\u00a0avril\u00a0:<\/strong> la France lance TousAntiCovid-Carnet.<\/p>\n<p><strong>29\u00a0avril\u00a0:<\/strong> le Parlement europ\u00e9en a vot\u00e9 pour la mise en place d&rsquo;un pass sanitaire europ\u00e9en.<\/p>\n<p><strong>3\u00a0mai\u00a0: <\/strong>la France d\u00e9livre une attestation de vaccination Covid-19\u00a0\u00ab\u00a0certifi\u00e9e\u00a0\u00bb avec QR-Code pouvant \u00eatre ajout\u00e9e \u00e0 l&rsquo;application TousAntiCovid-Carnet.<\/p>\n<p><strong>11 mai :<\/strong> l&rsquo;Assembl\u00e9e nationale vote contre la cr\u00e9ation de ce pass sanitaire \u00e0 cause du flou du texte.\u00a0<\/p>\n<p><strong>7\u00a0juin\u00a0:<\/strong>\u00a0adoption du projet de r\u00e8glement lors de la pl\u00e9ni\u00e8re du Parlement<\/p>\n<p><strong>9\u00a0juin<\/strong>\u00a0<strong>:<\/strong> adoption du pass sanitaire.<\/p>\n<\/td>\n<\/tr>\n<\/tbody>\n<\/table>\n<p>Le pass sanitaire permettrait de circuler plus facilement entre les pays de l&rsquo;Union europ\u00e9enne. Le 29\u00a0avril, le Parlement europ\u00e9en s&rsquo;est\u00a0 prononc\u00e9 en faveur d&rsquo;un certificat sanitaire europ\u00e9en pour permettre les voyages dans l&rsquo;UE. <em>\u00ab\u00a0Les titulaires d&rsquo;un certificat europ\u00e9en COVID-19\u00a0ne devraient pas \u00eatre soumis \u00e0 des<strong> restrictions de voyages suppl\u00e9mentaires, telles que la quarantaine, l&rsquo;autoconfinement ou le d\u00e9pistage<\/strong>\u00ab\u00a0,<\/em> selon le Parlement.\u00a0Le Parlement et le Conseil doivent aboutir \u00e0\u00a0un accord avant la saison touristique estivale.\u00a0<strong>Le texte doit maintenant \u00eatre d\u00e9battu avec le Conseil de l&rsquo;Union europ\u00e9enne, institution\u00a0repr\u00e9sentant les Etats membres.<\/strong>\u00a0Concr\u00e8tement, les \u00c9tats doivent d\u00e9cliner la mesure dans leurs l\u00e9gislations respectives. Cet outil num\u00e9rique\u00a0pourrait donc permettre de <strong>se d\u00e9placer au sein de l&rsquo;Union europ\u00e9enne<\/strong>, mais pourquoi pas aussi dans d&rsquo;autres pays du monde. \u00ab\u00a0<em>Nous pr\u00e9parons un instrument \u00e0 l&rsquo;\u00e9chelle europ\u00e9enne, incluant des donn\u00e9es tr\u00e8s objectives\u00a0\u00bb<\/em>, mais il revient aux Etats membres de l&rsquo;UE de\u00a0d\u00e9cider\u00a0<em>\u00ab\u00a0quel usage pr\u00e9cis ils en feront\u00a0\u00bb<\/em>, a d\u00e9taill\u00e9 le vice-pr\u00e9sident de la Commission, Margaritis Schinas. En France,\u00a0<em>\u00ab\u00a0pour le moment, le pass sanitaire sera requis pour voyager vers l&rsquo;Outre-mer et l&rsquo;\u00e9tranger\u00a0\u00bb,\u00a0<\/em>a pr\u00e9cis\u00e9\u00a0le secr\u00e9taire d&rsquo;\u00c9tat au num\u00e9rique, C\u00e9dric O, le 30\u00a0avril\u00a0sur Europe 1.<\/p>\n<h3>\u25ba <a id=\"pass-sanitaire-air-france-outre-mer-corse\" name=\"pass-sanitaire-air-france-outre-mer-corse\" target=\"_blank\" rel=\"noopener noreferrer\">Pass num\u00e9rique sur les vols Air France (Corse, Outre-mer)<\/a><\/h3>\n<p>Des vols \u00e0 destination de la Corse ont exp\u00e9riment\u00e9 l&rsquo;utilisation du pass sanitaire. Par ailleurs, dans un <a href=\"https:\/\/corporate.airfrance.com\/fr\/communique-de-presse\/air-france-teste-la-solution-de-digitalisation-des-resultats-de-tests-covid-icc?language=fr\" target=\"_blank\" rel=\"noopener noreferrer\">communiqu\u00e9 du 17\u00a0f\u00e9vrier<\/a>, la compagnie a\u00e9rienne <strong>Air France<\/strong> a annonc\u00e9 qu&rsquo;elle exp\u00e9rimenterait un pass sanitaire sur plusieurs de ses vols,\u00a0\u00e0 destination des<strong> Antilles<\/strong>, notamment de\u00a0la <strong>Guadeloupe<\/strong> (tous les vols Charles-de-Gaulle\/Pointe-\u00e0-Pitre) et de la <strong>Martinique<\/strong> (tous les vols Charles-de-Gaulle\/Fort-de-France). Il s&rsquo;agit d&rsquo;un syst\u00e8me\u00a0qui permettra\u00a0de v\u00e9rifier les tests COVID de mani\u00e8re s\u00e9curis\u00e9e et de fluidifier le parcours des clients \u00e0 l&rsquo;a\u00e9roport. Concr\u00e8tement, les passagers devront t\u00e9l\u00e9charger<strong> l&rsquo;application mobile AOK Pass <\/strong>sur leur smartphone et y enregistrer les r\u00e9sultats de leur test Covid r\u00e9alis\u00e9 dans un laboratoire partenaire (liste disponible sur l&rsquo;application).\u00a0L&rsquo;application valide ensuite que le test pr\u00e9sent\u00e9 est <strong>conforme \u00e0 la r\u00e9glementation du pays de destination<\/strong>. Une fois \u00e0 l&rsquo;a\u00e9roport, les passagers pr\u00e9sentent leur smartphone. Air France ne rendra pas l&rsquo;utilisation de cette application obligatoire, il sera toujours possible se rendre au comptoir d&rsquo;enregistrement avec un r\u00e9sultat de tests PCR imprim\u00e9 sur papier. <strong>L&rsquo;exp\u00e9rimentation durera 4\u00a0semaines<\/strong> et s&rsquo;effectuera uniquement <strong>sur la base du volontariat<\/strong>,\u00a0afin de tester en conditions r\u00e9elles le fonctionnement de l&rsquo;application et de recueillir les avis de clients testeurs. Air France partagera ensuite ce retour d&rsquo;exp\u00e9rience avec les autres compagnies de l&rsquo;alliance Skyteam (comme Aeroflot, Alitalia, Chine Airlines, KLM\u00a0Royal, Korean Air&#8230;), qui testent actuellement diff\u00e9rentes solutions de digitalisation des documents sanitaires.<\/p>\n<p>Le <a href=\"https:\/\/www.europarl.europa.eu\/news\/fr\/press-room\/20210422IPR02606\/le-certificat-covid-19-doit-faciliter-la-libre-circulation-sans-discrimination\" target=\"_blank\" rel=\"noopener noreferrer\">Parlement europ\u00e9en<\/a> a s&rsquo;est prononc\u00e9 en faveur d&rsquo;un \u00ab\u00a0certificat europ\u00e9en COVID-19\u00a0\u00bb visant \u00ab\u00a0\u00e0 renforcer le droit \u00e0 la libert\u00e9 de mouvement en Europe durant la pand\u00e9mie\u00a0\u00bb le 29 avril.\u00a0Les d\u00e9put\u00e9s ont convenu que le nouveau \u00a0\u00bbcertificat europ\u00e9en COVID-19\u00a0\u00bb (ou certificat vert num\u00e9rique) devait \u00eatre mis en place pour une <strong>dur\u00e9e de 12\u00a0mois, pas plus<\/strong>.\u00a0Les titulaires d&rsquo;un certificat europ\u00e9en COVID-19\u00a0ne devraient pas \u00eatre soumis \u00e0 des restrictions de voyages suppl\u00e9mentaires, telles que la quarantaine, l&rsquo;autoconfinement ou le d\u00e9pistage, selon le Parlement.\u00a0Le Parlement et le Conseil doivent aboutir \u00e0\u00a0un accord avant la saison touristique estivale.\u00a0Une phase de tests a d\u00e9but\u00e9 ce 10\u00a0mai, annonce\u00a0la Commission europ\u00e9enne. Cette phase pilote, s&rsquo;\u00e9chelonnant sur deux semaines, concerne au total 18\u00a0pays de l&rsquo;UE ainsi que\u00a0l&rsquo;Islande, a indiqu\u00e9 un porte-parole de l&rsquo;ex\u00e9cutif europ\u00e9en, Johannes Bahrke. Cela permettra de voir si ce pass sanitaire est techniquement op\u00e9rationnel\u00a0en juin, avant la saison estivale.<\/p>\n<aside id=\"NL_678470328\" class=\"newsletter_subscription jNlBlock\"><noscript><br \/>\n            <\/noscript><\/p>\n<h3 class=\"newsletter_subscription-title\">Newsletter <\/h3>\n<p><a href=\"\/\/mailing.ccmbg.com\/archive\/last-85\" target=\"_blank\" class=\"a_hover\" rel=\"noopener noreferrer\">Voir un exemple<\/a><\/p>\n<\/aside>\n<p>\u2192 Pour l&rsquo;instant, seul le <strong>Danemark <\/strong>a franchi le pas avec son \u00ab\u00a0Coronapass\u00a0\u00bb en vigueur depuis le d\u00e9but du mois d&rsquo;avril 2021. Les Danois doivent ainsi montrer la preuve\u00a0qu&rsquo;ils ont \u00e9t\u00e9 vaccin\u00e9s contre la Covid-19 ou qu&rsquo;ils sont immunis\u00e9s apr\u00e8s avoir eu l&rsquo;infection\u00a0ou encore qu&rsquo;ils ont \u00e9t\u00e9 test\u00e9s n\u00e9gatifs il y a moins de 72\u00a0heures avec un test PCR ou un antig\u00e9nique pour aller dans les restaurants, les bars, les mus\u00e9es, les stades, chez le coiffeur, le tatoueur ou dans une auto-\u00e9cole.<\/p>\n<\/p><\/div>\n<p>[ad_2]<br \/>\n<br \/><a href=\"https:\/\/sante.journaldesfemmes.fr\/fiches-maladies\/2700095-pass-sanitaire-covid-certificat-france-europe-comment-avoir-assemblee-nationale-contre-restaurant-corse\/\">Source link <\/a><\/p>\n","protected":false},"excerpt":{"rendered":"<p>[ad_1] Un pass sanitaire (ou certificat num\u00e9rique) pourrait \u00eatre mis en place le 9\u00a0juin en France pour acc\u00e9der \u00e0 certains &hellip; <a href=\"http:\/\/www.affinite.fr\/index.php\/2021\/05\/11\/lassemblee-a-vote-contre-cest-quoi-quand\/\" class=\"more-link\">Plus <span class=\"screen-reader-text\">l&rsquo;Assembl\u00e9e a vot\u00e9 contre, c&rsquo;est quoi, quand\u00a0?<\/span> <span class=\"meta-nav\">&rarr;<\/span><\/a><\/p>\n","protected":false},"author":1,"featured_media":6367,"comment_status":"open","ping_status":"open","sticky":false,"template":"","format":"standard","meta":{"_sitemap_exclude":false,"_sitemap_priority":"","_sitemap_frequency":"","footnotes":""},"categories":[1],"tags":[],"class_list":["post-6366","post","type-post","status-publish","format-standard","has-post-thumbnail","hentry","category-tous"],"_links":{"self":[{"href":"http:\/\/www.affinite.fr\/index.php\/wp-json\/wp\/v2\/posts\/6366"}],"collection":[{"href":"http:\/\/www.affinite.fr\/index.php\/wp-json\/wp\/v2\/posts"}],"about":[{"href":"http:\/\/www.affinite.fr\/index.php\/wp-json\/wp\/v2\/types\/post"}],"author":[{"embeddable":true,"href":"http:\/\/www.affinite.fr\/index.php\/wp-json\/wp\/v2\/users\/1"}],"replies":[{"embeddable":true,"href":"http:\/\/www.affinite.fr\/index.php\/wp-json\/wp\/v2\/comments?post=6366"}],"version-history":[{"count":0,"href":"http:\/\/www.affinite.fr\/index.php\/wp-json\/wp\/v2\/posts\/6366\/revisions"}],"wp:featuredmedia":[{"embeddable":true,"href":"http:\/\/www.affinite.fr\/index.php\/wp-json\/wp\/v2\/media\/6367"}],"wp:attachment":[{"href":"http:\/\/www.affinite.fr\/index.php\/wp-json\/wp\/v2\/media?parent=6366"}],"wp:term":[{"taxonomy":"category","embeddable":true,"href":"http:\/\/www.affinite.fr\/index.php\/wp-json\/wp\/v2\/categories?post=6366"},{"taxonomy":"post_tag","embeddable":true,"href":"http:\/\/www.affinite.fr\/index.php\/wp-json\/wp\/v2\/tags?post=6366"}],"curies":[{"name":"wp","href":"https:\/\/api.w.org\/{rel}","templated":true}]}}