{"id":6360,"date":"2021-05-10T21:08:22","date_gmt":"2021-05-10T21:08:22","guid":{"rendered":"https:\/\/www.affinite.fr\/index.php\/2021\/05\/10\/la-decrue-de-lepidemie-se-poursuit-chiffres-du-jour\/"},"modified":"2021-05-10T21:08:22","modified_gmt":"2021-05-10T21:08:22","slug":"la-decrue-de-lepidemie-se-poursuit-chiffres-du-jour","status":"publish","type":"post","link":"http:\/\/www.affinite.fr\/index.php\/2021\/05\/10\/la-decrue-de-lepidemie-se-poursuit-chiffres-du-jour\/","title":{"rendered":"la d\u00e9crue de l&rsquo;\u00e9pid\u00e9mie se poursuit, chiffres du jour"},"content":{"rendered":"<p> [ad_1]<br \/>\n<\/p>\n<p>\n                CORONAVIRUS DIRECT &#8211; L&rsquo;\u00e9pid\u00e9mie poursuit sa d\u00e9crue. Le nombre d&rsquo;hospitalisations baisse nettement depuis une semaine. Alors que les personnes de 50\u00a0ans et plus peuvent se faire vacciner depuis ce lundi, et toutes les personnes majeures \u00e0 partir de mercredi, le variant indien vient s&rsquo;ajouter \u00e0 la liste des souches du virus class\u00e9es pr\u00e9occupantes par l&rsquo;OMS. Derniers chiffres et infos.            <\/p>\n<div>\n<aside class=\"ccmsummary marqueur_module ccmcss_cms_summary ccmcss_cms_summary--right\">\n<p>\u00a0Sommaire<\/p>\n<\/aside>\n<p><strong>[Mis\u00a0\u00e0 jour le lundi 10<\/strong>\u00a0<strong>mai \u00e0 21h15<\/strong><b>]<\/b>\u00a0La France est \u00ab\u00a0<em>en train de sortir durablement<\/em>\u00a0\u00bb de la crise sanitaire, a d\u00e9clar\u00e9 le Premier ministre <span style=\"display: none;\">\u00a0<\/span>Jean Castex, dans un entretien au <em>Parisien<\/em> lundi. Les indicateurs sanitaires s&rsquo;am\u00e9liorent et l&rsquo;\u00e9pid\u00e9mie ralentit petit \u00e0 petit en France depuis maintenant 7 jours. Le nombre de personnes en r\u00e9animation est sous la barre des 5\u00a0000 : <strong>4 870 patients sont actuellement en soins critiques<\/strong>. Toutefois, m\u00eame si \u00ab\u00a0nous touchons au but\u00a0\u00bb, estime Jean Castex, cette sortie de crise\u00a0\u00ab\u00a0va se faire de fa\u00e7on progressive, prudente et accompagn\u00e9e\u00a0\u00bb, Le Chef du gouvernement\u00a0pr\u00e9voit \u00ab\u00a0<em>des mesures de freinages au cas o\u00f9 la situation \u00e9pid\u00e9mique d\u00e9raperait localement<\/em>\u00ab\u00a0. <span style=\"display: none;\">\u00a0<\/span>Les mesures de freinage (gestes barri\u00e8res, vaccin, confinement, couvre-feu&#8230;) et depuis plusieurs mois,<strong>\u00a0la vaccination <\/strong>ont<strong>\u00a0<\/strong>apport\u00e9\u00a0leurs r\u00e9sultats.\u00a0Au 10\u00a0mai, plus <span style=\"display: none;\">\u00a0<\/span>de 17,8\u00a0millions de personnes ont re\u00e7u au-moins une injection, soit <strong>un tiers de la population majeure<\/strong>, selon\u00a0les derniers chiffres du Minist\u00e8re\u00a0de la Sant\u00e9. Ce lundi 10\u00a0mai, le public \u00e9ligible \u00e0 la vaccination\u00a0a \u00e9t\u00e9 \u00e9largi <strong>aux plus de 50\u00a0ans<\/strong>. Mercredi 12 mai, ce sont toutes les personnes majeures qui pourront se faire vacciner, lorsque des cr\u00e9neaux se lib\u00e8reront sur la plateforme Doctolib. La prochaine \u00e9tape importante du d\u00e9confinement est fix\u00e9e\u00a0au<strong>\u00a019 mai.<\/strong> C&rsquo;est \u00e0 cette date que <strong>les terrasses des restaurants<\/strong> pourront de nouveau accueillir du public partout en France, a confirm\u00e9 sur LCI Olivier V\u00e9ran, mais \u00e0 la moiti\u00e9 de leur capacit\u00e9 normale d&rsquo;accueil et avec des tables de 6 personnes assises, jusqu&rsquo;au 9\u00a0juin, a annonc\u00e9 Jean Castex ce lundi. Les commerces, jug\u00e9s jusqu&rsquo;\u00e0 maintenant non essentiels, pourront \u00e9galement rouvrir.<span style=\"display: none;\">\u00a0<\/span>\u00a0<span style=\"font-size: 1rem;\">Que disent les\u00a0<\/span><a data-auth=\"NotApplicable\" href=\"https:\/\/sante.journaldesfemmes.fr\/fiches-maladies\/2667643-carte-covid-19-france-departement-plus-touches-zone-rouge-europe-temps-reel-region-incidence-vaccination\/\" rel=\"noopener noreferrer\" style=\"font-size: 1rem; background-color: rgb(255, 255, 255);\" target=\"_blank\">cartes<\/a><span style=\"font-size: 1rem;\"> de suivi de l&rsquo;\u00e9pid\u00e9mie\u00a0? Quels sont les <\/span><a href=\"https:\/\/sante.journaldesfemmes.fr\/fiches-maladies\/2630075-symptomes-coronavirus-covid-19-mal-gorge-rhume-que-faire-variant-premier-apparition-duree\/\" style=\"font-size: 1rem; background-color: rgb(255, 255, 255);\" target=\"_blank\" rel=\"noopener noreferrer\">sympt\u00f4mes du coronavirus<\/a><span style=\"font-size: 1rem;\"> ? Quand <\/span><a href=\"https:\/\/sante.journaldesfemmes.fr\/fiches-maladies\/2621211-isolement-covid-19-variant-anglais-7-10-jours-cas-contact-duree-declarer-certificat-attestation\/\" style=\"font-size: 1rem; background-color: rgb(255, 255, 255);\" target=\"_blank\" rel=\"noopener noreferrer\">s&rsquo;isoler et combien de temps<\/a><span style=\"font-size: 1rem;\"> ?\u00a0<\/span><a data-auth=\"NotApplicable\" href=\"https:\/\/sante.journaldesfemmes.fr\/fiches-maladies\/2629823-taux-de-reproduction-covid-france-coronavirus-r0-r-effectif-calcul-carte-definition-mai-2021\/\" rel=\"noopener noreferrer\" style=\"font-size: 1rem; background-color: rgb(255, 255, 255);\" target=\"_blank\">Quel est le taux de R0\u00a0du virus<\/a><span style=\"font-size: 1rem;\">\u00a0? Quand est-on <\/span><a href=\"https:\/\/sante.journaldesfemmes.fr\/fiches-maladies\/2679521-contagion-covid-19-combien-de-temps-jours-duree-asymptomatique-symptomes-incubation-contagieux\/\" style=\"font-size: 1rem; background-color: rgb(255, 255, 255);\" target=\"_blank\" rel=\"noopener noreferrer\">contagieux<\/a><span style=\"font-size: 1rem;\"> ? Que sait-on des\u00a0<\/span><a href=\"https:\/\/sante.journaldesfemmes.fr\/fiches-maladies\/2620433-vaccin-coronavirus-covid-19-pfizer-moderna-astrazeneca-johnson-janssen-france-choisir-efficacite-arn\/\" style=\"font-size: 1rem; background-color: rgb(255, 255, 255);\" target=\"_blank\" rel=\"noopener noreferrer\">vaccins<\/a><span style=\"font-size: 1rem;\">\u00a0? Des\u00a0<\/span><a href=\"https:\/\/sante.journaldesfemmes.fr\/fiches-maladies\/2686947-effet-secondaire-vaccin-covid-france-pfizer-moderna-astrazeneca-combien-de-temps-deuxieme-dose\/\" style=\"font-size: 1rem; background-color: rgb(255, 255, 255);\" target=\"_blank\" rel=\"noopener noreferrer\">effets secondaires<\/a><span style=\"font-size: 1rem;\">\u00a0apr\u00e8s la vaccination\u00a0? Chiffres et infos du jour.<\/span><\/p>\n<ul>\n<li><strong>Le variant indien class\u00e9 comme \u00ab\u00a0pr\u00e9occupant\u00a0\u00bb.\u00a0<\/strong>Le variant B.1.617\u00a0d\u00e9couvert en Inde a \u00e9t\u00e9\u00a0class\u00e9 comme \u00ab\u00a0pr\u00e9occupant\u00a0\u00bb par l&rsquo;Organisation mondiale de la Sant\u00e9 (OMS). Il serait \u00ab\u00a0plus contagieux\u00a0\u00bb, et\u00a0des \u00e9l\u00e9ments laissent \u00e0 penser qu&rsquo;il pr\u00e9sente un degr\u00e9 de r\u00e9sistance aux vaccins. \u00ab\u00a0Par cons\u00e9quent nous le classons en variant pr\u00e9occupant\u00a0\u00bb, a d\u00e9clar\u00e9 le Dr Maria Van Kerkhove, responsable technique de la lutte contre le Covid-19\u00a0au sein de l&rsquo;OMS. La nouvelle souche indienne du virus n&rsquo;est pas encore class\u00e9e comme pr\u00e9occupante par la France,\u00a0mais Sant\u00e9 Publique France pourrait l&rsquo;inscrire \u00e0 sa liste des variants\u00a0pr\u00e9occupants, \u00e0 suivre ou en cours d&rsquo;\u00e9valuation, apr\u00e8s le variant anglais, br\u00e9silien, sud-africain et breton.<\/li>\n<li><strong>Le pass sanitaire\u00a0\u00ab\u00a0ne sera pas \u00e9tendu aux activit\u00e9s du quotidien\u00a0\u00bb,<\/strong> a indiqu\u00e9 lundi le ministre de la sant\u00e9, Olivier V\u00e9ran\u00a0devant l&rsquo;assembl\u00e9e nationale, et \u00ab\u00a0Nous (y) veillerons\u00a0\u00bb, Le projet de loi pr\u00e9voit que le pass sanitaire soit exig\u00e9 pour acc\u00e9der \u00e0\u00a0\u00ab\u00a0certains lieux, \u00e9tablissements ou \u00e9v\u00e8nements impliquant de <span style=\"display: none;\">\u00a0<\/span>grands rassemblements de personnes pour des activit\u00e9s de loisirs ou des foires ou salons professionnels\u00a0\u00bb, mais pas <span style=\"display: none;\">\u00a0<\/span>\u00ab\u00a0aux activit\u00e9s du quotidien\u00a0\u00bb, avec une jauge \u00e0 1000\u00a0personnes\u00a0avait annonc\u00e9\u00a0par\u00a0le gouvernement.<\/li>\n<li><strong>Persistance des sympt\u00f4mes apr\u00e8s 6 mois.<\/strong> Fatigue, douleurs, du mal \u00e0 respirer, sont les principaux sympt\u00f4mes qui persistent chez 60% des 1137\u00a0patients hospitalis\u00e9s pour Covid-19, 6 mois apr\u00e8s leur infection, et suivis\u00a0par des chercheurs de l&rsquo;Inserm. Selon l&rsquo;\u00e9tude fran\u00e7aise,\u00a0publi\u00e9e lundi dans la revue <em>Clinical Microbiology and Infection,\u00a0<\/em>un quart d&rsquo;entre eux pr\u00e9sentent \u00ab\u00a0trois sympt\u00f4mes ou plus\u00a0\u00bb et 2% ont \u00ab\u00a0d\u00fb \u00eatre hospitalis\u00e9s \u00e0 nouveau\u00a0\u00bb.<\/li>\n<li><strong>Se faire tester avant l&rsquo;Ascension.<\/strong>\u00a0\u00ab\u00a0<em>J&rsquo;appelle les Fran\u00e7ais \u00e0 se faire tester massivement avant de retrouver leurs familles pour l&rsquo;Ascension<\/em>\u00ab\u00a0, a insist\u00e9 Olivier V\u00e9ran, ministre de la Sant\u00e9, ce lundi 10\u00a0mai\u00a0sur <a href=\"https:\/\/www.lci.fr\/sante\/en-direct-coronavirus-covid-19-pandemie-epidemie-vaccin-le-pass-sanitaire-ne-sera-pas-etendu-aux-activites-du-quotidien-assure-olivier-veran-2185183.html#Echobox=1620631151\" target=\"_blank\" rel=\"noopener noreferrer\">LCI<\/a>.\u00a0<\/li>\n<li><strong>R\u00e9ouverture des terrasses.<\/strong>\u00a0Les terrasses des restaurants en France rouvriront bien<strong>\u00a0le mercredi 19\u00a0mai<\/strong> dans toute la France, a pr\u00e9cis\u00e9 le lundi 10\u00a0mai le ministre de la Sant\u00e9 toujours sur LCI, confirmant les annonces du Pr\u00e9sident\u00a0Emmanuel Macron.<\/li>\n<li><strong>Fin de l&rsquo;\u00e9tat d&rsquo;urgence sanitaire.<\/strong>\u00a0L&rsquo;Assembl\u00e9e nationale a entam\u00e9 ce lundi 10\u00a0mai l&rsquo;examen du\u00a0projet de loi de sortie de l&rsquo;\u00e9tat d&rsquo;urgence sanitaire, au profit d&rsquo;un r\u00e9gime transitoire qui donnera des pr\u00e9rogatives exceptionnelles au gouvernement jusqu&rsquo;au 31\u00a0octobre. La question du pass sanitaire sera notamment clarifi\u00e9e.<\/li>\n<li><strong>Vaccin et femmes enceintes. <\/strong>L&rsquo;Agence du m\u00e9dicament (ANSM) propose aux femmes enceintes vaccin\u00e9es contre la Covid-19\u00a0d&rsquo;int\u00e9grer une \u00e9tude\u00a0dont l&rsquo;objectif est de suivre le d\u00e9roulement des grossesses apr\u00e8s la vaccination et jusqu&rsquo;\u00e0 la naissance de l&rsquo;enfant. Cela va permettre d&rsquo;enrichir les connaissances scientifiques sur les vaccins contre la Covid-19 utilis\u00e9s aupr\u00e8s de cette population.<\/li>\n<li><strong>La vaccination \u00e9largie aux 50 ans et plus.<\/strong>\u00a0La campagne de vaccination fran\u00e7aise s&rsquo;ouvre ce lundi\u00a0<strong>aux personnes de plus de 50\u00a0ans \u00e0 partir de lundi.<\/strong> Mercredi, les personnes majeures sans comorbit\u00e9s pourront aussi recevoir un vaccin anti-covid lorsqu&rsquo;un rendez-vous est disponible\u00a0sur Doctolib dans les 24\u00a0heures. \u00ab\u00a0<strong><em>Des doses sont disponibles<\/em><\/strong>\u00ab\u00a0, rappelle de son c\u00f4t\u00e9 Jean Castex dans un tweet du 10 mai.\u00a0<\/li>\n<li><strong>AstraZeneca seulement pour les 55 ans et plus. <\/strong>Invit\u00e9 ce lundi matin sur LCI, Olivier V\u00e9ran a indiqu\u00e9 que la vaccination avec le s\u00e9rum AstraZeneca n&rsquo;allait \u00ab\u00a0probablement pas\u00a0\u00bb \u00eatre \u00e9largie aux moins de 55\u00a0ans.\u00a0\u00ab\u00a0<em>J&rsquo;ai sollicit\u00e9 des agences de sant\u00e9, mais la Haute Autorit\u00e9 de Sant\u00e9 n&rsquo;a pas encore r\u00e9pondu, c&rsquo;est pour \u00e7a que je dis \u00ab\u00a0probablement\u00a0\u00bb, le Pr Alain Fischer n&rsquo;y est pas favorable, donc je pense que nous ne sommes pas amen\u00e9s \u00e0 \u00e9voluer dans ce sens l\u00e0<\/em>\u00ab\u00a0, indique-t-il.\u00a0<\/li>\n<li><strong>Vaccin Moderna le 28\u00a0mai.<\/strong>\u00a0Les m\u00e9decins et les pharmaciens pourront commander des doses du vaccin\u00a0Moderna \u00e0 partir du 17\u00a0mai, pour une livraison pr\u00e9vue la semaine suivante. Les premi\u00e8res injections seraient donc possibles en officine d\u00e8s le 28\u00a0mai, indiquent les deux principaux syndicats de pharmaciens (FSPF et USPO).\u00a0Cela correspond aux deux tiers des 440.000\u00a0livraisons hebdomadaires attendues jusqu&rsquo;\u00e0 mi-juin, selon les donn\u00e9es publi\u00e9es par le gouvernement sur le site data.gouv.fr.<\/li>\n<li><strong>Fond de solidarit\u00e9 : quand, pour qui ?<\/strong>\u00a0Le fond de solidarit\u00e9 \u00ab\u00a0sera ouvert, \u00e0 partir de d\u00e9but juin, \u00e0 tous les restaurateurs, tous les bars, tous les h\u00f4teliers, tout ce secteur (&#8230;) li\u00e9 au tourisme\u00a0\u00bb, et ce \u00ab\u00a0quel que soit leur niveau de perte de chiffre d&rsquo;affaires\u00a0\u00bb, a d\u00e9taill\u00e9\u00a0ce lundi 10 mai\u00a0le ministre de l&rsquo;Economie Bruno Le Maire.\u00a0<\/li>\n<li><strong>Foires et salons reprendront en septembre.\u00a0<\/strong><em>\u00ab\u00a0Il y a des secteurs qui ne vont pas pouvoir reprendre tout de suite, je pense notamment au milieu l&rsquo;\u00e9v\u00e9nementiel. (&#8230;) Les foires, les salons&#8230; Tout cela ne pourra pas reprendre avant septembre<\/em>\u00ab\u00a0, a indiqu\u00e9 Bruno Le Maire.<\/li>\n<\/ul>\n<section>\n<p><strong style=\"font-size: 1rem;\">Selon les derniers chiffres publi\u00e9s par <a href=\"https:\/\/www.gouvernement.fr\/info-coronavirus\/carte-et-donnees\" target=\"_blank\" rel=\"noopener noreferrer\">le gouvernement<\/a>,\u00a0au lundi 10\u00a0mai, en France :<\/strong><\/p>\n<p><span style=\"font-size: 1rem;\">\u2022 5 780 379\u00a0personnes ont \u00e9t\u00e9 contamin\u00e9es par le coronavirus\u00a0<\/span><strong style=\"font-size: 1rem;\">(+3 292\u00a0en 24\u00a0heures).<\/strong><\/p>\n<p>\u2022 106 684 personnes sont d\u00e9c\u00e9d\u00e9es en France\u00a0<strong>(+292\u00a0en 24\u00a0heures),<\/strong><strong>\u00a0<\/strong>dont 80\u00a0392 \u00e0 l&rsquo;h\u00f4pital.<\/p>\n<p>\u2022<strong>\u00a04 870 patients Covid-19\u00a0sont en soins critiques <\/strong>(soit en r\u00e9animation, soins intensifs et surveillance continue)\u00a0(-101 en 24\u00a0heures).\u00a0<\/p>\n<p>\u2022 25 666 patients Covid-19\u00a0\u00e9taient\u00a0hospitalis\u00e9s (-131\u00a0en 24\u00a0heures).<\/p>\n<\/section>\n<p>Depuis le 3 mai, les contraintes de d\u00e9placement en journ\u00e9e \u00e0 plus de 10\u00a0km de son domicile et l&rsquo;obligation de pr\u00e9senter une attestation de d\u00e9placement en journ\u00e9e sont lev\u00e9es. Le couvre-feu reste \u00e0 19 heures. Le 19\u00a0mai, le couvre-feu reculera \u00e0 21 heures.\u00a0<\/p>\n<div style=\"text-align:center\">\n<figure class=\"image\" style=\"display:inline-block\"><a class=\"fancy\" href=\"https:\/\/img-3.journaldesfemmes.fr\/0TqvK6UsZln3l860txvZSRjHD08=\/1080x\/smart\/a709a8a6b4d04d868d754c9935b30387\/ccmcms-jdf\/24351698.jpg\"><img decoding=\"async\" alt=\"couvre-feu france\" src=\"https:\/\/img-3.journaldesfemmes.fr\/XoO2WUbO-APe0W57_JFl-LtrKlA=\/600x\/smart\/a709a8a6b4d04d868d754c9935b30387\/ccmcms-jdf\/24351698.jpg\"\/><\/a><figcaption data-credit=\"Gouvernement.fr\" data-legend=\"Les \u00e9tapes du couvre-feu.\">Les \u00e9tapes du couvre-feu. <small>\u00a9\u00a0Gouvernement.fr<\/small><\/figcaption><\/figure>\n<\/div>\n<p>Une r\u00e9ouverture de la France en 4\u00a0\u00e9tapes\u00a0: Emmanuel Macron a d\u00e9voil\u00e9 son plan de r\u00e9ouverture de la France \u00e0 la presse quotidienne r\u00e9gionale et au Parisien\u00a0le 28 avril. Vendredi 30 avril, le porte-parole du gouvernement, Gabriel Attal a cependant indiqu\u00e9 sur BFM-TV que <strong><em>\u00ab\u00a0si dans un d\u00e9partement la situation est d\u00e9grad\u00e9e, il faut pouvoir freiner le passage d&rsquo;une \u00e9tape\u00a0\u00bb.<\/em><\/strong><\/p>\n<table border=\"1\" cellpadding=\"1\" cellspacing=\"1\" style=\"width:100%;\">\n<thead>\n<tr>\n<th scope=\"col\" style=\"width: 102px; text-align: center;\">DATES CLES<\/th>\n<th scope=\"col\" style=\"width: 892px; text-align: center;\">NOUVELLES MESURES<\/th>\n<\/tr>\n<\/thead>\n<tbody>\n<tr>\n<td style=\"width: 102px;\"><strong>3 mai<\/strong><\/td>\n<td style=\"width: 892px;\">\n<p>couvre-feu \u00e0 19\u00a0heures<\/p>\n<p>r\u00e9ouverture des coll\u00e8ges en demi-jauge pour les 4e et les 3e ainsi que des lyc\u00e9es<\/p>\n<p>lev\u00e9e des restrictions pour les d\u00e9placements entre r\u00e9gions<\/p>\n<p>fin de l&rsquo;attestation de d\u00e9placement en journ\u00e9e<\/p>\n<\/td>\n<\/tr>\n<tr>\n<td style=\"width: 102px;\"><strong>19 mai<\/strong><\/td>\n<td style=\"width: 892px;\">\n<p><strong>couvre-feu d\u00e9cal\u00e9 \u00e0 21\u00a0heures<\/strong><\/p>\n<p>r\u00e9ouverture conditionn\u00e9e \u00e0 des jauges et protocoles des commerces, mus\u00e9es, monuments, <strong>cin\u00e9mas<\/strong>, <strong>th\u00e9\u00e2tre<\/strong>, salle avec public assis (800\u00a0en int\u00e9rieur-1000\u00a0en ext\u00e9rieur)<\/p>\n<p>r\u00e9ouverture des activit\u00e9s sportives de plein air et dans les lieux couverts avec protocole<\/p>\n<p><strong>r\u00e9ouverture des terrasses <\/strong>avec 6\u00a0personnes au maximum par table<\/p>\n<p>rassemblement de plus de 10\u00a0personnes interdits<\/p>\n<p>r\u00e9ouverture avec jauge et protocole des \u00e9tablissements sportifs de plein air et couverts pour les spectateurs (800\u00a0en int\u00e9rieur-1000\u00a0en ext\u00e9rieur).<\/p>\n<\/td>\n<\/tr>\n<tr>\n<td style=\"width: 102px;\"><strong>9 juin<\/strong><\/td>\n<td style=\"width: 892px;\">\n<p><strong>couvre-feu \u00e0 23\u00a0heures <\/strong><\/p>\n<p>r\u00e9ouverture avec jauge et protocole des caf\u00e9s et restaurants (6\u00a0personnes par table)<\/p>\n<p>possibilit\u00e9 d&rsquo;accueillir jusqu&rsquo;\u00e0 5000\u00a0personnes dans les lieux de culture et les \u00e9tablissements sportifs (avec pass sanitaire)<\/p>\n<p>Assouplissement du t\u00e9l\u00e9travail<\/p>\n<p>R\u00e9ouverture des salons et foires (jusqu&rsquo;\u00e0 5000\u00a0personnes)<\/p>\n<p><strong>R\u00e9ouverture des salles de sport,<\/strong> \u00e9largissement aux sports de contact en plein air et sans contact en int\u00e9rieur.<\/p>\n<\/td>\n<\/tr>\n<tr>\n<td style=\"width: 102px;\"><strong>30 juin<\/strong><\/td>\n<td style=\"width: 892px;\">\n<p><strong>fin du couvre-feu<\/strong><\/p>\n<p>possibilit\u00e9 de participer aux \u00e9v\u00e8nements de plus de 1000\u00a0personnes en ext\u00e9rieur et en int\u00e9rieur\u00a0(avec pass sanitaire)<\/p>\n<p>fin des limites de jauge selon la situation sanitaire locale.<\/p>\n<\/td>\n<\/tr>\n<\/tbody>\n<\/table>\n<p><strong>\u00c0 partir du lundi 3\u00a0mai,<\/strong> les mesures de restriction de d\u00e9placement en journ\u00e9e sont lev\u00e9es et l&rsquo;attestation de d\u00e9placement<strong> n&rsquo;est plus n\u00e9cessaire entre 6h et 19h.\u00a0<\/strong>L&rsquo;attestation de d\u00e9placement est par contre<strong> obligatoire pour tous les d\u00e9placements entre 19h et 6h <\/strong>sur l&rsquo;ensemble du territoire m\u00e9tropolitain.<\/p>\n<p>&gt; <a href=\"https:\/\/www.interieur.gouv.fr\/Actualites\/L-actu-du-Ministere\/Attestations-de-deplacement\" target=\"_blank\" rel=\"noopener noreferrer\">T\u00e9l\u00e9charger\/Remplir l&rsquo;attestation<\/a>\u00a0<\/p>\n<p><strong>&gt;\u00a0Je peux\u00a0me d\u00e9placer entre 19h00\u00a0et 06h00\u00a0pour l&rsquo;une des raisons suivantes\u00a0:<\/strong><\/p>\n<ul>\n<li><label for=\"checkbox-curfew-travail\"><strong>Activit\u00e9 professionnelle, enseignement et <a href=\"http:\/\/www.affinite.fr\/index.php\/2022\/11\/09\/formation-de-glacier-apprenez-le-metier-de-glacier-et-changez-votre-vie\/\">formation<\/a>, mission d&rsquo;int\u00e9r\u00eat g\u00e9n\u00e9ral<\/strong><\/label><\/li>\n<\/ul>\n<p><label for=\"checkbox-curfew-travail\">&#8211; D\u00e9placements entre le domicile et le lieu de travail ou d&rsquo;enseignement ou de formation.<br \/>&#8211; D\u00e9placements professionnels ne pouvant \u00eatre diff\u00e9r\u00e9s, livraisons.<br \/>&#8211; D\u00e9placements li\u00e9s \u00e0 des missions d&rsquo;int\u00e9r\u00eat g\u00e9n\u00e9ral sur demande de l&rsquo;autorit\u00e9 administrative.<\/label><\/p>\n<ul>\n<li><label for=\"checkbox-curfew-sante\"><strong>Sant\u00e9 (consultation et soins)<\/strong><\/label><\/li>\n<\/ul>\n<p><label for=\"checkbox-curfew-sante\">&#8211; D\u00e9placements pour des consultations, examens, actes de pr\u00e9vention (dont vaccination) et soins ne pouvant \u00eatre assur\u00e9s \u00e0 distance ou pour l&rsquo;achat de produits de sant\u00e9.<\/label><\/p>\n<ul>\n<li><label for=\"checkbox-curfew-famille\"><strong>Motif familial imp\u00e9rieux, assistance aux personnes vuln\u00e9rables, garde d&rsquo;enfants, situation de handicap<\/strong><\/label><\/li>\n<\/ul>\n<p><label for=\"checkbox-curfew-famille\">&#8211; D\u00e9placements pour motif familial imp\u00e9rieux, pour l&rsquo;assistance aux personnes vuln\u00e9rables ou pr\u00e9caires ou pour la garde d&rsquo;enfants.<br \/>&#8211; D\u00e9placements des personnes en situation de handicap et de leur accompagnant.\u202f<\/label><\/p>\n<ul>\n<li><label for=\"checkbox-curfew-convocation_demarches\"><strong>Convocation judiciaire ou administrative, d\u00e9marches ne pouvant \u00eatre men\u00e9es \u00e0 distance<\/strong><\/label><\/li>\n<\/ul>\n<p><label for=\"checkbox-curfew-convocation_demarches\">&#8211; D\u00e9placements pour r\u00e9pondre \u00e0 une convocation judiciaire ou administrative ou pour se rendre chez un professionnel du droit pour un acte ou une d\u00e9marche qui ne peut \u00eatre r\u00e9alis\u00e9 \u00e0 distance.<\/label><\/p>\n<ul>\n<li><label for=\"checkbox-curfew-transit\"><strong>D\u00e9placements li\u00e9s \u00e0 des transferts ou transits depuis des gares ou a\u00e9roports dans le cadre de d\u00e9placements de longue distance<\/strong><\/label><\/li>\n<li><label for=\"checkbox-curfew-animaux\"><strong>Animaux de compagnie<\/strong><\/label><\/li>\n<\/ul>\n<p><label for=\"checkbox-curfew-animaux\">&#8211; D\u00e9placements brefs pour les besoins des animaux de compagnie (dans un rayon de 1\u00a0kilom\u00e8tre autour du domicile).<\/label><\/p>\n<p>Tous les d\u00e9partements sont repass\u00e9s sous le seuil d&rsquo;alerte fix\u00e9 par le gouvernement \u00e0 400 cas de Covid pour 100 000 habitants.\u00a0<\/p>\n<div style=\"text-align:center\">\n<figure class=\"image\" style=\"display:inline-block\"><a class=\"fancy\" href=\"https:\/\/img-3.journaldesfemmes.fr\/wKr_zVCOojew7_VmTu3NN1YjzzA=\/1080x\/smart\/52208d20806c4db38c35f7be2009d2af\/ccmcms-jdf\/24562509.png\"><img decoding=\"async\" alt=\"Taux d'incidence en France du 30 avril au 6 mai (semaine glissante) \" src=\"https:\/\/img-3.journaldesfemmes.fr\/wKr_zVCOojew7_VmTu3NN1YjzzA=\/1080x\/smart\/52208d20806c4db38c35f7be2009d2af\/ccmcms-jdf\/24562509.png\"\/><\/a><figcaption data-credit=\"G\u00e9od\u00e8s\" data-legend=\"Taux d'incidence en France du 30 avril au 6 mai (semaine glissante) \">Taux d&rsquo;incidence en France du 30 avril au 6 mai (semaine glissante) <small>\u00a9\u00a0G\u00e9od\u00e8s<\/small><\/figcaption><\/figure>\n<\/div>\n<blockquote>\n<p><iframe loading=\"lazy\" height=\"600\" src=\"https:\/\/geodes.santepubliquefrance.fr\/?view=map2&amp;indics=sp_ti_tp_7j.tx_pe_gliss&amp;serie=2021-02-15-2021-02-21&amp;lang=fr&amp;iframe=1\" width=\"600\"><\/iframe><\/p>\n<\/blockquote>\n<p>Selon le <a href=\"https:\/\/www.santepubliquefrance.fr\/maladies-et-traumatismes\/maladies-et-infections-respiratoires\/infection-a-coronavirus\/documents\/bulletin-national\/covid-19-point-epidemiologique-du-6-mai-2021\" target=\"_blank\" rel=\"noopener noreferrer\">dernier point \u00e9pid\u00e9miologique hebdomadaire\u00a0de Sant\u00e9 Publique France<\/a> publi\u00e9 le 6 mai, en\u00a0semaine 17\u00a0(26 avril-2 mai), une diminution de l&rsquo;ensemble des indicateurs \u00e9pid\u00e9miologiques \u00e9tait observ\u00e9e, mais<strong> l&rsquo;\u00e9pid\u00e9mie reste \u00e0 un niveau toujours \u00e9lev\u00e9,<\/strong> sup\u00e9rieur \u00e0 celui observ\u00e9 une semaine avant la lev\u00e9e du deuxi\u00e8me confinement :\u00a0<\/p>\n<ul>\n<li>Le ralentissement de la circulation virale se confirme avec des R-effectifs significativement inf\u00e9rieurs \u00e0 1\u00a0en m\u00e9tropole pour la troisi\u00e8me semaine cons\u00e9cutive.<\/li>\n<li>Diminution du taux d&rsquo;incidence pour la troisi\u00e8me semaine cons\u00e9cutive dans toutes les classes d&rsquo;\u00e2ge (-20%)<\/li>\n<li>Diminution des nouvelles hospitalisations et des admissions en soins critiques (-13% et -18%)<\/li>\n<li>Mortalit\u00e9 li\u00e9e \u00e0 la COVID-19\u00a0toujours \u00e9lev\u00e9e<\/li>\n<li>M\u00e9tropole\u00a0: r\u00e9gions \u00cele-de-France, Provence-Alpes-C\u00f4te d&rsquo;Azur et Hauts-de-France les plus touch\u00e9es<\/li>\n<li>Outre-Mer\u00a0: augmentation du taux d&rsquo;incidence \u00e0 La R\u00e9union, stabilisation en Guyane et en Guadeloupe<\/li>\n<\/ul>\n<h3 style=\"text-align: center;\">\u00a0<\/h3>\n<div style=\"text-align:center\">\n<figure class=\"image\" style=\"display:inline-block\"><a class=\"fancy\" href=\"https:\/\/img-3.journaldesfemmes.fr\/7mbkSReKotkZaIEeUBuumyUML30=\/1080x\/smart\/49e30807748249bdb7c6ec86ab53f17b\/ccmcms-jdf\/24471585.jpg\"><img decoding=\"async\" alt=\"\u00c9volution des taux d\u2019incidence et de d\u00e9pistage par semaine, avec ou sans correction, depuis la semaine 23-2020, France (donn\u00e9es au 14 avril 2021)\" src=\"https:\/\/img-3.journaldesfemmes.fr\/7mbkSReKotkZaIEeUBuumyUML30=\/1080x\/smart\/49e30807748249bdb7c6ec86ab53f17b\/ccmcms-jdf\/24471585.jpg\"\/><\/a><figcaption data-credit=\"Sant\u00e9 publique France\" data-legend=\". \u00c9volution des taux d\u2019incidence et de d\u00e9pistage par semaine, avec ou sans correction pour l\u2019effet des jours f\u00e9ri\u00e9s, depuis la semaine 23-2020, France (donn\u00e9es au 05 mai 2021)\">. \u00c9volution des taux d\u2019incidence et de d\u00e9pistage par semaine, avec ou sans correction pour l\u2019effet des jours f\u00e9ri\u00e9s, depuis la semaine 23-2020, France (donn\u00e9es au 05 mai 2021) <small>\u00a9\u00a0Sant\u00e9 publique France<\/small><\/figcaption><\/figure>\n<\/div>\n<p>\u2192 Le\u00a0<strong>pic \u00e9pid\u00e9mique<\/strong>\u00a0de la premi\u00e8re vague a \u00e9t\u00e9 observ\u00e9 la\u00a0<strong>semaine du 6\u00a0au 12\u00a0avril 2020<\/strong>, soit 15\u00a0jours\u00a0apr\u00e8s la mise en \u0153uvre des mesures de confinement de la population g\u00e9n\u00e9rale, le 17\u00a0mars 2020.<\/p>\n<p>\u2192 Le <strong>pic de la deuxi\u00e8me vague <\/strong>a eu lieu\u00a0du <strong>16\u00a0au 20\u00a0novembre,\u00a0<\/strong>trois semaines apr\u00e8s le deuxi\u00e8me confinement.<\/p>\n<p>\u2192 Le \u00ab\u00a0<em><strong>pic de la troisi\u00e8me vague semble derni\u00e8re nous \u00ab\u00a0<\/strong><\/em>\u00a0a indiqu\u00e9 le Premier ministre Jean Castex, le 22 avril.\u00a0<\/p>\n<p>Au 10\u00a0mai 2021,\u00a0un total de<strong>\u00a05 780 379\u00a0<\/strong><strong>cas\u00a0confirm\u00e9s\u00a0<\/strong>de coronavirus est rapport\u00e9 depuis le d\u00e9but de la pand\u00e9mie.\u00a0Au niveau national, en semaine 17 (26 avril-2 mai)\u00a0150\u00a0275\u00a0nouveaux cas ont \u00e9t\u00e9 confirm\u00e9s, soit<strong> environ 21\u00a0500\u00a0cas en moyenne chaque jour<\/strong>. Le<strong> taux d&rsquo;incidence<\/strong> corrig\u00e9 pour prendre en compte le samedi f\u00e9ri\u00e9 de la semaine 17\u00a0\u00e9tait en diminution (241\u00a0pour 100\u00a0000\u00a0habitants, soit <strong>-20%<\/strong> par rapport \u00e0 la semaine 16) pour la troisi\u00e8me semaine cons\u00e9cutive. Une augmentation du taux de d\u00e9pistage corrig\u00e9 \u00e9tait observ\u00e9e (3\u00a0266\/100\u00a0000\u00a0habitants, soit +7%), tandis que le<strong> taux de positivit\u00e9 diminuait \u00e0 7,4%.<\/strong><\/p>\n<div style=\"text-align:center\">\n<figure class=\"image\" style=\"display:inline-block\"><a class=\"fancy\" href=\"https:\/\/img-3.journaldesfemmes.fr\/X2THqEc2Gb2nQ4RUAjibmfCRdWE=\/1080x\/smart\/3b6fa746c5934fd489d39c42cab7bc6d\/ccmcms-jdf\/24471605.jpg\"><img decoding=\"async\" alt=\"Nombre incident de cas confirm\u00e9s de COVID-19 par semaine (date de pr\u00e9l\u00e8vement) rapport\u00e9s \u00e0 Sant\u00e9 publique France du 11 mai 2020 au 11 avril 2021, France (donn\u00e9es au 14 avril 2021) (donn\u00e9es non corrig\u00e9es pour S14)\" src=\"https:\/\/img-3.journaldesfemmes.fr\/X2THqEc2Gb2nQ4RUAjibmfCRdWE=\/1080x\/smart\/3b6fa746c5934fd489d39c42cab7bc6d\/ccmcms-jdf\/24471605.jpg\"\/><\/a><figcaption data-credit=\"Sant\u00e9 publique France\" data-legend=\"Nombre incident de cas confirm\u00e9s de COVID-19 par semaine (date de pr\u00e9l\u00e8vement) rapport\u00e9s \u00e0 Sant\u00e9 publique France du 11 mai 2020 au 02 mai 2021, France (donn\u00e9es au 05 mai 2021)\">Nombre incident de cas confirm\u00e9s de COVID-19 par semaine (date de pr\u00e9l\u00e8vement) rapport\u00e9s \u00e0 Sant\u00e9 publique France du 11 mai 2020 au 02 mai 2021, France (donn\u00e9es au 05 mai 2021) <small>\u00a9\u00a0Sant\u00e9 publique France<\/small><\/figcaption><\/figure>\n<\/div>\n<p>Lundi 10 mai,<strong>\u00a03 292\u00a0<\/strong><strong>nouvelles personnes<\/strong>\u00a0ont re\u00e7u un test positif au Covid-19 par rapport \u00e0 la veille. Au niveau national, en semaine 17\u00a0(26\u00a0avril-2\u00a0mai)\u00a0150\u00a0275\u00a0nouveaux cas ont \u00e9t\u00e9 confirm\u00e9s, soit<strong> environ 21\u00a0500\u00a0cas en moyenne chaque jour (contre 29 000 la semaine d&rsquo;avant)<\/strong>.<\/p>\n<div style=\"text-align:center\">\n<figure class=\"image\" style=\"display:inline-block\"><a class=\"fancy\" href=\"https:\/\/img-3.journaldesfemmes.fr\/yYFusfeXaGFIEhRi7eYN5jkw6N4=\/1080x\/smart\/2fae230674204a00a6046299b8c9cf86\/ccmcms-jdf\/24471981.jpg\"><img decoding=\"async\" alt=\"Taux d'incidence - quotidien - tous \u00e2ges jusqu'au 12 avril 2021\" src=\"https:\/\/img-3.journaldesfemmes.fr\/yYFusfeXaGFIEhRi7eYN5jkw6N4=\/1080x\/smart\/2fae230674204a00a6046299b8c9cf86\/ccmcms-jdf\/24471981.jpg\"\/><\/a><figcaption data-credit=\"G\u00e9od\u00e8s\" data-legend=\"Taux d'incidence - quotidien - tous \u00e2ges jusqu'au 3 mai 2021\">Taux d&rsquo;incidence &#8211; quotidien &#8211; tous \u00e2ges jusqu&rsquo;au 3 mai 2021 <small>\u00a9\u00a0G\u00e9od\u00e8s<\/small><\/figcaption><\/figure>\n<\/div>\n<p><strong>Lundi 10\u00a0mai, 4 870 personnes sont\u00a0hospitalis\u00e9es\u00a0en\u00a0r\u00e9animation (-101 au cours des derni\u00e8res 24 heures).<\/strong>\u00a0Le taux hebdomadaire de nouvelles hospitalisations a diminu\u00e9 en semaine 17 (26 avril-2 mai), pour la troisi\u00e8me semaine cons\u00e9cutive (-13%), mais le nombre de patients COVID-19\u00a0hospitalis\u00e9s s&rsquo;est maintenu \u00e0 un niveau \u00e9lev\u00e9. Le taux d&rsquo;admissions en services de soins critiques diminuait \u00e9galement (-18%), le nombre de personnes hospitalis\u00e9es dans ces services restant n\u00e9anmoins \u00e9lev\u00e9.<\/p>\n<div style=\"text-align:center\">\n<figure class=\"image\" style=\"display:inline-block\"><a class=\"fancy\" href=\"https:\/\/img-3.journaldesfemmes.fr\/1pUIrgd0s9RHJs5t_7YnbF8XeA0=\/1080x\/smart\/e4d7a25bc0d64b64ab0a7138f94b7b5f\/ccmcms-jdf\/24471940.jpg\"><img decoding=\"async\" alt=\"courbe des patients covid en r\u00e9animation en france\" src=\"https:\/\/img-3.journaldesfemmes.fr\/1pUIrgd0s9RHJs5t_7YnbF8XeA0=\/1080x\/smart\/e4d7a25bc0d64b64ab0a7138f94b7b5f\/ccmcms-jdf\/24471940.jpg\"\/><\/a><figcaption data-credit=\"Sant\u00e9 publique France\" data-legend=\"Nombre de patients COVID-19 en services de soins critiques, par date de d\u00e9claration, depuis le 23 mars 2020, France (donn\u00e9es au 04 mai 2021)\">Nombre de patients COVID-19 en services de soins critiques, par date de d\u00e9claration, depuis le 23 mars 2020, France (donn\u00e9es au 04 mai 2021) <small>\u00a9\u00a0Sant\u00e9 publique France<\/small><\/figcaption><\/figure>\n<\/div>\n<div style=\"text-align:center\">\n<figure class=\"image\" style=\"display:inline-block\"><a class=\"fancy\" href=\"https:\/\/img-3.journaldesfemmes.fr\/sYneXToe0S9NwPjuB-s2dM5TduU=\/1080x\/smart\/6a55aff77fa64e18bbab029aafd3af44\/ccmcms-jdf\/24471982.jpg\"><img decoding=\"async\" alt=\"Taux hebdomadaires d\u2019admissions de patients COVID-19 en services de soins critiques par classe d\u2019\u00e2ge selon la date d\u2019admission, depuis le 02 mars 2020, France (donn\u00e9es au 20 avril 2021)\" src=\"https:\/\/img-3.journaldesfemmes.fr\/sYneXToe0S9NwPjuB-s2dM5TduU=\/1080x\/smart\/6a55aff77fa64e18bbab029aafd3af44\/ccmcms-jdf\/24471982.jpg\"\/><\/a><figcaption data-credit=\"Sant\u00e9 Publique France\" data-legend=\"Taux d\u2019admissions hebdomadaires de patients COVID-19 en services de soins critiques par classe d\u2019\u00e2ge selon la date d\u2019admission, depuis le 02 mars 2020, France (donn\u00e9es au 04 mai 2021)\">Taux d\u2019admissions hebdomadaires de patients COVID-19 en services de soins critiques par classe d\u2019\u00e2ge selon la date d\u2019admission, depuis le 02 mars 2020, France (donn\u00e9es au 04 mai 2021) <small>\u00a9\u00a0Sant\u00e9 Publique France<\/small><\/figcaption><\/figure>\n<\/div>\n<p>Selon les <a href=\"https:\/\/www.gouvernement.fr\/info-coronavirus\/carte-et-donnees\" target=\"_blank\" rel=\"noopener noreferrer\">chiffres communiqu\u00e9s par le gouvernement<\/a>, consolid\u00e9s avec l&rsquo;Agence Sant\u00e9 Publique France et\u00a0les ARS (Agences r\u00e9gionales de Sant\u00e9), voici l&rsquo;\u00e9volution des hospitalisations (dont la r\u00e9animation) et des d\u00e9c\u00e8s\u00a0en France par r\u00e9gion.<\/p>\n<h3 style=\"text-align: center;\"><a id=\"cas-covid-19-tableau-par-region\" name=\"cas-covid-19-tableau-par-region\">Evolution des hospitalisations (dont en r\u00e9animation) et d\u00e9c\u00e8s \u00e0 l&rsquo;h\u00f4pital du Covid-19\u00a0par r\u00e9gion au 10\u00a0mai<\/a><\/h3>\n<table border=\"1\" cellpadding=\"1\" cellspacing=\"1\" style=\"width:100%;\">\n<thead>\n<tr>\n<th scope=\"col\" style=\"width: 199px;\">R\u00e9gions<\/th>\n<th scope=\"col\" style=\"width: 162px; text-align: center;\">Hospitalisations en cours<\/th>\n<th scope=\"col\" style=\"width: 143px; text-align: center;\">Evolution des nouveaux patients sur les\u00a0 derni\u00e8res 24\u00a0H<\/th>\n<th scope=\"col\" style=\"width: 149px; text-align: center;\">R\u00e9animation Soins intensif<\/th>\n<th scope=\"col\" style=\"width: 155px; text-align: center;\">Evolution des nouveaux patients sur les\u00a0 derni\u00e8res 24\u00a0H<\/th>\n<th scope=\"col\" style=\"width: 220px; text-align: center;\">D\u00e9c\u00e8s<\/th>\n<\/tr>\n<tr>\n<td style=\"width: 199px;\"><b>\u00cele-de-France<\/b><\/td>\n<td style=\"width: 162px;\">6 769<\/td>\n<td style=\"width: 143px;\">+96<\/td>\n<td style=\"width: 149px;\">1 487<\/td>\n<td style=\"width: 155px;\">+31<\/td>\n<td style=\"width: 220px;\">19 481<\/td>\n<\/tr>\n<tr>\n<td style=\"width: 199px;\"><strong>Grand Est<\/strong><\/td>\n<td style=\"width: 162px;\">2 109<\/td>\n<td style=\"width: 143px;\">+44<\/td>\n<td style=\"width: 149px;\">403<\/td>\n<td style=\"width: 155px;\">+1<\/td>\n<td style=\"width: 220px;\">9 854<\/td>\n<\/tr>\n<tr>\n<td style=\"width: 199px;\"><strong>Auvergne-Rh\u00f4ne-Alpes<\/strong><\/td>\n<td style=\"width: 162px;\">3 061<\/td>\n<td style=\"width: 143px;\">+58<\/td>\n<td style=\"width: 149px;\">540<\/td>\n<td style=\"width: 155px;\">+19<\/td>\n<td style=\"width: 220px;\">11 223<\/td>\n<\/tr>\n<tr>\n<td style=\"width: 199px;\"><strong>Hauts-de-France<\/strong><\/td>\n<td style=\"width: 162px;\">3 011<\/td>\n<td style=\"width: 143px;\">+67<\/td>\n<td style=\"width: 149px;\">571<\/td>\n<td style=\"width: 155px;\">+10<\/td>\n<td style=\"width: 220px;\">8 666<\/td>\n<\/tr>\n<tr>\n<td style=\"width: 199px;\"><strong>Bourgogne-Franche-Comt\u00e9<\/strong><\/td>\n<td style=\"width: 162px;\">1 099<\/td>\n<td style=\"width: 143px;\">+38<\/td>\n<td style=\"width: 149px;\">\n<p>166<\/p>\n<\/td>\n<td style=\"width: 155px;\">+4<\/td>\n<td style=\"width: 220px;\">4 631<\/td>\n<\/tr>\n<tr>\n<td style=\"width: 199px;\"><strong>Provence-Alpes-C\u00f4te d&rsquo;Azur<\/strong><\/td>\n<td style=\"width: 162px;\">2 474<\/td>\n<td style=\"width: 143px;\">+48<\/td>\n<td style=\"width: 149px;\">423<\/td>\n<td style=\"width: 155px;\">+8<\/td>\n<td style=\"width: 220px;\">7 716<\/td>\n<\/tr>\n<tr>\n<td style=\"width: 199px;\"><strong>Occitanie<\/strong><\/td>\n<td style=\"width: 162px;\">1 531<\/td>\n<td style=\"width: 143px;\">+36<\/td>\n<td style=\"width: 149px;\">312<\/td>\n<td style=\"width: 155px;\">+7<\/td>\n<td style=\"width: 220px;\">4 316<\/td>\n<\/tr>\n<tr>\n<td style=\"width: 199px;\"><strong>Bretagne<\/strong><\/td>\n<td style=\"width: 162px;\">738<\/td>\n<td style=\"width: 143px;\">-7<\/td>\n<td style=\"width: 149px;\">94<\/td>\n<td style=\"width: 155px;\">+1<\/td>\n<td style=\"width: 220px;\">1 560<\/td>\n<\/tr>\n<tr>\n<td style=\"width: 199px;\"><strong>Nouvelle-Aquitaine<\/strong><\/td>\n<td style=\"width: 162px;\">1 280<\/td>\n<td style=\"width: 143px;\">+63<\/td>\n<td style=\"width: 149px;\">255<\/td>\n<td style=\"width: 155px;\">+11<\/td>\n<td style=\"width: 220px;\">3 623<\/td>\n<\/tr>\n<tr>\n<td style=\"width: 199px;\"><strong><a href=\"http:\/\/www.affinite.fr\/index.php\/2024\/11\/21\/construire-votre-maison-en-normandie\/\">Normandie<\/a><\/strong><\/td>\n<td style=\"width: 162px;\">1 325<\/td>\n<td style=\"width: 143px;\">\n<p>+58<\/p>\n<\/td>\n<td style=\"width: 149px;\">179<\/td>\n<td style=\"width: 155px;\">+17<\/td>\n<td style=\"width: 220px;\">3 155<\/td>\n<\/tr>\n<tr>\n<td style=\"width: 199px;\"><strong>Centre Val-de-Loire<\/strong><\/td>\n<td style=\"width: 162px;\">952<\/td>\n<td style=\"width: 143px;\">+60<\/td>\n<td style=\"width: 149px;\">186<\/td>\n<td style=\"width: 155px;\">+22<\/td>\n<td style=\"width: 220px;\">2 611<\/td>\n<\/tr>\n<tr>\n<td style=\"width: 199px;\"><strong>Pays de la Loire<\/strong><\/td>\n<td style=\"width: 162px;\">751<\/td>\n<td style=\"width: 143px;\">+30<\/td>\n<td style=\"width: 149px;\">124<\/td>\n<td style=\"width: 155px;\">+1<\/td>\n<td style=\"width: 220px;\">2 605<\/td>\n<\/tr>\n<tr>\n<td style=\"width: 199px;\"><strong>Corse<\/strong><\/td>\n<td style=\"width: 162px;\">56<\/td>\n<td style=\"width: 143px;\">+1<\/td>\n<td style=\"width: 149px;\">10<\/td>\n<td style=\"width: 155px;\">+1<\/td>\n<td style=\"width: 220px;\">200<\/td>\n<\/tr>\n<tr>\n<td style=\"width: 199px;\"><strong>Martinique<\/strong><\/td>\n<td style=\"width: 162px;\">84<\/td>\n<td style=\"width: 143px;\">-1<\/td>\n<td style=\"width: 149px;\">20<\/td>\n<td style=\"width: 155px;\">-1<\/td>\n<td style=\"width: 220px;\">88<\/td>\n<\/tr>\n<tr>\n<td style=\"width: 199px;\"><strong>Guadeloupe<\/strong><\/td>\n<td style=\"width: 162px;\">160<\/td>\n<td style=\"width: 143px;\">-1<\/td>\n<td style=\"width: 149px;\">33<\/td>\n<td style=\"width: 155px;\">NC<\/td>\n<td style=\"width: 220px;\">258<\/td>\n<\/tr>\n<tr>\n<td style=\"width: 199px;\"><strong>La R\u00e9union<\/strong><\/td>\n<td style=\"width: 162px;\">167<\/td>\n<td style=\"width: 143px;\">+6<\/td>\n<td style=\"width: 149px;\">39<\/td>\n<td style=\"width: 155px;\">+4<\/td>\n<td style=\"width: 220px;\">177<\/td>\n<\/tr>\n<tr>\n<td style=\"width: 199px;\"><strong>Guyane<\/strong><\/td>\n<td style=\"width: 162px;\">85<\/td>\n<td style=\"width: 143px;\">+2<\/td>\n<td style=\"width: 149px;\">\n<p>21<\/p>\n<\/td>\n<td style=\"width: 155px;\">+5<\/td>\n<td style=\"width: 220px;\">101<\/td>\n<\/tr>\n<tr>\n<td style=\"width: 199px;\"><strong>Mayotte<\/strong><\/td>\n<td style=\"width: 162px;\">14<\/td>\n<td style=\"width: 143px;\">NC<\/td>\n<td style=\"width: 149px;\">7<\/td>\n<td style=\"width: 155px;\">\n<p>NC<\/p>\n<\/td>\n<td style=\"width: 220px;\">127<\/td>\n<\/tr>\n<tr>\n<td style=\"width: 199px;\"><strong>TOTAL<\/strong><\/td>\n<td style=\"width: 162px;\"><b>25 666<\/b><\/td>\n<td style=\"width: 143px;\">+598<\/td>\n<td style=\"width: 149px;\"><b>4 870<\/b><\/td>\n<td style=\"width: 155px;\">+141<\/td>\n<td style=\"width: 220px;\">\n<p><b>80 392<\/b><\/p>\n<\/td>\n<\/tr>\n<\/thead>\n<\/table>\n<aside id=\"NL_1621873140\" class=\"newsletter_subscription jNlBlock\"><noscript><br \/>\n            <\/noscript><\/p>\n<h3 class=\"newsletter_subscription-title\">Newsletter <\/h3>\n<p><a href=\"\/\/mailing.ccmbg.com\/archive\/last-85\" target=\"_blank\" class=\"a_hover\" rel=\"noopener noreferrer\">Voir un exemple<\/a><\/p>\n<\/aside>\n<p><strong>106 714 d\u00e9c\u00e8s sont recens\u00e9s au 10\u00a0mai\u00a0<\/strong>dont 80\u00a0393 \u00e0 l&rsquo;h\u00f4pital\u00a0(+293 au cours des 24 derni\u00e8res heures), selon les chiffres du gouvernement. Ce chiffre ne comprend pas les d\u00e9c\u00e8s \u00e0 domicile.<\/p>\n<ul>\n<li>L&rsquo;\u00e2ge m\u00e9dian au d\u00e9c\u00e8s est de 85\u00a0ans<\/li>\n<li>93% des personnes d\u00e9c\u00e9d\u00e9es du Covid \u00e0 l&rsquo;h\u00f4pital avaient 65\u00a0ans et plus.<\/li>\n<li>Les hommes repr\u00e9sentent 55% de ces d\u00e9c\u00e8s.<\/li>\n<li>En semaine 17 (26 avril-2 mai), les plus forts taux de d\u00e9c\u00e8s par r\u00e9gion rapport\u00e9s \u00e0 la population \u00e9taient observ\u00e9s en Guadeloupe (5,3\/100\u00a0000), Hauts-de-France (4,0), \u00cele-de-France (4,0), Provence-Alpes-C\u00f4te d&rsquo;Azur (3,8), Bourgogne-Franche-Comt\u00e9 (3,4), Centre-Val de Loire (3,3), Grand Est (3,1), Auvergne-Rh\u00f4ne-Alpes (3,1) et Normandie (3,0).<\/li>\n<\/ul>\n<div style=\"text-align:center\">\n<figure class=\"image\" style=\"display:inline-block\"><a class=\"fancy\" href=\"https:\/\/img-3.journaldesfemmes.fr\/RBjAvw6ErZE0tybCyQLsI6Nl-Z0=\/1080x\/smart\/f527acbf13054bccbcd110c33272befd\/ccmcms-jdf\/24472024.jpg\"><img decoding=\"async\" alt=\". Nombre hebdomadaire de nouveaux d\u00e9c\u00e8s de patients COVID-19 selon la date de d\u00e9claration, depuis le 23 mars 2020, France (donn\u00e9es au 02 mai 2021)\" src=\"https:\/\/img-3.journaldesfemmes.fr\/RBjAvw6ErZE0tybCyQLsI6Nl-Z0=\/1080x\/smart\/f527acbf13054bccbcd110c33272befd\/ccmcms-jdf\/24472024.jpg\"\/><\/a><figcaption data-credit=\"Sant\u00e9 publique France\" data-legend=\"Nombre hebdomadaire de nouveaux d\u00e9c\u00e8s de patients COVID-19 selon la date de d\u00e9claration, depuis le 23 mars 2020, France (donn\u00e9es au 02 mai 2021)\">Nombre hebdomadaire de nouveaux d\u00e9c\u00e8s de patients COVID-19 selon la date de d\u00e9claration, depuis le 23 mars 2020, France (donn\u00e9es au 02 mai 2021) <small>\u00a9\u00a0Sant\u00e9 publique France<\/small><\/figcaption><\/figure>\n<\/div>\n<p><iframe loading=\"lazy\" height=\"1000\" src=\"https:\/\/mapthenews.maps.arcgis.com\/apps\/opsdashboard\/index.html#\/bae8aaa7a0b14261b4621c31db410c44\" style=\"border: 0px\" width=\"600\"><\/iframe><\/p>\n<section>\n<blockquote>\n<p style=\"text-align: right;\">\u00a0<\/p>\n<\/blockquote>\n<p>Le ralentissement de la circulation virale se confirme avec des R-effectifs significativement inf\u00e9rieurs \u00e0 1\u00a0en m\u00e9tropole pour la troisi\u00e8me semaine cons\u00e9cutive, indique Sant\u00e9 Publique France le 6 mai. Au 9\u00a0mai, le R0 est \u00e0 <strong>0.76.<\/strong>\u00a0Les taux de reproduction du virus appel\u00e9s \u00ab\u00a0R-effectifs\u00a0\u00bb ou \u00ab\u00a0Reff\u00a0\u00bb\u00a0permettent de d\u00e9crire la dynamique de l&rsquo;\u00e9pid\u00e9mie\u00a0: lorsque le Reff est significativement sup\u00e9rieur \u00e0 1, ceci signifie que l&rsquo;\u00e9pid\u00e9mie est en progression car un malade contamine plus d&rsquo;une autre personne, lorsqu&rsquo;il est \u00e9gal \u00e0 1,<strong> l&rsquo;\u00e9pid\u00e9mie se stabilise<\/strong>, lorsqu&rsquo;il est significativement inf\u00e9rieur \u00e0 1, l&rsquo;\u00e9pid\u00e9mie r\u00e9gresse.\u00a0<\/p>\n<p>Le d\u00e9pistage du Covid-19 est r\u00e9alis\u00e9 en France par RT-PCT et par tests antig\u00e9niques. Depuis le 11 f\u00e9vrier, les tests salivaires sont d\u00e9ploy\u00e9s dans les\u00a0\u00e9tablissements scolaires et peuvent \u00eatre utilis\u00e9s en premi\u00e8re intention pour d\u00e9pister la Covid-19, conform\u00e9ment aux recommandations de la <a href=\"https:\/\/www.has-sante.fr\/jcms\/p_3237053\/fr\/tests-rt-pcr-salivaires-la-has-etend-leur-utilisation-et-definit-les-modalites-pratiques-de-realisation\" target=\"_blank\" rel=\"noopener noreferrer\">HAS<\/a>. Depuis le 12 avril, des autotests Covid sont aussi disponibles en vente libre dans les pharmacies fran\u00e7aises (non rembours\u00e9) et peuvent \u00eatre utilis\u00e9s dans les \u00e9coles. En semaine 17 (26 avril-2 mai), le<strong> taux de positivit\u00e9<\/strong> national hebdomadaire des personnes test\u00e9es \u00e9tait de<strong> 7,4% <\/strong>(calcul\u00e9 sur les personnes test\u00e9es et dont les tests sont valides), <strong>en diminution <\/strong>par rapport au taux consolid\u00e9 de la semaine pr\u00e9c\u00e9dente. Il est \u00e0 <strong>5,8<\/strong>% au 9 mai.\u00a0<em>\u00ab\u00a0Il reste d\u00e9terminant que chaque personne pr\u00e9sentant des sympt\u00f4mes \u00e9vocateurs de COVID-19\u00a0s&rsquo;isole imm\u00e9diatement et r\u00e9alise un test diagnostique dans les plus brefs d\u00e9lais\u00a0\u00bb<\/em> rappelle Sant\u00e9 Publique France dans ses bulletins hebdomadaires.<\/p>\n<div class=\"ccminsert\">\n<aside class=\"app_widget_fo app_widget_fo--gallery\">\n<ul>\n<li>\n                    <a href=\"https:\/\/sante.journaldesfemmes.fr\/fiches-maladies\/2668959-test-antigenique-covid-19-definition-fiabilite-c-est-quoi-ou-le-faire-pharmacie-prix-difference-pcr-positif\/\" class=\"jGTMWidgetGAEventClick\" data-gtmwidgetgaeventaction=\"clickWidgetGalleryList\" data-gtmwidgetgaeventlabel=\"Test antig\u00e9nique Covid\u00a0: fiabilit\u00e9, en pharmacie, ou PCR\u00a0?\"><\/p>\n<figure><picture><source media=\"(max-width: 480px)\" srcset=\"https:\/\/img-3.journaldesfemmes.fr\/ra_lhhsFCEXPL8y-K9ohmtwJKXg=\/210x140\/smart\/9a0dd689e32a41b59ef9ecc602480a2a\/ccmcms-jdf\/24192591.jpg\" width=\"210\" height=\"140\"><img loading=\"lazy\" decoding=\"async\" src=\"https:\/\/img-3.journaldesfemmes.fr\/MqQOd0J8z9vfpceyQEnonKq1XnE=\/225x150\/smart\/9a0dd689e32a41b59ef9ecc602480a2a\/ccmcms-jdf\/24192591.jpg\" alt=\"\" width=\"225\" height=\"150\"\/><\/source><\/picture><figcaption>\n<h3>Test antig\u00e9nique Covid\u00a0: fiabilit\u00e9, en pharmacie, ou PCR\u00a0?<\/h3>\n<\/figcaption><\/figure>\n<p><\/a>\n                <\/li>\n<li>\n                    <a href=\"https:\/\/sante.journaldesfemmes.fr\/fiches-maladies\/2691901-test-covid-enfant-symptomes-pcr-antigenique-salivaire-age-ecole-positif-negatif-isolement-autotest\/\" class=\"jGTMWidgetGAEventClick\" data-gtmwidgetgaeventaction=\"clickWidgetGalleryList\" data-gtmwidgetgaeventlabel=\"Test Covid enfant\u00a0: d\u00e9roul\u00e9 par PCR, antig\u00e9nique, salivaire, autotest, \u00e0 l'\u00e9cole, r\u00e9sultats...\"><\/p>\n<figure><picture><source media=\"(max-width: 480px)\" srcset=\"https:\/\/img-3.journaldesfemmes.fr\/v_vXfTJnErOegV3jRns0fzIWess=\/210x140\/smart\/8aedd738357e42628fa4c2638fc6f3d4\/ccmcms-jdf\/24189528.jpg\" width=\"210\" height=\"140\"><img loading=\"lazy\" decoding=\"async\" src=\"https:\/\/img-3.journaldesfemmes.fr\/4ohN6czKDBAvJcg4CGX5mOFHick=\/225x150\/smart\/8aedd738357e42628fa4c2638fc6f3d4\/ccmcms-jdf\/24189528.jpg\" alt=\"\" width=\"225\" height=\"150\"\/><\/source><\/picture><figcaption>\n<h3>Test Covid enfant\u00a0: d\u00e9roul\u00e9 par PCR, antig\u00e9nique, salivaire, autotest, \u00e0 l&rsquo;\u00e9cole, r\u00e9sultats&#8230;<\/h3>\n<\/figcaption><\/figure>\n<p><\/a>\n                <\/li>\n<li>\n                    <a href=\"https:\/\/sante.journaldesfemmes.fr\/fiches-maladies\/2703769-autotest-covid-france-nasal-principe-resultat-pharmacie-prix-fiabilite-achat-ecole-mode-emploi-age\/\" class=\"jGTMWidgetGAEventClick\" data-gtmwidgetgaeventaction=\"clickWidgetGalleryList\" data-gtmwidgetgaeventlabel=\"Autotest Covid\u00a0: pharmacie, prix, fiabilit\u00e9, mode d'emploi\"><\/p>\n<figure><picture><source media=\"(max-width: 480px)\" srcset=\"https:\/\/img-3.journaldesfemmes.fr\/yXwFCHX73C7E0PptnVW36lMR-bw=\/210x140\/smart\/530959f8e64e4b6a814954927ec1c015\/ccmcms-jdf\/24080206.jpg\" width=\"210\" height=\"140\"><img loading=\"lazy\" decoding=\"async\" src=\"https:\/\/img-3.journaldesfemmes.fr\/_wuP69sRRJG637fwOWiIyDtcNGM=\/225x150\/smart\/530959f8e64e4b6a814954927ec1c015\/ccmcms-jdf\/24080206.jpg\" alt=\"\" width=\"225\" height=\"150\"\/><\/source><\/picture><figcaption>\n<h3>Autotest Covid\u00a0: pharmacie, prix, fiabilit\u00e9, mode d&#8217;emploi<\/h3>\n<\/figcaption><\/figure>\n<p><\/a>\n                <\/li>\n<\/ul>\n<\/aside>\n<\/div>\n<p>Si au d\u00e9but, on ne parlait que de <strong>fi\u00e8vre<\/strong>, toux s\u00e8che, rhume, \u00e9tat grippal et de fatigue, les sympt\u00f4mes de l&rsquo;infection par le coronavirus ont \u00e9volu\u00e9. On sait d\u00e9sormais que le virus peut avoir des <strong>effets sur la peau<\/strong> (urticaire, l\u00e9sions inflammatoires sur les orteils), la sph\u00e8re digestive (vomissements, diarrh\u00e9es&#8230;), <strong>l&rsquo;odorat<\/strong>, le <strong>go\u00fbt <\/strong>et m\u00eame le cerveau.<em> <\/em><\/p>\n<p>\u2192<strong> Chaque personne pr\u00e9sentant des sympt\u00f4mes \u00e9vocateurs de COVID-19 doit s&rsquo;isoler imm\u00e9diatement et r\u00e9aliser un test diagnostique<\/strong> dans les plus brefs d\u00e9lais (sans avoir d&rsquo;ordonnance).<\/p>\n<p>\u2192<strong> <\/strong><strong>Appeler le\u00a015\u00a0en cas de\u00a0difficult\u00e9s respiratoires\u00a0: \u00ab\u00a0<\/strong><em>Si la toux et la\u00a0fi\u00e8vre s&rsquo;accompagnent d&rsquo;une g\u00eane respiratoire qui devient permanente avec souffle court, difficult\u00e9 \u00e0 inspirer et \u00e0 expirer, d&rsquo;une aggravation importante de la toux, cela peut signifier une \u00e9volution de la maladie sous la forme d&rsquo;une pneumopathie. Il s&rsquo;agit alors d&rsquo;une urgence respiratoire potentielle et comme dans tous les cas d&rsquo;urgence, il faut alors appeler le 15\u00a0qui prendra les meilleures dispositions pour r\u00e9pondre \u00e0 la situation\u00a0\u00bb, <\/em>pr\u00e9vient le Dr\u00a0Patrick Aub\u00e9, m\u00e9decin g\u00e9n\u00e9raliste. \u00a0<\/p>\n<div class=\"ccminsert\">\n<aside class=\"app_widget_fo app_widget_fo--list app_widget_fo--list-2-col\">\n<ul>\n<li>\n<h3>\n                    <a href=\"https:\/\/sante.journaldesfemmes.fr\/fiches-maladies\/2696267-covid-long-c-est-quoi-symptomes-contagieux-fatigue-prise-en-charge-france-traitement-pourcentage\/\" class=\"jGTMWidgetGAEventClick\" data-gtmwidgetgaeventaction=\"clickWidgetListOnTwoColumns\" data-gtmwidgetgaeventlabel=\"Covid long\u00a0: sympt\u00f4mes, traitement, c'est quoi\u00a0?\"><br \/>\n                        Covid long\u00a0: sympt\u00f4mes, traitement, c&rsquo;est quoi\u00a0?<br \/>\n                    <\/a><br \/>\n                <\/h3>\n<\/li>\n<li>\n<h3>\n                    <a href=\"https:\/\/sante.journaldesfemmes.fr\/fiches-maladies\/2665621-angine-ou-covid-19-symptomes-signes-fievre-mal-gorge-test-difference-contagion\/\" class=\"jGTMWidgetGAEventClick\" data-gtmwidgetgaeventaction=\"clickWidgetListOnTwoColumns\" data-gtmwidgetgaeventlabel=\"Angine ou Covid-19\u00a0: sympt\u00f4mes, diff\u00e9rences, test, contagion\"><br \/>\n                        Angine ou Covid-19\u00a0: sympt\u00f4mes, diff\u00e9rences, test, contagion<br \/>\n                    <\/a><br \/>\n                <\/h3>\n<\/li>\n<li>\n<h3>\n                    <a href=\"https:\/\/sante.journaldesfemmes.fr\/fiches-maladies\/2701631-probleme-maladie-foie-covid-atteinte-cancer-complication-sequelles-symptomes-risque-vaccination\/\" class=\"jGTMWidgetGAEventClick\" data-gtmwidgetgaeventaction=\"clickWidgetListOnTwoColumns\" data-gtmwidgetgaeventlabel=\"Probl\u00e8me au foie et Covid\u00a0: risques, s\u00e9quelles, vaccination\"><br \/>\n                        Probl\u00e8me au foie et Covid\u00a0: risques, s\u00e9quelles, vaccination<br \/>\n                    <\/a><br \/>\n                <\/h3>\n<\/li>\n<li>\n<h3>\n                    <a href=\"https:\/\/sante.journaldesfemmes.fr\/fiches-maladies\/2701633-fievre-covid-duree-obligatoire-que-faire-que-prendre-combien-temperature\/\" class=\"jGTMWidgetGAEventClick\" data-gtmwidgetgaeventaction=\"clickWidgetListOnTwoColumns\" data-gtmwidgetgaeventlabel=\"Fi\u00e8vre et Covid\u00a0: dur\u00e9e, temp\u00e9rature, est-ce obligatoire\u00a0?\"><br \/>\n                        Fi\u00e8vre et Covid\u00a0: dur\u00e9e, temp\u00e9rature, est-ce obligatoire\u00a0?<br \/>\n                    <\/a><br \/>\n                <\/h3>\n<\/li>\n<li>\n<h3>\n                    <a href=\"https:\/\/sante.journaldesfemmes.fr\/fiches-maladies\/2661241-rhume-ou-covid-19-symptomes-tableau-differences-ecole-que-faire-comment-savoir-travail\/\" class=\"jGTMWidgetGAEventClick\" data-gtmwidgetgaeventaction=\"clickWidgetListOnTwoColumns\" data-gtmwidgetgaeventlabel=\"Rhume ou Covid-19\u00a0: sympt\u00f4mes, tableau, \u00e9cole, que faire\u00a0?\"><br \/>\n                        Rhume ou Covid-19\u00a0: sympt\u00f4mes, tableau, \u00e9cole, que faire\u00a0?<br \/>\n                    <\/a><br \/>\n                <\/h3>\n<\/li>\n<li>\n<h3>\n                    <a href=\"https:\/\/sante.journaldesfemmes.fr\/fiches-maladies\/2626825-covid-ou-allergie-pollen-coronavirus-asthme-symptomes-toux-yeux-traitement\/\" class=\"jGTMWidgetGAEventClick\" data-gtmwidgetgaeventaction=\"clickWidgetListOnTwoColumns\" data-gtmwidgetgaeventlabel=\"Covid ou allergie au pollen\u00a0: sympt\u00f4mes, diff\u00e9rences, traitements\"><br \/>\n                        Covid ou allergie au pollen\u00a0: sympt\u00f4mes, diff\u00e9rences, traitements<br \/>\n                    <\/a><br \/>\n                <\/h3>\n<\/li>\n<li>\n<h3>\n                    <a href=\"https:\/\/sante.journaldesfemmes.fr\/fiches-maladies\/2676955-covid-19-ou-gastro-enterite-difference-symptomes-fievre-diarrhee-que-faire-complications\/\" class=\"jGTMWidgetGAEventClick\" data-gtmwidgetgaeventaction=\"clickWidgetListOnTwoColumns\" data-gtmwidgetgaeventlabel=\"Covid\u00a0ou gastro-ent\u00e9rite\u00a0: sympt\u00f4mes, quelles diff\u00e9rences\u00a0?\"><br \/>\n                        Covid\u00a0ou gastro-ent\u00e9rite\u00a0: sympt\u00f4mes, quelles diff\u00e9rences\u00a0?<br \/>\n                    <\/a><br \/>\n                <\/h3>\n<\/li>\n<li>\n<h3>\n                    <a href=\"https:\/\/sante.journaldesfemmes.fr\/fiches-sante-du-quotidien\/2627543-perte-gout-agueusie-covid-19-def-duree-cause-partielle-traitement-soigner\/\" class=\"jGTMWidgetGAEventClick\" data-gtmwidgetgaeventaction=\"clickWidgetListOnTwoColumns\" data-gtmwidgetgaeventlabel=\"Perte du go\u00fbt (agueusie)\u00a0: dur\u00e9e, Covid, comment soigner\u00a0?\"><br \/>\n                        Perte du go\u00fbt (agueusie)\u00a0: dur\u00e9e, Covid, comment soigner\u00a0?<br \/>\n                    <\/a><br \/>\n                <\/h3>\n<\/li>\n<li>\n<h3>\n                    <a href=\"https:\/\/sante.journaldesfemmes.fr\/fiches-maladies\/2683439-symptomes-covid-19-coronavirus-boutons-visage-corps-dermatologiques-peau-bras-pieds-engelure\/\" class=\"jGTMWidgetGAEventClick\" data-gtmwidgetgaeventaction=\"clickWidgetListOnTwoColumns\" data-gtmwidgetgaeventlabel=\"Sympt\u00f4mes Covid sur la peau\u00a0: engelures, boutons, quand consulter\u00a0?\"><br \/>\n                        Sympt\u00f4mes Covid sur la peau\u00a0: engelures, boutons, quand consulter\u00a0?<br \/>\n                    <\/a><br \/>\n                <\/h3>\n<\/li>\n<li>\n<h3>\n                    <a href=\"https:\/\/sante.journaldesfemmes.fr\/fiches-maladies\/2630069-coronavirus-covid-19-cerveau-symptomes-sequelles-odorat-effet-lesion-attaque\/\" class=\"jGTMWidgetGAEventClick\" data-gtmwidgetgaeventaction=\"clickWidgetListOnTwoColumns\" data-gtmwidgetgaeventlabel=\"Coronavirus\u00a0et cerveau\u00a0: effets, quels sympt\u00f4mes\u00a0?\"><br \/>\n                        Coronavirus\u00a0et cerveau\u00a0: effets, quels sympt\u00f4mes\u00a0?<br \/>\n                    <\/a><br \/>\n                <\/h3>\n<\/li>\n<\/ul>\n<\/aside>\n<\/div>\n<p>La vaccination contre la Covid-19 se poursuit en France avec les vaccins Pfizer-BioNTech,\u00a0Moderna,\u00a0AstraZeneca et Janssen (chez les m\u00e9decins g\u00e9n\u00e9ralistes,\u00a0au travail et en pharmacie). La prise de<strong> rendez-vous<\/strong> est ouverte<b> <\/b>sur les sites Internet <strong>Doctolib, Maiia et KelDoc<\/strong> et peut aussi se faire en contactant par t\u00e9l\u00e9phone le <strong>centre de vaccination<\/strong> le plus proche de chez soi (liste disponible sur\u00a0<a href=\"https:\/\/www.sante.fr\/centres-vaccination-covid.html\" target=\"_blank\" rel=\"noopener noreferrer\">Sante.fr<\/a>).\u00a0En cas de difficult\u00e9, le num\u00e9ro vert national :<strong> 0\u00a0800\u00a0009\u00a0110<\/strong>,\u00a0permet d&rsquo;\u00eatre redirig\u00e9 vers le standard t\u00e9l\u00e9phonique d&rsquo;un centre ou d&rsquo;obtenir un accompagnement \u00e0 la prise de rendez-vous.<\/p>\n<div class=\"ccminsert\">\n<aside class=\"app_widget_fo app_widget_fo--call\">\n<ul>\n<li>\n                <a href=\"https:\/\/sante.journaldesfemmes.fr\/fiches-maladies\/2620433-vaccin-coronavirus-covid-19-pfizer-moderna-astrazeneca-johnson-janssen-france-choisir-efficacite-arn\/\" class=\"jGTMWidgetGAEventClick\" data-gtmwidgetgaeventaction=\"clickWidgetCall\" data-gtmwidgetgaeventlabel=\"Vaccin Covid-19\u00a0: info Pfizer, AstraZeneca, Moderna, Janssen...\"><\/p>\n<figure><picture><source media=\"(max-width: 480px)\" srcset=\"https:\/\/img-3.journaldesfemmes.fr\/DE6x1BuagQ-1iNLcfagNUDiUQCQ=\/160x105\/smart\/b2b2d703b93e4b158df038cad603faa0\/ccmcms-jdf\/24556979.jpg\" width=\"160\" height=\"105\"><img loading=\"lazy\" decoding=\"async\" src=\"https:\/\/img-3.journaldesfemmes.fr\/sDE1DK63kZaj0t3Sd_X8NDqyae0=\/200x132\/smart\/b2b2d703b93e4b158df038cad603faa0\/ccmcms-jdf\/24556979.jpg\" alt=\"\" width=\"200\" height=\"132\"\/><\/source><\/picture><figcaption>\n<h3>Vaccin Covid-19\u00a0: info Pfizer, AstraZeneca, Moderna, Janssen&#8230;<\/h3>\n<p>En Europe, quatre vaccins Covid-19\u00a0sont autoris\u00e9s\u00a0: Comirnaty de Pfizer-BioNTech, celui de Moderna, le Vaxzeria d&rsquo;AstraZeneca et Janssen de Johnson&amp;Johnson. Efficacit\u00e9, sur les variants, principe, contre-indications, effets secondaires, technologie&#8230; Derni\u00e8res infos en direct.<\/p>\n<\/figcaption><\/figure>\n<p><\/a>\n            <\/li>\n<\/ul>\n<\/aside>\n<\/div>\n<p>Tous les d\u00e9placements depuis l&rsquo;\u00e9tranger vers la France et de France vers l&rsquo;\u00e9tranger, m\u00eame lorsqu&rsquo;ils sont autoris\u00e9s, restent totalement et strictement d\u00e9conseill\u00e9s jusqu&rsquo;\u00e0 nouvel ordre. A <strong>l&rsquo;int\u00e9rieur de l&rsquo;espace europ\u00e9en, les fronti\u00e8res ne sont pas ferm\u00e9es <\/strong>mais chaque pays a mis en place ses restrictions (test obligatoire, quarantaine \u00e0 l&rsquo;arriv\u00e9e&#8230;). Les<strong> fronti\u00e8res ext\u00e9rieures \u00e0 l&rsquo;espace europ\u00e9en restent ferm\u00e9es<\/strong> et tout d\u00e9placement international est totalement et strictement d\u00e9conseill\u00e9 jusqu&rsquo;\u00e0 nouvel ordre. La sortie du territoire fran\u00e7ais est soumise au r\u00e9gime des motifs imp\u00e9rieux, \u00e0 l&rsquo;exception des voyages \u00e0 destination de l&rsquo;Australie, la Cor\u00e9e du Sud, Isra\u00ebl, le Japon, la Nouvelle-Z\u00e9lande, le Royaume-Uni et Singapour.<\/p>\n<p>\u2192<strong> Tout voyageur de 11 ans ou plus souhaitant venir en France\u00a0en provenance d&rsquo;un pays de l&rsquo;espace europ\u00e9en<\/strong>\u00a0(Union europ\u00e9enne, Andorre, Islande, Liechtenstein, Monaco, Norv\u00e8ge, Saint-Marin, Saint-Si\u00e8ge et Suisse) a l&rsquo;obligation de pr\u00e9senter le r\u00e9sultat d&rsquo;un examen biologique de d\u00e9pistage virologique (RT-PCR) ne concluant pas \u00e0 une contamination par le Covid-19\u00a0r\u00e9alis\u00e9 72\u00a0heures avant le d\u00e9part.\u00a0<\/p>\n<table border=\"1\" cellpadding=\"1\" cellspacing=\"1\" style=\"width:100%;\">\n<thead>\n<tr>\n<th scope=\"col\" style=\"text-align: center;\"><strong>DATES CL\u00c9S DE L&rsquo;\u00c9PID\u00c9MIE EN FRANCE<\/strong><\/th>\n<\/tr>\n<\/thead>\n<tbody>\n<tr>\n<td>\n<ul>\n<li><strong>31\u00a0d\u00e9cembre 2019,<\/strong> l&rsquo;Organisation mondiale de la Sant\u00e9 en Chine est inform\u00e9e de plusieurs cas de pneumonies dans la ville de Wuhan. 44\u00a0personnes sont infect\u00e9es entre cette date et le 3\u00a0janvier 2020.<\/li>\n<li><strong>7\u00a0janvier 2020, <\/strong>les autorit\u00e9s chinoises identifient un \u00ab\u00a0nouveau type de coronavirus\u00a0\u00bb.<\/li>\n<li><strong>13\u00a0janvier, <\/strong>un cas import\u00e9 est recens\u00e9 en Tha\u00eflande.<\/li>\n<li><strong>15\u00a0janvier<\/strong>, le virus cause\u00a0la mort d&rsquo;<strong>une premi\u00e8re\u00a0personne \u00e0 Wuhan<\/strong>, un homme de 69\u00a0ans.\u00a0<\/li>\n<li><strong>23\u00a0janvier,<\/strong> trois villes chinoises dont Wuhan sont plac\u00e9es en quarantaine.<\/li>\n<li><strong>25\u00a0janvier, trois personnes\u00a0contamin\u00e9es sont recens\u00e9es en France<\/strong>, deux \u00e0 Paris et une Bordeaux. Ce sont les premiers cas enregistr\u00e9s sur le continent europ\u00e9en.<\/li>\n<li><strong>30\u00a0janvier, <\/strong>l&rsquo;Organisation mondiale de la Sant\u00e9 <strong>d\u00e9cr\u00e8te\u00a0l&rsquo;<a href=\"https:\/\/sante.journaldesfemmes.fr\/fiches-maladies\/2608035-urgence-de-sante-publique-de-portee-internationale-definition-oms-coronavirus\/\" target=\"_blank\" rel=\"noopener noreferrer\">urgence de sant\u00e9 mondiale<\/a><\/strong>.\u00a0Cette mesure n&rsquo;avait \u00e9t\u00e9 d\u00e9cr\u00e9t\u00e9e que 5\u00a0fois depuis sa cr\u00e9ation (pour Ebola (deux fois), la grippe H1N1, Zika et la poliomy\u00e9lite).\u00a0<\/li>\n<li><strong>23\u00a0f\u00e9vrier, <\/strong>la France d\u00e9clenche le <a href=\"https:\/\/sante.journaldesfemmes.fr\/fiches-maladies\/2622449-plan-orsan-reb-definition-signification-qui-declenche-coronavirus-definition-duree\/\" target=\"_blank\" rel=\"noopener noreferrer\">plan ORSAN<\/a>, un dispositif exceptionnel d&rsquo;organisation des soins.<\/li>\n<li><strong>28\u00a0f\u00e9vrier,<\/strong> la France passe en stade 2\u00a0de l&rsquo;\u00e9pid\u00e9mie.<\/li>\n<li><strong>11\u00a0mars, <\/strong>l&rsquo;OMS classifie de <strong>pand\u00e9mie <\/strong>la diffusion de la maladie \u00e0 coronavirus Covid-19\u00a0dans le monde.<\/li>\n<li><strong>12\u00a0mars<\/strong>, le pr\u00e9sident de la R\u00e9publique Emmanuel Macron annonce la fermeture nationale des cr\u00e8ches et \u00e9tablissements scolaires de France \u00e0 compter du 16\u00a0mars et \u00ab\u00a0jusqu&rsquo;\u00e0 nouvel ordre\u00a0\u00bb.<\/li>\n<li><strong>14\u00a0mars<\/strong>, la France passe au <a href=\"https:\/\/sante.journaldesfemmes.fr\/fiches-maladies\/2625289-coronavirus-covid-19-stade-1-2-3-4-duree-mesure-france-signification-quand\/\" target=\"_blank\" rel=\"noopener noreferrer\"><strong>stade 3 <\/strong><\/a>de l&rsquo;\u00e9pid\u00e9mie.<\/li>\n<li><strong>16\u00a0mars\u00a0:<\/strong>\u00a0la France met en place un dispositif de confinement interdisant les d\u00e9placements.<\/li>\n<li><strong>18\u00a0mars<\/strong> le premier transfert de patients Covid-19\u00a0en France est r\u00e9alis\u00e9\u00a0gr\u00e2ce \u00e0 l&rsquo;Arm\u00e9e, par voie terrestre et a\u00e9rienne.\u00a0<\/li>\n<li><strong>26\u00a0mars<\/strong>, un premier cas jeune meurt en France, une adolescente de 16\u00a0ans, en Ile-de-France originaire de Morsang-sur-Orge.<\/li>\n<li><strong>27\u00a0mars,<\/strong> le confinement de la population fran\u00e7aise est renouvel\u00e9 jusqu&rsquo;au 15\u00a0avril.<\/li>\n<li><strong>13\u00a0avril,<\/strong> Emmanuel Macron annonce le prolongement du confinement jusqu&rsquo;au 11\u00a0mai.<\/li>\n<li><strong>11\u00a0mai, <\/strong>la France commence son d\u00e9confinement.<\/li>\n<li><strong>15\u00a0juin<\/strong>, toute la France passe en zone verte, sauf Mayotte et la Guyane. \u00c0\u00a0Paris, les restaurants et bars peuvent rouvrir compl\u00e8tement.<\/li>\n<li><strong>22\u00a0juin, <\/strong>les \u00e9coles sont de nouveaux obligatoires en France pour tous les \u00e9l\u00e8ves. Les cin\u00e9mas, salles de jeux, casinos rouvrent. Les sports collectifs peuvent \u00eatre autoris\u00e9s tout en respectant certaines conditions sanitaires.<\/li>\n<li><strong>10\u00a0juillet<\/strong>, la <strong>France <\/strong>a franchi la barre des 30\u00a0000\u00a0morts. Dans la nuit du 10\u00a0au 11\u00a0juillet \u00e0 minuit, l&rsquo;\u00e9tat d&rsquo;urgence sanitaire prend fin en France.<\/li>\n<li><strong>\u00a020\u00a0juillet,<\/strong>\u00a0le <strong>port du masque est obligatoire <\/strong>dans les lieux publics clos en France.<\/li>\n<li><strong>8 octobre, <\/strong>le<strong> plan blanc est r\u00e9activ\u00e9 <\/strong>dans les h\u00f4pitaux d&rsquo;Ile-de-France.<\/li>\n<li><strong>17 octobre \u00e0 0h01<\/strong>, la France repasse en \u00e9tat d&rsquo;urgence sanitaire et un <strong>couvre-feu <\/strong>est instaur\u00e9 dans 9 territoires\u00a0(Paris-Ile-de-France, Rouen, Grenoble, Lille, Lyon, Aix-Marseille, Montpellier, Saint-Etienne, Toulouse).<\/li>\n<li><strong>24 octobre \u00e0 0h01 :<\/strong> extension des mesures de couvre-feu \u00e0 38 nouveaux d\u00e9partements fran\u00e7ais.<\/li>\n<li><strong>29 octobre \u00e0 0h01<\/strong> : reconfinement national pour 4 semaines, jusqu&rsquo;au 1er d\u00e9cembre au minimum.<\/li>\n<li><strong>28 novembre : <\/strong>premi\u00e8re \u00e9tape d&rsquo;all\u00e8gement du confinement avec la r\u00e9ouverture des commerces non essentiels.<\/li>\n<li><strong>15 d\u00e9cembre : <\/strong>seconde \u00e9tape\u00a0d&rsquo;all\u00e8gement du confinement avec le passage \u00e0 un couvre-feu de 20 heures \u00e0 6 heures du matin.<\/li>\n<li><strong>31 d\u00e9cembre<\/strong> : couvre-feu impos\u00e9 le soir du 31 d\u00e9cembre, de 20 heures \u00e0 6 heures du matin.<\/li>\n<li><strong>21 d\u00e9cembre<\/strong> : autorisation du vaccin Pfizer en Europe.<\/li>\n<li><strong>24 d\u00e9cembre<\/strong> : autorisation du vaccin Pfizer BioNTech en France.<\/li>\n<li><strong>27 d\u00e9cembre :<\/strong> d\u00e9but de la vaccination en France et dans l&rsquo;Union europ\u00e9enne avec le vaccin Pfizer BioNTech.<\/li>\n<li><strong>8 janvier 2021<\/strong> :\u00a0autorisation du vaccin Moderna en France.<\/li>\n<li><strong>24 janvier 2021<\/strong> : un test PCR n\u00e9gatif est obligatoire pour rentrer en France par avion pour les voyageurs venant d&rsquo;un pays europ\u00e9en (sauf pour les travailleurs transfrontaliers et le transport terrestre).<\/li>\n<li><strong>31 janvier 2021<\/strong> : fermeture des fronti\u00e8res en France aux pays ext\u00e9rieurs \u00e0 l&rsquo;Union europ\u00e9enne<\/li>\n<li><strong>2 f\u00e9vrier 2021<\/strong> :\u00a0autorisation du vaccin de l&rsquo;Universit\u00e9 d&rsquo;Oxford et AstraZeneca en France, uniquement pour les personnes \u00e2g\u00e9es de moins de 65\u00a0ans.<\/li>\n<li><strong>11 f\u00e9vrier : <\/strong>d\u00e9ploiement des tests salivaires dans les \u00e9tablissements scolaires.<\/li>\n<li><strong>12 mars :\u00a0<\/strong>autorisation du\u00a0vaccin\u00a0Johnson&amp;Johnson,\u00a0\u00e0 injection unique, le 4e vaccin \u00e0 \u00eatre autoris\u00e9 en France.<\/li>\n<li><strong>16 mars <\/strong>: autorisation des autotests en France.<\/li>\n<li><strong>19 mars :<\/strong> confinement de 16 d\u00e9partements pour une dur\u00e9e de 4 semaines. Le couvre-feu repasse \u00e0 19 heures dans toute la France au lieu de 18 heures.<\/li>\n<li><strong>25 mars<\/strong> :\u00a0confinement de 3 nouveaux d\u00e9partements pour une dur\u00e9e de 4\u00a0semaines.<\/li>\n<li><strong>3 avril\u00a0 : <\/strong>la France m\u00e9tropolitaine est reconfin\u00e9e 7 jours\/7, les \u00e9coles ferment pour trois semaines, et les vacances scolaires sont uniformis\u00e9es\u00a0pour toutes les zones.<\/li>\n<li><strong>8 avril :<\/strong> 10 millions de Fran\u00e7ais ont re\u00e7u une dose de vaccin Covid.<\/li>\n<li><strong>12 avril<\/strong> : vente des autotests en pharmacie.<\/li>\n<li><strong>12 avril :<\/strong> ouverture de la vaccination\u00a0\u00e0 tous les Fran\u00e7ais \u00e2g\u00e9s de\u00a0<strong>55\u00a0ans ou plus<\/strong>,<\/li>\n<li><strong>15\u00a0avril\u00a0:<\/strong>\u00a0la France<strong> <\/strong>a franchi la barre des <strong>100\u00a0000\u00a0morts.<\/strong><\/li>\n<li><strong>3 mai : <\/strong>fin de l&rsquo;attestation de d\u00e9placement et de la limitation des d\u00e9placements \u00e0 10 km.<\/li>\n<li><strong>10 mai <\/strong>: ouverture de la vaccination aux plus de 50 ans.<\/li>\n<\/ul>\n<\/td>\n<\/tr>\n<\/tbody>\n<\/table>\n<p><em>Cet article est mis \u00e0 jour quotidiennement par <a href=\"https:\/\/www.journaldesfemmes.fr\/account\/ablaize-11409696\" target=\"_blank\" rel=\"noopener noreferrer\">Aur\u00e9lie Blaize<\/a>, <a href=\"https:\/\/www.journaldesfemmes.fr\/account\/anaisthiebaux-10573564\" target=\"_blank\" rel=\"noopener noreferrer\">Ana\u00efs Thi\u00e9baux<\/a> et <a href=\"https:\/\/www.journaldesfemmes.fr\/account\/samanthapages-11598093\" target=\"_blank\" rel=\"noopener noreferrer\">Samantha Pag\u00e8s<\/a>.\u00a0<\/em><\/p>\n<\/section>\n<\/div>\n<p>[ad_2]<br \/>\n<br \/><a href=\"https:\/\/sante.journaldesfemmes.fr\/fiches-maladies\/2605417-covid-19-france-chiffres-nombre-cas-mort-deces-bilan-du-jour-vaccination-reouverture-restaurant-reanimation\/\">Source link <\/a><\/p>\n","protected":false},"excerpt":{"rendered":"<p>[ad_1] CORONAVIRUS DIRECT &#8211; L&rsquo;\u00e9pid\u00e9mie poursuit sa d\u00e9crue. Le nombre d&rsquo;hospitalisations baisse nettement depuis une semaine. Alors que les personnes &hellip; <a href=\"http:\/\/www.affinite.fr\/index.php\/2021\/05\/10\/la-decrue-de-lepidemie-se-poursuit-chiffres-du-jour\/\" class=\"more-link\">Plus <span class=\"screen-reader-text\">la d\u00e9crue de l&rsquo;\u00e9pid\u00e9mie se poursuit, chiffres du jour<\/span> <span class=\"meta-nav\">&rarr;<\/span><\/a><\/p>\n","protected":false},"author":1,"featured_media":6361,"comment_status":"open","ping_status":"open","sticky":false,"template":"","format":"standard","meta":{"_sitemap_exclude":false,"_sitemap_priority":"","_sitemap_frequency":"","footnotes":""},"categories":[1],"tags":[],"class_list":["post-6360","post","type-post","status-publish","format-standard","has-post-thumbnail","hentry","category-tous"],"_links":{"self":[{"href":"http:\/\/www.affinite.fr\/index.php\/wp-json\/wp\/v2\/posts\/6360"}],"collection":[{"href":"http:\/\/www.affinite.fr\/index.php\/wp-json\/wp\/v2\/posts"}],"about":[{"href":"http:\/\/www.affinite.fr\/index.php\/wp-json\/wp\/v2\/types\/post"}],"author":[{"embeddable":true,"href":"http:\/\/www.affinite.fr\/index.php\/wp-json\/wp\/v2\/users\/1"}],"replies":[{"embeddable":true,"href":"http:\/\/www.affinite.fr\/index.php\/wp-json\/wp\/v2\/comments?post=6360"}],"version-history":[{"count":0,"href":"http:\/\/www.affinite.fr\/index.php\/wp-json\/wp\/v2\/posts\/6360\/revisions"}],"wp:featuredmedia":[{"embeddable":true,"href":"http:\/\/www.affinite.fr\/index.php\/wp-json\/wp\/v2\/media\/6361"}],"wp:attachment":[{"href":"http:\/\/www.affinite.fr\/index.php\/wp-json\/wp\/v2\/media?parent=6360"}],"wp:term":[{"taxonomy":"category","embeddable":true,"href":"http:\/\/www.affinite.fr\/index.php\/wp-json\/wp\/v2\/categories?post=6360"},{"taxonomy":"post_tag","embeddable":true,"href":"http:\/\/www.affinite.fr\/index.php\/wp-json\/wp\/v2\/tags?post=6360"}],"curies":[{"name":"wp","href":"https:\/\/api.w.org\/{rel}","templated":true}]}}