{"id":6354,"date":"2021-05-09T14:59:23","date_gmt":"2021-05-09T14:59:23","guid":{"rendered":"https:\/\/www.affinite.fr\/index.php\/2021\/05\/09\/shadow-and-bone-sur-netflix-quelles-sont-ces-effrayantes-creatures-aux-cotes-du-darkling-a-la-fin-de-la-saison-news-series-a-la-tv\/"},"modified":"2021-05-09T14:59:23","modified_gmt":"2021-05-09T14:59:23","slug":"shadow-and-bone-sur-netflix-quelles-sont-ces-effrayantes-creatures-aux-cotes-du-darkling-a-la-fin-de-la-saison-news-series-a-la-tv","status":"publish","type":"post","link":"http:\/\/www.affinite.fr\/index.php\/2021\/05\/09\/shadow-and-bone-sur-netflix-quelles-sont-ces-effrayantes-creatures-aux-cotes-du-darkling-a-la-fin-de-la-saison-news-series-a-la-tv\/","title":{"rendered":"Shadow and Bone sur Netflix : quelles sont ces effrayantes cr\u00e9atures aux c\u00f4t\u00e9s du Darkling \u00e0 la fin de la saison ? &#8211; News S\u00e9ries \u00e0 la TV"},"content":{"rendered":"<p> [ad_1]<br \/>\n<\/p>\n<p>Dans le dernier \u00e9pisode, le Darkling\/G\u00e9n\u00e9ral Kirigan ressort du Fold entour\u00e9 de cr\u00e9atures des t\u00e9n\u00e8bres. Mais d\u2019o\u00f9 viennent-elles exactement ? Attention, spoilers.<\/p>\n<div id=\"article-content\">\n<figure class=\"player player-auto-play js-player\" data-model=\"{&quot;context&quot;:&quot;newspage_news&quot;,&quot;launch&quot;:&quot;auto-play&quot;,&quot;followScroll&quot;:true,&quot;editorialContent&quot;:&quot;18699364-shadow_and_bone_sur_netflix_quelles_sont_ces_effrayantes_creatures_aux_cotes_du_darkling_a_la_fin_de_la_saison&quot;,&quot;endScreen&quot;:true,&quot;disableAutoPause&quot;:true,&quot;player_position&quot;:&quot;playertop&quot;,&quot;videos&quot;:[{&quot;id&quot;:19591477,&quot;sources&quot;:{&quot;medium&quot;:&quot;\/\/fr.vid.web.acsta.net\/nmedia\/33\/21\/02\/26\/17\/19591477_sd_013.mp4&quot;,&quot;high&quot;:&quot;\/\/fr.vid.web.acsta.net\/nmedia\/33\/21\/02\/26\/17\/19591477_hd_013.mp4&quot;},&quot;image&quot;:&quot;\/videothumbnails\/21\/02\/26\/17\/09\/2864834.jpg&quot;,&quot;title&quot;:&quot;Shadow And Bone - saison 1 Bande-annonce VF&quot;,&quot;trackingIdentifier&quot;:&quot;19591477-shadow_and_bone_saison_1_bande_annonce_vf&quot;,&quot;embedUrl&quot;:&quot;ACraHRACr0cHM6Ly9wbGF5ZXIuYWxsb2NpbmUuZnIvMTk1OTE0NzcuaHRtbA==&quot;,&quot;id_type&quot;:31003,&quot;file_type&quot;:&quot;trailer&quot;,&quot;description&quot;:&quot;Shadow And Bone - saison 1 Bande-annonce VF&quot;,&quot;duration&quot;:147,&quot;view_count&quot;:91931,&quot;added_at&quot;:{&quot;date&quot;:&quot;2021-02-26 17:07:00.000000&quot;,&quot;timezone_type&quot;:3,&quot;timezone&quot;:&quot;Europe\/Paris&quot;},&quot;metas&quot;:{&quot;genre_main_series&quot;:[{&quot;name&quot;:&quot;Drame&quot;,&quot;id&quot;:&quot;13008&quot;},{&quot;name&quot;:&quot;Fantastique&quot;,&quot;id&quot;:&quot;13012&quot;},{&quot;name&quot;:&quot;Action&quot;,&quot;id&quot;:&quot;13025&quot;}],&quot;id_main_season&quot;:35298,&quot;id_main_series&quot;:24647,&quot;image_main_series&quot;:&quot;\/pictures\/21\/04\/19\/12\/57\/3716620.jpg&quot;,&quot;localized_file_type&quot;:&quot;trailer&quot;,&quot;main_season_number&quot;:1,&quot;main_season_rating&quot;:3.81252193,&quot;main_season_user_note_count&quot;:51,&quot;main_series_rating&quot;:3.99561214,&quot;name_main_season&quot;:&quot;Shadow and Bone : La saga Grisha - Saison 1&quot;,&quot;name_main_series&quot;:&quot;Shadow and Bone : La saga Grisha&quot;,&quot;release_status_series&quot;:&quot;En cours&quot;,&quot;trans_file_type&quot;:&quot;Bande-annonce&quot;},&quot;relatedEntityType&quot;:&quot;series&quot;,&quot;relatedEntityTrackingIdentifier&quot;:&quot;24647-shadow_and_bone_la_saga_grisha&quot;,&quot;relatedEntityTitle&quot;:&quot;Shadow and Bone : La saga Grisha&quot;,&quot;relatedEntityId&quot;:24647,&quot;relatedEntityUrl&quot;:&quot;ACraHRACr0cHM6Ly93d3cuYWxsb2NpbmUuZnIvc2VyaWVzL2ZpY2hlc2VyaWVfZ2VuX2NzZXJpZT0yNDY0Ny5odG1s&quot;,&quot;mediaUrl&quot;:&quot;ACraHRACr0cHM6Ly93d3cuYWxsb2NpbmUuZnIvdmlkZW8vcGxheWVyX2dlbl9jbWVkaWE9MTk1OTE0NzcmY3NlcmllPTI0NjQ3Lmh0bWw=&quot;}],&quot;disablePreroll&quot;:false,&quot;disablePostroll&quot;:false}\" data-thumb=\"https:\/\/fr.web.img4.acsta.net\/r_640_360\/videothumbnails\/21\/02\/26\/17\/09\/2864834.jpg\">\n<\/figure>\n<p dir=\"ltr\"><strong>Cet article contient des spoilers sur la saison 1 de Shadow and Bone et les livres Grisha.\u00a0<\/strong><\/p>\n<p dir=\"ltr\"><span\/>Dans la s\u00e9rie Netflix <a title=\"Shadow and Bone : La saga Grisha (U.S.A.) (Fantastique,Action,Drame)\" href=\"http:\/\/www.allocine.fr\/series\/ficheserie_gen_cserie=24647.html\">Shadow and Bone<\/a>, les Grisha ont la particularit\u00e9 de ma\u00eetriser la Petite Science, tout en respectant certaines r\u00e8gles et limites : ils doivent utiliser ce que la nature leur offre, afin de pouvoir ma\u00eetriser l\u2019air, le feu, gu\u00e9rir le corps humain (au niveau cellulaire), ou encore modifier un objet (au niveau mol\u00e9culaire).<\/p>\n<p dir=\"ltr\">Le Darkling (<a title=\"Ben Barnes (Grande-Bretagne) (Acteur,Interpr\u00e8te (chansons du film),Monteur)\" href=\"http:\/\/www.allocine.fr\/personne\/fichepersonne_gen_cpersonne=183578.html\">Ben Barnes<\/a>), qui vit depuis des centaines d\u2019ann\u00e9es et dont le pouvoir est sans pareil, a bris\u00e9 cette r\u00e8gle en utilisant le merzost (\u00ab\u00a0magie\u00a0\u00bb en ravkan). Il s\u2019agit de cr\u00e9er quelque chose en ne partant d\u2019aucun \u00e9l\u00e9ment existant dans la nature.<\/p>\n<p dir=\"ltr\">C\u2019est ce que Morozova a fait, lorsqu\u2019il a fabriqu\u00e9 les trois Amplificateurs (le cerf, le dragon des mers et l\u2019oiseau de feu). Mais cette pratique se paie tr\u00e8s cher : dans le cas de Kirigan, il a cr\u00e9\u00e9 sans le vouloir le Shadow Fold, en transformant hommes, femmes et enfants en Volcra. C\u2019est aussi le seul endroit o\u00f9 ses pouvoirs sont inutilisables et o\u00f9 il est vuln\u00e9rable.<\/p>\n<p dir=\"ltr\">Alina utilise cette vuln\u00e9rabilit\u00e9 dans le dernier \u00e9pisode de la saison, lorsqu\u2019elle le laisse \u00e0 la merci des Volcra. Mais les derni\u00e8res images de la s\u00e9rie nous montrent un Darkling mal en point, s\u2019\u00e9chappant avec peine du Fold. Il est entour\u00e9 de cr\u00e9atures des t\u00e9n\u00e8bres\u2026<\/p>\n<p dir=\"ltr\">Les fans des livres de <a title=\"Leigh Bardugo (U.S.A.,Isra\u00ebl) (D'apr\u00e8s l'oeuvre de,Producteur d\u00e9l\u00e9gu\u00e9)\" href=\"http:\/\/www.allocine.fr\/personne\/fichepersonne_gen_cpersonne=862396.html\">Leigh Bardugo<\/a>\u00a0ont d\u00fb ressentir des frissons en voyant ces images puisqu\u2019ils s\u2019agit l\u00e0 de Nichevo\u2019ya. Ces derni\u00e8res sont consid\u00e9r\u00e9es comme des abominations car cr\u00e9\u00e9es \u00e0 l\u2019aide du merzost. Elles ont la capacit\u00e9 d\u2019exister \u00e0 l\u2019ext\u00e9rieur du Fold et d\u2019\u00eatre immunis\u00e9es par le soleil.<\/p>\n<div class=\"article-figure-holder\">\n<figure class=\"article-figure mceNonEditable\"><img loading=\"lazy\" decoding=\"async\" class=\"article-figure-img\" src=\"data:image\/gif;base64,R0lGODlhAgABAPAAAAAAAAAAACH5BAEAAAAAIf8LSW1hZ2VNYWdpY2sNZ2FtbWE9MC40NTQ1NQAsAAAAAAIAAQAAAgIECgA7\" data-src=\"https:\/\/fr.web.img5.acsta.net\/newsv7\/21\/05\/07\/16\/06\/1966071.jpg\" width=\"640\" height=\"320\"\/><span class=\"article-figcaption-copy\">Capture d&rsquo;\u00e9cran<\/span><figcaption class=\"article-figcaption\">\n            Les Nichevo\u2019ya sont cr\u00e9\u00e9s et contr\u00f4l\u00e9s par le Darkling.<br \/>\n        <\/figcaption><\/figure>\n<\/div>\n<p dir=\"ltr\">Difficiles \u00e0 tuer, les Nichevo\u2019ya sont des pr\u00e9dateurs redoutables dont la morsure ne gu\u00e9rit jamais. Avec sa nouvelle arm\u00e9e, le Darkling devient un ennemi encore plus redoutable pour notre h\u00e9ro\u00efne, m\u00eame si l\u2019utilisation du Merzost affaiblit sur le long terme le Grisha qui l\u2019utilise.<\/p>\n<p dir=\"ltr\">Il faudra attendre une \u00e9ventuelle saison 2 de Shadow and Bone pour voir ces Nichevo\u2019ya en action.<\/p>\n<\/p><\/div>\n<p>[ad_2]<br \/>\n<br \/><a href=\"http:\/\/rss.allocine.fr\/~r\/ac\/actualites\/~3\/sfO1aPFZm3g\/fichearticle_gen_carticle=18699364.html\">Source link <\/a><\/p>\n","protected":false},"excerpt":{"rendered":"<p>[ad_1] Dans le dernier \u00e9pisode, le Darkling\/G\u00e9n\u00e9ral Kirigan ressort du Fold entour\u00e9 de cr\u00e9atures des t\u00e9n\u00e8bres. Mais d\u2019o\u00f9 viennent-elles exactement &hellip; <a href=\"http:\/\/www.affinite.fr\/index.php\/2021\/05\/09\/shadow-and-bone-sur-netflix-quelles-sont-ces-effrayantes-creatures-aux-cotes-du-darkling-a-la-fin-de-la-saison-news-series-a-la-tv\/\" class=\"more-link\">Plus <span class=\"screen-reader-text\">Shadow and Bone sur Netflix : quelles sont ces effrayantes cr\u00e9atures aux c\u00f4t\u00e9s du Darkling \u00e0 la fin de la saison ? &#8211; News S\u00e9ries \u00e0 la TV<\/span> <span class=\"meta-nav\">&rarr;<\/span><\/a><\/p>\n","protected":false},"author":1,"featured_media":6355,"comment_status":"open","ping_status":"open","sticky":false,"template":"","format":"standard","meta":{"_sitemap_exclude":false,"_sitemap_priority":"","_sitemap_frequency":"","footnotes":""},"categories":[1],"tags":[],"class_list":["post-6354","post","type-post","status-publish","format-standard","has-post-thumbnail","hentry","category-tous"],"_links":{"self":[{"href":"http:\/\/www.affinite.fr\/index.php\/wp-json\/wp\/v2\/posts\/6354"}],"collection":[{"href":"http:\/\/www.affinite.fr\/index.php\/wp-json\/wp\/v2\/posts"}],"about":[{"href":"http:\/\/www.affinite.fr\/index.php\/wp-json\/wp\/v2\/types\/post"}],"author":[{"embeddable":true,"href":"http:\/\/www.affinite.fr\/index.php\/wp-json\/wp\/v2\/users\/1"}],"replies":[{"embeddable":true,"href":"http:\/\/www.affinite.fr\/index.php\/wp-json\/wp\/v2\/comments?post=6354"}],"version-history":[{"count":0,"href":"http:\/\/www.affinite.fr\/index.php\/wp-json\/wp\/v2\/posts\/6354\/revisions"}],"wp:featuredmedia":[{"embeddable":true,"href":"http:\/\/www.affinite.fr\/index.php\/wp-json\/wp\/v2\/media\/6355"}],"wp:attachment":[{"href":"http:\/\/www.affinite.fr\/index.php\/wp-json\/wp\/v2\/media?parent=6354"}],"wp:term":[{"taxonomy":"category","embeddable":true,"href":"http:\/\/www.affinite.fr\/index.php\/wp-json\/wp\/v2\/categories?post=6354"},{"taxonomy":"post_tag","embeddable":true,"href":"http:\/\/www.affinite.fr\/index.php\/wp-json\/wp\/v2\/tags?post=6354"}],"curies":[{"name":"wp","href":"https:\/\/api.w.org\/{rel}","templated":true}]}}