{"id":6332,"date":"2021-05-03T21:01:31","date_gmt":"2021-05-03T21:01:31","guid":{"rendered":"https:\/\/www.affinite.fr\/index.php\/2021\/05\/03\/remontee-des-hospitalisations-dernier-bilan\/"},"modified":"2021-05-03T21:01:31","modified_gmt":"2021-05-03T21:01:31","slug":"remontee-des-hospitalisations-dernier-bilan","status":"publish","type":"post","link":"http:\/\/www.affinite.fr\/index.php\/2021\/05\/03\/remontee-des-hospitalisations-dernier-bilan\/","title":{"rendered":"remont\u00e9e des hospitalisations, dernier bilan"},"content":{"rendered":"<p> [ad_1]<br \/>\n<\/p>\n<p>\n                CORONAVIRUS DIRECT &#8211; Le nombre de personnes hospitalis\u00e9es augmente l\u00e9g\u00e8rement ce lundi, y compris en r\u00e9animation, dont le nombre repasse au-dessus de 5600. La France a entam\u00e9 lundi, la premi\u00e8re \u00e9tape de son d\u00e9confinement, avec le retour des coll\u00e9giens et lyc\u00e9ens dans leurs \u00e9tablissements scolaires. Remise d&rsquo;une attestation de vaccination certifi\u00e9e, derniers chiffres et infos.            <\/p>\n<div>\n<aside class=\"ccmsummary marqueur_module ccmcss_cms_summary ccmcss_cms_summary--right\">\n<p>\u00a0Sommaire<\/p>\n<\/aside>\n<p><strong>[Mis\u00a0\u00e0 jour le lundi 3\u00a0mai\u00a0\u00e0 20h12<\/strong><b>]<\/b>\u00a0La <strong>premi\u00e8re \u00e9tape des r\u00e9ouvertures<\/strong> en France apr\u00e8s la <strong>troisi\u00e8me vague \u00e9pid\u00e9mique de Covid<\/strong>\u00a0a d\u00e9but\u00e9\u00a0ce lundi 3 mai avec la r\u00e9ouverture des coll\u00e8ges en demi-jauge pour les 4e et les 3e ainsi que des lyc\u00e9es dans certains d\u00e9partements plus touch\u00e9s que d&rsquo;autres \u00e0 date (voir plus bas). Ce lundi c&rsquo;est aussi la <strong>lev\u00e9e des restrictions pour les d\u00e9placements entre r\u00e9gions<\/strong> et la<strong>\u00a0fin de l&rsquo;attestation de d\u00e9placement en journ\u00e9e<\/strong>. Le<strong> couvre-feu<\/strong> reste par contre en vigueur \u00e0 19\u00a0heures et une <strong>attestation <\/strong>de d\u00e9placement est obligatoire au-del\u00e0. Lundi, le\u00a0nombre\u00a0de personnes hospitalis\u00e9es et celui des patients entr\u00e9s en\u00a0r\u00e9animation augmentent l\u00e9g\u00e8rement, comme la veille d\u00e9j\u00e0.\u00a0<strong>28\u00a0950 malades Covid sont pris en charge \u00e0 l&rsquo;h\u00f4pital, dont 5630\u00a0en r\u00e9animation<\/strong>. Le nombre de contaminations est faible, comme chaque lundi, \u00e0 3 760 nouveaux cas en 24 heures. Sur CNews, lundi, le professeur Philippe Juvin, chef des urgences de l&rsquo;h\u00f4pital Georges-Pompidou, a estim\u00e9 avoir<em> \u00ab\u00a0l&rsquo;impression que <strong>le gouvernement a voulu d\u00e9confiner quoiqu&rsquo;il en co\u00fbte\u00a0\u00bb<\/strong><\/em>. <em>\u00ab\u00a0La d\u00e9crue de l&rsquo;\u00e9pid\u00e9mie est trop lente, <\/em>a-t-il expliqu\u00e9.\u00a0<em>Paradoxalement il y a<strong> plus de cas en r\u00e9animation actuellement <\/strong>que lorsque la d\u00e9cision du confinement a \u00e9t\u00e9 prise\u00a0\u00bb <\/em>et<em> \u00ab\u00a0il y a presque 2000\u00a0morts par semaine, c&rsquo;est \u00e9norme\u00a0\u00bb.\u00a0<\/em>Depuis le\u00a01er mai, le vaccin anti-covid est accessible\u00a0\u00e0 toutes les personnes pr\u00e9sentant des\u00a0<strong data-insertor-excluded=\"1\">comorbidit\u00e9s comme l&rsquo;ob\u00e9sit\u00e9, l&rsquo;hypertension, le\u00a0diab\u00e8te, l&rsquo;insuffisance r\u00e9nale, cardiaque ou des cancers.<\/strong><em><strong data-insertor-excluded=\"1\">\u00a0<\/strong><\/em>Toutes <strong>les personnes de plus de 50\u00a0ans<\/strong> auront acc\u00e8s au vaccin d\u00e8s le <strong>15\u00a0mai<\/strong>. Un mois plus tard, la vaccination sera ouverte \u00e0<strong> toutes les personnes majeures<\/strong>. <span style=\"font-size: 1rem;\">Que disent les\u00a0<\/span><a data-auth=\"NotApplicable\" href=\"https:\/\/sante.journaldesfemmes.fr\/fiches-maladies\/2667643-carte-covid-19-france-15-departement-plus-touches-zone-rouge-monde-temps-reel-vaccination\/\" rel=\"noopener noreferrer\" style=\"font-size: 1rem; background-color: rgb(255, 255, 255);\" target=\"_blank\">cartes<\/a><span style=\"font-size: 1rem;\"> de suivi de l&rsquo;\u00e9pid\u00e9mie\u00a0? Quels sont les <\/span><a href=\"https:\/\/sante.journaldesfemmes.fr\/fiches-maladies\/2630075-symptomes-coronavirus-covid-19-mal-gorge-rhume-que-faire-variant-premier-apparition-nouveaux-duree\/\" style=\"font-size: 1rem; background-color: rgb(255, 255, 255);\" target=\"_blank\" rel=\"noopener noreferrer\">sympt\u00f4mes du coronavirus<\/a><span style=\"font-size: 1rem;\"> ? Quand <\/span><a href=\"https:\/\/sante.journaldesfemmes.fr\/fiches-maladies\/2621211-isolement-covid-19-variant-anglais-7-10-jours-cas-contact-duree-declarer-certificat-attestation\/\" style=\"font-size: 1rem; background-color: rgb(255, 255, 255);\" target=\"_blank\" rel=\"noopener noreferrer\">s&rsquo;isoler et combien de temps<\/a><span style=\"font-size: 1rem;\"> ?\u00a0<\/span><a data-auth=\"NotApplicable\" href=\"https:\/\/sante.journaldesfemmes.fr\/fiches-maladies\/2629823-taux-de-reproduction-covid-france-coronavirus-r0-r-effectif-calcul-carte-region-evolution-aujourd-hui-definition\/\" rel=\"noopener noreferrer\" style=\"font-size: 1rem; background-color: rgb(255, 255, 255);\" target=\"_blank\">Quel est le taux de R0\u00a0du virus<\/a><span style=\"font-size: 1rem;\">\u00a0? Quand est-on <\/span><a href=\"https:\/\/sante.journaldesfemmes.fr\/fiches-maladies\/2679521-contagion-covid-19-combien-de-temps-jours-duree-asymptomatique-symptomes-incubation-contagieux\/\" style=\"font-size: 1rem; background-color: rgb(255, 255, 255);\" target=\"_blank\" rel=\"noopener noreferrer\">contagieux<\/a><span style=\"font-size: 1rem;\"> ? Que sait-on des\u00a0<\/span><a href=\"https:\/\/sante.journaldesfemmes.fr\/fiches-maladies\/2620433-vaccin-coronavirus-covid-19-pfizer-moderna-astrazeneca-johnson-janssen-france-commande-danemark\/\" style=\"font-size: 1rem; background-color: rgb(255, 255, 255);\" target=\"_blank\" rel=\"noopener noreferrer\">vaccins<\/a><span style=\"font-size: 1rem;\">\u00a0? Des\u00a0<\/span><a href=\"https:\/\/sante.journaldesfemmes.fr\/fiches-maladies\/2686947-effet-secondaire-vaccin-covid-france-nouveau-liste-pfizer-moderna-astrazeneca-myocardite\/\" style=\"font-size: 1rem; background-color: rgb(255, 255, 255);\" target=\"_blank\" rel=\"noopener noreferrer\">effets secondaires<\/a><span style=\"font-size: 1rem;\">\u00a0apr\u00e8s la vaccination\u00a0? Chiffres et infos du jour.<\/span><\/p>\n<ul>\n<li><strong>Deux d\u00e9partements au-dessus du seuil.\u00a0<\/strong>Selon le site de suivi de l&rsquo;\u00e9pid\u00e9mie \u00ab\u00a0Covid Tracker\u00a0\u00bb, d\u00e9sormais\u00a0il n&rsquo;y a plus que deux d\u00e9partements fran\u00e7ais qui d\u00e9passent\u00a0le seuil des 400\u00a0cas pour 100 000\u00a0habitants : le\u00a0Val-de-Marne (424) et\u00a0la Seine-Saint-Denis (421).<\/li>\n<li><strong>Olivier V\u00e9ran vaccin\u00e9 avec Moderna.\u00a0<\/strong>Le ministre de la Sant\u00e9, Olivier V\u00e9ran, a re\u00e7u lundi sa deuxi\u00e8me injection avec le vaccin anti-Covid Moderna, \u00e0 Melun (Seine-et-Marne), o\u00f9 il avait re\u00e7u une premi\u00e8re dose d&rsquo;AstraZeneca d\u00e9but f\u00e9vrier, a indiqu\u00e9 son cabinet \u00e0 l&rsquo;AFP. Le ministre, \u00e2g\u00e9 de 41 ans, a suivi \u00ab\u00a0la recommandation de la Haute Autorit\u00e9 de sant\u00e9 qui r\u00e9serve le vaccin\u00a0AstraZeneca aux personnes d&rsquo;au moins 55\u00a0ans,\u00a0depuis le 19\u00a0mars, en raison de rares cas de thromboses (caillots sanguins) rep\u00e9r\u00e9s en Europe.<\/li>\n<li><strong>R\u00e9ouvertures des \u00e9tablissements thermaux.<\/strong> Les 113\u00a0\u00e9tablissements thermaux, ferm\u00e9s depuis le 25\u00a0octobre dernier, sont autoris\u00e9s \u00e0 rouvrir, \u00e0 compter du 19\u00a0mai, avec une jauge de 50% de curistes, a annonc\u00e9 le CNETh (Conseil national des \u00e9tablissements thermaux) dans un communiqu\u00e9, apr\u00e8s\u00a0un arbitrage du Premier ministre et du pr\u00e9sident de la R\u00e9publique ce lundi.\u00a0<\/li>\n<li><strong>Plus de tests salivaires \u00e0 l&rsquo;\u00e9cole.\u00a0<\/strong>Lors de son d\u00e9placement pr\u00e8s de Nancy, le Premier ministre Jean Castex a assur\u00e9 lundi que, concernant les tests salivaires, 250.000\u00a0sont actuellement r\u00e9alis\u00e9s par semaine et que leur<em> \u00ab\u00a0objectif est d&rsquo;arriver \u00e0 partir de la 3\u00e8me semaine de mai \u00e0 600.000\u00a0\u00bb<\/em>. Le Premier ministre a par ailleurs soulign\u00e9 que<em>\u00a0\u00ab\u00a01884\u00a0classes\u00a0ont d\u00fb \u00eatre ferm\u00e9es en application d&rsquo;un protocole tr\u00e8s strict. Cela fait 0,65% des classes, donc cela veut dire que <strong>le virus circule tr\u00e8s peu<\/strong> et que le dispositif de surveillance est performant\u00a0\u00bb<\/em>.<\/li>\n<li><strong>L&rsquo;immunit\u00e9 collective fin ao\u00fbt en France ?\u00a0<\/strong>La France peut atteindre l&rsquo;immunit\u00e9 collective contre le virus SARS-CoV-2<strong>\u00a0d\u00e8s la \u00ab\u00a0fin ao\u00fbt\u00a0\u00bb,<\/strong> s&rsquo;ils acceptent la vaccination, a estim\u00e9 Odile Launay, infectiologue, membre du comit\u00e9 scientifique vaccin sur Radio Classique, lundi.<em>\u00a0\u00ab\u00a0On va avoir de plus en plus de doses de vaccins qui arrivent, on a des vaccins qui sont extraordinairement efficaces.\u00a0\u00bb<\/em><\/li>\n<li><strong>Certificat de vaccination.<\/strong>\u00a0Dans un communiqu\u00e9 de presse, l&rsquo;Assurance maladie annonce qu&rsquo;<strong>\u00e0 partir du lundi\u00a03\u00a0mai \u00ab\u00a0toute personne vaccin\u00e9e contre la Covid-19, se verra remettre en main propre, apr\u00e8s son injection, une <a href=\"https:\/\/sante.journaldesfemmes.fr\/fiches-maladies\/2714415-attestation-de-vaccination-covid-certificat-france-comment-l-avoir-telecharger-exemple-voyager-obligatoire\/\" target=\"_blank\" rel=\"noopener noreferrer\">attestation de vaccination<\/a><\/strong>\u00a0dite<em>\u00a0\u00a0\u00bb certifi\u00e9e \u00ab\u00a0<\/em>\u00a0au format papier, par le professionnel de sant\u00e9 habilit\u00e9 \u00e0 la vaccination. Cette attestation de vaccination est produite depuis le t\u00e9l\u00e9service \u00ab\u00a0VaccinCovid\u00a0\u00bb lanc\u00e9 le 4\u00a0janvier 2021\u00a0par l&rsquo;Assurance Maladie, \u00e0 partir duquel le professionnel de sant\u00e9 pouvait d\u00e9j\u00e0 t\u00e9l\u00e9charger la synth\u00e8se vaccinale \u00e0 remettre au patient.\u00a0<\/li>\n<li><strong>Vaccin Pfizer pour les enfants.<\/strong>\u00a0L&rsquo;Agence europ\u00e9enne des M\u00e9dicaments annonce avoir entam\u00e9 l&rsquo;\u00e9valuation de l&rsquo;utilisation chez les 12-15\u00a0ans du vaccin Pfizer\/BioNTech contre le Covid-19, apr\u00e8s des demandes d&rsquo;autorisation d\u00e9pos\u00e9es par les deux entreprises pour cette tranche d&rsquo;\u00e2ge dans l&rsquo;UE et aux \u00c9tats-Unis<\/li>\n<\/ul>\n<div style=\"text-align:center\">\n<figure class=\"image\" style=\"display:inline-block\"><a class=\"fancy\" href=\"https:\/\/img-3.journaldesfemmes.fr\/swswUtijAS4-Zz7YHeDM2ZXDWn0=\/1080x\/smart\/8e0eefd77d79473fa4947696a92b6f09\/ccmcms-jdf\/24351800.jpg\"><img decoding=\"async\" alt=\"15 d\u00e9partements touch\u00e9s covid\" src=\"https:\/\/img-3.journaldesfemmes.fr\/6Dp9Ann69EnwZpZOxSgcsXZYSAc=\/600x\/smart\/8e0eefd77d79473fa4947696a92b6f09\/ccmcms-jdf\/24351800.jpg\"\/><\/a><figcaption data-credit=\"Minist\u00e8re de l'Education nationale\" data-legend=\" 15 d\u00e9partements les plus touch\u00e9s par la pand\u00e9mie qui font leur rentr\u00e9e en demi-jauge.\">15 d\u00e9partements les plus touch\u00e9s par la pand\u00e9mie qui font leur rentr\u00e9e en demi-jauge. <small>\u00a9\u00a0Minist\u00e8re de l&rsquo;Education nationale<\/small><\/figcaption><\/figure>\n<\/div>\n<ul>\n<li><strong>Reprise du sport :<\/strong> A partir du lundi 3 mai, pour le scolaire et le p\u00e9riscolaire, il y a la reprise des activit\u00e9s dans les \u00e9quipements sportifs en int\u00e9rieur (piscines comprises). La pratique individuelle du sport est toujours autoris\u00e9e de 19 heures \u00e0 6 heures. Elle est aussi possible dans un \u00e9quipement sportif de plein air (stade, piscine d\u00e9couverte, tennis golf&#8230;).<\/li>\n<li><strong>Vaccination des soignants en hausse.<\/strong> Invit\u00e9 sur France Info, lundi 3 mai, le directeur g\u00e9n\u00e9ral de l&rsquo;AP-HP, Martin Hirsh, a indiqu\u00e9 :<em> \u00ab\u00a0A l&rsquo;APHP, on est un peu au dessus de 60%. On voit que <strong>\u00e7a a permis de r\u00e9duire les contaminations<\/strong>. On estime qu&rsquo;on a \u00e9vit\u00e9 entre 3\u00a0000\u00a0et 3\u00a0500\u00a0contaminations \u00e0 l&rsquo;APHP (&#8230;) .<strong> La protection fonctionne\u00a0\u00bb.\u00a0<\/strong><\/em><\/li>\n<li><strong>D\u00e9confiner \u00ab\u00a0quoiqu&rsquo;il en co\u00fbte\u00a0\u00bb ?<\/strong> Sur CNews, lundi, le professeur Philippe Juvin, chef des urgences de l&rsquo;h\u00f4pital Georges-Pompidou et maire LR de La\u00a0Garenne-Colombes, a estim\u00e9 avoir<em> \u00ab\u00a0l&rsquo;impression que le gouvernement a voulu d\u00e9confiner quoiqu&rsquo;il en co\u00fbte\u00a0\u00bb<\/em>. <em>\u00ab\u00a0La d\u00e9crue de l&rsquo;\u00e9pid\u00e9mie est trop lente, a-t-il expliqu\u00e9.\u00a0Paradoxalement il y a plus de cas en r\u00e9animation actuellement que lorsque la d\u00e9cision du confinement a \u00e9t\u00e9 prise\u00a0\u00bb <\/em>et<em> \u00ab\u00a0il y a presque 2000 morts par semaine, c&rsquo;est \u00e9norme\u00a0\u00bb.<\/em><\/li>\n<li><strong>Fonds de solidarit\u00e9 pour les restaurants.<\/strong> Les restaurants, caf\u00e9s, entreprises de la culture ou de l&rsquo;\u00e9v\u00e9nementiel qui rouvriront partiellement seront \u00e9ligibles d\u00e8s juin au fonds de solidarit\u00e9, m\u00eame si leurs pertes de chiffre d&rsquo;affaires sont inf\u00e9rieures \u00e0 50%, a annonc\u00e9 le ministre de l&rsquo;\u00c9conomie Bruno Le Maire, sur RTL, lundi.<em>\u00a0<b data-original-fontsize=\"20px\" data-original-lineheight=\"30px\">\u00ab\u00a0Les aides continueront d&rsquo;\u00eatre assur\u00e9es en juin, juillet et ao\u00fbt\u00a0\u00bb<\/b>,<\/em> a-t-il rassur\u00e9.<\/li>\n<li><strong>Bilan de la vaccination. <\/strong>Au total,\u00a0<strong>15\u00a0865\u00a0844<\/strong>\u00a0<strong>personnes<\/strong> ont re\u00e7u au moins une injection de vaccin contre le Covid dimanche. Cela repr\u00e9sente 23,7\u00a0% de la population totale.\u00a0<strong>6\u00a0537\u00a0534<\/strong>\u00a0<strong>personnes<\/strong> ont re\u00e7u deux injections, soit 9,8\u00a0% de la population totale.<\/li>\n<\/ul>\n<section>\n<p><strong style=\"font-size: 1rem;\">Selon les derniers chiffres publi\u00e9s par <a href=\"https:\/\/www.gouvernement.fr\/info-coronavirus\/carte-et-donnees\" target=\"_blank\" rel=\"noopener noreferrer\">le gouvernement<\/a>,\u00a0au lundi 3\u00a0mai, en France :<\/strong><\/p>\n<p><span style=\"font-size: 1rem;\">\u2022 5 656 007\u00a0personnes ont \u00e9t\u00e9 contamin\u00e9es par le coronavirus\u00a0<\/span><strong style=\"font-size: 1rem;\">(+3 760\u00a0en 24\u00a0heures).<\/strong><\/p>\n<p>\u2022 105 130\u00a0personnes sont d\u00e9c\u00e9d\u00e9es en France\u00a0<strong>(+311\u00a0en 24\u00a0heures),<\/strong><strong>\u00a0<\/strong>dont 78 877 \u00e0 l&rsquo;h\u00f4pital.<\/p>\n<p>\u2022<strong>\u00a05 630\u00a0patients Covid-19\u00a0sont en soins critiques <\/strong>(soit en r\u00e9animation, soins intensifs et surveillance continue)\u00a0(+45 en 24\u00a0heures).\u00a0<\/p>\n<p>\u2022 28 950 patients Covid-19\u00a0\u00e9taient\u00a0hospitalis\u00e9s (+132 en 24\u00a0heures).<\/p>\n<\/section>\n<div style=\"text-align:center\">\n<figure class=\"image\" style=\"display:inline-block\"><a class=\"fancy\" href=\"https:\/\/img-3.journaldesfemmes.fr\/i4PzIhEJndO0oyyDASqJin9SNyo=\/1080x\/smart\/91698072762f4465bd3da5cd343dd4fc\/ccmcms-jdf\/24153403.png\"><img decoding=\"async\" alt=\"Courbes des r\u00e9animations en France au 14 avril 2021\" src=\"https:\/\/img-3.journaldesfemmes.fr\/cTkupLuUIObLJkML4v3yzHlxFgE=\/600x\/smart\/91698072762f4465bd3da5cd343dd4fc\/ccmcms-jdf\/24153403.png\"\/><\/a><figcaption data-credit=\"Gouvernement.fr\" data-legend=\"Courbes des r\u00e9animations en France au 25 avril 2021\">Courbes des r\u00e9animations en France au 25 avril 2021 <small>\u00a9\u00a0Gouvernement.fr<\/small><\/figcaption><\/figure>\n<\/div>\n<p>Les contraintes de d\u00e9placement en journ\u00e9e \u00e0 plus de 10\u00a0km de son domicile et l&rsquo;obligation de pr\u00e9senter une attestation de d\u00e9placement en journ\u00e9e sont lev\u00e9es\u00a0\u00e0 partir du lundi 3\u00a0mai. Le couvre-feu reste \u00e0 19 heures.<\/p>\n<div style=\"text-align:center\">\n<figure class=\"image\" style=\"display:inline-block\"><a class=\"fancy\" href=\"https:\/\/img-3.journaldesfemmes.fr\/0TqvK6UsZln3l860txvZSRjHD08=\/1080x\/smart\/a709a8a6b4d04d868d754c9935b30387\/ccmcms-jdf\/24351698.jpg\"><img decoding=\"async\" alt=\"couvre-feu france\" src=\"https:\/\/img-3.journaldesfemmes.fr\/XoO2WUbO-APe0W57_JFl-LtrKlA=\/600x\/smart\/a709a8a6b4d04d868d754c9935b30387\/ccmcms-jdf\/24351698.jpg\"\/><\/a><figcaption data-credit=\"Gouvernement.fr\" data-legend=\"Les \u00e9tapes du couvre-feu.\">Les \u00e9tapes du couvre-feu. <small>\u00a9\u00a0Gouvernement.fr<\/small><\/figcaption><\/figure>\n<\/div>\n<p>Une r\u00e9ouverture de la France en 4\u00a0\u00e9tapes\u00a0: Emmanuel Macron a d\u00e9voil\u00e9 son plan de r\u00e9ouverture de la France \u00e0 la presse quotidienne r\u00e9gionale et au Parisien\u00a0le 28 avril. Vendredi 30 avril, le porte-parole du gouvernement, Gabriel Attal a cependant indiqu\u00e9 sur BFM-TV que <strong><em>\u00ab\u00a0si dans un d\u00e9partement la situation est d\u00e9grad\u00e9e, il faut pouvoir freiner le passage d&rsquo;une \u00e9tape\u00a0\u00bb.<\/em><\/strong><\/p>\n<table border=\"1\" cellpadding=\"1\" cellspacing=\"1\" style=\"width:100%;\">\n<thead>\n<tr>\n<th scope=\"col\" style=\"width: 102px; text-align: center;\">DATES CLES<\/th>\n<th scope=\"col\" style=\"width: 892px; text-align: center;\">NOUVELLES MESURES<\/th>\n<\/tr>\n<\/thead>\n<tbody>\n<tr>\n<td style=\"width: 102px;\"><strong>3 mai<\/strong><\/td>\n<td style=\"width: 892px;\">\n<p>couvre-feu \u00e0 19\u00a0heures<\/p>\n<p>r\u00e9ouverture des coll\u00e8ges en demi-jauge pour les 4e et les 3e ainsi que des lyc\u00e9es<\/p>\n<p>lev\u00e9e des restrictions pour les d\u00e9placements entre r\u00e9gions<\/p>\n<p>fin de l&rsquo;attestation de d\u00e9placement en journ\u00e9e<\/p>\n<\/td>\n<\/tr>\n<tr>\n<td style=\"width: 102px;\"><strong>19 mai<\/strong><\/td>\n<td style=\"width: 892px;\">\n<p><strong>couvre-feu d\u00e9cal\u00e9 \u00e0 21\u00a0heures<\/strong><\/p>\n<p>r\u00e9ouverture conditionn\u00e9e \u00e0 des jauges et protocoles des commerces, mus\u00e9es, monuments, <strong>cin\u00e9mas<\/strong>, <strong>th\u00e9\u00e2tre<\/strong>, salle avec public assis (800\u00a0en int\u00e9rieur-1000\u00a0en ext\u00e9rieur)<\/p>\n<p>r\u00e9ouverture des activit\u00e9s sportives de plein air et dans les lieux couverts avec protocole<\/p>\n<p><strong>r\u00e9ouverture des terrasses <\/strong>avec 6\u00a0personnes au maximum par table<\/p>\n<p>rassemblement de plus de 10\u00a0personnes interdits<\/p>\n<p>r\u00e9ouverture avec jauge et protocole des \u00e9tablissements sportifs de plein air et couverts pour les spectateurs (800\u00a0en int\u00e9rieur-1000\u00a0en ext\u00e9rieur).<\/p>\n<\/td>\n<\/tr>\n<tr>\n<td style=\"width: 102px;\"><strong>9 juin<\/strong><\/td>\n<td style=\"width: 892px;\">\n<p><strong>couvre-feu \u00e0 23\u00a0heures <\/strong><\/p>\n<p>r\u00e9ouverture avec jauge et protocole des caf\u00e9s et restaurants (6\u00a0personnes par table)<\/p>\n<p>possibilit\u00e9 d&rsquo;accueillir jusqu&rsquo;\u00e0 5000\u00a0personnes dans les lieux de culture et les \u00e9tablissements sportifs (avec pass sanitaire)<\/p>\n<p>Assouplissement du t\u00e9l\u00e9travail<\/p>\n<p>R\u00e9ouverture des salons et foires (jusqu&rsquo;\u00e0 5000\u00a0personnes)<\/p>\n<p><strong>R\u00e9ouverture des salles de sport,<\/strong> \u00e9largissement aux sports de contact en plein air et sans contact en int\u00e9rieur.<\/p>\n<\/td>\n<\/tr>\n<tr>\n<td style=\"width: 102px;\"><strong>30 juin<\/strong><\/td>\n<td style=\"width: 892px;\">\n<p><strong>fin du couvre-feu<\/strong><\/p>\n<p>possibilit\u00e9 de participer aux \u00e9v\u00e8nements de plus de 1000\u00a0personnes en ext\u00e9rieur et en int\u00e9rieur\u00a0(avec pass sanitaire)<\/p>\n<p>fin des limites de jauge selon la situation sanitaire locale.<\/p>\n<\/td>\n<\/tr>\n<\/tbody>\n<\/table>\n<p><strong>\u00c0 partir du lundi 3\u00a0mai,<\/strong> les mesures de restriction de d\u00e9placement en journ\u00e9e sont lev\u00e9es et l&rsquo;attestation de d\u00e9placement<strong> n&rsquo;est plus n\u00e9cessaire entre 6h et 19h.\u00a0<\/strong>L&rsquo;attestation de d\u00e9placement est par contre<strong> obligatoire pour tous les d\u00e9placements entre 19h et 6h <\/strong>sur l&rsquo;ensemble du territoire m\u00e9tropolitain.<\/p>\n<p>&gt; <a href=\"https:\/\/www.interieur.gouv.fr\/Actualites\/L-actu-du-Ministere\/Attestations-de-deplacement\" target=\"_blank\" rel=\"noopener noreferrer\">T\u00e9l\u00e9charger\/Remplir l&rsquo;attestation<\/a>\u00a0<\/p>\n<p><strong>&gt;\u00a0Je peux\u00a0me d\u00e9placer entre 19h00\u00a0et 06h00\u00a0pour l&rsquo;une des raisons suivantes\u00a0:<\/strong><\/p>\n<ul>\n<li><label for=\"checkbox-curfew-travail\"><strong>Activit\u00e9 professionnelle, enseignement et <a href=\"http:\/\/www.affinite.fr\/index.php\/2022\/11\/09\/formation-de-glacier-apprenez-le-metier-de-glacier-et-changez-votre-vie\/\">formation<\/a>, mission d&rsquo;int\u00e9r\u00eat g\u00e9n\u00e9ral<\/strong><\/label><\/li>\n<\/ul>\n<p><label for=\"checkbox-curfew-travail\">&#8211; D\u00e9placements entre le domicile et le lieu de travail ou d&rsquo;enseignement ou de formation.<br \/>&#8211; D\u00e9placements professionnels ne pouvant \u00eatre diff\u00e9r\u00e9s, livraisons.<br \/>&#8211; D\u00e9placements li\u00e9s \u00e0 des missions d&rsquo;int\u00e9r\u00eat g\u00e9n\u00e9ral sur demande de l&rsquo;autorit\u00e9 administrative.<\/label><\/p>\n<ul>\n<li><label for=\"checkbox-curfew-sante\"><strong>Sant\u00e9 (consultation et soins)<\/strong><\/label><\/li>\n<\/ul>\n<p><label for=\"checkbox-curfew-sante\">&#8211; D\u00e9placements pour des consultations, examens, actes de pr\u00e9vention (dont vaccination) et soins ne pouvant \u00eatre assur\u00e9s \u00e0 distance ou pour l&rsquo;achat de produits de sant\u00e9.<\/label><\/p>\n<ul>\n<li><label for=\"checkbox-curfew-famille\"><strong>Motif familial imp\u00e9rieux, assistance aux personnes vuln\u00e9rables, garde d&rsquo;enfants, situation de handicap<\/strong><\/label><\/li>\n<\/ul>\n<p><label for=\"checkbox-curfew-famille\">&#8211; D\u00e9placements pour motif familial imp\u00e9rieux, pour l&rsquo;assistance aux personnes vuln\u00e9rables ou pr\u00e9caires ou pour la garde d&rsquo;enfants.<br \/>&#8211; D\u00e9placements des personnes en situation de handicap et de leur accompagnant.\u202f<\/label><\/p>\n<ul>\n<li><label for=\"checkbox-curfew-convocation_demarches\"><strong>Convocation judiciaire ou administrative, d\u00e9marches ne pouvant \u00eatre men\u00e9es \u00e0 distance<\/strong><\/label><\/li>\n<\/ul>\n<p><label for=\"checkbox-curfew-convocation_demarches\">&#8211; D\u00e9placements pour r\u00e9pondre \u00e0 une convocation judiciaire ou administrative ou pour se rendre chez un professionnel du droit pour un acte ou une d\u00e9marche qui ne peut \u00eatre r\u00e9alis\u00e9 \u00e0 distance.<\/label><\/p>\n<ul>\n<li><label for=\"checkbox-curfew-transit\"><strong>D\u00e9placements li\u00e9s \u00e0 des transferts ou transits depuis des gares ou a\u00e9roports dans le cadre de d\u00e9placements de longue distance<\/strong><\/label><\/li>\n<li><label for=\"checkbox-curfew-animaux\"><strong>Animaux de compagnie<\/strong><\/label><\/li>\n<\/ul>\n<p><label for=\"checkbox-curfew-animaux\">&#8211; D\u00e9placements brefs pour les besoins des animaux de compagnie (dans un rayon de 1\u00a0kilom\u00e8tre autour du domicile).<\/label><\/p>\n<div style=\"text-align:center\">\n<figure class=\"image\" style=\"display:inline-block\"><a class=\"fancy\" href=\"https:\/\/img-3.journaldesfemmes.fr\/kp9LAfSa54h_z6z9e5UcQZcNfrw=\/1080x\/smart\/e7b5a29f5bc64cf1b0c8d30a58641542\/ccmcms-jdf\/24278244.jpg\"><img decoding=\"async\" alt=\"Taux d'incidence en France semaine glissante \" src=\"https:\/\/img-3.journaldesfemmes.fr\/kp9LAfSa54h_z6z9e5UcQZcNfrw=\/1080x\/smart\/e7b5a29f5bc64cf1b0c8d30a58641542\/ccmcms-jdf\/24278244.jpg\"\/><\/a><figcaption data-credit=\"G\u00e9od\u00e8s\" data-legend=\"Taux d'incidence en France du 20 au 26 avril (semaine glissante)\">Taux d&rsquo;incidence en France du 20 au 26 avril (semaine glissante) <small>\u00a9\u00a0G\u00e9od\u00e8s<\/small><\/figcaption><\/figure>\n<\/div>\n<blockquote>\n<p><iframe loading=\"lazy\" height=\"600\" src=\"https:\/\/geodes.santepubliquefrance.fr\/?view=map2&amp;indics=sp_ti_tp_7j.tx_pe_gliss&amp;serie=2021-02-15-2021-02-21&amp;lang=fr&amp;iframe=1\" width=\"600\"><\/iframe><\/p>\n<\/blockquote>\n<p>Selon le dernier point \u00e9pid\u00e9miologique hebdomadaire\u00a0de Sant\u00e9 Publique France publi\u00e9 le 29 avril, en\u00a0semaine 16 (19-25\u00a0avril), les indicateurs \u00e9pid\u00e9miologiques en population g\u00e9n\u00e9rale \u00e9taient \u00e0 <strong>nouveau \u00e0 la baisse<\/strong> mais de mani\u00e8re plus mod\u00e9r\u00e9e que lors de la semaine pr\u00e9c\u00e9dente. :\u00a0<\/p>\n<ul>\n<li>Diminution du taux d&rsquo;incidence (-11%) et du taux de d\u00e9pistage (-12%) pour la seconde semaine cons\u00e9cutive, mais moindre qu&rsquo;en semaine 15.<\/li>\n<li>Diminution limit\u00e9e des nouvelles hospitalisations, stabilisation des admissions en soins critiques.<\/li>\n<li>Impact b\u00e9n\u00e9fique des mesures de restrictions sur l&rsquo;\u00e9volution des indicateurs de surveillance.<\/li>\n<li>Mortalit\u00e9 li\u00e9e \u00e0 la COVID-19\u00a0toujours \u00e9lev\u00e9e.<\/li>\n<li>M\u00e9tropole\u00a0: r\u00e9gions \u00cele-de-France, Provence-Alpes-C\u00f4te d&rsquo;Azur et Hauts-de-France les plus touch\u00e9es.<\/li>\n<li>Outre-mer\u00a0: augmentation des indicateurs \u00e9pid\u00e9miologiques en Guyane et \u00e0 La R\u00e9union.<\/li>\n<\/ul>\n<h3 style=\"text-align: center;\">\u00a0<\/h3>\n<div style=\"text-align:center\">\n<figure class=\"image\" style=\"display:inline-block\"><a class=\"fancy\" href=\"https:\/\/img-3.journaldesfemmes.fr\/_d1Nl1yUm5mPP30g5Bi49NQ7o6k=\/1080x\/smart\/f941dccc317542d6ace7a352915d321a\/ccmcms-jdf\/24278275.jpg\"><img decoding=\"async\" alt=\"\u00c9volution des taux d\u2019incidence et de d\u00e9pistage par semaine, avec ou sans correction, depuis la semaine 23-2020, France (donn\u00e9es au 14 avril 2021)\" src=\"https:\/\/img-3.journaldesfemmes.fr\/_d1Nl1yUm5mPP30g5Bi49NQ7o6k=\/1080x\/smart\/f941dccc317542d6ace7a352915d321a\/ccmcms-jdf\/24278275.jpg\"\/><\/a><figcaption data-credit=\"Sant\u00e9 publique France\" data-legend=\"\u00c9volution des taux d\u2019incidence et de d\u00e9pistage par semaine, avec ou sans correction, depuis la semaine 23-2020, France (donn\u00e9es au 28 avril 2021)\">\u00c9volution des taux d\u2019incidence et de d\u00e9pistage par semaine, avec ou sans correction, depuis la semaine 23-2020, France (donn\u00e9es au 28 avril 2021) <small>\u00a9\u00a0Sant\u00e9 publique France<\/small><\/figcaption><\/figure>\n<\/div>\n<p>\u2192 Le\u00a0<strong>pic \u00e9pid\u00e9mique<\/strong>\u00a0de la premi\u00e8re vague a \u00e9t\u00e9 observ\u00e9 la\u00a0<strong>semaine du 6\u00a0au 12\u00a0avril 2020<\/strong>, soit 15\u00a0jours\u00a0apr\u00e8s la mise en \u0153uvre des mesures de confinement de la population g\u00e9n\u00e9rale, le 17\u00a0mars 2020.<\/p>\n<p>\u2192 Le <strong>pic de la deuxi\u00e8me vague <\/strong>a eu lieu\u00a0du <strong>16\u00a0au 20\u00a0novembre,\u00a0<\/strong>trois semaines apr\u00e8s le deuxi\u00e8me confinement.<\/p>\n<p>\u2192 Le \u00ab\u00a0<em><strong>pic de la troisi\u00e8me vague semble derni\u00e8re nous \u00ab\u00a0<\/strong><\/em>\u00a0a indiqu\u00e9 le Premier ministre Jean Castex, le 22 avril.\u00a0<\/p>\n<p>Au 3\u00a0mai 2021,\u00a0un total de<strong>\u00a05 656 007<\/strong><strong>\u00a0cas\u00a0confirm\u00e9s\u00a0<\/strong>de coronavirus est rapport\u00e9 depuis le d\u00e9but de la pand\u00e9mie.\u00a0Au niveau national, en semaine 16 (19-25 avril)\u00a0202\u00a0396\u00a0nouveaux cas ont \u00e9t\u00e9 confirm\u00e9s, soit <strong>environ 29\u00a0000\u00a0cas en moyenne chaque jour<\/strong>.\u00a0Le taux d&rsquo;incidence a\u00a0diminu\u00e9\u00a0de\u00a0&#8211; 11%, pour la seconde semaine cons\u00e9cutive. Une diminution du recours au d\u00e9pistage \u00e9tait observ\u00e9e (-12%). Apr\u00e8s plusieurs semaines de progression, le taux de positivit\u00e9 s&rsquo;est stabilis\u00e9 \u00e0 9,9%.<\/p>\n<div style=\"text-align:center\">\n<figure class=\"image\" style=\"display:inline-block\"><a class=\"fancy\" href=\"https:\/\/img-3.journaldesfemmes.fr\/BkL3Z6QvlI2POQI5Ye1uuH7BABQ=\/1080x\/smart\/7ed4b37f414d416baa7512e3dd328e71\/ccmcms-jdf\/24278292.jpg\"><img decoding=\"async\" alt=\"Nombre incident de cas confirm\u00e9s de COVID-19 par semaine (date de pr\u00e9l\u00e8vement) rapport\u00e9s \u00e0 Sant\u00e9 publique France du 11 mai 2020 au 11 avril 2021, France (donn\u00e9es au 14 avril 2021) (donn\u00e9es non corrig\u00e9es pour S14)\" src=\"https:\/\/img-3.journaldesfemmes.fr\/BkL3Z6QvlI2POQI5Ye1uuH7BABQ=\/1080x\/smart\/7ed4b37f414d416baa7512e3dd328e71\/ccmcms-jdf\/24278292.jpg\"\/><\/a><figcaption data-credit=\"Sant\u00e9 publique France\" data-legend=\"Nombre incident de cas confirm\u00e9s de COVID-19 par semaine (date de pr\u00e9l\u00e8vement) rapport\u00e9s \u00e0 Sant\u00e9 publique France du 11 mai 2020 au 25 avril 2021, France (donn\u00e9es au 28 avril 2021)\">Nombre incident de cas confirm\u00e9s de COVID-19 par semaine (date de pr\u00e9l\u00e8vement) rapport\u00e9s \u00e0 Sant\u00e9 publique France du 11 mai 2020 au 25 avril 2021, France (donn\u00e9es au 28 avril 2021) <small>\u00a9\u00a0Sant\u00e9 publique France<\/small><\/figcaption><\/figure>\n<\/div>\n<p>Lundi 3\u00a0mai,<strong>\u00a03 760\u00a0<\/strong><strong>nouvelles personnes<\/strong>\u00a0ont re\u00e7u un test positif au Covid-19 par rapport \u00e0 la veille.\u00a0Au niveau national, en semaine 16\u00a0(19-25\u00a0avril)\u00a0202\u00a0396\u00a0nouveaux cas ont \u00e9t\u00e9 confirm\u00e9s, soit <strong>environ 29\u00a0000\u00a0cas en moyenne chaque jour<\/strong>.\u00a0<\/p>\n<div style=\"text-align:center\">\n<figure class=\"image\" style=\"display:inline-block\"><a class=\"fancy\" href=\"https:\/\/img-3.journaldesfemmes.fr\/S2BBSdBhpRzrmg0iqGvGoOHVVWU=\/1080x\/smart\/028062db0bde4ae09b323e45bba1d16c\/ccmcms-jdf\/24278364.jpg\"><img decoding=\"async\" alt=\"Taux d'incidence - quotidien - tous \u00e2ges jusqu'au 12 avril 2021\" src=\"https:\/\/img-3.journaldesfemmes.fr\/S2BBSdBhpRzrmg0iqGvGoOHVVWU=\/1080x\/smart\/028062db0bde4ae09b323e45bba1d16c\/ccmcms-jdf\/24278364.jpg\"\/><\/a><figcaption data-credit=\"G\u00e9od\u00e8s\" data-legend=\"Taux d'incidence - quotidien - tous \u00e2ges jusqu'au 26 avril 2021\">Taux d&rsquo;incidence &#8211; quotidien &#8211; tous \u00e2ges jusqu&rsquo;au 26 avril 2021 <small>\u00a9\u00a0G\u00e9od\u00e8s<\/small><\/figcaption><\/figure>\n<\/div>\n<p><strong>Lundi 3\u00a0mai,\u00a05 630 personnes sont\u00a0hospitalis\u00e9es\u00a0en\u00a0r\u00e9animation (+45 au cours des derni\u00e8res 24 heures).<\/strong>\u00a0Le taux hebdomadaire de <strong>nouvelles hospitalisations a l\u00e9g\u00e8rement diminu\u00e9 <\/strong>en semaine 16 (19-25 avril), pour la seconde semaine cons\u00e9cutive, mais le nombre de patients COVID-19\u00a0hospitalis\u00e9s s&rsquo;est maintenu \u00e0 un niveau \u00e9lev\u00e9. Le <strong>taux d&rsquo;admission en services de soins critiques<\/strong>\u00a0\u00e9tait <strong>similaire <\/strong>\u00e0 celui de la semaine pr\u00e9c\u00e9dente, traduisant une<strong> pression qui se maintient<\/strong> en soins critiques.<\/p>\n<div style=\"text-align:center\">\n<figure class=\"image\" style=\"display:inline-block\"><a class=\"fancy\" href=\"https:\/\/img-3.journaldesfemmes.fr\/qEXvssyTSFR1A5qQiaKbV4VROPo=\/1080x\/smart\/4850d5ebdd064689a76c91b0e6ef75fe\/ccmcms-jdf\/24278411.jpg\"><img decoding=\"async\" alt=\"courbe des patients covid en r\u00e9animation en france\" src=\"https:\/\/img-3.journaldesfemmes.fr\/qEXvssyTSFR1A5qQiaKbV4VROPo=\/1080x\/smart\/4850d5ebdd064689a76c91b0e6ef75fe\/ccmcms-jdf\/24278411.jpg\"\/><\/a><figcaption data-credit=\"Sant\u00e9 publique France\" data-legend=\" Nombre de patients COVID-19 en services de soins critiques, par date de d\u00e9claration, depuis le 23 mars 2020, France (donn\u00e9es au 27 avril 2021)\">Nombre de patients COVID-19 en services de soins critiques, par date de d\u00e9claration, depuis le 23 mars 2020, France (donn\u00e9es au 27 avril 2021) <small>\u00a9\u00a0Sant\u00e9 publique France<\/small><\/figcaption><\/figure>\n<\/div>\n<div style=\"text-align:center\">\n<figure class=\"image\" style=\"display:inline-block\"><a class=\"fancy\" href=\"https:\/\/img-3.journaldesfemmes.fr\/dw0H5OYygTjhaT3T-ClBWb3Sqxc=\/1080x\/smart\/d0e263c5ef11492ea82a3af8a57ffb80\/ccmcms-jdf\/24278428.jpg\"><img decoding=\"async\" alt=\"Taux hebdomadaires d\u2019admissions de patients COVID-19 en services de soins critiques par classe d\u2019\u00e2ge selon la date d\u2019admission, depuis le 02 mars 2020, France (donn\u00e9es au 20 avril 2021)\" src=\"https:\/\/img-3.journaldesfemmes.fr\/dw0H5OYygTjhaT3T-ClBWb3Sqxc=\/1080x\/smart\/d0e263c5ef11492ea82a3af8a57ffb80\/ccmcms-jdf\/24278428.jpg\"\/><\/a><figcaption data-credit=\"Sant\u00e9 Publique France\" data-legend=\"Taux hebdomadaires d\u2019admissions de patients COVID-19 en services de soins critiques par classe d\u2019\u00e2ge selon la date d\u2019admission, depuis le 02 mars 2020, France (donn\u00e9es au 27 avril 2021)\">Taux hebdomadaires d\u2019admissions de patients COVID-19 en services de soins critiques par classe d\u2019\u00e2ge selon la date d\u2019admission, depuis le 02 mars 2020, France (donn\u00e9es au 27 avril 2021) <small>\u00a9\u00a0Sant\u00e9 Publique France<\/small><\/figcaption><\/figure>\n<\/div>\n<p>Selon les <a href=\"https:\/\/www.gouvernement.fr\/info-coronavirus\/carte-et-donnees\" target=\"_blank\" rel=\"noopener noreferrer\">chiffres communiqu\u00e9s par le gouvernement<\/a>, consolid\u00e9s avec l&rsquo;Agence Sant\u00e9 Publique France et\u00a0les ARS (Agences r\u00e9gionales de Sant\u00e9), voici l&rsquo;\u00e9volution des hospitalisations (dont la r\u00e9animation) et des d\u00e9c\u00e8s\u00a0en France par r\u00e9gion.<\/p>\n<h3 style=\"text-align: center;\"><a id=\"cas-covid-19-tableau-par-region\" name=\"cas-covid-19-tableau-par-region\">Evolution des hospitalisations (dont en r\u00e9animation) et d\u00e9c\u00e8s \u00e0 l&rsquo;h\u00f4pital du Covid-19\u00a0par r\u00e9gion au 3\u00a0mai<\/a><\/h3>\n<table border=\"1\" cellpadding=\"1\" cellspacing=\"1\" style=\"width:100%;\">\n<thead>\n<tr>\n<th scope=\"col\" style=\"width: 199px;\">R\u00e9gions<\/th>\n<th scope=\"col\" style=\"width: 162px; text-align: center;\">Hospitalisations en cours<\/th>\n<th scope=\"col\" style=\"width: 143px; text-align: center;\">Evolution des nouveaux patients sur les\u00a0 derni\u00e8res 24\u00a0H<\/th>\n<th scope=\"col\" style=\"width: 149px; text-align: center;\">R\u00e9animation Soins intensif<\/th>\n<th scope=\"col\" style=\"width: 155px; text-align: center;\">Evolution des nouveaux patients sur les\u00a0 derni\u00e8res 24\u00a0H<\/th>\n<th scope=\"col\" style=\"width: 220px; text-align: center;\">D\u00e9c\u00e8s<\/th>\n<\/tr>\n<tr>\n<td style=\"width: 199px;\"><b>\u00cele-de-France<\/b><\/td>\n<td style=\"width: 162px;\">7 507<\/td>\n<td style=\"width: 143px;\">+101<\/td>\n<td style=\"width: 149px;\">1 689<\/td>\n<td style=\"width: 155px;\">+49<\/td>\n<td style=\"width: 220px;\">19 130<\/td>\n<\/tr>\n<tr>\n<td style=\"width: 199px;\"><strong>Grand Est<\/strong><\/td>\n<td style=\"width: 162px;\">2 467<\/td>\n<td style=\"width: 143px;\">+64<\/td>\n<td style=\"width: 149px;\">476<\/td>\n<td style=\"width: 155px;\">+14<\/td>\n<td style=\"width: 220px;\">9 715<\/td>\n<\/tr>\n<tr>\n<td style=\"width: 199px;\"><strong>Auvergne-Rh\u00f4ne-Alpes<\/strong><\/td>\n<td style=\"width: 162px;\">3 460<\/td>\n<td style=\"width: 143px;\">+149<\/td>\n<td style=\"width: 149px;\">654<\/td>\n<td style=\"width: 155px;\">+46<\/td>\n<td style=\"width: 220px;\">11 051<\/td>\n<\/tr>\n<tr>\n<td style=\"width: 199px;\"><strong>Hauts-de-France<\/strong><\/td>\n<td style=\"width: 162px;\">3 351<\/td>\n<td style=\"width: 143px;\">+102<\/td>\n<td style=\"width: 149px;\">661<\/td>\n<td style=\"width: 155px;\">+29<\/td>\n<td style=\"width: 220px;\">8 463<\/td>\n<\/tr>\n<tr>\n<td style=\"width: 199px;\"><strong>Bourgogne-Franche-Comt\u00e9<\/strong><\/td>\n<td style=\"width: 162px;\">1 281<\/td>\n<td style=\"width: 143px;\">+44<\/td>\n<td style=\"width: 149px;\">\n<p>188<\/p>\n<\/td>\n<td style=\"width: 155px;\">+8<\/td>\n<td style=\"width: 220px;\">4 565<\/td>\n<\/tr>\n<tr>\n<td style=\"width: 199px;\"><strong>Provence-Alpes-C\u00f4te d&rsquo;Azur<\/strong><\/td>\n<td style=\"width: 162px;\">2 888<\/td>\n<td style=\"width: 143px;\">+30<\/td>\n<td style=\"width: 149px;\">502<\/td>\n<td style=\"width: 155px;\">+7<\/td>\n<td style=\"width: 220px;\">7 577<\/td>\n<\/tr>\n<tr>\n<td style=\"width: 199px;\"><strong>Occitanie<\/strong><\/td>\n<td style=\"width: 162px;\">1 767<\/td>\n<td style=\"width: 143px;\">+36<\/td>\n<td style=\"width: 149px;\">368<\/td>\n<td style=\"width: 155px;\">+13<\/td>\n<td style=\"width: 220px;\">4 223<\/td>\n<\/tr>\n<tr>\n<td style=\"width: 199px;\"><strong>Bretagne<\/strong><\/td>\n<td style=\"width: 162px;\">835<\/td>\n<td style=\"width: 143px;\">+30<\/td>\n<td style=\"width: 149px;\">104<\/td>\n<td style=\"width: 155px;\">+10<\/td>\n<td style=\"width: 220px;\">1 521<\/td>\n<\/tr>\n<tr>\n<td style=\"width: 199px;\"><strong>Nouvelle-Aquitaine<\/strong><\/td>\n<td style=\"width: 162px;\">1 428<\/td>\n<td style=\"width: 143px;\">+43<\/td>\n<td style=\"width: 149px;\">295<\/td>\n<td style=\"width: 155px;\">+16<\/td>\n<td style=\"width: 220px;\">3 548<\/td>\n<\/tr>\n<tr>\n<td style=\"width: 199px;\"><strong><a href=\"http:\/\/www.affinite.fr\/index.php\/2024\/11\/21\/construire-votre-maison-en-normandie\/\">Normandie<\/a><\/strong><\/td>\n<td style=\"width: 162px;\">1 467<\/td>\n<td style=\"width: 143px;\">\n<p>+23<\/p>\n<\/td>\n<td style=\"width: 149px;\">221<\/td>\n<td style=\"width: 155px;\">+2<\/td>\n<td style=\"width: 220px;\">3 080<\/td>\n<\/tr>\n<tr>\n<td style=\"width: 199px;\"><strong>Centre Val-de-Loire<\/strong><\/td>\n<td style=\"width: 162px;\">1 008<\/td>\n<td style=\"width: 143px;\">+45<\/td>\n<td style=\"width: 149px;\">196<\/td>\n<td style=\"width: 155px;\">+15<\/td>\n<td style=\"width: 220px;\">2 544<\/td>\n<\/tr>\n<tr>\n<td style=\"width: 199px;\"><strong>Pays de la Loire<\/strong><\/td>\n<td style=\"width: 162px;\">915<\/td>\n<td style=\"width: 143px;\">+18<\/td>\n<td style=\"width: 149px;\">148<\/td>\n<td style=\"width: 155px;\">-2<\/td>\n<td style=\"width: 220px;\">2 549<\/td>\n<\/tr>\n<tr>\n<td style=\"width: 199px;\"><strong>Corse<\/strong><\/td>\n<td style=\"width: 162px;\">72<\/td>\n<td style=\"width: 143px;\">+2<\/td>\n<td style=\"width: 149px;\">11<\/td>\n<td style=\"width: 155px;\">NC<\/td>\n<td style=\"width: 220px;\">194<\/td>\n<\/tr>\n<tr>\n<td style=\"width: 199px;\"><strong>Martinique<\/strong><\/td>\n<td style=\"width: 162px;\">107<\/td>\n<td style=\"width: 143px;\">+10<\/td>\n<td style=\"width: 149px;\">26<\/td>\n<td style=\"width: 155px;\">NC<\/td>\n<td style=\"width: 220px;\">82<\/td>\n<\/tr>\n<tr>\n<td style=\"width: 199px;\"><strong>Guadeloupe<\/strong><\/td>\n<td style=\"width: 162px;\">158<\/td>\n<td style=\"width: 143px;\">NC<\/td>\n<td style=\"width: 149px;\">33<\/td>\n<td style=\"width: 155px;\">+2<\/td>\n<td style=\"width: 220px;\">249<\/td>\n<\/tr>\n<tr>\n<td style=\"width: 199px;\"><strong>La R\u00e9union<\/strong><\/td>\n<td style=\"width: 162px;\">156<\/td>\n<td style=\"width: 143px;\">-2<\/td>\n<td style=\"width: 149px;\">37<\/td>\n<td style=\"width: 155px;\">+2<\/td>\n<td style=\"width: 220px;\">162<\/td>\n<\/tr>\n<tr>\n<td style=\"width: 199px;\"><strong>Guyane<\/strong><\/td>\n<td style=\"width: 162px;\">70<\/td>\n<td style=\"width: 143px;\">NC<\/td>\n<td style=\"width: 149px;\">\n<p>17<\/p>\n<\/td>\n<td style=\"width: 155px;\">+2<\/td>\n<td style=\"width: 220px;\">98<\/td>\n<\/tr>\n<tr>\n<td style=\"width: 199px;\"><strong>Mayotte<\/strong><\/td>\n<td style=\"width: 162px;\">13<\/td>\n<td style=\"width: 143px;\">+2<\/td>\n<td style=\"width: 149px;\">4<\/td>\n<td style=\"width: 155px;\">\n<p>NC<\/p>\n<\/td>\n<td style=\"width: 220px;\">126<\/td>\n<\/tr>\n<tr>\n<td style=\"width: 199px;\"><strong>TOTAL<\/strong><\/td>\n<td style=\"width: 162px;\"><b>28 950<\/b><\/td>\n<td style=\"width: 143px;\">+697<\/td>\n<td style=\"width: 149px;\"><b>5 630<\/b><\/td>\n<td style=\"width: 155px;\">+213<\/td>\n<td style=\"width: 220px;\">\n<p><b>78 877<\/b><\/p>\n<\/td>\n<\/tr>\n<\/thead>\n<\/table>\n<p><strong>105 130\u00a0d\u00e9c\u00e8s sont recens\u00e9s au 3\u00a0mai\u00a0<\/strong>dont 78 877 \u00e0 l&rsquo;h\u00f4pital\u00a0(+311 au cours des 24 derni\u00e8res heures), selon les chiffres du gouvernement. Ce chiffre ne comprend pas les d\u00e9c\u00e8s \u00e0 domicile.<\/p>\n<ul>\n<li>L&rsquo;\u00e2ge m\u00e9dian au d\u00e9c\u00e8s est de 85\u00a0ans<\/li>\n<li>93% des personnes d\u00e9c\u00e9d\u00e9es du Covid \u00e0 l&rsquo;h\u00f4pital avaient 65\u00a0ans et plus.<\/li>\n<li>Les hommes repr\u00e9sentent 55% de ces d\u00e9c\u00e8s.<\/li>\n<li>En semaine 15\u00a0(12-18 avril), les plus<strong> forts taux de d\u00e9c\u00e8s<\/strong> par r\u00e9gion rapport\u00e9s \u00e0 la population \u00e9taient observ\u00e9s en<strong> \u00cele-de-France<\/strong>, Hauts-de-France, Provence-Alpes-C\u00f4te d&rsquo;Azur, Bourgogne-Franche-Comt\u00e9, Auvergne-Rh\u00f4ne-Alpes et Grand Est.<\/li>\n<\/ul>\n<div style=\"text-align:center\">\n<figure class=\"image\" style=\"display:inline-block\"><a class=\"fancy\" href=\"https:\/\/img-3.journaldesfemmes.fr\/KpFCCtv2ydLjYhTE0TNzV_v018M=\/1080x\/smart\/a8ab23e25a9c4330b2ca6a27c54c3afd\/ccmcms-jdf\/24278525.jpg\"><img decoding=\"async\" alt=\"Nombre hebdomadaire de nouveaux d\u00e9c\u00e8s de patients COVID-19 selon la date de d\u00e9claration, depuis le 23 mars 2020, France (donn\u00e9es au 18 avril 2021)\" src=\"https:\/\/img-3.journaldesfemmes.fr\/KpFCCtv2ydLjYhTE0TNzV_v018M=\/1080x\/smart\/a8ab23e25a9c4330b2ca6a27c54c3afd\/ccmcms-jdf\/24278525.jpg\"\/><\/a><figcaption data-credit=\"Sant\u00e9 publique France\" data-legend=\"Nombre hebdomadaire de nouveaux d\u00e9c\u00e8s de patients COVID-19 selon la date de d\u00e9claration, depuis le 23 mars 2020, France (donn\u00e9es au 25 avril 2021)\">Nombre hebdomadaire de nouveaux d\u00e9c\u00e8s de patients COVID-19 selon la date de d\u00e9claration, depuis le 23 mars 2020, France (donn\u00e9es au 25 avril 2021) <small>\u00a9\u00a0Sant\u00e9 publique France<\/small><\/figcaption><\/figure>\n<\/div>\n<aside id=\"NL_727139552\" class=\"newsletter_subscription jNlBlock\"><noscript><br \/>\n            <\/noscript><\/p>\n<h3 class=\"newsletter_subscription-title\">Newsletter <\/h3>\n<p><a href=\"\/\/mailing.ccmbg.com\/archive\/last-85\" target=\"_blank\" class=\"a_hover\" rel=\"noopener noreferrer\">Voir un exemple<\/a><\/p>\n<\/aside>\n<p>La France a franchi la barre des 40 000 morts samedi 7 novembre 2020,\u00a0celle des 50 000 le 24 novembre,\u00a0celle des 60 000 le 18 d\u00e9cembre, celle des 90 000 le 12 mars 2021 et celle des<strong> 100 000 le 15 avril 2021<\/strong>.\u00a0<strong>Un pic de mortalit\u00e9 a \u00e9t\u00e9 atteint\u00a0le 9\u00a0novembre 2020\u00a0<\/strong>(40 987\u00a0morts, dont 548 en 24 heures).\u00a0<\/p>\n<p><iframe loading=\"lazy\" height=\"1000\" src=\"https:\/\/mapthenews.maps.arcgis.com\/apps\/opsdashboard\/index.html#\/bae8aaa7a0b14261b4621c31db410c44\" style=\"border: 0px\" width=\"600\"><\/iframe><\/p>\n<section>\n<blockquote>\n<p style=\"text-align: right;\">\u00a0<\/p>\n<\/blockquote>\n<p>En France m\u00e9tropolitaine, les estimations du R-effectif calcul\u00e9es \u00e0 partir des trois sources de donn\u00e9es sont repass\u00e9es sous le 1 au 29 avril, preuve que l&rsquo;\u00e9pid\u00e9mie ne progresse plus. Au 2 mai, le R0 est \u00e0 <strong>0.89.<\/strong>\u00a0Les taux de reproduction du virus appel\u00e9s \u00ab\u00a0R-effectifs\u00a0\u00bb ou \u00ab\u00a0Reff\u00a0\u00bb\u00a0permettent de d\u00e9crire la dynamique de l&rsquo;\u00e9pid\u00e9mie\u00a0: lorsque le Reff est significativement sup\u00e9rieur \u00e0 1, ceci signifie que l&rsquo;\u00e9pid\u00e9mie est en progression car un malade contamine plus d&rsquo;une autre personne, lorsqu&rsquo;il est \u00e9gal \u00e0 1,<strong> l&rsquo;\u00e9pid\u00e9mie se stabilise<\/strong>, lorsqu&rsquo;il est significativement inf\u00e9rieur \u00e0 1, l&rsquo;\u00e9pid\u00e9mie r\u00e9gresse.\u00a0<\/p>\n<p>Le d\u00e9pistage du Covid-19 est r\u00e9alis\u00e9 en France par RT-PCT et par tests antig\u00e9niques. Depuis le 11 f\u00e9vrier, les tests salivaires sont d\u00e9ploy\u00e9s dans les\u00a0\u00e9tablissements scolaires et peuvent \u00eatre utilis\u00e9s en premi\u00e8re intention pour d\u00e9pister la Covid-19, conform\u00e9ment aux recommandations de la <a href=\"https:\/\/www.has-sante.fr\/jcms\/p_3237053\/fr\/tests-rt-pcr-salivaires-la-has-etend-leur-utilisation-et-definit-les-modalites-pratiques-de-realisation\" target=\"_blank\" rel=\"noopener noreferrer\">HAS<\/a>. Depuis le 12 avril, des autotests Covid sont aussi disponibles en vente libre dans les pharmacies fran\u00e7aises (non rembours\u00e9) et peuvent \u00eatre utilis\u00e9s dans les \u00e9coles. Apr\u00e8s plusieurs semaines de progression, <strong>le taux de positivit\u00e9 s&rsquo;est stabilis\u00e9 \u00e0 9,9%<\/strong> en semaine 16 (19-25 avril).\u00a0<em>\u00ab\u00a0Il reste d\u00e9terminant que chaque personne pr\u00e9sentant des sympt\u00f4mes \u00e9vocateurs de COVID-19\u00a0s&rsquo;isole imm\u00e9diatement et r\u00e9alise un test diagnostique dans les plus brefs d\u00e9lais\u00a0\u00bb<\/em> rappelle Sant\u00e9 Publique France dans ses bulletins hebdomadaires.<\/p>\n<div class=\"ccminsert\">\n<aside class=\"app_widget_fo app_widget_fo--gallery\">\n<ul>\n<li>\n                    <a href=\"https:\/\/sante.journaldesfemmes.fr\/fiches-maladies\/2668959-test-antigenique-covid-19-definition-fiabilite-c-est-quoi-ou-le-faire-pharmacie-prix-difference-pcr-positif\/\" class=\"jGTMWidgetGAEventClick\" data-gtmwidgetgaeventaction=\"clickWidgetGalleryList\" data-gtmwidgetgaeventlabel=\"Test antig\u00e9nique Covid\u00a0: fiabilit\u00e9, en pharmacie, ou PCR\u00a0?\"><\/p>\n<figure><picture><source media=\"(max-width: 480px)\" srcset=\"https:\/\/img-3.journaldesfemmes.fr\/ra_lhhsFCEXPL8y-K9ohmtwJKXg=\/210x140\/smart\/9a0dd689e32a41b59ef9ecc602480a2a\/ccmcms-jdf\/24192591.jpg\"><img decoding=\"async\" src=\"https:\/\/img-3.journaldesfemmes.fr\/MqQOd0J8z9vfpceyQEnonKq1XnE=\/225x150\/smart\/9a0dd689e32a41b59ef9ecc602480a2a\/ccmcms-jdf\/24192591.jpg\" alt=\"\"\/><\/source><\/picture><figcaption>\n<h3>Test antig\u00e9nique Covid\u00a0: fiabilit\u00e9, en pharmacie, ou PCR\u00a0?<\/h3>\n<\/figcaption><\/figure>\n<p><\/a>\n                <\/li>\n<li>\n                    <a href=\"https:\/\/sante.journaldesfemmes.fr\/fiches-maladies\/2691901-test-covid-enfant-symptomes-pcr-antigenique-salivaire-age-ecole-positif-negatif-isolement-autotest\/\" class=\"jGTMWidgetGAEventClick\" data-gtmwidgetgaeventaction=\"clickWidgetGalleryList\" data-gtmwidgetgaeventlabel=\"Test Covid enfant\u00a0: d\u00e9roul\u00e9 par PCR, antig\u00e9nique, salivaire, autotest, \u00e0 l'\u00e9cole, r\u00e9sultats...\"><\/p>\n<figure><picture><source media=\"(max-width: 480px)\" srcset=\"https:\/\/img-3.journaldesfemmes.fr\/v_vXfTJnErOegV3jRns0fzIWess=\/210x140\/smart\/8aedd738357e42628fa4c2638fc6f3d4\/ccmcms-jdf\/24189528.jpg\"><img decoding=\"async\" src=\"https:\/\/img-3.journaldesfemmes.fr\/4ohN6czKDBAvJcg4CGX5mOFHick=\/225x150\/smart\/8aedd738357e42628fa4c2638fc6f3d4\/ccmcms-jdf\/24189528.jpg\" alt=\"\"\/><\/source><\/picture><figcaption>\n<h3>Test Covid enfant\u00a0: d\u00e9roul\u00e9 par PCR, antig\u00e9nique, salivaire, autotest, \u00e0 l&rsquo;\u00e9cole, r\u00e9sultats&#8230;<\/h3>\n<\/figcaption><\/figure>\n<p><\/a>\n                <\/li>\n<li>\n                    <a href=\"https:\/\/sante.journaldesfemmes.fr\/fiches-maladies\/2703769-autotest-covid-france-nasal-principe-resultat-pharmacie-prix-fiabilite-achat-ecole-mode-emploi-age\/\" class=\"jGTMWidgetGAEventClick\" data-gtmwidgetgaeventaction=\"clickWidgetGalleryList\" data-gtmwidgetgaeventlabel=\"Autotest Covid\u00a0: pharmacie, prix, fiabilit\u00e9, mode d'emploi\"><\/p>\n<figure><picture><source media=\"(max-width: 480px)\" srcset=\"https:\/\/img-3.journaldesfemmes.fr\/yXwFCHX73C7E0PptnVW36lMR-bw=\/210x140\/smart\/530959f8e64e4b6a814954927ec1c015\/ccmcms-jdf\/24080206.jpg\"><img decoding=\"async\" src=\"https:\/\/img-3.journaldesfemmes.fr\/_wuP69sRRJG637fwOWiIyDtcNGM=\/225x150\/smart\/530959f8e64e4b6a814954927ec1c015\/ccmcms-jdf\/24080206.jpg\" alt=\"\"\/><\/source><\/picture><figcaption>\n<h3>Autotest Covid\u00a0: pharmacie, prix, fiabilit\u00e9, mode d&#8217;emploi<\/h3>\n<\/figcaption><\/figure>\n<p><\/a>\n                <\/li>\n<\/ul>\n<\/aside>\n<\/div>\n<p>Si au d\u00e9but, on ne parlait que de <strong>fi\u00e8vre<\/strong>, toux s\u00e8che, rhume, \u00e9tat grippal et de fatigue, les sympt\u00f4mes de l&rsquo;infection par le coronavirus ont \u00e9volu\u00e9. On sait d\u00e9sormais que le virus peut avoir des <strong>effets sur la peau<\/strong> (urticaire, l\u00e9sions inflammatoires sur les orteils), la sph\u00e8re digestive (vomissements, diarrh\u00e9es&#8230;), <strong>l&rsquo;odorat<\/strong>, le <strong>go\u00fbt <\/strong>et m\u00eame le cerveau.<em> <\/em><\/p>\n<p>\u2192<strong> Chaque personne pr\u00e9sentant des sympt\u00f4mes \u00e9vocateurs de COVID-19 doit s&rsquo;isoler imm\u00e9diatement et r\u00e9aliser un test diagnostique<\/strong> dans les plus brefs d\u00e9lais (sans avoir d&rsquo;ordonnance).<\/p>\n<p>\u2192<strong> <\/strong><strong>Appeler le\u00a015\u00a0en cas de\u00a0difficult\u00e9s respiratoires\u00a0: \u00ab\u00a0<\/strong><em>Si la toux et la\u00a0fi\u00e8vre s&rsquo;accompagnent d&rsquo;une g\u00eane respiratoire qui devient permanente avec souffle court, difficult\u00e9 \u00e0 inspirer et \u00e0 expirer, d&rsquo;une aggravation importante de la toux, cela peut signifier une \u00e9volution de la maladie sous la forme d&rsquo;une pneumopathie. Il s&rsquo;agit alors d&rsquo;une urgence respiratoire potentielle et comme dans tous les cas d&rsquo;urgence, il faut alors appeler le 15\u00a0qui prendra les meilleures dispositions pour r\u00e9pondre \u00e0 la situation\u00a0\u00bb, <\/em>pr\u00e9vient le Dr\u00a0Patrick Aub\u00e9, m\u00e9decin g\u00e9n\u00e9raliste. \u00a0<\/p>\n<div class=\"ccminsert\">\n<aside class=\"app_widget_fo app_widget_fo--list app_widget_fo--list-2-col\">\n<ul>\n<li>\n<h3>\n                    <a href=\"https:\/\/sante.journaldesfemmes.fr\/fiches-maladies\/2696267-covid-long-c-est-quoi-symptomes-contagieux-fatigue-prise-en-charge-france-traitement-pourcentage\/\" class=\"jGTMWidgetGAEventClick\" data-gtmwidgetgaeventaction=\"clickWidgetListOnTwoColumns\" data-gtmwidgetgaeventlabel=\"Covid long\u00a0: sympt\u00f4mes, traitement, c'est quoi\u00a0?\"><br \/>\n                        Covid long\u00a0: sympt\u00f4mes, traitement, c&rsquo;est quoi\u00a0?<br \/>\n                    <\/a><br \/>\n                <\/h3>\n<\/li>\n<li>\n<h3>\n                    <a href=\"https:\/\/sante.journaldesfemmes.fr\/fiches-maladies\/2665621-angine-ou-covid-19-symptomes-signes-fievre-mal-gorge-test-difference-contagion\/\" class=\"jGTMWidgetGAEventClick\" data-gtmwidgetgaeventaction=\"clickWidgetListOnTwoColumns\" data-gtmwidgetgaeventlabel=\"Angine ou Covid-19\u00a0: sympt\u00f4mes, diff\u00e9rences, test, contagion\"><br \/>\n                        Angine ou Covid-19\u00a0: sympt\u00f4mes, diff\u00e9rences, test, contagion<br \/>\n                    <\/a><br \/>\n                <\/h3>\n<\/li>\n<li>\n<h3>\n                    <a href=\"https:\/\/sante.journaldesfemmes.fr\/fiches-maladies\/2701631-probleme-maladie-foie-covid-atteinte-cancer-complication-sequelles-symptomes-risque-vaccination\/\" class=\"jGTMWidgetGAEventClick\" data-gtmwidgetgaeventaction=\"clickWidgetListOnTwoColumns\" data-gtmwidgetgaeventlabel=\"Probl\u00e8me au foie et Covid\u00a0: risques, s\u00e9quelles, vaccination\"><br \/>\n                        Probl\u00e8me au foie et Covid\u00a0: risques, s\u00e9quelles, vaccination<br \/>\n                    <\/a><br \/>\n                <\/h3>\n<\/li>\n<li>\n<h3>\n                    <a href=\"https:\/\/sante.journaldesfemmes.fr\/fiches-maladies\/2701633-fievre-covid-duree-obligatoire-que-faire-que-prendre-combien-temperature\/\" class=\"jGTMWidgetGAEventClick\" data-gtmwidgetgaeventaction=\"clickWidgetListOnTwoColumns\" data-gtmwidgetgaeventlabel=\"Fi\u00e8vre et Covid\u00a0: dur\u00e9e, temp\u00e9rature, est-ce obligatoire\u00a0?\"><br \/>\n                        Fi\u00e8vre et Covid\u00a0: dur\u00e9e, temp\u00e9rature, est-ce obligatoire\u00a0?<br \/>\n                    <\/a><br \/>\n                <\/h3>\n<\/li>\n<li>\n<h3>\n                    <a href=\"https:\/\/sante.journaldesfemmes.fr\/fiches-maladies\/2661241-rhume-ou-covid-19-symptomes-tableau-differences-ecole-que-faire-comment-savoir-travail\/\" class=\"jGTMWidgetGAEventClick\" data-gtmwidgetgaeventaction=\"clickWidgetListOnTwoColumns\" data-gtmwidgetgaeventlabel=\"Rhume ou Covid-19\u00a0: sympt\u00f4mes, tableau, \u00e9cole, que faire\u00a0?\"><br \/>\n                        Rhume ou Covid-19\u00a0: sympt\u00f4mes, tableau, \u00e9cole, que faire\u00a0?<br \/>\n                    <\/a><br \/>\n                <\/h3>\n<\/li>\n<li>\n<h3>\n                    <a href=\"https:\/\/sante.journaldesfemmes.fr\/fiches-maladies\/2626825-covid-ou-allergie-pollen-coronavirus-asthme-symptomes-toux-yeux-traitement\/\" class=\"jGTMWidgetGAEventClick\" data-gtmwidgetgaeventaction=\"clickWidgetListOnTwoColumns\" data-gtmwidgetgaeventlabel=\"Covid ou allergie au pollen\u00a0: sympt\u00f4mes, diff\u00e9rences, traitements\"><br \/>\n                        Covid ou allergie au pollen\u00a0: sympt\u00f4mes, diff\u00e9rences, traitements<br \/>\n                    <\/a><br \/>\n                <\/h3>\n<\/li>\n<li>\n<h3>\n                    <a href=\"https:\/\/sante.journaldesfemmes.fr\/fiches-maladies\/2676955-covid-19-ou-gastro-enterite-difference-symptomes-fievre-diarrhee-que-faire-complications\/\" class=\"jGTMWidgetGAEventClick\" data-gtmwidgetgaeventaction=\"clickWidgetListOnTwoColumns\" data-gtmwidgetgaeventlabel=\"Covid\u00a0ou gastro-ent\u00e9rite\u00a0: sympt\u00f4mes, quelles diff\u00e9rences\u00a0?\"><br \/>\n                        Covid\u00a0ou gastro-ent\u00e9rite\u00a0: sympt\u00f4mes, quelles diff\u00e9rences\u00a0?<br \/>\n                    <\/a><br \/>\n                <\/h3>\n<\/li>\n<li>\n<h3>\n                    <a href=\"https:\/\/sante.journaldesfemmes.fr\/fiches-sante-du-quotidien\/2627543-perte-gout-agueusie-covid-19-def-duree-cause-partielle-traitement-soigner\/\" class=\"jGTMWidgetGAEventClick\" data-gtmwidgetgaeventaction=\"clickWidgetListOnTwoColumns\" data-gtmwidgetgaeventlabel=\"Perte du go\u00fbt (agueusie)\u00a0: dur\u00e9e, Covid, comment soigner\u00a0?\"><br \/>\n                        Perte du go\u00fbt (agueusie)\u00a0: dur\u00e9e, Covid, comment soigner\u00a0?<br \/>\n                    <\/a><br \/>\n                <\/h3>\n<\/li>\n<li>\n<h3>\n                    <a href=\"https:\/\/sante.journaldesfemmes.fr\/fiches-maladies\/2683439-symptomes-covid-19-coronavirus-boutons-visage-corps-dermatologiques-peau-bras-pieds-engelure\/\" class=\"jGTMWidgetGAEventClick\" data-gtmwidgetgaeventaction=\"clickWidgetListOnTwoColumns\" data-gtmwidgetgaeventlabel=\"Sympt\u00f4mes Covid sur la peau\u00a0: engelures, boutons, quand consulter\u00a0?\"><br \/>\n                        Sympt\u00f4mes Covid sur la peau\u00a0: engelures, boutons, quand consulter\u00a0?<br \/>\n                    <\/a><br \/>\n                <\/h3>\n<\/li>\n<li>\n<h3>\n                    <a href=\"https:\/\/sante.journaldesfemmes.fr\/fiches-maladies\/2630069-coronavirus-covid-19-cerveau-symptomes-sequelles-odorat-effet-lesion-attaque\/\" class=\"jGTMWidgetGAEventClick\" data-gtmwidgetgaeventaction=\"clickWidgetListOnTwoColumns\" data-gtmwidgetgaeventlabel=\"Coronavirus\u00a0et cerveau\u00a0: effets, quels sympt\u00f4mes\u00a0?\"><br \/>\n                        Coronavirus\u00a0et cerveau\u00a0: effets, quels sympt\u00f4mes\u00a0?<br \/>\n                    <\/a><br \/>\n                <\/h3>\n<\/li>\n<\/ul>\n<\/aside>\n<\/div>\n<p>La vaccination contre la Covid-19 se poursuit en France avec les vaccins Pfizer-BioNTech,\u00a0Moderna,\u00a0AstraZeneca et Janssen (chez les m\u00e9decins g\u00e9n\u00e9ralistes,\u00a0au travail et en pharmacie). La prise de<strong> rendez-vous<\/strong> est ouverte<b> <\/b>sur les sites Internet <strong>Doctolib, Maiia et KelDoc<\/strong> et peut aussi se faire en contactant par t\u00e9l\u00e9phone le <strong>centre de vaccination<\/strong> le plus proche de chez soi (liste disponible sur\u00a0<a href=\"https:\/\/www.sante.fr\/centres-vaccination-covid.html\" target=\"_blank\" rel=\"noopener noreferrer\">Sante.fr<\/a>).\u00a0En cas de difficult\u00e9, le num\u00e9ro vert national :<strong> 0\u00a0800\u00a0009\u00a0110<\/strong>,\u00a0permet d&rsquo;\u00eatre redirig\u00e9 vers le standard t\u00e9l\u00e9phonique d&rsquo;un centre ou d&rsquo;obtenir un accompagnement \u00e0 la prise de rendez-vous.<\/p>\n<p>Tous les d\u00e9placements depuis l&rsquo;\u00e9tranger vers la France et de France vers l&rsquo;\u00e9tranger, m\u00eame lorsqu&rsquo;ils sont autoris\u00e9s, restent totalement et strictement d\u00e9conseill\u00e9s jusqu&rsquo;\u00e0 nouvel ordre. A <strong>l&rsquo;int\u00e9rieur de l&rsquo;espace europ\u00e9en, les fronti\u00e8res ne sont pas ferm\u00e9es <\/strong>mais chaque pays a mis en place ses restrictions (test obligatoire, quarantaine \u00e0 l&rsquo;arriv\u00e9e&#8230;). Les<strong> fronti\u00e8res ext\u00e9rieures \u00e0 l&rsquo;espace europ\u00e9en restent ferm\u00e9es<\/strong> et tout d\u00e9placement international est totalement et strictement d\u00e9conseill\u00e9 jusqu&rsquo;\u00e0 nouvel ordre. La sortie du territoire fran\u00e7ais est soumise au r\u00e9gime des motifs imp\u00e9rieux, \u00e0 l&rsquo;exception des voyages \u00e0 destination de l&rsquo;Australie, la Cor\u00e9e du Sud, Isra\u00ebl, le Japon, la Nouvelle-Z\u00e9lande, le Royaume-Uni et Singapour.<\/p>\n<p>\u2192<strong> Tout voyageur de 11 ans ou plus souhaitant venir en France\u00a0en provenance d&rsquo;un pays de l&rsquo;espace europ\u00e9en<\/strong>\u00a0(Union europ\u00e9enne, Andorre, Islande, Liechtenstein, Monaco, Norv\u00e8ge, Saint-Marin, Saint-Si\u00e8ge et Suisse) a l&rsquo;obligation de pr\u00e9senter le r\u00e9sultat d&rsquo;un examen biologique de d\u00e9pistage virologique (RT-PCR) ne concluant pas \u00e0 une contamination par le Covid-19\u00a0r\u00e9alis\u00e9 72\u00a0heures avant le d\u00e9part.\u00a0<\/p>\n<table border=\"1\" cellpadding=\"1\" cellspacing=\"1\" style=\"width:100%;\">\n<thead>\n<tr>\n<th scope=\"col\" style=\"text-align: center;\"><strong>DATES CL\u00c9S DE L&rsquo;\u00c9PID\u00c9MIE EN FRANCE<\/strong><\/th>\n<\/tr>\n<\/thead>\n<tbody>\n<tr>\n<td>\n<ul>\n<li><strong>31\u00a0d\u00e9cembre 2019,<\/strong> l&rsquo;Organisation mondiale de la Sant\u00e9 en Chine est inform\u00e9e de plusieurs cas de pneumonies dans la ville de Wuhan. 44\u00a0personnes sont infect\u00e9es entre cette date et le 3\u00a0janvier 2020.<\/li>\n<li><strong>7\u00a0janvier 2020, <\/strong>les autorit\u00e9s chinoises identifient un \u00ab\u00a0nouveau type de coronavirus\u00a0\u00bb.<\/li>\n<li><strong>13\u00a0janvier, <\/strong>un cas import\u00e9 est recens\u00e9 en Tha\u00eflande.<\/li>\n<li><strong>15\u00a0janvier<\/strong>, le virus cause\u00a0la mort d&rsquo;<strong>une premi\u00e8re\u00a0personne \u00e0 Wuhan<\/strong>, un homme de 69\u00a0ans.\u00a0<\/li>\n<li><strong>23\u00a0janvier,<\/strong> trois villes chinoises dont Wuhan sont plac\u00e9es en quarantaine.<\/li>\n<li><strong>25\u00a0janvier, trois personnes\u00a0contamin\u00e9es sont recens\u00e9es en France<\/strong>, deux \u00e0 Paris et une Bordeaux. Ce sont les premiers cas enregistr\u00e9s sur le continent europ\u00e9en.<\/li>\n<li><strong>30\u00a0janvier, <\/strong>l&rsquo;Organisation mondiale de la Sant\u00e9 <strong>d\u00e9cr\u00e8te\u00a0l&rsquo;<a href=\"https:\/\/sante.journaldesfemmes.fr\/fiches-maladies\/2608035-urgence-de-sante-publique-de-portee-internationale-definition-oms-coronavirus\/\" target=\"_blank\" rel=\"noopener noreferrer\">urgence de sant\u00e9 mondiale<\/a><\/strong>.\u00a0Cette mesure n&rsquo;avait \u00e9t\u00e9 d\u00e9cr\u00e9t\u00e9e que 5\u00a0fois depuis sa cr\u00e9ation (pour Ebola (deux fois), la grippe H1N1, Zika et la poliomy\u00e9lite).\u00a0<\/li>\n<li><strong>23\u00a0f\u00e9vrier, <\/strong>la France d\u00e9clenche le <a href=\"https:\/\/sante.journaldesfemmes.fr\/fiches-maladies\/2622449-plan-orsan-reb-definition-signification-qui-declenche-coronavirus-definition-duree\/\" target=\"_blank\" rel=\"noopener noreferrer\">plan ORSAN<\/a>, un dispositif exceptionnel d&rsquo;organisation des soins.<\/li>\n<li><strong>28\u00a0f\u00e9vrier,<\/strong> la France passe en stade 2\u00a0de l&rsquo;\u00e9pid\u00e9mie.<\/li>\n<li><strong>11\u00a0mars, <\/strong>l&rsquo;OMS classifie de <strong>pand\u00e9mie <\/strong>la diffusion de la maladie \u00e0 coronavirus Covid-19\u00a0dans le monde.<\/li>\n<li><strong>12\u00a0mars<\/strong>, le pr\u00e9sident de la R\u00e9publique Emmanuel Macron annonce la fermeture nationale des cr\u00e8ches et \u00e9tablissements scolaires de France \u00e0 compter du 16\u00a0mars et \u00ab\u00a0jusqu&rsquo;\u00e0 nouvel ordre\u00a0\u00bb.<\/li>\n<li><strong>14\u00a0mars<\/strong>, la France passe au <a href=\"https:\/\/sante.journaldesfemmes.fr\/fiches-maladies\/2625289-coronavirus-covid-19-stade-1-2-3-4-duree-mesure-france-signification-quand\/\" target=\"_blank\" rel=\"noopener noreferrer\"><strong>stade 3 <\/strong><\/a>de l&rsquo;\u00e9pid\u00e9mie.<\/li>\n<li><strong>16\u00a0mars\u00a0:<\/strong>\u00a0la France met en place un dispositif de confinement interdisant les d\u00e9placements.<\/li>\n<li><strong>18\u00a0mars<\/strong> le premier transfert de patients Covid-19\u00a0en France est r\u00e9alis\u00e9\u00a0gr\u00e2ce \u00e0 l&rsquo;Arm\u00e9e, par voie terrestre et a\u00e9rienne.\u00a0<\/li>\n<li><strong>26\u00a0mars<\/strong>, un premier cas jeune meurt en France, une adolescente de 16\u00a0ans, en Ile-de-France originaire de Morsang-sur-Orge.<\/li>\n<li><strong>27\u00a0mars,<\/strong> le confinement de la population fran\u00e7aise est renouvel\u00e9 jusqu&rsquo;au 15\u00a0avril.<\/li>\n<li><strong>13\u00a0avril,<\/strong> Emmanuel Macron annonce le prolongement du confinement jusqu&rsquo;au 11\u00a0mai.<\/li>\n<li><strong>11\u00a0mai, <\/strong>la France commence son d\u00e9confinement.<\/li>\n<li><strong>15\u00a0juin<\/strong>, toute la France passe en zone verte, sauf Mayotte et la Guyane. \u00c0\u00a0Paris, les restaurants et bars peuvent rouvrir compl\u00e8tement.<\/li>\n<li><strong>22\u00a0juin, <\/strong>les \u00e9coles sont de nouveaux obligatoires en France pour tous les \u00e9l\u00e8ves. Les cin\u00e9mas, salles de jeux, casinos rouvrent. Les sports collectifs peuvent \u00eatre autoris\u00e9s tout en respectant certaines conditions sanitaires.<\/li>\n<li><strong>10\u00a0juillet<\/strong>, la <strong>France <\/strong>a franchi la barre des 30\u00a0000\u00a0morts. Dans la nuit du 10\u00a0au 11\u00a0juillet \u00e0 minuit, l&rsquo;\u00e9tat d&rsquo;urgence sanitaire prend fin en France.<\/li>\n<li><strong>\u00a020\u00a0juillet,<\/strong>\u00a0le <strong>port du masque est obligatoire <\/strong>dans les lieux publics clos en France.<\/li>\n<li><strong>8 octobre, <\/strong>le<strong> plan blanc est r\u00e9activ\u00e9 <\/strong>dans les h\u00f4pitaux d&rsquo;Ile-de-France.<\/li>\n<li><strong>17 octobre \u00e0 0h01<\/strong>, la France repasse en \u00e9tat d&rsquo;urgence sanitaire et un <strong>couvre-feu <\/strong>est instaur\u00e9 dans 9 territoires\u00a0(Paris-Ile-de-France, Rouen, Grenoble, Lille, Lyon, Aix-Marseille, Montpellier, Saint-Etienne, Toulouse).<\/li>\n<li><strong>24 octobre \u00e0 0h01 :<\/strong> extension des mesures de couvre-feu \u00e0 38 nouveaux d\u00e9partements fran\u00e7ais.<\/li>\n<li><strong>29 octobre \u00e0 0h01<\/strong> : reconfinement national pour 4 semaines, jusqu&rsquo;au 1er d\u00e9cembre au minimum.<\/li>\n<li><strong>28 novembre : <\/strong>premi\u00e8re \u00e9tape d&rsquo;all\u00e8gement du confinement avec la r\u00e9ouverture des commerces non essentiels.<\/li>\n<li><strong>15 d\u00e9cembre : <\/strong>seconde \u00e9tape\u00a0d&rsquo;all\u00e8gement du confinement avec le passage \u00e0 un couvre-feu de 20 heures \u00e0 6 heures du matin.<\/li>\n<li><strong>31 d\u00e9cembre<\/strong> : couvre-feu impos\u00e9 le soir du 31 d\u00e9cembre, de 20 heures \u00e0 6 heures du matin.<\/li>\n<li><strong>21 d\u00e9cembre<\/strong> : autorisation du vaccin Pfizer en Europe.<\/li>\n<li><strong>24 d\u00e9cembre<\/strong> : autorisation du vaccin Pfizer BioNTech en France.<\/li>\n<li><strong>27 d\u00e9cembre :<\/strong> d\u00e9but de la vaccination en France et dans l&rsquo;Union europ\u00e9enne avec le vaccin Pfizer BioNTech.<\/li>\n<li><strong>8 janvier 2021<\/strong> :\u00a0autorisation du vaccin Moderna en France.<\/li>\n<li><strong>24 janvier 2021<\/strong> : un test PCR n\u00e9gatif est obligatoire pour rentrer en France par avion pour les voyageurs venant d&rsquo;un pays europ\u00e9en (sauf pour les travailleurs transfrontaliers et le transport terrestre).<\/li>\n<li><strong>31 janvier 2021<\/strong> : fermeture des fronti\u00e8res en France aux pays ext\u00e9rieurs \u00e0 l&rsquo;Union europ\u00e9enne<\/li>\n<li><strong>2 f\u00e9vrier 2021<\/strong> :\u00a0autorisation du vaccin de l&rsquo;Universit\u00e9 d&rsquo;Oxford et AstraZeneca en France, uniquement pour les personnes \u00e2g\u00e9es de moins de 65\u00a0ans.<\/li>\n<li><strong>11 f\u00e9vrier : <\/strong>d\u00e9ploiement des tests salivaires dans les \u00e9tablissements scolaires.<\/li>\n<li><strong>12 mars :\u00a0<\/strong>autorisation du\u00a0vaccin\u00a0Johnson&amp;Johnson,\u00a0\u00e0 injection unique, le 4e vaccin \u00e0 \u00eatre autoris\u00e9 en France.<\/li>\n<li><strong>16 mars <\/strong>: autorisation des autotests en France.<\/li>\n<li><strong>19 mars :<\/strong> confinement de 16 d\u00e9partements pour une dur\u00e9e de 4 semaines. Le couvre-feu repasse \u00e0 19 heures dans toute la France au lieu de 18 heures.<\/li>\n<li><strong>25 mars<\/strong> :\u00a0confinement de 3 nouveaux d\u00e9partements pour une dur\u00e9e de 4\u00a0semaines.<\/li>\n<li><strong>3 avril\u00a0 : <\/strong>la France m\u00e9tropolitaine est reconfin\u00e9e 7 jours\/7, les \u00e9coles ferment pour trois semaines, et les vacances scolaires sont uniformis\u00e9es\u00a0pour toutes les zones.<\/li>\n<li><strong>8 avril :<\/strong> 10 millions de Fran\u00e7ais ont re\u00e7u une dose de vaccin Covid.<\/li>\n<li><strong>12 avril<\/strong> : vente des autotests en pharmacie.<\/li>\n<li><strong>12 avril :<\/strong> ouverture de la vaccination\u00a0\u00e0 tous les Fran\u00e7ais \u00e2g\u00e9s de\u00a0<strong>55\u00a0ans ou plus<\/strong>,<\/li>\n<li><strong>15\u00a0avril\u00a0:<\/strong>\u00a0la France<strong> <\/strong>a franchi la barre des <strong>100\u00a0000\u00a0morts.<\/strong><\/li>\n<li><strong>3 mai : fin de l&rsquo;attestation de d\u00e9placement et de la limitation des d\u00e9placements \u00e0 10 km.<\/strong><\/li>\n<\/ul>\n<\/td>\n<\/tr>\n<\/tbody>\n<\/table>\n<p><em>Cet article est mis \u00e0 jour quotidiennement par <a href=\"https:\/\/www.journaldesfemmes.fr\/account\/ablaize-11409696\" target=\"_blank\" rel=\"noopener noreferrer\">Aur\u00e9lie Blaize<\/a>, <a href=\"https:\/\/www.journaldesfemmes.fr\/account\/anaisthiebaux-10573564\" target=\"_blank\" rel=\"noopener noreferrer\">Ana\u00efs Thi\u00e9baux<\/a> et <a href=\"https:\/\/www.journaldesfemmes.fr\/account\/samanthapages-11598093\" target=\"_blank\" rel=\"noopener noreferrer\">Samantha Pag\u00e8s<\/a>.\u00a0<\/em><\/p>\n<\/section>\n<\/div>\n<p>[ad_2]<br \/>\n<br \/><a href=\"https:\/\/sante.journaldesfemmes.fr\/fiches-maladies\/2605417-covid-19-france-chiffres-nombre-cas-mort-deces-bilan-du-jour-attestation-vaccin\/\">Source link <\/a><\/p>\n","protected":false},"excerpt":{"rendered":"<p>[ad_1] CORONAVIRUS DIRECT &#8211; Le nombre de personnes hospitalis\u00e9es augmente l\u00e9g\u00e8rement ce lundi, y compris en r\u00e9animation, dont le nombre &hellip; <a href=\"http:\/\/www.affinite.fr\/index.php\/2021\/05\/03\/remontee-des-hospitalisations-dernier-bilan\/\" class=\"more-link\">Plus <span class=\"screen-reader-text\">remont\u00e9e des hospitalisations, dernier bilan<\/span> <span class=\"meta-nav\">&rarr;<\/span><\/a><\/p>\n","protected":false},"author":1,"featured_media":6333,"comment_status":"open","ping_status":"open","sticky":false,"template":"","format":"standard","meta":{"_sitemap_exclude":false,"_sitemap_priority":"","_sitemap_frequency":"","footnotes":""},"categories":[1],"tags":[],"class_list":["post-6332","post","type-post","status-publish","format-standard","has-post-thumbnail","hentry","category-tous"],"_links":{"self":[{"href":"http:\/\/www.affinite.fr\/index.php\/wp-json\/wp\/v2\/posts\/6332"}],"collection":[{"href":"http:\/\/www.affinite.fr\/index.php\/wp-json\/wp\/v2\/posts"}],"about":[{"href":"http:\/\/www.affinite.fr\/index.php\/wp-json\/wp\/v2\/types\/post"}],"author":[{"embeddable":true,"href":"http:\/\/www.affinite.fr\/index.php\/wp-json\/wp\/v2\/users\/1"}],"replies":[{"embeddable":true,"href":"http:\/\/www.affinite.fr\/index.php\/wp-json\/wp\/v2\/comments?post=6332"}],"version-history":[{"count":0,"href":"http:\/\/www.affinite.fr\/index.php\/wp-json\/wp\/v2\/posts\/6332\/revisions"}],"wp:featuredmedia":[{"embeddable":true,"href":"http:\/\/www.affinite.fr\/index.php\/wp-json\/wp\/v2\/media\/6333"}],"wp:attachment":[{"href":"http:\/\/www.affinite.fr\/index.php\/wp-json\/wp\/v2\/media?parent=6332"}],"wp:term":[{"taxonomy":"category","embeddable":true,"href":"http:\/\/www.affinite.fr\/index.php\/wp-json\/wp\/v2\/categories?post=6332"},{"taxonomy":"post_tag","embeddable":true,"href":"http:\/\/www.affinite.fr\/index.php\/wp-json\/wp\/v2\/tags?post=6332"}],"curies":[{"name":"wp","href":"https:\/\/api.w.org\/{rel}","templated":true}]}}