{"id":632,"date":"2020-03-14T06:39:07","date_gmt":"2020-03-14T06:39:07","guid":{"rendered":"https:\/\/www.affinite.fr\/index.php\/2020\/03\/14\/la-5g-ne-presente-pas-de-danger-dapres-lorganisme-charge-de-fixer-les-limites-dexposition\/"},"modified":"2020-03-14T06:39:07","modified_gmt":"2020-03-14T06:39:07","slug":"la-5g-ne-presente-pas-de-danger-dapres-lorganisme-charge-de-fixer-les-limites-dexposition","status":"publish","type":"post","link":"http:\/\/www.affinite.fr\/index.php\/2020\/03\/14\/la-5g-ne-presente-pas-de-danger-dapres-lorganisme-charge-de-fixer-les-limites-dexposition\/","title":{"rendered":"La 5G ne pr\u00e9sente pas de danger, d\u2019apr\u00e8s l\u2019organisme charg\u00e9 de fixer les limites d\u2019exposition"},"content":{"rendered":"<p> [ad_1]<br \/>\n<br \/>Les valeurs limites fix\u00e9es en 1998 pour se prot\u00e9ger des champs-\u00e9lectromagn\u00e9tiques devraient suffire pour la 5G. Des restrictions sont toutefois apport\u00e9es pour certaines fr\u00e9quences.  <\/p>\n<p> <img decoding=\"async\" src=\"https:\/\/img.bfmtv.com\/c\/150\/100\/a56\/ac27ac20b673c2b46d0f802a2e780.jpeg\" \/><br \/>\n<br \/>[ad_2]<br \/>\n<br \/><a href=\"https:\/\/www.01net.com\/actualites\/la-5g-ne-presente-pas-de-danger-d-apres-l-organisme-charge-de-fixer-les-limites-d-exposition-1874367.html\">Source link <\/a><\/p>\n","protected":false},"excerpt":{"rendered":"<p>[ad_1] Les valeurs limites fix\u00e9es en 1998 pour se prot\u00e9ger des champs-\u00e9lectromagn\u00e9tiques devraient suffire pour la 5G. Des restrictions sont &hellip; <a href=\"http:\/\/www.affinite.fr\/index.php\/2020\/03\/14\/la-5g-ne-presente-pas-de-danger-dapres-lorganisme-charge-de-fixer-les-limites-dexposition\/\" class=\"more-link\">Plus <span class=\"screen-reader-text\">La 5G ne pr\u00e9sente pas de danger, d\u2019apr\u00e8s l\u2019organisme charg\u00e9 de fixer les limites d\u2019exposition<\/span> <span class=\"meta-nav\">&rarr;<\/span><\/a><\/p>\n","protected":false},"author":1,"featured_media":305,"comment_status":"open","ping_status":"open","sticky":false,"template":"","format":"standard","meta":{"_sitemap_exclude":false,"_sitemap_priority":"","_sitemap_frequency":"","footnotes":""},"categories":[1],"tags":[],"class_list":["post-632","post","type-post","status-publish","format-standard","has-post-thumbnail","hentry","category-tous"],"_links":{"self":[{"href":"http:\/\/www.affinite.fr\/index.php\/wp-json\/wp\/v2\/posts\/632"}],"collection":[{"href":"http:\/\/www.affinite.fr\/index.php\/wp-json\/wp\/v2\/posts"}],"about":[{"href":"http:\/\/www.affinite.fr\/index.php\/wp-json\/wp\/v2\/types\/post"}],"author":[{"embeddable":true,"href":"http:\/\/www.affinite.fr\/index.php\/wp-json\/wp\/v2\/users\/1"}],"replies":[{"embeddable":true,"href":"http:\/\/www.affinite.fr\/index.php\/wp-json\/wp\/v2\/comments?post=632"}],"version-history":[{"count":0,"href":"http:\/\/www.affinite.fr\/index.php\/wp-json\/wp\/v2\/posts\/632\/revisions"}],"wp:featuredmedia":[{"embeddable":true,"href":"http:\/\/www.affinite.fr\/index.php\/wp-json\/wp\/v2\/media\/305"}],"wp:attachment":[{"href":"http:\/\/www.affinite.fr\/index.php\/wp-json\/wp\/v2\/media?parent=632"}],"wp:term":[{"taxonomy":"category","embeddable":true,"href":"http:\/\/www.affinite.fr\/index.php\/wp-json\/wp\/v2\/categories?post=632"},{"taxonomy":"post_tag","embeddable":true,"href":"http:\/\/www.affinite.fr\/index.php\/wp-json\/wp\/v2\/tags?post=632"}],"curies":[{"name":"wp","href":"https:\/\/api.w.org\/{rel}","templated":true}]}}