{"id":6304,"date":"2021-04-27T20:55:59","date_gmt":"2021-04-27T20:55:59","guid":{"rendered":"https:\/\/www.affinite.fr\/index.php\/2021\/04\/27\/wejdene-signe-une-collection-pour-la-marque-shein\/"},"modified":"2021-04-27T20:55:59","modified_gmt":"2021-04-27T20:55:59","slug":"wejdene-signe-une-collection-pour-la-marque-shein","status":"publish","type":"post","link":"http:\/\/www.affinite.fr\/index.php\/2021\/04\/27\/wejdene-signe-une-collection-pour-la-marque-shein\/","title":{"rendered":"Wejdene signe une collection pour la marque Shein"},"content":{"rendered":"<p> [ad_1]<br \/>\n<\/p>\n<p>\n                Apr\u00e8s la chanson, la mode. La chanteuse Wejdene, interpr\u00e8te du tube Anissa, signe une collection \u00e0 son image pour la marque Shein. De quoi ravir ses fans.            <\/p>\n<div>\n<p><strong>Wejdene <\/strong>continue de surfer sur le succ\u00e8s. A tout juste 17\u00a0ans, la chanteuse encha\u00eene les tubes et est devenue une personnalit\u00e9 influente. Sur Instagram, ils sont d\u00e9sormais plus de 2,2\u00a0millions \u00e0 la suivre. Normal que les marques se l&rsquo;arrachent. C&rsquo;est avec la marque de fast-fashion chinoise<strong> Shein<\/strong> que la jeune femme collabore. Pouvant d\u00e9j\u00e0 se targuer d&rsquo;\u00eatre l&rsquo;\u00e9g\u00e9rie pour la France, la jeune femme continue sa collaboration en dessinant cette fois une collection compl\u00e8te.\u00a0<\/p>\n<div style=\"text-align:center\">\n<figure class=\"image\" style=\"display:inline-block\"><img decoding=\"async\" alt=\"wejdene-shein-collection\" src=\"https:\/\/img-3.journaldesfemmes.fr\/VNC1tPYdHtUWQh668-ZHiC9Sf5k=\/450x\/smart\/1d746768e5254e1398212e9d36478662\/ccmcms-jdf\/24194884.jpg\"\/><figcaption data-credit=\"Shein\" data-legend=\"Wejdene signe une collection avec la marque Shein\">Wejdene signe une collection avec la marque Shein <small>\u00a9\u00a0Shein<\/small><\/figcaption><\/figure>\n<\/div>\n<p>Garantie <em>\u00ab\u00a0\u00e0 son image\u00a0\u00bb,<\/em> <strong>la collection de Wejdene<\/strong> suit un mot d&rsquo;ordre\u00a0: proposer une garde robe <em>\u00ab\u00a0street-glam\u00a0\u00bb.<\/em> On y retrouve une dizaine de pi\u00e8ces faites pour le quotidien dans des tons sobres, du kaki au blanc en passant par le beige et le noir. L&rsquo;id\u00e9e\u00a0: que les <em>aficionados<\/em> de la chanteuse puissent se composer tout un dressing de pi\u00e8ces basiques, parfaites pour se cr\u00e9er des looks inspir\u00e9s de leur idole. Pour les plus fans, plusieurs tops arborent fi\u00e8rement le nom de la star. On y retrouve aussi une petite robe noire, un blazer cropped, une chemise blanche et m\u00eame des sacs. La collection est disponible depuis le 23\u00a0avril sur le site fran\u00e7ais de<strong> Shein.<\/strong><\/p>\n<h2>Wejdene, la nouvelle star de la chanson<\/h2>\n<aside id=\"NL_191878320\" class=\"newsletter_subscription jNlBlock\"><noscript><br \/>\n            <\/noscript><\/p>\n<h3 class=\"newsletter_subscription-title\">Newsletter <\/h3>\n<p><a href=\"\/\/mailing.ccmbg.com\/archive\/last-85\" target=\"_blank\" class=\"a_hover\" rel=\"noopener noreferrer\">Voir un exemple<\/a><\/p>\n<\/aside>\n<p>Il y a fort \u00e0 parier que les jeunes fans de la chanteuse se ruent sur ces produits. En seulement quelques mois, <strong>Wejdene <\/strong>est devenue une star pour toute une g\u00e9n\u00e9ration qui l&rsquo;a connue sur TikTok, o\u00f9 son single <em>Anissa <\/em>est devenu un tube. Depuis, elle a sorti son premier album, <em>16<\/em>\u00a0(une r\u00e9f\u00e9rence \u00e0 son \u00e2ge),\u00a0ainsi qu&rsquo;une r\u00e9\u00e9dition de ce dernier. Fans de sa musique, ses admirateurs suivent aussi son style, ce dont elle a bien conscience. Comme elle l&rsquo;explique au journal <em>20\u00a0minutes<\/em>\u00a0:<em> \u00ab\u00a0Je me dis qu&rsquo;il y a peut-\u00eatre des petites que j&rsquo;inspire aussi. Et j&rsquo;essaye de ne pas trop mettre de marques de luxe parce que je n&rsquo;ai pas envie de mettre une distance avec les petites filles qui me suivent et qui n&rsquo;ont pas forc\u00e9ment les moyens.\u00a0\u00bb<\/em> Avec cette <strong>collection Shein<\/strong>, ces derni\u00e8res seront servies.\u00a0<\/p>\n<\/p><\/div>\n<p>[ad_2]<br \/>\n<br \/><a href=\"https:\/\/www.journaldesfemmes.fr\/mode\/magazine-mode\/2713599-wejdene-signe-une-collection-pour-la-marque-shein\/\">Source link <\/a><\/p>\n","protected":false},"excerpt":{"rendered":"<p>[ad_1] Apr\u00e8s la chanson, la mode. La chanteuse Wejdene, interpr\u00e8te du tube Anissa, signe une collection \u00e0 son image pour &hellip; <a href=\"http:\/\/www.affinite.fr\/index.php\/2021\/04\/27\/wejdene-signe-une-collection-pour-la-marque-shein\/\" class=\"more-link\">Plus <span class=\"screen-reader-text\">Wejdene signe une collection pour la marque Shein<\/span> <span class=\"meta-nav\">&rarr;<\/span><\/a><\/p>\n","protected":false},"author":1,"featured_media":6305,"comment_status":"open","ping_status":"open","sticky":false,"template":"","format":"standard","meta":{"_sitemap_exclude":false,"_sitemap_priority":"","_sitemap_frequency":"","footnotes":""},"categories":[1],"tags":[],"class_list":["post-6304","post","type-post","status-publish","format-standard","has-post-thumbnail","hentry","category-tous"],"_links":{"self":[{"href":"http:\/\/www.affinite.fr\/index.php\/wp-json\/wp\/v2\/posts\/6304"}],"collection":[{"href":"http:\/\/www.affinite.fr\/index.php\/wp-json\/wp\/v2\/posts"}],"about":[{"href":"http:\/\/www.affinite.fr\/index.php\/wp-json\/wp\/v2\/types\/post"}],"author":[{"embeddable":true,"href":"http:\/\/www.affinite.fr\/index.php\/wp-json\/wp\/v2\/users\/1"}],"replies":[{"embeddable":true,"href":"http:\/\/www.affinite.fr\/index.php\/wp-json\/wp\/v2\/comments?post=6304"}],"version-history":[{"count":0,"href":"http:\/\/www.affinite.fr\/index.php\/wp-json\/wp\/v2\/posts\/6304\/revisions"}],"wp:featuredmedia":[{"embeddable":true,"href":"http:\/\/www.affinite.fr\/index.php\/wp-json\/wp\/v2\/media\/6305"}],"wp:attachment":[{"href":"http:\/\/www.affinite.fr\/index.php\/wp-json\/wp\/v2\/media?parent=6304"}],"wp:term":[{"taxonomy":"category","embeddable":true,"href":"http:\/\/www.affinite.fr\/index.php\/wp-json\/wp\/v2\/categories?post=6304"},{"taxonomy":"post_tag","embeddable":true,"href":"http:\/\/www.affinite.fr\/index.php\/wp-json\/wp\/v2\/tags?post=6304"}],"curies":[{"name":"wp","href":"https:\/\/api.w.org\/{rel}","templated":true}]}}