{"id":6288,"date":"2021-04-25T20:53:43","date_gmt":"2021-04-25T20:53:43","guid":{"rendered":"https:\/\/www.affinite.fr\/index.php\/2021\/04\/25\/le-createur-alber-elbaz-est-decede-a-lage-de-59-ans\/"},"modified":"2021-04-25T20:53:43","modified_gmt":"2021-04-25T20:53:43","slug":"le-createur-alber-elbaz-est-decede-a-lage-de-59-ans","status":"publish","type":"post","link":"http:\/\/www.affinite.fr\/index.php\/2021\/04\/25\/le-createur-alber-elbaz-est-decede-a-lage-de-59-ans\/","title":{"rendered":"Le cr\u00e9ateur Alber Elbaz est d\u00e9c\u00e9d\u00e9 \u00e0 l&rsquo;\u00e2ge de 59\u00a0ans"},"content":{"rendered":"<p> [ad_1]<br \/>\n<br \/><img decoding=\"async\" src=\"https:\/\/img-3.journaldesfemmes.fr\/8aKtKQVXNJusX3cUwsLGzQbVMWQ=\/1280x\/smart\/f2db3b69555d448381b4a37cf852fb6b\/ccmcms-jdf\/24153392.jpg\" \/><\/p>\n<p>\n                Le c\u00e9l\u00e8bre cr\u00e9ateur de mode Alber Elbaz s&rsquo;est \u00e9teint. Il avait offici\u00e9 comme directeur artistique de la maison Lanvin pendant pr\u00e8s de 14\u00a0ans.            <\/p>\n<div>\n<p>Le monde de la mode est en deuil. <strong>Alber Elbaz<\/strong>, cr\u00e9ateur isra\u00e9lo-am\u00e9ricain qui a profond\u00e9ment marqu\u00e9 la mode du d\u00e9but du si\u00e8cle s&rsquo;est \u00e9teint \u00e0 l&rsquo;\u00e2ge de 59\u00a0ans. C&rsquo;est le groupe de luxe Richemont, avec lequel l&rsquo;homme venait de lancer sa nouvelle marque, qui a fait part de la triste nouvelle dans un communiqu\u00e9 de presse. <em>\u00ab\u00a0C&rsquo;est sous le choc et avec une \u00e9norme tristesse que j&rsquo;ai appris le d\u00e9c\u00e8s soudain d&rsquo;<strong>Alber,<\/strong><\/em> \u00e9crit Johann Rupert, pr\u00e9sident du groupe. <em><strong>Alber<\/strong> avait la r\u00e9putation m\u00e9rit\u00e9e d&rsquo;\u00eatre l&rsquo;une des figures les plus aim\u00e9es et brillantes de l&rsquo;industrie. (&#8230;) Il \u00e9tait un homme d&rsquo;une incroyable chaleur et d&rsquo;un grand talent, sa vision singuli\u00e8re, son sens de la beaut\u00e9 et de l&#8217;empathie laisseront une empreinte ind\u00e9l\u00e9bile.\u00a0\u00bb\u00a0<\/em><\/p>\n<p>N\u00e9 le 12\u00a0juin 1961\u00a0\u00e0 Casablanca au Maroc, <strong>Alber Elbaz<\/strong> a grandi \u00e0 Tel-Aviv. Apr\u00e8s des \u00e9tudes de mode en Isra\u00ebl, il part travailler \u00e0 New York. Au milieu des ann\u00e9es 1990, il devient connu du grand public \u00e0 sa nomination comme directeur artistique de la marque fran\u00e7aise Guy Laroche. Puis, c&rsquo;est Pierre Berg\u00e9 en personne qui le charge de cr\u00e9er les collections de la ligne de pr\u00eat-\u00e0-porter f\u00e9minin de la maison Yves Saint Laurent, jusqu&rsquo;\u00e0 ce que cette derni\u00e8re soit rachet\u00e9e par Tom Ford. En 2001, il devient le directeur artistique de la maison <strong>Lanvin<\/strong> o\u00f9 il cimentera sa popularit\u00e9 et son impact sur l&rsquo;industrie.\u00a0<br \/>\u00a0<\/p>\n<h2>Alber Elbaz, \u00e0\u00a0jamais associ\u00e9 \u00e0 l&rsquo;image de Lanvin<\/h2>\n<p>Sous l&rsquo;\u00e9gide du cr\u00e9ateur, Lanvin rena\u00eet de ses cendres. <strong>Alber Elbaz<\/strong> c\u00e9l\u00e8bre la f\u00e9minit\u00e9 et la sophistication, ADN de la maison, en y ajoutant sa po\u00e9sie et parfois m\u00eame, une touche d&rsquo;humour. En 2005, le conseil des cr\u00e9ateurs de mode am\u00e9ricain lui remet l&rsquo;International <strong>Fashion Award<\/strong>. L&rsquo;ann\u00e9e suivante, il est nomm\u00e9 <strong>Chevalier de la L\u00e9gion d&rsquo;honneur<\/strong>. Ses d\u00e9fil\u00e9s sont unanimement salu\u00e9s, devenant des moments marquants des semaines de la mode parisienne. Le succ\u00e8s critique s&rsquo;accompagne d&rsquo;un succ\u00e8s commercial, faisant s&rsquo;envoler le nombre de points de vente mais aussi le chiffre d&rsquo;affaires de la v\u00e9n\u00e9rable maison de couture fran\u00e7aise. En 2010, il orchestre une <strong>collection capsule entre Lanvin et le g\u00e9ant su\u00e9dois <a href=\"https:\/\/www.journaldesfemmes.fr\/mode\/conseils-mode\/2566966-hm-collaboration-simone-rocha-2020-annonce\/\" title=\"HM\">H&amp;M<\/a><\/strong>.\u00a0<\/p>\n<aside id=\"NL_357392605\" class=\"newsletter_subscription jNlBlock\"><noscript><br \/>\n            <\/noscript><\/p>\n<h3 class=\"newsletter_subscription-title\">Newsletter <\/h3>\n<p><a href=\"\/\/mailing.ccmbg.com\/archive\/last-85\" target=\"_blank\" class=\"a_hover\" rel=\"noopener noreferrer\">Voir un exemple<\/a><\/p>\n<\/aside>\n<p>En 2015, un diff\u00e9rend avec la propri\u00e9taire et directrice ta\u00efwanaise de la marque, Shaw-Lan Wang signe la fin de la success-story <strong>Elbaz<\/strong> chez Lanvin, laissant l&rsquo;industrie sous le choc de cette \u00e9viction soudaine. De nombreux salari\u00e9s protestent contre cette d\u00e9cision. Le cr\u00e9ateur attente lui une action en justice et se verra verser une compensation de plusieurs millions. Apr\u00e8s plusieurs ann\u00e9es relativement loin des cam\u00e9ras, <strong>Alber Elbaz <\/strong>s&rsquo;associe au groupe de luxe<strong> Richemont <\/strong>pour lancer sa propre marque en 2019. En janvier 2021, durant la Fashion week haute-couture, il pr\u00e9sente<strong> AZ Factory<\/strong>, son nouveau label, pour la plus grande joie du monde de la mode que l&rsquo;homme aura marqu\u00e9, pour toujours.\u00a0<\/p>\n<\/p><\/div>\n<p>[ad_2]<br \/>\n<br \/><a href=\"https:\/\/www.journaldesfemmes.fr\/mode\/magazine-mode\/2713211-alber-elbaz-deces-mort-a-59-ans\/\">Source link <\/a><\/p>\n","protected":false},"excerpt":{"rendered":"<p>[ad_1] Le c\u00e9l\u00e8bre cr\u00e9ateur de mode Alber Elbaz s&rsquo;est \u00e9teint. Il avait offici\u00e9 comme directeur artistique de la maison Lanvin &hellip; <a href=\"http:\/\/www.affinite.fr\/index.php\/2021\/04\/25\/le-createur-alber-elbaz-est-decede-a-lage-de-59-ans\/\" class=\"more-link\">Plus <span class=\"screen-reader-text\">Le cr\u00e9ateur Alber Elbaz est d\u00e9c\u00e9d\u00e9 \u00e0 l&rsquo;\u00e2ge de 59\u00a0ans<\/span> <span class=\"meta-nav\">&rarr;<\/span><\/a><\/p>\n","protected":false},"author":1,"featured_media":6289,"comment_status":"open","ping_status":"open","sticky":false,"template":"","format":"standard","meta":{"_sitemap_exclude":false,"_sitemap_priority":"","_sitemap_frequency":"","footnotes":""},"categories":[1],"tags":[],"class_list":["post-6288","post","type-post","status-publish","format-standard","has-post-thumbnail","hentry","category-tous"],"_links":{"self":[{"href":"http:\/\/www.affinite.fr\/index.php\/wp-json\/wp\/v2\/posts\/6288"}],"collection":[{"href":"http:\/\/www.affinite.fr\/index.php\/wp-json\/wp\/v2\/posts"}],"about":[{"href":"http:\/\/www.affinite.fr\/index.php\/wp-json\/wp\/v2\/types\/post"}],"author":[{"embeddable":true,"href":"http:\/\/www.affinite.fr\/index.php\/wp-json\/wp\/v2\/users\/1"}],"replies":[{"embeddable":true,"href":"http:\/\/www.affinite.fr\/index.php\/wp-json\/wp\/v2\/comments?post=6288"}],"version-history":[{"count":0,"href":"http:\/\/www.affinite.fr\/index.php\/wp-json\/wp\/v2\/posts\/6288\/revisions"}],"wp:featuredmedia":[{"embeddable":true,"href":"http:\/\/www.affinite.fr\/index.php\/wp-json\/wp\/v2\/media\/6289"}],"wp:attachment":[{"href":"http:\/\/www.affinite.fr\/index.php\/wp-json\/wp\/v2\/media?parent=6288"}],"wp:term":[{"taxonomy":"category","embeddable":true,"href":"http:\/\/www.affinite.fr\/index.php\/wp-json\/wp\/v2\/categories?post=6288"},{"taxonomy":"post_tag","embeddable":true,"href":"http:\/\/www.affinite.fr\/index.php\/wp-json\/wp\/v2\/tags?post=6288"}],"curies":[{"name":"wp","href":"https:\/\/api.w.org\/{rel}","templated":true}]}}