{"id":6280,"date":"2021-04-23T20:51:42","date_gmt":"2021-04-23T20:51:42","guid":{"rendered":"https:\/\/www.affinite.fr\/index.php\/2021\/04\/23\/hospitalisations-en-legere-baisse-dernier-bilan\/"},"modified":"2021-04-23T20:51:42","modified_gmt":"2021-04-23T20:51:42","slug":"hospitalisations-en-legere-baisse-dernier-bilan","status":"publish","type":"post","link":"http:\/\/www.affinite.fr\/index.php\/2021\/04\/23\/hospitalisations-en-legere-baisse-dernier-bilan\/","title":{"rendered":"hospitalisations en l\u00e9g\u00e8re baisse, dernier bilan"},"content":{"rendered":"<p> [ad_1]<br \/>\n<\/p>\n<p>\n                CORONAVIRUS DIRECT &#8211; Le nombre de malades du Covid-19\u00a0\u00e0 l&rsquo;h\u00f4pital baisse l\u00e9g\u00e8rement vendredi. La 3\u00e8me vague du Covid d\u00e9cro\u00eet tr\u00e8s doucement. Le nombre de d\u00e9c\u00e8s reste, quant \u00e0 lui, toujours \u00e9lev\u00e9, autour de 300\u00a0morts par jour. Arriv\u00e9e du vaccin Janssen en pharmacie, nouveaux cas de thromboses avec AstraZeneca&#8230; Derniers chiffres et infos.            <\/p>\n<div>\n<aside class=\"ccmsummary marqueur_module ccmcss_cms_summary ccmcss_cms_summary--right\">\n<p>\u00a0Sommaire<\/p>\n<\/aside>\n<p><strong>[Mis\u00a0\u00e0 jour le vendredi 23\u00a0avril \u00e0 19h55<\/strong><b>]<\/b>\u00a0La <strong>situation \u00e9pid\u00e9mique s&rsquo;am\u00e9liore doucement<\/strong> en France. 80% des territoires de l&rsquo;Hexagone auraient amorc\u00e9 leur d\u00e9crue. Selon les d\u00e9clarations du Premier ministre Jean Castex lors de la conf\u00e9rence de presse du 22 avril <em>\u00ab\u00a0le <strong>pic de la troisi\u00e8me vague<\/strong> semble derni\u00e8re nous<\/em>\u00a0 (&#8230;).\u00a0<em>Le nombre de patients admis en service de r\u00e9animation a atteint un plateau\u00a0\u00bb.\u00a0<\/em>La rentr\u00e9e en maternelle et en primaire est maintenue\u00a0lundi 26 avril. Celle des coll\u00e9giens et lyc\u00e9ens est toujours programm\u00e9e au 3 mai. Le Premier ministre a indiqu\u00e9 \u00e9tudier\u00a0<em>\u00ab\u00a0une batterie d&rsquo;indicateurs\u00a0\u00bb <\/em>pour envisager de lever les <em>\u00ab\u00a0mesures de freinages suppl\u00e9mentaires\u00a0\u00bb <\/em>mises en place il y a trois semaines en France.\u00a0La <strong>territorialisation des mesures<\/strong> -par r\u00e9gion ou par d\u00e9partement-\u00a0n&rsquo;est<strong><em>\u00a0\u00ab\u00a0pas exclue\u00a0\u00bb<\/em><\/strong> dans les prochaines semaines.\u00a0Seules, les contraintes de d\u00e9placement en journ\u00e9e, \u00e0 plus de 10\u00a0km de son domicile, seront<strong><em> \u00ab\u00a0lev\u00e9es\u00a0\u00bb <\/em><\/strong>\u00e0 partir du lundi 3\u00a0mai. Le<strong> couvre-feu<\/strong> \u00e0 19 heures reste en vigueur <strong>\u00ab\u00a0jusqu&rsquo;\u00e0 nouvel ordre\u00a0\u00bb.<\/strong> La France compte encore plus de <strong>32\u00a0000\u00a0nouveaux cas<\/strong> de Covid-19 au cours de ces derni\u00e8res 24 heures,\u00a0alors qu&rsquo;<strong>un quatri\u00e8me vaccin devrait \u00eatre disponible samedi 24\u00a0avril<\/strong>\u00a0: le vaccin Janssen de Johnson&amp;Johnson. 5\u00a0962\u00a0patients sont actuellement hospitalis\u00e9s en soins critiques \u00e0 cause du Covid, (-19\u00a0en 24\u00a0heures). <span style=\"font-size: 1rem;\">Que disent les\u00a0<\/span><a data-auth=\"NotApplicable\" href=\"https:\/\/sante.journaldesfemmes.fr\/fiches-maladies\/2667643-carte-covid-19-france-departement-plus-touches-zone-rouge-10-km-incidence-temps-reel-region-aujourd-hui\/\" rel=\"noopener noreferrer\" style=\"font-size: 1rem; background-color: rgb(255, 255, 255);\" target=\"_blank\">cartes<\/a><span style=\"font-size: 1rem;\"> de suivi de l&rsquo;\u00e9pid\u00e9mie\u00a0? Quels sont les <\/span><a href=\"https:\/\/sante.journaldesfemmes.fr\/fiches-maladies\/2630075-symptomes-coronavirus-covid-19-mal-gorge-rhume-que-faire-variant-premier-apparition-nouveaux-duree\/\" style=\"font-size: 1rem; background-color: rgb(255, 255, 255);\" target=\"_blank\" rel=\"noopener noreferrer\">sympt\u00f4mes du coronavirus<\/a><span style=\"font-size: 1rem;\"> ? Quand <\/span><a href=\"https:\/\/sante.journaldesfemmes.fr\/fiches-maladies\/2621211-isolement-covid-19-variant-anglais-7-10-jours-cas-contact-duree-declarer-certificat-attestation\/\" style=\"font-size: 1rem; background-color: rgb(255, 255, 255);\" target=\"_blank\" rel=\"noopener noreferrer\">s&rsquo;isoler et combien de temps<\/a><span style=\"font-size: 1rem;\"> ?\u00a0<\/span><a data-auth=\"NotApplicable\" href=\"https:\/\/sante.journaldesfemmes.fr\/fiches-maladies\/2629823-taux-de-reproduction-covid-france-coronavirus-r0-r-effectif-calcul-carte-region-evolution-aujourd-hui-definition\/\" rel=\"noopener noreferrer\" style=\"font-size: 1rem; background-color: rgb(255, 255, 255);\" target=\"_blank\">Quel est le taux de R0\u00a0du virus<\/a><span style=\"font-size: 1rem;\">\u00a0? Quand est-on <\/span><a href=\"https:\/\/sante.journaldesfemmes.fr\/fiches-maladies\/2679521-contagion-covid-19-combien-de-temps-jours-duree-asymptomatique-symptomes-incubation-contagieux\/\" style=\"font-size: 1rem; background-color: rgb(255, 255, 255);\" target=\"_blank\" rel=\"noopener noreferrer\">contagieux<\/a><span style=\"font-size: 1rem;\"> ? Que sait-on des\u00a0<\/span><a href=\"https:\/\/sante.journaldesfemmes.fr\/fiches-maladies\/2620433-vaccin-coronavirus-covid-19-pfizer-moderna-astrazeneca-johnson-disponible-nom-meilleur-prix-efficace\/\" style=\"font-size: 1rem; background-color: rgb(255, 255, 255);\" target=\"_blank\" rel=\"noopener noreferrer\">vaccins<\/a><span style=\"font-size: 1rem;\">\u00a0? Des\u00a0<\/span><a href=\"https:\/\/sante.journaldesfemmes.fr\/fiches-maladies\/2686947-effet-secondaire-vaccin-covid-france-nouveau-liste-pfizer-moderna-astrazeneca-grave-injection-pourcentage\/\" style=\"font-size: 1rem; background-color: rgb(255, 255, 255);\" target=\"_blank\" rel=\"noopener noreferrer\">effets secondaires<\/a><span style=\"font-size: 1rem;\">\u00a0apr\u00e8s la vaccination\u00a0? Chiffres et infos du jour.<\/span><\/p>\n<ul>\n<li><strong>Bilan de vaccination. <\/strong>13\u00a0811\u00a0101\u00a0personnes ont re\u00e7u au moins une injection, depuis le d\u00e9but de la campagne de vaccination en France, selon les chiffres du minist\u00e8re de la Sant\u00e9, vendredi. 5\u00a0385\u00a0052\u00a0personnes ont re\u00e7u deux injections.<\/li>\n<li><strong>D\u00e9jeuner des scolaires \u00ab\u00a0\u00e0 la maison\u00a0\u00bb. <\/strong>Le ministre de l&rsquo;Education nationale, Jean-Michel Blanquer, invit\u00e9 vendredi sur FranceInfo, a incit\u00e9 les parents \u00e0 r\u00e9cup\u00e9rer leur enfant lors de la pause d\u00e9jeuner, et ainsi \u00e9viter le temps pass\u00e9 sans masque, \u00e0 la cantine\u00a0: \u00ab\u00a0Il y a un enjeu social et un enjeu de sant\u00e9 et c&rsquo;est vrai que lorsque l&rsquo;on peut avoir son enfant chez soi pour le d\u00e9jeuner, c&rsquo;est mieux. (&#8230;) C&rsquo;est aussi bien de fa\u00e7on \u00e0 ce qu&rsquo;il y ait moins d&rsquo;enfants \u00e0 la cantine\u00a0\u00bb a t-il indiqu\u00e9.<\/li>\n<li><strong>5\u00a0nouveaux cas de thromboses avec AstraZeneca. <\/strong>Dans son nouveau point de surveillance des effets ind\u00e9sirables des vaccins Covid, l&rsquo;<a href=\"https:\/\/ansm.sante.fr\/actualites\/point-de-situation-sur-la-surveillance-des-vaccins-contre-la-covid-19-periode-du-09-04-2021-au-15-04-2021\" target=\"_blank\" rel=\"noopener noreferrer\">ANSM<\/a> annonce vendredi\u00a05\u00a0nouveaux cas de thromboses atypiques sur la p\u00e9riode du 9 au 15 avril, portant le total \u00e0 27\u00a0cas depuis le d\u00e9but de la vaccination, dont 8\u00a0d\u00e9c\u00e8s. Un cas sans issue fatale du pr\u00e9c\u00e9dent rapport a \u00e9t\u00e9 exclu de ce bilan suite \u00e0 de nouvelles informations (s\u00e9rologie SARS-CoV 2\u00a0positive), indique l&rsquo;agence. Ces 5\u00a0nouveaux cas concernent des patients qui pr\u00e9sentent un profil similaire \u00e0 celui du pr\u00e9c\u00e9dent bilan, avec une <strong>moyenne d&rsquo;\u00e2ge de 63\u00a0ans<\/strong>, et davantage de <strong>thromboses digestives<\/strong>. <strong>Aucun nouveau cas de d\u00e9c\u00e8s<\/strong> n&rsquo;a \u00e9t\u00e9 rapport\u00e9 sur la p\u00e9riode.<\/li>\n<li><strong>Nouveaux cas d&rsquo;hypertension avec Moderna.<\/strong> L&rsquo;ANSM confirme vendredi que l&rsquo;analyse des cas d&rsquo;hypertension art\u00e9rielle (43\u00a0au total) et des cas de r\u00e9actions retard\u00e9es locales au site d&rsquo;injection (334\u00a0au total) apr\u00e8s la vaccination avec Moderna<em> \u00ab\u00a0constituent de nouveaux signaux\u00a0\u00bb<\/em>. Les donn\u00e9es actuellement disponibles montrent que pour la plupart des cas, ces effets ind\u00e9sirables ont \u00e9t\u00e9 <strong>transitoires <\/strong>et rapidement <strong>r\u00e9versibles<\/strong>. <em>\u00ab\u00a0Ces effets ind\u00e9sirables, observ\u00e9s avec le vaccin Comirnaty de Pfizer-BioNtech en ce qui concerne les cas d&rsquo;hypertension art\u00e9rielle, ne remettent pas en cause le rapport b\u00e9n\u00e9fice\/risque du vaccin.\u00a0\u00bb\u00a0<\/em><\/li>\n<li><b>Vaccination des plus de 55 ans avec le vaccin Janssen.\u00a0<\/b> Les Fran\u00e7ais de plus de 55\u00a0ans pourront<em>, \u00ab\u00a0\u00e0 compter de ce samedi\u00a0\u00bb,<\/em> \u00eatre vaccin\u00e9s contre le Covid-19\u00a0avec le vaccin Johnson &amp; Johnson, le quatri\u00e8me disponible sur le territoire, a annonc\u00e9 Olivier V\u00e9ran.<\/li>\n<li><strong>R\u00e9ouverture des lieux de culture mi-mai.<\/strong> Invit\u00e9e sur BFM-TV vendredi, la ministre de la Culture, Roselyne Bachelot a indiqu\u00e9 que\u00a0<em>\u00ab\u00a0si la situation \u00e9pid\u00e9mique le permet, nous sommes en position de rouvrir les lieux de culture mi-mai\u00a0\u00bb.<\/em>\u00a0<em>\u00a0\u00bb\u00a0Au minist\u00e8re de la Culture, on est pr\u00eat. On a b\u00e2ti les protocoles avec les professionnels. Quand le pr\u00e9sident nous donnera le top d\u00e9part, nous serons pr\u00eats.\u00a0\u00bb<\/em><\/li>\n<\/ul>\n<ul>\n<li><strong>Cr\u00e9ation d&rsquo;un comit\u00e9 d&rsquo;experts sur thromboses et vaccin. <\/strong>Dans un point d&rsquo;information du 22 avril, l&rsquo;Agence nationale du m\u00e9dicament annonce avoir<strong>\u00a0<\/strong>cr\u00e9\u00e9 un comit\u00e9 scientifique temporaire (CST) \u00ab\u00a0Vaccins COVID-19\u00a0et thromboses rares atypiques\u00a0\u00bb\u00a0charg\u00e9 d&rsquo;analyser les \u00e9v\u00e9nements thrombotiques rares et inhabituels observ\u00e9s chez des personnes vaccin\u00e9es.\u00a0Compos\u00e9 de scientifiques, de cliniciens, d&rsquo;associations d&rsquo;usagers du syst\u00e8me de sant\u00e9 et d&rsquo;institutions publiques, ce comit\u00e9 aura notamment pour objectifs d&rsquo;apporter une expertise compl\u00e9mentaire \u00e0 celle des comit\u00e9s de suivi de pharmacovigilance sur l&rsquo;analyse des cas rapport\u00e9s en France, de contribuer aux r\u00e9flexions sur le m\u00e9canisme possible de ces \u00e9v\u00e9nements, d&rsquo;identifier des facteurs de risque potentiels et les \u00e9ventuelles mesures post-vaccination \u00e0 mettre en \u0153uvre.<\/li>\n<li><strong>Les cas asymptomatiques ont aussi des anticorps. <\/strong>Apr\u00e8s une \u00e9tude men\u00e9e sur les anticorps induits chez des individus positifs des Covid, des chercheurs fran\u00e7ais annoncent que\u00a0\u00ab\u00a0<em>la protection induite par une infection asymptomatique est tr\u00e8s proche de celle observ\u00e9e apr\u00e8s une infection symptomatique\u00a0\u00bb.\u00a0\u00a0<\/em>\u00ab\u00a0<em>Cette \u00e9tude a permis de montrer que les individus infect\u00e9s par le SARS-CoV-2\u00a0poss\u00e8dent des anticorps capables d&rsquo;attaquer le virus de diff\u00e9rentes mani\u00e8res, en l&#8217;emp\u00eachant d&rsquo;entrer dans les cellules (neutralisation) ou en tuant les cellules infect\u00e9es gr\u00e2ce \u00e0 l&rsquo;activation des cellules NK (via la fonction ADCC). On parle donc d&rsquo;anticorps polyfonctionnels\u00a0\u00bb<\/em>\u00a0explique Timoth\u00e9e Bruel, co-auteur principal de l&rsquo;\u00e9tude et chercheur au sein de l&rsquo;unit\u00e9 Virus et immunit\u00e9 \u00e0 l&rsquo;Institut Pasteur[1] et au VRI.\u00a0<\/li>\n<li><strong>Prise en charge du Covid long. <\/strong><em>\u00ab\u00a0On ne conna\u00eet pas tout sur ces signes et sympt\u00f4mes persistants du \u00a0\u00bb COVID long \u00ab\u00a0. Et pourtant, une part de nos concitoyens vit d\u00e9j\u00e0 avec. Les recherches sont engag\u00e9es et notre syst\u00e8me de sant\u00e9 s&rsquo;adapte. Il nous faut apprendre, reconna\u00eetre et prendre en charge les patients\u00a0\u00bb <\/em>a d\u00e9clar\u00e9 Emmanuel Macron jeudi \u00e0 l&rsquo;occasion d&rsquo;un d\u00e9placement \u00e0 Suresnes \u00e0 l&rsquo;h\u00f4pital Foch.<\/li>\n<li><strong>Cluster dans une prison de l&rsquo;Is\u00e8re.\u00a0<\/strong>Un cluster a \u00e9t\u00e9 d\u00e9tect\u00e9 dans une maison d&rsquo;arr\u00eat de Varces dans l&rsquo;Is\u00e8re. 10\u00a0cas de Covid-19\u00a0ont \u00e9t\u00e9 confirm\u00e9s, a annonc\u00e9\u00a0la direction de l&rsquo;\u00e9tablissement, confirmant une information du quotidien r\u00e9gional\u00a0Le Dauphin\u00e9 Lib\u00e9r\u00e9.<\/li>\n<li><strong>Recommandations sur les autotests du Covid. <\/strong>Dans\u00a0un <a href=\"https:\/\/www.datapressepremium.com\/rmdiff\/2009019\/avisconseilscientifique19avril2021.pdf\" target=\"_blank\" rel=\"noopener noreferrer\">Avis du 19\u00a0avri<\/a>l, le Conseil scientifique du Covid recommande l&rsquo;utilisation des autotests nasaux dans les coll\u00e8ges et lyc\u00e9es\u00a0: <strong>\u00a0<\/strong>\u00ab\u00a0<em>Ce d\u00e9pistage est \u00e0 pr\u00e9voir dans la dur\u00e9e, durant les vacances scolaires d&rsquo;\u00e9t\u00e9 dans les centres a\u00e9r\u00e9s et camps de vacances et <strong>au-del\u00e0 \u00e0 la rentr\u00e9e scolaire de septembre<\/strong> car \u00e0 cette date, les enfants d&rsquo;\u00e2ge scolaire seront le dernier groupe d&rsquo;\u00e2ge n&rsquo;ayant pas eu acc\u00e8s \u00e0 la vaccination, ce qui va entrainer un risque significatif de circulation du virus en milieu scolaire\u00a0\u00bb.<\/em><\/li>\n<\/ul>\n<section>\n<p><strong style=\"font-size: 1rem;\">Selon les derniers chiffres publi\u00e9s par <a href=\"https:\/\/www.gouvernement.fr\/info-coronavirus\/carte-et-donnees\" target=\"_blank\" rel=\"noopener noreferrer\">le gouvernement<\/a>,\u00a0au vendredi 23\u00a0avril, en France :<\/strong><\/p>\n<p><span style=\"font-size: 1rem;\">\u2022 5 440 946\u00a0personnes ont \u00e9t\u00e9 contamin\u00e9es par le coronavirus\u00a0<\/span><strong style=\"font-size: 1rem;\">(+32 340\u00a0en 24\u00a0heures).<\/strong><\/p>\n<p>\u2022 102 473 personnes sont d\u00e9c\u00e9d\u00e9es en France\u00a0<strong>(+309 en 24\u00a0heures),<\/strong><strong>\u00a0<\/strong>dont 76 289\u00a0\u00e0 l&rsquo;h\u00f4pital.<\/p>\n<p>\u2022<strong>\u00a05 962\u00a0patients Covid-19\u00a0sont en soins critiques <\/strong>(soit en r\u00e9animation, soins intensifs et surveillance continue)\u00a0(-19\u00a0en 24\u00a0heures).\u00a0<\/p>\n<p>\u2022 30 438 patients Covid-19\u00a0\u00e9taient\u00a0hospitalis\u00e9s (-196 en 24\u00a0heures).<\/p>\n<\/section>\n<div style=\"text-align:center\">\n<figure class=\"image\" style=\"display:inline-block\"><a class=\"fancy\" href=\"https:\/\/img-3.journaldesfemmes.fr\/Pue9gQrPSiTWTfs55dbJpvWr0A0=\/1080x\/smart\/3635f7eb8e55442ba50cb1b5c64a01ec\/ccmcms-jdf\/23903710.jpg\"><img decoding=\"async\" alt=\"Courbes des r\u00e9animations en France au 14 avril 2021\" src=\"https:\/\/img-3.journaldesfemmes.fr\/SgeVUg9n_dlcEYDVF4wgW9dfm9Y=\/600x\/smart\/3635f7eb8e55442ba50cb1b5c64a01ec\/ccmcms-jdf\/23903710.jpg\"\/><\/a><figcaption data-credit=\"Gouvernement.fr\" data-legend=\"Courbes des r\u00e9animations en France au 14 avril 2021\">Courbes des r\u00e9animations en France au 14 avril 2021 <small>\u00a9\u00a0Gouvernement.fr<\/small><\/figcaption><\/figure>\n<\/div>\n<p>Du samedi 3 avril au soir au dimanche 2 mai 2021, la France est confin\u00e9e.\u00a0Les contraintes de d\u00e9placement en journ\u00e9e \u00e0 plus de 10\u00a0km de son domicile, seront lev\u00e9es\u00a0\u00e0 partir du lundi 3\u00a0mai, a confirm\u00e9 Jean Castex lors de la conf\u00e9rence de presse du 22 avril. En revanche, <strong>le couvre-feu, de 19\u00a0heures \u00e0 6\u00a0heures, est \u00ab\u00a0maintenu jusqu&rsquo;\u00e0 nouvel ordre\u00a0\u00bb.<\/strong> <em>\u00ab\u00a0Nous verrons \u00e0 la mi-mai, \u00e9tape suivante, o\u00f9 en sera la situation \u00e9pid\u00e9mique\u00a0\u00bb,<\/em> a d\u00e9clar\u00e9 le Premier ministre.\u00a0<\/p>\n<p>&gt;\u00a0<a href=\"https:\/\/www.gouvernement.fr\/mesures-renforcees-la-liste-des-commerces-autorises-a-ouvrir\" target=\"_blank\" rel=\"noopener noreferrer\">Liste des commerces pouvant ouvrir<\/a><\/p>\n<p><strong>P<\/strong><strong>rochaines \u00e9tapes du d\u00e9confinement :<\/strong><\/p>\n<ul>\n<li><strong>Rentr\u00e9e scolaire le 26\u00a0avril\u00a0en maternelle et en \u00e9l\u00e9mentaire<\/strong>. Un protocole strict similaire \u00e0 celui appliqu\u00e9\u00a0aux derni\u00e8res semaines avant les vacances,\u00a0et un renfort de tests salivaires (400\u00a0000\/semaines) sont pr\u00e9vus. Des\u00a0autotests (par pr\u00e9l\u00e8vement nasal, avec r\u00e9sultat obtenu en 15\u00a0min) seront propos\u00e9s aux enseignants, aux lyc\u00e9ens de plus de 15\u00a0ans et \u00e0 l&rsquo;Universit\u00e9.\u00a0La reprise des cours en pr\u00e9sentiel pour les coll\u00e9giens, et lyc\u00e9ens \u00ab\u00a0en mode hybride\u00a0\u00bb, aura\u00a0bien lieu, \u00e0 compter du 3\u00a0mai.\u00a0<\/li>\n<li><strong>R\u00e9ouverture des cr\u00e8ches<\/strong> \u00e0 compter du lundi 26\u00a0avril.<\/li>\n<li><strong>Sports en ext\u00e9rieur. <\/strong>Les clubs sportifs pour les jeunes qui pratiquent\u00a0en ext\u00e9rieur, resteront\u00a0ouverts.<\/li>\n<li><strong>R\u00e9ouvertures des commerces<\/strong> : la\u00a0r\u00e9ouverture des commerces et\u00a0de certains lieux culturels reste fix\u00e9 \u00e0 la mi-mai. Elles pourraient se faire <em>\u00ab\u00a0par \u00e9tapes,\u00a0de mani\u00e8re forc\u00e9ment prudente et progressive<\/em>\u00a0\u00bb compte tenu du contexte sanitaire encore fragile.\u00a0<\/li>\n<li><strong>Contr\u00f4le renforc\u00e9\u00a0pour les personnes arrivant en France.<\/strong> Le ministre de l&rsquo;Int\u00e9rieur a annonc\u00e9 un\u00a0\u00ab\u00a0sas sanitaire \u00e0 l&rsquo;arriv\u00e9e sur notre territoire\u00a0\u00bb pour tous les voyageurs en provenance du Br\u00e9sil, du Chili, de l&rsquo;Argentine, de l&rsquo;Afrique du sud et de l&rsquo;Inde, pour tenter de limiter la diffusion de variants en France. L&rsquo;isolement\u00a0sera de 10 jours, et sera contr\u00f4l\u00e9\u00a0par les forces de l&rsquo;ordre. Des contraventions,\u00a0entre 1\u00a0000\u00a0et 1\u00a0500\u00a0euros, pourront \u00eatre dress\u00e9es. Enfin, un<strong> test PCR de moins de 36\u00a0heures<\/strong> sera demand\u00e9 au d\u00e9part, et compl\u00e9t\u00e9 par un test antig\u00e9nique \u00e0 l&rsquo;arriv\u00e9e en France. Ces mesures seront effectives d\u00e8s samedi matin.\u00a0<\/li>\n<\/ul>\n<div style=\"text-align:center\">\n<figure class=\"image\" style=\"display:inline-block\"><a class=\"fancy\" href=\"https:\/\/img-3.journaldesfemmes.fr\/f_-AbA72yzZwRGkKpXCox-e7jlM=\/1080x\/smart\/5ecb3e6aa2604224bfd363283aff811b\/ccmcms-jdf\/24110488.jpg\"><img decoding=\"async\" alt=\"protocole \u00e9cole 26 avril\" src=\"https:\/\/img-3.journaldesfemmes.fr\/1Id03sSCqGnvvyUnggv53GAX4c8=\/600x\/smart\/5ecb3e6aa2604224bfd363283aff811b\/ccmcms-jdf\/24110488.jpg\"\/><\/a><figcaption data-credit=\"Minist\u00e8re de l'Education nationale\" data-legend=\"Protocole en vigueur dans les \u00e9coles \u00e0 compter du 26 avril, pr\u00e9sent\u00e9 par Jean-Michel Blanquer lors de la conf\u00e9rence de presse du 22 avril.\">Protocole en vigueur dans les \u00e9coles \u00e0 compter du 26 avril, pr\u00e9sent\u00e9 par Jean-Michel Blanquer lors de la conf\u00e9rence de presse du 22 avril. <small>\u00a9\u00a0Minist\u00e8re de l&rsquo;Education nationale<\/small><\/figcaption><\/figure>\n<\/div>\n<p>Du<strong>\u00a03\u00a0avril et au 2\u00a0mai sur tout le territoire fran\u00e7ais :\u00a0<\/strong><\/p>\n<ul>\n<li>Seuls les commerces de premi\u00e8re n\u00e9cessit\u00e9 peuvent ouvrir (voir plus bas).<\/li>\n<li>Les d\u00e9placements sont autoris\u00e9s dans une limite de 10\u00a0km, sans limite de dur\u00e9e et sans motif \u00e0 justifier par une attestation.<\/li>\n<li>Le couvre-feu est appliqu\u00e9 de 19h \u00e0 6h du matin.\u00a0<\/li>\n<li>Les coll\u00e8ges et lyc\u00e9es\u00a0sont ferm\u00e9s.<\/li>\n<li>Les lieux de culte restent accessibles dans les m\u00eames conditions. Les fid\u00e8les doivent respecter une r\u00e8gle d&rsquo;un si\u00e8ge sur trois et d&rsquo;une rang\u00e9e sur deux pour y assister.<\/li>\n<li>Les d\u00e9placements inter-r\u00e9gionaux sont interdits sauf motifs imp\u00e9rieux ou professionnels.<\/li>\n<li>La consommation d&rsquo;alcool dans la rue est interdite.<\/li>\n<li>Toutes les activit\u00e9s, tous les \u00e9tablissements, tous les \u00e9quipements qui sont aujourd&rsquo;hui ferm\u00e9s, le resteront encore au cours des prochaines semaines<strong>.<\/strong>\u00a0C&rsquo;est le cas des<strong> cin\u00e9mas, des th\u00e9\u00e2tres, des salles de spectacle, des \u00e9quipements sportifs ou de loisirs.<\/strong> C&rsquo;est \u00e9galement le cas pour les bars et les restaurants.<\/li>\n<\/ul>\n<figure class=\"image\" style=\"float:right\"><a class=\"fancy\" href=\"https:\/\/img-3.journaldesfemmes.fr\/c58SiuaBeZq_zivIQR_6NTa0csw=\/1080x\/smart\/35697a829dfa440fa59db8ca0c869b4f\/ccmcms-jdf\/23722671.jpg\"><img decoding=\"async\" alt=\"attestation covid\" src=\"https:\/\/img-3.journaldesfemmes.fr\/x5p4u2CQd_vJzn4OkmlDNkn202s=\/450x\/smart\/35697a829dfa440fa59db8ca0c869b4f\/ccmcms-jdf\/23722671.jpg\"\/><\/a><figcaption data-credit=\"Minist\u00e8re de l'Int\u00e9rieur\" data-legend=\"Attestation de d\u00e9placement actualis\u00e9e le 3 avril 2021\">Attestation de d\u00e9placement actualis\u00e9e le 3 avril 2021 <small>\u00a9\u00a0Minist\u00e8re de l&rsquo;Int\u00e9rieur<\/small><\/figcaption><\/figure>\n<p>\u00c0 partir du<strong> 3\u00a0avril \u00e0 19h, <\/strong>de nouvelles mesures de freinage de l&rsquo;\u00e9pid\u00e9mie sont en vigueur sur l&rsquo;ensemble du territoire m\u00e9tropolitain. Il est obligatoire pour se d\u00e9placer d&rsquo;\u00eatre muni d&rsquo;une attestation de d\u00e9placement.<\/p>\n<p>L&rsquo;<strong>attestation de d\u00e9placement est obligatoire en journ\u00e9e entre 6h et 19h pour les d\u00e9placements au-del\u00e0 de 10\u00a0kilom\u00e8tres <\/strong>du domicile et pour tous les d\u00e9placements entre 19h et 6h sur l&rsquo;ensemble du territoire m\u00e9tropolitain.<\/p>\n<p>&gt; <a href=\"https:\/\/www.interieur.gouv.fr\/Actualites\/L-actu-du-Ministere\/Attestations-de-deplacement\" target=\"_blank\" rel=\"noopener noreferrer\">T\u00e9l\u00e9charger\/Remplir l&rsquo;attestation<\/a>\u00a0<\/p>\n<p><strong>Sont des motifs d\u00e9rogatoires\u00a0:<\/strong><\/p>\n<p><strong>D\u00e9placements dans la limite de 10\u00a0kilom\u00e8tres de son domicile<\/strong><\/p>\n<p>1. Activit\u00e9 physique et promenade<br \/>D\u00e9placements li\u00e9s soit \u00e0 la promenade, soit \u00e0 l&rsquo;activit\u00e9 physique individuelle des personnes\u202f<br \/>[Attestation \u00e0 remplir seulement \u00e0 d\u00e9faut de pouvoir pr\u00e9senter un justificatif de domicile]<\/p>\n<p><strong>D\u00e9placements au sein du d\u00e9partement de r\u00e9sidence<\/strong><\/p>\n<p>2. Achats<br \/>D\u00e9placements pour effectuer des achats de premi\u00e8re n\u00e9cessit\u00e9 ou des retraits de commandes<\/p>\n<p>3. Accompagnement des enfants \u00e0 l&rsquo;\u00e9cole<br \/>D\u00e9placements pour emmener et aller chercher les enfants \u00e0 l&rsquo;\u00e9cole et \u00e0 l&rsquo;occasion de leurs activit\u00e9s p\u00e9ri-scolaires<\/p>\n<p>4. Etablissement culturel ou lieu de culte<br \/>D\u00e9placements pour se rendre dans un \u00e9tablissement culturel (biblioth\u00e8ques et m\u00e9diath\u00e8ques) ou un lieu de culte<\/p>\n<p>5. D\u00e9marches administratives ou juridiques<br \/>D\u00e9placements pour se rendre dans un service public pour un acte ou une d\u00e9marche qui ne peuvent \u00eatre r\u00e9alis\u00e9s \u00e0 distance<\/p>\n<p><strong>D\u00e9placements sans limitation de distance<\/strong><\/p>\n<p>6. Activit\u00e9 professionnelle, enseignement et <a href=\"http:\/\/www.affinite.fr\/index.php\/2022\/11\/09\/formation-de-glacier-apprenez-le-metier-de-glacier-et-changez-votre-vie\/\">formation<\/a>, mission d&rsquo;int\u00e9r\u00eat g\u00e9n\u00e9ral<br \/>D\u00e9placements entre le domicile et le lieu d&rsquo;exercice de l&rsquo;activit\u00e9 professionnelle ou le lieu d&rsquo;enseignement et de formation, d\u00e9placements professionnels ne pouvant \u00eatre diff\u00e9r\u00e9s, livraisons \u00e0 domicile, d\u00e9placements pour effectuer des achats de fournitures n\u00e9cessaires \u00e0 l&rsquo;activit\u00e9 professionnelle, d\u00e9placements li\u00e9s \u00e0 des missions d&rsquo;int\u00e9r\u00eat g\u00e9n\u00e9ral sur demande de l&rsquo;autorit\u00e9 administrative<\/p>\n<p>7. Sant\u00e9 (consultations et soins)<br \/>D\u00e9placements pour des consultations, examens, actes de pr\u00e9vention (dont vaccination) et soins ne pouvant \u00eatre assur\u00e9s \u00e0 distance ou pour l&rsquo;achat de produits de sant\u00e9<\/p>\n<p>8. Motif familial imp\u00e9rieux, personnes vuln\u00e9rables ou pr\u00e9caires ou gardes d&rsquo;enfants<br \/>D\u00e9placements pour motif familial imp\u00e9rieux, pour l&rsquo;assistance aux personnes vuln\u00e9rables ou pr\u00e9caires ou pour la garde d&rsquo;enfants<\/p>\n<p>9. Situation de handicap<br \/>D\u00e9placements des personnes en situation de handicap et de leur accompagnant<\/p>\n<p>10. Convocation judiciaire ou administrative<br \/>D\u00e9placements pour r\u00e9pondre \u00e0 une convocation judiciaire ou administrative, d\u00e9placements pour se rendre chez un professionnel du droit, pour un acte ou une d\u00e9marche qui ne peuvent \u00eatre r\u00e9alis\u00e9s \u00e0 distance<\/p>\n<p>11. D\u00e9m\u00e9nagement<br \/>D\u00e9placements li\u00e9s \u00e0 un d\u00e9m\u00e9nagement r\u00e9sultant d&rsquo;un changement de domicile et d\u00e9placements indispensables \u00e0 l&rsquo;acquisition ou \u00e0 la location d&rsquo;une r\u00e9sidence principale, insusceptibles d&rsquo;\u00eatre diff\u00e9r\u00e9s<\/p>\n<p>12. D\u00e9placement de transit vers les gares et les a\u00e9roports<\/p>\n<div style=\"text-align:center\">\n<figure class=\"image\" style=\"display:inline-block\"><a class=\"fancy\" href=\"https:\/\/img-3.journaldesfemmes.fr\/kNQ684o_3MEvn409WvuaRq5xkD0=\/1080x\/smart\/1e193c9fd71048e68cf37cd23c97cdc4\/ccmcms-jdf\/24109866.jpg\"><img decoding=\"async\" alt=\"Taux d'incidence en France semaine glissante \" src=\"https:\/\/img-3.journaldesfemmes.fr\/kNQ684o_3MEvn409WvuaRq5xkD0=\/1080x\/smart\/1e193c9fd71048e68cf37cd23c97cdc4\/ccmcms-jdf\/24109866.jpg\"\/><\/a><figcaption data-credit=\"G\u00e9od\u00e8s\" data-legend=\"Taux d'incidence en France du 13 au 19 avril (semaine glissante)\">Taux d&rsquo;incidence en France du 13 au 19 avril (semaine glissante) <small>\u00a9\u00a0G\u00e9od\u00e8s<\/small><\/figcaption><\/figure>\n<\/div>\n<blockquote>\n<p><iframe loading=\"lazy\" height=\"600\" src=\"https:\/\/geodes.santepubliquefrance.fr\/?view=map2&amp;indics=sp_ti_tp_7j.tx_pe_gliss&amp;serie=2021-02-15-2021-02-21&amp;lang=fr&amp;iframe=1\" width=\"600\"><\/iframe><\/p>\n<\/blockquote>\n<p>Selon le dernier point \u00e9pid\u00e9miologique hebdomadaire\u00a0de Sant\u00e9 Publique France publi\u00e9 le 22 avril, en\u00a0semaine 15 (12-18 avril), les indicateurs \u00e9pid\u00e9miologiques restent\u00a0\u00e0 un niveau toujours \u00e9lev\u00e9, mais avec une <strong>tendance \u00e0 la diminution<\/strong> et une persistance de la tension hospitali\u00e8re :\u00a0<\/p>\n<ul>\n<li>Diminution des taux d&rsquo;incidence (-18%) et de d\u00e9pistage en comparaison \u00e0 la semaine pr\u00e9c\u00e9dente.<\/li>\n<li>L\u00e9g\u00e8re diminution des nouvelles hospitalisations (-4%) et admissions en soins critiques (-6%).<\/li>\n<li>Stabilisation \u00e0 un niveau \u00e9lev\u00e9 du nombre de patients en hospitalisation et en services de soins critiques.<\/li>\n<li>Mortalit\u00e9 li\u00e9e \u00e0 la Covid-19\u00a0toujours \u00e9lev\u00e9e.<\/li>\n<li>Les\u00a0r\u00e9gions \u00cele-de-France, Provence-Alpes-C\u00f4te d&rsquo;Azur et Hauts-de-France sont toujours tr\u00e8s touch\u00e9es.<\/li>\n<li>En\u00a0Outre-mer\u00a0: augmentation des taux d&rsquo;incidence et de positivit\u00e9 en Guyane.<\/li>\n<li>Variants : stabilisation de la proportion de suspicions de variants pr\u00e9occupants (VOC)\u00a0:\u00a0suspicions de variant anglais\u00a0majoritaires en m\u00e9tropole \u00e0 82,3%,\u00a0suspicions de variant sud-africain ou br\u00e9silien stables \u00e0 4,2%.<\/li>\n<\/ul>\n<h3 style=\"text-align: center;\">\u00c9volution des taux d&rsquo;incidence et de d\u00e9pistage par semaine, avec ou sans correction, depuis la semaine 23-2020, France (donn\u00e9es au 21avril 2021)<\/h3>\n<div style=\"text-align:center\">\n<figure class=\"image\" style=\"display:inline-block\"><a class=\"fancy\" href=\"https:\/\/img-3.journaldesfemmes.fr\/b6p5xKaZ9py_2s4APQUNnPWTIoI=\/1080x\/smart\/409233d2af324c68997db497624ccee9\/ccmcms-jdf\/24110018.jpg\"><img decoding=\"async\" alt=\"\u00c9volution des taux d\u2019incidence et de d\u00e9pistage par semaine, avec ou sans correction, depuis la semaine 23-2020, France (donn\u00e9es au 14 avril 2021)\" src=\"https:\/\/img-3.journaldesfemmes.fr\/VSm_2Hk12GYZodSDZcSbvh0J4PM=\/600x\/smart\/409233d2af324c68997db497624ccee9\/ccmcms-jdf\/24110018.jpg\"\/><\/a><figcaption data-credit=\"Sant\u00e9 publique France\" data-legend=\"\u00c9volution des taux d\u2019incidence et de d\u00e9pistage par semaine, avec ou sans correction, depuis la semaine 23-2020, France (donn\u00e9es au 21 avril 2021)\">\u00c9volution des taux d\u2019incidence et de d\u00e9pistage par semaine, avec ou sans correction, depuis la semaine 23-2020, France (donn\u00e9es au 21 avril 2021) <small>\u00a9\u00a0Sant\u00e9 publique France<\/small><\/figcaption><\/figure>\n<\/div>\n<p>Le gouvernement suit \u00e9galement l&rsquo;\u00e9volution du taux d&rsquo;occupation des lits en r\u00e9animation par des patients Covid-19 (sur les capacit\u00e9s initiales). Ce taux met en lumi\u00e8re une \u00e9ventuelle tension hospitali\u00e8re.\u00a0<\/p>\n<div style=\"text-align:center\">\n<figure class=\"image\" style=\"display:inline-block\"><a class=\"fancy\" href=\"https:\/\/img-3.journaldesfemmes.fr\/aCPrhZLwZj4s6pDVjc5pks1TB20=\/1080x\/smart\/978c7fb1c7cf4f0a91b15f4b730b38ef\/ccmcms-jdf\/24087711.png\"><img decoding=\"async\" alt=\"Taux d'occupation des lits en r\u00e9animation au 22 avril par des patients Covid-19\" src=\"https:\/\/img-3.journaldesfemmes.fr\/EpjXiJIb2CxYfUnFWpvHrSx_Mqs=\/450x\/smart\/978c7fb1c7cf4f0a91b15f4b730b38ef\/ccmcms-jdf\/24087711.png\"\/><\/a><figcaption data-credit=\"Gouvernement.fr\" data-legend=\"Taux d'occupation des lits en r\u00e9animation au 22 avril par des patients Covid-19\">Taux d&rsquo;occupation des lits en r\u00e9animation au 22 avril par des patients Covid-19 <small>\u00a9\u00a0Gouvernement.fr<\/small><\/figcaption><\/figure>\n<\/div>\n<p>\u2192 Le\u00a0<strong>pic \u00e9pid\u00e9mique<\/strong>\u00a0de la premi\u00e8re vague a \u00e9t\u00e9 observ\u00e9 la\u00a0<strong>semaine du 6\u00a0au 12\u00a0avril 2020<\/strong>, soit 15\u00a0jours\u00a0apr\u00e8s la mise en \u0153uvre des mesures de confinement de la population g\u00e9n\u00e9rale, le 17\u00a0mars 2020.<\/p>\n<p>\u2192 Le <strong>pic de la deuxi\u00e8me vague <\/strong>a eu lieu\u00a0du <strong>16\u00a0au 20\u00a0novembre,\u00a0<\/strong>trois semaines apr\u00e8s le deuxi\u00e8me confinement.<\/p>\n<p>\u2192 Le \u00ab\u00a0<em><strong>pic de la troisi\u00e8me vague semble derni\u00e8re nous \u00ab\u00a0<\/strong><\/em>\u00a0a indiqu\u00e9 le Premier ministre Jean Castex, le 22 avril.\u00a0<\/p>\n<p>Au 23\u00a0avril 2021, un total de<strong>\u00a05 440 946<\/strong><strong>\u00a0cas\u00a0confirm\u00e9s\u00a0<\/strong>de coronavirus est rapport\u00e9 depuis le d\u00e9but de la pand\u00e9mie.\u00a0Au niveau national, 226\u00a0512\u00a0nouveaux cas ont \u00e9t\u00e9 confirm\u00e9s sur la semaine 15 (12-18 avril), soit pr\u00e8s de<strong> 32\u00a0400\u00a0cas en moyenne chaque jour.<\/strong> Le taux d&rsquo;incidence du virus a diminu\u00e9 de\u00a0-18%) et le taux de d\u00e9pistage de -23%.\u00a0<\/p>\n<div style=\"text-align:center\">\n<figure class=\"image\" style=\"display:inline-block\"><a class=\"fancy\" href=\"https:\/\/img-3.journaldesfemmes.fr\/iOD9NAQCy6tTfvwwWyWBF2hTv6U=\/1080x\/smart\/399e694d16c44a0593a41cfcbf12d0a0\/ccmcms-jdf\/24109983.jpg\"><img decoding=\"async\" alt=\"Nombre incident de cas confirm\u00e9s de COVID-19 par semaine (date de pr\u00e9l\u00e8vement) rapport\u00e9s \u00e0 Sant\u00e9 publique France du 11 mai 2020 au 11 avril 2021, France (donn\u00e9es au 14 avril 2021) (donn\u00e9es non corrig\u00e9es pour S14)\" src=\"https:\/\/img-3.journaldesfemmes.fr\/iOD9NAQCy6tTfvwwWyWBF2hTv6U=\/1080x\/smart\/399e694d16c44a0593a41cfcbf12d0a0\/ccmcms-jdf\/24109983.jpg\"\/><\/a><figcaption data-credit=\"Sant\u00e9 publique France\" data-legend=\"Nombre incident de cas confirm\u00e9s de COVID-19 par semaine (date de pr\u00e9l\u00e8vement) rapport\u00e9s \u00e0 Sant\u00e9 publique France du 11 mai 2020 au 18 avril 2021, France (donn\u00e9es au 14 avril 2021) (donn\u00e9es non corrig\u00e9es pour S14)\">Nombre incident de cas confirm\u00e9s de COVID-19 par semaine (date de pr\u00e9l\u00e8vement) rapport\u00e9s \u00e0 Sant\u00e9 publique France du 11 mai 2020 au 18 avril 2021, France (donn\u00e9es au 14 avril 2021) (donn\u00e9es non corrig\u00e9es pour S14) <small>\u00a9\u00a0Sant\u00e9 publique France<\/small><\/figcaption><\/figure>\n<\/div>\n<p>Vendredi 23\u00a0avril,<strong>\u00a032 340\u00a0<\/strong><strong>nouvelles personnes<\/strong>\u00a0ont re\u00e7u un test positif au Covid-19 par rapport \u00e0 la veille.\u00a0\u00a0Au niveau national, 226\u00a0512\u00a0nouveaux cas ont \u00e9t\u00e9 confirm\u00e9s sur la semaine 15\u00a0(12-18\u00a0avril), soit pr\u00e8s de<strong> 32\u00a0400\u00a0cas en moyenne chaque jour.<\/strong><\/p>\n<h3 style=\"text-align: center;\">Taux d&rsquo;incidence &#8211; quotidien &#8211; tous \u00e2ges jusqu&rsquo;au 19 avril 2021<\/h3>\n<div style=\"text-align:center\">\n<figure class=\"image\" style=\"display:inline-block\"><a class=\"fancy\" href=\"https:\/\/img-3.journaldesfemmes.fr\/_bQU2EneXju5jTnjEgGhTjq7K7s=\/1080x\/smart\/b3948a12e10e463eb4ba2a7f3935111d\/ccmcms-jdf\/24110095.jpg\"><img decoding=\"async\" alt=\"Taux d'incidence - quotidien - tous \u00e2ges jusqu'au 12 avril 2021\" src=\"https:\/\/img-3.journaldesfemmes.fr\/_bQU2EneXju5jTnjEgGhTjq7K7s=\/1080x\/smart\/b3948a12e10e463eb4ba2a7f3935111d\/ccmcms-jdf\/24110095.jpg\"\/><\/a><figcaption data-credit=\"G\u00e9od\u00e8s\" data-legend=\"Taux d'incidence - quotidien - tous \u00e2ges jusqu'au 19 avril 2021\">Taux d&rsquo;incidence &#8211; quotidien &#8211; tous \u00e2ges jusqu&rsquo;au 19 avril 2021 <small>\u00a9\u00a0G\u00e9od\u00e8s<\/small><\/figcaption><\/figure>\n<\/div>\n<p><strong>Vendredi 23<\/strong>\u00a0<strong>avril,<\/strong>\u00a0<strong>5 962\u00a0personnes sont\u00a0hospitalis\u00e9es\u00a0en\u00a0r\u00e9animation (-19\u00a0au cours des derni\u00e8res 24 heures).<\/strong>\u00a0Le taux d&rsquo;admissions en services de soins critiques \u00e9tait en l\u00e9g\u00e8re diminution en semaine 15 (12-18 avril) \u00e0<strong> -6%.<\/strong> En \u00ab\u00a0r\u00e9animation\u00a0\u00bb, les nouvelles admissions de patients Covid ont diminu\u00e9 de -9%. Le terme \u00ab\u00a0r\u00e9animation\u00a0\u00bb\u00a0utilis\u00e9 auparavant pour regrouper l&rsquo;ensemble des services de soins critiques, est d\u00e9sormais remplac\u00e9 par \u00ab\u00a0soins critiques\u00a0\u00bb\u00a0ce qui permet de diff\u00e9rencier le service de r\u00e9animation proprement dit des autres services appartenant \u00e0 cet ensemble (comme les soins intensifs ou les soins continus).<\/p>\n<div style=\"text-align:center\">\n<figure class=\"image\" style=\"display:inline-block\"><a class=\"fancy\" href=\"https:\/\/img-3.journaldesfemmes.fr\/-rGrNT-a9PRLcOvOSI7uASTGj-U=\/1080x\/smart\/f542147dbd97451ca218bbeecee9f2c7\/ccmcms-jdf\/24110161.jpg\"><img decoding=\"async\" alt=\"courbe des patients covid en r\u00e9animation en france\" src=\"https:\/\/img-3.journaldesfemmes.fr\/-rGrNT-a9PRLcOvOSI7uASTGj-U=\/1080x\/smart\/f542147dbd97451ca218bbeecee9f2c7\/ccmcms-jdf\/24110161.jpg\"\/><\/a><figcaption data-credit=\"Sant\u00e9 publique France\" data-legend=\" Nombre de patients COVID-19 en services de soins critiques, par date de d\u00e9claration, depuis le 23 mars 2020, France (donn\u00e9es au 20 avril 2021)\">Nombre de patients COVID-19 en services de soins critiques, par date de d\u00e9claration, depuis le 23 mars 2020, France (donn\u00e9es au 20 avril 2021) <small>\u00a9\u00a0Sant\u00e9 publique France<\/small><\/figcaption><\/figure>\n<\/div>\n<div style=\"text-align:center\">\n<figure class=\"image\" style=\"display:inline-block\"><a class=\"fancy\" href=\"https:\/\/img-3.journaldesfemmes.fr\/QHIaPWITq7k4BVSvbFB_i4s9zTI=\/1080x\/smart\/349a10fbbcb34ac38c80c74a1667f6be\/ccmcms-jdf\/24110209.jpg\"><img decoding=\"async\" alt=\"Taux hebdomadaires d\u2019admissions de patients COVID-19 en services de soins critiques par classe d\u2019\u00e2ge selon la date d\u2019admission, depuis le 02 mars 2020, France (donn\u00e9es au 20 avril 2021)\" src=\"https:\/\/img-3.journaldesfemmes.fr\/QHIaPWITq7k4BVSvbFB_i4s9zTI=\/1080x\/smart\/349a10fbbcb34ac38c80c74a1667f6be\/ccmcms-jdf\/24110209.jpg\"\/><\/a><figcaption data-credit=\"Sant\u00e9 Publique France\" data-legend=\"Taux hebdomadaires d\u2019admissions de patients COVID-19 en services de soins critiques par classe d\u2019\u00e2ge selon la date d\u2019admission, depuis le 02 mars 2020, France (donn\u00e9es au 20 avril 2021)\">Taux hebdomadaires d\u2019admissions de patients COVID-19 en services de soins critiques par classe d\u2019\u00e2ge selon la date d\u2019admission, depuis le 02 mars 2020, France (donn\u00e9es au 20 avril 2021) <small>\u00a9\u00a0Sant\u00e9 Publique France<\/small><\/figcaption><\/figure>\n<\/div>\n<p>Selon les <a href=\"https:\/\/www.gouvernement.fr\/info-coronavirus\/carte-et-donnees\" target=\"_blank\" rel=\"noopener noreferrer\">chiffres communiqu\u00e9s par le gouvernement<\/a>, consolid\u00e9s avec l&rsquo;Agence Sant\u00e9 Publique France et\u00a0les ARS (Agences r\u00e9gionales de Sant\u00e9), voici l&rsquo;\u00e9volution des hospitalisations (dont la r\u00e9animation) et des d\u00e9c\u00e8s\u00a0en France par r\u00e9gion.<\/p>\n<h3 style=\"text-align: center;\"><a id=\"cas-covid-19-tableau-par-region\" name=\"cas-covid-19-tableau-par-region\">Evolution des hospitalisations (dont en r\u00e9animation) et d\u00e9c\u00e8s \u00e0 l&rsquo;h\u00f4pital du Covid-19\u00a0par r\u00e9gion au 22\u00a0avril<\/a><\/h3>\n<table border=\"1\" cellpadding=\"1\" cellspacing=\"1\" style=\"width:100%;\">\n<thead>\n<tr>\n<th scope=\"col\" style=\"width: 199px;\">R\u00e9gions<\/th>\n<th scope=\"col\" style=\"width: 162px; text-align: center;\">Hospitalisations en cours<\/th>\n<th scope=\"col\" style=\"width: 143px; text-align: center;\">Evolution des nouveaux patients sur les\u00a0 derni\u00e8res 24\u00a0H<\/th>\n<th scope=\"col\" style=\"width: 149px; text-align: center;\">R\u00e9animation Soins intensif<\/th>\n<th scope=\"col\" style=\"width: 155px; text-align: center;\">Evolution des nouveaux patients sur les\u00a0 derni\u00e8res 24\u00a0H<\/th>\n<th scope=\"col\" style=\"width: 220px; text-align: center;\">D\u00e9c\u00e8s<\/th>\n<\/tr>\n<tr>\n<td style=\"width: 199px;\"><b>\u00cele-de-France<\/b><\/td>\n<td style=\"width: 162px;\">7 927<\/td>\n<td style=\"width: 143px;\">-97<\/td>\n<td style=\"width: 149px;\">1 767<\/td>\n<td style=\"width: 155px;\">-3<\/td>\n<td style=\"width: 220px;\">18 423<\/td>\n<\/tr>\n<tr>\n<td style=\"width: 199px;\"><strong>Grand Est<\/strong><\/td>\n<td style=\"width: 162px;\">2 678<\/td>\n<td style=\"width: 143px;\">-51<\/td>\n<td style=\"width: 149px;\">507<\/td>\n<td style=\"width: 155px;\">+1<\/td>\n<td style=\"width: 220px;\">9 456<\/td>\n<\/tr>\n<tr>\n<td style=\"width: 199px;\"><strong>Auvergne-Rh\u00f4ne-Alpes<\/strong><\/td>\n<td style=\"width: 162px;\">3 801<\/td>\n<td style=\"width: 143px;\">-18<\/td>\n<td style=\"width: 149px;\">688<\/td>\n<td style=\"width: 155px;\">NC<\/td>\n<td style=\"width: 220px;\">10 715<\/td>\n<\/tr>\n<tr>\n<td style=\"width: 199px;\"><strong>Hauts-de-France<\/strong><\/td>\n<td style=\"width: 162px;\">3 558<\/td>\n<td style=\"width: 143px;\">-4<\/td>\n<td style=\"width: 149px;\">716<\/td>\n<td style=\"width: 155px;\">+12<\/td>\n<td style=\"width: 220px;\">8 090<\/td>\n<\/tr>\n<tr>\n<td style=\"width: 199px;\"><strong>Bourgogne-Franche-Comt\u00e9<\/strong><\/td>\n<td style=\"width: 162px;\">1 357<\/td>\n<td style=\"width: 143px;\">+7<\/td>\n<td style=\"width: 149px;\">\n<p>220<\/p>\n<\/td>\n<td style=\"width: 155px;\">+5<\/td>\n<td style=\"width: 220px;\">4 436<\/td>\n<\/tr>\n<tr>\n<td style=\"width: 199px;\"><strong>Provence-Alpes-C\u00f4te d&rsquo;Azur<\/strong><\/td>\n<td style=\"width: 162px;\">3 126<\/td>\n<td style=\"width: 143px;\">-66<\/td>\n<td style=\"width: 149px;\">546<\/td>\n<td style=\"width: 155px;\">-14<\/td>\n<td style=\"width: 220px;\">7 291<\/td>\n<\/tr>\n<tr>\n<td style=\"width: 199px;\"><strong>Occitanie<\/strong><\/td>\n<td style=\"width: 162px;\">1 874<\/td>\n<td style=\"width: 143px;\">-20<\/td>\n<td style=\"width: 149px;\">407<\/td>\n<td style=\"width: 155px;\">+3<\/td>\n<td style=\"width: 220px;\">4 025<\/td>\n<\/tr>\n<tr>\n<td style=\"width: 199px;\"><strong>Bretagne<\/strong><\/td>\n<td style=\"width: 162px;\">804<\/td>\n<td style=\"width: 143px;\">+1<\/td>\n<td style=\"width: 149px;\">127<\/td>\n<td style=\"width: 155px;\">-3<\/td>\n<td style=\"width: 220px;\">1 450<\/td>\n<\/tr>\n<tr>\n<td style=\"width: 199px;\"><strong>Nouvelle-Aquitaine<\/strong><\/td>\n<td style=\"width: 162px;\">1 333<\/td>\n<td style=\"width: 143px;\">+16<\/td>\n<td style=\"width: 149px;\">268<\/td>\n<td style=\"width: 155px;\">-5<\/td>\n<td style=\"width: 220px;\">3 437<\/td>\n<\/tr>\n<tr>\n<td style=\"width: 199px;\"><strong><a href=\"http:\/\/www.affinite.fr\/index.php\/2024\/11\/21\/construire-votre-maison-en-normandie\/\">Normandie<\/a><\/strong><\/td>\n<td style=\"width: 162px;\">1 509<\/td>\n<td style=\"width: 143px;\">\n<p>-6<\/p>\n<\/td>\n<td style=\"width: 149px;\">230<\/td>\n<td style=\"width: 155px;\">+4<\/td>\n<td style=\"width: 220px;\">2 935<\/td>\n<\/tr>\n<tr>\n<td style=\"width: 199px;\"><strong>Centre Val-de-Loire<\/strong><\/td>\n<td style=\"width: 162px;\">1 168<\/td>\n<td style=\"width: 143px;\">-6<\/td>\n<td style=\"width: 149px;\">231<\/td>\n<td style=\"width: 155px;\">+7<\/td>\n<td style=\"width: 220px;\">2 423<\/td>\n<\/tr>\n<tr>\n<td style=\"width: 199px;\"><strong>Pays de la Loire<\/strong><\/td>\n<td style=\"width: 162px;\">927<\/td>\n<td style=\"width: 143px;\">+23<\/td>\n<td style=\"width: 149px;\">146<\/td>\n<td style=\"width: 155px;\">-3<\/td>\n<td style=\"width: 220px;\">2 450<\/td>\n<\/tr>\n<tr>\n<td style=\"width: 199px;\"><strong>Corse<\/strong><\/td>\n<td style=\"width: 162px;\">87<\/td>\n<td style=\"width: 143px;\">-4<\/td>\n<td style=\"width: 149px;\">14<\/td>\n<td style=\"width: 155px;\">-1<\/td>\n<td style=\"width: 220px;\">185<\/td>\n<\/tr>\n<tr>\n<td style=\"width: 199px;\"><strong>Martinique<\/strong><\/td>\n<td style=\"width: 162px;\">125<\/td>\n<td style=\"width: 143px;\">-6<\/td>\n<td style=\"width: 149px;\">32<\/td>\n<td style=\"width: 155px;\">-1<\/td>\n<td style=\"width: 220px;\">69<\/td>\n<\/tr>\n<tr>\n<td style=\"width: 199px;\"><strong>Guadeloupe<\/strong><\/td>\n<td style=\"width: 162px;\">135<\/td>\n<td style=\"width: 143px;\">+13<\/td>\n<td style=\"width: 149px;\">25<\/td>\n<td style=\"width: 155px;\">-3<\/td>\n<td style=\"width: 220px;\">225<\/td>\n<\/tr>\n<tr>\n<td style=\"width: 199px;\"><strong>La R\u00e9union<\/strong><\/td>\n<td style=\"width: 162px;\">150<\/td>\n<td style=\"width: 143px;\">NC<\/td>\n<td style=\"width: 149px;\">39<\/td>\n<td style=\"width: 155px;\">+1<\/td>\n<td style=\"width: 220px;\">154<\/td>\n<\/tr>\n<tr>\n<td style=\"width: 199px;\"><strong>Guyane<\/strong><\/td>\n<td style=\"width: 162px;\">58<\/td>\n<td style=\"width: 143px;\">+2<\/td>\n<td style=\"width: 149px;\">\n<p>13<\/p>\n<\/td>\n<td style=\"width: 155px;\">+1<\/td>\n<td style=\"width: 220px;\">92<\/td>\n<\/tr>\n<tr>\n<td style=\"width: 199px;\"><strong>Mayotte<\/strong><\/td>\n<td style=\"width: 162px;\">17<\/td>\n<td style=\"width: 143px;\">-1<\/td>\n<td style=\"width: 149px;\">5<\/td>\n<td style=\"width: 155px;\">\n<p>+1<\/p>\n<\/td>\n<td style=\"width: 220px;\">124<\/td>\n<\/tr>\n<tr>\n<td style=\"width: 199px;\"><strong>TOTAL<\/strong><\/td>\n<td style=\"width: 162px;\"><b>30 634<\/b><\/td>\n<td style=\"width: 143px;\">-217<\/td>\n<td style=\"width: 149px;\"><b>5 981<\/b><\/td>\n<td style=\"width: 155px;\">+2<\/td>\n<td style=\"width: 220px;\">\n<p><b>75 980<\/b><\/p>\n<\/td>\n<\/tr>\n<\/thead>\n<\/table>\n<p><strong>102 473 d\u00e9c\u00e8s sont recens\u00e9s au 23\u00a0avril\u00a0<\/strong>dont 76 289\u00a0\u00e0 l&rsquo;h\u00f4pital\u00a0(+309 au cours des 24 derni\u00e8res heures), selon les chiffres du gouvernement.<\/p>\n<ul>\n<li>L&rsquo;\u00e2ge m\u00e9dian au d\u00e9c\u00e8s est de 85\u00a0ans<\/li>\n<li>93% des personnes d\u00e9c\u00e9d\u00e9es du Covid \u00e0 l&rsquo;h\u00f4pital avaient 65\u00a0ans et plus.<\/li>\n<li>Les hommes repr\u00e9sentent 55% de ces d\u00e9c\u00e8s.<\/li>\n<li>En semaine 15\u00a0(12-18 avril), les plus<strong> forts taux de d\u00e9c\u00e8s<\/strong> par r\u00e9gion rapport\u00e9s \u00e0 la population \u00e9taient observ\u00e9s en<strong> \u00cele-de-France<\/strong>, Hauts-de-France, Provence-Alpes-C\u00f4te d&rsquo;Azur, Bourgogne-Franche-Comt\u00e9, Auvergne-Rh\u00f4ne-Alpes et Grand Est.<\/li>\n<\/ul>\n<div style=\"text-align:center\">\n<figure class=\"image\" style=\"display:inline-block\"><a class=\"fancy\" href=\"https:\/\/img-3.journaldesfemmes.fr\/R4Tr9rNsuW7XNt7oe9N73fojNmY=\/1080x\/smart\/27a78ffb330a4db98164dc5df4922dae\/ccmcms-jdf\/24110256.jpg\"><img decoding=\"async\" alt=\"Nombre hebdomadaire de nouveaux d\u00e9c\u00e8s de patients COVID-19 selon la date de d\u00e9claration, depuis le 23 mars 2020, France (donn\u00e9es au 18 avril 2021)\" src=\"https:\/\/img-3.journaldesfemmes.fr\/R4Tr9rNsuW7XNt7oe9N73fojNmY=\/1080x\/smart\/27a78ffb330a4db98164dc5df4922dae\/ccmcms-jdf\/24110256.jpg\"\/><\/a><figcaption data-credit=\"Sant\u00e9 publique France\" data-legend=\"Nombre hebdomadaire de nouveaux d\u00e9c\u00e8s de patients COVID-19 selon la date de d\u00e9claration, depuis le 23 mars 2020, France (donn\u00e9es au 18 avril 2021)\">Nombre hebdomadaire de nouveaux d\u00e9c\u00e8s de patients COVID-19 selon la date de d\u00e9claration, depuis le 23 mars 2020, France (donn\u00e9es au 18 avril 2021) <small>\u00a9\u00a0Sant\u00e9 publique France<\/small><\/figcaption><\/figure>\n<\/div>\n<aside id=\"NL_1617993677\" class=\"newsletter_subscription jNlBlock\"><noscript><br \/>\n            <\/noscript><\/p>\n<h3 class=\"newsletter_subscription-title\">Newsletter <\/h3>\n<p><a href=\"\/\/mailing.ccmbg.com\/archive\/last-85\" target=\"_blank\" class=\"a_hover\" rel=\"noopener noreferrer\">Voir un exemple<\/a><\/p>\n<\/aside>\n<p>La France a franchi la barre des 40 000 morts samedi 7 novembre 2020,\u00a0celle des 50 000 le 24 novembre,\u00a0celle des 60 000 le 18 d\u00e9cembre, celle des 90 000 le 12 mars 2021 et celle des<strong> 100 000 le 15 avril 2021<\/strong>.\u00a0<strong>Un pic de mortalit\u00e9 a \u00e9t\u00e9 atteint\u00a0le 9\u00a0novembre 2020\u00a0<\/strong>(40 987\u00a0morts, dont 548 en 24 heures).\u00a0<\/p>\n<p><iframe loading=\"lazy\" height=\"1000\" src=\"https:\/\/mapthenews.maps.arcgis.com\/apps\/opsdashboard\/index.html#\/bae8aaa7a0b14261b4621c31db410c44\" style=\"border: 0px\" width=\"600\"><\/iframe><\/p>\n<section>\n<blockquote>\n<p style=\"text-align: right;\">\u00a0<\/p>\n<\/blockquote>\n<p>En France m\u00e9tropolitaine, les estimations du R-effectif calcul\u00e9es \u00e0 partir des trois sources de donn\u00e9es <strong>repassent sous 1 <\/strong>en semaine 15 (12-18 avril) : virologiques (0,95), passages aux urgences (0,94) et hospitalisations de patients COVID-19\u00a0(0,95). Au global, au 17 avril il est \u00e0 <strong>0.97<\/strong>.\u00a0Les taux de reproduction du virus appel\u00e9s \u00ab\u00a0R-effectifs\u00a0\u00bb ou \u00ab\u00a0Reff\u00a0\u00bb\u00a0permettent de d\u00e9crire la dynamique de l&rsquo;\u00e9pid\u00e9mie\u00a0: lorsque le Reff est significativement sup\u00e9rieur \u00e0 1, ceci signifie que l&rsquo;\u00e9pid\u00e9mie est en progression car un malade contamine plus d&rsquo;une autre personne, lorsqu&rsquo;il est \u00e9gal \u00e0 1,<strong> l&rsquo;\u00e9pid\u00e9mie se stabilise<\/strong>, lorsqu&rsquo;il est significativement inf\u00e9rieur \u00e0 1, l&rsquo;\u00e9pid\u00e9mie r\u00e9gresse.\u00a0<\/p>\n<p>Le d\u00e9pistage du Covid-19 est r\u00e9alis\u00e9 en France par RT-PCT et par tests antig\u00e9niques. Depuis le 11 f\u00e9vrier, les tests salivaires sont d\u00e9ploy\u00e9s dans les\u00a0\u00e9tablissements scolaires et peuvent \u00eatre utilis\u00e9s en premi\u00e8re intention pour d\u00e9pister la Covid-19, conform\u00e9ment aux recommandations de la <a href=\"https:\/\/www.has-sante.fr\/jcms\/p_3237053\/fr\/tests-rt-pcr-salivaires-la-has-etend-leur-utilisation-et-definit-les-modalites-pratiques-de-realisation\" target=\"_blank\" rel=\"noopener noreferrer\">HAS<\/a>. Depuis le 12 avril, des autotests Covid sont aussi disponibles en vente libre dans les pharmacies fran\u00e7aises (non rembours\u00e9). Au 23\u00a0avril, le<strong> taux de positivit\u00e9 <\/strong>national s&rsquo;\u00e9tablit \u00e0<strong>\u00a010\u00a0%.<\/strong>\u00a0<em>\u00ab\u00a0Il reste d\u00e9terminant que chaque personne pr\u00e9sentant des sympt\u00f4mes \u00e9vocateurs de COVID-19\u00a0s&rsquo;isole imm\u00e9diatement et r\u00e9alise un test diagnostique dans les plus brefs d\u00e9lais\u00a0\u00bb<\/em> rappelle Sant\u00e9 Publique France dans ses bulletins hebdomadaires.<\/p>\n<p>Si au d\u00e9but, on ne parlait que de fi\u00e8vre, toux s\u00e8che, rhume, \u00e9tat grippal et de fatigue, les sympt\u00f4mes de l&rsquo;infection par le coronavirus ont \u00e9volu\u00e9. On sait d\u00e9sormais que le virus peut avoir des <strong>effets sur la peau<\/strong> (urticaire, l\u00e9sions inflammatoires sur les orteils), la sph\u00e8re digestive (vomissements, diarrh\u00e9es&#8230;), <strong>l&rsquo;odorat<\/strong>, le <strong>go\u00fbt <\/strong>et m\u00eame le cerveau.<em> <\/em><\/p>\n<p>\u2192<strong> Chaque personne pr\u00e9sentant des sympt\u00f4mes \u00e9vocateurs de COVID-19 doit s&rsquo;isoler imm\u00e9diatement et r\u00e9aliser un test diagnostique<\/strong> dans les plus brefs d\u00e9lais (sans avoir d&rsquo;ordonnance).<\/p>\n<p>\u2192<strong> <\/strong><strong>Appeler le\u00a015\u00a0en cas de\u00a0difficult\u00e9s respiratoires\u00a0: \u00ab\u00a0<\/strong><em>Si la toux et la\u00a0fi\u00e8vre s&rsquo;accompagnent d&rsquo;une g\u00eane respiratoire qui devient permanente avec souffle court, difficult\u00e9 \u00e0 inspirer et \u00e0 expirer, d&rsquo;une aggravation importante de la toux, cela peut signifier une \u00e9volution de la maladie sous la forme d&rsquo;une pneumopathie. Il s&rsquo;agit alors d&rsquo;une urgence respiratoire potentielle et comme dans tous les cas d&rsquo;urgence, il faut alors appeler le 15\u00a0qui prendra les meilleures dispositions pour r\u00e9pondre \u00e0 la situation\u00a0\u00bb, <\/em>pr\u00e9vient le Dr\u00a0Patrick Aub\u00e9, m\u00e9decin g\u00e9n\u00e9raliste. \u00a0<\/p>\n<div class=\"ccminsert\">\n<aside class=\"app_widget_fo app_widget_fo--list app_widget_fo--list-2-col\">\n<ul>\n<li>\n<h3>\n                    <a href=\"https:\/\/sante.journaldesfemmes.fr\/fiches-maladies\/2696267-covid-long-c-est-quoi-symptomes-contagieux-fatigue-prise-en-charge-france-traitement-pourcentage\/\" class=\"jGTMWidgetGAEventClick\" data-gtmwidgetgaeventaction=\"clickWidgetListOnTwoColumns\" data-gtmwidgetgaeventlabel=\"Covid long\u00a0: sympt\u00f4mes, traitement, c'est quoi\u00a0?\"><br \/>\n                        Covid long\u00a0: sympt\u00f4mes, traitement, c&rsquo;est quoi\u00a0?<br \/>\n                    <\/a><br \/>\n                <\/h3>\n<\/li>\n<li>\n<h3>\n                    <a href=\"https:\/\/sante.journaldesfemmes.fr\/fiches-maladies\/2665621-angine-ou-covid-19-symptomes-signes-fievre-mal-gorge-test-difference-contagion\/\" class=\"jGTMWidgetGAEventClick\" data-gtmwidgetgaeventaction=\"clickWidgetListOnTwoColumns\" data-gtmwidgetgaeventlabel=\"Angine ou Covid-19\u00a0: sympt\u00f4mes, diff\u00e9rences, test, contagion\"><br \/>\n                        Angine ou Covid-19\u00a0: sympt\u00f4mes, diff\u00e9rences, test, contagion<br \/>\n                    <\/a><br \/>\n                <\/h3>\n<\/li>\n<li>\n<h3>\n                    <a href=\"https:\/\/sante.journaldesfemmes.fr\/fiches-maladies\/2701631-probleme-maladie-foie-covid-atteinte-cancer-complication-sequelles-symptomes-risque-vaccination\/\" class=\"jGTMWidgetGAEventClick\" data-gtmwidgetgaeventaction=\"clickWidgetListOnTwoColumns\" data-gtmwidgetgaeventlabel=\"Probl\u00e8me au foie et Covid\u00a0: risques, s\u00e9quelles, vaccination\"><br \/>\n                        Probl\u00e8me au foie et Covid\u00a0: risques, s\u00e9quelles, vaccination<br \/>\n                    <\/a><br \/>\n                <\/h3>\n<\/li>\n<li>\n<h3>\n                    <a href=\"https:\/\/sante.journaldesfemmes.fr\/fiches-maladies\/2701633-fievre-covid-duree-obligatoire-que-faire-que-prendre-combien-temperature\/\" class=\"jGTMWidgetGAEventClick\" data-gtmwidgetgaeventaction=\"clickWidgetListOnTwoColumns\" data-gtmwidgetgaeventlabel=\"Fi\u00e8vre et Covid\u00a0: dur\u00e9e, temp\u00e9rature, est-ce obligatoire\u00a0?\"><br \/>\n                        Fi\u00e8vre et Covid\u00a0: dur\u00e9e, temp\u00e9rature, est-ce obligatoire\u00a0?<br \/>\n                    <\/a><br \/>\n                <\/h3>\n<\/li>\n<li>\n<h3>\n                    <a href=\"https:\/\/sante.journaldesfemmes.fr\/fiches-maladies\/2661241-rhume-ou-covid-19-symptomes-tableau-differences-ecole-que-faire-comment-savoir-travail\/\" class=\"jGTMWidgetGAEventClick\" data-gtmwidgetgaeventaction=\"clickWidgetListOnTwoColumns\" data-gtmwidgetgaeventlabel=\"Rhume ou Covid-19\u00a0: sympt\u00f4mes, tableau, \u00e9cole, que faire\u00a0?\"><br \/>\n                        Rhume ou Covid-19\u00a0: sympt\u00f4mes, tableau, \u00e9cole, que faire\u00a0?<br \/>\n                    <\/a><br \/>\n                <\/h3>\n<\/li>\n<li>\n<h3>\n                    <a href=\"https:\/\/sante.journaldesfemmes.fr\/fiches-maladies\/2626825-covid-ou-allergie-pollen-coronavirus-asthme-symptomes-toux-yeux-traitement\/\" class=\"jGTMWidgetGAEventClick\" data-gtmwidgetgaeventaction=\"clickWidgetListOnTwoColumns\" data-gtmwidgetgaeventlabel=\"Covid ou allergie au pollen\u00a0: sympt\u00f4mes, diff\u00e9rences, traitements\"><br \/>\n                        Covid ou allergie au pollen\u00a0: sympt\u00f4mes, diff\u00e9rences, traitements<br \/>\n                    <\/a><br \/>\n                <\/h3>\n<\/li>\n<li>\n<h3>\n                    <a href=\"https:\/\/sante.journaldesfemmes.fr\/fiches-maladies\/2676955-covid-19-ou-gastro-enterite-difference-symptomes-fievre-diarrhee-que-faire-complications\/\" class=\"jGTMWidgetGAEventClick\" data-gtmwidgetgaeventaction=\"clickWidgetListOnTwoColumns\" data-gtmwidgetgaeventlabel=\"Covid\u00a0ou gastro-ent\u00e9rite\u00a0: sympt\u00f4mes, quelles diff\u00e9rences\u00a0?\"><br \/>\n                        Covid\u00a0ou gastro-ent\u00e9rite\u00a0: sympt\u00f4mes, quelles diff\u00e9rences\u00a0?<br \/>\n                    <\/a><br \/>\n                <\/h3>\n<\/li>\n<li>\n<h3>\n                    <a href=\"https:\/\/sante.journaldesfemmes.fr\/fiches-sante-du-quotidien\/2627543-perte-gout-agueusie-covid-19-def-duree-cause-partielle-traitement-soigner\/\" class=\"jGTMWidgetGAEventClick\" data-gtmwidgetgaeventaction=\"clickWidgetListOnTwoColumns\" data-gtmwidgetgaeventlabel=\"Perte du go\u00fbt (agueusie)\u00a0: dur\u00e9e, Covid, comment soigner\u00a0?\"><br \/>\n                        Perte du go\u00fbt (agueusie)\u00a0: dur\u00e9e, Covid, comment soigner\u00a0?<br \/>\n                    <\/a><br \/>\n                <\/h3>\n<\/li>\n<li>\n<h3>\n                    <a href=\"https:\/\/sante.journaldesfemmes.fr\/fiches-maladies\/2683439-symptomes-covid-19-coronavirus-boutons-visage-corps-dermatologiques-peau-bras-pieds-engelure\/\" class=\"jGTMWidgetGAEventClick\" data-gtmwidgetgaeventaction=\"clickWidgetListOnTwoColumns\" data-gtmwidgetgaeventlabel=\"Sympt\u00f4mes Covid sur la peau\u00a0: engelures, boutons, quand consulter\u00a0?\"><br \/>\n                        Sympt\u00f4mes Covid sur la peau\u00a0: engelures, boutons, quand consulter\u00a0?<br \/>\n                    <\/a><br \/>\n                <\/h3>\n<\/li>\n<li>\n<h3>\n                    <a href=\"https:\/\/sante.journaldesfemmes.fr\/fiches-maladies\/2630069-coronavirus-covid-19-cerveau-symptomes-sequelles-odorat-effet-lesion-attaque\/\" class=\"jGTMWidgetGAEventClick\" data-gtmwidgetgaeventaction=\"clickWidgetListOnTwoColumns\" data-gtmwidgetgaeventlabel=\"Coronavirus\u00a0et cerveau\u00a0: effets, quels sympt\u00f4mes\u00a0?\"><br \/>\n                        Coronavirus\u00a0et cerveau\u00a0: effets, quels sympt\u00f4mes\u00a0?<br \/>\n                    <\/a><br \/>\n                <\/h3>\n<\/li>\n<\/ul>\n<\/aside>\n<\/div>\n<p>La vaccination contre la Covid-19 se poursuit en France avec les vaccins Pfizer-BioNTech,\u00a0Moderna et AstraZeneca (chez les m\u00e9decins g\u00e9n\u00e9ralistes,\u00a0au travail et en pharmacie). Le vaccin <strong>Janssen <\/strong>commence \u00e0 arriver le 24 avril dans les pharmacies, avec les m\u00eames conditions d&rsquo;administration qu&rsquo;AstraZeneca. La prise de<strong> rendez-vous<\/strong> est ouverte<b> <\/b>sur les sites Internet <strong>Doctolib, Maiia et KelDoc<\/strong> et peut aussi se faire en contactant par t\u00e9l\u00e9phone le <strong>centre de vaccination<\/strong> le plus proche de chez soi (liste disponible sur\u00a0<a href=\"https:\/\/www.sante.fr\/centres-vaccination-covid.html\" target=\"_blank\" rel=\"noopener noreferrer\">Sante.fr<\/a>).\u00a0En cas de difficult\u00e9, le num\u00e9ro vert national :<strong> 0\u00a0800\u00a0009\u00a0110<\/strong>,\u00a0permet d&rsquo;\u00eatre redirig\u00e9 vers le standard t\u00e9l\u00e9phonique d&rsquo;un centre ou d&rsquo;obtenir un accompagnement \u00e0 la prise de rendez-vous.<\/p>\n<ul>\n<li>Le lundi 12\u00a0avril,\u00a0toutes les personnes de\u00a0<strong>55\u00a0ans<\/strong> et<strong> <\/strong>plus peuvent se faire vacciner avec le vaccin d&rsquo;<strong>AstraZeneca en pharmacie.<\/strong><\/li>\n<li>Le vendredi\u00a016\u00a0avril, la vaccination est ouverte \u00e0 tous les <strong>plus de 60\u00a0ans<\/strong>, sans conditions,<strong> en centre de vaccination<\/strong> avec le\u00a0vaccin\u00a0Pfizer-BioNTech ou le vaccin\u00a0<strong>Moderna <\/strong>(m\u00eame principes). Concernant ces deux vaccins, depuis le 14\u00a0avril, la <strong>deuxi\u00e8me dose peut \u00eatre espac\u00e9e de 42\u00a0jours.<\/strong><\/li>\n<\/ul>\n<div class=\"ccminsert\">\n<aside class=\"app_widget_fo app_widget_fo--call\">\n<ul>\n<li>\n                <a href=\"https:\/\/sante.journaldesfemmes.fr\/fiches-maladies\/2620433-vaccin-coronavirus-covid-19-pfizer-moderna-astrazeneca-johnson-disponible-nom-meilleur-prix-efficace\/\" class=\"jGTMWidgetGAEventClick\" data-gtmwidgetgaeventaction=\"clickWidgetCall\" data-gtmwidgetgaeventlabel=\"Vaccin Covid-19\u00a0: quel est le plus efficace, Pfizer, Moderna, AstraZeneca\u00a0?\"><\/p>\n<figure><picture><source media=\"(max-width: 480px)\" srcset=\"https:\/\/img-3.journaldesfemmes.fr\/OYsk-KVhOrB46Fq0LUne3E3XzRc=\/160x105\/smart\/4239d2d9af764745a208c3590bcc9798\/ccmcms-jdf\/24109236.jpg\"><img decoding=\"async\" src=\"https:\/\/img-3.journaldesfemmes.fr\/MiBmft-cwJgIuBVobF6kaQv4SGs=\/200x132\/smart\/4239d2d9af764745a208c3590bcc9798\/ccmcms-jdf\/24109236.jpg\" alt=\"\"\/><\/source><\/picture><figcaption>\n<h3>Vaccin Covid-19\u00a0: quel est le plus efficace, Pfizer, Moderna, AstraZeneca\u00a0?<\/h3>\n<p>Les vaccins contre la Covid-19\u00a0de Pfizer-BioNTech, Moderna et AstraZeneca continuent d&rsquo;\u00eatre administr\u00e9s en France et dans le reste de l&rsquo;Europe. Le vaccin Janssen de Johnson&amp;Johnson devrait \u00eatre disponible samedi dans l&rsquo;Hexagone. Efficacit\u00e9, diff\u00e9rences, technologie, composition, principes, doses, commande en Europe&#8230; Infos en direct.<\/p>\n<\/figcaption><\/figure>\n<p><\/a>\n            <\/li>\n<\/ul>\n<\/aside>\n<\/div>\n<p>Tous les d\u00e9placements depuis l&rsquo;\u00e9tranger vers la France et de France vers l&rsquo;\u00e9tranger, m\u00eame lorsqu&rsquo;ils sont autoris\u00e9s, restent totalement et strictement d\u00e9conseill\u00e9s jusqu&rsquo;\u00e0 nouvel ordre. A <strong>l&rsquo;int\u00e9rieur de l&rsquo;espace europ\u00e9en, les fronti\u00e8res ne sont pas ferm\u00e9es <\/strong>mais chaque pays a mis en place ses restrictions (test obligatoire, quarantaine \u00e0 l&rsquo;arriv\u00e9e&#8230;). Les<strong> fronti\u00e8res ext\u00e9rieures \u00e0 l&rsquo;espace europ\u00e9en restent ferm\u00e9es<\/strong> et tout d\u00e9placement international est totalement et strictement d\u00e9conseill\u00e9 jusqu&rsquo;\u00e0 nouvel ordre. La sortie du territoire fran\u00e7ais est soumise au r\u00e9gime des motifs imp\u00e9rieux, \u00e0 l&rsquo;exception des voyages \u00e0 destination de l&rsquo;Australie, la Cor\u00e9e du Sud, Isra\u00ebl, le Japon, la Nouvelle-Z\u00e9lande, le Royaume-Uni et Singapour.<\/p>\n<p>\u2192<strong> Tout voyageur de 11 ans ou plus souhaitant venir en France\u00a0en provenance d&rsquo;un pays de l&rsquo;espace europ\u00e9en<\/strong>\u00a0(Union europ\u00e9enne, Andorre, Islande, Liechtenstein, Monaco, Norv\u00e8ge, Saint-Marin, Saint-Si\u00e8ge et Suisse) a l&rsquo;obligation de pr\u00e9senter le r\u00e9sultat d&rsquo;un examen biologique de d\u00e9pistage virologique (RT-PCR) ne concluant pas \u00e0 une contamination par le Covid-19\u00a0r\u00e9alis\u00e9 72\u00a0heures avant le d\u00e9part.\u00a0<\/p>\n<table border=\"1\" cellpadding=\"1\" cellspacing=\"1\" style=\"width:100%;\">\n<thead>\n<tr>\n<th scope=\"col\" style=\"text-align: center;\"><strong>DATES CL\u00c9S DE L&rsquo;\u00c9PID\u00c9MIE EN FRANCE<\/strong><\/th>\n<\/tr>\n<\/thead>\n<tbody>\n<tr>\n<td>\n<ul>\n<li><strong>31\u00a0d\u00e9cembre 2019,<\/strong> l&rsquo;Organisation mondiale de la Sant\u00e9 en Chine est inform\u00e9e de plusieurs cas de pneumonies dans la ville de Wuhan. 44\u00a0personnes sont infect\u00e9es entre cette date et le 3\u00a0janvier 2020.<\/li>\n<li><strong>7\u00a0janvier 2020, <\/strong>les autorit\u00e9s chinoises identifient un \u00ab\u00a0nouveau type de coronavirus\u00a0\u00bb.<\/li>\n<li><strong>13\u00a0janvier, <\/strong>un cas import\u00e9 est recens\u00e9 en Tha\u00eflande.<\/li>\n<li><strong>15\u00a0janvier<\/strong>, le virus cause\u00a0la mort d&rsquo;<strong>une premi\u00e8re\u00a0personne \u00e0 Wuhan<\/strong>, un homme de 69\u00a0ans.\u00a0<\/li>\n<li><strong>23\u00a0janvier,<\/strong> trois villes chinoises dont Wuhan sont plac\u00e9es en quarantaine.<\/li>\n<li><strong>25\u00a0janvier, trois personnes\u00a0contamin\u00e9es sont recens\u00e9es en France<\/strong>, deux \u00e0 Paris et une Bordeaux. Ce sont les premiers cas enregistr\u00e9s sur le continent europ\u00e9en.<\/li>\n<li><strong>30\u00a0janvier, <\/strong>l&rsquo;Organisation mondiale de la Sant\u00e9 <strong>d\u00e9cr\u00e8te\u00a0l&rsquo;<a href=\"https:\/\/sante.journaldesfemmes.fr\/fiches-maladies\/2608035-urgence-de-sante-publique-de-portee-internationale-definition-oms-coronavirus\/\" target=\"_blank\" rel=\"noopener noreferrer\">urgence de sant\u00e9 mondiale<\/a><\/strong>.\u00a0Cette mesure n&rsquo;avait \u00e9t\u00e9 d\u00e9cr\u00e9t\u00e9e que 5\u00a0fois depuis sa cr\u00e9ation (pour Ebola (deux fois), la grippe H1N1, Zika et la poliomy\u00e9lite).\u00a0<\/li>\n<li><strong>23\u00a0f\u00e9vrier, <\/strong>la France d\u00e9clenche le <a href=\"https:\/\/sante.journaldesfemmes.fr\/fiches-maladies\/2622449-plan-orsan-reb-definition-signification-qui-declenche-coronavirus-definition-duree\/\" target=\"_blank\" rel=\"noopener noreferrer\">plan ORSAN<\/a>, un dispositif exceptionnel d&rsquo;organisation des soins.<\/li>\n<li><strong>28\u00a0f\u00e9vrier,<\/strong> la France passe en stade 2\u00a0de l&rsquo;\u00e9pid\u00e9mie.<\/li>\n<li><strong>11\u00a0mars, <\/strong>l&rsquo;OMS classifie de <strong>pand\u00e9mie <\/strong>la diffusion de la maladie \u00e0 coronavirus Covid-19\u00a0dans le monde.<\/li>\n<li><strong>12\u00a0mars<\/strong>, le pr\u00e9sident de la R\u00e9publique Emmanuel Macron annonce la fermeture nationale des cr\u00e8ches et \u00e9tablissements scolaires de France \u00e0 compter du 16\u00a0mars et \u00ab\u00a0jusqu&rsquo;\u00e0 nouvel ordre\u00a0\u00bb.<\/li>\n<li><strong>14\u00a0mars<\/strong>, la France passe au <a href=\"https:\/\/sante.journaldesfemmes.fr\/fiches-maladies\/2625289-coronavirus-covid-19-stade-1-2-3-4-duree-mesure-france-signification-quand\/\" target=\"_blank\" rel=\"noopener noreferrer\"><strong>stade 3 <\/strong><\/a>de l&rsquo;\u00e9pid\u00e9mie.<\/li>\n<li><strong>16\u00a0mars\u00a0:<\/strong>\u00a0la France met en place un dispositif de confinement interdisant les d\u00e9placements.<\/li>\n<li><strong>18\u00a0mars<\/strong> le premier transfert de patients Covid-19\u00a0en France est r\u00e9alis\u00e9\u00a0gr\u00e2ce \u00e0 l&rsquo;Arm\u00e9e, par voie terrestre et a\u00e9rienne.\u00a0<\/li>\n<li><strong>26\u00a0mars<\/strong>, un premier cas jeune meurt en France, une adolescente de 16\u00a0ans, en Ile-de-France originaire de Morsang-sur-Orge.<\/li>\n<li><strong>27\u00a0mars,<\/strong> le confinement de la population fran\u00e7aise est renouvel\u00e9 jusqu&rsquo;au 15\u00a0avril.<\/li>\n<li><strong>13\u00a0avril,<\/strong> Emmanuel Macron annonce le prolongement du confinement jusqu&rsquo;au 11\u00a0mai.<\/li>\n<li><strong>11\u00a0mai, <\/strong>la France commence son d\u00e9confinement.<\/li>\n<li><strong>\u00a015\u00a0juin<\/strong>, toute la France passe en zone verte, sauf Mayotte et la Guyane. \u00c0\u00a0Paris, les restaurants et bars peuvent rouvrir compl\u00e8tement.<\/li>\n<li><strong>22\u00a0juin, <\/strong>les \u00e9coles sont de nouveaux obligatoires en France pour tous les \u00e9l\u00e8ves. Les cin\u00e9mas, salles de jeux, casinos rouvrent. Les sports collectifs peuvent \u00eatre autoris\u00e9s tout en respectant certaines conditions sanitaires.<\/li>\n<li><strong>10\u00a0juillet<\/strong>, la <strong>France <\/strong>a franchi la barre des 30\u00a0000\u00a0morts. Dans la nuit du 10\u00a0au 11\u00a0juillet \u00e0 minuit, l&rsquo;\u00e9tat d&rsquo;urgence sanitaire prend fin en France.<\/li>\n<li><strong>\u00a020\u00a0juillet,<\/strong>\u00a0le <strong>port du masque est obligatoire <\/strong>dans les lieux publics clos en France.<\/li>\n<li><strong>8 octobre, <\/strong>le<strong> plan blanc est r\u00e9activ\u00e9 <\/strong>dans les h\u00f4pitaux d&rsquo;Ile-de-France.<\/li>\n<li><strong>17 octobre \u00e0 0h01<\/strong>, la France repasse en \u00e9tat d&rsquo;urgence sanitaire et un <strong>couvre-feu <\/strong>est instaur\u00e9 dans 9 territoires\u00a0(Paris-Ile-de-France, Rouen, Grenoble, Lille, Lyon, Aix-Marseille, Montpellier, Saint-Etienne, Toulouse).<\/li>\n<li><strong>24 octobre \u00e0 0h01 :<\/strong> extension des mesures de couvre-feu \u00e0 38 nouveaux d\u00e9partements fran\u00e7ais.<\/li>\n<li><strong>29 octobre \u00e0 0h01<\/strong> : reconfinement national pour 4 semaines, jusqu&rsquo;au 1er d\u00e9cembre au minimum.<\/li>\n<li><strong>28 novembre : <\/strong>premi\u00e8re \u00e9tape d&rsquo;all\u00e8gement du confinement avec la r\u00e9ouverture des commerces non essentiels.<\/li>\n<li><strong>15 d\u00e9cembre : <\/strong>seconde \u00e9tape\u00a0d&rsquo;all\u00e8gement du confinement avec le passage \u00e0 un couvre-feu de 20 heures \u00e0 6 heures du matin.<\/li>\n<li><strong>31 d\u00e9cembre<\/strong> : couvre-feu impos\u00e9 le soir du 31 d\u00e9cembre, de 20 heures \u00e0 6 heures du matin.<\/li>\n<li><strong>21 d\u00e9cembre<\/strong> : autorisation du vaccin Pfizer en Europe.<\/li>\n<li><strong>24 d\u00e9cembre<\/strong> : autorisation du vaccin Pfizer BioNTech en France.<\/li>\n<li><strong>27 d\u00e9cembre :<\/strong> d\u00e9but de la vaccination en France et dans l&rsquo;Union europ\u00e9enne avec le vaccin Pfizer BioNTech.<\/li>\n<li><strong>8 janvier 2021<\/strong> :\u00a0autorisation du vaccin Moderna en France.<\/li>\n<li><strong>24 janvier 2021<\/strong> : un test PCR n\u00e9gatif est obligatoire pour rentrer en France par avion pour les voyageurs venant d&rsquo;un pays europ\u00e9en (sauf pour les travailleurs transfrontaliers et le transport terrestre).<\/li>\n<li><strong>31 janvier 2021<\/strong> : fermeture des fronti\u00e8res en France aux pays ext\u00e9rieurs \u00e0 l&rsquo;Union europ\u00e9enne<\/li>\n<li><strong>2 f\u00e9vrier 2021<\/strong> :\u00a0autorisation du vaccin de l&rsquo;Universit\u00e9 d&rsquo;Oxford et AstraZeneca en France, uniquement pour les personnes \u00e2g\u00e9es de moins de 65\u00a0ans.<\/li>\n<li><strong>11 f\u00e9vrier : <\/strong>d\u00e9ploiement des tests salivaires dans les \u00e9tablissements scolaires.<\/li>\n<li><strong>12 mars :\u00a0<\/strong>autorisation du\u00a0vaccin\u00a0Johnson&amp;Johnson,\u00a0\u00e0 injection unique, le 4e vaccin \u00e0 \u00eatre autoris\u00e9 en France.<\/li>\n<li><strong>16 mars <\/strong>: autorisation des autotests en France.<\/li>\n<li><strong>19 mars :<\/strong> confinement de 16 d\u00e9partements pour une dur\u00e9e de 4 semaines. Le couvre-feu repasse \u00e0 19 heures dans toute la France au lieu de 18 heures.<\/li>\n<li><strong>25 mars<\/strong> :\u00a0confinement de 3 nouveaux d\u00e9partements pour une dur\u00e9e de 4\u00a0semaines.<\/li>\n<li><strong>3 avril\u00a0 : <\/strong>la France m\u00e9tropolitaine est reconfin\u00e9e 7 jours\/7, les \u00e9coles ferment pour trois semaines, et les vacances scolaires sont uniformis\u00e9es\u00a0pour toutes les zones.<\/li>\n<li><strong>8 avril :<\/strong> 10 millions de Fran\u00e7ais ont re\u00e7u une dose de vaccin Covid.<\/li>\n<li><strong>12 avril<\/strong> : vente des autotests en pharmacie.<\/li>\n<li><strong>12 avril :<\/strong> ouverture de la vaccination\u00a0\u00e0 tous les Fran\u00e7ais \u00e2g\u00e9s de\u00a0<strong>55\u00a0ans ou plus<\/strong>,<\/li>\n<li><strong>15\u00a0avril\u00a0:<\/strong>\u00a0la France<strong> <\/strong>a franchi la barre des <strong>100\u00a0000\u00a0morts.<\/strong><\/li>\n<\/ul>\n<\/td>\n<\/tr>\n<\/tbody>\n<\/table>\n<p><em>Cet article est mis \u00e0 jour quotidiennement par <a href=\"https:\/\/www.journaldesfemmes.fr\/account\/ablaize-11409696\" target=\"_blank\" rel=\"noopener noreferrer\">Aur\u00e9lie Blaize<\/a>, <a href=\"https:\/\/www.journaldesfemmes.fr\/account\/anaisthiebaux-10573564\" target=\"_blank\" rel=\"noopener noreferrer\">Ana\u00efs Thi\u00e9baux<\/a> et <a href=\"https:\/\/www.journaldesfemmes.fr\/account\/samanthapages-11598093\" target=\"_blank\" rel=\"noopener noreferrer\">Samantha Pag\u00e8s<\/a>.\u00a0<\/em><\/p>\n<\/section>\n<\/div>\n<p>[ad_2]<br \/>\n<br \/><a href=\"https:\/\/sante.journaldesfemmes.fr\/fiches-maladies\/2605417-covid-19-france-chiffres-mort-cas-nombre-deces-direct-bilan-du-jour-thrombose-astrazeneca\/\">Source link <\/a><\/p>\n","protected":false},"excerpt":{"rendered":"<p>[ad_1] CORONAVIRUS DIRECT &#8211; Le nombre de malades du Covid-19\u00a0\u00e0 l&rsquo;h\u00f4pital baisse l\u00e9g\u00e8rement vendredi. La 3\u00e8me vague du Covid d\u00e9cro\u00eet &hellip; <a href=\"http:\/\/www.affinite.fr\/index.php\/2021\/04\/23\/hospitalisations-en-legere-baisse-dernier-bilan\/\" class=\"more-link\">Plus <span class=\"screen-reader-text\">hospitalisations en l\u00e9g\u00e8re baisse, dernier bilan<\/span> <span class=\"meta-nav\">&rarr;<\/span><\/a><\/p>\n","protected":false},"author":1,"featured_media":6281,"comment_status":"open","ping_status":"open","sticky":false,"template":"","format":"standard","meta":{"_sitemap_exclude":false,"_sitemap_priority":"","_sitemap_frequency":"","footnotes":""},"categories":[1],"tags":[],"class_list":["post-6280","post","type-post","status-publish","format-standard","has-post-thumbnail","hentry","category-tous"],"_links":{"self":[{"href":"http:\/\/www.affinite.fr\/index.php\/wp-json\/wp\/v2\/posts\/6280"}],"collection":[{"href":"http:\/\/www.affinite.fr\/index.php\/wp-json\/wp\/v2\/posts"}],"about":[{"href":"http:\/\/www.affinite.fr\/index.php\/wp-json\/wp\/v2\/types\/post"}],"author":[{"embeddable":true,"href":"http:\/\/www.affinite.fr\/index.php\/wp-json\/wp\/v2\/users\/1"}],"replies":[{"embeddable":true,"href":"http:\/\/www.affinite.fr\/index.php\/wp-json\/wp\/v2\/comments?post=6280"}],"version-history":[{"count":0,"href":"http:\/\/www.affinite.fr\/index.php\/wp-json\/wp\/v2\/posts\/6280\/revisions"}],"wp:featuredmedia":[{"embeddable":true,"href":"http:\/\/www.affinite.fr\/index.php\/wp-json\/wp\/v2\/media\/6281"}],"wp:attachment":[{"href":"http:\/\/www.affinite.fr\/index.php\/wp-json\/wp\/v2\/media?parent=6280"}],"wp:term":[{"taxonomy":"category","embeddable":true,"href":"http:\/\/www.affinite.fr\/index.php\/wp-json\/wp\/v2\/categories?post=6280"},{"taxonomy":"post_tag","embeddable":true,"href":"http:\/\/www.affinite.fr\/index.php\/wp-json\/wp\/v2\/tags?post=6280"}],"curies":[{"name":"wp","href":"https:\/\/api.w.org\/{rel}","templated":true}]}}