{"id":628,"date":"2020-03-14T04:27:28","date_gmt":"2020-03-14T04:27:28","guid":{"rendered":"https:\/\/www.affinite.fr\/index.php\/2020\/03\/14\/la-wwdc-dapple-remplacee-par-une-conference-en-streaming\/"},"modified":"2020-03-14T04:27:28","modified_gmt":"2020-03-14T04:27:28","slug":"la-wwdc-dapple-remplacee-par-une-conference-en-streaming","status":"publish","type":"post","link":"http:\/\/www.affinite.fr\/index.php\/2020\/03\/14\/la-wwdc-dapple-remplacee-par-une-conference-en-streaming\/","title":{"rendered":"la WWDC d&rsquo;Apple remplac\u00e9e par une conf\u00e9rence en streaming"},"content":{"rendered":"<p> [ad_1]<br \/>\n<br \/><img decoding=\"async\" src=\"https:\/\/img.bfmtv.com\/i\/0\/0\/c5b\/bac046a2a0f051e61aac74940edf4.png\" \/><\/p>\n<div itemprop=\"articleBody\">\n<p>Apr\u00e8s Google, Facebook et Microsoft, au tour d&rsquo;Apple d&rsquo;annuler son grand salon d\u00e9di\u00e9 aux d\u00e9veloppeurs. Sur son site, l&rsquo;entreprise californienne annonce que la WWDC 2020 prendra une nouvelle forme exclusivement \u00ab en ligne \u00bb au cours du mois de juin. La marque diffusera une keynote de pr\u00e9sentation d&rsquo;iOS 14 et des nouveaux watchOS, macOS et tvOS ainsi que d&rsquo;\u00e9ventuels nouveaux produits. Les sessions d\u00e9veloppeurs seront elles aussi diffus\u00e9es sur Internet. Apple explique\u00a0avoir d\u00e9cid\u00e9 d&rsquo;opter pour un format num\u00e9rique en raison de <em>\u00ab la situation sanitaire actuelle \u00bb<\/em>.<\/p>\n<blockquote>\n<p><strong>\u00c0 lire aussi :<\/strong>\u00a0<a href=\"https:\/\/www.01net.com\/actualites\/pourquoi-l-epidemie-de-coronavirus-menace-l-industrie-des-nouvelles-technologies-1872066.html\" target=\"_blank\" rel=\"noopener noreferrer\">Pourquoi l&rsquo;\u00e9pid\u00e9mie de coronavirus menace l&rsquo;industrie des nouvelles technologies<\/a><\/p>\n<\/blockquote>\n<h3 style=\"color:#333; font-family:arial,helvetica,sans-serif; font-size:23px; font-weight:700\">2020, une ann\u00e9e importante<\/h3>\n<p><em>\u00ab Avec tous les nouveaux produits et technologies sur lesquels nous avons travaill\u00e9, le WWDC 2020 va \u00eatre \u00e9norme \u00bb<\/em> promet Craig Federighi, le vice-pr\u00e9sident en charge du logiciel chez Apple. En plus des nouvelles mises \u00e0 jour d&rsquo;iOS et de macOS, l&rsquo;entreprise pourrait annoncer <a href=\"https:\/\/www.01net.com\/actualites\/les-premiers-mac-a-processeurs-arm-pourraient-arriver-des-la-fin-d-annee-1873584.html\" target=\"_blank\" rel=\"noopener noreferrer\">une transition des processeurs Intel vers des puces ARM<\/a> pour les Mac. Cela pourrait r\u00e9volutionner les gammes de produits Apple.\u00a0<\/p>\n<aside class=\"bg-color-0 padding-inside-all-s bloc border-s\">\n<h4 class=\"box-txt-normal\">\n<p><strong>\u00c0 d\u00e9couvrir aussi en vid\u00e9o :<\/strong><\/p>\n<\/h4>\n<\/aside>\n<p>Les 23 millions de d\u00e9veloppeurs enregistr\u00e9s sur la plate-forme d&rsquo;Apple et les fans de la marque ont donc rendez-vous en juin pour d\u00e9couvrir les nouveaut\u00e9s de l&rsquo;entreprise. Apple d\u00e9voilera\u00a0la date de sa keynote et le planning des sessions d\u00e9veloppeurs ult\u00e9rieurement.\u00a0<\/p>\n<p><strong>Source :\u00a0<\/strong><a href=\"https:\/\/www.apple.com\/newsroom\/2020\/03\/apples-wwdc-2020-kicks-off-in-june-with-an-all-new-online-format\/\" target=\"_blank\" rel=\"noopener noreferrer\">Apple Newsroom<\/a><\/p>\n<\/p><\/div>\n<p><script>\n         !function(f,b,e,v,n,t,s){if(f.fbq)return;n=f.fbq=function()\n         {n.callMethod? n.callMethod.apply(n,arguments):n.queue.push(arguments)}\n         ;if(!f._fbq)f._fbq=n;\n             n.push=n;n.loaded=!0;n.version='2.0';n.queue=[];t=b.createElement(e);t.async=!0;\n             t.src=v;s=b.getElementsByTagName(e)[0];s.parentNode.insertBefore(t,s)}(window,\n                 document,'script','https:\/\/connect.facebook.net\/en_US\/fbevents.js');\n         fbq('init', '1065890633454496');\n         fbq('track', 'PageView');\n     <\/script><br \/>\n<br \/>[ad_2]<br \/>\n<br \/><a href=\"https:\/\/www.01net.com\/actualites\/coronavirus-la-wwdc-d-apple-remplacee-par-une-conference-en-streaming-1874584.html\">Source link <\/a><\/p>\n","protected":false},"excerpt":{"rendered":"<p>[ad_1] Apr\u00e8s Google, Facebook et Microsoft, au tour d&rsquo;Apple d&rsquo;annuler son grand salon d\u00e9di\u00e9 aux d\u00e9veloppeurs. Sur son site, l&rsquo;entreprise &hellip; <a href=\"http:\/\/www.affinite.fr\/index.php\/2020\/03\/14\/la-wwdc-dapple-remplacee-par-une-conference-en-streaming\/\" class=\"more-link\">Plus <span class=\"screen-reader-text\">la WWDC d&rsquo;Apple remplac\u00e9e par une conf\u00e9rence en streaming<\/span> <span class=\"meta-nav\">&rarr;<\/span><\/a><\/p>\n","protected":false},"author":1,"featured_media":629,"comment_status":"open","ping_status":"open","sticky":false,"template":"","format":"standard","meta":{"_sitemap_exclude":false,"_sitemap_priority":"","_sitemap_frequency":"","footnotes":""},"categories":[1],"tags":[],"class_list":["post-628","post","type-post","status-publish","format-standard","has-post-thumbnail","hentry","category-tous"],"_links":{"self":[{"href":"http:\/\/www.affinite.fr\/index.php\/wp-json\/wp\/v2\/posts\/628"}],"collection":[{"href":"http:\/\/www.affinite.fr\/index.php\/wp-json\/wp\/v2\/posts"}],"about":[{"href":"http:\/\/www.affinite.fr\/index.php\/wp-json\/wp\/v2\/types\/post"}],"author":[{"embeddable":true,"href":"http:\/\/www.affinite.fr\/index.php\/wp-json\/wp\/v2\/users\/1"}],"replies":[{"embeddable":true,"href":"http:\/\/www.affinite.fr\/index.php\/wp-json\/wp\/v2\/comments?post=628"}],"version-history":[{"count":0,"href":"http:\/\/www.affinite.fr\/index.php\/wp-json\/wp\/v2\/posts\/628\/revisions"}],"wp:featuredmedia":[{"embeddable":true,"href":"http:\/\/www.affinite.fr\/index.php\/wp-json\/wp\/v2\/media\/629"}],"wp:attachment":[{"href":"http:\/\/www.affinite.fr\/index.php\/wp-json\/wp\/v2\/media?parent=628"}],"wp:term":[{"taxonomy":"category","embeddable":true,"href":"http:\/\/www.affinite.fr\/index.php\/wp-json\/wp\/v2\/categories?post=628"},{"taxonomy":"post_tag","embeddable":true,"href":"http:\/\/www.affinite.fr\/index.php\/wp-json\/wp\/v2\/tags?post=628"}],"curies":[{"name":"wp","href":"https:\/\/api.w.org\/{rel}","templated":true}]}}