{"id":6260,"date":"2021-04-19T22:30:40","date_gmt":"2021-04-19T22:30:40","guid":{"rendered":"https:\/\/www.affinite.fr\/index.php\/2021\/04\/19\/granola-cups-fraise-et-citron\/"},"modified":"2021-04-19T22:30:40","modified_gmt":"2021-04-19T22:30:40","slug":"granola-cups-fraise-et-citron","status":"publish","type":"post","link":"http:\/\/www.affinite.fr\/index.php\/2021\/04\/19\/granola-cups-fraise-et-citron\/","title":{"rendered":"Granola cups fraise et citron"},"content":{"rendered":"<p> [ad_1]<br \/>\n<\/p>\n<div>\n<p><img itemprop=\"image\" class=\"aligncenter size-full wp-image-40126\" data-src=\"https:\/\/static.chefnini.com\/wp-content\/uploads\/2021\/04\/granola-cups-fraises.jpg\" alt=\"\" width=\"730\" height=\"487\" srcset=\"https:\/\/static.chefnini.com\/wp-content\/uploads\/2021\/04\/granola-cups-fraises.jpg 730w, https:\/\/static.chefnini.com\/wp-content\/uploads\/2021\/04\/granola-cups-fraises-300x200.jpg 300w, https:\/\/static.chefnini.com\/wp-content\/uploads\/2021\/04\/granola-cups-fraises-450x300.jpg 450w\" sizes=\"(max-width: 730px) 100vw, 730px\"\/><\/p>\n<p itemprop=\"description\">Un air de printemps souffle sur le blog aujourd\u2019hui avec ces granola cups \u00e0 la ganache mont\u00e9e citron et d\u00e9s de fraises. Les granola cups se pr\u00e9parent de la m\u00eame fa\u00e7on que des barres de c\u00e9r\u00e9ales, \u00e0 la diff\u00e9rence qu\u2019on les cuit dans des moules \u00e0 muffins.\u00a0<\/p>\n<p>On peut ensuite les garnir selon les saisons de ce qu\u2019on aime. Comme en ce moment c\u2019est le d\u00e9but de la saison des fraises, le choix \u00e9tait \u00e9vident. Si la pr\u00e9paration de la ganache mont\u00e9e vous fait peur, vous pouvez partir sur une chantilly m\u00e9lang\u00e9e \u00e0 du lemon curd. Une bonne alternative.<\/p>\n<p><img itemprop=\"image\" class=\"aligncenter size-full wp-image-40125\" data-src=\"https:\/\/static.chefnini.com\/wp-content\/uploads\/2021\/04\/granola-cups-fraises8.jpg\" alt=\"\" width=\"500\" height=\"750\" srcset=\"https:\/\/static.chefnini.com\/wp-content\/uploads\/2021\/04\/granola-cups-fraises8.jpg 500w, https:\/\/static.chefnini.com\/wp-content\/uploads\/2021\/04\/granola-cups-fraises8-200x300.jpg 200w\" sizes=\"(max-width: 500px) 100vw, 500px\"\/><img itemprop=\"image\" class=\"aligncenter size-full wp-image-40130\" data-src=\"https:\/\/static.chefnini.com\/wp-content\/uploads\/2021\/04\/granola-cups-fraises6.jpg\" alt=\"\" width=\"730\" height=\"487\" srcset=\"https:\/\/static.chefnini.com\/wp-content\/uploads\/2021\/04\/granola-cups-fraises6.jpg 730w, https:\/\/static.chefnini.com\/wp-content\/uploads\/2021\/04\/granola-cups-fraises6-300x200.jpg 300w, https:\/\/static.chefnini.com\/wp-content\/uploads\/2021\/04\/granola-cups-fraises6-450x300.jpg 450w\" sizes=\"(max-width: 730px) 100vw, 730px\"\/><img itemprop=\"image\" class=\"aligncenter size-full wp-image-40129\" data-src=\"https:\/\/static.chefnini.com\/wp-content\/uploads\/2021\/04\/granola-cups-fraises5.jpg\" alt=\"\" width=\"500\" height=\"750\" srcset=\"https:\/\/static.chefnini.com\/wp-content\/uploads\/2021\/04\/granola-cups-fraises5.jpg 500w, https:\/\/static.chefnini.com\/wp-content\/uploads\/2021\/04\/granola-cups-fraises5-200x300.jpg 200w\" sizes=\"(max-width: 500px) 100vw, 500px\"\/><\/p>\n<h3\/>\n<h3 itemprop=\"recipeYield\">Pour 15 granola cups :<\/h3>\n<ul>\n<li itemprop=\"ingredients\">500 g de bananes (2 grosses bananes)<\/li>\n<li itemprop=\"ingredients\">260 g de flocons d\u2019avoine<\/li>\n<li itemprop=\"ingredients\">160 g de miel<\/li>\n<li itemprop=\"ingredients\">Le zeste de 2 citrons<\/li>\n<li itemprop=\"ingredients\">15 fraises Gariguette Sav\u00e9ol*<\/li>\n<\/ul>\n<h3>Pour la ganache mont\u00e9e\u00a0:<\/h3>\n<ul>\n<li itemprop=\"ingredients\">50 g de <a href=\"http:\/\/www.affinite.fr\/index.php\/2025\/02\/27\/le-chocolat-et-le-materiel-indispensable-pour-reussir-vos-creations-gourmandes\/\">chocolat<\/a> blanc \u00e0 p\u00e2tisser<\/li>\n<li itemprop=\"ingredients\">125 g de cr\u00e8me fleurette enti\u00e8re<\/li>\n<li itemprop=\"ingredients\">15 g de jus de citron<\/li>\n<li itemprop=\"ingredients\">2 cuill\u00e8res \u00e0 caf\u00e9 de sucre en poudre<\/li>\n<\/ul>\n<h3\/>\n<div itemprop=\"recipeInstructions\">\n<p><img itemprop=\"image\" class=\"aligncenter size-full wp-image-40127\" data-src=\"https:\/\/static.chefnini.com\/wp-content\/uploads\/2021\/04\/granola-cups-fraises2.jpg\" alt=\"\" width=\"500\" height=\"750\" srcset=\"https:\/\/static.chefnini.com\/wp-content\/uploads\/2021\/04\/granola-cups-fraises2.jpg 500w, https:\/\/static.chefnini.com\/wp-content\/uploads\/2021\/04\/granola-cups-fraises2-200x300.jpg 200w\" sizes=\"(max-width: 500px) 100vw, 500px\"\/><\/p>\n<h3>12 heures \u00e0 l\u2019avance, pr\u00e9parez la ganache :<\/h3>\n<p>1- Faites chauffer 50 g de cr\u00e8me fleurette sur feu doux puis ajoutez le chocolat blanc concass\u00e9. Faites-le fondre.<\/p>\n<p>2- Hors du feu, ajoutez le jus du citron ainsi que le reste de cr\u00e8me fleurette.<\/p>\n<p>3- M\u00e9langez bien, couvrez et placez au frais pour 12 h.<\/p>\n<h3>Pr\u00e9parez les cups\u00a0:<\/h3>\n<p>1- Ecrasez les bananes avec les flocons d\u2019avoine, le miel et le zeste des citrons.<\/p>\n<p>2- Foncez des moules \u00e0 muffins en silicone (sinon, pensez \u00e0 beurrer au pr\u00e9alable les cavit\u00e9s) avec ce m\u00e9lange. Humidifiez vos doigts pour faciliter la manipulation.<\/p>\n<p>3- Faites pr\u00e9chauffer votre four \u00e0 180\u00b0C et enfournez pour 20 minutes.<\/p>\n<p>4- Laissez compl\u00e8tement refroidir avant de d\u00e9mouler.<\/p>\n<h3>Montage\u00a0:<\/h3>\n<p>1- Reprenez la ganache et fouettez-la au batteur \u00e9lectrique jusqu\u2019\u00e0 obtenir une ganache mont\u00e9e bien <a href=\"http:\/\/www.affinite.fr\/index.php\/2022\/10\/22\/la-creme-glacee-la-nouvelle-culture-commerciale\/\">ferme<\/a>.<\/p>\n<p>2- Remplissez les cups de cette pr\u00e9paration.<\/p>\n<p>3- Coupez-les fraises en d\u00e9s et ajoutez-les.<\/p>\n<p>4- Placez-les au frais ou servez-les aussit\u00f4t.<\/p>\n<p><img itemprop=\"image\" class=\"aligncenter size-full wp-image-40131\" data-src=\"https:\/\/static.chefnini.com\/wp-content\/uploads\/2021\/04\/granola-cups-fraises7.jpg\" alt=\"\" width=\"464\" height=\"695\" srcset=\"https:\/\/static.chefnini.com\/wp-content\/uploads\/2021\/04\/granola-cups-fraises7.jpg 464w, https:\/\/static.chefnini.com\/wp-content\/uploads\/2021\/04\/granola-cups-fraises7-200x300.jpg 200w\" sizes=\"(max-width: 464px) 100vw, 464px\"\/><\/p>\n<p>* Recette r\u00e9alis\u00e9e dans le cadre d\u2019une collaboration r\u00e9mun\u00e9r\u00e9e.<\/p>\n<\/div>\n<p> <!-- recipeInstructions --> \t\t\t\t\t\t\t\t\t<\/div>\n<p>[ad_2]<br \/>\n<br \/><a href=\"https:\/\/www.chefnini.com\/granola-cups-fraise-et-citron\/\">Source link <\/a><\/p>\n","protected":false},"excerpt":{"rendered":"<p>[ad_1] Un air de printemps souffle sur le blog aujourd\u2019hui avec ces granola cups \u00e0 la ganache mont\u00e9e citron et &hellip; <a href=\"http:\/\/www.affinite.fr\/index.php\/2021\/04\/19\/granola-cups-fraise-et-citron\/\" class=\"more-link\">Plus <span class=\"screen-reader-text\">Granola cups fraise et citron<\/span> <span class=\"meta-nav\">&rarr;<\/span><\/a><\/p>\n","protected":false},"author":1,"featured_media":6261,"comment_status":"open","ping_status":"open","sticky":false,"template":"","format":"standard","meta":{"_sitemap_exclude":false,"_sitemap_priority":"","_sitemap_frequency":"","footnotes":""},"categories":[1],"tags":[],"class_list":["post-6260","post","type-post","status-publish","format-standard","has-post-thumbnail","hentry","category-tous"],"_links":{"self":[{"href":"http:\/\/www.affinite.fr\/index.php\/wp-json\/wp\/v2\/posts\/6260"}],"collection":[{"href":"http:\/\/www.affinite.fr\/index.php\/wp-json\/wp\/v2\/posts"}],"about":[{"href":"http:\/\/www.affinite.fr\/index.php\/wp-json\/wp\/v2\/types\/post"}],"author":[{"embeddable":true,"href":"http:\/\/www.affinite.fr\/index.php\/wp-json\/wp\/v2\/users\/1"}],"replies":[{"embeddable":true,"href":"http:\/\/www.affinite.fr\/index.php\/wp-json\/wp\/v2\/comments?post=6260"}],"version-history":[{"count":0,"href":"http:\/\/www.affinite.fr\/index.php\/wp-json\/wp\/v2\/posts\/6260\/revisions"}],"wp:featuredmedia":[{"embeddable":true,"href":"http:\/\/www.affinite.fr\/index.php\/wp-json\/wp\/v2\/media\/6261"}],"wp:attachment":[{"href":"http:\/\/www.affinite.fr\/index.php\/wp-json\/wp\/v2\/media?parent=6260"}],"wp:term":[{"taxonomy":"category","embeddable":true,"href":"http:\/\/www.affinite.fr\/index.php\/wp-json\/wp\/v2\/categories?post=6260"},{"taxonomy":"post_tag","embeddable":true,"href":"http:\/\/www.affinite.fr\/index.php\/wp-json\/wp\/v2\/tags?post=6260"}],"curies":[{"name":"wp","href":"https:\/\/api.w.org\/{rel}","templated":true}]}}