{"id":6258,"date":"2021-04-19T20:47:43","date_gmt":"2021-04-19T20:47:43","guid":{"rendered":"https:\/\/www.affinite.fr\/index.php\/2021\/04\/19\/charlotte-valandrey-sero-inoffensive-et-optimiste\/"},"modified":"2021-04-19T20:47:43","modified_gmt":"2021-04-19T20:47:43","slug":"charlotte-valandrey-sero-inoffensive-et-optimiste","status":"publish","type":"post","link":"http:\/\/www.affinite.fr\/index.php\/2021\/04\/19\/charlotte-valandrey-sero-inoffensive-et-optimiste\/","title":{"rendered":"Charlotte Valandrey, \u00ab\u00a0s\u00e9ro-inoffensive\u00a0\u00bb\u00a0et \u00ab\u00a0optimiste\u00a0\u00bb"},"content":{"rendered":"<p> [ad_1]<br \/>\n<br \/><img decoding=\"async\" src=\"https:\/\/img-3.journaldesfemmes.fr\/88XjE452W-lFIntpEH73UKS7b8g=\/1280x\/smart\/43baf6ae8b054513ac791f0dbe5b91c7\/ccmcms-jdf\/23852859.jpg\" \/><\/p>\n<p>\n                Charlotte Valandrey, \u00e0 retrouver ce lundi 19\u00a0avril dans \u00ab\u00a0Rouge Baiser\u00a0\u00bb sur France 5\u00a0\u00e0 20h50, vit avec le VIH depuis ses 17\u00a0ans, s&rsquo;est confi\u00e9e sur son \u00e9tat d&rsquo;esprit, sa condition physique, mais aussi sa relation avec Lambert Wilson, avec qui elle a crev\u00e9 l&rsquo;\u00e9cran dans \u00ab\u00a0Rouge Baiser\u00a0\u00bb&#8230;            <\/p>\n<div>\n<p><strong>Charlotte Valandrey<\/strong> vit avec une maladie incurable depuis 1986.\u00a0Atteinte du <strong><a href=\"https:\/\/sante.journaldesfemmes.fr\/fiches-maladies\/2515989-virus-vih-sida-definition-signification-symptome-traitement-comment-savoir-seropositif-seronegatif-traitement\/\" title=\"Sida\">VIH<\/a> <\/strong>apr\u00e8s avoir eu des aventures avec \u00ab\u00a0<em>un musicien toxico, et d&rsquo;autres gar\u00e7ons \u00e0 risques<\/em>\u00a0\u00bb alors qu&rsquo;elle n&rsquo;avait pas 18\u00a0ans, selon ses confidences \u00e0 <em>Lib\u00e9ration<\/em>, l&rsquo;actrice de 52 ans a appris \u00e0 \u00eatre heureuse dans son corps et dans son esprit, malgr\u00e9 tout.<br \/>\u00ab\u00a0<strong><em>Je reste optimiste<\/em><\/strong>\u00ab\u00a0, a-t-elle expliqu\u00e9 dans une interview \u00e0 <em>T\u00e9l\u00e9 Star<\/em>. Et de pr\u00e9ciser: \u00ab\u00a0<em>Aujourd&rsquo;hui, si l&rsquo;on est bien trait\u00e9, si on prend ses m\u00e9dicaments s\u00e9rieusement et si la charge de ce <a href=\"https:\/\/sante.journaldesfemmes.fr\/fiches-maladies\/2638471-virus-definition-mode-d-action-comment-le-combattre-adn-arn\/\" title=\"Virus\">virus<\/a> est ind\u00e9tectable, comme c&rsquo;est le cas pour moi, on n&rsquo;est plus un danger pour ses partenaires sexuels. Je suis <strong>devenue &lsquo;s\u00e9ro-inoffensive<\/strong><\/em><strong>&lsquo;<\/strong>\u00ab\u00a0.<\/p>\n<p>Mais si Charlotte Valandrey accepte d&rsquo;\u00e9voquer <strong>son \u00e9tat de sant\u00e9<\/strong>, elle ne d\u00e9voilera jamais l&rsquo;identit\u00e9 de celui qui l&rsquo;a contamin\u00e9e: \u00ab\u00a0<em>Je ne dirai jamais qui il \u00e9tait. <strong>J&rsquo;aurais des probl\u00e8mes<\/strong><\/em>\u00ab\u00a0. Voil\u00e0 qui est dit.<\/p>\n<h2>Charlotte Valandrey, premi\u00e8re Fran\u00e7aise s\u00e9ropositive greff\u00e9e<\/h2>\n<p>La com\u00e9dienne n&rsquo;a d&rsquo;ailleurs pas \u00e9t\u00e9 \u00e9pargn\u00e9e par les soucis de sant\u00e9, au cours de sa vie. A cause de sa prise d&rsquo;AZT, un traitement utilis\u00e9 contre le VIH, son c\u0153ur a \u00e9t\u00e9 <strong>lourdement fragilis\u00e9<\/strong> et elle a \u00e9t\u00e9 victime de<strong> deux <a href=\"https:\/\/sante.journaldesfemmes.fr\/fiches-maladies\/2529580-infarctus-du-myocarde-definition-symptomes-causes-traitements-que-faire\/\" title=\"Crise cardiaque\">infarctus<\/a><\/strong>.<\/p>\n<p>L&rsquo;ancienne interpr\u00e8te de Laurence Moiret dans <em>Demain Nous Appartient<\/em> a donc subi une <strong>greffe du c\u0153ur<\/strong>, en 2003.\u00a0C&rsquo;\u00e9tait la <strong>premi\u00e8re fois<\/strong> qu&rsquo;une Fran\u00e7aise s\u00e9ropositive recevait ce type de <a href=\"https:\/\/www.journaldesfemmes.fr\/jardin\/conseils-jardinage\/2590997-greffer-quand-et-comment-faire-une-greffe-de-plante\/\" title=\"Greffer\">greffe<\/a>.\u00a0<\/p>\n<p>\u00ab\u00a0<em>Dans la salle de r\u00e9veil, superbranch\u00e9e, reli\u00e9e \u00e0 la machine \u00e0 sang, \u00e0 air, j&rsquo;ai tr\u00e8s vite senti battre mon greffon. Je l&rsquo;ai adopt\u00e9. Mon coeur, <strong>c&rsquo;est mon <a href=\"http:\/\/www.affinite.fr\/index.php\/2024\/12\/08\/chere-maman-et-si-ce-noel-vous-offriez-a-votre-ado-un-avenir-%f0%9f%8e%84%e2%9c%a8\/\">cadeau<\/a> d&rsquo;avant No\u00ebl <\/strong>&#8211; j&rsquo;ai \u00e9t\u00e9 op\u00e9r\u00e9e en novembre &#8211; un tr\u00e8s beau cadeau<\/em>\u00ab\u00a0, s&rsquo;\u00e9tait-elle rem\u00e9mor\u00e9e aupr\u00e8s de <em>Lib\u00e9ration<\/em>.<\/p>\n<h2>Charlotte Valandrey : a-t-elle contact avec Lambert Wilson ?<\/h2>\n<p>Mais avant de subir toutes ces \u00e9preuves, Charlotte Valandrey avait \u00e9t\u00e9 propuls\u00e9e au rang de <strong>star du cin\u00e9ma fran\u00e7ais<\/strong> gr\u00e2ce \u00e0 son r\u00f4le dans <strong><em>Rouge Baiser<\/em><\/strong>, en 1985, de V\u00e9ra Belmont.<\/p>\n<p>Elle y jouait le r\u00f4le de Nadia, une militante communiste tomb\u00e9e sous le charme de St\u00e9phane, photographe pour <em>Paris Match<\/em> et interpr\u00e9t\u00e9 par <strong>Lambert Wilson<\/strong>.\u00a0Mais \u00ab\u00a0<em>bizarrement<\/em>\u00ab\u00a0, l&rsquo;actrice n&rsquo;a<strong> pas gard\u00e9 contact avec le com\u00e9dien<\/strong>, ni avec la r\u00e9alisatrice.\u00a0<\/p>\n<p><iframe loading=\"lazy\" allow=\"accelerometer; autoplay; clipboard-write; encrypted-media; gyroscope; picture-in-picture\" allowfullscreen=\"\" frameborder=\"0\" height=\"315\" src=\"https:\/\/www.youtube.com\/embed\/t0P6rxbe-N8\" title=\"YouTube video player\" width=\"560\"><\/iframe><\/p>\n<aside id=\"NL_2064061632\" class=\"newsletter_subscription jNlBlock\"><noscript><br \/>\n            <\/noscript><\/p>\n<h3 class=\"newsletter_subscription-title\">Newsletter <\/h3>\n<p><a href=\"\/\/mailing.ccmbg.com\/archive\/last-85\" target=\"_blank\" class=\"a_hover\" rel=\"noopener noreferrer\">Voir un exemple<\/a><\/p>\n<\/aside>\n<p>\u00ab\u00a0<em>Avec le recul, c&rsquo;\u00e9tait plut\u00f4t <strong>\u00e0 eux de prendre de mes nouvelles.<\/strong> J&rsquo;avais re\u00e7u pour ce r\u00f4le l&rsquo;Ours d&rsquo;argent de la meilleure actrice \u00e0 Berlin\u00a0! Tout m&rsquo;est arriv\u00e9 trop jeune, trop vite\u00a0\u00bb<\/em>, a-t-elle d\u00e9clar\u00e9, dans<em> T\u00e9l\u00e9 Star.<\/em><\/p>\n<\/p><\/div>\n<p>[ad_2]<br \/>\n<br \/><a href=\"https:\/\/www.journaldesfemmes.fr\/people\/actus\/2710924-charlotte-valandrey-sante-vih-sida-maladie-greffe-coeur-rouge-baiser-lambert-wilson\/\">Source link <\/a><\/p>\n","protected":false},"excerpt":{"rendered":"<p>[ad_1] Charlotte Valandrey, \u00e0 retrouver ce lundi 19\u00a0avril dans \u00ab\u00a0Rouge Baiser\u00a0\u00bb sur France 5\u00a0\u00e0 20h50, vit avec le VIH depuis &hellip; <a href=\"http:\/\/www.affinite.fr\/index.php\/2021\/04\/19\/charlotte-valandrey-sero-inoffensive-et-optimiste\/\" class=\"more-link\">Plus <span class=\"screen-reader-text\">Charlotte Valandrey, \u00ab\u00a0s\u00e9ro-inoffensive\u00a0\u00bb\u00a0et \u00ab\u00a0optimiste\u00a0\u00bb<\/span> <span class=\"meta-nav\">&rarr;<\/span><\/a><\/p>\n","protected":false},"author":1,"featured_media":6259,"comment_status":"open","ping_status":"open","sticky":false,"template":"","format":"standard","meta":{"_sitemap_exclude":false,"_sitemap_priority":"","_sitemap_frequency":"","footnotes":""},"categories":[1],"tags":[],"class_list":["post-6258","post","type-post","status-publish","format-standard","has-post-thumbnail","hentry","category-tous"],"_links":{"self":[{"href":"http:\/\/www.affinite.fr\/index.php\/wp-json\/wp\/v2\/posts\/6258"}],"collection":[{"href":"http:\/\/www.affinite.fr\/index.php\/wp-json\/wp\/v2\/posts"}],"about":[{"href":"http:\/\/www.affinite.fr\/index.php\/wp-json\/wp\/v2\/types\/post"}],"author":[{"embeddable":true,"href":"http:\/\/www.affinite.fr\/index.php\/wp-json\/wp\/v2\/users\/1"}],"replies":[{"embeddable":true,"href":"http:\/\/www.affinite.fr\/index.php\/wp-json\/wp\/v2\/comments?post=6258"}],"version-history":[{"count":0,"href":"http:\/\/www.affinite.fr\/index.php\/wp-json\/wp\/v2\/posts\/6258\/revisions"}],"wp:featuredmedia":[{"embeddable":true,"href":"http:\/\/www.affinite.fr\/index.php\/wp-json\/wp\/v2\/media\/6259"}],"wp:attachment":[{"href":"http:\/\/www.affinite.fr\/index.php\/wp-json\/wp\/v2\/media?parent=6258"}],"wp:term":[{"taxonomy":"category","embeddable":true,"href":"http:\/\/www.affinite.fr\/index.php\/wp-json\/wp\/v2\/categories?post=6258"},{"taxonomy":"post_tag","embeddable":true,"href":"http:\/\/www.affinite.fr\/index.php\/wp-json\/wp\/v2\/tags?post=6258"}],"curies":[{"name":"wp","href":"https:\/\/api.w.org\/{rel}","templated":true}]}}