{"id":6256,"date":"2021-04-19T15:04:46","date_gmt":"2021-04-19T15:04:46","guid":{"rendered":"https:\/\/www.affinite.fr\/index.php\/2021\/04\/19\/les-prouesses-du-designer-robert-mathieu-a-la-galerie-pascal-cuisinier\/"},"modified":"2021-04-19T15:04:46","modified_gmt":"2021-04-19T15:04:46","slug":"les-prouesses-du-designer-robert-mathieu-a-la-galerie-pascal-cuisinier","status":"publish","type":"post","link":"http:\/\/www.affinite.fr\/index.php\/2021\/04\/19\/les-prouesses-du-designer-robert-mathieu-a-la-galerie-pascal-cuisinier\/","title":{"rendered":"Les prouesses du designer Robert Mathieu \u00e0 la Galerie Pascal Cuisinier"},"content":{"rendered":"<p> [ad_1]<br \/>\n<\/p>\n<div>\n<p itemprop=\"description\">Jusqu\u2019au 29 mai 2021, cette galerie parisienne pr\u00e9sente 100 luminaires, sign\u00e9e du designer Robert Mathieu, cr\u00e9ateur iconoclaste, imagin\u00e9s de 1950 \u00e0 1955. Une belle fa\u00e7on de comm\u00e9morer, cette ann\u00e9e, le centenaire de la naissance.<\/p>\n<figure>\n<div class=\"cover\"><img loading=\"lazy\" decoding=\"async\" src=\"https:\/\/maison2.advcdn.net\/images\/medias\/000\/054\/000054946\/660.jpg\" alt=\"Inspir\u00e9 par le travail de Jean-Boris Lacroix, lampadaire \u00e0 3 bras, \u00e9dition et cr\u00e9ation Robert Mathieu, ann\u00e9es 1950.\" title=\"Inspir\u00e9 par le travail de Jean-Boris Lacroix, lampadaire \u00e0 3 bras, \u00e9dition et cr\u00e9ation Robert Mathieu, ann\u00e9es 1950.\" width=\"430\" height=\"242\" itemprop=\"image\"\/><\/div>\n<p>&#13;<\/p>\n<div class=\"gallery\">\n<p>\t\t\t\t\t\t\t\t<a href=\"https:\/\/www.maison.com\/decoration\/eclairage\/luminaires-robert-mathieu-galerie-pascal-cuisinier-9743\/galerie\/\" class=\"more\">Afficher la galerie<\/a><figcaption>&#13;<br \/>\n\t\t\t\t\t\t\t\t\tInspir\u00e9 par le travail de Jean-Boris Lacroix, lampadaire \u00e0 3 bras, \u00e9dition et cr\u00e9ation Robert Mathieu, ann\u00e9es 1950.\t\t\t\t\t\t\t\t\t<br \/>&#13;<br \/>\n\t\t\t\t\t\t\t\t\t\u00a9Courtesy Galerie Pascal Cuisinier\t\t\t\t\t\t\t\t<\/figcaption><\/div>\n<p>&#13;<br \/>\n\t\t\t\t\t\t<\/figure>\n<p><!--\n\n<div class=\"arrow\"><\/div>\n\n--><a href=\"https:\/\/www.maison.com\/decoration\/eclairage\/luminaires-robert-mathieu-galerie-pascal-cuisinier-9743\/galerie\/54942\/\" alt=\"Photo pr\u00e9c\u00e9dente\" title=\"Photo pr\u00e9c\u00e9dente\" class=\"previmg\"\/><br \/>\n\t\t\t\t\t\t<a href=\"https:\/\/www.maison.com\/decoration\/eclairage\/luminaires-robert-mathieu-galerie-pascal-cuisinier-9743\/galerie\/54945\/\" alt=\"Photo suivante\" title=\"Photo suivante\" class=\"nextimg\"\/>\n\t\t\t\t\t<\/div>\n<div itemprop=\"articleBody\">\n<p>\n  <strong>Qui est Robert Mathieu\u00a0?<\/strong>\n<\/p>\n<p>\n  Cet ex-\u00e9l\u00e8ve de <strong>l\u2019\u00e9cole Boulle<\/strong> a d\u00e9but\u00e9 une carri\u00e8re d\u2019horloger avant d\u2019<strong>ouvrir un atelier de cr\u00e9ation de luminaires<\/strong> au 98 boulevard de Charonne, \u00e0 Paris. Son inventivit\u00e9, n\u00e9e de sa premi\u00e8re passion, lui a permis de mettre au point des <strong>syst\u00e8mes de grande pr\u00e9cision et notamment une applique et un plafonnier \u00e0 double balancier<\/strong> qui fonctionnent comme un <strong>mobile de Calder.<\/strong> En 1955, fort d\u2019un succ\u00e8s grandissant, il rach\u00e8te l\u2019enseigne Le Luminaire Parisien puis s\u2019agrandit en ouvrant un local \u00e0 Bagnolet, totalisant 4 sites d\u00e9di\u00e9s \u00e0 la cr\u00e9ation de luminaires. \u00a0Cr\u00e9ateur iconoclaste, <strong>Robert Mathieu ne se contentait pas de concevoir ses mod\u00e8les, mais les fabriquait lui-m\u00eame et les vendait sans l\u2019interm\u00e9diaire d\u2019un \u00e9diteur<\/strong> ou d\u2019un distributeur. Il travaillait en pi\u00e8ces uniques, pour des <strong>commandes priv\u00e9es, ou en petites s\u00e9ries<\/strong> qui, souvent, ne d\u00e9passaient pas 8 exemplaires. Il a aussi produit des <strong>luminaires pour le designer Michel Buffet et a collabor\u00e9 avec Jean-Boris Lacroix,<\/strong> directeur artistique de la maison de couture Madeleine Vionnet.\n<\/p>\n<p>\n  <strong>Son style<\/strong>\n<\/p>\n<p>\n  Robert Mathieu a probablement produit <strong>plus de 150 mod\u00e8les<\/strong> dont environ 80 sont tr\u00e8s diff\u00e9rents. Ils sont tous caract\u00e9ris\u00e9s par une grande finesse d\u2019ex\u00e9cution, <strong>des lignes souples et \u00e9pur\u00e9es,<\/strong> l\u2019usage fr\u00e9quent du <strong>laiton dor\u00e9.<\/strong> La particularit\u00e9 <strong>de son syst\u00e8me de double abat-jour est sa marque de fabrique.<\/strong> Rares et en parfait \u00e9tat de fonctionnement, les mod\u00e8les pr\u00e9sent\u00e9s \u00e0 l\u2019occasion de cette exposition proviennent de la collection de Pascal Cuisinier qui les recherche depuis 15 ans.\u00a0\n<\/p>\n<p>\n  <strong>Une exploration en deux parties<\/strong>\n<\/p>\n<p>\n  A partir de 1953, Robert Mathieu r\u00e9alise des appliques et plafonniers avec des r\u00e9flecteurs en perspex ou en aluminium laqu\u00e9. Puis viennent les <strong>syst\u00e8mes de contrepoids \u00e0 la fin des ann\u00e9es 1950.<\/strong> Dans les ann\u00e9es 1960, son style change radicalement. Mais c\u2019est le sujet du second volet de cette exposition, pr\u00e9vu \u00e0 l\u2019automne, du 7 octobre au 4 d\u00e9cembre 2021 et qui d\u00e9voilera ses cr\u00e9ations de 1955 \u00e0 1975. A suivre, donc\u2026\n<\/p>\n<p>\n  <strong>Contact\u00a0:<br \/>Galerie Pascal Cuisinier<\/strong><br \/>13, rue de Seine<br \/>75006 Paris<br \/>T\u00e9l.\u00a0: 01 43 54 34 61<br \/><a href=\"http:\/\/www.galeriepascalcuisinier.com\/\">www.galeriepascalcuisinier.com<\/a>\n<\/p>\n<\/p><\/div>\n<p><script async defer crossorigin=\"anonymous\" src=\"https:\/\/connect.facebook.net\/fr_FR\/sdk.js#xfbml=1&#038;version=v6.0&#038;appId=252025098257546&#038;autoLogAppEvents=1\"><\/script><br \/>\n<br \/>[ad_2]<br \/>\n<br \/><a href=\"http:\/\/feedproxy.google.com\/~r\/maison-actus\/~3\/Nu8H8fQ81jY\/\">Source link <\/a><\/p>\n","protected":false},"excerpt":{"rendered":"<p>[ad_1] Jusqu\u2019au 29 mai 2021, cette galerie parisienne pr\u00e9sente 100 luminaires, sign\u00e9e du designer Robert Mathieu, cr\u00e9ateur iconoclaste, imagin\u00e9s de &hellip; <a href=\"http:\/\/www.affinite.fr\/index.php\/2021\/04\/19\/les-prouesses-du-designer-robert-mathieu-a-la-galerie-pascal-cuisinier\/\" class=\"more-link\">Plus <span class=\"screen-reader-text\">Les prouesses du designer Robert Mathieu \u00e0 la Galerie Pascal Cuisinier<\/span> <span class=\"meta-nav\">&rarr;<\/span><\/a><\/p>\n","protected":false},"author":1,"featured_media":6257,"comment_status":"open","ping_status":"open","sticky":false,"template":"","format":"standard","meta":{"_sitemap_exclude":false,"_sitemap_priority":"","_sitemap_frequency":"","footnotes":""},"categories":[1],"tags":[],"class_list":["post-6256","post","type-post","status-publish","format-standard","has-post-thumbnail","hentry","category-tous"],"_links":{"self":[{"href":"http:\/\/www.affinite.fr\/index.php\/wp-json\/wp\/v2\/posts\/6256"}],"collection":[{"href":"http:\/\/www.affinite.fr\/index.php\/wp-json\/wp\/v2\/posts"}],"about":[{"href":"http:\/\/www.affinite.fr\/index.php\/wp-json\/wp\/v2\/types\/post"}],"author":[{"embeddable":true,"href":"http:\/\/www.affinite.fr\/index.php\/wp-json\/wp\/v2\/users\/1"}],"replies":[{"embeddable":true,"href":"http:\/\/www.affinite.fr\/index.php\/wp-json\/wp\/v2\/comments?post=6256"}],"version-history":[{"count":0,"href":"http:\/\/www.affinite.fr\/index.php\/wp-json\/wp\/v2\/posts\/6256\/revisions"}],"wp:featuredmedia":[{"embeddable":true,"href":"http:\/\/www.affinite.fr\/index.php\/wp-json\/wp\/v2\/media\/6257"}],"wp:attachment":[{"href":"http:\/\/www.affinite.fr\/index.php\/wp-json\/wp\/v2\/media?parent=6256"}],"wp:term":[{"taxonomy":"category","embeddable":true,"href":"http:\/\/www.affinite.fr\/index.php\/wp-json\/wp\/v2\/categories?post=6256"},{"taxonomy":"post_tag","embeddable":true,"href":"http:\/\/www.affinite.fr\/index.php\/wp-json\/wp\/v2\/tags?post=6256"}],"curies":[{"name":"wp","href":"https:\/\/api.w.org\/{rel}","templated":true}]}}