{"id":6254,"date":"2021-04-19T14:51:51","date_gmt":"2021-04-19T14:51:51","guid":{"rendered":"https:\/\/www.affinite.fr\/index.php\/2021\/04\/19\/ant-man-cest-la-guepe-qui-a-trouve-le-nom-des-avengers-actus-cine\/"},"modified":"2021-04-19T14:51:51","modified_gmt":"2021-04-19T14:51:51","slug":"ant-man-cest-la-guepe-qui-a-trouve-le-nom-des-avengers-actus-cine","status":"publish","type":"post","link":"http:\/\/www.affinite.fr\/index.php\/2021\/04\/19\/ant-man-cest-la-guepe-qui-a-trouve-le-nom-des-avengers-actus-cine\/","title":{"rendered":"Ant-Man : c\u2019est la Gu\u00eape qui a trouv\u00e9 le nom des Avengers ! &#8211; Actus Cin\u00e9"},"content":{"rendered":"<p> [ad_1]<br \/>\n<\/p>\n<div id=\"article-container\">\n<p class=\"article-lead\">Alors que la suite de \u00ab\u00a0Ant-Man\u00a0\u00bb \u00e9tait diffus\u00e9e hier soir sur TF1, saviez-vous que dans les comic-books Marvel, c&rsquo;\u00e9tait la Gu\u00eape elle-m\u00eame qui avait trouv\u00e9 le nom des Avengers ?<\/p>\n<div id=\"article-content\">\n<figure class=\"player player-auto-play js-player\" data-model=\"{&quot;context&quot;:&quot;newspage_news&quot;,&quot;launch&quot;:&quot;auto-play&quot;,&quot;followScroll&quot;:true,&quot;editorialContent&quot;:&quot;18698632-ant_man_c_est_la_guepe_qui_a_trouve_le_nom_des_avengers&quot;,&quot;endScreen&quot;:true,&quot;disableAutoPause&quot;:true,&quot;player_position&quot;:&quot;playertop&quot;,&quot;videos&quot;:[{&quot;id&quot;:19578201,&quot;sources&quot;:{&quot;medium&quot;:&quot;\/\/fr.vid.web.acsta.net\/nmedia\/33\/18\/05\/02\/09\/19578201_sd_013.mp4&quot;,&quot;high&quot;:&quot;\/\/fr.vid.web.acsta.net\/nmedia\/33\/18\/05\/02\/09\/19578201_hd_013.mp4&quot;},&quot;image&quot;:&quot;\/videothumbnails\/18\/05\/02\/09\/18\/3780513.jpg&quot;,&quot;title&quot;:&quot;Ant-Man et la Guu00eape Bande-annonce VO&quot;,&quot;trackingIdentifier&quot;:&quot;19578201-ant_man_et_la_guepe_bande_annonce_vo&quot;,&quot;embedUrl&quot;:&quot;ACraHRACr0cHM6Ly9wbGF5ZXIuYWxsb2NpbmUuZnIvMTk1NzgyMDEuaHRtbA==&quot;,&quot;id_type&quot;:31003,&quot;file_type&quot;:&quot;trailer&quot;,&quot;description&quot;:&quot;&lt;strong&gt;Ant-Man et la Guu00eape&lt;\/strong&gt; Bande-annonce VO&quot;,&quot;duration&quot;:139,&quot;view_count&quot;:346544,&quot;added_at&quot;:{&quot;date&quot;:&quot;2018-05-02 09:16:00.000000&quot;,&quot;timezone_type&quot;:3,&quot;timezone&quot;:&quot;Europe\/Paris&quot;},&quot;metas&quot;:{&quot;genre_main_movie&quot;:[{&quot;name&quot;:&quot;Action&quot;,&quot;id&quot;:&quot;13025&quot;},{&quot;name&quot;:&quot;Science fiction&quot;,&quot;id&quot;:&quot;13021&quot;},{&quot;name&quot;:&quot;Aventure&quot;,&quot;id&quot;:&quot;13001&quot;}],&quot;id_main_movie&quot;:226391,&quot;image_main_movie&quot;:&quot;\/pictures\/18\/06\/08\/14\/35\/0842353.jpg&quot;,&quot;localized_file_type&quot;:&quot;trailer&quot;,&quot;main_movie_type&quot;:4002,&quot;name_main_movie&quot;:&quot;Ant-Man et la Guu00eape&quot;,&quot;nb_days_release_main_movie&quot;:-1006,&quot;release_date_main_movie&quot;:{&quot;date&quot;:&quot;2018-07-18 00:00:00.000000&quot;,&quot;timezone_type&quot;:3,&quot;timezone&quot;:&quot;Europe\/Paris&quot;},&quot;release_status_movie&quot;:&quot;Sortie en salle&quot;,&quot;trans_file_type&quot;:&quot;Bande-annonce&quot;},&quot;relatedEntityDistributor&quot;:&quot;The Walt Disney Company France&quot;,&quot;relatedEntityDistributorId&quot;:24110,&quot;relatedEntityType&quot;:&quot;movie&quot;,&quot;relatedEntityTrackingIdentifier&quot;:&quot;226391-ant_man_et_la_guepe&quot;,&quot;relatedEntityTitle&quot;:&quot;Ant-Man et la Guu00eape&quot;,&quot;relatedEntityId&quot;:226391,&quot;genres&quot;:[{&quot;id&quot;:&quot;13025&quot;,&quot;name&quot;:&quot;Action&quot;},{&quot;id&quot;:&quot;13021&quot;,&quot;name&quot;:&quot;Science fiction&quot;},{&quot;id&quot;:&quot;13001&quot;,&quot;name&quot;:&quot;Aventure&quot;}],&quot;relatedEntityUrl&quot;:&quot;ACraHRACr0cHM6Ly93d3cuYWxsb2NpbmUuZnIvZmlsbS9maWNoZWZpbG1fZ2VuX2NmaWxtPTIyNjM5MS5odG1s&quot;,&quot;mediaUrl&quot;:&quot;ACraHRACr0cHM6Ly93d3cuYWxsb2NpbmUuZnIvdmlkZW8vcGxheWVyX2dlbl9jbWVkaWE9MTk1NzgyMDEmY2ZpbG09MjI2MzkxLmh0bWw=&quot;}],&quot;disablePreroll&quot;:false,&quot;disablePostroll&quot;:false}\" data-thumb=\"https:\/\/fr.web.img6.acsta.net\/r_640_360\/videothumbnails\/18\/05\/02\/09\/18\/3780513.jpg\">\n<\/figure>\n<p>Sur grand \u00e9cran,\u00a0<a title=\"Ant-Man et la Gu\u00eape (U.S.A.) - 2018 (Action,Science fiction,Aventure)\" href=\"http:\/\/www.allocine.fr\/film\/fichefilm_gen_cfilm=226391.html\">Ant-Man et la Gu\u00eape<\/a> (dont les aventures \u00e9taient diffus\u00e9es hier soir sur TF1) n&rsquo;ont pas rejoint les rangs des Avengers imm\u00e9diatement, et ont commenc\u00e9 par livrer leurs propres batailles avant de participer au feu d&rsquo;artifice final contre Thanos, \u00e0 la fin de <a title=\"Avengers: Endgame (U.S.A.) - 2019 (Action,Fantastique,Aventure)\" href=\"http:\/\/www.allocine.fr\/film\/fichefilm_gen_cfilm=232669.html\">Endgame<\/a>.<\/p>\n<p>Pourtant, ainsi que le savent certainement tous les fans des comic-books originaux, leur implication parmi les Avengers \u00e9tait beaucoup plus importante entre les pages des bandes dessin\u00e9es cr\u00e9\u00e9es par\u00a0<a title=\"Stan Lee (U.S.A.) (Acteur,Producteur d\u00e9l\u00e9gu\u00e9,D'apr\u00e8s l'oeuvre de)\" href=\"http:\/\/www.allocine.fr\/personne\/fichepersonne_gen_cpersonne=59857.html\">Stan Lee<\/a> et <a title=\"Jack Kirby (U.S.A.) (D'apr\u00e8s l'oeuvre de,D'apr\u00e8s les personnages cr\u00e9\u00e9s par,Cr\u00e9ateur)\" href=\"http:\/\/www.allocine.fr\/personne\/fichepersonne_gen_cpersonne=92070.html\">Jack Kirby<\/a>. En effet, contrairement \u00e0 ce que l&rsquo;on peut voir dans le film de\u00a0<a title=\"Joss Whedon (U.S.A.) (Sc\u00e9nariste,R\u00e9alisateur,Acteur)\" href=\"http:\/\/www.allocine.fr\/personne\/fichepersonne_gen_cpersonne=57270.html\">Joss Whedon<\/a> sorti en 2012, Ant-Man et la Gu\u00eape faisaient initialement partie des membres fondateurs de la super-\u00e9quipe.<\/p>\n<p>Dans le premier num\u00e9ro de la collection <i>Avengers<\/i> (publi\u00e9 en septembre 1963 par Marvel pour contrer la <i>Justice League<\/i> de DC Comics), les deux personnages s&rsquo;alliaient en effet \u00e0 Thor, \u00e0 Hulk et \u00e0 Iron Man pour affronter Loki. Captain America, qui est pourtant cens\u00e9 avoir uni l&rsquo;\u00e9quipe selon les films, ne la rejoindra que plus tard dans les comics.<\/p>\n<p>Mais l&rsquo;histoire ne s&rsquo;arr\u00eate pas ici ! Non contents de figurer parmi les 5 piliers des Avengers, Ant-Man et la Gu\u00eape ont \u00e9galement trouv\u00e9 eux-m\u00eames le nom de la super-\u00e9quipe. Apr\u00e8s avoir vaincu Loki \u00e0 la fin du premier \u00e9pisode, alors que les h\u00e9ros se cherchaient un \u00ab\u00a0nom de groupe\u00a0\u00bb, la Gu\u00eape sugg\u00e8rait ceci : <i>\u00ab\u00a0Il faudrait que \u00e7a soit quelque chose de haut en couleur, de th\u00e9\u00e2tral, comme les Avengers, ou bien&#8230;\u00a0\u00bb<\/i><\/p>\n<p>Ant-Man lui r\u00e9pondait alors : <i>\u00ab\u00a0Ou bien, rien du tout ! C&rsquo;est \u00e7a ! Les Avengers !!\u00a0\u00bb<\/i><\/p>\n<div class=\"article-figure-holder\">\n<figure class=\"article-figure mceNonEditable\"><img loading=\"lazy\" decoding=\"async\" class=\"article-figure-img\" src=\"data:image\/gif;base64,R0lGODlhAgABAPAAAAAAAAAAACH5BAEAAAAAIf8LSW1hZ2VNYWdpY2sNZ2FtbWE9MC40NTQ1NQAsAAAAAAIAAQAAAgIECgA7\" data-src=\"https:\/\/fr.web.img6.acsta.net\/newsv7\/21\/04\/19\/11\/51\/2095840.jpg\" width=\"640\" height=\"320\"\/><span class=\"article-figcaption-copy\">Marvel Comics<\/span><\/p>\n<\/figure>\n<\/div>\n<p>Plus de cinquante ans avant d&rsquo;\u00eatre incarn\u00e9 par\u00a0<a title=\"Paul Rudd (U.S.A.) (Acteur,Sc\u00e9nariste,Producteur d\u00e9l\u00e9gu\u00e9)\" href=\"http:\/\/www.allocine.fr\/personne\/fichepersonne_gen_cpersonne=23848.html\">Paul Rudd<\/a> et par\u00a0<a title=\"Evangeline Lilly (Canada) (Acteur,Producteur d\u00e9l\u00e9gu\u00e9)\" href=\"http:\/\/www.allocine.fr\/personne\/fichepersonne_gen_cpersonne=105088.html\">Evangeline Lilly<\/a> dans <span class=\"ACrL2ZACrpbG0vZmljaGVmaWxtX2dlbl9jZmlsbT0yMjYzOTEuaHRtbA==\" title=\"Ant-Man et la Gu\u00eape (U.S.A.) - 2018 (Action,Science fiction,Aventure)\">Ant-Man et la Gu\u00eape<\/span>, les deux personnages ont donc symboliquement lanc\u00e9 la l\u00e9gende des Avengers. Dans le Marvel Cinematic Universe et plus sp\u00e9cifiquement dans <a title=\"Captain Marvel (U.S.A.) - 2019 (Action,Fantastique,Science fiction)\" href=\"http:\/\/www.allocine.fr\/film\/fichefilm_gen_cfilm=141110.html\">Captain Marvel<\/a>, c&rsquo;est pourtant Nick Fury (<a title=\"Samuel L. Jackson (U.S.A.) (Acteur,Producteur d\u00e9l\u00e9gu\u00e9,Producteur ex\u00e9cutif)\" href=\"http:\/\/www.allocine.fr\/personne\/fichepersonne_gen_cpersonne=14454.html\">Samuel L. Jackson<\/a>) qui baptise sa future \u00e9quipe en s&rsquo;inspirant du mot inscrit sur le cockpit de Carol Denvers : <i>Avenger<\/i>.<\/p>\n<p><span><strong>(Re)d\u00e9couvrez notre vid\u00e9o sp\u00e9ciale d\u00e9di\u00e9e \u00e0 la super-\u00e9quipe&#8230;<\/strong><\/span><\/p>\n<p>\u00a0<\/p>\n<\/p><\/div>\n<\/p><\/div>\n<p>[ad_2]<br \/>\n<br \/><a href=\"http:\/\/rss.allocine.fr\/~r\/ac\/actualites\/~3\/fzh5dwdZxR0\/fichearticle_gen_carticle=18698632.html\">Source link <\/a><\/p>\n","protected":false},"excerpt":{"rendered":"<p>[ad_1] Alors que la suite de \u00ab\u00a0Ant-Man\u00a0\u00bb \u00e9tait diffus\u00e9e hier soir sur TF1, saviez-vous que dans les comic-books Marvel, c&rsquo;\u00e9tait &hellip; <a href=\"http:\/\/www.affinite.fr\/index.php\/2021\/04\/19\/ant-man-cest-la-guepe-qui-a-trouve-le-nom-des-avengers-actus-cine\/\" class=\"more-link\">Plus <span class=\"screen-reader-text\">Ant-Man : c\u2019est la Gu\u00eape qui a trouv\u00e9 le nom des Avengers ! &#8211; Actus Cin\u00e9<\/span> <span class=\"meta-nav\">&rarr;<\/span><\/a><\/p>\n","protected":false},"author":1,"featured_media":6255,"comment_status":"open","ping_status":"open","sticky":false,"template":"","format":"standard","meta":{"_sitemap_exclude":false,"_sitemap_priority":"","_sitemap_frequency":"","footnotes":""},"categories":[1],"tags":[],"class_list":["post-6254","post","type-post","status-publish","format-standard","has-post-thumbnail","hentry","category-tous"],"_links":{"self":[{"href":"http:\/\/www.affinite.fr\/index.php\/wp-json\/wp\/v2\/posts\/6254"}],"collection":[{"href":"http:\/\/www.affinite.fr\/index.php\/wp-json\/wp\/v2\/posts"}],"about":[{"href":"http:\/\/www.affinite.fr\/index.php\/wp-json\/wp\/v2\/types\/post"}],"author":[{"embeddable":true,"href":"http:\/\/www.affinite.fr\/index.php\/wp-json\/wp\/v2\/users\/1"}],"replies":[{"embeddable":true,"href":"http:\/\/www.affinite.fr\/index.php\/wp-json\/wp\/v2\/comments?post=6254"}],"version-history":[{"count":0,"href":"http:\/\/www.affinite.fr\/index.php\/wp-json\/wp\/v2\/posts\/6254\/revisions"}],"wp:featuredmedia":[{"embeddable":true,"href":"http:\/\/www.affinite.fr\/index.php\/wp-json\/wp\/v2\/media\/6255"}],"wp:attachment":[{"href":"http:\/\/www.affinite.fr\/index.php\/wp-json\/wp\/v2\/media?parent=6254"}],"wp:term":[{"taxonomy":"category","embeddable":true,"href":"http:\/\/www.affinite.fr\/index.php\/wp-json\/wp\/v2\/categories?post=6254"},{"taxonomy":"post_tag","embeddable":true,"href":"http:\/\/www.affinite.fr\/index.php\/wp-json\/wp\/v2\/tags?post=6254"}],"curies":[{"name":"wp","href":"https:\/\/api.w.org\/{rel}","templated":true}]}}