{"id":6244,"date":"2021-04-17T20:45:41","date_gmt":"2021-04-17T20:45:41","guid":{"rendered":"https:\/\/www.affinite.fr\/index.php\/2021\/04\/17\/covid-france-les-chiffres-du-17-avril\/"},"modified":"2021-04-17T20:45:41","modified_gmt":"2021-04-17T20:45:41","slug":"covid-france-les-chiffres-du-17-avril","status":"publish","type":"post","link":"http:\/\/www.affinite.fr\/index.php\/2021\/04\/17\/covid-france-les-chiffres-du-17-avril\/","title":{"rendered":"Covid France\u00a0: les chiffres du 17\u00a0avril"},"content":{"rendered":"<p> [ad_1]<br \/>\n<\/p>\n<p>\n                CORONAVIRUS DIRECT &#8211; Le nombre d&rsquo;hospitalisations continue \u00e0 baisser l\u00e9g\u00e8rement. Mais le nombre de contaminations quotidiennes reste pr\u00e9occupant\u00a0: depuis hier, plus de 35.000\u00a0ont \u00e9t\u00e9 test\u00e9es positives au Covid-19. Quant au nombre de morts, apr\u00e8s avoir franchi le seuil des 100\u00a0000\u00a0jeudi, il continue \u00e0 grimper avec 189\u00a0d\u00e9c\u00e8s suppl\u00e9mentaires enregistr\u00e9s ces derni\u00e8res 24h. Dernier bilan et infos.            <\/p>\n<div>\n<aside class=\"ccmsummary marqueur_module ccmcss_cms_summary ccmcss_cms_summary--right\">\n<p>\u00a0Sommaire<\/p>\n<\/aside>\n<p><strong>[Mis\u00a0\u00e0 jour le samedi 17<\/strong>\u00a0<strong>avril \u00e0 20h52<\/strong><b>]<\/b>\u00a0Pass\u00e9 au-del\u00e0 de la barre symbolique\u00a0des <strong>100 000 morts jeudi, <\/strong>le nombre de d\u00e9c\u00e8s de la Covid\u00a0continue de grimper en France et atteint 100\u00a0622\u00a0ce samedi <strong>(+189\u00a0en 24\u00a0heures)<\/strong>. Le nombre d&rsquo;hospitalisations baisse l\u00e9g\u00e8rement depuis quelques jours, ce qui laisse\u00a0esp\u00e9rer que le pic \u00e9pid\u00e9mique sera bient\u00f4t franchi. Toutefois, malgr\u00e9 ces signaux encourageants,\u00a0le nombre de malades pris en charge en services de soins intensifs reste pr\u00e9occupant, avec\u00a0<strong>5877<\/strong>\u00a0malades hospitalis\u00e9s en r\u00e9animation, <a href=\"https:\/\/www.santepubliquefrance.fr\/dossiers\/coronavirus-covid-19\/coronavirus-chiffres-cles-et-evolution-de-la-covid-19-en-france-et-dans-le-monde\" target=\"_blank\" rel=\"noopener noreferrer\">selon le bilan de Sant\u00e9 Publique France du 17\u00a0avril<\/a>.\u00a0\u00ab\u00a0La troisi\u00e8me vague est loin d&rsquo;\u00eatre termin\u00e9e\u00a0\u00bb a ainsi pr\u00e9venu Jean Castex vendredi, lors d&rsquo;une\u00a0visite au CHU de Caen.\u00a0Les\u00a0r\u00e9gions <strong>\u00cele-de-France, Hauts-de-France et Provence-Alpes-C\u00f4te d&rsquo;Azur<\/strong> restent toujours tr\u00e8s touch\u00e9es.\u00a0Le nombre de personnes-contacts par cas \u00e9tait \u00e9galement en diminution, en particulier les contacts extra-domiciliaires, ce qui sugg\u00e8re un effet imm\u00e9diat des mesures de freinage. Cette diminution concernait particuli\u00e8rement <strong>les personnes de moins de 20\u00a0ans<\/strong>, en lien direct avec la fermeture des \u00e9tablissements scolaires.\u00a0Rappelons que la France est actuellement confin\u00e9e, au moins jusqu&rsquo;au<strong>\u00a02\u00a0mai. <\/strong>D&rsquo;ici \u00e0 cette date,<strong> l<\/strong>&lsquo;<strong>attestation de d\u00e9placement est obligatoire en journ\u00e9e entre 6h et 19h pour les d\u00e9placements au-del\u00e0 de 10\u00a0kilom\u00e8tres<\/strong> du domicile et pour tous les d\u00e9placements entre 19h et 6h sur l&rsquo;ensemble du territoire m\u00e9tropolitain. <span style=\"font-size: 1rem;\">Que disent les\u00a0<\/span><a data-auth=\"NotApplicable\" href=\"https:\/\/sante.journaldesfemmes.fr\/fiches-maladies\/2667643-carte-covid-19-france-departement-zone-rouge-2021-monde-europe-deplacement-10-km-vol-oiseau\/\" rel=\"noopener noreferrer\" style=\"font-size: 1rem; background-color: rgb(255, 255, 255);\" target=\"_blank\">cartes<\/a><span style=\"font-size: 1rem;\"> de suivi de l&rsquo;\u00e9pid\u00e9mie\u00a0? Quels sont les <\/span><a href=\"https:\/\/sante.journaldesfemmes.fr\/fiches-maladies\/2630075-symptomes-coronavirus-covid-19-mal-gorge-rhume-que-faire-variant-premier-apparition-nouveaux-duree\/\" style=\"font-size: 1rem; background-color: rgb(255, 255, 255);\" target=\"_blank\" rel=\"noopener noreferrer\">sympt\u00f4mes du coronavirus<\/a><span style=\"font-size: 1rem;\"> ? Quand <\/span><a href=\"https:\/\/sante.journaldesfemmes.fr\/fiches-maladies\/2621211-isolement-covid-19-variant-anglais-7-10-jours-cas-contact-duree-certificat-attestation\/\" style=\"font-size: 1rem; background-color: rgb(255, 255, 255);\" target=\"_blank\" rel=\"noopener noreferrer\">s&rsquo;isoler et combien de temps<\/a><span style=\"font-size: 1rem;\"> ?\u00a0<\/span><a data-auth=\"NotApplicable\" href=\"https:\/\/sante.journaldesfemmes.fr\/fiches-maladies\/2629823-taux-de-reproduction-covid-france-coronavirus-r0-r-effectif-calcul-carte-region-evolution-aujourd-hui-definition\/\" rel=\"noopener noreferrer\" style=\"font-size: 1rem; background-color: rgb(255, 255, 255);\" target=\"_blank\">Quel est le taux de R0\u00a0du virus<\/a><span style=\"font-size: 1rem;\">\u00a0? Quand est-on <\/span><a href=\"https:\/\/sante.journaldesfemmes.fr\/fiches-maladies\/2679521-contagion-covid-19-combien-de-temps-jours-duree-asymptomatique-symptomes-incubation-contagieux\/\" style=\"font-size: 1rem; background-color: rgb(255, 255, 255);\" target=\"_blank\" rel=\"noopener noreferrer\">contagieux<\/a><span style=\"font-size: 1rem;\"> ? Que sait-on des\u00a0<\/span><a href=\"https:\/\/sante.journaldesfemmes.fr\/fiches-maladies\/2620433-vaccin-coronavirus-covid-19-pfizer-moderna-spoutnik-johnson-astrazeneca-choisir-meilleur-different\/\" style=\"font-size: 1rem; background-color: rgb(255, 255, 255);\" target=\"_blank\" rel=\"noopener noreferrer\">vaccins<\/a><span style=\"font-size: 1rem;\">\u00a0? Des\u00a0<\/span><a href=\"https:\/\/sante.journaldesfemmes.fr\/fiches-maladies\/2686947-effet-secondaire-vaccin-covid-france-liste-pfizer-moderna-astrazeneca-2-eme-injection-pourcentage\/\" style=\"font-size: 1rem; background-color: rgb(255, 255, 255);\" target=\"_blank\" rel=\"noopener noreferrer\">effets secondaires<\/a><span style=\"font-size: 1rem;\">\u00a0apr\u00e8s la vaccination\u00a0? Chiffres et infos du jour.<\/span><\/p>\n<ul>\n<li><strong>Nouvelles restrictions en Martinique. <\/strong>Les habitants\u00a0de Martinique, o\u00f9 le nombre\u00a0de\u00a0contaminations a augment\u00e9 ces derniers jours, doivent se plier\u00a0\u00e0 de nouvelles restrictions \u00e0 partir de ce samedi.<strong>\u00a0<\/strong>La pratique du sport en ext\u00e9rieur est maintenant limit\u00e9e \u00e0 un rayon de 10 km autour du domicile (hors couvre-feu). Quant aux\u00a0bars et aux\u00a0restaurants des h\u00f4tels, ils ont d\u00fb fermer leurs portes.<\/li>\n<li><strong>P\u00e9nurie de candidats au vaccin\u00a0\u00e0 Nice. <\/strong>Alors que la vaccination a d\u00e9marr\u00e9 ce week-end pour les enseignants et les forces de l&rsquo;ordre de plus de 55 ans, \u00e0 Nice, le vaccinodrome a d\u00fb \u00eatre ferm\u00e9 \u00e0 la mi-journ\u00e9e, faute de candidats. Les personnes volontaires pour se faire recevoir une dose de vaccin\u00a0<strong>AstraZeneca<\/strong> n&rsquo;\u00e9taient pas assez nombreuses\u00a0ce samedi, a notamment rapport\u00e9 <a data-original-fontsize=\"20px\" data-original-lineheight=\"30px\" href=\"https:\/\/france3-regions.francetvinfo.fr\/provence-alpes-cote-d-azur\/alpes-maritimes\/nice\/pas-assez-de-volontaires-pour-le-vaccin-astrazeneca-le-centre-de-vaccination-de-nice-ferme-plus-tot-que-prevu-2050060.html\" target=\"_blank\" rel=\"noopener noreferrer\">France 3\u00a0Paca<\/a>.\u00a0<\/li>\n<li><strong>Suicides des internes.\u00a0<\/strong>Plusieurs dizaines de personnes se sont r\u00e9unies samedi devant le minist\u00e8re de la Sant\u00e9 pour rendre hommage aux internes en m\u00e9decine qui ont mis fin \u00e0 leur jour depuis le d\u00e9but de l&rsquo;ann\u00e9e.<strong>\u00a0<\/strong>Ils sont 5\u00a0\u00e9tudiants \u00e0 s&rsquo;\u00eatre suicid\u00e9s en 2021.\u00a0<\/li>\n<li><strong>Les marins r\u00e9clament le vaccin.\u00a0<\/strong>Les armateurs \u00e0 la p\u00eache et au commerce ont demand\u00e9 \u00e0 int\u00e9grer la listes des professions prioritaires pour b\u00e9n\u00e9ficier de la vaccination dans une lettre adress\u00e9e\u00a0au chef du gouvernement Jean Castex ce\u00a0samedi. \u00ab\u00a0L&rsquo;\u00e9loignement des c\u00f4tes et donc de tout centre m\u00e9dical, ainsi que l&rsquo;espace exigu d&rsquo;un navire rend le d\u00e9veloppement du virus particuli\u00e8rement dangereux et rapide\u00a0\u00bb, ont notamment justifi\u00e9 les signataires de ce courrier, selon <a href=\"https:\/\/www.leparisien.fr\/societe\/sante\/covid-19-les-marins-veulent-faire-partie-des-vaccines-prioritaires-17-04-2021-ZYH4X6VIWJAOHAJMN6GC4GIS4Q.php\" target=\"_blank\" rel=\"noopener noreferrer\">Le Parisien.<\/a><\/li>\n<li><strong>Nouveaux cas de thromboses.\u00a0<\/strong>L&rsquo;agence fran\u00e7aise du m\u00e9dicament (ASNM) a rapport\u00e9 9 cas suppl\u00e9mentaires de thromboses en France, dont 4 d\u00e9c\u00e8s, associ\u00e9s au vaccin anti-covid AstraZeneca entre le 2\u00a0et le 8\u00a0avril dans <a href=\"https:\/\/ansm.sante.fr\/actualites\/point-de-situation-sur-la-surveillance-des-vaccins-contre-la-covid-19-periode-du-02-04-2021-au-08-04-2021\" target=\"_blank\" rel=\"noopener noreferrer\">un communiqu\u00e9 du 16\u00a0avril<\/a>. Au total, 23 cas\u00a0dont 8 d\u00e9c\u00e8s, soup\u00e7onn\u00e9s d&rsquo;\u00eatre li\u00e9s au s\u00e9rum,\u00a0ont \u00e9t\u00e9 identifi\u00e9s depuis le d\u00e9but de la vaccination.\u00a0<\/li>\n<li><strong>\u00ab\u00a0La troisi\u00e8me vague loin d&rsquo;\u00eatre termin\u00e9e\u00a0\u00bb.<\/strong>\u00a0Le Premier ministre Jean Castex a rendu visite au personnel du CHU de Caen, vendredi, afin d&rsquo;apporter son soutien aux soignants \u00e9puis\u00e9s par la pression hospitali\u00e8re actuelle. \u00ab\u00a0La troisi\u00e8me vague est loin d&rsquo;\u00eatre termin\u00e9e, m\u00eame si, sur l&rsquo;incidence, un certain nombre d&rsquo;\u00e9volutions favorables\u00a0\u00bb sont constat\u00e9es, a-t-il d\u00e9clar\u00e9 pendant ce d\u00e9placement. Le chef du gouvernement\u00a0a rappel\u00e9 qu&rsquo;il y avait toujours\u00a0un \u00ab\u00a0d\u00e9calage\u00a0\u00bb entre l&rsquo;\u00e9volution du nombre des contaminations et celle de la \u00ab\u00a0situation hospitali\u00e8re\u00a0\u00bb.<\/li>\n<li><strong>Pr\u00e8s de 100% de vaccin\u00e9s en Ehpad<\/strong>. \u00ab\u00a0<em>Quasiment 100% des r\u00e9sidents des maisons de <a href=\"http:\/\/www.affinite.fr\/index.php\/2023\/07\/29\/changer-de-vie-voyager-complement-de-retraite-devenez-vendeur-de-glace-a-litalienne\/\">retraite<\/a> sp\u00e9cialis\u00e9es ont re\u00e7u une premi\u00e8re dose de vaccin, et trois quarts ont re\u00e7u leurs deux injections<\/em>\u00ab\u00a0, a d\u00e9clar\u00e9 Olivier V\u00e9ran, le ministre de la Sant\u00e9, vendredi lors d&rsquo;un d\u00e9placement dans un centre de vaccination \u00e0 Manosque, dans les Alpes-de-Haute-Provence. Le ministre a indiqu\u00e9 que\u00a0le gouvernement se pr\u00e9parait \u00e0 l&rsquo;hypoth\u00e8se d&rsquo;une troisi\u00e8me dose en cas notamment de nouvelles mutations du virus.<\/li>\n<li><strong>La Moselle, d\u00e9partement pilote pour Moderna.<\/strong> La Moselle pourrait devenir un \u00ab\u00a0d\u00e9partement pilote\u00a0\u00bb avec la mise \u00e0 disposition du vaccin anti-Covid-19\u00a0Moderna en pharmacie, a d\u00e9clar\u00e9\u00a0vendredi le pr\u00e9sident du Conseil d&rsquo;orientation de la strat\u00e9gie vaccinale, Alain Fischer. Aucune date n&rsquo;a \u00e9t\u00e9 donn\u00e9e \u00e0 cette mesure qui\u00a0\u00ab\u00a0vise \u00e0 lutter contre le variant sud-africain\u00a0\u00bb.<\/li>\n<li><strong>Pas de renouvellement de contrat pour AstraZeneca.<\/strong> \u00ab\u00a0<em>Nous n&rsquo;avons pas amorc\u00e9 de discussions avec Johnson &amp; Johnson et avec AstraZeneca pour un nouveau contrat, l\u00e0 ou nous avons d&rsquo;ores et d\u00e9j\u00e0 amorc\u00e9 des discussions avec Pfizer\/BioNTech et Moderna<\/em>\u00ab\u00a0, a indiqu\u00e9\u00a0\u00a0la ministre fran\u00e7aise de l&rsquo;Industrie Agn\u00e8s Pannier-Runacher, ce vendredi 16 avril.\u00a0<\/li>\n<\/ul>\n<p><a name=\"coronavirus-france-bilan-jour-aujourd-hui-derniers-chiffres\" style=\"font-size: 1.125rem; background-color: rgb(255, 255, 255);\" target=\"_blank\" rel=\"noopener noreferrer\">Bilan du jour\u00a0: les derniers chiffres de l&rsquo;\u00e9pid\u00e9mie en France<\/a><\/p>\n<p><strong>Selon les derniers chiffres publi\u00e9s par <a href=\"https:\/\/www.gouvernement.fr\/info-coronavirus\/carte-et-donnees\" target=\"_blank\" rel=\"noopener noreferrer\">le gouvernement<\/a>,\u00a0au samedi 17 avril, en France :<\/strong><\/p>\n<p>\u2022 5 260\u00a0182\u00a0personnes ont \u00e9t\u00e9 contamin\u00e9es par le coronavirus\u00a0<strong>(+35\u00a0861\u00a0en 24\u00a0heures)<\/strong>.<\/p>\n<p>\u2022 100 622\u00a0personnes sont d\u00e9c\u00e9d\u00e9es en France\u00a0<strong>(+189\u00a0en 24\u00a0heures),<\/strong><strong>\u00a0<\/strong>dont 74 452\u00a0\u00e0 l&rsquo;h\u00f4pital.<\/p>\n<p>\u2022<strong>\u00a05 877\u00a0patients Covid-19\u00a0sont en r\u00e9animation<\/strong> (-37\u00a0en 24\u00a0heures).\u00a0<\/p>\n<p>\u2022 30 329\u00a0patients Covid-19\u00a0\u00e9taient\u00a0hospitalis\u00e9s (-143\u00a0en 24\u00a0heures).<\/p>\n<div style=\"text-align:center\">\n<figure class=\"image\" style=\"display:inline-block\"><a class=\"fancy\" href=\"https:\/\/img-3.journaldesfemmes.fr\/Pue9gQrPSiTWTfs55dbJpvWr0A0=\/1080x\/smart\/3635f7eb8e55442ba50cb1b5c64a01ec\/ccmcms-jdf\/23903710.jpg\"><img decoding=\"async\" alt=\"Courbes des r\u00e9animations en France au 14 avril 2021\" src=\"https:\/\/img-3.journaldesfemmes.fr\/SgeVUg9n_dlcEYDVF4wgW9dfm9Y=\/600x\/smart\/3635f7eb8e55442ba50cb1b5c64a01ec\/ccmcms-jdf\/23903710.jpg\"\/><\/a><figcaption data-credit=\"Gouvernement.fr\" data-legend=\"Courbes des r\u00e9animations en France au 14 avril 2021\">Courbes des r\u00e9animations en France au 14 avril 2021 <small>\u00a9\u00a0Gouvernement.fr<\/small><\/figcaption><\/figure>\n<\/div>\n<p>Du samedi 3 avril au soir au dimanche 2 mai 2021, les mesures de freinage d\u00e9j\u00e0 en vigueur dans 19\u00a0d\u00e9partements sont \u00e9tendues \u00e0 tout le territoire m\u00e9tropolitain. Si les \u00e9coles ont ferm\u00e9\u00a0vendredi 3 avril,\u00a0des <strong>p\u00f4les d&rsquo;accueil vont \u00eatre mis en place dans les villes <\/strong>pour les enfants dont les <strong>deux parents font partie des professions mobilis\u00e9es pour g\u00e9rer la crise sanitaire <\/strong>(domaine m\u00e9dical, secr\u00e9tariat de pr\u00e9fecture, police, gendarmerie, personnel m\u00e9dico-social, m\u00e9dico-\u00e9ducatif, pharmacien pour la campagne de vaccination) et <strong>n&rsquo;ayant pas de solution alternative de garde.<\/strong><\/p>\n<p>\u2192 Le minist\u00e8re de l&rsquo;\u00c9conomie, des Finances et de la Relance a allong\u00e9 la liste des commerces jug\u00e9s essentiels et qui peuvent \u00eatre ouverts dans le cadre des mesures renforc\u00e9es qui s&rsquo;appliquent, \u00e0 partir du 3\u00a0avril 2021, \u00e0 tout le territoire\u00a0:\u00a0<a href=\"https:\/\/www.gouvernement.fr\/mesures-renforcees-la-liste-des-commerces-autorises-a-ouvrir\" target=\"_blank\" rel=\"noopener noreferrer\">Liste des commerces pouvant ouvrir<\/a>.<\/p>\n<div style=\"text-align:center\">\n<figure class=\"image\" style=\"display:inline-block\"><a class=\"fancy\" href=\"https:\/\/img-3.journaldesfemmes.fr\/_JDxfBWuELJJ0fiNp62yauWn94A=\/1080x\/smart\/e82f2d371edd49d9a73738392a675a2b\/ccmcms-jdf\/23613008.jpg\" target=\"_blank\" rel=\"noopener noreferrer\"><img decoding=\"async\" alt=\"Nouvelles restrictions en vigueur \u00e0 compter du 3 avril au soir.\" src=\"https:\/\/img-3.journaldesfemmes.fr\/4AwJ8HZL_zLK3bhaJrc38bGPdzw=\/600x\/smart\/e82f2d371edd49d9a73738392a675a2b\/ccmcms-jdf\/23613008.jpg\"\/><\/a><figcaption data-credit=\"Minist\u00e8re de la Sant\u00e9\" data-legend=\"Nouvelles restrictions en France en vigueur \u00e0 compter du 3 avril au soir.\">Nouvelles restrictions en France en vigueur \u00e0 compter du 3\u00a0avril au soir. <small>\u00a9\u00a0Minist\u00e8re de la Sant\u00e9<\/small><\/figcaption><\/figure>\n<\/div>\n<div style=\"text-align:center\">\n<figure class=\"image\" style=\"display:inline-block\"><a class=\"fancy\" href=\"https:\/\/img-3.journaldesfemmes.fr\/KuTtMf706qnr2Ne2ln11TvKQp_0=\/1080x\/smart\/3f06c04cb34446da8d5a597906ac7467\/ccmcms-jdf\/23612210.jpg\" target=\"_blank\" rel=\"noopener noreferrer\"><img decoding=\"async\" alt=\"mesure covid\" src=\"https:\/\/img-3.journaldesfemmes.fr\/DXudfHcjOXFnQ4Bf-exob_pe30U=\/600x\/smart\/3f06c04cb34446da8d5a597906ac7467\/ccmcms-jdf\/23612210.jpg\"\/><\/a><figcaption data-credit=\"Minist\u00e8re de l'Education nationale\" data-legend=\"Mesures pour les \u00e9coles \u00e0 partir du 5 avril 2021\">Mesures pour les \u00e9coles \u00e0 partir du 5\u00a0avril 2021 <small>\u00a9\u00a0Minist\u00e8re de l&rsquo;Education nationale<\/small><\/figcaption><\/figure>\n<\/div>\n<p>Du<strong>\u00a03\u00a0avril et au 2\u00a0mai sur tout le territoire fran\u00e7ais :\u00a0<\/strong><\/p>\n<ul>\n<li>Seuls les commerces de premi\u00e8re n\u00e9cessit\u00e9 peuvent ouvrir (voir plus bas).<\/li>\n<li>Les d\u00e9placements sont autoris\u00e9s dans une limite de 10\u00a0km, sans limite de dur\u00e9e et sans motif \u00e0 justifier par une attestation.<\/li>\n<li>Le couvre-feu est appliqu\u00e9 de 19h \u00e0 6h du matin.\u00a0<\/li>\n<li>Les cr\u00e8ches, \u00e9coles maternelles, \u00e9l\u00e9mentaires,\u00a0les coll\u00e8ges et lyc\u00e9es\u00a0seront ferm\u00e9s.<\/li>\n<li>Les cours en \u00e9coles maternelles, \u00e9l\u00e9mentaires, coll\u00e8ges et lyc\u00e9es seront organis\u00e9s \u00e0 distance pendant une semaine, \u00e0 compter de vendredi 2\u00a0avril.<\/li>\n<li>Le 12\u00a0avril, la France m\u00e9tropolitaine, quelle que soit la zone, sera plac\u00e9e en vacances de printemps. La rentr\u00e9e aura lieu\u00a0le 26\u00a0avril\u00a0: physiquement pour les maternelles et les primaires, \u00e0 distance pour les coll\u00e8ges et les lyc\u00e9es. Le 3\u00a0mai, les coll\u00e9giens et les lyc\u00e9ens pourront retrouver physiquement leur \u00e9tablissement, le cas \u00e9ch\u00e9ant avec des jauges adapt\u00e9es.<\/li>\n<li>Les universit\u00e9s et enseignements sup\u00e9rieurs continuent \u00e0 fonctionner selon le rythme en vigueur\u00a0: ils peuvent continuer durant toute la p\u00e9riode de confinement \u00e0 se rendre \u00e0 l&rsquo;universit\u00e9 pour une journ\u00e9e de cours par semaine.<\/li>\n<li>Les lieux de culte restent accessibles dans les m\u00eames conditions. Les fid\u00e8les doivent respecter une r\u00e8gle d&rsquo;un si\u00e8ge sur trois et d&rsquo;une rang\u00e9e sur deux pour y assister.<\/li>\n<li>Les d\u00e9placements inter-r\u00e9gionaux sont interdits sauf motifs imp\u00e9rieux ou professionnels.<\/li>\n<li>La consommation d&rsquo;alcool dans la rue est interdite.<\/li>\n<li>Toutes les activit\u00e9s, tous les \u00e9tablissements, tous les \u00e9quipements qui sont aujourd&rsquo;hui ferm\u00e9s, le resteront encore au cours des prochaines semaines<strong>.<\/strong>\u00a0C&rsquo;est le cas des<strong> cin\u00e9mas, des th\u00e9\u00e2tres, des salles de spectacle, des \u00e9quipements sportifs ou de loisirs.<\/strong> C&rsquo;est \u00e9galement le cas pour les bars et les restaurants.<\/li>\n<\/ul>\n<figure class=\"image\" style=\"float:right\"><a class=\"fancy\" href=\"https:\/\/img-3.journaldesfemmes.fr\/c58SiuaBeZq_zivIQR_6NTa0csw=\/1080x\/smart\/35697a829dfa440fa59db8ca0c869b4f\/ccmcms-jdf\/23722671.jpg\"><img decoding=\"async\" alt=\"attestation covid\" src=\"https:\/\/img-3.journaldesfemmes.fr\/x5p4u2CQd_vJzn4OkmlDNkn202s=\/450x\/smart\/35697a829dfa440fa59db8ca0c869b4f\/ccmcms-jdf\/23722671.jpg\"\/><\/a><figcaption data-credit=\"Minist\u00e8re de l'Int\u00e9rieur\" data-legend=\"Attestation de d\u00e9placement actualis\u00e9e le 3 avril 2021\">Attestation de d\u00e9placement actualis\u00e9e le 3 avril 2021 <small>\u00a9\u00a0Minist\u00e8re de l&rsquo;Int\u00e9rieur<\/small><\/figcaption><\/figure>\n<p>\u00c0 partir du<strong> 3\u00a0avril \u00e0 19h, <\/strong>de nouvelles mesures de freinage de l&rsquo;\u00e9pid\u00e9mie sont en vigueur sur l&rsquo;ensemble du territoire m\u00e9tropolitain. Il est obligatoire pour se d\u00e9placer d&rsquo;\u00eatre muni d&rsquo;une attestation de d\u00e9placement.<\/p>\n<p>L&rsquo;<strong>attestation de d\u00e9placement est obligatoire en journ\u00e9e entre 6h et 19h pour les d\u00e9placements au-del\u00e0 de 10\u00a0kilom\u00e8tres <\/strong>du domicile et pour tous les d\u00e9placements entre 19h et 6h sur l&rsquo;ensemble du territoire m\u00e9tropolitain.<\/p>\n<p>&gt; <a href=\"https:\/\/www.interieur.gouv.fr\/Actualites\/L-actu-du-Ministere\/Attestations-de-deplacement\" target=\"_blank\" rel=\"noopener noreferrer\">T\u00e9l\u00e9charger\/Remplir l&rsquo;attestation<\/a>\u00a0<\/p>\n<p><strong>Sont des motifs d\u00e9rogatoires\u00a0:<\/strong><\/p>\n<p><strong>D\u00e9placements dans la limite de 10\u00a0kilom\u00e8tres de son domicile<\/strong><\/p>\n<p>1. Activit\u00e9 physique et promenade<br \/>D\u00e9placements li\u00e9s soit \u00e0 la promenade, soit \u00e0 l&rsquo;activit\u00e9 physique individuelle des personnes\u202f<br \/>[Attestation \u00e0 remplir seulement \u00e0 d\u00e9faut de pouvoir pr\u00e9senter un justificatif de domicile]<\/p>\n<p><strong>D\u00e9placements au sein du d\u00e9partement de r\u00e9sidence<\/strong><\/p>\n<p>2. Achats<br \/>D\u00e9placements pour effectuer des achats de premi\u00e8re n\u00e9cessit\u00e9 ou des retraits de commandes<\/p>\n<p>3. Accompagnement des enfants \u00e0 l&rsquo;\u00e9cole<br \/>D\u00e9placements pour emmener et aller chercher les enfants \u00e0 l&rsquo;\u00e9cole et \u00e0 l&rsquo;occasion de leurs activit\u00e9s p\u00e9ri-scolaires<\/p>\n<p>4. Etablissement culturel ou lieu de culte<br \/>D\u00e9placements pour se rendre dans un \u00e9tablissement culturel (biblioth\u00e8ques et m\u00e9diath\u00e8ques) ou un lieu de culte<\/p>\n<p>5. D\u00e9marches administratives ou juridiques<br \/>D\u00e9placements pour se rendre dans un service public pour un acte ou une d\u00e9marche qui ne peuvent \u00eatre r\u00e9alis\u00e9s \u00e0 distance<\/p>\n<p><strong>D\u00e9placements sans limitation de distance<\/strong><\/p>\n<p>6. Activit\u00e9 professionnelle, enseignement et <a href=\"http:\/\/www.affinite.fr\/index.php\/2022\/11\/09\/formation-de-glacier-apprenez-le-metier-de-glacier-et-changez-votre-vie\/\">formation<\/a>, mission d&rsquo;int\u00e9r\u00eat g\u00e9n\u00e9ral<br \/>D\u00e9placements entre le domicile et le lieu d&rsquo;exercice de l&rsquo;activit\u00e9 professionnelle ou le lieu d&rsquo;enseignement et de formation, d\u00e9placements professionnels ne pouvant \u00eatre diff\u00e9r\u00e9s, livraisons \u00e0 domicile, d\u00e9placements pour effectuer des achats de fournitures n\u00e9cessaires \u00e0 l&rsquo;activit\u00e9 professionnelle, d\u00e9placements li\u00e9s \u00e0 des missions d&rsquo;int\u00e9r\u00eat g\u00e9n\u00e9ral sur demande de l&rsquo;autorit\u00e9 administrative<\/p>\n<p>7. Sant\u00e9 (consultations et soins)<br \/>D\u00e9placements pour des consultations, examens, actes de pr\u00e9vention (dont vaccination) et soins ne pouvant \u00eatre assur\u00e9s \u00e0 distance ou pour l&rsquo;achat de produits de sant\u00e9<\/p>\n<p>8. Motif familial imp\u00e9rieux, personnes vuln\u00e9rables ou pr\u00e9caires ou gardes d&rsquo;enfants<br \/>D\u00e9placements pour motif familial imp\u00e9rieux, pour l&rsquo;assistance aux personnes vuln\u00e9rables ou pr\u00e9caires ou pour la garde d&rsquo;enfants<\/p>\n<p>9. Situation de handicap<br \/>D\u00e9placements des personnes en situation de handicap et de leur accompagnant<\/p>\n<p>10. Convocation judiciaire ou administrative<br \/>D\u00e9placements pour r\u00e9pondre \u00e0 une convocation judiciaire ou administrative, d\u00e9placements pour se rendre chez un professionnel du droit, pour un acte ou une d\u00e9marche qui ne peuvent \u00eatre r\u00e9alis\u00e9s \u00e0 distance<\/p>\n<p>11. D\u00e9m\u00e9nagement<br \/>D\u00e9placements li\u00e9s \u00e0 un d\u00e9m\u00e9nagement r\u00e9sultant d&rsquo;un changement de domicile et d\u00e9placements indispensables \u00e0 l&rsquo;acquisition ou \u00e0 la location d&rsquo;une r\u00e9sidence principale, insusceptibles d&rsquo;\u00eatre diff\u00e9r\u00e9s<\/p>\n<p>12. D\u00e9placement de transit vers les gares et les a\u00e9roports<\/p>\n<div style=\"text-align:center\">\n<figure class=\"image\" style=\"display:inline-block\"><a class=\"fancy\" href=\"https:\/\/img-3.journaldesfemmes.fr\/-UTl4NYnVl14rZ76kBkMnhbKDkQ=\/1080x\/smart\/ee3f5e2aaae34dc89281a4e01ea9d3da\/ccmcms-jdf\/23925397.jpg\"><img decoding=\"async\" alt=\"Taux d'incidence en France semaine glissante \" src=\"https:\/\/img-3.journaldesfemmes.fr\/-UTl4NYnVl14rZ76kBkMnhbKDkQ=\/1080x\/smart\/ee3f5e2aaae34dc89281a4e01ea9d3da\/ccmcms-jdf\/23925397.jpg\"\/><\/a><figcaption data-credit=\"G\u00e9od\u00e8s\" data-legend=\"Taux d'incidence en France du 6 au 12 avril (semaine glissante)\">Taux d&rsquo;incidence en France du 6 au 12 avril (semaine glissante) <small>\u00a9\u00a0G\u00e9od\u00e8s<\/small><\/figcaption><\/figure>\n<\/div>\n<blockquote>\n<p><iframe loading=\"lazy\" height=\"600\" src=\"https:\/\/geodes.santepubliquefrance.fr\/?view=map2&amp;indics=sp_ti_tp_7j.tx_pe_gliss&amp;serie=2021-02-15-2021-02-21&amp;lang=fr&amp;iframe=1\" width=\"600\"><\/iframe><\/p>\n<\/blockquote>\n<p>Dans son dernier bilan hebdomadaire du 15\u00a0avril, Sant\u00e9 Publique France\u00a0rapporte, pour la semaine du 5 au 11 avril,\u00a0un maintien des indicateurs \u00e9pid\u00e9miologiques\u00a0\u00e0 un niveau tr\u00e8s \u00e9lev\u00e9, avec une stabilisation de la majorit\u00e9 des indicateurs. Un ralentissement de la circulation virale est observ\u00e9 en particulier dans les d\u00e9partements o\u00f9 des mesures de restrictions renforc\u00e9es avaient \u00e9t\u00e9 mise en \u0153uvre les 20\u00a0et 27\u00a0mars 2021. N\u00e9anmoins, la tension hospitali\u00e8re se poursuit sur l&rsquo;ensemble du territoire m\u00e9tropolitain et la mortalit\u00e9 est toujours en hausse, \u00e9volution attendue du fait de l&rsquo;intensit\u00e9 de l&rsquo;\u00e9pid\u00e9mie au cours de ces derni\u00e8res semaines :<\/p>\n<ul>\n<li>Le <strong>taux d&rsquo;incidence<\/strong> corrig\u00e9 (<strong>408<\/strong>\u00a0pour 100\u00a0000\u00a0habitants) <strong>\u00e9tait stable<\/strong> (-0,6% par rapport \u00e0 la semaine 13) apr\u00e8s quatre semaines d&rsquo;augmentation, tandis que le taux de d\u00e9pistage (4\u00a0438\u00a0pour 100\u00a0000\u00a0habitants) diminuait (-18,6%). Le taux de positivit\u00e9 (9,2%) augmentait en S14\u00a0(vs 7,5% en S13).<\/li>\n<li>Une moyenne de <strong>33\u00a0000 nouveaux cas en moyenne<\/strong> sont confirm\u00e9s chaque jour.<\/li>\n<li>Le nombre de passages aux urgences pour suspicion de COVID-19\u00a0\u00e9tait stable apr\u00e8s quatre semaines d&rsquo;augmentation. Une baisse \u00e9tait observ\u00e9e chez les<strong> 15-64\u00a0ans<\/strong>.<\/li>\n<li>Le nombre hebdomadaire d&rsquo;admissions \u00e0 l&rsquo;h\u00f4pital de patients COVID-19\u00a0s&rsquo;\u00e9tait stabilis\u00e9 en S14\u00a0apr\u00e8s avoir augment\u00e9 depuis S10.\u00a0Le nombre de personnes en cours d&rsquo;hospitalisation se maintenait \u00e0 <strong>un niveau \u00e9lev\u00e9<\/strong>, avec 31\u00a0287\u00a0personnes hospitalis\u00e9es au 13\u00a0avril (vs 30\u00a0700\u00a0le 6\u00a0avril, soit +2%) dont 5\u00a0969\u00a0patients en soins critiques (vs 5\u00a0644, soit +6%).<\/li>\n<li>L&rsquo;augmentation du taux d&rsquo;admission en services de soins critiques, observ\u00e9e depuis S08, s&rsquo;est poursuivie mais de mani\u00e8re moins marqu\u00e9e en S14\u00a0(+2% par rapport \u00e0 la semaine pr\u00e9c\u00e9dente).<\/li>\n<li>Apr\u00e8s une stabilisation depuis S08, le nombre hebdomadaire de d\u00e9c\u00e8s de patients COVID-19\u00a0hospitalis\u00e9s en semaine 14\u00a0<strong>continuait d&rsquo;augmenter <\/strong>pour la deuxi\u00e8me semaine cons\u00e9cutive, mais de fa\u00e7on moins marqu\u00e9e (2\u00a0066\u00a0vs 1\u00a0985\u00a0d\u00e9c\u00e8s en S13, soit +4%).<\/li>\n<li>L&rsquo;analyse des r\u00e9sultats des tests de criblage des variants pr\u00e9occupants indique une <strong>pr\u00e9dominance nette de la proportion de suspicions de variant anglais,<\/strong> qui repr\u00e9sentait 83% des tests cribl\u00e9s.<\/li>\n<li>La proportion de suspicions de variants sud-africain ou br\u00e9silien restait stable \u00e0 4%.<\/li>\n<\/ul>\n<h3 style=\"text-align: center;\">\u00c9volution des taux d&rsquo;incidence et de d\u00e9pistage par semaine, avec ou sans correction, depuis la semaine 23-2020, France (donn\u00e9es au 14\u00a0avril 2021)<\/h3>\n<div style=\"text-align:center\">\n<figure class=\"image\" style=\"display:inline-block\"><a class=\"fancy\" href=\"https:\/\/img-3.journaldesfemmes.fr\/i-l9JRSvAKPUQsTp_7ndrUQPtqo=\/1080x\/smart\/f55d8bd3f2ad406f8949dfd875311b5e\/ccmcms-jdf\/23925581.jpg\"><img decoding=\"async\" alt=\"\u00c9volution des taux d\u2019incidence et de d\u00e9pistage par semaine, avec ou sans correction, depuis la semaine 23-2020, France (donn\u00e9es au 14 avril 2021)\" src=\"https:\/\/img-3.journaldesfemmes.fr\/c1UlXT4eXb2VIVILrfyrtJV3BqM=\/600x\/smart\/f55d8bd3f2ad406f8949dfd875311b5e\/ccmcms-jdf\/23925581.jpg\"\/><\/a><figcaption data-credit=\"Sant\u00e9 publique France\" data-legend=\"\u00c9volution des taux d\u2019incidence et de d\u00e9pistage par semaine, avec ou sans correction, depuis la semaine 23-2020, France (donn\u00e9es au 14 avril 2021)\">\u00c9volution des taux d\u2019incidence et de d\u00e9pistage par semaine, avec ou sans correction, depuis la semaine 23-2020, France (donn\u00e9es au 14 avril 2021) <small>\u00a9\u00a0Sant\u00e9 publique France<\/small><\/figcaption><\/figure>\n<\/div>\n<p>Le gouvernement suit \u00e9galement l&rsquo;\u00e9volution du taux d&rsquo;occupation des lits en r\u00e9animation par des patients Covid-19 (sur les capacit\u00e9s initiales). Ce taux met en lumi\u00e8re une \u00e9ventuelle tension hospitali\u00e8re.\u00a0<\/p>\n<div style=\"text-align:center\">\n<figure class=\"image\" style=\"display:inline-block\"><a class=\"fancy\" href=\"https:\/\/img-3.journaldesfemmes.fr\/FD1cufOkGzOGMB3s-PTlfqifOK0=\/1080x\/smart\/a839e6e914754adc91288baecdd2d2c9\/ccmcms-jdf\/23910680.png\"><img decoding=\"async\" alt=\"Taux d'occupation des lits en r\u00e9animation au 15 avril par des patients Covid-19\" src=\"https:\/\/img-3.journaldesfemmes.fr\/U9KldjD_5SduaIUMSSYymd8Wj5Q=\/450x\/smart\/a839e6e914754adc91288baecdd2d2c9\/ccmcms-jdf\/23910680.png\"\/><\/a><figcaption data-credit=\"Gouvernement.fr\" data-legend=\"Taux d'occupation des lits en r\u00e9animation au 15 avril par des patients Covid-19\">Taux d&rsquo;occupation des lits en r\u00e9animation au 15 avril par des patients Covid-19 <small>\u00a9\u00a0Gouvernement.fr<\/small><\/figcaption><\/figure>\n<\/div>\n<p>\u2192 Le\u00a0<strong>pic \u00e9pid\u00e9mique<\/strong>\u00a0de la premi\u00e8re vague a \u00e9t\u00e9 observ\u00e9 la\u00a0<strong>semaine du 6\u00a0au 12\u00a0avril 2020<\/strong>, soit 15\u00a0jours\u00a0apr\u00e8s la mise en \u0153uvre des mesures de confinement de la population g\u00e9n\u00e9rale, le 17\u00a0mars 2020.<\/p>\n<p>\u2192 Le <strong>pic de la deuxi\u00e8me vague <\/strong>a eu lieu\u00a0du <strong>16\u00a0au 20\u00a0novembre,\u00a0<\/strong>trois semaines apr\u00e8s le deuxi\u00e8me confinement.<\/p>\n<p>\u2192 Le <strong>pic de la troisi\u00e8me vague<\/strong> n&rsquo;aurait pas encore \u00e9t\u00e9 pass\u00e9, indique le gouvernement fran\u00e7ais le 14 avril.\u00a0<\/p>\n<blockquote>\n<p style=\"text-align: right;\">Le taux de d\u00e9pistage est en forte augmentation chez les 0-14\u00a0ans (+41%).<\/p>\n<\/blockquote>\n<p>Au 17\u00a0avril 2021, un total de<strong>\u00a05\u00a0260\u00a0182<\/strong><strong>\u00a0cas\u00a0confirm\u00e9s\u00a0<\/strong>de coronavirus est rapport\u00e9 depuis le d\u00e9but de la pand\u00e9mie.\u00a0<\/p>\n<p><strong>Sur la semaine 14\u00a0(5 au 11 avril) :<\/strong><\/p>\n<ul>\n<li>Au niveau national, <strong>230\u00a0770\u00a0nouveaux cas <\/strong>ont \u00e9t\u00e9 confirm\u00e9s, soit pr\u00e8s de <strong>33\u00a0000\u00a0cas en moyenne <\/strong>chaque jour.<\/li>\n<li>Le taux d&rsquo;incidence\u00a0(408\u00a0pour 100\u00a0000\u00a0habitants) \u00e9tait <strong>stable<\/strong> (-0,6% par rapport \u00e0 la semaine 13) apr\u00e8s quatre semaines d&rsquo;augmentation.<\/li>\n<li>Le taux de d\u00e9pistage (4\u00a0438\u00a0pour 100\u00a0000\u00a0habitants) a diminu\u00e9 (-18,6%).<\/li>\n<li>Le taux de positivit\u00e9 national hebdomadaire des personnes test\u00e9es \u00e9tait de<strong> 9,7%<\/strong> (calcul\u00e9 sur les personnes test\u00e9es et dont les tests sont valides), en hausse par rapport \u00e0 la semaine pr\u00e9c\u00e9dente, particuli\u00e8rement chez les plus jeunes. La hausse la plus importante \u00e9tait observ\u00e9e chez <strong>les 0-14\u00a0ans<\/strong> (+3,4\u00a0points) suivis par les 15-44\u00a0ans (+1,6\u00a0point), les 45-64\u00a0ans (+1,2\u00a0point), les 65-74\u00a0ans (+0,6\u00a0point). Une l\u00e9g\u00e8re diminution \u00e9tait observ\u00e9e chez les 75\u00a0ans et plus (-0,3\u00a0point).<\/li>\n<\/ul>\n<h3 style=\"text-align: center;\">Nombre incident de cas confirm\u00e9s de COVID-19\u00a0par semaine (date de pr\u00e9l\u00e8vement) rapport\u00e9s \u00e0 Sant\u00e9 publique France du 11\u00a0mai 2020\u00a0au 11\u00a0avril 2021, France (donn\u00e9es au 14\u00a0avril 2021) (donn\u00e9es non corrig\u00e9es pour S14)<\/h3>\n<div style=\"text-align:center\">\n<figure class=\"image\" style=\"display:inline-block\"><a class=\"fancy\" href=\"https:\/\/img-3.journaldesfemmes.fr\/jIUxiSTcUOLvrEEsT4N-g5UM2uQ=\/1080x\/smart\/0964645aecce48329dd30476aa93320d\/ccmcms-jdf\/23925676.jpg\"><img decoding=\"async\" alt=\"Nombre incident de cas confirm\u00e9s de COVID-19 par semaine (date de pr\u00e9l\u00e8vement) rapport\u00e9s \u00e0 Sant\u00e9 publique France du 11 mai 2020 au 11 avril 2021, France (donn\u00e9es au 14 avril 2021) (donn\u00e9es non corrig\u00e9es pour S14)\" src=\"https:\/\/img-3.journaldesfemmes.fr\/_n6yHnoEWHd0ZDxNL66bL-CvnSU=\/600x\/smart\/0964645aecce48329dd30476aa93320d\/ccmcms-jdf\/23925676.jpg\"\/><\/a><figcaption data-credit=\"Sant\u00e9 publique France\" data-legend=\"Nombre incident de cas confirm\u00e9s de COVID-19 par semaine (date de pr\u00e9l\u00e8vement) rapport\u00e9s \u00e0 Sant\u00e9 publique France du 11 mai 2020 au 11 avril 2021, France (donn\u00e9es au 14 avril 2021) (donn\u00e9es non corrig\u00e9es pour S14)\">Nombre incident de cas confirm\u00e9s de COVID-19 par semaine (date de pr\u00e9l\u00e8vement) rapport\u00e9s \u00e0 Sant\u00e9 publique France du 11 mai 2020 au 11 avril 2021, France (donn\u00e9es au 14 avril 2021) (donn\u00e9es non corrig\u00e9es pour S14) <small>\u00a9\u00a0Sant\u00e9 publique France<\/small><\/figcaption><\/figure>\n<\/div>\n<p>Samedi 17 avril,<strong>\u00a035\u00a0861\u00a0<\/strong><strong>nouvelles personnes<\/strong>\u00a0ont re\u00e7u un test positif au Covid-19 par rapport \u00e0 la veille.<\/p>\n<h3 style=\"text-align: center;\">Taux d&rsquo;incidence &#8211; quotidien &#8211; tous \u00e2ges jusqu&rsquo;au 12 avril 2021<\/h3>\n<div style=\"text-align:center\">\n<figure class=\"image\" style=\"display:inline-block\"><a class=\"fancy\" href=\"https:\/\/img-3.journaldesfemmes.fr\/61ZpscVHQjAa86wwefAxVHwNAL8=\/1080x\/smart\/bb59be9487b14bebbea551d01cb22a35\/ccmcms-jdf\/23925711.jpg\"><img decoding=\"async\" alt=\"Taux d'incidence - quotidien - tous \u00e2ges jusqu'au 12 avril 2021\" src=\"https:\/\/img-3.journaldesfemmes.fr\/61ZpscVHQjAa86wwefAxVHwNAL8=\/1080x\/smart\/bb59be9487b14bebbea551d01cb22a35\/ccmcms-jdf\/23925711.jpg\"\/><\/a><figcaption data-credit=\"G\u00e9od\u00e8s\" data-legend=\"Taux d'incidence - quotidien - tous \u00e2ges jusqu'au 12 avril 2021\">Taux d&rsquo;incidence &#8211; quotidien &#8211; tous \u00e2ges jusqu&rsquo;au 12 avril 2021 <small>\u00a9\u00a0G\u00e9od\u00e8s<\/small><\/figcaption><\/figure>\n<\/div>\n<p><strong>Samedi 17<\/strong>\u00a0<strong>avril,<\/strong>\u00a0<strong>5 877\u00a0personnes sont\u00a0hospitalis\u00e9es\u00a0en\u00a0r\u00e9animation (-37\u00a0au cours des derni\u00e8res 24 heures).<\/strong>\u00a0Le\u00a0nombre de patients COVID-19\u00a0hospitalis\u00e9s en France est tr\u00e8s \u00e9lev\u00e9 et en progression sur la semaine du 15 au 21 mars.<strong> <\/strong><\/p>\n<p><strong>Sur la semaine 14\u00a0(5 au 11 avril)\u00a0:<\/strong><\/p>\n<ul>\n<li>Le taux hebdomadaire d&rsquo;hospitalisation \u00e9tait<strong> stable<\/strong>\u00a0mais le nombre de patients COVID-19\u00a0hospitalis\u00e9s restait tr\u00e8s \u00e9lev\u00e9, avec plus de 31\u00a0000\u00a0personnes hospitalis\u00e9es au 13\u00a0avril.<\/li>\n<li>Le taux d&rsquo;admission en services de soins critiques \u00e9tait \u00e9galement <strong>stable<\/strong>\u00a0(+2% par rapport \u00e0 la semaine 13), le nombre de personnes hospitalis\u00e9es dans ces services atteignant <strong>5\u00a0969\u00a0patients le 13\u00a0avril<\/strong>.\u00a0<\/li>\n<li>Le taux hebdomadaire d&rsquo;hospitalisation \u00e9tait <strong>en augmentation en Nouvelle-Aquitaine<\/strong> (+18%), <strong>Grand Est<\/strong> (+11%), <strong>Occitanie<\/strong> (+4%), <strong><a href=\"http:\/\/www.affinite.fr\/index.php\/2024\/11\/21\/construire-votre-maison-en-normandie\/\">Normandie<\/a><\/strong> (+3%) et <strong>Auvergne-Rh\u00f4ne-Alpes<\/strong> (+2%). Il \u00e9tait stable ou en diminution dans les autres r\u00e9gions de France m\u00e9tropolitaine.<\/li>\n<li>Les plus forts taux hebdomadaires d&rsquo;admission en services de soins critiques en m\u00e9tropole \u00e9taient rapport\u00e9s en <strong>\u00cele-de-France<\/strong> (7,9\/100\u00a0000\u00a0habitants), <strong>Hauts-de-France<\/strong> (6,0),<strong> Provence-Alpes-C\u00f4te d&rsquo;Azur<\/strong> (5,2), <strong>Auvergne-Rh\u00f4ne-Alpes<\/strong> (5,1), <strong>Grand Est<\/strong> (4,5), <strong>Centre-Val de Loire<\/strong> (4,5), Bourgogne-Franche-Comt\u00e9 (4,4) et Occitanie (4,0). Les autres r\u00e9gions m\u00e9tropolitaines enregistraient des taux inf\u00e9rieurs \u00e0 3,4\u00a0pour 100\u00a0000\u00a0habitants<\/li>\n<\/ul>\n<div style=\"text-align:center\">\n<figure class=\"image\" style=\"display:inline-block\"><a class=\"fancy\" href=\"https:\/\/img-3.journaldesfemmes.fr\/z78yG5m3oFP4mDXyUDuIQdJ2hUU=\/1080x\/smart\/7b05e4cd07de45f8b60b7107cd3977d4\/ccmcms-jdf\/23925783.jpg\"><img decoding=\"async\" alt=\"Nombre hebdomadaire de nouvelles admissions de patients COVID-19 en services de soins critiques, selon la date de d\u00e9claration, depuis le 23 mars 2020, France (donn\u00e9es au 11 avril 2021)\" src=\"https:\/\/img-3.journaldesfemmes.fr\/N3nMg9kyt1Di_ewES0UnAIioHpk=\/600x\/smart\/7b05e4cd07de45f8b60b7107cd3977d4\/ccmcms-jdf\/23925783.jpg\"\/><\/a><figcaption data-credit=\"Sant\u00e9 publique France\" data-legend=\"Nombre hebdomadaire de nouvelles admissions de patients COVID-19 en services de soins critiques, selon la date de d\u00e9claration, depuis le 23 mars 2020, France (donn\u00e9es au 11 avril 2021)\">Nombre hebdomadaire de nouvelles admissions de patients COVID-19 en services de soins critiques, selon la date de d\u00e9claration, depuis le 23 mars 2020, France (donn\u00e9es au 11 avril 2021) <small>\u00a9\u00a0Sant\u00e9 publique France<\/small><\/figcaption><\/figure>\n<\/div>\n<p>Selon les <a href=\"https:\/\/www.gouvernement.fr\/info-coronavirus\/carte-et-donnees\" target=\"_blank\" rel=\"noopener noreferrer\">chiffres communiqu\u00e9s par le gouvernement<\/a>, consolid\u00e9s avec l&rsquo;Agence Sant\u00e9 Publique France et\u00a0les ARS (Agences r\u00e9gionales de Sant\u00e9), voici l&rsquo;\u00e9volution des hospitalisations (dont la r\u00e9animation) et des d\u00e9c\u00e8s\u00a0en France par r\u00e9gion.<\/p>\n<h3><a id=\"cas-covid-19-tableau-par-region\" name=\"cas-covid-19-tableau-par-region\">Evolution des hospitalisations (dont en r\u00e9animation) et d\u00e9c\u00e8s \u00e0 l&rsquo;h\u00f4pital du Covid-19\u00a0par r\u00e9gion au 17\u00a0avril<\/a><\/h3>\n<table border=\"1\" cellpadding=\"1\" cellspacing=\"1\" style=\"width:100%;\">\n<thead>\n<tr>\n<th scope=\"col\" style=\"width: 199px;\">R\u00e9gions<\/th>\n<th scope=\"col\" style=\"width: 162px; text-align: center;\">Hospitalisations en cours<\/th>\n<th scope=\"col\" style=\"width: 143px; text-align: center;\">Evolution des nouveaux patients sur les\u00a0 derni\u00e8res 24\u00a0H<\/th>\n<th scope=\"col\" style=\"width: 149px; text-align: center;\">R\u00e9animation Soins intensif<\/th>\n<th scope=\"col\" style=\"width: 155px; text-align: center;\">Evolution des nouveaux patients sur les\u00a0 derni\u00e8res 24\u00a0H<\/th>\n<th scope=\"col\" style=\"width: 220px; text-align: center;\">D\u00e9c\u00e8s<\/th>\n<\/tr>\n<tr>\n<td style=\"width: 199px;\"><b>\u00cele-de-France<\/b><\/td>\n<td style=\"width: 162px;\">7 976<\/td>\n<td style=\"width: 143px;\">-61<\/td>\n<td style=\"width: 149px;\">1 782<\/td>\n<td style=\"width: 155px;\">-8<\/td>\n<td style=\"width: 220px;\">18 000<\/td>\n<\/tr>\n<tr>\n<td style=\"width: 199px;\"><strong>Grand Est<\/strong><\/td>\n<td style=\"width: 162px;\">2 632<\/td>\n<td style=\"width: 143px;\">-77<\/td>\n<td style=\"width: 149px;\">489<\/td>\n<td style=\"width: 155px;\">-7<\/td>\n<td style=\"width: 220px;\">9 308<\/td>\n<\/tr>\n<tr>\n<td style=\"width: 199px;\"><strong>Auvergne-Rh\u00f4ne-Alpes<\/strong><\/td>\n<td style=\"width: 162px;\">3 751<\/td>\n<td style=\"width: 143px;\">-133<\/td>\n<td style=\"width: 149px;\">677<\/td>\n<td style=\"width: 155px;\">-22<\/td>\n<td style=\"width: 220px;\">10 527<\/td>\n<\/tr>\n<tr>\n<td style=\"width: 199px;\"><strong>Hauts-de-France<\/strong><\/td>\n<td style=\"width: 162px;\">3 495<\/td>\n<td style=\"width: 143px;\">-57<\/td>\n<td style=\"width: 149px;\">698<\/td>\n<td style=\"width: 155px;\">-17<\/td>\n<td style=\"width: 220px;\">7 921<\/td>\n<\/tr>\n<tr>\n<td style=\"width: 199px;\"><strong>Bourgogne-Franche-Comt\u00e9<\/strong><\/td>\n<td style=\"width: 162px;\">1 329<\/td>\n<td style=\"width: 143px;\">-54<\/td>\n<td style=\"width: 149px;\">\n<p>186<\/p>\n<\/td>\n<td style=\"width: 155px;\">-5<\/td>\n<td style=\"width: 220px;\">4 356<\/td>\n<\/tr>\n<tr>\n<td style=\"width: 199px;\"><strong>Provence-Alpes-C\u00f4te d&rsquo;Azur<\/strong><\/td>\n<td style=\"width: 162px;\">3 202<\/td>\n<td style=\"width: 143px;\">-99<\/td>\n<td style=\"width: 149px;\">572<\/td>\n<td style=\"width: 155px;\">-29<\/td>\n<td style=\"width: 220px;\">7 150<\/td>\n<\/tr>\n<tr>\n<td style=\"width: 199px;\"><strong>Occitanie<\/strong><\/td>\n<td style=\"width: 162px;\">1 849<\/td>\n<td style=\"width: 143px;\">+1<\/td>\n<td style=\"width: 149px;\">407<\/td>\n<td style=\"width: 155px;\">-4<\/td>\n<td style=\"width: 220px;\">3 933<\/td>\n<\/tr>\n<tr>\n<td style=\"width: 199px;\"><strong>Bretagne<\/strong><\/td>\n<td style=\"width: 162px;\">801<\/td>\n<td style=\"width: 143px;\">+4<\/td>\n<td style=\"width: 149px;\">130<\/td>\n<td style=\"width: 155px;\">+10<\/td>\n<td style=\"width: 220px;\">1 414<\/td>\n<\/tr>\n<tr>\n<td style=\"width: 199px;\"><strong>Nouvelle-Aquitaine<\/strong><\/td>\n<td style=\"width: 162px;\">1 297<\/td>\n<td style=\"width: 143px;\">-46<\/td>\n<td style=\"width: 149px;\">255<\/td>\n<td style=\"width: 155px;\">-14<\/td>\n<td style=\"width: 220px;\">3 352<\/td>\n<\/tr>\n<tr>\n<td style=\"width: 199px;\"><strong>Normandie<\/strong><\/td>\n<td style=\"width: 162px;\">1 502<\/td>\n<td style=\"width: 143px;\">\n<p>-28<\/p>\n<\/td>\n<td style=\"width: 149px;\">220<\/td>\n<td style=\"width: 155px;\">-6<\/td>\n<td style=\"width: 220px;\">2 855<\/td>\n<\/tr>\n<tr>\n<td style=\"width: 199px;\"><strong>Centre Val-de-Loire<\/strong><\/td>\n<td style=\"width: 162px;\">1 121<\/td>\n<td style=\"width: 143px;\">-27<\/td>\n<td style=\"width: 149px;\">209<\/td>\n<td style=\"width: 155px;\">-7<\/td>\n<td style=\"width: 220px;\">2 367<\/td>\n<\/tr>\n<tr>\n<td style=\"width: 199px;\"><strong>Pays de la Loire<\/strong><\/td>\n<td style=\"width: 162px;\">873<\/td>\n<td style=\"width: 143px;\">+18<\/td>\n<td style=\"width: 149px;\">134<\/td>\n<td style=\"width: 155px;\">+10<\/td>\n<td style=\"width: 220px;\">2 409<\/td>\n<\/tr>\n<tr>\n<td style=\"width: 199px;\"><strong>Corse<\/strong><\/td>\n<td style=\"width: 162px;\">88<\/td>\n<td style=\"width: 143px;\">-2<\/td>\n<td style=\"width: 149px;\">15<\/td>\n<td style=\"width: 155px;\">+1<\/td>\n<td style=\"width: 220px;\">181<\/td>\n<\/tr>\n<tr>\n<td style=\"width: 199px;\"><strong>Martinique<\/strong><\/td>\n<td style=\"width: 162px;\">105<\/td>\n<td style=\"width: 143px;\">-2<\/td>\n<td style=\"width: 149px;\">26<\/td>\n<td style=\"width: 155px;\">-5<\/td>\n<td style=\"width: 220px;\">67<\/td>\n<\/tr>\n<tr>\n<td style=\"width: 199px;\"><strong>Guadeloupe<\/strong><\/td>\n<td style=\"width: 162px;\">115<\/td>\n<td style=\"width: 143px;\">-12<\/td>\n<td style=\"width: 149px;\">22<\/td>\n<td style=\"width: 155px;\">NC<\/td>\n<td style=\"width: 220px;\">219<\/td>\n<\/tr>\n<tr>\n<td style=\"width: 199px;\"><strong>La R\u00e9union<\/strong><\/td>\n<td style=\"width: 162px;\">140<\/td>\n<td style=\"width: 143px;\">+2<\/td>\n<td style=\"width: 149px;\">38<\/td>\n<td style=\"width: 155px;\">NC<\/td>\n<td style=\"width: 220px;\">148<\/td>\n<\/tr>\n<tr>\n<td style=\"width: 199px;\"><strong>Guyane<\/strong><\/td>\n<td style=\"width: 162px;\">39<\/td>\n<td style=\"width: 143px;\">-2<\/td>\n<td style=\"width: 149px;\">\n<p>11<\/p>\n<\/td>\n<td style=\"width: 155px;\">-1<\/td>\n<td style=\"width: 220px;\">92<\/td>\n<\/tr>\n<tr>\n<td style=\"width: 199px;\"><strong>Mayotte<\/strong><\/td>\n<td style=\"width: 162px;\">14<\/td>\n<td style=\"width: 143px;\">+2<\/td>\n<td style=\"width: 149px;\">6<\/td>\n<td style=\"width: 155px;\">\n<p>NC<\/p>\n<\/td>\n<td style=\"width: 220px;\">124<\/td>\n<\/tr>\n<tr>\n<td style=\"width: 199px;\"><strong>TOTAL<\/strong><\/td>\n<td style=\"width: 162px;\"><b>30 329<\/b><\/td>\n<td style=\"width: 143px;\">-573<\/td>\n<td style=\"width: 149px;\"><b>5 877<\/b><\/td>\n<td style=\"width: 155px;\">-104<\/td>\n<td style=\"width: 220px;\">\n<p><b>74\u00a0423<\/b><\/p>\n<\/td>\n<\/tr>\n<\/thead>\n<\/table>\n<p><strong>100 622\u00a0d\u00e9c\u00e8s sont recens\u00e9s au 17\u00a0avril\u00a0<\/strong>dont 74 234 \u00e0 l&rsquo;h\u00f4pital\u00a0(+189\u00a0au cours des 24 derni\u00e8res heures), selon les chiffres du gouvernement. L&rsquo;\u00e2ge m\u00e9dian au d\u00e9c\u00e8s est de 85\u00a0ans et 92,6% des personnes avaient 65\u00a0ans et plus. Les hommes repr\u00e9sentent 55% de ces d\u00e9c\u00e8s.<\/p>\n<p><strong>Sur la semaine 14\u00a0(5 au 11 avril)\u00a0:\u00a0<\/strong>le nombre de d\u00e9c\u00e8s \u00e9tait en l\u00e9g\u00e8re hausse en S14\u00a0(+4% entre S13\u00a0et S14). Les plus forts taux hebdomadaires de d\u00e9c\u00e8s en m\u00e9tropole \u00e9taient rapport\u00e9s dans les <strong>Hauts-de-France<\/strong> (4,6\u00a0pour 100\u00a0000\u00a0habitants), en <strong>\u00cele-de-France<\/strong> (4,1) et en <strong>Bourgogne-Franche-Comt\u00e9<\/strong> (4,1). Les autres r\u00e9gions m\u00e9tropolitaines enregistraient des taux inf\u00e9rieurs \u00e0 3,7\u00a0pour 100\u00a0000\u00a0habitants.\u00a0En France, depuis le d\u00e9but de l&rsquo;\u00e9pid\u00e9mie, 1\u00a0personne sur 1000\u00a0est morte du fait de la Covid-19, indique la <a href=\"https:\/\/www.has-sante.fr\/jcms\/p_3234447\/fr\/covid-19-se-vacciner-decider-avec-son-medecin\" target=\"_blank\" rel=\"noopener noreferrer\">Haute Autorit\u00e9 de Sant\u00e9<\/a> le 29 janvier.\u00a0<\/p>\n<div style=\"text-align:center\">\n<figure class=\"image\" style=\"display:inline-block\"><a class=\"fancy\" href=\"https:\/\/img-3.journaldesfemmes.fr\/HQdNtuDPb5d2ZrwvPzLz9pEinlA=\/1080x\/smart\/5520c6dae3b24eb0a0e25ad94c42abf7\/ccmcms-jdf\/23925888.jpg\"><img decoding=\"async\" alt=\"Nombre hebdomadaire de nouveaux d\u00e9c\u00e8s de patients COVID-19 selon la date de d\u00e9claration, depuis le 23 mars 2020, France (donn\u00e9es au 11 avril 2021)\" src=\"https:\/\/img-3.journaldesfemmes.fr\/Msirovam5Ip4uT9PYPnGpLIo5WM=\/600x\/smart\/5520c6dae3b24eb0a0e25ad94c42abf7\/ccmcms-jdf\/23925888.jpg\"\/><\/a><figcaption data-credit=\"Sant\u00e9 publique France\" data-legend=\"Nombre hebdomadaire de nouveaux d\u00e9c\u00e8s de patients COVID-19 selon la date de d\u00e9claration, depuis le 23 mars 2020, France (donn\u00e9es au 11 avril 2021)\">Nombre hebdomadaire de nouveaux d\u00e9c\u00e8s de patients COVID-19 selon la date de d\u00e9claration, depuis le 23 mars 2020, France (donn\u00e9es au 11 avril 2021) <small>\u00a9\u00a0Sant\u00e9 publique France<\/small><\/figcaption><\/figure>\n<\/div>\n<aside id=\"NL_1691080891\" class=\"newsletter_subscription jNlBlock\"><noscript><br \/>\n            <\/noscript><\/p>\n<h3 class=\"newsletter_subscription-title\">Newsletter <\/h3>\n<p><a href=\"\/\/mailing.ccmbg.com\/archive\/last-85\" target=\"_blank\" class=\"a_hover\" rel=\"noopener noreferrer\">Voir un exemple<\/a><\/p>\n<\/aside>\n<p>La France a franchi la barre des 40 000 morts samedi 7 novembre 2020,\u00a0celle des 50 000 le 24 novembre,\u00a0celle des 60 000 le 18 d\u00e9cembre, celle des 90 000 le 12 mars 2021 et celle des 100 000 le 15 avril 2021.\u00a0<strong>Un pic de mortalit\u00e9 a \u00e9t\u00e9 atteint\u00a0le 9\u00a0novembre 2020\u00a0<\/strong>(40 987\u00a0morts, dont 548 en 24 heures).\u00a0<\/p>\n<p><iframe loading=\"lazy\" height=\"1000\" src=\"https:\/\/mapthenews.maps.arcgis.com\/apps\/opsdashboard\/index.html#\/bae8aaa7a0b14261b4621c31db410c44\" style=\"border: 0px\" width=\"600\"><\/iframe><\/p>\n<section>\n<blockquote>\n<p style=\"text-align: right;\">\u00a0<\/p>\n<\/blockquote>\n<p>Selon les chiffres du gouvernement, le taux de reproduction du virus est d\u00e9sormais inf\u00e9rieur \u00e0\u00a0<strong>1 : 0.98 le 10 avril.\u00a0<\/strong>Au 10 avril,\u00a0l&rsquo;estimation du nombre de reproduction effectif en France m\u00e9tropolitaine de Sant\u00e9 publique France\u00a0\u00e9tait \u00e9galement significativement inf\u00e9rieure \u00e0 1\u00a0\u00e0 partir des donn\u00e9es virologiques (SI-DEP)\u00a0: 0,98.\u00a0Les taux de reproduction du virus appel\u00e9s \u00ab\u00a0R-effectifs\u00a0\u00bb ou \u00ab\u00a0Reff\u00a0\u00bb\u00a0permettent de d\u00e9crire la dynamique de l&rsquo;\u00e9pid\u00e9mie\u00a0: lorsque le Reff est significativement sup\u00e9rieur \u00e0 1, ceci signifie que l&rsquo;\u00e9pid\u00e9mie est en progression car un malade contamine plus d&rsquo;une autre personne, lorsqu&rsquo;il est \u00e9gal \u00e0 1, l&rsquo;\u00e9pid\u00e9mie se stabilise, lorsqu&rsquo;il est significativement inf\u00e9rieur \u00e0 1, l&rsquo;\u00e9pid\u00e9mie r\u00e9gresse.\u00a0<\/p>\n<p>Le d\u00e9pistage du Covid-19 est r\u00e9alis\u00e9 en France par RT-PCT et par tests antig\u00e9niques. Depuis le 11 f\u00e9vrier, les tests salivaires sont d\u00e9ploy\u00e9s dans les\u00a0\u00e9tablissements scolaires et peuvent \u00eatre utilis\u00e9s en premi\u00e8re intention pour d\u00e9pister la Covid-19, conform\u00e9ment aux recommandations de la <a href=\"https:\/\/www.has-sante.fr\/jcms\/p_3237053\/fr\/tests-rt-pcr-salivaires-la-has-etend-leur-utilisation-et-definit-les-modalites-pratiques-de-realisation\" target=\"_blank\" rel=\"noopener noreferrer\">HAS<\/a>. Au 17\u00a0avril, le taux de positivit\u00e9 national s&rsquo;\u00e9tablit \u00e0<strong>\u00a09,7\u00a0%.<\/strong>\u00a0<em>\u00ab\u00a0Il reste d\u00e9terminant que chaque personne pr\u00e9sentant des sympt\u00f4mes \u00e9vocateurs de COVID-19\u00a0s&rsquo;isole imm\u00e9diatement et r\u00e9alise un test diagnostique dans les plus brefs d\u00e9lais\u00a0\u00bb<\/em> rappelle Sant\u00e9 Publique France dans ses bulletins hebdomadaires.<\/p>\n<p>Si au d\u00e9but, on ne parlait que de fi\u00e8vre, toux s\u00e8che, rhume, \u00e9tat grippal et de fatigue, les sympt\u00f4mes de l&rsquo;infection par le coronavirus ont \u00e9volu\u00e9. On sait d\u00e9sormais que le virus peut avoir des <strong>effets sur la peau<\/strong> (urticaire, l\u00e9sions inflammatoires sur les orteils), la sph\u00e8re digestive (vomissements, diarrh\u00e9es&#8230;), <strong>l&rsquo;odorat<\/strong>, le <strong>go\u00fbt <\/strong>et m\u00eame le cerveau.<em> <\/em><\/p>\n<p>\u2192<strong> Chaque personne pr\u00e9sentant des sympt\u00f4mes \u00e9vocateurs de COVID-19 doit s&rsquo;isoler imm\u00e9diatement et r\u00e9aliser un test diagnostique<\/strong> dans les plus brefs d\u00e9lais (sans avoir d&rsquo;ordonnance).<\/p>\n<p>\u2192<strong> <\/strong><strong>Appeler le\u00a015\u00a0en cas de\u00a0difficult\u00e9s respiratoires\u00a0: \u00ab\u00a0<\/strong><em>Si la toux et la\u00a0fi\u00e8vre s&rsquo;accompagnent d&rsquo;une g\u00eane respiratoire qui devient permanente avec souffle court, difficult\u00e9 \u00e0 inspirer et \u00e0 expirer, d&rsquo;une aggravation importante de la toux, cela peut signifier une \u00e9volution de la maladie sous la forme d&rsquo;une pneumopathie. Il s&rsquo;agit alors d&rsquo;une urgence respiratoire potentielle et comme dans tous les cas d&rsquo;urgence, il faut alors appeler le 15\u00a0qui prendra les meilleures dispositions pour r\u00e9pondre \u00e0 la situation\u00a0\u00bb, <\/em>pr\u00e9vient le Dr\u00a0Patrick Aub\u00e9, m\u00e9decin g\u00e9n\u00e9raliste. \u00a0<\/p>\n<div class=\"ccminsert\">\n<aside class=\"app_widget_fo app_widget_fo--list app_widget_fo--list-2-col\">\n<ul>\n<li>\n<h3>\n                    <a href=\"https:\/\/sante.journaldesfemmes.fr\/fiches-maladies\/2665621-angine-ou-covid-19-symptomes-signes-fievre-mal-gorge-test-difference-contagion\/\" class=\"jGTMWidgetGAEventClick\" data-gtmwidgetgaeventaction=\"clickWidgetListOnTwoColumns\" data-gtmwidgetgaeventlabel=\"Angine ou Covid-19\u00a0: sympt\u00f4mes, diff\u00e9rences, test, contagion\"><br \/>\n                        Angine ou Covid-19\u00a0: sympt\u00f4mes, diff\u00e9rences, test, contagion<br \/>\n                    <\/a><br \/>\n                <\/h3>\n<\/li>\n<li>\n<h3>\n                    <a href=\"https:\/\/sante.journaldesfemmes.fr\/fiches-maladies\/2701631-probleme-maladie-foie-covid-atteinte-cancer-complication-sequelles-symptomes-risque-vaccination\/\" class=\"jGTMWidgetGAEventClick\" data-gtmwidgetgaeventaction=\"clickWidgetListOnTwoColumns\" data-gtmwidgetgaeventlabel=\"Probl\u00e8me au foie et Covid\u00a0: risques, s\u00e9quelles, vaccination\"><br \/>\n                        Probl\u00e8me au foie et Covid\u00a0: risques, s\u00e9quelles, vaccination<br \/>\n                    <\/a><br \/>\n                <\/h3>\n<\/li>\n<li>\n<h3>\n                    <a href=\"https:\/\/sante.journaldesfemmes.fr\/fiches-maladies\/2701633-fievre-covid-duree-obligatoire-que-faire-que-prendre-combien-temperature\/\" class=\"jGTMWidgetGAEventClick\" data-gtmwidgetgaeventaction=\"clickWidgetListOnTwoColumns\" data-gtmwidgetgaeventlabel=\"Fi\u00e8vre et Covid\u00a0: dur\u00e9e, temp\u00e9rature, est-ce obligatoire\u00a0?\"><br \/>\n                        Fi\u00e8vre et Covid\u00a0: dur\u00e9e, temp\u00e9rature, est-ce obligatoire\u00a0?<br \/>\n                    <\/a><br \/>\n                <\/h3>\n<\/li>\n<li>\n<h3>\n                    <a href=\"https:\/\/sante.journaldesfemmes.fr\/fiches-maladies\/2696267-covid-long-c-est-quoi-symptomes-contagieux-fatigue-prise-en-charge-france-traitement\/\" class=\"jGTMWidgetGAEventClick\" data-gtmwidgetgaeventaction=\"clickWidgetListOnTwoColumns\" data-gtmwidgetgaeventlabel=\"Covid long\u00a0: sympt\u00f4mes, est-on contagieux, quel traitement\u00a0?\"><br \/>\n                        Covid long\u00a0: sympt\u00f4mes, est-on contagieux, quel traitement\u00a0?<br \/>\n                    <\/a><br \/>\n                <\/h3>\n<\/li>\n<li>\n<h3>\n                    <a href=\"https:\/\/sante.journaldesfemmes.fr\/fiches-maladies\/2661241-rhume-ou-covid-19-symptomes-tableau-differences-ecole-que-faire-comment-savoir-travail\/\" class=\"jGTMWidgetGAEventClick\" data-gtmwidgetgaeventaction=\"clickWidgetListOnTwoColumns\" data-gtmwidgetgaeventlabel=\"Rhume ou Covid-19\u00a0: sympt\u00f4mes, tableau, \u00e9cole, que faire\u00a0?\"><br \/>\n                        Rhume ou Covid-19\u00a0: sympt\u00f4mes, tableau, \u00e9cole, que faire\u00a0?<br \/>\n                    <\/a><br \/>\n                <\/h3>\n<\/li>\n<li>\n<h3>\n                    <a href=\"https:\/\/sante.journaldesfemmes.fr\/fiches-maladies\/2626825-covid-ou-allergie-pollen-coronavirus-asthme-symptomes-toux-yeux-traitement\/\" class=\"jGTMWidgetGAEventClick\" data-gtmwidgetgaeventaction=\"clickWidgetListOnTwoColumns\" data-gtmwidgetgaeventlabel=\"Covid ou allergie au pollen\u00a0: sympt\u00f4mes, diff\u00e9rences, traitements\"><br \/>\n                        Covid ou allergie au pollen\u00a0: sympt\u00f4mes, diff\u00e9rences, traitements<br \/>\n                    <\/a><br \/>\n                <\/h3>\n<\/li>\n<li>\n<h3>\n                    <a href=\"https:\/\/sante.journaldesfemmes.fr\/fiches-maladies\/2676955-covid-19-ou-gastro-enterite-difference-symptomes-fievre-diarrhee-que-faire-complications\/\" class=\"jGTMWidgetGAEventClick\" data-gtmwidgetgaeventaction=\"clickWidgetListOnTwoColumns\" data-gtmwidgetgaeventlabel=\"Covid\u00a0ou gastro-ent\u00e9rite\u00a0: sympt\u00f4mes, quelles diff\u00e9rences\u00a0?\"><br \/>\n                        Covid\u00a0ou gastro-ent\u00e9rite\u00a0: sympt\u00f4mes, quelles diff\u00e9rences\u00a0?<br \/>\n                    <\/a><br \/>\n                <\/h3>\n<\/li>\n<li>\n<h3>\n                    <a href=\"https:\/\/sante.journaldesfemmes.fr\/fiches-sante-du-quotidien\/2627543-perte-gout-agueusie-covid-19-def-duree-cause-partielle-traitement-soigner\/\" class=\"jGTMWidgetGAEventClick\" data-gtmwidgetgaeventaction=\"clickWidgetListOnTwoColumns\" data-gtmwidgetgaeventlabel=\"Perte du go\u00fbt (agueusie)\u00a0: dur\u00e9e, Covid, comment soigner\u00a0?\"><br \/>\n                        Perte du go\u00fbt (agueusie)\u00a0: dur\u00e9e, Covid, comment soigner\u00a0?<br \/>\n                    <\/a><br \/>\n                <\/h3>\n<\/li>\n<li>\n<h3>\n                    <a href=\"https:\/\/sante.journaldesfemmes.fr\/fiches-maladies\/2683439-symptomes-covid-19-coronavirus-boutons-visage-corps-dermatologiques-peau-bras-pieds-engelure\/\" class=\"jGTMWidgetGAEventClick\" data-gtmwidgetgaeventaction=\"clickWidgetListOnTwoColumns\" data-gtmwidgetgaeventlabel=\"Sympt\u00f4mes Covid sur la peau\u00a0: engelures, boutons, quand consulter\u00a0?\"><br \/>\n                        Sympt\u00f4mes Covid sur la peau\u00a0: engelures, boutons, quand consulter\u00a0?<br \/>\n                    <\/a><br \/>\n                <\/h3>\n<\/li>\n<li>\n<h3>\n                    <a href=\"https:\/\/sante.journaldesfemmes.fr\/fiches-maladies\/2630069-coronavirus-covid-19-cerveau-symptomes-sequelles-odorat-effet-lesion-attaque\/\" class=\"jGTMWidgetGAEventClick\" data-gtmwidgetgaeventaction=\"clickWidgetListOnTwoColumns\" data-gtmwidgetgaeventlabel=\"Coronavirus\u00a0et cerveau\u00a0: effets, quels sympt\u00f4mes\u00a0?\"><br \/>\n                        Coronavirus\u00a0et cerveau\u00a0: effets, quels sympt\u00f4mes\u00a0?<br \/>\n                    <\/a><br \/>\n                <\/h3>\n<\/li>\n<\/ul>\n<\/aside>\n<\/div>\n<p>La vaccination contre la Covid-19 se poursuit en France avec les vaccins Pfizer-BioNTech,\u00a0Moderna et AstraZeneca (chez les m\u00e9decins g\u00e9n\u00e9ralistes,\u00a0au travail et en pharmacie). La prise de<strong> rendez-vous<\/strong> est ouverte<b> <\/b>sur les sites Internet <strong>Doctolib, Maiia et KelDoc<\/strong> et peut aussi se faire en contactant par t\u00e9l\u00e9phone le <strong>centre de vaccination<\/strong> le plus proche de chez soi (liste disponible sur\u00a0<a href=\"https:\/\/www.sante.fr\/centres-vaccination-covid.html\" target=\"_blank\" rel=\"noopener noreferrer\">Sante.fr<\/a>).\u00a0En cas de difficult\u00e9, le num\u00e9ro vert national :<strong> 0\u00a0800\u00a0009\u00a0110<\/strong>,\u00a0permet d&rsquo;\u00eatre redirig\u00e9 vers le standard t\u00e9l\u00e9phonique d&rsquo;un centre ou d&rsquo;obtenir un accompagnement \u00e0 la prise de rendez-vous.<\/p>\n<ul>\n<li>Le lundi 12\u00a0avril,\u00a0toutes les personnes de\u00a0<strong>55\u00a0ans<\/strong> et<strong> <\/strong>plus peuvent se faire vacciner avec le vaccin d&rsquo;<strong>AstraZeneca en pharmacie.<\/strong><\/li>\n<li>Le vendredi\u00a016\u00a0avril, la vaccination est ouverte \u00e0 tous les <strong>plus de 60\u00a0ans<\/strong>, sans conditions,<strong> en centre de vaccination<\/strong> avec le\u00a0vaccin\u00a0Pfizer-BioNTech ou le vaccin\u00a0<strong>Moderna <\/strong>(m\u00eame principes). Concernant ces deux vaccins, depuis le 14\u00a0avril, la <strong>deuxi\u00e8me dose peut \u00eatre espac\u00e9e de 42\u00a0jours <\/strong>contre 21\u00a0jours jusqu&rsquo;ici.<\/li>\n<\/ul>\n<div class=\"ccminsert\">\n<aside class=\"app_widget_fo app_widget_fo--call\">\n<ul>\n<li>\n                <a href=\"https:\/\/sante.journaldesfemmes.fr\/fiches-maladies\/2688083-vaccination-covid-france-inscription-rendez-vous-centre-chiffre-age-55-60-ans-eligibilite-enseignant\/\" class=\"jGTMWidgetGAEventClick\" data-gtmwidgetgaeventaction=\"clickWidgetCall\" data-gtmwidgetgaeventlabel=\"Vaccination Covid\u00a0: 50\u00a0ans, 55\u00a0ans, 60\u00a0ans, inscription, rdv, en centre...\"><\/p>\n<figure><picture><source media=\"(max-width: 480px)\" srcset=\"https:\/\/img-3.journaldesfemmes.fr\/xZE9olXflmKUDDA6BtU_n0gpu1w=\/160x105\/smart\/17194d67630741e4aa793ed9b229cddf\/ccmcms-jdf\/23902794.jpg\"><img decoding=\"async\" src=\"https:\/\/img-3.journaldesfemmes.fr\/K9JjzPE_a1QdIJIg2gY8R44w8I0=\/200x132\/smart\/17194d67630741e4aa793ed9b229cddf\/ccmcms-jdf\/23902794.jpg\" alt=\"\"\/><\/source><\/picture><figcaption>\n<h3>Vaccination Covid\u00a0: 50\u00a0ans, 55\u00a0ans, 60\u00a0ans, inscription, rdv, en centre&#8230;<\/h3>\n<p>Apr\u00e8s avoir ouvert la vaccination contre la Covid-19\u00a0\u00e0 tous les Fran\u00e7ais de 55\u00a0ans et plus, en pharmacie, la France l&rsquo;\u00e9tend le 16\u00a0avril aux personnes de 60\u00a0ans et plus, sans conditions, en centre de vaccination. Eligibilit\u00e9, date, inscription, prendre rendez-vous, vaccination en pharmacie, dans un centre, quand on a eu le Covid\u00a0: guide pratique et chiffres en France.<\/p>\n<\/figcaption><\/figure>\n<p><\/a>\n            <\/li>\n<\/ul>\n<\/aside>\n<\/div>\n<p>Tous les d\u00e9placements depuis l&rsquo;\u00e9tranger vers la France et de France vers l&rsquo;\u00e9tranger, m\u00eame lorsqu&rsquo;ils sont autoris\u00e9s, restent totalement et strictement d\u00e9conseill\u00e9s jusqu&rsquo;\u00e0 nouvel ordre. A <strong>l&rsquo;int\u00e9rieur de l&rsquo;espace europ\u00e9en, les fronti\u00e8res ne sont pas ferm\u00e9es <\/strong>mais chaque pays a mis en place ses restrictions (test obligatoire, quarantaine \u00e0 l&rsquo;arriv\u00e9e&#8230;). Les<strong> fronti\u00e8res ext\u00e9rieures \u00e0 l&rsquo;espace europ\u00e9en restent ferm\u00e9es<\/strong> et tout d\u00e9placement international est totalement et strictement d\u00e9conseill\u00e9 jusqu&rsquo;\u00e0 nouvel ordre. La sortie du territoire fran\u00e7ais est soumise au r\u00e9gime des motifs imp\u00e9rieux, \u00e0 l&rsquo;exception des voyages \u00e0 destination de l&rsquo;Australie, la Cor\u00e9e du Sud, Isra\u00ebl, le Japon, la Nouvelle-Z\u00e9lande, le Royaume-Uni et Singapour.<\/p>\n<p>\u2192<strong> Tout voyageur de 11 ans ou plus souhaitant venir en France\u00a0en provenance d&rsquo;un pays de l&rsquo;espace europ\u00e9en<\/strong>\u00a0(Union europ\u00e9enne, Andorre, Islande, Liechtenstein, Monaco, Norv\u00e8ge, Saint-Marin, Saint-Si\u00e8ge et Suisse) a l&rsquo;obligation de pr\u00e9senter le r\u00e9sultat d&rsquo;un examen biologique de d\u00e9pistage virologique (RT-PCR) ne concluant pas \u00e0 une contamination par le Covid-19\u00a0r\u00e9alis\u00e9 72\u00a0heures avant le d\u00e9part.\u00a0<\/p>\n<table border=\"1\" cellpadding=\"1\" cellspacing=\"1\" style=\"width:100%;\">\n<thead>\n<tr>\n<th scope=\"col\" style=\"text-align: center;\"><strong>DATES CL\u00c9S DE L&rsquo;\u00c9PID\u00c9MIE EN FRANCE<\/strong><\/th>\n<\/tr>\n<\/thead>\n<tbody>\n<tr>\n<td>\n<ul>\n<li><strong>31\u00a0d\u00e9cembre 2019,<\/strong> l&rsquo;Organisation mondiale de la Sant\u00e9 en Chine est inform\u00e9e de plusieurs cas de pneumonies dans la ville de Wuhan. 44\u00a0personnes sont infect\u00e9es entre cette date et le 3\u00a0janvier 2020.<\/li>\n<li><strong>7\u00a0janvier 2020, <\/strong>les autorit\u00e9s chinoises identifient un \u00ab\u00a0nouveau type de coronavirus\u00a0\u00bb.<\/li>\n<li><strong>13\u00a0janvier, <\/strong>un cas import\u00e9 est recens\u00e9 en Tha\u00eflande.<\/li>\n<li><strong>15\u00a0janvier<\/strong>, le virus cause\u00a0la mort d&rsquo;<strong>une premi\u00e8re\u00a0personne \u00e0 Wuhan<\/strong>, un homme de 69\u00a0ans.\u00a0<\/li>\n<li><strong>23\u00a0janvier,<\/strong> trois villes chinoises dont Wuhan sont plac\u00e9es en quarantaine.<\/li>\n<li><strong>25\u00a0janvier, trois personnes\u00a0contamin\u00e9es sont recens\u00e9es en France<\/strong>, deux \u00e0 Paris et une Bordeaux. Ce sont les premiers cas enregistr\u00e9s sur le continent europ\u00e9en.<\/li>\n<li><strong>30\u00a0janvier, <\/strong>l&rsquo;Organisation mondiale de la Sant\u00e9 <strong>d\u00e9cr\u00e8te\u00a0l&rsquo;<a href=\"https:\/\/sante.journaldesfemmes.fr\/fiches-maladies\/2608035-urgence-de-sante-publique-de-portee-internationale-definition-oms-coronavirus\/\" target=\"_blank\" rel=\"noopener noreferrer\">urgence de sant\u00e9 mondiale<\/a><\/strong>.\u00a0Cette mesure n&rsquo;avait \u00e9t\u00e9 d\u00e9cr\u00e9t\u00e9e que 5\u00a0fois depuis sa cr\u00e9ation (pour Ebola (deux fois), la grippe H1N1, Zika et la poliomy\u00e9lite).\u00a0<\/li>\n<li><strong>23\u00a0f\u00e9vrier, <\/strong>la France d\u00e9clenche le <a href=\"https:\/\/sante.journaldesfemmes.fr\/fiches-maladies\/2622449-plan-orsan-reb-definition-signification-qui-declenche-coronavirus-definition-duree\/\" target=\"_blank\" rel=\"noopener noreferrer\">plan ORSAN<\/a>, un dispositif exceptionnel d&rsquo;organisation des soins.<\/li>\n<li><strong>28\u00a0f\u00e9vrier,<\/strong> la France passe en stade 2\u00a0de l&rsquo;\u00e9pid\u00e9mie.<\/li>\n<li><strong>11\u00a0mars, <\/strong>l&rsquo;OMS classifie de <strong>pand\u00e9mie <\/strong>la diffusion de la maladie \u00e0 coronavirus Covid-19\u00a0dans le monde.<\/li>\n<li><strong>12\u00a0mars<\/strong>, le pr\u00e9sident de la R\u00e9publique Emmanuel Macron annonce la fermeture nationale des cr\u00e8ches et \u00e9tablissements scolaires de France \u00e0 compter du 16\u00a0mars et \u00ab\u00a0jusqu&rsquo;\u00e0 nouvel ordre\u00a0\u00bb.<\/li>\n<li><strong>14\u00a0mars<\/strong>, la France passe au <a href=\"https:\/\/sante.journaldesfemmes.fr\/fiches-maladies\/2625289-coronavirus-covid-19-stade-1-2-3-4-duree-mesure-france-signification-quand\/\" target=\"_blank\" rel=\"noopener noreferrer\"><strong>stade 3 <\/strong><\/a>de l&rsquo;\u00e9pid\u00e9mie.<\/li>\n<li><strong>16\u00a0mars\u00a0:<\/strong>\u00a0la France met en place un dispositif de confinement interdisant les d\u00e9placements.<\/li>\n<li><strong>18\u00a0mars<\/strong> le premier transfert de patients Covid-19\u00a0en France est r\u00e9alis\u00e9\u00a0gr\u00e2ce \u00e0 l&rsquo;Arm\u00e9e, par voie terrestre et a\u00e9rienne.\u00a0<\/li>\n<li><strong>26\u00a0mars<\/strong>, un premier cas jeune meurt en France, une adolescente de 16\u00a0ans, en Ile-de-France originaire de Morsang-sur-Orge.<\/li>\n<li><strong>27\u00a0mars,<\/strong> le confinement de la population fran\u00e7aise est renouvel\u00e9 jusqu&rsquo;au 15\u00a0avril.<\/li>\n<li><strong>13\u00a0avril,<\/strong> Emmanuel Macron annonce le prolongement du confinement jusqu&rsquo;au 11\u00a0mai.<\/li>\n<li><strong>11\u00a0mai, <\/strong>la France commence son d\u00e9confinement.<\/li>\n<li><strong>\u00a015\u00a0juin<\/strong>, toute la France passe en zone verte, sauf Mayotte et la Guyane. \u00c0\u00a0Paris, les restaurants et bars peuvent rouvrir compl\u00e8tement.<\/li>\n<li><strong>22\u00a0juin, <\/strong>les \u00e9coles sont de nouveaux obligatoires en France pour tous les \u00e9l\u00e8ves. Les cin\u00e9mas, salles de jeux, casinos rouvrent. Les sports collectifs peuvent \u00eatre autoris\u00e9s tout en respectant certaines conditions sanitaires.<\/li>\n<li><strong>10\u00a0juillet<\/strong>, la <strong>France <\/strong>a franchi la barre des 30\u00a0000\u00a0morts. Dans la nuit du 10\u00a0au 11\u00a0juillet \u00e0 minuit, l&rsquo;\u00e9tat d&rsquo;urgence sanitaire prend fin en France.<\/li>\n<li><strong>\u00a020\u00a0juillet,<\/strong>\u00a0le <strong>port du masque est obligatoire <\/strong>dans les lieux publics clos en France.<\/li>\n<li><strong>8 octobre, <\/strong>le<strong> plan blanc est r\u00e9activ\u00e9 <\/strong>dans les h\u00f4pitaux d&rsquo;Ile-de-France.<\/li>\n<li><strong>17 octobre \u00e0 0h01<\/strong>, la France repasse en \u00e9tat d&rsquo;urgence sanitaire et un <strong>couvre-feu <\/strong>est instaur\u00e9 dans 9 territoires\u00a0(Paris-Ile-de-France, Rouen, Grenoble, Lille, Lyon, Aix-Marseille, Montpellier, Saint-Etienne, Toulouse).<\/li>\n<li><strong>24 octobre \u00e0 0h01 :<\/strong> extension des mesures de couvre-feu \u00e0 38 nouveaux d\u00e9partements fran\u00e7ais.<\/li>\n<li><strong>29 octobre \u00e0 0h01<\/strong> : reconfinement national pour 4 semaines, jusqu&rsquo;au 1er d\u00e9cembre au minimum.<\/li>\n<li><strong>28 novembre : <\/strong>premi\u00e8re \u00e9tape d&rsquo;all\u00e8gement du confinement avec la r\u00e9ouverture des commerces non essentiels.<\/li>\n<li><strong>15 d\u00e9cembre : <\/strong>seconde \u00e9tape\u00a0d&rsquo;all\u00e8gement du confinement avec le passage \u00e0 un couvre-feu de 20 heures \u00e0 6 heures du matin.<\/li>\n<li><strong>31 d\u00e9cembre<\/strong> : couvre-feu impos\u00e9 le soir du 31 d\u00e9cembre, de 20 heures \u00e0 6 heures du matin.<\/li>\n<li><strong>21 d\u00e9cembre<\/strong> : autorisation du vaccin Pfizer en Europe.<\/li>\n<li><strong>24 d\u00e9cembre<\/strong> : autorisation du vaccin Pfizer BioNTech en France.<\/li>\n<li><strong>27 d\u00e9cembre :<\/strong> d\u00e9but de la vaccination en France et dans l&rsquo;Union europ\u00e9enne avec le vaccin Pfizer BioNTech.<\/li>\n<li><strong>8 janvier 2021<\/strong> :\u00a0autorisation du vaccin Moderna en France.<\/li>\n<li><strong>24 janvier 2021<\/strong> : un test PCR n\u00e9gatif est obligatoire pour rentrer en France par avion pour les voyageurs venant d&rsquo;un pays europ\u00e9en (sauf pour les travailleurs transfrontaliers et le transport terrestre).<\/li>\n<li><strong>31 janvier 2021<\/strong> : fermeture des fronti\u00e8res en France aux pays ext\u00e9rieurs \u00e0 l&rsquo;Union europ\u00e9enne<\/li>\n<li><strong>2 f\u00e9vrier 2021<\/strong> :\u00a0autorisation du vaccin de l&rsquo;Universit\u00e9 d&rsquo;Oxford et AstraZeneca en France, uniquement pour les personnes \u00e2g\u00e9es de moins de 65\u00a0ans.<\/li>\n<li><strong>11 f\u00e9vrier : <\/strong>d\u00e9ploiement des tests salivaires dans les \u00e9tablissements scolaires.<\/li>\n<li><strong>12 mars :\u00a0<\/strong>autorisation du\u00a0vaccin\u00a0Johnson&amp;Johnson,\u00a0\u00e0 injection unique, le 4e vaccin \u00e0 \u00eatre autoris\u00e9 en France.<\/li>\n<li><strong>16 mars <\/strong>: autorisation des autotests en France.<\/li>\n<li><strong>19 mars :<\/strong> confinement de 16 d\u00e9partements pour une dur\u00e9e de 4 semaines. Le couvre-feu repasse \u00e0 19 heures dans toute la France au lieu de 18 heures.<\/li>\n<li><strong>25 mars<\/strong> :\u00a0confinement de 3 nouveaux d\u00e9partements pour une dur\u00e9e de 4\u00a0semaines.<\/li>\n<li><strong>3 avril\u00a0 : <\/strong>la France m\u00e9tropolitaine est reconfin\u00e9e 7 jours\/7, les \u00e9coles ferment pour trois semaines, et les vacances scolaires sont uniformis\u00e9es\u00a0pour toutes les zones.<\/li>\n<li><strong>8 avril :<\/strong> 10 millions de Fran\u00e7ais ont re\u00e7u une dose de vaccin Covid.<\/li>\n<li><strong>12 avril<\/strong> : vente des autotests en pharmacie.<\/li>\n<li><strong>12 avril :<\/strong> ouverture de la vaccination\u00a0\u00e0 tous les Fran\u00e7ais \u00e2g\u00e9s de\u00a0<strong>55\u00a0ans ou plus<\/strong>,<\/li>\n<li><strong>15\u00a0avril\u00a0:<\/strong>\u00a0la France<strong> <\/strong>a franchi la barre des <strong>100\u00a0000\u00a0morts.<\/strong><\/li>\n<\/ul>\n<\/td>\n<\/tr>\n<\/tbody>\n<\/table>\n<p><em>Cet article est mis \u00e0 jour quotidiennement par <a href=\"https:\/\/www.journaldesfemmes.fr\/account\/ablaize-11409696\" target=\"_blank\" rel=\"noopener noreferrer\">Aur\u00e9lie Blaize<\/a>, <a href=\"https:\/\/www.journaldesfemmes.fr\/account\/anaisthiebaux-10573564\" target=\"_blank\" rel=\"noopener noreferrer\">Ana\u00efs Thi\u00e9baux<\/a> et <a href=\"https:\/\/www.journaldesfemmes.fr\/account\/samanthapages-11598093\" target=\"_blank\" rel=\"noopener noreferrer\">Samantha Pag\u00e8s<\/a>.\u00a0<\/em><\/p>\n<\/section>\n<\/div>\n<p>[ad_2]<br \/>\n<br \/><a href=\"https:\/\/sante.journaldesfemmes.fr\/fiches-maladies\/2605417-covid-19-france-chiffres-nombre-cas-morts-bilan-17-avril-vaccination-reouverture-attestation-direct\/\">Source link <\/a><\/p>\n","protected":false},"excerpt":{"rendered":"<p>[ad_1] CORONAVIRUS DIRECT &#8211; Le nombre d&rsquo;hospitalisations continue \u00e0 baisser l\u00e9g\u00e8rement. Mais le nombre de contaminations quotidiennes reste pr\u00e9occupant\u00a0: depuis &hellip; <a href=\"http:\/\/www.affinite.fr\/index.php\/2021\/04\/17\/covid-france-les-chiffres-du-17-avril\/\" class=\"more-link\">Plus <span class=\"screen-reader-text\">Covid France\u00a0: les chiffres du 17\u00a0avril<\/span> <span class=\"meta-nav\">&rarr;<\/span><\/a><\/p>\n","protected":false},"author":1,"featured_media":6245,"comment_status":"open","ping_status":"open","sticky":false,"template":"","format":"standard","meta":{"_sitemap_exclude":false,"_sitemap_priority":"","_sitemap_frequency":"","footnotes":""},"categories":[1],"tags":[],"class_list":["post-6244","post","type-post","status-publish","format-standard","has-post-thumbnail","hentry","category-tous"],"_links":{"self":[{"href":"http:\/\/www.affinite.fr\/index.php\/wp-json\/wp\/v2\/posts\/6244"}],"collection":[{"href":"http:\/\/www.affinite.fr\/index.php\/wp-json\/wp\/v2\/posts"}],"about":[{"href":"http:\/\/www.affinite.fr\/index.php\/wp-json\/wp\/v2\/types\/post"}],"author":[{"embeddable":true,"href":"http:\/\/www.affinite.fr\/index.php\/wp-json\/wp\/v2\/users\/1"}],"replies":[{"embeddable":true,"href":"http:\/\/www.affinite.fr\/index.php\/wp-json\/wp\/v2\/comments?post=6244"}],"version-history":[{"count":0,"href":"http:\/\/www.affinite.fr\/index.php\/wp-json\/wp\/v2\/posts\/6244\/revisions"}],"wp:featuredmedia":[{"embeddable":true,"href":"http:\/\/www.affinite.fr\/index.php\/wp-json\/wp\/v2\/media\/6245"}],"wp:attachment":[{"href":"http:\/\/www.affinite.fr\/index.php\/wp-json\/wp\/v2\/media?parent=6244"}],"wp:term":[{"taxonomy":"category","embeddable":true,"href":"http:\/\/www.affinite.fr\/index.php\/wp-json\/wp\/v2\/categories?post=6244"},{"taxonomy":"post_tag","embeddable":true,"href":"http:\/\/www.affinite.fr\/index.php\/wp-json\/wp\/v2\/tags?post=6244"}],"curies":[{"name":"wp","href":"https:\/\/api.w.org\/{rel}","templated":true}]}}