{"id":6220,"date":"2021-04-13T16:25:42","date_gmt":"2021-04-13T16:25:42","guid":{"rendered":"https:\/\/www.affinite.fr\/index.php\/2021\/04\/13\/pizza-au-lard-caramelise-et-mimolette\/"},"modified":"2021-04-13T16:25:42","modified_gmt":"2021-04-13T16:25:42","slug":"pizza-au-lard-caramelise-et-mimolette","status":"publish","type":"post","link":"http:\/\/www.affinite.fr\/index.php\/2021\/04\/13\/pizza-au-lard-caramelise-et-mimolette\/","title":{"rendered":"Pizza au lard caram\u00e9lis\u00e9 et mimolette"},"content":{"rendered":"<p> [ad_1]<br \/>\n<\/p>\n<div id=\"post-40113\">&#13;<\/p>\n<div class=\"post-header-inner\">\n<div class=\"post-header-title\">\n<div class=\"post-meta single-post-meta\">\n\t\t\t\t<span class=\"time\"><time class=\"post-published updated\" datetime=\"2021-04-12T14:15:00+02:00\">Publi\u00e9 le <b>12 avril 2021<\/b><\/time><\/span><br \/>\n\t\t\t<a href=\"https:\/\/www.chefnini.com\/pizza-au-lard-caramelise-et-mimolette\/#comments\" title=\"Laisser un commentaire sur &quot;Pizza au lard caram\u00e9lis\u00e9 et mimolette&quot;\" class=\"comments\"><i class=\"fa fa-comments-o\"\/> 3<\/a><\/div>\n<\/p><\/div>\n<\/p><\/div>\n<p>&#13;<\/p>\n<div class=\"entry-content clearfix single-post-content\">\n<p><img itemprop=\"image\" class=\"aligncenter size-full wp-image-40114\" data-src=\"https:\/\/static.chefnini.com\/wp-content\/uploads\/2021\/04\/pizza-mimolette.jpg\" alt=\"\" width=\"500\" height=\"750\" srcset=\"https:\/\/static.chefnini.com\/wp-content\/uploads\/2021\/04\/pizza-mimolette.jpg 500w, https:\/\/static.chefnini.com\/wp-content\/uploads\/2021\/04\/pizza-mimolette-200x300.jpg 200w\" sizes=\"(max-width: 500px) 100vw, 500px\"\/><\/p>\n<p itemprop=\"description\">Apr\u00e8s le <a href=\"https:\/\/www.chefnini.com\/hamburger-au-chutney-de-poire-et-chevre\/\">retour du burger<\/a>, le retour de la pizza ! Parce qu\u2019en ce moment j\u2019ai envie de revenir sur des basiques. Mais toujours en vous proposant des associations qui changent.<\/p>\n<p>Encore une fois, c\u2019est du sucr\u00e9-sal\u00e9, mais que voulez-vous j\u2019aime \u00e7a ! J\u2019ai donc pr\u00e9par\u00e9 une pizza avec du lard caram\u00e9lis\u00e9 au sirop d\u2019\u00e9rable ?, de fines tranches de pommes, de l\u2019oignon rouge et de la mimolette vieille (plus cors\u00e9e). J\u2019esp\u00e8re qu\u2019elle vous plaira !<\/p>\n<p><img itemprop=\"image\" class=\"aligncenter size-full wp-image-40117\" data-src=\"https:\/\/static.chefnini.com\/wp-content\/uploads\/2021\/04\/pizza-mimolette4.jpg\" alt=\"\" width=\"500\" height=\"750\" srcset=\"https:\/\/static.chefnini.com\/wp-content\/uploads\/2021\/04\/pizza-mimolette4.jpg 500w, https:\/\/static.chefnini.com\/wp-content\/uploads\/2021\/04\/pizza-mimolette4-200x300.jpg 200w\" sizes=\"(max-width: 500px) 100vw, 500px\"\/><\/p>\n<p><img itemprop=\"image\" class=\"aligncenter size-full wp-image-40116\" data-src=\"https:\/\/static.chefnini.com\/wp-content\/uploads\/2021\/04\/pizza-mimolette3.jpg\" alt=\"\" width=\"730\" height=\"487\" srcset=\"https:\/\/static.chefnini.com\/wp-content\/uploads\/2021\/04\/pizza-mimolette3.jpg 730w, https:\/\/static.chefnini.com\/wp-content\/uploads\/2021\/04\/pizza-mimolette3-300x200.jpg 300w, https:\/\/static.chefnini.com\/wp-content\/uploads\/2021\/04\/pizza-mimolette3-450x300.jpg 450w\" sizes=\"(max-width: 730px) 100vw, 730px\"\/><\/p>\n<h3 itemprop=\"recipeYield\">Pour 2 personnes :<\/h3>\n<ul>\n<li itemprop=\"ingredients\">1 <a href=\"http:\/\/p\u00e2te \u00e0 pizza\" data-wplink-url-error=\"true\" target=\"_blank\" rel=\"noopener noreferrer\">p\u00e2te \u00e0 pizza<\/a><\/li>\n<li itemprop=\"ingredients\">1\/2 pomme<\/li>\n<li itemprop=\"ingredients\">1 oignon rouge<\/li>\n<li itemprop=\"ingredients\">8 fines tranches de lard fum\u00e9<\/li>\n<li itemprop=\"ingredients\">2 cuill\u00e8res \u00e0 soupe de sirop d\u2019\u00e9rable<\/li>\n<li itemprop=\"ingredients\">1 part de mimolette vieille<\/li>\n<li itemprop=\"ingredients\">quelques brins de ciboulette<\/li>\n<li itemprop=\"ingredients\">3 cuill\u00e8res \u00e0 soupe de cr\u00e8me fra\u00eeche \u00e9paisse<\/li>\n<\/ul>\n<div itemprop=\"recipeInstructions\">\n<p><img itemprop=\"image\" class=\"aligncenter size-full wp-image-40118\" data-src=\"https:\/\/static.chefnini.com\/wp-content\/uploads\/2021\/04\/pizza-mimolette5.jpg\" alt=\"\" width=\"500\" height=\"750\" srcset=\"https:\/\/static.chefnini.com\/wp-content\/uploads\/2021\/04\/pizza-mimolette5.jpg 500w, https:\/\/static.chefnini.com\/wp-content\/uploads\/2021\/04\/pizza-mimolette5-200x300.jpg 200w\" sizes=\"(max-width: 500px) 100vw, 500px\"\/><\/p>\n<p>1- Epluchez et \u00e9mincez finement l\u2019oignon.<\/p>\n<p>2- Coupez la pomme (d\u00e9barrass\u00e9e de son trognon) en fines tranches.<\/p>\n<p>3- Faites chauffer sur feu vif (et sans mati\u00e8re grasse) une po\u00eale et faites griller le lard fum\u00e9.<\/p>\n<p>4- Baissez le feu et ajoutez le sirop d\u2019\u00e9rable. Laissez l\u2019ensemble caram\u00e9liser.<\/p>\n<p>5- Etalez la p\u00e2te \u00e0 pizza sur une grande plaque et r\u00e9partissez la cr\u00e8me fra\u00eeche.<\/p>\n<p>6- Ajoutez les tranches de pommes, l\u2019oignon et le lard.<\/p>\n<p>7- Terminez en r\u00e2pant de la mimolette par-dessus.<\/p>\n<p>8- Faites pr\u00e9chauffer votre four \u00e0 200\u00b0C et enfournez pour 15 minutes. Ajoutez au dernier moment de la ciboulette cisel\u00e9e.<\/p>\n<p><img itemprop=\"image\" class=\"aligncenter size-full wp-image-40115\" data-src=\"https:\/\/static.chefnini.com\/wp-content\/uploads\/2021\/04\/pizza-mimolette2.jpg\" alt=\"\" width=\"500\" height=\"750\" srcset=\"https:\/\/static.chefnini.com\/wp-content\/uploads\/2021\/04\/pizza-mimolette2.jpg 500w, https:\/\/static.chefnini.com\/wp-content\/uploads\/2021\/04\/pizza-mimolette2-200x300.jpg 200w\" sizes=\"(max-width: 500px) 100vw, 500px\"\/><\/p>\n<\/div>\n<p> <!-- recipeInstructions --> \t\t\t\t\t\t\t\t\t<\/div>\n<p>&#13;<\/p>\n<p>\t\t&#13;\n\t\t\t\t\t\t\t\t\t\t<\/p><\/div>\n<p>[ad_2]<br \/>\n<br \/><a href=\"https:\/\/www.chefnini.com\/pizza-au-lard-caramelise-et-mimolette\/\">Source link <\/a><\/p>\n","protected":false},"excerpt":{"rendered":"<p>[ad_1] &#13; Publi\u00e9 le 12 avril 2021 3 &#13; Apr\u00e8s le retour du burger, le retour de la pizza ! &hellip; <a href=\"http:\/\/www.affinite.fr\/index.php\/2021\/04\/13\/pizza-au-lard-caramelise-et-mimolette\/\" class=\"more-link\">Plus <span class=\"screen-reader-text\">Pizza au lard caram\u00e9lis\u00e9 et mimolette<\/span> <span class=\"meta-nav\">&rarr;<\/span><\/a><\/p>\n","protected":false},"author":1,"featured_media":6221,"comment_status":"open","ping_status":"open","sticky":false,"template":"","format":"standard","meta":{"_sitemap_exclude":false,"_sitemap_priority":"","_sitemap_frequency":"","footnotes":""},"categories":[1],"tags":[],"class_list":["post-6220","post","type-post","status-publish","format-standard","has-post-thumbnail","hentry","category-tous"],"_links":{"self":[{"href":"http:\/\/www.affinite.fr\/index.php\/wp-json\/wp\/v2\/posts\/6220"}],"collection":[{"href":"http:\/\/www.affinite.fr\/index.php\/wp-json\/wp\/v2\/posts"}],"about":[{"href":"http:\/\/www.affinite.fr\/index.php\/wp-json\/wp\/v2\/types\/post"}],"author":[{"embeddable":true,"href":"http:\/\/www.affinite.fr\/index.php\/wp-json\/wp\/v2\/users\/1"}],"replies":[{"embeddable":true,"href":"http:\/\/www.affinite.fr\/index.php\/wp-json\/wp\/v2\/comments?post=6220"}],"version-history":[{"count":0,"href":"http:\/\/www.affinite.fr\/index.php\/wp-json\/wp\/v2\/posts\/6220\/revisions"}],"wp:featuredmedia":[{"embeddable":true,"href":"http:\/\/www.affinite.fr\/index.php\/wp-json\/wp\/v2\/media\/6221"}],"wp:attachment":[{"href":"http:\/\/www.affinite.fr\/index.php\/wp-json\/wp\/v2\/media?parent=6220"}],"wp:term":[{"taxonomy":"category","embeddable":true,"href":"http:\/\/www.affinite.fr\/index.php\/wp-json\/wp\/v2\/categories?post=6220"},{"taxonomy":"post_tag","embeddable":true,"href":"http:\/\/www.affinite.fr\/index.php\/wp-json\/wp\/v2\/tags?post=6220"}],"curies":[{"name":"wp","href":"https:\/\/api.w.org\/{rel}","templated":true}]}}