{"id":6210,"date":"2021-04-11T20:39:45","date_gmt":"2021-04-11T20:39:45","guid":{"rendered":"https:\/\/www.affinite.fr\/index.php\/2021\/04\/11\/mardi-13-avril-aid-el-fitr-traditions\/"},"modified":"2021-04-11T20:39:45","modified_gmt":"2021-04-11T20:39:45","slug":"mardi-13-avril-aid-el-fitr-traditions","status":"publish","type":"post","link":"http:\/\/www.affinite.fr\/index.php\/2021\/04\/11\/mardi-13-avril-aid-el-fitr-traditions\/","title":{"rendered":"mardi 13\u00a0avril, A\u00efd El-Fitr, traditions"},"content":{"rendered":"<p> [ad_1]<br \/>\n<br \/><img decoding=\"async\" src=\"https:\/\/img-3.journaldesfemmes.fr\/tqmMRvCe4akIp1yJFf3REByPOeI=\/1280x\/smart\/2940be22ffec47d59fca6921af8d9862\/ccmcms-jdf\/23818410.jpg\" \/><\/p>\n<p>\n                La date du d\u00e9but du Ramadan vient d&rsquo;\u00eatre annonc\u00e9e, \u00e0 l&rsquo;issue de la Nuit du doute. Le d\u00e9but du je\u00fbne du mois du Ramadan d\u00e9butera ce 13\u00a0avril. Tout comme la profession de foi, le p\u00e8lerinage \u00e0 la Mecque, la pri\u00e8re et l&rsquo;aum\u00f4ne obligatoire, le Ramadan constitue l&rsquo;un des cinq piliers de l&rsquo;islam.            <\/p>\n<div>\n<aside class=\"ccmsummary marqueur_module ccmcss_cms_summary ccmcss_cms_summary--right\">\n<p>Sommaire<\/p>\n<\/aside>\n<h2 id=\"quand-commence-le-mois-de-ramadan-en-2021-\">A quelle date commence le mois de Ramadan en 2021\u00a0?<\/h2>\n<p><strong>[Mise \u00e0 jour du 11 avril \u00e0 21h16].\u00a0<\/strong>En France, en 2021, le Ramadan <strong>d\u00e9bute\u00a0ce mardi 13\u00a0avril<\/strong>. C&rsquo;est \u00e0 l&rsquo;occasion de<strong>\u00a0la Nuit du doute<\/strong>, qui avait lieu ce dimanche 11 avril que la <strong>date du d\u00e9but du Ramadan<\/strong> a \u00e9t\u00e9 annonc\u00e9e par la <strong>Grande Mosqu\u00e9e de Paris<\/strong>. Il s&rsquo;agira\u00a0donc du premier jour du <a href=\"https:\/\/sante.journaldesfemmes.fr\/fiches-sante-du-quotidien\/2697565-jeune-definition-phases-comment-jeuner-duree-saison-contre-indication\/\" title=\"Je\u00fbne\">je\u00fbne<\/a>.\u00a0Le Ramadan d\u00e9bute lors du neuvi\u00e8me mois de l&rsquo;ann\u00e9e lunaire, lorsque le premier croissant de la nouvelle lune est visible<\/p>\n<p>D&rsquo;ici la fin du mois d&rsquo;avril, <strong>une deuxi\u00e8me nuit du doute d\u00e9finira alors la date de l&rsquo;A\u00efd El-Fitr <\/strong>qui correspond \u00e0 la fin du Ramadan, qui pourrait avoir lieu le 12 mai.<\/p>\n<h2 id=\"quest-ce-que-le-ramadan--signification\">Qu&rsquo;est-ce que le Ramadan ? Quelles significations ?<\/h2>\n<p>Pour rechercher l&rsquo;origine du <strong>Ramadan<\/strong>, il faut remonter \u00e0 l&rsquo;an 610. L&rsquo;ange Gabriel serait apparu au proph\u00e8te Mahomet afin de lui r\u00e9v\u00e9ler le Coran. Cette r\u00e9v\u00e9lation &#8211; <strong>Laylat al-Qadr ou encore Nuit du destin<\/strong> &#8211; serait survenue durant le Ramadan. C&rsquo;est pour comm\u00e9morer cet \u00e9v\u00e8nement que les musulmans\u00a0pratiquent le je\u00fbne durant un mois. Form\u00e9 par la racine arabe \u00ab\u00a0ar-ramad\u00a0\u00bb, <strong>Ramadan signifie \u00ab\u00a0chaleur accablante\u00a0\u00bb<\/strong>.\u00a0<\/p>\n<h2 id=\"qui-peut-suivre-le-ramadan-\">Qui peut suivre le Ramadan ?<\/h2>\n<p>Toutes les personnes pub\u00e8res sont vis\u00e9es par le je\u00fbne. Certains musulmans peuvent cependant \u00eatre exempt\u00e9s de cette pratique dans des cas strictement d\u00e9finis\u00a0: en cas de <a href=\"https:\/\/sante.journaldesfemmes.fr\/fiches-maladies\/2632267-maladie-chronique-definition-exemple-caracteristiques-symptomes-liste\/\" title=\"Maladies chroniques\">maladie chronique<\/a>, de grossesse, de voyage ou de grand \u00e2ge.<\/p>\n<h2 id=\"ramadan-et-rupture-du-jeune\">Ramadan et rupture du je\u00fbne<\/h2>\n<p>Le <strong>Ramadan <\/strong>est donc encadr\u00e9 par deux moments-cl\u00e9s. Chaque soir, lorsque le soleil se couche, le je\u00fbne peut \u00eatre rompu. C&rsquo;est l&rsquo;<strong>iftar<\/strong>, ou encore le repas du soir. Jusqu&rsquo;\u00e0 l&rsquo;aube \u2013 heure de l&rsquo;<strong>imsak<\/strong> \u2013, les musulmans sont autoris\u00e9s \u00e0 manger et boire.<\/p>\n<p>En plus du je\u00fbne, les pratiquants doivent observer des r\u00e8gles comportementales tr\u00e8s strictes et respecter certains interdits. Lors de cette p\u00e9riode asc\u00e9tique, <strong>ils ne pourront pas avoir de relations sexuelles la journ\u00e9e, fumer, tenir des propos obsc\u00e8nes ou se maquiller<\/strong>. Il est important de relever que le fait de manger par inadvertance n&rsquo;implique ni expiation ni je\u00fbne de rattrapage.\u00a0L&rsquo;\u00e9tourdi b\u00e9n\u00e9ficie donc d&rsquo;une certaine indulgence. A l&rsquo;inverse, une transgression d\u00e9lib\u00e9r\u00e9e des r\u00e8gles pr\u00e9conis\u00e9es par le Ramadan annule le je\u00fbne.<\/p>\n<p>Les musulmans pratiquant le Ramadan <strong>prient cinq fois par jour<\/strong>, l&rsquo;une des pri\u00e8res ayant lieu au moment de la rupture du je\u00fbne. L&rsquo;horaire des pri\u00e8res \u00e9tant d\u00e9termin\u00e9 par le mouvement du soleil, ils doivent se r\u00e9f\u00e9rer \u00e0 un calendrier des heures de pri\u00e8re.<\/p>\n<aside id=\"NL_1098119478\" class=\"newsletter_subscription jNlBlock\"><noscript><br \/>\n            <\/noscript><\/p>\n<h3 class=\"newsletter_subscription-title\">Newsletter <\/h3>\n<p><a href=\"\/\/mailing.ccmbg.com\/archive\/last-85\" target=\"_blank\" class=\"a_hover\" rel=\"noopener noreferrer\">Voir un exemple<\/a><\/p>\n<\/aside>\n<p><strong>L&rsquo;A\u00efd el-Fitr marque la fin du Ramadan<\/strong>. Encore appel\u00e9 \u00ab\u00a0Petite f\u00eate\u00a0\u00bb, par opposition \u00e0 la Grande f\u00eate de l&rsquo;A\u00efd el-K\u00e9bir, l&rsquo;A\u00efd el-Fitr donne lieu \u00e0 <strong>diverses r\u00e9jouissances<\/strong>. Apr\u00e8s une pri\u00e8re \u00e0 la mosqu\u00e9e, les musulmans, \u00e0 l&rsquo;occasion d&rsquo;un d\u00e9jeuner, peuvent s&rsquo;offrir des cadeaux ou diff\u00e9rents mets \u00e0 commencer par des p\u00e2tisseries. La tradition veut aussi que les pratiquants se parent de nouveaux v\u00eatements et versent une aum\u00f4ne d\u00e9di\u00e9e aux pauvres.<\/p>\n<\/p><\/div>\n<p>[ad_2]<br \/>\n<br \/><a href=\"https:\/\/www.journaldesfemmes.fr\/maman\/guide-sorties-en-famille\/2700421-ramadan-2021-13-avril-aid-el-fitr\/\">Source link <\/a><\/p>\n","protected":false},"excerpt":{"rendered":"<p>[ad_1] La date du d\u00e9but du Ramadan vient d&rsquo;\u00eatre annonc\u00e9e, \u00e0 l&rsquo;issue de la Nuit du doute. Le d\u00e9but du &hellip; <a href=\"http:\/\/www.affinite.fr\/index.php\/2021\/04\/11\/mardi-13-avril-aid-el-fitr-traditions\/\" class=\"more-link\">Plus <span class=\"screen-reader-text\">mardi 13\u00a0avril, A\u00efd El-Fitr, traditions<\/span> <span class=\"meta-nav\">&rarr;<\/span><\/a><\/p>\n","protected":false},"author":1,"featured_media":6211,"comment_status":"open","ping_status":"open","sticky":false,"template":"","format":"standard","meta":{"_sitemap_exclude":false,"_sitemap_priority":"","_sitemap_frequency":"","footnotes":""},"categories":[1],"tags":[],"class_list":["post-6210","post","type-post","status-publish","format-standard","has-post-thumbnail","hentry","category-tous"],"_links":{"self":[{"href":"http:\/\/www.affinite.fr\/index.php\/wp-json\/wp\/v2\/posts\/6210"}],"collection":[{"href":"http:\/\/www.affinite.fr\/index.php\/wp-json\/wp\/v2\/posts"}],"about":[{"href":"http:\/\/www.affinite.fr\/index.php\/wp-json\/wp\/v2\/types\/post"}],"author":[{"embeddable":true,"href":"http:\/\/www.affinite.fr\/index.php\/wp-json\/wp\/v2\/users\/1"}],"replies":[{"embeddable":true,"href":"http:\/\/www.affinite.fr\/index.php\/wp-json\/wp\/v2\/comments?post=6210"}],"version-history":[{"count":0,"href":"http:\/\/www.affinite.fr\/index.php\/wp-json\/wp\/v2\/posts\/6210\/revisions"}],"wp:featuredmedia":[{"embeddable":true,"href":"http:\/\/www.affinite.fr\/index.php\/wp-json\/wp\/v2\/media\/6211"}],"wp:attachment":[{"href":"http:\/\/www.affinite.fr\/index.php\/wp-json\/wp\/v2\/media?parent=6210"}],"wp:term":[{"taxonomy":"category","embeddable":true,"href":"http:\/\/www.affinite.fr\/index.php\/wp-json\/wp\/v2\/categories?post=6210"},{"taxonomy":"post_tag","embeddable":true,"href":"http:\/\/www.affinite.fr\/index.php\/wp-json\/wp\/v2\/tags?post=6210"}],"curies":[{"name":"wp","href":"https:\/\/api.w.org\/{rel}","templated":true}]}}