{"id":6202,"date":"2021-04-09T20:37:42","date_gmt":"2021-04-09T20:37:42","guid":{"rendered":"https:\/\/www.affinite.fr\/index.php\/2021\/04\/09\/nombre-de-cas-de-morts-derniers-chiffres-2\/"},"modified":"2021-04-09T20:37:42","modified_gmt":"2021-04-09T20:37:42","slug":"nombre-de-cas-de-morts-derniers-chiffres-2","status":"publish","type":"post","link":"http:\/\/www.affinite.fr\/index.php\/2021\/04\/09\/nombre-de-cas-de-morts-derniers-chiffres-2\/","title":{"rendered":"nombre de cas, de morts, derniers chiffres"},"content":{"rendered":"<p> [ad_1]<br \/>\n<\/p>\n<p>\n                CORONAVIRUS DIRECT &#8211; L&rsquo;\u00e9pid\u00e9mie n&rsquo;est pas stabilis\u00e9e. Le nombre de personnes hospitalis\u00e9es en r\u00e9animation monte, plus haut que la seconde vague. Les personnes vaccin\u00e9es avec AstraZeneca pourront recevoir une seconde dose avec un autre vaccin, tandis que les vaccins ARNm seront \u00ab\u00a0interchangeables\u00a0\u00bb. Dernier bilan et actus.            <\/p>\n<div>\n<aside class=\"ccmsummary marqueur_module ccmcss_cms_summary ccmcss_cms_summary--right\">\n<p>\u00a0Sommaire<\/p>\n<\/aside>\n<p><strong>[Mis\u00a0\u00e0 jour le vendredi 9 avril \u00e0 21h00<\/strong><b>]<\/b>\u00a0Pr\u00e8s de 5 millions de Fran\u00e7ais ont \u00e9t\u00e9 contamin\u00e9s par le virus de la Covid-19, selon les derniers chiffres publi\u00e9s au 9\u00a0avril, (+41 243 en 24 heures). La semaine derni\u00e8re, le\u00a0nombre de nouvelles infections a progress\u00e9 moins fortement\u00a0(+4%) avec une diminution du taux de positivit\u00e9, t\u00e9moignant d&rsquo;un <strong>d\u00e9but de ralentissement de la progression \u00e9pid\u00e9mique<\/strong>, souligne <a href=\"https:\/\/www.santepubliquefrance.fr\/maladies-et-traumatismes\/maladies-et-infections-respiratoires\/infection-a-coronavirus\/documents\/bulletin-national\/covid-19-point-epidemiologique-du-8-avril-2021\" target=\"_blank\" rel=\"noopener noreferrer\">Sant\u00e9 Publique France<\/a> dans son dernier point \u00e9pid\u00e9miologique. Tout en pr\u00e9venant qu&rsquo;<em> \u00ab\u00a0en raison des jours f\u00e9ri\u00e9s, les indicateurs \u00e9pid\u00e9miologiques, notamment le taux d&rsquo;incidence, (calcul\u00e9s en date de pr\u00e9l\u00e8vement sur 7\u00a0jours glissants, J-9\u00a0\u00e0 J-3) sont <strong>\u00e0 interpr\u00e9ter avec prudence <\/strong>par comparaison avec une semaine sans jour f\u00e9ri\u00e9, compte tenu de la moindre activit\u00e9 des lieux de pr\u00e9l\u00e8vement les jours f\u00e9ri\u00e9s\u00a0\u00bb.\u00a0<\/em><strong>A l&rsquo;h\u00f4pita<\/strong>l, le nombre hebdomadaire d&rsquo;admissions de patients COVID-19 \u00e9tait toujours en augmentation la semaine derni\u00e8re (+9% par rapport \u00e0 la semaine pr\u00e9c\u00e9dente). L&rsquo;<strong>augmentation du taux d&rsquo;admission en services de soins critiques<\/strong>\u00a0s&rsquo;est poursuivie de mani\u00e8re marqu\u00e9e avec une hausse de<strong> +14%.<\/strong>\u00a0La France a franchi un cap jeudi 8 avril en mati\u00e8re de vaccination avec<strong> 10 millions de Fran\u00e7ais qui ont re\u00e7u une dose de vaccins<\/strong> Covid. Le<strong> retour \u00e0 une vie plus normale<\/strong> serait envisageable \u00e0 <strong>l&rsquo;automne 2021<\/strong>, selon les derni\u00e8res\u00a0mod\u00e9lisations de l&rsquo;Institut Pasteur, \u00e0 condition toutefois de <strong>vacciner 90% de la population<\/strong> adulte. La France est reconfin\u00e9e jusqu&rsquo;au<strong>\u00a02 mai.\u00a0<\/strong>L&rsquo;<strong>attestation de d\u00e9placement est obligatoire en journ\u00e9e entre 6h et 19h pour les d\u00e9placements au-del\u00e0 de 10\u00a0kilom\u00e8tres<\/strong> du domicile et pour tous les d\u00e9placements entre 19h et 6h sur l&rsquo;ensemble du territoire m\u00e9tropolitain. <span style=\"font-size: 1rem;\">Que disent les\u00a0<\/span><a data-auth=\"NotApplicable\" href=\"https:\/\/sante.journaldesfemmes.fr\/fiches-maladies\/2667643-carte-covid-19-france-departement-zone-rouge-2021-mondiale-europe-deplacement-10-km\/\" rel=\"noopener noreferrer\" style=\"font-size: 1rem; background-color: rgb(255, 255, 255);\" target=\"_blank\">cartes<\/a><span style=\"font-size: 1rem;\"> de suivi de l&rsquo;\u00e9pid\u00e9mie ? Quels sont les <\/span><a href=\"https:\/\/sante.journaldesfemmes.fr\/fiches-maladies\/2630075-symptomes-coronavirus-covid-19-mal-gorge-rhume-que-faire-variant-premier-apparition-nouveaux-duree\/\" style=\"font-size: 1rem; background-color: rgb(255, 255, 255);\" target=\"_blank\" rel=\"noopener noreferrer\">sympt\u00f4mes du coronavirus<\/a><span style=\"font-size: 1rem;\"> ? Quand <\/span><a href=\"https:\/\/sante.journaldesfemmes.fr\/fiches-maladies\/2621211-isolement-covid-19-variant-anglais-7-10-jours-cas-contact-duree-certificat-attestation\/\" style=\"font-size: 1rem; background-color: rgb(255, 255, 255);\" target=\"_blank\" rel=\"noopener noreferrer\">s&rsquo;isoler et combien de temps<\/a><span style=\"font-size: 1rem;\"> ?\u00a0<\/span><a data-auth=\"NotApplicable\" href=\"https:\/\/sante.journaldesfemmes.fr\/fiches-maladies\/2629823-taux-de-reproduction-covid-france-coronavirus-r0-r-effectif-calcul-carte-region-evolution-aujourd-hui-definition\/\" rel=\"noopener noreferrer\" style=\"font-size: 1rem; background-color: rgb(255, 255, 255);\" target=\"_blank\">Quel est le taux de R0 du virus<\/a><span style=\"font-size: 1rem;\">\u00a0? Quand est-on <\/span><a href=\"https:\/\/sante.journaldesfemmes.fr\/fiches-maladies\/2679521-contagion-covid-19-combien-de-temps-jours-duree-asymptomatique-symptomes-incubation-contagieux\/\" style=\"font-size: 1rem; background-color: rgb(255, 255, 255);\" target=\"_blank\" rel=\"noopener noreferrer\">contagieux<\/a><span style=\"font-size: 1rem;\"> ? Que sait-on des\u00a0<\/span><a href=\"https:\/\/sante.journaldesfemmes.fr\/fiches-maladies\/2620433-vaccin-coronavirus-covid-19-pfizer-moderna-sanofi-spoutnik-johnson-astrazeneca-nom-choisir\/\" style=\"font-size: 1rem; background-color: rgb(255, 255, 255);\" target=\"_blank\" rel=\"noopener noreferrer\">vaccins<\/a><span style=\"font-size: 1rem;\">\u00a0? Des\u00a0<\/span><a href=\"https:\/\/sante.journaldesfemmes.fr\/fiches-maladies\/2686947-effets-secondaires-indesirable-vaccin-covid-ansm-france-pfizer-moderna-astrazeneca-cas-graves\/\" style=\"font-size: 1rem; background-color: rgb(255, 255, 255);\" target=\"_blank\" rel=\"noopener noreferrer\">effets secondaires<\/a><span style=\"font-size: 1rem;\">\u00a0apr\u00e8s la vaccination ? Chiffres et infos du jour.<\/span><\/p>\n<ul>\n<li><strong>Plus de 510 000 vaccinations vendredi. <\/strong>Le\u00a0pr\u00e9sident Emmanuel Macron a annonc\u00e9 sur Twitter, que plus de 510 000\u00a0vaccinations ont \u00e9t\u00e9 r\u00e9alis\u00e9es en 24 heures ce vendredi. \u00ab\u00a0On continue d&rsquo;acc\u00e9l\u00e9rer\u00a0!\u00a0\u00bb, a t-il tweet\u00e9.<\/li>\n<li><strong>Vaccins \u00ab\u00a0interchangeables\u00a0\u00bb.\u00a0<\/strong>Le ministre de la Sant\u00e9, Olivier V\u00e9ran, a \u00e9voqu\u00e9 vendredi, la possibilit\u00e9 de rendre \u00ab\u00a0interchangeables\u00a0\u00bb les vaccins \u00e0 ARN messager pour \u00ab\u00a0simplifier\u00a0\u00bb la campagne de vaccination. \u00ab\u00a0<em>On va voir. Les scientifiques commencent \u00e0 nous dire qu&rsquo;ils sont interchangeables\u00a0\u00bb, \u00ab\u00a0on fait l&rsquo;un ou l&rsquo;autre en premi\u00e8re ou deuxi\u00e8me injection, c&rsquo;est la m\u00eame m\u00e9canique\u00a0\u00bb<\/em>, a avanc\u00e9\u00a0le ministre en visite dans un centre de vaccination \u00e0 Grenoble. Dans la matin\u00e9e, la Haute autorit\u00e9 de sant\u00e9 (HAS) a annonc\u00e9 que les moins de 55\u00a0ans vaccin\u00e9s avec une dose d&rsquo;AstraZeneca recevront\u00a0leur deuxi\u00e8me dose avec Pfizer ou Moderna.<\/li>\n<li><strong>Villes les plus touch\u00e9es.<\/strong> L&rsquo;Institut Pasteur a publi\u00e9 vendredi une mod\u00e9lis\u00e9 de la part de la population infect\u00e9e, par r\u00e9gions, depuis le d\u00e9but de la pand\u00e9mie. L&rsquo;\u00cele-de-France arrive en premi\u00e8re position des r\u00e9gions comptant le plus de cas, avec 36,5% de personnes contamin\u00e9es. Viennent ensuite la r\u00e9gion PACA, avec 28,1%,\u00a0le Grand Est avec 23,3%. Les r\u00e9gions les moins touch\u00e9es sont la Bretagne avec 7,5%, la Nouvelle-Aquitaine avec 8,1%, et la Corse avec 9,5%.\u00a0<\/li>\n<li><strong>Surveillance du vaccin d&rsquo;AstraZeneca. <\/strong>L&rsquo;ANSM indique qu&rsquo;aucun nouveau cas de thrombose des grosses veines n&rsquo;a \u00e9t\u00e9 d\u00e9clar\u00e9 durant la p\u00e9riode du 26 mars au 1er avril, \u00e0 la suite de l&rsquo;injection du\u00a0vaccin Vaxzevria d&rsquo;AstraZeneca.\u00a0En outre, l&rsquo;Agence nationale de s\u00e9curit\u00e9 du m\u00e9dicament signale le suivi de deux r\u00e9actions virale (zona et herp\u00e8s), ainsi que des cas de saignements, principalement du nez, et des h\u00e9matomes apr\u00e8s l&rsquo;injection de ce vaccin.<\/li>\n<li><b>Les pr\u00e9l\u00e8vements nasopharyng\u00e9s ne sont pas sans risque.\u00a0<\/b>Devant la multiplication et la r\u00e9p\u00e9tition des pr\u00e9l\u00e8vements nasopharyng\u00e9s dans le d\u00e9pistage de la Covid-19, l&rsquo;Acad\u00e9mie nationale de m\u00e9decine\u00a0rappelle dans un communiqu\u00e9\u00a0les pr\u00e9cautions \u00e0 observer et les risques encourus. <em>\u00ab\u00a0Si certaines complications peuvent \u00eatre consid\u00e9r\u00e9es comme b\u00e9nignes (d\u00e9sagr\u00e9ment, douleur ou saignement), de graves complications commencent \u00e0 \u00eatre d\u00e9crites dans la litt\u00e9rature\u00a0m\u00e9dicale\u00a0depuis quelques semaines, notamment des br\u00e8ches de l&rsquo;\u00e9tage ant\u00e9rieur de la base du cr\u00e2ne associ\u00e9es \u00e0 un risque de m\u00e9ningite.\u00a0\u00bb\u00a0<\/em><\/li>\n<li><strong>Vaccin Janssen et thrombose.<\/strong> L&rsquo;Agence europ\u00e9enne des m\u00e9dicaments a indiqu\u00e9 avoir lanc\u00e9 une \u00e9tude sur des liens possibles entre le vaccin anti-Covid de Johnson&amp;Johnson et des rares cas de caillots sanguins, rapporte l&rsquo;<a href=\"https:\/\/twitter.com\/afpfr\/status\/1380507376332210176\" target=\"_blank\" rel=\"noopener noreferrer\">AFP<\/a>.\u00a0Trois de ces cas ont \u00e9t\u00e9 signal\u00e9s aux \u00c9tats-Unis apr\u00e8s autorisation du vaccin, et un l&rsquo;avait \u00e9t\u00e9 dans un pays non pr\u00e9cis\u00e9 lors d&rsquo;une phase de tests.<\/li>\n<li><strong>AstraZeneca recommande une deuxi\u00e8me dose de vaccin \u00e0 ARNm dans les 12\u00a0semaines apr\u00e8s la premi\u00e8re injection pour les -55 ans. <\/strong>La Haute Autorit\u00e9 de Sant\u00e9 a rendu\u00a0son <a href=\"https:\/\/www.has-sante.fr\/jcms\/p_3260335\/fr\/covid-19-quelle-strategie-vaccinale-pour-les-moins-de-55-ans-ayant-deja-recu-une-dose-d-astrazeneca\" target=\"_blank\" rel=\"noopener noreferrer\">avis<\/a> le 9\u00a0avril. L&rsquo;administration d&rsquo;une seule dose de ce vaccin \u00e9tant insuffisante pour garantir une protection durablement efficace, la HAS recommande aujourd&rsquo;hui de compl\u00e9ter le sch\u00e9ma vaccinal pour cette population avec un vaccin \u00e0 ARNm dans un d\u00e9lai de 12\u00a0semaines apr\u00e8s la premi\u00e8re injection.\u00a0Cela concerne 533.000\u00a0personnes en France.<\/li>\n<li><strong>Fabrication de vaccin en France.<\/strong> <em>\u00ab\u00a0Quatre sites en France produiront 250\u00a0millions de doses de vaccins en 2021, il s&rsquo;agit d&rsquo;un effort de guerre collectif\u00a0\u00bb<\/em>, souligne Emmanuel Macron au micro de <a href=\"https:\/\/twitter.com\/BFMTV\/status\/1380458064218886146?ref_src=twsrc%5Etfw%7Ctwcamp%5Etweetembed%7Ctwterm%5E1380458064218886146%7Ctwgr%5E%7Ctwcon%5Es1_&amp;ref_url=https%3A%2F%2Fwww.leparisien.fr%2Fsociete%2Fsante%2Fcovid-19-controles-renforces-pour-le-debut-des-vacances-de-paques-suivez-notre-direct-09-04-2021-IT74YN5MW5GZTGRV5OJQP6FQE4.php\" target=\"_blank\" rel=\"noopener noreferrer\">BFM-TV<\/a> lors d&rsquo;un d\u00e9placement \u00e0 l&rsquo;usine de Delpharm (qui produit les vaccins Pfizer en France)\u00a0Saint-R\u00e9my-sur-Avre (Eure-et-Loir). vendredi 9\u00a0avril.<\/li>\n<li><strong>Le gouvernement veut encourager la confiance en AstraZeneca<\/strong>. Lors d&rsquo;un d\u00e9placement \u00e0 Delpharm, Emmanuel Macron s&rsquo;est voulu\u00a0rassurant concernant le vaccin AstraZeneca.<em>\u00ab\u00a0Le vaccin AstraZeneca est aujourd&rsquo;hui autoris\u00e9 avec les recommandations \u00e0 prendre en compte (&#8230;)\u00a0<\/em><em>Il faut faire confiance \u00e0 nos autorit\u00e9s sanitaires\u00a0\u00bb, <\/em>poursuit Emmanuel Macron.<\/li>\n<li><strong>Bient\u00f4t un vaccin Fran\u00e7ais ?<\/strong>\u00a0Interrog\u00e9 par <a href=\"https:\/\/twitter.com\/BFMTV\/status\/1380456486447546368?ref_src=twsrc%5Etfw%7Ctwcamp%5Etweetembed%7Ctwterm%5E1380456676222980097%7Ctwgr%5E%7Ctwcon%5Es2_&amp;ref_url=https%3A%2F%2Fwww.leparisien.fr%2Fsociete%2Fsante%2Fcovid-19-controles-renforces-pour-le-debut-des-vacances-de-paques-suivez-notre-direct-09-04-2021-IT74YN5MW5GZTGRV5OJQP6FQE4.php\" target=\"_blank\" rel=\"noopener noreferrer\">BFM-TV<\/a>, le Pr\u00e9sident de la R\u00e9publique a indiqu\u00e9 que\u00a0<em>\u00ab\u00a0Le vaccin Sanofi est en train d&rsquo;avancer.\u00a0\u00bb\u00a0<\/em><\/li>\n<li><b data-original-fontsize=\"20px\" data-original-lineheight=\"30px\">Enqu\u00eate\u00a0\u00e0 Saint-Brieuc suite au d\u00e9c\u00e8s d&rsquo;un quadrag\u00e9naire vaccin\u00e9 avec AstraZeneca.\u00a0<\/b>Le parquet de Saint-Brieuc indique ce vendredi avoir ouvert une enqu\u00eate pour recherche des causes de la mort apr\u00e8s le d\u00e9c\u00e8s d&rsquo;un homme de 42\u00a0ans qui avait re\u00e7u une dose du vaccin AstraZeneca.<\/li>\n<li><b data-original-fontsize=\"20px\" data-original-lineheight=\"30px\">Vaccination des quinquag\u00e9naires sans comorbidit\u00e9 \u00e0 Cannes<\/b>. La ville de Cannes a d\u00e9marr\u00e9 depuis 24\u00a0heures la vaccination des habitants de 50\u00a0ans et plus sans comorbidit\u00e9s\u00a0rapporte le <a href=\"http:\/\/www.cannes.com\/fr\/dossiers-cannes-com\/annee-2020\/coronavirus-covid-19\/covid-19-guide-local.html#vaccination\" target=\"_blank\" rel=\"noopener noreferrer\">site officiel<\/a> de la ville de Cannes.<\/li>\n<li><strong>Vaccin \u00e0 ARN messager ou Janssen recommand\u00e9 contre le variant sud-africain.<em>\u00a0<\/em><\/strong><em>\u00ab\u00a0En Moselle, La R\u00e9union, Mayotte et Guyane, o\u00f9 le variant sud-africain circule plus fortement, nous recommandons de vacciner avec un vaccin ARN messager ou bien avec le vaccin Janssen d\u00e8s qu&rsquo;il sera disponible\u00a0\u00bb,<\/em> pr\u00e9cise Dominique Le Guludec, pr\u00e9sidente de la Haute autorit\u00e9 de la Sant\u00e9 lors d&rsquo;une interview.\u00a0<em>\u00ab\u00a0Les quatre vaccins autoris\u00e9s en France\u00a0sont efficaces contre le variant britannique.\u00a0\u00bb<\/em><\/li>\n<\/ul>\n<p><strong>Selon les derniers chiffres publi\u00e9s par <a href=\"https:\/\/www.gouvernement.fr\/info-coronavirus\/carte-et-donnees\" target=\"_blank\" rel=\"noopener noreferrer\">le gouvernement<\/a>,\u00a0au vendredi 9\u00a0avril, en France :<\/strong><\/p>\n<p>\u2022 4 980 501\u00a0personnes ont \u00e9t\u00e9 contamin\u00e9es par le coronavirus\u00a0<strong>(+41 243\u00a0<\/strong><strong>en 24\u00a0heures)<\/strong>.<\/p>\n<p>\u2022 98 338 personnes sont d\u00e9c\u00e9d\u00e9es en France\u00a0<strong>(+301 en 24\u00a0heures),<\/strong><strong>\u00a0<\/strong>dont 72 245\u00a0\u00e0 l&rsquo;h\u00f4pital.<\/p>\n<p>\u2022<strong>\u00a05\u00a0757 patients Covid-19\u00a0sont en r\u00e9animation<\/strong> (+52 en 24\u00a0heures).<\/p>\n<p>\u2022 30 326 patients Covid-19\u00a0\u00e9taient\u00a0hospitalis\u00e9s (-229 en 24\u00a0heures).<\/p>\n<p>Du samedi 3 avril au soir au dimanche 2 mai, les mesures de freinage d\u00e9j\u00e0 en vigueur dans 19\u00a0d\u00e9partements sont \u00e9tendues \u00e0 tout le territoire m\u00e9tropolitain. Si les \u00e9coles ont ferm\u00e9\u00a0vendredi 3 avril,\u00a0des <strong>p\u00f4les d&rsquo;accueil vont \u00eatre mis en place dans les villes <\/strong>pour les enfants dont les <strong>deux parents font partie des professions mobilis\u00e9es pour g\u00e9rer la crise sanitaire <\/strong>(domaine m\u00e9dical, secr\u00e9tariat de pr\u00e9fecture, police, gendarmerie, personnel m\u00e9dico-social, m\u00e9dico-\u00e9ducatif, pharmacien pour la campagne de vaccination) et <strong>n&rsquo;ayant pas de solution alternative de garde.<\/strong><\/p>\n<p>\u2192 Le minist\u00e8re de l&rsquo;\u00c9conomie, des Finances et de la Relance a allong\u00e9 la liste des commerces jug\u00e9s essentiels et qui peuvent \u00eatre ouverts dans le cadre des mesures renforc\u00e9es qui s&rsquo;appliquent, \u00e0 partir du 3\u00a0avril 2021, \u00e0 tout le territoire\u00a0:\u00a0<a href=\"https:\/\/www.gouvernement.fr\/mesures-renforcees-la-liste-des-commerces-autorises-a-ouvrir\" target=\"_blank\" rel=\"noopener noreferrer\">Liste des commerces pouvant ouvrir<\/a>.<\/p>\n<div style=\"text-align:center\">\n<figure class=\"image\" style=\"display:inline-block\"><a class=\"fancy\" href=\"https:\/\/img-3.journaldesfemmes.fr\/_JDxfBWuELJJ0fiNp62yauWn94A=\/1080x\/smart\/e82f2d371edd49d9a73738392a675a2b\/ccmcms-jdf\/23613008.jpg\" target=\"_blank\" rel=\"noopener noreferrer\"><img decoding=\"async\" alt=\"Nouvelles restrictions en vigueur \u00e0 compter du 3 avril au soir.\" src=\"https:\/\/img-3.journaldesfemmes.fr\/4AwJ8HZL_zLK3bhaJrc38bGPdzw=\/600x\/smart\/e82f2d371edd49d9a73738392a675a2b\/ccmcms-jdf\/23613008.jpg\"\/><\/a><figcaption data-credit=\"Minist\u00e8re de la Sant\u00e9\" data-legend=\"Nouvelles restrictions en France en vigueur \u00e0 compter du 3 avril au soir.\">Nouvelles restrictions en France en vigueur \u00e0 compter du 3\u00a0avril au soir. <small>\u00a9\u00a0Minist\u00e8re de la Sant\u00e9<\/small><\/figcaption><\/figure>\n<\/div>\n<div style=\"text-align:center\">\n<figure class=\"image\" style=\"display:inline-block\"><a class=\"fancy\" href=\"https:\/\/img-3.journaldesfemmes.fr\/KuTtMf706qnr2Ne2ln11TvKQp_0=\/1080x\/smart\/3f06c04cb34446da8d5a597906ac7467\/ccmcms-jdf\/23612210.jpg\" target=\"_blank\" rel=\"noopener noreferrer\"><img decoding=\"async\" alt=\"mesure covid\" src=\"https:\/\/img-3.journaldesfemmes.fr\/DXudfHcjOXFnQ4Bf-exob_pe30U=\/600x\/smart\/3f06c04cb34446da8d5a597906ac7467\/ccmcms-jdf\/23612210.jpg\"\/><\/a><figcaption data-credit=\"Minist\u00e8re de l'Education nationale\" data-legend=\"Mesures pour les \u00e9coles \u00e0 partir du 5 avril 2021\">Mesures pour les \u00e9coles \u00e0 partir du 5\u00a0avril 2021 <small>\u00a9\u00a0Minist\u00e8re de l&rsquo;Education nationale<\/small><\/figcaption><\/figure>\n<\/div>\n<p>Du<strong>\u00a03\u00a0avril et au 2\u00a0mai sur tout le territoire fran\u00e7ais :\u00a0<\/strong><\/p>\n<ul>\n<li>Seuls les commerces de premi\u00e8re n\u00e9cessit\u00e9 peuvent ouvrir (voir plus bas).<\/li>\n<li>Les d\u00e9placements sont autoris\u00e9s dans une limite de 10\u00a0km, sans limite de dur\u00e9e et sans motif \u00e0 justifier par une attestation.<\/li>\n<li>Le couvre-feu est appliqu\u00e9 de 19h \u00e0 6h du matin.\u00a0<\/li>\n<li>Les cr\u00e8ches, \u00e9coles maternelles, \u00e9l\u00e9mentaires,\u00a0les coll\u00e8ges et lyc\u00e9es\u00a0seront ferm\u00e9s.<\/li>\n<li>Les cours en \u00e9coles maternelles, \u00e9l\u00e9mentaires, coll\u00e8ges et lyc\u00e9es seront organis\u00e9s \u00e0 distance pendant une semaine, \u00e0 compter de vendredi 2\u00a0avril.<\/li>\n<li>A partir du 12\u00a0avril, la France m\u00e9tropolitaine, quelle que soit la zone, sera plac\u00e9e en vacances de printemps. La rentr\u00e9e aura lieu\u00a0le 26\u00a0avril\u00a0: physiquement pour les maternelles et les primaires, \u00e0 distance pour les coll\u00e8ges et les lyc\u00e9es. Le 3\u00a0mai, les coll\u00e9giens et les lyc\u00e9ens pourront retrouver physiquement leur \u00e9tablissement, le cas \u00e9ch\u00e9ant avec des jauges adapt\u00e9es.<\/li>\n<li>Les universit\u00e9s et enseignements sup\u00e9rieurs continuent \u00e0 fonctionner selon le rythme en vigueur\u00a0: ils peuvent continuer durant toute la p\u00e9riode de confinement \u00e0 se rendre \u00e0 l&rsquo;universit\u00e9 pour une journ\u00e9e de cours par semaine.<\/li>\n<li>Les lieux de culte restent accessibles dans les m\u00eames conditions. Les fid\u00e8les doivent respecter une r\u00e8gle d&rsquo;un si\u00e8ge sur trois et d&rsquo;une rang\u00e9e sur deux pour y assister.<\/li>\n<li>Les d\u00e9placements inter-r\u00e9gionaux sont interdits sauf motifs imp\u00e9rieux ou professionnels.<\/li>\n<li>La consommation d&rsquo;alcool dans la rue est interdite.<\/li>\n<li>Toutes les activit\u00e9s, tous les \u00e9tablissements, tous les \u00e9quipements qui sont aujourd&rsquo;hui ferm\u00e9s, le resteront encore au cours des prochaines semaines<strong>.<\/strong>\u00a0C&rsquo;est le cas des<strong> cin\u00e9mas, des th\u00e9\u00e2tres, des salles de spectacle, des \u00e9quipements sportifs ou de loisirs.<\/strong> C&rsquo;est \u00e9galement le cas pour les bars et les restaurants.<\/li>\n<\/ul>\n<figure class=\"image\" style=\"float:right\"><a class=\"fancy\" href=\"https:\/\/img-3.journaldesfemmes.fr\/c58SiuaBeZq_zivIQR_6NTa0csw=\/1080x\/smart\/35697a829dfa440fa59db8ca0c869b4f\/ccmcms-jdf\/23722671.jpg\"><img decoding=\"async\" alt=\"attestation covid\" src=\"https:\/\/img-3.journaldesfemmes.fr\/x5p4u2CQd_vJzn4OkmlDNkn202s=\/450x\/smart\/35697a829dfa440fa59db8ca0c869b4f\/ccmcms-jdf\/23722671.jpg\"\/><\/a><figcaption data-credit=\"Minist\u00e8re de l'Int\u00e9rieur\" data-legend=\"Attestation de d\u00e9placement actualis\u00e9e le 3 avril 2021\">Attestation de d\u00e9placement actualis\u00e9e le 3 avril 2021 <small>\u00a9\u00a0Minist\u00e8re de l&rsquo;Int\u00e9rieur<\/small><\/figcaption><\/figure>\n<p>\u00c0 partir du<strong> 3\u00a0avril \u00e0 19h, <\/strong>de nouvelles mesures de freinage de l&rsquo;\u00e9pid\u00e9mie sont en vigueur sur l&rsquo;ensemble du territoire m\u00e9tropolitain. Il est obligatoire pour se d\u00e9placer d&rsquo;\u00eatre muni d&rsquo;une attestation de d\u00e9placement.<\/p>\n<p>L&rsquo;<strong>attestation de d\u00e9placement est obligatoire en journ\u00e9e entre 6h et 19h pour les d\u00e9placements au-del\u00e0 de 10\u00a0kilom\u00e8tres <\/strong>du domicile et pour tous les d\u00e9placements entre 19h et 6h sur l&rsquo;ensemble du territoire m\u00e9tropolitain.<\/p>\n<p>&gt; <a href=\"https:\/\/www.interieur.gouv.fr\/Actualites\/L-actu-du-Ministere\/Attestations-de-deplacement\" target=\"_blank\" rel=\"noopener noreferrer\">T\u00e9l\u00e9charger\/Remplir l&rsquo;attestation<\/a>\u00a0<\/p>\n<p><strong>Sont des motifs d\u00e9rogatoires\u00a0:<\/strong><\/p>\n<p><strong>D\u00e9placements dans la limite de 10\u00a0kilom\u00e8tres de son domicile<\/strong><\/p>\n<p>1. Activit\u00e9 physique et promenade<br \/>D\u00e9placements li\u00e9s soit \u00e0 la promenade, soit \u00e0 l&rsquo;activit\u00e9 physique individuelle des personnes\u202f<br \/>[Attestation \u00e0 remplir seulement \u00e0 d\u00e9faut de pouvoir pr\u00e9senter un justificatif de domicile]<\/p>\n<p><strong>D\u00e9placements au sein du d\u00e9partement de r\u00e9sidence<\/strong><\/p>\n<p>2. Achats<br \/>D\u00e9placements pour effectuer des achats de premi\u00e8re n\u00e9cessit\u00e9 ou des retraits de commandes<\/p>\n<p>3. Accompagnement des enfants \u00e0 l&rsquo;\u00e9cole<br \/>D\u00e9placements pour emmener et aller chercher les enfants \u00e0 l&rsquo;\u00e9cole et \u00e0 l&rsquo;occasion de leurs activit\u00e9s p\u00e9ri-scolaires<\/p>\n<p>4. Etablissement culturel ou lieu de culte<br \/>D\u00e9placements pour se rendre dans un \u00e9tablissement culturel (biblioth\u00e8ques et m\u00e9diath\u00e8ques) ou un lieu de culte<\/p>\n<p>5. D\u00e9marches administratives ou juridiques<br \/>D\u00e9placements pour se rendre dans un service public pour un acte ou une d\u00e9marche qui ne peuvent \u00eatre r\u00e9alis\u00e9s \u00e0 distance<\/p>\n<p><strong>D\u00e9placements sans limitation de distance<\/strong><\/p>\n<p>6. Activit\u00e9 professionnelle, enseignement et <a href=\"http:\/\/www.affinite.fr\/index.php\/2022\/11\/09\/formation-de-glacier-apprenez-le-metier-de-glacier-et-changez-votre-vie\/\">formation<\/a>, mission d&rsquo;int\u00e9r\u00eat g\u00e9n\u00e9ral<br \/>D\u00e9placements entre le domicile et le lieu d&rsquo;exercice de l&rsquo;activit\u00e9 professionnelle ou le lieu d&rsquo;enseignement et de formation, d\u00e9placements professionnels ne pouvant \u00eatre diff\u00e9r\u00e9s, livraisons \u00e0 domicile, d\u00e9placements pour effectuer des achats de fournitures n\u00e9cessaires \u00e0 l&rsquo;activit\u00e9 professionnelle, d\u00e9placements li\u00e9s \u00e0 des missions d&rsquo;int\u00e9r\u00eat g\u00e9n\u00e9ral sur demande de l&rsquo;autorit\u00e9 administrative<\/p>\n<p>7. Sant\u00e9 (consultations et soins)<br \/>D\u00e9placements pour des consultations, examens, actes de pr\u00e9vention (dont vaccination) et soins ne pouvant \u00eatre assur\u00e9s \u00e0 distance ou pour l&rsquo;achat de produits de sant\u00e9<\/p>\n<p>8. Motif familial imp\u00e9rieux, personnes vuln\u00e9rables ou pr\u00e9caires ou gardes d&rsquo;enfants<br \/>D\u00e9placements pour motif familial imp\u00e9rieux, pour l&rsquo;assistance aux personnes vuln\u00e9rables ou pr\u00e9caires ou pour la garde d&rsquo;enfants<\/p>\n<p>9. Situation de handicap<br \/>D\u00e9placements des personnes en situation de handicap et de leur accompagnant<\/p>\n<p>10. Convocation judiciaire ou administrative<br \/>D\u00e9placements pour r\u00e9pondre \u00e0 une convocation judiciaire ou administrative, d\u00e9placements pour se rendre chez un professionnel du droit, pour un acte ou une d\u00e9marche qui ne peuvent \u00eatre r\u00e9alis\u00e9s \u00e0 distance<\/p>\n<p>11. D\u00e9m\u00e9nagement<br \/>D\u00e9placements li\u00e9s \u00e0 un d\u00e9m\u00e9nagement r\u00e9sultant d&rsquo;un changement de domicile et d\u00e9placements indispensables \u00e0 l&rsquo;acquisition ou \u00e0 la location d&rsquo;une r\u00e9sidence principale, insusceptibles d&rsquo;\u00eatre diff\u00e9r\u00e9s<\/p>\n<p>12. D\u00e9placement de transit vers les gares et les a\u00e9roports<\/p>\n<div style=\"text-align:center\">\n<figure class=\"image\" style=\"display:inline-block\"><a class=\"fancy\" href=\"https:\/\/img-3.journaldesfemmes.fr\/zt1NXbSPKFYWrdwA4y3oxb9Jya8=\/1080x\/smart\/b3979b93d5f34ae7ab32a1c31b1ef43d\/ccmcms-jdf\/23804023.jpg\"><img decoding=\"async\" alt=\"Taux d'incidence - semaine glissante\" src=\"https:\/\/img-3.journaldesfemmes.fr\/zt1NXbSPKFYWrdwA4y3oxb9Jya8=\/1080x\/smart\/b3979b93d5f34ae7ab32a1c31b1ef43d\/ccmcms-jdf\/23804023.jpg\"\/><\/a><figcaption data-credit=\"G\u00e9odes\" data-legend=\"Taux d'incidence - semaine glissante 29 mars au 4 avril\">Taux d&rsquo;incidence &#8211; semaine glissante 29 mars au 4 avril <small>\u00a9\u00a0G\u00e9odes<\/small><\/figcaption><\/figure>\n<\/div>\n<blockquote>\n<p><iframe loading=\"lazy\" height=\"600\" src=\"https:\/\/geodes.santepubliquefrance.fr\/?view=map2&amp;indics=sp_ti_tp_7j.tx_pe_gliss&amp;serie=2021-02-15-2021-02-21&amp;lang=fr&amp;iframe=1\" width=\"600\"><\/iframe><\/p>\n<\/blockquote>\n<p>Dans son dernier bilan hebdomadaire du 8 avril, <a href=\"https:\/\/www.santepubliquefrance.fr\/maladies-et-traumatismes\/maladies-et-infections-respiratoires\/infection-a-coronavirus\/documents\/bulletin-national\/covid-19-point-epidemiologique-du-8-avril-2021\" target=\"_blank\" rel=\"noopener noreferrer\">Sant\u00e9 Publique France<\/a>\u00a0rapporte un maintien des indicateurs \u00e0 un niveau toujours tr\u00e8s \u00e9lev\u00e9 avec une tension hospitali\u00e8re s&rsquo;accentuant encore, mais une <strong>progression de l&rsquo;\u00e9pid\u00e9mie moins marqu\u00e9e<\/strong>\u00a0pour la semaine du 29 mars au 4 avril\u00a0:<\/p>\n<ul>\n<li><strong>L&rsquo;incidence <\/strong>des cas de Covid-19\u00a0a\u00a0<strong>augment\u00e9<\/strong>\u00a0de +4% (+12% la semaine d&rsquo;avant). L&rsquo;incidence a augment\u00e9 chez les 15-64\u00a0ans (+6%), mais se stabilisait chez les 0-14\u00a0ans, faisant suite \u00e0 une forte augmentation les trois semaines pr\u00e9c\u00e9dentes et ce malgr\u00e9 une progression importante du taux de d\u00e9pistage dans cette classe d&rsquo;\u00e2ge (+20%).<\/li>\n<li>Une <strong>moyenne de 39\u00a0000\u00a0nouveaux cas <\/strong>sont confirm\u00e9s chaque jour.<\/li>\n<li>Le taux hebdomadaire d&rsquo;hospitalisation continuait d&rsquo;augmenter (+9% par rapport \u00e0 la semaine pr\u00e9c\u00e9dente).<\/li>\n<li>Le taux d&rsquo;admission en services de soins critiques \u00e9tait \u00e9galement en hausse (+14% par rapport \u00e0 la semaine pr\u00e9c\u00e9dente).<\/li>\n<li>Les personnes les <strong>plus affect\u00e9es par l&rsquo;\u00e9pid\u00e9mie restaient celles \u00e2g\u00e9es de 65\u00a0ans et plus<\/strong>, ainsi que celles pr\u00e9sentant des comorbidit\u00e9s, avec les taux d&rsquo;hospitalisation et de d\u00e9c\u00e8s les plus \u00e9lev\u00e9s.<\/li>\n<li>L&rsquo;analyse des r\u00e9sultats des tests de criblage des variants pr\u00e9occupants indique une p<strong>r\u00e9dominance nette de la proportion de suspicions de variant anglais,<\/strong> qui repr\u00e9sentait 82% des tests cribl\u00e9s.<\/li>\n<li>La proportion de suspicions de variants sud-africain ou br\u00e9silien restait stable \u00e0 4%.<\/li>\n<\/ul>\n<h3 style=\"text-align: center;\">\u00c9volution des taux d&rsquo;incidence et taux de d\u00e9pistage par semaine, depuis la semaine 23-2020, France (donn\u00e9es au 7 avril\u00a02021)<\/h3>\n<div style=\"text-align:center\">\n<figure class=\"image\" style=\"display:inline-block\"><a class=\"fancy\" href=\"https:\/\/img-3.journaldesfemmes.fr\/DR2vaxLD2wSwrkUv8R1zLd_JFRI=\/1080x\/smart\/d328a3331c6440c99a6b00f010dac73c\/ccmcms-jdf\/23817789.jpg\"><img decoding=\"async\" alt=\"\u00c9volution des taux d\u2019incidence et taux de d\u00e9pistage covid france\" src=\"https:\/\/img-3.journaldesfemmes.fr\/nSDfvyZ9wRIfOGkmvZZI-CbVuDY=\/600x\/smart\/d328a3331c6440c99a6b00f010dac73c\/ccmcms-jdf\/23817789.jpg\"\/><\/a><figcaption data-credit=\"Sant\u00e9 Publique France\" data-legend=\"\u00c9volution des taux d\u2019incidence et de d\u00e9pistage par semaine, depuis la semaine 23-2020, France (donn\u00e9es au 7 avril 2021)\">\u00c9volution des taux d\u2019incidence et de d\u00e9pistage par semaine, depuis la semaine 23-2020, France (donn\u00e9es au 7 avril 2021) <small>\u00a9\u00a0Sant\u00e9 Publique France<\/small><\/figcaption><\/figure>\n<\/div>\n<p>Le gouvernement suit \u00e9galement l&rsquo;\u00e9volution du taux d&rsquo;occupation des lits en r\u00e9animation par des patients Covid-19 (sur les capacit\u00e9s initiales). Ce taux met en lumi\u00e8re une \u00e9ventuelle tension hospitali\u00e8re.\u00a0<\/p>\n<div style=\"text-align:center\">\n<figure class=\"image\" style=\"display:inline-block\"><a class=\"fancy\" href=\"https:\/\/img-3.journaldesfemmes.fr\/7Gslsz_HKhhEXMajfHPDKIX3BaA=\/1080x\/smart\/6de049a3956840cb9ad29e54bd9e5138\/ccmcms-jdf\/23817792.jpg\"><img decoding=\"async\" alt=\"Taux d'occupation des lits en r\u00e9animation au 6 avril par des patients Covid-19\" src=\"https:\/\/img-3.journaldesfemmes.fr\/23E86EKWYhaKkbDBquEciUCktcI=\/600x\/smart\/6de049a3956840cb9ad29e54bd9e5138\/ccmcms-jdf\/23817792.jpg\"\/><\/a><figcaption data-credit=\"Gouvernement.fr\" data-legend=\"Taux d'occupation des lits en r\u00e9animation au 8 avril par des patients Covid-19\">Taux d&rsquo;occupation des lits en r\u00e9animation au 8 avril par des patients Covid-19 <small>\u00a9\u00a0Gouvernement.fr<\/small><\/figcaption><\/figure>\n<\/div>\n<p>\u2192 Le\u00a0<strong>pic \u00e9pid\u00e9mique<\/strong>\u00a0de la premi\u00e8re vague a \u00e9t\u00e9 observ\u00e9 la\u00a0<strong>semaine du 6\u00a0au 12\u00a0avril 2020<\/strong>, soit 15\u00a0jours\u00a0apr\u00e8s la mise en \u0153uvre des mesures de confinement de la population g\u00e9n\u00e9rale, le 17\u00a0mars 2020.<\/p>\n<p>\u2192 Le <strong>pic de la deuxi\u00e8me vague <\/strong>a eu lieu\u00a0du <strong>16\u00a0au 20\u00a0novembre,\u00a0<\/strong>trois semaines apr\u00e8s le deuxi\u00e8me confinement.<\/p>\n<blockquote>\n<p style=\"text-align: right;\">Le taux de d\u00e9pistage est en forte augmentation chez les 0-14\u00a0ans (+41%).<\/p>\n<\/blockquote>\n<p>Au 9\u00a0avril 2021, un total de<strong>\u00a04 980 501\u00a0<\/strong><strong>cas\u00a0confirm\u00e9s\u00a0<\/strong>de coronavirus est rapport\u00e9 depuis le d\u00e9but de la pand\u00e9mie.\u00a0<\/p>\n<p><strong>Sur la semaine 13\u00a0(29 mars-4 avril) :<\/strong><\/p>\n<ul>\n<li>Les nouveaux cas de Covid ont augment\u00e9 de +4% mais Sant\u00e9 Publique France souligne qu&rsquo;\u00a0<em>\u00ab\u00a0en raison des jours f\u00e9ri\u00e9s, les indicateurs \u00e9pid\u00e9miologiques, notamment le taux d&rsquo;incidence\u00a0sont <strong>\u00e0 interpr\u00e9ter avec prudence <\/strong>par comparaison avec une semaine sans jour f\u00e9ri\u00e9, compte tenu de la moindre activit\u00e9 des lieux de pr\u00e9l\u00e8vement les jours f\u00e9ri\u00e9s\u00a0\u00bb.\u00a0<\/em><\/li>\n<li>Le taux d&rsquo;incidence \u00e9tait stable\u00a0dans toutes les classes d&rsquo;\u00e2ge except\u00e9 chez les 15-44\u00a0ans et les 45-64\u00a0ans o\u00f9 ce taux a augment\u00e9 (+6%).<\/li>\n<li>Le<strong> taux de d\u00e9pistage\u00a0<\/strong>\u00e9tait en forte hausse par rapport \u00e0 la semaine 12\u00a0dans toutes les classes d&rsquo;\u00e2ge. L&rsquo;augmentation la plus importante \u00e9tait observ\u00e9e chez les 0-14\u00a0ans (+20%), puis chez les 15-44\u00a0ans (+16%), les 45-64\u00a0ans (+12%), les 65-74\u00a0ans et les 75\u00a0ans et plus (+2%).<\/li>\n<li>Le<strong> taux de positivit\u00e9 <\/strong>des personnes test\u00e9es \u00e9tait en diminution dans toutes les classes d&rsquo;\u00e2ge.<\/li>\n<\/ul>\n<h3 style=\"text-align: center;\">Nombre incident de cas confirm\u00e9s de COVID-19\u00a0par semaine (date de pr\u00e9l\u00e8vement) rapport\u00e9s \u00e0 Sant\u00e9 publique France du 11\u00a0mai 2020\u00a0au 4 avril\u00a02021, France (donn\u00e9es au 7\u00a0avril 2021)<\/h3>\n<div style=\"text-align:center\">\n<figure class=\"image\" style=\"display:inline-block\"><a class=\"fancy\" href=\"https:\/\/img-3.journaldesfemmes.fr\/y4kgE7TH2a0WTNPTQGYeDDi0nZQ=\/1080x\/smart\/eb6a6fe36ea24ab39d6bf67534459631\/ccmcms-jdf\/23817787.jpg\"><img decoding=\"async\" alt=\"courbe cas covid france\" src=\"https:\/\/img-3.journaldesfemmes.fr\/jV8gKUsbQhpoR9TVcKVHI-2izf0=\/600x\/smart\/eb6a6fe36ea24ab39d6bf67534459631\/ccmcms-jdf\/23817787.jpg\"\/><\/a><figcaption data-credit=\"Sant\u00e9 publique France\" data-legend=\"Nombre incident de cas confirm\u00e9s de COVID-19 par semaine (date de pr\u00e9l\u00e8vement) rapport\u00e9s \u00e0 Sant\u00e9 publique France du 11 mai 2020 au 4 avril 2021, France (donn\u00e9es au 7 avril 2021)\">Nombre incident de cas confirm\u00e9s de COVID-19 par semaine (date de pr\u00e9l\u00e8vement) rapport\u00e9s \u00e0 Sant\u00e9 publique France du 11 mai 2020 au 4 avril 2021, France (donn\u00e9es au 7 avril 2021) <small>\u00a9\u00a0Sant\u00e9 publique France<\/small><\/figcaption><\/figure>\n<\/div>\n<p>Vendredi 9\u00a0avril,<strong>\u00a041 243\u00a0nouvelles personnes<\/strong>\u00a0ont re\u00e7u un test positif au Covid-19 par rapport \u00e0 la veille.<\/p>\n<h3 style=\"text-align: center;\">Taux d&rsquo;incidence &#8211; quotidien &#8211; tous \u00e2ges jusqu&rsquo;au 27 mars<\/h3>\n<div style=\"text-align:center\">\n<figure class=\"image\" style=\"display:inline-block\"><a class=\"fancy\" href=\"https:\/\/img-3.journaldesfemmes.fr\/hB1yY3ETpYintFClsLn5eDg5M9A=\/1080x\/smart\/d3ebeeacefc846189e8c2fe0d7be13b1\/ccmcms-jdf\/23593272.jpg\"><img decoding=\"async\" alt=\"Taux d'incidence - quotidien - tous \u00e2ges\" src=\"https:\/\/img-3.journaldesfemmes.fr\/hB1yY3ETpYintFClsLn5eDg5M9A=\/1080x\/smart\/d3ebeeacefc846189e8c2fe0d7be13b1\/ccmcms-jdf\/23593272.jpg\"\/><\/a><figcaption data-credit=\"G\u00e9odes\" data-legend=\"Taux d'incidence - quotidien - tous \u00e2ges jusqu'au 27 mars\">Taux d&rsquo;incidence &#8211; quotidien &#8211; tous \u00e2ges jusqu&rsquo;au 27 mars <small>\u00a9\u00a0G\u00e9odes<\/small><\/figcaption><\/figure>\n<\/div>\n<p><strong>Vendredi 9<\/strong>\u00a0<strong>avril,<\/strong>\u00a0<strong>5 757 personnes sont\u00a0hospitalis\u00e9es\u00a0en\u00a0r\u00e9animation (+52 au cours des derni\u00e8res 24 heures).<\/strong>\u00a0Le\u00a0nombre de patients COVID-19\u00a0hospitalis\u00e9s en France est tr\u00e8s \u00e9lev\u00e9 et en progression sur la semaine du 15 au 21 mars.<strong> <\/strong><\/p>\n<p><strong>Sur la semaine 13\u00a0(29\u00a0mars-4\u00a0avril)\u00a0:<\/strong><\/p>\n<ul>\n<li>Le\u00a0taux hebdomadaire d&rsquo;hospitalisations et le taux d&rsquo;admissions en services de soins critiques ont augment\u00e9 respectivement de 9% et 14% par rapport \u00e0 la semaine pr\u00e9c\u00e9dente.<\/li>\n<li>Le<strong> taux hebdomadaire d&rsquo;hospitalisation \u00e9tait en augmentation dans toutes les r\u00e9gions<\/strong> sauf en Corse. Les plus fortes augmentations \u00e9taient observ\u00e9es en Bourgogne-Franche Comt\u00e9 (+35%), Pays de la Loire (+28%) et Auvergne-Rh\u00f4ne-Alpes.<\/li>\n<li>Le taux d&rsquo;admission en services de soins critiques\u00a0\u00e9tait stable ou en augmentation dans toutes les r\u00e9gions, except\u00e9 en Bretagne (-6%).\u00a0Les <strong>plus forts taux hebdomadaires d&rsquo;admission en services de soins critiques <\/strong>en m\u00e9tropole \u00e9taient <strong>encore rapport\u00e9s en \u00cele-de-France<\/strong> (7,9\/100\u00a0000\u00a0habitants), Hauts-de-France (6,2), Provence-Alpes-C\u00f4te d&rsquo;Azur (6,2), Auvergne-Rh\u00f4ne-Alpes (4,6), Centre-Val de Loire (4,5) et Grand Est.<\/li>\n<\/ul>\n<div style=\"text-align:center\">\n<figure class=\"image\" style=\"display:inline-block\"><a class=\"fancy\" href=\"https:\/\/img-3.journaldesfemmes.fr\/gt3zrPC25-qq3_x_qy2DnnJVKUU=\/1080x\/smart\/29be5720bad9444c95412aa8618a5eff\/ccmcms-jdf\/23817801.jpg\"><img decoding=\"async\" alt=\"Nombre de patients COVID-19 en services de r\u00e9animation, par date de d\u00e9claration, depuis le 23 mars 2020, France (donn\u00e9es au 16 mars 2021)\" src=\"https:\/\/img-3.journaldesfemmes.fr\/8Np9sJqAVFwRoxGR_FjjD08Htv8=\/600x\/smart\/29be5720bad9444c95412aa8618a5eff\/ccmcms-jdf\/23817801.jpg\"\/><\/a><figcaption data-credit=\"Sant\u00e9 publique France\" data-legend=\"Nombre hebdomadaire de nouvelles admissions de patients COVID-19 en services de soins critiques, selon la date de d\u00e9claration, depuis le 23 mars 2020, France (donn\u00e9es au 04 avril 2021)\">Nombre hebdomadaire de nouvelles admissions de patients COVID-19 en services de soins critiques, selon la date de d\u00e9claration, depuis le 23 mars 2020, France (donn\u00e9es au 04 avril 2021) <small>\u00a9\u00a0Sant\u00e9 publique France<\/small><\/figcaption><\/figure>\n<\/div>\n<p>Selon les <a href=\"https:\/\/www.gouvernement.fr\/info-coronavirus\/carte-et-donnees\" target=\"_blank\" rel=\"noopener noreferrer\">chiffres communiqu\u00e9s par le gouvernement<\/a>, consolid\u00e9s avec l&rsquo;Agence Sant\u00e9 Publique France et\u00a0les ARS (Agences r\u00e9gionales de Sant\u00e9), voici l&rsquo;\u00e9volution des hospitalisations (dont la r\u00e9animation) et des d\u00e9c\u00e8s\u00a0en France par r\u00e9gion.<\/p>\n<h3><a id=\"cas-covid-19-tableau-par-region\" name=\"cas-covid-19-tableau-par-region\">Evolution des hospitalisations (dont en r\u00e9animation) et d\u00e9c\u00e8s \u00e0 l&rsquo;h\u00f4pital du Covid-19\u00a0par r\u00e9gion au 8\u00a0avril<\/a><\/h3>\n<table border=\"1\" cellpadding=\"1\" cellspacing=\"1\" style=\"width:100%;\">\n<thead>\n<tr>\n<th scope=\"col\" style=\"width: 199px;\">R\u00e9gions<\/th>\n<th scope=\"col\" style=\"width: 162px; text-align: center;\">Hospitalisations en cours<\/th>\n<th scope=\"col\" style=\"width: 143px; text-align: center;\">Evolution des nouveaux patients sur les\u00a0 derni\u00e8res 24\u00a0H<\/th>\n<th scope=\"col\" style=\"width: 149px; text-align: center;\">R\u00e9animation Soins intensif<\/th>\n<th scope=\"col\" style=\"width: 155px; text-align: center;\">Evolution des nouveaux patients sur les\u00a0 derni\u00e8res 24\u00a0H<\/th>\n<th scope=\"col\" style=\"width: 220px; text-align: center;\">D\u00e9c\u00e8s<\/th>\n<\/tr>\n<tr>\n<td style=\"width: 199px;\"><b>\u00cele-de-France<\/b><\/td>\n<td style=\"width: 162px;\">7 940<\/td>\n<td style=\"width: 143px;\">-214<\/td>\n<td style=\"width: 149px;\">1 723<\/td>\n<td style=\"width: 155px;\">-33<\/td>\n<td style=\"width: 220px;\">17 349<\/td>\n<\/tr>\n<tr>\n<td style=\"width: 199px;\"><strong>Grand Est<\/strong><\/td>\n<td style=\"width: 162px;\">2 686<\/td>\n<td style=\"width: 143px;\">-60<\/td>\n<td style=\"width: 149px;\">478<\/td>\n<td style=\"width: 155px;\">-13<\/td>\n<td style=\"width: 220px;\">9 086<\/td>\n<\/tr>\n<tr>\n<td style=\"width: 199px;\"><strong>Auvergne-Rh\u00f4ne-Alpes<\/strong><\/td>\n<td style=\"width: 162px;\">3 731<\/td>\n<td style=\"width: 143px;\">-91<\/td>\n<td style=\"width: 149px;\">646<\/td>\n<td style=\"width: 155px;\">-18<\/td>\n<td style=\"width: 220px;\">10 225<\/td>\n<\/tr>\n<tr>\n<td style=\"width: 199px;\"><strong>Hauts-de-France<\/strong><\/td>\n<td style=\"width: 162px;\">3 655<\/td>\n<td style=\"width: 143px;\">-286<\/td>\n<td style=\"width: 149px;\">700<\/td>\n<td style=\"width: 155px;\">-40<\/td>\n<td style=\"width: 220px;\">7 597<\/td>\n<\/tr>\n<tr>\n<td style=\"width: 199px;\"><strong>Bourgogne-Franche-Comt\u00e9<\/strong><\/td>\n<td style=\"width: 162px;\">1 332<\/td>\n<td style=\"width: 143px;\">-48<\/td>\n<td style=\"width: 149px;\">\n<p>188<\/p>\n<\/td>\n<td style=\"width: 155px;\">-4<\/td>\n<td style=\"width: 220px;\">4 224<\/td>\n<\/tr>\n<tr>\n<td style=\"width: 199px;\"><strong>Provence-Alpes-C\u00f4te d&rsquo;Azur<\/strong><\/td>\n<td style=\"width: 162px;\">3 246<\/td>\n<td style=\"width: 143px;\">-83<\/td>\n<td style=\"width: 149px;\">538<\/td>\n<td style=\"width: 155px;\">-9<\/td>\n<td style=\"width: 220px;\">6 925<\/td>\n<\/tr>\n<tr>\n<td style=\"width: 199px;\"><strong>Occitanie<\/strong><\/td>\n<td style=\"width: 162px;\">1 825<\/td>\n<td style=\"width: 143px;\">-44<\/td>\n<td style=\"width: 149px;\">401<\/td>\n<td style=\"width: 155px;\">-18<\/td>\n<td style=\"width: 220px;\">3 755<\/td>\n<\/tr>\n<tr>\n<td style=\"width: 199px;\"><strong>Bretagne<\/strong><\/td>\n<td style=\"width: 162px;\">778<\/td>\n<td style=\"width: 143px;\">-5<\/td>\n<td style=\"width: 149px;\">126<\/td>\n<td style=\"width: 155px;\">-10<\/td>\n<td style=\"width: 220px;\">1 375<\/td>\n<\/tr>\n<tr>\n<td style=\"width: 199px;\"><strong>Nouvelle-Aquitaine<\/strong><\/td>\n<td style=\"width: 162px;\">1 276<\/td>\n<td style=\"width: 143px;\">-48<\/td>\n<td style=\"width: 149px;\">252<\/td>\n<td style=\"width: 155px;\">-21<\/td>\n<td style=\"width: 220px;\">3 254<\/td>\n<\/tr>\n<tr>\n<td style=\"width: 199px;\"><strong><a href=\"http:\/\/www.affinite.fr\/index.php\/2024\/11\/21\/construire-votre-maison-en-normandie\/\">Normandie<\/a><\/strong><\/td>\n<td style=\"width: 162px;\">1 580<\/td>\n<td style=\"width: 143px;\">\n<p>-37<\/p>\n<\/td>\n<td style=\"width: 149px;\">212<\/td>\n<td style=\"width: 155px;\">+10<\/td>\n<td style=\"width: 220px;\">2 731<\/td>\n<\/tr>\n<tr>\n<td style=\"width: 199px;\"><strong>Centre Val-de-Loire<\/strong><\/td>\n<td style=\"width: 162px;\">1 106<\/td>\n<td style=\"width: 143px;\">-11<\/td>\n<td style=\"width: 149px;\">185<\/td>\n<td style=\"width: 155px;\">-5<\/td>\n<td style=\"width: 220px;\">2 304<\/td>\n<\/tr>\n<tr>\n<td style=\"width: 199px;\"><strong>Pays de la Loire<\/strong><\/td>\n<td style=\"width: 162px;\">909<\/td>\n<td style=\"width: 143px;\">-44<\/td>\n<td style=\"width: 149px;\">135<\/td>\n<td style=\"width: 155px;\">-8<\/td>\n<td style=\"width: 220px;\">2 336<\/td>\n<\/tr>\n<tr>\n<td style=\"width: 199px;\"><strong>Corse<\/strong><\/td>\n<td style=\"width: 162px;\">93<\/td>\n<td style=\"width: 143px;\">-1<\/td>\n<td style=\"width: 149px;\">18<\/td>\n<td style=\"width: 155px;\">-4<\/td>\n<td style=\"width: 220px;\">172<\/td>\n<\/tr>\n<tr>\n<td style=\"width: 199px;\"><strong>Martinique<\/strong><\/td>\n<td style=\"width: 162px;\">108<\/td>\n<td style=\"width: 143px;\">+3<\/td>\n<td style=\"width: 149px;\">21<\/td>\n<td style=\"width: 155px;\">+2<\/td>\n<td style=\"width: 220px;\">59<\/td>\n<\/tr>\n<tr>\n<td style=\"width: 199px;\"><strong>Guadeloupe<\/strong><\/td>\n<td style=\"width: 162px;\">73<\/td>\n<td style=\"width: 143px;\">-1<\/td>\n<td style=\"width: 149px;\">17<\/td>\n<td style=\"width: 155px;\">-2<\/td>\n<td style=\"width: 220px;\">203<\/td>\n<\/tr>\n<tr>\n<td style=\"width: 199px;\"><strong>La R\u00e9union<\/strong><\/td>\n<td style=\"width: 162px;\">162<\/td>\n<td style=\"width: 143px;\">-6<\/td>\n<td style=\"width: 149px;\">49<\/td>\n<td style=\"width: 155px;\">-3<\/td>\n<td style=\"width: 220px;\">135<\/td>\n<\/tr>\n<tr>\n<td style=\"width: 199px;\"><strong>Guyane<\/strong><\/td>\n<td style=\"width: 162px;\">31<\/td>\n<td style=\"width: 143px;\">+1<\/td>\n<td style=\"width: 149px;\">\n<p>9<\/p>\n<\/td>\n<td style=\"width: 155px;\">+1<\/td>\n<td style=\"width: 220px;\">90<\/td>\n<\/tr>\n<tr>\n<td style=\"width: 199px;\"><strong>Mayotte<\/strong><\/td>\n<td style=\"width: 162px;\">24<\/td>\n<td style=\"width: 143px;\">+4<\/td>\n<td style=\"width: 149px;\">7<\/td>\n<td style=\"width: 155px;\">\n<p>NC<\/p>\n<\/td>\n<td style=\"width: 220px;\">124<\/td>\n<\/tr>\n<tr>\n<td style=\"width: 199px;\"><strong>TOTAL<\/strong><\/td>\n<td style=\"width: 162px;\"><b>30 555<\/b><\/td>\n<td style=\"width: 143px;\">-975<\/td>\n<td style=\"width: 149px;\"><b>5 705<\/b><\/td>\n<td style=\"width: 155px;\">-175<\/td>\n<td style=\"width: 220px;\">\n<p><b>71 944<\/b><\/p>\n<\/td>\n<\/tr>\n<\/thead>\n<\/table>\n<p><strong>98 338 d\u00e9c\u00e8s sont recens\u00e9s au 9\u00a0avril <\/strong>dont 72 245\u00a0\u00e0 l&rsquo;h\u00f4pital\u00a0(+301 au cours des 24 derni\u00e8res heures), selon les chiffres du gouvernement. L&rsquo;\u00e2ge m\u00e9dian au d\u00e9c\u00e8s est de 85\u00a0ans et 92,7% des personnes avaient 65\u00a0ans et plus. Les hommes repr\u00e9sentent 55% de ces d\u00e9c\u00e8s.<\/p>\n<p><strong>Sur la semaine 13\u00a0(29\u00a0mars-4\u00a0avril)\u00a0:\u00a0<\/strong>le nombre de d\u00e9c\u00e8s li\u00e9s \u00e0 la COVID-19\u00a0(survenus \u00e0 l&rsquo;h\u00f4pital et en ESMS) augmentait de 10%. Les taux de d\u00e9c\u00e8s pour 100\u00a0000\u00a0habitants en milieu hospitalier \u00e9taient les plus \u00e9lev\u00e9s en Hauts-de-France, \u00cele-de-France\u00a0et Provence-Alpes-C\u00f4te d&rsquo;Azur, et en forte augmentation en Bourgogne-Franche-Comt\u00e9 (+80%), Occitanie (+69%) et Pays de la Loire (+46%).\u00a0En France, depuis le d\u00e9but de l&rsquo;\u00e9pid\u00e9mie, 1\u00a0personne sur 1000\u00a0est morte du fait de la Covid-19, indique la <a href=\"https:\/\/www.has-sante.fr\/jcms\/p_3234447\/fr\/covid-19-se-vacciner-decider-avec-son-medecin\" target=\"_blank\" rel=\"noopener noreferrer\">Haute Autorit\u00e9 de Sant\u00e9<\/a> le 29 janvier.\u00a0<\/p>\n<div style=\"text-align:center\">\n<figure class=\"image\" style=\"display:inline-block\"><a class=\"fancy\" href=\"https:\/\/img-3.journaldesfemmes.fr\/lRZ1WuEqHfQpRUQa34TW7WmC3YM=\/1080x\/smart\/a5db6242605147f88b0cc59ea8253fae\/ccmcms-jdf\/23817803.jpg\"><img decoding=\"async\" alt=\"Nombre hebdomadaire de nouveaux d\u00e9c\u00e8s de patients COVID-19 selon la date de d\u00e9claration, depuis le 23 mars 2020, France (donn\u00e9es au 28 f\u00e9vrier 2021)\" src=\"https:\/\/img-3.journaldesfemmes.fr\/ppsaP_SS1GB_lLhehFPKfUXtC58=\/600x\/smart\/a5db6242605147f88b0cc59ea8253fae\/ccmcms-jdf\/23817803.jpg\"\/><\/a><figcaption data-credit=\"Sant\u00e9 publique France\" data-legend=\"Nombre hebdomadaire de nouveaux d\u00e9c\u00e8s de patients COVID-19 selon la date de d\u00e9claration, depuis le 23 mars 2020, France (donn\u00e9es au 4 avril 2021)\">Nombre hebdomadaire de nouveaux d\u00e9c\u00e8s de patients COVID-19 selon la date de d\u00e9claration, depuis le 23 mars 2020, France (donn\u00e9es au 4 avril 2021) <small>\u00a9\u00a0Sant\u00e9 publique France<\/small><\/figcaption><\/figure>\n<\/div>\n<aside id=\"NL_1691080891\" class=\"newsletter_subscription jNlBlock\"><noscript><br \/>\n            <\/noscript><\/p>\n<h3 class=\"newsletter_subscription-title\">Newsletter <\/h3>\n<p><a href=\"\/\/mailing.ccmbg.com\/archive\/last-85\" target=\"_blank\" class=\"a_hover\" rel=\"noopener noreferrer\">Voir un exemple<\/a><\/p>\n<\/aside>\n<p>La France a franchi la barre des 40 000 morts samedi 7 novembre 2020,\u00a0celle des 50 000 le 24 novembre,\u00a0celle des 60 000 le 18 d\u00e9cembre et celle des 90 000 le 12 mars 2021.\u00a0<strong>Un pic de mortalit\u00e9 a \u00e9t\u00e9 atteint\u00a0le 9\u00a0novembre 2020\u00a0<\/strong>(40 987\u00a0morts, dont 548 en 24 heures).\u00a0<\/p>\n<p><iframe loading=\"lazy\" height=\"1000\" src=\"https:\/\/mapthenews.maps.arcgis.com\/apps\/opsdashboard\/index.html#\/bae8aaa7a0b14261b4621c31db410c44\" style=\"border: 0px\" width=\"600\"><\/iframe><\/p>\n<section>\n<blockquote>\n<p style=\"text-align: right;\">\u00a0<\/p>\n<\/blockquote>\n<p>Le taux de reproduction du virus est toujours sup\u00e9rieur \u00e0\u00a0<strong>1 : 1.08 le 3 avril. <\/strong>Au 03\u00a0avril 2021, les estimations des nombres de reproduction \u00e0 partir des donn\u00e9es virologiques SI-DEP \u00e9taient significativement sup\u00e9rieures \u00e0 1\u00a0dans toutes les r\u00e9gions m\u00e9tropolitaines, \u00e0 l&rsquo;exception de la Corse o\u00f9 l&rsquo;estimation \u00e9tait sup\u00e9rieure \u00e0 1, mais de fa\u00e7on non significative.\u00a0Les taux de reproduction du virus appel\u00e9s \u00ab\u00a0R-effectifs\u00a0\u00bb ou \u00ab\u00a0Reff\u00a0\u00bb\u00a0permettent de d\u00e9crire la dynamique de l&rsquo;\u00e9pid\u00e9mie\u00a0: lorsque le Reff est significativement sup\u00e9rieur \u00e0 1, ceci signifie que l&rsquo;\u00e9pid\u00e9mie est en progression car un malade contamine plus d&rsquo;une autre personne, lorsqu&rsquo;il est \u00e9gal \u00e0 1, l&rsquo;\u00e9pid\u00e9mie se stabilise, lorsqu&rsquo;il est significativement inf\u00e9rieur \u00e0 1, l&rsquo;\u00e9pid\u00e9mie r\u00e9gresse.\u00a0<\/p>\n<p>Le d\u00e9pistage du Covid-19 est r\u00e9alis\u00e9 en France par RT-PCT et par tests antig\u00e9niques. Depuis le 11 f\u00e9vrier, les tests salivaires sont d\u00e9ploy\u00e9s dans les\u00a0\u00e9tablissements scolaires et peuvent \u00eatre utilis\u00e9s en premi\u00e8re intention pour d\u00e9pister la Covid-19, conform\u00e9ment aux recommandations de la <a href=\"https:\/\/www.has-sante.fr\/jcms\/p_3237053\/fr\/tests-rt-pcr-salivaires-la-has-etend-leur-utilisation-et-definit-les-modalites-pratiques-de-realisation\" target=\"_blank\" rel=\"noopener noreferrer\">HAS<\/a>. Au 9\u00a0avril, le taux de positivit\u00e9 national s&rsquo;\u00e9tablit \u00e0<strong>\u00a07,8\u00a0%.<\/strong>\u00a0<em>\u00ab\u00a0Il reste d\u00e9terminant que chaque personne pr\u00e9sentant des sympt\u00f4mes \u00e9vocateurs de COVID-19\u00a0s&rsquo;isole imm\u00e9diatement et r\u00e9alise un test diagnostique dans les plus brefs d\u00e9lais\u00a0\u00bb<\/em> rappelle Sant\u00e9 Publique France dans ses bulletins hebdomadaires.<\/p>\n<p>Si au d\u00e9but, on ne parlait que de fi\u00e8vre, toux s\u00e8che, rhume, \u00e9tat grippal et de fatigue, les sympt\u00f4mes de l&rsquo;infection par le coronavirus ont \u00e9volu\u00e9. On sait d\u00e9sormais que le virus peut avoir des <strong>effets sur la peau<\/strong> (urticaire, l\u00e9sions inflammatoires sur les orteils), la sph\u00e8re digestive (vomissements, diarrh\u00e9es&#8230;), <strong>l&rsquo;odorat<\/strong>, le <strong>go\u00fbt <\/strong>et m\u00eame le cerveau.<em> <\/em><\/p>\n<p>\u2192<strong> Chaque personne pr\u00e9sentant des sympt\u00f4mes \u00e9vocateurs de COVID-19 doit s&rsquo;isoler imm\u00e9diatement et r\u00e9aliser un test diagnostique<\/strong> dans les plus brefs d\u00e9lais (sans avoir d&rsquo;ordonnance).<\/p>\n<p>\u2192<strong> <\/strong><strong>Appeler le\u00a015\u00a0en cas de\u00a0difficult\u00e9s respiratoires\u00a0: \u00ab\u00a0<\/strong><em>Si la toux et la\u00a0fi\u00e8vre s&rsquo;accompagnent d&rsquo;une g\u00eane respiratoire qui devient permanente avec souffle court, difficult\u00e9 \u00e0 inspirer et \u00e0 expirer, d&rsquo;une aggravation importante de la toux, cela peut signifier une \u00e9volution de la maladie sous la forme d&rsquo;une pneumopathie. Il s&rsquo;agit alors d&rsquo;une urgence respiratoire potentielle et comme dans tous les cas d&rsquo;urgence, il faut alors appeler le 15\u00a0qui prendra les meilleures dispositions pour r\u00e9pondre \u00e0 la situation\u00a0\u00bb, <\/em>pr\u00e9vient le Dr\u00a0Patrick Aub\u00e9, m\u00e9decin g\u00e9n\u00e9raliste. \u00a0<\/p>\n<div class=\"ccminsert\">\n<aside class=\"app_widget_fo app_widget_fo--list app_widget_fo--list-2-col\">\n<ul>\n<li>\n<h3>\n                    <a href=\"https:\/\/sante.journaldesfemmes.fr\/fiches-maladies\/2665621-angine-ou-covid-19-symptomes-signes-fievre-mal-gorge-test-difference-contagion\/\" class=\"jGTMWidgetGAEventClick\" data-gtmwidgetgaeventaction=\"clickWidgetListOnTwoColumns\" data-gtmwidgetgaeventlabel=\"Angine ou Covid-19\u00a0: sympt\u00f4mes, diff\u00e9rences, test, contagion\"><br \/>\n                        Angine ou Covid-19\u00a0: sympt\u00f4mes, diff\u00e9rences, test, contagion<br \/>\n                    <\/a><br \/>\n                <\/h3>\n<\/li>\n<li>\n<h3>\n                    <a href=\"https:\/\/sante.journaldesfemmes.fr\/fiches-maladies\/2701631-probleme-maladie-foie-covid-atteinte-cancer-complication-sequelles-symptomes-risque-vaccination\/\" class=\"jGTMWidgetGAEventClick\" data-gtmwidgetgaeventaction=\"clickWidgetListOnTwoColumns\" data-gtmwidgetgaeventlabel=\"Probl\u00e8me au foie et Covid\u00a0: risques, s\u00e9quelles, vaccination\"><br \/>\n                        Probl\u00e8me au foie et Covid\u00a0: risques, s\u00e9quelles, vaccination<br \/>\n                    <\/a><br \/>\n                <\/h3>\n<\/li>\n<li>\n<h3>\n                    <a href=\"https:\/\/sante.journaldesfemmes.fr\/fiches-maladies\/2701633-fievre-covid-duree-obligatoire-que-faire-que-prendre-combien-temperature\/\" class=\"jGTMWidgetGAEventClick\" data-gtmwidgetgaeventaction=\"clickWidgetListOnTwoColumns\" data-gtmwidgetgaeventlabel=\"Fi\u00e8vre et Covid\u00a0: dur\u00e9e, temp\u00e9rature, est-ce obligatoire\u00a0?\"><br \/>\n                        Fi\u00e8vre et Covid\u00a0: dur\u00e9e, temp\u00e9rature, est-ce obligatoire\u00a0?<br \/>\n                    <\/a><br \/>\n                <\/h3>\n<\/li>\n<li>\n<h3>\n                    <a href=\"https:\/\/sante.journaldesfemmes.fr\/fiches-maladies\/2696267-covid-long-c-est-quoi-symptomes-contagieux-fatigue-prise-en-charge-france-traitement\/\" class=\"jGTMWidgetGAEventClick\" data-gtmwidgetgaeventaction=\"clickWidgetListOnTwoColumns\" data-gtmwidgetgaeventlabel=\"Covid long\u00a0: sympt\u00f4mes, est-on contagieux, quel traitement\u00a0?\"><br \/>\n                        Covid long\u00a0: sympt\u00f4mes, est-on contagieux, quel traitement\u00a0?<br \/>\n                    <\/a><br \/>\n                <\/h3>\n<\/li>\n<li>\n<h3>\n                    <a href=\"https:\/\/sante.journaldesfemmes.fr\/fiches-maladies\/2661241-rhume-ou-covid-19-symptomes-tableau-differences-ecole-que-faire-comment-savoir-travail\/\" class=\"jGTMWidgetGAEventClick\" data-gtmwidgetgaeventaction=\"clickWidgetListOnTwoColumns\" data-gtmwidgetgaeventlabel=\"Rhume ou Covid-19\u00a0: sympt\u00f4mes, tableau, \u00e9cole, que faire\u00a0?\"><br \/>\n                        Rhume ou Covid-19\u00a0: sympt\u00f4mes, tableau, \u00e9cole, que faire\u00a0?<br \/>\n                    <\/a><br \/>\n                <\/h3>\n<\/li>\n<li>\n<h3>\n                    <a href=\"https:\/\/sante.journaldesfemmes.fr\/fiches-maladies\/2626825-covid-ou-allergie-pollen-coronavirus-asthme-symptomes-toux-yeux-traitement\/\" class=\"jGTMWidgetGAEventClick\" data-gtmwidgetgaeventaction=\"clickWidgetListOnTwoColumns\" data-gtmwidgetgaeventlabel=\"Covid ou allergie au pollen\u00a0: sympt\u00f4mes, diff\u00e9rences, traitements\"><br \/>\n                        Covid ou allergie au pollen\u00a0: sympt\u00f4mes, diff\u00e9rences, traitements<br \/>\n                    <\/a><br \/>\n                <\/h3>\n<\/li>\n<li>\n<h3>\n                    <a href=\"https:\/\/sante.journaldesfemmes.fr\/fiches-maladies\/2676955-covid-19-ou-gastro-enterite-difference-symptomes-fievre-diarrhee-que-faire-complications\/\" class=\"jGTMWidgetGAEventClick\" data-gtmwidgetgaeventaction=\"clickWidgetListOnTwoColumns\" data-gtmwidgetgaeventlabel=\"Covid\u00a0ou gastro-ent\u00e9rite\u00a0: sympt\u00f4mes, quelles diff\u00e9rences\u00a0?\"><br \/>\n                        Covid\u00a0ou gastro-ent\u00e9rite\u00a0: sympt\u00f4mes, quelles diff\u00e9rences\u00a0?<br \/>\n                    <\/a><br \/>\n                <\/h3>\n<\/li>\n<li>\n<h3>\n                    <a href=\"https:\/\/sante.journaldesfemmes.fr\/fiches-sante-du-quotidien\/2627543-perte-gout-agueusie-covid-19-def-duree-cause-partielle-traitement-soigner\/\" class=\"jGTMWidgetGAEventClick\" data-gtmwidgetgaeventaction=\"clickWidgetListOnTwoColumns\" data-gtmwidgetgaeventlabel=\"Perte du go\u00fbt (agueusie)\u00a0: dur\u00e9e, Covid, comment soigner\u00a0?\"><br \/>\n                        Perte du go\u00fbt (agueusie)\u00a0: dur\u00e9e, Covid, comment soigner\u00a0?<br \/>\n                    <\/a><br \/>\n                <\/h3>\n<\/li>\n<li>\n<h3>\n                    <a href=\"https:\/\/sante.journaldesfemmes.fr\/fiches-maladies\/2683439-symptomes-covid-19-coronavirus-boutons-visage-corps-dermatologiques-peau-bras-pieds-engelure\/\" class=\"jGTMWidgetGAEventClick\" data-gtmwidgetgaeventaction=\"clickWidgetListOnTwoColumns\" data-gtmwidgetgaeventlabel=\"Sympt\u00f4mes Covid sur la peau\u00a0: engelures, boutons, quand consulter\u00a0?\"><br \/>\n                        Sympt\u00f4mes Covid sur la peau\u00a0: engelures, boutons, quand consulter\u00a0?<br \/>\n                    <\/a><br \/>\n                <\/h3>\n<\/li>\n<li>\n<h3>\n                    <a href=\"https:\/\/sante.journaldesfemmes.fr\/fiches-maladies\/2630069-coronavirus-covid-19-cerveau-symptomes-sequelles-odorat-effet-lesion-attaque\/\" class=\"jGTMWidgetGAEventClick\" data-gtmwidgetgaeventaction=\"clickWidgetListOnTwoColumns\" data-gtmwidgetgaeventlabel=\"Coronavirus\u00a0et cerveau\u00a0: effets, quels sympt\u00f4mes\u00a0?\"><br \/>\n                        Coronavirus\u00a0et cerveau\u00a0: effets, quels sympt\u00f4mes\u00a0?<br \/>\n                    <\/a><br \/>\n                <\/h3>\n<\/li>\n<\/ul>\n<\/aside>\n<\/div>\n<p>La vaccination contre la Covid-19 se poursuit en France avec les vaccins Pfizer-BioNTech,\u00a0Moderna et AstraZeneca (chez les m\u00e9decins g\u00e9n\u00e9ralistes,\u00a0au travail et en pharmacie). La prise de<strong> rendez-vous<\/strong> est ouverte<b> <\/b>sur les sites Internet <strong>Doctolib, Maiia et KelDoc<\/strong> et peut aussi se faire en contactant par t\u00e9l\u00e9phone le <strong>centre de vaccination<\/strong> le plus proche de chez soi (liste disponible sur\u00a0<a href=\"https:\/\/www.sante.fr\/centres-vaccination-covid.html\" target=\"_blank\" rel=\"noopener noreferrer\">Sante.fr<\/a>).\u00a0En cas de difficult\u00e9, le num\u00e9ro vert national :<strong> 0\u00a0800\u00a0009\u00a0110<\/strong>,\u00a0permet d&rsquo;\u00eatre redirig\u00e9 vers le standard t\u00e9l\u00e9phonique d&rsquo;un centre ou d&rsquo;obtenir un accompagnement \u00e0 la prise de rendez-vous.<\/p>\n<div class=\"ccminsert\">\n<aside class=\"app_widget_fo app_widget_fo--call\">\n<ul>\n<li>\n                <a href=\"https:\/\/sante.journaldesfemmes.fr\/fiches-maladies\/2688083-vaccination-covid-france-inscription-rendez-vous-centre-chiffre-age-nombre-60-ans-70-eligibilite\/\" class=\"jGTMWidgetGAEventClick\" data-gtmwidgetgaeventaction=\"clickWidgetCall\" data-gtmwidgetgaeventlabel=\"Vaccination Covid\u00a0: inscription, \u00e9ligibilit\u00e9, 70, 60\u00a0ans, en centre...\"><\/p>\n<figure><picture><source media=\"(max-width: 480px)\" srcset=\"https:\/\/img-3.journaldesfemmes.fr\/EkNkdArZm03_yXJX9qhQqXKvEcM=\/160x105\/smart\/f5d48f1fb1ac4f8b83004c840c42c190\/ccmcms-jdf\/23817573.jpg\"><img decoding=\"async\" src=\"https:\/\/img-3.journaldesfemmes.fr\/OaGFelSjiIhkv8ksVrD9HM1xdUs=\/200x132\/smart\/f5d48f1fb1ac4f8b83004c840c42c190\/ccmcms-jdf\/23817573.jpg\" alt=\"\"\/><\/source><\/picture><figcaption>\n<h3>Vaccination Covid\u00a0: inscription, \u00e9ligibilit\u00e9, 70, 60\u00a0ans, en centre&#8230;<\/h3>\n<p>Le cap des 10\u00a0millions de Fran\u00e7ais ayant re\u00e7u 1\u00a0dose de vaccin Covid est d\u00e9pass\u00e9. \u00c0 partir du 16\u00a0avril, la vaccination sera ouverte\u00a0\u00e0 tous les plus de 60\u00a0ans. A\u00a0partir du\u00a015\u00a0mai, aux plus de 50\u00a0ans. Eligibilit\u00e9, date, inscription, rendez-vous, vaccination en pharmacie, dans un centre, quand on a eu le Covid\u00a0: guide pratique et chiffres en France.<\/p>\n<\/figcaption><\/figure>\n<p><\/a>\n            <\/li>\n<\/ul>\n<\/aside>\n<\/div>\n<p>Tous les d\u00e9placements depuis l&rsquo;\u00e9tranger vers la France et de France vers l&rsquo;\u00e9tranger, m\u00eame lorsqu&rsquo;ils sont autoris\u00e9s, restent totalement et strictement d\u00e9conseill\u00e9s jusqu&rsquo;\u00e0 nouvel ordre. A <strong>l&rsquo;int\u00e9rieur de l&rsquo;espace europ\u00e9en, les fronti\u00e8res ne sont pas ferm\u00e9es <\/strong>mais chaque pays a mis en place ses restrictions (test obligatoire, quarantaine \u00e0 l&rsquo;arriv\u00e9e&#8230;). Les<strong> fronti\u00e8res ext\u00e9rieures \u00e0 l&rsquo;espace europ\u00e9en restent ferm\u00e9es<\/strong> et tout d\u00e9placement international est totalement et strictement d\u00e9conseill\u00e9 jusqu&rsquo;\u00e0 nouvel ordre. La sortie du territoire fran\u00e7ais est soumise au r\u00e9gime des motifs imp\u00e9rieux, \u00e0 l&rsquo;exception des voyages \u00e0 destination de l&rsquo;Australie, la Cor\u00e9e du Sud, Isra\u00ebl, le Japon, la Nouvelle-Z\u00e9lande, le Royaume-Uni et Singapour.<\/p>\n<p>\u2192<strong> Tout voyageur de 11 ans ou plus souhaitant venir en France\u00a0en provenance d&rsquo;un pays de l&rsquo;espace europ\u00e9en<\/strong>\u00a0(Union europ\u00e9enne, Andorre, Islande, Liechtenstein, Monaco, Norv\u00e8ge, Saint-Marin, Saint-Si\u00e8ge et Suisse) a l&rsquo;obligation de pr\u00e9senter le r\u00e9sultat d&rsquo;un examen biologique de d\u00e9pistage virologique (RT-PCR) ne concluant pas \u00e0 une contamination par le Covid-19\u00a0r\u00e9alis\u00e9 72\u00a0heures avant le d\u00e9part.\u00a0<\/p>\n<table border=\"1\" cellpadding=\"1\" cellspacing=\"1\" style=\"width:100%;\">\n<thead>\n<tr>\n<th scope=\"col\" style=\"text-align: center;\"><strong>DATES CL\u00c9S DE L&rsquo;\u00c9PID\u00c9MIE EN FRANCE<\/strong><\/th>\n<\/tr>\n<\/thead>\n<tbody>\n<tr>\n<td>\n<ul>\n<li><strong>31\u00a0d\u00e9cembre 2019,<\/strong> l&rsquo;Organisation mondiale de la Sant\u00e9 en Chine est inform\u00e9e de plusieurs cas de pneumonies dans la ville de Wuhan. 44\u00a0personnes sont infect\u00e9es entre cette date et le 3\u00a0janvier 2020.<\/li>\n<li><strong>7\u00a0janvier 2020, <\/strong>les autorit\u00e9s chinoises identifient un \u00ab\u00a0nouveau type de coronavirus\u00a0\u00bb.<\/li>\n<li><strong>13\u00a0janvier, <\/strong>un cas import\u00e9 est recens\u00e9 en Tha\u00eflande.<\/li>\n<li><strong>15\u00a0janvier<\/strong>, le virus cause\u00a0la mort d&rsquo;<strong>une premi\u00e8re\u00a0personne \u00e0 Wuhan<\/strong>, un homme de 69\u00a0ans.\u00a0<\/li>\n<li><strong>23\u00a0janvier,<\/strong> trois villes chinoises dont Wuhan sont plac\u00e9es en quarantaine.<\/li>\n<li><strong>25\u00a0janvier, trois personnes\u00a0contamin\u00e9es sont recens\u00e9es en France<\/strong>, deux \u00e0 Paris et une Bordeaux. Ce sont les premiers cas enregistr\u00e9s sur le continent europ\u00e9en.<\/li>\n<li><strong>30\u00a0janvier, <\/strong>l&rsquo;Organisation mondiale de la Sant\u00e9 <strong>d\u00e9cr\u00e8te\u00a0l&rsquo;<a href=\"https:\/\/sante.journaldesfemmes.fr\/fiches-maladies\/2608035-urgence-de-sante-publique-de-portee-internationale-definition-oms-coronavirus\/\" target=\"_blank\" rel=\"noopener noreferrer\">urgence de sant\u00e9 mondiale<\/a><\/strong>.\u00a0Cette mesure n&rsquo;avait \u00e9t\u00e9 d\u00e9cr\u00e9t\u00e9e que 5\u00a0fois depuis sa cr\u00e9ation (pour Ebola (deux fois), la grippe H1N1, Zika et la poliomy\u00e9lite).\u00a0<\/li>\n<li><strong>23\u00a0f\u00e9vrier, <\/strong>la France d\u00e9clenche le <a href=\"https:\/\/sante.journaldesfemmes.fr\/fiches-maladies\/2622449-plan-orsan-reb-definition-signification-qui-declenche-coronavirus-definition-duree\/\" target=\"_blank\" rel=\"noopener noreferrer\">plan ORSAN<\/a>, un dispositif exceptionnel d&rsquo;organisation des soins.<\/li>\n<li><strong>28\u00a0f\u00e9vrier,<\/strong> la France passe en stade 2\u00a0de l&rsquo;\u00e9pid\u00e9mie.<\/li>\n<li><strong>11\u00a0mars, <\/strong>l&rsquo;OMS classifie de <strong>pand\u00e9mie <\/strong>la diffusion de la maladie \u00e0 coronavirus Covid-19\u00a0dans le monde.<\/li>\n<li><strong>12\u00a0mars<\/strong>, le pr\u00e9sident de la R\u00e9publique Emmanuel Macron annonce la fermeture nationale des cr\u00e8ches et \u00e9tablissements scolaires de France \u00e0 compter du 16\u00a0mars et \u00ab\u00a0jusqu&rsquo;\u00e0 nouvel ordre\u00a0\u00bb.<\/li>\n<li><strong>14\u00a0mars<\/strong>, la France passe au <a href=\"https:\/\/sante.journaldesfemmes.fr\/fiches-maladies\/2625289-coronavirus-covid-19-stade-1-2-3-4-duree-mesure-france-signification-quand\/\" target=\"_blank\" rel=\"noopener noreferrer\"><strong>stade 3 <\/strong><\/a>de l&rsquo;\u00e9pid\u00e9mie.<\/li>\n<li><strong>16\u00a0mars\u00a0:<\/strong>\u00a0la France met en place un dispositif de confinement interdisant les d\u00e9placements.<\/li>\n<li><strong>18\u00a0mars<\/strong> le premier transfert de patients Covid-19\u00a0en France est r\u00e9alis\u00e9\u00a0gr\u00e2ce \u00e0 l&rsquo;Arm\u00e9e, par voie terrestre et a\u00e9rienne.\u00a0<\/li>\n<li><strong>26\u00a0mars<\/strong>, un premier cas jeune meurt en France, une adolescente de 16\u00a0ans, en Ile-de-France originaire de Morsang-sur-Orge.<\/li>\n<li><strong>27\u00a0mars,<\/strong> le confinement de la population fran\u00e7aise est renouvel\u00e9 jusqu&rsquo;au 15\u00a0avril.<\/li>\n<li><strong>13\u00a0avril,<\/strong> Emmanuel Macron annonce le prolongement du confinement jusqu&rsquo;au 11\u00a0mai.<\/li>\n<li><strong>11\u00a0mai, <\/strong>la France commence son d\u00e9confinement.<\/li>\n<li><strong>\u00a015\u00a0juin<\/strong>, toute la France passe en zone verte, sauf Mayotte et la Guyane. \u00c0\u00a0Paris, les restaurants et bars peuvent rouvrir compl\u00e8tement.<\/li>\n<li><strong>22\u00a0juin, <\/strong>les \u00e9coles sont de nouveaux obligatoires en France pour tous les \u00e9l\u00e8ves. Les cin\u00e9mas, salles de jeux, casinos rouvrent. Les sports collectifs peuvent \u00eatre autoris\u00e9s tout en respectant certaines conditions sanitaires.<\/li>\n<li><strong>10\u00a0juillet<\/strong>, la <strong>France <\/strong>a franchi la barre des 30\u00a0000\u00a0morts. Dans la nuit du 10\u00a0au 11\u00a0juillet \u00e0 minuit, l&rsquo;\u00e9tat d&rsquo;urgence sanitaire prend fin en France.<\/li>\n<li><strong>\u00a020\u00a0juillet,<\/strong>\u00a0le <strong>port du masque est obligatoire <\/strong>dans les lieux publics clos en France.<\/li>\n<li><strong>8 octobre, <\/strong>le<strong> plan blanc est r\u00e9activ\u00e9 <\/strong>dans les h\u00f4pitaux d&rsquo;Ile-de-France.<\/li>\n<li><strong>17 octobre \u00e0 0h01<\/strong>, la France repasse en \u00e9tat d&rsquo;urgence sanitaire et un <strong>couvre-feu <\/strong>est instaur\u00e9 dans 9 territoires\u00a0(Paris-Ile-de-France, Rouen, Grenoble, Lille, Lyon, Aix-Marseille, Montpellier, Saint-Etienne, Toulouse).<\/li>\n<li><strong>24 octobre \u00e0 0h01 :<\/strong> extension des mesures de couvre-feu \u00e0 38 nouveaux d\u00e9partements fran\u00e7ais.<\/li>\n<li><strong>29 octobre \u00e0 0h01<\/strong> : reconfinement national pour 4 semaines, jusqu&rsquo;au 1er d\u00e9cembre au minimum.<\/li>\n<li><strong>28 novembre : <\/strong>premi\u00e8re \u00e9tape d&rsquo;all\u00e8gement du confinement avec la r\u00e9ouverture des commerces non essentiels.<\/li>\n<li><strong>15 d\u00e9cembre : <\/strong>seconde \u00e9tape\u00a0d&rsquo;all\u00e8gement du confinement avec le passage \u00e0 un couvre-feu de 20 heures \u00e0 6 heures du matin.<\/li>\n<li><strong>31 d\u00e9cembre<\/strong> : couvre-feu impos\u00e9 le soir du 31 d\u00e9cembre, de 20 heures \u00e0 6 heures du matin.<\/li>\n<li><strong>21 d\u00e9cembre<\/strong> : autorisation du vaccin Pfizer en Europe.<\/li>\n<li><strong>24 d\u00e9cembre<\/strong> : autorisation du vaccin Pfizer BioNTech en France.<\/li>\n<li><strong>27 d\u00e9cembre :<\/strong> d\u00e9but de la vaccination en France et dans l&rsquo;Union europ\u00e9enne avec le vaccin Pfizer BioNTech.<\/li>\n<li><strong>8 janvier 2021<\/strong> :\u00a0autorisation du vaccin Moderna en France.<\/li>\n<li><strong>24 janvier 2021<\/strong> : un test PCR n\u00e9gatif est obligatoire pour rentrer en France par avion pour les voyageurs venant d&rsquo;un pays europ\u00e9en (sauf pour les travailleurs transfrontaliers et le transport terrestre).<\/li>\n<li><strong>31 janvier 2021<\/strong> : fermeture des fronti\u00e8res en France aux pays ext\u00e9rieurs \u00e0 l&rsquo;Union europ\u00e9enne<\/li>\n<li><strong>2 f\u00e9vrier 2021<\/strong> :\u00a0autorisation du vaccin de l&rsquo;Universit\u00e9 d&rsquo;Oxford et AstraZeneca en France, uniquement pour les personnes \u00e2g\u00e9es de moins de 65\u00a0ans.<\/li>\n<li><strong>11 f\u00e9vrier : <\/strong>d\u00e9ploiement des tests salivaires dans les \u00e9tablissements scolaires.<\/li>\n<li><strong>12 mars :\u00a0<\/strong>autorisation du\u00a0vaccin\u00a0Johnson&amp;Johnson,\u00a0\u00e0 injection unique, le 4e vaccin \u00e0 \u00eatre autoris\u00e9 en France.<\/li>\n<li><strong>16 mars <\/strong>: autorisation des autotests en France.<\/li>\n<li><strong>19 mars :<\/strong> confinement de 16 d\u00e9partements pour une dur\u00e9e de 4 semaines. Le couvre-feu repasse \u00e0 19 heures dans toute la France au lieu de 18 heures.<\/li>\n<li><strong>25 mars<\/strong> :\u00a0confinement de 3 nouveaux d\u00e9partements pour une dur\u00e9e de 4\u00a0semaines.<\/li>\n<li><strong>3 avril\u00a0 : <\/strong>la France m\u00e9tropolitaine est reconfin\u00e9e 7 jours\/7, les \u00e9coles ferment pour trois semaines, et les vacances scolaires sont uniformis\u00e9es\u00a0pour toutes les zones.<\/li>\n<li><strong>8 avril :<\/strong> 10 millions de Fran\u00e7ais ont re\u00e7u une dose de vaccin Covid.<\/li>\n<li><strong>12 avril<\/strong> : vente des autotests en pharmacie.<\/li>\n<\/ul>\n<\/td>\n<\/tr>\n<\/tbody>\n<\/table>\n<p><em>Cet article est mis \u00e0 jour quotidiennement par <a href=\"https:\/\/www.journaldesfemmes.fr\/account\/ablaize-11409696\" target=\"_blank\" rel=\"noopener noreferrer\">Aur\u00e9lie Blaize<\/a>, <a href=\"https:\/\/www.journaldesfemmes.fr\/account\/anaisthiebaux-10573564\" target=\"_blank\" rel=\"noopener noreferrer\">Ana\u00efs Thi\u00e9baux<\/a> et <a href=\"https:\/\/www.journaldesfemmes.fr\/account\/samanthapages-11598093\" target=\"_blank\" rel=\"noopener noreferrer\">Samantha Pag\u00e8s<\/a>.\u00a0<\/em><\/p>\n<\/section>\n<\/div>\n<p><script async src=\"http:\/\/platform.twitter.com\/widgets.js\" charset=\"utf-8\"><\/script><br \/>\n<br \/>[ad_2]<br \/>\n<br \/><a href=\"https:\/\/sante.journaldesfemmes.fr\/fiches-maladies\/2605417-covid-19-france-chiffres-nombre-nouveaux-cas-morts-deces-vaccin-bilan-aujourd-hui-vaccination\/\">Source link <\/a><\/p>\n","protected":false},"excerpt":{"rendered":"<p>[ad_1] CORONAVIRUS DIRECT &#8211; L&rsquo;\u00e9pid\u00e9mie n&rsquo;est pas stabilis\u00e9e. Le nombre de personnes hospitalis\u00e9es en r\u00e9animation monte, plus haut que la &hellip; <a href=\"http:\/\/www.affinite.fr\/index.php\/2021\/04\/09\/nombre-de-cas-de-morts-derniers-chiffres-2\/\" class=\"more-link\">Plus <span class=\"screen-reader-text\">nombre de cas, de morts, derniers chiffres<\/span> <span class=\"meta-nav\">&rarr;<\/span><\/a><\/p>\n","protected":false},"author":1,"featured_media":6203,"comment_status":"open","ping_status":"open","sticky":false,"template":"","format":"standard","meta":{"_sitemap_exclude":false,"_sitemap_priority":"","_sitemap_frequency":"","footnotes":""},"categories":[1],"tags":[],"class_list":["post-6202","post","type-post","status-publish","format-standard","has-post-thumbnail","hentry","category-tous"],"_links":{"self":[{"href":"http:\/\/www.affinite.fr\/index.php\/wp-json\/wp\/v2\/posts\/6202"}],"collection":[{"href":"http:\/\/www.affinite.fr\/index.php\/wp-json\/wp\/v2\/posts"}],"about":[{"href":"http:\/\/www.affinite.fr\/index.php\/wp-json\/wp\/v2\/types\/post"}],"author":[{"embeddable":true,"href":"http:\/\/www.affinite.fr\/index.php\/wp-json\/wp\/v2\/users\/1"}],"replies":[{"embeddable":true,"href":"http:\/\/www.affinite.fr\/index.php\/wp-json\/wp\/v2\/comments?post=6202"}],"version-history":[{"count":0,"href":"http:\/\/www.affinite.fr\/index.php\/wp-json\/wp\/v2\/posts\/6202\/revisions"}],"wp:featuredmedia":[{"embeddable":true,"href":"http:\/\/www.affinite.fr\/index.php\/wp-json\/wp\/v2\/media\/6203"}],"wp:attachment":[{"href":"http:\/\/www.affinite.fr\/index.php\/wp-json\/wp\/v2\/media?parent=6202"}],"wp:term":[{"taxonomy":"category","embeddable":true,"href":"http:\/\/www.affinite.fr\/index.php\/wp-json\/wp\/v2\/categories?post=6202"},{"taxonomy":"post_tag","embeddable":true,"href":"http:\/\/www.affinite.fr\/index.php\/wp-json\/wp\/v2\/tags?post=6202"}],"curies":[{"name":"wp","href":"https:\/\/api.w.org\/{rel}","templated":true}]}}