{"id":6186,"date":"2021-04-07T02:46:22","date_gmt":"2021-04-07T02:46:22","guid":{"rendered":"https:\/\/www.affinite.fr\/index.php\/2021\/04\/07\/la-verite-si-je-mens-jean-pierre-bacri-a-failli-jouer-dans-le-film-actus-cine\/"},"modified":"2021-04-07T02:46:22","modified_gmt":"2021-04-07T02:46:22","slug":"la-verite-si-je-mens-jean-pierre-bacri-a-failli-jouer-dans-le-film-actus-cine","status":"publish","type":"post","link":"http:\/\/www.affinite.fr\/index.php\/2021\/04\/07\/la-verite-si-je-mens-jean-pierre-bacri-a-failli-jouer-dans-le-film-actus-cine\/","title":{"rendered":"La V\u00e9rit\u00e9 si je mens : Jean-Pierre Bacri a failli jouer dans le film ! &#8211; Actus Cin\u00e9"},"content":{"rendered":"<p> [ad_1]<br \/>\n<br \/><img decoding=\"async\" src=\"http:\/\/fr.web.img3.acsta.net\/newsv7\/21\/04\/06\/14\/23\/0577923.jpg\" \/><\/p>\n<div id=\"article-container\">\n<p class=\"article-lead\">Saviez-vous que l&rsquo;un des r\u00f4les de \u00ab\u00a0La V\u00e9rit\u00e9 si je mens\u00a0\u00bb avait \u00e9t\u00e9 propos\u00e9 \u00e0 Jean-Pierre Bacri ? D\u00e9couvrez les acteurs qui ont failli jouer dans la com\u00e9die culte, diffus\u00e9e ce mardi soir sur W9.<\/p>\n<div id=\"article-content\">\n<figure class=\"player player-auto-play js-player\" data-model=\"{&quot;context&quot;:&quot;newspage_news&quot;,&quot;launch&quot;:&quot;auto-play&quot;,&quot;followScroll&quot;:true,&quot;editorialContent&quot;:&quot;18698406-la_verite_si_je_mens_jean_pierre_bacri_a_failli_jouer_dans_le_film&quot;,&quot;endScreen&quot;:true,&quot;disableAutoPause&quot;:true,&quot;player_position&quot;:&quot;playertop&quot;,&quot;videos&quot;:[{&quot;id&quot;:19443342,&quot;sources&quot;:{&quot;medium&quot;:&quot;\/\/fr.vid.web.acsta.net\/nmedia\/s3\/33\/18\/66\/05\/69\/19443342_sd_013.mp4&quot;},&quot;image&quot;:&quot;\/videothumbnails\/18\/05\/28\/14\/15\/4768029.jpg&quot;,&quot;title&quot;:&quot;La vu00e9ritu00e9 si je mens Bande-annonce VF&quot;,&quot;trackingIdentifier&quot;:&quot;19443342-la_verite_si_je_mens_bande_annonce_vf&quot;,&quot;embedUrl&quot;:&quot;ACraHRACr0cHM6Ly9wbGF5ZXIuYWxsb2NpbmUuZnIvMTk0NDMzNDIuaHRtbA==&quot;,&quot;id_type&quot;:31003,&quot;file_type&quot;:&quot;trailer&quot;,&quot;description&quot;:&quot;&lt;strong&gt;La vu00e9ritu00e9 si je mens&lt;\/strong&gt; Bande-annonce VF&quot;,&quot;duration&quot;:96,&quot;view_count&quot;:68652,&quot;added_at&quot;:{&quot;date&quot;:&quot;2012-12-03 00:00:00.000000&quot;,&quot;timezone_type&quot;:3,&quot;timezone&quot;:&quot;Europe\/Paris&quot;},&quot;metas&quot;:{&quot;genre_main_movie&quot;:[{&quot;name&quot;:&quot;Comu00e9die&quot;,&quot;id&quot;:&quot;13005&quot;}],&quot;id_main_movie&quot;:12644,&quot;image_main_movie&quot;:&quot;\/medias\/nmedia\/18\/66\/05\/69\/18908004.jpg&quot;,&quot;localized_file_type&quot;:&quot;trailer&quot;,&quot;main_movie_type&quot;:4002,&quot;name_main_movie&quot;:&quot;La vu00e9ritu00e9 si je mens&quot;,&quot;nb_days_release_main_movie&quot;:-8743,&quot;release_date_main_movie&quot;:{&quot;date&quot;:&quot;1997-04-30 00:00:00.000000&quot;,&quot;timezone_type&quot;:3,&quot;timezone&quot;:&quot;Europe\/Paris&quot;},&quot;release_status_movie&quot;:&quot;Sortie en salle&quot;,&quot;trans_file_type&quot;:&quot;Bande-annonce&quot;},&quot;relatedEntityDistributor&quot;:&quot;AFMD&quot;,&quot;relatedEntityDistributorId&quot;:514,&quot;relatedEntityType&quot;:&quot;movie&quot;,&quot;relatedEntityTrackingIdentifier&quot;:&quot;12644-la_verite_si_je_mens&quot;,&quot;relatedEntityTitle&quot;:&quot;La vu00e9ritu00e9 si je mens&quot;,&quot;relatedEntityId&quot;:12644,&quot;genres&quot;:[{&quot;id&quot;:&quot;13005&quot;,&quot;name&quot;:&quot;Comu00e9die&quot;}],&quot;relatedEntityUrl&quot;:&quot;ACraHRACr0cHM6Ly93d3cuYWxsb2NpbmUuZnIvZmlsbS9maWNoZWZpbG1fZ2VuX2NmaWxtPTEyNjQ0Lmh0bWw=&quot;,&quot;mediaUrl&quot;:&quot;ACraHRACr0cHM6Ly93d3cuYWxsb2NpbmUuZnIvdmlkZW8vcGxheWVyX2dlbl9jbWVkaWE9MTk0NDMzNDImY2ZpbG09MTI2NDQuaHRtbA==&quot;}],&quot;disablePreroll&quot;:false,&quot;disablePostroll&quot;:false}\" data-thumb=\"https:\/\/fr.web.img4.acsta.net\/r_640_360\/videothumbnails\/18\/05\/28\/14\/15\/4768029.jpg\">\n<\/figure>\n<p>Et si le long m\u00e9trage <a title=\"La v\u00e9rit\u00e9 si je mens (France) - 1997 (Com\u00e9die)\" href=\"http:\/\/www.allocine.fr\/film\/fichefilm_gen_cfilm=12644.html\">La V\u00e9rit\u00e9 si je mens<\/a>, diffus\u00e9 ce mardi soir sur W9, avait eu un autre casting ? Difficile \u00e0 imaginer aujourd&rsquo;hui, et pourtant&#8230;\u00a0<a title=\"Richard Anconina (France) (Acteur)\" href=\"http:\/\/www.allocine.fr\/personne\/fichepersonne_gen_cpersonne=1854.html\">Richard Anconina<\/a>\u00a0et\u00a0<a title=\"Vincent Elbaz (France) (Acteur,Producteur associ\u00e9,Sc\u00e9nariste)\" href=\"http:\/\/www.allocine.fr\/personne\/fichepersonne_gen_cpersonne=2171.html\">Vincent Elbaz<\/a>\u00a0n&rsquo;ont par exemple pas \u00e9t\u00e9 les premiers noms cit\u00e9s pour jouer Edouard et Dov dans la com\u00e9die culte aux pr\u00e8s de 5 millions de spectateurs.<\/p>\n<p><a title=\"Guillaume Depardieu (France) (Acteur)\" href=\"http:\/\/www.allocine.fr\/personne\/fichepersonne_gen_cpersonne=5115.html\">Guillaume Depardieu<\/a>, <a title=\"Antoine de Caunes (France) (Acteur,R\u00e9alisateur,Sc\u00e9nariste)\" href=\"http:\/\/www.allocine.fr\/personne\/fichepersonne_gen_cpersonne=1184.html\">Antoine de Caunes<\/a>, <a title=\"Albert Dupontel (France) (Acteur,Sc\u00e9nariste,R\u00e9alisateur)\" href=\"http:\/\/www.allocine.fr\/personne\/fichepersonne_gen_cpersonne=12194.html\">Albert Dupontel<\/a>\u00a0et <a title=\"Bruno Solo (France) (Acteur,Sc\u00e9nariste,Producteur)\" href=\"http:\/\/www.allocine.fr\/personne\/fichepersonne_gen_cpersonne=2172.html\">Bruno Solo<\/a>\u00a0ont \u00e9t\u00e9 pressentis pour se glisser dans la peau d&rsquo;Eddie. Le r\u00f4le sera finalement tenu par Richard Anconina. Bruno Solo, lui, r\u00e9ussira tout de m\u00eame \u00e0 faire partie de l&rsquo;aventure : <span class=\"ACraHRACr0cHM6Ly93d3cucHJlbWllcmUuZnIvQ2luZW1hL05ld3MtQ2luZW1hL0d1aWxsYXVtZS1EZXBhcmRpZXUtZXQtR2FkLUVsbWFsZWgtZXRhaWVudC1sZXMtcHJlbWllcnMtY2hvaXgtZGUtY2FzdGluZy1wb3VyLUxhLVZlcml0ZS1zaS1qZS1tZW5z\" target=\"_blank\">selon nos confr\u00e8res de Premi\u00e8re<\/span>, c&rsquo;est gr\u00e2ce \u00e0 son ami Guillaume Depardieu, qui pr\u00e9f\u00e8ra s&rsquo;engager sur le film\u00a0<a title=\"Marthe ou La promesse du jour (France) - 1997 (Drame)\" href=\"http:\/\/www.allocine.fr\/film\/fichefilm_gen_cfilm=9827.html\">Marthe ou la promesse du jour<\/a>,\u00a0qu&rsquo;il parvint \u00e0 obtenir le r\u00f4le d&rsquo;Yvan.<\/p>\n<p>Premi\u00e8re indique \u00e9galement que Dov devait \u00e0 l&rsquo;origine \u00eatre jou\u00e9 par <a title=\"Gad Elmaleh (France) (Acteur,Sc\u00e9nariste,Producteur d\u00e9l\u00e9gu\u00e9)\" href=\"http:\/\/www.allocine.fr\/personne\/fichepersonne_gen_cpersonne=1186.html\">Gad Elmaleh<\/a>. L&rsquo;acteur jouera bien le personnage mais&#8230; dans <a title=\"La V\u00e9rit\u00e9 si je mens ! 2 (France) - 2000 (Com\u00e9die)\" href=\"http:\/\/www.allocine.fr\/film\/fichefilm_gen_cfilm=28104.html\">La V\u00e9rit\u00e9 si je mens 2<\/a>\u00a0! C&rsquo;est\u00a0<span class=\"ACrL3BACrlcnNvbm5lL2ZpY2hlcGVyc29ubmVfZ2VuX2NwZXJzb25uZT0yMTcxLmh0bWw=\" title=\"Vincent Elbaz (France) (Acteur,Producteur associ\u00e9,Sc\u00e9nariste)\">Vincent Elbaz<\/span>\u00a0qui interpr\u00e8te le r\u00f4le dans le premier et <a title=\"La V\u00e9rit\u00e9 si je mens ! 3 (France) - 2011 (Com\u00e9die)\" href=\"http:\/\/www.allocine.fr\/film\/fichefilm_gen_cfilm=134545.html\">le troisi\u00e8me film de la saga<\/a>.<\/p>\n<p>On notera par ailleurs qu&rsquo;<a title=\"Yvan Attal (France,Isra\u00ebl) (Acteur,R\u00e9alisateur,Sc\u00e9nariste)\" href=\"http:\/\/www.allocine.fr\/personne\/fichepersonne_gen_cpersonne=3126.html\">Yvan Attal<\/a>, <a title=\"Dominique Farrugia (France) (Acteur,Producteur,R\u00e9alisateur)\" href=\"http:\/\/www.allocine.fr\/personne\/fichepersonne_gen_cpersonne=17766.html\">Dominique Farrugia<\/a>\u00a0et <a title=\"Jean-Pierre Bacri (France) (Acteur,Sc\u00e9nariste,D'apr\u00e8s l'oeuvre de)\" href=\"http:\/\/www.allocine.fr\/personne\/fichepersonne_gen_cpersonne=2350.html\">Jean-Pierre Bacri<\/a>\u00a0ont failli jouer dans La V\u00e9rit\u00e9 si je mens. Ils ont tous les trois refus\u00e9 la proposition, les deux derniers nomm\u00e9s trouvant trop\u00a0caricaturaux les r\u00f4les qui leur \u00e9taient alors propos\u00e9s.<\/p>\n<p><strong>Faux Raccord &#8211; Les gaffes et erreurs de \u00ab\u00a0La v\u00e9rit\u00e9 si je mens\u00a0\u00bb :<\/strong><\/p>\n<p>\u00a0<\/p>\n<\/p><\/div>\n<\/p><\/div>\n<p>[ad_2]<br \/>\n<br \/><a href=\"http:\/\/rss.allocine.fr\/~r\/ac\/actualites\/~3\/FqjHa5viOxQ\/fichearticle_gen_carticle=18698406.html\">Source link <\/a><\/p>\n","protected":false},"excerpt":{"rendered":"<p>[ad_1] Saviez-vous que l&rsquo;un des r\u00f4les de \u00ab\u00a0La V\u00e9rit\u00e9 si je mens\u00a0\u00bb avait \u00e9t\u00e9 propos\u00e9 \u00e0 Jean-Pierre Bacri ? D\u00e9couvrez &hellip; <a href=\"http:\/\/www.affinite.fr\/index.php\/2021\/04\/07\/la-verite-si-je-mens-jean-pierre-bacri-a-failli-jouer-dans-le-film-actus-cine\/\" class=\"more-link\">Plus <span class=\"screen-reader-text\">La V\u00e9rit\u00e9 si je mens : Jean-Pierre Bacri a failli jouer dans le film ! &#8211; Actus Cin\u00e9<\/span> <span class=\"meta-nav\">&rarr;<\/span><\/a><\/p>\n","protected":false},"author":1,"featured_media":6187,"comment_status":"open","ping_status":"open","sticky":false,"template":"","format":"standard","meta":{"_sitemap_exclude":false,"_sitemap_priority":"","_sitemap_frequency":"","footnotes":""},"categories":[1],"tags":[],"class_list":["post-6186","post","type-post","status-publish","format-standard","has-post-thumbnail","hentry","category-tous"],"_links":{"self":[{"href":"http:\/\/www.affinite.fr\/index.php\/wp-json\/wp\/v2\/posts\/6186"}],"collection":[{"href":"http:\/\/www.affinite.fr\/index.php\/wp-json\/wp\/v2\/posts"}],"about":[{"href":"http:\/\/www.affinite.fr\/index.php\/wp-json\/wp\/v2\/types\/post"}],"author":[{"embeddable":true,"href":"http:\/\/www.affinite.fr\/index.php\/wp-json\/wp\/v2\/users\/1"}],"replies":[{"embeddable":true,"href":"http:\/\/www.affinite.fr\/index.php\/wp-json\/wp\/v2\/comments?post=6186"}],"version-history":[{"count":0,"href":"http:\/\/www.affinite.fr\/index.php\/wp-json\/wp\/v2\/posts\/6186\/revisions"}],"wp:featuredmedia":[{"embeddable":true,"href":"http:\/\/www.affinite.fr\/index.php\/wp-json\/wp\/v2\/media\/6187"}],"wp:attachment":[{"href":"http:\/\/www.affinite.fr\/index.php\/wp-json\/wp\/v2\/media?parent=6186"}],"wp:term":[{"taxonomy":"category","embeddable":true,"href":"http:\/\/www.affinite.fr\/index.php\/wp-json\/wp\/v2\/categories?post=6186"},{"taxonomy":"post_tag","embeddable":true,"href":"http:\/\/www.affinite.fr\/index.php\/wp-json\/wp\/v2\/tags?post=6186"}],"curies":[{"name":"wp","href":"https:\/\/api.w.org\/{rel}","templated":true}]}}