{"id":6167,"date":"2021-04-02T20:30:23","date_gmt":"2021-04-02T20:30:23","guid":{"rendered":"https:\/\/www.affinite.fr\/index.php\/2021\/04\/02\/les-indispensables-de-la-deco-addict-confinee-2\/"},"modified":"2021-04-02T20:30:23","modified_gmt":"2021-04-02T20:30:23","slug":"les-indispensables-de-la-deco-addict-confinee-2","status":"publish","type":"post","link":"http:\/\/www.affinite.fr\/index.php\/2021\/04\/02\/les-indispensables-de-la-deco-addict-confinee-2\/","title":{"rendered":"Les indispensables de la d\u00e9co addict confin\u00e9e"},"content":{"rendered":"<p> [ad_1]<br \/>\n<\/p>\n<p>\n                Si, en ces temps de confinement, votre int\u00e9rieur fait grise mine, n&rsquo;attendez plus pour faire le plein d&rsquo;id\u00e9es et relookez-le avec notre kit de survie d\u00e9co\u00a0!            <\/p>\n<div>\n<aside class=\"ads--insertor-avoid app_article_content\"><a id=\"un-presentoir-photo-mural\" name=\"un-presentoir-photo-mural\"\/><\/p>\n<h2 class=\"main_title\">Un pr\u00e9sentoir photo mural <\/h2>\n<figure>\n<div class=\"product_picture\"><a rel=\"nofollow pass noopener noreferrer\" class=\"jBlockAmazon\" target=\"_blank\" href=\"https:\/\/www.awin1.com\/cread.php?awinmid=6948&amp;awinaffid=540299&amp;clickref=2628209f2fi&amp;p=https%3A%2F%2Fwww.cdiscount.com%2Fmaison%2Fdecoration-accessoires%2Fporte-photo-double-en-metal-dore%2Ff-1176349-acd3560238657225.html\"><img decoding=\"async\" src=\"https:\/\/m.media-amazon.com\/images\/I\/41FZqXtjZ-L.jpg\" alt=\"Un pr\u00e9sentoir photo mural \"\/><\/a><\/div><figcaption>\n<h3 class=\"item_name\">Porte-photos mural Atmosphera <\/h3>\n<ul class=\"partners_list\">\n<li>\n<p><span class=\"partner_list_logo partner_list_logo--cdiscount\">Cdiscount<\/span><\/p>\n<\/li>\n<li>\n<p><span class=\"partner_list_logo partner_list_logo--fnac\">Fnac<\/span><\/p>\n<\/li>\n<li>\n<p><span class=\"partner_list_logo partner_list_logo--amazon\">Amazon<\/span><\/p>\n<\/li>\n<li>\n<p><span class=\"partner_list_logo partner_list_logo--darty\">Darty<\/span><\/p>\n<\/li>\n<\/ul>\n<\/figcaption><\/figure>\n<ul>\n<li>Mati\u00e8re : fer<\/li>\n<p>&#13;<\/p>\n<li>8 emplacements<\/li>\n<p>&#13;<\/p>\n<li>Dimensions : 30 x 4 x 70,3 cm<\/li>\n<p>&#13;\n<\/ul>\n<p>Id\u00e9al pour mettre en valeur et exposer vos photos et autres cartes postales, ce pr\u00e9sentoir mural sign\u00e9 Atmosphera\u00a0fera merveille dans une chambre ou un bureau. Tout de m\u00e9tal dor\u00e9 v\u00eatu, il permet d&rsquo;y glisser jusqu&rsquo;\u00e0 8 souvenirs et il ne tient qu&rsquo;\u00e0 vous de bien les choisir !\u00a0<\/p>\n<p>&#13;<br \/>\n<\/aside>\n<aside class=\"ads--insertor-avoid app_article_content\"><a id=\"un-diffuseur-d-huiles-essentielles\" name=\"un-diffuseur-d-huiles-essentielles\"\/><\/p>\n<h2 class=\"main_title\">Un diffuseur d&rsquo;huiles essentielles<\/h2>\n<figure>\n<div class=\"product_picture\"><a rel=\"nofollow pass noopener noreferrer\" class=\"jBlockAmazon\" target=\"_blank\" href=\"https:\/\/www.amazon.fr\/dp\/B07X912F4V?tag=journaldesfemmes-21&amp;linkCode=ogi&amp;th=1&amp;psc=1&amp;tag=journaldesfemmes-21&amp;ascsubtag=2628209f4fi\"><img decoding=\"async\" src=\"https:\/\/m.media-amazon.com\/images\/I\/41ShHFqN1OL.jpg\" alt=\"Un diffuseur d'huiles essentielles\"\/><\/a><\/div><figcaption>\n<h3 class=\"item_name\">Diffuseur d&rsquo;huiles essentielles Tenswall <\/h3>\n<p><span style=\"color:black !important;font-size:14px !important;text-decoration:line-through !important;\">25,99 \u20ac<\/span><span class=\"item_price\">21,99 \u20ac<\/span><a rel=\"nofollow pass noopener noreferrer\" class=\"item_cta_bottom jBlockAmazon\" name=\"btn_see_1\" target=\"_blank\" href=\"https:\/\/www.amazon.fr\/dp\/B07X912F4V?tag=journaldesfemmes-21&amp;linkCode=ogi&amp;th=1&amp;psc=1&amp;tag=journaldesfemmes-21&amp;ascsubtag=2628209f4fb\">VOIR LE PRODUIT<\/a><span class=\"partner_sign\">sur\u00a0Amazon<\/span><\/figcaption><\/figure>\n<ul>\n<li>Technologie Ultrasonique<\/li>\n<p>&#13;<\/p>\n<li>Sans BPA\u00a0<\/li>\n<p>&#13;<\/p>\n<li>Capacit\u00e9\u00a0: 500 ml<\/li>\n<p>&#13;\n<\/ul>\n<p>Avec ce diffuseur d&rsquo;ar\u00f4mes,\u00a0cr\u00e9er un environnement raffin\u00e9 en ajoutant des huiles essentielles devient un v\u00e9ritable jeu d&rsquo;enfant. Sans danger ni pour les enfants, ni pour\u00a0les femmes enceintes, il rafra\u00eechit et hydrate l&rsquo;air dans les pi\u00e8ces de 25 \u00e0 60 m\u00b2. D&rsquo;une autonomie qui peut aller\u00a0jusqu&rsquo;\u00e0 10 heures, il s\u2019\u00e9teint automatiquement lorsque le temps est \u00e9coul\u00e9 ou que l\u2019eau est \u00e9puis\u00e9e.<\/p>\n<p>&#13;<br \/>\n&#13;<br \/>\n&#13;<br \/>\n&#13;<br \/>\n&#13;<br \/>\n&#13;<\/p>\n<p>Le diffuseur<\/p>\n<p>&#13;<br \/>\n<a rel=\"nofollow pass noopener noreferrer\" target=\"_blank\" class=\"item_cta_bottom jBlockAmazon\" name=\"btn_see_2\" href=\"https:\/\/www.amazon.fr\/dp\/B07X912F4V?tag=journaldesfemmes-21&amp;linkCode=ogi&amp;th=1&amp;psc=1&amp;tag=journaldesfemmes-21&amp;ascsubtag=2628209f4fp\">VOIR LE PRODUIT<\/a><\/aside>\n<aside class=\"ads--insertor-avoid app_article_content\"><a id=\"une-guirlande-lumineuse\" name=\"une-guirlande-lumineuse\"\/><\/p>\n<h2 class=\"main_title\">Une guirlande lumineuse<\/h2>\n<figure>\n<div class=\"product_picture\"><a rel=\"nofollow pass noopener noreferrer\" class=\"jBlockAmazon\" target=\"_blank\" href=\"https:\/\/www.amazon.fr\/dp\/B07VNCB9YS?tag=journaldesfemmes-21&amp;linkCode=ogi&amp;th=1&amp;psc=1&amp;tag=journaldesfemmes-21&amp;ascsubtag=2628209f5fi\"><img decoding=\"async\" src=\"https:\/\/m.media-amazon.com\/images\/I\/41KIbZcLXOL.jpg\" alt=\"Une guirlande lumineuse\"\/><\/a><\/div><figcaption>\n<h3 class=\"item_name\">Guirlande lumineuse Viflykoo <\/h3>\n<p><span class=\"item_price\">35,99 \u20ac<\/span><a rel=\"nofollow pass noopener noreferrer\" class=\"item_cta_bottom jBlockAmazon\" name=\"btn_see_1\" target=\"_blank\" href=\"https:\/\/www.amazon.fr\/dp\/B07VNCB9YS?tag=journaldesfemmes-21&amp;linkCode=ogi&amp;th=1&amp;psc=1&amp;tag=journaldesfemmes-21&amp;ascsubtag=2628209f5fb\">VOIR LE PRODUIT<\/a><span class=\"partner_sign\">sur\u00a0Amazon<\/span><\/figcaption><\/figure>\n<ul>\n<li>Classe \u00e9nerg\u00e9tique :\u00a0A ++<\/li>\n<p>&#13;<\/p>\n<li>Longueur :\u00a015 m\u00e8tres\u00a0<\/li>\n<p>&#13;<\/p>\n<li>Garantie :12 mois<\/li>\n<p>&#13;\n<\/ul>\n<p>Econome\u00a0en \u00e9nergie et respectueuse\u00a0de l&rsquo;environnement, cette guirlande lumineuse se compose d&rsquo;une foule de LED. De quoi tamiser l&rsquo;ambiance de votre int\u00e9rieur mais aussi de votre ext\u00e9rieur. Etanche, elle convient parfaitement aux jardins et fera aussi son petit effet sur une terrasse ou un balcon citadin.\u00a0<\/p>\n<p>&#13;<br \/>\n<a rel=\"nofollow pass noopener noreferrer\" target=\"_blank\" class=\"item_cta_bottom jBlockAmazon\" name=\"btn_see_2\" href=\"https:\/\/www.amazon.fr\/dp\/B07VNCB9YS?tag=journaldesfemmes-21&amp;linkCode=ogi&amp;th=1&amp;psc=1&amp;tag=journaldesfemmes-21&amp;ascsubtag=2628209f5fp\">VOIR LE PRODUIT<\/a><\/aside>\n<aside class=\"ads--insertor-avoid app_article_content\"><a id=\"le-livre-y-a-pas-d-age-pour-le-vintage-de-selency\" name=\"le-livre-y-a-pas-d-age-pour-le-vintage-de-selency\"\/><\/p>\n<h2 class=\"main_title\">Le livre Y&rsquo;a pas d&rsquo;\u00e2ge pour le vintage de Selency<\/h2>\n<figure>\n<div class=\"product_picture\"><a rel=\"nofollow pass noopener noreferrer\" class=\"jBlockAmazon\" target=\"_blank\" href=\"https:\/\/www.amazon.fr\/dp\/2501139747?tag=journaldesfemmes-21&amp;ascsubtag=2628209f6fi\"><img decoding=\"async\" src=\"https:\/\/m.media-amazon.com\/images\/I\/41NAUQdAiKL.jpg\" alt=\"Le livre Y'a pas d'\u00e2ge pour le vintage de Selency\"\/><\/a><\/div><figcaption>\n<h3 class=\"item_name\">Le livre Y&rsquo;a pas d&rsquo;\u00e2ge pour le vintage de Selency <\/h3>\n<\/figcaption><\/figure>\n<ul>\n<li>248 pages<\/li>\n<p>&#13;<\/p>\n<li>Editeur\u00a0:\u00a0Marabout\u00a0<\/li>\n<p>&#13;<\/p>\n<li>Dimensions :\u00a017,5 x 2,5 x 25 cm<\/li>\n<p>&#13;\n<\/ul>\n<p>Lanc\u00e9 en septembre 2014, Selency est le premier site de mobilier et de d\u00e9coration \u00e0 proposer \u00e0 la vente chaque jour des centaines de pi\u00e8ces uniques soigneusement s\u00e9lectionn\u00e9es. En 2019,\u00a0Charlotte Cad\u00e9, la co-fondatrice du site \u00e9crit cet ouvrage. V\u00e9ritable bible de la d\u00e9co pour trouver tous les meubles et objets vintages r\u00e9pertori\u00e9s par ordre alphab\u00e9tique. Un <a href=\"http:\/\/www.affinite.fr\/index.php\/2023\/08\/24\/lart-de-la-glace-transforme-en-business-la-vision-unique-de-fabien-gris\/\">livre<\/a> d&rsquo;inspiration mais avant tout un livre pratique pour conna\u00eetre les grands designers, les must-haves de nos int\u00e9rieurs, s&rsquo;y retrouver dans les styles et les mat\u00e9riaux.<\/p>\n<p>&#13;<br \/>\n<\/aside>\n<aside class=\"ads--insertor-avoid app_article_content\"><a id=\"un-miroir\" name=\"un-miroir\"\/><\/p>\n<h2 class=\"main_title\">Un miroir <\/h2>\n<figure>\n<div class=\"product_picture\"><a rel=\"nofollow pass noopener noreferrer\" class=\"jBlockAmazon\" target=\"_blank\" href=\"https:\/\/www.amazon.fr\/dp\/B010XD6FTS?tag=journaldesfemmes-21&amp;ascsubtag=2628209f7fi\"><img decoding=\"async\" src=\"https:\/\/m.media-amazon.com\/images\/I\/31tVZ6z9mML.jpg\" alt=\"Un miroir \"\/><\/a><\/div><figcaption>\n<h3 class=\"item_name\">Miroirs Dima Umbra<\/h3>\n<ul class=\"partners_list\">\n<li>\n<p><span class=\"partner_list_logo partner_list_logo--amazon\">Amazon<\/span><\/p>\n<\/li>\n<li>\n<p><span class=\"partner_list_logo partner_list_logo--fnac\">Fnac<\/span><\/p>\n<\/li>\n<\/ul>\n<\/figcaption><\/figure>\n<ul>\n<li>Mat\u00e9riau : verre<\/li>\n<p>&#13;<\/p>\n<li>Facile \u00e0 poser\u00a0<\/li>\n<p>&#13;<\/p>\n<li>Dimensions :\u00a067,5 x 17,5 x 1,7 cm<\/li>\n<p>&#13;\n<\/ul>\n<p>Design\u00e9\u00a0par Sung Wook Park pour Umbra, ce trio de miroirs en forme de diamant tient plus du\u00a0bijou mural que du simple accessoire.\u00a0A poser en <a href=\"http:\/\/www.affinite.fr\/index.php\/2022\/11\/09\/formation-de-glacier-apprenez-le-metier-de-glacier-et-changez-votre-vie\/\">formation<\/a> triangle ou en ligne, selon l&rsquo;effet souhait\u00e9, on met notre main \u00e0 couper qu&rsquo;il saura vous combler.\u00a0<\/p>\n<p>&#13;<br \/>\n<\/aside>\n<aside class=\"ads--insertor-avoid app_article_content\"><a id=\"un-poster-a-colorier\" name=\"un-poster-a-colorier\"\/><\/p>\n<h2 class=\"main_title\">Un poster \u00e0 colorier <\/h2>\n<figure>\n<div class=\"product_picture\"><a rel=\"nofollow pass noopener noreferrer\" class=\"jBlockAmazon\" target=\"_blank\" href=\"https:\/\/www.amazon.fr\/dp\/B071R3PMX2?tag=journaldesfemmes-21&amp;ascsubtag=2628209f8fi\"><img decoding=\"async\" src=\"https:\/\/m.media-amazon.com\/images\/I\/51dkn70aGnL.jpg\" alt=\"Un poster \u00e0 colorier \"\/><\/a><\/div><figcaption>\n<h3 class=\"item_name\">Poster g\u00e9ant \u00e0 colorier OMY <\/h3>\n<ul class=\"partners_list\">\n<li>\n<p><span class=\"partner_list_logo partner_list_logo--amazon\">Amazon<\/span><\/p>\n<\/li>\n<li>\n<p><span class=\"partner_list_logo partner_list_logo--cdiscount\">Cdiscount<\/span><\/p>\n<\/li>\n<li>\n<p><span class=\"partner_list_logo partner_list_logo--fnac\">Fnac<\/span><\/p>\n<\/li>\n<li>\n<p><span class=\"partner_list_logo partner_list_logo--darty\">Darty<\/span><\/p>\n<\/li>\n<\/ul>\n<\/figcaption><\/figure>\n<ul>\n<li>Mat\u00e9riau : papier<\/li>\n<p>&#13;<\/p>\n<li>Format encadrable\u00a0<\/li>\n<p>&#13;<\/p>\n<li>Dimensions d\u00e9pli\u00e9s : 70 x 100 cm<\/li>\n<p>&#13;\n<\/ul>\n<p>Id\u00e9al pour faire passer le temps et d\u00e9velopper la cr\u00e9ativit\u00e9 des petits et des grands, ce poster g\u00e9ant est un espace\u00a0d&rsquo;expression artistique sans limites. Des\u00a0pyramides d&rsquo;Egypte \u00e0 la Statue de la Libert\u00e9, en passant par le p\u00f4le Nord, le Br\u00e9sil ou\u00a0l&rsquo;\u00eele de P\u00e2ques, parcourez et coloriez les pays du monde entier. Et, une fois que vous l&rsquo;aurez termin\u00e9, vous n&rsquo;aurez plus qu&rsquo;\u00e0 l&rsquo;encadrer !<\/p>\n<p>&#13;<br \/>\n<\/aside>\n<\/div>\n<p>[ad_2]<br \/>\n<br \/><a href=\"https:\/\/deco.journaldesfemmes.fr\/styles-et-tendances\/2628209-kit-de-survie-de-la-deco-addict-jdf\/\">Source link <\/a><\/p>\n","protected":false},"excerpt":{"rendered":"<p>[ad_1] Si, en ces temps de confinement, votre int\u00e9rieur fait grise mine, n&rsquo;attendez plus pour faire le plein d&rsquo;id\u00e9es et &hellip; <a href=\"http:\/\/www.affinite.fr\/index.php\/2021\/04\/02\/les-indispensables-de-la-deco-addict-confinee-2\/\" class=\"more-link\">Plus <span class=\"screen-reader-text\">Les indispensables de la d\u00e9co addict confin\u00e9e<\/span> <span class=\"meta-nav\">&rarr;<\/span><\/a><\/p>\n","protected":false},"author":1,"featured_media":5706,"comment_status":"open","ping_status":"open","sticky":false,"template":"","format":"standard","meta":{"_sitemap_exclude":false,"_sitemap_priority":"","_sitemap_frequency":"","footnotes":""},"categories":[1],"tags":[],"class_list":["post-6167","post","type-post","status-publish","format-standard","has-post-thumbnail","hentry","category-tous"],"_links":{"self":[{"href":"http:\/\/www.affinite.fr\/index.php\/wp-json\/wp\/v2\/posts\/6167"}],"collection":[{"href":"http:\/\/www.affinite.fr\/index.php\/wp-json\/wp\/v2\/posts"}],"about":[{"href":"http:\/\/www.affinite.fr\/index.php\/wp-json\/wp\/v2\/types\/post"}],"author":[{"embeddable":true,"href":"http:\/\/www.affinite.fr\/index.php\/wp-json\/wp\/v2\/users\/1"}],"replies":[{"embeddable":true,"href":"http:\/\/www.affinite.fr\/index.php\/wp-json\/wp\/v2\/comments?post=6167"}],"version-history":[{"count":0,"href":"http:\/\/www.affinite.fr\/index.php\/wp-json\/wp\/v2\/posts\/6167\/revisions"}],"wp:featuredmedia":[{"embeddable":true,"href":"http:\/\/www.affinite.fr\/index.php\/wp-json\/wp\/v2\/media\/5706"}],"wp:attachment":[{"href":"http:\/\/www.affinite.fr\/index.php\/wp-json\/wp\/v2\/media?parent=6167"}],"wp:term":[{"taxonomy":"category","embeddable":true,"href":"http:\/\/www.affinite.fr\/index.php\/wp-json\/wp\/v2\/categories?post=6167"},{"taxonomy":"post_tag","embeddable":true,"href":"http:\/\/www.affinite.fr\/index.php\/wp-json\/wp\/v2\/tags?post=6167"}],"curies":[{"name":"wp","href":"https:\/\/api.w.org\/{rel}","templated":true}]}}