{"id":6155,"date":"2021-03-31T20:28:21","date_gmt":"2021-03-31T20:28:21","guid":{"rendered":"https:\/\/www.affinite.fr\/index.php\/2021\/03\/31\/confinement-annonces-de-macron\/"},"modified":"2021-03-31T20:28:21","modified_gmt":"2021-03-31T20:28:21","slug":"confinement-annonces-de-macron","status":"publish","type":"post","link":"http:\/\/www.affinite.fr\/index.php\/2021\/03\/31\/confinement-annonces-de-macron\/","title":{"rendered":"Confinement\u00a0: Annonces de Macron"},"content":{"rendered":"<p> [ad_1]<br \/>\n<\/p>\n<p>\n                Le Pr\u00e9sident Macron a fait une allocution ce mercredi 31\u00a0mars \u00e0 20H. Confinement strict et m\u00e9tropolitain (m\u00eame s&rsquo;il ne porte pas ce nom), Ecoles ferm\u00e9es pour 3\u00a0semaines, T\u00e9l\u00e9travail, Contr\u00f4les renforc\u00e9s et Amendes, F\u00eates de P\u00e2ques, Vacances avanc\u00e9es, Rentr\u00e9e pour tous les \u00e9l\u00e8ves le 26\u00a0avril, mais aussi agenda des r\u00e9ouvertures des lieux de Culture et terrasses d\u00e8s la mi-mai&#8230; Nouvelles mesures et derni\u00e8res informations.            <\/p>\n<div>\n<aside class=\"ccmsummary marqueur_module ccmcss_cms_summary ccmcss_cms_summary--right\">\n<p>\u00a0Sommaire<\/p>\n<\/aside>\n<p><strong>[Mis \u00e0 jour mercredi 31 mars \u00e0 22h05]\u00a0<\/strong>Le pr\u00e9sident de la R\u00e9publique s&rsquo;est adress\u00e9\u00a0\u00e0 la Nation ce mercredi 31\u00a0mars \u00e0 20h.\u00a0<strong>Voici ce qu&rsquo;il faut retenir.<\/strong>\u00a0<br \/>Le nombre de lits en r\u00e9animation va passer d&rsquo;une capacit\u00e9 de 7000\u00a0lits \u00e0 un peu plus de 10000 lits les prochains jours. Le seuil des patients en soins critiques a d\u00e9pass\u00e9 ces derniers jours le nombre\u00a0symbolique de\u00a05000\u00a0cas. <strong>10000 lits <\/strong>devraient \u00eatre op\u00e9rationnels les prochains jours.<\/p>\n<h2>Restrictions \u00e9tendues<\/h2>\n<p>D\u00e8s samedi soir, les mesures de confinement prises dans les 19\u00a0d\u00e9partements<strong> seront appliqu\u00e9es \u00e0 tout le territoire,\u00a0<\/strong>jusqu&rsquo;au 2\u00a0mai.<\/p>\n<p><strong>Le <a href=\"https:\/\/sante.journaldesfemmes.fr\/fiches-sante-du-quotidien\/2664487-teletravail-covid-2021-france-obligatoire-confinement-protocole-castex-avantage-loi\/\" title=\"T\u00e9l\u00e9travail\">t\u00e9l\u00e9travail<\/a> est amen\u00e9 \u00e0 \u00eatre \u00e0 nouveau la norme<\/strong> sur tout le territoire.\u00a0<\/p>\n<p><strong>Les commerces jug\u00e9s non-essentiels seront ferm\u00e9s<\/strong> au moins jusqu&rsquo;au 2\u00a0mai \u00e9galement.<\/p>\n<h3>Il sera<strong> impossible de se d\u00e9placer \u00e0 plus de 10km de son domicile sauf motif imp\u00e9rieux<\/strong>.\u00a0<\/h3>\n<p>Les d\u00e9placements inter-r\u00e9gions seront eux-aussi soumis aux seuls motifs imp\u00e9rieux.\u00a0Les contr\u00f4les seront renforc\u00e9s sur tout le territoire pour faire respecter ces nouvelles mesures.\u00a0<\/p>\n<h3>Tol\u00e9rance pour les d\u00e9placements du 2 au 5 avril<\/h3>\n<p>Pour <strong>le <a href=\"https:\/\/www.journaldesfemmes.fr\/maman\/guide-sorties-en-famille\/2617003-fete-de-paques-2021-covid\/\" title=\"P\u00e2ques\">week-end de P\u00e2ques<\/a><\/strong>, il y aura cependant une autorisation \u00e0 changer de r\u00e9gion.<\/p>\n<h2>Les cr\u00e8ches, les \u00e9coles, les coll\u00e8ges et les lyc\u00e9es seront ferm\u00e9s pendant trois semaines<\/h2>\n<p>La semaine du 5\u00a0avril, les cours se feront \u00e0 la maison.\u00a0Les deux semaines suivantes, la France enti\u00e8re sera <strong>plac\u00e9e en <a href=\"https:\/\/www.journaldesfemmes.fr\/maman\/guide-sorties-en-famille\/2613047-vacances-de-printemps-2021-covid-vacances-de-paques-12-avril\/\" title=\"Vacances de P\u00e2ques\">vacances de printemps<\/a><\/strong>, de mani\u00e8re unifi\u00e9e. Les parents d&rsquo;\u00e9l\u00e8ves qui ne pourront pas travailler lors de cette p\u00e9riode auront <strong>droit au ch\u00f4mage partiel.\u00a0<\/strong><\/p>\n<p>Le<strong> 26\u00a0avril,<\/strong> les maternelles et primaires pourront retourner en classe tandis que les coll\u00e8ges et lyc\u00e9es devront attendre une semaine suppl\u00e9mentaire avant de retourner en classe.\u00a0Semaine durant laquelle ils assisteront aux cours depuis leur domicile jusqu&rsquo;\u00e0 la rentr\u00e9e fix\u00e9e le 3\u00a0mai.<\/p>\n<h2>Vaccination \u00e9tendue et acc\u00e9l\u00e9r\u00e9e<\/h2>\n<p>Concernant la vaccination, priorit\u00e9 est toujours donn\u00e9e aux personnes les plus fragiles.\u00a0Macron esp\u00e8re que l&rsquo;Europe sera dans les prochaines semaines le premier continent en terme de production de vaccin.\u00a0<strong>Le 16\u00a0avril, les plus de 60\u00a0ans<\/strong> auront acc\u00e8s \u00e0 la vaccination.\u00a0Ce sera<strong> le 15\u00a0mai pour les plus de 50\u00a0ans<\/strong>. \u00c0 partir de <strong>mi-juin, les moins de 50\u00a0ans<\/strong> pourront \u00eatre vaccin\u00e9s.\u00a0Tout \u00e7a pour arriver \u00e0 l&rsquo;objectif d&rsquo;avoir \u00e0 la fin de l&rsquo;\u00e9t\u00e9 toute la population de moins de 18\u00a0ans qui le souhaite vaccin\u00e9e.<\/p>\n<h2>Reprise des activit\u00e9s de loisirs et r\u00e9ouverture des lieux de Culture<\/h2>\n<p><strong>\u00c0 la mi-mai, les lieux de culture pourraient commencer \u00e0 r\u00e9ouvrir<\/strong>.\u00a0Et jusqu&rsquo;\u00e0 la mi-juin, l&rsquo;ex\u00e9cutif travaillera sur un calendrier de reprise des activit\u00e9s culturelles, sportives et de loisir comme les caf\u00e9s, les\u00a0bars et les restaurants.\u00a0<\/p>\n<h3>Conseil des ministres<\/h3>\n<p>\u00ab\u00a0<em><strong>Prot\u00e9ger les Fran\u00e7ais<\/strong> est notre seule ligne<\/em>\u00ab\u00a0, a assur\u00e9 Gabriel Attal lors d&rsquo;une conf\u00e9rence de presse apr\u00e8s le conseil des ministres. D\u00e9sormais, les priorit\u00e9s ont chang\u00e9 et de<strong> difficiles d\u00e9cisions<\/strong> doivent \u00eatre prises, malgr\u00e9 leurs cons\u00e9quences sur la sant\u00e9 mentale des Fran\u00e7ais ou l&rsquo;\u00e9ducation.<br \/>\u00ab\u00a0<em>Le facteur cl\u00e9 de nos d\u00e9cisions reste la<strong> situation dans les h\u00f4pitaux<\/strong><\/em>\u00ab\u00a0, a-t-il d\u00e9clar\u00e9 avant d&rsquo;ajouter:\u00a0<em>\u00ab\u00a0Le <strong>tri des patients <\/strong>n&rsquo;est pas une option<\/em>\u00ab\u00a0.<br \/>\u00ab\u00a0<em>Des <strong>d\u00e9cisions ont \u00e9t\u00e9 act\u00e9es<\/strong><\/em>\u00a0\u00bb pendant le Conseil de D\u00e9fense et seront annonc\u00e9es par <strong><a href=\"https:\/\/www.journaldesfemmes.fr\/people\/emmanuel-macron\/\" title=\"Emmanuel Macron\">Emmanuel Macron<\/a>\u00a0lors de son allocution \u00e0 20h, ce 31 mars<\/strong>, a confirm\u00e9 le porte-parole du gouvernement, sans en dire davantage.<\/p>\n<p>Les <strong>\u00e9coles<\/strong> fermeront-elles? Le confinement sera-t-il \u00e9tendu \u00e0 <strong>d&rsquo;autres d\u00e9partements<\/strong>?\u00a0Mais il pourrait s&rsquo;agir d&rsquo;un <strong>simple discours<\/strong> solennel pour justifier (une fois de plus) les choix de l&rsquo;ex\u00e9cutif, alors que la troisi\u00e8me vague frappe de plein fouet le pays.<\/p>\n<p>Pour l&rsquo;heure, selon les premi\u00e8res estimations, un <strong>confinement strict au niveau national<\/strong> ne serait pas forc\u00e9ment au rendez-vous.\u00a0Mais d&rsquo;apr\u00e8s <em>BFM TV<\/em>, la<strong> <a href=\"https:\/\/www.journaldesfemmes.fr\/maman\/guide-des-parents\/2687781-fermeture-des-ecoles-covid-colleges-lycees-macron\/\" title=\"Fermeture d'\u00e9coles\">fermeture des \u00e9coles<\/a><\/strong> est s\u00e9rieusement envisag\u00e9e.<\/p>\n<h2>Anne Hidalgo demande une fermeture des \u00e9coles<\/h2>\n<p><strong>Anne Hidalgo<\/strong>, s&rsquo;est quant \u00e0 elle r\u00e9solue \u00e0 accepter une <strong>fermeture des \u00e9coles<\/strong>. C&rsquo;est m\u00eame elle qui l&rsquo;a demand\u00e9e, sur le plateau de <strong>BFM TV<\/strong>, le 31 mars. \u00ab\u00a0<em>La situation est tr\u00e8s grave<\/em>\u00ab\u00a0, a-t-elle alert\u00e9. La maire de Paris a indiqu\u00e9 que\u00a0850\u00a0classes \u00e9taient d\u00e9sormais ferm\u00e9es et que 20.000\u00a0\u00e9l\u00e8ves n&rsquo;\u00e9taient pas en cours, dans la capitale.\u00a0<\/p>\n<p>\u00ab\u00a0<em>Je pense que<strong> les \u00e9coles doivent \u00eatre ferm\u00e9es<\/strong>, car c&rsquo;est une d\u00e9sorganisation tr\u00e8s grande aujourd&rsquo;hui<\/em>\u00ab\u00a0, a-t-elle d\u00e9clar\u00e9.<\/p>\n<h2>Week-end de P\u00e2ques : contr\u00f4les renforc\u00e9s<\/h2>\n<p>Le soleil illumine la France (et la plupart des 19 d\u00e9partements confin\u00e9s), et un long\u00a0<strong>week-end de P\u00e2ques <\/strong>se profile \u00e0 l&rsquo;horizon. Les conditions sont donc r\u00e9unies pour organiser une escapade entre amis ou en famille&#8230; mais le<strong> confinement est<\/strong> toujours en place dans ces d\u00e9partements.<\/p>\n<p>Et G\u00e9rald Darmanin a pr\u00e9venu: d\u00e8s le 1er avril, les<strong> contr\u00f4les doivent \u00eatre renforc\u00e9s<\/strong>, notamment pendant <strong>ce week-end de P\u00e2ques<\/strong>, qui est \u00e0 \u00ab\u00a0<em>haut risque\u00a0\u00bb<\/em>, a-t-il pr\u00e9cis\u00e9 dans une conf\u00e9rence de presse le 30\u00a0mars.<\/p>\n<h2>Esp\u00e9rance de vie en forte baisse<\/h2>\n<p>La Covid-19 aura d\u00e9cid\u00e9ment s\u00e9rieusement impact\u00e9 nos vies.\u00a0Selon l&rsquo;Insee, en 2020<strong>, l&rsquo;esp\u00e9rance de vie<\/strong> des femmes \u00e0 la naissance a <strong>recul\u00e9<\/strong> de 0,5% et de 0,6% pour les hommes. En France, elle est d\u00e9sormais de <strong>85,1\u00a0ans pour les femmes<\/strong> et de <strong>79,1\u00a0ans pour les hommes<\/strong>. Des chiffres qui s&rsquo;expliquent notamment par le nombre de d\u00e9c\u00e8s des personnes \u00e2g\u00e9es dus\u00a0au <a href=\"https:\/\/sante.journaldesfemmes.fr\/fiches-maladies\/2605417-covid-19-france-nouveaux-cas-annonces-discours-macron-mesure-ecole-fermee-confinement-strict\/\" title=\"Covid-19\">coronavirus<\/a>.<\/p>\n<p>C&rsquo;est la <strong>premi\u00e8re fois en cinq ans<\/strong> que l&rsquo;esp\u00e9rance de vie recule.\u00a0Cette baise est d&rsquo;ailleurs \u00ab\u00a0<em>plus marqu\u00e9e qu&rsquo;en 2015, lorsque l&rsquo;\u00e9pid\u00e9mie de grippe hivernale avait \u00e9t\u00e9 tr\u00e8s meurtri\u00e8re<\/em>\u00ab\u00a0, lit-on dans l&rsquo;\u00e9tude.<\/p>\n<h2>Macron se justifie<\/h2>\n<p>Ce dimanche 28\u00a0mars, le chef de l&rsquo;\u00c9tat a accord\u00e9 une interview au <em>Journal du Dimanche.<\/em>\u00a0Il y justifie son choix de ne pas avoir reconfin\u00e9 en f\u00e9vrier, annonce vouloir pousser sur la vaccination des plus de 75\u00a0ans et conc\u00e8de que rien n&rsquo;est d\u00e9cid\u00e9 quant \u00e0 de nouvelles restrictions.<\/p>\n<p>Pouss\u00e9 par une part de plus en plus importante\u00a0de scientifiques \u00e0 adopter les mesures n\u00e9cessaires afin de tenter d&rsquo;endiguer <strong>une troisi\u00e8me vague qui se rapproche dangereusement des standards de la deuxi\u00e8me<\/strong>,<\/p>\n<p>Emmanuel Macron s&rsquo;est d\u00e9fendu ce 28\u00a0mars dans le JDD.\u00a0\u00ab\u00a0<em>L&rsquo;unanimit\u00e9 scientifique n&rsquo;a jamais \u00e9t\u00e9 au rendez-vous. Et parfois, les faits du lendemain viennent contrecarrer les certitudes de la veille.\u00a0Ailleurs, les confinements durs, depuis d\u00e9cembre, <strong>n&rsquo;ont pas emp\u00each\u00e9 une reprise de l&rsquo;\u00e9pid\u00e9mie<\/strong> qui n\u00e9cessite de r\u00e9instaurer ou de prolonger le confinement.<\/em>\u00a0\u00bb se justifie le pr\u00e9sident.\u00a0<\/p>\n<h2>De nouvelles mesures si n\u00e9cessaire\u00a0<\/h2>\n<p>Le nombre de nouveaux cas samedi 27\u00a0mars d\u00e9passait les <strong>42000<\/strong>.\u00a0C&rsquo;est \u00e9norme et Emmanuel Macron a bien conscience qu&rsquo;il faudra agir si les mesures \u00ab\u00a0<strong>freiner sans enferme<\/strong>r\u00a0\u00bb prises la semaine derni\u00e8re ne permettent pas de stopper\u00a0l&rsquo;envol\u00e9e des contaminations.\u00a0\u00ab\u00a0<em>Nous allons regarder l&rsquo;efficacit\u00e9 des mesures de freinage et nous prendrons si n\u00e9cessaire celles qui s&rsquo;imposent. <strong>Mais \u00e0 cette heure rien n&rsquo;est d\u00e9cid\u00e9<\/strong>.<\/em>\u00ab\u00a0<\/p>\n<p>En r\u00e9alit\u00e9, ce qu&rsquo;a confi\u00e9 au <em>Parisien<\/em> une source en haut lieu, c&rsquo;est que le pr\u00e9sident pourrait prendre la parole mercredi 31\u00a0mars au soir pour <strong>annoncer un basculement vers un confinement total<\/strong>.\u00a0Comme au printemps 2020.\u00a0<\/p>\n<p>En attendant, les autorit\u00e9s ont intensifi\u00e9 samedi 27\u00a0mars les contr\u00f4les aux gares, a\u00e9roports et p\u00e9ages routiers pour tenter de faire <strong>respecter les interdictions de d\u00e9placement.<\/strong><\/p>\n<h2>Les plus de 75\u00a0ans toujours pas assez vaccin\u00e9s<\/h2>\n<p>Emmanuel Macron a aussi insist\u00e9 sur sa <strong>strat\u00e9gie vaccinale<\/strong> qu&rsquo;il juge bonne.\u00a0Il souhaite la renforcer chez <strong>les plus de 75 ans<\/strong>, dont la moiti\u00e9 des 7\u00a0millions en France <strong>n&rsquo;ont pas encore \u00e9t\u00e9 vaccin\u00e9es<\/strong>.\u00a0Il mise pour cela sur le lancement d&rsquo;un num\u00e9ro unique, \u00ab\u00a0<em>qui fonctionnera comme un coupe-file et qui permettra \u00e0 toute personne de plus de 75\u00a0ans d&rsquo;obtenir un rendez-vous dans les prochaines semaines.<\/em>\u00ab\u00a0<\/p>\n<p>Les prochains jours, comme bien souvent ces derniers temps, seront d\u00e9terminants pour notre <a href=\"http:\/\/www.affinite.fr\/index.php\/2024\/12\/08\/chere-maman-et-si-ce-noel-vous-offriez-a-votre-ado-un-avenir-%f0%9f%8e%84%e2%9c%a8\/\">avenir<\/a> proche.\u00a0<\/p>\n<h2>Contr\u00f4les renforc\u00e9s<\/h2>\n<p>Les<strong> contr\u00f4les sont renforc\u00e9s dans les gares, les a\u00e9roports et les p\u00e9ages<\/strong>, d\u00e8s le 26 mars, dans les 19 d\u00e9partements confin\u00e9s, a pr\u00e9venu Matignon. Une mani\u00e8re d&rsquo;\u00e9viter les d\u00e9placements injustifi\u00e9s, sur ces territoires. \u00ab\u00a0<em>Une course contre la montre est engag\u00e9e<\/em>\u00ab\u00a0, lit-on dans un communiqu\u00e9 de Matignon.<br \/>\u00ab\u00a0<em>Je peux vous affirmer que je n&rsquo;ai <strong>aucun mea culpa \u00e0 faire<\/strong>, aucun remords, aucun constat d&rsquo;\u00e9chec<\/em>\u00ab\u00a0, a, quant \u00e0 lui, assur\u00e9 <strong>Emmanuel Macron<\/strong>, lors d&rsquo;une conf\u00e9rence de presse surprise \u00e0 l&rsquo;Elys\u00e9e, le 25\u00a0mars.<\/p>\n<p>Alors que six\u00a0Fran\u00e7ais sur dix jugent que le chef de l&rsquo;Etat\u00a0a eu tort de <strong>ne pas reconfiner fin janvier<\/strong>, selon un sondage Elabe pour <em>BFM TV<\/em>, le pr\u00e9sident de la R\u00e9publique a tenu \u00e0 r\u00e9affirmer sa position: \u00ab\u00a0<em>Nous avons eu raison de ne pas reconfiner la France \u00e0 la fin du mois de janvier parce qu&rsquo;il <strong>n&rsquo;y a pas eu l&rsquo;explosion <\/strong>qui \u00e9tait pr\u00e9vue par tous les mod\u00e8les<\/em>\u00ab\u00a0.<\/p>\n<p>Et d&rsquo;ajouter: \u00ab\u00a0<em>Nous consid\u00e9rions qu&rsquo;avec les <strong>mesures de <a href=\"https:\/\/www.journaldesfemmes.fr\/societe\/actu\/2667169-couvre-feu-19h-castex-droit-attestation-permis-autorise-courses-ecole-travail-commerces-magasins\/\" title=\"Couvre-feu\">couvre-feu<\/a> prises<\/strong>, les <strong>mesures de freinage<\/strong>, nous pouvions faire face sans qu&rsquo;il y ait de flamb\u00e9e et c&rsquo;est ce qu&rsquo;il s&rsquo;est pass\u00e9<\/em>\u00ab\u00a0.<\/p>\n<p>Alors que la <strong>Ni\u00e8vre, le Rh\u00f4ne et l&rsquo;Aube <\/strong>sont confin\u00e9s d\u00e8s minuit, Emmanuel Macron a expliqu\u00e9 que l&rsquo;\u00e9tau se resserrait:\u00a0\u00ab\u00a0<em>Dans les prochains jours et semaines, nous aurons <strong>des nouvelles mesures \u00e0 prendre<\/strong>, tous ensemble <\/em>(&#8230;)\u00a0<em>Nous prendrons toutes les <strong>mesures utiles en temps et en heure<\/strong><\/em>\u00ab\u00a0.<\/p>\n<p>La <strong>Ni\u00e8vre, le Rh\u00f4ne et l&rsquo;Aube <\/strong>sont confin\u00e9s d\u00e8s vendredi 26 mars \u00e0 minuit, a annonc\u00e9 Olivier V\u00e9ran dans sa conf\u00e9rence de presse du 25 mars.\u00a0Ces <strong>trois d\u00e9partements <\/strong>rejoignent d\u00e9sormais la liste des 16 autres qui \u00e9taient d\u00e9j\u00e0 confin\u00e9s depuis la semaine derni\u00e8re.\u00a0<br \/>Quant aux <strong>\u00e9coles<\/strong>, elles restent pour l&rsquo;instant ouvertes.<\/p>\n<p>\u00ab\u00a0<em>Nous ne fermerons les \u00e9coles qu&rsquo;en<strong> derni\u00e8re n\u00e9cessit\u00e9<\/strong><\/em>\u00ab\u00a0, a assur\u00e9 le ministre de la Sant\u00e9, qui a pr\u00e9cis\u00e9 qu&rsquo;un protocole renforc\u00e9 serait mis en place dans les \u00e9tablissements scolaires.<\/p>\n<p>L&rsquo;option d&rsquo;un<strong> confinement g\u00e9n\u00e9ralis\u00e9<\/strong> en France est, elle, totalement \u00e9cart\u00e9e pour l&rsquo;instant.\u00a0\u00ab\u00a0<em>Un confinement g\u00e9n\u00e9ralis\u00e9 d&rsquo;abord, vous le savez, c&rsquo;est un niveau de contrainte extr\u00eame pour des Fran\u00e7ais \u00e9puis\u00e9s de lutter sans rel\u00e2che depuis un an et <strong>un coup d&rsquo;arr\u00eat \u00e0 notre \u00e9conomie<\/strong><\/em>\u00ab\u00a0, a-t-il d\u00e9clar\u00e9.<\/p>\n<h2>Vacances de P\u00e2ques, avanc\u00e9es ?<\/h2>\n<p>Les<strong> vacances scolaires de P\u00e2ques<\/strong> seraient-elles avanc\u00e9es de deux semaines en \u00cele-de-France?\u00a0C&rsquo;est la proposition de <strong>Val\u00e9rie P\u00e9cresse<\/strong>.<\/p>\n<p>Dans la zone C, elles d\u00e9butent le<strong> 17\u00a0avril et s&rsquo;ach\u00e8vent le 2\u00a0mai<\/strong>. \u00ab\u00a0<em>Je me demande si la bonne mesure ne serait pas <strong>d&rsquo;avancer les vacances scolaires de 15\u00a0jours<\/strong> afin de fermer les \u00e9coles d\u00e8s le 2\u00a0avril\u00a0\u00bb<\/em>, a d\u00e9clar\u00e9 la pr\u00e9sidente du conseil r\u00e9gional d&rsquo;\u00cele-de-France, selon <em>Paris Match<\/em>.<\/p>\n<p>Elle aurait m\u00eame d\u00e9j\u00e0 soumis sa demande au pr\u00e9fet de la r\u00e9gion.<\/p>\n<p>Selon une source \u00e0 <em>BFMTV<\/em>, l&rsquo;ex\u00e9cutif ne serait pas oppos\u00e9 \u00e0 cette id\u00e9e. Val\u00e9rie P\u00e9cresse \u00ab\u00a0<em>sent que le sujet commence \u00e0 monter et que<strong> l&rsquo;id\u00e9e circule<\/strong>, et nous oblige \u00e0 nous positionner par rapport \u00e0 elle. Depuis le d\u00e9but de la crise sanitaire, c&rsquo;est<strong> la plus constructive<\/strong><\/em>\u00ab\u00a0, pr\u00e9cise-t-on.<\/p>\n<p>Pour autant, l&rsquo;option de <strong>rallonger les vacances scolaires<\/strong>, en les faisant passer de deux semaines \u00e0 un mois, ne semble pas \u00eatre sur la table.<\/p>\n<p>\u00ab\u00a0<em>L&rsquo;\u00e9pid\u00e9mie s&rsquo;acc\u00e9l\u00e8re<\/em>\u00ab\u00a0, a annonc\u00e9 Gabriel Attal apr\u00e8s le conseil des ministres, le 24 mars.<em> \u00ab\u00a0Pour endiguer le virus, nous devons <strong>contraindre les d\u00e9placements et fermer certains \u00e9tablissements<\/strong>\u00ab\u00a0,<\/em> a-t-il justifi\u00e9, ajoutant que <em>\u00ab\u00a0les mesures prises sont\u00a0<\/em><em>efficaces d\u00e8s lors qu&rsquo;elles sont respect\u00e9es\u00a0\u00bb.<\/em><\/p>\n<p>Gabriel Attal a confirm\u00e9 le bien-fond\u00e9 des mesures qui ont \u00e9t\u00e9 prises sur les territoires confin\u00e9s:\u00a0\u00ab\u00a0<em>Nous ne pouvions pas pr\u00e9senter aux Fran\u00e7ais des<strong> mesures invivables<\/strong> apr\u00e8s 12\u00a0mois d&rsquo;effort<\/em>\u00ab\u00a0.<\/p>\n<p>Avec l&rsquo;arriv\u00e9e des beaux jours, <strong>les d\u00e9placements en ext\u00e9rieur<\/strong> sont d&rsquo;ailleurs plut\u00f4t encourag\u00e9s.\u00a0\u00ab\u00a0<em>Nous savons qu&rsquo;en ext\u00e9rieur, lorsque les gestes barri\u00e8re sont respect\u00e9s, les risques sont<\/em>\u00a0\u00bb extr\u00eamement r\u00e9duits.<\/p>\n<p>\u00ab\u00a0<em>Ce sont des<\/em>\u00a0<em><strong>mesures \u00e9quilibr\u00e9es, logiques, de bon sens<\/strong>, qui sont efficaces si elles sont pleinement appliqu\u00e9es<\/em>\u00ab\u00a0, a-t-il pr\u00e9cis\u00e9.<\/p>\n<div class=\"ccminsert\">\n<blockquote class=\"twitter-tweet\">\n<p dir=\"ltr\" lang=\"fr\">Gabrel Attal d\u00e9clare que des consultations auront lieu en vue de placer le Rh\u00f4ne, l&rsquo;Aube et la Ni\u00e8vre dans la liste des 16 d\u00e9partements d\u00e9j\u00e0 confin\u00e9s <a href=\"https:\/\/t.co\/9fKlxERS4u\">pic.twitter.com\/9fKlxERS4u<\/a><\/p>\n<p>\u2014 BFMTV (@BFMTV) <a href=\"https:\/\/twitter.com\/BFMTV\/status\/1374712608431947783?ref_src=twsrc%5Etfw\">March 24, 2021<\/a><\/p><\/blockquote>\n<\/div>\n<h2>Rassemblements priv\u00e9s dans les d\u00e9partements confin\u00e9s&#8230; et les autres<\/h2>\n<p>En ce qui concerne les <strong>\u00ab\u00a0<em>rassemblements priv\u00e9s<\/em>\u00a0\u00bb en famille ou en amis<\/strong>, \u00ab\u00a0<em>durant lesquels l&rsquo;on retire son masque<\/em>\u00ab\u00a0, ils doivent \u00eatre \u00e9vit\u00e9s dans les 16 d\u00e9partements actuellement confin\u00e9s.\u00a0<\/p>\n<p>Dans les autres territoires, la \u00ab\u00a0<strong><em>r\u00e8gle des six<\/em><\/strong>\u00a0\u00bb est toujours en vigueur.<\/p>\n<h2>T\u00e9l\u00e9travail : \u00ab\u00a0contr\u00f4les et sanctions\u00a0\u00bb<\/h2>\n<p>Gabriel Attal a \u00e9galement insist\u00e9 sur la n\u00e9cessit\u00e9 de <strong>mettre en place le t\u00e9l\u00e9travail <\/strong>au maximum pour les entreprises qui le peuvent: \u00ab\u00a0<em>Un grand nombre de contaminations ont lieu sur le lieu de travail.\u00a0Pr\u00e8s de la moiti\u00e9 d&rsquo;entre elles sont li\u00e9es \u00e0 des personnes qui sont all\u00e9es travailler en \u00e9tant symptomatiques<\/em>\u00ab\u00a0.<\/p>\n<p>Il a pr\u00e9cis\u00e9 que les <strong>\u00ab\u00a0<em>contr\u00f4les\u00a0\u00bb et les \u00ab\u00a0sanctions\u00a0\u00bb\u00a0<\/em>seraient<em>\u00a0\u00ab\u00a0augment\u00e9s\u00a0\u00bb<\/em>\u00a0dans les entreprises <\/strong>et qu&rsquo;une<em>\u00a0\u00ab\u00a0exigence particuli\u00e8re\u00a0\u00bb <\/em>serait appliqu\u00e9e<em>\u00a0\u00ab\u00a0pour les administrations\u00a0\u00bb<\/em>. Le porte-parole du gouvernement a \u00e9galement \u00e9voqu\u00e9 le <em>\u00ab\u00a0<strong>nouveau protocole en entreprise<\/strong> pour limiter les risques de contamination, notamment au moment du repas<\/em>\u00ab\u00a0.<\/p>\n<div class=\"ccminsert\">\n<blockquote class=\"twitter-tweet\">\n<p dir=\"ltr\" lang=\"fr\">Gabriel Attal: \u00ab\u00a0Nous allons augmentons les contr\u00f4les et sanctions pour les entreprises qui ne voudraient pas appliquer le t\u00e9l\u00e9travail l\u00e0 o\u00f9 c&rsquo;est possible\u00a0\u00bb <a href=\"https:\/\/t.co\/OnKwyD9M11\">pic.twitter.com\/OnKwyD9M11<\/a><\/p>\n<p>\u2014 BFMTV (@BFMTV) <a href=\"https:\/\/twitter.com\/BFMTV\/status\/1374712642212880404?ref_src=twsrc%5Etfw\">March 24, 2021<\/a><\/p><\/blockquote>\n<\/div>\n<h2>En ext\u00e9rieur, les rassemblements peuvent \u00eatre verbalis\u00e9s<\/h2>\n<p>Dans les d\u00e9partements confin\u00e9s, les<strong> rassemblements de plus de six personnes en ext\u00e9rieur <\/strong>sont interdits.<\/p>\n<p>Selon <em>RTL<\/em>, <strong>G\u00e9rald Darmanin <\/strong>a adress\u00e9 un t\u00e9l\u00e9gramme aux pr\u00e9fets de r\u00e9gion, le 23 mars, afin de leur rappeler la n\u00e9cessit\u00e9 de faire appliquer cette restriction et de multiplier les contr\u00f4les.\u00a0<\/p>\n<p>\u00ab\u00a0<em>Les<strong> rassemblements sur la voie publique<\/strong><\/em><strong> (\u2026) <\/strong><em><strong>ne doivent pas d\u00e9passer six personnes<\/strong> tout en respectant les gestes barri\u00e8res. Les rassemblements de plus de six personnes doivent \u00eatre verbalis\u00e9s<\/em>\u00ab\u00a0, a \u00e9crit le ministre de l&rsquo;Int\u00e9rieur.<\/p>\n<h2>Les Fran\u00e7ais, pas convaincus par les mesures de confinement<\/h2>\n<p>Pour environ <strong>six Fran\u00e7ais sur dix<\/strong>, Emmanuel Macron et Jean Castex ont eu<strong> tort de ne pas reconfiner d\u00e8s la fin janvier<\/strong>, selon un sondage\u00a0Elabe pour<em> BFM TV<\/em>.<\/p>\n<p>Quant aux<strong> r\u00e9centes mesures de reconfinement<\/strong> prises dans\u00a016 d\u00e9partements, pas moins de 74% des personnes sond\u00e9es estiment qu&rsquo;elles ne sont \u00ab\u00a0<strong><em>pas coh\u00e9rentes<\/em><\/strong>\u00ab\u00a0, 73% pensent qu&rsquo;elles ne sont \u00ab\u00a0<em><strong>pas efficaces<\/strong>\u00ab\u00a0<\/em>, 65% qu&rsquo;elles ne sont pas justes et pour 65%, ces mesures ne sont \u00ab\u00a0<strong><em>pas simples \u00e0 comprendre<\/em><\/strong>\u00ab\u00a0.\u00a0<\/p>\n<p>Pr\u00e8s de 58% des sond\u00e9s pensent que le gouvernement devrait laisser ouvertes les <strong>\u00e9coles maternelles<\/strong>, et 54% de Fran\u00e7ais\u00a0consid\u00e8rent que les <strong>\u00e9coles primaires <\/strong>doivent rester ouvertes. Les avis sont donc plut\u00f4t partag\u00e9s&#8230;<\/p>\n<p>Le <strong>week-end de P\u00e2ques <\/strong>approche.\u00a0Mais alors que 19\u00a0d\u00e9partements sont confin\u00e9s, l&rsquo;ex\u00e9cutif a-t-il pr\u00e9vu de faire une<strong> exception aux mesures restrictives<\/strong> \u00e0 l&rsquo;occasion?\u00a0Que nenni.<\/p>\n<p>Selon <em>BFM TV<\/em>, contrairement au r\u00e9veillon de No\u00ebl de 2020, <strong>aucune d\u00e9rogation<\/strong> n&rsquo;est pr\u00e9vue pour P\u00e2ques. L&rsquo;ex\u00e9cutif ne recommande pas aux Fran\u00e7ais de recevoir des convives pour les repas familiaux, les<strong>\u00a04\u00a0et 5\u00a0avril.<\/strong><\/p>\n<p>Le 23 mars, Jean Castex a expliqu\u00e9 qu&rsquo;il n&rsquo;y aurait \u00ab\u00a0<em>pas d&rsquo;exception pour les repas de famille<\/em>\u00ab\u00a0, mais que les<strong> \u00ab\u00a0<em>offices religieux<\/em>\u00a0\u00bb pourraient se d\u00e9rouler<\/strong>. Les Fran\u00e7ais pourront donc se rendre aux <strong>messes de P\u00e2ques<\/strong>, tout en respectant la jauge, soit\u00a0deux si\u00e8ges entre chaque personne ou entit\u00e9 familiale, et un rang sur deux occup\u00e9.\u00a0<\/p>\n<p>\u00ab\u00a0<em>Il faut que \u00e7a reste dans la stricte intimit\u00e9 familiale de la maison, de l&rsquo;appartement, et <strong>ne pas recevoir ses amis, sa famille, ne pas se d\u00e9placer.\u00a0<\/strong>Je sais que c&rsquo;est particuli\u00e8rement frustrant, fatiguant, triste, pour une grande partie des familles fran\u00e7aise\u00a0\u00bb<\/em>,\u00a0a d\u00e9clar\u00e9\u00a0G\u00e9rald Darmanin, ministre de l&rsquo;Int\u00e9rieur, sur <em>BMFTV.<\/em><\/p>\n<p>Et de pr\u00e9ciser: <em>\u00ab\u00a0Les<strong> offices religieux <\/strong>pourront se tenir, dans les horaires pr\u00e9vus avant le couvre-feu, donc avant 19\u00a0heures\u00a0\u00bb.<\/em><\/p>\n<h2>Pause de cinq jours en Allemagne ?\u00a0Angela Merkel s&rsquo;excuse<\/h2>\n<p>En Allemagne, <strong>Angela Merkel <\/strong>r\u00e9trop\u00e9dale.\u00a0Alors que la chanceli\u00e8re allemande avait annonc\u00e9 des<strong> mesures restrictives suppl\u00e9mentaires <\/strong>pour le week-end de P\u00e2ques, elle a finalement chang\u00e9 d&rsquo;avis le 24 mars.<\/p>\n<p>Le pays, qui doit d\u00e9j\u00e0 faire face \u00e0 une fermeture des lieux culturels, des commerces non-essentiels et des restaurants, aurait d\u00fb subir une \u00ab\u00a0<strong><em>pause<\/em><\/strong>\u00a0\u00bb de cinq jours, le week-end de P\u00e2ques, assortie notamment de\u00a0<strong>l&rsquo;interdiction d&rsquo;effectuer des locations de vacances<\/strong>.<\/p>\n<p>Angela Merkel avait demand\u00e9 aux citoyens de<strong>\u00a0\u00ab\u00a0<em>rester chez eux<\/em>\u00ab\u00a0, jusqu&rsquo;au lundi 5\u00a0avril<\/strong>, avec interdiction de se rassembler\u00a0\u00e0 plus de cinq personnes de deux foyers diff\u00e9rents. <strong>Tous les commerces<\/strong>, m\u00eame ceux consid\u00e9r\u00e9s comme essentiels, devaient fermer et les \u00e9glises devaient organiser des <strong>messes virtuelles<\/strong>.<\/p>\n<p>Apr\u00e8s avoir pris ces d\u00e9cisions finalement avort\u00e9es, Angela Merkel a finalement <strong>pr\u00e9sent\u00e9 ses excuses <\/strong>au peuple allemand pour avoir tent\u00e9 de durcir les mesures durant 5\u00a0jours.<\/p>\n<h2>Quand puis-je pr\u00e9senter ma carte d&rsquo;identit\u00e9 \u00e0 la place de l&rsquo;attestation de d\u00e9placement ?<\/h2>\n<p><strong>L&rsquo;attestation de d\u00e9placement d\u00e9rogatoire n&rsquo;est pas obligatoire<\/strong> lorsque l&rsquo;on sort prendre l&rsquo;air ou faire de l&rsquo;exercice.<\/p>\n<p>Mais en cas de contr\u00f4le, il faut tout de m\u00eame pr\u00e9senter un <strong>justificatif de domicile<\/strong>. Si votre adresse figure sur votre pi\u00e8ce d&rsquo;identit\u00e9, vous pouvez l&rsquo;utiliser en tant que justificatif. Sinon, une <strong>facture<\/strong> devrait suffire.\u00a0<\/p>\n<h2>Recevoir des proches chez soi<\/h2>\n<p><strong>Gabriel Attal <\/strong>a pri\u00e9 les Fran\u00e7ais confin\u00e9s de<strong> ne pas recevoir d&rsquo;invit\u00e9s chez eux<\/strong>.\u00a0\u00ab\u00a0<em>Aujourd&rsquo;hui la logique c&rsquo;est <strong>chacun chez soi ou alors dehors<\/strong><\/em>\u00ab\u00a0, a d\u00e9clar\u00e9 le porte-parole du gouvernement au micro de <em>France Inter<\/em>.<\/p>\n<p>\u00ab\u00a0<em>La logique aujourd&rsquo;hui c&rsquo;est de dire de ne pas recevoir chez vous des personnes qui ne sont pas de votre domicile. Si vous devez voir des amis, si vous avez envie de les croiser (\u2026) <strong>voyez-les dehors<\/strong> si c&rsquo;est possible<\/em>\u00ab\u00a0, a-t-il pr\u00e9cis\u00e9.<\/p>\n<p>Et de constater: <em>\u00ab\u00a0Il y a aujourd&rsquo;hui des br\u00e8ches dans lesquelles le virus s&rsquo;engouffre\u00a0: les <strong>rassemblements priv\u00e9s en int\u00e9rieur et le travail<\/strong>. C&rsquo;est pour \u00e7a qu&rsquo;on prend ces r\u00e8gles, en disant aux gens &lsquo;Si vous voulez vous r\u00e9unir, voir des gens <strong>faites-le \u00e0 l&rsquo;ext\u00e9rieur<\/strong><\/em><strong>&lsquo;<\/strong>.\u00a0\u00bb<\/p>\n<p>Pour autant, il ne peut s&rsquo;agir que d&rsquo;une recommandation.\u00a0L\u00e9galement, il n&rsquo;est<strong> pas possible de verbaliser<\/strong> les Fran\u00e7ais qui invitent des proches \u00e0 leur domicile.\u00a0<\/p>\n<p>\u00ab\u00a0<em>Il n&rsquo;y a &lsquo;pas de base l\u00e9gale pour verbaliser chez les gens&rsquo; sauf pour<strong> tapage nocturne ou f\u00eate clandestine<\/strong><\/em>\u00ab\u00a0, a pr\u00e9cis\u00e9 le minist\u00e8re de l&rsquo;Int\u00e9rieur \u00e0 <em>LCI<\/em>.\u00a0<\/p>\n<h2>Marseille : 6500\u00a0f\u00eatards au carnaval<\/h2>\n<p>Scandale sanitaire. A Marseille, les habitants ont pris (un peu trop) au pied de la lettre la recommandation de Gabriel Attal de tout \u00ab\u00a0<em>faire \u00e0 l&rsquo;ext\u00e9rieur<\/em>\u00ab\u00a0. le 21\u00a0mars, environ<strong> 6500 personnes<\/strong> ont c\u00e9l\u00e9br\u00e9 le <strong>carnaval<\/strong> dans les rues bond\u00e9es de la cit\u00e9 phoc\u00e9enne.\u00a0<\/p>\n<p>Des quidams d\u00e9filaient d\u00e9guis\u00e9s et <strong>sans masque<\/strong> pr\u00e8s de La Canebi\u00e8re.<\/p>\n<p>Le rassemblement \u00e9tait \u00e9videmment <strong>non autoris\u00e9 <\/strong>et les <strong>gestes barri\u00e8res<\/strong> n&rsquo;ont pas \u00e9t\u00e9 respect\u00e9s, a regrett\u00e9 la pr\u00e9fecture de police.\u00a0<\/p>\n<p>Le minist\u00e8re de l&rsquo;Int\u00e9rieur a d\u00e9clar\u00e9 que <strong>neuf interpellations<\/strong> avaient \u00e9t\u00e9 r\u00e9alis\u00e9es, ainsi que <strong>plusieurs dizaines de\u00a0<\/strong><b>verbalisations<\/b>.<\/p>\n<h2>Annonces de Jean Castex : reconfinement et couvre-feu assoupli<\/h2>\n<p>\u00ab\u00a0<em>La <strong>progression de l&rsquo;\u00e9pid\u00e9mie s&rsquo;acc\u00e9l\u00e8re <\/strong>nettement<\/em>\u00ab\u00a0, a constat\u00e9 le Premier ministre <strong>Jean Castex<\/strong>, lors de sa conf\u00e9rence de presse du 18 mars.\u00a0\u00ab\u00a0<em>Il y a quinze jours, je vous ai fait part de mon inqui\u00e9tude, avec quelques situations pr\u00e9occupantes dans les d\u00e9partements<\/em>\u00ab\u00a0, a-t-il expliqu\u00e9, d\u00e9clarant que ces craintes s&rsquo;\u00e9taient concr\u00e9tis\u00e9es.\u00a0<\/p>\n<p>Nous sommes d&rsquo;ores et d\u00e9j\u00e0 dans une \u00ab\u00a0<em><strong>troisi\u00e8me vague<\/strong> alors que l&rsquo;on approche du chiffre terrible des 100\u00a0000\u00a0morts<\/em>\u00ab\u00a0.<\/p>\n<p>\u00ab\u00a0<em>Cette strat\u00e9gie territorialis\u00e9e<\/em>\u00a0\u00bb est donc toujours pertinente. Ainsi, \u00ab\u00a0<em>la situation appelle des mesures beaucoup plus fortes<\/em>\u00a0\u00bb en <strong>\u00cele-de-France et dans les Hauts-de-France<\/strong>.<\/p>\n<p>Le confinement le week-end, mis en place dans les Alpes-Maritimes et \u00e0 Dunkerque,\u00a0est insuffisant pour \u00ab\u00a0<em><strong>casser fortement la dynamique<\/strong> <strong>de l&rsquo;\u00e9pid\u00e9mie<\/strong> qui s&rsquo;acc\u00e9l\u00e8re<\/em>\u00ab\u00a0.<\/p>\n<p>\u00ab\u00a0<em>Le moment est venu d&rsquo;aller plus loin et mettre en \u0153uvre des<strong> mesures plus exigeantes<\/strong><\/em>\u00ab\u00a0, a ajout\u00e9 le chef du gouvernement.<\/p>\n<p>16 d\u00e9partements sont donc soumis \u00e0 un <strong>confinement total,\u00a0\u00e0 compter de ce vendredi soir, minuit, pour quatre semaines.\u00a0<\/strong>Il s&rsquo;agit des 8 d\u00e9partements<strong> d&rsquo;Ile-de-France<\/strong>,\u00a0des 5 d\u00e9partements des <strong>Hauts-de-France<\/strong>, ainsi que des<strong> Alpes-Maritimes, de la Seine-Maritime, et de l&rsquo;Eure<\/strong>.<\/p>\n<p>Mais cette nouvelle forme de confinement repr\u00e9sente une \u00ab\u00a0<strong><em>troisi\u00e8me voie<\/em><\/strong>\u00a0\u00bb qui \u00ab\u00a0<em>doit permettre de fermer sans enfermer<\/em>\u00ab\u00a0.\u00a0Une approche \u00ab\u00a0<em>pragmatique, proportionn\u00e9e et territorialis\u00e9e<\/em>\u00ab\u00a0.<\/p>\n<div class=\"ccminsert\">\n<blockquote class=\"twitter-tweet\">\n<p dir=\"ltr\" lang=\"fr\">Jean Castex annonce des \u00ab\u00a0nouvelles mesures de freinage massives \u00e0 compter de ce vendredi soir minuit et pour 4 semaines\u00a0\u00bb dans 16 d\u00e9partements <a href=\"https:\/\/t.co\/MGRWrSfuNx\">pic.twitter.com\/MGRWrSfuNx<\/a><\/p>\n<p>\u2014 BFMTV (@BFMTV) <a href=\"https:\/\/twitter.com\/BFMTV\/status\/1372611383817289731?ref_src=twsrc%5Etfw\">March 18, 2021<\/a><\/p><\/blockquote>\n<\/div>\n<h3>Ecoles ouvertes\u00a0<\/h3>\n<p>Quant aux <strong>\u00e9coles<\/strong>, elles\u00a0restent ouvertes. Les <strong>universit\u00e9s<\/strong> doivent continuer \u00e0 fonctionner comme actuellement. \u00ab\u00a0<em>Les<strong> lyc\u00e9es <\/strong>qui sont d\u00e9j\u00e0 pour plus des deux tiers, <strong>en demi-jauge<\/strong>, ils basculeront en totalit\u00e9 dans ce fonctionnement<\/em>\u00ab\u00a0, a ajout\u00e9 le Premier ministre.<\/p>\n<p><strong>L&rsquo;\u00e9ducation physique et sportive<\/strong> peut reprendre \u00ab\u00a0<strong><em>normalement<\/em><\/strong>\u00a0\u00bb dans les \u00e9coles, a expliqu\u00e9\u00a0Jean Castex.<\/p>\n<h3>Lieux de culte : statu\u00a0quo<\/h3>\n<p>Les r\u00e8gles aux <strong>lieux de culte<\/strong> restent inchang\u00e9es.<\/p>\n<h3>Commerces : les magasins qui restent ouverts, ceux qui doivent fermer<\/h3>\n<p>Seuls les<strong> commerces vendant des biens de premi\u00e8re n\u00e9cessit\u00e9<\/strong> peuvent ouvrir, ainsi que les libraires et\u00a0les disquaires. Les autres commerces doivent fermer leurs portes pendant la dur\u00e9e de ce nouveau confinement.<\/p>\n<p>Les <strong>salons de manucure, ou magasins de v\u00eatements,<\/strong>\u00a0doivent par exemple fermer.<\/p>\n<h2>Les coiffeurs\u00a0seront ouverts\u00a0<\/h2>\n<p>Gabriel Attal, porte-parole du gouvernement a annonc\u00e9 vendredi 19 mars au matin sur <em>RTL<\/em> une \u00ab\u00a0d\u00e9rogation pour les coiffeurs\u00a0\u00bb qui pourront rester\u00a0ouverts.<\/p>\n<p>Les<strong> restrictions de vente<\/strong> s&rsquo;appliquent\u00a0aux m\u00eames produits, qu&rsquo;ils soient vendus dans les grandes surfaces ou ailleurs.<\/p>\n<h3><a name=\"se-deplacer-exterieur\">Peut-on se d\u00e9placer \u00e0 l&rsquo;ext\u00e9rieur ?<\/a><\/h3>\n<p>Les <strong>d\u00e9placements \u00e0 l&rsquo;ext\u00e9rieur\u00a0<\/strong>pour prendre l&rsquo;air et \u00ab\u00a0<em>s&rsquo;a\u00e9rer<\/em>\u00ab\u00a0, seront <strong>possibles en journ\u00e9e, sans limitation de dur\u00e9e, mais avec une attestation et dans un rayon de 10 kilom\u00e8tres de chez soi.\u00a0<\/strong><\/p>\n<p>Les <strong>d\u00e9placements inter-r\u00e9gionaux<\/strong> sont interdits, sauf motif imp\u00e9rieux.<\/p>\n<p>Le <strong>couvre-feu est maintenu<\/strong>, mais passe samedi 20 mars de <strong>18h \u00e0 19h.<\/strong>\u00a0Il concerne\u00a0<strong>tous les d\u00e9partements<\/strong>, y compris ceux qui ne sont pas soumis aux restrictions.<\/p>\n<div class=\"ccminsert\">\n<blockquote class=\"twitter-tweet\">\n<p dir=\"ltr\" lang=\"fr\">Jean Castex: \u00ab\u00a0Le dispositif de couvre-feu sera maintenu (&#8230;) l&rsquo;heure de d\u00e9but passera de 18h \u00e0 19h\u00a0\u00bb dans tous les d\u00e9partements \u00e0 partir de samedi <a href=\"https:\/\/t.co\/x64bDu6DQ0\">pic.twitter.com\/x64bDu6DQ0<\/a><\/p>\n<p>\u2014 BFMTV (@BFMTV) <a href=\"https:\/\/twitter.com\/BFMTV\/status\/1372613467820154881?ref_src=twsrc%5Etfw\">March 18, 2021<\/a><\/p><\/blockquote>\n<\/div>\n<p>Toutes les entreprises qui le peuvent doivent \u00ab\u00a0<strong><em>pousser\u00a0au maximum le t\u00e9l\u00e9travail<\/em><\/strong>\u00ab\u00a0, tout en maintenant une <strong>journ\u00e9e par semaine<\/strong> sur place pour les salari\u00e9s qui en ont besoin.\u00a0<strong>Au moins 4 jours de t\u00e9l\u00e9travail par semaine<\/strong> doivent \u00eatre mis en place dans les entreprises qui le peuvent.<\/p>\n<p>La ministre du Travail, en concertation avec les partenaires sociaux, doit convenir d&rsquo;un <strong>protocole renforc\u00e9 pour la restauration collective en entreprise.<\/strong><\/p>\n<p>Toutes ces mesures sont susceptibles de<strong> s&rsquo;appliquer dans les autres territoires, si la situation l&rsquo;exigeait.<\/strong><\/p>\n<h2>Couvre-feu : un nouveau motif de sortie<\/h2>\n<p>Depuis le 15 mars, un<strong> nouveau motif de sortie <\/strong>pendant le<strong> couvre-feu<\/strong> est disponible sur l&rsquo;attestation.\u00a0D\u00e9sormais, m\u00eame apr\u00e8s 18h, vous pouvez vous rendre chez votre avocat ou chez le notaire.<\/p>\n<p>Il vous suffit de cocher la case \u00ab\u00a0<strong><em>convocation judiciaire ou administrative<\/em><\/strong>\u00ab\u00a0.<\/p>\n<h2>Troisi\u00e8me vague et nouvelles d\u00e9cisions<\/h2>\n<p>La France est entr\u00e9e dans \u00ab\u00a0<em>une forme de <strong>troisi\u00e8me vague<\/strong><\/em>\u00a0\u00bb de la pand\u00e9mie, \u00ab\u00a0<em>caract\u00e9ris\u00e9e par des variants nombreux<\/em>\u00ab\u00a0, a annonc\u00e9 <strong>Jean Castex<\/strong>, le 16\u00a0mars, devant l&rsquo;Assembl\u00e9e nationale.<\/p>\n<p>Pour g\u00e9rer cette troisi\u00e8me vague, la vaccination\u00a0est \u00ab\u00a0<strong><em>au premier rang de la strat\u00e9gie<\/em><\/strong>\u00ab\u00a0.<\/p>\n<p>\u00ab\u00a0<em>Nous aurons \u00e0 prendre dans les jours qui viennent, sans doute, <strong>de nouvelles d\u00e9cisions<\/strong> (&#8230;) de <strong>mani\u00e8re adapt\u00e9e et proportionn\u00e9e<\/strong>\u00ab\u00a0<\/em>, avait d&rsquo;ailleurs annonc\u00e9 le pr\u00e9sident de la R\u00e9publique, lors d&rsquo;une conf\u00e9rence de presse \u00e0 Montauban, avant de donner l&rsquo;exemple de<strong> l&rsquo;Italie<\/strong> qui vient de mettre en place un quatri\u00e8me confinement sur la majorit\u00e9 de son territoire. \u00ab\u00a0<em>Il faut regarder la r\u00e9alit\u00e9 et le <strong>caract\u00e8re impr\u00e9visible de ce virus<\/strong><\/em>\u00ab\u00a0, a-t-il ajout\u00e9.\u00a0<\/p>\n<p>Un an apr\u00e8s la mise en place du <strong>premier confinement<\/strong>, le pr\u00e9sident de la R\u00e9publique pourrait-il d\u00e9cider d&rsquo;une <strong>nouvelle mise sous cloche du pays<\/strong>? Une approche nationale para\u00eet peu probable, le chef de l&rsquo;Etat ayant\u00a0insist\u00e9 sur la n\u00e9cessit\u00e9 de regarder\u00a0\u00ab\u00a0<em><strong>la r\u00e9alit\u00e9 de l&rsquo;\u00e9pid\u00e9mie<\/strong>, ville par ville, territoire par territoire<\/em>\u00ab\u00a0.\u00a0<\/p>\n<p>\u00ab\u00a0<em>Le pr\u00e9sident de la R\u00e9publique veut<strong> tout faire pour \u00e9viter un reconfinement<\/strong><\/em>\u00ab\u00a0, a pr\u00e9cis\u00e9 un proche d&rsquo;Emmanuel Macron \u00e0 <em>BFMTV<\/em>.<\/p>\n<p>Mais<strong> l&rsquo;\u00cele-de-France<\/strong>, o\u00f9 la situation est particuli\u00e8rement pr\u00e9occupante, pourrait bien ne pas \u00e9chapper \u00e0 une mise sous cloche, cette fois-ci&#8230; et pas uniquement le<strong> week-end<\/strong>, comme \u00e0 Dunkerque ou \u00e0 Nice.<\/p>\n<p>\u00ab\u00a0<em>Pas question de reconfiner l&rsquo;\u00cele-de-France tant que le <strong>taux d&rsquo;incidence n&rsquo;aura pas d\u00e9pass\u00e9 les 400<\/strong><\/em>\u00ab\u00a0, avait d\u00e9clar\u00e9 Jean Castex le 4 mars.\u00a0<\/p>\n<p>Or, en \u00cele-de-France, le <strong>seuil \u00e9tait presque atteint au 11 mars<\/strong>,\u00a0puisqu&rsquo;il\u00a0\u00e9tait de 391\u00a0pour 100\u00a0000\u00a0habitants. Dans certains d\u00e9partements, les seuils ont m\u00eame \u00e9t\u00e9 <strong>d\u00e9pass\u00e9s <\/strong>: 487\u00a0en Seine-Saint-Denis, 440\u00a0dans le Val-d&rsquo;Oise, 428\u00a0dans le Val-de-Marne et 401\u00a0en Seine-et-Marne.<\/p>\n<p>Le 15 mars, la d\u00e9put\u00e9e LREM des Yvelines, Aurore Berg\u00e9, a appel\u00e9 \u00e0 \u00ab\u00a0<em>se pr\u00e9parer \u00e0 un <strong>confinement strict<\/strong><\/em>\u00a0\u00bb et <strong>permanent<\/strong>, et pas seulement \u00ab\u00a0<em>une partie de la semaine ou le week-end<\/em>\u00ab\u00a0, expliquant que la r\u00e9gion \u00e9tait\u00a0\u00ab\u00a0<em>en sursis<\/em>\u00ab\u00a0.<\/p>\n<p>Pour autant, la<strong> fermeture des \u00e9coles<\/strong> ne semble pas au programme \u00e0 l&rsquo;heure actuelle.\u00a0\u00ab\u00a0<em>Ce serait la<strong> derni\u00e8re chose \u00e0 faire<\/strong>, mais on n&rsquo;en n&rsquo;est pas l\u00e0<\/em>\u00ab\u00a0, a assur\u00e9 le ministre de l&rsquo;Education nationale, Jean-Michel Blanquer sur <em>BFMTV<\/em>.<\/p>\n<p>Mais\u00a0rien n&rsquo;est jou\u00e9, pour l&rsquo;instant. Emmanuel Macron \u00e9tudie toutes les options sur la table afin d&rsquo;\u00e9viter de prendre la d\u00e9cision fatidique d&rsquo;un <strong>reconfinement<\/strong>.\u00a0<\/p>\n<p>Prochaine \u00e9ch\u00e9ance : le <strong>Conseil de D\u00e9fense du 17 mars<\/strong>.<\/p>\n<p><iframe loading=\"lazy\" allow=\"accelerometer; autoplay; clipboard-write; encrypted-media; gyroscope; picture-in-picture\" allowfullscreen=\"\" frameborder=\"0\" height=\"315\" src=\"https:\/\/www.youtube.com\/embed\/hQpGGPKER-4\" width=\"560\"><\/iframe><\/p>\n<h2>\u00cele-de-France : une situation inqui\u00e9tante<\/h2>\n<p>\u00ab\u00a0<em>La<strong> situation sanitaire en \u00cele-de-France <\/strong>pr\u00e9occupe particuli\u00e8rement<\/em>\u00ab\u00a0, avait d\u00e9clar\u00e9<strong> Olivier V\u00e9ran<\/strong> lors de sa conf\u00e9rence de presse du 11\u00a0mars. Pour <strong>Val\u00e9rie P\u00e9cresse<\/strong>, pr\u00e9sidente du conseil r\u00e9gional de l&rsquo;\u00cele-de-France, la r\u00e9gion est \u00ab\u00a0<strong><em>en sursis<\/em><\/strong>\u00ab\u00a0.<\/p>\n<p>\u00ab\u00a0<em>Le variant anglais, majoritaire, n&rsquo;est pas seulement plus contagieux, il est aussi plus mortel <\/em>(&#8230;) <em>Nos<strong> capacit\u00e9s de r\u00e9animation <\/strong>sont satur\u00e9es<\/em>\u00ab\u00a0, a-t-elle alert\u00e9\u00a0sur <em>France 2<\/em>.<\/p>\n<p>Et d&rsquo;ajouter :\u00a0\u00ab\u00a0<em>Aujourd&rsquo;hui, on ne peut plus rien exclure. En responsabilit\u00e9, si les <strong>mesures sont justifi\u00e9es<\/strong>, si elles sont proportionn\u00e9es et accompagn\u00e9es, <strong>je ne m&rsquo;y opposerai pas<\/strong>\u00ab\u00a0<\/em>,\u00a0<\/p>\n<p>Pour le professeur<strong> Bruno Riou<\/strong>,\u00a0directeur m\u00e9dical de crise de l&rsquo;AP-HP, il aurait fallu reconfiner depuis longtemps.\u00a0<\/p>\n<p>\u00ab\u00a0<em><strong>Chaque semaine qui passe est une semaine perdue<\/strong> pour tout le monde, pas seulement sur le plan sanitaire.\u00a0Elle est aussi perdue pour les \u00e9tudiants, les artistes, les restaurateurs&#8230; Et elle par ailleurs elle a un cout sanitaire consid\u00e9rable<\/em>\u00ab\u00a0, a-t-il d\u00e9plor\u00e9 le 15 mars, sur<em> France Inter<\/em>.<\/p>\n<h2>Nouvelle-Cal\u00e9donie, en confinement<\/h2>\n<p>En<strong> Nouvelle-Cal\u00e9donie<\/strong>, un <strong>confinement de deux semaines<\/strong> a \u00e9t\u00e9 mis en place\u00a0d\u00e8s le 9\u00a0mars conform\u00e9ment \u00e0 une strat\u00e9gie de \u00ab\u00a0Z\u00e9ro Covid\u00a0\u00bb.<\/p>\n<p>Ces derniers jours, la\u00a0situation s&rsquo;am\u00e9liore, et <strong>23 cas de Covid-19<\/strong> hors quatorzaine ont \u00e9t\u00e9 recens\u00e9s le 15 mars.<\/p>\n<p>\u00ab\u00a0<em>Les chiffres que l&rsquo;on a sont <strong>plut\u00f4t rassurants<\/strong>, il faut rester extr\u00eamement prudent mais cette situation nous conforte dans la strat\u00e9gie sanitaire que nous avons choisie<\/em>\u00ab\u00a0, a expliqu\u00e9 le porte-parole du gouvernement de Nouvelle-Cal\u00e9donie, Christopher Gyg\u00e8s, lors d&rsquo;une conf\u00e9rence de presse.<\/p>\n<h2>L&rsquo;Italie reconfine<\/h2>\n<p>Un an apr\u00e8s le d\u00e9but de la pand\u00e9mie, l&rsquo;Italie a annonc\u00e9 un <strong>nouveau confinement<\/strong>\u00a0sur une majeure partie de son territoire, alors que les chiffres sont pr\u00e9occupants dans le pays.<\/p>\n<p>Les r\u00e9gions pass\u00e9es <strong>en zone rouge<\/strong>, telles que la Lombardie, doivent fermer d\u00e8s le 15 mars, les<strong> \u00e9coles, espaces culturels, restaurants et caf\u00e9s<\/strong>.\u00a0Un reconfinement relativement court,<strong> jusqu&rsquo;au 6\u00a0avril<\/strong>, mais qui comprend le <strong>week-end de P\u00e2ques<\/strong>.<\/p>\n<h2>Annonces de V\u00e9ran<\/h2>\n<p>Aucun autre<strong>\u00a0confinement local<\/strong> n&rsquo;a \u00e9t\u00e9 annonc\u00e9\u00a0pour les prochains jours, lors de la <strong>conf\u00e9rence de presse d&rsquo;Olivier V\u00e9ran<\/strong>.<\/p>\n<p>Mais <strong>aucun\u00a0assouplissement <\/strong>n&rsquo;est pr\u00e9vu non plus pour l&rsquo;instant, pas m\u00eame dans les territoires o\u00f9 la situation sanitaire s&rsquo;am\u00e9liore.\u00a0<\/p>\n<p>Quant \u00e0 la carte des <strong>d\u00e9partements sous surveillance renforc\u00e9e<\/strong>, elle reste \u00e9galement inchang\u00e9e.<\/p>\n<p>Pour autant, Olivier V\u00e9ran a alert\u00e9 sur la situation sanitaire <strong>en \u00cele-de-France<\/strong>, qui, bien qu&rsquo;elle ne soit pas reconfin\u00e9e pour l&rsquo;instant, est <strong>pr\u00e9occupante<\/strong>.<\/p>\n<p>\u00ab\u00a0<em>Nous prendrons <strong>toutes les mesures qui s&rsquo;imposent pour sauver des vies<\/strong><\/em>\u00ab\u00a0, a averti le ministre de la Sant\u00e9, qui n&rsquo;a donc pas \u00e9cart\u00e9 la <strong>piste d&rsquo;un reconfinement<\/strong> (sans pour autant prononcer le mot fatidique) dans la r\u00e9gion si la situation venait \u00e0 se d\u00e9grader davantage.\u00a0<\/p>\n<h2>Les Fran\u00e7ais, face au syndrome d\u00e9pressif \u00e0 cause du confinement<\/h2>\n<p>Apr\u00e8s le premier confinement, <strong>un Fran\u00e7ais\u00a0sur sept<\/strong> pr\u00e9sentait un <strong>syndrome d\u00e9pressif<\/strong>, d&rsquo;apr\u00e8s\u00a0une \u00e9tude publi\u00e9e le 12\u00a0mars par la direction de la recherche, des \u00e9tudes, de l&rsquo;\u00e9valuation et des statistiques (Drees).<\/p>\n<p>C&rsquo;est d&rsquo;ailleurs\u00a0le cas pour plus d&rsquo;une personne sur cinq qui habite dans un<strong> logement sans balcon<\/strong>.<\/p>\n<p>Les <strong>femmes<\/strong> (15,8\u00a0% en 2020, contre 12,5\u00a0% l&rsquo;ann\u00e9e pr\u00e9c\u00e9dente) et <strong>les jeunes <\/strong>(22\u00a0% en 2020, contre 11% en 2019) ont \u00e9t\u00e9 particuli\u00e8rement concern\u00e9s par ce syndrome d\u00e9pressif.<\/p>\n<p>Les<strong> parents c\u00e9libataires <\/strong>\u00e9taient \u00e9galement durement touch\u00e9s.\u00a0\u00ab\u00a0<em>Les <strong>parents seuls avec leur(s) enfant(s)<\/strong> \u00e9taient 14\u00a0% \u00e0 pr\u00e9senter un syndrome d\u00e9pressif en 2019,\u00a0contre 21\u00a0% en 2020<\/em>\u00ab\u00a0, lit-on.<\/p>\n<p>Pour autant, une l\u00e9g\u00e8re baisse est \u00e0 noter: pendant le confinement, les<strong> pens\u00e9es de mort<\/strong>\u00a0concernaient 3,8\u00a0% des personnes\u00a0de 15\u00a0ans ou plus, contre<strong> 5\u00a0% en 2019<\/strong>.<\/p>\n<h2>Pourquoi l&rsquo;\u00cele-de-France n&rsquo;est-elle pas reconfin\u00e9e ?<\/h2>\n<p>Certaines\u00a0communes des <strong>Alpes-Maritimes<\/strong>, dont <strong>Nice<\/strong>, sont reconfin\u00e9es ce week-end, le <strong>Dunkerquois <\/strong>rempile pour trois prochains week-ends d&rsquo;assignation \u00e0 domicile&#8230;<\/p>\n<p><strong>Mais pourquoi l&rsquo;\u00cele-de-France est-elle \u00e9pargn\u00e9e malgr\u00e9 des chiffres inqui\u00e9tants?<\/strong><br \/>Le maire LR du Touquet, Daniel Fasquelle, a d&rsquo;ailleurs r\u00e9cemment <strong>point\u00e9 du doigt<\/strong> un\u00a0\u00ab\u00a0<strong><em>deux poids, deux mesures<\/em><\/strong>\u00ab\u00a0.<\/p>\n<p>J\u00e9r\u00f4me Salomon, directeur g\u00e9n\u00e9ral de la sant\u00e9, a expliqu\u00e9 au micro de RTL le 9 mars que l&rsquo;\u00cele-de-France serait <strong>reconfin\u00e9e<\/strong>, si et seulement\u00a0si \u00ab\u00a0<em>nous avions l&rsquo;impression que <strong>l&rsquo;h\u00f4pital ne pourrait pas tenir <\/strong>et que nous serions devant un risque majeur de ne pouvoir accueillir les malades graves \u00e0 l&rsquo;h\u00f4pital\u00a0\u00bb<\/em>.<\/p>\n<p>\u00ab\u00a0<em>La <strong>charge sanitaire hospitali\u00e8re <\/strong>n&rsquo;est pas la m\u00eame dans la <strong>r\u00e9gion Hauts-de-France<\/strong> et en Ile-de-France<\/em>\u00ab\u00a0, avait pr\u00e9cis\u00e9\u00a0Olivier V\u00e9ran, quelques jours plus t\u00f4t.\u00a0<\/p>\n<p>D&rsquo;autre part, l&rsquo;ex\u00e9cutif souhaite \u00e9viter qu&rsquo;une partie de la population d&rsquo;\u00cele-de-France <strong>soit marginalis\u00e9e<\/strong>, selon\u00a0le d\u00e9put\u00e9 de la Vienne Sacha Houli\u00e9 qui a expliqu\u00e9:\u00a0\u00ab\u00a0<em>Si on confine l&rsquo;Ile-de-France le week-end, on sait tr\u00e8s bien qu&rsquo;il y en aura qui pourront la quitter et pas d&rsquo;autres. Et l\u00e0 on <strong>cr\u00e9\u00e9 des in\u00e9galit\u00e9s<\/strong><\/em>\u00ab\u00a0,<\/p>\n<p>La<strong> pr\u00e9fecture du Nord<\/strong> a r\u00e9cemment annonc\u00e9 que le<strong> confinement du week-end dans le Dunkerquois\u00a0<\/strong>restait en vigueur\u00a0pour les trois prochains week-ends, soit jusqu&rsquo;au <strong>28\u00a0mars<\/strong>.<\/p>\n<p>Dans les <strong>Alpes-Maritimes<\/strong>,\u00a0tous les indicateurs restent plut\u00f4t stables, sauf le taux de r\u00e9animation. Mais\u00a0le confinement est <strong>prolong\u00e9 dans certaines communes de la r\u00e9gion,<\/strong> dont Nice,\u00a0le <strong>week-end du 13\u00a0mars<\/strong>, a annonc\u00e9 Gabriel Attal.<\/p>\n<h2>Fini, la conf\u00e9rence de presse du jeudi ?<\/h2>\n<p>Selon <em>BFMTV,<\/em> le minist\u00e8re de la Sant\u00e9 s&rsquo;interroge sur le format de la <strong>conf\u00e9rence de presse du jeudi<\/strong>, dont l&rsquo;objectif est d&rsquo;informer les Fran\u00e7ais sur la situation sanitaire, avec transparence.<\/p>\n<p>Mais face \u00e0 la<strong> lassitude des citoyens<\/strong>, ce rendez-vous hebdomadaire pourrait \u00eatre supprim\u00e9 ou chang\u00e9.<\/p>\n<h2>Un couvre-feu assoupli \u00e0 Paris ?<\/h2>\n<p><strong>Anne Hidalgo<\/strong> souhaite <strong>adapter le couvre-feu<\/strong> aux conditions de vie parisienne.\u00a0\u00ab\u00a0<em>Quand on regarde les horaires dans notre grande m\u00e9tropole, on voit bien qu&rsquo;\u00e0 18h ce n&rsquo;est pas le moment o\u00f9 on a compl\u00e8tement fini sa journ\u00e9e de travail et beaucoup de gens ont des transports nombreux. <strong>Il faudrait l&rsquo;adapter<\/strong><\/em>\u00ab\u00a0, a d\u00e9clar\u00e9 la maire de Paris, au micro de<em> France Inter<\/em>, le 8 mars.<\/p>\n<p>Et d&rsquo;ajouter: \u00ab\u00a0<em>On commence un petit peu plus tard le matin, et \u00e9videmment on fini un petit peu plus tard le soir. Donc je pense qu&rsquo;il faudrait adapter. Je n&rsquo;ai pas un horaire \u00e0 indiquer, mais<strong> 18h c&rsquo;est beaucoup trop t\u00f4t<\/strong>\u00ab\u00a0<\/em>.<\/p>\n<h2>R\u00e9ouverture\u00a0des mus\u00e9es\u00a0<\/h2>\n<p>\u00ab\u00a0<em>Les <strong>mus\u00e9es <\/strong>seront parmi les premiers lieux \u00e0 rouvrir\u00a0\u00bb<\/em>, a assur\u00e9 Gabriel Attal au <em>Parisien<\/em>, le 7 mars. Le porte-parole du gouvernement admet avoir \u00ab\u00a0<em>du mal \u00e0 expliquer qu&rsquo;on puisse aller <strong>dans un Sephora, mais pas dans un mus\u00e9e<\/strong><\/em>\u00ab\u00a0.<\/p>\n<p>Pour autant, il a ass\u00e9n\u00e9: \u00ab\u00a0<em>Il y a n\u00e9cessairement, dans la gestion d&rsquo;une telle \u00e9pid\u00e9mie, <strong>une part d&rsquo;incoh\u00e9rence <\/strong>quand il faut limiter les interactions et les flux de personnes<\/em>\u00ab\u00a0.<\/p>\n<p>La ministre de la Culture<strong> Roselyne Bachelot<\/strong> \u0153uvre toutefois \u00e0 une <strong>r\u00e9ouverture prochaine des mus\u00e9es<\/strong>, dans des conditions sanitaires aussi irr\u00e9prochables que possible.<\/p>\n<p>\u00ab\u00a0<em>Des<strong> jauges r\u00e9duites <\/strong>sont envisag\u00e9es, probablement des <strong>prises de rendez-vous,<\/strong> un <strong>r\u00e9f\u00e9rent Covid<\/strong> dans chaque mus\u00e9e pour garantir le respect des gestes barri\u00e8re<\/em>\u00ab\u00a0, a-t-il assur\u00e9.\u00a0<\/p>\n<h2>Bient\u00f4t un troisi\u00e8me confinement ?<\/h2>\n<p>Si l&rsquo;ex\u00e9cutif tente par tous les moyens d&rsquo;\u00e9viter un <strong>troisi\u00e8me confinement<\/strong>, il pourrait finalement avoir recours \u00e0 <strong>l&rsquo;assignation \u00e0 domicile<\/strong> si la situation sanitaire le n\u00e9cessite.\u00a0Jean Castex l&rsquo;a d&rsquo;ailleurs \u00e9voqu\u00e9 le 6 mars.<\/p>\n<p>\u00ab\u00a0<em>On a un mois, un mois et demi,<strong> deux mois tr\u00e8s sensibles<\/strong><\/em>\u00a0\u00bb \u00e0 cause des variants du coronavirus, a-t-il assur\u00e9 selon <em>La Tribune<\/em>, avant de pr\u00e9ciser qu&rsquo;ils pourraient \u00ab\u00a0<em>nous reconduire, je n&rsquo;en sais rien, peut-\u00eatre \u00e0<strong> reconfiner<\/strong><\/em>\u00ab\u00a0.<\/p>\n<p>Mais le gouvernement compte \u00ab\u00a0<strong><em>mettre le paquet sur la vaccination<\/em><\/strong>\u00a0\u00bb pour \u00e9viter cette \u00e9ventualit\u00e9.<\/p>\n<h2>La consommation d&rsquo;alcool interdite dans les rues de Paris<\/h2>\n<p>Pour lutter contre la<strong> propagation du coronavirus <\/strong>dans les<strong> d\u00e9partements sous surveillance renforc\u00e9e<\/strong>, de nouvelles mesures doivent \u00eatre mises en place.\u00a0<\/p>\n<p>A\u00a0Paris, la<strong> consommation d&rsquo;alcool est interdite<\/strong> \u00e0 partir de vendredi 5\u00a0mars sur les<strong> quais de Seine et les rives du Canal Saint-Martin<\/strong>, ainsi que<strong> l&rsquo;Esplanade des Invalides et la rue des Martyrs<\/strong>.\u00a0<\/p>\n<p>Le week-end pr\u00e9c\u00e9dent, de nombreuses personnes s&rsquo;\u00e9taient<strong> rassembl\u00e9es<\/strong> \u00e0 ces endroits et se trouvaient proches les uns des autres, alors que l&rsquo;\u00e9pid\u00e9mie continue de faire rage dans le pays, et notamment en<strong> Ile-de-France<\/strong>.\u00a0<\/p>\n<p>L&rsquo;interdiction de la consommation d&rsquo;alcool\u00a0entre 11h00\u00a0et 18h00\u00a0est\u00a0 donc \u00e9tendue <strong>jusqu&rsquo;au 21\u00a0mars<\/strong> \u00ab\u00a0<em>aux lieux dans lesquels des regroupements de personnes ne <strong>respectant pas les gestes barri\u00e8re ont pu \u00eatre observ\u00e9s<\/strong><\/em><strong>\u00ab\u00a0<\/strong>, a expliqu\u00e9 la pr\u00e9fecture de Paris, dans un communiqu\u00e9.<\/p>\n<h2>Un pass sanitaire,\u00a0la r\u00e9ponse efficace \u00e0 la pand\u00e9mie ?<\/h2>\n<p>Pour sortir de la crise, l&rsquo;ex\u00e9cutif pourrait mettre au point un <strong>pass sanitaire<\/strong>, diff\u00e9rent du pass vaccinal, puisqu&rsquo;il n&rsquo;exclue pas les personnes qui ne souhaitent pas se faire vacciner.\u00a0<\/p>\n<p>Il s&rsquo;agit d&rsquo;un outil qui permet d&rsquo;identifier les individus r\u00e9cemment<strong>\u00a0test\u00e9s n\u00e9gatifs\u00a0ou vaccin\u00e9s<\/strong>, via l&rsquo;application TousAntiCovid. L&rsquo;acc\u00e8s\u00a0aux bars, restaurants, salles de sport, et espaces culturels devrait \u00eatre conditionn\u00e9 \u00e0 ce pass sanitaire.<\/p>\n<h2>R\u00e9ouverture des restaurants\u00a0<\/h2>\n<p>A quand la<strong> r\u00e9ouverture des restaurants?<\/strong> Cette \u00e9ventualit\u00e9 n&rsquo;est\u00a0\u00ab\u00a0<em>pas adapt\u00e9e au moment o\u00f9 on reconfine des d\u00e9partements les week-ends\u00a0\u00bb,\u00a0<\/em>a assur\u00e9 le ministre de la Sant\u00e9 sur\u00a0<em>BFM TV<\/em> le 5\u00a0mars. \u00ab\u00a0<em>Nous <strong>r\u00e9ouvrirons les restaurants et terrasses <\/strong>d\u00e8s que nous le pourrons, mais aujourd&rsquo;hui ce n&rsquo;est pas situation<\/em>\u00ab\u00a0, a annonc\u00e9 Olivier V\u00e9ran.\u00a0<\/p>\n<h2>Pourquoi le Pas-de-Calais est-il confin\u00e9 (et pas l&rsquo;Ile-de-France)\u00a0?\u00a0<\/h2>\n<p>Pour autant, le ministre de la Sant\u00e9 a pr\u00e9cis\u00e9 que l&rsquo;ex\u00e9cutif continuerait de tenter <strong>d&rsquo;\u00e9viter un confinement g\u00e9n\u00e9ralis\u00e9<\/strong>.\u00a0\u00ab\u00a0<em>Nous faisons tout<\/em>\u00a0\u00bb pour emp\u00eacher cette \u00e9ventualit\u00e9, a-t-il insist\u00e9.\u00a0<\/p>\n<p>Quant \u00e0 la d\u00e9cision de <strong>confiner le Pas-de-Calais<\/strong> <strong>et pas l&rsquo;\u00cele-de-France<\/strong>, elle a fait parler apr\u00e8s les annonces de Jean Castex dans la conf\u00e9rence de presse. Sur les r\u00e9seaux sociaux, moult internautes ont exprim\u00e9 leur incompr\u00e9hension.<\/p>\n<p>Le maire LR du Touquet Daniel Fasquelle a d\u00e9nonc\u00e9, lui, \u00ab\u00a0<em>une rupture d&rsquo;\u00e9galit\u00e9<\/em>\u00a0\u00bb et une politique de \u00ab\u00a0<strong><em>deux poids \u2013 deux mesures<\/em><\/strong>\u00a0\u00bb entre le Pas-de-Calais et l&rsquo;Ile-de-France.<\/p>\n<p><strong>Olivier V\u00e9ran <\/strong>a expliqu\u00e9 cette diff\u00e9rence de mode d&rsquo;action, sur <em>BFM TV<\/em> :\u00a0\u00ab\u00a0<em><strong>La situation sanitaire n&rsquo;est pas la m\u00eame <\/strong>dans les Hauts-de-France et dans la r\u00e9gion \u00cele-de-France. On a d\u00e9cid\u00e9 de rester en surveillance active, d&rsquo;aller tester massivement, d&rsquo;alerter massivement, et d&rsquo;aider \u00e0 acc\u00e9der \u00e0 la vaccination ceux qui en sont \u00e9loign\u00e9s pour gagner du temps encore sur cette \u00e9pid\u00e9mie<\/em>\u00ab\u00a0.<\/p>\n<p>Le ministre de la Sant\u00e9 s&rsquo;est \u00e9galement se r\u00e9joui de<strong>\u00a0l&rsquo;application du confinement le week-end <\/strong>\u00e0 Nice et Dunkerque\u00a0: \u00ab\u00a0<em>Elle a \u00e9t\u00e9 <strong>extr\u00eamement\u00a0bien respect\u00e9e<\/strong> \u00e0 Nice et Dunkerque le week-end dernier pour sa <strong>premi\u00e8re application<\/strong>. Les gens se sont mobilis\u00e9s pour \u00e9viter d&rsquo;avoir l&rsquo;\u00e9pidemie qui terrasse leur entourage<\/em>\u00ab\u00a0.<\/p>\n<h2>Derni\u00e8res annonces de Jean Castex<\/h2>\n<p>\u00ab\u00a0<em>Nous ne sommes pas, \u00e0 ce stade, confront\u00e9s \u00e0 une hausse exponentielle de l&rsquo;\u00e9pid\u00e9mie<\/em>\u00ab\u00a0, contrairement \u00e0 certaines pr\u00e9visions pessimistes, a pr\u00e9cis\u00e9<strong>\u00a0Jean Castex\u00a0<\/strong>lors de sa conf\u00e9rence de presse du 4 mars.<\/p>\n<p>Malgr\u00e9 tout, \u00ab\u00a0<em>la <strong>circulation du virus s&rsquo;est acc\u00e9l\u00e9r\u00e9e<\/strong><\/em>\u00a0\u00bb depuis les deux derni\u00e8res semaines, et les cas de <strong>contaminations au variant anglais <\/strong>n&rsquo;ont cess\u00e9 d&rsquo;augmenter.\u00a0Ces chiffres \u00ab\u00a0<em>dissimulent des <strong>situations territoriales contrast\u00e9es<\/strong><\/em>\u00ab\u00a0.\u00a0<\/p>\n<h2>De nouveaux d\u00e9partements en surveillance renforc\u00e9e\u00a0<\/h2>\n<p>Parmi les vingt d\u00e9partements qui avaient \u00e9t\u00e9 plac\u00e9s <strong>sous surveillance renforc\u00e9e <\/strong>la circulation du virus a progress\u00e9, \u00e0 l&rsquo;exception de la Moselle et des Bouches-du-Rh\u00f4ne.<\/p>\n<p>Cette semaine, <strong>trois nouveaux d\u00e9partements<\/strong> font leur entr\u00e9e dans cette liste, \u00e0 cause de l&rsquo;augmentation soudaine des contaminations.\u00a0Il s&rsquo;agit des\u00a0<strong>Hautes-Alpes, de l&rsquo;Aisne et l&rsquo;Aube<\/strong>.<\/p>\n<p>Pour l&rsquo;instant, pas de<strong> confinement en \u00cele-de-France <\/strong>ni dans les autres d\u00e9partements sous surveillance rapproch\u00e9e, \u00e0 l&rsquo;exception du <strong>Pas-de-Calais<\/strong>.<\/p>\n<h2>Confinement dans le Pas-de-Calais<\/h2>\n<p>Jean Castex a annonc\u00e9 que le<strong> confinement du week-end \u00e0 Dunkerque<\/strong> serait \u00e9tendu \u00e0 l&rsquo;ensemble du d\u00e9partement du <strong>Pas-de-Calais. L&rsquo;assignation \u00e0 domicile <\/strong>est en vigueur d\u00e8s ce week-end, de <strong>samedi\u00a08h du matin au\u00a0dimanche\u00a018h.\u00a0<\/strong><\/p>\n<p>Le Premier ministre a fortement recommand\u00e9 aux Fran\u00e7ais de \u00ab\u00a0<em><strong>ne pas sortir,\u00a0<\/strong>autant que possible, <strong>de leur d\u00e9partement ou de leur r\u00e9gion<\/strong><\/em>\u00a0\u00bb afin d&rsquo;\u00e9viter de diffuser le virus dans d&rsquo;autres territoires.<\/p>\n<p>Dans les autres d\u00e9partements sous surveillance renforc\u00e9e\u00a0toutefois, des \u00ab\u00a0<em><strong>dispositions suppl\u00e9mentaires<\/strong>\u00a0\u00bb <\/em>doivent \u00eatre prises <em>\u00ab\u00a0pour \u00e9viter les risques de regroupement dans l&rsquo;espace public et les commerces<\/em>\u00ab\u00a0.<\/p>\n<p><strong>L&rsquo;obligation du port du masque <\/strong>doit donc \u00eatre \u00e9tendu \u00e0 toutes les <strong>zones urbaines <\/strong>o\u00f9 elle ne s&rsquo;applique\u00a0pas encore. Les <strong>commerces non-alimentaires\u00a0de plus de 10 000m2 <\/strong>doivent \u00eatre ferm\u00e9s.<\/p>\n<p>Jean Castex a \u00e9galement annonc\u00e9 que les \u00e9lus locaux devraient <strong>interdire\u00a0l&rsquo;acc\u00e8s de certains sites tr\u00e8s fr\u00e9quent\u00e9s<\/strong> les week-ends o\u00f9 l&rsquo;on observe les regroupements de masse, \u00ab\u00a0<em>souvent sans masque et sans distanciation sociale<\/em>\u00ab\u00a0. Une r\u00e9f\u00e9rence \u00e0 peine d\u00e9guis\u00e9e aux regroupements qui ont eu lieu sur les quais de Seine \u00e0 Paris, le week-end du 28\u00a0f\u00e9vrier.<\/p>\n<p>Pour rappel, en plus de<strong> l&rsquo;Aisne, l&rsquo;Aube et les Hautes-Alpes<\/strong>, les\u00a0d\u00e9partements sous surveillance renforc\u00e9e sont\u00a0les Alpes-Maritimes, les Bouches-du-Rh\u00f4ne, la Dr\u00f4me, Eure-et-Loir, Meurthe-et-Moselle, la Moselle, le Nord, l&rsquo;Oise, le Pas-de-Calais, le Rh\u00f4ne, Paris, Seine-et-Marne, les Yvelines, la Somme, le Var, l&rsquo;Essonne, les Hauts-de-Seine, la Seine-Saint-Denis, le Val-de-Marne et le Val-d&rsquo;Oise.<\/p>\n<p>Quant aux territoires qui connaissent une r\u00e9elle <strong>diminution des cas de coronavirus<\/strong>, il n&rsquo;y a pas lieu <strong>d&rsquo;assouplir de quelconques mesures restrictives pour autant<\/strong>. La situation est encore trop fragile pour envisager un assouplissement, m\u00eame dans les d\u00e9partements o\u00f9 l&rsquo;\u00e9pid\u00e9mie est contr\u00f4l\u00e9e.<\/p>\n<p>Enfin, en ce qui concerne un \u00e9ventuel <strong>confinement national<\/strong>, il n&rsquo;est pas \u00e0 l&rsquo;ordre du jour.\u00a0\u00ab\u00a0<em>Un confinement est une mesure lourde. Nous en avons d\u00e9j\u00e0 connu deux et nous supportons encore les effets du couvre-feu \u00e0 18h<\/em> (&#8230;)\u00a0 <em>Nous devons tout faire <strong>pour \u00e9viter le confinement<\/strong>\u00ab\u00a0,\u00a0<\/em>a-t-il expliqu\u00e9.\u00a0Il doit \u00eatre mis en place uniquement \u00ab\u00a0<em>apr\u00e8s avoir tout essay\u00e9<\/em>\u00ab\u00a0.<\/p>\n<h2>Une vie normale \u00e0 la mi-avril ?<\/h2>\n<p>Vers une perspective de<strong>\u00a0sortie de crise <\/strong>? Apr\u00e8s le conseil de ministres, Gabriel Attal a \u00e9voqu\u00e9 la <strong>p\u00e9riode de \u00ab\u00a0<em>mi-avril<\/em>\u00ab\u00a0<\/strong> pour un possible all\u00e8gement des mesures voire un <strong>retour \u00e0 une \u00ab\u00a0<em>vie plus\u00a0normale<\/em>\u00ab\u00a0<\/strong> gr\u00e2ce aux effets conjugu\u00e9s de la vaccination et des mesures restrictives. Il devrait alors \u00eatre possible d&rsquo;envisager la<strong> r\u00e9ouverture\u00a0des lieux publics<\/strong> tels que les<strong> bars, les restaurants et les mus\u00e9es, salles de spectacle, cin\u00e9mas et th\u00e9\u00e2tres<\/strong>.<\/p>\n<p>Le porte-parole du gouvernement\u00a0a en tout cas pr\u00e9cis\u00e9 que <em>\u00ab\u00a0l&rsquo;horizon<\/em>\u00a0\u00bb \u00e9tait \u00ab\u00a0<strong><em>de plus en plus proche<\/em><\/strong>\u00ab\u00a0.<\/p>\n<p>Quant \u00e0 la hausse des cas de coronavirus, elle est \u00ab\u00a0<strong><em>pr\u00e9occupante<\/em><\/strong>\u00ab\u00a0, mais pas \u00ab\u00a0<em>exponantielle<\/em>\u00ab\u00a0. Et d&rsquo;ajouter: \u00ab\u00a0<em>Nous avons et maintenons une <strong>approche cibl\u00e9e territoire par territoire<\/strong>. Je comprend que certains peinent \u00e0 trouver un sens \u00e0 cette p\u00e9riode car la lassitude est importante<\/em>\u00ab\u00a0.<\/p>\n<p>Gabriel Attal\u00a0a \u00e9galement pr\u00e9cis\u00e9 que le gouvernement donnerait une<strong> conf\u00e9rence de presse<\/strong> le 4 mars.\u00a0<\/p>\n<blockquote>\n<p><em>\u00ab\u00a0Les semaines \u00e0 venir vont \u00eatre difficiles\u00a0\u00bb<\/em><\/p>\n<\/blockquote>\n<p>Jean Castex a pr\u00e9venu, lors d&rsquo;une r\u00e9union de groupe avec les d\u00e9put\u00e9s LREM le 2\u00a0mars:\u00a0\u00ab\u00a0<em>Les<strong> semaines qui arrivent vont \u00eatre difficiles<\/strong><\/em>\u00ab\u00a0, selon <em>BFMTV<\/em>.<\/p>\n<p>Mais n&rsquo;est-il pas possible d&rsquo;op\u00e9rer un <strong>all\u00e8gement des mesures<\/strong> dans certains territoires o\u00f9 la situation n&rsquo;est pas critique?\u00a0\u00ab\u00a0<em>Nous n&rsquo;avons pas d&rsquo;objection de principe, mais pas maintenant, car la <strong>tendance globale est encore \u00e0 l&rsquo;aggravation<\/strong>. Il n&rsquo;est pas venu le temps d&rsquo;envoyer des <strong>signaux d&rsquo;all\u00e8gements<\/strong><\/em>\u00ab\u00a0, a r\u00e9pondu le Premier ministre.<\/p>\n<p>Toutefois, Jean Castex a tenu \u00e0 montrer que l&rsquo;espoir \u00e9tait vif: \u00ab\u00a0<em>J&rsquo;ai bon espoir qu&rsquo;entre <strong>la m\u00e9t\u00e9o et la vaccination <\/strong>on arrivera \u00e0 sortir de cet entre deux d&rsquo;ici quelques semaines<\/em>\u00ab\u00a0.<\/p>\n<h2>Encore 4 \u00e0 6 semaines de couvre-feu ?<\/h2>\n<p>Devrons-nous vivre sous les restrictions du <strong>couvre-feu <\/strong>encore longtemps ? En d\u00e9placement \u00e0 Stains, en Seine-Saint-Denis, Emmanuel Macron a \u00e9t\u00e9 interrog\u00e9 par un jeune qui lui demandait s&rsquo;il \u00e9tait possible de repousser <strong>l&rsquo;heure du couvre-feu \u00e0 19h<\/strong>, \u00ab\u00a0<em>parce que c&rsquo;est dur<\/em>\u00ab\u00a0.<br \/>Face \u00e0 cette requ\u00eate, le pr\u00e9sident de la R\u00e9publique a d\u00e9clar\u00e9 : \u00ab\u00a0<em><strong>Il faut tenir encore <\/strong><\/em><em><strong>quelques semaines&#8230; Quatre \u00e0 six semaines<\/strong><\/em>\u00ab\u00a0.<\/p>\n<p>Cela signifie-t-il que nous pourrons forc\u00e9ment\u00a0sortir apr\u00e8s 18h dans quelques semaines ? Que nenni ! L&rsquo;entourage du chef de l&rsquo;Etat a indiqu\u00e9 au <em>Monde<\/em> que cette d\u00e9claration \u00ab\u00a0<em><strong>ne pr\u00e9sageait rien<\/strong> dans les d\u00e9cisions qui seront prises dans les quatre \u00e0 six semaines<\/em>\u00ab\u00a0.<\/p>\n<p>Par cons\u00e9quent, il n&rsquo;y aucune garantie que le couvre-feu soit <strong>lev\u00e9 ou assoupli <\/strong>dans un mois.\u00a0\u00ab\u00a0<strong><em>Il n&rsquo;y a pas de calendrier<\/em><\/strong>\u00ab\u00a0, nous indique-t-on.<\/p>\n<p>Un <strong>Conseil de D\u00e9fense <\/strong>doit avoir lieu le <strong>3\u00a0mars<\/strong> afin d&rsquo;analyser la situation des vingt d\u00e9partements sous surveillance renforc\u00e9e, soit les Alpes-Maritimes, les\u00a0Bouches-du-Rh\u00f4ne, la Dr\u00f4me,\u00a0Eure-et-Loir, Meurthe-et-Moselle, la Moselle, le Nord, l&rsquo;Oise, le Pas-de-Calais, le Rh\u00f4ne, Paris, Seine-et-Marne, les Yvelines, la\u00a0Somme, le Var, l&rsquo;Essonne, les Hauts-de-Seine, la Seine-Saint-Denis, le Val-de-Marne et le Val-d&rsquo;Oise.<\/p>\n<h2>Anne Hidalgo, contre un confinement \u00e0 Paris<\/h2>\n<p>Quelques jours apr\u00e8s que son <strong>Premier adjoint Emmanuel Gr\u00e9goire <\/strong>(donc, elle) a demand\u00e9 que la ville de Paris soit soumise \u00e0 un confinement strict de trois semaines, Anne Hidalgo a r\u00e9trop\u00e9dal\u00e9&#8230;<\/p>\n<p>Apr\u00e8s une r\u00e9union avec l&rsquo;agence r\u00e9gionale de sant\u00e9 et le pr\u00e9fet de la r\u00e9gion \u00cele-de-France, la maire de la capitale a dit son \u00ab\u00a0<strong><em>d\u00e9saccord<\/em><\/strong>\u00a0\u00bb face \u00e0 l&rsquo;id\u00e9e de soumettre Paris \u00e0 un <strong>confinement le week-end pendant\u00a0trois semaines<\/strong>.\u00a0\u00ab\u00a0<em>Une proposition que je trouve difficile, dure, voir m\u00eame <strong>inhumaine<\/strong><\/em>\u00ab\u00a0, a expliqu\u00e9 la maire de la capitale, dans une conf\u00e9rence de presse le 1er mars.<\/p>\n<p>Pourtant, c&rsquo;\u00e9tait bien elle (par le biais de son Premier adjoint) qui proposait avec enthousiasme une<strong> mise sous cloche de la capitale<\/strong>, afin de pouvoir rapidement<strong> \u00ab\u00a0<em>tout rouvrir<\/em>\u00a0\u00bb <\/strong>au terme des trois semaines de confinement. D\u00e9cid\u00e9ment, la maire de Paris change bien vite d&rsquo;avis! Et dire que nous aurions\u00a0enfin pu profiter des rayons du soleil \u00e0 la terrasse d&rsquo;un<strong> caf\u00e9 <\/strong>et nous plonger dans un bon film au <strong>cin\u00e9ma<\/strong>&#8230;<\/p>\n<p>Jean Castex avait toutefois interrompu brutalement nos r\u00eaveries (puisque c&rsquo;est tout ce que c&rsquo;\u00e9tait) et a remis un terme vieilli dans l&rsquo;air du temps.\u00a0\u00ab\u00a0<em>Il ne faut pas<strong> raconter des fadaises<\/strong><\/em>\u00ab\u00a0, a-t-il d\u00e9clar\u00e9\u00a0lors d&rsquo;un d\u00e9placement au centre hospitalier de Nantes. Il y avait la poudre de perlimpinpin de Macron&#8230; et d\u00e9sormais, les <strong>fadaises de Castex<\/strong>.\u00a0<\/p>\n<p>Anne Hidalgo a m\u00eame assur\u00e9 qu&rsquo;un <strong>confinement de trois semaines<\/strong> n&rsquo;avait jamais \u00e9t\u00e9 mis sur la table: \u00ab\u00a0<em><strong>Nous n&rsquo;avons pas propos\u00e9<\/strong> de confinement strict de trois semaines. Dans le d\u00e9bat public qui s&rsquo;ouvre, cette question-l\u00e0 est sur la table et il ne faut pas l&rsquo;\u00e9carter, elle n&rsquo;est pas un sujet tabou et je pense qu&rsquo;on aurait tort de consid\u00e9rer qu&rsquo;il y a des hypoth\u00e8ses qui par principe doivent \u00eatre \u00e9cart\u00e9es mais <strong>\u00e7a n&rsquo;est pas une hypoth\u00e8se sur laquelle nous avons travaill\u00e9<\/strong>\u00a0\u00bb <\/em>. De l&rsquo;art de retourner sa veste?<\/p>\n<div class=\"ccminsert\">\n<blockquote class=\"twitter-tweet\">\n<p dir=\"ltr\" lang=\"fr\">Anne Hidalgo sur la proposition du gouvernement de confiner Paris le week-end: \u00ab\u00a0J&rsquo;ai dit mon d\u00e9saccord, je la trouve difficile, dure, voire m\u00eame inhumaine\u00a0\u00bb <a href=\"https:\/\/t.co\/3KR9KVkYzC\">pic.twitter.com\/3KR9KVkYzC<\/a><\/p>\n<p>\u2014 BFM Paris (@BFMParis) <a href=\"https:\/\/twitter.com\/BFMParis\/status\/1366417112315609090?ref_src=twsrc%5Etfw\">March 1, 2021<\/a><\/p><\/blockquote>\n<\/div>\n<h3>De nouvelles mesures \u00e0 Paris ?<\/h3>\n<p>Toutefois, Anne Hidalgo ne s&rsquo;est pas content\u00e9e de brandir l&rsquo;excuse (tr\u00e8s Trumpiste) de\u00a0la \u00ab\u00a0<em>fake news<\/em>\u00a0\u00bb\u00a0(quoique).\u00a0Elle\u00a0a \u00e9galement\u00a0<strong>expos\u00e9 des mesures<\/strong>\u00a0(et quelles mesures!)\u00a0pour freiner la propagation du coronavirus, notamment dans le milieu scolaire.\u00a0<\/p>\n<p>\u00ab\u00a0<em>Je propose aux enseignants de <strong>faire cours fen\u00eatres ouvertes<\/strong>, en profitant du retour des beaux jours<\/em>\u00ab\u00a0, a expliqu\u00e9 Anne Hidalgo. Il suffisait donc d&rsquo;ouvrir nos fen\u00eatres! Peut-\u00eatre la maire de Paris demandera-t-elle aux youtubeurs McFly et Carlito de r\u00e9aliser un clip incitant \u00e0<strong> l&rsquo;ouverture des fen\u00eatres<\/strong>. Laissons, laissons entrer le soleil&#8230;<\/p>\n<p>\u00ab\u00a0<em>Je propose aussi \u00e0 l&rsquo;\u00e9ducation nationale de permettre aux enseignants de<strong> faire classe en ext\u00e9rieur <\/strong>toutes les fois que ce sera possible<\/em>\u00ab\u00a0, assurant que Paris mettrait \u00e0 disposition des <strong>jardins et squares publics<\/strong> de mani\u00e8re \u00ab\u00a0<em>organis\u00e9e\u00a0et s\u00e9curis\u00e9e<\/em>\u00ab\u00a0.<\/p>\n<p>Pour permettre aux \u00e9tudiants de <strong>r\u00e9viser paisiblement<\/strong>, elle souhaite mettre \u00e0 disposition des espaces d\u00e9di\u00e9s:<\/p>\n<p>\u00ab\u00a0<em>En plus des biblioth\u00e8ques d\u00e9j\u00e0 ouvertes, je propose <strong>d&rsquo;ouvrir les espaces dans les mus\u00e9es, les th\u00e9\u00e2tres<\/strong>, tous nos centres municipaux, les maisons de la vie associative et citoyenne<\/em>\u00ab\u00a0.<\/p>\n<p>\u00ab\u00a0<em>Je propose aussi des <strong>protocoles adapt\u00e9s<\/strong> dans nos <strong>mus\u00e9es, dans nos stades et nos th\u00e9\u00e2tres<\/strong><\/em>\u00ab\u00a0, a-t-elle ajout\u00e9.<\/p>\n<h2>La sant\u00e9 mentale des Fran\u00e7ais, inqui\u00e9tante<\/h2>\n<p>Des chiffres alarmants.\u00a0La part de\u00a0personnes se sentant en <strong>\u00e9tat d\u00e9pressif ou d&rsquo;anxi\u00e9t\u00e9<\/strong> est pass\u00e9e <strong>de 29\u00a0\u00e0 34\u00a0% <\/strong>en un mois, d&rsquo;apr\u00e8s les nouveaux r\u00e9sultats de l&rsquo;enqu\u00eate CoviPrev. Une \u00e9tude men\u00e9e aupr\u00e8s d&rsquo;un \u00e9chantillon repr\u00e9sentatif de 2000\u00a0personnes.\u00a0<\/p>\n<p>Sant\u00e9 publique France explique que les plus touch\u00e9s par cette baisse significative de moral sont\u00a0les <strong>\u00e9tudiants<\/strong>, les personnes <strong>sans emploi<\/strong> ou celles en <strong>situation de pr\u00e9carit\u00e9<\/strong>.<\/p>\n<p>En outre, le <strong>moral des m\u00e9nages<\/strong> a drastiquement baiss\u00e9 en f\u00e9vrier, selon\u00a0le bilan mensuel de l&rsquo;Insee. Par rapport au chiffre de r\u00e9f\u00e9rence de longue p\u00e9riode, qui s&rsquo;\u00e9l\u00e8ve \u00e0 100, le moral des m\u00e9nages est d\u00e9sormais \u00e0 91, soit<strong> un point de moins qu&rsquo;en janvier<\/strong> et <strong>5 points de moins qu&rsquo;en d\u00e9cembre<\/strong>.<\/p>\n<h2>Jean Castex :\u00a0annonces du 25 f\u00e9vrier<\/h2>\n<p>\u00ab\u00a0<em>Le devoir de v\u00e9rit\u00e9 m&rsquo;oblige \u00e0 vous dire que la situation sanitaire s&rsquo;est d\u00e9grad\u00e9e ces derniers jours<\/em>\u00ab\u00a0, a d\u00e9clar\u00e9\u00a0<strong>Jean Castex<\/strong>,\u00a0lors de sa conf\u00e9rence de presse du 25 f\u00e9vrier.\u00a0<br \/>\u00ab\u00a0<em>Un <strong>confinement <\/strong>peut \u00eatre n\u00e9cessaire, mais il n&rsquo;est <strong>jamais anodin<\/strong><\/em>\u00ab\u00a0, a-t-il d\u00e9clar\u00e9.<\/p>\n<p>Le Premier ministre a rappel\u00e9 que fin janvier, alors que le pays devait \u00eatre mis sous cloche, l&rsquo;ex\u00e9cutif a tout fait pour emp\u00eacher un <strong>reconfinement<\/strong>. Pour l&rsquo;instant, cet objectif\u00a0ne change pas.\u00a0<\/p>\n<h3>Bient\u00f4t un reconfinement national ?<\/h3>\n<p>\u00ab\u00a0<em>J&rsquo;entends certains appeler \u00e0 un <strong>confinement dur et imm\u00e9diat <\/strong>pendant quatre semaines pour \u00eatre\u00a0<\/em><i>d\u00e9barrass\u00e9s du virus<\/i>\u00ab\u00a0, a reconnu le Premier ministre, avant d&rsquo;ajouter que ce sc\u00e9nario n&rsquo;\u00e9tait\u00a0pas envisageable, puisque les <strong>variants<\/strong> gagnent du terrain chaque jour.\u00a0<\/p>\n<p>Le confinement est<em> <strong>\u00ab\u00a0un levier<\/strong><\/em><strong>\u00a0\u00bb de dernier recours<\/strong>, a-t-il assur\u00e9.\u00a0\u00ab\u00a0<em>Il faut le faire \u00e0 bon escient, au bon moment, et dans la bonne mesure (\u2026) il faut tout faire pour le retarder<\/em>\u00ab\u00a0, a-t-il pr\u00e9cis\u00e9.<\/p>\n<p>Jean Castex a rappel\u00e9 que des \u00ab\u00a0<em><strong>actions cibl\u00e9es<\/strong>\u00a0\u00bb <\/em>avaient \u00e9t\u00e9 mises en place<em> \u00ab\u00a0sur <strong>certains territoires<\/strong> marqu\u00e9s par l&rsquo;augmentation forte des cas<\/em>\u00a0\u00bb de Covid-19 comme \u00e0 Dunkerque, \u00e0 Nice ou \u00e0 Mayotte.\u00a0<\/p>\n<p>Le <strong>confinement le week-end<\/strong>, mis en place \u00e0 Dunkerque et \u00e0 Nice, \u00ab\u00a0<em>est une mesure lourde, interm\u00e9diaire, dont nous esp\u00e9rons qu&rsquo;elle infl\u00e9chira\u00a0la tendance observ\u00e9e<\/em>\u00ab\u00a0.\u00a0<\/p>\n<h3><a id=\"sous-surveillance\" name=\"sous-surveillance\">Vingt d\u00e9partements sous\u00a0\u00ab\u00a0surveillance renforc\u00e9e\u00a0\u00bb<\/a><\/h3>\n<p>Le Premier ministre a mis en exergue<strong>\u00a0vingt d\u00e9partements<\/strong> o\u00f9 la situation reste pr\u00e9occupante. \u00ab\u00a0<em>Ils concernent<strong> toute l&rsquo;\u00cele-de-France<\/strong>, une grande partie des <strong>Hauts-de- France et de Provence Alpes-C\u00f4te-d&rsquo;Azur<\/strong>, mais aussi les d\u00e9partements du <strong>Rh\u00f4ne et de la Dr\u00f4me, de la Moselle et de la Meurthe-et-Moselle, et enfin l&rsquo;Eure-et-Loire<\/strong><\/em>\u00ab\u00a0, a-t-il d\u00e9taill\u00e9.<\/p>\n<p>Ces d\u00e9partements sont en \u00ab\u00a0<strong><em>surveillance renforc\u00e9e<\/em><\/strong>\u00ab\u00a0. Dans les prochains jours, les pr\u00e9fets doivent engager\u00a0<em>\u00ab\u00a0<strong>des concertations avec les \u00e9lus<\/strong><\/em>\u00a0\u00bb et envisager des \u00ab\u00a0<em>mesures de freinage proches de celles mises en place<\/em>\u00a0\u00bb \u00e0 Nice et \u00e0 Dunkerque.<\/p>\n<p><strong>Si la situation se d\u00e9grade, des \u00ab\u00a0<em>mesures renforc\u00e9es<\/em>\u00a0\u00bb doivent \u00eatre mises en \u0153uvre d\u00e8s le 6\u00a0mars.\u00a0<\/strong><\/p>\n<p>\u00ab\u00a0<em>Nous ferons un point la semaine prochaine<\/em>\u00ab\u00a0, a-t-il conclu.<\/p>\n<div class=\"ccminsert\">\n<blockquote class=\"twitter-tweet\">\n<p dir=\"ltr\" lang=\"fr\">Covid-19: le gouvernement envisage des mesures renforc\u00e9es \u00ab\u00a0\u00e0 compter du week-end du 6 mars\u00a0\u00bb dans 20 d\u00e9partements, \u00ab\u00a0si la situation continue de se d\u00e9grader\u00a0\u00bb <a href=\"https:\/\/t.co\/7XU6D0xGJe\">pic.twitter.com\/7XU6D0xGJe<\/a><\/p>\n<p>\u2014 BFMTV (@BFMTV) <a href=\"https:\/\/twitter.com\/BFMTV\/status\/1364986247710703622?ref_src=twsrc%5Etfw\">February 25, 2021<\/a><\/p><\/blockquote>\n<\/div>\n<h2>Confinement partiel, vraiment efficace ?<\/h2>\n<p>Faut-il\u00a0<strong>confiner l&rsquo;Ile-de-France imm\u00e9diatement <\/strong>?\u00a0C&rsquo;est ce que demande le m\u00e9decin urgentiste de l&rsquo;AP-HP, Rafik Masmoudi. \u00ab\u00a0<em>Il\u00a0faut fermer l&rsquo;Ile-de-France tout de suite, il ne faut pas attendre une semaine ou deux.\u00a0On est dans une situation tr\u00e8s tendue tous les jours<\/em>\u00ab\u00a0, a-t-il d\u00e9clar\u00e9 sur<em> BFM TV<\/em>.<\/p>\n<p>Quant au<strong> confinement partiel <\/strong>d\u00e9cr\u00e9t\u00e9 \u00e0 Dunkerque et \u00e0 Nice, certains doutent d\u00e9j\u00e0 de son efficacit\u00e9.<\/p>\n<p>Pour le professeur R\u00e9mi Salomon, pr\u00e9sident de la Commission m\u00e9dicale d&rsquo;\u00e9tablissement de l&rsquo;AP-HP, ces mesures ne seront s\u00fbrement<strong>\u00a0pas \u00ab\u00a0<em>suffisantes<\/em>\u00a0\u00bb <\/strong>dans la mesure o\u00f9 \u00ab\u00a0<strong><em>le virus se propage aussi dans la semaine<\/em><\/strong>\u00ab\u00a0.<\/p>\n<p>Et d&rsquo;expliquer :\u00a0\u00ab\u00a0<em>Je pense qu&rsquo;il faut vraiment <strong>diminuer les interactions<\/strong> sept jours sur sept, et qu&rsquo;il faut donc \u00e9viter que les gens se rencontrent en dehors du cercle familial, le plus possible<\/em>\u00ab\u00a0.<\/p>\n<p>La pression augmente alors que plus de <strong>30\u00a0000\u00a0contaminations au coronavirus <\/strong>ont \u00e9t\u00e9 recens\u00e9es mercredi 24 f\u00e9vrier. Un niveau qui n&rsquo;avait pas \u00e9t\u00e9 atteint depuis <strong>novembre<\/strong>, alors que la France \u00e9tait en plein confinement.<\/p>\n<p><strong>Olivier V\u00e9ran\u00a0<\/strong>a demand\u00e9 au pr\u00e9fet qu&rsquo;il instaure un\u00a0<strong>confinement\u00a0le week-end \u00e0 Dunkerque<\/strong>, ainsi que dans les communes des <strong>Hauts de Flandre<\/strong>, pour les deux prochaines semaines, au moins.\u00a0Une assignation \u00e0 domicile\u00a0du vendredi soir au lundi matin, a pr\u00e9cis\u00e9 le ministre de la Sant\u00e9 lors de son d\u00e9placement dans la ville des Hauts-de-France, le 24\u00a0f\u00e9vrier.\u00a0<br \/>Il a \u00e9galement demand\u00e9 \u00e0 ce qu&rsquo;une<strong> jauge de 15m2<\/strong> par client soit instaur\u00e9e dans les commerces.<br \/>La<strong>\u00a0vente et consommation d&rsquo;alcool<\/strong> doit \u00eatre interdite en centre-ville, et le <strong>port du masque<\/strong>, \u00e9largi.<br \/>Les <strong>centres commerciaux d&rsquo;une surface de plus de 5000m2<\/strong> doivent fermer, sauf pour le click and collect.\u00a0<\/p>\n<p>Quelques heures plus t\u00f4t, le maire\u00a0Patrice Vergriete avait pourtant \u00e9nonc\u00e9 une <strong>strat\u00e9gie en plusieurs points <\/strong>pour tenter d&#8217;emp\u00eacher la mise sous cloche de Dunkerque.<\/p>\n<p>L&rsquo;\u00e9dile avait demand\u00e9 \u00e0 ce que la <strong>campagne de d\u00e9pistage <\/strong>soit poursuivie, mais il souhaitait aussi que les<strong> vaccinations<\/strong> soient plus rapides et plus nombreuses, rendre le <strong>masque obligatoire<\/strong> partout en ext\u00e9rieur et inciter au\u00a0\u00ab\u00a0<strong><em>z\u00e9ro rassemblement, z\u00e9ro regroupement<\/em><\/strong>\u00a0\u00bb y compris avec les amis et les membres de la famille.<\/p>\n<p>A Dunkerque,\u00a0le <strong>taux d&rsquo;incidence <\/strong>a atteint 901\u00a0cas pour 100.000\u00a0habitants, soit davantage que dans la r\u00e9gion de Nice.<\/p>\n<h2>Sortie de crise dans les autres pays ?<\/h2>\n<h3>Un badge vaccinal en Isra\u00ebl<\/h3>\n<p>En Isra\u00ebl, un <strong>retour \u00e0 la vie normale<\/strong> s&rsquo;amorce peu \u00e0 peu et un calendrier de s<strong>ortie progressive du troisi\u00e8me confinement <\/strong>est \u00e9tabli. Dans le pays, o\u00f9 pr\u00e8s de la <strong>moiti\u00e9 de la population a \u00e9t\u00e9 vaccin\u00e9e <\/strong>et o\u00f9 un tiers des habitants ont re\u00e7u la seconde dose, une initiative de <strong>badge vaccinal<\/strong> est lanc\u00e9e.<\/p>\n<p>Les Isra\u00e9liens qui sont vaccin\u00e9s pourront bient\u00f4t se rendre dans les<strong> salles de sports, cin\u00e9mas et restaurants<\/strong>, \u00e0 condition de pouvoir prouver, gr\u00e2ce \u00e0 un badge vert, qu&rsquo;ils ont re\u00e7u leur <strong>seconde dose<\/strong> ou qu&rsquo;ils sont<strong> gu\u00e9ris du coronavirus<\/strong>.\u00a0<\/p>\n<h3>R\u00e9ouverture des cin\u00e9mas \u00e0 New York<\/h3>\n<p>A <strong>New York<\/strong>, l&rsquo;espoir rena\u00eet \u00e9galement. Apr\u00e8s pr\u00e8s d&rsquo;un an de fermeture, les <strong>cin\u00e9mas de la Grande Pomme\u00a0<\/strong>sont autoris\u00e9s \u00e0 rouvrir le <strong>5\u00a0mars<\/strong>, \u00e0 condition de respecter une jauge de <strong>50\u00a0spectateurs maximum <\/strong>dans les salles.<\/p>\n<p>Les \u00e9tablissements doivent respecter une <strong>capacit\u00e9 d&rsquo;accueil de 25\u00a0%<\/strong>. Mais certains ont d&rsquo;ores et d\u00e9j\u00e0 d\u00e9cid\u00e9 de ne pas rouvrir, consid\u00e9rant qu&rsquo;il \u00e9tait d\u00e9savantageux de relancer leur activit\u00e9 dans ces conditions.\u00a0<\/p>\n<h3>L&rsquo;Allemagne et l&rsquo;Angleterre d\u00e9confinent<\/h3>\n<p>En<strong> Allemagne<\/strong>, le <strong>d\u00e9confinement <\/strong>peut (doucement) commencer. La plupart des mesures restrictives restent en vigueur jusqu&rsquo;au <strong>7\u00a0mars<\/strong>, mais certaines <strong>\u00e9coles primaires<\/strong> ont pu rouvrir au niveau local.<\/p>\n<p>En <strong>Angleterre<\/strong>, les <strong>\u00e9tablissements scolaires <\/strong>peuvent rouvrir le 8\u00a0mars, mais les <strong>magasins non-essentiels<\/strong> doivent patienter jusqu&rsquo;au 12\u00a0avril. Quant aux <strong>cin\u00e9mas et restaurants<\/strong>, ils peuvent esp\u00e9rer une r\u00e9ouverture le 17\u00a0mai.<\/p>\n<p><strong>Le pr\u00e9fet des Alpes-Maritimes a annonc\u00e9 un confinement partiel du littoral, le week-end, le 22 f\u00e9vrier. <\/strong>Une mesure mise en place<strong> au moins pour les deux prochains week-ends, <\/strong>de<strong>\u00a0Menton \u00e0 Th\u00e9oule sur Mer<\/strong>, \u00e0\u00a0partir de vendredi soir \u00e0 18\u00a0heures, jusqu&rsquo;au lundi matin \u00e0 6h.<\/p>\n<p>Olivier Gu\u00e9rin, m\u00e9decin du CHU de Nice et membre du conseil scientifique, s&rsquo;est f\u00e9licit\u00e9 de cette d\u00e9cision \u00ab\u00a0<strong><em>territorialis\u00e9e<\/em><\/strong>\u00a0\u00bb qui ne concerne pas, pour l&rsquo;instant, le reste de la France.<\/p>\n<p>En p\u00e9riode de\u00a0<strong>vacances scolaires<\/strong>, un r\u00e9gime sp\u00e9cial d&rsquo;autorisation doit \u00eatre instaur\u00e9\u00a0pour ceux qui souhaitent rejoindre leur domicile les<strong> jours de confinement<\/strong>.<\/p>\n<p>En outre, il a \u00e9t\u00e9 d\u00e9cid\u00e9 que la<strong> jauge d&rsquo;accueil<\/strong> serait port\u00e9e de 10\u00a0\u00e0 15\u00a0m\u00e8tres carr\u00e9s par visiteur dans les commerces de plus de<strong> 400\u00a0m\u00e8tres carr\u00e9s<\/strong>.<\/p>\n<p>Quant aux commerces et galeries marchandes de plus de <strong>5000\u00a0m\u00e8tres carr\u00e9s<\/strong>, ils doivent \u00eatre <strong>ferm\u00e9s<\/strong>, sauf pour ceux qui concernent des produits li\u00e9s \u00e0 la sant\u00e9. Ils peuvent toutefois continuer leur activit\u00e9 de <em>click and collect<\/em> et de livraison \u00e0 domicile.\u00a0<\/p>\n<p>Le<strong> port du masque <\/strong>est \u00e9galement obligatoire dans les zones tr\u00e8s fr\u00e9quent\u00e9es et les <strong>contr\u00f4les aux fronti\u00e8res <\/strong>doivent \u00eatre renforc\u00e9s.<\/p>\n<h2>Lassitude, s\u00e9r\u00e9nit\u00e9&#8230; Que ressentent les Fran\u00e7ais ?<\/h2>\n<p>Les Fran\u00e7ais sont-ils \u00e0 bout\u00a0? Selon un sondage du Centre d&rsquo;Etude de la Vie Politique (Cevipof) de Sciences-Po, <strong>41\u00a0%<\/strong> des citoyens ressentent une<em><strong>\u00a0<\/strong><\/em><strong>\u00ab\u00a0<\/strong><em><strong>lassitude<\/strong><\/em><strong>\u00ab\u00a0<\/strong> face \u00e0 la <strong>situation actuelle<\/strong> et \u00e0 la vie politique. A titre de comparaison, seulement 10\u00a0% des Fran\u00e7ais disaient ressentir de la lassitude en <strong>f\u00e9vrier 2020<\/strong>, et 28\u00a0% en avril 2020, au beau milieu du premier confinement.<\/p>\n<p>De surcro\u00eet, <strong>34\u00a0% <\/strong>des sond\u00e9s disent \u00e9prouver une sensation de \u00ab\u00a0<em><strong>morosit\u00e9<\/strong><\/em>\u00ab\u00a0, contre 22\u00a0% en f\u00e9vrier 2020.<\/p>\n<p>Toutefois, il semblerait que la \u00ab\u00a0<strong><em>m\u00e9fiance<\/em><\/strong>\u00a0\u00bb des Fran\u00e7ais ait <strong>l\u00e9g\u00e8rement baiss\u00e9<\/strong> par rapport \u00e0 la p\u00e9riode qui a pr\u00e9c\u00e9d\u00e9 la crise sanitaire, puisque 28\u00a0% des r\u00e9pondants ont utilis\u00e9 ce qualificatif pour exprimer leur \u00e9tat d&rsquo;esprit, contre 30\u00a0% en <strong>f\u00e9vrier 2020<\/strong>.<br \/>Seulement 11\u00a0% des Fran\u00e7ais disent ressentir du \u00ab\u00a0<strong><em>bien-\u00eatre<\/em><\/strong>\u00ab\u00a0, soit une baisse de 9\u00a0% par rapport \u00e0 f\u00e9vrier 2020.<\/p>\n<p>Quant aux autres pays europ\u00e9ens, certains semblent<strong> plus optimistes<\/strong> tels que le <strong>Royaume-Uni et l&rsquo;Allemagne<\/strong>, puisque les habitants sont respectivement 42\u00a0% et 40\u00a0% \u00e0 ressentir de la \u00ab\u00a0<strong><em>s\u00e9r\u00e9nit\u00e9<\/em><\/strong>\u00ab\u00a0&#8230; contre seulement <strong>15\u00a0%<\/strong> pour les Fran\u00e7ais!<\/p>\n<h2>L&rsquo;humour face au virus<\/h2>\n<p>Combattre en ligne. Pour sensibiliser encore les Fran\u00e7ais aux gestes barri\u00e8res, <strong>le Pr\u00e9sident\u00a0a par ailleurs lanc\u00e9 un d\u00e9fi \u00e0 deux Youtubers parmi les plus populaires, Mcfly et Carlito:<\/strong> faire une vid\u00e9o sur leur cha\u00eene les incitant \u00e0 les respecter. Si elle atteint les 10\u00a0millions de vues, ils pourront tourner une de leurs vid\u00e9os \u00e0 l&rsquo;Elys\u00e9e. D\u00e9fi accept\u00e9.<\/p>\n<section>\n<h2><b>Vers un auto-confinement des plus vuln\u00e9rables ?<\/b><\/h2>\n<p><strong>Le confinement des personnes \u00e2g\u00e9es et fragiles<\/strong> est une option qui a toujours \u00e9t\u00e9 \u00e9cart\u00e9e par l&rsquo;ex\u00e9cutif jusqu&rsquo;\u00e0 pr\u00e9sent&#8230; Mais sera-t-elle finalement envisag\u00e9e\u00a0? Le conseil scientifique a publi\u00e9 un point de vue dans la revue m\u00e9dicale <em>The Lancet Public Health,\u00a0<\/em>dans laquelle ses membres proposent un<strong> auto-isolement des personnes \u00e2g\u00e9es<\/strong>, au nom d&rsquo;un\u00a0\u00ab\u00a0<strong><em>contrat social<\/em><\/strong>\u00ab\u00a0.\u00a0<br \/>Les signataires proposent le sc\u00e9nario suivant: \u00ab\u00a0<em>Les plus jeunes g\u00e9n\u00e9rations accepteraient la contrainte de mesures de pr\u00e9vention (comme les masques, la distance physique), \u00e0 la condition que les groupes les plus \u00e2g\u00e9s et les plus vuln\u00e9rables adoptent non seulement ces mesures-l\u00e0 <strong>mais aussi d&rsquo;autres, plus sp\u00e9cifiques <\/strong>(comme <strong>l&rsquo;auto-isolement <\/strong>selon un crit\u00e8re de fragilit\u00e9), afin de r\u00e9duire leur risque d&rsquo;infection<\/em>\u00ab\u00a0.<br \/>Et d&rsquo;ajouter: \u00ab\u00a0<em>Il n&rsquo;est plus possible d&rsquo;utiliser une <strong>succession de confinements g\u00e9n\u00e9ralis\u00e9s<\/strong> comme r\u00e9ponse principale \u00e0 la pand\u00e9mie de Covid-19&Prime;<\/em>.<\/p>\n<p>Mais le porte-parole du gouvernement Gabriel Attal, comme Olivier V\u00e9ran, a rejet\u00e9 cette id\u00e9e.\u00a0<\/p>\n<p><em>\u00ab\u00a0Ce sont les personnes qui sont d\u00e9j\u00e0 les plus confin\u00e9es. Qu&rsquo;est-ce que \u00e7a veut dire\u00a0? Qu&rsquo;on ne peut plus sortir faire les courses? Recevoir une aide \u00e0 domicile? \u00c7a semble tr\u00e8s compliqu\u00e9\u00a0\u00bb<\/em>, a comment\u00e9 Gabriel Attal.\u00a0<\/p>\n<\/section>\n<h2>Festivals cet \u00e9t\u00e9 : ce qui sera autoris\u00e9<\/h2>\n<p><strong>Roselyne Bachelot <\/strong>a annonc\u00e9 que les <strong>festivals <\/strong>pourraient\u00a0avoir lieu cet \u00e9t\u00e9 avec une jauge de<strong> 5000\u00a0personnes<\/strong>, dans le respect des distanciations sociales.<\/p>\n<p>Les participants devront rester assis et les<strong> stands de restauration et les bars<\/strong> ne seront pas autoris\u00e9s.<\/p>\n<h2>Ce qui nous manque le plus&#8230;<\/h2>\n<p><strong>Qu&rsquo;est-ce qui vous manque le plus depuis le d\u00e9but de la crise sanitaire ? <\/strong>Selon une \u00e9tude HomeExchange et YouGov, les Fran\u00e7ais se languissent plus que tout des moments de convivialit\u00e9 pass\u00e9s en toute libert\u00e9! Le plus difficile est donc de ne <strong>pas pouvoir voir ses proches<\/strong>\u00a0(53 %), suivi de l&rsquo;impossibilit\u00e9 de <strong>se rendre dans les restaurants <\/strong>(41\u00a0 %), de se <strong>d\u00e9placer librement<\/strong> (36\u00a0%) et de<strong> partir en vacances<\/strong> (37 %).\u00a0<\/p>\n<p>Pour autant, malgr\u00e9 la situation incertaine, ils sont pas moins de 36\u00a0% \u00e0 envisager de <strong>partir en vacances au printemps<\/strong>&#8230;. Comme en 2019, selon Statista! Une grande partie des\u00a0Fran\u00e7ais ne se laissent donc pas abattre par de quelconques projections pessimistes.<\/p>\n<h2>Une situation \u00ab\u00a0fragile\u00a0\u00bb<\/h2>\n<p>La situation sanitaire est<strong>\u00a0\u00ab\u00a0<em><strong>s<\/strong>i fragile qu&rsquo;un rien peut la faire basculer<\/em>\u00ab\u00a0<\/strong>, a expliqu\u00e9 Gabriel Attal. Le porte-parole du gouvernement a expliqu\u00e9, en sortie du conseil des ministres, que les Fran\u00e7ais pourraient \u00ab\u00a0<em>payer tr\u00e8s cher toute forme de rel\u00e2chement<\/em>\u00ab\u00a0.<\/p>\n<p>Pour autant, le confinement n&rsquo;est toujours pas \u00e0 l&rsquo;ordre du jour. Du moins, pas avant le mois de mars.\u00a0De nouvelles<strong> restrictions sanitaires<\/strong> n&rsquo;ont pas \u00e9t\u00e9 annonc\u00e9es et <strong>Gabriel Attal<\/strong> a f\u00e9licit\u00e9\u00a0\u00ab\u00a0<em>la tr\u00e8s grande responsabilit\u00e9 des Fran\u00e7ais<\/em>\u00ab\u00a0, qui \u00ab\u00a0<em>ont su d\u00e9jouer les pronostics<\/em>\u00ab\u00a0.<\/p>\n<p>\u00ab\u00a0<em>J&rsquo;esp\u00e8re que 2021\u00a0ne sera pas l&rsquo;ann\u00e9e des variants mais de <strong>la victoire contre la pand\u00e9mie<\/strong><\/em>\u00ab\u00a0, a d\u00e9clar\u00e9 le ministre de la Sant\u00e9, <strong>Olivier V\u00e9ran<\/strong>, le 16\u00a0f\u00e9vrier, lors de la s\u00e9ance de questions au gouvernement \u00e0 l&rsquo;Assembl\u00e9e nationale.<\/p>\n<h2>Un v\u00e9t\u00e9rinaire au Conseil de D\u00e9fense<\/h2>\n<p>Le <strong>Conseil de D\u00e9fense<\/strong>, qui se r\u00e9unit le 17\u00a0f\u00e9vrier, b\u00e9n\u00e9ficie d\u00e9sormais de la pr\u00e9sence de quatre nouveaux membres : Catherine Chirouze, infectiologue, Angele Consoli, p\u00e9dopsychiatre, le g\u00e9riatre Olivier Gu\u00e9rin,\u00a0et Thierry Lefran\u00e7ois, v\u00e9t\u00e9rinaire.<\/p>\n<p>Mais pourquoi donc un <strong>v\u00e9t\u00e9rinaire<\/strong> parmi les autres<strong> m\u00e9decins et scientifiques<\/strong> ?\u00a0\u00ab\u00a0<em>Le Covid-19\u00a0est une <strong>maladie qui provient de l&rsquo;animal<\/strong>, les v\u00e9t\u00e9rinaires ont d\u00e9couvert les coronavirus bien avant que le Covid-19\u00a0n&rsquo;arrive<\/em>\u00ab\u00a0, a expliqu\u00e9 le d\u00e9put\u00e9 LREM Lo\u00efc Dombreval \u00e0 <em>France Info<\/em>.<\/p>\n<h2>Pari r\u00e9ussi pour Macron ?<\/h2>\n<p><strong>Ne pas reconfiner&#8230;<\/strong>\u00a0Un pari r\u00e9ussi du Pr\u00e9sident de la R\u00e9publique ? <strong>Emmanuel Macron<\/strong> avait surpris ses ministres, les scientifiques et une bonne partie des Fran\u00e7ais, en choisissant de <strong>ne pas mettre le pays sous cloche<\/strong>, contrairement \u00e0 beaucoup de voisins europ\u00e9ens.<\/p>\n<p>Plus de deux semaines plus tard, <strong>l&rsquo;\u00e9pid\u00e9mie recule<\/strong> (un peu) et m\u00eame si les variants progressent, les chiffres sont loin d&rsquo;\u00eatre catastrophiques. \u00ab\u00a0<em>Emmanuel Macron consid\u00e8re qu&rsquo;il a d\u00e9j\u00e0 remport\u00e9 une <strong>premi\u00e8re victoire<\/strong><\/em>\u00ab\u00a0, explique<em> Le Figaro<\/em>.<\/p>\n<p>Roland Lescure, pr\u00e9sident LREM de la commission des affaires \u00e9conomiques de l&rsquo;Assembl\u00e9e, s&rsquo;est r\u00e9joui de la situation dans le quotidien:\u00a0\u00ab\u00a0<em><strong>Chaque journ\u00e9e sans confinement est un gain <\/strong>sur le plan de l&rsquo;\u00e9ducation, de l&rsquo;\u00e9conomie, du social, de la confiance collective, du leadership politique.\u00a0Autour de moi, notamment au niveau international, <strong>les gens disent chapeau<\/strong>. Les Fran\u00e7ais en sont fiers<\/em>.\u00a0\u00bb<\/p>\n<p>Emmanuel Macron, agac\u00e9 par les <strong>pr\u00e9visions pessimistes des scientifiques<\/strong>, a donc remport\u00e9 le match (pour l&rsquo;instant). \u00ab\u00a0<em>Autour de lui, rares sont ceux qui, d\u00e9sormais, continuent de jouer les Cassandre<\/em>\u00ab\u00a0, lit-on dans <em>Le Figaro<\/em>.<\/p>\n<p>En outre, le chef de l&rsquo;Etat tient \u00e0 poursuivre son combat pour le <strong>maintien de l&rsquo;ouverture des \u00e9coles<\/strong>, l&rsquo;exception fran\u00e7aise. La question d&rsquo;un prolongement des <strong>vacances scolaires de f\u00e9vrier<\/strong> \u00e9tait pourtant dans tous les esprits, fin janvier.<\/p>\n<p>\u00a0\u00ab\u00a0<em>Les batailles les plus hom\u00e9riques sur<strong> l&rsquo;ouverture des \u00e9coles <\/strong>ne datent pas de ces derni\u00e8res semaines. D\u00e8s le 11\u00a0mai dernier, nous avons act\u00e9 ce principe. Il y a ensuite eu des discussions en septembre, pis en novembre<\/em>\u00ab\u00a0, a expliqu\u00e9 un participant du Conseil de d\u00e9fense, au <em>Figaro<\/em>.<\/p>\n<h2>Des concerts-tests pour retrouver les spectacles\u00a0<\/h2>\n<p>Pourrons-nous bient\u00f4t retrouver le chemin des<strong> concerts et autres spectacles <\/strong>?\u00a0Des &lsquo;<strong><em>exp\u00e9rimentations<\/em><\/strong>\u00ab\u00a0, men\u00e9es avec l&rsquo;Inserm, devraient avoir lieu\u00a0en mars et avril, <strong>\u00e0 Marseille et Paris<\/strong>, pour des concerts-test \u00ab\u00a0<em>debout<\/em>\u00ab\u00a0, avec possibilit\u00e9 de s&rsquo;asseoir, a annonc\u00e9 Roselyne Bachelot sur LCI, le 15\u00a0f\u00e9vrier.\u00a0<\/p>\n<p>Mi-mars,<strong> un millier de personnes<\/strong> devraient donc se r\u00e9unir, sauf si les chiffres se d\u00e9gradent consid\u00e9rablement,\u00a0dans la salle de <strong>spectacle du D\u00f4me \u00e0 Marseille<\/strong>.<\/p>\n<p>Tous les spectateurs seront <strong>test\u00e9s <\/strong>avant le concert, et les<strong> cas positifs <\/strong>\u00ab\u00a0<em>ne seront pas filtr\u00e9s parce qu&rsquo;il faut se mettre en situation o\u00f9 il y aura un brassage<\/em>\u00ab\u00a0.\u00a0Masques et gel hydroalcoolique seront distribu\u00e9s.<\/p>\n<p>Des tests seront \u00e9galement <strong>r\u00e9alis\u00e9s apr\u00e8s l&rsquo;\u00e9v\u00e9nement<\/strong>.<\/p>\n<p>A Paris, <strong>5\u00a0000\u00a0personnes <\/strong>participeront \u00e0 des concerts-tests \u00e0 <strong>l&rsquo;AccorHotels Arena<\/strong> avec l&rsquo;Assistance publique-H\u00f4pitaux de Paris (AP-HP), \u00ab\u00a0<em>un concert en jauge debout<\/em>\u00ab\u00a0,\u00a0a expliqu\u00e9 la ministre de la Culture.\u00a0<\/p>\n<h2>Olivier V\u00e9ran : tout pour \u00ab\u00a0\u00e9viter un confinement\u00a0\u00bb<\/h2>\n<p><em>\u00ab\u00a0En tenant ensemble comme nous le faisons, <strong>nous esp\u00e9rons gagner assez de temps pour<\/strong> <strong>\u00e9viter un confinement<\/strong><\/em>\u00ab\u00a0, a d\u00e9clar\u00e9 Olivier V\u00e9ran lors de sa conf\u00e9rence de presse du 11\u00a0f\u00e9vrier.<\/p>\n<p>Le ministre de la Sant\u00e9 n&rsquo;a toutefois pas \u00e9cart\u00e9 la possibilit\u00e9 d&rsquo;une assignation \u00e0 r\u00e9sidence :\u00a0\u00ab\u00a0<em>Les prochaines semaines nous diront si les mesures suffisent ou si <strong>nous devons nous r\u00e9signer \u00e0 un confinement<\/strong><\/em>\u00ab\u00a0.<br \/>Il a ajout\u00e9 que la situation sanitaire \u00e9tait pour l&rsquo;instant stable, mais demeurait inqui\u00e9tante.\u00a0Le 11\u00a0f\u00e9vrier, plus de <strong>21\u00a0000\u00a0nouveaux cas de contaminations<\/strong> ont \u00e9t\u00e9 enregistr\u00e9s.<\/p>\n<h2>\u00ab\u00a0Un chemin pour \u00e9viter le reconfinement\u00a0\u00bb<\/h2>\n<p>\u00ab\u00a0<em>Il existe bien un <strong>chemin pour \u00e9viter le reconfinement<\/strong>. Il n&rsquo;est pas large, mais il existe, et nous aurions tort de ne pas tout mettre en \u0153uvre pour y parvenir<\/em>\u00ab\u00a0, a annonc\u00e9 Gabriel Attal apr\u00e8s le Conseil des ministres.<\/p>\n<p>Et le porte-parole du gouvernement d&rsquo;ajouter: \u00ab\u00a0<em>Une cinquantaine de d\u00e9partements connaissent une baisse importante du taux d&rsquo;incidence<\/em>\u00ab\u00a0.<\/p>\n<h2>Confinement VS couvre-feu : qu&rsquo;est-ce qui est pr\u00e9f\u00e9rable ?<\/h2>\n<p><strong>Confinement ou couvre-feu<\/strong>: quel est le moindre mal\u00a0\u00a0? La \u00ab\u00a0<em>grande diff\u00e9rence<\/em>\u00a0\u00bb du couvre-feu par rapport \u00e0 l&rsquo;assignation \u00e0 domicile\u00a0\u00ab\u00a0<em>tient au fait de pouvoir changer de contexte, la possibilit\u00e9\u00a0de <strong>rencontrer des gens<\/strong><\/em>\u00ab\u00a0, indique au <em>Point<\/em> Anne S\u00e9n\u00e9quier, Co-directrice observatoire de la sant\u00e9 a l&rsquo;IRIS.<\/p>\n<p>\u00ab\u00a0<em>Il y a un <strong>effet pervers <\/strong>au couvre-feu qui nous donne l&rsquo;illusion de la normalit\u00e9, mais exclut la sociabilit\u00e9<\/em>\u00ab\u00a0, a toutefois nuanc\u00e9\u00a0Jean Pralong, professeur de gestion des ressources humaines \u00e0 l&rsquo;\u00c9cole de management de <a href=\"http:\/\/www.affinite.fr\/index.php\/2024\/11\/21\/construire-votre-maison-en-normandie\/\">Normandie<\/a>.<\/p>\n<p>Et de pr\u00e9ciser : \u00ab\u00a0<em>Le couvre-feu pousse \u00e0 <strong>s&rsquo;organiser autour de cet horaire butoir de 18\u00a0heures<\/strong> avec tout ce que \u00e7a comporte de probl\u00e8mes logistiques et de stress engendr\u00e9\u00a0\u00bb<\/em>.<\/p>\n<blockquote>\n<p><strong><em>\u00ab\u00a0Confinons vite et fort\u00a0\u00bb<\/em><\/strong><\/p>\n<\/blockquote>\n<p>\u00ab\u00a0<strong><em>Confinons vite, fort, mais le moins de temps possible<\/em><\/strong>\u00ab\u00a0, a d\u00e9clar\u00e9 <strong>Bruno Riou<\/strong>,\u00a0directeur m\u00e9dical de crise de l&rsquo;Assistance publique-H\u00f4pitaux de Paris (AP-HP), dans une tribune publi\u00e9e dans<em> Le Monde<\/em>.<br \/>En attendant qu&rsquo;une majorit\u00e9 de la<strong> population soit vaccin\u00e9e<\/strong>, dans quelques mois selon les sc\u00e9narios optimistes, le professeur de m\u00e9decine exhorte :\u00a0\u00ab\u00a0<em>Il ne faut plus avoir peur d&rsquo;un <strong>confinement total<\/strong>, \u00e0 condition qu&rsquo;il soit de<strong> courte dur\u00e9e<\/strong>\u00a0: c&rsquo;est la seule strat\u00e9gie qui a d\u00e9montr\u00e9 son efficacit\u00e9 dans de nombreux pays, y compris le n\u00f4tre<\/em>\u00ab\u00a0. Et d&rsquo;ajouter : \u00ab\u00a0<em>Encore faut-il que le <strong>d\u00e9confinement <\/strong>soit associ\u00e9 \u00e0 un renforcement de toutes les mesures visant \u00e0 diminuer le risque de contamination et \u00e0 un tester\/tracer\/isoler efficace<\/em>\u00ab\u00a0.<br \/>Bruno Riou cite d&rsquo;ailleurs l&rsquo;exemple de<strong> l&rsquo;Italie<\/strong>, qui a appliqu\u00e9 cette strat\u00e9gie et qui a pu \u00ab\u00a0<em>retrouver\u00a0le chemin des<strong> restaurants<\/strong> cette semaine<\/em>\u00ab\u00a0.<br \/>Et de conclure : \u00ab\u00a0<em>Donnons-nous les moyens de nous retrouver ensemble<strong> sur les terrasses au printemps<\/strong><\/em>\u00ab\u00a0.<\/p>\n<h2>Macron, agac\u00e9\u00a0par les scientifiques ?<\/h2>\n<p><strong>Emmanuel Macron<\/strong> en aurait<strong> \u00ab\u00a0<em>marre<\/em>\u00a0\u00bb des scientifiques <\/strong>qui appellent au reconfinement.\u00a0C&rsquo;est en tout cas ce qu&rsquo;a avanc\u00e9<em> Le Canard Encha\u00een\u00e9<\/em>.\u00a0<\/p>\n<p>En r\u00e9ponse \u00e0 ce ras-le-bol, <strong>Gilles Pialoux<\/strong>,\u00a0chef des maladies infectieuses \u00e0 l&rsquo;h\u00f4pital Tenon \u00e0 Paris, a d\u00e9clar\u00e9 sur RMC\/BFM TV :\u00a0\u00ab\u00a0<em>Il para\u00eet qu&rsquo;on agace mais ce n&rsquo;est pas le but. On agace car on fait remonter des r\u00e9alit\u00e9s et qu&rsquo;<strong>on voit \u00e0 long-terme<\/strong><\/em>\u00ab\u00a0.<\/p>\n<p>\u00ab\u00a0<em>Sur le strict point de vue sanitaire, <strong>on ne voit pas comment on peut \u00e9chapper \u00e0 un confinement<\/strong><\/em>\u00ab\u00a0, a-t-il ajout\u00e9.<\/p>\n<h2>\u00ab\u00a0Jamais reconfin\u00e9s\u00a0\u00bb ?<\/h2>\n<p>\u00a0\u00ab\u00a0<em>Il est \u00e9videmment possible qu&rsquo;on <strong>ne soit jamais reconfin\u00e9s<\/strong><\/em>\u00ab\u00a0, a l\u00e2ch\u00e9 <strong>Olivier V\u00e9ran <\/strong>le 9 f\u00e9vrier, au micro de <em>France Info<\/em>. \u00ab\u00a0<em>Le confinement n&rsquo;est pas un choix de facilit\u00e9, de s\u00e9curit\u00e9. Le confinement est un choix de n\u00e9cessit\u00e9 quand la situation \u00e9pid\u00e9mique nous \u00e9chappe. Aujourd&rsquo;hui, ce n&rsquo;est pas le cas<\/em>\u00ab\u00a0, a assur\u00e9 le ministre de la Sant\u00e9, qui pr\u00e9cise que la \u00ab\u00a0<em>situation sanitaire est la m\u00eame qu&rsquo;il y a deux semaines<\/em>\u00ab\u00a0.<\/p>\n<p>Et le <a href=\"https:\/\/www.journaldesfemmes.fr\/societe\/actu\/2695183-olivier-veran-vaccin-sexy-muscles-secrets-bras-pectoraux-biceps-gaule-chemise-teton\/\">neurologue (sexy et muscl\u00e9) fra\u00eechement vaccin\u00e9<\/a> de souhaiter<em>\u00ab\u00a0<\/em><em>que l&rsquo;on puisse rendre le plus rapidement des libert\u00e9s aux Fran\u00e7ais\u00a0\u00bb<\/em>.<\/p>\n<p>Point de <strong>baisse de l&rsquo;\u00e9pid\u00e9mie<\/strong>, donc, mais une certaine<strong> stabilit\u00e9<\/strong> qui permet (pour l&rsquo;instant) de ne pas franchir \u00e0 nouveau le pas de l&rsquo;assignation \u00e0 domicile. \u00ab\u00a0<em>Les <strong>variants augmentent d&rsquo;environ 50% par semaine<\/strong>, c&rsquo;est-\u00e0-dire qu&rsquo;ils augmentent vite mais moins vite que dans les pays qui n&rsquo;\u00e9taient pas sous couvre-feu<\/em>\u00ab\u00a0, a-t-il toutefois temporis\u00e9.<\/p>\n<p>Quant aux<strong> r\u00e9ouvertures des espaces culturels<\/strong>, le ministre de la Sant\u00e9, qui s&rsquo;est r\u00e9cemment fait vacciner contre la Covid-19, a laiss\u00e9 entrevoir une petite lueur d&rsquo;espoir: \u00ab\u00a0<em>Nous le ferons d\u00e8s que nous le pourrons<\/em>\u00ab\u00a0.<\/p>\n<p>Le professeur David Khayat, ex-chef du service canc\u00e9rologie de la Piti\u00e9-Salp\u00eatri\u00e8re, s&rsquo;est \u00e9galement voulu rassurant, sur <em>LCI<\/em>: \u00ab\u00a0<em>Nous avons donc des indicateurs qui nous permettent d&rsquo;avoir un peu d&rsquo;optimisme et de penser que nous pourrons peut-\u00eatre <strong>retarder ou \u00e9viter ce troisi\u00e8me confinement<\/strong><\/em>\u00ab\u00a0.<\/p>\n<h2>Les prochains mois, \u00ab\u00a0difficiles\u00a0\u00bb ?<\/h2>\n<p>La d\u00e9cision de <strong>ne pas reconfiner <\/strong>\u00e9tait-elle sanitairement raisonnable ?\u00a0\u00ab\u00a0<em>On est <strong>au bord du pr\u00e9cipice<\/strong>, est-ce qu&rsquo;on tombe dans le pr\u00e9cipice ou est-ce qu&rsquo;on reste en \u00e9quilibre sur la cr\u00eate?<\/em>\u00ab\u00a0, s&rsquo;est interrog\u00e9e <strong>Karine Lacombe, infectiologue<\/strong>, au micro de <em>France Inter<\/em>.<\/p>\n<p>Pour la scientifique, il aurait \u00e9t\u00e9 pertinent de profiter des vacances de f\u00e9vrier pour instaurer un <strong>confinement strict sur le mod\u00e8le de celui du printemps<\/strong>, ce qui aurait pu \u00ab\u00a0<em>couper d\u00e9finitivement la dynamique de l&rsquo;\u00e9pid\u00e9mie, on retombe \u00e0 un stade tr\u00e8s bas de contamination, plus de saturation du syst\u00e8me hospitalier<\/em>\u00ab\u00a0.<\/p>\n<p>Quant \u00e0 <strong>l&rsquo;\u00e9pid\u00e9miologiste Arnaud Fontanet<\/strong>, il a alert\u00e9 au micro de <em>BFM TV<\/em> : \u00ab\u00a0<em>Mars et avril seront sous tension<\/em>\u00ab\u00a0. Pour le professeur, les mois \u00e0 venir seront \u00ab\u00a0<em>difficiles \u00e0 vivre<\/em>\u00ab\u00a0. Et de pr\u00e9ciser: \u00ab\u00a0<em>Celui qui va dicter la marche \u00e0 suivre, c&rsquo;est le variant anglais<\/em>\u00ab\u00a0.<\/p>\n<h2>T\u00e9l\u00e9travail : contr\u00f4les renforc\u00e9s<\/h2>\n<p>Le <strong>t\u00e9l\u00e9travail <\/strong>devra \u00eatre davantage appliqu\u00e9 afin d&rsquo;\u00e9viter un reconfinement. C&rsquo;est en tout cas l&rsquo;une des <strong>missions principales de l&rsquo;ex\u00e9cutif<\/strong>, pour l&rsquo;instant.\u00a0Pour faire respecter davantage le<strong> t\u00e9l\u00e9travail<\/strong>, les inspecteurs du travail doivent contacter toutes les<strong> entreprises fran\u00e7aises de plus de 1.000\u00a0salari\u00e9s<\/strong>, mais \u00e9galement les plus <strong>petites structures<\/strong>.<\/p>\n<p>\u00ab\u00a0<em>Actuellement, nous avons environ<strong> 60% des entreprises qui respectent le t\u00e9l\u00e9travail<\/strong>. Mais malgr\u00e9 les rappels, c&rsquo;est vrai que certaines t\u00e2ches qui pourraient \u00eatre <strong>r\u00e9alis\u00e9es \u00e0 distance ne le sont pas toujours<\/strong>\u00ab\u00a0<\/em>, a expliqu\u00e9 \u00e0 <em>Europe 1<\/em>\u00a0Cherif Belbacha, inspecteur du travail en Moselle.<\/p>\n<p>\u00ab\u00a0<em>Le choix de ne pas r\u00e9instaurer un confinement g\u00e9n\u00e9ral impose (\u2026), lorsque la situation le requiert, une grande <strong>fermet\u00e9 dans l&rsquo;application des r\u00e8gles de t\u00e9l\u00e9travail<\/strong><\/em>\u00ab\u00a0, a expliqu\u00e9\u00a0le directeur g\u00e9n\u00e9ral du travail, Pierre Ramain, aux inspecteurs, selon le\u00a0<em>Figaro<\/em>.<\/p>\n<h3>Le t\u00e9l\u00e9travail, une n\u00e9cessit\u00e9<\/h3>\n<p>Le Premier ministre avait d&rsquo;ailleurs insist\u00e9, lors de sa conf\u00e9rence de presse du 4\u00a0f\u00e9vrier, sur la n\u00e9cessit\u00e9 de <strong>faire appliquer le t\u00e9l\u00e9travail<\/strong> de mani\u00e8re plus s\u00e9rieuse, \u00ab\u00a0<em>partout o\u00f9 c&rsquo;est possible<\/em>\u00ab\u00a0.\u00a0<\/p>\n<p>Quant \u00e0 Elisabeth Borne, elle a rappel\u00e9 que le t\u00e9l\u00e9travail \u00e9tait la r\u00e8gle \u00ab\u00a0<strong><em>5\u00a0jours sur 5<\/em><\/strong>\u00ab\u00a0, si possible. Depuis fin novembre, le <strong>recours au t\u00e9l\u00e9travail<\/strong> \u00ab\u00a0<em>s&rsquo;\u00e9rode<\/em>\u00ab\u00a0, puisque seulement <strong>30% des actifs qui peuvent t\u00e9l\u00e9travailler totalement <\/strong>l&rsquo;ont fait, la semaine derni\u00e8re, selon les derniers chiffres du minist\u00e8re.<\/p>\n<p>Elle a soulign\u00e9 que les<strong> risques de contamination<\/strong>\u00a0diminuaient de 20\u00a0% pour les salari\u00e9s en t\u00e9l\u00e9travail partiel et de 30\u00a0% pour ceux en t\u00e9l\u00e9travail \u00e0 temps complet, selon une r\u00e9cente \u00e9tude de l&rsquo;\u00e9pid\u00e9miologiste Arnaud Fontanet.\u00a0<\/p>\n<p>La ministre du Travail a donc demand\u00e9 aux entreprises de \u00ab\u00a0<em><strong>r\u00e9duire la part des salari\u00e9s <\/strong>qui ne t\u00e9l\u00e9travaillent pas du tout<\/em>\u00ab\u00a0. Quant aux \u00ab\u00a0<em>salari\u00e9s qui t\u00e9l\u00e9travaillent un, deux ou trois jours par semaine\u00a0\u00bb<\/em>, ils \u00ab\u00a0<em>doivent le faire <strong>au moins un jour de plus<\/strong><\/em>\u00ab\u00a0.<\/p>\n<p>Elisabeth Borne a rappel\u00e9 que l&rsquo;ex\u00e9cutif avait autoris\u00e9 aux salari\u00e9s de<strong> travailler en pr\u00e9sentiel un jour par semaine<\/strong> s&rsquo;ils en ressentent le besoin. Toutefois, cette possibilit\u00e9 ne doit rester qu&rsquo;une \u00ab\u00a0<strong><em>soupape en cas de n\u00e9cessit\u00e9<\/em><\/strong>\u00ab\u00a0, et non pas une g\u00e9n\u00e9ralit\u00e9.<\/p>\n<h2>R\u00e9ouverture des mus\u00e9es : pour quand ?<\/h2>\n<p>Les <strong>mus\u00e9es <\/strong>pourraient-ils bient\u00f4t<strong> rouvrir leurs portes <\/strong>? \u00ab\u00a0<em>J&rsquo;ai toujours dit que dans ce calendrier, mus\u00e9es et monuments seraient les premiers convoqu\u00e9s \u00e0 la r\u00e9ouverture (&#8230;) quand nous aurons une<strong> d\u00e9crue<\/strong><\/em>\u00ab\u00a0, a assur\u00e9 la ministre de la Culture, Roselyne Bachelot, sur <em>BFM TV<\/em>\u00a0.<\/p>\n<p>Et de temp\u00e9rer : \u00ab\u00a0<em>Je comprends les gens qui me demandent des dates. <strong>D\u00e8s qu&rsquo;il y a une possibilit\u00e9, nous le faisons<\/strong><\/em>\u00ab\u00a0.<\/p>\n<h2>Derni\u00e8res annonces de Jean Castex\u00a0<\/h2>\n<p><strong>\u00ab\u00a0<em>L&rsquo;heure n&rsquo;est pas au rel\u00e2chement de nos efforts<\/em>\u00ab\u00a0<\/strong>, a martel\u00e9\u00a0<strong>Jean Castex\u00a0<\/strong>lors de sa conf\u00e9rence de presse du 4\u00a0f\u00e9vrier.<br \/>Le Premier ministre a insist\u00e9 sur le fait que la<strong> situation sanitaire<\/strong> restait \u00ab\u00a0<em>fragile<\/em>\u00ab\u00a0, puisque la\u00a0moyenne s&rsquo;\u00e9l\u00e8ve \u00e0 <strong>20\u00a0000\u00a0cas de contaminations au coronavirus<\/strong> par jour.<\/p>\n<p>\u00ab\u00a0<em>M\u00eame si nous nous habituons \u00e0 ces chiffres, sachez qu&rsquo;ils restent \u00e9lev\u00e9s<\/em>\u00ab\u00a0, a-t-il comment\u00e9.\u00a0\u00ab\u00a0<em>Nous n&rsquo;avons pas connu de vague \u00e9pid\u00e9mique d&rsquo;ampleur<\/em>\u00a0\u00bb ces derni\u00e8res semaines gr\u00e2ce \u00e0 la \u00ab\u00a0<em>strat\u00e9gie\u00a0\u00bb <\/em>employ\u00e9e par l&rsquo;ex\u00e9cutif depuis le mois d&rsquo;octobre, a-t-il rappel\u00e9.<\/p>\n<p>Le chef du gouvernement\u00a0s&rsquo;est f\u00e9licit\u00e9 de ne pas avoir attendu pour\u00a0prendre des <strong>mesures strictes<\/strong>, qui n&rsquo;ont pas \u00e9t\u00e9 totalement lev\u00e9es\u00a0apr\u00e8s le confinement.\u00a0<\/p>\n<p>Le Premier ministre a ajout\u00e9 que la France connaissait un \u00ab\u00a0<strong><em>ralentissement \u00e9conomique moins marqu\u00e9<\/em><\/strong>\u00a0\u00bb que nos voisins europ\u00e9ens.<\/p>\n<p>Il a \u00e9galement f\u00e9licit\u00e9 les Fran\u00e7ais sur leur<strong> prudence durant les f\u00eates de fin d&rsquo;ann\u00e9e<\/strong> et a assur\u00e9 que les Fran\u00e7ais respectaient, pour la plus grande partie, les mesures sanitaires.\u00a0\u00ab\u00a0<em>Il suffit qu&rsquo;un faible nombre s&rsquo;en affranchissent pour que le virus prosp\u00e8re<\/em>\u00ab\u00a0, a-t-il nuanc\u00e9.<\/p>\n<h2>Mesures maintenues<\/h2>\n<p>Les <strong>mesures restrictives d\u00e9j\u00e0 en place <\/strong>sont pour l&rsquo;instant maintenues.\u00a0\u00ab\u00a0<em>Le moment n&rsquo;est pas venu de les all\u00e9ger<\/em>\u00a0\u00bb m\u00eame si elles sont \u00ab\u00a0<em>difficiles \u00e0 vivre<\/em>\u00ab\u00a0.\u00a0<\/p>\n<p><em>\u00ab\u00a0Nous devons tenir et agir ensemble, plus que jamais. Chaque jour compte\u00a0\u00bb<\/em>, a d\u00e9clar\u00e9 le Premier ministre.<\/p>\n<h2>Bient\u00f4t un nouveau confinement ?<\/h2>\n<p>Quant \u00e0 la possibilit\u00e9 d&rsquo;un <strong>nouveau confinement<\/strong>, il \u00ab\u00a0<em>ne peut s&rsquo;envisager qu&rsquo;en tout dernier recours<\/em>\u00a0\u00bb mais n&rsquo;est <strong>pas \u00e0 l&rsquo;ordre du jour<\/strong>.<\/p>\n<p>\u00ab\u00a0<em>Nous connaissons l&rsquo;efficacit\u00e9 du confinement sur le plan sanitaire, mais nous en connaissons aussi le co\u00fbt \u00e9conomique, social, sanitaire <\/em>(&#8230;) <em>Elle n\u00e9cessite la <strong>fermeture de beaucoup de commerces, mais aussi des \u00e9tablissements d&rsquo;enseignement<\/strong><\/em>.\u00a0<em>Plus le temps passe, plus l&rsquo;impact des mesures sont difficiles \u00e0 supporter<\/em>\u00ab\u00a0, a constat\u00e9 le Premier ministre, ajoutant que les\u00a0\u00ab\u00a0<strong><em>risques psychosociaux<\/em><\/strong>\u00a0\u00bb de l&rsquo;assignation \u00e0 domicile \u00e9taient bien r\u00e9els.<\/p>\n<p>Et de pr\u00e9ciser : \u00ab\u00a0<em><strong>Si nous y sommes contraints<\/strong> en cas de d\u00e9gradation, nous n&rsquo;h\u00e9siterons pas \u00e0 prendre\u00a0\u00bb\u00a0<\/em>la d\u00e9cision d&rsquo;un reconfinement.<\/p>\n<p>En outre, il a donn\u00e9 l&rsquo;exemple de\u00a0<strong>Mayotte<\/strong>, o\u00f9 une\u00a0mesure de confinement g\u00e9n\u00e9ralis\u00e9 a \u00e9t\u00e9 d\u00e9cid\u00e9e le 4 f\u00e9vrier.\u00a0<\/p>\n<h2>Quid <strong>des d\u00e9placements entre les r\u00e9gions<\/strong> ?<\/h2>\n<p>La <strong>limitation des d\u00e9placements entre les r\u00e9gions<\/strong> n&rsquo;est pas non plus pertinente \u00e0 l&rsquo;heure actuelle. \u00ab\u00a0<em>Nous avons choisi de ne pas limiter les d\u00e9placements pour les vacances<\/em>\u00ab\u00a0, a expliqu\u00e9 Jean Castex.<\/p>\n<p>Quant aux<strong> d\u00e9placements entre la m\u00e9tropole et les territoires d&rsquo;outre-mer<\/strong>, ils ne sont d\u00e9sormais possible qu&rsquo;en cas de \u00ab\u00a0<strong><em>motifs imp\u00e9rieux<\/em><\/strong>\u00ab\u00a0.<\/p>\n<h2>La majorit\u00e9 des Fran\u00e7ais, pour un confinement dur<\/h2>\n<p>La population s&rsquo;est-elle r\u00e9sign\u00e9e \u00e0 un troisi\u00e8me confinement ?\u00a0Selon un sondage Elabe pour<em> BFM TV<\/em>, <strong>83\u00a0% des Fran\u00e7ais<\/strong> sont convaincus qu&rsquo;un<strong> troisi\u00e8me confinement <\/strong>aura lieu d&rsquo;ici peu. 55% des Fran\u00e7ais<strong> souhaitent un confinement \u00ab\u00a0<em>dur<\/em>\u00ab\u00a0<\/strong>, \u00e0 l&rsquo;image de celui du printemps, soit une augmentation de 7\u00a0points en une semaine.<\/p>\n<p>Etonnamment, ils sont moins d\u00e9sormais nombreux \u00e0 d\u00e9sirer un\u00a0<strong>confinement souple<\/strong> (50\u00a0%).\u00a0<\/p>\n<p>De nouvelles mesures restrictives pourraient \u00eatre d\u00e9cid\u00e9es dans un futur proche&#8230;\u00a0mais les Fran\u00e7ais <strong>peuvent partir en vacances \u00ab\u00a0<em>pour l&rsquo;instant<\/em><\/strong>\u00ab\u00a0, a d\u00e9clar\u00e9 Jean-Baptiste Lemoyne, secr\u00e9taire d&rsquo;Etat au Tourisme, sur <em>BFM TV<\/em>.<\/p>\n<p>Quant \u00e0 Emmanuelle Wargon, ministre du Logement, elle a d\u00e9clar\u00e9 sur BFM TV\/RMC : \u00ab\u00a0<em>Pour l&rsquo;instant, il n&rsquo;y a pas de restrictions de circulation. (\u2026)<strong> Les vacances peuvent avoir lieu. <\/strong>Apr\u00e8s bien s\u00fbr, comme vous le savez, nos d\u00e9cisions \u00e9voluent tous les jours, tous les quelques jours au fur et \u00e0 mesure de l&rsquo;\u00e9volution du virus. (&#8230;) Les choses peuvent toujours \u00e9voluer<\/em>\u00ab\u00a0.<\/p>\n<h3>Vacances de f\u00e9vrier\u00a0: la d\u00e9gringolade<\/h3>\n<p>Une \u00e9tude de\u00a0PAP Vacances d\u00e9voil\u00e9e par <em>Franceinfo <\/em>montre que les<strong>\u00a0r\u00e9servations pour les vacances de f\u00e9vrier <\/strong>ont <strong>baiss\u00e9\u00a0de 58,4%<\/strong> par rapport \u00e0 2020. Une v\u00e9ritable d\u00e9gringolade qui pourrait s&rsquo;expliquer notamment par la<strong> fermeture des remont\u00e9es m\u00e9caniques et des restaurants<\/strong>, mais aussi par la crainte d&rsquo;un reconfinement qui pourrait \u00eatre instaur\u00e9 \u00e0 tout moment.<\/p>\n<p>Le<strong> secteur de la montagne <\/strong>est le plus concern\u00e9 par cette baisse\u00a0avec<strong> 66.9% de r\u00e9servations en moins<\/strong>. Quant aux destinations littorales, elles ont vu leurs r\u00e9servations baisser\u00a0de 26%. Seule<strong> l&rsquo;Outre-mer <\/strong>note une augmentation des r\u00e9servations (plus de\u00a0 108,4%).<\/p>\n<h2>Une limitation des d\u00e9placements ?<\/h2>\n<p>Pas de <strong>reconfinement<\/strong> pour l&rsquo;instant&#8230; Mais une <strong>limitation des d\u00e9placements<\/strong> ? En p\u00e9riode de vacances scolaires, le Conseil Scientifique\u00a0pr\u00e9conise, \u00e0 d\u00e9faut de reconfiner, d&rsquo;instaurer une <strong>limitation des d\u00e9placements entre les r\u00e9gions<\/strong>, comme ce fut le cas en d\u00e9cembre.\u00a0<\/p>\n<p>Souvenez-vous, durant les <strong>semaines qui avaient suivi le premier\u00a0confinement<\/strong>, il \u00e9tait interdit de <strong>se d\u00e9placer \u00e0 plus de 100\u00a0kilom\u00e8tres de son domicile<\/strong> (sauf en cas de motif\u00a0imp\u00e9rieux).<\/p>\n<p>\u00ab\u00a0<em>Quel que soit le sc\u00e9nario retenu par les autorit\u00e9s sanitaires, le Conseil scientifique conseille la mise en place d&rsquo;une limitation des d\u00e9placements interr\u00e9gionaux<\/em>\u00ab\u00a0, lit-on dans le dernier avis du Conseil Scientifique.\u00a0<\/p>\n<p>\u00ab\u00a0<em>Restreindre les d\u00e9placements permet de <strong>limiter la propagation du virus dans des r\u00e9gions encore \u00e9pargn\u00e9es <\/strong>et ainsi de leur permettre d&rsquo;accueillir les patients des zones en tension pour soulager les h\u00f4pitaux<\/em>\u00ab\u00a0, a expliqu\u00e9 au <em>Parisien<\/em> Pierre Tattevin, pr\u00e9sident de la Soci\u00e9t\u00e9 de pathologie infectieuse de langue fran\u00e7aise.<\/p>\n<p>Mais si vous vous inqui\u00e9tiez de ne pas pouvoir circuler librement en p\u00e9riode de vacances scolaires, <strong>Emmanuelle Wargon<\/strong>, ministre d\u00e9l\u00e9gu\u00e9e aupr\u00e8s de la ministre de la Transition \u00e9cologique, charg\u00e9e du Logement, a tranch\u00e9 : il n&rsquo;y aura <strong>pas de restrictions de d\u00e9placements\u00a0en f\u00e9vrier.<\/strong><\/p>\n<p>\u00ab\u00a0<em>Apr\u00e8s, comme vous le savez, <strong>nos d\u00e9cisions \u00e9voluent tous les jours<\/strong><\/em>\u00ab\u00a0, a-t-elle toutefois nuanc\u00e9, sur <em>BFMTV-RMC<\/em>.<\/p>\n<h2>Renforcement des contr\u00f4les<\/h2>\n<p>Pour \u00e9viter \u00e0 tout prix un reconfinement, l&rsquo;ex\u00e9cutif souhaite d&rsquo;abord s&rsquo;assurer que le <strong>couvre-feu est respect\u00e9 \u00e0 la lettre<\/strong>.<\/p>\n<p>Le soir\u00a0du dimanche 31\u00a0janvier\u00a0<strong>62.198\u00a0contr\u00f4les<\/strong> de personnes ont \u00e9t\u00e9 r\u00e9alis\u00e9s apr\u00e8s le couvre-feu, selon les chiffres du minist\u00e8re de l&rsquo;Int\u00e9rieur \u00e0 <em>BFMTV<\/em>.<\/p>\n<p>Les autorit\u00e9s ont \u00e9galement proc\u00e9d\u00e9 \u00e0 des contr\u00f4les dans les \u00e9tablissements recevant du public ainsi qu&rsquo;aux fronti\u00e8res. Au total, dans cette journ\u00e9e,\u00a0<strong>11.955\u00a0verbalisations ont \u00e9t\u00e9 dress\u00e9es.<\/strong><\/p>\n<h2>Pourquoi n&rsquo;a-t-on pas reconfin\u00e9 ?<\/h2>\n<p>Certains avaient d\u00e9j\u00e0 commenc\u00e9 les provisions de papier-toilette&#8230; et pourtant, Jean Castex n&rsquo;a pas annonc\u00e9 de <strong>reconfinement <\/strong>lors de sa prise de parole surprise, le soir du 29\u00a0janvier.\u00a0Mais pourquoi l&rsquo;ex\u00e9cutif n&rsquo;a-t-il pas d\u00e9cid\u00e9 de (re)mettre le pays sous cloche ? Alors que <strong>19.235\u00a0nouvelles contaminations\u00a0<\/strong>ont \u00e9t\u00e9 recens\u00e9es le 31\u00a0janvier, les chiffres des cas de coronavirus, s&rsquo;ils restent inqui\u00e9tants, sont <strong>moins catastrophiques <\/strong>que pr\u00e9vu.<\/p>\n<p>\u00ab\u00a0<em>Le Pr\u00e9sident avait bien d\u00e9cortiqu\u00e9 le dossier : si le variant flambe au Royaume-Uni, c&rsquo;est que le pays n&rsquo;avait pas adopt\u00e9 les m\u00eames restrictions que nous cet automne<\/em>\u00ab\u00a0, a assur\u00e9 un proche du chef du gouvernement au <em>Figaro<\/em>.<br \/>Selon le journal, lors du Conseil de D\u00e9fense, le ministre de la Sant\u00e9 Olivier V\u00e9ran et le directeur g\u00e9n\u00e9ral de la Sant\u00e9 J\u00e9r\u00f4me Salomon \u00e9taient tous deux extr\u00eamement<strong> favorables \u00e0 un reconfinement<\/strong>.<\/p>\n<p>Mais Emmanuel Macron a tenu bon.<br \/>Les cons\u00e9quences \u00e9conomiques d&rsquo;un reconfinement sont telles que l&rsquo;ex\u00e9cutif souhaite <strong>se donner toutes les chances<\/strong> d&rsquo;\u00e9viter une nouvelle assignation \u00e0 domicile.\u00a0Selon les services du minist\u00e8re de l&rsquo;Economie, la facture d&rsquo;un mois et demi de reconfinement s&rsquo;\u00e9l\u00e8ve \u00e0<strong>\u00a025\u00a0milliards d&rsquo;euros<\/strong>.<\/p>\n<p>\u00ab\u00a0<em>Un petit geste de plus, un petit masque de plus, un peu plus d&rsquo;a\u00e9ration, \u00e7a peut \u00e9viter le confinement<\/em>\u00ab\u00a0, a d\u00e9clar\u00e9 l&rsquo;entourage d&rsquo;Emmanuel Macron au <em>JDD<\/em>.<\/p>\n<p><strong>\u00ab\u00a0<em>L&rsquo;id\u00e9e, c&rsquo;est de gagner du temps, de limiter la casse<\/em>\u00ab\u00a0, a pr\u00e9cis\u00e9 Olivier V\u00e9ran au JDD. <\/strong><\/p>\n<div class=\"ccminsert\">\n<blockquote class=\"twitter-tweet\">\n<p dir=\"ltr\" lang=\"fr\">Jai confiance en nous. Les heures que nous vivons sont cruciales. Faisons tout pour freiner l\u00e9pid\u00e9mie ensemble.<\/p>\n<p>\u2014 Emmanuel Macron (@EmmanuelMacron) <a href=\"https:\/\/twitter.com\/EmmanuelMacron\/status\/1355563430795735041?ref_src=twsrc%5Etfw\">January 30, 2021<\/a><\/p><\/blockquote>\n<\/div>\n<h2>Les Fran\u00e7ais veulent un reconfinement, mais&#8230;.<\/h2>\n<p>Contre toute attente, <strong>70\u00a0% des Fran\u00e7ais demandent un reconfinement au plus vite<\/strong>, selon le sondage\u00a0Odoxa-Backbone Consulting. Mais, comble du paradoxe, les citoyens ne souhaitent pas la mise en place des mesures restrictives qui l&rsquo;accompagnent.<\/p>\n<p>Seule<strong> l&rsquo;interdiction de se d\u00e9placer entre les r\u00e9gions <\/strong>est relativement accept\u00e9e par la population (64\u00a0%). Pas moins de 64\u00a0% sont oppos\u00e9s \u00e0 la <strong>fermeture des commerces non-essentiels<\/strong>,\u00a057% sont contre l&rsquo;interdiction de<strong> recevoir des amis chez soi<\/strong>, 60% ne souhaitent pas la <strong>fermeture des\u00a0\u00e9tablissements scolaires<\/strong> et 54% sont oppos\u00e9s \u00e0 la prolongation de la fermeture des bars et restaurants.<\/p>\n<p>D\u00e9j\u00e0\u00a042% des Fran\u00e7ais pensent<strong> transgresser le nouveau confinement<\/strong>, s&rsquo;il \u00e9tait annonc\u00e9.<\/p>\n<h2>La sant\u00e9 mentale des jeunes, en danger<\/h2>\n<p>Il faut dire que depuis pr\u00e8s d&rsquo;un an,\u00a0la<strong> sant\u00e9 mentale de la population<\/strong>, et des<strong> jeunes <\/strong>en particulier, s&rsquo;est fortement d\u00e9grad\u00e9e.\u00a0Selon une enqu\u00eate Ipsos pour la Fondation FondaMental, pas moins de 40% des adultes de moins de 25\u00a0ans estiment souffrir d&rsquo;un<strong> trouble anxieux g\u00e9n\u00e9ralis\u00e9 <\/strong>(soit 9\u00a0points de plus que l&rsquo;ensemble de la population).\u00a0<\/p>\n<p>En outre, 61% des jeunes sont persuad\u00e9s que la crise sanitaire aura des <strong>cons\u00e9quences n\u00e9gatives sur leur sant\u00e9 mentale<\/strong> (contre 50\u00a0%\u00a0pour l&rsquo;ensemble des Fran\u00e7ais).\u00a0Trois jeunes sur 10\u00a0ont d\u00e9j\u00e0 pens\u00e9 \u00e0 <strong>se suicider ou \u00e0 se mutiler<\/strong>. Des chiffres affolants.<\/p>\n<h2>Restaurants clandestins : rappel \u00e0 l&rsquo;ordre<\/h2>\n<p>Si certains restaurateurs ont d&rsquo;ores et d\u00e9j\u00e0 appel\u00e9 \u00e0<strong> rouvrir leurs restaurants malgr\u00e9 l&rsquo;interdiction <\/strong>en vigueur, Bruno Le Maire a resserr\u00e9 la vis.\u00a0Les restaurateurs qui ouvrent leurs \u00e9tablissements \u00ab\u00a0<em>seront<strong> suspendus pendant un mois de l&rsquo;acc\u00e8s au fonds de solidarit\u00e9<\/strong><\/em>\u00ab\u00a0, a d\u00e9clar\u00e9 le ministre de l&rsquo;Economie, le 1er f\u00e9vrier, sur <em>RTL<\/em>.<\/p>\n<p>Les <strong>remont\u00e9es m\u00e9caniques <\/strong>restent ferm\u00e9es pour l&rsquo;instant.\u00a0Aucune date de r\u00e9ouverture n&rsquo;a \u00e9t\u00e9 \u00e9voqu\u00e9e. \u00ab\u00a0<em>L&rsquo;\u00e9volution de la situation sanitaire ne nous permet pas, \u00e0 ce stade, de rouvrir les remont\u00e9es m\u00e9caniques<\/em>\u00ab\u00a0, a d\u00e9clar\u00e9 Matignon le 1er f\u00e9vrier.<\/p>\n<p>Jean-Baptiste Lemoyne, S\u00e9cr\u00e9taire d&rsquo;\u00c9tat charg\u00e9 du Tourisme, avait\u00a0pr\u00e9cis\u00e9 quelques semaines plus t\u00f4t que les remont\u00e9es m\u00e9caniques resteraient vraisemblablement\u00a0<strong>hors-service tout l&rsquo;hiver<\/strong>.<\/p>\n<p>Le Premier ministre <strong>Jean Castex a annonc\u00e9\u00a0vendredi 29 janvier au soir un couvre-feu renforc\u00e9 et de nouvelles mesures <\/strong>pour contrer la 3e vague de coronavirus\u00a0\u00e0 l&rsquo;issue d&rsquo;un Conseil de d\u00e9fense sanitaire.<strong> Rien sur l&rsquo;\u00e9cole et les vacances d&rsquo;hiver.<\/strong><\/p>\n<p>Cette prise de parole du chef du gouvernement depuis l&rsquo;Elys\u00e9e intervient alors que l&rsquo;ex\u00e9cutif \u00e9tudie de nouvelles restrictions contre l&rsquo;\u00e9pid\u00e9mie, avec un possible reconfinement \u00e0 la cl\u00e9.\u00a0<em>\u00ab\u00a0Si la situation sanitaire reste mieux ma\u00eetris\u00e9e en France que chez nos voisins, elle est pr\u00e9occupante\u00a0\u00bb<\/em>, a d\u00e9clar\u00e9 Castex \u00e0 20h40 avant de saluer\u00a0l&rsquo;engagement des soignants.<\/p>\n<p><strong><em>\u00ab\u00a0Nous pouvons encore nous donner une chance d&rsquo;\u00e9viter un confinement\u00a0\u00bb<\/em><\/strong>, a-t-il pr\u00e9venu\u00a0avant d&rsquo;annoncer:\u00a0<em>\u00ab\u00a0En compl\u00e9ment des mesures de couvre-feu, nous avons d\u00e9cid\u00e9 de prendre sans d\u00e9lai les mesures suivantes\u00a0\u00bb:<\/em><\/p>\n<p>&#8211; Toute entr\u00e9e ou sortie du territoire en provenance ou \u00e0 destination de pays ext\u00e9rieur \u00e0 l&rsquo;Union europ\u00e9enne sera interdite, sauf motif imp\u00e9rieux, \u00e0 partir de dimanche 0h00.<\/p>\n<p>&#8211; Toute entr\u00e9e en France \u00e0 partir d&rsquo;un pays de l&rsquo;UE sera conditionn\u00e9e \u00e0 la pr\u00e9sentation d&rsquo;un test PCR, \u00e0 l&rsquo;exception des travailleurs transfrontaliers.<\/p>\n<p>&#8211; Tous les voyages vers les territoires ultramarins seront soumis \u00e0 un motif imp\u00e9rieux.<\/p>\n<p><em><strong>\u00ab\u00a0Les prochains jours seront d\u00e9terminants pour \u00e9viter un nouveau confinement(&#8230;)\u00a0<\/strong>La question d&rsquo;un confinement se pose l\u00e9gitimement mais nous en connaissons l&rsquo;impact tr\u00e8s lourd pour les Fran\u00e7ais sur tous les plans. Ce soir, nous consid\u00e9rons au regard des chiffres des derniers jours que nous pouvons encore nous donner une chance de l&rsquo;\u00e9viter\u00a0\u00bb\u200b<\/em>, a expliqu\u00e9 le Premier ministre.<\/p>\n<p>Pas de baisse de rideau g\u00e9n\u00e9rale,\u00a0les petits commerces sont pour le moment \u00e9pargn\u00e9s mais l<strong>es centres commerciaux non-alimentaires de plus de 20.000\u00a0m2\u00a0\u00ab\u00a0qui favorisent le plus de brassage\u00a0\u00bb\u00a0seront ferm\u00e9s d\u00e8s dimanche.<\/strong><\/p>\n<p>Jean Castex a d\u00e9clar\u00e9\u00a0un <strong><em>\u00ab\u00a0renforcement des jauges\u00a0\u00bb <\/em><\/strong>dans les magasins qui restent ouverts.\u00a0<em>\u00ab\u00a0Sur les 835\u00a0centres commerciaux que compte la France, la moiti\u00e9 ont une surface sup\u00e9rieure \u00e0 20.000\u00a0m\u00b2.\u00a0Aucun n&rsquo;a \u00e9t\u00e9 reconnu comme ayant constitu\u00e9 un cluster depuis le d\u00e9but de la crise sanitaire\u00a0\u00bb, <\/em>a\u00a0r\u00e9agi sur <em>RTL<\/em> le Conseil national des centres commerciaux (CNCC). <em>\u00ab\u00a0Ce qui avait \u00e9t\u00e9 envisag\u00e9\u00a0\u00bb <\/em>lors des discussions avec le gouvernement, <em>\u00ab\u00a0c&rsquo;\u00e9tait de passer d&rsquo;un client pour 8\u00a0m2\u00a0\u00e0 un client pour 10\u00a0m2<\/em>\u00ab\u00a0, a pr\u00e9cis\u00e9 le pr\u00e9sident de la FCD.<\/p>\n<p>Concr\u00e8tement, depuis\u00a0le 31 janvier, dans\u00a0les grands centres commerciaux, seuls les supermarch\u00e9s, hypermarch\u00e9s et magasins alimentaires pr\u00e9sents dans la galerie peuvent rester ouverts.<\/p>\n<p>Le<em> \u00a0\u00bbquoi qu&rsquo;il en co\u00fbte\u00a0\u00bb<\/em>, pr\u00eats garantis par l&rsquo;Etat, fonds de solidarit\u00e9, ch\u00f4mage partiel, s&rsquo;appliquera bien s\u00fbr pour tous les salari\u00e9s et les entreprises concern\u00e9s.<\/p>\n<p><strong><em>\u00ab\u00a0Dans toutes les entreprises o\u00f9 cela est possible, le recours effectif au t\u00e9l\u00e9travail devra \u00eatre renforc\u00e9\u00a0\u00bb,<\/em><\/strong> a indiqu\u00e9 le Premier ministre.\u00a0Une mesure qui s&rsquo;applique aussi aux administrations publiques.<\/p>\n<p><em>\u00ab\u00a0Les\u00a0d\u00e9rives de quelques-uns ne sauraient ruiner les efforts de tous\u00a0\u00bb.\u00a0<\/em>Une<em> \u00ab\u00a0consigne de particuli\u00e8re fermet\u00e9 sera appliqu\u00e9e pour ceux qui fraudent les r\u00e8gles en vigueur\u00a0\u00bb<\/em>, a soulign\u00e9 Jean\u00a0Castex.<br \/><em><strong>\u00ab\u00a0Les policiers et les gendarmes\u00a0seront mobilis\u00e9s <\/strong>pour contr\u00f4ler le non-respect du couvre-feu, l&rsquo;organisation de f\u00eates clandestines\u00a0et l&rsquo;ouverture ill\u00e9gale de restaurants dans des proportions renforc\u00e9es\u00a0\u00bb,<\/em> a-t-il affirm\u00e9.<\/p>\n<p>Apr\u00e8s l&rsquo;hypoth\u00e8se d&rsquo;un <strong>confinement \u00ab\u00a0<em>tr\u00e8s serr\u00e9<\/em>\u00ab\u00a0<\/strong>, c&rsquo;est celle d&rsquo;un <strong>confinement \u00ab\u00a0<em>hybride<\/em>\u00a0\u00bb <\/strong>qui est mise sur la table.\u00a0\u00ab\u00a0<em>Les enseignements des deux premiers confinements ont \u00e9t\u00e9 tir\u00e9s. Il faut aller vers une <strong>formule hybride<\/strong>, sans changer notre doctrine\u00a0\u00bb<\/em>, a d\u00e9clar\u00e9 un proche de l&rsquo;Elys\u00e9e \u00e0 <em>BFM TV<\/em>.<\/p>\n<h3>Mais concr\u00e8tement, qu&rsquo;est-ce que cela signifie-t-il ?\u00a0<\/h3>\n<p>La question qui inqui\u00e8te particuli\u00e8rement les parents d&rsquo;\u00e9l\u00e8ves et est sur toutes les bouches : la <strong>fermeture (ou non) des \u00e9coles<\/strong>. Comme \u00e9voqu\u00e9e plusieurs fois depuis ces derni\u00e8res semaines, un<strong> allongement des vacances scolaires de f\u00e9vrier <\/strong>pourrait \u00eatre mis en place, afin de ne pas se r\u00e9soudre \u00e0 une fermeture pure et simple des \u00e9tablissements.<\/p>\n<p>Quant aux <strong>\u00e9tudiants<\/strong>, ils pourraient \u00eatre relativement \u00e9pargn\u00e9s. Fin janvier, Emmanuel Macron leur avait promis qu&rsquo;ils pourraient d\u00e8s le 1er f\u00e9vrier, au m\u00eame titre que les salari\u00e9s, assister aux <strong>cours en pr\u00e9sentiel une fois par semaine<\/strong>. \u00ab\u00a0<em>R\u00e9\u00e9quilibrer en faveur des jeunes, c&rsquo;est bien l&rsquo;id\u00e9e<\/em>\u00ab\u00a0, a expliqu\u00e9 un proche du chef de l&rsquo;Etat \u00e0 <em>RTL<\/em>.<\/p>\n<p>Quid des <strong>commerces non-essentiels<\/strong> ?\u00a0Ceux-ci ne fermeraient pas totalement, en cas de confinement hybride, mais des <strong>cr\u00e9neaux d&rsquo;ouverture ou des prises de rendez-vous pour les clients<\/strong> pourraient \u00eatre mis en place.<\/p>\n<p>Toutefois, le<strong> bien-fond\u00e9 d&rsquo;un tel syst\u00e8me<\/strong> pourrait \u00eatre remis en question.\u00a0\u00ab\u00a0<em>Comment expliquer aux parents que leurs enfants doivent rester \u00e0 la maison mais qu&rsquo;on peut toujours se rendre chez le coiffeur ?<\/em>\u00ab\u00a0, s&rsquo;est interrog\u00e9 un conseiller selon <em>BFM TV<\/em>.<\/p>\n<p>Malgr\u00e9 tout, il s&rsquo;agit pour le chef de l&rsquo;Etat de tenter de combiner<strong> mesures fortes et protection<\/strong> (tant que faire se peut) de <strong>la sant\u00e9 mentale<\/strong> des Fran\u00e7ais, qui sont de plus en plus nombreux \u00e0 appeler \u00e0 la d\u00e9sob\u00e9issance civile.\u00a0<\/p>\n<p>\u00ab\u00a0<em>Emmanuel Macron est plus inquiet que jamais des<strong> impacts psychologiques<\/strong> d&rsquo;un troisi\u00e8me confinement<\/em>\u00ab\u00a0, a expliqu\u00e9 un proche du pr\u00e9sident de la R\u00e9publique, selon <em>BFM TV.<\/em><\/p>\n<p>Quoiqu&rsquo;il en soit, la plupart des scientifiques appellent \u00e0 prendre des mesures restrictives fortes et surtout, rapidement.\u00a0Le pr\u00e9sident de la Ligue nationale contre le cancer <strong>Axel Kahn<\/strong> a d\u00e9clar\u00e9 sur <em>BFM TV<\/em> et <em>RMC<\/em> : \u00ab\u00a0<em>Plus on prend des <strong>d\u00e9cisions tardivement<\/strong>, plus ce sera<strong> long<\/strong><\/em>\u00ab\u00a0, a-t-il d\u00e9clar\u00e9.<\/p>\n<p>Et d&rsquo;alerter : \u00ab\u00a0<em>Il y a urgence, nous sommes encore dans le<strong> 2e pic \u00e9pid\u00e9mique<\/strong> qui n&rsquo;a jamais baiss\u00e9<\/em>\u00ab\u00a0.<\/p>\n<p>La France sera-t-elle\u00a0sous cloche une troisi\u00e8me fois ?<strong>\u00a0<\/strong><br \/>\u00ab\u00a0<em>C&rsquo;est un tsunami qui arrive<\/em>\u00ab\u00a0, a d\u00e9clar\u00e9 un proche du chef de l&rsquo;Etat selon <em>Europe 1<\/em>.\u00a0Plusieurs sc\u00e9narios sont \u00e0 l&rsquo;\u00e9tude, dont l&rsquo;un est particuli\u00e8rement dur&#8230;<br \/>Le terme a \u00e9t\u00e9 l\u00e2ch\u00e9 par Gabriel Attal le 27 janvier, apr\u00e8s le Conseil des ministres : un \u00ab\u00a0<strong><em>confinement tr\u00e8s serr\u00e9<\/em><\/strong>\u00a0\u00bb pourrait finalement \u00eatre envisag\u00e9<strong>.<\/strong>\u00a0Mais que veut donc dire le porte-parole du gouvernement ?\u00a0\u00ab\u00a0<em>Cela veut dire un confinement qui a des <strong>effets rapides et efficaces <\/strong>pour freiner la circulation du virus. On tire des enseignements.\u00a0C&rsquo;est pas des d\u00e9cisions qui se prennent au pifom\u00e8tre. Notre objectif, c&rsquo;est l&rsquo;\u00e9quilibre le plus juste entre la <strong>limitation du virus et la vie des Fran\u00e7ais<\/strong>. J&rsquo;entends parfaitement que c&rsquo;est anxiog\u00e8ne, et que les Fran\u00e7ais ont envie de savoir<\/em>\u00ab\u00a0, a-t-il pr\u00e9cis\u00e9 au micro de France Inter, le 28 janvier.<br \/>Tout porte \u00e0 croire donc, qu&rsquo;en cas de \u00ab\u00a0<strong><em>confinement tr\u00e8s serr\u00e9<\/em><\/strong>\u00ab\u00a0, les<strong> \u00e9coles et commerces non-essentiels<\/strong> seraient ferm\u00e9s \u00e0 l&rsquo;instar du confinement de printemps.<\/p>\n<div class=\"ccminsert\">\n<blockquote class=\"twitter-tweet\">\n<p dir=\"ltr\" lang=\"fr\">.<a href=\"https:\/\/twitter.com\/GabrielAttal?ref_src=twsrc%5Etfw\">@GabrielAttal<\/a> : le \u00ab\u00a0confinement tr\u00e8s serr\u00e9\u00a0\u00bb serait \u00ab\u00a0un confinement qui a des effets rapides et efficaces pour freiner davantage la circulation du virus. On tire des enseignements [des confinements pass\u00e9s]. C&rsquo;est pas des d\u00e9cisions qui se prennent au pifom\u00e8tre\u00a0\u00bb <a href=\"https:\/\/twitter.com\/hashtag\/le79Inter?src=hash&amp;ref_src=twsrc%5Etfw\">#le79Inter<\/a> <a href=\"https:\/\/t.co\/w7cZY6cpAq\">pic.twitter.com\/w7cZY6cpAq<\/a><\/p>\n<p>\u2014 France Inter (@franceinter) <a href=\"https:\/\/twitter.com\/franceinter\/status\/1354684319185432576?ref_src=twsrc%5Etfw\">January 28, 2021<\/a><\/p><\/blockquote>\n<\/div>\n<h2>Un \u00ab\u00a0<em>entre-deux<\/em>\u00a0\u00bb ou des mesures fortes ?\u00a0<\/h2>\n<p>Pour le d\u00e9put\u00e9 LR Eric Ciotti, la<strong> situation de \u00ab\u00a0<em>l&rsquo;entre-deux<\/em>\u00ab\u00a0<\/strong> n&rsquo;est plus tenable en France dans ce contexte sanitaire, alors que de plus en plus de<strong> contaminations au variant britannique<\/strong> sont recens\u00e9es.<\/p>\n<p>Sur <em>CNews<\/em>, il a fustig\u00e9 \u00ab\u00a0<em>les atermoiements<\/em>\u00a0\u00bb du pr\u00e9sident de la R\u00e9publique, estimant que celui-ci n&rsquo;osait pas prendre de <strong>mesures restrictives assez fortes <\/strong>pour emp\u00eacher la propagation du Covid-19.<\/p>\n<p>Eric Ciotti a donc appel\u00e9\u00a0\u00e0 <strong><em>\u00ab\u00a0marquer un coup tr\u00e8s fort<\/em><\/strong>\u00a0\u00bb et a d\u00e9clar\u00e9 : \u00ab\u00a0<em>On est dans le <strong>en m\u00eame temps sanitaire<\/strong>, ces atermoiements d\u00e9stabilisent aujourd&rsquo;hui beaucoup notre pays, les Fran\u00e7ais n&rsquo;y comprennent plus rien<\/em> (&#8230;)<em> s&rsquo;il\u00a0faut prendre des mesures pour prot\u00e9ger les Fran\u00e7ais, il faut le faire<\/em>\u00ab\u00a0.<\/p>\n<p>Le conseiller d\u00e9partemental des Alpes-Maritimes a demand\u00e9\u00a0de la \u00ab\u00a0<strong><em>clart\u00e9\u00a0\u00bb<\/em><\/strong> et des d\u00e9cisions, \u00ab\u00a0<em>m\u00eame si c&rsquo;est <strong>extr\u00eamement douloureux<\/strong>. \u00c9largir la plage des vacances de f\u00e9vrier est sans doute une solution<\/em>\u00ab\u00a0.<\/p>\n<p>Une autre piste mise sur la table serait un <strong>confinement le week-end<\/strong>. Une telle mesure permettrait de pr\u00e9server au maximum l&rsquo;\u00e9conomie et ainsi \u00e9viter les<strong> d\u00e9placements \u00ab\u00a0<em>loisirs<\/em>\u00ab\u00a0<\/strong>, les contacts entre amis, parfois sans masque et sans respect des distanciations, et qui sont\u00a0logiquement plus nombreux le week-end, selon <em>Le Parisien<\/em>.<\/p>\n<h2>Des exceptions pour les \u00e9tudiants\u00a0?<\/h2>\n<p>Le 16\u00a0janvier, Jean Castex a contact\u00e9 Gaspard, un <strong>\u00e9tudiant <\/strong>qui avait diffus\u00e9 sur les r\u00e9seaux sociaux une vid\u00e9o sur la <strong>d\u00e9tresse <\/strong>qu&rsquo;il ressentait face aux mesures restrictives, et qui a fait le buzz.\u00a0Sur Instagram, il a publi\u00e9 une partie de son \u00e9change t\u00e9l\u00e9phonique avec le Premier ministre.<\/p>\n<p>\u00ab\u00a0<em>J&rsquo;ai regard\u00e9 ta vid\u00e9o et je voulais te dire qu&rsquo;elle m&rsquo;a beaucoup \u00e9mu<\/em>\u00ab\u00a0, a d&rsquo;abord d\u00e9clar\u00e9 Jean Castex.<\/p>\n<p>Le Premier ministre a laiss\u00e9 entendre que, m\u00eame <strong>en cas de reconfinement<\/strong>, les \u00e9tudiants pourraient faire l&rsquo;objet<strong> d&rsquo;exceptions<\/strong>.\u00a0\u00ab\u00a0<em>M\u00eame quand on est confin\u00e9, on a pu parfois, <strong>pr\u00e9voir un certain nombre d&rsquo;exceptions<\/strong>. L\u00e0 aussi, est-ce que compte tenu de la r\u00e9alit\u00e9 des \u00e9tudiants, on les fait entrer dans les exceptions? \u00e0 quel moment? Ces questions restent ouvertes<\/em>\u00ab\u00a0, a-t-il d\u00e9clar\u00e9.\u00a0<\/p>\n<p>Si un nouveau confinement \u00e9tait mis en place, quelle forme prendrait-il ? La question de<strong> l&rsquo;ouverture ou non des commerces <\/strong>en cas d&rsquo;assignation \u00e0 domicile reste primordiale.<\/p>\n<p>\u00ab\u00a0<em>On veut \u00e9viter \u00e0 tout prix les contraintes qui p\u00e8sent \u00e9conomiquement<\/em>\u00ab\u00a0, a d\u00e9clar\u00e9 un proche du pr\u00e9sident de la R\u00e9publique selon <em>BFM TV<\/em>. D&rsquo;autant que les <strong>soldes<\/strong> n&rsquo;ont d\u00e9but\u00e9 que le 20 janvier.\u00a0<\/p>\n<p>Quant \u00e0 Bruno Le Maire, le ministre de l&rsquo;Economie, il a d\u00e9clar\u00e9 sur\u00a0<em>Bloomberg TV <\/em>que si un <strong>troisi\u00e8me confinement <\/strong>\u00e9tait annonc\u00e9, il serait tr\u00e8s difficile\u00a0pour la France d&rsquo;atteindre l&rsquo;objectif de <strong>6% de croissance<\/strong> en 2021.\u00a0\u00ab\u00a0<em>Le virus ne se diffuse pas dans les commerces, donc il n&rsquo;y a pas besoin de les fermer<\/em>\u00ab\u00a0, a rassur\u00e9 un conseiller minist\u00e9riel, selon <em>BFM TV<\/em>.<\/p>\n<p>Le pr\u00e9sident du conseil scientifique Jean-Fran\u00e7ois Delfraissy a estim\u00e9 sur <em>BFM TV <\/em>qu&rsquo;il \u00e9tait n\u00e9cessaire pour les<strong> personnes \u00e0 risque<\/strong> \u00ab\u00a0<em>d&rsquo;aller vers une forme <strong>d&rsquo;auto-isolement volontaire<\/strong>, pour se prot\u00e9ger en attendant qu&rsquo;elles soient vaccin\u00e9es<\/em>\u00ab\u00a0, pendant les deux prochains mois.<\/p>\n<p>L&rsquo;infectiologue et membre du comit\u00e9 vaccin Covid-19\u00a0Odile Launay avait \u00e9galement recommand\u00e9 cette solution le 21\u00a0janvier. Une proposition que la ministre a balay\u00e9e d&rsquo;un revers de main. \u00ab\u00a0<em>Les personnes qui se sentent vuln\u00e9rables <strong>s&rsquo;auto-confinent<\/strong><\/em>\u00ab\u00a0, a-t-elle expliqu\u00e9.<\/p>\n<p>Le <strong>confinement cibl\u00e9<\/strong> des personnes \u00ab\u00a0<em>fragiles n&rsquo;a<strong> jamais \u00e9t\u00e9 envisag\u00e9<\/strong><\/em>\u00ab\u00a0, avait expliqu\u00e9 la\u00a0ministre de l&rsquo;Enseignement sup\u00e9rieur Fr\u00e9d\u00e9rique Vidal, sur le plateau de <em>BFM TV<\/em>, le 22\u00a0janvier.<\/p>\n<p><strong>Quant aux restaurants<\/strong>, ils\u00a0ne devraient pas rouvrir avant&#8230; P\u00e2ques. Selon <em>Le Point<\/em> et des sources de l&rsquo;\u00c9lys\u00e9e, Matignon et Bercy, les \u00e9tablissements de restauration devraient rouvrir leurs portes <strong>au plus t\u00f4t le\u00a06\u00a0avril.<\/strong><br \/>En ce qui concerne les <strong>bars et caf\u00e9s,<\/strong> certains parlent m\u00eame d&rsquo;une r\u00e9ouverture en juin!\u00a0Siroter un verre en terrasse et partager un repas gastronomique entre amis, ce n&rsquo;est pas pour demain&#8230;<\/p>\n<h2>Couvre-feu \u00e0 18h pour tous<\/h2>\n<p><strong>Le couvre-feu \u00e0 18h pour toute la France a \u00e9t\u00e9 mis en application\u00a0samedi\u00a016 janvier<\/strong>\u00a0et\u00a0devrait permettre de r\u00e9duire la propagation du virus tout en maintenant une vie \u00e9conomique.<\/p>\n<p>Tous les commerces sont ferm\u00e9s \u00e0 18h et\u00a0les d\u00e9rogations sont <em>\u00ab\u00a0les m\u00eames que celles applicables pour le couvre-feu \u00e0 20h<\/em>\u00ab\u00a0, a pr\u00e9cis\u00e9 le Premier ministre.<\/p>\n<p>Des <strong>d\u00e9rogations<\/strong> sont \u00e9galement possibles pour les travailleurs qui rentrent \u00e0 leur domicile ainsi que\u00a0les parents allant chercher leurs enfants \u00e0 l&rsquo;\u00e9cole.<\/p>\n<p>En ce qui concerne les universit\u00e9s, les <strong>travaux dirig\u00e9s<\/strong> en premi\u00e8re ann\u00e9e peuvent reprendre par<strong> demi-groupe<\/strong> d\u00e8s le 25 janvier, \u00e0 pr\u00e9cis\u00e9 Fr\u00e9d\u00e9rique Vidal, ministre de l&rsquo;Enseignement sup\u00e9rieur. Une mesure qui pourra \u00eatre \u00e9tendue aux \u00e9l\u00e8ves des niveaux sup\u00e9rieurs si la situation sanitaire s&rsquo;am\u00e9liore.<\/p>\n<p>Emmanuel Macron a \u00e9galement pr\u00e9cis\u00e9 aux \u00e9tudiants, le 21 janvier, qu&rsquo;ils pourraient <strong>revenir \u00e0 l&rsquo;universit\u00e9 un jour par semaine<\/strong> s&rsquo;ils en ressentent le besoin, au m\u00eame titre que les salari\u00e9s.<\/p>\n<p>Quant aux entreprises, il sera possible \u00e0 celles\u00a0qui le souhaitent\u00a0 de diff\u00e9rer \u00ab\u00a0d<em>&lsquo;une ann\u00e9e suppl\u00e9mentaire le <strong>remboursement de leur pr\u00eat<\/strong> garanti par l&rsquo;Etat<\/em>\u00ab\u00a0. Bruno Le Maire a pr\u00e9cis\u00e9 que les <strong>co\u00fbts fixes des entreprises ferm\u00e9es<\/strong> restaient pris en charge \u00e0 70 %. Enfin, le ministre de l&rsquo;Economie a promis que les<strong> imp\u00f4ts des Fran\u00e7ais <\/strong>n&rsquo;augmenteraient pas.<\/p>\n<div class=\"ccminsert\">\n<blockquote class=\"twitter-tweet\">\n<p dir=\"ltr\" lang=\"fr\">Pour les entreprises totalement ou partiellement ferm\u00e9es, Elisabeth Borne annonce que l&rsquo;\u00c9tat continuera de prendre en charge \u00ab\u00a0100% des r\u00e9mun\u00e9rations vers\u00e9es aux salari\u00e9s jusqu&rsquo;\u00e0 fin f\u00e9vrier\u00a0\u00bb <a href=\"https:\/\/t.co\/85b2WUZ45w\">pic.twitter.com\/85b2WUZ45w<\/a><\/p>\n<p>\u2014 BFMTV (@BFMTV) <a href=\"https:\/\/twitter.com\/BFMTV\/status\/1349781139762933763?ref_src=twsrc%5Etfw\">January 14, 2021<\/a><\/p><\/blockquote>\n<\/div>\n<p>Les<strong> lieux culturels <\/strong>restent ferm\u00e9s pour l&rsquo;instant, a fait savoir la ministre de la Culture le 14 janvier, ajoutant que la plupart des pays voisins avaient eux aussi<strong> ferm\u00e9 leurs cin\u00e9mas et autres salles de spectacle<\/strong>. Roselyne Bachelot a pr\u00e9cis\u00e9 que les dispositifs sp\u00e9cifiques mis en place pour le secteur culturel seraient\u00a0maintenus. Elle a rappel\u00e9 que les tournages, captations sans public et r\u00e9p\u00e9titions \u00e9taient toujours possibles.<\/p>\n<h2>Couvre-feu ou reconfinement ?\u00a0Ce que les Fran\u00e7ais pr\u00e9f\u00e8rent<\/h2>\n<p>Les Fran\u00e7ais, eux, semblent \u00eatre convaincus de l&rsquo;\u00e9ventualit\u00e9 d&rsquo;un prochain\u00a0reconfinement. D&rsquo;apr\u00e8s un sondage Elabe, ils sont 83% \u00e0 penser qu&rsquo;un <strong>troisi\u00e8me confinement<\/strong> aura lieu \u00ab\u00a0<em>dans les prochaines semaines<\/em>\u00ab\u00a0.<\/p>\n<p>Parmi les options les plus supportables, c&rsquo;est le reconfinement qui est privil\u00e9gi\u00e9 par les Fran\u00e7ais avec <strong>52\u00a0% d&rsquo;opinions favorables<\/strong> devant le couvre-feu national \u00e0 18\u00a0h (47% d&rsquo;opinions favorables). Quant \u00e0 la combinaison du\u00a0<strong>couvre-feu \u00e0 18\u00a0h <\/strong>et du <strong>confinement le week-end<\/strong>, elle est la moins favoris\u00e9e par les fran\u00e7ais (44 %).<\/p>\n<h2>Fermeture des lieux culturels : l&rsquo;exp\u00e9rience qui change tout ?<\/h2>\n<p>Une exp\u00e9rience espagnole a remis en cause la n\u00e9cessit\u00e9 de fermer les salles de <strong>spectacle, cin\u00e9mas, et autres mus\u00e9es<\/strong>. La Fondation de lutte contre le sida et les maladies infectieuses et\u00a0l&rsquo;h\u00f4pital universitaire allemand Trias i Pujol de Barcelone ont r\u00e9uni\u00a0<strong>463 personnes<\/strong>, \u00e2g\u00e9es de 18 \u00e0 59 ans. Celles-ci\u00a0ont <strong>assist\u00e9 \u00e0 un concert <\/strong>qui s&rsquo;est d\u00e9roul\u00e9 le 12\u00a0d\u00e9cembre dans une grande salle de Barcelone.<\/p>\n<p>Toutes \u00e9taient masqu\u00e9es et respectaient, dans la mesure du possible les r\u00e8gles de <strong>distanciation sociale<\/strong>.\u00a0Un <strong>espace pour fumeurs <\/strong>avait \u00e9galement \u00e9t\u00e9 mis en place, mais le nombre de personnes pouvant s&rsquo;y rendre \u00e9tait limit\u00e9. Le<strong> syst\u00e8me de ventilation <\/strong>\u00e9tait\u00a0adapt\u00e9 \u00e0 la situation et \u00ab\u00a0<em>des mesures ont \u00e9t\u00e9 mises en place pour \u00e9viter les files d&rsquo;attente dans les toilettes et \u00e0 l&rsquo;entr\u00e9e et \u00e0 la sortie du concert<\/em>\u00ab\u00a0, lit-on dans l&rsquo;\u00e9tude.<\/p>\n<p>R\u00e9sultat ?\u00a0<strong>Aucune <\/strong>de ces personnes <strong>n&rsquo;a \u00e9t\u00e9 test\u00e9e positive au coronavirus<\/strong> apr\u00e8s le concert.\u00a0<\/p>\n<p>Qu&rsquo;en pense donc notre\u00a0ministre de la Culture\u00a0?\u00a0\u00ab\u00a0<em>Je regarde cette exp\u00e9rimentation avec beaucoup de soin<\/em>\u00ab\u00a0, a d\u00e9clar\u00e9 <strong>Roselyne Bachelot<\/strong>, au micro de <em>France Info<\/em>. Et d&rsquo;ajouter : \u00ab\u00a0O<em>n va en parler avec les professionnels<\/em>\u00ab\u00a0.<\/p>\n<h2>Un arr\u00eat de travail imm\u00e9diat en cas de contamination<\/h2>\n<p>D\u00e8s le 10\u00a0janvier, un travailleur\u00a0qui constate des sympt\u00f4mes ou qui a \u00e9t\u00e9 en contact avec un ou plusieurs contamin\u00e9s au coronavirus, pourra s&rsquo;inscrire sur le site de l&rsquo;Assurance maladie pour obtenir un arr\u00eat de travail \u00ab\u00a0<em>imm\u00e9diat<\/em>\u00a0\u00bb indemnis\u00e9 sans jour de carence, a annonc\u00e9 le Premier ministre.<\/p>\n<p>D\u00e8s le 20\u00a0janvier, chaque personne d\u00e9clar\u00e9e positive pourra b\u00e9n\u00e9ficier d&rsquo;une visite \u00e0 domicile par un infirmier.<\/p>\n<p>Et d&rsquo;ajouter : \u00ab\u00a0<em>L&rsquo;Assurance maladie proc\u00e8dera \u00e0 un suivi syst\u00e9matique avec deux \u00e0 trois appels t\u00e9l\u00e9phoniques sur 7\u00a0jours<\/em>\u00ab\u00a0.<\/p>\n<h2>L&rsquo;\u00e9tat d&rsquo;urgence sanitaire prolong\u00e9 ?<\/h2>\n<p>Le gouvernement devrait proposer\u00a0en Conseil des ministres du 13 janvier un texte de loi qui prolongerait <strong>l&rsquo;\u00e9tat d&rsquo;urgence sanitaire au 1er juin 2021\u00a0<\/strong>(au lieu du 16\u00a0f\u00e9vrier initialement vot\u00e9) . Le r\u00e9gime transitoire devrait, lui, \u00eatre fix\u00e9 jusqu&rsquo;au\u00a0au <strong>31\u00a0d\u00e9cembre 2021,<\/strong> contre la date du 1er avril initialement propos\u00e9e.<\/p>\n<p>La nouvelle version du protocole sanitaire en entreprise, d\u00e9voil\u00e9e le 6\u00a0janvier, permet aux salari\u00e9s volontaires, dont les t\u00e2ches peuvent \u00eatre t\u00e9l\u00e9travaill\u00e9es, de retourner au bureau une fois par semaine. \u00ab\u00a0<em>Pour les salari\u00e9s en t\u00e9l\u00e9travail \u00e0 100%, un retour en pr\u00e9sentiel est possible un jour par semaine au maximum lorsqu&rsquo;ils en expriment le besoin, avec l&rsquo;accord de leur employeur<\/em>\u00ab\u00a0, lit-on dans cette nouvelle version du protocole sanitaire. Une mesure prise pour soulager les salari\u00e9s dont la sant\u00e9 mentale est en jeu.\u00a0<\/p>\n<p>\u00ab\u00a0<em>Le t\u00e9l\u00e9travail pour ceux qui le peuvent reste la r\u00e8gle. Mais j&rsquo;entends les salari\u00e9s qui sont en t\u00e9l\u00e9travail 5j\/5\u00a0depuis 2\u00a0mois et qui souffrent d&rsquo;isolement<\/em>\u00ab\u00a0, a expliqu\u00e9 la ministre du Travail Elisabeth Borne, sur Twitter.\u00a0<\/p>\n<h2>F\u00eates clandestines au Nouvel An<\/h2>\n<p>Pour le <strong>Nouvel An<\/strong>, plusieurs f\u00eates clandestines ont rassembl\u00e9 des milliers de personnes en France. Une<strong> rave-party en Ille-et-Vilaine,<\/strong> en Bretagne, a m\u00eame r\u00e9uni <strong>2500 f\u00eatards<\/strong> pendant 36h, dans des hangars d\u00e9saffect\u00e9s.\u00a0Le 6 janvier, quatre personnes ont \u00e9t\u00e9 interpell\u00e9es et plac\u00e9es <strong>en garde \u00e0 vue<\/strong>. Elles sont soup\u00e7onn\u00e9es d&rsquo;avoir particip\u00e9 \u00e0 l&rsquo;organisation de la f\u00eate.<\/p>\n<p>G\u00e9rald Darmanin avait annonc\u00e9 que\u00a0<strong>6.650\u00a0personnes<\/strong> avaient \u00e9t\u00e9 verbalis\u00e9es au total, pour non respect du couvre-feu le soir du 31 d\u00e9cembre. 662\u00a0personnes ont \u00e9t\u00e9 interpell\u00e9es et 407 ont \u00e9t\u00e9 plac\u00e9es en garde \u00e0 vue. Au total, les forces de l&rsquo;ordre ont proc\u00e9d\u00e9 \u00e0 plus de <strong>45.000\u00a0contr\u00f4les <\/strong>le soir du r\u00e9veillon.\u00a0<\/p>\n<h2>Question du jour : Que\u00a0risque-t-on\u00a0s&rsquo;il on est\u00a0bloqu\u00e9 dans les embouteillages en plein couvre-feu ?<\/h2>\n<p>\u00c0 18h, sauf motif imp\u00e9rieux, vous devez \u00eatre arriv\u00e9 chez vous. Mais suis-je en tort si je suis encore <strong>bloqu\u00e9 dans les embouteillages<\/strong> alors que le couvre-feu a d\u00e9j\u00e0 commenc\u00e9 ?\u00a0\u00a0Selon <em>La Voix du Nord<\/em>, qui a interrog\u00e9 la pr\u00e9fecture du Nord et du Pas-de-Calais, \u00ab\u00a0<em>chacun est invit\u00e9 \u00e0 prendre ses pr\u00e9cautions pour pouvoir arriver \u00e0 l&rsquo;heure chez soi<\/em> \u00ab\u00a0, mais en cas de<strong> r\u00e9els embouteillages<\/strong> \u00ab\u00a0<em>les forces de l&rsquo;ordre pourront faire preuve de discernement et \u00e9tudier chaque situation au cas par cas\u00a0\u00bb.<\/em>\u00a0<\/p>\n<p>Pour les <strong>travailleurs <\/strong>qui n&rsquo;auraient pas r\u00e9ussi \u00e0 rentrer chez eux dans les temps,\u00a0\u00ab\u00a0<em>il conviendra de pr\u00e9senter le<strong> justificatif de d\u00e9placement professionnel<\/strong>, compl\u00e9t\u00e9 par l&#8217;employeur<\/em>\u00ab\u00a0, lit-on.<\/p>\n<h2>L&rsquo;\u00e9conomie, moins touch\u00e9e par le confinement de novembre<\/h2>\n<p>L&rsquo;activit\u00e9 a beaucoup mieux r\u00e9sist\u00e9 au confinement de novembre qu&rsquo;\u00e0 celui du\u00a0printemps,\u00a0selon une \u00e9tude de la Dares publi\u00e9e le 23 d\u00e9cembre. Pour le <strong>reconfinement<\/strong>, moins de\u00a0salari\u00e9s \u00e9taient en <strong>ch\u00f4mage partiel.<\/strong><\/p>\n<p>En novembre, <strong>39% des entreprises<\/strong> \u00e9taient en perte d&rsquo;activit\u00e9 (contre 80\u00a0% en avril) et <strong>4% \u00e9taient en arr\u00eat\u00a0<\/strong>(contre 12% d&rsquo;arr\u00eat au premier confinement), selon des statistiques du minist\u00e8re du Travail.\u00a0<\/p>\n<p>Les secteurs les plus touch\u00e9s par le confinement de novembre sont rest\u00e9s <strong>l&rsquo;h\u00e9bergement-restauration<\/strong> ainsi que\u00a0les \u00ab\u00a0<strong><em>autres activit\u00e9s de service<\/em><\/strong>\u00ab\u00a0, notamment le secteur des arts.<\/p>\n<p>En outre,<strong> 2,9\u00a0millions de salari\u00e9s<\/strong> \u00e9taient en activit\u00e9 partielle, contre 8,4 millions en avril.<\/p>\n<p>Depuis le 15 d\u00e9cembre, nous pouvons de nouveau <strong>nous d\u00e9placer dans les rues<\/strong> sans attestation, mais il faut\u00a0continuer \u00e0 respecter certaines mesures restrictives, comme l&rsquo;a annonc\u00e9 le Premier ministre le 10 d\u00e9cembre.<\/p>\n<p><strong>Qu&rsquo;avons-nous le droit de faire ou pas depuis\u00a0le 15 d\u00e9cembre ?<\/strong><\/p>\n<h3>Se d\u00e9placer sans attestation en journ\u00e9e<\/h3>\n<p>Il vous est d\u00e9sormais permis de <strong>vous d\u00e9placer sans attestation<\/strong>, sauf entre 18h et 6 du matin o\u00f9 le couvre-feu sera en vigueur. Il vous faudra alors une attestation de d\u00e9placement d\u00e9rogatoire si vous devez vous d\u00e9placer en cas de motifs imp\u00e9rieux.\u00a0<\/p>\n<h3>Rendre visite \u00e0 des amis ou voisins<\/h3>\n<p>Vous pouvez rendre visite \u00e0 des amis ou voisins jusqu&rsquo;\u00e0 18h.\u00a0<\/p>\n<h3>Se d\u00e9placer entre les r\u00e9gions<\/h3>\n<p>Vous pouvez d\u00e9sormais vous d\u00e9placer entre les r\u00e9gions sans limite de distance.<\/p>\n<h3>Se rendre sur les territoires d&rsquo;Outre-Mer<\/h3>\n<p>Il vous est possible de vous <strong>rendre sur les territoires d&rsquo;Outre-Mer,<\/strong> mais \u00ab\u00a0<em>le contr\u00f4le sanitaire fait l&rsquo;objet de mesures diff\u00e9renci\u00e9es selon les d\u00e9partements<\/em>\u00ab\u00a0, lit-on sur le site de la pr\u00e9fecture de la R\u00e9union. Un test PCR n\u00e9gatif est obligatoire pour se rendre en Guyane,\u00a0\u00e0 la R\u00e9union, ou en Martinique, par exemple.\u00a0<\/p>\n<h3>Voyager \u00e0 l&rsquo;\u00e9tranger<\/h3>\n<p>Il vous est possible de<strong> <a href=\"http:\/\/www.affinite.fr\/index.php\/2023\/07\/29\/changer-de-vie-voyager-complement-de-retraite-devenez-vendeur-de-glace-a-litalienne\/\">voyager<\/a> \u00e0 l&rsquo;\u00e9tranger<\/strong>, en th\u00e9orie. Toutefois, le quai d&rsquo;Orsay pr\u00e9cise : \u00ab\u00a0<em>Compte tenu de l&rsquo;\u00e9volution rapide de la pand\u00e9mie dans le monde, il sera indispensable de se tenir inform\u00e9 avant d&rsquo;envisager tout d\u00e9placement, en consultant les conseils aux voyageurs du minist\u00e8re des Affaires \u00e9trang\u00e8res<\/em>\u00ab\u00a0. Certains pays n&rsquo;autorisent pas, pour l&rsquo;instant, l&rsquo;acc\u00e8s aux voyageurs \u00e9trangers ou leur imposent une quatorzaine.<\/p>\n<h3>Se rendre dans un lieu de culte<\/h3>\n<p>Vous pouvez vous rendre dans les lieux de culte, mais mais deux si\u00e8ges doivent rester libres entre chaque personne ou entit\u00e9 familiale etseule une rang\u00e9e sur deux doit \u00eatre\u00a0occup\u00e9e.<\/p>\n<p>Les r\u00e8gles des<strong> lieux de culte<\/strong> ne seront pas revues \u00e0 la hausse pour l&rsquo;instant, afin de r\u00e9duire les brassages et concentrations de public.\u00a0<\/p>\n<h3>Se d\u00e9placer entre 18h\u00a0et 6h du matin, sauf&#8230;<\/h3>\n<p>Il ne vous est pas permis de vous d\u00e9placer pendant les heures du couvre-feu, sauf motif imp\u00e9rieux, \u00e0 savoir les\u00a0motifs professionnels, motifs familiaux, raisons m\u00e9dicales, pour r\u00e9aliser des missions d&rsquo;int\u00e9r\u00eat g\u00e9n\u00e9ral, pour les personnes en situation de handicap et leur accompagnants, et pour promener son animal domestique.<\/p>\n<h3>Faire son jogging le soir<\/h3>\n<p>La <strong>pratique sportive<\/strong>\u00a0ne repr\u00e9sente\u00a0pas un motif d\u00e9rogatoire au couvre-feu, puisqu&rsquo;elle est possible en journ\u00e9e.<\/p>\n<h3>Se rendre dans un cin\u00e9ma, salle de spectacle, casino&#8230;<\/h3>\n<p>Les cin\u00e9mas, th\u00e9\u00e2tres, salles de spectacle, mus\u00e9es, ne rouvriront\u00a0pas leurs portes pour l&rsquo;instant.\u00a0L&rsquo;accueil du public dans les cirques, salles de jeu, casinos, et autres rencontres sportives est \u00e9galement interdit.\u00a0<\/p>\n<h3>Se rendre au restaurant ou dans un bar<\/h3>\n<p>Jean Castex a affirm\u00e9 que la <strong>situation des restaurants et bars <\/strong>demeurait inchang\u00e9e pour l&rsquo;instant.\u00a0<\/p>\n<h3>Se rendre dans une salle de sport<\/h3>\n<p>Les salles de sport restent ferm\u00e9es pour l&rsquo;instant.<\/p>\n<p><strong>L&rsquo;attestation de d\u00e9placement d\u00e9rogatoire <\/strong>n&rsquo;est plus en vigueur, sauf entre 20h (ou 18h pour les d\u00e9partements susmention\u00e9s)\u00a0et 6h du matin.\u00a0<\/p>\n<p>Les<strong> d\u00e9rogations au couvre-feu seront possibles<\/strong> en cas de motifs professionnels, motifs familiaux, raisons m\u00e9dicales, pour r\u00e9aliser des missions d&rsquo;int\u00e9r\u00eat g\u00e9n\u00e9ral, pour les personnes en situation de handicap et leur accompagnants, et pour promener son animal domestique.<\/p>\n<p>En cas de voyage, notamment pour les d\u00e9parts en vacances, vous pourrez pr\u00e9senter votre<strong> billet de train ou d&rsquo;avion,\u00a0<\/strong>par exemple, afin de pouvoir vous <strong>d\u00e9placer <\/strong>ou\u00a0vous rendre jusqu&rsquo;\u00e0 votre destination<strong> apr\u00e8s 20h. Le titre de transport fait foi en cas de contr\u00f4le de Police.<\/strong><\/p>\n<h3>Puis-je me rendre chez des amis ou voisins apr\u00e8s ?\u00a0<\/h3>\n<p>Vous aurez tout \u00e0 fait le droit de vous rendre chez des amis ou voisins en journ\u00e9e. Toutefois, \u00e0 18h, vous devrez avoir regagn\u00e9 votre domicile, sauf en cas de d\u00e9rogations.<\/p>\n<h3>Dois-je me d\u00e9placer avec une attestation ?\u00a0<\/h3>\n<p>Vous n&rsquo;\u00eates plus dans l&rsquo;obligation d&rsquo;\u00eatre muni d&rsquo;une attestation pour vous d\u00e9placer, sauf entre 18h et 6 du matin. Attention, l&rsquo;attestation de d\u00e9placement d\u00e9rogatoire pendant le couvre-feu sera diff\u00e9rente de celle du confinement.<\/p>\n<h3>Faut-il se faire tester avant d&rsquo;aller voir ses proches\u00a0?<\/h3>\n<p>Cela n&rsquo;est pas une obligation.\u00a0\u00ab\u00a0<em>Vous pouvez \u00e9videmment vous faire tester, mais, s&rsquo;il vous pla\u00eet, n&rsquo;utilisez pas le test comme une sorte de totem d&rsquo;immunit\u00e9<\/em>\u00a0\u00bb , a pr\u00e9cis\u00e9\u00a0Olivier V\u00e9ran, qui a alert\u00e9 face aux probabilit\u00e9s de\u00a0\u00ab\u00a0<em>faux n\u00e9gatifs<\/em>\u00ab\u00a0.<\/p>\n<h3>Peut-on voyager apr\u00e8s 18h pendant le couvre- feu\u00a0?<\/h3>\n<p>En ce qui concerne les\u00a0voyages en train ou en avion apr\u00e8s 20\u00a0heures, ils sont autoris\u00e9s pendant le couvre-feu. Mais vous devez pouvoir pr\u00e9senter votre billet de transport en cas de contr\u00f4le.<\/p>\n<p>\u00ab\u00a0<em>Bien \u00e9videmment que les forces de l&rsquo;ordre, si vous \u00eates \u00e0 quelques dizaines de kilom\u00e8tres de votre lieu de destination et si vous pouvez \u00e9videmment le prouver par votre attestation, vous laisseront rejoindre votre lieu de vacances<\/em>\u00ab\u00a0, a ajout\u00e9 G\u00e9rald Darmanin durant la conf\u00e9rence de presse.<\/p>\n<h3>Puis-je sortir faire un jogging pendant le couvre-feu ?<\/h3>\n<p>Non, il ne vous sera pas possible de sortir pendant le couvre-feu pour pratiquer un sport, dans la mesure o\u00f9 c&rsquo;est d\u00e9j\u00e0 permis pendant la journ\u00e9e, a expliqu\u00e9 Jean Castex.\u00a0<\/p>\n<h2>\u00c9changes et remboursements sans frais \u00e0 la SNCF<\/h2>\n<p>La SNCF\u00a0a annonc\u00e9 que les <strong>\u00e9changes et annulations sans frais <\/strong>pour les trajets grandes lignes pourraient \u00eatre prolong\u00e9s jusqu&rsquo;au 7 mars.\u00a0Alain Krakovitch, directeur g\u00e9n\u00e9ral de Voyages SNCF, a indiqu\u00e9 sur Twitter, le 7 d\u00e9cembre : \u00ab\u00a0<em>Une bonne nouvelle pour d\u00e9marrer cette semaine: les \u00e9changes et remboursements pour les trajets du 5\u00a0janvier au 7\u00a0mars 2021\u00a0avec TGV Inoui, Ouigo et Intercit\u00e9s resteront sans frais, jusqu&rsquo;\u00e0 3\u00a0jours inclus avant le d\u00e9part\u00a0\u00bb<\/em>.<\/p>\n<h2>Vacances d&rsquo;hiver : exit le ski, place \u00e0 la mer et \u00e0 la campagne !<\/h2>\n<p>Le coronavirus a totalement perturb\u00e9 nos vacances d&rsquo;hiver&#8230; En novembre, les Fran\u00e7ais ont d\u00e9couvert que les remont\u00e9es m\u00e9caniques des <strong>stations de ski <\/strong>ne rouvriraient pas pour les f\u00eates de fin d&rsquo;ann\u00e9e&#8230; et ont donc totalement modifi\u00e9 leurs<strong> projets de vacances <\/strong>!\u00a0<\/p>\n<p>Abritel, expert de la location de vacances pour les familles, a remarqu\u00e9 que les <strong>destinations les plus recherch\u00e9es <\/strong>sur leur plateforme \u00e9taient, dans l&rsquo;ordre,\u00a0le <strong>Morbihan, les Bouches-du-Rh\u00f4ne, les Pyr\u00e9n\u00e9es-Atlantiques, le Vaucluse ou encore le Finist\u00e8re<\/strong>. Conclusion\u00a0?\u00a0Les destinations montagnardes restent demand\u00e9es, mais contrairement aux vacances de fin d&rsquo;ann\u00e9e habituelles, l&rsquo;int\u00e9r\u00eat pour les <strong>destinations r\u00e9put\u00e9es estivales<\/strong> est presque aussi fort.<\/p>\n<p>Timoth\u00e9e de Roux, directeur g\u00e9n\u00e9ral d&rsquo;Abritel, a toutefois remarqu\u00e9\u00a0: \u00ab\u00a0<em>Parmi les massifs fran\u00e7ais, les <strong>Vosges <\/strong>semblent mieux r\u00e9sister que les Alpes car les pratiques sportives locales sont moins d\u00e9pendantes des remont\u00e9es m\u00e9caniques et des infrastructures qui pourraient rester ferm\u00e9es pendant les vacances de No\u00ebl<\/em>\u00ab\u00a0.<\/p>\n<h2>Un confinement moins difficile gr\u00e2ce \u00e0 nos boules de poils ?<\/h2>\n<p>Selon le chercheur en neuroscience, Christophe Rodo, vous pouvez passer un confinement plus agr\u00e9able gr\u00e2ce \u00e0&#8230; votre<strong> animal de compagnie<\/strong> !<\/p>\n<p>C&rsquo;est la conclusion d&rsquo;une \u00e9tude de\u00a0plusieurs chercheurs anglais, qui ont compar\u00e9 les <strong>effets du confinement sur la sant\u00e9 mentale<\/strong>, en fonction de plusieurs param\u00e8tres.\u00a0<\/p>\n<p>Il en ressort qu&rsquo;avoir \u00e0 ses c\u00f4t\u00e9s un matou, un toutou ou un gentil perroquet aurait des <strong>effets b\u00e9n\u00e9fiques sur le moral<\/strong> et permettrait donc de vivre le confinement de mani\u00e8re moins difficile, a expliqu\u00e9 le scientifique dans le podcast de <em>Ouest-France<\/em>, <em>La T\u00eate Dans Le Cerveau<\/em>.<\/p>\n<h2>Insolite du jour\u00a0: Joseph, 92\u00a0ans, ermite et aficionado de pizza<\/h2>\n<p>Joseph, 92\u00a0ans, habite Suc\u00e9-sur-Erdre, pr\u00e8s de Nantes, et passe son confinement&#8230; \u00e0 <strong>savourer des pizzas<\/strong> ! Avant l&rsquo;assignation \u00e0 domicile, il cassait la cro\u00fbte dans le restaurant favori de sa ville. Mais depuis le confinement, il ne met plus le nez dehors, a d\u00e9couvert <strong>la livraison \u00e0 domicile<\/strong> et commande donc tous les jours une pizza, son <strong>unique repas de la journ\u00e9e<\/strong> (assortie de canettes de Coca-Cola).<\/p>\n<p>Le menu du restaurant\u00a0? Il ne le consulte m\u00eame pas\u00a0! \u00ab\u00a0<em>Ce qu&rsquo;il y a dedans ne m&rsquo;int\u00e9resse pas<\/em>\u00ab\u00a0, a-t-il confi\u00e9 \u00e0 <em>Ouest-France<\/em>.<\/p>\n<p>Il s&rsquo;agit d\u00e9sormais de son<strong> 34e jour de pizza<\/strong>. \u00ab\u00a0<em>C&rsquo;est une exp\u00e9rience qui me convient. Je peux manger la m\u00eame chose toute ma vie et ne pas sortir. J&rsquo;ai \u00e9t\u00e9 marin. J&rsquo;aurais fait un tr\u00e8s bon prisonnier de guerre<\/em>\u00ab\u00a0, a expliqu\u00e9 celui qui n&rsquo;a jamais rempli d&rsquo;attestation de d\u00e9placement&#8230;\u00a0<\/p>\n<p>Pour ce fervent croyant qui vit reclus, la<strong> r\u00e9ouverture des lieux de culte<\/strong> n&rsquo;est pas une n\u00e9cessit\u00e9\u00a0:\u00a0\u00ab\u00a0<em>La messe n&rsquo;a jamais \u00e9t\u00e9 vraiment indispensable aux chr\u00e9tiens. La plupart des saints ont v\u00e9cu comme des ermites et ils avaient la nature pour \u00e9glise<\/em>\u00ab\u00a0.<\/p>\n<h2>(Encore) Une f\u00eate qui d\u00e9g\u00e9n\u00e8re<\/h2>\n<p>Une quarantaine de personnes ont<strong> c\u00e9l\u00e9br\u00e9 un anniversaire\u00a0<\/strong>au Pellerin sur une parcelle proche de la Loire, dans la nuit du 28\u00a0au 29\u00a0novembre, selon <em>Ouest-France<\/em>.<\/p>\n<p>La f\u00eate s&rsquo;\u00e9tait tenue sur un terrain, en ext\u00e9rieur, et les participants \u00e9taient \u00e2g\u00e9s de <strong>20\u00a0\u00e0 25\u00a0ans<\/strong>, en moyenne. Les gendarmes sont intervenus dans la matin\u00e9e, et ont dress\u00e9 <strong>31\u00a0verbalisations<\/strong>, dont une qui incluait la d\u00e9tention de stup\u00e9fiants et conduite sous stup\u00e9fiants.<\/p>\n<p>Quant \u00e0 l&rsquo;organisateur de la soir\u00e9e, il va faire l&rsquo;objet d&rsquo;une proc\u00e9dure judiciaire pour\u00a0 <strong>mise en danger de la vie d&rsquo;autrui<\/strong>.<\/p>\n<p>Jean Castex a annonc\u00e9 la mise en place de <strong>contr\u00f4les al\u00e9atoires aux fronti\u00e8res<\/strong>. Les personnes se faisant contr\u00f4ler devraient \u00eatre test\u00e9es, et dans le cas o\u00f9 elles seraient <strong>positives au coronavirus<\/strong>, seraient imm\u00e9diatement plac\u00e9es en quarantaine pendant<strong> sept jours<\/strong>.\u00a0\u00ab\u00a0<em>L&rsquo;id\u00e9e, c&rsquo;est d&#8217;emp\u00eacher les Fran\u00e7ais d&rsquo;aller <strong>se contaminer dans les stations<\/strong><\/em>\u00a0\u00bb de Suisse ou d&rsquo;Espagne, qui, elles, ne sont pas ferm\u00e9es, a expliqu\u00e9 le Premier ministre sur <em>RMC<\/em> et <em>BFM<\/em>, face \u00e0 Jean-Jacques Bourdin. Il a toutefois pr\u00e9cis\u00e9 que les tentatives d&rsquo;<strong>harmonisation des mesures europ\u00e9ennes<\/strong> \u00e9taient toujours en cours.<\/p>\n<h2>Une rave-party en plein confinement<\/h2>\n<p>Encore une f\u00eate en plein confinement&#8230; Le confinement n&rsquo;a pas emp\u00each\u00e9 200 personnes de se r\u00e9unir pour une<strong> rave-party, \u00e0 Saint-Marcellin, en Is\u00e8re<\/strong>, dans la nuit du 28 au 29 novembre. Ils s&rsquo;\u00e9taient rassembl\u00e9s dans un b\u00e2timent d\u00e9saffect\u00e9 du centre-ville.\u00a0Ils auraient m\u00eame proc\u00e9d\u00e9 par deux fois \u00e0 des <strong>tirs de feux d&rsquo;artifice<\/strong>.<\/p>\n<p>Ce sont les <strong>voisins <\/strong>qui, perturb\u00e9s par les <strong>nuisances sonores<\/strong>, ont pr\u00e9venu les gendarmes.\u00a0Ceux-ci se sont rapidement rendus sur place. Ils ont d&rsquo;abord surveill\u00e9 le d\u00e9roulement de la soir\u00e9e, et ont attendu avant d&rsquo;agir, afin de pouvoir\u00a0\u00ab\u00a0<em>\u00e9vacuer dans de bonnes conditions de s\u00e9curit\u00e9<\/em>\u00ab\u00a0, selon<em> France 3<\/em>.<\/p>\n<p>Puis, ils\u00a0ont <strong>verbalis\u00e9<\/strong> les f\u00eatards inv\u00e9t\u00e9r\u00e9s pour non-respect du confinement, dans la matin\u00e9e du 29\u00a0novembre. Certains \u00e9taient \u00e9galement coupables de <strong>conduite sous l&#8217;emprise de l&rsquo;alcool ou de stup\u00e9fiants<\/strong>. Le propri\u00e9taire des lieux, qui n&rsquo;\u00e9tait pas au courant de cette f\u00eate clandestine, a <strong>port\u00e9 plainte<\/strong>.\u00a0<\/p>\n<h2>Les Fran\u00e7ais ont-ils quitt\u00e9 leur r\u00e9sidence principale ?<\/h2>\n<p>Pour ce <strong>deuxi\u00e8me confinement,\u00a0<\/strong>10 % de Fran\u00e7ais ont quitt\u00e9 leur<strong> r\u00e9sidence principale<\/strong>, selon un sondage Odoxa-CGI pour <em>Franceinfo<\/em> et <em>France Bleu<\/em>. Concr\u00e8tement, cela repr\u00e9sente <strong>cinq millions de Fran\u00e7ais<\/strong>, soit <strong>un million de plus<\/strong> que lors du premier confinement. Parmi eux, 14\u00a0% viennent d&rsquo;\u00eele-de-France, 13\u00a0%, des Hauts-de-France, et 11 %, d&rsquo;Occitanie.\u00a0\u00a0<\/p>\n<p>Bien que ce confinement ait \u00e9t\u00e9 moins strict que le pr\u00e9c\u00e9dent, la <strong>sant\u00e9 mentale <\/strong>des Fran\u00e7ais est plus inqui\u00e9tante qu&rsquo;au printemps. Selon le m\u00eame sondage, <strong>62 %<\/strong> des des habitants de l&rsquo;Hexagone gardent le moral&#8230;\u00a0ce qui repr\u00e9sente<strong> 13 points de moins<\/strong> que lors du premier confinement.<\/p>\n<h2>Librairies : un bilan (relativement) positif<\/h2>\n<p>Les librairies ont enfin pu rouvrir le 28 novembre. D\u00e9sormais, l&rsquo;heure est au rattrapage du chiffre d&rsquo;affaires perdu pendant ce mois de confinement. Toutefois, gr\u00e2ce au syst\u00e8me du \u00ab\u00a0Click &amp; Collect\u00a0\u00bb et \u00e0 la livraison \u00e0 domicile, beaucoup d&rsquo;entre eux\u00a0ont pu <strong>poursuivre les ventes<\/strong>.<\/p>\n<p>R\u00e9sultat ? En moyenne, les librairies ont r\u00e9alis\u00e9 <strong>40\u00a0% de leur chiffre d&rsquo;affaires habituel<\/strong>, selon le syndicat de la librairie fran\u00e7aise. Un chiffre qui n&rsquo;est pas si catastrophique, notamment compar\u00e9 au confinement de novembre.\u00a0<\/p>\n<p>Il semble que les Fran\u00e7ais aient \u00e9t\u00e9 port\u00e9s par un \u00e9lan de solidarit\u00e9 qui les a pouss\u00e9s \u00e0 soutenir les livres et les libraires !<\/p>\n<div class=\"ccminsert\">\n<blockquote class=\"twitter-tweet\">\n<p dir=\"ltr\" lang=\"fr\">Les librairies ont r\u00e9sist\u00e9 en novembre: au terme de ces quatre semaines in\u00e9dites, la situation est finalement moins mauvaise que pr\u00e9vu <a href=\"https:\/\/t.co\/C07wKZl5NU\">pic.twitter.com\/C07wKZl5NU<\/a><\/p>\n<p>\u2014 BFM Business (@bfmbusiness) <a href=\"https:\/\/twitter.com\/bfmbusiness\/status\/1333302500816982018?ref_src=twsrc%5Etfw\">November 30, 2020<\/a><\/p><\/blockquote>\n<\/div>\n<h2>L&#8217;empreinte carbone en baisse, mais pas la consommation<\/h2>\n<p><strong>L&#8217;empreinte carbone des Fran\u00e7ais <\/strong>a chut\u00e9 d&rsquo;environ <strong>36\u00a0%\u00a0<\/strong>durant les deux premi\u00e8res semaines d&rsquo;assignation \u00e0 domicile, par rapport \u00e0 la moyenne hors-confinement, selon une \u00e9tude Greenly. Il s&rsquo;agit tout de m\u00eame une baisse moins importante que durant les deux premi\u00e8res semaines du\u00a0<strong>confinement de printemps<\/strong>, o\u00f9 l&#8217;empreinte carbone des Fran\u00e7ais avait <strong>diminu\u00e9 de 65\u00a0%<\/strong>.<\/p>\n<p>Dans le d\u00e9tail, <strong>l&#8217;empreinte carbone des transports<\/strong> a baiss\u00e9 de <strong>67\u00a0%<\/strong>\u00a0pour cette deuxi\u00e8me vague, par rapport \u00e0 une p\u00e9riode hors-confinement.\u00a0<\/p>\n<p>Quant \u00e0 la <strong>consommation des Fran\u00e7ais<\/strong>, elle reste stable, selon l&rsquo;\u00e9tude, sauf en ce qui concerne <strong>l&rsquo;habillement<\/strong>. Les habitants de l&rsquo;Hexagone avaient <strong>achet\u00e9 en masse<\/strong> des v\u00eatements durant la p\u00e9riode qui a pr\u00e9c\u00e9d\u00e9 le couvre-feu, mais la consommation en habillement a ensuite remarquablement baiss\u00e9.\u00a0<\/p>\n<h2>Confinement = tapage nocturne&#8230; CQFD ?<\/h2>\n<p>Cons\u00e9quence directe du (non-respect du) confinement ? Les<strong> verbalisations pour tapage nocturne<\/strong> ont augment\u00e9 significativement \u00e0 Paris depuis le 22 septembre, soit l&rsquo;annonce de la fermeture des bars \u00e0 22h, selon <em>20 Minutes<\/em>.<\/p>\n<h2>Une baisse des suicides malgr\u00e9 tout&#8230;<\/h2>\n<p>M\u00eame si les chiffres montrent que la <strong>sant\u00e9 mentale des Fran\u00e7ais<\/strong> en a pris un coup avec ce deuxi\u00e8me confinement, il semblerait que le <strong>nombre de suicides<\/strong> n&rsquo;ait pas augment\u00e9 dans l&rsquo;Hexagone.\u00a0<\/p>\n<p>\u00ab\u00a0<em>On n&rsquo;a pas aujourd&rsquo;hui une vague suicidaire. On assiste m\u00eame plut\u00f4t au contraire\u00a0: selon les remont\u00e9es de terrain que j&rsquo;ai, nous sommes en dessous des chiffres de 2019, un peu partout en France<\/em>\u00ab\u00a0, a confirm\u00e9 au <em>Monde<\/em>\u00a0Guillaume Vaiva,\u00a0vice-pr\u00e9sident du Groupement d&rsquo;\u00e9tudes et de pr\u00e9vention du suicide.<\/p>\n<h2>Enferm\u00e9s&#8230; sous les U.V<\/h2>\n<p>Cette ann\u00e9e a \u00e9t\u00e9 \u00e9prouvante pour moult Fran\u00e7ais, mais au moins, <strong>le soleil a brill\u00e9 sur l&rsquo;Hexagone<\/strong>&#8230; et m\u00eame sur la capitale ! Selon des donn\u00e9es relev\u00e9es par la station M\u00e9t\u00e9o-France du parc Montsouris, la barre des<strong> 2.000\u00a0heures d&rsquo;ensoleillement<\/strong> \u00e0 Paris a \u00e9t\u00e9 d\u00e9pass\u00e9e sur 2020, ce qui n&rsquo;\u00e9tait pas arriv\u00e9 depuis 1959\u00a0!\u00a0<\/p>\n<p>Plus de <strong>2.023\u00a0heures de soleil <\/strong>ont \u00e9t\u00e9 pour l&rsquo;instant relev\u00e9es \u00e0 Paris, depuis le 1er janvier. \u00c0 titre de comparaison, chaque ann\u00e9e, le soleil brille en moyenne pendant <strong>1600 heures<\/strong> dans la Ville Lumi\u00e8re (qui porte bien son nom, cette ann\u00e9e).<\/p>\n<h2>La jeunesse, g\u00e9n\u00e9ration sacrifi\u00e9e ?<\/h2>\n<p>Pour 75 % des Fran\u00e7ais, les jeunes d&rsquo;aujourd&rsquo;hui sont une <strong>g\u00e9n\u00e9ration sacrifi\u00e9e<\/strong>, selon un sondage Odoxa pour <em>Le Figaro<\/em> et <em>France Info<\/em>.<\/p>\n<p>Environ 65\u00a0%\u00a0des sond\u00e9s estiment que la <strong>jeunesse<\/strong> est \u00ab\u00a0<em>celle qui est actuellement la plus p\u00e9nalis\u00e9e par la crise sanitaire et ses cons\u00e9quences<\/em>\u00a0\u00bb et 85\u00a0% consid\u00e8rent qu&rsquo;elle \u00ab\u00a0<em>sera plus encore \u00e0 l&rsquo;avenir p\u00e9nalis\u00e9e par les cons\u00e9quences \u00e9conomiques de cette crise sanitaire<\/em>\u00ab\u00a0.<\/p>\n<p>Quant aux principaux int\u00e9ress\u00e9s, les jeunes, ils sont 75\u00a0%\u00a0\u00e0 d\u00e9clarer qu&rsquo;ils subissent \u00ab\u00a0<em>des<strong> pr\u00e9judices importants<\/strong><\/em>\u00ab\u00a0, depuis le d\u00e9but de la pand\u00e9mie, que ce soit sur le plan professionnel, \u00e9conomique ou sentimental.<\/p>\n<p>Ils sont 57\u00a0% \u00e0 avoir du mal \u00e0 supporter le confinement, mais 46\u00a0% d&rsquo;entre eux sont <strong>inquiets<\/strong> pour leur sant\u00e9, et 80\u00a0%\u00a0<strong>craignent pour celle de leur proche<\/strong>.<\/p>\n<p>D&rsquo;un autre c\u00f4t\u00e9, un Fran\u00e7ais sur deux estime que la jeunesse est en grande partie <strong>responsable<\/strong> \u00ab\u00a0<em>de la situation sanitaire actuelle car c&rsquo;est elle qui a le plus propag\u00e9 l&rsquo;\u00e9pid\u00e9mie<\/em>\u00ab\u00a0.\u00a0<\/p>\n<h2>Plus de Blablabus avant mars 2021\u00a0<\/h2>\n<p>Les <strong>Blablabus ne circuleront plus en Europe<\/strong> avant le printemps 2021.\u00a0\u00ab\u00a0<em>On veut \u00e9viter de faire le yo-yo\u00a0: relancer pour No\u00ebl, refermer d\u00e9but janvier<\/em>\u00ab\u00a0, a expliqu\u00e9 Nicolas Brusson, directeur g\u00e9n\u00e9ral du groupe.<\/p>\n<p>Et de pr\u00e9ciser que d&rsquo;ici mars, le groupe esp\u00e8re que l&rsquo;on \u00ab\u00a0<em>aura quitt\u00e9 le stop &amp; go, le confinement\/d\u00e9confinement. Les annonces de ces derniers jours sur les vaccins ont l&rsquo;air d&rsquo;aller dans ce sens<\/em>\u00ab\u00a0.<\/p>\n<p>Quant aux billets d\u00e9j\u00e0 vendus, ils <strong>seront rembours\u00e9s<\/strong>.<\/p>\n<h2>D\u00e9pression : les Fran\u00e7ais confin\u00e9s, 2 fois plus touch\u00e9s\u00a0<\/h2>\n<p><span style=\"font-size: 1rem;\">Enfermement, isolement, limitation des d\u00e9placements, des contacts sociaux, des achats&#8230; Depuis un mois, une <\/span><strong style=\"font-size: 1rem;\">nouvelle vague de d\u00e9pression<\/strong><span style=\"font-size: 1rem;\"> est observ\u00e9e en France. <\/span><\/p>\n<p><span style=\"font-size: 1rem;\">Le nombre de personnes consid\u00e9r\u00e9es comme \u00ab\u00a0<\/span><em style=\"font-size: 1rem;\">en \u00e9tat d\u00e9pressif\u00a0\u00bb<\/em><span style=\"font-size: 1rem;\"> a presque doubl\u00e9 entre la fin septembre et le d\u00e9but novembre, passant de 11\u00a0% \u00e0 21\u00a0%\u00a0comme l&rsquo;a pr\u00e9cis\u00e9 le directeur g\u00e9n\u00e9ral de la Sant\u00e9, J\u00e9r\u00f4me Salomon. <\/span><\/p>\n<p><span style=\"font-size: 1rem;\">Manifestement, outre le ph\u00e9nom\u00e8ne de la d\u00e9pression saisonni\u00e8re, le <\/span><strong style=\"font-size: 1rem;\">couvre-feu et le deuxi\u00e8me confinement<\/strong><span style=\"font-size: 1rem;\"> ont pes\u00e9\u00a0lourd sur la <\/span><strong style=\"font-size: 1rem;\">sant\u00e9 mentale des Fran\u00e7ais<\/strong><span style=\"font-size: 1rem;\">. <\/span><\/p>\n<h3><span style=\"font-size: 1rem;\">Solitude et tristesse<\/span><\/h3>\n<p><span style=\"font-size: 1rem;\">\u00ab\u00a0<\/span><em style=\"font-size: 1rem;\">La crise sanitaire du Covid-19\u00a0a r\u00e9v\u00e9l\u00e9 la vuln\u00e9rabilit\u00e9 psychique de nombreux Fran\u00e7ais<\/em><span style=\"font-size: 1rem;\">\u00ab\u00a0, a comment\u00e9 le directeur g\u00e9n\u00e9ral de la sant\u00e9. Parmi les plus touch\u00e9s, on trouve les jeunes de 18\u00a0\u00e0 24\u00a0ans, les inactifs, les seniors et les personnes en difficult\u00e9 financi\u00e8re.<\/span><\/p>\n<h2>Un homme se fait contr\u00f4ler sans attestation&#8230; et se retrouve en prison<\/h2>\n<p>Un habitant de Dunkerque, dans le Nord, \u00e2g\u00e9 de 22\u00a0ans, s&rsquo;est fait <strong>contr\u00f4ler trois fois<\/strong> depuis le 1er novembre, alors qu&rsquo;il se d\u00e9pla\u00e7ait&#8230; sans attestation. Il a d&rsquo;abord \u00e9cop\u00e9 d&rsquo;une <strong>amende de 135 euros, puis de 200 euros<\/strong>. Mais la troisi\u00e8me fois qu&rsquo;il s&rsquo;est fait prendre la main dans le sac, le 14 novembre, vers 1h du matin, il a \u00e9t\u00e9 <strong>directement interpell\u00e9<\/strong>, raconte le site <em>Actu.fr<\/em>.<\/p>\n<p>Il est m\u00eame pass\u00e9 devant un juge, puis a \u00e9t\u00e9, ni plus ni moins, incarc\u00e9r\u00e9. Verdict ? <strong>Deux mois de prison <a href=\"http:\/\/www.affinite.fr\/index.php\/2022\/10\/22\/la-creme-glacee-la-nouvelle-culture-commerciale\/\">ferme<\/a><\/strong>, auxquels se sont ajout\u00e9s six mois suppl\u00e9mentaires de prison ferme pour <strong>deux peines<\/strong> qu&rsquo;il n&rsquo;avait pas purg\u00e9es.<\/p>\n<p>Il faut dire que\u00a0G\u00e9rald Darmanin avait somm\u00e9 les pr\u00e9fets de faire preuve de <strong>davantage de fermet\u00e9<\/strong> face au non-respect du confinement&#8230;<\/p>\n<h2>Faits (insolites)\u00a0: P\u00e9nurie de raclette et courses en slip\u00a0:<\/h2>\n<h2>Dix \u00e0 table\u00a0? Calculez le risque d&rsquo;attraper\u00a0le coronavirus<\/h2>\n<p><strong>Conna\u00eetre votre risque d&rsquo;attraper le Coronavirus<\/strong> en fonction de la taille des \u00e9v\u00e9nements auxquels vous souhaitez participer, <strong>c&rsquo;est d\u00e9sormais possible<\/strong>\u00a0! Mis en ligne mi-juillet, le site\u00a0<em><a href=\"https:\/\/covid19risk.biosci.gatech.edu\/\">Covid-19 Event Risk Assessment Planning Tool<\/a><\/em> le calcule pour vous !\u00a0<\/p>\n<p>Vous souhaitez participer \u00e0 un diner <strong>de dix personnes dans les Yvelines<\/strong>\u00a0? Vous avez <strong>32\u00a0% <\/strong>de risque d&rsquo;attraper le Covid-19. Vous souhaitez c\u00e9l\u00e9brer votre anniversaire <strong>avec quinze de vos amis dans le Bas-Rhin<\/strong>\u00a0? <strong>Risqu\u00e9<\/strong>, puisque vous avez <strong>56\u00a0%<\/strong> de chance d&rsquo;\u00eatre contamin\u00e9. Vous avez pr\u00e9vu d&rsquo;organiser votre mariage <strong>recensant 80\u00a0invit\u00e9s en Vend\u00e9e<\/strong>\u00a0? Vous devriez envisager de reporter car vous avez <strong>77\u00a0% de chance d&rsquo;attraper le Coronavirus<\/strong>.\u00a0<\/p>\n<p>Des statistiques fiables qui se basent sur <strong>le raisonnement de chercheurs de l&rsquo;universit\u00e9 Georgia Tech<\/strong> dont le travail a r\u00e9cemment \u00e9t\u00e9 valid\u00e9 par une publication dans l&rsquo;une des prestigieuses revues scientifiques <i>Nature<\/i>.\u00a0<\/p>\n<p><strong>Alors comment \u00e7a fonctionne\u00a0? <\/strong>Pour proc\u00e9der \u00e0 leurs calculs, les chercheurs se basent sur <strong>les nombres officiels des contaminations par d\u00e9partement<\/strong>. Un recensement auquel s&rsquo;ajoute l&rsquo;hypoth\u00e8se selon laquelle les contaminations r\u00e9elles seraient <strong>cinq \u00e0 dix fois sup\u00e9rieures <\/strong>que<strong>\u00a0<\/strong>les chiffres officiels ne l&rsquo;indiquent. Ainsi, les pr\u00e9c\u00e9dentes estimations se sont bas\u00e9es sur l&rsquo;id\u00e9e que seul un cas sur dix \u00e9tait d\u00e9tect\u00e9.\u00a0<\/p>\n<div style=\"text-align:center\">\n<figure class=\"image\" style=\"display:inline-block\"><img decoding=\"async\" alt=\"\" src=\"https:\/\/img-3.journaldesfemmes.fr\/gIOCdRY9cYlgEiZC1SqG3ahihuQ=\/600x\/smart\/f3e468d1b2bf4511952cd902f4af89fe\/ccmcms-jdf\/20074670.png\"\/><figcaption data-credit=\"Capture d'\u00e9cran du site Covid-19 Event Risk Assessment Planning Tool\"><small>\u00a9\u00a0Capture d&rsquo;\u00e9cran du site Covid-19 Event Risk Assessment Planning Tool<\/small><\/figcaption><\/figure>\n<\/div>\n<p>A noter que,\u00a0selon les propos tenus par son cr\u00e9ateur, Joshua Weitz\u00a0\u00e0 l&rsquo;AFP, l&rsquo;outil\u00a0base ses calculs sur l&rsquo;id\u00e9e qu&rsquo;<strong>une personne positive reste contagieuse pendant dix jours<\/strong>. Une pr\u00e9vision qui\u00a0s&rsquo;\u00e9l\u00e8ve pourtant plut\u00f4t \u00e0 <strong>cinq-six jours<\/strong>. Le cas de figure de <strong>l&rsquo;isolement des personnes contamin\u00e9es<\/strong> n&rsquo;est pas non plus pris en compte. Mais, le site souligne tout de m\u00eame que la plupart des contaminations proviennent de personnes qui n&rsquo;ont <strong>pas ou peu de sympt\u00f4mes.\u00a0<\/strong><\/p>\n<p>Une <strong>approche qui poursuit un objectif <\/strong>selon les confidences de Joshua Weitz\u00a0: <i>\u00ab\u00a0Nous esp\u00e9rons que ces informations conduiront les gens \u00e0 ne pas organiser ou \u00e0 remettre en question leur participation \u00e0 de grands \u00e9v\u00e9nements, ainsi qu&rsquo;\u00e0 un renforcement du port du masque.\u00a0\u00bb<\/i>\u00a0<\/p>\n<h2>Un confinement altern\u00e9 permettrait de r\u00e9duire le risque de contamination par 4<\/h2>\n<h3><strong>Se confiner une semaine sur deux<\/strong>.<\/h3>\n<p>C&rsquo;est ce que propose une \u00e9quipe de chercheurs majoritairement isra\u00e9liens dont le travail vient d&rsquo;\u00eatre pr\u00e9-publi\u00e9 dans la rue <em>Nature Communications<\/em>.<br \/>Leur <strong>id\u00e9e<\/strong> est simple\u00a0: <strong>permettre \u00e0 seulement 50\u00a0% de la population<\/strong> de sortir en m\u00eame temps. Un stratag\u00e8me qui permettrait de <strong>r\u00e9duire le risque de contamination par quatre,<\/strong> \u00e0 en croire leurs recherches. \u00ab\u00a0<em>Une personne reste chez elle une semaine sur deux, ce qui divise par deux la chance d&rsquo;\u00eatre contamin\u00e9e par des gens \u00e0 l&rsquo;ext\u00e9rieur<\/em>, d\u00e9taille \u00e0 <em>Sciences et Avenir<\/em>\u00a0la chercheuse fran\u00e7aise Navi Schulmann, qui a particip\u00e9 aux recherches.\u00a0<em>La semaine o\u00f9 elle sort, elle ne rencontre que la moiti\u00e9 de la population qu&rsquo;elle a l&rsquo;habitude de rencontrer, ce qui divise encore une fois par deux les chances de contamination<\/em>.\u00a0\u00bb\u00a0<br \/>Tout en \u00e9tant <strong>presque aussi efficace<\/strong> selon les scientifiques, cette solution pourrait permettre d&rsquo;<strong>\u00e9viter de recourir au confinement total<\/strong>.\u00a0\u00ab\u00a0<em>On voit que notre m\u00e9thode [&#8230;] est comparable au confinement classique de 75\u00a0\u00e0 80% de la population<\/em>\u00ab\u00a0, pr\u00e9cise Nava Schulmann,\u00a0dont le travail consistait \u00e0 effectuer\u00a0les simulations num\u00e9rique d&rsquo;un confinement altern\u00e9.\u00a0\u00a0<\/p>\n<p><strong>Une solution pour autant compliqu\u00e9e\u00a0\u00e0 mettre en oeuvre<\/strong>, comme a tenu \u00e0 le souligner l&rsquo;urgentiste Patrick Pelloux sur le plateau de <em>BFM-TV<\/em>: \u00ab\u00a0<em>La gestion d&rsquo;un peuple doit \u00eatre simple et pas contraignante<\/em>\u00ab\u00a0, a-t-il indiqu\u00e9.<\/p>\n<p>Et pour cause\u00a0: la mise en place d&rsquo;une telle solution demanderait \u00e0 ce que <strong>chaque personne appartenant au m\u00eame foyer fasse partie du m\u00eame groupe <\/strong>de sortie afin d&rsquo;\u00e9viter la multiplication des contacts avec l&rsquo;autre groupe.Un v\u00e9ritable casse-t\u00eate !\u00a0<\/p>\n<h2>Faits du jour\u00a0:<\/h2>\n<section>\n<h2>Des envies d&rsquo;\u00e9vasion (contrari\u00e9es)<\/h2>\n<\/section>\n<h2>Les Fran\u00e7ais d\u00e9pensent beaucoup et stockent toujours<\/h2>\n<h2>Une amende pour les personnes atteintes de Covid-19\u00a0qui ne respectent pas l&rsquo;isolement\u00a0?<\/h2>\n<p>D&rsquo;apr\u00e8s les informations d&rsquo;<em>Europe 1<\/em>, <strong>le gouvernement fran\u00e7ais r\u00e9fl\u00e9chit \u00e0 rendre obligatoire l&rsquo;isolement des personnes atteintes du Covid-19. <\/strong>Les personnes infect\u00e9es\u00a0pourraient alors \u00eatre contr\u00f4l\u00e9es de pr\u00e8s, avec des amendes en cas de manquement. Des patients test\u00e9s positifs choisissent, en effet, de ne pas \u00e9bruiter leur \u00e9tat de sant\u00e9 pour continuer \u00e0 travailler et ne pas s&rsquo;isoler une semaine, au risque de continuer \u00e0 propager le virus. Au cours de\u00a0son allocution le 28\u00a0octobre dernier, pour annoncer le reconfinement, Emmanuel Macron avait appel\u00e9 \u00e0 un isolement plus efficace des p\u00e9riodes positives pour pouvoir sortir efficacement du confinement.\u00a0En Suisse, au Royaume-Uni et dans de nombreux pays d&rsquo;Asie, les patients contamin\u00e9s peuvent d\u00e9j\u00e0 se voir infliger une lourde contravention s&rsquo;ils sortent de chez eux avant la fin du d\u00e9lai impos\u00e9 par les autorit\u00e9s sanitaires.<\/p>\n<h2><b data-original-fontsize=\"19px\" data-original-lineheight=\"30px\">Pas de confinement cibl\u00e9\u00a0pour les personnes \u00e2g\u00e9es<\/b><\/h2>\n<p>Le porte-parole du gouvernement Gabriel Attal \u00e9carte un confinement impos\u00e9 pour les seniors.\u00a0<em>\u00ab\u00a0D&rsquo;abord parce qu&rsquo;\u00e9thiquement, ce serait objectivement compliqu\u00e9\u00a0\u00bb, <\/em>a-t-il soulign\u00e9 sur <em>Europe1<\/em>.\u00a0<em>\u00ab\u00a0Ensuite parce que c&rsquo;est parfois m\u00e9conna\u00eetre la situation de beaucoup de personnes \u00e2g\u00e9es qui ne vivent pas seules et qui vivent avec parfois plusieurs g\u00e9n\u00e9rations de la m\u00eame famille dans le m\u00eame appartement\u00a0\u00bb<\/em>, a-t-il ajout\u00e9.<\/p>\n<p><strong><em>\u00ab\u00a0Aujourd&rsquo;hui, il n&rsquo;y a pas un pays qui ait mis un confinement pour les personnes fragiles. Aujourd&rsquo;hui, la strat\u00e9gie qui fonctionne, c&rsquo;est celle d&rsquo;un confinement g\u00e9n\u00e9ralis\u00e9\u00a0\u00bb,<\/em><\/strong> a martel\u00e9 Olivier V\u00e9ran ce dimanche sur <em>France Inter<\/em>. Le ministre de la Sant\u00e9 a \u00e9galement not\u00e9\u00a0<em>\u00ab\u00a0un ralentissement de la progression de l&rsquo;\u00e9pid\u00e9mie\u00a0\u00bb<\/em> gr\u00e2ce au respect de l&rsquo;isolement par les Fran\u00e7ais.<\/p>\n<p>L&rsquo;ex\u00e9cutif avait r\u00e9fl\u00e9chi\u00a0\u00e0 un possible <strong>confinement\u00a0des personnes \u00e0 risques<\/strong>, selon les informations du <em>Monde <\/em>du 6\u00a0novembre.\u00a0\u00ab\u00a0<em>On travaille dessus, si l&rsquo;\u00e9pid\u00e9mie r\u00e9duit<\/em>\u00ab\u00a0, aurait-on d\u00e9clar\u00e9 dans l&rsquo;entourage d&rsquo;Emmanuel Macron. Le 26\u00a0octobre, le conseil scientifique avait estim\u00e9 \u00e0 <strong>22\u00a0millions<\/strong> le nombre de personnes dites vuln\u00e9rables, en France. Un chiffre qui comprend les <strong>seniors,<\/strong> mais aussi des <strong>jeunes<\/strong> avec \u00ab\u00a0<em><strong>facteurs de comorbidit\u00e9<\/strong> (diab\u00e8te, surpoids, insuffisance r\u00e9nale, cancer)<\/em>\u00ab\u00a0.<\/p>\n<p>Toutefois, pour le conseil scientifique, ce type de confinement \u00ab\u00a0<em><strong>ne pourrait \u00eatre obligatoire<\/strong>, pour des raisons \u00e0 la fois \u00e9thiques, sociales et sans doute juridiques (rupture d&rsquo;\u00e9galit\u00e9)<\/em>\u00ab\u00a0. \u00ab\u00a0<em>Cela serait penser que les jeunes ne sont pas touch\u00e9s par la maladie<\/em>\u00ab\u00a0, avait d\u00e9j\u00e0 mod\u00e9r\u00e9 un membre du minist\u00e8re.<\/p>\n<h2>Le coup de gueule d&rsquo;Olivier V\u00e9ran<\/h2>\n<p>Les d\u00e9put\u00e9s de l&rsquo;Opposition sont parvenus le 4 novembre \u00e0 voter pour le prolongement de <strong>l&rsquo;\u00e9tat d&rsquo;urgence sanitaire<\/strong> jusqu&rsquo;au 14\u00a0<strong>d\u00e9cembre<\/strong>, alors que la Majorit\u00e9 souhaitait le maintenir jusqu&rsquo;\u00e0 <strong>f\u00e9vrier<\/strong>.\u00a0Scandalis\u00e9 par ce coup politique\u00a0et las des <strong>critiques<\/strong>\u00a0face aux mesures restrictives du gouvernement, <strong>Olivier V\u00e9ran a pouss\u00e9 un v\u00e9ritable coup de gueule<\/strong> \u00e0 l&rsquo;Assembl\u00e9e Nationale.<\/p>\n<p>Le ministre de la Sant\u00e9 a expliqu\u00e9 qu&rsquo;il venait de visiter le service de r\u00e9animation d&rsquo;un\u00a0h\u00f4pital de Corbeil-Essonnes, en \u00cele-de-France&#8230; et\u00a0a <strong>perdu son sang froid<\/strong>, en interpellant ceux qui ne mesuraient pas la <strong>gravit\u00e9 du coronavirus<\/strong>: \u00ab\u00a0<em>Dans la premi\u00e8re chambre, il y avait un jeune homme de 28\u00a0ans, dans le coma, intub\u00e9 et ventil\u00e9 avec pas loin de dix pousse-seringue pour pouvoir \u00e0 la fois l&rsquo;alimenter et lui fournir les m\u00e9dicaments essentiels pour le maintenir en vie<\/em>\u00ab\u00a0. Laissant la col\u00e8re monter, il a martel\u00e9: \u00ab\u00a0<em>Dans la deuxi\u00e8me chambre, il y avait un homme de 35\u00a0ans en surpoids. C&rsquo;est \u00e7a la r\u00e9alit\u00e9, mesdames et messieurs les d\u00e9put\u00e9s. <strong>Si vous ne voulez pas l&rsquo;entendre, sortez d&rsquo;ici<\/strong><\/em>\u00ab\u00a0.<\/p>\n<div class=\"ccminsert\">\n<aside class=\"app_widget_fo app_widget_fo--list app_widget_fo--list-2-col\">\n<ul>\n<li>\n<h3>\n                    <a href=\"https:\/\/sante.journaldesfemmes.fr\/fiches-maladies\/2608487-voyage-covid-19-vacances-france-hors-europe-attestation-test-motifs-imperieux\/\" class=\"jGTMWidgetGAEventClick\" data-gtmwidgetgaeventaction=\"clickWidgetListOnTwoColumns\" data-gtmwidgetgaeventlabel=\"Voyage et Covid-19\u00a0: France, Europe, attestation, conditions\"><br \/>\n                        Voyage et Covid-19\u00a0: France, Europe, attestation, conditions<br \/>\n                    <\/a><br \/>\n                <\/h3>\n<\/li>\n<li>\n<h3>\n                    <a href=\"https:\/\/sante.journaldesfemmes.fr\/fiches-maladies\/2634451-sport-covid-19-interdit-autorise-scolaire-lycee-interieur-date-reouverture-salle-gymnase\/\" class=\"jGTMWidgetGAEventClick\" data-gtmwidgetgaeventaction=\"clickWidgetListOnTwoColumns\" data-gtmwidgetgaeventlabel=\"Sport et Covid-19\u00a0: salles, gymnase, interdits, autoris\u00e9s\"><br \/>\n                        Sport et Covid-19\u00a0: salles, gymnase, interdits, autoris\u00e9s<br \/>\n                    <\/a><br \/>\n                <\/h3>\n<\/li>\n<li>\n<h3>\n                    <a href=\"https:\/\/sante.journaldesfemmes.fr\/fiches-sante-du-quotidien\/2677829-sante-mentale-covid-19-impact-confinement-france-travail-definition-test-jeunes-chiffres-statistiques\/\" class=\"jGTMWidgetGAEventClick\" data-gtmwidgetgaeventaction=\"clickWidgetListOnTwoColumns\" data-gtmwidgetgaeventlabel=\"Sant\u00e9 mentale\u00a0et Covid\u00a0: chez les jeunes, chiffres en France\"><br \/>\n                        Sant\u00e9 mentale\u00a0et Covid\u00a0: chez les jeunes, chiffres en France<br \/>\n                    <\/a><br \/>\n                <\/h3>\n<\/li>\n<li>\n<h3>\n                    <a href=\"https:\/\/sante.journaldesfemmes.fr\/quotidien\/2626091-effets-psychologiques-reconfinement-isolement-coronavirus-covid-conseaquences-bien-le-vivre-depression\/\" class=\"jGTMWidgetGAEventClick\" data-gtmwidgetgaeventaction=\"clickWidgetListOnTwoColumns\" data-gtmwidgetgaeventlabel=\"Quelles sont les cons\u00e9quences psychologiques d'un confinement\u00a0?\"><br \/>\n                        Quelles sont les cons\u00e9quences psychologiques d&rsquo;un confinement\u00a0?<br \/>\n                    <\/a><br \/>\n                <\/h3>\n<\/li>\n<li>\n<h3>\n                    <a href=\"https:\/\/sante.journaldesfemmes.fr\/fiches-sexo-gyneco\/2627829-pilule-confinement-renouvellement-ordonnance-expiree-comment-faire\/\" class=\"jGTMWidgetGAEventClick\" data-gtmwidgetgaeventaction=\"clickWidgetListOnTwoColumns\" data-gtmwidgetgaeventlabel=\"Pilule\u00a0et confinement\u00a0: urgence, ordonnance expir\u00e9e, comment faire\u00a0?\"><br \/>\n                        Pilule\u00a0et confinement\u00a0: urgence, ordonnance expir\u00e9e, comment faire\u00a0?<br \/>\n                    <\/a><br \/>\n                <\/h3>\n<\/li>\n<li>\n<h3>\n                    <a href=\"https:\/\/sante.journaldesfemmes.fr\/quotidien\/2675911-ordonnance-expiree-perimee-confinement-pilule-prise-de-sang-contraception-pharmacie-renouvellement\/\" class=\"jGTMWidgetGAEventClick\" data-gtmwidgetgaeventaction=\"clickWidgetListOnTwoColumns\" data-gtmwidgetgaeventlabel=\"Ordonnance expir\u00e9e\u00a0pendant le confinement\u00a0: comment faire\u00a0?\"><br \/>\n                        Ordonnance expir\u00e9e\u00a0pendant le confinement\u00a0: comment faire\u00a0?<br \/>\n                    <\/a><br \/>\n                <\/h3>\n<\/li>\n<li>\n<h3>\n                    <a href=\"https:\/\/sante.journaldesfemmes.fr\/maladies\/2675859-ivg-medicamenteuse-confinement-covid-domicile-delai-protocole-deroulement-france\/\" class=\"jGTMWidgetGAEventClick\" data-gtmwidgetgaeventaction=\"clickWidgetListOnTwoColumns\" data-gtmwidgetgaeventlabel=\"IVG et confinement\u00a0: d\u00e9lai allong\u00e9, \u00e0 domicile\"><br \/>\n                        IVG et confinement\u00a0: d\u00e9lai allong\u00e9, \u00e0 domicile<br \/>\n                    <\/a><br \/>\n                <\/h3>\n<\/li>\n<li>\n<h3>\n                    <a href=\"https:\/\/sante.journaldesfemmes.fr\/quotidien\/2671845-confinement-automne-2020-covid-19-depression-conseils-moral-psychologue\/\" class=\"jGTMWidgetGAEventClick\" data-gtmwidgetgaeventaction=\"clickWidgetListOnTwoColumns\" data-gtmwidgetgaeventlabel=\"Confinement en automne\u00a0: 10\u00a0conseils pour garder le moral\"><br \/>\n                        Confinement en automne\u00a0: 10\u00a0conseils pour garder le moral<br \/>\n                    <\/a><br \/>\n                <\/h3>\n<\/li>\n<li>\n<h3>\n                    <a href=\"https:\/\/sante.journaldesfemmes.fr\/maladies\/2632039-consultation-medicale-covid-19-confinement-medecin-dentiste-kine-orthodontiste-ophtalmologue-psychologue\/\" class=\"jGTMWidgetGAEventClick\" data-gtmwidgetgaeventaction=\"clickWidgetListOnTwoColumns\" data-gtmwidgetgaeventlabel=\"Consultation m\u00e9dicale et confinement\u00a0: attestation, psychologue...\"><br \/>\n                        Consultation m\u00e9dicale et confinement\u00a0: attestation, psychologue&#8230;<br \/>\n                    <\/a><br \/>\n                <\/h3>\n<\/li>\n<\/ul>\n<\/aside>\n<\/div>\n<p><a name=\"confinement-aides-gouvernement\"><br \/>Quelles sont les aides du gouvernement ?<\/a><\/p>\n<p>Pour faire face \u00e0 l<strong>&lsquo;impact \u00e9conomique d&rsquo;une telle mesure<\/strong>, le ministre de l&rsquo;Economie Bruno le Maire a d\u00e9clar\u00e9 que l&rsquo;aide \u00e9conomique serait plus importante que lors du premier confinement. Il a pr\u00e9sent\u00e9 une batterie de mesures de soutien aux entreprises, pour un montant de <strong>15\u00a0milliards d&rsquo;euros<\/strong> par mois\u00a0:<\/p>\n<ul>\n<li>\u00a0\u00ab\u00a0<em>Toutes les entreprises et tous les commerces qui sont ferm\u00e9s par d\u00e9cision administrative pourront recevoir une <strong>indemnisation allant jusqu&rsquo;\u00e0 10\u00a0000\u00a0euros<\/strong><\/em>\u00ab\u00a0, et ce, \u00ab\u00a0<em>peu importe le secteur d&rsquo;activit\u00e9, peu importe le secteur g\u00e9ographique<\/em>.\u00a0\u00bb Il a annonc\u00e9 l&rsquo;activation d&rsquo;un fonds de solidarit\u00e9 de 6\u00a0milliards d&rsquo;euros par mois de confinement.<\/li>\n<li><strong>Exon\u00e9ration totale des cotisation sociales <\/strong>pour toutes les entreprises de moins de 50\u00a0salari\u00e9s ferm\u00e9es administrativement.<\/li>\n<li>Les <strong>pr\u00eats garantis<\/strong> par l&rsquo;Etat et les pr\u00eats directs de l&rsquo;Etat seront renforc\u00e9s.\u00a0<\/li>\n<li>Un<strong> cr\u00e9dit d&rsquo;imp\u00f4t<\/strong> incitant les bailleurs \u00e0 annuler une partie des loyers sera ajout\u00e9\u00a0dans le projet de loi de finances pour 2021.<\/li>\n<li>Le<strong> ch\u00f4mage partiel<\/strong> pour les salari\u00e9s et les employeurs qui ne pourront pas travailler.<\/li>\n<\/ul>\n<aside id=\"NL_1070795943\" class=\"newsletter_subscription jNlBlock\"><noscript><br \/>\n            <\/noscript><\/p>\n<h3 class=\"newsletter_subscription-title\">Newsletter <\/h3>\n<p><a href=\"\/\/mailing.ccmbg.com\/archive\/last-85\" target=\"_blank\" class=\"a_hover\" rel=\"noopener noreferrer\">Voir un exemple<\/a><\/p>\n<\/aside>\n<p>Le pr\u00e9sident de la R\u00e9publique avait\u00a0annonc\u00e9 qu&rsquo;un <strong>plan sp\u00e9cial <\/strong>pour les ind\u00e9pendants, les commer\u00e7ants, les tr\u00e8s petites et moyennes entreprises serait pens\u00e9. \u00ab\u00a0<em>Je le sais, [ils] redoutent plus que tout les prochaines semaines<\/em>\u00ab\u00a0, a-t-il d\u00e9clar\u00e9.<\/p>\n<\/p><\/div>\n<p><script async src=\"http:\/\/platform.twitter.com\/widgets.js\" charset=\"utf-8\"><\/script><br \/>\n<br \/>[ad_2]<br \/>\n<br \/><a href=\"https:\/\/www.journaldesfemmes.fr\/societe\/actu\/2670599-confinement-reconfinement-total-deplacements-controles-paques-strict-annonces-macron\/\">Source link <\/a><\/p>\n","protected":false},"excerpt":{"rendered":"<p>[ad_1] Le Pr\u00e9sident Macron a fait une allocution ce mercredi 31\u00a0mars \u00e0 20H. Confinement strict et m\u00e9tropolitain (m\u00eame s&rsquo;il ne &hellip; <a href=\"http:\/\/www.affinite.fr\/index.php\/2021\/03\/31\/confinement-annonces-de-macron\/\" class=\"more-link\">Plus <span class=\"screen-reader-text\">Confinement\u00a0: Annonces de Macron<\/span> <span class=\"meta-nav\">&rarr;<\/span><\/a><\/p>\n","protected":false},"author":1,"featured_media":6156,"comment_status":"open","ping_status":"open","sticky":false,"template":"","format":"standard","meta":{"_sitemap_exclude":false,"_sitemap_priority":"","_sitemap_frequency":"","footnotes":""},"categories":[1],"tags":[],"class_list":["post-6155","post","type-post","status-publish","format-standard","has-post-thumbnail","hentry","category-tous"],"_links":{"self":[{"href":"http:\/\/www.affinite.fr\/index.php\/wp-json\/wp\/v2\/posts\/6155"}],"collection":[{"href":"http:\/\/www.affinite.fr\/index.php\/wp-json\/wp\/v2\/posts"}],"about":[{"href":"http:\/\/www.affinite.fr\/index.php\/wp-json\/wp\/v2\/types\/post"}],"author":[{"embeddable":true,"href":"http:\/\/www.affinite.fr\/index.php\/wp-json\/wp\/v2\/users\/1"}],"replies":[{"embeddable":true,"href":"http:\/\/www.affinite.fr\/index.php\/wp-json\/wp\/v2\/comments?post=6155"}],"version-history":[{"count":0,"href":"http:\/\/www.affinite.fr\/index.php\/wp-json\/wp\/v2\/posts\/6155\/revisions"}],"wp:featuredmedia":[{"embeddable":true,"href":"http:\/\/www.affinite.fr\/index.php\/wp-json\/wp\/v2\/media\/6156"}],"wp:attachment":[{"href":"http:\/\/www.affinite.fr\/index.php\/wp-json\/wp\/v2\/media?parent=6155"}],"wp:term":[{"taxonomy":"category","embeddable":true,"href":"http:\/\/www.affinite.fr\/index.php\/wp-json\/wp\/v2\/categories?post=6155"},{"taxonomy":"post_tag","embeddable":true,"href":"http:\/\/www.affinite.fr\/index.php\/wp-json\/wp\/v2\/tags?post=6155"}],"curies":[{"name":"wp","href":"https:\/\/api.w.org\/{rel}","templated":true}]}}