{"id":6153,"date":"2021-03-30T20:27:09","date_gmt":"2021-03-30T20:27:09","guid":{"rendered":"https:\/\/www.affinite.fr\/index.php\/2021\/03\/30\/dernier-bilan-vers-un-confinement-strict\/"},"modified":"2021-03-30T20:27:09","modified_gmt":"2021-03-30T20:27:09","slug":"dernier-bilan-vers-un-confinement-strict","status":"publish","type":"post","link":"http:\/\/www.affinite.fr\/index.php\/2021\/03\/30\/dernier-bilan-vers-un-confinement-strict\/","title":{"rendered":"dernier bilan, vers un confinement strict\u00a0?"},"content":{"rendered":"<p> [ad_1]<br \/>\n<\/p>\n<p>\n                CORONAVIRUS DIRECT &#8211; Le cap des 5\u00a0000\u00a0patients en r\u00e9animation a \u00e9t\u00e9 franchi mardi soir. Plus de 30\u00a0700\u00a0nouveaux cas de contamination sont enregistr\u00e9s en 24\u00a0h. Pour freiner l&rsquo;\u00e9pid\u00e9mie, de nouvelles restrictions pourraient \u00eatre annonc\u00e9es par Emmanuel Macron mercredi. Derniers chiffres, annonces possibles, toute l&rsquo;info.            <\/p>\n<div>\n<aside class=\"ccmsummary marqueur_module ccmcss_cms_summary ccmcss_cms_summary--right\">\n<p>\u00a0Sommaire<\/p>\n<\/aside>\n<p><strong>[Mis\u00a0\u00e0 jour le mardi 30 mars \u00e0 19h35<\/strong><b>] <\/b>La barre des <strong>5 000 patients en r\u00e9animation<\/strong> a \u00e9t\u00e9 franchie mardi, avec 5 072 personnes en soins critiques, soit 98 de plus que la veille. Ce chiffre a\u00a0d\u00e9pass\u00e9 lundi\u00a0le pic atteint en novembre lors de la deuxi\u00e8me vague.<b>\u00a0<\/b>\u00ab\u00a0<em>Nous ne laisserons pas saturer les h\u00f4pitaux<\/em>\u00ab\u00a0, sous tension \u00e0 cause de la troisi\u00e8me vague de la Covid-19,\u00a0insiste Olivier V\u00e9ran, ministre de la Sant\u00e9,\u00a0le mardi 30 mars \u00e0 l&rsquo;Assembl\u00e9e nationale. L&rsquo;ex\u00e9cutif ne compte pas <strong>\u00ab\u00a0trier les malades\u00a0\u00bb,<\/strong> notamment dans les h\u00f4pitaux franciliens.\u00a0Pour freiner l&rsquo;\u00e9pid\u00e9mie qui se propage comme un feu de brousse, des <strong>contr\u00f4les intensifs<\/strong> auront lieu pour ce long week-end de P\u00e2ques, pr\u00e9vient G\u00e9rald Darmanin. Les chiffres de ce mardi soir pourraient \u00eatre d\u00e9terminants et entra\u00eener de <strong>lourdes restrictions<\/strong>, m\u00eame si tout est fait pour \u00e9viter <strong>un confinement strict<\/strong>. Emmanuel Macron doit s&rsquo;exprimer ce mercredi soir, quelques heures apr\u00e8s un Conseil de d\u00e9fense. Parmi les pistes \u00e9voqu\u00e9es pour les annonces : un renforcement du protocole sanitaire dans les \u00e9coles, un recours encore plus massif au t\u00e9l\u00e9travail ou des restrictions renforc\u00e9es dans tous les d\u00e9partements sous surveillance.\u00a0La semaine derni\u00e8re, le\u00a0taux hebdomadaire <strong>d&rsquo;hospitalisations <\/strong>et le taux d&rsquo;admissions en<strong> services de soins critiques <\/strong>ont <strong>augment\u00e9 respectivement de 11% et 7%<\/strong>.<strong>\u00a0<\/strong>Les r\u00e9gions les plus touch\u00e9es sont\u00a0toujours<strong> l&rsquo;\u00cele-de-France, les Hauts-de-France et Provence-Alpes-C\u00f4te d&rsquo;Azur<\/strong>.\u00a0Quels sont les <strong>chiffres aujourd&rsquo;hui<\/strong> de l&rsquo;\u00e9pid\u00e9mie ? Combien d&rsquo;hospitalisations, de cas en <strong>r\u00e9animation<\/strong>, de <strong>d\u00e9c\u00e8s <\/strong>?\u00a0<span style=\"font-size: 1rem;\">Que disent les\u00a0<\/span><a data-auth=\"NotApplicable\" href=\"https:\/\/sante.journaldesfemmes.fr\/fiches-maladies\/2667643-carte-covid-19-france-departement-vigilance-10-km-temps-reel-monde-europe-zone-rouge-aujourd-hui\/\" rel=\"noopener noreferrer\" style=\"font-size: 1rem; background-color: rgb(255, 255, 255);\" target=\"_blank\">cartes<\/a><span style=\"font-size: 1rem;\"> de suivi de l&rsquo;\u00e9pid\u00e9mie ? Quels sont les <\/span><a href=\"https:\/\/sante.journaldesfemmes.fr\/fiches-maladies\/2630075-symptomes-coronavirus-covid-19-mal-gorge-rhume-que-faire-variant-premier-apparition-nouveaux-duree\/\" style=\"font-size: 1rem; background-color: rgb(255, 255, 255);\" target=\"_blank\" rel=\"noopener noreferrer\">sympt\u00f4mes du coronavirus<\/a><span style=\"font-size: 1rem;\"> ? Quand <\/span><a href=\"https:\/\/sante.journaldesfemmes.fr\/fiches-maladies\/2621211-isolement-covid-19-coronavirus-duree-10-jours-positif-cas-contact-variant-certificat-attestation\/\" style=\"font-size: 1rem; background-color: rgb(255, 255, 255);\" target=\"_blank\" rel=\"noopener noreferrer\">s&rsquo;isoler et combien de temps<\/a><span style=\"font-size: 1rem;\"> ?\u00a0<\/span><a data-auth=\"NotApplicable\" href=\"https:\/\/sante.journaldesfemmes.fr\/fiches-maladies\/2629823-taux-de-reproduction-covid-france-coronavirus-r0-r-effectif-calcul-carte-evolution-aujourd-hui-definition\/\" rel=\"noopener noreferrer\" style=\"font-size: 1rem; background-color: rgb(255, 255, 255);\" target=\"_blank\">Quel est le taux de R0 du virus<\/a><span style=\"font-size: 1rem;\">\u00a0? Quand est-on <\/span><a href=\"https:\/\/sante.journaldesfemmes.fr\/fiches-maladies\/2679521-contagion-covid-19-combien-de-temps-jours-duree-asymptomatique-symptomes-incubation-contagieux\/\" style=\"font-size: 1rem; background-color: rgb(255, 255, 255);\" target=\"_blank\" rel=\"noopener noreferrer\">contagieux<\/a><span style=\"font-size: 1rem;\"> ? Que sait-on des\u00a0<\/span><a href=\"https:\/\/sante.journaldesfemmes.fr\/fiches-maladies\/2620433-vaccin-coronavirus-covid-19-pfizer-moderna-sanofi-spoutnik-johnson-astrazeneca-france-choisir-commande\/\" style=\"font-size: 1rem; background-color: rgb(255, 255, 255);\" target=\"_blank\" rel=\"noopener noreferrer\">vaccins<\/a><span style=\"font-size: 1rem;\">\u00a0? Des\u00a0<\/span><a href=\"https:\/\/sante.journaldesfemmes.fr\/fiches-maladies\/2686947-effets-secondaires-indesirable-vaccin-covid-ansm-france-pfizer-moderna-astrazeneca-2-eme-injection\/\" style=\"font-size: 1rem; background-color: rgb(255, 255, 255);\" target=\"_blank\" rel=\"noopener noreferrer\">effets secondaires<\/a><span style=\"font-size: 1rem;\">\u00a0apr\u00e8s la vaccination ? Chiffres et infos du jour.<\/span><\/p>\n<div class=\"ccminsert\">\n<aside class=\"app_widget_fo app_widget_fo--call\">\n<ul>\n<li>\n                <a href=\"https:\/\/sante.journaldesfemmes.fr\/fiches-maladies\/2667643-carte-covid-19-france-departement-vigilance-10-km-temps-reel-monde-europe-zone-rouge-aujourd-hui\/\" class=\"jGTMWidgetGAEventClick\" data-gtmwidgetgaeventaction=\"clickWidgetCall\" data-gtmwidgetgaeventlabel=\"CARTE COVID\u00a0: d\u00e9partements, temps r\u00e9el, France, Monde\"><\/p>\n<figure><picture><source media=\"(max-width: 480px)\" srcset=\"https:\/\/img-3.journaldesfemmes.fr\/qA303aaQqqDV7BXBiXlTewQVKJQ=\/160x105\/smart\/e17ccb76715d4e439a070c5edac196c2\/ccmcms-jdf\/23530548.jpg\"><img decoding=\"async\" src=\"https:\/\/img-3.journaldesfemmes.fr\/Oqx9JbSbOzzXMlUHMHKHWxBDzEA=\/200x132\/smart\/e17ccb76715d4e439a070c5edac196c2\/ccmcms-jdf\/23530548.jpg\" alt=\"\"\/><\/source><\/picture><figcaption>\n<h3>CARTE COVID\u00a0: d\u00e9partements, temps r\u00e9el, France, Monde<\/h3>\n<p>CARTE CORONAVIRUS. L&rsquo;incidence de l&rsquo;\u00e9pid\u00e9mie de Covid-19\u00a0grimpe encore, surtout en Ile-de-France. 19\u00a0d\u00e9partements sont confin\u00e9s, 24\u00a0sous surveillance renforc\u00e9e. Zoom sur les cartes de suivi de l&rsquo;\u00e9pid\u00e9mie par commune, d\u00e9partement, r\u00e9gion, rayon de 10\u00a0km, en France, Europe et dans le monde. Images.<\/p>\n<\/figcaption><\/figure>\n<p><\/a>\n            <\/li>\n<\/ul>\n<\/aside>\n<\/div>\n<ul>\n<li><strong>Bilan de vaccination.<\/strong> Le nombre de personnes vaccin\u00e9es a atteint mardi,\u00a0un total de\u00a08.259.656\u00a0premi\u00e8res injections et 2.797.060\u00a0secondes injections r\u00e9alis\u00e9es.\u00a04,2% de la population totale et 5,3% de la population majeure est d\u00e9sormais vaccin\u00e9e contre le Covid-19.<\/li>\n<li><strong>D\u00e9tection du Covid-19 dans l&rsquo;air expir\u00e9 ?<\/strong> Le CNRS a annonc\u00e9 mardi dans un tweet,\u00a0qu&rsquo;une \u00e9quipe de chercheurs lyonnais \u00ab\u00a0<em>travaille \u00e0 la validation d&rsquo;une nouvelle m\u00e9thode pour d\u00e9tecter la Covid-19 via la caract\u00e9risation des mol\u00e9cules pr\u00e9sentes dans\u00a0l&rsquo;air expir\u00e9\u00a0\u00bb. \u00ab\u00a0Un nouveau champ pour le d\u00e9pistage de pathologies respiratoires est en train de voir le jour\u00a0\u00bb<\/em>, pr\u00e9cise l&rsquo;\u00e9quipe.<\/li>\n<li><strong>Fermetures de classes \u00e0 Paris. <\/strong>Le\u00a0nombre de fermeture de classes\u00a0a presque doubl\u00e9 \u00e0 Paris en une journ\u00e9e, \u00a0passant de 246\u00a0\u00e0 473, selon la mairie, suite aux nouvelles r\u00e8gles impos\u00e9es pour freiner l&rsquo;\u00e9pid\u00e9mie de Covid-19 \u00e0 l&rsquo;\u00e9cole, qui consistent \u00e0 fermer une classe au premier cas d\u00e9tect\u00e9.<\/li>\n<li><strong>Inqui\u00e9tude en Seine-Saint-Denis.<\/strong> Les\u00a0d\u00e9put\u00e9s de Seine-Saint-Denis (93), \u00c9ric Cocquerel, Alain Ramadier, et St\u00e9phane Peu, ont manifest\u00e9 leur inqui\u00e9tude\u00a0mardi, \u00e0 l&rsquo;Assembl\u00e9e nationale, sur la saturation des services de r\u00e9animations des h\u00f4pitaux du d\u00e9partement. Ils ont\u00a0demand\u00e9 au gouvernement<em> \u00ab\u00a0le d\u00e9doublement des classes ou la fermeture des \u00e9coles si n\u00e9cessaire\u00a0\u00bb,\u00a0\u00ab\u00a0l&rsquo;augmentation des lits de r\u00e9animation\u00a0\u00bb, \u00ab\u00a0la vaccination des enseignants<\/em>\u00a0\u00bb et une priorit\u00e9 donn\u00e9e aux habitants du d\u00e9partement pour \u00eatre vaccin\u00e9 au Stade de France. Le d\u00e9partement enregistre un taux d&rsquo;incidence de 781 nouveaux cas pour 100 000 habitants.<\/li>\n<li><strong>Origine du virus. <\/strong>L&rsquo;OMS\u00a0a r\u00e9clam\u00e9 mardi une nouvelle enqu\u00eate sur l&rsquo;hypoth\u00e8se d&rsquo;une fuite du virus d&rsquo;un laboratoire en Chine. Le directeur de l&rsquo;organisation mondiale de la sant\u00e9, Tedros Adhanom Ghebreyesus a indiqu\u00e9 ne pas se satisfaire du r\u00e9sultat de la premi\u00e8re enqu\u00eate, ni\u00a0du\u00a0partage insuffisant des donn\u00e9es par les Chinois.<\/li>\n<li><strong>Vaccinodrome<\/strong>.\u00a0Le Stade de France en Seine-Saint-Denis se transformera bien en centre de vaccination le 6\u00a0avril prochain, a annonc\u00e9 la pr\u00e9fecture mardi. La vaccination se d\u00e9roulera dans des boxes install\u00e9s dans les salles du stade. 10 000\u00a0Franciliens doivent y \u00eatre vaccin\u00e9s chaque semaine. 100 \u00e0 200 grands centres de vaccination ont pr\u00e9vu d&rsquo;ouvrir dans toute la France en avril.<\/li>\n<li><strong>Prise en charge \u00e0 l&rsquo;h\u00f4pital.<\/strong> La F\u00e9d\u00e9ration fran\u00e7aise hospitali\u00e8re a publi\u00e9 mardi un communiqu\u00e9 dans lequel elle indique \u00ab\u00a0<em>se d\u00e9solidariser\u00a0de la tribune de 41\u00a0m\u00e9decins de l&rsquo;AP-HP (parue) ce week-end dans le <\/em>JDD<em>\u00ab\u00a0, <\/em>estimant que<em> \u00ab\u00a0le texte\u00a0affole et n&rsquo;est utile ni pour les soignants ni pour les patients<\/em>\u00ab\u00a0. Elle assure par ailleurs que \u00ab\u00a0<em>tout le monde (sera pris) en charge du mieux possible<\/em>\u00ab\u00a0.<\/li>\n<li><strong>Test pour entrer en Espagne. <\/strong>L&rsquo;Espagne a durcit ses mesures. Il faut d\u00e9sormais un test n\u00e9gatif de moins de 48 heures pour entrer en Espagne par voie terrestre.\u00a0<\/li>\n<li><strong>Isolement pour le Portugal.<\/strong> Selon le <a href=\"https:\/\/www.diplomatie.gouv.fr\/fr\/conseils-aux-voyageurs\/conseils-par-pays-destination\/portugal\/?xtor=RSS-2&amp;t=20210330122544\" target=\"_blank\" rel=\"noopener noreferrer\">site du minist\u00e8re des Affaires \u00e9trang\u00e8res<\/a> fran\u00e7ais, le Portugal impose \u00e0 tous les Fran\u00e7ais une quarantaine de 14 jours \u00e0 partir du jeudi 1er avril. \u00ab\u00a0<em>Tout voyageur en provenance de la France ne pourra se d\u00e9placer que pour motif essentiel et devra, outre l&rsquo;obligation de pr\u00e9senter un r\u00e9sultat n\u00e9gatif de test RT-PCR datant de moins de 72h (\u00e0 l&rsquo;exception des enfants de moins de 2\u00a0ans), respecter une p\u00e9riode d&rsquo;isolement prophylactique de 14\u00a0jours, \u00e0 son domicile ou dans un \u00e9tablissement d\u00e9sign\u00e9 par les autorit\u00e9s de sant\u00e9 portugaises<\/em>\u00ab\u00a0, peut-on lire.\u00a0<\/li>\n<li><strong>Renforcement des contr\u00f4les \u00e0 la fronti\u00e8re France\/Allemagne.<\/strong> L&rsquo;Allemagne d\u00e9cide de renforcer ses contr\u00f4les aux fronti\u00e8res terrestres pour les 8 \u00e0 14 prochains jours, indique ce mardi le ministre de l&rsquo;int\u00e9rieur.\u00a0\u00ab\u00a0<em>Peu importe d&rsquo;o\u00f9 vous arriviez, de Pologne, de France, ou du Danemark, chacun doit s&rsquo;attendre \u00e0 \u00eatre contr\u00f4l\u00e9<\/em>\u00ab\u00a0, a d\u00e9clar\u00e9 Horst Seehofer lors d&rsquo;une conf\u00e9rence de presse.<\/li>\n<li><strong>Suspension des vols pour le Maroc.\u00a0<\/strong>D\u00e8s le mardi 30\u00a0mars \u00e0 23h59, <strong>le Maroc<\/strong> suspend ses vols \u00e0 destination et en provenance de la France jusqu&rsquo;\u00e0 nouvel ordre, mais aussi les vols entre l&rsquo;Espagne et le Maroc.\u00a0<\/li>\n<li><strong>Quarantaine en Italie. <\/strong>L&rsquo;Italie a annonc\u00e9 ce mardi matin qu&rsquo;elle allait imposer une quarantaine obligatoire \u00e0 tous les voyageurs de l&rsquo;Union europ\u00e9enne, et donc aux Fran\u00e7ais.\u00a0<\/li>\n<li><strong>Contr\u00f4les stricts pour le week-end de P\u00e2ques.<\/strong> Des contr\u00f4les intensifs sont pr\u00e9vus d\u00e8s ce jeudi pour le grand week-end de P\u00e2ques afin de v\u00e9rifier que les habitants des d\u00e9partements confin\u00e9s ne les quittent pas, pr\u00e9vient G\u00e9rald Darmanin, ministre de l&rsquo;Int\u00e9rieur.\u00a0<\/li>\n<li><strong>Evacuations sanitaires.\u00a0<\/strong>46\u00a0patients ont \u00e9t\u00e9 transf\u00e9r\u00e9s d&rsquo;une r\u00e9gion \u00e0 une autre sur la p\u00e9riode du 13\u00a0au 27\u00a0mars, pour d\u00e9sengorger les services de r\u00e9animation des territoires les plus touch\u00e9s par l&rsquo;\u00e9pid\u00e9mie, selon la Direction g\u00e9n\u00e9rale de la Sant\u00e9.<\/li>\n<li><strong>Variant alsacien.<\/strong> Selon les informations du journal\u00a0<a href=\"https:\/\/www.lalsace.fr\/sante\/2021\/03\/29\/un-variant-alsacien-identifie\" target=\"_blank\" rel=\"noopener noreferrer\">L&rsquo;Alsace<\/a>, le CHU de Strasbourg a alert\u00e9 l&rsquo;Agence r\u00e9gionale de sant\u00e9 sur la circulation d&rsquo;un variant en Alsace, identifi\u00e9 dans les tests de d\u00e9pistage PCR, dans lesquels l&rsquo;un des marqueurs revenait syst\u00e9matiquement n\u00e9gatif. Les sp\u00e9cificit\u00e9s de ce variant ne sont pas encore connues et on ignore pour le moment s&rsquo;il est plus dangereux que les autres variants d\u00e9tect\u00e9s.\u00a0<\/li>\n<li><strong>Recommandations de l&rsquo;ANSM pour AstraZeneca. <\/strong>Dans <a href=\"https:\/\/ansm.sante.fr\/informations-de-securite\/covid-19-vaccine-astrazeneca-risque-de-thrombocytopenie-et-de-troubles-de-la-coagulation\" target=\"_blank\" rel=\"noopener noreferrer\">un communiqu\u00e9 publi\u00e9 lundi 29\u00a0mars<\/a>, l&rsquo;Agence du m\u00e9dicament a \u00e9mis ses recommandations \u00e0 propos du vaccin d&rsquo;AstraZeneca \u00e0 destination des m\u00e9decins g\u00e9n\u00e9ralistes, des centres de vaccination, des pharmaciens hospitaliers et de villes, des infirmiers et des sages-femmes impliqu\u00e9s dans la vaccination. Selon l&rsquo;agence, \u00ab\u00a0les\u00a0b\u00e9n\u00e9fices l&#8217;emportent sur les risques malgr\u00e9 le lien possible avec de <strong>tr\u00e8s rares cas de caillots sanguins<\/strong> associ\u00e9s \u00e0 de faibles taux de plaquettes. Une association de thrombose et de thrombocytop\u00e9nie, dans certains cas accompagn\u00e9s de saignements, a \u00e9t\u00e9 tr\u00e8s rarement observ\u00e9e suite \u00e0 la vaccination par le COVID-19\u00a0Vaccine AstraZeneca. N\u00e9anmoins : les professionnels de sant\u00e9 doivent \u00eatre attentifs aux signes et sympt\u00f4mes de thromboembolie et\/ou de thrombocytop\u00e9nie et les personnes vaccin\u00e9es doivent consulter imm\u00e9diatement un m\u00e9decin en cas de sympt\u00f4mes \u00e9vocateurs.\u00a0<\/li>\n<\/ul>\n<figure class=\"image\" style=\"float:right\"><a class=\"fancy\" href=\"https:\/\/img-3.journaldesfemmes.fr\/RrAMaDFSwQTX3jeAhjOiRQnOsoI=\/1080x\/smart\/386ac4491add42c4b31fab38d31d82bc\/ccmcms-jdf\/23399983.jpg\"><img decoding=\"async\" alt=\"Carte du taux d'incidence en France sur 7 jours glissants\" src=\"https:\/\/img-3.journaldesfemmes.fr\/kxTqQgtz-dQjITZ6DBsyMhnB4k0=\/450x\/smart\/386ac4491add42c4b31fab38d31d82bc\/ccmcms-jdf\/23399983.jpg\"\/><\/a><figcaption data-credit=\"Agence France Presse\" data-legend=\"Carte du taux d'incidence en France sur 7 jours glissants\">Carte du taux d&rsquo;incidence en France sur 7 jours glissants au 19 mars\u00a0<small>\u00a9\u00a0Agence France Presse<\/small><\/figcaption><\/figure>\n<p><strong>Le 25 mars 2021, <\/strong>le ministre de la sant\u00e9 Olivier V\u00e9ran a plac\u00e9 trois nouveaux d\u00e9partements sous confinement : <strong>le Rh\u00f4ne, la Ni\u00e8vre et l&rsquo;Aube. <\/strong>Les m\u00eames mesures de freinage de l&rsquo;\u00e9pid\u00e9mie de Covid-19\u00a0territorialis\u00e9es prisent le\u00a018 mars par le Premier ministre Jean Castex et le ministre de la Sant\u00e9 Olivier V\u00e9ran\u00a0s&rsquo;y appliquent depuis le\u00a0vendredi 27\u00a0mars \u00e0 minuit.\u00a0<em>\u00ab\u00a0<strong>Les r\u00e8gles sont claires,<\/strong> <\/em>avait indiqu\u00e9 Jean Castex le 18 mars dernier.\u00a0<em>Elle s&rsquo;appuient sur un principe de confiance et de responsabilit\u00e9, je dirais m\u00eame de bon sens et certainement pas d&rsquo;infantilisation\u00a0: profitons des espaces ext\u00e9rieurs mais soyons rigoureux pour proscrire les regroupements priv\u00e9s ou dans l&rsquo;espace public.\u00a0\u00bb<\/em><\/p>\n<ul>\n<li><strong>19\u00a0d\u00e9partements<\/strong>\u00a0<strong>sont confin\u00e9s pour 4 semaines\u00a0<\/strong>: les\u00a08\u00a0d\u00e9partements d&rsquo;Ile-de-France, les 5\u00a0d\u00e9partements des Hauts-de-France, les\u00a0Alpes-Maritimes, la Seine-Maritime et l&rsquo;Eure sont confin\u00e9s depuis le 20 mars. Le Rh\u00f4ne, la Ni\u00e8vre et l&rsquo;Aube les rejoignent d\u00e8s le 27 mars \u00e0 minuit, pour une dur\u00e9e de 4 semaines.<\/li>\n<li><strong>Le dispositif de couvre-feu <\/strong>est maintenu selon les m\u00eames r\u00e8gles qu&rsquo;aujourd&rsquo;hui, dans tous les d\u00e9partements, mais son heure de d\u00e9but a \u00e9t\u00e9 avanc\u00e9e\u00a0<strong>\u00e0 19h00.<\/strong><\/li>\n<li><strong>Le recours au t\u00e9l\u00e9travail<\/strong> est incit\u00e9 par le Premier ministre sur<em> <strong>\u00ab\u00a0au moins 4\u00a0jours sur 5\u00a0\u00bb\u00a0<\/strong><\/em>et sur tout le territoire.<\/li>\n<li><strong>Les rassemblements \u00e0 plus de 6\u00a0personnes sont interdits.<\/strong> <em>\u00ab\u00a0Tout simplement parce que m\u00eame si \u00eatre dehors affaiblit le risque, si vous vous retrouvez \u00e0 15\u00a0comme sur les quais, par exemple, en train de partager un moment de convivialit\u00e9, vous allez immanquablement, un moment donn\u00e9, baisser la garde, r\u00e9duire les distances, baisser le masque et pourquoi pas m\u00eame, d&rsquo;ailleurs, trinquer. Bref, vous allez de fait augmenter le risque de vous infecter\u00a0\u00bb<\/em> a indiqu\u00e9 Olivier V\u00e9ran le 25 mars.<\/li>\n<\/ul>\n<p>Depuis le 20\u00a0mars 2021, un <strong>couvre-feu s&rsquo;applique de 19h \u00e0 6h<\/strong> sur l&rsquo;ensemble du territoire m\u00e9tropolitain et des mesures renforc\u00e9es sont en vigueur tous les jours de la<strong> semaine de 6h \u00e0 19h dans 16\u00a0d\u00e9partements<\/strong> (Aisne, Alpes-Maritimes, Essonne, Eure, Hauts-de-Seine, Nord, Oise, Paris, Pas-de-Calais, Seine-et-Marne, Seine-Saint-Denis, Seine-Maritime, Somme, Val-de-Marne, Val-d&rsquo;Oise et Yvelines). Quand faut-il une attestation ?\u00a0<strong>Dans les 16 d\u00e9partements confin\u00e9s, entre 6h et 19h (couvre-feu), <\/strong><\/p>\n<p>\u25ba Un simple justificatif est n\u00e9cessaire pour faire un d\u00e9placement \u00e0 moins de 10 km autour de son domicile.<\/p>\n<p>\u25ba En revanche, il faut une attestation de d\u00e9placement pour faire un d\u00e9placement de plus de 10 km de son domicile (seuls les d\u00e9placements \u00e0 l&rsquo;int\u00e9rieur du d\u00e9partement ou dans un p\u00e9rim\u00e8tre d\u00e9fini par un rayon de 30\u00a0km autour du lieu de r\u00e9sidence sont autoris\u00e9s)<\/p>\n<p>&gt; <a href=\"https:\/\/media.interieur.gouv.fr\/attestation-deplacement-derogatoire-covid-19\/\" target=\"_blank\" rel=\"noopener noreferrer\">T\u00e9l\u00e9charger\/Remplir l&rsquo;attestation<\/a>\u00a0<\/p>\n<figure class=\"image\" style=\"float:right\"><a class=\"fancy\" href=\"https:\/\/img-3.journaldesfemmes.fr\/6u7Fta531nV0MOBRN6qZMG8_wHs=\/1080x\/smart\/d4c2e682e26f475eb7d860c3aa056e4e\/ccmcms-jdf\/23400297.jpg\"><img decoding=\"async\" alt=\"R\u00e8gles sanitaires \" src=\"https:\/\/img-3.journaldesfemmes.fr\/lFAjZ_7614ddJhtT0Sj9-AsJI4w=\/450x\/smart\/d4c2e682e26f475eb7d860c3aa056e4e\/ccmcms-jdf\/23400297.jpg\"\/><\/a><figcaption data-credit=\"Gouvernement.fr\" data-legend=\"R\u00e8gles dans les zones aux restrictions sanitaires suppl\u00e9mentaires\">R\u00e8gles dans les zones aux restrictions sanitaires suppl\u00e9mentaires <small>\u00a9\u00a0Gouvernement.fr<\/small><\/figcaption><\/figure>\n<p>En raison de la forte progression de l&rsquo;\u00e9pid\u00e9mie de Covid-19\u00a0dans certains territoires, un confinement sept jours sur sept est d\u00e9cr\u00e9t\u00e9 pour 4\u00a0semaines dans les d\u00e9partements de l&rsquo;\u00cele-de-France et des Hauts-de-France, l&rsquo;Eure, la Seine-Maritime,\u00a0les Alpes-Maritimes, la Ni\u00e8vre, le Rh\u00f4ne, l&rsquo;Aube. Dans ces 19\u00a0d\u00e9partements, seuls les commerces de premi\u00e8re n\u00e9cessit\u00e9 peuvent ouvrir, les d\u00e9placements sont autoris\u00e9s dans une limite de 10\u00a0km, sans limite de dur\u00e9e. En revanche, les \u00e9coles restent ouvertes. Dans le reste du pays, le couvre-feu est repouss\u00e9 \u00e0 19h. C&rsquo;est ce qu&rsquo;a annonc\u00e9 le Premier ministre dans sa conf\u00e9rence de presse du 18\u00a0mars\u00a02021.<\/p>\n<p><strong>Les d\u00e9partements concern\u00e9s par les mesures de confinement sont\u00a0:<\/strong><\/p>\n<ul>\n<li>les 8\u00a0d\u00e9partements d&rsquo;\u00cele-de-France\u00a0: Paris (75), Seine-et-Marne (77), Yvelines (78), Essonne (91), Hauts-de-Seine (92), Seine-Saint-Denis (93), Val-de-Marne (94), Val-d&rsquo;Oise (95).<\/li>\n<li>les 5\u00a0d\u00e9partements des Hauts-de-France\u00a0: Aisne (02), Nord (59), Oise (60), Pas-de-Calais (62), Somme (80).<\/li>\n<li>l&rsquo;Eure (27).<\/li>\n<li>la Seine-Maritime (76).<\/li>\n<li>les Alpes-Maritimes (06).<\/li>\n<li>le Rh\u00f4ne (69).<\/li>\n<li>la Ni\u00e8vre (58).<\/li>\n<li>l&rsquo;Aube (10).<\/li>\n<\/ul>\n<h3 id=\"titreChapitre_-260721977518844391\">Les mesures de confinement dans ces 19\u00a0d\u00e9partements<\/h3>\n<p>Depuis le vendredi 18\u00a0mars\u00a02021\u00a0\u00e0 minuit, et depuis le 27 mars minuit pour les d\u00e9partements du Rh\u00f4ne, de la Ni\u00e8vre et de l&rsquo;Aube, les mesures de confinement sont les suivantes\u00a0:<\/p>\n<ul>\n<li>Les \u00e9coles maternelles, \u00e9l\u00e9mentaires et les coll\u00e8ges restent ouverts.<\/li>\n<li>Les lyc\u00e9es basculent tous en demi-jauge.<\/li>\n<li>Les universit\u00e9s continuent \u00e0 fonctionner selon le rythme actuellement en vigueur.<\/li>\n<li>L&rsquo;\u00e9ducation physique et sportive (EPS) sur le temps scolaire reprend. Les activit\u00e9s sportives extrascolaires des mineurs sont maintenues.<\/li>\n<li><a data-xiti-name=\"Particuliers::Actualite::Navigation_Directe::Les_lieux_de_culte_resteront_accessibles_dans_les_m\u00eames_conditions\" data-xiti-type=\"exit\" href=\"https:\/\/www.service-public.fr\/particuliers\/actualites\/A14496\" rel=\"noopener noreferrer\" target=\"_blank\">Les lieux de culte restent accessibles dans les m\u00eames conditions<\/a>\u00a0.<\/li>\n<li>Seuls les commerces vendant des biens et des services de premi\u00e8re n\u00e9cessit\u00e9 sont autoris\u00e9s \u00e0 ouvrir dont les libraires et les disquaires (et les rayons vendant ces produits culturels dans les supermarch\u00e9s).<\/li>\n<li>Les promenades autour de chez soi pour s&rsquo;a\u00e9rer ou faire du sport sont autoris\u00e9es sans aucune limitation de dur\u00e9e dans un rayon de 10\u00a0km et \u00e0 condition de se munir d&rsquo;une attestation.<\/li>\n<li>Les d\u00e9placements interr\u00e9gionaux sont interdits sauf motifs imp\u00e9rieux ou professionnels.<\/li>\n<\/ul>\n<h3 id=\"titreChapitre_-6579316438583473917\">Dans les autres d\u00e9partements<\/h3>\n<p>Le couvre-feu est retard\u00e9 d&rsquo;une heure en m\u00e9tropole depuis le samedi 19\u00a0mars\u00a02021\u00a0pour s&rsquo;adapter au <a href=\"https:\/\/sante.journaldesfemmes.fr\/fiches-sante-du-quotidien\/2626893-changement-heure-ete-2021-france-date-mars-comment-faire-regler-telephone-portable\/\" target=\"_blank\" rel=\"noopener noreferrer\">passage \u00e0 l&rsquo;heure d&rsquo;\u00e9t\u00e9<\/a>. Il est pass\u00e9 de 18h \u00e0 19h. Apr\u00e8s 19 heures, il faut\u00a0se munir d&rsquo;une attestation pour justifier son d\u00e9placement.<\/p>\n<blockquote>\n<p style=\"text-align: right;\">Les r\u00e9gions les plus touch\u00e9es sont\u00a0toujours l&rsquo;\u00cele-de-France, les Hauts-de-France et Provence-Alpes-C\u00f4te d&rsquo;Azur.<\/p>\n<\/blockquote>\n<p>\u00a0La situation sanitaire s&rsquo;est d\u00e9grad\u00e9e dans trois d\u00e9partements\u00a0:<strong> la Ni\u00e8vre, le Rh\u00f4ne et l&rsquo;Aube.<\/strong>\u00a0Ces trois d\u00e9partements ont rejoint la liste des 16\u00a0d\u00e9partements reconfin\u00e9s, depuis le vendredi 27 mars au soir, \u00e0 minuit, a annonc\u00e9 Olivier V\u00e9ran le 25 mars.<\/p>\n<div style=\"text-align:center\">\n<figure class=\"image\" style=\"display:inline-block\"><a class=\"fancy\" href=\"https:\/\/img-3.journaldesfemmes.fr\/o2f_mMYd18bZ3lXwB9387cWeKTk=\/1080x\/smart\/315d5b6470dc44e3a36ca1f90ba955fc\/ccmcms-jdf\/23446938.jpg\"><img decoding=\"async\" alt=\"carte des d\u00e9partements sous vigilance renforc\u00e9e\" src=\"https:\/\/img-3.journaldesfemmes.fr\/o2f_mMYd18bZ3lXwB9387cWeKTk=\/1080x\/smart\/315d5b6470dc44e3a36ca1f90ba955fc\/ccmcms-jdf\/23446938.jpg\"\/><\/a><figcaption data-credit=\"Gouvernement.fr\" data-legend=\"D\u00e9partements avec restrictions sanitaires renforc\u00e9es au 25 mars 2021\">D\u00e9partements avec restrictions sanitaires renforc\u00e9es au 25 mars 2021 <small>\u00a9\u00a0Gouvernement.fr<\/small><\/figcaption><\/figure>\n<\/div>\n<p><strong>\u2192 Le 25 mars, Olivier V\u00e9ran annonce que la situation s&rsquo;est d\u00e9grad\u00e9e dans de nombreux autres d\u00e9partements\u00a0<\/strong>: l&rsquo;Ain, les Alpes-de-Haute-Provence, les Ardennes, l&rsquo;Indre-et-Loir, l&rsquo;Is\u00e8re, le Jura, la Loire, la Loz\u00e8re, le Loir-et-Cher, la Marne, la Meuse, l&rsquo;Orne, la Savoie, la Haute-Savoie, le Vaucluse et l&rsquo;Yonne,\u00a0plac\u00e9s ce jeudi sous surveillance renforc\u00e9e.<\/p>\n<div style=\"text-align:center\">\n<figure class=\"image\" style=\"display:inline-block\"><a class=\"fancy\" href=\"https:\/\/img-3.journaldesfemmes.fr\/G4e3YMcKv6_HuYQtDNEwrc6k6WA=\/1080x\/smart\/9527f359cca04c669c03424cc19f582e\/ccmcms-jdf\/23446974.jpg\"><img decoding=\"async\" alt=\"carte d\u00e9partement surveillance\" src=\"https:\/\/img-3.journaldesfemmes.fr\/G4e3YMcKv6_HuYQtDNEwrc6k6WA=\/1080x\/smart\/9527f359cca04c669c03424cc19f582e\/ccmcms-jdf\/23446974.jpg\"\/><\/a><figcaption data-credit=\"Gouvernement.fr\" data-legend=\"Carte des d\u00e9partements sous surveillance renforc\u00e9e au 25 mars 2021.\">Carte des d\u00e9partements sous surveillance renforc\u00e9e au 25 mars 2021. <small>\u00a9\u00a0Gouvernement.fr<\/small><\/figcaption><\/figure>\n<\/div>\n<p><iframe loading=\"lazy\" height=\"600\" src=\"https:\/\/geodes.santepubliquefrance.fr\/?view=map2&amp;indics=sp_ti_tp_7j.tx_pe_gliss&amp;serie=2021-02-15-2021-02-21&amp;lang=fr&amp;iframe=1\" width=\"600\"><\/iframe><\/p>\n<p><a name=\"coronavirus-france-bilan-jour-aujourd-hui-derniers-chiffres\">Bilan du jour\u00a0: les derniers chiffres de l&rsquo;\u00e9pid\u00e9mie en France<\/a><\/p>\n<p><strong>Selon les derniers chiffres publi\u00e9s par le <a href=\"https:\/\/www.gouvernement.fr\/info-coronavirus\/carte-et-donnees\">gouvernement<\/a>,\u00a0au mardi 30\u00a0mars<\/strong><strong>, en France\u00a0:<\/strong><\/p>\n<p>\u2022 4 585 385\u00a0personnes ont \u00e9t\u00e9 contamin\u00e9es par le coronavirus\u00a0<strong>(+30 702\u00a0en 24\u00a0heures)<\/strong>.<\/p>\n<p>\u2022 95 337\u00a0personnes sont d\u00e9c\u00e9d\u00e9es en France\u00a0<strong>(+381 en 24\u00a0heures),<\/strong><strong>\u00a0<\/strong>dont 69 293\u00a0\u00e0 l&rsquo;h\u00f4pital, auxquels se sont ajout\u00e9s 45 d\u00e9c\u00e8s en Ephad et ESMS entre le 26\u00a0et le 30 mars.\u00a0<\/p>\n<p>\u2022<strong>\u00a05 072\u00a0patients Covid-19 sont en r\u00e9animation<\/strong> (+98 en 24 heures).<\/p>\n<p>\u2022 28 510\u00a0patients Covid-19 sont hospitalis\u00e9s (+188\u00a0en 24 heures).<\/p>\n<blockquote>\n<p style=\"text-align: right;\">\u00a0<\/p>\n<\/blockquote>\n<blockquote>\n<p style=\"text-align: right;\">\u00a0<\/p>\n<\/blockquote>\n<p>Dans son dernier bilan hebdomadaire du 25 mars, <a href=\"https:\/\/www.santepubliquefrance.fr\/maladies-et-traumatismes\/maladies-et-infections-respiratoires\/infection-a-coronavirus\/documents\/bulletin-national\/covid-19-point-epidemiologique-du-18-mars-2021\" target=\"_blank\" rel=\"noopener noreferrer\">Sant\u00e9 Publique France<\/a> confirme la d\u00e9gradation de la situation \u00e9pid\u00e9mique. Pour la semaine du 15 au 21 mars,\u00a0l&rsquo;ensemble des indicateurs, d\u00e9j\u00e0 \u00e0 des tr\u00e8s niveaux \u00e9lev\u00e9s, a continu\u00e9 de progresser.<\/p>\n<p><strong>Sur la semaine du 15 au 21 mars (derniers chiffres) :<\/strong><\/p>\n<ul>\n<li><strong>Augmentation de 30\u00a0000\u00a0nouveaux cas par jours<\/strong>, soit 17% d&rsquo;augmentation. Cette acc\u00e9l\u00e9ration touche l&rsquo;ensemble des r\u00e9gions (except\u00e9 la Corse et la Provence Alpes-C\u00f4te d&rsquo;Azur).<\/li>\n<li>Les\u00a0<strong>taux d&rsquo;incidence\u00a0<\/strong>(313\/100\u00a0000\u00a0habitants),\u00a0<strong>de positivit\u00e9\u00a0<\/strong>(7,9%)\u00a0<strong>et de d\u00e9pistage\u00a0<\/strong>(3\u00a0940\/100\u00a0000\u00a0habitants)\u00a0<strong>\u00e9taient en augmentation<\/strong>.<\/li>\n<li>La plus forte augmentation \u00e9tait observ\u00e9e\u00a0<strong>chez les 0-14\u00a0ans (+31%), dans un contexte d&rsquo;augmentation importante du taux de d\u00e9pistage (+41%) et de diminution du taux de positivit\u00e9 (-0,5\u00a0point<\/strong>), en partie li\u00e9e \u00e0 l&rsquo;intensification des campagnes de d\u00e9pistage organis\u00e9es dans les \u00e9tablissements scolaires.<\/li>\n<li>Dans cinq d\u00e9partements d&rsquo;Ile de France, le niveau d&rsquo;incidence atteint voire d\u00e9passe le niveau observ\u00e9 lors de la 2<sup>\u00e9me<\/sup>\u00a0vague de l&rsquo;\u00e9pid\u00e9mie. La d\u00e9gradation de l&rsquo;ensemble des indicateurs entraine d\u00e9j\u00e0, dans plusieurs r\u00e9gions, une tr\u00e8s forte tension sur le syst\u00e8me hospitalier.\u00a0<\/li>\n<li>Le\u00a0taux hebdomadaire d&rsquo;hospitalisations et le taux d&rsquo;admissions en services de soins critiques ont augment\u00e9 respectivement de 11% et 7% par rapport \u00e0 la semaine 10.\u00a0<\/li>\n<li>Les r\u00e9gions les plus touch\u00e9es sont\u00a0toujours l&rsquo;\u00cele-de-France, les Hauts-de-France et Provence-Alpes-C\u00f4te d&rsquo;Azur. Ces r\u00e9gions pr\u00e9sentaient les plus forts taux d&rsquo;hospitalisations et d&rsquo;admissions en r\u00e9animation.<\/li>\n<li>La variant anglais repr\u00e9sente 76% des tests positifs Covid (contre 72% la semaine d&rsquo;avant).<\/li>\n<\/ul>\n<h3 style=\"text-align: center;\">\u00c9volution des taux d&rsquo;incidence et taux de d\u00e9pistage par semaine, depuis la semaine 23-2020, France (donn\u00e9es au 23 mars 2021)<\/h3>\n<div style=\"text-align:center\">\n<figure class=\"image\" style=\"display:inline-block\"><a class=\"fancy\" href=\"https:\/\/img-3.journaldesfemmes.fr\/Jz6jbR32FJ6cNFwY4B1LdPQMA0Y=\/1080x\/smart\/37ed25cee56d4dab98d4516dd9dd21f0\/ccmcms-jdf\/23443014.jpg\"><img decoding=\"async\" alt=\"\u00c9volution des taux d\u2019incidence et taux de d\u00e9pistage covid france\" src=\"https:\/\/img-3.journaldesfemmes.fr\/frxzS79T27nI6HXLeLkXksj8ErY=\/600x\/smart\/37ed25cee56d4dab98d4516dd9dd21f0\/ccmcms-jdf\/23443014.jpg\"\/><\/a><figcaption data-credit=\"Sant\u00e9 Publique France\" data-legend=\"\u00c9volution des taux d\u2019incidence et taux de d\u00e9pistage par semaine, depuis la semaine 23-2020, France (donn\u00e9es au 23 mars 2021)\">\u00c9volution des taux d\u2019incidence et taux de d\u00e9pistage par semaine, depuis la semaine 23-2020, France (donn\u00e9es au 23 mars 2021) <small>\u00a9\u00a0Sant\u00e9 Publique France<\/small><\/figcaption><\/figure>\n<\/div>\n<p>Le gouvernement suit \u00e9galement l&rsquo;\u00e9volution du taux d&rsquo;occupation des lits en r\u00e9animation par des patients Covid-19 (sur les capacit\u00e9s initiales). Ce taux met en lumi\u00e8re une \u00e9ventuelle tension hospitali\u00e8re.\u00a0<\/p>\n<div style=\"text-align:center\">\n<figure class=\"image\" style=\"display:inline-block\"><a class=\"fancy\" href=\"https:\/\/img-3.journaldesfemmes.fr\/b9p2R7-gq_kf55iPvF1-Ty90Qtw=\/1080x\/smart\/20a8f5ba9db749a89febd1b5a44fdc18\/ccmcms-jdf\/23563695.png\"><img decoding=\"async\" alt=\"Taux d'occupation des lits en r\u00e9animation au 30 mars par des patients Covid-19\" src=\"https:\/\/img-3.journaldesfemmes.fr\/4gRg_KfF8D-IHhUd8rGkCezjKy4=\/450x\/smart\/20a8f5ba9db749a89febd1b5a44fdc18\/ccmcms-jdf\/23563695.png\"\/><\/a><figcaption data-credit=\"Gouvernement.fr\" data-legend=\"Taux d'occupation des lits en r\u00e9animation au 30 mars par des patients Covid-19\">Taux d&rsquo;occupation des lits en r\u00e9animation au 30 mars par des patients Covid-19 <small>\u00a9\u00a0Gouvernement.fr<\/small><\/figcaption><\/figure>\n<\/div>\n<p>Le\u00a0<strong>pic \u00e9pid\u00e9mique<\/strong>\u00a0de la premi\u00e8re vague a \u00e9t\u00e9 observ\u00e9 la\u00a0<strong>semaine du 6\u00a0au 12\u00a0avril<\/strong>, soit 15\u00a0jours\u00a0apr\u00e8s la mise en \u0153uvre des mesures de confinement de la population g\u00e9n\u00e9rale, le 17\u00a0mars 2020. Le <strong>pic de la deuxi\u00e8me vague <\/strong>a eu lieu\u00a0du <strong>16\u00a0au 20\u00a0novembre,\u00a0<\/strong>trois semaines apr\u00e8s le deuxi\u00e8me confinement.<\/p>\n<blockquote>\n<p style=\"text-align: right;\">Le taux de d\u00e9pistage est en forte augmentation chez les 0-14\u00a0ans (+41%).<\/p>\n<\/blockquote>\n<p>Au mardi 30\u00a0mars 2021, un total de<strong>\u00a04 585 385\u00a0<\/strong><strong>cas\u00a0confirm\u00e9s\u00a0<\/strong>de coronavirus est rapport\u00e9 depuis le d\u00e9but de la pand\u00e9mie.<\/p>\n<p><strong>Sur la semaine 11\u00a0(15-21\u00a0mars) :<\/strong><\/p>\n<ul>\n<li>Les nouveaux cas de Covid ont augment\u00e9 de +17%.<\/li>\n<li>Le taux d&rsquo;incidence \u00e9tait en hausse dans toutes les classes d&rsquo;\u00e2ge. L&rsquo;augmentation la plus importante \u00e9tait observ\u00e9e chez les 0-14\u00a0ans (+31%) suivis par les 15-44\u00a0ans (+16%), les 45-64\u00a0ans et les 65-74\u00a0ans (+14%) et les 75\u00a0ans et plus (+7%), alors qu&rsquo;une baisse \u00e9tait observ\u00e9e depuis la semaine 04\u00a0dans cette m\u00eame tranche d&rsquo;\u00e2ge.<\/li>\n<li>Le taux de d\u00e9pistage \u00e9tait en forte augmentation chez les 0-14\u00a0ans (+41%) et les 15-44 ans (+12%).<\/li>\n<li>Le taux de positivit\u00e9 hebdomadaire des personnes test\u00e9es \u00e9tait de 7,9%en l\u00e9g\u00e8re augmentation.<\/li>\n<\/ul>\n<h3 style=\"text-align: center;\">Nombre incident de cas confirm\u00e9s de COVID-19\u00a0par semaine (date de pr\u00e9l\u00e8vement) rapport\u00e9s \u00e0 Sant\u00e9 publique France du 11\u00a0mai 2020\u00a0au 21 mars 2021, France (donn\u00e9es au 24 mars 2021)<\/h3>\n<div style=\"text-align:center\">\n<figure class=\"image\" style=\"display:inline-block\"><a class=\"fancy\" href=\"https:\/\/img-3.journaldesfemmes.fr\/vby_eBNACb-xW0QL0omXmGlNOWs=\/1080x\/smart\/e677a89a2aec4e5882c5280fd02c8496\/ccmcms-jdf\/23443008.jpg\"><img decoding=\"async\" alt=\"courbe cas covid france\" src=\"https:\/\/img-3.journaldesfemmes.fr\/uWwI7ME7C8wmg3lp-dAIOofwM0I=\/600x\/smart\/e677a89a2aec4e5882c5280fd02c8496\/ccmcms-jdf\/23443008.jpg\"\/><\/a><figcaption data-credit=\"Sant\u00e9 publique France\" data-legend=\"Nombre incident de cas confirm\u00e9s de COVID-19 par semaine (date de pr\u00e9l\u00e8vement) rapport\u00e9s \u00e0 Sant\u00e9 publique France du 11 mai 2020 au 21 mars 2021, France (donn\u00e9es au 24 mars 2021)\">Nombre incident de cas confirm\u00e9s de COVID-19 par semaine (date de pr\u00e9l\u00e8vement) rapport\u00e9s \u00e0 Sant\u00e9 publique France du 11 mai 2020 au 21 mars 2021, France (donn\u00e9es au 24 mars 2021) <small>\u00a9\u00a0Sant\u00e9 publique France<\/small><\/figcaption><\/figure>\n<\/div>\n<h3 style=\"text-align: center;\">\u00c9volution du taux d&rsquo;incidence Covid-19\u00a0&#8211; hebdomadaire &#8211; tous \u00e2ges jusqu&rsquo;\u00e0 la semaine 11 (15-21 mars)<\/h3>\n<div style=\"text-align:center\">\n<figure class=\"image\" style=\"display:inline-block\"><a class=\"fancy\" href=\"https:\/\/img-3.journaldesfemmes.fr\/R2gt9NYfwvVMu4kO7pTZllrvZ8o=\/1080x\/smart\/ead14faed9f646ff8e31ff40c22a7769\/ccmcms-jdf\/23424868.jpg\"><img decoding=\"async\" alt=\"Taux d'incidence covid - hebdomadaire - tous \u00e2ges\" src=\"https:\/\/img-3.journaldesfemmes.fr\/R2gt9NYfwvVMu4kO7pTZllrvZ8o=\/1080x\/smart\/ead14faed9f646ff8e31ff40c22a7769\/ccmcms-jdf\/23424868.jpg\"\/><\/a><figcaption data-credit=\"G\u00e9odes\" data-legend=\"Taux d'incidence Covid-19 - hebdomadaire - tous \u00e2ges \">Taux d&rsquo;incidence Covid-19 &#8211; hebdomadaire &#8211; tous \u00e2ges <small>\u00a9\u00a0G\u00e9odes<\/small><\/figcaption><\/figure>\n<\/div>\n<p>Mardi 30\u00a0mars,<strong>\u00a030 702\u00a0nouvelles personnes<\/strong>\u00a0ont re\u00e7u un test positif au Covid-19 par rapport \u00e0 la veille.<\/p>\n<h3 style=\"text-align: center;\">Taux d&rsquo;incidence &#8211; quotidien &#8211; tous \u00e2ges jusqu&rsquo;au 21 mars<\/h3>\n<div style=\"text-align:center\">\n<figure class=\"image\" style=\"display:inline-block\"><a class=\"fancy\" href=\"https:\/\/img-3.journaldesfemmes.fr\/vO2gR_nSQuy7b_Z3GcXu6DndJ-k=\/1080x\/smart\/71e1ba0806f0436fb951e1c5ac3c6cb9\/ccmcms-jdf\/23424893.jpg\"><img decoding=\"async\" alt=\"Taux d'incidence - quotidien - tous \u00e2ges\" src=\"https:\/\/img-3.journaldesfemmes.fr\/vO2gR_nSQuy7b_Z3GcXu6DndJ-k=\/1080x\/smart\/71e1ba0806f0436fb951e1c5ac3c6cb9\/ccmcms-jdf\/23424893.jpg\"\/><\/a><figcaption data-credit=\"G\u00e9odes\" data-legend=\"Taux d'incidence - quotidien - tous \u00e2ges jusqu'au 21 mars\">Taux d&rsquo;incidence &#8211; quotidien &#8211; tous \u00e2ges jusqu&rsquo;au 21 mars <small>\u00a9\u00a0G\u00e9odes<\/small><\/figcaption><\/figure>\n<\/div>\n<p><strong>Mardi 30\u00a0mars, 5 072\u00a0personnes sont\u00a0hospitalis\u00e9es\u00a0en\u00a0r\u00e9animation (+98\u00a0au cours des derni\u00e8res 24 heures).<\/strong>\u00a0Le\u00a0nombre de patients COVID-19\u00a0hospitalis\u00e9s en France est tr\u00e8s \u00e9lev\u00e9 et en progression sur la semaine du 15 au 21 mars.<strong> <\/strong><\/p>\n<p>Sur la semaine du 15-21 mars :\u00a0<\/p>\n<ul>\n<li>Le\u00a0taux hebdomadaire d&rsquo;hospitalisations et le taux d&rsquo;admissions en services de soins critiques ont augment\u00e9 respectivement de 11% et 7% par rapport \u00e0 S10.<\/li>\n<li><strong>Les r\u00e9gions les plus touch\u00e9es sont\u00a0toujours l&rsquo;\u00cele-de-France, les Hauts-de-France et Provence-Alpes-C\u00f4te d&rsquo;Azur<\/strong>. Ces r\u00e9gions pr\u00e9sentaient les plus forts taux d&rsquo;hospitalisations et d&rsquo;admissions en r\u00e9animation.<\/li>\n<\/ul>\n<div style=\"text-align:center\">\n<figure class=\"image\" style=\"display:inline-block\"><a class=\"fancy\" href=\"https:\/\/img-3.journaldesfemmes.fr\/_o6ICFfWpq1KX3XqDW8pB5H2GXg=\/1080x\/smart\/769e34a4cb824660bac3d53d1275f67c\/ccmcms-jdf\/23443090.jpg\" target=\"_blank\" rel=\"noopener noreferrer\"><img decoding=\"async\" alt=\"Nombre de patients COVID-19 en services de r\u00e9animation, par date de d\u00e9claration, depuis le 23 mars 2020, France (donn\u00e9es au 16 mars 2021)\" src=\"https:\/\/img-3.journaldesfemmes.fr\/JU5_8FJ4kUovLy-0kW846Hqxj6I=\/600x\/smart\/769e34a4cb824660bac3d53d1275f67c\/ccmcms-jdf\/23443090.jpg\"\/><\/a><figcaption data-credit=\"Sant\u00e9 publique France\" data-legend=\"Nombre de patients COVID-19 en services de r\u00e9animation, par date de d\u00e9claration, depuis le 23 mars 2020, France (donn\u00e9es au 23 mars 2021)\">Nombre de patients COVID-19\u00a0en services de r\u00e9animation, par date de d\u00e9claration, depuis le 23\u00a0mars 2020, France (donn\u00e9es au 23\u00a0mars 2021) <small>\u00a9\u00a0Sant\u00e9 publique France<\/small><\/figcaption><\/figure>\n<\/div>\n<p>Selon les <a href=\"https:\/\/www.gouvernement.fr\/info-coronavirus\/carte-et-donnees\" target=\"_blank\" rel=\"noopener noreferrer\">chiffres communiqu\u00e9s par le gouvernement<\/a>, consolid\u00e9s avec l&rsquo;Agence Sant\u00e9 Publique France et\u00a0les ARS (Agences r\u00e9gionales de Sant\u00e9), voici l&rsquo;\u00e9volution des hospitalisations (dont la r\u00e9animation) et des d\u00e9c\u00e8s\u00a0en France par r\u00e9gion.<\/p>\n<h3><a id=\"cas-covid-19-tableau-par-region\" name=\"cas-covid-19-tableau-par-region\">Evolution des hospitalisations (dont en r\u00e9animation) et d\u00e9c\u00e8s \u00e0 l&rsquo;h\u00f4pital du Covid-19\u00a0par r\u00e9gion au 30\u00a0mars<\/a><\/h3>\n<table border=\"1\" cellpadding=\"1\" cellspacing=\"1\" style=\"width:100%;\">\n<thead>\n<tr>\n<th scope=\"col\" style=\"width: 199px;\">R\u00e9gions<\/th>\n<th scope=\"col\" style=\"width: 162px; text-align: center;\">Hospitalisations en cours<\/th>\n<th scope=\"col\" style=\"width: 143px; text-align: center;\">Evolution des nouveaux patients sur les\u00a0 derni\u00e8res 24\u00a0H<\/th>\n<th scope=\"col\" style=\"width: 149px; text-align: center;\">R\u00e9animation Soins intensif<\/th>\n<th scope=\"col\" style=\"width: 155px; text-align: center;\">Evolution des nouveaux patients sur les\u00a0 derni\u00e8res 24\u00a0H<\/th>\n<th scope=\"col\" style=\"width: 220px; text-align: center;\">D\u00e9c\u00e8s<\/th>\n<\/tr>\n<tr>\n<td style=\"width: 199px;\"><b>\u00cele-de-France<\/b><\/td>\n<td style=\"width: 162px;\">7 325<\/td>\n<td style=\"width: 143px;\">+142<\/td>\n<td style=\"width: 149px;\">1 525<\/td>\n<td style=\"width: 155px;\">+29<\/td>\n<td style=\"width: 220px;\">16 683<\/td>\n<\/tr>\n<tr>\n<td style=\"width: 199px;\"><strong>Grand Est<\/strong><\/td>\n<td style=\"width: 162px;\">2 508<\/td>\n<td style=\"width: 143px;\">-2<\/td>\n<td style=\"width: 149px;\">446<\/td>\n<td style=\"width: 155px;\">+3<\/td>\n<td style=\"width: 220px;\">8 829<\/td>\n<\/tr>\n<tr>\n<td style=\"width: 199px;\"><strong>Auvergne-Rh\u00f4ne-Alpes<\/strong><\/td>\n<td style=\"width: 162px;\">3 337<\/td>\n<td style=\"width: 143px;\">+66<\/td>\n<td style=\"width: 149px;\">510<\/td>\n<td style=\"width: 155px;\">+7<\/td>\n<td style=\"width: 220px;\">9 913<\/td>\n<\/tr>\n<tr>\n<td style=\"width: 199px;\"><strong>Hauts-de-France<\/strong><\/td>\n<td style=\"width: 162px;\">3 486<\/td>\n<td style=\"width: 143px;\">+72<\/td>\n<td style=\"width: 149px;\">654<\/td>\n<td style=\"width: 155px;\">+29<\/td>\n<td style=\"width: 220px;\">7 241<\/td>\n<\/tr>\n<tr>\n<td style=\"width: 199px;\"><strong>Bourgogne-Franche-Comt\u00e9<\/strong><\/td>\n<td style=\"width: 162px;\">1 220<\/td>\n<td style=\"width: 143px;\">-21<\/td>\n<td style=\"width: 149px;\">\n<p>154<\/p>\n<\/td>\n<td style=\"width: 155px;\">+1<\/td>\n<td style=\"width: 220px;\">4 098<\/td>\n<\/tr>\n<tr>\n<td style=\"width: 199px;\"><strong>Provence-Alpes-C\u00f4te d&rsquo;Azur<\/strong><\/td>\n<td style=\"width: 162px;\">3 165<\/td>\n<td style=\"width: 143px;\">+80<\/td>\n<td style=\"width: 149px;\">527<\/td>\n<td style=\"width: 155px;\">+6<\/td>\n<td style=\"width: 220px;\">6 649<\/td>\n<\/tr>\n<tr>\n<td style=\"width: 199px;\"><strong>Occitanie<\/strong><\/td>\n<td style=\"width: 162px;\">1 646<\/td>\n<td style=\"width: 143px;\">+40<\/td>\n<td style=\"width: 149px;\">320<\/td>\n<td style=\"width: 155px;\">+10<\/td>\n<td style=\"width: 220px;\">3 572<\/td>\n<\/tr>\n<tr>\n<td style=\"width: 199px;\"><strong>Bretagne<\/strong><\/td>\n<td style=\"width: 162px;\">742<\/td>\n<td style=\"width: 143px;\">-6<\/td>\n<td style=\"width: 149px;\">108<\/td>\n<td style=\"width: 155px;\">-1<\/td>\n<td style=\"width: 220px;\">1 314<\/td>\n<\/tr>\n<tr>\n<td style=\"width: 199px;\"><strong>Nouvelle-Aquitaine<\/strong><\/td>\n<td style=\"width: 162px;\">1 188<\/td>\n<td style=\"width: 143px;\">+38<\/td>\n<td style=\"width: 149px;\">220<\/td>\n<td style=\"width: 155px;\">+7<\/td>\n<td style=\"width: 220px;\">3 160<\/td>\n<\/tr>\n<tr>\n<td style=\"width: 199px;\"><strong><a href=\"http:\/\/www.affinite.fr\/index.php\/2024\/11\/21\/construire-votre-maison-en-normandie\/\">Normandie<\/a><\/strong><\/td>\n<td style=\"width: 162px;\">1 435<\/td>\n<td style=\"width: 143px;\">\n<p>+28<\/p>\n<\/td>\n<td style=\"width: 149px;\">187<\/td>\n<td style=\"width: 155px;\">+3<\/td>\n<td style=\"width: 220px;\">2 607<\/td>\n<\/tr>\n<tr>\n<td style=\"width: 199px;\"><strong>Centre Val-de-Loire<\/strong><\/td>\n<td style=\"width: 162px;\">1 063<\/td>\n<td style=\"width: 143px;\">-6<\/td>\n<td style=\"width: 149px;\">161<\/td>\n<td style=\"width: 155px;\">-22<\/td>\n<td style=\"width: 220px;\">2 220<\/td>\n<\/tr>\n<tr>\n<td style=\"width: 199px;\"><strong>Pays de la Loire<\/strong><\/td>\n<td style=\"width: 162px;\">907<\/td>\n<td style=\"width: 143px;\">+32<\/td>\n<td style=\"width: 149px;\">133<\/td>\n<td style=\"width: 155px;\">+5<\/td>\n<td style=\"width: 220px;\">2 259<\/td>\n<\/tr>\n<tr>\n<td style=\"width: 199px;\"><strong>Corse<\/strong><\/td>\n<td style=\"width: 162px;\">136<\/td>\n<td style=\"width: 143px;\">-1<\/td>\n<td style=\"width: 149px;\">13<\/td>\n<td style=\"width: 155px;\">+2<\/td>\n<td style=\"width: 220px;\">168<\/td>\n<\/tr>\n<tr>\n<td style=\"width: 199px;\"><strong>Martinique<\/strong><\/td>\n<td style=\"width: 162px;\">61<\/td>\n<td style=\"width: 143px;\">+8<\/td>\n<td style=\"width: 149px;\">19<\/td>\n<td style=\"width: 155px;\">+5<\/td>\n<td style=\"width: 220px;\">51<\/td>\n<\/tr>\n<tr>\n<td style=\"width: 199px;\"><strong>Guadeloupe<\/strong><\/td>\n<td style=\"width: 162px;\">66<\/td>\n<td style=\"width: 143px;\">+16<\/td>\n<td style=\"width: 149px;\">15<\/td>\n<td style=\"width: 155px;\">+2<\/td>\n<td style=\"width: 220px;\">197<\/td>\n<\/tr>\n<tr>\n<td style=\"width: 199px;\"><strong>La R\u00e9union<\/strong><\/td>\n<td style=\"width: 162px;\">171<\/td>\n<td style=\"width: 143px;\">-6<\/td>\n<td style=\"width: 149px;\">59<\/td>\n<td style=\"width: 155px;\">+4<\/td>\n<td style=\"width: 220px;\">124<\/td>\n<\/tr>\n<tr>\n<td style=\"width: 199px;\"><strong>Guyane<\/strong><\/td>\n<td style=\"width: 162px;\">18<\/td>\n<td style=\"width: 143px;\">+2<\/td>\n<td style=\"width: 149px;\">\n<p>6<\/p>\n<\/td>\n<td style=\"width: 155px;\">-2<\/td>\n<td style=\"width: 220px;\">88<\/td>\n<\/tr>\n<tr>\n<td style=\"width: 199px;\"><strong>Mayotte<\/strong><\/td>\n<td style=\"width: 162px;\">36<\/td>\n<td style=\"width: 143px;\">-2<\/td>\n<td style=\"width: 149px;\">15<\/td>\n<td style=\"width: 155px;\">\n<p>-3<\/p>\n<\/td>\n<td style=\"width: 220px;\">120<\/td>\n<\/tr>\n<tr>\n<td style=\"width: 199px;\"><strong>TOTAL<\/strong><\/td>\n<td style=\"width: 162px;\"><strong>28 510<\/strong><\/td>\n<td style=\"width: 143px;\">+480<\/td>\n<td style=\"width: 149px;\"><b>5 072<\/b><\/td>\n<td style=\"width: 155px;\">+85<\/td>\n<td style=\"width: 220px;\">\n<p><b>69 293<\/b><\/p>\n<\/td>\n<\/tr>\n<\/thead>\n<\/table>\n<p><strong>95 337\u00a0d\u00e9c\u00e8s sont recens\u00e9s au 30\u00a0mars\u00a0<\/strong>dont 69 293\u00a0\u00e0 l&rsquo;h\u00f4pital\u00a0(+336\u00a0au cours des 24 derni\u00e8res heures), selon les chiffres du gouvernement.\u00a0En France, depuis le d\u00e9but de l&rsquo;\u00e9pid\u00e9mie, 1\u00a0personne sur 1000\u00a0est morte du fait de la Covid-19, indique la <a href=\"https:\/\/www.has-sante.fr\/jcms\/p_3234447\/fr\/covid-19-se-vacciner-decider-avec-son-medecin\" target=\"_blank\" rel=\"noopener noreferrer\">Haute Autorit\u00e9 de Sant\u00e9<\/a> le 29 janvier.\u00a0Les personnes<em> les plus fragiles<\/em> face \u00e0 cette \u00e9pid\u00e9mie restent celles \u00e2g\u00e9es de 65\u00a0ans et plus, ainsi que celles pr\u00e9sentant des comorbidit\u00e9s. Cependant, une modification de l&rsquo;\u00e2ge des nouveaux cas ainsi que des nouveaux patients hospitalis\u00e9s est observ\u00e9e depuis quelques semaines, avec notamment un<strong> rajeunissement de l&rsquo;\u00e2ge des patients.<\/strong> 93% des cas de Covid-19\u00a0d\u00e9c\u00e9d\u00e9s \u00e9taient \u00e2g\u00e9s de 65\u00a0ans ou plus. Par ailleurs, la part des d\u00e9c\u00e8s Covid\u00a0est de 55% chez les hommes.<\/p>\n<div style=\"text-align:center\">\n<figure class=\"image\" style=\"display:inline-block\"><a class=\"fancy\" href=\"https:\/\/img-3.journaldesfemmes.fr\/gLfKimTty4u_2XYTItSJcUAi9C0=\/1080x\/smart\/ea48a604d85b4ec6814faac3c7e19390\/ccmcms-jdf\/23443193.jpg\"><img decoding=\"async\" alt=\"Nombre hebdomadaire de nouveaux d\u00e9c\u00e8s de patients COVID-19 selon la date de d\u00e9claration, depuis le 23 mars 2020, France (donn\u00e9es au 28 f\u00e9vrier 2021)\" src=\"https:\/\/img-3.journaldesfemmes.fr\/7FNYWhxEp2Krph9J7_5bWZvQlo0=\/600x\/smart\/ea48a604d85b4ec6814faac3c7e19390\/ccmcms-jdf\/23443193.jpg\"\/><\/a><figcaption data-credit=\"Sant\u00e9 publique France\" data-legend=\"Nombre hebdomadaire de nouveaux d\u00e9c\u00e8s de patients COVID-19 selon la date de d\u00e9claration, depuis le 23 mars 2020, France (donn\u00e9es au 21 mars 2021)\">Nombre hebdomadaire de nouveaux d\u00e9c\u00e8s de patients COVID-19 selon la date de d\u00e9claration, depuis le 23 mars 2020, France (donn\u00e9es au 21 mars 2021) <small>\u00a9\u00a0Sant\u00e9 publique France<\/small><\/figcaption><\/figure>\n<\/div>\n<aside id=\"NL_1205517397\" class=\"newsletter_subscription jNlBlock\"><noscript><br \/>\n            <\/noscript><\/p>\n<h3 class=\"newsletter_subscription-title\">Newsletter <\/h3>\n<p><a href=\"\/\/mailing.ccmbg.com\/archive\/last-85\" target=\"_blank\" class=\"a_hover\" rel=\"noopener noreferrer\">Voir un exemple<\/a><\/p>\n<\/aside>\n<p>La France a franchi la barre des 40 000 morts samedi 7 novembre 2020,\u00a0celle des 50 000 le 24 novembre,\u00a0celle des 60 000 le 18 d\u00e9cembre et celle des 90 000 le 12 mars 2021.\u00a0<strong>Un pic de mortalit\u00e9 a \u00e9t\u00e9 atteint\u00a0le 9\u00a0novembre 2020\u00a0<\/strong>(40 987\u00a0morts, dont 548 en 24 heures).\u00a0<\/p>\n<p><iframe loading=\"lazy\" height=\"1000\" src=\"https:\/\/mapthenews.maps.arcgis.com\/apps\/opsdashboard\/index.html#\/bae8aaa7a0b14261b4621c31db410c44\" style=\"border: 0px\" width=\"600\"><\/iframe><\/p>\n<section>\n<blockquote>\n<p style=\"text-align: right;\">\u00a0<\/p>\n<\/blockquote>\n<p>Le taux de reproduction du virus est toujours sup\u00e9rieur \u00e0\u00a0<strong>1 : 1.16 le 20 mars. <\/strong>Au 20 mars, Sant\u00e9 Publique France informe que les estimations du R\u00a0obtenues \u00e0 partir des trois sources de donn\u00e9es \u00e9taient significativement sup\u00e9rieures \u00e0 1\u00a0dans<strong> cinq r\u00e9gions <\/strong>m\u00e9tropolitaines\u00a0: <strong>Auvergne-Rh\u00f4ne-Alpes, Grand Est, Hauts-de-France, \u00cele-de-France et Occitanie<\/strong>. : 1.12\u00a0le 13 mars ce qui signifie que l&rsquo;\u00e9pid\u00e9mie reste \u00e0 un niveau \u00e9lev\u00e9 puisqu&rsquo;un malade du Covid-19 en contamine plus d&rsquo;un. Les taux de reproduction du virus appel\u00e9s \u00ab\u00a0R-effectifs\u00a0\u00bb ou \u00ab\u00a0Reff\u00a0\u00bb\u00a0permettent de d\u00e9crire la dynamique de l&rsquo;\u00e9pid\u00e9mie\u00a0: lorsque le Reff est significativement sup\u00e9rieur \u00e0 1, ceci signifie que l&rsquo;\u00e9pid\u00e9mie est en progression, lorsqu&rsquo;il est \u00e9gal \u00e0 1, l&rsquo;\u00e9pid\u00e9mie se stabilise, lorsqu&rsquo;il est significativement inf\u00e9rieur \u00e0 1, l&rsquo;\u00e9pid\u00e9mie r\u00e9gresse.\u00a0<\/p>\n<p>Le d\u00e9pistage du Covid-19 est r\u00e9alis\u00e9 en France par RT-PCT et par tests antig\u00e9niques. Depuis le 11 f\u00e9vrier, les tests salivaires sont d\u00e9ploy\u00e9s dans les\u00a0\u00e9tablissements scolaires et peuvent \u00eatre utilis\u00e9s en premi\u00e8re intention pour d\u00e9pister la Covid-19, conform\u00e9ment aux recommandations de la <a href=\"https:\/\/www.has-sante.fr\/jcms\/p_3237053\/fr\/tests-rt-pcr-salivaires-la-has-etend-leur-utilisation-et-definit-les-modalites-pratiques-de-realisation\" target=\"_blank\" rel=\"noopener noreferrer\">HAS<\/a>. Au 29\u00a0mars, le taux de positivit\u00e9 national s&rsquo;\u00e9tablit \u00e0<strong>\u00a08,2%.<\/strong>\u00a0<em>\u00ab\u00a0Il reste d\u00e9terminant que chaque personne pr\u00e9sentant des sympt\u00f4mes \u00e9vocateurs de COVID-19\u00a0s&rsquo;isole imm\u00e9diatement et r\u00e9alise un test diagnostique dans les plus brefs d\u00e9lais\u00a0\u00bb<\/em> rappelle Sant\u00e9 Publique France dans ses bulletins hebdomadaires.<\/p>\n<p>Si au d\u00e9but, on ne parlait que de fi\u00e8vre, toux s\u00e8che, rhume, \u00e9tat grippal et de fatigue, les sympt\u00f4mes de l&rsquo;infection par le coronavirus ont \u00e9volu\u00e9. On sait d\u00e9sormais que le virus peut avoir des <strong>effets sur la peau<\/strong> (urticaire, l\u00e9sions inflammatoires sur les orteils), la sph\u00e8re digestive (vomissements, diarrh\u00e9es&#8230;), <strong>l&rsquo;odorat<\/strong>, le <strong>go\u00fbt <\/strong>et m\u00eame le cerveau.<em> <\/em><\/p>\n<p>\u2192<strong> Chaque personne pr\u00e9sentant des sympt\u00f4mes \u00e9vocateurs de COVID-19 doit s&rsquo;isoler imm\u00e9diatement et r\u00e9aliser un test diagnostique<\/strong> dans les plus brefs d\u00e9lais (sans avoir d&rsquo;ordonnance).<\/p>\n<p>\u2192<strong> <\/strong><strong>Appeler le\u00a015\u00a0en cas de\u00a0difficult\u00e9s respiratoires\u00a0: \u00ab\u00a0<\/strong><em>Si la toux et la\u00a0fi\u00e8vre s&rsquo;accompagnent d&rsquo;une g\u00eane respiratoire qui devient permanente avec souffle court, difficult\u00e9 \u00e0 inspirer et \u00e0 expirer, d&rsquo;une aggravation importante de la toux, cela peut signifier une \u00e9volution de la maladie sous la forme d&rsquo;une pneumopathie. Il s&rsquo;agit alors d&rsquo;une urgence respiratoire potentielle et comme dans tous les cas d&rsquo;urgence, il faut alors appeler le 15\u00a0qui prendra les meilleures dispositions pour r\u00e9pondre \u00e0 la situation\u00a0\u00bb, <\/em>pr\u00e9vient le Dr\u00a0Patrick Aub\u00e9, m\u00e9decin g\u00e9n\u00e9raliste. \u00a0<\/p>\n<div class=\"ccminsert\">\n<aside class=\"app_widget_fo app_widget_fo--list app_widget_fo--list-2-col\">\n<ul>\n<li>\n<h3>\n                    <a href=\"https:\/\/sante.journaldesfemmes.fr\/fiches-maladies\/2665621-angine-ou-covid-19-symptomes-signes-fievre-mal-gorge-test-difference-contagion\/\" class=\"jGTMWidgetGAEventClick\" data-gtmwidgetgaeventaction=\"clickWidgetListOnTwoColumns\" data-gtmwidgetgaeventlabel=\"Angine ou Covid-19\u00a0: sympt\u00f4mes, diff\u00e9rences, test, contagion\"><br \/>\n                        Angine ou Covid-19\u00a0: sympt\u00f4mes, diff\u00e9rences, test, contagion<br \/>\n                    <\/a><br \/>\n                <\/h3>\n<\/li>\n<li>\n<h3>\n                    <a href=\"https:\/\/sante.journaldesfemmes.fr\/fiches-maladies\/2701631-probleme-maladie-foie-covid-atteinte-cancer-complication-sequelles-symptomes-risque-vaccination\/\" class=\"jGTMWidgetGAEventClick\" data-gtmwidgetgaeventaction=\"clickWidgetListOnTwoColumns\" data-gtmwidgetgaeventlabel=\"Probl\u00e8me au foie et Covid\u00a0: risques, s\u00e9quelles, vaccination\"><br \/>\n                        Probl\u00e8me au foie et Covid\u00a0: risques, s\u00e9quelles, vaccination<br \/>\n                    <\/a><br \/>\n                <\/h3>\n<\/li>\n<li>\n<h3>\n                    <a href=\"https:\/\/sante.journaldesfemmes.fr\/fiches-maladies\/2701633-fievre-covid-duree-obligatoire-que-faire-que-prendre-combien-temperature\/\" class=\"jGTMWidgetGAEventClick\" data-gtmwidgetgaeventaction=\"clickWidgetListOnTwoColumns\" data-gtmwidgetgaeventlabel=\"Fi\u00e8vre et Covid\u00a0: dur\u00e9e, temp\u00e9rature, est-ce obligatoire\u00a0?\"><br \/>\n                        Fi\u00e8vre et Covid\u00a0: dur\u00e9e, temp\u00e9rature, est-ce obligatoire\u00a0?<br \/>\n                    <\/a><br \/>\n                <\/h3>\n<\/li>\n<li>\n<h3>\n                    <a href=\"https:\/\/sante.journaldesfemmes.fr\/fiches-maladies\/2696267-covid-long-c-est-quoi-symptomes-contagieux-fatigue-prise-en-charge-france-traitement\/\" class=\"jGTMWidgetGAEventClick\" data-gtmwidgetgaeventaction=\"clickWidgetListOnTwoColumns\" data-gtmwidgetgaeventlabel=\"Covid long\u00a0: sympt\u00f4mes, est-on contagieux, quel traitement\u00a0?\"><br \/>\n                        Covid long\u00a0: sympt\u00f4mes, est-on contagieux, quel traitement\u00a0?<br \/>\n                    <\/a><br \/>\n                <\/h3>\n<\/li>\n<li>\n<h3>\n                    <a href=\"https:\/\/sante.journaldesfemmes.fr\/fiches-maladies\/2661241-rhume-ou-covid-19-symptomes-tableau-differences-ecole-que-faire-comment-savoir-travail\/\" class=\"jGTMWidgetGAEventClick\" data-gtmwidgetgaeventaction=\"clickWidgetListOnTwoColumns\" data-gtmwidgetgaeventlabel=\"Rhume ou Covid-19\u00a0: sympt\u00f4mes, tableau, \u00e9cole, que faire\u00a0?\"><br \/>\n                        Rhume ou Covid-19\u00a0: sympt\u00f4mes, tableau, \u00e9cole, que faire\u00a0?<br \/>\n                    <\/a><br \/>\n                <\/h3>\n<\/li>\n<li>\n<h3>\n                    <a href=\"https:\/\/sante.journaldesfemmes.fr\/fiches-maladies\/2626825-covid-ou-allergie-pollen-coronavirus-asthme-symptomes-toux-yeux-traitement\/\" class=\"jGTMWidgetGAEventClick\" data-gtmwidgetgaeventaction=\"clickWidgetListOnTwoColumns\" data-gtmwidgetgaeventlabel=\"Covid ou allergie au pollen\u00a0: sympt\u00f4mes, diff\u00e9rences, traitements\"><br \/>\n                        Covid ou allergie au pollen\u00a0: sympt\u00f4mes, diff\u00e9rences, traitements<br \/>\n                    <\/a><br \/>\n                <\/h3>\n<\/li>\n<li>\n<h3>\n                    <a href=\"https:\/\/sante.journaldesfemmes.fr\/fiches-maladies\/2676955-covid-19-ou-gastro-enterite-difference-symptomes-fievre-diarrhee-que-faire-complications\/\" class=\"jGTMWidgetGAEventClick\" data-gtmwidgetgaeventaction=\"clickWidgetListOnTwoColumns\" data-gtmwidgetgaeventlabel=\"Covid\u00a0ou gastro-ent\u00e9rite\u00a0: sympt\u00f4mes, quelles diff\u00e9rences\u00a0?\"><br \/>\n                        Covid\u00a0ou gastro-ent\u00e9rite\u00a0: sympt\u00f4mes, quelles diff\u00e9rences\u00a0?<br \/>\n                    <\/a><br \/>\n                <\/h3>\n<\/li>\n<li>\n<h3>\n                    <a href=\"https:\/\/sante.journaldesfemmes.fr\/fiches-sante-du-quotidien\/2627543-perte-gout-agueusie-covid-19-def-duree-cause-partielle-traitement-soigner\/\" class=\"jGTMWidgetGAEventClick\" data-gtmwidgetgaeventaction=\"clickWidgetListOnTwoColumns\" data-gtmwidgetgaeventlabel=\"Perte du go\u00fbt (agueusie)\u00a0: dur\u00e9e, Covid, comment soigner\u00a0?\"><br \/>\n                        Perte du go\u00fbt (agueusie)\u00a0: dur\u00e9e, Covid, comment soigner\u00a0?<br \/>\n                    <\/a><br \/>\n                <\/h3>\n<\/li>\n<li>\n<h3>\n                    <a href=\"https:\/\/sante.journaldesfemmes.fr\/fiches-maladies\/2683439-symptomes-covid-19-coronavirus-boutons-visage-corps-dermatologiques-peau-bras-pieds-engelure\/\" class=\"jGTMWidgetGAEventClick\" data-gtmwidgetgaeventaction=\"clickWidgetListOnTwoColumns\" data-gtmwidgetgaeventlabel=\"Sympt\u00f4mes Covid sur la peau\u00a0: engelures, boutons, quand consulter\u00a0?\"><br \/>\n                        Sympt\u00f4mes Covid sur la peau\u00a0: engelures, boutons, quand consulter\u00a0?<br \/>\n                    <\/a><br \/>\n                <\/h3>\n<\/li>\n<li>\n<h3>\n                    <a href=\"https:\/\/sante.journaldesfemmes.fr\/fiches-maladies\/2630069-coronavirus-covid-19-cerveau-symptomes-sequelles-odorat-effet-lesion-attaque\/\" class=\"jGTMWidgetGAEventClick\" data-gtmwidgetgaeventaction=\"clickWidgetListOnTwoColumns\" data-gtmwidgetgaeventlabel=\"Coronavirus\u00a0et cerveau\u00a0: effets, quels sympt\u00f4mes\u00a0?\"><br \/>\n                        Coronavirus\u00a0et cerveau\u00a0: effets, quels sympt\u00f4mes\u00a0?<br \/>\n                    <\/a><br \/>\n                <\/h3>\n<\/li>\n<\/ul>\n<\/aside>\n<\/div>\n<p>La vaccination contre la Covid-19 se poursuit en France avec les vaccins Pfizer-BioNTech,\u00a0Moderna et AstraZeneca (chez les m\u00e9decins g\u00e9n\u00e9ralistes,\u00a0au travail et en pharmacie). La prise de<strong> rendez-vous<\/strong> est ouverte<b> <\/b>sur les sites Internet <strong>Doctolib, Maiia et KelDoc<\/strong> et peut aussi se faire en contactant par t\u00e9l\u00e9phone le <strong>centre de vaccination<\/strong> le plus proche de chez soi (liste disponible sur\u00a0<a href=\"https:\/\/www.sante.fr\/centres-vaccination-covid.html\" target=\"_blank\" rel=\"noopener noreferrer\">Sante.fr<\/a>).\u00a0En cas de difficult\u00e9, le num\u00e9ro vert national :<strong> 0\u00a0800\u00a0009\u00a0110<\/strong>,\u00a0permet d&rsquo;\u00eatre redirig\u00e9 vers le standard t\u00e9l\u00e9phonique d&rsquo;un centre ou d&rsquo;obtenir un accompagnement \u00e0 la prise de rendez-vous.<\/p>\n<div class=\"ccminsert\">\n<aside class=\"app_widget_fo app_widget_fo--call\">\n<ul>\n<li>\n                <a href=\"https:\/\/sante.journaldesfemmes.fr\/fiches-maladies\/2620433-vaccin-coronavirus-covid-19-pfizer-moderna-sanofi-spoutnik-johnson-astrazeneca-france-choisir-commande\/\" class=\"jGTMWidgetGAEventClick\" data-gtmwidgetgaeventaction=\"clickWidgetCall\" data-gtmwidgetgaeventlabel=\"Vaccin Covid-19\u00a0: Pfizer, AstraZeneca, Moderna, peut-on choisir\u00a0?\"><\/p>\n<figure><picture><source media=\"(max-width: 480px)\" srcset=\"https:\/\/img-3.journaldesfemmes.fr\/83Vyj8RvaVlJVFL0IQsV4eksql0=\/160x105\/smart\/d6cbe2f4ea8d4ec6813ad9f8b7c2dedb\/ccmcms-jdf\/23533891.jpg\"><img decoding=\"async\" src=\"https:\/\/img-3.journaldesfemmes.fr\/liLR3KaCEWCNi00H4eUYGZKwCYY=\/200x132\/smart\/d6cbe2f4ea8d4ec6813ad9f8b7c2dedb\/ccmcms-jdf\/23533891.jpg\" alt=\"\"\/><\/source><\/picture><figcaption>\n<h3>Vaccin Covid-19\u00a0: Pfizer, AstraZeneca, Moderna, peut-on choisir\u00a0?<\/h3>\n<p>Pfizer-BioNTech, Moderna, AstraZeneca\u00a0et Johnson&amp;Johnson sont les quatre vaccins autoris\u00e9s en Europe. Ce dernier devrait \u00eatre livr\u00e9 \u00e0 partir du 19\u00a0avril. Trois sont en cours d&rsquo;\u00e9valuation dont le vaccin russe Spoutnik. Principe, efficacit\u00e9, diff\u00e9rences, noms des vaccins, effets secondaires, doses, \u00e2ge, choix&#8230; Derni\u00e8res infos.<\/p>\n<\/figcaption><\/figure>\n<p><\/a>\n            <\/li>\n<\/ul>\n<\/aside>\n<\/div>\n<p>Depuis le 1er mars, l&rsquo;Allemagne exige \u00ab\u00a0<em>un test PCR ou antig\u00e9nique\u00a0\u00bb<\/em>\u00a0de moins de 48\u00a0heures \u00e0 l&rsquo;entr\u00e9e sur son territoire depuis la Moselle, y compris pour les travailleurs fran\u00e7ais qui y travaillent quotidiennement.<\/p>\n<ul>\n<li>A partir du 12 mars, les conditions d&rsquo;acc\u00e8s \u00e0 7\u00a0pays hors UE s&rsquo;assouplissent. \u00ab\u00a0<em>Il ne sera plus n\u00e9cessaire de justifier d&rsquo;un motif imp\u00e9rieux pour les d\u00e9placements <strong>en provenance<\/strong> ou <strong>vers<\/strong> l&rsquo;<strong>Australie<\/strong>, la <strong>Cor\u00e9e du Sud<\/strong>,<strong> Isra\u00ebl<\/strong>, le <strong>Japon<\/strong>, la <strong>Nouvelle-Z\u00e9lande<\/strong>, le <strong>Royaume-Uni <\/strong>et <strong>Singapour<\/strong><\/em>\u00ab\u00a0, a indiqu\u00e9 le minist\u00e8re fran\u00e7ais des Affaires \u00e9trang\u00e8res. Pour les autres pays hors UE, il faut justifier d&rsquo;une raison imp\u00e9rieuse depuis\u00a0le 31\u00a0janvier 2021.\u00a0<\/li>\n<li>Depuis le dimanche 24\u00a0janvier, tous les voyageurs entrant en France et venant d&rsquo;un pays europ\u00e9en doivent pr\u00e9senter avant leur d\u00e9part pour l&rsquo;Hexagone un test PCR n\u00e9gatif de moins de 72\u00a0heures.<\/li>\n<li>Depuis le 18 janvier, les voyageurs entrant en France en provenance d&rsquo;un pays hors Union-Europ\u00e9enne doivent\u00a0pr\u00e9senter un test PCR n\u00e9gatif\u00a0 et s&rsquo;isoler pendant 7\u00a0jours une fois arriv\u00e9s en France et faire un 2<sup>e<\/sup>\u00a0test \u00e0 l&rsquo;issue de cette p\u00e9riode.\u00a0<\/li>\n<\/ul>\n<table border=\"1\" cellpadding=\"1\" cellspacing=\"1\" style=\"width:100%;\">\n<thead>\n<tr>\n<th scope=\"col\" style=\"text-align: center;\"><strong>DATES CL\u00c9S DE L&rsquo;\u00c9PID\u00c9MIE EN FRANCE<\/strong><\/th>\n<\/tr>\n<\/thead>\n<tbody>\n<tr>\n<td>\n<ul>\n<li><strong>31\u00a0d\u00e9cembre 2019,<\/strong> l&rsquo;Organisation mondiale de la Sant\u00e9 en Chine est inform\u00e9e de plusieurs cas de pneumonies dans la ville de Wuhan. 44\u00a0personnes sont infect\u00e9es entre cette date et le 3\u00a0janvier 2020.<\/li>\n<li><strong>7\u00a0janvier 2020, <\/strong>les autorit\u00e9s chinoises identifient un \u00ab\u00a0nouveau type de coronavirus\u00a0\u00bb.<\/li>\n<li><strong>13\u00a0janvier, <\/strong>un cas import\u00e9 est recens\u00e9 en Tha\u00eflande.<\/li>\n<li><strong>15\u00a0janvier<\/strong>, le virus cause\u00a0la mort d&rsquo;<strong>une premi\u00e8re\u00a0personne \u00e0 Wuhan<\/strong>, un homme de 69\u00a0ans.\u00a0<\/li>\n<li><strong>23\u00a0janvier,<\/strong> trois villes chinoises dont Wuhan sont plac\u00e9es en quarantaine.<\/li>\n<li><strong>25\u00a0janvier, trois personnes\u00a0contamin\u00e9es sont recens\u00e9es en France<\/strong>, deux \u00e0 Paris et une Bordeaux. Ce sont les premiers cas enregistr\u00e9s sur le continent europ\u00e9en.<\/li>\n<li><strong>30\u00a0janvier, <\/strong>l&rsquo;Organisation mondiale de la Sant\u00e9 <strong>d\u00e9cr\u00e8te\u00a0l&rsquo;<a href=\"https:\/\/sante.journaldesfemmes.fr\/fiches-maladies\/2608035-urgence-de-sante-publique-de-portee-internationale-definition-oms-coronavirus\/\" target=\"_blank\" rel=\"noopener noreferrer\">urgence de sant\u00e9 mondiale<\/a><\/strong>.\u00a0Cette mesure n&rsquo;avait \u00e9t\u00e9 d\u00e9cr\u00e9t\u00e9e que 5\u00a0fois depuis sa cr\u00e9ation (pour Ebola (deux fois), la grippe H1N1, Zika et la poliomy\u00e9lite).\u00a0<\/li>\n<li><strong>23\u00a0f\u00e9vrier, <\/strong>la France d\u00e9clenche le <a href=\"https:\/\/sante.journaldesfemmes.fr\/fiches-maladies\/2622449-plan-orsan-reb-definition-signification-qui-declenche-coronavirus-definition-duree\/\" target=\"_blank\" rel=\"noopener noreferrer\">plan ORSAN<\/a>, un dispositif exceptionnel d&rsquo;organisation des soins.<\/li>\n<li><strong>28\u00a0f\u00e9vrier,<\/strong> la France passe en stade 2\u00a0de l&rsquo;\u00e9pid\u00e9mie.<\/li>\n<li><strong>11\u00a0mars, <\/strong>l&rsquo;OMS classifie de <strong>pand\u00e9mie <\/strong>la diffusion de la maladie \u00e0 coronavirus Covid-19\u00a0dans le monde.<\/li>\n<li><strong>12\u00a0mars<\/strong>, le pr\u00e9sident de la R\u00e9publique Emmanuel Macron annonce la fermeture nationale des cr\u00e8ches et \u00e9tablissements scolaires de France \u00e0 compter du 16\u00a0mars et \u00ab\u00a0jusqu&rsquo;\u00e0 nouvel ordre\u00a0\u00bb.<\/li>\n<li><strong>14\u00a0mars<\/strong>, la France passe au <a href=\"https:\/\/sante.journaldesfemmes.fr\/fiches-maladies\/2625289-coronavirus-covid-19-stade-1-2-3-4-duree-mesure-france-signification-quand\/\" target=\"_blank\" rel=\"noopener noreferrer\"><strong>stade 3 <\/strong><\/a>de l&rsquo;\u00e9pid\u00e9mie.<\/li>\n<li><strong>16\u00a0mars\u00a0:<\/strong>\u00a0la France met en place un dispositif de confinement interdisant les d\u00e9placements.<\/li>\n<li><strong>18\u00a0mars<\/strong> le premier transfert de patients Covid-19\u00a0en France est r\u00e9alis\u00e9\u00a0gr\u00e2ce \u00e0 l&rsquo;Arm\u00e9e, par voie terrestre et a\u00e9rienne.\u00a0<\/li>\n<li><strong>26\u00a0mars<\/strong>, un premier cas jeune meurt en France, une adolescente de 16\u00a0ans, en Ile-de-France originaire de Morsang-sur-Orge.<\/li>\n<li><strong>27\u00a0mars,<\/strong> le confinement de la population fran\u00e7aise est renouvel\u00e9 jusqu&rsquo;au 15\u00a0avril.<\/li>\n<li><strong>13\u00a0avril,<\/strong> Emmanuel Macron annonce le prolongement du confinement jusqu&rsquo;au 11\u00a0mai.<\/li>\n<li><strong>11\u00a0mai, <\/strong>la France commence son d\u00e9confinement.<\/li>\n<li><strong>\u00a015\u00a0juin<\/strong>, toute la France passe en zone verte, sauf Mayotte et la Guyane. \u00c0\u00a0Paris, les restaurants et bars peuvent rouvrir compl\u00e8tement.<\/li>\n<li><strong>22\u00a0juin, <\/strong>les \u00e9coles sont de nouveaux obligatoires en France pour tous les \u00e9l\u00e8ves. Les cin\u00e9mas, salles de jeux, casinos rouvrent. Les sports collectifs peuvent \u00eatre autoris\u00e9s tout en respectant certaines conditions sanitaires.<\/li>\n<li><strong>10\u00a0juillet<\/strong>, la <strong>France <\/strong>a franchi la barre des 30\u00a0000\u00a0morts. Dans la nuit du 10\u00a0au 11\u00a0juillet \u00e0 minuit, l&rsquo;\u00e9tat d&rsquo;urgence sanitaire prend fin en France.<\/li>\n<li><strong>\u00a020\u00a0juillet,<\/strong>\u00a0le <strong>port du masque est obligatoire <\/strong>dans les lieux publics clos en France.<\/li>\n<li><strong>8 octobre, <\/strong>le<strong> plan blanc est r\u00e9activ\u00e9 <\/strong>dans les h\u00f4pitaux d&rsquo;Ile-de-France.<\/li>\n<li><strong>17 octobre \u00e0 0h01<\/strong>, la France repasse en \u00e9tat d&rsquo;urgence sanitaire et un <strong>couvre-feu <\/strong>est instaur\u00e9 dans 9 territoires\u00a0(Paris-Ile-de-France, Rouen, Grenoble, Lille, Lyon, Aix-Marseille, Montpellier, Saint-Etienne, Toulouse).<\/li>\n<li><strong>24 octobre \u00e0 0h01 :<\/strong> extension des mesures de couvre-feu \u00e0 38 nouveaux d\u00e9partements fran\u00e7ais.<\/li>\n<li><strong>29 octobre \u00e0 0h01<\/strong> : reconfinement national pour 4 semaines, jusqu&rsquo;au 1er d\u00e9cembre au minimum.<\/li>\n<li><strong>28 novembre : <\/strong>premi\u00e8re \u00e9tape d&rsquo;all\u00e8gement du confinement avec la r\u00e9ouverture des commerces non essentiels.<\/li>\n<li><strong>15 d\u00e9cembre : <\/strong>seconde \u00e9tape\u00a0d&rsquo;all\u00e8gement du confinement avec le passage \u00e0 un couvre-feu de 20 heures \u00e0 6 heures du matin.<\/li>\n<li><strong>31 d\u00e9cembre<\/strong> : couvre-feu impos\u00e9 le soir du 31 d\u00e9cembre, de 20 heures \u00e0 6 heures du matin.<\/li>\n<li><strong>21 d\u00e9cembre<\/strong> : autorisation du vaccin Pfizer en Europe.<\/li>\n<li><strong>24 d\u00e9cembre<\/strong> : autorisation du vaccin Pfizer BioNTech en France.<\/li>\n<li><strong>27 d\u00e9cembre :<\/strong> d\u00e9but de la vaccination en France et dans l&rsquo;Union europ\u00e9enne avec le vaccin Pfizer BioNTech.<\/li>\n<li><strong>8 janvier 2021<\/strong> :\u00a0autorisation du vaccin Moderna en France.<\/li>\n<li><strong>24 janvier 2021<\/strong> : un test PCR n\u00e9gatif est obligatoire pour rentrer en France par avion pour les voyageurs venant d&rsquo;un pays europ\u00e9en (sauf pour les travailleurs transfrontaliers et le transport terrestre).<\/li>\n<li><strong>31 janvier 2021<\/strong> : fermeture des fronti\u00e8res en France aux pays ext\u00e9rieurs \u00e0 l&rsquo;Union europ\u00e9enne<\/li>\n<li><strong>2 f\u00e9vrier 2021<\/strong> :\u00a0autorisation du vaccin de l&rsquo;Universit\u00e9 d&rsquo;Oxford et AstraZeneca en France, uniquement pour les personnes \u00e2g\u00e9es de moins de 65\u00a0ans.<\/li>\n<li><strong>11 f\u00e9vrier : <\/strong>d\u00e9ploiement des tests salivaires dans les \u00e9tablissements scolaires.<\/li>\n<li><strong>12 mars :\u00a0<\/strong>autorisation du\u00a0vaccin\u00a0Johnson&amp;Johnson,\u00a0\u00e0 injection unique, le 4e vaccin \u00e0 \u00eatre autoris\u00e9 en France.<\/li>\n<li><strong>16 mars <\/strong>: autorisation des autotests en France.<\/li>\n<li><strong>19 mars :<\/strong> confinement de 16 d\u00e9partements pour une dur\u00e9e de 4 semaines. Le couvre-feu repasse \u00e0 19 heures dans toute la France au lieu de 18 heures.<\/li>\n<li><strong>25 mars<\/strong> :\u00a0confinement de 3 nouveaux d\u00e9partements pour une dur\u00e9e de 4\u00a0semaines.<\/li>\n<\/ul>\n<\/td>\n<\/tr>\n<\/tbody>\n<\/table>\n<p><em>Cet article est mis \u00e0 jour quotidiennement par <a href=\"https:\/\/www.journaldesfemmes.fr\/account\/ablaize-11409696\" target=\"_blank\" rel=\"noopener noreferrer\">Aur\u00e9lie Blaize<\/a>, <a href=\"https:\/\/www.journaldesfemmes.fr\/account\/anaisthiebaux-10573564\" target=\"_blank\" rel=\"noopener noreferrer\">Ana\u00efs Thi\u00e9baux<\/a> et <a href=\"https:\/\/www.journaldesfemmes.fr\/account\/samanthapages-11598093\" target=\"_blank\" rel=\"noopener noreferrer\">Samantha Pag\u00e8s<\/a>.\u00a0<\/em><\/p>\n<\/section>\n<\/div>\n<p>[ad_2]<br \/>\n<br \/><a href=\"https:\/\/sante.journaldesfemmes.fr\/fiches-maladies\/2605417-covid-19-france-nouveaux-cas-annonces-discours-macron-maroc-portugal-confinement-strict\/\">Source link <\/a><\/p>\n","protected":false},"excerpt":{"rendered":"<p>[ad_1] CORONAVIRUS DIRECT &#8211; Le cap des 5\u00a0000\u00a0patients en r\u00e9animation a \u00e9t\u00e9 franchi mardi soir. Plus de 30\u00a0700\u00a0nouveaux cas de &hellip; <a href=\"http:\/\/www.affinite.fr\/index.php\/2021\/03\/30\/dernier-bilan-vers-un-confinement-strict\/\" class=\"more-link\">Plus <span class=\"screen-reader-text\">dernier bilan, vers un confinement strict\u00a0?<\/span> <span class=\"meta-nav\">&rarr;<\/span><\/a><\/p>\n","protected":false},"author":1,"featured_media":6154,"comment_status":"open","ping_status":"open","sticky":false,"template":"","format":"standard","meta":{"_sitemap_exclude":false,"_sitemap_priority":"","_sitemap_frequency":"","footnotes":""},"categories":[1],"tags":[],"class_list":["post-6153","post","type-post","status-publish","format-standard","has-post-thumbnail","hentry","category-tous"],"_links":{"self":[{"href":"http:\/\/www.affinite.fr\/index.php\/wp-json\/wp\/v2\/posts\/6153"}],"collection":[{"href":"http:\/\/www.affinite.fr\/index.php\/wp-json\/wp\/v2\/posts"}],"about":[{"href":"http:\/\/www.affinite.fr\/index.php\/wp-json\/wp\/v2\/types\/post"}],"author":[{"embeddable":true,"href":"http:\/\/www.affinite.fr\/index.php\/wp-json\/wp\/v2\/users\/1"}],"replies":[{"embeddable":true,"href":"http:\/\/www.affinite.fr\/index.php\/wp-json\/wp\/v2\/comments?post=6153"}],"version-history":[{"count":0,"href":"http:\/\/www.affinite.fr\/index.php\/wp-json\/wp\/v2\/posts\/6153\/revisions"}],"wp:featuredmedia":[{"embeddable":true,"href":"http:\/\/www.affinite.fr\/index.php\/wp-json\/wp\/v2\/media\/6154"}],"wp:attachment":[{"href":"http:\/\/www.affinite.fr\/index.php\/wp-json\/wp\/v2\/media?parent=6153"}],"wp:term":[{"taxonomy":"category","embeddable":true,"href":"http:\/\/www.affinite.fr\/index.php\/wp-json\/wp\/v2\/categories?post=6153"},{"taxonomy":"post_tag","embeddable":true,"href":"http:\/\/www.affinite.fr\/index.php\/wp-json\/wp\/v2\/tags?post=6153"}],"curies":[{"name":"wp","href":"https:\/\/api.w.org\/{rel}","templated":true}]}}