{"id":6145,"date":"2021-03-29T03:46:28","date_gmt":"2021-03-29T03:46:28","guid":{"rendered":"https:\/\/www.affinite.fr\/index.php\/2021\/03\/29\/frites-de-patate-douce-au-four\/"},"modified":"2021-03-29T03:46:28","modified_gmt":"2021-03-29T03:46:28","slug":"frites-de-patate-douce-au-four","status":"publish","type":"post","link":"http:\/\/www.affinite.fr\/index.php\/2021\/03\/29\/frites-de-patate-douce-au-four\/","title":{"rendered":"Frites de patate douce au four"},"content":{"rendered":"<p> [ad_1]<br \/>\n<\/p>\n<div id=\"post-110727\"> <!-- .et_post_meta_wrapper -->&#13;<br \/>\n\t\t\t\t&#13;<\/p>\n<div class=\"entry-content\">\n\t\t\t\t\t<!-- Rate my Post Plugin - Results Widget --><\/p>\n<p itemprop=\"description\">Un petit plat r\u00e9confortant et qui plait \u00e0 toute la famille : les frites de patate douce. Il y a plein de fa\u00e7on de la cuisiner la patate douce, en pur\u00e9e bien s\u00fbr, en soupe ou de fa\u00e7on plus originale, je l\u2019utilise aussi dans les <a href=\"https:\/\/cuisine-saine.fr\/recettes-sans-oeuf\/recette-sans-oeuf-gateau-au-chocolat-et-a-la-patate-douce\/\">g\u00e2teaux comme ici<\/a>, ou dans la <a href=\"https:\/\/cuisine-saine.fr\/recette-sans-gluten-ni-lait\/recette-de-buche-de-noel-au-chocolat-sans-gluten-ni-lactose\/\">b\u00fbche de No\u00ebl l\u00e0.<\/a><\/p>\n<p>C\u2019est une source de <strong>glucides avec un index glyc\u00e9mique plus faible<\/strong> que la pomme de terre classique. Selon les modes de cuisson, la pomme de terre a un index glyc\u00e9mique de 78 \u00e0 95 (IG \u00e9lev\u00e9) tandis que la patate douce cuite arrive \u00e0 45 (IG bas).  Donc m\u00eame si vous surveillez votre glyc\u00e9mie qui fait du yoyo, il se peut que la patate douce vous convienne.<\/p>\n<p>Elle apporte de l\u2019onctuosit\u00e9 et de la douceur \u00e0 vos plats, en plus d\u2019\u00eatre rassasiante. Il faut noter qu\u2019elle est aussi un <strong>coupe faim naturel<\/strong> et donc elle lutte contre les grignotages. Elle contient aussi toutes les vitamines du groupe B et des fibres. Il y a plein de bonnes raisons de la mettre \u00e0 votre menu !<\/p>\n<h2>Recette de frites de patate douce au four<\/h2>\n<ul class=\"typerect\" itemprop=\"recipeCuisine\">\n<li class=\"ssgluten\" itemprop=\"suitableForDiet\"><span>Recette sans gluten<\/span><\/li>\n<li class=\"sslait\" itemprop=\"suitableForDiet\"><span>Recette sans lactose<\/span><\/li>\n<li class=\"paleo\" itemprop=\"suitableForDiet\"><span>Recette paleo<\/span><\/li>\n<\/ul>\n<div id=\"attachment_110736\" style=\"width: 1010px\" class=\"wp-caption alignnone\"><noscript><img loading=\"lazy\" decoding=\"async\" aria-describedby=\"caption-attachment-110736\" src=\"https:\/\/cuisine-saine.fr\/wp-content\/uploads\/2021\/03\/frites-patate-douce-1.jpg\" alt=\"Recette de frites de patate douce au four\" width=\"1000\" height=\"1193\" class=\"size-full wp-image-110736\" srcset=\"https:\/\/cuisine-saine.fr\/wp-content\/uploads\/2021\/03\/frites-patate-douce-1.jpg 1000w, https:\/\/cuisine-saine.fr\/wp-content\/uploads\/2021\/03\/frites-patate-douce-1-980x1169.jpg 980w, https:\/\/cuisine-saine.fr\/wp-content\/uploads\/2021\/03\/frites-patate-douce-1-480x573.jpg 480w\" sizes=\"(min-width: 0px) and (max-width: 480px) 480px, (min-width: 481px) and (max-width: 980px) 980px, (min-width: 981px) 1000px, 100vw\"\/><\/noscript><img loading=\"lazy\" decoding=\"async\" aria-describedby=\"caption-attachment-110736\" src=\"data:image\/svg+xml,%3Csvg%20xmlns=%22http:\/\/www.w3.org\/2000\/svg%22%20viewBox=%220%200%201000%201193%22%3E%3C\/svg%3E\" data-src=\"https:\/\/cuisine-saine.fr\/wp-content\/uploads\/2021\/03\/frites-patate-douce-1.jpg\" alt=\"Recette de frites de patate douce au four\" width=\"1000\" height=\"1193\" class=\"lazyload size-full wp-image-110736\" data-srcset=\"https:\/\/cuisine-saine.fr\/wp-content\/uploads\/2021\/03\/frites-patate-douce-1.jpg 1000w, https:\/\/cuisine-saine.fr\/wp-content\/uploads\/2021\/03\/frites-patate-douce-1-980x1169.jpg 980w, https:\/\/cuisine-saine.fr\/wp-content\/uploads\/2021\/03\/frites-patate-douce-1-480x573.jpg 480w\" data-sizes=\"(min-width: 0px) and (max-width: 480px) 480px, (min-width: 481px) and (max-width: 980px) 980px, (min-width: 981px) 1000px, 100vw\"\/><\/p>\n<p id=\"caption-attachment-110736\" class=\"wp-caption-text\">Recette de frites de patate douce au four<\/p>\n<\/div>\n<div class=\"intro\">\n<p itemprop=\"recipeCategory\">Accompagnement<\/p>\n<p class=\"temps\"><strong class=\"yield\" itemprop=\"recipeYield\">Pour 3 personnes<\/strong><br \/><strong>Temps de pr\u00e9paration<\/strong> : <time datetime=\"PT10M\" itemprop=\"prepTime\">10 min<\/time><br \/><strong>Temps de cuisson<\/strong> : <time datetime=\"PT20M\" itemprop=\"cookTime\">20 min<\/time><\/p>\n<\/div>\n<div class=\"ingredient\">\n<h3 class=\"listetitre\">Ingr\u00e9dients<\/h3>\n<ul class=\"listeingredient\">\n<li class=\"ingredient\" itemprop=\"recipeIngredient\">2 grosses patates douces<\/li>\n<li class=\"ingredient\" itemprop=\"recipeIngredient\">3 cuil. \u00e0 soupe d\u2019huile d\u2019olive<\/li>\n<li class=\"ingredient\" itemprop=\"recipeIngredient\">1 cuil. \u00e0 caf\u00e9 de paprika<\/li>\n<li class=\"ingredient\" itemprop=\"recipeIngredient\">sel<\/li>\n<li class=\"ingredient\" itemprop=\"recipeIngredient\">3 brins de thym<\/li>\n<li class=\"ingredient\" itemprop=\"recipeIngredient\">3 gousses d\u2019ail<\/li>\n<\/ul>\n<\/div>\n<ol class=\"recette\" itemprop=\"recipeInstructions\">\n<li itemprop=\"step\">\u00c9pluchez les patates douces et coupez-les en forme de grosses frites.<\/li>\n<li itemprop=\"step\">Pr\u00e9chauffez votre four \u00e0 210\u00b0C, si vous avez chaleur tournante c\u2019est encore mieux.<\/li>\n<li itemprop=\"step\">D\u00e9posez-les dans un saladier. Arrosez avec l\u2019huile d\u2019olive. Ajoutez le paprika et le sel. Bien m\u00e9langer avec les mains pour que toutes les frites de patate douce soient bien impr\u00e9gn\u00e9es.<\/li>\n<li itemprop=\"step\">Sur une plaque \u00e0 p\u00e2tisserie (ou la l\u00e8che frite \u00e0 d\u00e9faut) d\u00e9posez le thym et les gousses d\u2019ail en chemise. \u00c9talez les frites de patate douce par-dessus.<\/li>\n<li itemprop=\"step\">Enfournez pour 20 minutes.<\/li>\n<li itemprop=\"step\">\u00d4tez du four et d\u00e9gustez chaud !<\/li>\n<\/ol>\n<h3 class=\"conseil\">Le conseil de Karen<\/h3>\n<p><!-- Rate my Post Plugin --><br \/>\n<span class=\"et_bloom_bottom_trigger\"\/>                    <\/p>\n<p itemprop=\"keywords\" class=\"keywords\">Mots cl\u00e9s : <a href=\"https:\/\/cuisine-saine.fr\/tag\/ail\/\" rel=\"tag\">ail<\/a>,\u00a0<a href=\"https:\/\/cuisine-saine.fr\/tag\/paprika\/\" rel=\"tag\">paprika<\/a>,\u00a0<a href=\"https:\/\/cuisine-saine.fr\/tag\/patate-douce\/\" rel=\"tag\">patate douce<\/a>,\u00a0<a href=\"https:\/\/cuisine-saine.fr\/tag\/thym\/\" rel=\"tag\">thym<\/a><\/p>\n<\/p><\/div>\n<p> <!-- .entry-content -->&#13;<br \/>\n                    &#13;<br \/>\n                     &#13;<br \/>\n                     &#13;<br \/>\n               &#13;<br \/>\n                     &#13;<br \/>\n\t\t\t\t\t <!-- .et_post_meta_wrapper -->&#13;\n\t\t\t\t<\/div>\n<p>[ad_2]<br \/>\n<br \/><a href=\"https:\/\/cuisine-saine.fr\/recette-paleo\/frites-de-patate-douce-au-four\/\">Source link <\/a><\/p>\n","protected":false},"excerpt":{"rendered":"<p>[ad_1] &#13; &#13; Un petit plat r\u00e9confortant et qui plait \u00e0 toute la famille : les frites de patate douce. &hellip; <a href=\"http:\/\/www.affinite.fr\/index.php\/2021\/03\/29\/frites-de-patate-douce-au-four\/\" class=\"more-link\">Plus <span class=\"screen-reader-text\">Frites de patate douce au four<\/span> <span class=\"meta-nav\">&rarr;<\/span><\/a><\/p>\n","protected":false},"author":1,"featured_media":6146,"comment_status":"open","ping_status":"open","sticky":false,"template":"","format":"standard","meta":{"_sitemap_exclude":false,"_sitemap_priority":"","_sitemap_frequency":"","footnotes":""},"categories":[1],"tags":[],"class_list":["post-6145","post","type-post","status-publish","format-standard","has-post-thumbnail","hentry","category-tous"],"_links":{"self":[{"href":"http:\/\/www.affinite.fr\/index.php\/wp-json\/wp\/v2\/posts\/6145"}],"collection":[{"href":"http:\/\/www.affinite.fr\/index.php\/wp-json\/wp\/v2\/posts"}],"about":[{"href":"http:\/\/www.affinite.fr\/index.php\/wp-json\/wp\/v2\/types\/post"}],"author":[{"embeddable":true,"href":"http:\/\/www.affinite.fr\/index.php\/wp-json\/wp\/v2\/users\/1"}],"replies":[{"embeddable":true,"href":"http:\/\/www.affinite.fr\/index.php\/wp-json\/wp\/v2\/comments?post=6145"}],"version-history":[{"count":0,"href":"http:\/\/www.affinite.fr\/index.php\/wp-json\/wp\/v2\/posts\/6145\/revisions"}],"wp:featuredmedia":[{"embeddable":true,"href":"http:\/\/www.affinite.fr\/index.php\/wp-json\/wp\/v2\/media\/6146"}],"wp:attachment":[{"href":"http:\/\/www.affinite.fr\/index.php\/wp-json\/wp\/v2\/media?parent=6145"}],"wp:term":[{"taxonomy":"category","embeddable":true,"href":"http:\/\/www.affinite.fr\/index.php\/wp-json\/wp\/v2\/categories?post=6145"},{"taxonomy":"post_tag","embeddable":true,"href":"http:\/\/www.affinite.fr\/index.php\/wp-json\/wp\/v2\/tags?post=6145"}],"curies":[{"name":"wp","href":"https:\/\/api.w.org\/{rel}","templated":true}]}}