{"id":6131,"date":"2021-03-27T20:24:08","date_gmt":"2021-03-27T20:24:08","guid":{"rendered":"https:\/\/www.affinite.fr\/index.php\/2021\/03\/27\/risque-de-thrombose-rare-fermeture-des-ecoles\/"},"modified":"2021-03-27T20:24:08","modified_gmt":"2021-03-27T20:24:08","slug":"risque-de-thrombose-rare-fermeture-des-ecoles","status":"publish","type":"post","link":"http:\/\/www.affinite.fr\/index.php\/2021\/03\/27\/risque-de-thrombose-rare-fermeture-des-ecoles\/","title":{"rendered":"risque de thrombose rare, fermeture des \u00e9coles"},"content":{"rendered":"<p> [ad_1]<br \/>\n<\/p>\n<p>\n                CORONAVIRUS DIRECT &#8211; Alors que la France attend 3\u00a0millions de doses de vaccins contre le Covid-19\u00a0pour la semaine prochaine, l&rsquo;\u00e9pid\u00e9mie flambe dans le pays. De nouvelles mesures de restriction sont mises en place. L&rsquo;Espagne a annonc\u00e9 qu&rsquo;un test PCR n\u00e9gatif sera exig\u00e9 \u00e0 la fronti\u00e8re terrestre fran\u00e7aise. Derniers chiffres et infos.            <\/p>\n<div>\n<aside class=\"ccmsummary marqueur_module ccmcss_cms_summary ccmcss_cms_summary--right\">\n<p>\u00a0Sommaire<\/p>\n<\/aside>\n<p><strong>[Mis\u00a0\u00e0 jour le samedi 27 mars \u00e0 20h54<\/strong><b>] <\/b>Plus\u00a0de <strong>42 600 personnes\u00a0ont \u00e9t\u00e9 contamin\u00e9es<\/strong> par le virus de la Covid-19\u00a0ces derni\u00e8res 24 heures.\u00a0<strong>19 d\u00e9partements sont confin\u00e9s <\/strong>et 24 autres sont <strong>sous surveillance renforc\u00e9e<\/strong>\u00a0(voir carte plus bas). Jeudi, Emmanuel <strong>Macron <\/strong>a d\u00e9clar\u00e9 en marge du Conseil europ\u00e9en qu&rsquo;il allait y avoir de\u00a0\u00ab\u00a0<strong><em>nouvelles mesures \u00e0 prendre dans les prochaines semaines<\/em><\/strong>\u00a0\u00bb dans le pays. Un confinement plus dur ? Une fermeture anticip\u00e9e des \u00e9coles avant les vacances ? Plusieurs pistes sont \u00e9voqu\u00e9es au sein du gouvernement. Un nouveau conseil de d\u00e9fense est pr\u00e9vu ce mercredi 31 mars pour d\u00e9cider d&rsquo;un \u00e9ventuel durcissement. Au cours de la\u00a0semaine 11 (15-21 mars), Sant\u00e9 Publique France indique dans son dernier bulletin que\u00a0le nombre de cas ayant fr\u00e9quent\u00e9 le<strong> milieu scolaire a augment\u00e9 fortement (+18% chez les 0-18 ans).\u00a0<\/strong>La troisi\u00e8me vague continue de monter dans les h\u00f4pitaux.\u00a0La semaine derni\u00e8re, le\u00a0taux hebdomadaire <strong>d&rsquo;hospitalisations <\/strong>et le taux d&rsquo;admissions en<strong> services de soins critiques <\/strong>ont <strong>augment\u00e9 respectivement de 11% et 7%<\/strong>.<strong>\u00a0<\/strong>Les r\u00e9gions les plus touch\u00e9es sont\u00a0toujours<strong> l&rsquo;\u00cele-de-France, les Hauts-de-France et Provence-Alpes-C\u00f4te d&rsquo;Azur<\/strong>.\u00a0Quels sont les <strong>chiffres aujourd&rsquo;hui<\/strong> de l&rsquo;\u00e9pid\u00e9mie ? Combien d&rsquo;hospitalisations, de cas en <strong>r\u00e9animation<\/strong>, de <strong>d\u00e9c\u00e8s <\/strong>?\u00a0<span style=\"font-size: 1rem;\">Que disent les\u00a0<\/span><a data-auth=\"NotApplicable\" href=\"https:\/\/sante.journaldesfemmes.fr\/fiches-maladies\/2667643-carte-covid-19-france-departement-vigilance-10-km-temps-reel-monde-europe-zone-rouge-aujourd-hui\/\" rel=\"noopener noreferrer\" style=\"font-size: 1rem; background-color: rgb(255, 255, 255);\" target=\"_blank\">cartes<\/a><span style=\"font-size: 1rem;\"> de suivi de l&rsquo;\u00e9pid\u00e9mie ? Quels sont les <\/span><a href=\"https:\/\/sante.journaldesfemmes.fr\/fiches-maladies\/2630075-symptomes-coronavirus-covid-19-mal-gorge-rhume-que-faire-variant-premier-apparition-nouveaux-duree\/\" style=\"font-size: 1rem; background-color: rgb(255, 255, 255);\" target=\"_blank\" rel=\"noopener noreferrer\">sympt\u00f4mes du coronavirus<\/a><span style=\"font-size: 1rem;\"> ? Quand <\/span><a href=\"https:\/\/sante.journaldesfemmes.fr\/fiches-maladies\/2621211-isolement-covid-19-coronavirus-duree-10-jours-positif-cas-contact-variant-certificat-attestation\/\" style=\"font-size: 1rem; background-color: rgb(255, 255, 255);\" target=\"_blank\" rel=\"noopener noreferrer\">s&rsquo;isoler et combien de temps<\/a><span style=\"font-size: 1rem;\"> ?\u00a0<\/span><a data-auth=\"NotApplicable\" href=\"https:\/\/sante.journaldesfemmes.fr\/fiches-maladies\/2629823-taux-de-reproduction-covid-france-coronavirus-r0-r-effectif-calcul-carte-evolution-aujourd-hui-definition\/\" rel=\"noopener noreferrer\" style=\"font-size: 1rem; background-color: rgb(255, 255, 255);\" target=\"_blank\">Quel est le taux de R0 du virus<\/a><span style=\"font-size: 1rem;\">\u00a0? Quand est-on <\/span><a href=\"https:\/\/sante.journaldesfemmes.fr\/fiches-maladies\/2679521-contagion-covid-19-combien-de-temps-jours-duree-asymptomatique-symptomes-incubation-contagieux\/\" style=\"font-size: 1rem; background-color: rgb(255, 255, 255);\" target=\"_blank\" rel=\"noopener noreferrer\">contagieux<\/a><span style=\"font-size: 1rem;\"> ? Que sait-on des\u00a0<\/span><a href=\"https:\/\/sante.journaldesfemmes.fr\/fiches-maladies\/2620433-vaccin-coronavirus-covid-19-pfizer-moderna-sanofi-spoutnik-johnson-astrazeneca-france-differences-choisir\/\" style=\"font-size: 1rem; background-color: rgb(255, 255, 255);\" target=\"_blank\" rel=\"noopener noreferrer\">vaccins<\/a><span style=\"font-size: 1rem;\">\u00a0? Des\u00a0<\/span><a href=\"https:\/\/sante.journaldesfemmes.fr\/fiches-maladies\/2686947-effets-secondaires-indesirable-vaccin-covid-ansm-france-pfizer-moderna-astrazeneca-2-eme-injection\/\" style=\"font-size: 1rem; background-color: rgb(255, 255, 255);\" target=\"_blank\" rel=\"noopener noreferrer\">effets secondaires<\/a><span style=\"font-size: 1rem;\">\u00a0apr\u00e8s la vaccination ? Chiffres et infos du jour.<\/span><\/p>\n<ul>\n<li><strong>Prolongement du confinement en Nouvelle-Cal\u00e9donie.\u00a0<\/strong>Ce samedi 27 mars, le gouvernement local a annonc\u00e9 que les mesures de confinement seraient prolong\u00e9es d&rsquo;une semaine, jusqu&rsquo;au 9 avril. Au d\u00e9part, elles avaient \u00e9t\u00e9 mises en place pour deux semaines, rel\u00e8ve <a href=\"https:\/\/www.leparisien.fr\/societe\/sante\/nouvelle-caledonie-le-confinement-est-de-nouveau-prolonge-jusquau-4-avril-27-03-2021-ZCFBMDIVGBH6HN6GQL36XRPZ44.php#xtor=AD-1481423553\"><em>Le Parisien<\/em><\/a>.\u00a0<\/li>\n<li><strong>Nouveaux d\u00e9partements confin\u00e9s.<\/strong> Depuis ce samedi 27\u00a0mars, le\u00a0Rh\u00f4ne, l&rsquo;Aube et\u00a0la Ni\u00e8vre ont rejoint la liste des territoires concern\u00e9s par le confinement.<\/li>\n<li><strong>Livraisons de vaccins en France.\u00a0<\/strong>Sur <em><a href=\"https:\/\/www.europe1.fr\/politique\/vaccins-agnes-pannier-runacher-annonce-pres-de-3-millions-de-doses-la-semaine-prochaine-4034343\">Europe 1<\/a><\/em>, ce samedi 27 mars, la ministre d\u00e9l\u00e9gu\u00e9e \u00e0 l&rsquo;Industrie, Agn\u00e8s Pannier-Runacher, a d\u00e9clar\u00e9 que pr\u00e8s de 3\u00a0millions de doses de vaccin contre le Covid-19 doivent \u00eatre livr\u00e9es en France d\u00e8s la semaine prochaine.\u00a0<\/li>\n<li><strong>Admissions en r\u00e9animation en Ile-de-France. <\/strong>Invit\u00e9 sur <a href=\"https:\/\/www.bfmtv.com\/sante\/en-direct-covid-19-le-nombre-de-malades-en-reanimation-continue-a-augmenter_LN-202103270010.html\">BFM TV<\/a>, ce samedi 27 mars, le Pr Jean-Paul Mira, chef du service de r\u00e9animation de l&rsquo;h\u00f4pital Cochin \u00e0 Paris, met en garde sur la hausse des admissions en r\u00e9animation dans la r\u00e9gion.\u00a0\u00ab\u00a0<em>Dans quatre \u00e0 six semaines, on aura \u00e9t\u00e9 d\u00e9bord\u00e9s, noy\u00e9s\u00a0\u00bb<\/em>, a-t-il soulign\u00e9.<\/li>\n<li><strong>Test PCR \u00e0 la fronti\u00e8re avec l&rsquo;Espagne.\u00a0<\/strong>Les autorit\u00e9s espagnols ont annonc\u00e9 ce samedi 27\u00a0mars qu&rsquo;un test PCR n\u00e9gatif de moins de 72\u00a0heures sera exig\u00e9,\u00a0\u00e0 partir de mardi 30\u00a0mars, pour toute personne souhaitant passer la fronti\u00e8re terrestre fran\u00e7aise pour se rendre en Espagne, relaie <a href=\"https:\/\/www.bfmtv.com\/sante\/en-direct-covid-19-le-nombre-de-malades-en-reanimation-continue-a-augmenter_LN-202103270010.html\">BFM TV<\/a>.<\/li>\n<li><strong>Renforcement des contr\u00f4les.\u00a0\u00a0<\/strong>Au total, 90\u00a0000\u00a0policiers et gendarmes seront mobilis\u00e9s ce week-end afin de faire respecter les restrictions. Sur <a href=\"https:\/\/twitter.com\/prefpolice\/status\/1375721269841301509\">Twitter<\/a>, ce samedi 27 mars, la Pr\u00e9fecture de police fait savoir que 1 369 contr\u00f4les ont \u00e9t\u00e9 effectu\u00e9s sur l&rsquo;ensemble de l&rsquo;agglom\u00e9ration parisienne. Les forces de l&rsquo;ordre ont proc\u00e9d\u00e9 \u00e0 81\u00a0verbalisations\u00a0: 18\u00a0pour d\u00e9faut de port du masque et 63\u00a0pour d\u00e9faut d&rsquo;attestation.<\/li>\n<li><strong>Vers un confinement total ?\u00a0<\/strong>Dans <a href=\"https:\/\/www.ouest-france.fr\/sante\/virus\/coronavirus\/confinement\/entretien-covid-19-il-faudra-confiner-pour-sauver-l-ete-selon-cet-epidemiologiste-50a68584-8e42-11eb-a1bb-f434af1b4244\"><em>Ouest France<\/em><\/a>, ce samedi 27 mars, l&rsquo;\u00e9pid\u00e9miologiste Antoine Flahault estime que le confinement total serait indispensable pour sauver\u00a0les vacances d&rsquo;\u00e9t\u00e9.\u00a0\u00ab\u00a0<em>L&rsquo;avantage d&rsquo;un confinement total avec fermeture des \u00e9coles serait d&rsquo;arriver en juin avec une circulation tr\u00e8s basse<\/em>\u00ab\u00a0, a-t-il indiqu\u00e9.<\/li>\n<li><strong>Ouverture de la vaccination. <\/strong>Les\u00a0v\u00e9t\u00e9rinaires, les \u00e9tudiants en m\u00e9decine et les dentistes sont officiellement autoris\u00e9s \u00e0 vacciner contre le Covid-19. Le d\u00e9cret est paru ce samedi 27 mars\u00a0au <a href=\"https:\/\/www.legifrance.gouv.fr\/jorf\/id\/JORFTEXT000043294775\">Journal officiel<\/a>.<\/li>\n<li><strong>Fermeture du centre de vaccination du Nord.<\/strong> A Denain, 550\u00a0cr\u00e9neaux de vaccination ont \u00e9t\u00e9 annul\u00e9s ce samedi 27 mars \u00e0 cause du manque de doses de vaccin disponibles. Sur les 1 200 pr\u00e9vues, seules 246 ont pu \u00eatre livr\u00e9es. Selon <a href=\"https:\/\/france3-regions.francetvinfo.fr\/hauts-de-france\/nord-0\/denain\/covid-19-le-centre-de-vaccination-de-denain-oblige-de-fermer-ses-portes-ce-week-end-faut-de-doses-2018929.html\"><em>France 3<\/em><\/a>, l&rsquo;Agence r\u00e9gionale de Sant\u00e9 des Hauts-de-France aurait confirm\u00e9 que la demande des centres de vaccination pour ce week-end \u00ab\u00a0<em>\u00e9tait bien sup\u00e9rieure \u00e0 l&rsquo;offre : environ 60\u00a0000 doses contre les 38\u00a0000 disponibles<\/em>.\u00a0\u00bb<\/li>\n<li><strong>Vaccination des plus de 70 ans.<\/strong> D\u00e8s ce samedi 27\u00a0mars, toutes les personnes \u00e2g\u00e9es de 70\u00a0ans et plus peuvent obtenir des rendez-vous en centre de vaccination pour y recevoir le vaccin Moderna ou Pfizer-BioNtech.\u00a0<\/li>\n<li><strong>La France class\u00e9e \u00e0 \u00ab\u00a0haut risque\u00a0\u00bb.\u00a0<\/strong>L&rsquo;Allemagne a class\u00e9 la France et ses territoires d&rsquo;outre-mer comme zone \u00e0 \u00ab\u00a0haut risque\u00a0\u00bb d&rsquo;infection au Covid-19, a annonc\u00e9 vendredi l&rsquo;institut de veille \u00e9pid\u00e9miologique Robert Koch. En cons\u00e9quence,\u00a0les voyageurs en provenance de France devront observer une p\u00e9riode de quarantaine \u00e0 l&rsquo;arriv\u00e9e et disposer d&rsquo;un test n\u00e9gatif de moins de 48\u00a0heures, pr\u00e9cise l&rsquo;institut sur son site internet.<\/li>\n<li><strong>Classe ferm\u00e9e d\u00e8s 1 cas de Covid<\/strong>. Le ministre de l&rsquo;Education nationale, Jean-Michel Blanquer a annonc\u00e9 le vendredi 26 mars lors d&rsquo;une <a href=\"https:\/\/twitter.com\/education_gouv\/status\/1375478263129071617\" target=\"_blank\" rel=\"noopener noreferrer\">conf\u00e9rence de presse<\/a>\u00a0qu&rsquo;\u00e0 partir de lundi, <strong>dans les 19 d\u00e9partements confin\u00e9s, <\/strong><em><strong>\u00ab\u00a0nous fermerons chaque classe au 1er cas de contamination, pour tous les niveaux scolaires<\/strong>\u00ab\u00a0.<\/em> D&rsquo;ici \u00e0 la fin du mois d&rsquo;avril, la<strong> vaccination pour les professeurs <\/strong>pourra commencer \u00e0 se d\u00e9ployer, a-t-il inform\u00e9. Cette mesure fait partie d&rsquo;une nouvelle actualisation du protocole sanitaire \u00e0 l&rsquo;\u00e9cole.<\/li>\n<li><strong>Effets secondaires AstraZeneca.\u00a0<\/strong>Dans un <a href=\"https:\/\/ansm.sante.fr\/actualites\/point-de-situation-sur-la-surveillance-des-vaccins-contre-la-covid-19-periode-du-12-03-2021-au-18-03-2021\">avis<\/a> publi\u00e9 vendredi 26\u00a0mars, l&rsquo;Agence du m\u00e9dicament (ANSM) a confirm\u00e9 l&rsquo;existence d&rsquo;un risque \u00ab\u00a0rare\u00a0\u00bb de thrombose atypique associ\u00e9 au vaccin contre le Covid-19 d&rsquo;AstraZeneca.\u00a0L&rsquo;agence fran\u00e7aise souligne \u00e9galement que la balance b\u00e9n\u00e9fice\/risque reste favorable.\u00a0<\/li>\n<li><strong>Distribution des autotests.\u00a0<\/strong>Lors d&rsquo;un <a href=\"https:\/\/www.bfmtv.com\/economie\/les-autotests-seront-experimentes-avant-leur-arrivee-en-pharmacie-en-avril_AD-202103260441.html\" target=\"_blank\" rel=\"noopener noreferrer\">point presse en ligne<\/a>, vendredi 26\u00a0mars, le minist\u00e8re de la Sant\u00e9\u00a0a indiqu\u00e9 que les autotests feront l&rsquo;objet d&rsquo;une exp\u00e9rimentation aupr\u00e8s de \u00ab\u00a0publics cibl\u00e9s\u00a0\u00bb, avant une g\u00e9n\u00e9ralisation dans les pharmacies au plus t\u00f4t mi-avril. Pour le moment, leur vente en grande distribution \u00ab\u00a0<em>n&rsquo;est pas \u00e0 l&rsquo;ordre du jour<\/em>\u00ab\u00a0.<\/li>\n<\/ul>\n<figure class=\"image\" style=\"float:right\"><a class=\"fancy\" href=\"https:\/\/img-3.journaldesfemmes.fr\/RrAMaDFSwQTX3jeAhjOiRQnOsoI=\/1080x\/smart\/386ac4491add42c4b31fab38d31d82bc\/ccmcms-jdf\/23399983.jpg\"><img decoding=\"async\" alt=\"Carte du taux d'incidence en France sur 7 jours glissants\" src=\"https:\/\/img-3.journaldesfemmes.fr\/kxTqQgtz-dQjITZ6DBsyMhnB4k0=\/450x\/smart\/386ac4491add42c4b31fab38d31d82bc\/ccmcms-jdf\/23399983.jpg\"\/><\/a><figcaption data-credit=\"Agence France Presse\" data-legend=\"Carte du taux d'incidence en France sur 7 jours glissants\">Carte du taux d&rsquo;incidence en France sur 7 jours glissants au 19 mars\u00a0<small>\u00a9\u00a0Agence France Presse<\/small><\/figcaption><\/figure>\n<p><strong>Le 25 mars 2021, <\/strong>le ministre de la sant\u00e9 Olivier V\u00e9ran a plac\u00e9 trois nouveaux d\u00e9partements sous confinement : <strong>le Rh\u00f4ne, la Ni\u00e8vre et l&rsquo;Aube. <\/strong>Les m\u00eames mesures de freinage de l&rsquo;\u00e9pid\u00e9mie de Covid-19\u00a0territorialis\u00e9es prisent le\u00a018 mars par le Premier ministre Jean Castex et le ministre de la Sant\u00e9 Olivier V\u00e9ran\u00a0s&rsquo;y appliqueront \u00e0 compter de vendredi 27\u00a0mars \u00e0 minuit.\u00a0<em>\u00ab\u00a0<strong>Les r\u00e8gles sont claires,<\/strong> <\/em>avait indiqu\u00e9 Jean Castex le 18 mars dernier.\u00a0<em>Elle s&rsquo;appuient sur un principe de confiance et de responsabilit\u00e9, je dirais m\u00eame de bon sens et certainement pas d&rsquo;infantilisation\u00a0: profitons des espaces ext\u00e9rieurs mais soyons rigoureux pour proscrire les regroupements priv\u00e9s ou dans l&rsquo;espace public.\u00a0\u00bb<\/em><\/p>\n<ul>\n<li><strong>19\u00a0d\u00e9partements<\/strong>\u00a0<strong>sont confin\u00e9s pour 4 semaines\u00a0<\/strong>: les\u00a08\u00a0d\u00e9partements d&rsquo;Ile-de-France, les 5\u00a0d\u00e9partements des Hauts-de-France, les\u00a0Alpes-Maritimes, la Seine-Maritime et l&rsquo;Eure sont confin\u00e9s depuis le 20 mars. Le Rh\u00f4ne, la Ni\u00e8vre et l&rsquo;Aube les rejoignent \u00e0 compter du 27 mars \u00e0 minuit, pour une dur\u00e9e de 4 semaines.<\/li>\n<li><strong>Le dispositif de couvre-feu <\/strong>est maintenu selon les m\u00eames r\u00e8gles qu&rsquo;aujourd&rsquo;hui, dans tous les d\u00e9partements, mais son heure de d\u00e9but a \u00e9t\u00e9 avanc\u00e9e\u00a0<strong>\u00e0 19h00.<\/strong><\/li>\n<li><strong>Le recours au t\u00e9l\u00e9travail<\/strong> est incit\u00e9 par le Premier ministre sur<em> <strong>\u00ab\u00a0au moins 4\u00a0jours sur 5\u00a0\u00bb\u00a0<\/strong><\/em>et sur tout le territoire.<\/li>\n<li><strong>Les rassemblements \u00e0 plus de 6\u00a0personnes sont interdits.<\/strong> <em>\u00ab\u00a0Tout simplement parce que m\u00eame si \u00eatre dehors affaiblit le risque, si vous vous retrouvez \u00e0 15\u00a0comme sur les quais, par exemple, en train de partager un moment de convivialit\u00e9, vous allez immanquablement, un moment donn\u00e9, baisser la garde, r\u00e9duire les distances, baisser le masque et pourquoi pas m\u00eame, d&rsquo;ailleurs, trinquer. Bref, vous allez de fait augmenter le risque de vous infecter\u00a0\u00bb<\/em> a indiqu\u00e9 Olivier V\u00e9ran le 25 mars.<\/li>\n<\/ul>\n<p>Depuis le 20\u00a0mars 2021, un <strong>couvre-feu s&rsquo;applique de 19h \u00e0 6h<\/strong> sur l&rsquo;ensemble du territoire m\u00e9tropolitain et des mesures renforc\u00e9es sont en vigueur tous les jours de la<strong> semaine de 6h \u00e0 19h dans 16\u00a0d\u00e9partements<\/strong> (Aisne, Alpes-Maritimes, Essonne, Eure, Hauts-de-Seine, Nord, Oise, Paris, Pas-de-Calais, Seine-et-Marne, Seine-Saint-Denis, Seine-Maritime, Somme, Val-de-Marne, Val-d&rsquo;Oise et Yvelines). Quand faut-il une attestation ?\u00a0<strong>Dans les 16 d\u00e9partements confin\u00e9s, entre 6h et 19h (couvre-feu), <\/strong><\/p>\n<p>\u25ba Un simple justificatif est n\u00e9cessaire pour faire un d\u00e9placement \u00e0 moins de 10 km autour de son domicile.<\/p>\n<p>\u25ba En revanche, il faut une attestation de d\u00e9placement pour faire un d\u00e9placement de plus de 10 km de son domicile (seuls les d\u00e9placements \u00e0 l&rsquo;int\u00e9rieur du d\u00e9partement ou dans un p\u00e9rim\u00e8tre d\u00e9fini par un rayon de 30\u00a0km autour du lieu de r\u00e9sidence sont autoris\u00e9s)<\/p>\n<p>&gt; <a href=\"https:\/\/media.interieur.gouv.fr\/attestation-deplacement-derogatoire-covid-19\/\" target=\"_blank\" rel=\"noopener noreferrer\">T\u00e9l\u00e9charger\/Remplir l&rsquo;attestation<\/a>\u00a0<\/p>\n<figure class=\"image\" style=\"float:right\"><a class=\"fancy\" href=\"https:\/\/img-3.journaldesfemmes.fr\/6u7Fta531nV0MOBRN6qZMG8_wHs=\/1080x\/smart\/d4c2e682e26f475eb7d860c3aa056e4e\/ccmcms-jdf\/23400297.jpg\"><img decoding=\"async\" alt=\"R\u00e8gles sanitaires \" src=\"https:\/\/img-3.journaldesfemmes.fr\/lFAjZ_7614ddJhtT0Sj9-AsJI4w=\/450x\/smart\/d4c2e682e26f475eb7d860c3aa056e4e\/ccmcms-jdf\/23400297.jpg\"\/><\/a><figcaption data-credit=\"Gouvernement.fr\" data-legend=\"R\u00e8gles dans les zones aux restrictions sanitaires suppl\u00e9mentaires\">R\u00e8gles dans les zones aux restrictions sanitaires suppl\u00e9mentaires <small>\u00a9\u00a0Gouvernement.fr<\/small><\/figcaption><\/figure>\n<p>En raison de la forte progression de l&rsquo;\u00e9pid\u00e9mie de Covid-19\u00a0dans certains territoires, un confinement sept jours sur sept est d\u00e9cr\u00e9t\u00e9 pour 4\u00a0semaines dans les d\u00e9partements de l&rsquo;\u00cele-de-France et des Hauts-de-France, l&rsquo;Eure, la Seine-Maritime,\u00a0les Alpes-Maritimes, la Ni\u00e8vre, le Rh\u00f4ne, l&rsquo;Aube. Dans ces 19\u00a0d\u00e9partements, seuls les commerces de premi\u00e8re n\u00e9cessit\u00e9 peuvent ouvrir, les d\u00e9placements sont autoris\u00e9s dans une limite de 10\u00a0km, sans limite de dur\u00e9e. En revanche, les \u00e9coles restent ouvertes. Dans le reste du pays, le couvre-feu est repouss\u00e9 \u00e0 19h. C&rsquo;est ce qu&rsquo;a annonc\u00e9 le Premier ministre dans sa conf\u00e9rence de presse du 18\u00a0mars\u00a02021.<\/p>\n<p><strong>Les d\u00e9partements concern\u00e9s par les mesures de confinement sont\u00a0:<\/strong><\/p>\n<ul>\n<li>les 8\u00a0d\u00e9partements d&rsquo;\u00cele-de-France\u00a0: Paris (75), Seine-et-Marne (77), Yvelines (78), Essonne (91), Hauts-de-Seine (92), Seine-Saint-Denis (93), Val-de-Marne (94), Val-d&rsquo;Oise (95).<\/li>\n<li>les 5\u00a0d\u00e9partements des Hauts-de-France\u00a0: Aisne (02), Nord (59), Oise (60), Pas-de-Calais (62), Somme (80).<\/li>\n<li>l&rsquo;Eure (27).<\/li>\n<li>la Seine-Maritime (76).<\/li>\n<li>les Alpes-Maritimes (06).<\/li>\n<li>le Rh\u00f4ne (69).<\/li>\n<li>la Ni\u00e8vre (58).<\/li>\n<li>l&rsquo;Aube (10).<\/li>\n<\/ul>\n<h2 id=\"titreChapitre_-260721977518844391\">Les mesures de confinement dans ces 19\u00a0d\u00e9partements<\/h2>\n<p>Depuis le vendredi 18\u00a0mars\u00a02021\u00a0\u00e0 minuit, et \u00e0 partir du 27 mars minuit pour les d\u00e9partements du Rh\u00f4ne, de la Ni\u00e8vre et de l&rsquo;Aube, les mesures de confinement sont les suivantes\u00a0:<\/p>\n<ul>\n<li>Les \u00e9coles maternelles, \u00e9l\u00e9mentaires et les coll\u00e8ges restent ouverts.<\/li>\n<li>Les lyc\u00e9es basculent tous en demi-jauge.<\/li>\n<li>Les universit\u00e9s continuent \u00e0 fonctionner selon le rythme actuellement en vigueur.<\/li>\n<li>L&rsquo;\u00e9ducation physique et sportive (EPS) sur le temps scolaire reprend. Les activit\u00e9s sportives extrascolaires des mineurs sont maintenues.<\/li>\n<li><a data-xiti-name=\"Particuliers::Actualite::Navigation_Directe::Les_lieux_de_culte_resteront_accessibles_dans_les_m\u00eames_conditions\" data-xiti-type=\"exit\" href=\"https:\/\/www.service-public.fr\/particuliers\/actualites\/A14496\" rel=\"noopener noreferrer\" target=\"_blank\">Les lieux de culte restent accessibles dans les m\u00eames conditions<\/a>\u00a0.<\/li>\n<li>Seuls les commerces vendant des biens et des services de premi\u00e8re n\u00e9cessit\u00e9 sont autoris\u00e9s \u00e0 ouvrir dont les libraires et les disquaires (et les rayons vendant ces produits culturels dans les supermarch\u00e9s).<\/li>\n<li>Les promenades autour de chez soi pour s&rsquo;a\u00e9rer ou faire du sport sont autoris\u00e9es sans aucune limitation de dur\u00e9e dans un rayon de 10\u00a0km et \u00e0 condition de se munir d&rsquo;une attestation.<\/li>\n<li>Les d\u00e9placements interr\u00e9gionaux sont interdits sauf motifs imp\u00e9rieux ou professionnels.<\/li>\n<\/ul>\n<h2 id=\"titreChapitre_-6579316438583473917\">Dans les autres d\u00e9partements<\/h2>\n<p>Le couvre-feu est retard\u00e9 d&rsquo;une heure en m\u00e9tropole depuis le samedi 19\u00a0mars\u00a02021\u00a0pour s&rsquo;adapter au <a href=\"https:\/\/sante.journaldesfemmes.fr\/fiches-sante-du-quotidien\/2626893-changement-heure-ete-2021-france-date-mars-ce-weekend-se-preparer-regler-reveil\/\" target=\"_blank\" rel=\"noopener noreferrer\">passage \u00e0 l&rsquo;heure d&rsquo;\u00e9t\u00e9<\/a>. Il est pass\u00e9 de 18h \u00e0 19h. Apr\u00e8s 19 heures, il faut\u00a0se munir d&rsquo;une attestation pour justifier son d\u00e9placement.<\/p>\n<blockquote>\n<p style=\"text-align: right;\">Les r\u00e9gions les plus touch\u00e9es sont\u00a0toujours l&rsquo;\u00cele-de-France, les Hauts-de-France et Provence-Alpes-C\u00f4te d&rsquo;Azur.<\/p>\n<\/blockquote>\n<p>\u00a0La situation sanitaire s&rsquo;est d\u00e9grad\u00e9e dans trois d\u00e9partements\u00a0:<strong> la Ni\u00e8vre, le Rh\u00f4ne et l&rsquo;Aube.<\/strong>\u00a0Ces trois d\u00e9partements rejoignent la liste des 16\u00a0d\u00e9partements reconfin\u00e9s, d\u00e8s vendredi 27 mars au soir, \u00e0 minuit, a annonc\u00e9 Olivier V\u00e9ran le 25 mars.<\/p>\n<div style=\"text-align:center\">\n<figure class=\"image\" style=\"display:inline-block\"><a class=\"fancy\" href=\"https:\/\/img-3.journaldesfemmes.fr\/o2f_mMYd18bZ3lXwB9387cWeKTk=\/1080x\/smart\/315d5b6470dc44e3a36ca1f90ba955fc\/ccmcms-jdf\/23446938.jpg\"><img decoding=\"async\" alt=\"carte des d\u00e9partements sous vigilance renforc\u00e9e\" src=\"https:\/\/img-3.journaldesfemmes.fr\/o2f_mMYd18bZ3lXwB9387cWeKTk=\/1080x\/smart\/315d5b6470dc44e3a36ca1f90ba955fc\/ccmcms-jdf\/23446938.jpg\"\/><\/a><figcaption data-credit=\"Gouvernement.fr\" data-legend=\"D\u00e9partements avec restrictions sanitaires renforc\u00e9es au 25 mars 2021\">D\u00e9partements avec restrictions sanitaires renforc\u00e9es au 25 mars 2021 <small>\u00a9\u00a0Gouvernement.fr<\/small><\/figcaption><\/figure>\n<\/div>\n<p><strong>\u2192 Le 25 mars, Olivier V\u00e9ran annonce que la situation s&rsquo;est d\u00e9grad\u00e9e dans de nombreux autres d\u00e9partements\u00a0<\/strong>: l&rsquo;Ain, les Alpes-de-Haute-Provence, les Ardennes, l&rsquo;Indre-et-Loir, l&rsquo;Is\u00e8re, le Jura, la Loire, la Loz\u00e8re, le Loir-et-Cher, la Marne, la Meuse, l&rsquo;Orne, la Savoie, la Haute-Savoie, le Vaucluse et l&rsquo;Yonne,\u00a0plac\u00e9s ce jeudi sous surveillance renforc\u00e9e.<\/p>\n<div style=\"text-align:center\">\n<figure class=\"image\" style=\"display:inline-block\"><a class=\"fancy\" href=\"https:\/\/img-3.journaldesfemmes.fr\/G4e3YMcKv6_HuYQtDNEwrc6k6WA=\/1080x\/smart\/9527f359cca04c669c03424cc19f582e\/ccmcms-jdf\/23446974.jpg\"><img decoding=\"async\" alt=\"carte d\u00e9partement surveillance\" src=\"https:\/\/img-3.journaldesfemmes.fr\/G4e3YMcKv6_HuYQtDNEwrc6k6WA=\/1080x\/smart\/9527f359cca04c669c03424cc19f582e\/ccmcms-jdf\/23446974.jpg\"\/><\/a><figcaption data-credit=\"Gouvernement.fr\" data-legend=\"Carte des d\u00e9partements sous surveillance renforc\u00e9e au 25 mars 2021.\">Carte des d\u00e9partements sous surveillance renforc\u00e9e au 25 mars 2021. <small>\u00a9\u00a0Gouvernement.fr<\/small><\/figcaption><\/figure>\n<\/div>\n<p><iframe loading=\"lazy\" height=\"600\" src=\"https:\/\/geodes.santepubliquefrance.fr\/?view=map2&amp;indics=sp_ti_tp_7j.tx_pe_gliss&amp;serie=2021-02-15-2021-02-21&amp;lang=fr&amp;iframe=1\" width=\"600\"><\/iframe><\/p>\n<p><a name=\"coronavirus-france-bilan-jour-aujourd-hui-derniers-chiffres\">Bilan du jour\u00a0: les derniers chiffres de l&rsquo;\u00e9pid\u00e9mie en France<\/a><\/p>\n<p><strong>Selon les derniers chiffres publi\u00e9s par le <a href=\"https:\/\/www.gouvernement.fr\/info-coronavirus\/carte-et-donnees\">gouvernement<\/a>,\u00a0au samedi 27 mars<\/strong><strong>, en France\u00a0:<\/strong><\/p>\n<p>\u2022 4 508\u00a0575\u00a0personnes ont \u00e9t\u00e9 contamin\u00e9es par le coronavirus\u00a0<strong>(+42\u00a0619\u00a0en 24\u00a0heures)<\/strong>.<\/p>\n<p>\u2022 94 465\u00a0personnes sont d\u00e9c\u00e9d\u00e9es en France\u00a0<strong>(+190\u00a0en 24\u00a0heures),<\/strong><strong>\u00a0<\/strong>dont 68 466\u00a0\u00e0 l&rsquo;h\u00f4pital, auxquels se sont ajout\u00e9s 594 d\u00e9c\u00e8s en Ephad et ESMS entre le 16\u00a0et le 26\u00a0mars.\u00a0<\/p>\n<p>\u2022<strong> 4 791\u00a0patients Covid-19 sont en r\u00e9animation<\/strong> (+25\u00a0en 24 heures).<\/p>\n<p>\u2022 27 259\u00a0patients Covid-19 sont hospitalis\u00e9s (+17\u00a0en 24 heures).<\/p>\n<blockquote>\n<p style=\"text-align: right;\">\u00a0<\/p>\n<\/blockquote>\n<blockquote>\n<p style=\"text-align: right;\">\u00a0<\/p>\n<\/blockquote>\n<p>Dans son dernier bilan hebdomadaire du 25 mars, <a href=\"https:\/\/www.santepubliquefrance.fr\/maladies-et-traumatismes\/maladies-et-infections-respiratoires\/infection-a-coronavirus\/documents\/bulletin-national\/covid-19-point-epidemiologique-du-18-mars-2021\" target=\"_blank\" rel=\"noopener noreferrer\">Sant\u00e9 Publique France<\/a> confirme la d\u00e9gradation de la situation \u00e9pid\u00e9mique. Pour la semaine du 15 au 21 mars,\u00a0l&rsquo;ensemble des indicateurs, d\u00e9j\u00e0 \u00e0 des tr\u00e8s niveaux \u00e9lev\u00e9s, a continu\u00e9 de progresser.<\/p>\n<p><strong>Sur la semaine du 15 au 21 mars (derniers chiffres) :<\/strong><\/p>\n<ul>\n<li><strong>Augmentation de 30\u00a0000\u00a0nouveaux cas par jours<\/strong>, soit 17% d&rsquo;augmentation. Cette acc\u00e9l\u00e9ration touche l&rsquo;ensemble des r\u00e9gions (except\u00e9 la Corse et la Provence Alpes-C\u00f4te d&rsquo;Azur).<\/li>\n<li>Les\u00a0<strong>taux d&rsquo;incidence\u00a0<\/strong>(313\/100\u00a0000\u00a0habitants),\u00a0<strong>de positivit\u00e9\u00a0<\/strong>(7,9%)\u00a0<strong>et de d\u00e9pistage\u00a0<\/strong>(3\u00a0940\/100\u00a0000\u00a0habitants)\u00a0<strong>\u00e9taient en augmentation<\/strong>.<\/li>\n<li>La plus forte augmentation \u00e9tait observ\u00e9e\u00a0<strong>chez les 0-14\u00a0ans (+31%), dans un contexte d&rsquo;augmentation importante du taux de d\u00e9pistage (+41%) et de diminution du taux de positivit\u00e9 (-0,5\u00a0point<\/strong>), en partie li\u00e9e \u00e0 l&rsquo;intensification des campagnes de d\u00e9pistage organis\u00e9es dans les \u00e9tablissements scolaires.<\/li>\n<li>Dans cinq d\u00e9partements d&rsquo;Ile de France, le niveau d&rsquo;incidence atteint voire d\u00e9passe le niveau observ\u00e9 lors de la 2<sup>\u00e9me<\/sup>\u00a0vague de l&rsquo;\u00e9pid\u00e9mie. La d\u00e9gradation de l&rsquo;ensemble des indicateurs entraine d\u00e9j\u00e0, dans plusieurs r\u00e9gions, une tr\u00e8s forte tension sur le syst\u00e8me hospitalier.\u00a0<\/li>\n<li>Le\u00a0taux hebdomadaire d&rsquo;hospitalisations et le taux d&rsquo;admissions en services de soins critiques ont augment\u00e9 respectivement de 11% et 7% par rapport \u00e0 la semaine 10.\u00a0<\/li>\n<li>Les r\u00e9gions les plus touch\u00e9es sont\u00a0toujours l&rsquo;\u00cele-de-France, les Hauts-de-France et Provence-Alpes-C\u00f4te d&rsquo;Azur. Ces r\u00e9gions pr\u00e9sentaient les plus forts taux d&rsquo;hospitalisations et d&rsquo;admissions en r\u00e9animation.<\/li>\n<li>La variant anglais repr\u00e9sente 76% des tests positifs Covid (contre 72% la semaine d&rsquo;avant).<\/li>\n<\/ul>\n<h3 style=\"text-align: center;\">\u00c9volution des taux d&rsquo;incidence et taux de d\u00e9pistage par semaine, depuis la semaine 23-2020, France (donn\u00e9es au 23 mars 2021)<\/h3>\n<div style=\"text-align:center\">\n<figure class=\"image\" style=\"display:inline-block\"><a class=\"fancy\" href=\"https:\/\/img-3.journaldesfemmes.fr\/Jz6jbR32FJ6cNFwY4B1LdPQMA0Y=\/1080x\/smart\/37ed25cee56d4dab98d4516dd9dd21f0\/ccmcms-jdf\/23443014.jpg\"><img decoding=\"async\" alt=\"\u00c9volution des taux d\u2019incidence et taux de d\u00e9pistage covid france\" src=\"https:\/\/img-3.journaldesfemmes.fr\/frxzS79T27nI6HXLeLkXksj8ErY=\/600x\/smart\/37ed25cee56d4dab98d4516dd9dd21f0\/ccmcms-jdf\/23443014.jpg\"\/><\/a><figcaption data-credit=\"Sant\u00e9 Publique France\" data-legend=\"\u00c9volution des taux d\u2019incidence et taux de d\u00e9pistage par semaine, depuis la semaine 23-2020, France (donn\u00e9es au 23 mars 2021)\">\u00c9volution des taux d\u2019incidence et taux de d\u00e9pistage par semaine, depuis la semaine 23-2020, France (donn\u00e9es au 23 mars 2021) <small>\u00a9\u00a0Sant\u00e9 Publique France<\/small><\/figcaption><\/figure>\n<\/div>\n<p>Le gouvernement suit \u00e9galement l&rsquo;\u00e9volution du taux d&rsquo;occupation des lits en r\u00e9animation par des patients Covid-19 (sur les capacit\u00e9s initiales). Ce taux met en lumi\u00e8re une \u00e9ventuelle tension hospitali\u00e8re.\u00a0<\/p>\n<div style=\"text-align:center\">\n<figure class=\"image\" style=\"display:inline-block\"><a class=\"fancy\" href=\"https:\/\/img-3.journaldesfemmes.fr\/zZpMKHDAVA0Ki-2ALEs1ppRaxcA=\/1080x\/smart\/9490f8f8f4da49b4879fcf67dfb411ed\/ccmcms-jdf\/23453435.png\"><img decoding=\"async\" alt=\"Taux d'occupation des lits en r\u00e9animation au 26 mars par des patients Covid-19\" src=\"https:\/\/img-3.journaldesfemmes.fr\/wLCNkSgL6NJXWzQcDTrtFOrYfaY=\/450x\/smart\/9490f8f8f4da49b4879fcf67dfb411ed\/ccmcms-jdf\/23453435.png\"\/><\/a><figcaption data-credit=\"Gouvernement.fr\" data-legend=\"Taux d'occupation des lits en r\u00e9animation au 26 mars par des patients Covid-19\">Taux d&rsquo;occupation des lits en r\u00e9animation au 26 mars par des patients Covid-19 <small>\u00a9\u00a0Gouvernement.fr<\/small><\/figcaption><\/figure>\n<\/div>\n<p>Le\u00a0<strong>pic \u00e9pid\u00e9mique<\/strong>\u00a0de la premi\u00e8re vague a \u00e9t\u00e9 observ\u00e9 la\u00a0<strong>semaine du 6\u00a0au 12\u00a0avril<\/strong>, soit 15\u00a0jours\u00a0apr\u00e8s la mise en \u0153uvre des mesures de confinement de la population g\u00e9n\u00e9rale, le 17\u00a0mars 2020. Le <strong>pic de la deuxi\u00e8me vague <\/strong>a eu lieu\u00a0du <strong>16\u00a0au 20\u00a0novembre,\u00a0<\/strong>trois semaines apr\u00e8s le deuxi\u00e8me confinement.<\/p>\n<blockquote>\n<p style=\"text-align: right;\">Le taux de d\u00e9pistage est en forte augmentation chez les 0-14\u00a0ans (+41%).<\/p>\n<\/blockquote>\n<p>Au samedi 27\u00a0mars 2021, un total de<strong>\u00a04 508\u00a0575\u00a0<\/strong><strong>cas\u00a0confirm\u00e9s\u00a0<\/strong>de coronavirus est rapport\u00e9 depuis le d\u00e9but de la pand\u00e9mie (derni\u00e8res donn\u00e9es disponibles).<\/p>\n<p><strong>Sur la semaine 11\u00a0(15-21\u00a0mars) :<\/strong><\/p>\n<ul>\n<li>Les nouveaux cas de Covid ont augment\u00e9 de +17%.<\/li>\n<li>Le taux d&rsquo;incidence \u00e9tait en hausse dans toutes les classes d&rsquo;\u00e2ge. L&rsquo;augmentation la plus importante \u00e9tait observ\u00e9e chez les 0-14\u00a0ans (+31%) suivis par les 15-44\u00a0ans (+16%), les 45-64\u00a0ans et les 65-74\u00a0ans (+14%) et les 75\u00a0ans et plus (+7%), alors qu&rsquo;une baisse \u00e9tait observ\u00e9e depuis la semaine 04\u00a0dans cette m\u00eame tranche d&rsquo;\u00e2ge.<\/li>\n<li>Le taux de d\u00e9pistage \u00e9tait en forte augmentation chez les 0-14\u00a0ans (+41%) et les 15-44 ans (+12%).<\/li>\n<li>Le taux de positivit\u00e9 hebdomadaire des personnes test\u00e9es \u00e9tait de 7,9%en l\u00e9g\u00e8re augmentation.<\/li>\n<\/ul>\n<h3 style=\"text-align: center;\">Nombre incident de cas confirm\u00e9s de COVID-19\u00a0par semaine (date de pr\u00e9l\u00e8vement) rapport\u00e9s \u00e0 Sant\u00e9 publique France du 11\u00a0mai 2020\u00a0au 21 mars 2021, France (donn\u00e9es au 24 mars 2021)<\/h3>\n<div style=\"text-align:center\">\n<figure class=\"image\" style=\"display:inline-block\"><a class=\"fancy\" href=\"https:\/\/img-3.journaldesfemmes.fr\/vby_eBNACb-xW0QL0omXmGlNOWs=\/1080x\/smart\/e677a89a2aec4e5882c5280fd02c8496\/ccmcms-jdf\/23443008.jpg\"><img decoding=\"async\" alt=\"courbe cas covid france\" src=\"https:\/\/img-3.journaldesfemmes.fr\/uWwI7ME7C8wmg3lp-dAIOofwM0I=\/600x\/smart\/e677a89a2aec4e5882c5280fd02c8496\/ccmcms-jdf\/23443008.jpg\"\/><\/a><figcaption data-credit=\"Sant\u00e9 publique France\" data-legend=\"Nombre incident de cas confirm\u00e9s de COVID-19 par semaine (date de pr\u00e9l\u00e8vement) rapport\u00e9s \u00e0 Sant\u00e9 publique France du 11 mai 2020 au 21 mars 2021, France (donn\u00e9es au 24 mars 2021)\">Nombre incident de cas confirm\u00e9s de COVID-19 par semaine (date de pr\u00e9l\u00e8vement) rapport\u00e9s \u00e0 Sant\u00e9 publique France du 11 mai 2020 au 21 mars 2021, France (donn\u00e9es au 24 mars 2021) <small>\u00a9\u00a0Sant\u00e9 publique France<\/small><\/figcaption><\/figure>\n<\/div>\n<h3 style=\"text-align: center;\">\u00c9volution du taux d&rsquo;incidence Covid-19\u00a0&#8211; hebdomadaire &#8211; tous \u00e2ges jusqu&rsquo;\u00e0 la semaine 11 (15-21 mars)<\/h3>\n<div style=\"text-align:center\">\n<figure class=\"image\" style=\"display:inline-block\"><a class=\"fancy\" href=\"https:\/\/img-3.journaldesfemmes.fr\/R2gt9NYfwvVMu4kO7pTZllrvZ8o=\/1080x\/smart\/ead14faed9f646ff8e31ff40c22a7769\/ccmcms-jdf\/23424868.jpg\"><img decoding=\"async\" alt=\"Taux d'incidence covid - hebdomadaire - tous \u00e2ges\" src=\"https:\/\/img-3.journaldesfemmes.fr\/R2gt9NYfwvVMu4kO7pTZllrvZ8o=\/1080x\/smart\/ead14faed9f646ff8e31ff40c22a7769\/ccmcms-jdf\/23424868.jpg\"\/><\/a><figcaption data-credit=\"G\u00e9odes\" data-legend=\"Taux d'incidence Covid-19 - hebdomadaire - tous \u00e2ges \">Taux d&rsquo;incidence Covid-19 &#8211; hebdomadaire &#8211; tous \u00e2ges <small>\u00a9\u00a0G\u00e9odes<\/small><\/figcaption><\/figure>\n<\/div>\n<p>Samedi 27 mars,<strong>\u00a042\u00a0619\u00a0nouvelles personnes<\/strong>\u00a0ont re\u00e7u un test positif au Covid-19 par rapport \u00e0 la veille.<\/p>\n<h3 style=\"text-align: center;\">Taux d&rsquo;incidence &#8211; quotidien &#8211; tous \u00e2ges jusqu&rsquo;au 21 mars<\/h3>\n<div style=\"text-align:center\">\n<figure class=\"image\" style=\"display:inline-block\"><a class=\"fancy\" href=\"https:\/\/img-3.journaldesfemmes.fr\/vO2gR_nSQuy7b_Z3GcXu6DndJ-k=\/1080x\/smart\/71e1ba0806f0436fb951e1c5ac3c6cb9\/ccmcms-jdf\/23424893.jpg\"><img decoding=\"async\" alt=\"Taux d'incidence - quotidien - tous \u00e2ges\" src=\"https:\/\/img-3.journaldesfemmes.fr\/vO2gR_nSQuy7b_Z3GcXu6DndJ-k=\/1080x\/smart\/71e1ba0806f0436fb951e1c5ac3c6cb9\/ccmcms-jdf\/23424893.jpg\"\/><\/a><figcaption data-credit=\"G\u00e9odes\" data-legend=\"Taux d'incidence - quotidien - tous \u00e2ges jusqu'au 21 mars\">Taux d&rsquo;incidence &#8211; quotidien &#8211; tous \u00e2ges jusqu&rsquo;au 21 mars <small>\u00a9\u00a0G\u00e9odes<\/small><\/figcaption><\/figure>\n<\/div>\n<p><strong>Samedi 27 mars, 4 791\u00a0personnes sont\u00a0hospitalis\u00e9es\u00a0en\u00a0r\u00e9animation (+25\u00a0au cours des derni\u00e8res 24 heures).<\/strong>\u00a0Le\u00a0nombre de patients COVID-19\u00a0hospitalis\u00e9s en France est tr\u00e8s \u00e9lev\u00e9 et en progression sur la semaine du 15 au 21 mars.<strong> <\/strong><\/p>\n<p>Sur la semaine du 15-21 mars :\u00a0<\/p>\n<ul>\n<li>Le\u00a0taux hebdomadaire d&rsquo;hospitalisations et le taux d&rsquo;admissions en services de soins critiques ont augment\u00e9 respectivement de 11% et 7% par rapport \u00e0 S10.<\/li>\n<li><strong>Les r\u00e9gions les plus touch\u00e9es sont\u00a0toujours l&rsquo;\u00cele-de-France, les Hauts-de-France et Provence-Alpes-C\u00f4te d&rsquo;Azur<\/strong>. Ces r\u00e9gions pr\u00e9sentaient les plus forts taux d&rsquo;hospitalisations et d&rsquo;admissions en r\u00e9animation.<\/li>\n<\/ul>\n<div style=\"text-align:center\">\n<figure class=\"image\" style=\"display:inline-block\"><a class=\"fancy\" href=\"https:\/\/img-3.journaldesfemmes.fr\/_o6ICFfWpq1KX3XqDW8pB5H2GXg=\/1080x\/smart\/769e34a4cb824660bac3d53d1275f67c\/ccmcms-jdf\/23443090.jpg\" target=\"_blank\" rel=\"noopener noreferrer\"><img decoding=\"async\" alt=\"Nombre de patients COVID-19 en services de r\u00e9animation, par date de d\u00e9claration, depuis le 23 mars 2020, France (donn\u00e9es au 16 mars 2021)\" src=\"https:\/\/img-3.journaldesfemmes.fr\/JU5_8FJ4kUovLy-0kW846Hqxj6I=\/600x\/smart\/769e34a4cb824660bac3d53d1275f67c\/ccmcms-jdf\/23443090.jpg\"\/><\/a><figcaption data-credit=\"Sant\u00e9 publique France\" data-legend=\"Nombre de patients COVID-19 en services de r\u00e9animation, par date de d\u00e9claration, depuis le 23 mars 2020, France (donn\u00e9es au 23 mars 2021)\">Nombre de patients COVID-19\u00a0en services de r\u00e9animation, par date de d\u00e9claration, depuis le 23\u00a0mars 2020, France (donn\u00e9es au 23\u00a0mars 2021) <small>\u00a9\u00a0Sant\u00e9 publique France<\/small><\/figcaption><\/figure>\n<\/div>\n<p>Selon les <a href=\"https:\/\/www.gouvernement.fr\/info-coronavirus\/carte-et-donnees\" target=\"_blank\" rel=\"noopener noreferrer\">chiffres communiqu\u00e9s par le gouvernement<\/a>, consolid\u00e9s avec l&rsquo;Agence Sant\u00e9 Publique France et\u00a0les ARS (Agences r\u00e9gionales de Sant\u00e9), voici l&rsquo;\u00e9volution des hospitalisations (dont la r\u00e9animation) et des d\u00e9c\u00e8s\u00a0en France par r\u00e9gion.<\/p>\n<h3><a id=\"cas-covid-19-tableau-par-region\" name=\"cas-covid-19-tableau-par-region\">Evolution des hospitalisations (dont en r\u00e9animation) et d\u00e9c\u00e8s \u00e0 l&rsquo;h\u00f4pital du Covid-19\u00a0par r\u00e9gion au 27\u00a0mars<\/a><\/h3>\n<table border=\"1\" cellpadding=\"1\" cellspacing=\"1\" style=\"width:100%;\">\n<thead>\n<tr>\n<th scope=\"col\" style=\"width: 199px;\">R\u00e9gions<\/th>\n<th scope=\"col\" style=\"width: 162px; text-align: center;\">Hospitalisations en cours<\/th>\n<th scope=\"col\" style=\"width: 143px; text-align: center;\">Evolution des nouveaux patients sur les\u00a0 derni\u00e8res 24\u00a0H<\/th>\n<th scope=\"col\" style=\"width: 149px; text-align: center;\">R\u00e9animation Soins intensif<\/th>\n<th scope=\"col\" style=\"width: 155px; text-align: center;\">Evolution des nouveaux patients sur les\u00a0 derni\u00e8res 24\u00a0H<\/th>\n<th scope=\"col\" style=\"width: 220px; text-align: center;\">D\u00e9c\u00e8s<\/th>\n<\/tr>\n<tr>\n<td style=\"width: 199px;\"><b>\u00cele-de-France<\/b><\/td>\n<td style=\"width: 162px;\">6 968<\/td>\n<td style=\"width: 143px;\">-1 575<\/td>\n<td style=\"width: 149px;\">1 429<\/td>\n<td style=\"width: 155px;\">-360<\/td>\n<td style=\"width: 220px;\">16 478<\/td>\n<\/tr>\n<tr>\n<td style=\"width: 199px;\"><strong>Grand Est<\/strong><\/td>\n<td style=\"width: 162px;\">2 398<\/td>\n<td style=\"width: 143px;\">-1 921<\/td>\n<td style=\"width: 149px;\">428<\/td>\n<td style=\"width: 155px;\">-453<\/td>\n<td style=\"width: 220px;\">8 754<\/td>\n<\/tr>\n<tr>\n<td style=\"width: 199px;\"><strong>Auvergne-Rh\u00f4ne-Alpes<\/strong><\/td>\n<td style=\"width: 162px;\">3 176<\/td>\n<td style=\"width: 143px;\">-52<\/td>\n<td style=\"width: 149px;\">473<\/td>\n<td style=\"width: 155px;\">-22<\/td>\n<td style=\"width: 220px;\">9 818<\/td>\n<\/tr>\n<tr>\n<td style=\"width: 199px;\"><strong>Hauts-de-France<\/strong><\/td>\n<td style=\"width: 162px;\">3 329<\/td>\n<td style=\"width: 143px;\">-1\u00a0883<\/td>\n<td style=\"width: 149px;\">611<\/td>\n<td style=\"width: 155px;\">-448<\/td>\n<td style=\"width: 220px;\">7 129<\/td>\n<\/tr>\n<tr>\n<td style=\"width: 199px;\"><strong>Bourgogne-Franche-Comt\u00e9<\/strong><\/td>\n<td style=\"width: 162px;\">1 200<\/td>\n<td style=\"width: 143px;\">-42<\/td>\n<td style=\"width: 149px;\">\n<p>145<\/p>\n<\/td>\n<td style=\"width: 155px;\">-2<\/td>\n<td style=\"width: 220px;\">4 052<\/td>\n<\/tr>\n<tr>\n<td style=\"width: 199px;\"><strong>Provence-Alpes-C\u00f4te d&rsquo;Azur<\/strong><\/td>\n<td style=\"width: 162px;\">3 070<\/td>\n<td style=\"width: 143px;\">-1\u00a0867<\/td>\n<td style=\"width: 149px;\">513<\/td>\n<td style=\"width: 155px;\">-436<\/td>\n<td style=\"width: 220px;\">6 557<\/td>\n<\/tr>\n<tr>\n<td style=\"width: 199px;\"><strong>Occitanie<\/strong><\/td>\n<td style=\"width: 162px;\">1 533<\/td>\n<td style=\"width: 143px;\">-1\u00a0949<\/td>\n<td style=\"width: 149px;\">318<\/td>\n<td style=\"width: 155px;\">-449<\/td>\n<td style=\"width: 220px;\">3 534<\/td>\n<\/tr>\n<tr>\n<td style=\"width: 199px;\"><strong>Bretagne<\/strong><\/td>\n<td style=\"width: 162px;\">711<\/td>\n<td style=\"width: 143px;\">-2\u00a0002<\/td>\n<td style=\"width: 149px;\">99<\/td>\n<td style=\"width: 155px;\">-466<\/td>\n<td style=\"width: 220px;\">1 304<\/td>\n<\/tr>\n<tr>\n<td style=\"width: 199px;\"><strong>Nouvelle-Aquitaine<\/strong><\/td>\n<td style=\"width: 162px;\">1 124<\/td>\n<td style=\"width: 143px;\">-1 998<\/td>\n<td style=\"width: 149px;\">197<\/td>\n<td style=\"width: 155px;\">-472<\/td>\n<td style=\"width: 220px;\">3 132<\/td>\n<\/tr>\n<tr>\n<td style=\"width: 199px;\"><strong><a href=\"http:\/\/www.affinite.fr\/index.php\/2024\/11\/21\/construire-votre-maison-en-normandie\/\">Normandie<\/a><\/strong><\/td>\n<td style=\"width: 162px;\">1 374<\/td>\n<td style=\"width: 143px;\">\n<p>-1\u00a0966<\/p>\n<\/td>\n<td style=\"width: 149px;\">184<\/td>\n<td style=\"width: 155px;\">-457<\/td>\n<td style=\"width: 220px;\">2 558<\/td>\n<\/tr>\n<tr>\n<td style=\"width: 199px;\"><strong>Centre Val-de-Loire<\/strong><\/td>\n<td style=\"width: 162px;\">1 045<\/td>\n<td style=\"width: 143px;\">-35<\/td>\n<td style=\"width: 149px;\">153<\/td>\n<td style=\"width: 155px;\">-12<\/td>\n<td style=\"width: 220px;\">2 199<\/td>\n<\/tr>\n<tr>\n<td style=\"width: 199px;\"><strong>Pays de la Loire<\/strong><\/td>\n<td style=\"width: 162px;\">856<\/td>\n<td style=\"width: 143px;\">-1\u00a0993<\/td>\n<td style=\"width: 149px;\">127<\/td>\n<td style=\"width: 155px;\">-463<\/td>\n<td style=\"width: 220px;\">2 223<\/td>\n<\/tr>\n<tr>\n<td style=\"width: 199px;\"><strong>Corse<\/strong><\/td>\n<td style=\"width: 162px;\">134<\/td>\n<td style=\"width: 143px;\">-2\u00a0040<\/td>\n<td style=\"width: 149px;\">13<\/td>\n<td style=\"width: 155px;\">-475<\/td>\n<td style=\"width: 220px;\">164<\/td>\n<\/tr>\n<tr>\n<td style=\"width: 199px;\"><strong>Martinique<\/strong><\/td>\n<td style=\"width: 162px;\">41<\/td>\n<td style=\"width: 143px;\">NC<\/td>\n<td style=\"width: 149px;\">12<\/td>\n<td style=\"width: 155px;\">-474<\/td>\n<td style=\"width: 220px;\">50<\/td>\n<\/tr>\n<tr>\n<td style=\"width: 199px;\"><strong>Guadeloupe<\/strong><\/td>\n<td style=\"width: 162px;\">58<\/td>\n<td style=\"width: 143px;\">-2\u00a0043<\/td>\n<td style=\"width: 149px;\">14<\/td>\n<td style=\"width: 155px;\">NC<\/td>\n<td style=\"width: 220px;\">194<\/td>\n<\/tr>\n<tr>\n<td style=\"width: 199px;\"><strong>La R\u00e9union<\/strong><\/td>\n<td style=\"width: 162px;\">163<\/td>\n<td style=\"width: 143px;\">NC<\/td>\n<td style=\"width: 149px;\">53<\/td>\n<td style=\"width: 155px;\">+3<\/td>\n<td style=\"width: 220px;\">120<\/td>\n<\/tr>\n<tr>\n<td style=\"width: 199px;\"><strong>Guyane<\/strong><\/td>\n<td style=\"width: 162px;\">16<\/td>\n<td style=\"width: 143px;\">-2<\/td>\n<td style=\"width: 149px;\">\n<p>5<\/p>\n<\/td>\n<td style=\"width: 155px;\">+1<\/td>\n<td style=\"width: 220px;\">85<\/td>\n<\/tr>\n<tr>\n<td style=\"width: 199px;\"><strong>Mayotte<\/strong><\/td>\n<td style=\"width: 162px;\">63<\/td>\n<td style=\"width: 143px;\">+1<\/td>\n<td style=\"width: 149px;\">17<\/td>\n<td style=\"width: 155px;\">\n<p>NC<\/p>\n<\/td>\n<td style=\"width: 220px;\">115<\/td>\n<\/tr>\n<tr>\n<td style=\"width: 199px;\"><strong>TOTAL<\/strong><\/td>\n<td style=\"width: 162px;\"><strong>27 259<\/strong><\/td>\n<td style=\"width: 143px;\">-481<\/td>\n<td style=\"width: 149px;\"><b>4 791<\/b><\/td>\n<td style=\"width: 155px;\">-144<\/td>\n<td style=\"width: 220px;\">\n<p><b>68 466<\/b><\/p>\n<\/td>\n<\/tr>\n<\/thead>\n<\/table>\n<p><strong>94 465\u00a0d\u00e9c\u00e8s sont recens\u00e9s au 27\u00a0mars\u00a0<\/strong>dont 68 466\u00a0\u00e0 l&rsquo;h\u00f4pital\u00a0(+190\u00a0au cours des 24 derni\u00e8res heures), selon les chiffres de Sant\u00e9 publique France.\u00a0En France, depuis le d\u00e9but de l&rsquo;\u00e9pid\u00e9mie, 1\u00a0personne sur 1000\u00a0est morte du fait de la Covid-19, indique la <a href=\"https:\/\/www.has-sante.fr\/jcms\/p_3234447\/fr\/covid-19-se-vacciner-decider-avec-son-medecin\" target=\"_blank\" rel=\"noopener noreferrer\">Haute Autorit\u00e9 de Sant\u00e9<\/a> le 29 janvier.\u00a0Les personnes<em> les plus fragiles<\/em> face \u00e0 cette \u00e9pid\u00e9mie restent celles \u00e2g\u00e9es de 65\u00a0ans et plus, ainsi que celles pr\u00e9sentant des comorbidit\u00e9s. Cependant, une modification de l&rsquo;\u00e2ge des nouveaux cas ainsi que des nouveaux patients hospitalis\u00e9s est observ\u00e9e depuis quelques semaines, avec notamment un<strong> rajeunissement de l&rsquo;\u00e2ge des patients.<\/strong> 93% des cas de Covid-19\u00a0d\u00e9c\u00e9d\u00e9s \u00e9taient \u00e2g\u00e9s de 65\u00a0ans ou plus. Par ailleurs, la part des d\u00e9c\u00e8s Covid\u00a0est de 55% chez les hommes.<\/p>\n<div style=\"text-align:center\">\n<figure class=\"image\" style=\"display:inline-block\"><a class=\"fancy\" href=\"https:\/\/img-3.journaldesfemmes.fr\/gLfKimTty4u_2XYTItSJcUAi9C0=\/1080x\/smart\/ea48a604d85b4ec6814faac3c7e19390\/ccmcms-jdf\/23443193.jpg\"><img decoding=\"async\" alt=\"Nombre hebdomadaire de nouveaux d\u00e9c\u00e8s de patients COVID-19 selon la date de d\u00e9claration, depuis le 23 mars 2020, France (donn\u00e9es au 28 f\u00e9vrier 2021)\" src=\"https:\/\/img-3.journaldesfemmes.fr\/7FNYWhxEp2Krph9J7_5bWZvQlo0=\/600x\/smart\/ea48a604d85b4ec6814faac3c7e19390\/ccmcms-jdf\/23443193.jpg\"\/><\/a><figcaption data-credit=\"Sant\u00e9 publique France\" data-legend=\"Nombre hebdomadaire de nouveaux d\u00e9c\u00e8s de patients COVID-19 selon la date de d\u00e9claration, depuis le 23 mars 2020, France (donn\u00e9es au 21 mars 2021)\">Nombre hebdomadaire de nouveaux d\u00e9c\u00e8s de patients COVID-19 selon la date de d\u00e9claration, depuis le 23 mars 2020, France (donn\u00e9es au 21 mars 2021) <small>\u00a9\u00a0Sant\u00e9 publique France<\/small><\/figcaption><\/figure>\n<\/div>\n<aside id=\"NL_740823601\" class=\"newsletter_subscription jNlBlock\"><noscript><br \/>\n            <\/noscript><\/p>\n<h3 class=\"newsletter_subscription-title\">Newsletter <\/h3>\n<p><a href=\"\/\/mailing.ccmbg.com\/archive\/last-85\" target=\"_blank\" class=\"a_hover\" rel=\"noopener noreferrer\">Voir un exemple<\/a><\/p>\n<\/aside>\n<p>La France a franchi la barre des 40 000 morts samedi 7 novembre 2020,\u00a0celle des 50 000 le 24 novembre,\u00a0celle des 60 000 le 18 d\u00e9cembre et celle des 90 000 le 12 mars 2021.\u00a0<strong>Un pic de mortalit\u00e9 a \u00e9t\u00e9 atteint\u00a0le 9\u00a0novembre 2020\u00a0<\/strong>(40 987\u00a0morts, dont 548 en 24 heures).\u00a0<\/p>\n<p><iframe loading=\"lazy\" height=\"1000\" src=\"https:\/\/mapthenews.maps.arcgis.com\/apps\/opsdashboard\/index.html#\/bae8aaa7a0b14261b4621c31db410c44\" style=\"border: 0px\" width=\"600\"><\/iframe><\/p>\n<section>\n<blockquote>\n<p style=\"text-align: right;\">\u00a0<\/p>\n<\/blockquote>\n<p>Le taux de reproduction du virus est toujours sup\u00e9rieur \u00e0\u00a0<strong>1 : 1.16 le 20 mars. <\/strong>Au 20 mars, Sant\u00e9 Publique France informe que les estimations du R\u00a0obtenues \u00e0 partir des trois sources de donn\u00e9es \u00e9taient significativement sup\u00e9rieures \u00e0 1\u00a0dans<strong> cinq r\u00e9gions <\/strong>m\u00e9tropolitaines\u00a0: <strong>Auvergne-Rh\u00f4ne-Alpes, Grand Est, Hauts-de-France, \u00cele-de-France et Occitanie<\/strong>. : 1.12\u00a0le 13 mars ce qui signifie que l&rsquo;\u00e9pid\u00e9mie reste \u00e0 un niveau \u00e9lev\u00e9 puisqu&rsquo;un malade du Covid-19 en contamine plus d&rsquo;un. Les taux de reproduction du virus appel\u00e9s \u00ab\u00a0R-effectifs\u00a0\u00bb ou \u00ab\u00a0Reff\u00a0\u00bb\u00a0permettent de d\u00e9crire la dynamique de l&rsquo;\u00e9pid\u00e9mie\u00a0: lorsque le Reff est significativement sup\u00e9rieur \u00e0 1, ceci signifie que l&rsquo;\u00e9pid\u00e9mie est en progression, lorsqu&rsquo;il est \u00e9gal \u00e0 1, l&rsquo;\u00e9pid\u00e9mie se stabilise, lorsqu&rsquo;il est significativement inf\u00e9rieur \u00e0 1, l&rsquo;\u00e9pid\u00e9mie r\u00e9gresse.\u00a0<\/p>\n<p>Le d\u00e9pistage du Covid-19 est r\u00e9alis\u00e9 en France par RT-PCT et par tests antig\u00e9niques. Depuis le 11 f\u00e9vrier, les tests salivaires sont d\u00e9ploy\u00e9s dans les\u00a0\u00e9tablissements scolaires et peuvent \u00eatre utilis\u00e9s en premi\u00e8re intention pour d\u00e9pister la Covid-19, conform\u00e9ment aux recommandations de la <a href=\"https:\/\/www.has-sante.fr\/jcms\/p_3237053\/fr\/tests-rt-pcr-salivaires-la-has-etend-leur-utilisation-et-definit-les-modalites-pratiques-de-realisation\" target=\"_blank\" rel=\"noopener noreferrer\">HAS<\/a>. Au 25\u00a0mars, le taux de positivit\u00e9 national s&rsquo;\u00e9tablit \u00e0<strong>\u00a08%.<\/strong>\u00a0<em>\u00ab\u00a0Il reste d\u00e9terminant que chaque personne pr\u00e9sentant des sympt\u00f4mes \u00e9vocateurs de COVID-19\u00a0s&rsquo;isole imm\u00e9diatement et r\u00e9alise un test diagnostique dans les plus brefs d\u00e9lais\u00a0\u00bb<\/em> rappelle Sant\u00e9 Publique France dans ses bulletins hebdomadaires.<\/p>\n<p>Si au d\u00e9but, on ne parlait que de fi\u00e8vre, toux s\u00e8che, rhume, \u00e9tat grippal et de fatigue, les sympt\u00f4mes de l&rsquo;infection par le coronavirus ont \u00e9volu\u00e9. On sait d\u00e9sormais que le virus peut avoir des <strong>effets sur la peau<\/strong> (urticaire, l\u00e9sions inflammatoires sur les orteils), la sph\u00e8re digestive (vomissements, diarrh\u00e9es&#8230;), <strong>l&rsquo;odorat<\/strong>, le <strong>go\u00fbt <\/strong>et m\u00eame le cerveau.<em> <\/em><\/p>\n<p>\u2192<strong> Chaque personne pr\u00e9sentant des sympt\u00f4mes \u00e9vocateurs de COVID-19 doit s&rsquo;isoler imm\u00e9diatement et r\u00e9aliser un test diagnostique<\/strong> dans les plus brefs d\u00e9lais (sans avoir d&rsquo;ordonnance).<\/p>\n<p>\u2192<strong> <\/strong><strong>Appeler le\u00a015\u00a0en cas de\u00a0difficult\u00e9s respiratoires\u00a0: \u00ab\u00a0<\/strong><em>Si la toux et la\u00a0fi\u00e8vre s&rsquo;accompagnent d&rsquo;une g\u00eane respiratoire qui devient permanente avec souffle court, difficult\u00e9 \u00e0 inspirer et \u00e0 expirer, d&rsquo;une aggravation importante de la toux, cela peut signifier une \u00e9volution de la maladie sous la forme d&rsquo;une pneumopathie. Il s&rsquo;agit alors d&rsquo;une urgence respiratoire potentielle et comme dans tous les cas d&rsquo;urgence, il faut alors appeler le 15\u00a0qui prendra les meilleures dispositions pour r\u00e9pondre \u00e0 la situation\u00a0\u00bb, <\/em>pr\u00e9vient le Dr\u00a0Patrick Aub\u00e9, m\u00e9decin g\u00e9n\u00e9raliste. \u00a0<\/p>\n<div class=\"ccminsert\">\n<aside class=\"app_widget_fo app_widget_fo--list app_widget_fo--list-2-col\">\n<ul>\n<li>\n<h3>\n                    <a href=\"https:\/\/sante.journaldesfemmes.fr\/fiches-maladies\/2665621-angine-ou-covid-19-symptomes-signes-fievre-mal-gorge-test-difference-contagion\/\" class=\"jGTMWidgetGAEventClick\" data-gtmwidgetgaeventaction=\"clickWidgetListOnTwoColumns\" data-gtmwidgetgaeventlabel=\"Angine ou Covid-19\u00a0: sympt\u00f4mes, diff\u00e9rences, test, contagion\"><br \/>\n                        Angine ou Covid-19\u00a0: sympt\u00f4mes, diff\u00e9rences, test, contagion<br \/>\n                    <\/a><br \/>\n                <\/h3>\n<\/li>\n<li>\n<h3>\n                    <a href=\"https:\/\/sante.journaldesfemmes.fr\/fiches-maladies\/2701631-probleme-maladie-foie-covid-atteinte-cancer-complication-sequelles-symptomes-risque-vaccination\/\" class=\"jGTMWidgetGAEventClick\" data-gtmwidgetgaeventaction=\"clickWidgetListOnTwoColumns\" data-gtmwidgetgaeventlabel=\"Probl\u00e8me au foie et Covid\u00a0: risques, s\u00e9quelles, vaccination\"><br \/>\n                        Probl\u00e8me au foie et Covid\u00a0: risques, s\u00e9quelles, vaccination<br \/>\n                    <\/a><br \/>\n                <\/h3>\n<\/li>\n<li>\n<h3>\n                    <a href=\"https:\/\/sante.journaldesfemmes.fr\/fiches-maladies\/2701633-fievre-covid-duree-obligatoire-que-faire-que-prendre-combien-temperature\/\" class=\"jGTMWidgetGAEventClick\" data-gtmwidgetgaeventaction=\"clickWidgetListOnTwoColumns\" data-gtmwidgetgaeventlabel=\"Fi\u00e8vre et Covid\u00a0: dur\u00e9e, temp\u00e9rature, est-ce obligatoire\u00a0?\"><br \/>\n                        Fi\u00e8vre et Covid\u00a0: dur\u00e9e, temp\u00e9rature, est-ce obligatoire\u00a0?<br \/>\n                    <\/a><br \/>\n                <\/h3>\n<\/li>\n<li>\n<h3>\n                    <a href=\"https:\/\/sante.journaldesfemmes.fr\/fiches-maladies\/2696267-covid-long-c-est-quoi-symptomes-contagieux-fatigue-prise-en-charge-france-traitement\/\" class=\"jGTMWidgetGAEventClick\" data-gtmwidgetgaeventaction=\"clickWidgetListOnTwoColumns\" data-gtmwidgetgaeventlabel=\"Covid long\u00a0: sympt\u00f4mes, est-on contagieux, quel traitement\u00a0?\"><br \/>\n                        Covid long\u00a0: sympt\u00f4mes, est-on contagieux, quel traitement\u00a0?<br \/>\n                    <\/a><br \/>\n                <\/h3>\n<\/li>\n<li>\n<h3>\n                    <a href=\"https:\/\/sante.journaldesfemmes.fr\/fiches-maladies\/2661241-rhume-ou-covid-19-symptomes-tableau-differences-ecole-que-faire-comment-savoir-travail\/\" class=\"jGTMWidgetGAEventClick\" data-gtmwidgetgaeventaction=\"clickWidgetListOnTwoColumns\" data-gtmwidgetgaeventlabel=\"Rhume ou Covid-19\u00a0: sympt\u00f4mes, tableau, \u00e9cole, que faire\u00a0?\"><br \/>\n                        Rhume ou Covid-19\u00a0: sympt\u00f4mes, tableau, \u00e9cole, que faire\u00a0?<br \/>\n                    <\/a><br \/>\n                <\/h3>\n<\/li>\n<li>\n<h3>\n                    <a href=\"https:\/\/sante.journaldesfemmes.fr\/fiches-maladies\/2626825-covid-ou-allergie-pollen-coronavirus-asthme-symptomes-toux-yeux-traitement\/\" class=\"jGTMWidgetGAEventClick\" data-gtmwidgetgaeventaction=\"clickWidgetListOnTwoColumns\" data-gtmwidgetgaeventlabel=\"Covid ou allergie au pollen\u00a0: sympt\u00f4mes, diff\u00e9rences, traitements\"><br \/>\n                        Covid ou allergie au pollen\u00a0: sympt\u00f4mes, diff\u00e9rences, traitements<br \/>\n                    <\/a><br \/>\n                <\/h3>\n<\/li>\n<li>\n<h3>\n                    <a href=\"https:\/\/sante.journaldesfemmes.fr\/fiches-maladies\/2676955-covid-19-ou-gastro-enterite-difference-symptomes-fievre-diarrhee-que-faire-complications\/\" class=\"jGTMWidgetGAEventClick\" data-gtmwidgetgaeventaction=\"clickWidgetListOnTwoColumns\" data-gtmwidgetgaeventlabel=\"Covid\u00a0ou gastro-ent\u00e9rite\u00a0: sympt\u00f4mes, quelles diff\u00e9rences\u00a0?\"><br \/>\n                        Covid\u00a0ou gastro-ent\u00e9rite\u00a0: sympt\u00f4mes, quelles diff\u00e9rences\u00a0?<br \/>\n                    <\/a><br \/>\n                <\/h3>\n<\/li>\n<li>\n<h3>\n                    <a href=\"https:\/\/sante.journaldesfemmes.fr\/fiches-sante-du-quotidien\/2627543-perte-gout-agueusie-covid-19-def-duree-cause-partielle-traitement-soigner\/\" class=\"jGTMWidgetGAEventClick\" data-gtmwidgetgaeventaction=\"clickWidgetListOnTwoColumns\" data-gtmwidgetgaeventlabel=\"Perte du go\u00fbt (agueusie)\u00a0: dur\u00e9e, Covid, comment soigner\u00a0?\"><br \/>\n                        Perte du go\u00fbt (agueusie)\u00a0: dur\u00e9e, Covid, comment soigner\u00a0?<br \/>\n                    <\/a><br \/>\n                <\/h3>\n<\/li>\n<li>\n<h3>\n                    <a href=\"https:\/\/sante.journaldesfemmes.fr\/fiches-maladies\/2683439-symptomes-covid-19-coronavirus-boutons-visage-corps-dermatologiques-peau-bras-pieds-engelure\/\" class=\"jGTMWidgetGAEventClick\" data-gtmwidgetgaeventaction=\"clickWidgetListOnTwoColumns\" data-gtmwidgetgaeventlabel=\"Sympt\u00f4mes Covid sur la peau\u00a0: engelures, boutons, quand consulter\u00a0?\"><br \/>\n                        Sympt\u00f4mes Covid sur la peau\u00a0: engelures, boutons, quand consulter\u00a0?<br \/>\n                    <\/a><br \/>\n                <\/h3>\n<\/li>\n<li>\n<h3>\n                    <a href=\"https:\/\/sante.journaldesfemmes.fr\/fiches-maladies\/2630069-coronavirus-covid-19-cerveau-symptomes-sequelles-odorat-effet-lesion-attaque\/\" class=\"jGTMWidgetGAEventClick\" data-gtmwidgetgaeventaction=\"clickWidgetListOnTwoColumns\" data-gtmwidgetgaeventlabel=\"Coronavirus\u00a0et cerveau\u00a0: effets, quels sympt\u00f4mes\u00a0?\"><br \/>\n                        Coronavirus\u00a0et cerveau\u00a0: effets, quels sympt\u00f4mes\u00a0?<br \/>\n                    <\/a><br \/>\n                <\/h3>\n<\/li>\n<\/ul>\n<\/aside>\n<\/div>\n<p>La vaccination contre la Covid-19 se poursuit en France avec les vaccins Pfizer-BioNTech,\u00a0Moderna et AstraZeneca (chez les m\u00e9decins g\u00e9n\u00e9ralistes,\u00a0au travail et en pharmacie). La prise de<strong> rendez-vous<\/strong> est ouverte<b> <\/b>sur les sites Internet <strong>Doctolib, Maiia et KelDoc<\/strong> et peut aussi se faire en contactant par t\u00e9l\u00e9phone le <strong>centre de vaccination<\/strong> le plus proche de chez soi (liste disponible sur\u00a0<a href=\"https:\/\/www.sante.fr\/centres-vaccination-covid.html\" target=\"_blank\" rel=\"noopener noreferrer\">Sante.fr<\/a>).\u00a0En cas de difficult\u00e9, le num\u00e9ro vert national :<strong> 0\u00a0800\u00a0009\u00a0110<\/strong>,\u00a0permet d&rsquo;\u00eatre redirig\u00e9 vers le standard t\u00e9l\u00e9phonique d&rsquo;un centre ou d&rsquo;obtenir un accompagnement \u00e0 la prise de rendez-vous.<\/p>\n<div class=\"ccminsert\">\n<aside class=\"app_widget_fo app_widget_fo--call\">\n<ul>\n<li>\n                <a href=\"https:\/\/sante.journaldesfemmes.fr\/fiches-maladies\/2620433-vaccin-coronavirus-covid-19-pfizer-moderna-sanofi-spoutnik-johnson-astrazeneca-france-differences-choisir\/\" class=\"jGTMWidgetGAEventClick\" data-gtmwidgetgaeventaction=\"clickWidgetCall\" data-gtmwidgetgaeventlabel=\"Vaccin Covid-19\u00a0: Pfizer, AstraZeneca, Moderna, Johnson, lequel choisir\u00a0?\"><\/p>\n<figure><picture><source media=\"(max-width: 480px)\" srcset=\"https:\/\/img-3.journaldesfemmes.fr\/5OouHAqc-yUoQtswRe2IfK5s9jU=\/160x105\/smart\/7a2fb7b1435247b6bce74dc91e28d70c\/ccmcms-jdf\/23451301.jpg\"><img decoding=\"async\" src=\"https:\/\/img-3.journaldesfemmes.fr\/nPeN0YDOqkRm1HzSB7irTyMPs4c=\/200x132\/smart\/7a2fb7b1435247b6bce74dc91e28d70c\/ccmcms-jdf\/23451301.jpg\" alt=\"\"\/><\/source><\/picture><figcaption>\n<h3>Vaccin Covid-19\u00a0: Pfizer, AstraZeneca, Moderna, Johnson, lequel choisir\u00a0?<\/h3>\n<p>Les vaccins contre la Covid-19\u00a0de Pfizer-BioNTech, Moderna et AstraZeneca continuent d&rsquo;\u00eatre administr\u00e9s en Europe, sauf en Norv\u00e8ge. La vaccin de Johnson&amp;Johnson, \u00e0 dose unique, devrait arriver en avril. Efficacit\u00e9, diff\u00e9rences, noms des vaccins, effets secondaires, principe, doses, \u00e2ge, choix&#8230; Derni\u00e8res infos.<\/p>\n<\/figcaption><\/figure>\n<p><\/a>\n            <\/li>\n<\/ul>\n<\/aside>\n<\/div>\n<div class=\"ccminsert\">\n<aside class=\"app_widget_fo app_widget_fo--call\">\n<ul>\n<li>\n                <a href=\"https:\/\/sante.journaldesfemmes.fr\/fiches-maladies\/2688083-vaccination-covid-france-inscription-rendez-vous-centre-calendrier-chiffre-age-questionnaire-veterinaire\/\" class=\"jGTMWidgetGAEventClick\" data-gtmwidgetgaeventaction=\"clickWidgetCall\" data-gtmwidgetgaeventlabel=\"Vaccination Covid\u00a0: \u00e2ge, questionnaire, rendez-vous, s'inscrire\"><\/p>\n<figure><picture><source media=\"(max-width: 480px)\" srcset=\"https:\/\/img-3.journaldesfemmes.fr\/ttON-3YGTJ9WcJ1oOJn2eqS8cNo=\/160x105\/smart\/19f94fee11ad4ba0a2902e471d2b0c0d\/ccmcms-jdf\/23418063.jpg\"><img decoding=\"async\" src=\"https:\/\/img-3.journaldesfemmes.fr\/O84RQj5szb5ztl-TtH2xpAVPSLM=\/200x132\/smart\/19f94fee11ad4ba0a2902e471d2b0c0d\/ccmcms-jdf\/23418063.jpg\" alt=\"\"\/><\/source><\/picture><figcaption>\n<h3>Vaccination Covid\u00a0: \u00e2ge, questionnaire, rendez-vous, s&rsquo;inscrire<\/h3>\n<p>La vaccination contre la Covid va s&rsquo;acc\u00e9l\u00e9rer en France avec l&rsquo;autorisation de vacciner donn\u00e9e aux dentistes et v\u00e9t\u00e9rinaires. A compter de samedi, les plus de 70\u00a0ans, sans comorbidit\u00e9s, peuvent aller se faire vacciner en centre de vaccination. Vaccination en centre de vaccination, pharmacie, inscription, rdv, chiffres&#8230; Guide pratique.<\/p>\n<\/figcaption><\/figure>\n<p><\/a>\n            <\/li>\n<\/ul>\n<\/aside>\n<\/div>\n<p>Depuis le 1er mars, l&rsquo;Allemagne exige \u00ab\u00a0<em>un test PCR ou antig\u00e9nique\u00a0\u00bb<\/em>\u00a0de moins de 48\u00a0heures \u00e0 l&rsquo;entr\u00e9e sur son territoire depuis la Moselle, y compris pour les travailleurs fran\u00e7ais qui y travaillent quotidiennement.<\/p>\n<ul>\n<li>A partir du 12 mars, les conditions d&rsquo;acc\u00e8s \u00e0 7\u00a0pays hors UE s&rsquo;assouplissent. \u00ab\u00a0<em>Il ne sera plus n\u00e9cessaire de justifier d&rsquo;un motif imp\u00e9rieux pour les d\u00e9placements <strong>en provenance<\/strong> ou <strong>vers<\/strong> l&rsquo;<strong>Australie<\/strong>, la <strong>Cor\u00e9e du Sud<\/strong>,<strong> Isra\u00ebl<\/strong>, le <strong>Japon<\/strong>, la <strong>Nouvelle-Z\u00e9lande<\/strong>, le <strong>Royaume-Uni <\/strong>et <strong>Singapour<\/strong><\/em>\u00ab\u00a0, a indiqu\u00e9 le minist\u00e8re fran\u00e7ais des Affaires \u00e9trang\u00e8res. Pour les autres pays hors UE, il faut justifier d&rsquo;une raison imp\u00e9rieuse depuis\u00a0le 31\u00a0janvier 2021.\u00a0<\/li>\n<li>Depuis le dimanche 24\u00a0janvier, tous les voyageurs entrant en France et venant d&rsquo;un pays europ\u00e9en doivent pr\u00e9senter avant leur d\u00e9part pour l&rsquo;Hexagone un test PCR n\u00e9gatif de moins de 72\u00a0heures.<\/li>\n<li>Depuis le 18 janvier, les voyageurs entrant en France en provenance d&rsquo;un pays hors Union-Europ\u00e9enne doivent\u00a0pr\u00e9senter un test PCR n\u00e9gatif\u00a0 et s&rsquo;isoler pendant 7\u00a0jours une fois arriv\u00e9s en France et faire un 2<sup>e<\/sup>\u00a0test \u00e0 l&rsquo;issue de cette p\u00e9riode.\u00a0<\/li>\n<\/ul>\n<table border=\"1\" cellpadding=\"1\" cellspacing=\"1\" style=\"width:100%;\">\n<thead>\n<tr>\n<th scope=\"col\" style=\"text-align: center;\"><strong>DATES CL\u00c9S DE L&rsquo;\u00c9PID\u00c9MIE EN FRANCE<\/strong><\/th>\n<\/tr>\n<\/thead>\n<tbody>\n<tr>\n<td>\n<ul>\n<li><strong>31\u00a0d\u00e9cembre 2019,<\/strong> l&rsquo;Organisation mondiale de la Sant\u00e9 en Chine est inform\u00e9e de plusieurs cas de pneumonies dans la ville de Wuhan. 44\u00a0personnes sont infect\u00e9es entre cette date et le 3\u00a0janvier 2020.<\/li>\n<li><strong>7\u00a0janvier 2020, <\/strong>les autorit\u00e9s chinoises identifient un \u00ab\u00a0nouveau type de coronavirus\u00a0\u00bb.<\/li>\n<li><strong>13\u00a0janvier, <\/strong>un cas import\u00e9 est recens\u00e9 en Tha\u00eflande.<\/li>\n<li><strong>15\u00a0janvier<\/strong>, le virus cause\u00a0la mort d&rsquo;<strong>une premi\u00e8re\u00a0personne \u00e0 Wuhan<\/strong>, un homme de 69\u00a0ans.\u00a0<\/li>\n<li><strong>23\u00a0janvier,<\/strong> trois villes chinoises dont Wuhan sont plac\u00e9es en quarantaine.<\/li>\n<li><strong>25\u00a0janvier, trois personnes\u00a0contamin\u00e9es sont recens\u00e9es en France<\/strong>, deux \u00e0 Paris et une Bordeaux. Ce sont les premiers cas enregistr\u00e9s sur le continent europ\u00e9en.<\/li>\n<li><strong>30\u00a0janvier, <\/strong>l&rsquo;Organisation mondiale de la Sant\u00e9 <strong>d\u00e9cr\u00e8te\u00a0l&rsquo;<a href=\"https:\/\/sante.journaldesfemmes.fr\/fiches-maladies\/2608035-urgence-de-sante-publique-de-portee-internationale-definition-oms-coronavirus\/\" target=\"_blank\" rel=\"noopener noreferrer\">urgence de sant\u00e9 mondiale<\/a><\/strong>.\u00a0Cette mesure n&rsquo;avait \u00e9t\u00e9 d\u00e9cr\u00e9t\u00e9e que 5\u00a0fois depuis sa cr\u00e9ation (pour Ebola (deux fois), la grippe H1N1, Zika et la poliomy\u00e9lite).\u00a0<\/li>\n<li><strong>23\u00a0f\u00e9vrier, <\/strong>la France d\u00e9clenche le <a href=\"https:\/\/sante.journaldesfemmes.fr\/fiches-maladies\/2622449-plan-orsan-reb-definition-signification-qui-declenche-coronavirus-definition-duree\/\" target=\"_blank\" rel=\"noopener noreferrer\">plan ORSAN<\/a>, un dispositif exceptionnel d&rsquo;organisation des soins.<\/li>\n<li><strong>28\u00a0f\u00e9vrier,<\/strong> la France passe en stade 2\u00a0de l&rsquo;\u00e9pid\u00e9mie.<\/li>\n<li><strong>11\u00a0mars, <\/strong>l&rsquo;OMS classifie de <strong>pand\u00e9mie <\/strong>la diffusion de la maladie \u00e0 coronavirus Covid-19\u00a0dans le monde.<\/li>\n<li><strong>12\u00a0mars<\/strong>, le pr\u00e9sident de la R\u00e9publique Emmanuel Macron annonce la fermeture nationale des cr\u00e8ches et \u00e9tablissements scolaires de France \u00e0 compter du 16\u00a0mars et \u00ab\u00a0jusqu&rsquo;\u00e0 nouvel ordre\u00a0\u00bb.<\/li>\n<li><strong>14\u00a0mars<\/strong>, la France passe au <a href=\"https:\/\/sante.journaldesfemmes.fr\/fiches-maladies\/2625289-coronavirus-covid-19-stade-1-2-3-4-duree-mesure-france-signification-quand\/\" target=\"_blank\" rel=\"noopener noreferrer\"><strong>stade 3 <\/strong><\/a>de l&rsquo;\u00e9pid\u00e9mie.<\/li>\n<li><strong>16\u00a0mars\u00a0:<\/strong>\u00a0la France met en place un dispositif de confinement interdisant les d\u00e9placements.<\/li>\n<li><strong>18\u00a0mars<\/strong> le premier transfert de patients Covid-19\u00a0en France est r\u00e9alis\u00e9\u00a0gr\u00e2ce \u00e0 l&rsquo;Arm\u00e9e, par voie terrestre et a\u00e9rienne.\u00a0<\/li>\n<li><strong>26\u00a0mars<\/strong>, un premier cas jeune meurt en France, une adolescente de 16\u00a0ans, en Ile-de-France originaire de Morsang-sur-Orge.<\/li>\n<li><strong>27\u00a0mars,<\/strong> le confinement de la population fran\u00e7aise est renouvel\u00e9 jusqu&rsquo;au 15\u00a0avril.<\/li>\n<li><strong>13\u00a0avril,<\/strong> Emmanuel Macron annonce le prolongement du confinement jusqu&rsquo;au 11\u00a0mai.<\/li>\n<li><strong>11\u00a0mai, <\/strong>la France commence son d\u00e9confinement.<\/li>\n<li><strong>\u00a015\u00a0juin<\/strong>, toute la France passe en zone verte, sauf Mayotte et la Guyane. \u00c0\u00a0Paris, les restaurants et bars peuvent rouvrir compl\u00e8tement.<\/li>\n<li><strong>22\u00a0juin, <\/strong>les \u00e9coles sont de nouveaux obligatoires en France pour tous les \u00e9l\u00e8ves. Les cin\u00e9mas, salles de jeux, casinos rouvrent. Les sports collectifs peuvent \u00eatre autoris\u00e9s tout en respectant certaines conditions sanitaires.<\/li>\n<li><strong>10\u00a0juillet<\/strong>, la <strong>France <\/strong>a franchi la barre des 30\u00a0000\u00a0morts. Dans la nuit du 10\u00a0au 11\u00a0juillet \u00e0 minuit, l&rsquo;\u00e9tat d&rsquo;urgence sanitaire prend fin en France.<\/li>\n<li><strong>\u00a020\u00a0juillet,<\/strong>\u00a0le <strong>port du masque est obligatoire <\/strong>dans les lieux publics clos en France.<\/li>\n<li><strong>8 octobre, <\/strong>le<strong> plan blanc est r\u00e9activ\u00e9 <\/strong>dans les h\u00f4pitaux d&rsquo;Ile-de-France.<\/li>\n<li><strong>17 octobre \u00e0 0h01<\/strong>, la France repasse en \u00e9tat d&rsquo;urgence sanitaire et un <strong>couvre-feu <\/strong>est instaur\u00e9 dans 9 territoires\u00a0(Paris-Ile-de-France, Rouen, Grenoble, Lille, Lyon, Aix-Marseille, Montpellier, Saint-Etienne, Toulouse).<\/li>\n<li><strong>24 octobre \u00e0 0h01 :<\/strong> extension des mesures de couvre-feu \u00e0 38 nouveaux d\u00e9partements fran\u00e7ais.<\/li>\n<li><strong>29 octobre \u00e0 0h01<\/strong> : reconfinement national pour 4 semaines, jusqu&rsquo;au 1er d\u00e9cembre au minimum.<\/li>\n<li><strong>28 novembre : <\/strong>premi\u00e8re \u00e9tape d&rsquo;all\u00e8gement du confinement avec la r\u00e9ouverture des commerces non essentiels.<\/li>\n<li><strong>15 d\u00e9cembre : <\/strong>seconde \u00e9tape\u00a0d&rsquo;all\u00e8gement du confinement avec le passage \u00e0 un couvre-feu de 20 heures \u00e0 6 heures du matin.<\/li>\n<li><strong>31 d\u00e9cembre<\/strong> : couvre-feu impos\u00e9 le soir du 31 d\u00e9cembre, de 20 heures \u00e0 6 heures du matin.<\/li>\n<li><strong>21 d\u00e9cembre<\/strong> : autorisation du vaccin Pfizer en Europe.<\/li>\n<li><strong>24 d\u00e9cembre<\/strong> : autorisation du vaccin Pfizer BioNTech en France.<\/li>\n<li><strong>27 d\u00e9cembre :<\/strong> d\u00e9but de la vaccination en France et dans l&rsquo;Union europ\u00e9enne avec le vaccin Pfizer BioNTech.<\/li>\n<li><strong>8 janvier 2021<\/strong> :\u00a0autorisation du vaccin Moderna en France.<\/li>\n<li><strong>24 janvier 2021<\/strong> : un test PCR n\u00e9gatif est obligatoire pour rentrer en France par avion pour les voyageurs venant d&rsquo;un pays europ\u00e9en (sauf pour les travailleurs transfrontaliers et le transport terrestre).<\/li>\n<li><strong>31 janvier 2021<\/strong> : fermeture des fronti\u00e8res en France aux pays ext\u00e9rieurs \u00e0 l&rsquo;Union europ\u00e9enne<\/li>\n<li><strong>2 f\u00e9vrier 2021<\/strong> :\u00a0autorisation du vaccin de l&rsquo;Universit\u00e9 d&rsquo;Oxford et AstraZeneca en France, uniquement pour les personnes \u00e2g\u00e9es de moins de 65\u00a0ans.<\/li>\n<li><strong>11 f\u00e9vrier : <\/strong>d\u00e9ploiement des tests salivaires dans les \u00e9tablissements scolaires.<\/li>\n<li><strong>12 mars :\u00a0<\/strong>autorisation du\u00a0vaccin\u00a0Johnson&amp;Johnson,\u00a0\u00e0 injection unique, le 4e vaccin \u00e0 \u00eatre autoris\u00e9 en France.<\/li>\n<li><strong>16 mars <\/strong>: autorisation des autotests en France.<\/li>\n<li><strong>19 mars :<\/strong> confinement de 16 d\u00e9partements pour une dur\u00e9e de 4 semaines. Le couvre-feu repasse \u00e0 19 heures dans toute la France au lieu de 18 heures.<\/li>\n<li><strong>25 mars<\/strong> :\u00a0confinement de 3 nouveaux d\u00e9partements pour une dur\u00e9e de 4\u00a0semaines.<\/li>\n<\/ul>\n<\/td>\n<\/tr>\n<\/tbody>\n<\/table>\n<p><em>Cet article est mis \u00e0 jour quotidiennement par <a href=\"https:\/\/www.journaldesfemmes.fr\/account\/ablaize-11409696\" target=\"_blank\" rel=\"noopener noreferrer\">Aur\u00e9lie Blaize<\/a>, <a href=\"https:\/\/www.journaldesfemmes.fr\/account\/anaisthiebaux-10573564\" target=\"_blank\" rel=\"noopener noreferrer\">Ana\u00efs Thi\u00e9baux<\/a> et <a href=\"https:\/\/www.journaldesfemmes.fr\/account\/samanthapages-11598093\" target=\"_blank\" rel=\"noopener noreferrer\">Samantha Pag\u00e8s<\/a>.\u00a0<\/em><\/p>\n<\/section>\n<\/div>\n<p><script async src=\"http:\/\/platform.twitter.com\/widgets.js\" charset=\"utf-8\"><\/script><br \/>\n<br \/>[ad_2]<br \/>\n<br \/><a href=\"https:\/\/sante.journaldesfemmes.fr\/fiches-maladies\/2605417-covid-19-france-chiffres-nombre-nouveaux-cas-morts-bilan-ecole-info-direct-vaccin-confinement-reconfinement\/\">Source link <\/a><\/p>\n","protected":false},"excerpt":{"rendered":"<p>[ad_1] CORONAVIRUS DIRECT &#8211; Alors que la France attend 3\u00a0millions de doses de vaccins contre le Covid-19\u00a0pour la semaine prochaine, &hellip; <a href=\"http:\/\/www.affinite.fr\/index.php\/2021\/03\/27\/risque-de-thrombose-rare-fermeture-des-ecoles\/\" class=\"more-link\">Plus <span class=\"screen-reader-text\">risque de thrombose rare, fermeture des \u00e9coles<\/span> <span class=\"meta-nav\">&rarr;<\/span><\/a><\/p>\n","protected":false},"author":1,"featured_media":6132,"comment_status":"open","ping_status":"open","sticky":false,"template":"","format":"standard","meta":{"_sitemap_exclude":false,"_sitemap_priority":"","_sitemap_frequency":"","footnotes":""},"categories":[1],"tags":[],"class_list":["post-6131","post","type-post","status-publish","format-standard","has-post-thumbnail","hentry","category-tous"],"_links":{"self":[{"href":"http:\/\/www.affinite.fr\/index.php\/wp-json\/wp\/v2\/posts\/6131"}],"collection":[{"href":"http:\/\/www.affinite.fr\/index.php\/wp-json\/wp\/v2\/posts"}],"about":[{"href":"http:\/\/www.affinite.fr\/index.php\/wp-json\/wp\/v2\/types\/post"}],"author":[{"embeddable":true,"href":"http:\/\/www.affinite.fr\/index.php\/wp-json\/wp\/v2\/users\/1"}],"replies":[{"embeddable":true,"href":"http:\/\/www.affinite.fr\/index.php\/wp-json\/wp\/v2\/comments?post=6131"}],"version-history":[{"count":0,"href":"http:\/\/www.affinite.fr\/index.php\/wp-json\/wp\/v2\/posts\/6131\/revisions"}],"wp:featuredmedia":[{"embeddable":true,"href":"http:\/\/www.affinite.fr\/index.php\/wp-json\/wp\/v2\/media\/6132"}],"wp:attachment":[{"href":"http:\/\/www.affinite.fr\/index.php\/wp-json\/wp\/v2\/media?parent=6131"}],"wp:term":[{"taxonomy":"category","embeddable":true,"href":"http:\/\/www.affinite.fr\/index.php\/wp-json\/wp\/v2\/categories?post=6131"},{"taxonomy":"post_tag","embeddable":true,"href":"http:\/\/www.affinite.fr\/index.php\/wp-json\/wp\/v2\/tags?post=6131"}],"curies":[{"name":"wp","href":"https:\/\/api.w.org\/{rel}","templated":true}]}}