{"id":6125,"date":"2021-03-25T20:22:16","date_gmt":"2021-03-25T20:22:16","guid":{"rendered":"https:\/\/www.affinite.fr\/index.php\/2021\/03\/25\/3-nouveaux-departements-confines-dernier-bilan\/"},"modified":"2021-03-25T20:22:16","modified_gmt":"2021-03-25T20:22:16","slug":"3-nouveaux-departements-confines-dernier-bilan","status":"publish","type":"post","link":"http:\/\/www.affinite.fr\/index.php\/2021\/03\/25\/3-nouveaux-departements-confines-dernier-bilan\/","title":{"rendered":"3\u00a0nouveaux d\u00e9partements confin\u00e9s, dernier bilan"},"content":{"rendered":"<p> [ad_1]<br \/>\n<\/p>\n<p>\n                CORONAVIRUS DIRECT &#8211; La Ni\u00e8vre, le Rh\u00f4ne et l&rsquo;Aube rejoignent la liste des 16\u00a0d\u00e9partements confin\u00e9s, \u00e0 compter de vendredi soir minuit, a annonc\u00e9 jeudi le ministre de la Sant\u00e9 Olivier V\u00e9ran. La situation s&rsquo;aggrave dans de nombreux autres d\u00e9partements. Toutes les annonces, infos et derniers chiffres.            <\/p>\n<div>\n<aside class=\"ccmsummary marqueur_module ccmcss_cms_summary ccmcss_cms_summary--right\">\n<p>\u00a0Sommaire<\/p>\n<\/aside>\n<p><strong>[Mis\u00a0\u00e0 jour le jeudi 25\u00a0mars \u00e0 20h30<\/strong><b>] <\/b><em>\u00ab\u00a0La situation \u00e9pid\u00e9mique n&rsquo;est pas bonne<\/em>\u00a0\u00bb a d\u00e9clar\u00e9 le ministre de la sant\u00e9 Olivier V\u00e9ran jeudi, en pr\u00e9ambule de son point hebdomadaire sur la situation sanitaire.\u00a0Plus de <strong>45 000 personnes\u00a0ont \u00e9t\u00e9 contamin\u00e9s par le virus de la Covid-19\u00a0ces derni\u00e8res 24 heures,\u00a0<\/strong>et<strong>\u00a0<\/strong>+65 000 la veille. Le nombre de d\u00e9c\u00e8s est en l\u00e9ger recul, 225 nouveaux d\u00e9c\u00e8s sont enregistr\u00e9s en 24 heures, portant \u00e0 plus\u00a093\u00a0000 le nombre total des victimes du Covid-19 en France. La situation sanitaire s&rsquo;est d\u00e9grad\u00e9e dans trois d\u00e9partements :<strong> la Ni\u00e8vre, le Rh\u00f4ne et l&rsquo;Aube.<\/strong>\u00a0Ces trois d\u00e9partements rejoignent la liste des 16 d\u00e9partements reconfin\u00e9s, d\u00e8s ce vendredi soir minuit, a annonc\u00e9 Olivier V\u00e9ran. Le ministre de la sant\u00e9 a confirm\u00e9 les annonces de\u00a0Jean Castex en d\u00e9placement dans un h\u00f4pital de Melun\u00a0jeudi\u00a0:\u00a0le profil des personnes hospitalis\u00e9es a chang\u00e9. Le\u00a0<strong>nombre de patients\u00a0<\/strong><em><strong>\u00a0\u00bb de plus en plus jeunes <\/strong>qui sont admis dans des situations tr\u00e8s graves, ce qui montre que le virus et son variant anglais touchent toute la population\u00a0\u00bb<\/em>.\u00a0Le Premier ministre a d\u00e9crit une<em> \u00ab\u00a0situation extr\u00eamement pr\u00e9occupante\u00a0\u00bb<\/em> et <em><strong>\u00ab\u00a0une troisi\u00e8me vague extr\u00eamement forte en \u00cele-de-France\u00a0\u00bb<\/strong>. <\/em>La situation s&rsquo;est d\u00e9grad\u00e9e dans de nombreux autres d\u00e9partements : l&rsquo;Ain, les Alpes-de-Haute-Provence, les Ardennes, l&rsquo;Indre-et-Loir, l&rsquo;Is\u00e8re, le Jura, la Loire, la Loz\u00e8re, le Loir-et-Cher, la Marne, la Meuse, l&rsquo;Orne, la Savoie, la Haute-Savoie, le Vaucluse et l&rsquo;Yonne,\u00a0plac\u00e9s ce jeudi sous surveillance renforc\u00e9e.\u00a0Quels sont les <strong>chiffres aujourd&rsquo;hui<\/strong> de l&rsquo;\u00e9pid\u00e9mie ? Combien d&rsquo;hospitalisations, de cas en <strong>r\u00e9animation<\/strong>, de <strong>d\u00e9c\u00e8s <\/strong>?\u00a0<span style=\"font-size: 1rem;\">Que disent les\u00a0<\/span><a data-auth=\"NotApplicable\" href=\"https:\/\/sante.journaldesfemmes.fr\/fiches-maladies\/2667643-carte-covid-19-france-departement-vigilance-10-km-temps-reel-monde-europe-zone-rouge-aujourd-hui-confine\/\" rel=\"noopener noreferrer\" style=\"font-size: 1rem; background-color: rgb(255, 255, 255);\" target=\"_blank\">cartes<\/a><span style=\"font-size: 1rem;\"> de suivi de l&rsquo;\u00e9pid\u00e9mie ? Quels sont les <\/span><a href=\"https:\/\/sante.journaldesfemmes.fr\/fiches-maladies\/2630075-symptomes-coronavirus-covid-19-mal-gorge-rhume-que-faire-variant-premier-apparition-nouveaux-duree\/\" style=\"font-size: 1rem; background-color: rgb(255, 255, 255);\" target=\"_blank\" rel=\"noopener noreferrer\">sympt\u00f4mes du coronavirus<\/a><span style=\"font-size: 1rem;\"> ? Quand <\/span><a href=\"https:\/\/sante.journaldesfemmes.fr\/fiches-maladies\/2621211-isolement-covid-19-coronavirus-duree-10-jours-positif-cas-contact-variant-certificat-attestation\/\" style=\"font-size: 1rem; background-color: rgb(255, 255, 255);\" target=\"_blank\" rel=\"noopener noreferrer\">s&rsquo;isoler et combien de temps<\/a><span style=\"font-size: 1rem;\"> ?\u00a0<\/span><a data-auth=\"NotApplicable\" href=\"https:\/\/sante.journaldesfemmes.fr\/fiches-maladies\/2629823-taux-de-reproduction-covid-france-coronavirus-r0-r-effectif-calcul-carte-evolution-aujourd-hui-definition\/\" rel=\"noopener noreferrer\" style=\"font-size: 1rem; background-color: rgb(255, 255, 255);\" target=\"_blank\">Quel est le taux de R0 du virus<\/a><span style=\"font-size: 1rem;\">\u00a0? Quand est-on <\/span><a href=\"https:\/\/sante.journaldesfemmes.fr\/fiches-maladies\/2679521-contagion-covid-19-combien-de-temps-jours-duree-asymptomatique-symptomes-incubation-contagieux\/\" style=\"font-size: 1rem; background-color: rgb(255, 255, 255);\" target=\"_blank\" rel=\"noopener noreferrer\">contagieux<\/a><span style=\"font-size: 1rem;\"> ? Que sait-on des\u00a0<\/span><a href=\"https:\/\/sante.journaldesfemmes.fr\/fiches-maladies\/2620433-vaccin-coronavirus-covid-19-pfizer-moderna-sanofi-spoutnik-johnson-astrazeneca-france-differences-commande\/\" style=\"font-size: 1rem; background-color: rgb(255, 255, 255);\" target=\"_blank\" rel=\"noopener noreferrer\">vaccins<\/a><span style=\"font-size: 1rem;\">\u00a0? Des\u00a0<\/span><a href=\"https:\/\/sante.journaldesfemmes.fr\/fiches-maladies\/2686947-effets-secondaires-indesirable-vaccin-covid-ansm-france-pfizer-moderna-astrazeneca-2-eme-injection\/\" style=\"font-size: 1rem; background-color: rgb(255, 255, 255);\" target=\"_blank\" rel=\"noopener noreferrer\">effets secondaires<\/a><span style=\"font-size: 1rem;\">\u00a0apr\u00e8s la vaccination ? Chiffres et infos du jour.<\/span><\/p>\n<ul>\n<li><b>Derni\u00e8res annonces du gouvernement.<\/b> Le ministre\u00a0de la sant\u00e9, Olivier V\u00e9ran a annonc\u00e9 jeudi dans son point hebdomadaire\u00a0sur la situation \u00e9pid\u00e9mique en France :<\/li>\n<\/ul>\n<p>\u2192 <strong>Trois nouveaux d\u00e9partements \u00ab\u00a0confin\u00e9s\u00a0\u00bb :<\/strong> <strong>la Ni\u00e8vre, le Rh\u00f4ne et l&rsquo;Aube<\/strong>\u00a0rejoignent la liste des 16\u00a0d\u00e9partements confin\u00e9s depuis la semaine derni\u00e8re. A compter de ce vendredi minuit et pour quatre semaines,\u00a0les m\u00eames mesures de freinage s&rsquo;appliquent : le couvre-feu continue\u00a0de 19\u00a0heures \u00e0 6\u00a0heures. Les rassemblements en ext\u00e9rieur ne doivent pas d\u00e9passer six personnes. Les d\u00e9placements sont autoris\u00e9s de 6\u00a0heures \u00e0 19\u00a0heures\u00a0dans un rayon inf\u00e9rieur \u00e0 10\u00a0km, sans attestation, sans limitation de dur\u00e9e, avec une pi\u00e8ce d&rsquo;identit\u00e9.\u00a0Les d\u00e9placements interr\u00e9gionaux sont interdits, sauf motif imp\u00e9rieux ou professionnel. Les commerces de premi\u00e8re n\u00e9cessit\u00e9 restent ouverts. Les \u00e9coles maternelles et primaires et les coll\u00e8ges restent ouverts, tandis que les lyc\u00e9es passent tous en demi jauge. Les lieux de culte restent ouverts.\u00a0<\/p>\n<p>\u2192<strong> La situation s&rsquo;est d\u00e9grad\u00e9e <\/strong>dans l&rsquo;Ain, les Alpes-de-Haute-Provence, les Ardennes, l&rsquo;Indre-et-Loir, l&rsquo;Is\u00e8re, le Jura, la Loire, la Loz\u00e8re, le Loir-et-Cher, la Marne, la Meuse, l&rsquo;Orne, la Savoie, la Haute-Savoie, le Vaucluse et l&rsquo;Yonne. Ces d\u00e9partements sont plac\u00e9s jeudi sous surveillance renforc\u00e9e.\u00a0<\/p>\n<p>\u2192 <strong>Les rassemblement \u00e0 plus de 6 personnes sont interdits.<\/strong> <em>\u00ab\u00a0Tout simplement parce que m\u00eame si \u00eatre dehors affaiblit le risque, si vous vous retrouvez \u00e0 15\u00a0comme sur les quais, par exemple, en train de partager un moment de convivialit\u00e9, vous allez immanquablement, un moment donn\u00e9, baisser la garde, r\u00e9duire les distances, baisser le masque et pourquoi pas m\u00eame, d&rsquo;ailleurs, trinquer. Bref, vous allez de fait augmenter le risque de vous infecter\u00a0\u00bb<\/em> a d\u00e9taill\u00e9 le ministre.<\/p>\n<p>\u2192 <strong>Les \u00e9coles restent ouvertes.<\/strong> Les \u00e9coles maternelles et primaires,\u00a0les coll\u00e8ges restent ouverts.\u00a0Les lyc\u00e9es passent tous en demi-jauge dans les d\u00e9partements confin\u00e9s.\u00a0Un nouveau protocole renforc\u00e9 est \u00e0 l&rsquo;\u00e9tude avec le\u00a0ministre de l&rsquo;Education, Jean-Michel Blanquer.\u00a0La fermeture des \u00e9coles est\u00a0\u00ab\u00a0une d\u00e9cision de dernier recours\u00a0\u00bb. A date, 2 962 classes et 62 \u00e9coles sont ferm\u00e9es, a indiqu\u00e9 Olivier V\u00e9ran.\u00a0<\/p>\n<p>\u2192<strong> Les malades sont plus jeunes.<\/strong> Le profil des personnes hospitalis\u00e9es a chang\u00e9 : \u00ab\u00a0ces personnes sont plus jeunes en comparaison des donn\u00e9es observ\u00e9es en novembre et en d\u00e9cembre 2020\u00a0\u00bb. La tendance est observ\u00e9e depuis le mois de f\u00e9vrier, li\u00e9e \u00e0 \u00ab\u00a0la dangerosit\u00e9 des variants\u00a0\u00bb.<\/p>\n<p>\u2192<strong> <\/strong><strong>7\u00a0millions de personnes ont \u00e9t\u00e9 vaccin\u00e9es <\/strong>\u00e0 ce jour, dont 2,5\u00a0ayant re\u00e7u les deux doses.\u00a010\u00a0millions de personnes seront vaccin\u00e9es d&rsquo;ici mi-avril.\u00a0<\/p>\n<p>\u2192<strong> <\/strong><strong>Les infirmiers peuvent prescrire et vacciner. <\/strong>A partir de vendredi, les infirmiers pourront\u00a0prescrire les vaccins contre le Covid-19, et non plus seulement les injecter, a annonc\u00e9 Olivier V\u00e9ran jeudi, suite \u00e0 l&rsquo;autorisation donn\u00e9e par\u00a0la Haute autorit\u00e9 de sant\u00e9 (HAS). Les\u00a0dentistes et v\u00e9t\u00e9rinaires pourraient aussi \u00eatre mobilis\u00e9s, a indiqu\u00e9 \u00e9galement le ministre de la Sant\u00e9.<\/p>\n<ul>\n<li><b>Appel aux professionnels\u00a0de\u00a0sant\u00e9. <\/b>Le\u00a0ministre de la sant\u00e9 Olivier V\u00e9ran a\u00a0appel\u00e9 jeudi soir en renfort \u00ab\u00a0<em>tous les \u00e9tudiants en sant\u00e9 et tous les professionnels de sant\u00e9 retrait\u00e9s \u00e0 pr\u00eater main-forte pour la vaccination, dans les h\u00f4pitaux quand ils le peuvent\u00a0\u00bb.<\/em>\u00a0<\/li>\n<li><strong>Mesures renforc\u00e9es dans l&rsquo;Eure.<\/strong> Le pr\u00e9fet de l&rsquo;Eure a indiqu\u00e9 jeudi un renforcement des mesures dans son d\u00e9partement :\u00a0les centres commerciaux de plus de 10 000 m\u00b2, les march\u00e9s, les vides-greniers et brocantes, seront ferm\u00e9s et interdits. Le taux d&rsquo;incidence atteint d\u00e9sormais 375, soit une hausse de 20\u00a0% depuis le 19\u00a0mars, selon le communiqu\u00e9 de la pr\u00e9fecture.<\/li>\n<li><strong>Une 3e vague \u00ab\u00a0extr\u00eamement forte\u00a0\u00bb en Ile-de-France. <\/strong>En d\u00e9placement dans un h\u00f4pital de Melun, jeudi, Jean Castex\u00a0\u00a0a soulign\u00e9 <em>\u00ab\u00a0le nombre de patients \u00ab\u00a0de plus en plus jeunes qui sont admis dans des situations tr\u00e8s graves, ce qui montre que le virus et son variant anglais touchent toute la population\u00a0\u00bb<\/em>.\u00a0Le Premier ministre a d\u00e9crit une<em> \u00ab\u00a0situation extr\u00eamement pr\u00e9occupante\u00a0\u00bb<\/em> et <em>\u00ab\u00a0une troisi\u00e8me vague extr\u00eamement forte en \u00cele-de-France\u00a0\u00bb.<\/em><\/li>\n<li><strong>Roselyne Bachelot sous <a href=\"https:\/\/sante.journaldesfemmes.fr\/fiches-maladies\/2676847-oxygenotherapie-covid-19-a-domicile-indication-masque-materiel-surveillance-bienfaits-definition-hyperbare\/\" target=\"_blank\" rel=\"noopener noreferrer\">oxyg\u00e9noth\u00e9rapie<\/a>.<\/strong> La ministre de la Culture Roselyne Bachelot hospitalis\u00e9e \u00e0 cause de la Covid-19 a \u00e9t\u00e9 plac\u00e9e sous <em>\u00ab\u00a0oxyg\u00e9noth\u00e9rapie renforc\u00e9e\u00a0\u00bb <\/em>a-t-elle indiqu\u00e9\u00a0sur son compte <a href=\"https:\/\/twitter.com\/R_Bachelot\/status\/1375061610302218245\" target=\"_blank\" rel=\"noopener noreferrer\">Twitter<\/a>.\u00a0\u00ab\u00a0Hier soir, elle ne se sentait plus assez bien avec la dose d&rsquo;oxyg\u00e8ne qui lui \u00e9tait d\u00e9livr\u00e9e. Les m\u00e9decins ont par cons\u00e9quent d\u00e9cid\u00e9 de l&rsquo;augmenter\u00a0\u00bb, a d\u00e9clar\u00e9 \u00e0 l&rsquo;AFP un membre de l&rsquo;entourage de Roselyne Bachelot. Cette m\u00eame source a expliqu\u00e9 qu&rsquo;elle \u00ab\u00a0a tenu \u00e0 faire un tweet pour rassurer les personnes qui lui envoient de nombreux messages inquiets.<\/li>\n<\/ul>\n<div class=\"ccminsert\">\n<blockquote class=\"twitter-tweet\">\n<p dir=\"ltr\" lang=\"fr\">Je tenais \u00e0 remercier tous ceux qui mont envoy\u00e9 des messages chaleureux, ils me touchent et me portent!<br \/>Je suis prise en charge par des soignants exceptionnels et b\u00e9n\u00e9ficie d\u00e9sormais dune oxyg\u00e9noth\u00e9rapie renforc\u00e9e.<br \/>Prenez bien soin de vous et de vos proches,<br \/>Roselyne<\/p>\n<p>\u2014 Roselyne Bachelot (@R_Bachelot) <a href=\"https:\/\/twitter.com\/R_Bachelot\/status\/1375061610302218245?ref_src=twsrc%5Etfw\">March 25, 2021<\/a><\/p><\/blockquote>\n<\/div>\n<ul>\n<li><strong>La situation empire dans les Hauts-de-France.\u00a0<\/strong>La situation hospitali\u00e8re reste tr\u00e8s tendue dans les Hauts-de-France avec 60\u00a0\u00e0 70\u00a0personnes qui entrent en r\u00e9animation et soins intensifs Covid chaque jour dans la r\u00e9gion, indique l&rsquo;<a href=\"https:\/\/www.hauts-de-france.ars.sante.fr\/covid-19-une-pression-hospitaliere-au-plus-haut-depuis-la-premiere-vague\" target=\"_blank\" rel=\"noopener noreferrer\">ARS<\/a> jeudi. Pr\u00e8s de 800\u00a0patients (environ 2\/3\u00a0Covid et 1\/3\u00a0non-Covid) actuellement pris en charge pour un capacitaire \u00e0 ce jour de 887\u00a0lits,\u00a0 soit un taux d&rsquo;occupation \u00e0 pr\u00e8s de 90% malgr\u00e9 l&rsquo;ouverture de places suppl\u00e9mentaires.<\/li>\n<li><strong>AstraZeneca efficace \u00e0 76% vs 79%.\u00a0<\/strong>Apr\u00e8s une mise \u00e0 jour de ses donn\u00e9es issues d&rsquo;un essai clinique aux Etats-Unis, au P\u00e9rou et au Chili, AstraZeneca\u00a0a annonc\u00e9, jeudi 25\u00a0mars, que son vaccin contre le\u00a0Covid-19\u00a0est efficace \u00e0 76% contre les cas symptomatiques.\u00a0AstraZeneca\u00a0a \u00e9galement annonc\u00e9 que l&rsquo;efficacit\u00e9 de son vaccin \u00e9tait de 100% pour pr\u00e9venir les cas graves de Covid-19, un chiffre similaire \u00e0 celui annonc\u00e9 pr\u00e9c\u00e9demment.<\/li>\n<li><strong>Les moins de 55\u00a0ans ayant d\u00e9j\u00e0 re\u00e7u une premi\u00e8re dose du vaccin anti-Covid AstraZeneca\u00a0<\/strong>en France ne doivent pas s&rsquo;inqui\u00e9ter quant \u00e0 leur deuxi\u00e8me dose, a affirm\u00e9 la Haute autorit\u00e9 de sant\u00e9, alors que la vaccination chez cette population a \u00e9t\u00e9 interrompue la semaine derni\u00e8re.<\/li>\n<li><strong>Plus besoin de tests pour les routiers venant d&rsquo;Angleterre.\u00a0<\/strong>Les chauffeurs-routiers venant du Royaume-Uni en France n&rsquo;ont plus\u00a0besoin d&rsquo;un test PCR ou antig\u00e9nique\u00a0pour rentrer en France, selon un d\u00e9cret paru mercredi au Journal officiel.\u00a0<\/li>\n<li><strong>Les retards de vaccination vont co\u00fbter cher.\u00a0<\/strong>Le retard pris par l&rsquo;Union europ\u00e9enne sur son calendrier vaccinal pourrait co\u00fbter 123\u00a0milliards d&rsquo;euros en 2021 \u00e0 l&rsquo;Europe, selon un calcul rendu public jeudi par l&rsquo;assureur-cr\u00e9dit Euler Hermes. Pour la France, les experts ont estim\u00e9 que<em>\u00a0\u00ab\u00a0chaque semaine de retard en mati\u00e8re de vaccination pourrait co\u00fbter 3\u00a0milliards d&rsquo;euros \u00e0 l&rsquo;\u00e9conomie fran\u00e7aise\u00a0\u00bb.<\/em><\/li>\n<li><strong>Rassemblement : pas plus de 6 en ext\u00e9rieur. <\/strong>Le ministre de l&rsquo;Int\u00e9rieur, G\u00e9rald Darmanin a inform\u00e9 l&rsquo;ensemble des pr\u00e9fets\u00a0mardi soir que les rassemblements de plus de six personnes en ext\u00e9rieur sont interdits sur tout le territoire. La mesure de freinage de l&rsquo;\u00e9pid\u00e9mie de Covid-19 ne s&rsquo;applique pas seulement aux 16\u00a0d\u00e9partements concern\u00e9s par le \u00ab\u00a0confinement\u00a0\u00bb, a pr\u00e9cis\u00e9 le ministre mercredi soir \u00e0 l&rsquo;AFP.<\/li>\n<li><strong>Liste d&rsquo;attente de vaccination. <\/strong>Environ 1,4\u00a0million personnes (en majorit\u00e9 de 55\u00a0\u00e0 74\u00a0ans, avec des comorbidit\u00e9s), sont inscrites sur les listes d&rsquo;attente dans les pharmacies pour se faire vacciner contre le Covid-19, selon un sondage repris par l&rsquo;Union syndicale des pharmaciens d&rsquo;officine (Uspo).\u00a0<\/li>\n<li><strong>Isolement \u00e0 l&rsquo;a\u00e9roport.<\/strong> Un d\u00e9cret du ministre de l&rsquo;Int\u00e9rieur pr\u00e9sent\u00e9 mercredi en Conseil des ministres, permettrait de placer \u00e0 l&rsquo;isolement les personnes test\u00e9es positives au Covid-19\u00a0\u00e0 leur arriv\u00e9e dans les a\u00e9roports parisiens.<\/li>\n<li><strong>8m\u00b2 par salari\u00e9. <\/strong>Un <a href=\"https:\/\/travail-emploi.gouv.fr\/actualites\/presse\/communiques-de-presse\/article\/covid-19-mise-a-jour-du-protocole-national-en-entreprise\" target=\"_blank\" rel=\"noopener noreferrer\">nouveau protocole<\/a>\u00a0sanitaire en entreprise a \u00e9t\u00e9 publi\u00e9 ce mardi 23\u00a0mars par le minist\u00e8re du Travail. Les nouvelles r\u00e8gles concernent majoritairement les repas et les restaurants d&rsquo;entreprise :\u00a0<strong>utilisation de paniers repas<\/strong> \u00e0 privil\u00e9gier surtout quand le salari\u00e9 a la possibilit\u00e9 de d\u00e9jeuner seul dans son bureau ou dans un espace am\u00e9nag\u00e9 dans le respect des r\u00e8gles sanitaires, si le panier-repas n&rsquo;est pas possible le salari\u00e9 doit d\u00e9jeuner seul en laissant une place libre en face de lui et en respectant un espace de <strong>8m\u00b2 autour de lui<\/strong>, et la mise en place <strong>des plages horaires dans les restaurants collectifs et les cantines<\/strong>\u00a0permettant de limiter au maximum le nombre de personnes pr\u00e9sentes sur place au m\u00eame moment.<\/li>\n<\/ul>\n<figure class=\"image\" style=\"float:right\"><a class=\"fancy\" href=\"https:\/\/img-3.journaldesfemmes.fr\/RrAMaDFSwQTX3jeAhjOiRQnOsoI=\/1080x\/smart\/386ac4491add42c4b31fab38d31d82bc\/ccmcms-jdf\/23399983.jpg\"><img decoding=\"async\" alt=\"Carte du taux d'incidence en France sur 7 jours glissants\" src=\"https:\/\/img-3.journaldesfemmes.fr\/kxTqQgtz-dQjITZ6DBsyMhnB4k0=\/450x\/smart\/386ac4491add42c4b31fab38d31d82bc\/ccmcms-jdf\/23399983.jpg\"\/><\/a><figcaption data-credit=\"Agence France Presse\" data-legend=\"Carte du taux d'incidence en France sur 7 jours glissants\">Carte du taux d&rsquo;incidence en France sur 7 jours glissants au 19 mars\u00a0<small>\u00a9\u00a0Agence France Presse<\/small><\/figcaption><\/figure>\n<p><strong>Le 25 mars 2021, <\/strong>le ministre de la sant\u00e9 Olivier V\u00e9ran a plac\u00e9 trois nouveaux d\u00e9partements sous confinement : <strong>le Rh\u00f4ne, la Ni\u00e8vre et l&rsquo;Aube. <\/strong>Les m\u00eames mesures de freinage de l&rsquo;\u00e9pid\u00e9mie de Covid-19\u00a0territorialis\u00e9es prisent le\u00a018 mars par le Premier ministre Jean Castex et le ministre de la Sant\u00e9 Olivier V\u00e9ran\u00a0s&rsquo;y appliqueront \u00e0 compter de vendredi 27\u00a0mars \u00e0 minuit.\u00a0<em>\u00ab\u00a0<strong>Les r\u00e8gles sont claires,<\/strong> <\/em>avait indiqu\u00e9 Jean Castex le 18 mars dernier.\u00a0<em>Elle s&rsquo;appuient sur un principe de confiance et de responsabilit\u00e9, je dirais m\u00eame de bon sens et certainement pas d&rsquo;infantilisation\u00a0: profitons des espaces ext\u00e9rieurs mais soyons rigoureux pour proscrire les regroupements priv\u00e9s ou dans l&rsquo;espace public.\u00a0\u00bb<\/em><\/p>\n<ul>\n<li><strong>19\u00a0d\u00e9partements<\/strong>\u00a0<strong>sont confin\u00e9s pour 4 semaines\u00a0<\/strong>: les\u00a08\u00a0d\u00e9partements d&rsquo;Ile-de-France, les 5\u00a0d\u00e9partements des Hauts-de-France, les\u00a0Alpes-Maritimes, la Seine-Maritime et l&rsquo;Eure sont confin\u00e9s depuis le 20 mars. Le Rh\u00f4ne, la Ni\u00e8vre et l&rsquo;Aube les rejoignent \u00e0 compter du 27 mars \u00e0 minuit, pour une dur\u00e9e de 4 semaines.<\/li>\n<li><strong>Le dispositif de couvre-feu <\/strong>est maintenu selon les m\u00eames r\u00e8gles qu&rsquo;aujourd&rsquo;hui, dans tous les d\u00e9partements, mais son heure de d\u00e9but a \u00e9t\u00e9 avanc\u00e9e\u00a0<strong>\u00e0 19h00.<\/strong><\/li>\n<li><strong>Le recours au t\u00e9l\u00e9travail<\/strong> est incit\u00e9 par le Premier ministre sur<em> <strong>\u00ab\u00a0au moins 4\u00a0jours sur 5\u00a0\u00bb\u00a0<\/strong><\/em>et sur tout le territoire.<\/li>\n<\/ul>\n<p>Depuis le 20\u00a0mars 2021, un <strong>couvre-feu s&rsquo;applique de 19h \u00e0 6h<\/strong> sur l&rsquo;ensemble du territoire m\u00e9tropolitain et des mesures renforc\u00e9es sont en vigueur tous les jours de la<strong> semaine de 6h \u00e0 19h dans 16\u00a0d\u00e9partements<\/strong> (Aisne, Alpes-Maritimes, Essonne, Eure, Hauts-de-Seine, Nord, Oise, Paris, Pas-de-Calais, Seine-et-Marne, Seine-Saint-Denis, Seine-Maritime, Somme, Val-de-Marne, Val-d&rsquo;Oise et Yvelines). Quand faut-il une attestation ?\u00a0<strong>Dans les 16 d\u00e9partements confin\u00e9s, entre 6h et 19h (couvre-feu), <\/strong><\/p>\n<p>\u25ba Un simple justificatif est n\u00e9cessaire pour faire un d\u00e9placement \u00e0 moins de 10 km autour de son domicile.<\/p>\n<p>\u25ba En revanche, il faut une attestation de d\u00e9placement pour faire un d\u00e9placement de plus de 10 km de son domicile (seuls les d\u00e9placements \u00e0 l&rsquo;int\u00e9rieur du d\u00e9partement ou dans un p\u00e9rim\u00e8tre d\u00e9fini par un rayon de 30\u00a0km autour du lieu de r\u00e9sidence sont autoris\u00e9s)<\/p>\n<p>&gt; <a href=\"https:\/\/media.interieur.gouv.fr\/attestation-deplacement-derogatoire-covid-19\/\" target=\"_blank\" rel=\"noopener noreferrer\">T\u00e9l\u00e9charger\/Remplir l&rsquo;attestation<\/a>\u00a0<\/p>\n<div style=\"text-align:center\">\n<figure class=\"image\" style=\"display:inline-block\"><a class=\"fancy\" href=\"https:\/\/img-3.journaldesfemmes.fr\/xAl8DQtgVWjk1bYZsJ6XXCXSpfQ=\/1080x\/smart\/337fd3911ff745c28f3f4a05a2715f66\/ccmcms-jdf\/23340390.jpg\"><img decoding=\"async\" alt=\" Les r\u00e8gles relatives aux attestations d\u00e9rogatoires de d\u00e9placement\" src=\"https:\/\/img-3.journaldesfemmes.fr\/mm9_u2xDdawDXVYVHRHBx7U91vg=\/600x\/smart\/337fd3911ff745c28f3f4a05a2715f66\/ccmcms-jdf\/23340390.jpg\"\/><\/a><figcaption data-credit=\"Gouvernement.fr\" data-legend=\" Les r\u00e8gles relatives aux attestations d\u00e9rogatoires de d\u00e9placement\">Les r\u00e8gles relatives aux attestations d\u00e9rogatoires de d\u00e9placement <small>\u00a9\u00a0Gouvernement.fr<\/small><\/figcaption><\/figure>\n<\/div>\n<figure class=\"image\" style=\"float:right\"><a class=\"fancy\" href=\"https:\/\/img-3.journaldesfemmes.fr\/6u7Fta531nV0MOBRN6qZMG8_wHs=\/1080x\/smart\/d4c2e682e26f475eb7d860c3aa056e4e\/ccmcms-jdf\/23400297.jpg\"><img decoding=\"async\" alt=\"R\u00e8gles sanitaires \" src=\"https:\/\/img-3.journaldesfemmes.fr\/lFAjZ_7614ddJhtT0Sj9-AsJI4w=\/450x\/smart\/d4c2e682e26f475eb7d860c3aa056e4e\/ccmcms-jdf\/23400297.jpg\"\/><\/a><figcaption data-credit=\"Gouvernement.fr\" data-legend=\"R\u00e8gles dans les zones aux restrictions sanitaires suppl\u00e9mentaires\">R\u00e8gles dans les zones aux restrictions sanitaires suppl\u00e9mentaires <small>\u00a9\u00a0Gouvernement.fr<\/small><\/figcaption><\/figure>\n<p>En raison de la forte progression de l&rsquo;\u00e9pid\u00e9mie de Covid-19\u00a0dans certains territoires, un confinement sept jours sur sept est d\u00e9cr\u00e9t\u00e9 pour 4\u00a0semaines dans les d\u00e9partements de l&rsquo;\u00cele-de-France et des Hauts-de-France, l&rsquo;Eure, la Seine-Maritime,\u00a0les Alpes-Maritimes, la Ni\u00e8vre, le Rh\u00f4ne, l&rsquo;Aube. Dans ces 19\u00a0d\u00e9partements, seuls les commerces de premi\u00e8re n\u00e9cessit\u00e9 peuvent ouvrir, les d\u00e9placements sont autoris\u00e9s dans une limite de 10\u00a0km, sans limite de dur\u00e9e. En revanche, les \u00e9coles restent ouvertes. Dans le reste du pays, le couvre-feu est repouss\u00e9 \u00e0 19h. C&rsquo;est ce qu&rsquo;a annonc\u00e9 le Premier ministre dans sa conf\u00e9rence de presse du 18\u00a0mars\u00a02021.<\/p>\n<p><strong>Les d\u00e9partements concern\u00e9s par les mesures de confinement sont\u00a0:<\/strong><\/p>\n<ul>\n<li>les 8\u00a0d\u00e9partements d&rsquo;\u00cele-de-France\u00a0: Paris (75), Seine-et-Marne (77), Yvelines (78), Essonne (91), Hauts-de-Seine (92), Seine-Saint-Denis (93), Val-de-Marne (94), Val-d&rsquo;Oise (95).<\/li>\n<li>les 5\u00a0d\u00e9partements des Hauts-de-France\u00a0: Aisne (02), Nord (59), Oise (60), Pas-de-Calais (62), Somme (80).<\/li>\n<li>l&rsquo;Eure (27).<\/li>\n<li>la Seine-Maritime (76).<\/li>\n<li>les Alpes-Maritimes (06).<\/li>\n<li>le Rh\u00f4ne (69).<\/li>\n<li>la Ni\u00e8vre (58).<\/li>\n<li>l&rsquo;Aube (10).<\/li>\n<\/ul>\n<h2 id=\"titreChapitre_-260721977518844391\">Les mesures de confinement dans ces 19\u00a0d\u00e9partements<\/h2>\n<p>Depuis le vendredi 18\u00a0mars\u00a02021\u00a0\u00e0 minuit, et \u00e0 partir du 27 mars minuit pour les d\u00e9partements du Rh\u00f4ne, de la Ni\u00e8vre et de l&rsquo;Aube, les mesures de confinement sont les suivantes\u00a0:<\/p>\n<ul>\n<li>Les \u00e9coles maternelles, \u00e9l\u00e9mentaires et les coll\u00e8ges restent ouverts.<\/li>\n<li>Les lyc\u00e9es basculent tous en demi-jauge.<\/li>\n<li>Les universit\u00e9s continuent \u00e0 fonctionner selon le rythme actuellement en vigueur.<\/li>\n<li>L&rsquo;\u00e9ducation physique et sportive (EPS) sur le temps scolaire reprend. Les activit\u00e9s sportives extrascolaires des mineurs sont maintenues.<\/li>\n<li><a data-xiti-name=\"Particuliers::Actualite::Navigation_Directe::Les_lieux_de_culte_resteront_accessibles_dans_les_m\u00eames_conditions\" data-xiti-type=\"exit\" href=\"https:\/\/www.service-public.fr\/particuliers\/actualites\/A14496\" rel=\"noopener noreferrer\" target=\"_blank\">Les lieux de culte restent accessibles dans les m\u00eames conditions<\/a>\u00a0.<\/li>\n<li>Seuls les commerces vendant des biens et des services de premi\u00e8re n\u00e9cessit\u00e9 sont autoris\u00e9s \u00e0 ouvrir dont les libraires et les disquaires (et les rayons vendant ces produits culturels dans les supermarch\u00e9s).<\/li>\n<li>Les promenades autour de chez soi pour s&rsquo;a\u00e9rer ou faire du sport sont autoris\u00e9es sans aucune limitation de dur\u00e9e dans un rayon de 10\u00a0km et \u00e0 condition de se munir d&rsquo;une attestation.<\/li>\n<li>Les d\u00e9placements interr\u00e9gionaux sont interdits sauf motifs imp\u00e9rieux ou professionnels.<\/li>\n<\/ul>\n<h2 id=\"titreChapitre_-6579316438583473917\">Dans les autres d\u00e9partements<\/h2>\n<p>Le couvre-feu est retard\u00e9 d&rsquo;une heure en m\u00e9tropole depuis le samedi 19\u00a0mars\u00a02021\u00a0pour s&rsquo;adapter au passage \u00e0 l&rsquo;heure d&rsquo;\u00e9t\u00e9. Il est pass\u00e9 de 18h \u00e0 19h. Apr\u00e8s 19 heures, il faut\u00a0se munir d&rsquo;une attestation pour justifier son d\u00e9placement.<\/p>\n<p><strong>Selon les derniers chiffres publi\u00e9s par <a href=\"https:\/\/www.santepubliquefrance.fr\/dossiers\/coronavirus-covid-19\/coronavirus-chiffres-cles-et-evolution-de-la-covid-19-en-france-et-dans-le-monde\">Sant\u00e9 publique France<\/a>, au jeudi 25\u00a0mars<\/strong><strong>, en France\u00a0:<\/strong><\/p>\n<p>\u2022 4 424 087\u00a0personnes ont \u00e9t\u00e9 contamin\u00e9es par le coronavirus\u00a0<strong>(+45 641\u00a0en 24\u00a0heures)<\/strong>.<\/p>\n<p>\u2022 93 378\u00a0personnes sont d\u00e9c\u00e9d\u00e9es en France\u00a0<strong>(+225 en 24\u00a0heures),<\/strong><strong>\u00a0<\/strong>dont 67 973 \u00e0 l&rsquo;h\u00f4pital, auxquels se sont ajout\u00e9s 94\u00a0d\u00e9c\u00e8s en Ephad et ESMS entre le 10\u00a0et le 16\u00a0mars.\u00a0<\/p>\n<p>\u2022 4 709 patients Covid-19 sont en r\u00e9animation (+58\u00a0en 24 heures).<\/p>\n<p>\u2022 27 036\u00a0patients Covid-19 sont hospitalis\u00e9s (+160 en 24 heures).<\/p>\n<blockquote>\n<p style=\"text-align: right;\">\u00a0<\/p>\n<\/blockquote>\n<blockquote>\n<p style=\"text-align: right;\">\u00a0<\/p>\n<\/blockquote>\n<p>Dans son dernier bilan hebdomadaire du 18 mars, <a href=\"https:\/\/www.santepubliquefrance.fr\/maladies-et-traumatismes\/maladies-et-infections-respiratoires\/infection-a-coronavirus\/documents\/bulletin-national\/covid-19-point-epidemiologique-du-18-mars-2021\" target=\"_blank\" rel=\"noopener noreferrer\">Sant\u00e9 Publique France<\/a> confirme la d\u00e9gradation de la situation \u00e9pid\u00e9mique en France. En semaine 10 (8-14 mars), l&rsquo;ensemble des indicateurs, d\u00e9j\u00e0 \u00e0 des niveaux \u00e9lev\u00e9s, \u00e9taient \u00e0 la hausse avec notamment une<strong> augmentation de 14% du nombre de nouvelles infections <\/strong>et ce, sur la majeure partie du territoire m\u00e9tropolitain. Elle rapporte :<\/p>\n<ul>\n<li>Augmentation du nombre de nouveaux cas, apr\u00e8s un plateau de deux semaines.<\/li>\n<li>Augmentation du nombre de patients en hospitalisation (+5%) et en services de soins critiques (+11%).<\/li>\n<li>Tendance \u00e0 la hausse de la proportion d&rsquo;hospitalisations et d&rsquo;admission en services de soins critiques chez les jeunes adultes.<\/li>\n<li>Augmentation de la proportion du variant anglais en France (72% des tests positifs \u00e0 un variant), stabilisation des suspicions de variant sud-africain et br\u00e9silien \u00e0 5%.<\/li>\n<li>Mortalit\u00e9 li\u00e9e \u00e0 la COVID-19\u00a0toujours \u00e9lev\u00e9e.<\/li>\n<\/ul>\n<p>Une bonne nouvelle cependant : la poursuite de l&rsquo;am\u00e9lioration de l&rsquo;ensemble des indicateurs chez les personnes de 75\u00a0ans et plus, en coh\u00e9rence avec l&rsquo;augmentation de la couverture vaccinale.<\/p>\n<h3 style=\"text-align: center;\">\u00c9volution des taux d&rsquo;incidence et taux de d\u00e9pistage par semaine, depuis la semaine 23-2020, France (donn\u00e9es au 17\u00a0mars 2021)<\/h3>\n<div style=\"text-align:center\">\n<figure class=\"image\" style=\"display:inline-block\"><a class=\"fancy\" href=\"https:\/\/img-3.journaldesfemmes.fr\/sy08fYoVDrcEtqDReuVlikKE34Y=\/1080x\/smart\/14e718c203b049bcbe4f82f9a4a7a85e\/ccmcms-jdf\/23260508.jpg\"><img decoding=\"async\" alt=\"\u00c9volution des taux d\u2019incidence et taux de d\u00e9pistage covid france\" src=\"https:\/\/img-3.journaldesfemmes.fr\/MBPpq3Kf7YR0QxTHJxsCya3kgyU=\/600x\/smart\/14e718c203b049bcbe4f82f9a4a7a85e\/ccmcms-jdf\/23260508.jpg\"\/><\/a><figcaption data-credit=\"Sant\u00e9 Publique France\" data-legend=\"\u00c9volution des taux d\u2019incidence et taux de d\u00e9pistage par semaine, depuis la semaine 23-2020, France (donn\u00e9es au 17 mars 2021)\">\u00c9volution des taux d\u2019incidence et taux de d\u00e9pistage par semaine, depuis la semaine 23-2020, France (donn\u00e9es au 17 mars 2021) <small>\u00a9\u00a0Sant\u00e9 Publique France<\/small><\/figcaption><\/figure>\n<\/div>\n<p>Le gouvernement suit \u00e9galement l&rsquo;\u00e9volution du taux d&rsquo;occupation des lits en r\u00e9animation par des patients Covid-19 (sur les capacit\u00e9s initiales). Ce taux met en lumi\u00e8re une \u00e9ventuelle tension hospitali\u00e8re.\u00a0<\/p>\n<div style=\"text-align:center\">\n<figure class=\"image\" style=\"display:inline-block\"><a class=\"fancy\" href=\"https:\/\/img-3.journaldesfemmes.fr\/l--SoXy_n__EFox3ouNNWwtyM5U=\/1080x\/smart\/9c723a78c94046e4bf0e0de1bf376332\/ccmcms-jdf\/23428923.png\"><img decoding=\"async\" alt=\"Taux d'occupation des lits en r\u00e9animation au 25 mars par des patients Covid-19\" src=\"https:\/\/img-3.journaldesfemmes.fr\/cu_c8OVfwW-y3JVgNBB8CSLehNQ=\/450x\/smart\/9c723a78c94046e4bf0e0de1bf376332\/ccmcms-jdf\/23428923.png\"\/><\/a><figcaption data-credit=\"Gouvernement.fr\" data-legend=\"Taux d'occupation des lits en r\u00e9animation au 25 mars par des patients Covid-19\">Taux d&rsquo;occupation des lits en r\u00e9animation au 25 mars par des patients Covid-19 <small>\u00a9\u00a0Gouvernement.fr<\/small><\/figcaption><\/figure>\n<\/div>\n<p>Le\u00a0<strong>pic \u00e9pid\u00e9mique<\/strong>\u00a0de la premi\u00e8re vague a \u00e9t\u00e9 observ\u00e9 la\u00a0<strong>semaine du 6\u00a0au 12\u00a0avril<\/strong>, soit 15\u00a0jours\u00a0apr\u00e8s la mise en \u0153uvre des mesures de confinement de la population g\u00e9n\u00e9rale, le 17\u00a0mars 2020. Le <strong>pic de la deuxi\u00e8me vague <\/strong>a eu lieu\u00a0du <strong>16\u00a0au 20\u00a0novembre,\u00a0<\/strong>trois semaines apr\u00e8s le deuxi\u00e8me confinement.<\/p>\n<p>Actuellement, 19\u00a0d\u00e9partements sont particuli\u00e8rement sous tension :\u00a0<\/p>\n<ul>\n<li>les 8\u00a0d\u00e9partements d&rsquo;\u00cele-de-France\u00a0: Paris (75), Seine-et-Marne (77), Yvelines (78), Essonne (91), Hauts-de-Seine (92), Seine-Saint-Denis (93), Val-de-Marne (94), Val-d&rsquo;Oise (95).<\/li>\n<li>les 5\u00a0d\u00e9partements des Hauts-de-France\u00a0: Aisne (02), Nord (59), Oise (60), Pas-de-Calais (62), Somme (80).<\/li>\n<li>l&rsquo;Eure (27).<\/li>\n<li>la Seine-Maritime (76).<\/li>\n<li>les Alpes-Maritimes (06).<\/li>\n<li>le Rh\u00f4ne (69).<\/li>\n<li>la Ni\u00e8vre (58).<\/li>\n<li>l&rsquo;Aube (10).<\/li>\n<\/ul>\n<p><iframe loading=\"lazy\" height=\"600\" src=\"https:\/\/geodes.santepubliquefrance.fr\/?view=map2&amp;indics=sp_ti_tp_7j.tx_pe_gliss&amp;serie=2021-02-15-2021-02-21&amp;lang=fr&amp;iframe=1\" width=\"600\"><\/iframe><\/p>\n<p>Au jeudi 25\u00a0mars 2021, un total de<strong>\u00a04 424 087\u00a0<\/strong><strong>cas\u00a0confirm\u00e9s\u00a0<\/strong>de coronavirus est rapport\u00e9 depuis le d\u00e9but de la pand\u00e9mie (derni\u00e8res donn\u00e9es disponibles).<\/p>\n<p><strong>Sur la semaine 10 (8-14 mars) :<\/strong><\/p>\n<ul>\n<li>les nouveaux cas de Covid ont augment\u00e9 de +14% (169\u00a0470 vs 148\u00a0377 en semaine 9)<\/li>\n<li>le taux d&rsquo;incidence \u00e9tait en augmentation dans toutes les classes d&rsquo;\u00e2ge, except\u00e9 chez les 75\u00a0ans et plus, pour lesquels ce taux \u00e9tait stable. L&rsquo;<strong>augmentation la plus importante \u00e9tait observ\u00e9e chez les 0-14\u00a0ans (27%<\/strong>).<\/li>\n<li>Le taux de d\u00e9pistage \u00e9tait en forte augmentation chez les 0-14\u00a0ans (+65%).<\/li>\n<\/ul>\n<h3 style=\"text-align: center;\">Nombre incident de cas confirm\u00e9s de COVID-19\u00a0par semaine (date de pr\u00e9l\u00e8vement) rapport\u00e9s \u00e0 Sant\u00e9 publique France du 11\u00a0mai 2020\u00a0au 14\u00a0mars 2021, France (donn\u00e9es au 17\u00a0mars 2021)<\/h3>\n<div style=\"text-align:center\">\n<figure class=\"image\" style=\"display:inline-block\"><a class=\"fancy\" href=\"https:\/\/img-3.journaldesfemmes.fr\/1KA1hthqHIIftBL3i6BFsM_od2o=\/1080x\/smart\/b6396ea96de74ce9b1e7d02ddb33890a\/ccmcms-jdf\/23260506.jpg\"><img decoding=\"async\" alt=\"courbe cas covid france\" src=\"https:\/\/img-3.journaldesfemmes.fr\/zS17TRNoLwL0J4RLAoiJbVbtb7w=\/600x\/smart\/b6396ea96de74ce9b1e7d02ddb33890a\/ccmcms-jdf\/23260506.jpg\"\/><\/a><figcaption data-credit=\"Sant\u00e9 publique France\" data-legend=\"Nombre incident de cas confirm\u00e9s de COVID-19 par semaine (date de pr\u00e9l\u00e8vement) rapport\u00e9s \u00e0 Sant\u00e9 publique France du 11 mai 2020 au 14 mars 2021, France (donn\u00e9es au 17 mars 2021)\">Nombre incident de cas confirm\u00e9s de COVID-19 par semaine (date de pr\u00e9l\u00e8vement) rapport\u00e9s \u00e0 Sant\u00e9 publique France du 11 mai 2020 au 14 mars 2021, France (donn\u00e9es au 17 mars 2021) <small>\u00a9\u00a0Sant\u00e9 publique France<\/small><\/figcaption><\/figure>\n<\/div>\n<h3 style=\"text-align: center;\">\u00c9volution du taux d&rsquo;incidence Covid-19\u00a0&#8211; hebdomadaire &#8211; tous \u00e2ges jusqu&rsquo;\u00e0 la semaine 11 (15-21 mars)<\/h3>\n<div style=\"text-align:center\">\n<figure class=\"image\" style=\"display:inline-block\"><a class=\"fancy\" href=\"https:\/\/img-3.journaldesfemmes.fr\/R2gt9NYfwvVMu4kO7pTZllrvZ8o=\/1080x\/smart\/ead14faed9f646ff8e31ff40c22a7769\/ccmcms-jdf\/23424868.jpg\"><img decoding=\"async\" alt=\"Taux d'incidence covid - hebdomadaire - tous \u00e2ges\" src=\"https:\/\/img-3.journaldesfemmes.fr\/R2gt9NYfwvVMu4kO7pTZllrvZ8o=\/1080x\/smart\/ead14faed9f646ff8e31ff40c22a7769\/ccmcms-jdf\/23424868.jpg\"\/><\/a><figcaption data-credit=\"G\u00e9odes\" data-legend=\"Taux d'incidence Covid-19 - hebdomadaire - tous \u00e2ges \">Taux d&rsquo;incidence Covid-19 &#8211; hebdomadaire &#8211; tous \u00e2ges <small>\u00a9\u00a0G\u00e9odes<\/small><\/figcaption><\/figure>\n<\/div>\n<p>Jeudi 25\u00a0mars<strong>\u00a045 641\u00a0nouvelles personnes<\/strong>\u00a0ont re\u00e7u un test positif au Covid-19 par rapport \u00e0 la veille.\u00a0Derni\u00e8res donn\u00e9es disponibles.<\/p>\n<h3 style=\"text-align: center;\">Taux d&rsquo;incidence &#8211; quotidien &#8211; tous \u00e2ges jusqu&rsquo;au 21 mars<\/h3>\n<div style=\"text-align:center\">\n<figure class=\"image\" style=\"display:inline-block\"><a class=\"fancy\" href=\"https:\/\/img-3.journaldesfemmes.fr\/vO2gR_nSQuy7b_Z3GcXu6DndJ-k=\/1080x\/smart\/71e1ba0806f0436fb951e1c5ac3c6cb9\/ccmcms-jdf\/23424893.jpg\"><img decoding=\"async\" alt=\"Taux d'incidence - quotidien - tous \u00e2ges\" src=\"https:\/\/img-3.journaldesfemmes.fr\/vO2gR_nSQuy7b_Z3GcXu6DndJ-k=\/1080x\/smart\/71e1ba0806f0436fb951e1c5ac3c6cb9\/ccmcms-jdf\/23424893.jpg\"\/><\/a><figcaption data-credit=\"G\u00e9odes\" data-legend=\"Taux d'incidence - quotidien - tous \u00e2ges jusqu'au 21 mars\">Taux d&rsquo;incidence &#8211; quotidien &#8211; tous \u00e2ges jusqu&rsquo;au 21 mars <small>\u00a9\u00a0G\u00e9odes<\/small><\/figcaption><\/figure>\n<\/div>\n<p><strong>Jeudi\u00a025\u00a0mars<\/strong><strong>, 4 709 personnes sont\u00a0hospitalis\u00e9es\u00a0en\u00a0r\u00e9animation (+58\u00a0au cours des derni\u00e8res 24 heures). <\/strong>La tension sur le syst\u00e8me hospitalier continue de s&rsquo;accentuer et est critique dans certaines r\u00e9gions, confirme Sant\u00e9 Publique France dans son point hebdomadaire du 18 mars.<em>\u00ab\u00a0On observe en particulier une tendance \u00e0 la hausse de la proportion d&rsquo;hospitalisations et d&rsquo;admission en services de soins critiques chez les jeunes adultes\u00a0\u00bb <\/em>pr\u00e9vient l&rsquo;agence.<\/p>\n<div style=\"text-align:center\">\n<figure class=\"image\" style=\"display:inline-block\"><a class=\"fancy\" href=\"https:\/\/img-3.journaldesfemmes.fr\/jegqXEisBMhFWbDeMXhp3QaTgyk=\/1080x\/smart\/947ce276717740449ec971381baf20ea\/ccmcms-jdf\/23260719.jpg\"><img decoding=\"async\" alt=\"Nombre de patients COVID-19 en services de r\u00e9animation, par date de d\u00e9claration, depuis le 23 mars 2020, France (donn\u00e9es au 16 mars 2021)\" src=\"https:\/\/img-3.journaldesfemmes.fr\/jegqXEisBMhFWbDeMXhp3QaTgyk=\/1080x\/smart\/947ce276717740449ec971381baf20ea\/ccmcms-jdf\/23260719.jpg\"\/><\/a><figcaption data-credit=\"Sant\u00e9 publique France\" data-legend=\"Nombre de patients COVID-19 en services de r\u00e9animation, par date de d\u00e9claration, depuis le 23 mars 2020, France (donn\u00e9es au 16 mars 2021)\">Nombre de patients COVID-19 en services de r\u00e9animation, par date de d\u00e9claration, depuis le 23 mars 2020, France (donn\u00e9es au 16 mars 2021) <small>\u00a9\u00a0Sant\u00e9 publique France<\/small><\/figcaption><\/figure>\n<\/div>\n<p>Selon les <a href=\"https:\/\/www.gouvernement.fr\/info-coronavirus\/carte-et-donnees\" target=\"_blank\" rel=\"noopener noreferrer\">chiffres communiqu\u00e9s par le gouvernement<\/a>, consolid\u00e9s avec l&rsquo;Agence Sant\u00e9 Publique France et\u00a0les ARS (Agences r\u00e9gionales de Sant\u00e9), voici l&rsquo;\u00e9volution des hospitalisations (dont la r\u00e9animation) et des d\u00e9c\u00e8s\u00a0en France par r\u00e9gion.<\/p>\n<h3><a id=\"cas-covid-19-tableau-par-region\" name=\"cas-covid-19-tableau-par-region\">Evolution des hospitalisations (dont en r\u00e9animation) et d\u00e9c\u00e8s \u00e0 l&rsquo;h\u00f4pital du Covid-19\u00a0par r\u00e9gion au 25\u00a0mars<\/a><\/h3>\n<table border=\"1\" cellpadding=\"1\" cellspacing=\"1\" style=\"width:100%;\">\n<thead>\n<tr>\n<th scope=\"col\" style=\"width: 199px;\">R\u00e9gions<\/th>\n<th scope=\"col\" style=\"width: 162px; text-align: center;\">Hospitalisations en cours<\/th>\n<th scope=\"col\" style=\"width: 143px; text-align: center;\">Evolution des nouveaux patients sur les\u00a0 derni\u00e8res 24\u00a0H<\/th>\n<th scope=\"col\" style=\"width: 149px; text-align: center;\">R\u00e9animation Soins intensif<\/th>\n<th scope=\"col\" style=\"width: 155px; text-align: center;\">Evolution des nouveaux patients sur les\u00a0 derni\u00e8res 24\u00a0H<\/th>\n<th scope=\"col\" style=\"width: 220px; text-align: center;\">D\u00e9c\u00e8s<\/th>\n<\/tr>\n<tr>\n<td style=\"width: 199px;\"><b>\u00cele-de-France<\/b><\/td>\n<td style=\"width: 162px;\">6 796<\/td>\n<td style=\"width: 143px;\">-28<\/td>\n<td style=\"width: 149px;\">1 407<\/td>\n<td style=\"width: 155px;\">-14<\/td>\n<td style=\"width: 220px;\">16 358<\/td>\n<\/tr>\n<tr>\n<td style=\"width: 199px;\"><strong>Grand Est<\/strong><\/td>\n<td style=\"width: 162px;\">2 446<\/td>\n<td style=\"width: 143px;\">+4<\/td>\n<td style=\"width: 149px;\">417<\/td>\n<td style=\"width: 155px;\">+12<\/td>\n<td style=\"width: 220px;\">8 685<\/td>\n<\/tr>\n<tr>\n<td style=\"width: 199px;\"><strong>Auvergne-Rh\u00f4ne-Alpes<\/strong><\/td>\n<td style=\"width: 162px;\">3 202<\/td>\n<td style=\"width: 143px;\">-48<\/td>\n<td style=\"width: 149px;\">474<\/td>\n<td style=\"width: 155px;\">+4<\/td>\n<td style=\"width: 220px;\">9 771<\/td>\n<\/tr>\n<tr>\n<td style=\"width: 199px;\"><strong>Hauts-de-France<\/strong><\/td>\n<td style=\"width: 162px;\">3 308<\/td>\n<td style=\"width: 143px;\">+11<\/td>\n<td style=\"width: 149px;\">605<\/td>\n<td style=\"width: 155px;\">+18<\/td>\n<td style=\"width: 220px;\">7 060<\/td>\n<\/tr>\n<tr>\n<td style=\"width: 199px;\"><strong>Bourgogne-Franche-Comt\u00e9<\/strong><\/td>\n<td style=\"width: 162px;\">1 190<\/td>\n<td style=\"width: 143px;\">-23<\/td>\n<td style=\"width: 149px;\">\n<p>146<\/p>\n<\/td>\n<td style=\"width: 155px;\">-3<\/td>\n<td style=\"width: 220px;\">4 036<\/td>\n<\/tr>\n<tr>\n<td style=\"width: 199px;\"><strong>Provence-Alpes-C\u00f4te d&rsquo;Azur<\/strong><\/td>\n<td style=\"width: 162px;\">3 058<\/td>\n<td style=\"width: 143px;\">-12<\/td>\n<td style=\"width: 149px;\">505<\/td>\n<td style=\"width: 155px;\">-1<\/td>\n<td style=\"width: 220px;\">6 513<\/td>\n<\/tr>\n<tr>\n<td style=\"width: 199px;\"><strong>Occitanie<\/strong><\/td>\n<td style=\"width: 162px;\">1 493<\/td>\n<td style=\"width: 143px;\">-17<\/td>\n<td style=\"width: 149px;\">308<\/td>\n<td style=\"width: 155px;\">+4<\/td>\n<td style=\"width: 220px;\">3 518<\/td>\n<\/tr>\n<tr>\n<td style=\"width: 199px;\"><strong>Bretagne<\/strong><\/td>\n<td style=\"width: 162px;\">687<\/td>\n<td style=\"width: 143px;\">-15<\/td>\n<td style=\"width: 149px;\">93<\/td>\n<td style=\"width: 155px;\">+4<\/td>\n<td style=\"width: 220px;\">1 287<\/td>\n<\/tr>\n<tr>\n<td style=\"width: 199px;\"><strong>Nouvelle-Aquitaine<\/strong><\/td>\n<td style=\"width: 162px;\">1 102<\/td>\n<td style=\"width: 143px;\">-47<\/td>\n<td style=\"width: 149px;\">201<\/td>\n<td style=\"width: 155px;\">-5<\/td>\n<td style=\"width: 220px;\">3 109<\/td>\n<\/tr>\n<tr>\n<td style=\"width: 199px;\"><strong><a href=\"http:\/\/www.affinite.fr\/index.php\/2024\/11\/21\/construire-votre-maison-en-normandie\/\">Normandie<\/a><\/strong><\/td>\n<td style=\"width: 162px;\">1 400<\/td>\n<td style=\"width: 143px;\">\n<p>-63<\/p>\n<\/td>\n<td style=\"width: 149px;\">173<\/td>\n<td style=\"width: 155px;\">-5<\/td>\n<td style=\"width: 220px;\">2 527<\/td>\n<\/tr>\n<tr>\n<td style=\"width: 199px;\"><strong>Centre Val-de-Loire<\/strong><\/td>\n<td style=\"width: 162px;\">1 027<\/td>\n<td style=\"width: 143px;\">-18<\/td>\n<td style=\"width: 149px;\">146<\/td>\n<td style=\"width: 155px;\">-1<\/td>\n<td style=\"width: 220px;\">2 185<\/td>\n<\/tr>\n<tr>\n<td style=\"width: 199px;\"><strong>Pays de la Loire<\/strong><\/td>\n<td style=\"width: 162px;\">846<\/td>\n<td style=\"width: 143px;\">-8<\/td>\n<td style=\"width: 149px;\">120<\/td>\n<td style=\"width: 155px;\">+9<\/td>\n<td style=\"width: 220px;\">2 208<\/td>\n<\/tr>\n<tr>\n<td style=\"width: 199px;\"><strong>Corse<\/strong><\/td>\n<td style=\"width: 162px;\">129<\/td>\n<td style=\"width: 143px;\">NC<\/td>\n<td style=\"width: 149px;\">13<\/td>\n<td style=\"width: 155px;\">+1<\/td>\n<td style=\"width: 220px;\">162<\/td>\n<\/tr>\n<tr>\n<td style=\"width: 199px;\"><strong>Martinique<\/strong><\/td>\n<td style=\"width: 162px;\">38<\/td>\n<td style=\"width: 143px;\">NC<\/td>\n<td style=\"width: 149px;\">10<\/td>\n<td style=\"width: 155px;\">NC<\/td>\n<td style=\"width: 220px;\">50<\/td>\n<\/tr>\n<tr>\n<td style=\"width: 199px;\"><strong>Guadeloupe<\/strong><\/td>\n<td style=\"width: 162px;\">60<\/td>\n<td style=\"width: 143px;\">+4<\/td>\n<td style=\"width: 149px;\">13<\/td>\n<td style=\"width: 155px;\">NC<\/td>\n<td style=\"width: 220px;\">191<\/td>\n<\/tr>\n<tr>\n<td style=\"width: 199px;\"><strong>La R\u00e9union<\/strong><\/td>\n<td style=\"width: 162px;\">167<\/td>\n<td style=\"width: 143px;\">-8<\/td>\n<td style=\"width: 149px;\">55<\/td>\n<td style=\"width: 155px;\">+1<\/td>\n<td style=\"width: 220px;\">113<\/td>\n<\/tr>\n<tr>\n<td style=\"width: 199px;\"><strong>Guyane<\/strong><\/td>\n<td style=\"width: 162px;\">16<\/td>\n<td style=\"width: 143px;\">NC<\/td>\n<td style=\"width: 149px;\">\n<p>7<\/p>\n<\/td>\n<td style=\"width: 155px;\">NC<\/td>\n<td style=\"width: 220px;\">85<\/td>\n<\/tr>\n<tr>\n<td style=\"width: 199px;\"><strong>Mayotte<\/strong><\/td>\n<td style=\"width: 162px;\">71<\/td>\n<td style=\"width: 143px;\">-2<\/td>\n<td style=\"width: 149px;\">16<\/td>\n<td style=\"width: 155px;\">\n<p>NC<\/p>\n<\/td>\n<td style=\"width: 220px;\">115<\/td>\n<\/tr>\n<tr>\n<td style=\"width: 199px;\"><strong>TOTAL<\/strong><\/td>\n<td style=\"width: 162px;\"><strong>27 036<\/strong><\/td>\n<td style=\"width: 143px;\">-270<\/td>\n<td style=\"width: 149px;\"><b>4 709<\/b><\/td>\n<td style=\"width: 155px;\">+24<\/td>\n<td style=\"width: 220px;\">\n<p><b>67 973<\/b><\/p>\n<\/td>\n<\/tr>\n<\/thead>\n<\/table>\n<p><strong>93 378 d\u00e9c\u00e8s sont recens\u00e9s au 25\u00a0mars\u00a0<\/strong>dont 67 973 \u00e0 l&rsquo;h\u00f4pital\u00a0(+225 au cours des 24 derni\u00e8res heures), selon les chiffres de Sant\u00e9 publique France.\u00a0En France, depuis le d\u00e9but de l&rsquo;\u00e9pid\u00e9mie, 1\u00a0personne sur 1000\u00a0est morte du fait de la Covid-19, indique la <a href=\"https:\/\/www.has-sante.fr\/jcms\/p_3234447\/fr\/covid-19-se-vacciner-decider-avec-son-medecin\" target=\"_blank\" rel=\"noopener noreferrer\">Haute Autorit\u00e9 de Sant\u00e9<\/a> le 29 janvier.\u00a0Les personnes les plus gravement touch\u00e9es par cette \u00e9pid\u00e9mie restent les personnes \u00e2g\u00e9es de 65\u00a0ans et plus ainsi que celles pr\u00e9sentant des comorbidit\u00e9s. 94% des cas de Covid-19\u00a0d\u00e9c\u00e9d\u00e9s \u00e9taient \u00e2g\u00e9s de 65\u00a0ans ou plus. Par ailleurs, la part des d\u00e9c\u00e8s Covid\u00a0est de 54% chez les hommes pour 46% chez les femmes.<\/p>\n<div style=\"text-align:center\">\n<figure class=\"image\" style=\"display:inline-block\"><a class=\"fancy\" href=\"https:\/\/img-3.journaldesfemmes.fr\/h-JUYKW66390SwTayyRLErsBs-4=\/1080x\/smart\/f3d06574103d4abd98f14fe6624a0e93\/ccmcms-jdf\/23260894.jpg\"><img decoding=\"async\" alt=\"Nombre hebdomadaire de nouveaux d\u00e9c\u00e8s de patients COVID-19 selon la date de d\u00e9claration, depuis le 23 mars 2020, France (donn\u00e9es au 28 f\u00e9vrier 2021)\" src=\"https:\/\/img-3.journaldesfemmes.fr\/h-JUYKW66390SwTayyRLErsBs-4=\/1080x\/smart\/f3d06574103d4abd98f14fe6624a0e93\/ccmcms-jdf\/23260894.jpg\"\/><\/a><figcaption data-credit=\"Sant\u00e9 publique France\" data-legend=\"Nombre hebdomadaire de nouveaux d\u00e9c\u00e8s de patients COVID-19 selon la date de d\u00e9claration, depuis le 23 mars 2020, France (donn\u00e9es au 14 mars 2021)\">Nombre hebdomadaire de nouveaux d\u00e9c\u00e8s de patients COVID-19 selon la date de d\u00e9claration, depuis le 23 mars 2020, France (donn\u00e9es au 14 mars 2021) <small>\u00a9\u00a0Sant\u00e9 publique France<\/small><\/figcaption><\/figure>\n<\/div>\n<aside id=\"NL_839004239\" class=\"newsletter_subscription jNlBlock\"><noscript><br \/>\n            <\/noscript><\/p>\n<h3 class=\"newsletter_subscription-title\">Newsletter <\/h3>\n<p><a href=\"\/\/mailing.ccmbg.com\/archive\/last-85\" target=\"_blank\" class=\"a_hover\" rel=\"noopener noreferrer\">Voir un exemple<\/a><\/p>\n<\/aside>\n<p>La France a franchi la barre des 40 000 morts samedi 7 novembre 2020,\u00a0celle des 50 000 le 24 novembre,\u00a0celle des 60 000 le 18 d\u00e9cembre et celle des 90 000 le 12 mars 2021.\u00a0<strong>Un pic de mortalit\u00e9 a \u00e9t\u00e9 atteint\u00a0le 9\u00a0novembre 2020\u00a0<\/strong>(40 987\u00a0morts, dont 548 en 24 heures).\u00a0<\/p>\n<p><iframe loading=\"lazy\" height=\"1000\" src=\"https:\/\/mapthenews.maps.arcgis.com\/apps\/opsdashboard\/index.html#\/bae8aaa7a0b14261b4621c31db410c44\" style=\"border: 0px\" width=\"600\"><\/iframe><\/p>\n<section>\n<blockquote>\n<p style=\"text-align: right;\">\u00a0<\/p>\n<\/blockquote>\n<p>Le taux de reproduction du virus<strong> repasse au-dessus de 1<\/strong> : 1.12\u00a0le 13 mars ce qui signifie que l&rsquo;\u00e9pid\u00e9mie reste \u00e0 un niveau \u00e9lev\u00e9 puisqu&rsquo;un malade du Covid-19 en contamine plus d&rsquo;un. Les taux de reproduction du virus appel\u00e9s \u00ab\u00a0R-effectifs\u00a0\u00bb ou \u00ab\u00a0Reff\u00a0\u00bb\u00a0permettent de d\u00e9crire la dynamique de l&rsquo;\u00e9pid\u00e9mie\u00a0: lorsque le Reff est significativement sup\u00e9rieur \u00e0 1, ceci signifie que l&rsquo;\u00e9pid\u00e9mie est en progression, lorsqu&rsquo;il est \u00e9gal \u00e0 1, l&rsquo;\u00e9pid\u00e9mie se stabilise, lorsqu&rsquo;il est significativement inf\u00e9rieur \u00e0 1, l&rsquo;\u00e9pid\u00e9mie r\u00e9gresse.\u00a0<\/p>\n<p>Le d\u00e9pistage du Covid-19 est r\u00e9alis\u00e9 en France par RT-PCT et par tests antig\u00e9niques. Depuis le 11 f\u00e9vrier, les tests salivaires sont d\u00e9ploy\u00e9s dans les\u00a0\u00e9tablissements scolaires et peuvent \u00eatre utilis\u00e9s en premi\u00e8re intention pour d\u00e9pister la Covid-19, conform\u00e9ment aux recommandations de la <a href=\"https:\/\/www.has-sante.fr\/jcms\/p_3237053\/fr\/tests-rt-pcr-salivaires-la-has-etend-leur-utilisation-et-definit-les-modalites-pratiques-de-realisation\" target=\"_blank\" rel=\"noopener noreferrer\">HAS<\/a>. Au 24\u00a0mars, le taux de positivit\u00e9 national s&rsquo;\u00e9tablit \u00e0<strong>\u00a07,9%.<\/strong>\u00a0<em>\u00ab\u00a0Il reste d\u00e9terminant que chaque personne pr\u00e9sentant des sympt\u00f4mes \u00e9vocateurs de COVID-19\u00a0s&rsquo;isole imm\u00e9diatement et r\u00e9alise un test diagnostique dans les plus brefs d\u00e9lais\u00a0\u00bb<\/em> rappelle Sant\u00e9 Publique France dans ses bulletins hebdomadaires.<\/p>\n<p>Si au d\u00e9but, on ne parlait que de fi\u00e8vre, toux s\u00e8che, rhume, \u00e9tat grippal et de fatigue, les sympt\u00f4mes de l&rsquo;infection par le coronavirus ont \u00e9volu\u00e9. On sait d\u00e9sormais que le virus peut avoir des <strong>effets sur la peau<\/strong> (urticaire, l\u00e9sions inflammatoires sur les orteils), la sph\u00e8re digestive (vomissements, diarrh\u00e9es&#8230;), <strong>l&rsquo;odorat<\/strong>, le <strong>go\u00fbt <\/strong>et m\u00eame le cerveau.<em> <\/em><\/p>\n<p>\u2192<strong> Chaque personne pr\u00e9sentant des sympt\u00f4mes \u00e9vocateurs de COVID-19 doit s&rsquo;isoler imm\u00e9diatement et r\u00e9aliser un test diagnostique<\/strong> dans les plus brefs d\u00e9lais (sans avoir d&rsquo;ordonnance).<\/p>\n<p>\u2192<strong> <\/strong><strong>Appeler le\u00a015\u00a0en cas de\u00a0difficult\u00e9s respiratoires\u00a0: \u00ab\u00a0<\/strong><em>Si la toux et la\u00a0fi\u00e8vre s&rsquo;accompagnent d&rsquo;une g\u00eane respiratoire qui devient permanente avec souffle court, difficult\u00e9 \u00e0 inspirer et \u00e0 expirer, d&rsquo;une aggravation importante de la toux, cela peut signifier une \u00e9volution de la maladie sous la forme d&rsquo;une pneumopathie. Il s&rsquo;agit alors d&rsquo;une urgence respiratoire potentielle et comme dans tous les cas d&rsquo;urgence, il faut alors appeler le 15\u00a0qui prendra les meilleures dispositions pour r\u00e9pondre \u00e0 la situation\u00a0\u00bb, <\/em>pr\u00e9vient le Dr\u00a0Patrick Aub\u00e9, m\u00e9decin g\u00e9n\u00e9raliste. \u00a0<\/p>\n<div class=\"ccminsert\">\n<aside class=\"app_widget_fo app_widget_fo--list app_widget_fo--list-2-col\">\n<ul>\n<li>\n<h3>\n                    <a href=\"https:\/\/sante.journaldesfemmes.fr\/fiches-maladies\/2665621-angine-ou-covid-19-symptomes-signes-fievre-mal-gorge-test-difference-contagion\/\" class=\"jGTMWidgetGAEventClick\" data-gtmwidgetgaeventaction=\"clickWidgetListOnTwoColumns\" data-gtmwidgetgaeventlabel=\"Angine ou Covid-19\u00a0: sympt\u00f4mes, diff\u00e9rences, test, contagion\"><br \/>\n                        Angine ou Covid-19\u00a0: sympt\u00f4mes, diff\u00e9rences, test, contagion<br \/>\n                    <\/a><br \/>\n                <\/h3>\n<\/li>\n<li>\n<h3>\n                    <a href=\"https:\/\/sante.journaldesfemmes.fr\/fiches-maladies\/2701631-probleme-maladie-foie-covid-atteinte-cancer-complication-sequelles-symptomes-risque-vaccination\/\" class=\"jGTMWidgetGAEventClick\" data-gtmwidgetgaeventaction=\"clickWidgetListOnTwoColumns\" data-gtmwidgetgaeventlabel=\"Probl\u00e8me au foie et Covid\u00a0: risques, s\u00e9quelles, vaccination\"><br \/>\n                        Probl\u00e8me au foie et Covid\u00a0: risques, s\u00e9quelles, vaccination<br \/>\n                    <\/a><br \/>\n                <\/h3>\n<\/li>\n<li>\n<h3>\n                    <a href=\"https:\/\/sante.journaldesfemmes.fr\/fiches-maladies\/2701633-fievre-covid-duree-obligatoire-que-faire-que-prendre-combien-temperature\/\" class=\"jGTMWidgetGAEventClick\" data-gtmwidgetgaeventaction=\"clickWidgetListOnTwoColumns\" data-gtmwidgetgaeventlabel=\"Fi\u00e8vre et Covid\u00a0: dur\u00e9e, temp\u00e9rature, est-ce obligatoire\u00a0?\"><br \/>\n                        Fi\u00e8vre et Covid\u00a0: dur\u00e9e, temp\u00e9rature, est-ce obligatoire\u00a0?<br \/>\n                    <\/a><br \/>\n                <\/h3>\n<\/li>\n<li>\n<h3>\n                    <a href=\"https:\/\/sante.journaldesfemmes.fr\/fiches-maladies\/2696267-covid-long-c-est-quoi-symptomes-contagieux-fatigue-prise-en-charge-france-traitement\/\" class=\"jGTMWidgetGAEventClick\" data-gtmwidgetgaeventaction=\"clickWidgetListOnTwoColumns\" data-gtmwidgetgaeventlabel=\"Covid long\u00a0: sympt\u00f4mes, est-on contagieux, quel traitement\u00a0?\"><br \/>\n                        Covid long\u00a0: sympt\u00f4mes, est-on contagieux, quel traitement\u00a0?<br \/>\n                    <\/a><br \/>\n                <\/h3>\n<\/li>\n<li>\n<h3>\n                    <a href=\"https:\/\/sante.journaldesfemmes.fr\/fiches-maladies\/2661241-rhume-ou-covid-19-symptomes-tableau-differences-ecole-que-faire-comment-savoir-travail\/\" class=\"jGTMWidgetGAEventClick\" data-gtmwidgetgaeventaction=\"clickWidgetListOnTwoColumns\" data-gtmwidgetgaeventlabel=\"Rhume ou Covid-19\u00a0: sympt\u00f4mes, tableau, \u00e9cole, que faire\u00a0?\"><br \/>\n                        Rhume ou Covid-19\u00a0: sympt\u00f4mes, tableau, \u00e9cole, que faire\u00a0?<br \/>\n                    <\/a><br \/>\n                <\/h3>\n<\/li>\n<li>\n<h3>\n                    <a href=\"https:\/\/sante.journaldesfemmes.fr\/fiches-maladies\/2626825-covid-ou-allergie-pollen-coronavirus-asthme-symptomes-toux-yeux-traitement\/\" class=\"jGTMWidgetGAEventClick\" data-gtmwidgetgaeventaction=\"clickWidgetListOnTwoColumns\" data-gtmwidgetgaeventlabel=\"Covid ou allergie au pollen\u00a0: sympt\u00f4mes, diff\u00e9rences, traitements\"><br \/>\n                        Covid ou allergie au pollen\u00a0: sympt\u00f4mes, diff\u00e9rences, traitements<br \/>\n                    <\/a><br \/>\n                <\/h3>\n<\/li>\n<li>\n<h3>\n                    <a href=\"https:\/\/sante.journaldesfemmes.fr\/fiches-maladies\/2676955-covid-19-ou-gastro-enterite-difference-symptomes-fievre-diarrhee-que-faire-complications\/\" class=\"jGTMWidgetGAEventClick\" data-gtmwidgetgaeventaction=\"clickWidgetListOnTwoColumns\" data-gtmwidgetgaeventlabel=\"Covid\u00a0ou gastro-ent\u00e9rite\u00a0: sympt\u00f4mes, quelles diff\u00e9rences\u00a0?\"><br \/>\n                        Covid\u00a0ou gastro-ent\u00e9rite\u00a0: sympt\u00f4mes, quelles diff\u00e9rences\u00a0?<br \/>\n                    <\/a><br \/>\n                <\/h3>\n<\/li>\n<li>\n<h3>\n                    <a href=\"https:\/\/sante.journaldesfemmes.fr\/fiches-sante-du-quotidien\/2627543-perte-gout-agueusie-covid-19-def-duree-cause-partielle-traitement-soigner\/\" class=\"jGTMWidgetGAEventClick\" data-gtmwidgetgaeventaction=\"clickWidgetListOnTwoColumns\" data-gtmwidgetgaeventlabel=\"Perte du go\u00fbt (agueusie)\u00a0: dur\u00e9e, Covid, comment soigner\u00a0?\"><br \/>\n                        Perte du go\u00fbt (agueusie)\u00a0: dur\u00e9e, Covid, comment soigner\u00a0?<br \/>\n                    <\/a><br \/>\n                <\/h3>\n<\/li>\n<li>\n<h3>\n                    <a href=\"https:\/\/sante.journaldesfemmes.fr\/fiches-maladies\/2683439-symptomes-covid-19-coronavirus-boutons-visage-corps-dermatologiques-peau-bras-pieds-engelure\/\" class=\"jGTMWidgetGAEventClick\" data-gtmwidgetgaeventaction=\"clickWidgetListOnTwoColumns\" data-gtmwidgetgaeventlabel=\"Sympt\u00f4mes Covid sur la peau\u00a0: engelures, boutons, quand consulter\u00a0?\"><br \/>\n                        Sympt\u00f4mes Covid sur la peau\u00a0: engelures, boutons, quand consulter\u00a0?<br \/>\n                    <\/a><br \/>\n                <\/h3>\n<\/li>\n<li>\n<h3>\n                    <a href=\"https:\/\/sante.journaldesfemmes.fr\/fiches-maladies\/2630069-coronavirus-covid-19-cerveau-symptomes-sequelles-odorat-effet-lesion-attaque\/\" class=\"jGTMWidgetGAEventClick\" data-gtmwidgetgaeventaction=\"clickWidgetListOnTwoColumns\" data-gtmwidgetgaeventlabel=\"Coronavirus\u00a0et cerveau\u00a0: effets, quels sympt\u00f4mes\u00a0?\"><br \/>\n                        Coronavirus\u00a0et cerveau\u00a0: effets, quels sympt\u00f4mes\u00a0?<br \/>\n                    <\/a><br \/>\n                <\/h3>\n<\/li>\n<\/ul>\n<\/aside>\n<\/div>\n<p>La vaccination contre la Covid-19 se poursuit en France avec les vaccins Pfizer-BioNTech,\u00a0Moderna et AstraZeneca (chez les m\u00e9decins g\u00e9n\u00e9ralistes,\u00a0au travail et en pharmacie). La prise de<strong> rendez-vous<\/strong> est ouverte<b> <\/b>sur les sites Internet <strong>Doctolib, Maiia et KelDoc<\/strong> et peut aussi se faire en contactant par t\u00e9l\u00e9phone le <strong>centre de vaccination<\/strong> le plus proche de chez soi (liste disponible sur\u00a0<a href=\"https:\/\/www.sante.fr\/centres-vaccination-covid.html\" target=\"_blank\" rel=\"noopener noreferrer\">Sante.fr<\/a>).\u00a0En cas de difficult\u00e9, le num\u00e9ro vert national :<strong> 0\u00a0800\u00a0009\u00a0110<\/strong>,\u00a0permet d&rsquo;\u00eatre redirig\u00e9 vers le standard t\u00e9l\u00e9phonique d&rsquo;un centre ou d&rsquo;obtenir un accompagnement \u00e0 la prise de rendez-vous.<\/p>\n<div class=\"ccminsert\">\n<aside class=\"app_widget_fo app_widget_fo--call\">\n<ul>\n<li>\n                <a href=\"https:\/\/sante.journaldesfemmes.fr\/fiches-maladies\/2620433-vaccin-coronavirus-covid-19-pfizer-moderna-sanofi-spoutnik-johnson-astrazeneca-france-differences-commande\/\" class=\"jGTMWidgetGAEventClick\" data-gtmwidgetgaeventaction=\"clickWidgetCall\" data-gtmwidgetgaeventlabel=\"Vaccin Covid-19\u00a0: Pfizer, AstraZeneca, Moderna, lequel choisir\u00a0?\"><\/p>\n<figure><picture><source media=\"(max-width: 480px)\" srcset=\"https:\/\/img-3.journaldesfemmes.fr\/zAycmxzqV_1BXeZ9t1uXJVcPF-0=\/160x105\/smart\/3a4461a52d1f422da2e68fb882788b2d\/ccmcms-jdf\/23426514.jpg\"><img decoding=\"async\" src=\"https:\/\/img-3.journaldesfemmes.fr\/QWGxxW-TWC0Bl8WsC7UIx8Nt6XM=\/200x132\/smart\/3a4461a52d1f422da2e68fb882788b2d\/ccmcms-jdf\/23426514.jpg\" alt=\"\"\/><\/source><\/picture><figcaption>\n<h3>Vaccin Covid-19\u00a0: Pfizer, AstraZeneca, Moderna, lequel choisir\u00a0?<\/h3>\n<p>Les vaccins contre la Covid-19\u00a0de Pfizer-BioNTech, Moderna et AstraZeneca continuent d&rsquo;\u00eatre administr\u00e9s en Europe. La vaccin de Johnson&amp;Johnson, \u00e0 dose unique, devrait arriver en avril. Efficacit\u00e9, diff\u00e9rences, noms des vaccins, effets secondaires, principe, doses, \u00e2ge, choix&#8230; Derni\u00e8res infos.<\/p>\n<\/figcaption><\/figure>\n<p><\/a>\n            <\/li>\n<\/ul>\n<\/aside>\n<\/div>\n<p>Depuis le 1er mars, l&rsquo;Allemagne exige \u00ab\u00a0<em>un test PCR ou antig\u00e9nique\u00a0\u00bb<\/em>\u00a0de moins de 48\u00a0heures \u00e0 l&rsquo;entr\u00e9e sur son territoire depuis la Moselle, y compris pour les travailleurs fran\u00e7ais qui y travaillent quotidiennement.<\/p>\n<ul>\n<li>A partir du 12 mars, les conditions d&rsquo;acc\u00e8s \u00e0 7\u00a0pays hors UE s&rsquo;assouplissent. \u00ab\u00a0<em>Il ne sera plus n\u00e9cessaire de justifier d&rsquo;un motif imp\u00e9rieux pour les d\u00e9placements <strong>en provenance<\/strong> ou <strong>vers<\/strong> l&rsquo;<strong>Australie<\/strong>, la <strong>Cor\u00e9e du Sud<\/strong>,<strong> Isra\u00ebl<\/strong>, le <strong>Japon<\/strong>, la <strong>Nouvelle-Z\u00e9lande<\/strong>, le <strong>Royaume-Uni <\/strong>et <strong>Singapour<\/strong><\/em>\u00ab\u00a0, a indiqu\u00e9 le minist\u00e8re fran\u00e7ais des Affaires \u00e9trang\u00e8res. Pour les autres pays hors UE, il faut justifier d&rsquo;une raison imp\u00e9rieuse depuis\u00a0le 31\u00a0janvier 2021.\u00a0<\/li>\n<li>Depuis le dimanche 24\u00a0janvier, tous les voyageurs entrant en France et venant d&rsquo;un pays europ\u00e9en doivent pr\u00e9senter avant leur d\u00e9part pour l&rsquo;Hexagone un test PCR n\u00e9gatif de moins de 72\u00a0heures.<\/li>\n<li>Depuis le 18 janvier, les voyageurs entrant en France en provenance d&rsquo;un pays hors Union-Europ\u00e9enne doivent\u00a0pr\u00e9senter un test PCR n\u00e9gatif\u00a0 et s&rsquo;isoler pendant 7\u00a0jours une fois arriv\u00e9s en France et faire un 2<sup>e<\/sup>\u00a0test \u00e0 l&rsquo;issue de cette p\u00e9riode.\u00a0<\/li>\n<\/ul>\n<table border=\"1\" cellpadding=\"1\" cellspacing=\"1\" style=\"width:100%;\">\n<thead>\n<tr>\n<th scope=\"col\" style=\"text-align: center;\"><strong>DATES CL\u00c9S DE L&rsquo;\u00c9PID\u00c9MIE EN FRANCE<\/strong><\/th>\n<\/tr>\n<\/thead>\n<tbody>\n<tr>\n<td>\n<ul>\n<li><strong>31\u00a0d\u00e9cembre 2019,<\/strong> l&rsquo;Organisation mondiale de la Sant\u00e9 en Chine est inform\u00e9e de plusieurs cas de pneumonies dans la ville de Wuhan. 44\u00a0personnes sont infect\u00e9es entre cette date et le 3\u00a0janvier 2020.<\/li>\n<li><strong>7\u00a0janvier 2020, <\/strong>les autorit\u00e9s chinoises identifient un \u00ab\u00a0nouveau type de coronavirus\u00a0\u00bb.<\/li>\n<li><strong>13\u00a0janvier, <\/strong>un cas import\u00e9 est recens\u00e9 en Tha\u00eflande.<\/li>\n<li><strong>15\u00a0janvier<\/strong>, le virus cause\u00a0la mort d&rsquo;<strong>une premi\u00e8re\u00a0personne \u00e0 Wuhan<\/strong>, un homme de 69\u00a0ans.\u00a0<\/li>\n<li><strong>23\u00a0janvier,<\/strong> trois villes chinoises dont Wuhan sont plac\u00e9es en quarantaine.<\/li>\n<li><strong>25\u00a0janvier, trois personnes\u00a0contamin\u00e9es sont recens\u00e9es en France<\/strong>, deux \u00e0 Paris et une Bordeaux. Ce sont les premiers cas enregistr\u00e9s sur le continent europ\u00e9en.<\/li>\n<li><strong>30\u00a0janvier, <\/strong>l&rsquo;Organisation mondiale de la Sant\u00e9 <strong>d\u00e9cr\u00e8te\u00a0l&rsquo;<a href=\"https:\/\/sante.journaldesfemmes.fr\/fiches-maladies\/2608035-urgence-de-sante-publique-de-portee-internationale-definition-oms-coronavirus\/\" target=\"_blank\" rel=\"noopener noreferrer\">urgence de sant\u00e9 mondiale<\/a><\/strong>.\u00a0Cette mesure n&rsquo;avait \u00e9t\u00e9 d\u00e9cr\u00e9t\u00e9e que 5\u00a0fois depuis sa cr\u00e9ation (pour Ebola (deux fois), la grippe H1N1, Zika et la poliomy\u00e9lite).\u00a0<\/li>\n<li><strong>23\u00a0f\u00e9vrier, <\/strong>la France d\u00e9clenche le <a href=\"https:\/\/sante.journaldesfemmes.fr\/fiches-maladies\/2622449-plan-orsan-reb-definition-signification-qui-declenche-coronavirus-definition-duree\/\" target=\"_blank\" rel=\"noopener noreferrer\">plan ORSAN<\/a>, un dispositif exceptionnel d&rsquo;organisation des soins.<\/li>\n<li><strong>28\u00a0f\u00e9vrier,<\/strong> la France passe en stade 2\u00a0de l&rsquo;\u00e9pid\u00e9mie.<\/li>\n<li><strong>11\u00a0mars, <\/strong>l&rsquo;OMS classifie de <strong>pand\u00e9mie <\/strong>la diffusion de la maladie \u00e0 coronavirus Covid-19\u00a0dans le monde.<\/li>\n<li><strong>12\u00a0mars<\/strong>, le pr\u00e9sident de la R\u00e9publique Emmanuel Macron annonce la fermeture nationale des cr\u00e8ches et \u00e9tablissements scolaires de France \u00e0 compter du 16\u00a0mars et \u00ab\u00a0jusqu&rsquo;\u00e0 nouvel ordre\u00a0\u00bb.<\/li>\n<li><strong>14\u00a0mars<\/strong>, la France passe au <a href=\"https:\/\/sante.journaldesfemmes.fr\/fiches-maladies\/2625289-coronavirus-covid-19-stade-1-2-3-4-duree-mesure-france-signification-quand\/\" target=\"_blank\" rel=\"noopener noreferrer\"><strong>stade 3 <\/strong><\/a>de l&rsquo;\u00e9pid\u00e9mie.<\/li>\n<li><strong>16\u00a0mars\u00a0:<\/strong>\u00a0la France met en place un dispositif de confinement interdisant les d\u00e9placements.<\/li>\n<li><strong>18\u00a0mars<\/strong> le premier transfert de patients Covid-19\u00a0en France est r\u00e9alis\u00e9\u00a0gr\u00e2ce \u00e0 l&rsquo;Arm\u00e9e, par voie terrestre et a\u00e9rienne.\u00a0<\/li>\n<li><strong>26\u00a0mars<\/strong>, un premier cas jeune meurt en France, une adolescente de 16\u00a0ans, en Ile-de-France originaire de Morsang-sur-Orge.<\/li>\n<li><strong>27\u00a0mars,<\/strong> le confinement de la population fran\u00e7aise est renouvel\u00e9 jusqu&rsquo;au 15\u00a0avril.<\/li>\n<li><strong>13\u00a0avril,<\/strong> Emmanuel Macron annonce le prolongement du confinement jusqu&rsquo;au 11\u00a0mai.<\/li>\n<li><strong>11\u00a0mai, <\/strong>la France commence son d\u00e9confinement.<\/li>\n<li><strong>\u00a015\u00a0juin<\/strong>, toute la France passe en zone verte, sauf Mayotte et la Guyane. \u00c0\u00a0Paris, les restaurants et bars peuvent rouvrir compl\u00e8tement.<\/li>\n<li><strong>22\u00a0juin, <\/strong>les \u00e9coles sont de nouveaux obligatoires en France pour tous les \u00e9l\u00e8ves. Les cin\u00e9mas, salles de jeux, casinos rouvrent. Les sports collectifs peuvent \u00eatre autoris\u00e9s tout en respectant certaines conditions sanitaires.<\/li>\n<li><strong>10\u00a0juillet<\/strong>, la <strong>France <\/strong>a franchi la barre des 30\u00a0000\u00a0morts. Dans la nuit du 10\u00a0au 11\u00a0juillet \u00e0 minuit, l&rsquo;\u00e9tat d&rsquo;urgence sanitaire prend fin en France.<\/li>\n<li><strong>\u00a020\u00a0juillet,<\/strong>\u00a0le <strong>port du masque est obligatoire <\/strong>dans les lieux publics clos en France.<\/li>\n<li><strong>8 octobre, <\/strong>le<strong> plan blanc est r\u00e9activ\u00e9 <\/strong>dans les h\u00f4pitaux d&rsquo;Ile-de-France.<\/li>\n<li><strong>17 octobre \u00e0 0h01<\/strong>, la France repasse en \u00e9tat d&rsquo;urgence sanitaire et un <strong>couvre-feu <\/strong>est instaur\u00e9 dans 9 territoires\u00a0(Paris-Ile-de-France, Rouen, Grenoble, Lille, Lyon, Aix-Marseille, Montpellier, Saint-Etienne, Toulouse).<\/li>\n<li><strong>24 octobre \u00e0 0h01 :<\/strong> extension des mesures de couvre-feu \u00e0 38 nouveaux d\u00e9partements fran\u00e7ais.<\/li>\n<li><strong>29 octobre \u00e0 0h01<\/strong> : reconfinement national pour 4 semaines, jusqu&rsquo;au 1er d\u00e9cembre au minimum.<\/li>\n<li><strong>28 novembre : <\/strong>premi\u00e8re \u00e9tape d&rsquo;all\u00e8gement du confinement avec la r\u00e9ouverture des commerces non essentiels.<\/li>\n<li><strong>15 d\u00e9cembre : <\/strong>seconde \u00e9tape\u00a0d&rsquo;all\u00e8gement du confinement avec le passage \u00e0 un couvre-feu de 20 heures \u00e0 6 heures du matin.<\/li>\n<li><strong>31 d\u00e9cembre<\/strong> : couvre-feu impos\u00e9 le soir du 31 d\u00e9cembre, de 20 heures \u00e0 6 heures du matin.<\/li>\n<li><strong>21 d\u00e9cembre<\/strong> : autorisation du vaccin Pfizer en Europe.<\/li>\n<li><strong>24 d\u00e9cembre<\/strong> : autorisation du vaccin Pfizer BioNTech en France.<\/li>\n<li><strong>27 d\u00e9cembre :<\/strong> d\u00e9but de la vaccination en France et dans l&rsquo;Union europ\u00e9enne avec le vaccin Pfizer BioNTech.<\/li>\n<li><strong>8 janvier 2021<\/strong> :\u00a0autorisation du vaccin Moderna en France.<\/li>\n<li><strong>24 janvier 2021<\/strong> : un test PCR n\u00e9gatif est obligatoire pour rentrer en France par avion pour les voyageurs venant d&rsquo;un pays europ\u00e9en (sauf pour les travailleurs transfrontaliers et le transport terrestre).<\/li>\n<li><strong>31 janvier 2021<\/strong> : fermeture des fronti\u00e8res en France aux pays ext\u00e9rieurs \u00e0 l&rsquo;Union europ\u00e9enne<\/li>\n<li><strong>2 f\u00e9vrier 2021<\/strong> :\u00a0autorisation du vaccin de l&rsquo;Universit\u00e9 d&rsquo;Oxford et AstraZeneca en France, uniquement pour les personnes \u00e2g\u00e9es de moins de 65\u00a0ans.<\/li>\n<li><strong>11 f\u00e9vrier : <\/strong>d\u00e9ploiement des tests salivaires dans les \u00e9tablissements scolaires.<\/li>\n<li><strong>12 mars :\u00a0<\/strong>autorisation du\u00a0vaccin\u00a0Johnson&amp;Johnson,\u00a0\u00e0 injection unique, le 4e vaccin \u00e0 \u00eatre autoris\u00e9 en France.<\/li>\n<li><strong>16 mars <\/strong>: autorisation des autotests en France.<\/li>\n<li><strong>19 mars :<\/strong> confinement de 16 d\u00e9partements pour une dur\u00e9e de 4 semaines. Le couvre-feu repasse \u00e0 19 heures dans toute la France au lieu de 18 heures.<\/li>\n<li><strong>25 mars<\/strong> :\u00a0confinement de 3 nouveaux d\u00e9partements pour une dur\u00e9e de 4\u00a0semaines.<\/li>\n<\/ul>\n<\/td>\n<\/tr>\n<\/tbody>\n<\/table>\n<p><em>Cet article est mis \u00e0 jour quotidiennement par <a href=\"https:\/\/www.journaldesfemmes.fr\/account\/ablaize-11409696\" target=\"_blank\" rel=\"noopener noreferrer\">Aur\u00e9lie Blaize<\/a>, <a href=\"https:\/\/www.journaldesfemmes.fr\/account\/anaisthiebaux-10573564\" target=\"_blank\" rel=\"noopener noreferrer\">Ana\u00efs Thi\u00e9baux<\/a> et <a href=\"https:\/\/www.journaldesfemmes.fr\/account\/samanthapages-11598093\" target=\"_blank\" rel=\"noopener noreferrer\">Samantha Pag\u00e8s<\/a>.\u00a0<\/em><\/p>\n<\/section>\n<\/div>\n<p><script async src=\"http:\/\/platform.twitter.com\/widgets.js\" charset=\"utf-8\"><\/script><br \/>\n<br \/>[ad_2]<br \/>\n<br \/><a href=\"https:\/\/sante.journaldesfemmes.fr\/fiches-maladies\/2605417-covid-19-france-chiffres-nombre-cas-morts-veran-infos-carte-departement-rouge-bilan\/\">Source link <\/a><\/p>\n","protected":false},"excerpt":{"rendered":"<p>[ad_1] CORONAVIRUS DIRECT &#8211; La Ni\u00e8vre, le Rh\u00f4ne et l&rsquo;Aube rejoignent la liste des 16\u00a0d\u00e9partements confin\u00e9s, \u00e0 compter de vendredi &hellip; <a href=\"http:\/\/www.affinite.fr\/index.php\/2021\/03\/25\/3-nouveaux-departements-confines-dernier-bilan\/\" class=\"more-link\">Plus <span class=\"screen-reader-text\">3\u00a0nouveaux d\u00e9partements confin\u00e9s, dernier bilan<\/span> <span class=\"meta-nav\">&rarr;<\/span><\/a><\/p>\n","protected":false},"author":1,"featured_media":6126,"comment_status":"open","ping_status":"open","sticky":false,"template":"","format":"standard","meta":{"_sitemap_exclude":false,"_sitemap_priority":"","_sitemap_frequency":"","footnotes":""},"categories":[1],"tags":[],"class_list":["post-6125","post","type-post","status-publish","format-standard","has-post-thumbnail","hentry","category-tous"],"_links":{"self":[{"href":"http:\/\/www.affinite.fr\/index.php\/wp-json\/wp\/v2\/posts\/6125"}],"collection":[{"href":"http:\/\/www.affinite.fr\/index.php\/wp-json\/wp\/v2\/posts"}],"about":[{"href":"http:\/\/www.affinite.fr\/index.php\/wp-json\/wp\/v2\/types\/post"}],"author":[{"embeddable":true,"href":"http:\/\/www.affinite.fr\/index.php\/wp-json\/wp\/v2\/users\/1"}],"replies":[{"embeddable":true,"href":"http:\/\/www.affinite.fr\/index.php\/wp-json\/wp\/v2\/comments?post=6125"}],"version-history":[{"count":0,"href":"http:\/\/www.affinite.fr\/index.php\/wp-json\/wp\/v2\/posts\/6125\/revisions"}],"wp:featuredmedia":[{"embeddable":true,"href":"http:\/\/www.affinite.fr\/index.php\/wp-json\/wp\/v2\/media\/6126"}],"wp:attachment":[{"href":"http:\/\/www.affinite.fr\/index.php\/wp-json\/wp\/v2\/media?parent=6125"}],"wp:term":[{"taxonomy":"category","embeddable":true,"href":"http:\/\/www.affinite.fr\/index.php\/wp-json\/wp\/v2\/categories?post=6125"},{"taxonomy":"post_tag","embeddable":true,"href":"http:\/\/www.affinite.fr\/index.php\/wp-json\/wp\/v2\/tags?post=6125"}],"curies":[{"name":"wp","href":"https:\/\/api.w.org\/{rel}","templated":true}]}}